{"id":11212,"date":"2018-12-18T17:55:33","date_gmt":"2018-12-18T16:55:33","guid":{"rendered":"http:\/\/www.coeurssansfrontieres.com\/kategorientechniken\/unkategorisiert\/la-valise-oubliee\/"},"modified":"2019-02-21T11:35:39","modified_gmt":"2019-02-21T10:35:39","slug":"la-valise-oubliee","status":"publish","type":"post","link":"https:\/\/www.coeurssansfrontieres.com\/de\/dokumente-de\/la-valise-oubliee\/","title":{"rendered":"Gerlinda Swillen : La Valise oubli\u00e9e"},"content":{"rendered":"<p>[et_pb_section admin_label=&#8220;section&#8220; transparent_background=&#8220;off&#8220; background_color=&#8220;#ffffff&#8220; allow_player_pause=&#8220;off&#8220; inner_shadow=&#8220;off&#8220; parallax=&#8220;off&#8220; parallax_method=&#8220;off&#8220; custom_padding=&#8220;5px|||&#8220; padding_mobile=&#8220;off&#8220; make_fullwidth=&#8220;off&#8220; use_custom_width=&#8220;off&#8220; width_unit=&#8220;on&#8220; make_equal=&#8220;off&#8220; use_custom_gutter=&#8220;off&#8220;][et_pb_row admin_label=&#8220;Ligne&#8220; make_fullwidth=&#8220;on&#8220; use_custom_width=&#8220;off&#8220; width_unit=&#8220;on&#8220; use_custom_gutter=&#8220;off&#8220; custom_padding=&#8220;||0vh|&#8220; padding_mobile=&#8220;off&#8220; allow_player_pause=&#8220;off&#8220; parallax=&#8220;off&#8220; parallax_method=&#8220;off&#8220; make_equal=&#8220;off&#8220; parallax_1=&#8220;off&#8220; parallax_method_1=&#8220;off&#8220; column_padding_mobile=&#8220;on&#8220; custom_css_main_element=&#8220;margin : 5vh 0vw 0vh 0vw;&#8220;][et_pb_column type=&#8220;4_4&#8243;][et_pb_text admin_label=&#8220;Dieser Artikel wurde noch nicht ins Deutsche \u00fcbersetzt&#8220; saved_tabs=&#8220;all&#8220; background_layout=&#8220;light&#8220; text_orientation=&#8220;left&#8220; header_text_color=&#8220;#e02b20&#8243; text_text_color=&#8220;#e02b20&#8243; use_border_color=&#8220;on&#8220; border_color=&#8220;#e02b20&#8243; border_style=&#8220;solid&#8220; custom_css_main_element=&#8220;margin : 0vh 0vw 0vh 0vw;&#8220;]<\/p>\n<p style=\"text-align: center;\"><span style=\"color: #ff0000;\"><strong>Dieser Artikel wurde noch nicht ins Deutsche \u00fcbersetzt<\/strong><\/span><\/p>\n<p>[\/et_pb_text][\/et_pb_column][\/et_pb_row][et_pb_row admin_label=&#8220;row&#8220; make_fullwidth=&#8220;on&#8220; use_custom_width=&#8220;off&#8220; width_unit=&#8220;on&#8220; use_custom_gutter=&#8220;off&#8220; padding_mobile=&#8220;off&#8220; allow_player_pause=&#8220;off&#8220; parallax=&#8220;off&#8220; parallax_method=&#8220;off&#8220; make_equal=&#8220;off&#8220; parallax_1=&#8220;off&#8220; parallax_method_1=&#8220;off&#8220; parallax_2=&#8220;off&#8220; parallax_method_2=&#8220;off&#8220; parallax_3=&#8220;off&#8220; parallax_method_3=&#8220;off&#8220; column_padding_mobile=&#8220;on&#8220; padding_top_1=&#8220;50px&#8220; padding_top_3=&#8220;50px&#8220; custom_padding=&#8220;0px|||&#8220; padding_left_1=&#8220;0vh&#8220;][et_pb_column type=&#8220;1_4&#8243;][et_pb_image admin_label=&#8220;Image couverture&#8220; show_in_lightbox=&#8220;on&#8220; url_new_window=&#8220;off&#8220; use_overlay=&#8220;on&#8220; overlay_icon_color=&#8220;#a55ba6&#8243; hover_icon=&#8220;%%51%%&#8220; animation=&#8220;off&#8220; sticky=&#8220;off&#8220; align=&#8220;left&#8220; force_fullwidth=&#8220;off&#8220; always_center_on_mobile=&#8220;on&#8220; use_border_color=&#8220;off&#8220; border_color=&#8220;#ffffff&#8220; border_style=&#8220;solid&#8220; custom_css_main_element=&#8220;box-shadow: 6px 6px 6px #a55ba6;&#8220; src=&#8220;https:\/\/www.coeurssansfrontieres.com\/wp-content\/uploads\/2018\/12\/La_Valise_Oublie__e_Cover.jpg&#8220;]<\/p>\n<p>&nbsp;<\/p>\n<p>[\/et_pb_image][et_pb_video admin_label=&#8220;Vid\u00e9o&#8220; src=&#8220;https:\/\/youtu.be\/SHS3UJhInE4&#8243; image_src=&#8220;\/\/i.ytimg.com\/vi\/SHS3UJhInE4\/hqdefault.jpg&#8220; custom_css_main_element=&#8220;margin : 0vh 5vw 0vh 5vw;||width : 50%;||height : 50%;||box-shadow: 3px 3px 3px #7C7C7C;&#8220; \/][et_pb_text admin_label=&#8220;Texte pr\u00e9sentation&#8220; background_layout=&#8220;light&#8220; text_orientation=&#8220;left&#8220; use_border_color=&#8220;on&#8220; border_color=&#8220;#a55ba6&#8243; border_style=&#8220;solid&#8220; border_width=&#8220;2px&#8220; custom_padding=&#8220;1vh|1vw|1vh|1vw&#8220; custom_css_main_element=&#8220;border-radius: 25px;||text-shadow: white 0.1em 0.1em 0.2em; ||background-image: url(%22https:\/\/www.coeurssansfrontieres.com\/wp-content\/uploads\/2016\/01\/CSFHOG-Pale.png%22);||background-size: 50%;||background-position: center; ||background-repeat: no-repeat;||&#8220;]<\/p>\n<p style=\"text-align: center;\"><span style=\"font-size: 12pt;\"><span style=\"color: #b51db5;\"><b style=\"color: #b51db5; font-size: 12pt;\">Gerlinda Swillen <\/b><span style=\"color: #b51db5;\"><span style=\"font-size: 16px;\"><b>accompagne<\/b><\/span><\/span><b style=\"color: #b51db5; font-size: 12pt;\">\u00a0depuis longtemps notre <\/b><span style=\"color: #b51db5;\"><span style=\"font-size: 16px;\"><b>association<\/b><\/span><\/span><b style=\"color: #b51db5; font-size: 12pt;\">.<br \/>\nVoici quelques<\/b><\/span><strong style=\"color: #b51db5;\">\u00a0articles pour mieux la conna\u00eetre.<\/strong><\/span><\/p>\n<p>[\/et_pb_text][et_pb_blog admin_label=&#8220;Blog&#8220; fullwidth=&#8220;on&#8220; include_categories=&#8220;253&#8243; show_thumbnail=&#8220;on&#8220; show_content=&#8220;off&#8220; show_more=&#8220;off&#8220; show_author=&#8220;off&#8220; show_date=&#8220;off&#8220; show_categories=&#8220;off&#8220; show_comments=&#8220;off&#8220; show_pagination=&#8220;on&#8220; offset_number=&#8220;0&#8243; use_overlay=&#8220;off&#8220; background_layout=&#8220;light&#8220; use_dropshadow=&#8220;off&#8220; use_border_color=&#8220;on&#8220; border_color=&#8220;#ffffff&#8220; border_style=&#8220;solid&#8220; module_class=&#8220;Blog_colonne &#8220; posts_number=&#8220;3&#8243; custom_css_main_element=&#8220;margin : 0vh 0vw 0vh 0vw;||padding : 0vh 0vw 0vh 0vw;&#8220;]<\/p>\n<p>&nbsp;<\/p>\n<p>[\/et_pb_blog][\/et_pb_column][et_pb_column type=&#8220;1_2&#8243;][et_pb_text admin_label=&#8220;Texte Titre&#8220; background_layout=&#8220;light&#8220; text_orientation=&#8220;left&#8220; use_border_color=&#8220;off&#8220; border_color=&#8220;#ffffff&#8220; border_style=&#8220;solid&#8220; text_line_height=&#8220;1.2em&#8220; custom_padding=&#8220;4vh|||&#8220;]<\/p>\n<h2 style=\"text-align: center;\"><span style=\"font-size: 32px;\"><b><i>La valise oubli\u00e9e<\/i><\/b><\/span><\/h2>\n<p>[\/et_pb_text][et_pb_text admin_label=&#8220;Texte pr\u00e9sentation&#8220; background_layout=&#8220;light&#8220; text_orientation=&#8220;left&#8220; use_border_color=&#8220;off&#8220; border_color=&#8220;#ffffff&#8220; border_style=&#8220;solid&#8220;]<\/p>\n<h2 class=\"sys-artititre\" style=\"text-align: center;\">Enfants de guerre (1940-1945)<\/h2>\n<p>D\u00e9licate, parfois tr\u00e8s dure et souvent m\u00e9connue, l&#8217;histoire des enfants n\u00e9s des amours entre des femmes belges et des soldats de la\u00a0<em>Wehrmacht<\/em>.<\/p>\n<p>Le<a href=\"http:\/\/www.cegesoma.be\/cms\/index_fr.php\"> CegeSoma (Archives de l&#8217;Etat)<\/a> et <a href=\"https:\/\/auschwitz.be\/fr\/\">l&#8217;asbl M\u00e9moire d&#8217;Auschwitz<\/a> (\u00e9diteur) ont le plaisir de vous inviter au CegeSoma le 21 janvier 2019 \u00e0 14 heures 30 pour \u00e9couter la Dre Gerlinda Swillen qui sera interview\u00e9e par Alain Colignon \u00e0 l&#8217;occasion de la publication de son dernier ouvrage &#8218;<em>La valise oubli\u00e9e. <\/em><em>Enfants de Guerre (1940-1945)<\/em>&#8218; .<\/p>\n<p>La Fondation Auschwitz &#8211; ASBL M\u00e9moire d&#8217;Auschwitz en contribuant \u00e0 la publication d&#8217;ouvrages \u00e0 caract\u00e8re scientifique, m\u00e9moriel et p\u00e9dagogique, a voulu permettre, par le biais de cette \u00e9tude et dans le cadre de sa mission de pr\u00e9servation de la m\u00e9moire, aux voix des &#8218;Enfants de guerre&#8216; de s&#8217;exprimer.<\/p>\n<p>Il en ressort des r\u00e9cits de vie et des qu\u00eates d&#8217;identit\u00e9 parsem\u00e9es de silences, d&#8217;animosit\u00e9 et de grandes souffrances parfois. Des histoires qui se construisent pas \u00e0 pas, au d\u00e9tour d&#8217;une conversation, via la d\u00e9couverte d&#8217;une lettre dissimul\u00e9e, d&#8217;une photo oubli\u00e9e \u2026 Des histoires dans lesquelles la figure du p\u00e8re est presque toujours une grande inconnue et fait partie des secrets de famille les mieux gard\u00e9s.<\/p>\n<p>Gerlinda Swillen est n\u00e9e en 1942 \u00e0 Ostende. Son p\u00e8re \u00e9tait soldat de la\u00a0<em>Wehrmacht<\/em>\u00a0et sa m\u00e8re \u00e9tait gouvernante belge. Elle a enseign\u00e9 pendant pr\u00e8s de 40 ans (1963-2002). Aujourd&#8217;hui, elle est chercheuse associ\u00e9e du CegeSoma\/Archives de l&#8217;Etat et collaboratrice scientifique \u00e0 la\u00a0<em>Vrije Universiteit Brussel<\/em>.<\/p>\n<p>Elle est fondatrice et a \u00e9t\u00e9 pr\u00e9sidente de l&#8217;Association des enfants de guerre de Belgique (2008-2013). Elle a aussi \u00e9t\u00e9 la premi\u00e8re porte-parole du r\u00e9seau international\u00a0<em>BOW i.n.<\/em>\u00a0(<em>Born Of War international network<\/em>) de 2009 \u00e0 2013.<\/p>\n<p>En 2010, elle acquiert la nationalit\u00e9 allemande, devenant ainsi la premi\u00e8re enfant de guerre belge \u00e0 l&#8217;obtenir.<br \/>\nEn 2016, elle\u00a0d\u00e9fend avec succ\u00e8s une th\u00e8se de doctorat en histoire \u00e0 la\u00a0<em>VUB, intitul\u00e9e<\/em>\u00a0&#8218;<em>Verwekt door de Tweede Wereldoorlog. Oorlogskinderen op de as Brussel-Berlijn<\/em>&#8218;.<\/p>\n<p>A l&#8217;issue de la pr\u00e9sentation de son ouvrage, l&#8217;auteure participera \u00e0 une s\u00e9ance de d\u00e9dicace. Le titre sera en vente sur place au prix de\u00a015,00 \u20ac.<\/p>\n<p>Cette &#8218;conf\u00e9rence&#8216; (en fran\u00e7ais) aura lieu dans la salle de conf\u00e9rence du CegeSoma,\u00a0<strong>le lundi 21 janvier 2019\u00a0 \u00e0 14 h 30<\/strong>\u00a0(Square de l&#8217;Aviation 29 \u2013 1070 Bruxelles).<\/p>\n<p>Merci de vous inscrire au pr\u00e9alable :\u00a0<a href=\"mailto:asbl-vzw.cegesoma@arch.be\">asbl-vzw.cegesoma@arch.be<\/a>\u00a0ou\u00a0 32.2.556.92.11<br \/>\nN&#8217;h\u00e9sitez pas \u00e0 vous faire accompagner !<\/p>\n<p><em>*Cet ouvrage est la traduction de &#8218;Koekoekskind. Verwekt door de oorlog (1940-1945)&#8216;, \u00e9dit\u00e9 par Meulenhof-Manteau en 2009\u00a0<\/em><\/p>\n<p>[\/et_pb_text][\/et_pb_column][et_pb_column type=&#8220;1_4&#8243;][et_pb_image admin_label=&#8220;Image&#8220; src=&#8220;https:\/\/www.coeurssansfrontieres.com\/wp-content\/uploads\/2017\/08\/Biblio.png&#8220; show_in_lightbox=&#8220;off&#8220; url_new_window=&#8220;off&#8220; use_overlay=&#8220;off&#8220; animation=&#8220;off&#8220; sticky=&#8220;on&#8220; align=&#8220;center&#8220; force_fullwidth=&#8220;off&#8220; always_center_on_mobile=&#8220;on&#8220; use_border_color=&#8220;off&#8220; border_color=&#8220;#ffffff&#8220; border_style=&#8220;solid&#8220;]<\/p>\n<p>&nbsp;<\/p>\n<p>[\/et_pb_image][et_pb_sidebar admin_label=&#8220;Barre lat\u00e9rale livres &#8220; orientation=&#8220;left&#8220; area=&#8220;et_pb_widget_area_49&#8243; background_layout=&#8220;light&#8220; remove_border=&#8220;off&#8220;]<\/p>\n<p>&nbsp;<\/p>\n<p>[\/et_pb_sidebar][\/et_pb_column][\/et_pb_row][\/et_pb_section]<\/p>\n","protected":false},"excerpt":{"rendered":"<p>Invitation \u00e0 la pr\u00e9sentation de &#8222;La Valise oubii\u00e9e&#8220;. Gerlinda Swillen a \u00e9crit ce livre sur l&#8217;histoire des enfants n\u00e9s des amours entre des femmes belges et des soldats de la\u00a0Wehrmacht. Soutenu par le CEGESOMA et la Fondation Auschwitz. Cet ouvrage est la traduction de &#8218;Koekoekskind. Verwekt door de oorlog (1940-1945)&#8216;,<\/p>\n","protected":false},"author":249,"featured_media":11189,"comment_status":"closed","ping_status":"closed","sticky":false,"template":"","format":"standard","meta":{"_et_pb_use_builder":"on","_et_pb_old_content":"","_et_gb_content_width":"","footnotes":""},"categories":[230,199,256,254],"tags":[],"class_list":["post-11212","post","type-post","status-publish","format-standard","has-post-thumbnail","hentry","category-bucherfr","category-dokumente-de","category-europa","category-gerlinda-swillen-de"],"yoast_head":"<!-- This site is optimized with the Yoast SEO plugin v27.4 - https:\/\/yoast.com\/product\/yoast-seo-wordpress\/ -->\n<title>Gerlinda Swillen : La Valise oubli\u00e9e - CSF - HOG<\/title>\n<meta name=\"robots\" content=\"index, follow, max-snippet:-1, max-image-preview:large, max-video-preview:-1\" \/>\n<link rel=\"canonical\" href=\"https:\/\/www.coeurssansfrontieres.com\/de\/dokumente-de\/la-valise-oubliee\/\" \/>\n<meta property=\"og:locale\" content=\"de_DE\" \/>\n<meta property=\"og:type\" content=\"article\" \/>\n<meta property=\"og:title\" content=\"Gerlinda Swillen : La Valise oubli\u00e9e - CSF - HOG\" \/>\n<meta property=\"og:description\" content=\"Invitation \u00e0 la pr\u00e9sentation de &quot;La Valise oubii\u00e9e&quot;. Gerlinda Swillen a \u00e9crit ce livre sur l&#039;histoire des enfants n\u00e9s des amours entre des femmes belges et des soldats de la\u00a0Wehrmacht. Soutenu par le CEGESOMA et la Fondation Auschwitz. Cet ouvrage est la traduction de &#039;Koekoekskind. Verwekt door de oorlog (1940-1945)&#039;,\" \/>\n<meta property=\"og:url\" content=\"https:\/\/www.coeurssansfrontieres.com\/de\/dokumente-de\/la-valise-oubliee\/\" \/>\n<meta property=\"og:site_name\" content=\"CSF - HOG\" \/>\n<meta property=\"article:published_time\" content=\"2018-12-18T16:55:33+00:00\" \/>\n<meta property=\"article:modified_time\" content=\"2019-02-21T10:35:39+00:00\" \/>\n<meta property=\"og:image\" content=\"https:\/\/www.coeurssansfrontieres.com\/wp-content\/uploads\/2018\/12\/vignette-1.jpg\" \/>\n\t<meta property=\"og:image:width\" content=\"200\" \/>\n\t<meta property=\"og:image:height\" content=\"200\" \/>\n\t<meta property=\"og:image:type\" content=\"image\/jpeg\" \/>\n<meta name=\"author\" content=\"GOFFIN Alexandre\" \/>\n<meta name=\"twitter:card\" content=\"summary_large_image\" \/>\n<meta name=\"twitter:label1\" content=\"Verfasst von\" \/>\n\t<meta name=\"twitter:data1\" content=\"GOFFIN Alexandre\" \/>\n\t<meta name=\"twitter:label2\" content=\"Gesch\u00e4tzte Lesezeit\" \/>\n\t<meta name=\"twitter:data2\" content=\"6\u00a0Minuten\" \/>\n<script type=\"application\/ld+json\" class=\"yoast-schema-graph\">{\"@context\":\"https:\\\/\\\/schema.org\",\"@graph\":[{\"@type\":\"Article\",\"@id\":\"https:\\\/\\\/www.coeurssansfrontieres.com\\\/de\\\/dokumente-de\\\/la-valise-oubliee\\\/#article\",\"isPartOf\":{\"@id\":\"https:\\\/\\\/www.coeurssansfrontieres.com\\\/de\\\/dokumente-de\\\/la-valise-oubliee\\\/\"},\"author\":{\"name\":\"GOFFIN Alexandre\",\"@id\":\"https:\\\/\\\/www.coeurssansfrontieres.com\\\/fr\\\/#\\\/schema\\\/person\\\/19507754554eb5218427fc31038cac56\"},\"headline\":\"Gerlinda Swillen : La Valise oubli\u00e9e\",\"datePublished\":\"2018-12-18T16:55:33+00:00\",\"dateModified\":\"2019-02-21T10:35:39+00:00\",\"mainEntityOfPage\":{\"@id\":\"https:\\\/\\\/www.coeurssansfrontieres.com\\\/de\\\/dokumente-de\\\/la-valise-oubliee\\\/\"},\"wordCount\":1137,\"image\":{\"@id\":\"https:\\\/\\\/www.coeurssansfrontieres.com\\\/de\\\/dokumente-de\\\/la-valise-oubliee\\\/#primaryimage\"},\"thumbnailUrl\":\"https:\\\/\\\/www.coeurssansfrontieres.com\\\/wp-content\\\/uploads\\\/2018\\\/12\\\/vignette-1.jpg\",\"articleSection\":[\"B\u00fccherFR\",\"Dokumente\",\"Europa\",\"Gerlinda Swillen\"],\"inLanguage\":\"de\"},{\"@type\":\"WebPage\",\"@id\":\"https:\\\/\\\/www.coeurssansfrontieres.com\\\/de\\\/dokumente-de\\\/la-valise-oubliee\\\/\",\"url\":\"https:\\\/\\\/www.coeurssansfrontieres.com\\\/de\\\/dokumente-de\\\/la-valise-oubliee\\\/\",\"name\":\"Gerlinda Swillen : La Valise oubli\u00e9e - CSF - HOG\",\"isPartOf\":{\"@id\":\"https:\\\/\\\/www.coeurssansfrontieres.com\\\/fr\\\/#website\"},\"primaryImageOfPage\":{\"@id\":\"https:\\\/\\\/www.coeurssansfrontieres.com\\\/de\\\/dokumente-de\\\/la-valise-oubliee\\\/#primaryimage\"},\"image\":{\"@id\":\"https:\\\/\\\/www.coeurssansfrontieres.com\\\/de\\\/dokumente-de\\\/la-valise-oubliee\\\/#primaryimage\"},\"thumbnailUrl\":\"https:\\\/\\\/www.coeurssansfrontieres.com\\\/wp-content\\\/uploads\\\/2018\\\/12\\\/vignette-1.jpg\",\"datePublished\":\"2018-12-18T16:55:33+00:00\",\"dateModified\":\"2019-02-21T10:35:39+00:00\",\"author\":{\"@id\":\"https:\\\/\\\/www.coeurssansfrontieres.com\\\/fr\\\/#\\\/schema\\\/person\\\/19507754554eb5218427fc31038cac56\"},\"breadcrumb\":{\"@id\":\"https:\\\/\\\/www.coeurssansfrontieres.com\\\/de\\\/dokumente-de\\\/la-valise-oubliee\\\/#breadcrumb\"},\"inLanguage\":\"de\",\"potentialAction\":[{\"@type\":\"ReadAction\",\"target\":[\"https:\\\/\\\/www.coeurssansfrontieres.com\\\/de\\\/dokumente-de\\\/la-valise-oubliee\\\/\"]}]},{\"@type\":\"ImageObject\",\"inLanguage\":\"de\",\"@id\":\"https:\\\/\\\/www.coeurssansfrontieres.com\\\/de\\\/dokumente-de\\\/la-valise-oubliee\\\/#primaryimage\",\"url\":\"https:\\\/\\\/www.coeurssansfrontieres.com\\\/wp-content\\\/uploads\\\/2018\\\/12\\\/vignette-1.jpg\",\"contentUrl\":\"https:\\\/\\\/www.coeurssansfrontieres.com\\\/wp-content\\\/uploads\\\/2018\\\/12\\\/vignette-1.jpg\",\"width\":200,\"height\":200},{\"@type\":\"BreadcrumbList\",\"@id\":\"https:\\\/\\\/www.coeurssansfrontieres.com\\\/de\\\/dokumente-de\\\/la-valise-oubliee\\\/#breadcrumb\",\"itemListElement\":[{\"@type\":\"ListItem\",\"position\":1,\"name\":\"Accueil\",\"item\":\"https:\\\/\\\/www.coeurssansfrontieres.com\\\/de\\\/\"},{\"@type\":\"ListItem\",\"position\":2,\"name\":\"Gerlinda Swillen : La Valise oubli\u00e9e\"}]},{\"@type\":\"WebSite\",\"@id\":\"https:\\\/\\\/www.coeurssansfrontieres.com\\\/fr\\\/#website\",\"url\":\"https:\\\/\\\/www.coeurssansfrontieres.com\\\/fr\\\/\",\"name\":\"C\u0153urs sans fronti\u00e8res\",\"description\":\"Association franco-allemande des Enfants de la Seconde Guerre Mondiale\",\"potentialAction\":[{\"@type\":\"SearchAction\",\"target\":{\"@type\":\"EntryPoint\",\"urlTemplate\":\"https:\\\/\\\/www.coeurssansfrontieres.com\\\/fr\\\/?s={search_term_string}\"},\"query-input\":{\"@type\":\"PropertyValueSpecification\",\"valueRequired\":true,\"valueName\":\"search_term_string\"}}],\"inLanguage\":\"de\"},{\"@type\":\"Person\",\"@id\":\"https:\\\/\\\/www.coeurssansfrontieres.com\\\/fr\\\/#\\\/schema\\\/person\\\/19507754554eb5218427fc31038cac56\",\"name\":\"GOFFIN Alexandre\"}]}<\/script>\n<!-- \/ Yoast SEO plugin. -->","yoast_head_json":{"title":"Gerlinda Swillen : La Valise oubli\u00e9e - CSF - HOG","robots":{"index":"index","follow":"follow","max-snippet":"max-snippet:-1","max-image-preview":"max-image-preview:large","max-video-preview":"max-video-preview:-1"},"canonical":"https:\/\/www.coeurssansfrontieres.com\/de\/dokumente-de\/la-valise-oubliee\/","og_locale":"de_DE","og_type":"article","og_title":"Gerlinda Swillen : La Valise oubli\u00e9e - CSF - HOG","og_description":"Invitation \u00e0 la pr\u00e9sentation de \"La Valise oubii\u00e9e\". Gerlinda Swillen a \u00e9crit ce livre sur l'histoire des enfants n\u00e9s des amours entre des femmes belges et des soldats de la\u00a0Wehrmacht. Soutenu par le CEGESOMA et la Fondation Auschwitz. Cet ouvrage est la traduction de 'Koekoekskind. Verwekt door de oorlog (1940-1945)',","og_url":"https:\/\/www.coeurssansfrontieres.com\/de\/dokumente-de\/la-valise-oubliee\/","og_site_name":"CSF - HOG","article_published_time":"2018-12-18T16:55:33+00:00","article_modified_time":"2019-02-21T10:35:39+00:00","og_image":[{"width":200,"height":200,"url":"https:\/\/www.coeurssansfrontieres.com\/wp-content\/uploads\/2018\/12\/vignette-1.jpg","type":"image\/jpeg"}],"author":"GOFFIN Alexandre","twitter_card":"summary_large_image","twitter_misc":{"Verfasst von":"GOFFIN Alexandre","Gesch\u00e4tzte Lesezeit":"6\u00a0Minuten"},"schema":{"@context":"https:\/\/schema.org","@graph":[{"@type":"Article","@id":"https:\/\/www.coeurssansfrontieres.com\/de\/dokumente-de\/la-valise-oubliee\/#article","isPartOf":{"@id":"https:\/\/www.coeurssansfrontieres.com\/de\/dokumente-de\/la-valise-oubliee\/"},"author":{"name":"GOFFIN Alexandre","@id":"https:\/\/www.coeurssansfrontieres.com\/fr\/#\/schema\/person\/19507754554eb5218427fc31038cac56"},"headline":"Gerlinda Swillen : La Valise oubli\u00e9e","datePublished":"2018-12-18T16:55:33+00:00","dateModified":"2019-02-21T10:35:39+00:00","mainEntityOfPage":{"@id":"https:\/\/www.coeurssansfrontieres.com\/de\/dokumente-de\/la-valise-oubliee\/"},"wordCount":1137,"image":{"@id":"https:\/\/www.coeurssansfrontieres.com\/de\/dokumente-de\/la-valise-oubliee\/#primaryimage"},"thumbnailUrl":"https:\/\/www.coeurssansfrontieres.com\/wp-content\/uploads\/2018\/12\/vignette-1.jpg","articleSection":["B\u00fccherFR","Dokumente","Europa","Gerlinda Swillen"],"inLanguage":"de"},{"@type":"WebPage","@id":"https:\/\/www.coeurssansfrontieres.com\/de\/dokumente-de\/la-valise-oubliee\/","url":"https:\/\/www.coeurssansfrontieres.com\/de\/dokumente-de\/la-valise-oubliee\/","name":"Gerlinda Swillen : La Valise oubli\u00e9e - CSF - HOG","isPartOf":{"@id":"https:\/\/www.coeurssansfrontieres.com\/fr\/#website"},"primaryImageOfPage":{"@id":"https:\/\/www.coeurssansfrontieres.com\/de\/dokumente-de\/la-valise-oubliee\/#primaryimage"},"image":{"@id":"https:\/\/www.coeurssansfrontieres.com\/de\/dokumente-de\/la-valise-oubliee\/#primaryimage"},"thumbnailUrl":"https:\/\/www.coeurssansfrontieres.com\/wp-content\/uploads\/2018\/12\/vignette-1.jpg","datePublished":"2018-12-18T16:55:33+00:00","dateModified":"2019-02-21T10:35:39+00:00","author":{"@id":"https:\/\/www.coeurssansfrontieres.com\/fr\/#\/schema\/person\/19507754554eb5218427fc31038cac56"},"breadcrumb":{"@id":"https:\/\/www.coeurssansfrontieres.com\/de\/dokumente-de\/la-valise-oubliee\/#breadcrumb"},"inLanguage":"de","potentialAction":[{"@type":"ReadAction","target":["https:\/\/www.coeurssansfrontieres.com\/de\/dokumente-de\/la-valise-oubliee\/"]}]},{"@type":"ImageObject","inLanguage":"de","@id":"https:\/\/www.coeurssansfrontieres.com\/de\/dokumente-de\/la-valise-oubliee\/#primaryimage","url":"https:\/\/www.coeurssansfrontieres.com\/wp-content\/uploads\/2018\/12\/vignette-1.jpg","contentUrl":"https:\/\/www.coeurssansfrontieres.com\/wp-content\/uploads\/2018\/12\/vignette-1.jpg","width":200,"height":200},{"@type":"BreadcrumbList","@id":"https:\/\/www.coeurssansfrontieres.com\/de\/dokumente-de\/la-valise-oubliee\/#breadcrumb","itemListElement":[{"@type":"ListItem","position":1,"name":"Accueil","item":"https:\/\/www.coeurssansfrontieres.com\/de\/"},{"@type":"ListItem","position":2,"name":"Gerlinda Swillen : La Valise oubli\u00e9e"}]},{"@type":"WebSite","@id":"https:\/\/www.coeurssansfrontieres.com\/fr\/#website","url":"https:\/\/www.coeurssansfrontieres.com\/fr\/","name":"C\u0153urs sans fronti\u00e8res","description":"Association franco-allemande des Enfants de la Seconde Guerre Mondiale","potentialAction":[{"@type":"SearchAction","target":{"@type":"EntryPoint","urlTemplate":"https:\/\/www.coeurssansfrontieres.com\/fr\/?s={search_term_string}"},"query-input":{"@type":"PropertyValueSpecification","valueRequired":true,"valueName":"search_term_string"}}],"inLanguage":"de"},{"@type":"Person","@id":"https:\/\/www.coeurssansfrontieres.com\/fr\/#\/schema\/person\/19507754554eb5218427fc31038cac56","name":"GOFFIN Alexandre"}]}},"_links":{"self":[{"href":"https:\/\/www.coeurssansfrontieres.com\/de\/wp-json\/wp\/v2\/posts\/11212","targetHints":{"allow":["GET"]}}],"collection":[{"href":"https:\/\/www.coeurssansfrontieres.com\/de\/wp-json\/wp\/v2\/posts"}],"about":[{"href":"https:\/\/www.coeurssansfrontieres.com\/de\/wp-json\/wp\/v2\/types\/post"}],"author":[{"embeddable":true,"href":"https:\/\/www.coeurssansfrontieres.com\/de\/wp-json\/wp\/v2\/users\/249"}],"replies":[{"embeddable":true,"href":"https:\/\/www.coeurssansfrontieres.com\/de\/wp-json\/wp\/v2\/comments?post=11212"}],"version-history":[{"count":0,"href":"https:\/\/www.coeurssansfrontieres.com\/de\/wp-json\/wp\/v2\/posts\/11212\/revisions"}],"wp:featuredmedia":[{"embeddable":true,"href":"https:\/\/www.coeurssansfrontieres.com\/de\/wp-json\/wp\/v2\/media\/11189"}],"wp:attachment":[{"href":"https:\/\/www.coeurssansfrontieres.com\/de\/wp-json\/wp\/v2\/media?parent=11212"}],"wp:term":[{"taxonomy":"category","embeddable":true,"href":"https:\/\/www.coeurssansfrontieres.com\/de\/wp-json\/wp\/v2\/categories?post=11212"},{"taxonomy":"post_tag","embeddable":true,"href":"https:\/\/www.coeurssansfrontieres.com\/de\/wp-json\/wp\/v2\/tags?post=11212"}],"curies":[{"name":"wp","href":"https:\/\/api.w.org\/{rel}","templated":true}]}}