{"id":21232,"date":"2021-09-28T14:21:04","date_gmt":"2021-09-28T12:21:04","guid":{"rendered":"https:\/\/www.coeurssansfrontieres.com\/kategorientechniken\/unkategorisiert\/valpre_2021\/"},"modified":"2021-11-03T18:21:22","modified_gmt":"2021-11-03T17:21:22","slug":"valpre_2021","status":"publish","type":"post","link":"https:\/\/www.coeurssansfrontieres.com\/de\/vereinsleben\/valpre_2021\/","title":{"rendered":"LYON \u2013 (Valpr\u00e9) \u2013  MENU"},"content":{"rendered":"<p>[et_pb_section fb_built=&#8220;1&#8243; _builder_version=&#8220;4.11.1&#8243; _module_preset=&#8220;default&#8220; background_enable_color=&#8220;off&#8220; background_image=&#8220;https:\/\/www.coeurssansfrontieres.com\/wp-content\/uploads\/2021\/09\/valpre1.jpg&#8220; parallax=&#8220;on&#8220; parallax_method=&#8220;off&#8220; width_tablet=&#8220;&#8220; width_phone=&#8220;&#8220; width_last_edited=&#8220;on|desktop&#8220; module_alignment=&#8220;center&#8220; custom_margin=&#8220;||-12vh||false|false&#8220; custom_padding=&#8220;||0px||false|false&#8220; custom_css_main_element=&#8220;\/*background-image : url(%22https:\/\/www.coeurssansfrontieres.com\/wp-content\/uploads\/2021\/09\/valpre1.jpg%22);||background-size:cover;*\/&#8220; global_colors_info=&#8220;{}&#8220;][et_pb_row _builder_version=&#8220;4.12.1&#8243; _module_preset=&#8220;default&#8220; min_height=&#8220;109.4px&#8220; custom_margin=&#8220;-8rem||0px||false|false&#8220; global_colors_info=&#8220;{}&#8220;][et_pb_column type=&#8220;4_4&#8243; _builder_version=&#8220;4.10.8&#8243; _module_preset=&#8220;default&#8220; global_colors_info=&#8220;{}&#8220;][et_pb_text _builder_version=&#8220;4.11.1&#8243; _module_preset=&#8220;default&#8220; text_font=&#8220;|700|||||||&#8220; text_text_color=&#8220;#A55BA6&#8243; text_font_size=&#8220;20px&#8220; header_font=&#8220;|700|||||||&#8220; header_text_align=&#8220;center&#8220; header_text_color=&#8220;#A55BA6&#8243; header_font_size=&#8220;1.5rem&#8220; header_line_height=&#8220;1.2em&#8220; background_color=&#8220;#f3e8f4&#8243; width=&#8220;90%&#8220; max_width=&#8220;90%&#8220; module_alignment=&#8220;center&#8220; custom_margin=&#8220;|-235px||||&#8220; custom_padding=&#8220;1vh|1vw|1vh|1vw|false|false&#8220; header_text_shadow_style=&#8220;preset5&#8243; border_radii=&#8220;on|25px|25px|25px|25px&#8220; border_width_all=&#8220;2px&#8220; border_color_all=&#8220;#ad6baf&#8220; box_shadow_style=&#8220;preset4&#8243; global_colors_info=&#8220;{}&#8220;]<\/p>\n<h1 style=\"text-align: center;\">Rencontre annuelle &#8211; J\u00e4hrliches Treffen<br \/>Lyon (Valpr\u00e9) &#8211; 2021<\/h1>\n<p>[\/et_pb_text][\/et_pb_column][\/et_pb_row][et_pb_row column_structure=&#8220;1_4,1_4,1_4,1_4&#8243; use_custom_gutter=&#8220;on&#8220; gutter_width=&#8220;2&#8243; _builder_version=&#8220;4.11.1&#8243; _module_preset=&#8220;default&#8220; width=&#8220;95%&#8220; max_width=&#8220;95%&#8220; min_height=&#8220;100%&#8220; height=&#8220;100%&#8220; max_height=&#8220;100%&#8220; custom_margin=&#8220;-10vh||||false|false&#8220; custom_padding=&#8220;||5vh||false|false&#8220; global_colors_info=&#8220;{}&#8220;][et_pb_column type=&#8220;1_4&#8243; _builder_version=&#8220;4.10.8&#8243; _module_preset=&#8220;default&#8220; global_colors_info=&#8220;{}&#8220;][et_pb_blurb title=&#8220;VIDEOS&#8220; url=&#8220;https:\/\/www.coeurssansfrontieres.com\/de\/vereinsleben\/video_valpre\/&#8220; url_new_window=&#8220;on&#8220; image=&#8220;https:\/\/www.coeurssansfrontieres.com\/wp-content\/uploads\/2016\/07\/favicon.ico&#8220; alt=&#8220;CSF-HOG&#8220; admin_label=&#8220;Rs Videos&#8220; module_class=&#8220;et_pb_blurb_CSFHOG_FP&#8220; _builder_version=&#8220;4.12.1&#8243; _module_preset=&#8220;default&#8220; custom_margin=&#8220;8vh||0px||false|false&#8220; link_option_url=&#8220;https:\/\/www.coeurssansfrontieres.com\/de\/vereinsleben\/video_valpre\/&#8220; link_option_url_new_window=&#8220;on&#8220; locked=&#8220;off&#8220; global_colors_info=&#8220;{}&#8220;]<\/p>\n<p>T\u00e9moignages et ambiance.<\/p>\n<hr \/>\n<p>Berichte und Atmosph\u00e4re.<\/p>\n<p>[\/et_pb_blurb][\/et_pb_column][et_pb_column type=&#8220;1_4&#8243; _builder_version=&#8220;4.10.8&#8243; _module_preset=&#8220;default&#8220; global_colors_info=&#8220;{}&#8220;][et_pb_blurb title=&#8220;Expos\u00e9s &#8211; Pr\u00e4sentationen&#8220; url=&#8220;https:\/\/www.coeurssansfrontieres.com\/de\/vereinsleben\/pesentations_valpre\/&#8220; url_new_window=&#8220;on&#8220; image=&#8220;https:\/\/www.coeurssansfrontieres.com\/wp-content\/uploads\/2016\/07\/favicon.ico&#8220; alt=&#8220;CSF-HOG&#8220; admin_label=&#8220;Rs Expos\u00e9s&#8220; module_class=&#8220;et_pb_blurb_CSFHOG_FP&#8220; _builder_version=&#8220;4.12.1&#8243; _module_preset=&#8220;default&#8220; custom_margin=&#8220;8vh||0px||false|false&#8220; link_option_url=&#8220;https:\/\/www.coeurssansfrontieres.com\/de\/vereinsleben\/pesentations_valpre\/&#8220; link_option_url_new_window=&#8220;on&#8220; locked=&#8220;off&#8220; global_colors_info=&#8220;{}&#8220;]<\/p>\n<p>Les archives en France.<br \/>Archive in Frankreich<\/p>\n<hr \/>\n<p>L&#8217;A.D.N.<br \/>Die D.N.A.<\/p>\n<p>[\/et_pb_blurb][\/et_pb_column][et_pb_column type=&#8220;1_4&#8243; _builder_version=&#8220;4.10.8&#8243; _module_preset=&#8220;default&#8220; global_colors_info=&#8220;{}&#8220;][et_pb_blurb title=&#8220;Albums photos &#8211; Fotoalbum&#8220; url=&#8220;https:\/\/www.coeurssansfrontieres.com\/de\/vereinsleben\/galerie-valpre\/&#8220; url_new_window=&#8220;on&#8220; image=&#8220;https:\/\/www.coeurssansfrontieres.com\/wp-content\/uploads\/2016\/07\/favicon.ico&#8220; alt=&#8220;CSF-HOG&#8220; admin_label=&#8220;Rs photos&#8220; module_class=&#8220;et_pb_blurb_CSFHOG_FP&#8220; _builder_version=&#8220;4.12.1&#8243; _module_preset=&#8220;default&#8220; custom_margin=&#8220;8vh||0px||false|false&#8220; link_option_url=&#8220;https:\/\/www.coeurssansfrontieres.com\/de\/vereinsleben\/galerie-valpre\/&#8220; link_option_url_new_window=&#8220;on&#8220; locked=&#8220;off&#8220; global_colors_info=&#8220;{}&#8220;]<\/p>\n<p>Quelques photos prises par les uns et les autres.<\/p>\n<hr \/>\n<p>Einige Fotos die gemacht wurden.<\/p>\n<p>[\/et_pb_blurb][\/et_pb_column][et_pb_column type=&#8220;1_4&#8243; _builder_version=&#8220;4.10.8&#8243; _module_preset=&#8220;default&#8220; global_colors_info=&#8220;{}&#8220;][et_pb_blurb title=&#8220;Film &#8211; Filme&#8220; url=&#8220;https:\/\/www.coeurssansfrontieres.com\/de\/vereinsleben\/videosamedi_valpre\/&#8220; url_new_window=&#8220;on&#8220; image=&#8220;https:\/\/www.coeurssansfrontieres.com\/wp-content\/uploads\/2016\/07\/favicon.ico&#8220; alt=&#8220;CSF-HOG&#8220; admin_label=&#8220;Rs Expos\u00e9s&#8220; module_class=&#8220;et_pb_blurb_CSFHOG_FP&#8220; _builder_version=&#8220;4.12.1&#8243; _module_preset=&#8220;default&#8220; custom_margin=&#8220;8vh||||false|false&#8220; link_option_url=&#8220;https:\/\/www.coeurssansfrontieres.com\/de\/vereinsleben\/videosamedi_valpre\/&#8220; link_option_url_new_window=&#8220;on&#8220; locked=&#8220;off&#8220; global_colors_info=&#8220;{}&#8220;]<\/p>\n<p>Film du samedi soir.<\/p>\n<hr \/>\n<p>Film am Samstagabend.<\/p>\n<p>[\/et_pb_blurb][\/et_pb_column][\/et_pb_row][et_pb_row column_structure=&#8220;1_2,1_2&#8243; use_custom_gutter=&#8220;on&#8220; gutter_width=&#8220;1&#8243; _builder_version=&#8220;4.11.1&#8243; _module_preset=&#8220;default&#8220; width=&#8220;95%&#8220; max_width=&#8220;102%&#8220; module_alignment=&#8220;center&#8220; custom_margin=&#8220;-4vh||||false|false&#8220; custom_padding=&#8220;0px||10vh||false|false&#8220; global_colors_info=&#8220;{}&#8220;][et_pb_column type=&#8220;1_2&#8243; _builder_version=&#8220;4.11.1&#8243; _module_preset=&#8220;default&#8220; global_colors_info=&#8220;{}&#8220;][et_pb_text admin_label=&#8220;Texte FR&#8220; _builder_version=&#8220;4.12.1&#8243; _module_preset=&#8220;default&#8220; text_font=&#8220;|700|||||||&#8220; text_text_color=&#8220;#874642&#8243; text_font_size=&#8220;0.75rem&#8220; text_line_height=&#8220;1.2em&#8220; background_color=&#8220;rgba(243,232,244,0.86)&#8220; width=&#8220;95%&#8220; max_width=&#8220;95%&#8220; custom_margin=&#8220;|-235px||||&#8220; custom_padding=&#8220;1vh|1vw|1vh|1vw|false|false&#8220; link_option_url=&#8220;https:\/\/www.coeurssansfrontieres.com\/de\/vereinsleben\/message-danne-marie-lyon-valpre\/&#8220; link_option_url_new_window=&#8220;on&#8220; hover_enabled=&#8220;0&#8243; border_radii=&#8220;on|25px|25px|25px|25px&#8220; border_width_all=&#8220;2px&#8220; border_color_all=&#8220;#ad6baf&#8220; box_shadow_style=&#8220;preset4&#8243; global_colors_info=&#8220;{}&#8220; sticky_enabled=&#8220;0&#8243;]<\/p>\n<p><em><strong>Un message d&#8217;Anne-Marie<\/strong> (cliquer pour lire le message en entier) :<\/em><\/p>\n<p>&#8222;Retard\u00e9s par la crise sanitaire nous y sommes tout de m\u00eame arriv\u00e9s !<\/p>\n<p>Apr\u00e8s moult h\u00e9sitations, revirements, difficult\u00e9s, nous sommes 45 pr\u00e9sents, Fran\u00e7ais et Allemands, pour cette Rencontre 2021 \u00e0 l\u2019h\u00f4tel VALPRE d\u2019Ecully, pr\u00e8s de Lyon.<\/p>\n<p>La joie de nous retrouver \u00e9claire nos visages.\u00a0(&#8230;) sourire et m\u00eame rire aux \u00e9clats ! Que cela fait du bien\u00a0!<\/p>\n<p>Le cadre, la terrasse et le magnifique parc de l\u2019h\u00f4tel nous permettront de nous regrouper en fonction de nos connaissances ou amiti\u00e9s pr\u00e9c\u00e9dentes ou tout bonnement par affinit\u00e9s, mais sans jamais oublier qui que ce soit. &#8230;&#8220;<\/p>\n<p>[\/et_pb_text][\/et_pb_column][et_pb_column type=&#8220;1_2&#8243; _builder_version=&#8220;4.11.1&#8243; _module_preset=&#8220;default&#8220; global_colors_info=&#8220;{}&#8220;][et_pb_text admin_label=&#8220;Texte DE&#8220; _builder_version=&#8220;4.12.1&#8243; _module_preset=&#8220;default&#8220; text_font=&#8220;|700|||||||&#8220; text_text_color=&#8220;#874642&#8243; text_font_size=&#8220;0.75rem&#8220; text_line_height=&#8220;1.2em&#8220; background_color=&#8220;rgba(243,232,244,0.86)&#8220; width=&#8220;95%&#8220; max_width=&#8220;95%&#8220; custom_margin=&#8220;|-235px||||&#8220; custom_padding=&#8220;1vh|1vw|1vh|1vw|false|false&#8220; link_option_url=&#8220;https:\/\/www.coeurssansfrontieres.com\/de\/vereinsleben\/message-danne-marie-lyon-valpre\/&#8220; link_option_url_new_window=&#8220;on&#8220; hover_enabled=&#8220;0&#8243; border_radii=&#8220;on|25px|25px|25px|25px&#8220; border_width_all=&#8220;2px&#8220; border_color_all=&#8220;#ad6baf&#8220; box_shadow_style=&#8220;preset4&#8243; global_colors_info=&#8220;{}&#8220; sticky_enabled=&#8220;0&#8243;]<\/p>\n<p><em><strong>Eine Nachricht von Anne-Marie (<\/strong>Klicken Sie, um die gesamte Nachricht zu lesen) :<\/em><\/p>\n<p>Ausgebremst durch Corona konnte unser Jahres-Treffen doch noch stattfinden !<\/p>\n<p>Nach Verz\u00f6gerungen, R\u00fcckschl\u00e4gen und anderen Schwierigkeiten konnten wir das Jahres-Treffen 2021 im Hotel \u201eVALPR\u00c9\u201c in Ecculy bei Lyon durchf\u00fchren.<\/p>\n<p>Gro\u00df war die Freude \u00fcber das Wiedersehen der 45 Anwesenden, aus Frankreich und Deutschland.<\/p>\n<p>Das Hotel mit seinem herrlichen Park und seiner Terrasse bot die M\u00f6glichkeit fr\u00fchere Bekanntschaften oder Freundschaften aufleben zu lassen oder auch neue Mitglieder kennenzulernen;<br \/>alle waren eingebunden&#8230;&#8220;<\/p>\n<p>[\/et_pb_text][\/et_pb_column][\/et_pb_row][\/et_pb_section]<\/p>\n","protected":false},"excerpt":{"rendered":"<p>Videos  &#8211;  Expos\u00e9s\/Pr\u00e4sentationen  &#8211;  Album photos\/Albumfotos &#8230;<\/p>\n","protected":false},"author":249,"featured_media":20935,"comment_status":"closed","ping_status":"closed","sticky":false,"template":"","format":"standard","meta":{"_et_pb_use_builder":"on","_et_pb_old_content":"","_et_gb_content_width":"","footnotes":""},"categories":[211,14],"tags":[],"class_list":["post-21232","post","type-post","status-publish","format-standard","has-post-thumbnail","hentry","category-jahrliche-treffen","category-vereinsleben"],"yoast_head":"<!-- This site is optimized with the Yoast SEO plugin v27.5 - https:\/\/yoast.com\/product\/yoast-seo-wordpress\/ -->\n<title>LYON \u2013 (Valpr\u00e9) \u2013 MENU - CSF - HOG<\/title>\n<meta name=\"robots\" content=\"index, follow, max-snippet:-1, max-image-preview:large, max-video-preview:-1\" \/>\n<link rel=\"canonical\" href=\"https:\/\/www.coeurssansfrontieres.com\/de\/vereinsleben\/jahrliche-treffen\/valpre_2021\/\" \/>\n<meta property=\"og:locale\" content=\"de_DE\" \/>\n<meta property=\"og:type\" content=\"article\" \/>\n<meta property=\"og:title\" content=\"LYON \u2013 (Valpr\u00e9) \u2013 MENU - CSF - HOG\" \/>\n<meta property=\"og:description\" content=\"Videos - Expos\u00e9s\/Pr\u00e4sentationen - Album photos\/Albumfotos ...\" \/>\n<meta property=\"og:url\" content=\"https:\/\/www.coeurssansfrontieres.com\/de\/vereinsleben\/jahrliche-treffen\/valpre_2021\/\" \/>\n<meta property=\"og:site_name\" content=\"CSF - HOG\" \/>\n<meta property=\"article:published_time\" content=\"2021-09-28T12:21:04+00:00\" \/>\n<meta property=\"article:modified_time\" content=\"2021-11-03T17:21:22+00:00\" \/>\n<meta property=\"og:image\" content=\"https:\/\/www.coeurssansfrontieres.com\/wp-content\/uploads\/2021\/09\/VignetteLyon04.jpg\" \/>\n\t<meta property=\"og:image:width\" content=\"200\" \/>\n\t<meta property=\"og:image:height\" content=\"200\" \/>\n\t<meta property=\"og:image:type\" content=\"image\/jpeg\" \/>\n<meta name=\"author\" content=\"GOFFIN Alexandre\" \/>\n<meta name=\"twitter:card\" content=\"summary_large_image\" \/>\n<meta name=\"twitter:label1\" content=\"Verfasst von\" \/>\n\t<meta name=\"twitter:data1\" content=\"GOFFIN Alexandre\" \/>\n\t<meta name=\"twitter:label2\" content=\"Gesch\u00e4tzte Lesezeit\" \/>\n\t<meta name=\"twitter:data2\" content=\"3\u00a0Minuten\" \/>\n<script type=\"application\/ld+json\" class=\"yoast-schema-graph\">{\"@context\":\"https:\\\/\\\/schema.org\",\"@graph\":[{\"@type\":\"Article\",\"@id\":\"https:\\\/\\\/www.coeurssansfrontieres.com\\\/de\\\/vereinsleben\\\/jahrliche-treffen\\\/valpre_2021\\\/#article\",\"isPartOf\":{\"@id\":\"https:\\\/\\\/www.coeurssansfrontieres.com\\\/de\\\/vereinsleben\\\/jahrliche-treffen\\\/valpre_2021\\\/\"},\"author\":{\"name\":\"GOFFIN Alexandre\",\"@id\":\"https:\\\/\\\/www.coeurssansfrontieres.com\\\/fr\\\/#\\\/schema\\\/person\\\/19507754554eb5218427fc31038cac56\"},\"headline\":\"LYON \u2013 (Valpr\u00e9) \u2013 MENU\",\"datePublished\":\"2021-09-28T12:21:04+00:00\",\"dateModified\":\"2021-11-03T17:21:22+00:00\",\"mainEntityOfPage\":{\"@id\":\"https:\\\/\\\/www.coeurssansfrontieres.com\\\/de\\\/vereinsleben\\\/jahrliche-treffen\\\/valpre_2021\\\/\"},\"wordCount\":1123,\"image\":{\"@id\":\"https:\\\/\\\/www.coeurssansfrontieres.com\\\/de\\\/vereinsleben\\\/jahrliche-treffen\\\/valpre_2021\\\/#primaryimage\"},\"thumbnailUrl\":\"https:\\\/\\\/www.coeurssansfrontieres.com\\\/wp-content\\\/uploads\\\/2021\\\/09\\\/VignetteLyon04.jpg\",\"articleSection\":[\"j\u00e4hrliche Treffen\",\"Vereinsleben\"],\"inLanguage\":\"de\"},{\"@type\":\"WebPage\",\"@id\":\"https:\\\/\\\/www.coeurssansfrontieres.com\\\/de\\\/vereinsleben\\\/jahrliche-treffen\\\/valpre_2021\\\/\",\"url\":\"https:\\\/\\\/www.coeurssansfrontieres.com\\\/de\\\/vereinsleben\\\/jahrliche-treffen\\\/valpre_2021\\\/\",\"name\":\"LYON \u2013 (Valpr\u00e9) \u2013 MENU - CSF - HOG\",\"isPartOf\":{\"@id\":\"https:\\\/\\\/www.coeurssansfrontieres.com\\\/fr\\\/#website\"},\"primaryImageOfPage\":{\"@id\":\"https:\\\/\\\/www.coeurssansfrontieres.com\\\/de\\\/vereinsleben\\\/jahrliche-treffen\\\/valpre_2021\\\/#primaryimage\"},\"image\":{\"@id\":\"https:\\\/\\\/www.coeurssansfrontieres.com\\\/de\\\/vereinsleben\\\/jahrliche-treffen\\\/valpre_2021\\\/#primaryimage\"},\"thumbnailUrl\":\"https:\\\/\\\/www.coeurssansfrontieres.com\\\/wp-content\\\/uploads\\\/2021\\\/09\\\/VignetteLyon04.jpg\",\"datePublished\":\"2021-09-28T12:21:04+00:00\",\"dateModified\":\"2021-11-03T17:21:22+00:00\",\"author\":{\"@id\":\"https:\\\/\\\/www.coeurssansfrontieres.com\\\/fr\\\/#\\\/schema\\\/person\\\/19507754554eb5218427fc31038cac56\"},\"breadcrumb\":{\"@id\":\"https:\\\/\\\/www.coeurssansfrontieres.com\\\/de\\\/vereinsleben\\\/jahrliche-treffen\\\/valpre_2021\\\/#breadcrumb\"},\"inLanguage\":\"de\",\"potentialAction\":[{\"@type\":\"ReadAction\",\"target\":[\"https:\\\/\\\/www.coeurssansfrontieres.com\\\/de\\\/vereinsleben\\\/jahrliche-treffen\\\/valpre_2021\\\/\"]}]},{\"@type\":\"ImageObject\",\"inLanguage\":\"de\",\"@id\":\"https:\\\/\\\/www.coeurssansfrontieres.com\\\/de\\\/vereinsleben\\\/jahrliche-treffen\\\/valpre_2021\\\/#primaryimage\",\"url\":\"https:\\\/\\\/www.coeurssansfrontieres.com\\\/wp-content\\\/uploads\\\/2021\\\/09\\\/VignetteLyon04.jpg\",\"contentUrl\":\"https:\\\/\\\/www.coeurssansfrontieres.com\\\/wp-content\\\/uploads\\\/2021\\\/09\\\/VignetteLyon04.jpg\",\"width\":200,\"height\":200},{\"@type\":\"BreadcrumbList\",\"@id\":\"https:\\\/\\\/www.coeurssansfrontieres.com\\\/de\\\/vereinsleben\\\/jahrliche-treffen\\\/valpre_2021\\\/#breadcrumb\",\"itemListElement\":[{\"@type\":\"ListItem\",\"position\":1,\"name\":\"Accueil\",\"item\":\"https:\\\/\\\/www.coeurssansfrontieres.com\\\/de\\\/\"},{\"@type\":\"ListItem\",\"position\":2,\"name\":\"LYON \u2013 (Valpr\u00e9) \u2013 MENU\"}]},{\"@type\":\"WebSite\",\"@id\":\"https:\\\/\\\/www.coeurssansfrontieres.com\\\/fr\\\/#website\",\"url\":\"https:\\\/\\\/www.coeurssansfrontieres.com\\\/fr\\\/\",\"name\":\"C\u0153urs sans fronti\u00e8res\",\"description\":\"Association franco-allemande des Enfants de la Seconde Guerre Mondiale\",\"potentialAction\":[{\"@type\":\"SearchAction\",\"target\":{\"@type\":\"EntryPoint\",\"urlTemplate\":\"https:\\\/\\\/www.coeurssansfrontieres.com\\\/fr\\\/?s={search_term_string}\"},\"query-input\":{\"@type\":\"PropertyValueSpecification\",\"valueRequired\":true,\"valueName\":\"search_term_string\"}}],\"inLanguage\":\"de\"},{\"@type\":\"Person\",\"@id\":\"https:\\\/\\\/www.coeurssansfrontieres.com\\\/fr\\\/#\\\/schema\\\/person\\\/19507754554eb5218427fc31038cac56\",\"name\":\"GOFFIN Alexandre\"}]}<\/script>\n<!-- \/ Yoast SEO plugin. -->","yoast_head_json":{"title":"LYON \u2013 (Valpr\u00e9) \u2013 MENU - CSF - HOG","robots":{"index":"index","follow":"follow","max-snippet":"max-snippet:-1","max-image-preview":"max-image-preview:large","max-video-preview":"max-video-preview:-1"},"canonical":"https:\/\/www.coeurssansfrontieres.com\/de\/vereinsleben\/jahrliche-treffen\/valpre_2021\/","og_locale":"de_DE","og_type":"article","og_title":"LYON \u2013 (Valpr\u00e9) \u2013 MENU - CSF - HOG","og_description":"Videos - Expos\u00e9s\/Pr\u00e4sentationen - Album photos\/Albumfotos ...","og_url":"https:\/\/www.coeurssansfrontieres.com\/de\/vereinsleben\/jahrliche-treffen\/valpre_2021\/","og_site_name":"CSF - HOG","article_published_time":"2021-09-28T12:21:04+00:00","article_modified_time":"2021-11-03T17:21:22+00:00","og_image":[{"width":200,"height":200,"url":"https:\/\/www.coeurssansfrontieres.com\/wp-content\/uploads\/2021\/09\/VignetteLyon04.jpg","type":"image\/jpeg"}],"author":"GOFFIN Alexandre","twitter_card":"summary_large_image","twitter_misc":{"Verfasst von":"GOFFIN Alexandre","Gesch\u00e4tzte Lesezeit":"3\u00a0Minuten"},"schema":{"@context":"https:\/\/schema.org","@graph":[{"@type":"Article","@id":"https:\/\/www.coeurssansfrontieres.com\/de\/vereinsleben\/jahrliche-treffen\/valpre_2021\/#article","isPartOf":{"@id":"https:\/\/www.coeurssansfrontieres.com\/de\/vereinsleben\/jahrliche-treffen\/valpre_2021\/"},"author":{"name":"GOFFIN Alexandre","@id":"https:\/\/www.coeurssansfrontieres.com\/fr\/#\/schema\/person\/19507754554eb5218427fc31038cac56"},"headline":"LYON \u2013 (Valpr\u00e9) \u2013 MENU","datePublished":"2021-09-28T12:21:04+00:00","dateModified":"2021-11-03T17:21:22+00:00","mainEntityOfPage":{"@id":"https:\/\/www.coeurssansfrontieres.com\/de\/vereinsleben\/jahrliche-treffen\/valpre_2021\/"},"wordCount":1123,"image":{"@id":"https:\/\/www.coeurssansfrontieres.com\/de\/vereinsleben\/jahrliche-treffen\/valpre_2021\/#primaryimage"},"thumbnailUrl":"https:\/\/www.coeurssansfrontieres.com\/wp-content\/uploads\/2021\/09\/VignetteLyon04.jpg","articleSection":["j\u00e4hrliche Treffen","Vereinsleben"],"inLanguage":"de"},{"@type":"WebPage","@id":"https:\/\/www.coeurssansfrontieres.com\/de\/vereinsleben\/jahrliche-treffen\/valpre_2021\/","url":"https:\/\/www.coeurssansfrontieres.com\/de\/vereinsleben\/jahrliche-treffen\/valpre_2021\/","name":"LYON \u2013 (Valpr\u00e9) \u2013 MENU - CSF - HOG","isPartOf":{"@id":"https:\/\/www.coeurssansfrontieres.com\/fr\/#website"},"primaryImageOfPage":{"@id":"https:\/\/www.coeurssansfrontieres.com\/de\/vereinsleben\/jahrliche-treffen\/valpre_2021\/#primaryimage"},"image":{"@id":"https:\/\/www.coeurssansfrontieres.com\/de\/vereinsleben\/jahrliche-treffen\/valpre_2021\/#primaryimage"},"thumbnailUrl":"https:\/\/www.coeurssansfrontieres.com\/wp-content\/uploads\/2021\/09\/VignetteLyon04.jpg","datePublished":"2021-09-28T12:21:04+00:00","dateModified":"2021-11-03T17:21:22+00:00","author":{"@id":"https:\/\/www.coeurssansfrontieres.com\/fr\/#\/schema\/person\/19507754554eb5218427fc31038cac56"},"breadcrumb":{"@id":"https:\/\/www.coeurssansfrontieres.com\/de\/vereinsleben\/jahrliche-treffen\/valpre_2021\/#breadcrumb"},"inLanguage":"de","potentialAction":[{"@type":"ReadAction","target":["https:\/\/www.coeurssansfrontieres.com\/de\/vereinsleben\/jahrliche-treffen\/valpre_2021\/"]}]},{"@type":"ImageObject","inLanguage":"de","@id":"https:\/\/www.coeurssansfrontieres.com\/de\/vereinsleben\/jahrliche-treffen\/valpre_2021\/#primaryimage","url":"https:\/\/www.coeurssansfrontieres.com\/wp-content\/uploads\/2021\/09\/VignetteLyon04.jpg","contentUrl":"https:\/\/www.coeurssansfrontieres.com\/wp-content\/uploads\/2021\/09\/VignetteLyon04.jpg","width":200,"height":200},{"@type":"BreadcrumbList","@id":"https:\/\/www.coeurssansfrontieres.com\/de\/vereinsleben\/jahrliche-treffen\/valpre_2021\/#breadcrumb","itemListElement":[{"@type":"ListItem","position":1,"name":"Accueil","item":"https:\/\/www.coeurssansfrontieres.com\/de\/"},{"@type":"ListItem","position":2,"name":"LYON \u2013 (Valpr\u00e9) \u2013 MENU"}]},{"@type":"WebSite","@id":"https:\/\/www.coeurssansfrontieres.com\/fr\/#website","url":"https:\/\/www.coeurssansfrontieres.com\/fr\/","name":"C\u0153urs sans fronti\u00e8res","description":"Association franco-allemande des Enfants de la Seconde Guerre Mondiale","potentialAction":[{"@type":"SearchAction","target":{"@type":"EntryPoint","urlTemplate":"https:\/\/www.coeurssansfrontieres.com\/fr\/?s={search_term_string}"},"query-input":{"@type":"PropertyValueSpecification","valueRequired":true,"valueName":"search_term_string"}}],"inLanguage":"de"},{"@type":"Person","@id":"https:\/\/www.coeurssansfrontieres.com\/fr\/#\/schema\/person\/19507754554eb5218427fc31038cac56","name":"GOFFIN Alexandre"}]}},"_links":{"self":[{"href":"https:\/\/www.coeurssansfrontieres.com\/de\/wp-json\/wp\/v2\/posts\/21232","targetHints":{"allow":["GET"]}}],"collection":[{"href":"https:\/\/www.coeurssansfrontieres.com\/de\/wp-json\/wp\/v2\/posts"}],"about":[{"href":"https:\/\/www.coeurssansfrontieres.com\/de\/wp-json\/wp\/v2\/types\/post"}],"author":[{"embeddable":true,"href":"https:\/\/www.coeurssansfrontieres.com\/de\/wp-json\/wp\/v2\/users\/249"}],"replies":[{"embeddable":true,"href":"https:\/\/www.coeurssansfrontieres.com\/de\/wp-json\/wp\/v2\/comments?post=21232"}],"version-history":[{"count":5,"href":"https:\/\/www.coeurssansfrontieres.com\/de\/wp-json\/wp\/v2\/posts\/21232\/revisions"}],"predecessor-version":[{"id":21257,"href":"https:\/\/www.coeurssansfrontieres.com\/de\/wp-json\/wp\/v2\/posts\/21232\/revisions\/21257"}],"wp:featuredmedia":[{"embeddable":true,"href":"https:\/\/www.coeurssansfrontieres.com\/de\/wp-json\/wp\/v2\/media\/20935"}],"wp:attachment":[{"href":"https:\/\/www.coeurssansfrontieres.com\/de\/wp-json\/wp\/v2\/media?parent=21232"}],"wp:term":[{"taxonomy":"category","embeddable":true,"href":"https:\/\/www.coeurssansfrontieres.com\/de\/wp-json\/wp\/v2\/categories?post=21232"},{"taxonomy":"post_tag","embeddable":true,"href":"https:\/\/www.coeurssansfrontieres.com\/de\/wp-json\/wp\/v2\/tags?post=21232"}],"curies":[{"name":"wp","href":"https:\/\/api.w.org\/{rel}","templated":true}]}}