{"id":21241,"date":"2021-09-28T14:19:40","date_gmt":"2021-09-28T12:19:40","guid":{"rendered":"https:\/\/www.coeurssansfrontieres.com\/kategorientechniken\/unkategorisiert\/video_valpre\/"},"modified":"2021-11-03T18:10:50","modified_gmt":"2021-11-03T17:10:50","slug":"video_valpre","status":"publish","type":"post","link":"https:\/\/www.coeurssansfrontieres.com\/de\/vereinsleben\/video_valpre\/","title":{"rendered":"LYON \u2013 (Valpr\u00e9) Vid\u00e9os \u2013 Videos"},"content":{"rendered":"<p>[et_pb_section fb_built=&#8220;1&#8243; _builder_version=&#8220;4.11.1&#8243; _module_preset=&#8220;default&#8220; background_enable_color=&#8220;off&#8220; background_image=&#8220;https:\/\/www.coeurssansfrontieres.com\/wp-content\/uploads\/2021\/09\/valpre1.jpg&#8220; parallax=&#8220;on&#8220; parallax_method=&#8220;off&#8220; width=&#8220;100%&#8220; width_tablet=&#8220;&#8220; width_phone=&#8220;&#8220; width_last_edited=&#8220;on|desktop&#8220; max_width=&#8220;100%&#8220; module_alignment=&#8220;center&#8220; custom_margin=&#8220;||-10vh||false|false&#8220; custom_padding=&#8220;||||false|false&#8220; custom_css_main_element=&#8220;\/*background-image : url(%22https:\/\/www.coeurssansfrontieres.com\/wp-content\/uploads\/2021\/09\/valpre1.jpg%22);||background-size:cover;*\/&#8220; global_colors_info=&#8220;{}&#8220;][et_pb_row _builder_version=&#8220;4.12.1&#8243; _module_preset=&#8220;default&#8220; width=&#8220;95%&#8220; max_width=&#8220;95%&#8220; min_height=&#8220;109.4px&#8220; custom_margin=&#8220;-8rem|auto|0px|auto|false|false&#8220; hover_enabled=&#8220;0&#8243; global_colors_info=&#8220;{}&#8220; sticky_enabled=&#8220;0&#8243;][et_pb_column type=&#8220;4_4&#8243; _builder_version=&#8220;4.10.8&#8243; _module_preset=&#8220;default&#8220; global_colors_info=&#8220;{}&#8220;][et_pb_text _builder_version=&#8220;4.11.1&#8243; _module_preset=&#8220;default&#8220; text_text_color=&#8220;#FFFFFF&#8220; text_font_size=&#8220;18px&#8220; header_font=&#8220;|700|||||||&#8220; header_text_align=&#8220;left&#8220; header_text_color=&#8220;#FFFFFF&#8220; header_font_size=&#8220;1.5rem&#8220; background_color=&#8220;rgba(211,134,239,0.49)&#8220; width=&#8220;75%&#8220; max_width=&#8220;80%&#8220; module_alignment=&#8220;center&#8220; custom_margin=&#8220;||0px||false|false&#8220; custom_padding=&#8220;1vh|2vw||2vw|false|false&#8220; header_text_shadow_style=&#8220;preset5&#8243; border_radii=&#8220;on|25px|25px|25px|25px&#8220; border_width_all=&#8220;2px&#8220; border_color_all=&#8220;#FFFFFF&#8220; box_shadow_style=&#8220;preset2&#8243; locked=&#8220;off&#8220; global_colors_info=&#8220;{}&#8220;]<\/p>\n<h1 style=\"text-align: center;\"><strong>LYON &#8211; (Valpr\u00e9) &#8211; 10-12\/09\/2021<\/strong><\/h1>\n<p style=\"text-align: center;\"><strong>Vid\u00e9os &#8211; Videos<\/strong><\/p>\n<p>[\/et_pb_text][et_pb_button button_url=&#8220;https:\/\/www.coeurssansfrontieres.com\/de\/vereinsleben\/jahrliche-treffen\/valpre_2021\/&#8220; button_text=&#8220;Retour   &#8211;  Zur\u00fcck &#8220; button_alignment=&#8220;right&#8220; _builder_version=&#8220;4.12.1&#8243; _module_preset=&#8220;default&#8220; custom_button=&#8220;on&#8220; button_text_size=&#8220;12px&#8220; button_text_color=&#8220;#A55BA6&#8243; button_bg_color=&#8220;#f3e8f4&#8243; button_border_color=&#8220;#A55BA6&#8243; button_border_radius=&#8220;25px&#8220; button_font=&#8220;|700|||||||&#8220; button_icon=&#8220;%%41%%&#8220; button_icon_color=&#8220;#A55BA6&#8243; button_on_hover=&#8220;off&#8220; custom_margin=&#8220;-3vh||0vh||false|false&#8220; custom_padding=&#8220;0.5vh|1vw|0.5vh|1vw|false|false&#8220; hover_enabled=&#8220;0&#8243; button_text_shadow_style=&#8220;preset5&#8243; button_text_shadow_color=&#8220;#FFFFFF&#8220; locked=&#8220;off&#8220; global_colors_info=&#8220;{}&#8220; sticky_enabled=&#8220;0&#8243;][\/et_pb_button][\/et_pb_column][\/et_pb_row][et_pb_row column_structure=&#8220;1_3,1_3,1_3&#8243; _builder_version=&#8220;4.11.1&#8243; _module_preset=&#8220;default&#8220; width=&#8220;95%&#8220; max_width=&#8220;95%&#8220; custom_margin=&#8220;0px||0px||false|false&#8220; custom_padding=&#8220;1vh||0px||false|false&#8220; global_colors_info=&#8220;{}&#8220;][et_pb_column type=&#8220;1_3&#8243; _builder_version=&#8220;4.11.1&#8243; _module_preset=&#8220;default&#8220; global_colors_info=&#8220;{}&#8220;][et_pb_blurb title=&#8220;Premiers contacts &#8211; Erste Kontakte&#8220; url=&#8220;https:\/\/youtu.be\/e5rQlofrvKs&#8220; url_new_window=&#8220;on&#8220; image=&#8220;https:\/\/www.coeurssansfrontieres.com\/wp-content\/uploads\/2016\/07\/favicon.ico&#8220; alt=&#8220;CSF-HOG&#8220; admin_label=&#8220;Rs photos&#8220; module_class=&#8220;et_pb_blurb_CSFHOG_FP&#8220; _builder_version=&#8220;4.11.1&#8243; _module_preset=&#8220;default&#8220; custom_margin=&#8220;1vh||0px||false|false&#8220; link_option_url=&#8220;https:\/\/youtu.be\/e5rQlofrvKs&#8220; link_option_url_new_window=&#8220;on&#8220; locked=&#8220;off&#8220; global_colors_info=&#8220;{}&#8220;]<\/p>\n<p>Valpr\u00e9, Vendredi soir, premiers contacts.<\/p>\n<hr \/>\n<p>Valpr\u00e9, Freitagabend, erste Kontakte.<\/p>\n<p>[\/et_pb_blurb][\/et_pb_column][et_pb_column type=&#8220;1_3&#8243; _builder_version=&#8220;4.11.1&#8243; _module_preset=&#8220;default&#8220; global_colors_info=&#8220;{}&#8220;][et_pb_blurb title=&#8220;Christian Mittelbronn&#8220; url=&#8220;https:\/\/www.youtube.com\/watch?v=TgM7PGXZbRY&#8220; url_new_window=&#8220;on&#8220; image=&#8220;https:\/\/www.coeurssansfrontieres.com\/wp-content\/uploads\/2016\/07\/favicon.ico&#8220; alt=&#8220;CSF-HOG&#8220; admin_label=&#8220;Rs photos&#8220; module_class=&#8220;et_pb_blurb_CSFHOG_FP&#8220; _builder_version=&#8220;4.12.1&#8243; _module_preset=&#8220;default&#8220; custom_margin=&#8220;1vh||0px||false|false&#8220; link_option_url=&#8220;https:\/\/www.youtube.com\/watch?v=TgM7PGXZbRY&#8220; link_option_url_new_window=&#8220;on&#8220; locked=&#8220;off&#8220; global_colors_info=&#8220;{}&#8220;]<\/p>\n<p>Die Last des Schweigens.<\/p>\n<hr \/>\n<p>Le poids du silence.<\/p>\n<p>[\/et_pb_blurb][\/et_pb_column][et_pb_column type=&#8220;1_3&#8243; _builder_version=&#8220;4.11.1&#8243; _module_preset=&#8220;default&#8220; global_colors_info=&#8220;{}&#8220;][et_pb_blurb title=&#8220;Thierry Soudan&#8220; url=&#8220;https:\/\/www.youtube.com\/watch?v=QMD1gspINag&#8220; url_new_window=&#8220;on&#8220; image=&#8220;https:\/\/www.coeurssansfrontieres.com\/wp-content\/uploads\/2016\/07\/favicon.ico&#8220; alt=&#8220;CSF-HOG&#8220; admin_label=&#8220;Rs photos&#8220; module_class=&#8220;et_pb_blurb_CSFHOG_FP&#8220; _builder_version=&#8220;4.11.1&#8243; _module_preset=&#8220;default&#8220; custom_margin=&#8220;1vh||0px||false|false&#8220; link_option_url=&#8220;https:\/\/www.youtube.com\/watch?v=QMD1gspINag&#8220; link_option_url_new_window=&#8220;on&#8220; locked=&#8220;off&#8220; global_colors_info=&#8220;{}&#8220;]<\/p>\n<p>Un fr\u00e8re, une soeur gr\u00e2ce \u00e0 une lettre sur une tombe.<\/p>\n<hr \/>\n<p>Ein Bruder, eine Schwester dank eines Briefes auf einem Grab.<\/p>\n<p>[\/et_pb_blurb][\/et_pb_column][\/et_pb_row][et_pb_row column_structure=&#8220;1_3,1_3,1_3&#8243; _builder_version=&#8220;4.11.1&#8243; _module_preset=&#8220;default&#8220; width=&#8220;95%&#8220; max_width=&#8220;95%&#8220; custom_margin=&#8220;0px||0px||false|false&#8220; custom_padding=&#8220;0px||0px||false|false&#8220; global_colors_info=&#8220;{}&#8220;][et_pb_column type=&#8220;1_3&#8243; _builder_version=&#8220;4.11.1&#8243; _module_preset=&#8220;default&#8220; global_colors_info=&#8220;{}&#8220;][et_pb_text admin_label=&#8220;Texte Le Parc &#8211; der Park&#8220; _builder_version=&#8220;4.11.1&#8243; text_font=&#8220;|on|||&#8220; text_text_color=&#8220;#FFFFFF&#8220; text_font_size=&#8220;16px&#8220; text_line_height=&#8220;1em&#8220; header_font=&#8220;|on|||&#8220; header_text_color=&#8220;#a55ba6&#8243; header_font_size=&#8220;24px&#8220; background_color=&#8220;#f3e8f4&#8243; background_size=&#8220;initial&#8220; background_position=&#8220;top_left&#8220; background_repeat=&#8220;repeat&#8220; text_orientation=&#8220;center&#8220; width=&#8220;60%&#8220; module_alignment=&#8220;center&#8220; custom_margin=&#8220;1vh||||false|false&#8220; custom_padding=&#8220;1vh|1vw|1vh|1vw|false|false&#8220; custom_css_main_element=&#8220;box-shadow: 3px 3px 3px #7C7C7C;&#8220; header_text_shadow_style=&#8220;preset2&#8243; border_radii=&#8220;on|25px|25px|25px|25px&#8220; border_width_all=&#8220;2px&#8220; border_color_all=&#8220;#A55BA6&#8243; border_style_all=&#8220;solid&#8220; use_border_color=&#8220;on&#8220; border_color=&#8220;#a55ba6&#8243; border_width=&#8220;3px&#8220; border_style=&#8220;solid&#8220; locked=&#8220;off&#8220; global_colors_info=&#8220;{}&#8220;]<\/p>\n<p><iframe loading=\"lazy\" title=\"YouTube video player\" src=\"https:\/\/www.youtube.com\/embed\/e5rQlofrvKs\" width=\"373\" height=\"210\" frameborder=\"0\" allowfullscreen=\"allowfullscreen\"><\/iframe><\/p>\n<p>[\/et_pb_text][\/et_pb_column][et_pb_column type=&#8220;1_3&#8243; _builder_version=&#8220;4.11.1&#8243; _module_preset=&#8220;default&#8220; global_colors_info=&#8220;{}&#8220;][et_pb_text admin_label=&#8220;Texte Le Parc &#8211; der Park&#8220; _builder_version=&#8220;4.12.1&#8243; text_font=&#8220;|on|||&#8220; text_text_color=&#8220;#FFFFFF&#8220; text_font_size=&#8220;16px&#8220; text_line_height=&#8220;1em&#8220; header_font=&#8220;|on|||&#8220; header_text_color=&#8220;#a55ba6&#8243; header_font_size=&#8220;24px&#8220; background_color=&#8220;#f3e8f4&#8243; background_size=&#8220;initial&#8220; background_position=&#8220;top_left&#8220; background_repeat=&#8220;repeat&#8220; text_orientation=&#8220;center&#8220; width=&#8220;60%&#8220; module_alignment=&#8220;center&#8220; custom_margin=&#8220;1vh||||false|false&#8220; custom_padding=&#8220;1vh|1vw|1vh|1vw|false|false&#8220; custom_css_main_element=&#8220;box-shadow: 3px 3px 3px #7C7C7C;&#8220; header_text_shadow_style=&#8220;preset2&#8243; border_radii=&#8220;on|25px|25px|25px|25px&#8220; border_width_all=&#8220;2px&#8220; border_color_all=&#8220;#A55BA6&#8243; border_style_all=&#8220;solid&#8220; use_border_color=&#8220;on&#8220; border_color=&#8220;#a55ba6&#8243; border_width=&#8220;3px&#8220; border_style=&#8220;solid&#8220; locked=&#8220;off&#8220; global_colors_info=&#8220;{}&#8220;]<\/p>\n<p><iframe loading=\"lazy\" title=\"YouTube video player\" src=\"https:\/\/www.youtube.com\/embed\/TgM7PGXZbRY\" width=\"560\" height=\"315\" frameborder=\"0\" allowfullscreen=\"allowfullscreen\"><\/iframe><\/p>\n<p>[\/et_pb_text][\/et_pb_column][et_pb_column type=&#8220;1_3&#8243; _builder_version=&#8220;4.11.1&#8243; _module_preset=&#8220;default&#8220; global_colors_info=&#8220;{}&#8220;][et_pb_text admin_label=&#8220;Texte Le Parc &#8211; der Park&#8220; _builder_version=&#8220;4.11.1&#8243; text_font=&#8220;|on|||&#8220; text_text_color=&#8220;#FFFFFF&#8220; text_font_size=&#8220;16px&#8220; text_line_height=&#8220;1em&#8220; header_font=&#8220;|on|||&#8220; header_text_color=&#8220;#a55ba6&#8243; header_font_size=&#8220;24px&#8220; background_color=&#8220;#f3e8f4&#8243; background_size=&#8220;initial&#8220; background_position=&#8220;top_left&#8220; background_repeat=&#8220;repeat&#8220; text_orientation=&#8220;center&#8220; width=&#8220;60%&#8220; module_alignment=&#8220;center&#8220; custom_margin=&#8220;1vh||||false|false&#8220; custom_padding=&#8220;1vh|1vw|1vh|1vw|false|false&#8220; custom_css_main_element=&#8220;box-shadow: 3px 3px 3px #7C7C7C;&#8220; header_text_shadow_style=&#8220;preset2&#8243; border_radii=&#8220;on|25px|25px|25px|25px&#8220; border_width_all=&#8220;2px&#8220; border_color_all=&#8220;#A55BA6&#8243; border_style_all=&#8220;solid&#8220; use_border_color=&#8220;on&#8220; border_color=&#8220;#a55ba6&#8243; border_width=&#8220;3px&#8220; border_style=&#8220;solid&#8220; locked=&#8220;off&#8220; global_colors_info=&#8220;{}&#8220;]<iframe loading=\"lazy\" width=\"560\" height=\"315\" src=\"https:\/\/www.youtube.com\/embed\/QMD1gspINag\" title=\"YouTube video player\" frameborder=\"0\" allow=\"accelerometer; autoplay; clipboard-write; encrypted-media; gyroscope; picture-in-picture\" allowfullscreen><\/iframe>[\/et_pb_text][\/et_pb_column][\/et_pb_row][et_pb_row column_structure=&#8220;1_3,1_3,1_3&#8243; _builder_version=&#8220;4.11.1&#8243; _module_preset=&#8220;default&#8220; width=&#8220;95%&#8220; max_width=&#8220;95%&#8220; custom_margin=&#8220;-1vh||0px||false|false&#8220; custom_padding=&#8220;||0px||false|false&#8220; global_colors_info=&#8220;{}&#8220;][et_pb_column type=&#8220;1_3&#8243; _builder_version=&#8220;4.11.1&#8243; _module_preset=&#8220;default&#8220; global_colors_info=&#8220;{}&#8220;][et_pb_blurb title=&#8220;Marlene MAERKERT &#8220; url=&#8220;https:\/\/www.youtube.com\/watch?v=cu5PMemvDQE&#8220; url_new_window=&#8220;on&#8220; image=&#8220;https:\/\/www.coeurssansfrontieres.com\/wp-content\/uploads\/2016\/07\/favicon.ico&#8220; alt=&#8220;CSF-HOG&#8220; admin_label=&#8220;Rs photos&#8220; module_class=&#8220;et_pb_blurb_CSFHOG_FP&#8220; _builder_version=&#8220;4.11.1&#8243; _module_preset=&#8220;default&#8220; custom_margin=&#8220;1vh||0px||false|false&#8220; link_option_url=&#8220;https:\/\/www.youtube.com\/watch?v=cu5PMemvDQE&#8220; link_option_url_new_window=&#8220;on&#8220; locked=&#8220;off&#8220; global_colors_info=&#8220;{}&#8220;]<\/p>\n<p>Das Haus meines Vaters.<\/p>\n<hr \/>\n<p>La maison de mon p\u00e8re.<\/p>\n<p>[\/et_pb_blurb][\/et_pb_column][et_pb_column type=&#8220;1_3&#8243; _builder_version=&#8220;4.11.1&#8243; _module_preset=&#8220;default&#8220; global_colors_info=&#8220;{}&#8220;][et_pb_blurb title=&#8220;Anne Chesneau&#8220; url=&#8220;https:\/\/www.youtube.com\/watch?v=E44DxLc8lag&#8220; url_new_window=&#8220;on&#8220; image=&#8220;https:\/\/www.coeurssansfrontieres.com\/wp-content\/uploads\/2016\/07\/favicon.ico&#8220; alt=&#8220;CSF-HOG&#8220; admin_label=&#8220;Rs photos&#8220; module_class=&#8220;et_pb_blurb_CSFHOG_FP&#8220; _builder_version=&#8220;4.12.1&#8243; _module_preset=&#8220;default&#8220; custom_margin=&#8220;1vh||0px||false|false&#8220; link_option_url=&#8220;https:\/\/www.youtube.com\/watch?v=E44DxLc8lag&#8220; link_option_url_new_window=&#8220;on&#8220; locked=&#8220;off&#8220; global_colors_info=&#8220;{}&#8220;]<\/p>\n<p>Retir\u00e9e \u00e0 sa m\u00e8re allemande, \u00e9lev\u00e9e en France,\u00a0 Anne finira par retrouver sa famille d&#8217;origine.<\/p>\n<hr \/>\n<p>Ihrer deutschen Mutter entzogen, in Frankreich aufgewachsen, konnte sie schlie\u00dflich doch ihre Herkunftsfamilie finden.<\/p>\n<p>[\/et_pb_blurb][\/et_pb_column][et_pb_column type=&#8220;1_3&#8243; _builder_version=&#8220;4.11.1&#8243; _module_preset=&#8220;default&#8220; global_colors_info=&#8220;{}&#8220;][et_pb_blurb title=&#8220;S\u00e9bastien Driesbach&#8220; url=&#8220;https:\/\/www.youtube.com\/watch?v=GqrtpYyGQGo&#8220; url_new_window=&#8220;on&#8220; image=&#8220;https:\/\/www.coeurssansfrontieres.com\/wp-content\/uploads\/2016\/07\/favicon.ico&#8220; alt=&#8220;CSF-HOG&#8220; admin_label=&#8220;Rs photos&#8220; module_class=&#8220;et_pb_blurb_CSFHOG_FP&#8220; _builder_version=&#8220;4.12.1&#8243; _module_preset=&#8220;default&#8220; custom_margin=&#8220;1vh||0px||false|false&#8220; link_option_url=&#8220;https:\/\/www.youtube.com\/watch?v=GqrtpYyGQGo&#8220; link_option_url_new_window=&#8220;on&#8220; locked=&#8220;off&#8220; global_colors_info=&#8220;{}&#8220;]<\/p>\n<p>Geboren &#8222;in der N\u00e4he von Stra\u00dfburg&#8220;, fand er im Rentenalter seine Herkunftsfamilie. Haben die deutschen M\u00fctter die Bedeutung der von ihnen unterschriebenen Papiere verstanden ?<\/p>\n<hr \/>\n<p>N\u00e9 &#8222;dans les environs de Strasbourg&#8220;, \u00e0 l&#8217;\u00e2ge de la retraite il retrouve sa famille d&#8217;origine.<br \/>Les m\u00e8res allemandes comprenaient-elles la signification des papiers qu&#8217;elles signaient ?<\/p>\n<p>[\/et_pb_blurb][\/et_pb_column][\/et_pb_row][et_pb_row column_structure=&#8220;1_3,1_3,1_3&#8243; _builder_version=&#8220;4.11.1&#8243; _module_preset=&#8220;default&#8220; width=&#8220;95%&#8220; max_width=&#8220;95%&#8220; custom_margin=&#8220;0px||0px||false|false&#8220; custom_padding=&#8220;0px||0px||false|false&#8220; global_colors_info=&#8220;{}&#8220;][et_pb_column type=&#8220;1_3&#8243; _builder_version=&#8220;4.11.1&#8243; _module_preset=&#8220;default&#8220; global_colors_info=&#8220;{}&#8220;][et_pb_text admin_label=&#8220;Texte Le Parc &#8211; der Park&#8220; _builder_version=&#8220;4.11.1&#8243; text_font=&#8220;|on|||&#8220; text_text_color=&#8220;#FFFFFF&#8220; text_font_size=&#8220;16px&#8220; text_line_height=&#8220;1em&#8220; header_font=&#8220;|on|||&#8220; header_text_color=&#8220;#a55ba6&#8243; header_font_size=&#8220;24px&#8220; background_color=&#8220;#f3e8f4&#8243; background_size=&#8220;initial&#8220; background_position=&#8220;top_left&#8220; background_repeat=&#8220;repeat&#8220; text_orientation=&#8220;center&#8220; width=&#8220;60%&#8220; module_alignment=&#8220;center&#8220; custom_margin=&#8220;1vh||||false|false&#8220; custom_padding=&#8220;1vh|1vw|1vh|1vw|false|false&#8220; custom_css_main_element=&#8220;box-shadow: 3px 3px 3px #7C7C7C;&#8220; header_text_shadow_style=&#8220;preset2&#8243; border_radii=&#8220;on|25px|25px|25px|25px&#8220; border_width_all=&#8220;2px&#8220; border_color_all=&#8220;#A55BA6&#8243; border_style_all=&#8220;solid&#8220; use_border_color=&#8220;on&#8220; border_color=&#8220;#a55ba6&#8243; border_width=&#8220;3px&#8220; border_style=&#8220;solid&#8220; locked=&#8220;off&#8220; global_colors_info=&#8220;{}&#8220;]<iframe width=\"373\" height=\"210\"src=\"https:\/\/www.youtube.com\/embed\/cu5PMemvDQE\" title=\"YouTube video player\" frameborder=\"0\" allow=\"accelerometer; autoplay; clipboard-write; encrypted-media; gyroscope; picture-in-picture\" allowfullscreen><\/iframe>[\/et_pb_text][\/et_pb_column][et_pb_column type=&#8220;1_3&#8243; _builder_version=&#8220;4.11.1&#8243; _module_preset=&#8220;default&#8220; global_colors_info=&#8220;{}&#8220;][et_pb_text admin_label=&#8220;Texte Le Parc &#8211; der Park&#8220; _builder_version=&#8220;4.11.1&#8243; text_font=&#8220;|on|||&#8220; text_text_color=&#8220;#FFFFFF&#8220; text_font_size=&#8220;16px&#8220; text_line_height=&#8220;1em&#8220; header_font=&#8220;|on|||&#8220; header_text_color=&#8220;#a55ba6&#8243; header_font_size=&#8220;24px&#8220; background_color=&#8220;#f3e8f4&#8243; background_size=&#8220;initial&#8220; background_position=&#8220;top_left&#8220; background_repeat=&#8220;repeat&#8220; text_orientation=&#8220;center&#8220; width=&#8220;60%&#8220; module_alignment=&#8220;center&#8220; custom_margin=&#8220;1vh||||false|false&#8220; custom_padding=&#8220;1vh|1vw|1vh|1vw|false|false&#8220; custom_css_main_element=&#8220;box-shadow: 3px 3px 3px #7C7C7C;&#8220; header_text_shadow_style=&#8220;preset2&#8243; border_radii=&#8220;on|25px|25px|25px|25px&#8220; border_width_all=&#8220;2px&#8220; border_color_all=&#8220;#A55BA6&#8243; border_style_all=&#8220;solid&#8220; use_border_color=&#8220;on&#8220; border_color=&#8220;#a55ba6&#8243; border_width=&#8220;3px&#8220; border_style=&#8220;solid&#8220; locked=&#8220;off&#8220; global_colors_info=&#8220;{}&#8220;]<iframe loading=\"lazy\" width=\"560\" height=\"315\" src=\"https:\/\/www.youtube.com\/embed\/E44DxLc8lag\" title=\"YouTube video player\" frameborder=\"0\" allow=\"accelerometer; autoplay; clipboard-write; encrypted-media; gyroscope; picture-in-picture\" allowfullscreen><\/iframe>[\/et_pb_text][\/et_pb_column][et_pb_column type=&#8220;1_3&#8243; _builder_version=&#8220;4.11.1&#8243; _module_preset=&#8220;default&#8220; global_colors_info=&#8220;{}&#8220;][et_pb_text admin_label=&#8220;Texte Le Parc &#8211; der Park&#8220; _builder_version=&#8220;4.11.1&#8243; text_font=&#8220;|on|||&#8220; text_text_color=&#8220;#FFFFFF&#8220; text_font_size=&#8220;16px&#8220; text_line_height=&#8220;1em&#8220; header_font=&#8220;|on|||&#8220; header_text_color=&#8220;#a55ba6&#8243; header_font_size=&#8220;24px&#8220; background_color=&#8220;#f3e8f4&#8243; background_size=&#8220;initial&#8220; background_position=&#8220;top_left&#8220; background_repeat=&#8220;repeat&#8220; text_orientation=&#8220;center&#8220; width=&#8220;60%&#8220; module_alignment=&#8220;center&#8220; custom_margin=&#8220;1vh||||false|false&#8220; custom_padding=&#8220;1vh|1vw|1vh|1vw|false|false&#8220; custom_css_main_element=&#8220;box-shadow: 3px 3px 3px #7C7C7C;&#8220; header_text_shadow_style=&#8220;preset2&#8243; border_radii=&#8220;on|25px|25px|25px|25px&#8220; border_width_all=&#8220;2px&#8220; border_color_all=&#8220;#A55BA6&#8243; border_style_all=&#8220;solid&#8220; use_border_color=&#8220;on&#8220; border_color=&#8220;#a55ba6&#8243; border_width=&#8220;3px&#8220; border_style=&#8220;solid&#8220; locked=&#8220;off&#8220; global_colors_info=&#8220;{}&#8220;]<iframe loading=\"lazy\" width=\"560\" height=\"315\" src=\"https:\/\/www.youtube.com\/embed\/GqrtpYyGQGo\" title=\"YouTube video player\" frameborder=\"0\" allow=\"accelerometer; autoplay; clipboard-write; encrypted-media; gyroscope; picture-in-picture\" allowfullscreen><\/iframe>[\/et_pb_text][\/et_pb_column][\/et_pb_row][\/et_pb_section][et_pb_section fb_built=&#8220;1&#8243; disabled_on=&#8220;on|on|on&#8220; _builder_version=&#8220;4.10.8&#8243; _module_preset=&#8220;default&#8220; background_enable_color=&#8220;off&#8220; background_image=&#8220;https:\/\/www.coeurssansfrontieres.com\/wp-content\/uploads\/2021\/09\/valpre1.jpg&#8220; parallax=&#8220;on&#8220; parallax_method=&#8220;off&#8220; width_tablet=&#8220;&#8220; width_phone=&#8220;&#8220; width_last_edited=&#8220;on|desktop&#8220; module_alignment=&#8220;center&#8220; custom_margin=&#8220;||-10vh||false|false&#8220; custom_padding=&#8220;||||false|false&#8220; custom_css_main_element=&#8220;\/*background-image : url(%22https:\/\/www.coeurssansfrontieres.com\/wp-content\/uploads\/2021\/09\/valpre1.jpg%22);||background-size:cover;*\/&#8220; disabled=&#8220;on&#8220; global_colors_info=&#8220;{}&#8220;][et_pb_row _builder_version=&#8220;4.10.8&#8243; _module_preset=&#8220;default&#8220; min_height=&#8220;109.4px&#8220; custom_margin=&#8220;-15vh|auto||auto|false|false&#8220; global_colors_info=&#8220;{}&#8220;][et_pb_column type=&#8220;4_4&#8243; _builder_version=&#8220;4.10.8&#8243; _module_preset=&#8220;default&#8220; global_colors_info=&#8220;{}&#8220;][et_pb_text _builder_version=&#8220;4.10.8&#8243; _module_preset=&#8220;default&#8220; header_font=&#8220;|700|||||||&#8220; header_text_align=&#8220;left&#8220; header_text_color=&#8220;#FFFFFF&#8220; header_font_size=&#8220;34px&#8220; background_color=&#8220;rgba(211,134,239,0.49)&#8220; width=&#8220;80%&#8220; max_width=&#8220;80%&#8220; module_alignment=&#8220;center&#8220; custom_padding=&#8220;1vh|2vw||2vw|false|false&#8220; header_text_shadow_style=&#8220;preset5&#8243; border_radii=&#8220;on|25px|25px|25px|25px&#8220; border_width_all=&#8220;2px&#8220; border_color_all=&#8220;#FFFFFF&#8220; box_shadow_style=&#8220;preset2&#8243; global_colors_info=&#8220;{}&#8220;]<\/p>\n<h1 style=\"text-align: center;\">Vid\u00e9os<\/h1>\n<p>[\/et_pb_text][et_pb_button button_url=&#8220;https:\/\/www.coeurssansfrontieres.com\/fr\/categoriestechniques\/non-classifiee\/valpre_2021\/&#8220; button_text=&#8220;Retour   &#8211;  Zur\u00fcck &#8220; button_alignment=&#8220;center&#8220; _builder_version=&#8220;4.11.1&#8243; _module_preset=&#8220;default&#8220; custom_button=&#8220;on&#8220; button_text_size=&#8220;12px&#8220; button_text_color=&#8220;#A55BA6&#8243; button_bg_color=&#8220;#f3e8f4&#8243; button_border_color=&#8220;#A55BA6&#8243; button_border_radius=&#8220;25px&#8220; button_font=&#8220;|700|||||||&#8220; button_icon=&#8220;%%41%%&#8220; button_icon_color=&#8220;#A55BA6&#8243; button_on_hover=&#8220;off&#8220; custom_margin=&#8220;-2vh||-2vh||false|false&#8220; custom_padding=&#8220;0.5vh|1vw|0.5vh|1vw|false|false&#8220; button_text_shadow_style=&#8220;preset5&#8243; button_text_shadow_color=&#8220;#FFFFFF&#8220; locked=&#8220;off&#8220; global_colors_info=&#8220;{}&#8220;][\/et_pb_button][\/et_pb_column][\/et_pb_row][et_pb_row column_structure=&#8220;3_5,2_5&#8243; _builder_version=&#8220;4.10.8&#8243; _module_preset=&#8220;default&#8220; background_color=&#8220;rgba(211,134,239,0.49)&#8220; width=&#8220;75%&#8220; max_width=&#8220;75%&#8220; custom_padding=&#8220;||||false|false&#8220; border_radii=&#8220;on|25px|25px|25px|25px&#8220; border_width_all=&#8220;1px&#8220; border_color_all=&#8220;#FFFFFF&#8220; global_colors_info=&#8220;{}&#8220;][et_pb_column type=&#8220;3_5&#8243; _builder_version=&#8220;4.10.8&#8243; _module_preset=&#8220;default&#8220; global_colors_info=&#8220;{}&#8220;][et_pb_blurb title=&#8220;Premiers contacts &#8211; Erste Kontakte&#8220; url=&#8220;https:\/\/youtu.be\/e5rQlofrvKs&#8220; url_new_window=&#8220;on&#8220; image=&#8220;https:\/\/www.coeurssansfrontieres.com\/wp-content\/uploads\/2016\/07\/favicon.ico&#8220; alt=&#8220;CSF-HOG&#8220; content_max_width=&#8220;900px&#8220; admin_label=&#8220;Rs photos&#8220; module_class=&#8220;et_pb_blurb_CSFHOG_FP&#8220; _builder_version=&#8220;4.10.8&#8243; _module_preset=&#8220;default&#8220; custom_margin=&#8220;2vh|||3vw|false|false&#8220; custom_padding=&#8220;||||false|false&#8220; link_option_url=&#8220;https:\/\/youtu.be\/e5rQlofrvKs&#8220; link_option_url_new_window=&#8220;on&#8220; locked=&#8220;off&#8220; global_colors_info=&#8220;{}&#8220;]<\/p>\n<p>Un aper\u00e7u des lieux et, le vendredi soir, les premiers contacts entre participants.<\/p>\n<p>Ein \u00dcberblick \u00fcber die R\u00e4umlichkeiten und am Freitagabend die ersten Kontakte zwischen den Teilnehmern.<\/p>\n<p>[\/et_pb_blurb][\/et_pb_column][et_pb_column type=&#8220;2_5&#8243; _builder_version=&#8220;4.10.8&#8243; _module_preset=&#8220;default&#8220; custom_padding=&#8220;|2vw|||false|false&#8220; global_colors_info=&#8220;{}&#8220;][et_pb_code _builder_version=&#8220;4.10.8&#8243; _module_preset=&#8220;default&#8220; width=&#8220;50%&#8220; module_alignment=&#8220;center&#8220; border_radii=&#8220;on|25px|25px|25px|25px&#8220; global_colors_info=&#8220;{}&#8220;]<iframe loading=\"lazy\" width=\"560\" height=\"315\" src=\"https:\/\/www.youtube.com\/embed\/e5rQlofrvKs\" title=\"YouTube video player\" frameborder=\"0\" allow=\"accelerometer; autoplay; clipboard-write; encrypted-media; gyroscope; picture-in-picture\" allowfullscreen><\/iframe>[\/et_pb_code][\/et_pb_column][\/et_pb_row][et_pb_row column_structure=&#8220;2_5,3_5&#8243; _builder_version=&#8220;4.10.8&#8243; _module_preset=&#8220;default&#8220; background_color=&#8220;rgba(211,134,239,0.49)&#8220; width=&#8220;75%&#8220; max_width=&#8220;75%&#8220; custom_padding=&#8220;||||false|false&#8220; border_radii=&#8220;on|25px|25px|25px|25px&#8220; border_width_all=&#8220;1px&#8220; border_color_all=&#8220;#FFFFFF&#8220; global_colors_info=&#8220;{}&#8220;][et_pb_column type=&#8220;2_5&#8243; _builder_version=&#8220;4.10.8&#8243; _module_preset=&#8220;default&#8220; global_colors_info=&#8220;{}&#8220;][et_pb_code _builder_version=&#8220;4.10.8&#8243; _module_preset=&#8220;default&#8220; width=&#8220;50%&#8220; module_alignment=&#8220;center&#8220; border_radii=&#8220;on|25px|25px|25px|25px&#8220; global_colors_info=&#8220;{}&#8220;]<iframe loading=\"lazy\" width=\"560\" height=\"315\" src=\"https:\/\/www.youtube.com\/embed\/TgM7PGXZbRY\" title=\"YouTube video player\" frameborder=\"0\" allow=\"accelerometer; autoplay; clipboard-write; encrypted-media; gyroscope; picture-in-picture\" allowfullscreen><\/iframe>[\/et_pb_code][\/et_pb_column][et_pb_column type=&#8220;3_5&#8243; _builder_version=&#8220;4.10.8&#8243; _module_preset=&#8220;default&#8220; global_colors_info=&#8220;{}&#8220;][et_pb_blurb title=&#8220;Christian Mittelbronn&#8220; url=&#8220;https:\/\/www.youtube.com\/watch?v=TgM7PGXZbRY&#8220; url_new_window=&#8220;on&#8220; image=&#8220;https:\/\/www.coeurssansfrontieres.com\/wp-content\/uploads\/2016\/07\/favicon.ico&#8220; alt=&#8220;CSF-HOG&#8220; admin_label=&#8220;Rs photos&#8220; module_class=&#8220;et_pb_blurb_CSFHOG_FP&#8220; _builder_version=&#8220;4.10.8&#8243; _module_preset=&#8220;default&#8220; width=&#8220;95%&#8220; custom_margin=&#8220;3vh|4vw|||false|false&#8220; custom_padding=&#8220;||||false|false&#8220; link_option_url=&#8220;https:\/\/www.youtube.com\/watch?v=TgM7PGXZbRY&#8220; link_option_url_new_window=&#8220;on&#8220; locked=&#8220;off&#8220; global_colors_info=&#8220;{}&#8220;]<\/p>\n<p>Le poids du silence.<br \/>das Gewicht des Schweigens.<\/p>\n<p>[\/et_pb_blurb][\/et_pb_column][\/et_pb_row][et_pb_row column_structure=&#8220;3_5,2_5&#8243; _builder_version=&#8220;4.10.8&#8243; _module_preset=&#8220;default&#8220; background_color=&#8220;rgba(211,134,239,0.49)&#8220; width=&#8220;75%&#8220; max_width=&#8220;75%&#8220; custom_padding=&#8220;||||false|false&#8220; border_radii=&#8220;on|25px|25px|25px|25px&#8220; border_width_all=&#8220;1px&#8220; border_color_all=&#8220;#FFFFFF&#8220; global_colors_info=&#8220;{}&#8220;][et_pb_column type=&#8220;3_5&#8243; _builder_version=&#8220;4.10.8&#8243; _module_preset=&#8220;default&#8220; global_colors_info=&#8220;{}&#8220;][et_pb_blurb title=&#8220;Thierry Soudan&#8220; url=&#8220;https:\/\/www.youtube.com\/watch?v=QMD1gspINag&#8220; url_new_window=&#8220;on&#8220; image=&#8220;https:\/\/www.coeurssansfrontieres.com\/wp-content\/uploads\/2016\/07\/favicon.ico&#8220; alt=&#8220;CSF-HOG&#8220; content_max_width=&#8220;900px&#8220; admin_label=&#8220;Rs photos&#8220; module_class=&#8220;et_pb_blurb_CSFHOG_FP&#8220; _builder_version=&#8220;4.10.8&#8243; _module_preset=&#8220;default&#8220; custom_margin=&#8220;2vh|||3vw|false|false&#8220; custom_padding=&#8220;||||false|false&#8220; link_option_url=&#8220;https:\/\/www.youtube.com\/watch?v=QMD1gspINag&#8220; link_option_url_new_window=&#8220;on&#8220; locked=&#8220;off&#8220; global_colors_info=&#8220;{}&#8220;]<\/p>\n<p>Retrouver un fr\u00e8re et une s\u0153ur gr\u00e2ce \u00e0 une lettre sur une tombe.<\/p>\n<p>Ein Bruder und eine Schwester durch einen Brief auf einem Grab finden.<\/p>\n<p>[\/et_pb_blurb][\/et_pb_column][et_pb_column type=&#8220;2_5&#8243; _builder_version=&#8220;4.10.8&#8243; _module_preset=&#8220;default&#8220; custom_padding=&#8220;|2vw|||false|false&#8220; global_colors_info=&#8220;{}&#8220;][et_pb_code _builder_version=&#8220;4.10.8&#8243; _module_preset=&#8220;default&#8220; width=&#8220;50%&#8220; module_alignment=&#8220;center&#8220; border_radii=&#8220;on|25px|25px|25px|25px&#8220; global_colors_info=&#8220;{}&#8220;]<iframe loading=\"lazy\" width=\"560\" height=\"315\" src=\"https:\/\/www.youtube.com\/embed\/QMD1gspINag\" title=\"YouTube video player\" frameborder=\"0\" allow=\"accelerometer; autoplay; clipboard-write; encrypted-media; gyroscope; picture-in-picture\" allowfullscreen><\/iframe>[\/et_pb_code][\/et_pb_column][\/et_pb_row][et_pb_row column_structure=&#8220;2_5,3_5&#8243; _builder_version=&#8220;4.10.8&#8243; _module_preset=&#8220;default&#8220; background_color=&#8220;rgba(211,134,239,0.49)&#8220; width=&#8220;75%&#8220; max_width=&#8220;75%&#8220; custom_padding=&#8220;||||false|false&#8220; border_radii=&#8220;on|25px|25px|25px|25px&#8220; border_width_all=&#8220;1px&#8220; border_color_all=&#8220;#FFFFFF&#8220; global_colors_info=&#8220;{}&#8220;][et_pb_column type=&#8220;2_5&#8243; _builder_version=&#8220;4.10.8&#8243; _module_preset=&#8220;default&#8220; global_colors_info=&#8220;{}&#8220;][et_pb_code _builder_version=&#8220;4.10.8&#8243; _module_preset=&#8220;default&#8220; width=&#8220;50%&#8220; module_alignment=&#8220;center&#8220; border_radii=&#8220;on|25px|25px|25px|25px&#8220; global_colors_info=&#8220;{}&#8220;]<iframe loading=\"lazy\" width=\"560\" height=\"315\" src=\"https:\/\/www.youtube.com\/embed\/cu5PMemvDQE\" title=\"YouTube video player\" frameborder=\"0\" allow=\"accelerometer; autoplay; clipboard-write; encrypted-media; gyroscope; picture-in-picture\" allowfullscreen><\/iframe>[\/et_pb_code][\/et_pb_column][et_pb_column type=&#8220;3_5&#8243; _builder_version=&#8220;4.10.8&#8243; _module_preset=&#8220;default&#8220; global_colors_info=&#8220;{}&#8220;][et_pb_blurb title=&#8220;Marlene MAERKERT &#8220; url=&#8220;https:\/\/www.youtube.com\/watch?v=cu5PMemvDQE&#8220; url_new_window=&#8220;on&#8220; image=&#8220;https:\/\/www.coeurssansfrontieres.com\/wp-content\/uploads\/2016\/07\/favicon.ico&#8220; alt=&#8220;CSF-HOG&#8220; admin_label=&#8220;Rs photos&#8220; module_class=&#8220;et_pb_blurb_CSFHOG_FP&#8220; _builder_version=&#8220;4.10.8&#8243; _module_preset=&#8220;default&#8220; width=&#8220;95%&#8220; custom_margin=&#8220;3vh|4vw|||false|false&#8220; custom_padding=&#8220;||||false|false&#8220; link_option_url=&#8220;https:\/\/www.youtube.com\/watch?v=cu5PMemvDQE&#8220; link_option_url_new_window=&#8220;on&#8220; locked=&#8220;off&#8220; global_colors_info=&#8220;{}&#8220;]<\/p>\n<p>La maison de mon p\u00e8re.<\/p>\n<p>Das Haus meines Vaters.<\/p>\n<p>[\/et_pb_blurb][\/et_pb_column][\/et_pb_row][et_pb_row column_structure=&#8220;3_5,2_5&#8243; _builder_version=&#8220;4.10.8&#8243; _module_preset=&#8220;default&#8220; background_color=&#8220;rgba(211,134,239,0.49)&#8220; width=&#8220;75%&#8220; max_width=&#8220;75%&#8220; custom_padding=&#8220;||||false|false&#8220; border_radii=&#8220;on|25px|25px|25px|25px&#8220; border_width_all=&#8220;1px&#8220; border_color_all=&#8220;#FFFFFF&#8220; global_colors_info=&#8220;{}&#8220;][et_pb_column type=&#8220;3_5&#8243; _builder_version=&#8220;4.10.8&#8243; _module_preset=&#8220;default&#8220; global_colors_info=&#8220;{}&#8220;][et_pb_blurb title=&#8220;Anne Chebeau&#8220; url=&#8220;https:\/\/www.youtube.com\/watch?v=E44DxLc8lag&#8220; url_new_window=&#8220;on&#8220; image=&#8220;https:\/\/www.coeurssansfrontieres.com\/wp-content\/uploads\/2016\/07\/favicon.ico&#8220; alt=&#8220;CSF-HOG&#8220; content_max_width=&#8220;900px&#8220; admin_label=&#8220;Rs photos&#8220; module_class=&#8220;et_pb_blurb_CSFHOG_FP&#8220; _builder_version=&#8220;4.10.8&#8243; _module_preset=&#8220;default&#8220; custom_margin=&#8220;2vh|||3vw|false|false&#8220; custom_padding=&#8220;||||false|false&#8220; link_option_url=&#8220;https:\/\/www.youtube.com\/watch?v=E44DxLc8lag&#8220; link_option_url_new_window=&#8220;on&#8220; locked=&#8220;off&#8220; global_colors_info=&#8220;{}&#8220;]<\/p>\n<p>Retir\u00e9e \u00e0 sa m\u00e8re allemande, \u00e9lev\u00e9e en France,\u00a0 Anne finira par retrouver sa famille d&#8217;origine<\/p>\n<p>Von ihrer deutschen Mutter weggenommen und in Frankreich aufgewachsen, wird Anne schlie\u00dflich ihre Herkunftsfamilie finden.<\/p>\n<p>[\/et_pb_blurb][\/et_pb_column][et_pb_column type=&#8220;2_5&#8243; _builder_version=&#8220;4.10.8&#8243; _module_preset=&#8220;default&#8220; custom_padding=&#8220;|2vw|||false|false&#8220; global_colors_info=&#8220;{}&#8220;][et_pb_code _builder_version=&#8220;4.10.8&#8243; _module_preset=&#8220;default&#8220; width=&#8220;50%&#8220; module_alignment=&#8220;center&#8220; border_radii=&#8220;on|25px|25px|25px|25px&#8220; global_colors_info=&#8220;{}&#8220;]<iframe loading=\"lazy\" width=\"560\" height=\"315\" src=\"https:\/\/www.youtube.com\/embed\/E44DxLc8lag\" title=\"YouTube video player\" frameborder=\"0\" allow=\"accelerometer; autoplay; clipboard-write; encrypted-media; gyroscope; picture-in-picture\" allowfullscreen><\/iframe>[\/et_pb_code][\/et_pb_column][\/et_pb_row][et_pb_row column_structure=&#8220;2_5,3_5&#8243; _builder_version=&#8220;4.10.8&#8243; _module_preset=&#8220;default&#8220; background_color=&#8220;rgba(211,134,239,0.49)&#8220; width=&#8220;75%&#8220; max_width=&#8220;75%&#8220; custom_padding=&#8220;||||false|false&#8220; border_radii=&#8220;on|25px|25px|25px|25px&#8220; border_width_all=&#8220;1px&#8220; border_color_all=&#8220;#FFFFFF&#8220; global_colors_info=&#8220;{}&#8220;][et_pb_column type=&#8220;2_5&#8243; _builder_version=&#8220;4.10.8&#8243; _module_preset=&#8220;default&#8220; global_colors_info=&#8220;{}&#8220;][et_pb_code _builder_version=&#8220;4.10.8&#8243; _module_preset=&#8220;default&#8220; width=&#8220;50%&#8220; module_alignment=&#8220;center&#8220; custom_margin=&#8220;3vh||||false|false&#8220; border_radii=&#8220;on|25px|25px|25px|25px&#8220; global_colors_info=&#8220;{}&#8220;]<iframe loading=\"lazy\" width=\"560\" height=\"315\" src=\"https:\/\/www.youtube.com\/embed\/GqrtpYyGQGo\" title=\"YouTube video player\" frameborder=\"0\" allow=\"accelerometer; autoplay; clipboard-write; encrypted-media; gyroscope; picture-in-picture\" allowfullscreen><\/iframe>[\/et_pb_code][\/et_pb_column][et_pb_column type=&#8220;3_5&#8243; _builder_version=&#8220;4.10.8&#8243; _module_preset=&#8220;default&#8220; global_colors_info=&#8220;{}&#8220;][et_pb_blurb title=&#8220;S\u00e9bastien Driesbach&#8220; url=&#8220;https:\/\/www.youtube.com\/watch?v=GqrtpYyGQGo&#8220; url_new_window=&#8220;on&#8220; image=&#8220;https:\/\/www.coeurssansfrontieres.com\/wp-content\/uploads\/2016\/07\/favicon.ico&#8220; alt=&#8220;CSF-HOG&#8220; admin_label=&#8220;Rs photos&#8220; module_class=&#8220;et_pb_blurb_CSFHOG_FP&#8220; _builder_version=&#8220;4.10.8&#8243; _module_preset=&#8220;default&#8220; width=&#8220;95%&#8220; custom_margin=&#8220;3vh|4vw|||false|false&#8220; custom_padding=&#8220;||||false|false&#8220; link_option_url=&#8220;https:\/\/www.youtube.com\/watch?v=GqrtpYyGQGo&#8220; link_option_url_new_window=&#8220;on&#8220; locked=&#8220;off&#8220; global_colors_info=&#8220;{}&#8220;]<\/p>\n<p>N\u00e9 &#8222;dans les environs de Strasbourg&#8220;, c&#8217;est \u00e0 l&#8217;\u00e2ge de la retraite qu&#8217;il retrouve sa famille d&#8217;origine. Les m\u00e8res allemandes comprenaient-elles la signification des papiers qu&#8217;elles signaient ?<\/p>\n<p>Geboren &#8222;in der N\u00e4he von Stra\u00dfburg&#8220;, fand er erst im Rentenalter zu seiner Herkunftsfamilie. Haben die deutschen M\u00fctter die Bedeutung der Papiere, die sie unterschrieben haben, verstanden?<\/p>\n<p>[\/et_pb_blurb][\/et_pb_column][\/et_pb_row][\/et_pb_section]<\/p>\n","protected":false},"excerpt":{"rendered":"<p>Vid\u00e9os \u2013 Videos<\/p>\n","protected":false},"author":249,"featured_media":20941,"comment_status":"closed","ping_status":"closed","sticky":false,"template":"","format":"standard","meta":{"_et_pb_use_builder":"on","_et_pb_old_content":"","_et_gb_content_width":"","footnotes":""},"categories":[211,14],"tags":[],"class_list":["post-21241","post","type-post","status-publish","format-standard","has-post-thumbnail","hentry","category-jahrliche-treffen","category-vereinsleben"],"yoast_head":"<!-- This site is optimized with the Yoast SEO plugin v27.5 - https:\/\/yoast.com\/product\/yoast-seo-wordpress\/ -->\n<title>LYON \u2013 (Valpr\u00e9) Vid\u00e9os \u2013 Videos - CSF - HOG<\/title>\n<meta name=\"robots\" content=\"index, follow, max-snippet:-1, max-image-preview:large, max-video-preview:-1\" \/>\n<link rel=\"canonical\" href=\"https:\/\/www.coeurssansfrontieres.com\/de\/vereinsleben\/video_valpre\/\" \/>\n<meta property=\"og:locale\" content=\"de_DE\" \/>\n<meta property=\"og:type\" content=\"article\" \/>\n<meta property=\"og:title\" content=\"LYON \u2013 (Valpr\u00e9) Vid\u00e9os \u2013 Videos - CSF - HOG\" \/>\n<meta property=\"og:description\" content=\"Vid\u00e9os \u2013 Videos\" \/>\n<meta property=\"og:url\" content=\"https:\/\/www.coeurssansfrontieres.com\/de\/vereinsleben\/video_valpre\/\" \/>\n<meta property=\"og:site_name\" content=\"CSF - HOG\" \/>\n<meta property=\"article:published_time\" content=\"2021-09-28T12:19:40+00:00\" \/>\n<meta property=\"article:modified_time\" content=\"2021-11-03T17:10:50+00:00\" \/>\n<meta property=\"og:image\" content=\"https:\/\/www.coeurssansfrontieres.com\/wp-content\/uploads\/2021\/09\/VignetteLyon01.jpg\" \/>\n\t<meta property=\"og:image:width\" content=\"200\" \/>\n\t<meta property=\"og:image:height\" content=\"200\" \/>\n\t<meta property=\"og:image:type\" content=\"image\/jpeg\" \/>\n<meta name=\"author\" content=\"GOFFIN Alexandre\" \/>\n<meta name=\"twitter:card\" content=\"summary_large_image\" \/>\n<meta name=\"twitter:label1\" content=\"Verfasst von\" \/>\n\t<meta name=\"twitter:data1\" content=\"GOFFIN Alexandre\" \/>\n\t<meta name=\"twitter:label2\" content=\"Gesch\u00e4tzte Lesezeit\" \/>\n\t<meta name=\"twitter:data2\" content=\"5\u00a0Minuten\" \/>\n<script type=\"application\/ld+json\" class=\"yoast-schema-graph\">{\"@context\":\"https:\\\/\\\/schema.org\",\"@graph\":[{\"@type\":\"Article\",\"@id\":\"https:\\\/\\\/www.coeurssansfrontieres.com\\\/de\\\/vereinsleben\\\/video_valpre\\\/#article\",\"isPartOf\":{\"@id\":\"https:\\\/\\\/www.coeurssansfrontieres.com\\\/de\\\/vereinsleben\\\/video_valpre\\\/\"},\"author\":{\"name\":\"GOFFIN Alexandre\",\"@id\":\"https:\\\/\\\/www.coeurssansfrontieres.com\\\/fr\\\/#\\\/schema\\\/person\\\/19507754554eb5218427fc31038cac56\"},\"headline\":\"LYON \u2013 (Valpr\u00e9) Vid\u00e9os \u2013 Videos\",\"datePublished\":\"2021-09-28T12:19:40+00:00\",\"dateModified\":\"2021-11-03T17:10:50+00:00\",\"mainEntityOfPage\":{\"@id\":\"https:\\\/\\\/www.coeurssansfrontieres.com\\\/de\\\/vereinsleben\\\/video_valpre\\\/\"},\"wordCount\":3581,\"image\":{\"@id\":\"https:\\\/\\\/www.coeurssansfrontieres.com\\\/de\\\/vereinsleben\\\/video_valpre\\\/#primaryimage\"},\"thumbnailUrl\":\"https:\\\/\\\/www.coeurssansfrontieres.com\\\/wp-content\\\/uploads\\\/2021\\\/09\\\/VignetteLyon01.jpg\",\"articleSection\":[\"j\u00e4hrliche Treffen\",\"Vereinsleben\"],\"inLanguage\":\"de\"},{\"@type\":\"WebPage\",\"@id\":\"https:\\\/\\\/www.coeurssansfrontieres.com\\\/de\\\/vereinsleben\\\/video_valpre\\\/\",\"url\":\"https:\\\/\\\/www.coeurssansfrontieres.com\\\/de\\\/vereinsleben\\\/video_valpre\\\/\",\"name\":\"LYON \u2013 (Valpr\u00e9) Vid\u00e9os \u2013 Videos - CSF - HOG\",\"isPartOf\":{\"@id\":\"https:\\\/\\\/www.coeurssansfrontieres.com\\\/fr\\\/#website\"},\"primaryImageOfPage\":{\"@id\":\"https:\\\/\\\/www.coeurssansfrontieres.com\\\/de\\\/vereinsleben\\\/video_valpre\\\/#primaryimage\"},\"image\":{\"@id\":\"https:\\\/\\\/www.coeurssansfrontieres.com\\\/de\\\/vereinsleben\\\/video_valpre\\\/#primaryimage\"},\"thumbnailUrl\":\"https:\\\/\\\/www.coeurssansfrontieres.com\\\/wp-content\\\/uploads\\\/2021\\\/09\\\/VignetteLyon01.jpg\",\"datePublished\":\"2021-09-28T12:19:40+00:00\",\"dateModified\":\"2021-11-03T17:10:50+00:00\",\"author\":{\"@id\":\"https:\\\/\\\/www.coeurssansfrontieres.com\\\/fr\\\/#\\\/schema\\\/person\\\/19507754554eb5218427fc31038cac56\"},\"breadcrumb\":{\"@id\":\"https:\\\/\\\/www.coeurssansfrontieres.com\\\/de\\\/vereinsleben\\\/video_valpre\\\/#breadcrumb\"},\"inLanguage\":\"de\",\"potentialAction\":[{\"@type\":\"ReadAction\",\"target\":[\"https:\\\/\\\/www.coeurssansfrontieres.com\\\/de\\\/vereinsleben\\\/video_valpre\\\/\"]}]},{\"@type\":\"ImageObject\",\"inLanguage\":\"de\",\"@id\":\"https:\\\/\\\/www.coeurssansfrontieres.com\\\/de\\\/vereinsleben\\\/video_valpre\\\/#primaryimage\",\"url\":\"https:\\\/\\\/www.coeurssansfrontieres.com\\\/wp-content\\\/uploads\\\/2021\\\/09\\\/VignetteLyon01.jpg\",\"contentUrl\":\"https:\\\/\\\/www.coeurssansfrontieres.com\\\/wp-content\\\/uploads\\\/2021\\\/09\\\/VignetteLyon01.jpg\",\"width\":200,\"height\":200},{\"@type\":\"BreadcrumbList\",\"@id\":\"https:\\\/\\\/www.coeurssansfrontieres.com\\\/de\\\/vereinsleben\\\/video_valpre\\\/#breadcrumb\",\"itemListElement\":[{\"@type\":\"ListItem\",\"position\":1,\"name\":\"Accueil\",\"item\":\"https:\\\/\\\/www.coeurssansfrontieres.com\\\/de\\\/\"},{\"@type\":\"ListItem\",\"position\":2,\"name\":\"LYON \u2013 (Valpr\u00e9) Vid\u00e9os \u2013 Videos\"}]},{\"@type\":\"WebSite\",\"@id\":\"https:\\\/\\\/www.coeurssansfrontieres.com\\\/fr\\\/#website\",\"url\":\"https:\\\/\\\/www.coeurssansfrontieres.com\\\/fr\\\/\",\"name\":\"C\u0153urs sans fronti\u00e8res\",\"description\":\"Association franco-allemande des Enfants de la Seconde Guerre Mondiale\",\"potentialAction\":[{\"@type\":\"SearchAction\",\"target\":{\"@type\":\"EntryPoint\",\"urlTemplate\":\"https:\\\/\\\/www.coeurssansfrontieres.com\\\/fr\\\/?s={search_term_string}\"},\"query-input\":{\"@type\":\"PropertyValueSpecification\",\"valueRequired\":true,\"valueName\":\"search_term_string\"}}],\"inLanguage\":\"de\"},{\"@type\":\"Person\",\"@id\":\"https:\\\/\\\/www.coeurssansfrontieres.com\\\/fr\\\/#\\\/schema\\\/person\\\/19507754554eb5218427fc31038cac56\",\"name\":\"GOFFIN Alexandre\"}]}<\/script>\n<!-- \/ Yoast SEO plugin. -->","yoast_head_json":{"title":"LYON \u2013 (Valpr\u00e9) Vid\u00e9os \u2013 Videos - CSF - HOG","robots":{"index":"index","follow":"follow","max-snippet":"max-snippet:-1","max-image-preview":"max-image-preview:large","max-video-preview":"max-video-preview:-1"},"canonical":"https:\/\/www.coeurssansfrontieres.com\/de\/vereinsleben\/video_valpre\/","og_locale":"de_DE","og_type":"article","og_title":"LYON \u2013 (Valpr\u00e9) Vid\u00e9os \u2013 Videos - CSF - HOG","og_description":"Vid\u00e9os \u2013 Videos","og_url":"https:\/\/www.coeurssansfrontieres.com\/de\/vereinsleben\/video_valpre\/","og_site_name":"CSF - HOG","article_published_time":"2021-09-28T12:19:40+00:00","article_modified_time":"2021-11-03T17:10:50+00:00","og_image":[{"width":200,"height":200,"url":"https:\/\/www.coeurssansfrontieres.com\/wp-content\/uploads\/2021\/09\/VignetteLyon01.jpg","type":"image\/jpeg"}],"author":"GOFFIN Alexandre","twitter_card":"summary_large_image","twitter_misc":{"Verfasst von":"GOFFIN Alexandre","Gesch\u00e4tzte Lesezeit":"5\u00a0Minuten"},"schema":{"@context":"https:\/\/schema.org","@graph":[{"@type":"Article","@id":"https:\/\/www.coeurssansfrontieres.com\/de\/vereinsleben\/video_valpre\/#article","isPartOf":{"@id":"https:\/\/www.coeurssansfrontieres.com\/de\/vereinsleben\/video_valpre\/"},"author":{"name":"GOFFIN Alexandre","@id":"https:\/\/www.coeurssansfrontieres.com\/fr\/#\/schema\/person\/19507754554eb5218427fc31038cac56"},"headline":"LYON \u2013 (Valpr\u00e9) Vid\u00e9os \u2013 Videos","datePublished":"2021-09-28T12:19:40+00:00","dateModified":"2021-11-03T17:10:50+00:00","mainEntityOfPage":{"@id":"https:\/\/www.coeurssansfrontieres.com\/de\/vereinsleben\/video_valpre\/"},"wordCount":3581,"image":{"@id":"https:\/\/www.coeurssansfrontieres.com\/de\/vereinsleben\/video_valpre\/#primaryimage"},"thumbnailUrl":"https:\/\/www.coeurssansfrontieres.com\/wp-content\/uploads\/2021\/09\/VignetteLyon01.jpg","articleSection":["j\u00e4hrliche Treffen","Vereinsleben"],"inLanguage":"de"},{"@type":"WebPage","@id":"https:\/\/www.coeurssansfrontieres.com\/de\/vereinsleben\/video_valpre\/","url":"https:\/\/www.coeurssansfrontieres.com\/de\/vereinsleben\/video_valpre\/","name":"LYON \u2013 (Valpr\u00e9) Vid\u00e9os \u2013 Videos - CSF - HOG","isPartOf":{"@id":"https:\/\/www.coeurssansfrontieres.com\/fr\/#website"},"primaryImageOfPage":{"@id":"https:\/\/www.coeurssansfrontieres.com\/de\/vereinsleben\/video_valpre\/#primaryimage"},"image":{"@id":"https:\/\/www.coeurssansfrontieres.com\/de\/vereinsleben\/video_valpre\/#primaryimage"},"thumbnailUrl":"https:\/\/www.coeurssansfrontieres.com\/wp-content\/uploads\/2021\/09\/VignetteLyon01.jpg","datePublished":"2021-09-28T12:19:40+00:00","dateModified":"2021-11-03T17:10:50+00:00","author":{"@id":"https:\/\/www.coeurssansfrontieres.com\/fr\/#\/schema\/person\/19507754554eb5218427fc31038cac56"},"breadcrumb":{"@id":"https:\/\/www.coeurssansfrontieres.com\/de\/vereinsleben\/video_valpre\/#breadcrumb"},"inLanguage":"de","potentialAction":[{"@type":"ReadAction","target":["https:\/\/www.coeurssansfrontieres.com\/de\/vereinsleben\/video_valpre\/"]}]},{"@type":"ImageObject","inLanguage":"de","@id":"https:\/\/www.coeurssansfrontieres.com\/de\/vereinsleben\/video_valpre\/#primaryimage","url":"https:\/\/www.coeurssansfrontieres.com\/wp-content\/uploads\/2021\/09\/VignetteLyon01.jpg","contentUrl":"https:\/\/www.coeurssansfrontieres.com\/wp-content\/uploads\/2021\/09\/VignetteLyon01.jpg","width":200,"height":200},{"@type":"BreadcrumbList","@id":"https:\/\/www.coeurssansfrontieres.com\/de\/vereinsleben\/video_valpre\/#breadcrumb","itemListElement":[{"@type":"ListItem","position":1,"name":"Accueil","item":"https:\/\/www.coeurssansfrontieres.com\/de\/"},{"@type":"ListItem","position":2,"name":"LYON \u2013 (Valpr\u00e9) Vid\u00e9os \u2013 Videos"}]},{"@type":"WebSite","@id":"https:\/\/www.coeurssansfrontieres.com\/fr\/#website","url":"https:\/\/www.coeurssansfrontieres.com\/fr\/","name":"C\u0153urs sans fronti\u00e8res","description":"Association franco-allemande des Enfants de la Seconde Guerre Mondiale","potentialAction":[{"@type":"SearchAction","target":{"@type":"EntryPoint","urlTemplate":"https:\/\/www.coeurssansfrontieres.com\/fr\/?s={search_term_string}"},"query-input":{"@type":"PropertyValueSpecification","valueRequired":true,"valueName":"search_term_string"}}],"inLanguage":"de"},{"@type":"Person","@id":"https:\/\/www.coeurssansfrontieres.com\/fr\/#\/schema\/person\/19507754554eb5218427fc31038cac56","name":"GOFFIN Alexandre"}]}},"_links":{"self":[{"href":"https:\/\/www.coeurssansfrontieres.com\/de\/wp-json\/wp\/v2\/posts\/21241","targetHints":{"allow":["GET"]}}],"collection":[{"href":"https:\/\/www.coeurssansfrontieres.com\/de\/wp-json\/wp\/v2\/posts"}],"about":[{"href":"https:\/\/www.coeurssansfrontieres.com\/de\/wp-json\/wp\/v2\/types\/post"}],"author":[{"embeddable":true,"href":"https:\/\/www.coeurssansfrontieres.com\/de\/wp-json\/wp\/v2\/users\/249"}],"replies":[{"embeddable":true,"href":"https:\/\/www.coeurssansfrontieres.com\/de\/wp-json\/wp\/v2\/comments?post=21241"}],"version-history":[{"count":2,"href":"https:\/\/www.coeurssansfrontieres.com\/de\/wp-json\/wp\/v2\/posts\/21241\/revisions"}],"predecessor-version":[{"id":21250,"href":"https:\/\/www.coeurssansfrontieres.com\/de\/wp-json\/wp\/v2\/posts\/21241\/revisions\/21250"}],"wp:featuredmedia":[{"embeddable":true,"href":"https:\/\/www.coeurssansfrontieres.com\/de\/wp-json\/wp\/v2\/media\/20941"}],"wp:attachment":[{"href":"https:\/\/www.coeurssansfrontieres.com\/de\/wp-json\/wp\/v2\/media?parent=21241"}],"wp:term":[{"taxonomy":"category","embeddable":true,"href":"https:\/\/www.coeurssansfrontieres.com\/de\/wp-json\/wp\/v2\/categories?post=21241"},{"taxonomy":"post_tag","embeddable":true,"href":"https:\/\/www.coeurssansfrontieres.com\/de\/wp-json\/wp\/v2\/tags?post=21241"}],"curies":[{"name":"wp","href":"https:\/\/api.w.org\/{rel}","templated":true}]}}