{"id":21247,"date":"2021-09-27T15:12:09","date_gmt":"2021-09-27T13:12:09","guid":{"rendered":"https:\/\/www.coeurssansfrontieres.com\/kategorientechniken\/unkategorisiert\/videosamedi_valpre\/"},"modified":"2021-11-03T18:18:16","modified_gmt":"2021-11-03T17:18:16","slug":"videosamedi_valpre","status":"publish","type":"post","link":"https:\/\/www.coeurssansfrontieres.com\/de\/vereinsleben\/videosamedi_valpre\/","title":{"rendered":"LYON \u2013 (Valpr\u00e9) \u2013 Film"},"content":{"rendered":"<p>[et_pb_section fb_built=&#8220;1&#8243; _builder_version=&#8220;4.11.1&#8243; _module_preset=&#8220;default&#8220; background_enable_color=&#8220;off&#8220; background_image=&#8220;https:\/\/www.coeurssansfrontieres.com\/wp-content\/uploads\/2021\/09\/valpre1.jpg&#8220; parallax=&#8220;on&#8220; parallax_method=&#8220;off&#8220; width=&#8220;100%&#8220; width_tablet=&#8220;&#8220; width_phone=&#8220;&#8220; width_last_edited=&#8220;on|desktop&#8220; module_alignment=&#8220;center&#8220; height=&#8220;100vh&#8220; custom_margin=&#8220;||-12vh||false|false&#8220; custom_css_main_element=&#8220;\/*background-image : url(%22https:\/\/www.coeurssansfrontieres.com\/wp-content\/uploads\/2021\/09\/valpre1.jpg%22);||background-size:cover;*\/&#8220; global_colors_info=&#8220;{}&#8220;][et_pb_row admin_label=&#8220;Titre general&#8220; _builder_version=&#8220;4.12.1&#8243; _module_preset=&#8220;default&#8220; width=&#8220;90%&#8220; max_width=&#8220;90%&#8220; min_height=&#8220;109.4px&#8220; custom_margin=&#8220;-8rem|auto|0px|auto|false|false&#8220; custom_padding=&#8220;||1vh||false|false&#8220; hover_enabled=&#8220;0&#8243; collapsed=&#8220;off&#8220; global_colors_info=&#8220;{}&#8220; sticky_enabled=&#8220;0&#8243;][et_pb_column type=&#8220;4_4&#8243; _builder_version=&#8220;4.10.8&#8243; _module_preset=&#8220;default&#8220; global_colors_info=&#8220;{}&#8220;][et_pb_text _builder_version=&#8220;4.11.1&#8243; _module_preset=&#8220;default&#8220; text_text_color=&#8220;#FFFFFF&#8220; text_font_size=&#8220;18px&#8220; header_font=&#8220;|700|||||||&#8220; header_text_align=&#8220;left&#8220; header_text_color=&#8220;#FFFFFF&#8220; header_font_size=&#8220;1.5rem&#8220; background_color=&#8220;rgba(211,134,239,0.49)&#8220; width=&#8220;75%&#8220; max_width=&#8220;80%&#8220; module_alignment=&#8220;center&#8220; custom_padding=&#8220;1vh|2vw||2vw|false|false&#8220; header_text_shadow_style=&#8220;preset5&#8243; border_radii=&#8220;on|25px|25px|25px|25px&#8220; border_width_all=&#8220;2px&#8220; border_color_all=&#8220;#FFFFFF&#8220; box_shadow_style=&#8220;preset2&#8243; global_colors_info=&#8220;{}&#8220;]<\/p>\n<h1 style=\"text-align: center;\"><strong>LYON &#8211; (Valpr\u00e9) &#8211; 10-12\/09\/2021<\/strong><\/h1>\n<p style=\"text-align: center;\"><strong>Film du samedi soir\u00a0 &#8211;\u00a0 Samstagabend-Film<\/strong><\/p>\n<p>[\/et_pb_text][et_pb_button button_url=&#8220;https:\/\/www.coeurssansfrontieres.com\/de\/vereinsleben\/jahrliche-treffen\/valpre_2021\/&#8220; button_text=&#8220;Retour   &#8211;  Zur\u00fcck &#8220; button_alignment=&#8220;right&#8220; _builder_version=&#8220;4.12.1&#8243; _module_preset=&#8220;default&#8220; custom_button=&#8220;on&#8220; button_text_size=&#8220;12px&#8220; button_text_color=&#8220;#A55BA6&#8243; button_bg_color=&#8220;#f3e8f4&#8243; button_border_color=&#8220;#A55BA6&#8243; button_border_radius=&#8220;25px&#8220; button_font=&#8220;|700|||||||&#8220; button_icon=&#8220;%%41%%&#8220; button_icon_color=&#8220;#A55BA6&#8243; button_on_hover=&#8220;off&#8220; custom_margin=&#8220;-8vh|0px|0px||false|false&#8220; custom_padding=&#8220;0.5vh|1vw|0.5vh|1vw|false|false&#8220; hover_enabled=&#8220;0&#8243; button_text_shadow_style=&#8220;preset5&#8243; button_text_shadow_color=&#8220;#FFFFFF&#8220; locked=&#8220;off&#8220; global_colors_info=&#8220;{}&#8220; sticky_enabled=&#8220;0&#8243;][\/et_pb_button][\/et_pb_column][\/et_pb_row][et_pb_row column_structure=&#8220;1_2,1_2&#8243; use_custom_gutter=&#8220;on&#8220; gutter_width=&#8220;2&#8243; _builder_version=&#8220;4.11.1&#8243; _module_preset=&#8220;default&#8220; width=&#8220;100%&#8220; max_width=&#8220;95%&#8220; custom_margin=&#8220;0px||0px||false|false&#8220; custom_padding=&#8220;0px||0px||false|false&#8220; global_colors_info=&#8220;{}&#8220;][et_pb_column type=&#8220;1_2&#8243; _builder_version=&#8220;4.11.1&#8243; _module_preset=&#8220;default&#8220; global_colors_info=&#8220;{}&#8220;][et_pb_text admin_label=&#8220;Texte Le Parc &#8211; der Park&#8220; _builder_version=&#8220;4.11.1&#8243; text_font=&#8220;|on|||&#8220; text_text_color=&#8220;#FFFFFF&#8220; text_font_size=&#8220;1rem&#8220; header_font=&#8220;|on|||&#8220; header_text_color=&#8220;#a55ba6&#8243; header_font_size=&#8220;24px&#8220; background_color=&#8220;#A55BA6&#8243; background_size=&#8220;initial&#8220; background_position=&#8220;top_left&#8220; background_repeat=&#8220;repeat&#8220; width=&#8220;75%&#8220; module_alignment=&#8220;center&#8220; custom_margin=&#8220;|1vw|1vh|1vw|false|false&#8220; custom_padding=&#8220;2vh|2vw|2vh|2vw|false|false&#8220; link_option_url=&#8220;https:\/\/www.youtube.com\/watch?v=42yTbTLvXnM&#8220; link_option_url_new_window=&#8220;on&#8220; custom_css_main_element=&#8220;box-shadow: 3px 3px 3px #7C7C7C;&#8220; header_text_shadow_style=&#8220;preset2&#8243; border_radii=&#8220;on|25px|25px|25px|25px&#8220; border_width_all=&#8220;2px&#8220; border_color_all=&#8220;#FFFFFF&#8220; border_style_all=&#8220;solid&#8220; use_border_color=&#8220;on&#8220; border_color=&#8220;#a55ba6&#8243; border_width=&#8220;3px&#8220; border_style=&#8220;solid&#8220; locked=&#8220;off&#8220; global_colors_info=&#8220;{}&#8220;]<\/p>\n<p>Samedi soir nous avons projet\u00e9 une vid\u00e9o trouv\u00e9e sur YouTube. C&#8217;est un film fait par des journalistes allemands \u00e0 propos de trois cas embl\u00e9matiques d&#8217;enfants de la guerre fran\u00e7ais.<\/p>\n<hr \/>\n<p>Am Samstagabend zeigten wir ein Video, das wir auf YouTube gefunden hatten. Es handelt sich um einen von deutschen Journalisten gedrehten Film \u00fcber drei emblematische F\u00e4lle von franz\u00f6sischen Kriegskindern.<\/p>\n<p>[\/et_pb_text][\/et_pb_column][et_pb_column type=&#8220;1_2&#8243; _builder_version=&#8220;4.11.1&#8243; _module_preset=&#8220;default&#8220; custom_padding=&#8220;|0vw||0vw|false|false&#8220; global_colors_info=&#8220;{}&#8220;][et_pb_text admin_label=&#8220;Texte Le Parc &#8211; der Park&#8220; _builder_version=&#8220;4.11.1&#8243; text_font=&#8220;|on|||&#8220; text_text_color=&#8220;#FFFFFF&#8220; text_font_size=&#8220;20px&#8220; header_font=&#8220;|on|||&#8220; header_text_color=&#8220;#a55ba6&#8243; header_font_size=&#8220;24px&#8220; background_color=&#8220;#A55BA6&#8243; background_size=&#8220;initial&#8220; background_position=&#8220;top_left&#8220; background_repeat=&#8220;repeat&#8220; text_orientation=&#8220;center&#8220; width=&#8220;66%&#8220; max_width=&#8220;66%&#8220; module_alignment=&#8220;center&#8220; height=&#8220;66%&#8220; custom_margin=&#8220;3vh|1vw|1vh|1vw|false|false&#8220; custom_padding=&#8220;2vh|2vw|2vh|2vw|false|false&#8220; custom_css_main_element=&#8220;box-shadow: 3px 3px 3px #7C7C7C;&#8220; header_text_shadow_style=&#8220;preset2&#8243; border_radii=&#8220;on|25px|25px|25px|25px&#8220; border_width_all=&#8220;2px&#8220; border_color_all=&#8220;#FFFFFF&#8220; border_style_all=&#8220;solid&#8220; use_border_color=&#8220;on&#8220; border_color=&#8220;#a55ba6&#8243; border_width=&#8220;3px&#8220; border_style=&#8220;solid&#8220; locked=&#8220;off&#8220; global_colors_info=&#8220;{}&#8220;]<iframe loading=\"lazy\" title=\"YouTube video player\" src=\"https:\/\/www.youtube.com\/embed\/42yTbTLvXnM\" width=\"280\" height=\"157\" frameborder=\"0\" allowfullscreen=\"allowfullscreen\"><\/iframe>[\/et_pb_text][\/et_pb_column][\/et_pb_row][\/et_pb_section]<\/p>\n","protected":false},"excerpt":{"rendered":"<p>Film du samedi soir  \u2013  Samstagabend-Film<\/p>\n","protected":false},"author":249,"featured_media":20944,"comment_status":"closed","ping_status":"closed","sticky":false,"template":"","format":"standard","meta":{"_et_pb_use_builder":"on","_et_pb_old_content":"","_et_gb_content_width":"","footnotes":""},"categories":[211,14],"tags":[],"class_list":["post-21247","post","type-post","status-publish","format-standard","has-post-thumbnail","hentry","category-jahrliche-treffen","category-vereinsleben"],"yoast_head":"<!-- This site is optimized with the Yoast SEO plugin v27.5 - https:\/\/yoast.com\/product\/yoast-seo-wordpress\/ -->\n<title>LYON \u2013 (Valpr\u00e9) \u2013 Film - CSF - HOG<\/title>\n<meta name=\"robots\" content=\"index, follow, max-snippet:-1, max-image-preview:large, max-video-preview:-1\" \/>\n<link rel=\"canonical\" href=\"https:\/\/www.coeurssansfrontieres.com\/de\/vereinsleben\/videosamedi_valpre\/\" \/>\n<meta property=\"og:locale\" content=\"de_DE\" \/>\n<meta property=\"og:type\" content=\"article\" \/>\n<meta property=\"og:title\" content=\"LYON \u2013 (Valpr\u00e9) \u2013 Film - CSF - HOG\" \/>\n<meta property=\"og:description\" content=\"Film du samedi soir \u2013 Samstagabend-Film\" \/>\n<meta property=\"og:url\" content=\"https:\/\/www.coeurssansfrontieres.com\/de\/vereinsleben\/videosamedi_valpre\/\" \/>\n<meta property=\"og:site_name\" content=\"CSF - HOG\" \/>\n<meta property=\"article:published_time\" content=\"2021-09-27T13:12:09+00:00\" \/>\n<meta property=\"article:modified_time\" content=\"2021-11-03T17:18:16+00:00\" \/>\n<meta property=\"og:image\" content=\"https:\/\/www.coeurssansfrontieres.com\/wp-content\/uploads\/2021\/10\/VignetteLyon02.jpg\" \/>\n\t<meta property=\"og:image:width\" content=\"200\" \/>\n\t<meta property=\"og:image:height\" content=\"200\" \/>\n\t<meta property=\"og:image:type\" content=\"image\/jpeg\" \/>\n<meta name=\"author\" content=\"GOFFIN Alexandre\" \/>\n<meta name=\"twitter:card\" content=\"summary_large_image\" \/>\n<meta name=\"twitter:label1\" content=\"Verfasst von\" \/>\n\t<meta name=\"twitter:data1\" content=\"GOFFIN Alexandre\" \/>\n\t<meta name=\"twitter:label2\" content=\"Gesch\u00e4tzte Lesezeit\" \/>\n\t<meta name=\"twitter:data2\" content=\"8\u00a0Minuten\" \/>\n<script type=\"application\/ld+json\" class=\"yoast-schema-graph\">{\"@context\":\"https:\\\/\\\/schema.org\",\"@graph\":[{\"@type\":\"Article\",\"@id\":\"https:\\\/\\\/www.coeurssansfrontieres.com\\\/de\\\/vereinsleben\\\/videosamedi_valpre\\\/#article\",\"isPartOf\":{\"@id\":\"https:\\\/\\\/www.coeurssansfrontieres.com\\\/de\\\/vereinsleben\\\/videosamedi_valpre\\\/\"},\"author\":{\"name\":\"GOFFIN Alexandre\",\"@id\":\"https:\\\/\\\/www.coeurssansfrontieres.com\\\/fr\\\/#\\\/schema\\\/person\\\/19507754554eb5218427fc31038cac56\"},\"headline\":\"LYON \u2013 (Valpr\u00e9) \u2013 Film\",\"datePublished\":\"2021-09-27T13:12:09+00:00\",\"dateModified\":\"2021-11-03T17:18:16+00:00\",\"mainEntityOfPage\":{\"@id\":\"https:\\\/\\\/www.coeurssansfrontieres.com\\\/de\\\/vereinsleben\\\/videosamedi_valpre\\\/\"},\"wordCount\":739,\"image\":{\"@id\":\"https:\\\/\\\/www.coeurssansfrontieres.com\\\/de\\\/vereinsleben\\\/videosamedi_valpre\\\/#primaryimage\"},\"thumbnailUrl\":\"https:\\\/\\\/www.coeurssansfrontieres.com\\\/wp-content\\\/uploads\\\/2021\\\/10\\\/VignetteLyon02.jpg\",\"articleSection\":[\"j\u00e4hrliche Treffen\",\"Vereinsleben\"],\"inLanguage\":\"de\"},{\"@type\":\"WebPage\",\"@id\":\"https:\\\/\\\/www.coeurssansfrontieres.com\\\/de\\\/vereinsleben\\\/videosamedi_valpre\\\/\",\"url\":\"https:\\\/\\\/www.coeurssansfrontieres.com\\\/de\\\/vereinsleben\\\/videosamedi_valpre\\\/\",\"name\":\"LYON \u2013 (Valpr\u00e9) \u2013 Film - CSF - HOG\",\"isPartOf\":{\"@id\":\"https:\\\/\\\/www.coeurssansfrontieres.com\\\/fr\\\/#website\"},\"primaryImageOfPage\":{\"@id\":\"https:\\\/\\\/www.coeurssansfrontieres.com\\\/de\\\/vereinsleben\\\/videosamedi_valpre\\\/#primaryimage\"},\"image\":{\"@id\":\"https:\\\/\\\/www.coeurssansfrontieres.com\\\/de\\\/vereinsleben\\\/videosamedi_valpre\\\/#primaryimage\"},\"thumbnailUrl\":\"https:\\\/\\\/www.coeurssansfrontieres.com\\\/wp-content\\\/uploads\\\/2021\\\/10\\\/VignetteLyon02.jpg\",\"datePublished\":\"2021-09-27T13:12:09+00:00\",\"dateModified\":\"2021-11-03T17:18:16+00:00\",\"author\":{\"@id\":\"https:\\\/\\\/www.coeurssansfrontieres.com\\\/fr\\\/#\\\/schema\\\/person\\\/19507754554eb5218427fc31038cac56\"},\"breadcrumb\":{\"@id\":\"https:\\\/\\\/www.coeurssansfrontieres.com\\\/de\\\/vereinsleben\\\/videosamedi_valpre\\\/#breadcrumb\"},\"inLanguage\":\"de\",\"potentialAction\":[{\"@type\":\"ReadAction\",\"target\":[\"https:\\\/\\\/www.coeurssansfrontieres.com\\\/de\\\/vereinsleben\\\/videosamedi_valpre\\\/\"]}]},{\"@type\":\"ImageObject\",\"inLanguage\":\"de\",\"@id\":\"https:\\\/\\\/www.coeurssansfrontieres.com\\\/de\\\/vereinsleben\\\/videosamedi_valpre\\\/#primaryimage\",\"url\":\"https:\\\/\\\/www.coeurssansfrontieres.com\\\/wp-content\\\/uploads\\\/2021\\\/10\\\/VignetteLyon02.jpg\",\"contentUrl\":\"https:\\\/\\\/www.coeurssansfrontieres.com\\\/wp-content\\\/uploads\\\/2021\\\/10\\\/VignetteLyon02.jpg\",\"width\":200,\"height\":200},{\"@type\":\"BreadcrumbList\",\"@id\":\"https:\\\/\\\/www.coeurssansfrontieres.com\\\/de\\\/vereinsleben\\\/videosamedi_valpre\\\/#breadcrumb\",\"itemListElement\":[{\"@type\":\"ListItem\",\"position\":1,\"name\":\"Accueil\",\"item\":\"https:\\\/\\\/www.coeurssansfrontieres.com\\\/de\\\/\"},{\"@type\":\"ListItem\",\"position\":2,\"name\":\"LYON \u2013 (Valpr\u00e9) \u2013 Film\"}]},{\"@type\":\"WebSite\",\"@id\":\"https:\\\/\\\/www.coeurssansfrontieres.com\\\/fr\\\/#website\",\"url\":\"https:\\\/\\\/www.coeurssansfrontieres.com\\\/fr\\\/\",\"name\":\"C\u0153urs sans fronti\u00e8res\",\"description\":\"Association franco-allemande des Enfants de la Seconde Guerre Mondiale\",\"potentialAction\":[{\"@type\":\"SearchAction\",\"target\":{\"@type\":\"EntryPoint\",\"urlTemplate\":\"https:\\\/\\\/www.coeurssansfrontieres.com\\\/fr\\\/?s={search_term_string}\"},\"query-input\":{\"@type\":\"PropertyValueSpecification\",\"valueRequired\":true,\"valueName\":\"search_term_string\"}}],\"inLanguage\":\"de\"},{\"@type\":\"Person\",\"@id\":\"https:\\\/\\\/www.coeurssansfrontieres.com\\\/fr\\\/#\\\/schema\\\/person\\\/19507754554eb5218427fc31038cac56\",\"name\":\"GOFFIN Alexandre\"}]}<\/script>\n<!-- \/ Yoast SEO plugin. -->","yoast_head_json":{"title":"LYON \u2013 (Valpr\u00e9) \u2013 Film - CSF - HOG","robots":{"index":"index","follow":"follow","max-snippet":"max-snippet:-1","max-image-preview":"max-image-preview:large","max-video-preview":"max-video-preview:-1"},"canonical":"https:\/\/www.coeurssansfrontieres.com\/de\/vereinsleben\/videosamedi_valpre\/","og_locale":"de_DE","og_type":"article","og_title":"LYON \u2013 (Valpr\u00e9) \u2013 Film - CSF - HOG","og_description":"Film du samedi soir \u2013 Samstagabend-Film","og_url":"https:\/\/www.coeurssansfrontieres.com\/de\/vereinsleben\/videosamedi_valpre\/","og_site_name":"CSF - HOG","article_published_time":"2021-09-27T13:12:09+00:00","article_modified_time":"2021-11-03T17:18:16+00:00","og_image":[{"width":200,"height":200,"url":"https:\/\/www.coeurssansfrontieres.com\/wp-content\/uploads\/2021\/10\/VignetteLyon02.jpg","type":"image\/jpeg"}],"author":"GOFFIN Alexandre","twitter_card":"summary_large_image","twitter_misc":{"Verfasst von":"GOFFIN Alexandre","Gesch\u00e4tzte Lesezeit":"8\u00a0Minuten"},"schema":{"@context":"https:\/\/schema.org","@graph":[{"@type":"Article","@id":"https:\/\/www.coeurssansfrontieres.com\/de\/vereinsleben\/videosamedi_valpre\/#article","isPartOf":{"@id":"https:\/\/www.coeurssansfrontieres.com\/de\/vereinsleben\/videosamedi_valpre\/"},"author":{"name":"GOFFIN Alexandre","@id":"https:\/\/www.coeurssansfrontieres.com\/fr\/#\/schema\/person\/19507754554eb5218427fc31038cac56"},"headline":"LYON \u2013 (Valpr\u00e9) \u2013 Film","datePublished":"2021-09-27T13:12:09+00:00","dateModified":"2021-11-03T17:18:16+00:00","mainEntityOfPage":{"@id":"https:\/\/www.coeurssansfrontieres.com\/de\/vereinsleben\/videosamedi_valpre\/"},"wordCount":739,"image":{"@id":"https:\/\/www.coeurssansfrontieres.com\/de\/vereinsleben\/videosamedi_valpre\/#primaryimage"},"thumbnailUrl":"https:\/\/www.coeurssansfrontieres.com\/wp-content\/uploads\/2021\/10\/VignetteLyon02.jpg","articleSection":["j\u00e4hrliche Treffen","Vereinsleben"],"inLanguage":"de"},{"@type":"WebPage","@id":"https:\/\/www.coeurssansfrontieres.com\/de\/vereinsleben\/videosamedi_valpre\/","url":"https:\/\/www.coeurssansfrontieres.com\/de\/vereinsleben\/videosamedi_valpre\/","name":"LYON \u2013 (Valpr\u00e9) \u2013 Film - CSF - HOG","isPartOf":{"@id":"https:\/\/www.coeurssansfrontieres.com\/fr\/#website"},"primaryImageOfPage":{"@id":"https:\/\/www.coeurssansfrontieres.com\/de\/vereinsleben\/videosamedi_valpre\/#primaryimage"},"image":{"@id":"https:\/\/www.coeurssansfrontieres.com\/de\/vereinsleben\/videosamedi_valpre\/#primaryimage"},"thumbnailUrl":"https:\/\/www.coeurssansfrontieres.com\/wp-content\/uploads\/2021\/10\/VignetteLyon02.jpg","datePublished":"2021-09-27T13:12:09+00:00","dateModified":"2021-11-03T17:18:16+00:00","author":{"@id":"https:\/\/www.coeurssansfrontieres.com\/fr\/#\/schema\/person\/19507754554eb5218427fc31038cac56"},"breadcrumb":{"@id":"https:\/\/www.coeurssansfrontieres.com\/de\/vereinsleben\/videosamedi_valpre\/#breadcrumb"},"inLanguage":"de","potentialAction":[{"@type":"ReadAction","target":["https:\/\/www.coeurssansfrontieres.com\/de\/vereinsleben\/videosamedi_valpre\/"]}]},{"@type":"ImageObject","inLanguage":"de","@id":"https:\/\/www.coeurssansfrontieres.com\/de\/vereinsleben\/videosamedi_valpre\/#primaryimage","url":"https:\/\/www.coeurssansfrontieres.com\/wp-content\/uploads\/2021\/10\/VignetteLyon02.jpg","contentUrl":"https:\/\/www.coeurssansfrontieres.com\/wp-content\/uploads\/2021\/10\/VignetteLyon02.jpg","width":200,"height":200},{"@type":"BreadcrumbList","@id":"https:\/\/www.coeurssansfrontieres.com\/de\/vereinsleben\/videosamedi_valpre\/#breadcrumb","itemListElement":[{"@type":"ListItem","position":1,"name":"Accueil","item":"https:\/\/www.coeurssansfrontieres.com\/de\/"},{"@type":"ListItem","position":2,"name":"LYON \u2013 (Valpr\u00e9) \u2013 Film"}]},{"@type":"WebSite","@id":"https:\/\/www.coeurssansfrontieres.com\/fr\/#website","url":"https:\/\/www.coeurssansfrontieres.com\/fr\/","name":"C\u0153urs sans fronti\u00e8res","description":"Association franco-allemande des Enfants de la Seconde Guerre Mondiale","potentialAction":[{"@type":"SearchAction","target":{"@type":"EntryPoint","urlTemplate":"https:\/\/www.coeurssansfrontieres.com\/fr\/?s={search_term_string}"},"query-input":{"@type":"PropertyValueSpecification","valueRequired":true,"valueName":"search_term_string"}}],"inLanguage":"de"},{"@type":"Person","@id":"https:\/\/www.coeurssansfrontieres.com\/fr\/#\/schema\/person\/19507754554eb5218427fc31038cac56","name":"GOFFIN Alexandre"}]}},"_links":{"self":[{"href":"https:\/\/www.coeurssansfrontieres.com\/de\/wp-json\/wp\/v2\/posts\/21247","targetHints":{"allow":["GET"]}}],"collection":[{"href":"https:\/\/www.coeurssansfrontieres.com\/de\/wp-json\/wp\/v2\/posts"}],"about":[{"href":"https:\/\/www.coeurssansfrontieres.com\/de\/wp-json\/wp\/v2\/types\/post"}],"author":[{"embeddable":true,"href":"https:\/\/www.coeurssansfrontieres.com\/de\/wp-json\/wp\/v2\/users\/249"}],"replies":[{"embeddable":true,"href":"https:\/\/www.coeurssansfrontieres.com\/de\/wp-json\/wp\/v2\/comments?post=21247"}],"version-history":[{"count":2,"href":"https:\/\/www.coeurssansfrontieres.com\/de\/wp-json\/wp\/v2\/posts\/21247\/revisions"}],"predecessor-version":[{"id":21255,"href":"https:\/\/www.coeurssansfrontieres.com\/de\/wp-json\/wp\/v2\/posts\/21247\/revisions\/21255"}],"wp:featuredmedia":[{"embeddable":true,"href":"https:\/\/www.coeurssansfrontieres.com\/de\/wp-json\/wp\/v2\/media\/20944"}],"wp:attachment":[{"href":"https:\/\/www.coeurssansfrontieres.com\/de\/wp-json\/wp\/v2\/media?parent=21247"}],"wp:term":[{"taxonomy":"category","embeddable":true,"href":"https:\/\/www.coeurssansfrontieres.com\/de\/wp-json\/wp\/v2\/categories?post=21247"},{"taxonomy":"post_tag","embeddable":true,"href":"https:\/\/www.coeurssansfrontieres.com\/de\/wp-json\/wp\/v2\/tags?post=21247"}],"curies":[{"name":"wp","href":"https:\/\/api.w.org\/{rel}","templated":true}]}}