{"id":21664,"date":"2021-12-07T16:12:47","date_gmt":"2021-12-07T15:12:47","guid":{"rendered":"https:\/\/www.coeurssansfrontieres.com\/kategorientechniken\/unkategorisiert\/n-827-louise-fronteau\/"},"modified":"2021-12-07T16:20:32","modified_gmt":"2021-12-07T15:20:32","slug":"n-827-louise-fronteau","status":"publish","type":"post","link":"https:\/\/www.coeurssansfrontieres.com\/de\/recherche\/n-827-louise-fronteau\/","title":{"rendered":"N\u00b0 827 Louise FRONTEAU"},"content":{"rendered":"<p>[et_pb_section fb_built=&#8220;1&#8243; admin_label=&#8220;section&#8220; _builder_version=&#8220;4.11.4&#8243; background_color=&#8220;#ffffff&#8220; width=&#8220;100%&#8220; max_width=&#8220;100%&#8220; custom_margin=&#8220;-150px||||false|false&#8220; transparent_background=&#8220;off&#8220; padding_mobile=&#8220;off&#8220; make_fullwidth=&#8220;off&#8220; use_custom_width=&#8220;off&#8220; width_unit=&#8220;on&#8220; global_colors_info=&#8220;{}&#8220;][et_pb_row column_structure=&#8220;1_4,1_2,1_4&#8243; _builder_version=&#8220;4.11.4&#8243; width=&#8220;100%&#8220; max_width=&#8220;100%&#8220; global_colors_info=&#8220;{}&#8220;][et_pb_column type=&#8220;1_4&#8243; _builder_version=&#8220;4.0.7&#8243; custom_padding=&#8220;|||3vw|false|false&#8220; global_colors_info=&#8220;{}&#8220;][et_pb_button button_url=&#8220;https:\/\/www.coeurssansfrontieres.com\/fr\/accueil201805-2\/accueil-new\/recherches2017-b\/recherches-en-cours\/&#8220; button_text=&#8220;RETOUR AU BLOG DES RECHERCHES EN COURS&#8220; button_alignment=&#8220;center&#8220; disabled_on=&#8220;on|on|on&#8220; admin_label=&#8220;Bouton retour&#8220; _builder_version=&#8220;4.13.0&#8243; custom_button=&#8220;on&#8220; button_text_size=&#8220;12px&#8220; button_text_color=&#8220;#ffffff&#8220; button_bg_color=&#8220;#a55ba6&#8243; button_border_width=&#8220;1px&#8220; button_border_color=&#8220;#ffffff&#8220; button_border_radius=&#8220;25px&#8220; button_font=&#8220;|||||on|||&#8220; button_icon=&#8220;&#x4a;||divi||400&#8243; button_icon_color=&#8220;#ffffff&#8220; button_on_hover=&#8220;off&#8220; background_layout=&#8220;dark&#8220; custom_margin=&#8220;1vh||0px||false|false&#8220; button_text_shadow_style=&#8220;preset1&#8243; box_shadow_style=&#8220;preset4&#8243; box_shadow_horizontal=&#8220;3px&#8220; box_shadow_vertical=&#8220;3px&#8220; box_shadow_blur=&#8220;3px&#8220; box_shadow_spread=&#8220;3px&#8220; disabled=&#8220;on&#8220; locked=&#8220;off&#8220; global_colors_info=&#8220;{}&#8220;][\/et_pb_button][et_pb_button button_url=&#8220;https:\/\/www.coeurssansfrontieres.com\/de\/startseite201805\/startseite-neue\/recherche2017\/laufende-recherchen\/&#8220; button_text=&#8220;ZUR\u00dcCK ZUM BLOG \u00dcBER DIE LAUFENDE RECHERCHE&#8220; button_alignment=&#8220;center&#8220; disabled_on=&#8220;off|off|off&#8220; admin_label=&#8220;DE ZUR\u00dcCK LAUFENDE RECHERCHE&#8220; _builder_version=&#8220;4.13.0&#8243; custom_button=&#8220;on&#8220; button_text_size=&#8220;12px&#8220; button_text_color=&#8220;#ffffff&#8220; button_bg_color=&#8220;#a55ba6&#8243; button_border_width=&#8220;1px&#8220; button_border_color=&#8220;#ffffff&#8220; button_border_radius=&#8220;25px&#8220; button_font=&#8220;|||||on|||&#8220; button_icon=&#8220;&#x4a;||divi||400&#8243; button_icon_color=&#8220;#ffffff&#8220; button_on_hover=&#8220;off&#8220; background_layout=&#8220;dark&#8220; custom_margin=&#8220;1vh||0px||false|false&#8220; button_text_shadow_style=&#8220;preset1&#8243; box_shadow_style=&#8220;preset4&#8243; box_shadow_horizontal=&#8220;3px&#8220; box_shadow_vertical=&#8220;3px&#8220; box_shadow_blur=&#8220;3px&#8220; box_shadow_spread=&#8220;3px&#8220; locked=&#8220;off&#8220; global_colors_info=&#8220;{}&#8220;][\/et_pb_button][et_pb_button button_url=&#8220;https:\/\/www.coeurssansfrontieres.com\/fr\/le-neillon-hubert\/&#8220; button_text=&#8220;CONTACTER LES GESTIONNAIRES DE LA RECHERCHE&#8220; button_alignment=&#8220;center&#8220; disabled_on=&#8220;on|on|on&#8220; admin_label=&#8220;202 Gestion Recherches Le Neillon&#8220; _builder_version=&#8220;4.13.0&#8243; custom_button=&#8220;on&#8220; button_text_size=&#8220;12px&#8220; button_text_color=&#8220;#ffffff&#8220; button_bg_color=&#8220;#a55ba6&#8243; button_border_width=&#8220;1px&#8220; button_border_color=&#8220;#ffffff&#8220; button_border_radius=&#8220;25px&#8220; button_font=&#8220;|||||on|||&#8220; button_icon=&#8220;&#xe010;||divi||400&#8243; button_icon_color=&#8220;#ffffff&#8220; button_on_hover=&#8220;off&#8220; background_layout=&#8220;dark&#8220; custom_margin=&#8220;2vh||0px||false|false&#8220; button_text_shadow_style=&#8220;preset1&#8243; box_shadow_style=&#8220;preset4&#8243; box_shadow_horizontal=&#8220;3px&#8220; box_shadow_vertical=&#8220;3px&#8220; box_shadow_blur=&#8220;3px&#8220; box_shadow_spread=&#8220;3px&#8220; disabled=&#8220;on&#8220; locked=&#8220;off&#8220; global_colors_info=&#8220;{}&#8220;][\/et_pb_button][et_pb_button button_url=&#8220;https:\/\/www.coeurssansfrontieres.com\/fr\/le-quentrec-chantal\/&#8220; button_text=&#8220;CONTACTER LES GESTIONNAIRES DE LA RECHERCHE&#8220; button_alignment=&#8220;center&#8220; disabled_on=&#8220;on|on|on&#8220; admin_label=&#8220;202 Gestion Recherches Roume&#8220; _builder_version=&#8220;4.14.2&#8243; custom_button=&#8220;on&#8220; button_text_size=&#8220;12px&#8220; button_text_color=&#8220;#ffffff&#8220; button_bg_color=&#8220;#a55ba6&#8243; button_border_width=&#8220;1px&#8220; button_border_color=&#8220;#ffffff&#8220; button_border_radius=&#8220;25px&#8220; button_font=&#8220;|||||on|||&#8220; button_icon=&#8220;&#xe010;||divi||400&#8243; button_icon_color=&#8220;#ffffff&#8220; button_on_hover=&#8220;off&#8220; background_layout=&#8220;dark&#8220; custom_margin=&#8220;2vh||0px||false|false&#8220; button_text_shadow_style=&#8220;preset1&#8243; box_shadow_style=&#8220;preset4&#8243; box_shadow_horizontal=&#8220;3px&#8220; box_shadow_vertical=&#8220;3px&#8220; box_shadow_blur=&#8220;3px&#8220; box_shadow_spread=&#8220;3px&#8220; disabled=&#8220;on&#8220; locked=&#8220;off&#8220; global_colors_info=&#8220;{}&#8220;][\/et_pb_button][et_pb_button button_url=&#8220;https:\/\/www.coeurssansfrontieres.com\/de\/le-quentrec-chantal\/&#8220; button_text=&#8220;KONTAKTIEREN SIE HIER DEN VERANTWORTLICHEN DIESER SUCHE&#8220; button_alignment=&#8220;center&#8220; disabled_on=&#8220;off|off|off&#8220; admin_label=&#8220;DE Recherche Roume&#8220; _builder_version=&#8220;4.14.2&#8243; custom_button=&#8220;on&#8220; button_text_size=&#8220;12px&#8220; button_text_color=&#8220;#ffffff&#8220; button_bg_color=&#8220;#a55ba6&#8243; button_border_width=&#8220;1px&#8220; button_border_color=&#8220;#ffffff&#8220; button_border_radius=&#8220;25px&#8220; button_font=&#8220;|||||on|||&#8220; button_icon=&#8220;&#xe010;||divi||400&#8243; button_icon_color=&#8220;#ffffff&#8220; button_on_hover=&#8220;off&#8220; background_layout=&#8220;dark&#8220; custom_margin=&#8220;2vh||0px||false|false&#8220; button_text_shadow_style=&#8220;preset1&#8243; box_shadow_style=&#8220;preset4&#8243; box_shadow_horizontal=&#8220;3px&#8220; box_shadow_vertical=&#8220;3px&#8220; box_shadow_blur=&#8220;3px&#8220; box_shadow_spread=&#8220;3px&#8220; locked=&#8220;off&#8220; global_colors_info=&#8220;{}&#8220;][\/et_pb_button][\/et_pb_column][et_pb_column type=&#8220;1_2&#8243; _builder_version=&#8220;4.0.7&#8243; global_colors_info=&#8220;{}&#8220;][et_pb_post_title meta=&#8220;off&#8220; featured_image=&#8220;off&#8220; admin_label=&#8220;Titre du poste&#8220; _builder_version=&#8220;4.0.7&#8243; title_font=&#8220;|700|||||||&#8220; title_text_align=&#8220;center&#8220; title_text_color=&#8220;#a55ba6&#8243; title_font_size=&#8220;40px&#8220; background_color=&#8220;rgba(255,255,255,0)&#8220; parallax=&#8220;on&#8220; parallax_method=&#8220;off&#8220; text_orientation=&#8220;center&#8220; custom_margin=&#8220;4vh||||false|false&#8220; title_text_shadow_style=&#8220;preset5&#8243; text_shadow_style=&#8220;preset5&#8243; parallax_effect=&#8220;on&#8220; module_bg_color=&#8220;rgba(255,255,255,0)&#8220; use_border_color=&#8220;off&#8220; border_color=&#8220;#ffffff&#8220; border_style=&#8220;solid&#8220; global_colors_info=&#8220;{}&#8220;]\u00a0 [\/et_pb_post_title][\/et_pb_column][et_pb_column type=&#8220;1_4&#8243; _builder_version=&#8220;4.0.7&#8243; custom_padding=&#8220;|3vw|||false|false&#8220; global_colors_info=&#8220;{}&#8220;][et_pb_image src=&#8220;https:\/\/www.coeurssansfrontieres.com\/wp-content\/uploads\/2017\/09\/Recherches-en-cours-OMBRE.png&#8220; show_bottom_space=&#8220;off&#8220; align=&#8220;center&#8220; align_tablet=&#8220;center&#8220; align_phone=&#8220;&#8220; align_last_edited=&#8220;on|desktop&#8220; admin_label=&#8220;Image recherches en cours&#8220; _builder_version=&#8220;4.0.7&#8243; max_width=&#8220;50px&#8220; custom_css_main_element=&#8220;margin : auto;&#8220; use_border_color=&#8220;off&#8220; border_color=&#8220;#ffffff&#8220; border_style=&#8220;solid&#8220; sticky=&#8220;on&#8220; always_center_on_mobile=&#8220;on&#8220; global_colors_info=&#8220;{}&#8220;]\u00a0 [\/et_pb_image][et_pb_search exclude_pages=&#8220;on&#8220; include_categories=&#8220;183,236,212,227,180,214,162,170,202,231,229,208,1,161,168,210,154,66,163,22,13,255,253,251,159,158&#8243; placeholder=&#8220; ?&#8220; button_color=&#8220;#a61abf&#8220; admin_label=&#8220;Chercher&#8220; _builder_version=&#8220;4.0.7&#8243; form_field_background_color=&#8220;#E5C3DF&#8220; form_field_focus_background_color=&#8220;#e5c3df&#8220; button_font=&#8220;|on|||&#8220; button_text_color=&#8220;#ffffff&#8220; button_font_size=&#8220;10px&#8220; button_line_height=&#8220;1.5em&#8220; form_field_font=&#8220;|700|||||||&#8220; form_field_text_align=&#8220;center&#8220; form_field_font_size=&#8220;16px&#8220; form_field_line_height=&#8220;0.6em&#8220; background_color=&#8220;#e5c3df&#8220; text_orientation=&#8220;center&#8220; custom_padding=&#8220;0.4em|0.715em|0.4em|0.715em|false|false&#8220; custom_css_main_element=&#8220;box-shadow: 6px 6px 6px #7C7C7C;&#8220; custom_css_input_field=&#8220;font-weight: bold !important;||&#8220; button_text_shadow_style=&#8220;preset5&#8243; border_radii=&#8220;on|25px|25px|25px|25px&#8220; border_color_all=&#8220;#a55ba6&#8243; text_shadow_style=&#8220;preset5&#8243; hide_button=&#8220;off&#8220; input_font_size=&#8220;11&#8243; input_line_height=&#8220;2em&#8220; locked=&#8220;off&#8220; global_colors_info=&#8220;{}&#8220; button_text_size__hover_enabled=&#8220;off&#8220; button_one_text_size__hover_enabled=&#8220;off&#8220; button_two_text_size__hover_enabled=&#8220;off&#8220; button_text_color__hover_enabled=&#8220;off&#8220; button_one_text_color__hover_enabled=&#8220;off&#8220; button_two_text_color__hover_enabled=&#8220;off&#8220; button_border_width__hover_enabled=&#8220;off&#8220; button_one_border_width__hover_enabled=&#8220;off&#8220; button_two_border_width__hover_enabled=&#8220;off&#8220; button_border_color__hover_enabled=&#8220;off&#8220; button_one_border_color__hover_enabled=&#8220;off&#8220; button_two_border_color__hover_enabled=&#8220;off&#8220; button_border_radius__hover_enabled=&#8220;off&#8220; button_one_border_radius__hover_enabled=&#8220;off&#8220; button_two_border_radius__hover_enabled=&#8220;off&#8220; button_letter_spacing__hover_enabled=&#8220;off&#8220; button_one_letter_spacing__hover_enabled=&#8220;off&#8220; button_two_letter_spacing__hover_enabled=&#8220;off&#8220; button_bg_color__hover_enabled=&#8220;off&#8220; button_one_bg_color__hover_enabled=&#8220;off&#8220; button_two_bg_color__hover_enabled=&#8220;off&#8220;]\u00a0 [\/et_pb_search][\/et_pb_column][\/et_pb_row][et_pb_row column_structure=&#8220;1_4,1_2,1_4&#8243; _builder_version=&#8220;4.14.2&#8243; width=&#8220;100%&#8220; max_width=&#8220;90%&#8220; module_alignment=&#8220;center&#8220; custom_margin=&#8220;|200px||auto||&#8220; global_colors_info=&#8220;{}&#8220;][et_pb_column type=&#8220;1_4&#8243; _builder_version=&#8220;4.4.6&#8243; global_colors_info=&#8220;{}&#8220;][et_pb_image src=&#8220;https:\/\/www.coeurssansfrontieres.com\/wp-content\/uploads\/2021\/12\/photo-1-nb.png&#8220; alt=&#8220;Alfred Michel Fronteau &#8220; title_text=&#8220;Alfred Michel Fronteau &#8220; show_in_lightbox=&#8220;on&#8220; use_overlay=&#8220;on&#8220; overlay_icon_color=&#8220;#ffffff&#8220; hover_overlay_color=&#8220;rgba(217,140,199,0.44)&#8220; hover_icon=&#8220;&#x55;||divi||400&#8243; show_bottom_space=&#8220;off&#8220; align=&#8220;center&#8220; align_tablet=&#8220;center&#8220; align_phone=&#8220;&#8220; align_last_edited=&#8220;on|desktop&#8220; disabled_on=&#8220;||off&#8220; admin_label=&#8220;Image&#8220; _builder_version=&#8220;4.14.2&#8243; width=&#8220;300px&#8220; max_width=&#8220;300px&#8220; module_alignment=&#8220;center&#8220; custom_margin=&#8220;||1vh||false|false&#8220; box_shadow_style=&#8220;preset2&#8243; use_border_color=&#8220;off&#8220; border_color=&#8220;#ffffff&#8220; border_style=&#8220;solid&#8220; sticky=&#8220;on&#8220; always_center_on_mobile=&#8220;on&#8220; saved_tabs=&#8220;all&#8220; locked=&#8220;off&#8220; global_colors_info=&#8220;{}&#8220;]\u00a0 [\/et_pb_image][et_pb_text disabled_on=&#8220;off|off|off&#8220; admin_label=&#8220;Texte&#8220; _builder_version=&#8220;4.14.2&#8243; text_font=&#8220;|on|on||&#8220; text_text_color=&#8220;#d63fea&#8220; text_font_size=&#8220;12px&#8220; text_line_height=&#8220;1.2em&#8220; background_size=&#8220;initial&#8220; background_position=&#8220;top_left&#8220; background_repeat=&#8220;repeat&#8220; text_orientation=&#8220;center&#8220; module_alignment=&#8220;center&#8220; custom_margin=&#8220;||1vh||false|false&#8220; custom_padding=&#8220;1vh|||&#8220; use_border_color=&#8220;off&#8220; border_color=&#8220;#df7fe8&#8243; border_style=&#8220;solid&#8220; global_colors_info=&#8220;{}&#8220;]<\/p>\n<p style=\"text-align: center;\"><strong>Alfred Michel Fronteau<\/strong><\/p>\n<p>[\/et_pb_text][et_pb_image src=&#8220;https:\/\/www.coeurssansfrontieres.com\/wp-content\/uploads\/2021\/11\/PHOTO-avec-WAltraud-3.jpg&#8220; alt=&#8220;Waltraud au centre, Pierre Salmon \u00e0 droite.&#8220; title_text=&#8220;Waltraud au centre, Pierre Salmon \u00e0 droite.&#8220; show_in_lightbox=&#8220;on&#8220; use_overlay=&#8220;on&#8220; overlay_icon_color=&#8220;#ffffff&#8220; hover_overlay_color=&#8220;rgba(217,140,199,0.44)&#8220; hover_icon=&#8220;&#x55;||divi||400&#8243; show_bottom_space=&#8220;off&#8220; align=&#8220;center&#8220; align_tablet=&#8220;center&#8220; align_phone=&#8220;&#8220; align_last_edited=&#8220;on|desktop&#8220; disabled_on=&#8220;on|on|on&#8220; admin_label=&#8220;Image&#8220; _builder_version=&#8220;4.14.1&#8243; width=&#8220;300px&#8220; max_width=&#8220;300px&#8220; module_alignment=&#8220;center&#8220; custom_margin=&#8220;||||false|false&#8220; box_shadow_style=&#8220;preset2&#8243; use_border_color=&#8220;off&#8220; border_color=&#8220;#ffffff&#8220; border_style=&#8220;solid&#8220; sticky=&#8220;on&#8220; always_center_on_mobile=&#8220;on&#8220; disabled=&#8220;on&#8220; saved_tabs=&#8220;all&#8220; locked=&#8220;off&#8220; global_colors_info=&#8220;{}&#8220;]\u00a0 [\/et_pb_image][et_pb_text disabled_on=&#8220;off|off|off&#8220; admin_label=&#8220;Text&#8220; _builder_version=&#8220;4.11.4&#8243; text_font=&#8220;|on|on||&#8220; text_text_color=&#8220;#d63fea&#8220; text_font_size=&#8220;12px&#8220; text_line_height=&#8220;1.2em&#8220; background_size=&#8220;initial&#8220; background_position=&#8220;top_left&#8220; background_repeat=&#8220;repeat&#8220; text_orientation=&#8220;center&#8220; module_alignment=&#8220;center&#8220; custom_padding=&#8220;1vh|||&#8220; use_border_color=&#8220;off&#8220; border_color=&#8220;#df7fe8&#8243; border_style=&#8220;solid&#8220; disabled=&#8220;on&#8220; global_colors_info=&#8220;{}&#8220;]<\/p>\n<p style=\"text-align: center;\">Janine mit einer Tante im Jahr 1950<\/p>\n<p>[\/et_pb_text][et_pb_image src=&#8220;https:\/\/www.coeurssansfrontieres.com\/wp-content\/uploads\/2021\/02\/Konrad-Junski-02.jpg&#8220; alt=&#8220;Konrad JUNSKI&#8220; title_text=&#8220;Konrad JUNSKI&#8220; show_in_lightbox=&#8220;on&#8220; use_overlay=&#8220;on&#8220; overlay_icon_color=&#8220;#ffffff&#8220; hover_overlay_color=&#8220;rgba(217,140,199,0.44)&#8220; hover_icon=&#8220;&#x55;||divi||400&#8243; show_bottom_space=&#8220;off&#8220; align=&#8220;center&#8220; align_tablet=&#8220;center&#8220; align_phone=&#8220;&#8220; align_last_edited=&#8220;on|desktop&#8220; disabled_on=&#8220;on|on|on&#8220; admin_label=&#8220;Image&#8220; _builder_version=&#8220;4.13.0&#8243; width=&#8220;300px&#8220; max_width=&#8220;300px&#8220; module_alignment=&#8220;center&#8220; custom_margin=&#8220;||||false|false&#8220; box_shadow_style=&#8220;preset2&#8243; use_border_color=&#8220;off&#8220; border_color=&#8220;#ffffff&#8220; border_style=&#8220;solid&#8220; sticky=&#8220;on&#8220; always_center_on_mobile=&#8220;on&#8220; disabled=&#8220;on&#8220; saved_tabs=&#8220;all&#8220; locked=&#8220;off&#8220; global_colors_info=&#8220;{}&#8220;]\u00a0 [\/et_pb_image][et_pb_text disabled_on=&#8220;on|on|on&#8220; admin_label=&#8220;Texte&#8220; _builder_version=&#8220;4.8.2&#8243; text_font=&#8220;|on|on||&#8220; text_text_color=&#8220;#d63fea&#8220; text_font_size=&#8220;12px&#8220; text_line_height=&#8220;1.2em&#8220; background_size=&#8220;initial&#8220; background_position=&#8220;top_left&#8220; background_repeat=&#8220;repeat&#8220; text_orientation=&#8220;center&#8220; module_alignment=&#8220;center&#8220; custom_padding=&#8220;1vh|||&#8220; use_border_color=&#8220;off&#8220; border_color=&#8220;#df7fe8&#8243; border_style=&#8220;solid&#8220; disabled=&#8220;on&#8220; global_colors_info=&#8220;{}&#8220;]<\/p>\n<p style=\"text-align: center;\">Konrad JUNSKI<\/p>\n<p>[\/et_pb_text][et_pb_text disabled_on=&#8220;off|off|off&#8220; admin_label=&#8220;Text&#8220; _builder_version=&#8220;4.4.6&#8243; text_font=&#8220;|on|on||&#8220; text_text_color=&#8220;#d63fea&#8220; text_font_size=&#8220;12px&#8220; text_line_height=&#8220;1.2em&#8220; background_size=&#8220;initial&#8220; background_position=&#8220;top_left&#8220; background_repeat=&#8220;repeat&#8220; text_orientation=&#8220;center&#8220; module_alignment=&#8220;center&#8220; custom_padding=&#8220;1vh|||&#8220; use_border_color=&#8220;off&#8220; border_color=&#8220;#df7fe8&#8243; border_style=&#8220;solid&#8220; disabled=&#8220;on&#8220; global_colors_info=&#8220;{}&#8220;]Mein Vater Louis Bonenfant [\/et_pb_text][\/et_pb_column][et_pb_column type=&#8220;1_2&#8243; _builder_version=&#8220;4.14.2&#8243; custom_padding=&#8220;||||false|false&#8220; global_colors_info=&#8220;{}&#8220;][et_pb_text admin_label=&#8220;Texte&#8220; _builder_version=&#8220;4.14.2&#8243; text_font_size=&#8220;22px&#8220; text_line_height=&#8220;1.2em&#8220; background_size=&#8220;initial&#8220; background_position=&#8220;top_left&#8220; background_repeat=&#8220;repeat&#8220; width=&#8220;100%&#8220; custom_margin=&#8220;|0px||0px|false|false&#8220; custom_padding=&#8220;||||false|false&#8220; use_border_color=&#8220;off&#8220; border_color=&#8220;#ffffff&#8220; border_style=&#8220;solid&#8220; global_colors_info=&#8220;{}&#8220;]<\/p>\n<p><strong>Nr 827<\/strong><\/p>\n<p>Ich suche meinen deutschen Gro\u00dfvater v\u00e4terlicherseits, der eine Beziehung mit meiner Gro\u00dfmutter, <strong>Louise Francoise Fronteau<\/strong> hatte, als er Besatzungssoldat in der Gegend von Paris war.<\/p>\n<p><strong>Mein Vater, Alfred Michel Fronteau<\/strong>, ist das Ergebnis dieser Beziehung.<\/p>\n<p>Leider ist mein Vater verstorben, ohne dass sein Wunsch in Erf\u00fcllung ging, etwas \u00fcber seinen Vater erfahren zu haben. Ich, als deine Tochter, habe genealogische Nachforschungen betrieben, mit dem selben Bed\u00fcrfnis, unsere Herkunft kennenzulernen.<\/p>\n<p>Louise Francoise FRONTEAU verstarb 1976 und nahm das Geheimnis um die Geburt ihres Kindes und insbesondere die Identit\u00e4t seines Vaters, mit ins Grab.<\/p>\n<p>Ich habe folgende Informationen um meine Recherche durchzuf\u00fchren .<\/p>\n<p>Meine Gro\u00dfmutter war damals K\u00f6chin in Paris, in einem Privathaushalt.<\/p>\n<p>Sie wurde 1902 geboren und war 40 Jahr alt, als mein Vater, am 24. Mai 1942 in St. Denis, im Krankenhaus in der 11, rue du Fort de l\u2019Est, geboren wurde.<br \/><strong>Louise lebte damals in St.Denis, 11 rue Dezobri, keine<\/strong> 30 Km vom <strong>\u201eFort de l\u2019Est\u201c<\/strong> entfernt, das zu dieser Zeit eine von deutschen Soldaten besetzte Kaserne war.<\/p>\n<p>Louise zog mit ihrem Kind nach Corbeil, im Kreis Essonne. Alfred wurde dann, noch recht jung, seinem Onkel anvertraut, der im D\u00e9partement Cher wohnte und ihn mit seinen eigenen Kindern gro\u00dfzog. Seine Mutter besuchte in regelm\u00e4\u00dfig.<\/p>\n<p>Sollte diese Geschichte und das Bild dieses kleinen Jungen jemandem bekannt vorkommen, w\u00fcrde ich mich sehr \u00fcber eine Kontaktaufnahme freuen.<\/p>\n<p><em>Von ganzem Herzen bedanke ich mich im Voraus.<\/em><\/p>\n<p>[\/et_pb_text][et_pb_text disabled_on=&#8220;on|on|on&#8220; admin_label=&#8220;Text&#8220; _builder_version=&#8220;4.11.4&#8243; text_font_size=&#8220;18px&#8220; text_line_height=&#8220;1.8em&#8220; background_size=&#8220;initial&#8220; background_position=&#8220;top_left&#8220; background_repeat=&#8220;repeat&#8220; custom_margin=&#8220;3vh|2vh|||false|false&#8220; custom_padding=&#8220;|15vw|||false|false&#8220; use_border_color=&#8220;off&#8220; border_color=&#8220;#ffffff&#8220; border_style=&#8220;solid&#8220; disabled=&#8220;on&#8220; global_colors_info=&#8220;{}&#8220;]<strong>N\u00b0 \u00a0821<\/strong> <strong>Ich wurde am 28.09.1946 in Ravensburg geboren. <\/strong> Mein Vater war ein Soldat der franz\u00f6sischen Besatzungszone \/ZFO) und war in Weingarten in der N\u00e4he von Ravensburg stationiert. Dort lernte er meine Mutter <strong>Maria-Theresia Rothenh\u00e4usler<\/strong>, 23 Jahre alt, kennen. <strong>Sie arbeitete f\u00fcr das Burgtheater in Ravensburg<\/strong> und ich frage mich, ob sich meine Mutter und mein Vater \u00fcber diese berufliche T\u00e4tigkeit kennenlernten. Aus den Archiven erfuhr ich, dass meine Mutter den Namen meines Vaters <strong>Jean RABI (oder Raby)<\/strong> angegeben hat. <em>Ich suche nach\u00a0Informationen \u00fcber meinen Vater, z.B.\u00a0wo hat er in Frankreich gelebt, wie verlief sein Leben, hat er in Frankreich eine Familie gegr\u00fcndet, was aus ihm geworden ist.<\/em> <em>Ich bedanke mich im voraus bei den Menschen, die die Geschichte des Burgtheaters (jetzt \u201eDie Burg) kennen, sowie bei denen, die meine Eltern damals kannten, oder diejenigen die Jean RABI in Frankreich kannten und mich \u00fcber den Verein kontaktieren.<\/em> <span style=\"font-size: 12pt;\"><strong>\u00a0 \u00a0 \u00a0 \u00a0 \u00a0 \u00a0 \u00a0 \u00a0 \u00a0 \u00a0 \u00a0 \u00a0 \u00a0 \u00a0 \u00a0 \u00a0 \u00a0 \u00a0 \u00a0 \u00a0 \u00a0 \u00a0 \u00a0 \u00a0 \u00a0 \u00a0 \u00a0 \u00a0 \u00a0 \u00a0 \u00a0 \u00a0 \u00a0 \u00a0 \u00a0 \u00a0 \u00a0 \u00a0 \u00a0 \u00a0 \u00a0 \u00a0 \u00a0 \u00a0 \u00a0 \u00a0 \u00a0 \u00a0 \u00a0 \u00a0 \u00a0 \u00a0 \u00a0 \u00a0 \u00a0 \u00a0 \u00a0 \u00a0 \u00a0 \u00a0 \u00a0 \u00a0 \u00a0 \u00a0 \u00a0 \u00a0 \u00a0 \u00a0 \u00a0 \u00a0 \u00a0 \u00a0 \u00a0 \u00a0 \u00a0 \u00a0 \u00a0 \u00a0 \u00a0 \u00a0 \u00a0 \u00a0 \u00a0 \u00a0 \u00a0 \u00a0 \u00a0 \u00a0 \u00a0 \u00a0 Janine<\/strong><\/span> [\/et_pb_text][\/et_pb_column][et_pb_column type=&#8220;1_4&#8243; _builder_version=&#8220;4.4.6&#8243; custom_padding=&#8220;|15vh|||false|false&#8220; global_colors_info=&#8220;{}&#8220;][et_pb_image src=&#8220;https:\/\/www.coeurssansfrontieres.com\/wp-content\/uploads\/2021\/12\/photo-2-nb.jpg&#8220; alt=&#8220;Alfred Michel Fronteau &#8220; title_text=&#8220;Alfred Michel Fronteau &#8220; show_in_lightbox=&#8220;on&#8220; use_overlay=&#8220;on&#8220; overlay_icon_color=&#8220;#ffffff&#8220; hover_overlay_color=&#8220;rgba(217,140,199,0.44)&#8220; hover_icon=&#8220;&#x55;||divi||400&#8243; show_bottom_space=&#8220;off&#8220; align=&#8220;center&#8220; align_tablet=&#8220;center&#8220; align_phone=&#8220;&#8220; align_last_edited=&#8220;on|desktop&#8220; disabled_on=&#8220;||off&#8220; admin_label=&#8220;Image&#8220; _builder_version=&#8220;4.14.2&#8243; width=&#8220;300px&#8220; max_width=&#8220;300px&#8220; module_alignment=&#8220;center&#8220; custom_margin=&#8220;||1vh||false|false&#8220; box_shadow_style=&#8220;preset2&#8243; use_border_color=&#8220;off&#8220; border_color=&#8220;#ffffff&#8220; border_style=&#8220;solid&#8220; sticky=&#8220;on&#8220; always_center_on_mobile=&#8220;on&#8220; saved_tabs=&#8220;all&#8220; locked=&#8220;off&#8220; global_colors_info=&#8220;{}&#8220;]\u00a0 [\/et_pb_image][et_pb_text disabled_on=&#8220;off|off|off&#8220; admin_label=&#8220;Texte&#8220; _builder_version=&#8220;4.14.2&#8243; text_font=&#8220;|on|on||&#8220; text_text_color=&#8220;#d63fea&#8220; text_font_size=&#8220;12px&#8220; text_line_height=&#8220;1.2em&#8220; background_size=&#8220;initial&#8220; background_position=&#8220;top_left&#8220; background_repeat=&#8220;repeat&#8220; text_orientation=&#8220;center&#8220; module_alignment=&#8220;center&#8220; custom_padding=&#8220;1vh|||&#8220; use_border_color=&#8220;off&#8220; border_color=&#8220;#df7fe8&#8243; border_style=&#8220;solid&#8220; global_colors_info=&#8220;{}&#8220;]<\/p>\n<p style=\"text-align: center;\"><strong>Alfred Michel Fronteau<\/strong><\/p>\n<p>[\/et_pb_text][\/et_pb_column][\/et_pb_row][\/et_pb_section]<\/p>\n","protected":false},"excerpt":{"rendered":"<p>Mein Vater wurde aus der Beziehung meiner Gro\u00dfmutter Louise FRONTEAU mit einem deutschen Soldaten w\u00e4hrend der Besatzung in St DENIS geboren.<\/p>\n","protected":false},"author":249,"featured_media":21636,"comment_status":"closed","ping_status":"closed","sticky":false,"template":"","format":"standard","meta":{"_et_pb_use_builder":"on","_et_pb_old_content":"","_et_gb_content_width":"","footnotes":""},"categories":[172,173],"tags":[279],"class_list":["post-21664","post","type-post","status-publish","format-standard","has-post-thumbnail","hentry","category-recherche","category-recherche-laufende","tag-novembre-2021-de"],"yoast_head":"<!-- This site is optimized with the Yoast SEO plugin v27.5 - https:\/\/yoast.com\/product\/yoast-seo-wordpress\/ -->\n<title>N\u00b0 827 Louise FRONTEAU - CSF - HOG<\/title>\n<meta name=\"description\" content=\"%\" \/>\n<meta name=\"robots\" content=\"index, follow, max-snippet:-1, max-image-preview:large, max-video-preview:-1\" \/>\n<link rel=\"canonical\" href=\"https:\/\/www.coeurssansfrontieres.com\/fr\/recherches\/recherches-en-cours\/n-827-louise-fronteau\/\" \/>\n<meta property=\"og:locale\" content=\"de_DE\" \/>\n<meta property=\"og:type\" content=\"article\" \/>\n<meta property=\"og:title\" content=\"N\u00b0 827 Louise FRONTEAU - CSF - HOG\" \/>\n<meta property=\"og:description\" content=\"%\" \/>\n<meta property=\"og:url\" content=\"https:\/\/www.coeurssansfrontieres.com\/fr\/recherches\/recherches-en-cours\/n-827-louise-fronteau\/\" \/>\n<meta property=\"og:site_name\" content=\"CSF - HOG\" \/>\n<meta property=\"article:published_time\" content=\"2021-12-07T15:12:47+00:00\" \/>\n<meta property=\"article:modified_time\" content=\"2021-12-07T15:20:32+00:00\" \/>\n<meta property=\"og:image\" content=\"https:\/\/www.coeurssansfrontieres.com\/wp-content\/uploads\/2021\/12\/Vignette-1.jpg\" \/>\n\t<meta property=\"og:image:width\" content=\"200\" \/>\n\t<meta property=\"og:image:height\" content=\"200\" \/>\n\t<meta property=\"og:image:type\" content=\"image\/jpeg\" \/>\n<meta name=\"author\" content=\"GOFFIN Alexandre\" \/>\n<meta name=\"twitter:card\" content=\"summary_large_image\" \/>\n<meta name=\"twitter:label1\" content=\"Verfasst von\" \/>\n\t<meta name=\"twitter:data1\" content=\"GOFFIN Alexandre\" \/>\n\t<meta name=\"twitter:label2\" content=\"Gesch\u00e4tzte Lesezeit\" \/>\n\t<meta name=\"twitter:data2\" content=\"5\u00a0Minuten\" \/>\n<script type=\"application\/ld+json\" class=\"yoast-schema-graph\">{\"@context\":\"https:\\\/\\\/schema.org\",\"@graph\":[{\"@type\":\"Article\",\"@id\":\"https:\\\/\\\/www.coeurssansfrontieres.com\\\/fr\\\/recherches\\\/recherches-en-cours\\\/n-827-louise-fronteau\\\/#article\",\"isPartOf\":{\"@id\":\"https:\\\/\\\/www.coeurssansfrontieres.com\\\/fr\\\/recherches\\\/recherches-en-cours\\\/n-827-louise-fronteau\\\/\"},\"author\":{\"name\":\"GOFFIN Alexandre\",\"@id\":\"https:\\\/\\\/www.coeurssansfrontieres.com\\\/fr\\\/#\\\/schema\\\/person\\\/19507754554eb5218427fc31038cac56\"},\"headline\":\"N\u00b0 827 Louise FRONTEAU\",\"datePublished\":\"2021-12-07T15:12:47+00:00\",\"dateModified\":\"2021-12-07T15:20:32+00:00\",\"mainEntityOfPage\":{\"@id\":\"https:\\\/\\\/www.coeurssansfrontieres.com\\\/fr\\\/recherches\\\/recherches-en-cours\\\/n-827-louise-fronteau\\\/\"},\"wordCount\":2536,\"image\":{\"@id\":\"https:\\\/\\\/www.coeurssansfrontieres.com\\\/fr\\\/recherches\\\/recherches-en-cours\\\/n-827-louise-fronteau\\\/#primaryimage\"},\"thumbnailUrl\":\"https:\\\/\\\/www.coeurssansfrontieres.com\\\/wp-content\\\/uploads\\\/2021\\\/12\\\/Vignette-1.jpg\",\"keywords\":[\"novembre 2021\"],\"articleSection\":[\"Recherche\",\"recherche-Laufende\"],\"inLanguage\":\"de\"},{\"@type\":\"WebPage\",\"@id\":\"https:\\\/\\\/www.coeurssansfrontieres.com\\\/fr\\\/recherches\\\/recherches-en-cours\\\/n-827-louise-fronteau\\\/\",\"url\":\"https:\\\/\\\/www.coeurssansfrontieres.com\\\/fr\\\/recherches\\\/recherches-en-cours\\\/n-827-louise-fronteau\\\/\",\"name\":\"N\u00b0 827 Louise FRONTEAU - CSF - HOG\",\"isPartOf\":{\"@id\":\"https:\\\/\\\/www.coeurssansfrontieres.com\\\/fr\\\/#website\"},\"primaryImageOfPage\":{\"@id\":\"https:\\\/\\\/www.coeurssansfrontieres.com\\\/fr\\\/recherches\\\/recherches-en-cours\\\/n-827-louise-fronteau\\\/#primaryimage\"},\"image\":{\"@id\":\"https:\\\/\\\/www.coeurssansfrontieres.com\\\/fr\\\/recherches\\\/recherches-en-cours\\\/n-827-louise-fronteau\\\/#primaryimage\"},\"thumbnailUrl\":\"https:\\\/\\\/www.coeurssansfrontieres.com\\\/wp-content\\\/uploads\\\/2021\\\/12\\\/Vignette-1.jpg\",\"datePublished\":\"2021-12-07T15:12:47+00:00\",\"dateModified\":\"2021-12-07T15:20:32+00:00\",\"author\":{\"@id\":\"https:\\\/\\\/www.coeurssansfrontieres.com\\\/fr\\\/#\\\/schema\\\/person\\\/19507754554eb5218427fc31038cac56\"},\"description\":\"%\",\"breadcrumb\":{\"@id\":\"https:\\\/\\\/www.coeurssansfrontieres.com\\\/fr\\\/recherches\\\/recherches-en-cours\\\/n-827-louise-fronteau\\\/#breadcrumb\"},\"inLanguage\":\"de\",\"potentialAction\":[{\"@type\":\"ReadAction\",\"target\":[\"https:\\\/\\\/www.coeurssansfrontieres.com\\\/fr\\\/recherches\\\/recherches-en-cours\\\/n-827-louise-fronteau\\\/\"]}]},{\"@type\":\"ImageObject\",\"inLanguage\":\"de\",\"@id\":\"https:\\\/\\\/www.coeurssansfrontieres.com\\\/fr\\\/recherches\\\/recherches-en-cours\\\/n-827-louise-fronteau\\\/#primaryimage\",\"url\":\"https:\\\/\\\/www.coeurssansfrontieres.com\\\/wp-content\\\/uploads\\\/2021\\\/12\\\/Vignette-1.jpg\",\"contentUrl\":\"https:\\\/\\\/www.coeurssansfrontieres.com\\\/wp-content\\\/uploads\\\/2021\\\/12\\\/Vignette-1.jpg\",\"width\":200,\"height\":200},{\"@type\":\"BreadcrumbList\",\"@id\":\"https:\\\/\\\/www.coeurssansfrontieres.com\\\/fr\\\/recherches\\\/recherches-en-cours\\\/n-827-louise-fronteau\\\/#breadcrumb\",\"itemListElement\":[{\"@type\":\"ListItem\",\"position\":1,\"name\":\"Accueil\",\"item\":\"https:\\\/\\\/www.coeurssansfrontieres.com\\\/de\\\/\"},{\"@type\":\"ListItem\",\"position\":2,\"name\":\"N\u00b0 827 Louise FRONTEAU\"}]},{\"@type\":\"WebSite\",\"@id\":\"https:\\\/\\\/www.coeurssansfrontieres.com\\\/fr\\\/#website\",\"url\":\"https:\\\/\\\/www.coeurssansfrontieres.com\\\/fr\\\/\",\"name\":\"C\u0153urs sans fronti\u00e8res\",\"description\":\"Association franco-allemande des Enfants de la Seconde Guerre Mondiale\",\"potentialAction\":[{\"@type\":\"SearchAction\",\"target\":{\"@type\":\"EntryPoint\",\"urlTemplate\":\"https:\\\/\\\/www.coeurssansfrontieres.com\\\/fr\\\/?s={search_term_string}\"},\"query-input\":{\"@type\":\"PropertyValueSpecification\",\"valueRequired\":true,\"valueName\":\"search_term_string\"}}],\"inLanguage\":\"de\"},{\"@type\":\"Person\",\"@id\":\"https:\\\/\\\/www.coeurssansfrontieres.com\\\/fr\\\/#\\\/schema\\\/person\\\/19507754554eb5218427fc31038cac56\",\"name\":\"GOFFIN Alexandre\"}]}<\/script>\n<!-- \/ Yoast SEO plugin. -->","yoast_head_json":{"title":"N\u00b0 827 Louise FRONTEAU - CSF - HOG","description":"%","robots":{"index":"index","follow":"follow","max-snippet":"max-snippet:-1","max-image-preview":"max-image-preview:large","max-video-preview":"max-video-preview:-1"},"canonical":"https:\/\/www.coeurssansfrontieres.com\/fr\/recherches\/recherches-en-cours\/n-827-louise-fronteau\/","og_locale":"de_DE","og_type":"article","og_title":"N\u00b0 827 Louise FRONTEAU - CSF - HOG","og_description":"%","og_url":"https:\/\/www.coeurssansfrontieres.com\/fr\/recherches\/recherches-en-cours\/n-827-louise-fronteau\/","og_site_name":"CSF - HOG","article_published_time":"2021-12-07T15:12:47+00:00","article_modified_time":"2021-12-07T15:20:32+00:00","og_image":[{"width":200,"height":200,"url":"https:\/\/www.coeurssansfrontieres.com\/wp-content\/uploads\/2021\/12\/Vignette-1.jpg","type":"image\/jpeg"}],"author":"GOFFIN Alexandre","twitter_card":"summary_large_image","twitter_misc":{"Verfasst von":"GOFFIN Alexandre","Gesch\u00e4tzte Lesezeit":"5\u00a0Minuten"},"schema":{"@context":"https:\/\/schema.org","@graph":[{"@type":"Article","@id":"https:\/\/www.coeurssansfrontieres.com\/fr\/recherches\/recherches-en-cours\/n-827-louise-fronteau\/#article","isPartOf":{"@id":"https:\/\/www.coeurssansfrontieres.com\/fr\/recherches\/recherches-en-cours\/n-827-louise-fronteau\/"},"author":{"name":"GOFFIN Alexandre","@id":"https:\/\/www.coeurssansfrontieres.com\/fr\/#\/schema\/person\/19507754554eb5218427fc31038cac56"},"headline":"N\u00b0 827 Louise FRONTEAU","datePublished":"2021-12-07T15:12:47+00:00","dateModified":"2021-12-07T15:20:32+00:00","mainEntityOfPage":{"@id":"https:\/\/www.coeurssansfrontieres.com\/fr\/recherches\/recherches-en-cours\/n-827-louise-fronteau\/"},"wordCount":2536,"image":{"@id":"https:\/\/www.coeurssansfrontieres.com\/fr\/recherches\/recherches-en-cours\/n-827-louise-fronteau\/#primaryimage"},"thumbnailUrl":"https:\/\/www.coeurssansfrontieres.com\/wp-content\/uploads\/2021\/12\/Vignette-1.jpg","keywords":["novembre 2021"],"articleSection":["Recherche","recherche-Laufende"],"inLanguage":"de"},{"@type":"WebPage","@id":"https:\/\/www.coeurssansfrontieres.com\/fr\/recherches\/recherches-en-cours\/n-827-louise-fronteau\/","url":"https:\/\/www.coeurssansfrontieres.com\/fr\/recherches\/recherches-en-cours\/n-827-louise-fronteau\/","name":"N\u00b0 827 Louise FRONTEAU - CSF - HOG","isPartOf":{"@id":"https:\/\/www.coeurssansfrontieres.com\/fr\/#website"},"primaryImageOfPage":{"@id":"https:\/\/www.coeurssansfrontieres.com\/fr\/recherches\/recherches-en-cours\/n-827-louise-fronteau\/#primaryimage"},"image":{"@id":"https:\/\/www.coeurssansfrontieres.com\/fr\/recherches\/recherches-en-cours\/n-827-louise-fronteau\/#primaryimage"},"thumbnailUrl":"https:\/\/www.coeurssansfrontieres.com\/wp-content\/uploads\/2021\/12\/Vignette-1.jpg","datePublished":"2021-12-07T15:12:47+00:00","dateModified":"2021-12-07T15:20:32+00:00","author":{"@id":"https:\/\/www.coeurssansfrontieres.com\/fr\/#\/schema\/person\/19507754554eb5218427fc31038cac56"},"description":"%","breadcrumb":{"@id":"https:\/\/www.coeurssansfrontieres.com\/fr\/recherches\/recherches-en-cours\/n-827-louise-fronteau\/#breadcrumb"},"inLanguage":"de","potentialAction":[{"@type":"ReadAction","target":["https:\/\/www.coeurssansfrontieres.com\/fr\/recherches\/recherches-en-cours\/n-827-louise-fronteau\/"]}]},{"@type":"ImageObject","inLanguage":"de","@id":"https:\/\/www.coeurssansfrontieres.com\/fr\/recherches\/recherches-en-cours\/n-827-louise-fronteau\/#primaryimage","url":"https:\/\/www.coeurssansfrontieres.com\/wp-content\/uploads\/2021\/12\/Vignette-1.jpg","contentUrl":"https:\/\/www.coeurssansfrontieres.com\/wp-content\/uploads\/2021\/12\/Vignette-1.jpg","width":200,"height":200},{"@type":"BreadcrumbList","@id":"https:\/\/www.coeurssansfrontieres.com\/fr\/recherches\/recherches-en-cours\/n-827-louise-fronteau\/#breadcrumb","itemListElement":[{"@type":"ListItem","position":1,"name":"Accueil","item":"https:\/\/www.coeurssansfrontieres.com\/de\/"},{"@type":"ListItem","position":2,"name":"N\u00b0 827 Louise FRONTEAU"}]},{"@type":"WebSite","@id":"https:\/\/www.coeurssansfrontieres.com\/fr\/#website","url":"https:\/\/www.coeurssansfrontieres.com\/fr\/","name":"C\u0153urs sans fronti\u00e8res","description":"Association franco-allemande des Enfants de la Seconde Guerre Mondiale","potentialAction":[{"@type":"SearchAction","target":{"@type":"EntryPoint","urlTemplate":"https:\/\/www.coeurssansfrontieres.com\/fr\/?s={search_term_string}"},"query-input":{"@type":"PropertyValueSpecification","valueRequired":true,"valueName":"search_term_string"}}],"inLanguage":"de"},{"@type":"Person","@id":"https:\/\/www.coeurssansfrontieres.com\/fr\/#\/schema\/person\/19507754554eb5218427fc31038cac56","name":"GOFFIN Alexandre"}]}},"_links":{"self":[{"href":"https:\/\/www.coeurssansfrontieres.com\/de\/wp-json\/wp\/v2\/posts\/21664","targetHints":{"allow":["GET"]}}],"collection":[{"href":"https:\/\/www.coeurssansfrontieres.com\/de\/wp-json\/wp\/v2\/posts"}],"about":[{"href":"https:\/\/www.coeurssansfrontieres.com\/de\/wp-json\/wp\/v2\/types\/post"}],"author":[{"embeddable":true,"href":"https:\/\/www.coeurssansfrontieres.com\/de\/wp-json\/wp\/v2\/users\/249"}],"replies":[{"embeddable":true,"href":"https:\/\/www.coeurssansfrontieres.com\/de\/wp-json\/wp\/v2\/comments?post=21664"}],"version-history":[{"count":4,"href":"https:\/\/www.coeurssansfrontieres.com\/de\/wp-json\/wp\/v2\/posts\/21664\/revisions"}],"predecessor-version":[{"id":21671,"href":"https:\/\/www.coeurssansfrontieres.com\/de\/wp-json\/wp\/v2\/posts\/21664\/revisions\/21671"}],"wp:featuredmedia":[{"embeddable":true,"href":"https:\/\/www.coeurssansfrontieres.com\/de\/wp-json\/wp\/v2\/media\/21636"}],"wp:attachment":[{"href":"https:\/\/www.coeurssansfrontieres.com\/de\/wp-json\/wp\/v2\/media?parent=21664"}],"wp:term":[{"taxonomy":"category","embeddable":true,"href":"https:\/\/www.coeurssansfrontieres.com\/de\/wp-json\/wp\/v2\/categories?post=21664"},{"taxonomy":"post_tag","embeddable":true,"href":"https:\/\/www.coeurssansfrontieres.com\/de\/wp-json\/wp\/v2\/tags?post=21664"}],"curies":[{"name":"wp","href":"https:\/\/api.w.org\/{rel}","templated":true}]}}