{"id":22136,"date":"2022-06-01T12:01:44","date_gmt":"2022-06-01T10:01:44","guid":{"rendered":"https:\/\/www.coeurssansfrontieres.com\/kategorientechniken\/unkategorisiert\/rencontre-regionale-du-sud-ouest\/"},"modified":"2022-07-05T15:29:54","modified_gmt":"2022-07-05T13:29:54","slug":"rencontre-regionale-du-sud-ouest","status":"publish","type":"post","link":"https:\/\/www.coeurssansfrontieres.com\/de\/vereinsleben\/rencontre-regionale-du-sud-ouest\/","title":{"rendered":"Regionaltreffen S\u00fcdwesten (Artikel auf Franz\u00f6sisch)"},"content":{"rendered":"<p>[et_pb_section fb_built=&#8220;1&#8243; admin_label=&#8220;section&#8220; _builder_version=&#8220;4.16&#8243; background_color=&#8220;#ffffff&#8220; width=&#8220;100%&#8220; max_width=&#8220;100%&#8220; custom_margin=&#8220;-150px||||false|false&#8220; transparent_background=&#8220;off&#8220; padding_mobile=&#8220;off&#8220; make_fullwidth=&#8220;off&#8220; use_custom_width=&#8220;off&#8220; width_unit=&#8220;on&#8220; global_colors_info=&#8220;{}&#8220;][et_pb_row column_structure=&#8220;1_4,1_2,1_4&#8243; disabled_on=&#8220;off|off|off&#8220; _builder_version=&#8220;4.16&#8243; width=&#8220;100%&#8220; max_width=&#8220;100%&#8220; global_colors_info=&#8220;{}&#8220;][et_pb_column type=&#8220;1_4&#8243; _builder_version=&#8220;4.16&#8243; custom_padding=&#8220;|||3vw|false|false&#8220; global_colors_info=&#8220;{}&#8220;][et_pb_image src=&#8220;https:\/\/www.coeurssansfrontieres.com\/wp-content\/uploads\/2022\/06\/cisse-vignette.jpg&#8220; title_text=&#8220;cisse-vignette&#8220; show_in_lightbox=&#8220;on&#8220; use_overlay=&#8220;on&#8220; overlay_icon_color=&#8220;#ffffff&#8220; hover_overlay_color=&#8220;rgba(217,140,199,0.44)&#8220; hover_icon=&#8220;&#x55;||divi||400&#8243; show_bottom_space=&#8220;off&#8220; align=&#8220;center&#8220; align_tablet=&#8220;center&#8220; align_phone=&#8220;&#8220; align_last_edited=&#8220;on|desktop&#8220; disabled_on=&#8220;||off&#8220; admin_label=&#8220;Image&#8220; _builder_version=&#8220;4.17.4&#8243; width=&#8220;300px&#8220; max_width=&#8220;300px&#8220; module_alignment=&#8220;center&#8220; custom_margin=&#8220;||||false|false&#8220; box_shadow_style=&#8220;preset2&#8243; sticky=&#8220;on&#8220; use_border_color=&#8220;off&#8220; border_color=&#8220;#ffffff&#8220; border_style=&#8220;solid&#8220; always_center_on_mobile=&#8220;on&#8220; saved_tabs=&#8220;all&#8220; locked=&#8220;off&#8220; global_colors_info=&#8220;{}&#8220;]\u00a0 [\/et_pb_image][et_pb_button button_url=&#8220;https:\/\/www.coeurssansfrontieres.com\/fr\/accueil201805-2\/accueil-new\/recherches2017-b\/recherches-en-cours\/&#8220; button_text=&#8220;RETOUR AU BLOG DES RECHERCHES EN COURS&#8220; button_alignment=&#8220;center&#8220; disabled_on=&#8220;on|on|on&#8220; admin_label=&#8220;Bouton retour&#8220; _builder_version=&#8220;4.16&#8243; custom_button=&#8220;on&#8220; button_text_size=&#8220;12px&#8220; button_text_color=&#8220;#ffffff&#8220; button_bg_color=&#8220;#a55ba6&#8243; button_border_width=&#8220;1px&#8220; button_border_color=&#8220;#ffffff&#8220; button_border_radius=&#8220;25px&#8220; button_font=&#8220;|||||on|||&#8220; button_icon=&#8220;&#x4a;||divi||400&#8243; button_icon_color=&#8220;#ffffff&#8220; button_on_hover=&#8220;off&#8220; background_layout=&#8220;dark&#8220; custom_margin=&#8220;1vh||0px||false|false&#8220; button_text_shadow_style=&#8220;preset1&#8243; box_shadow_style=&#8220;preset4&#8243; box_shadow_horizontal=&#8220;3px&#8220; box_shadow_vertical=&#8220;3px&#8220; box_shadow_blur=&#8220;3px&#8220; box_shadow_spread=&#8220;3px&#8220; disabled=&#8220;on&#8220; locked=&#8220;off&#8220; global_colors_info=&#8220;{}&#8220;][\/et_pb_button][et_pb_button button_url=&#8220;https:\/\/www.coeurssansfrontieres.com\/de\/startseite201805\/startseite-neue\/recherche2017\/laufende-recherchen\/&#8220; button_text=&#8220;ZUR\u00dcCK ZUM BLOG \u00dcBER DIE LAUFENDE RECHERCHE&#8220; button_alignment=&#8220;center&#8220; disabled_on=&#8220;on|on|on&#8220; admin_label=&#8220;DE ZUR\u00dcCK LAUFENDE RECHERCHE&#8220; _builder_version=&#8220;4.16&#8243; custom_button=&#8220;on&#8220; button_text_size=&#8220;12px&#8220; button_text_color=&#8220;#ffffff&#8220; button_bg_color=&#8220;#a55ba6&#8243; button_border_width=&#8220;1px&#8220; button_border_color=&#8220;#ffffff&#8220; button_border_radius=&#8220;25px&#8220; button_font=&#8220;|||||on|||&#8220; button_icon=&#8220;&#x4a;||divi||400&#8243; button_icon_color=&#8220;#ffffff&#8220; button_on_hover=&#8220;off&#8220; background_layout=&#8220;dark&#8220; custom_margin=&#8220;1vh||0px||false|false&#8220; button_text_shadow_style=&#8220;preset1&#8243; box_shadow_style=&#8220;preset4&#8243; box_shadow_horizontal=&#8220;3px&#8220; box_shadow_vertical=&#8220;3px&#8220; box_shadow_blur=&#8220;3px&#8220; box_shadow_spread=&#8220;3px&#8220; disabled=&#8220;on&#8220; locked=&#8220;off&#8220; global_colors_info=&#8220;{}&#8220;][\/et_pb_button][\/et_pb_column][et_pb_column type=&#8220;1_2&#8243; _builder_version=&#8220;4.16&#8243; global_colors_info=&#8220;{}&#8220;][et_pb_post_title meta=&#8220;off&#8220; featured_image=&#8220;off&#8220; admin_label=&#8220;Titre du poste&#8220; _builder_version=&#8220;4.17.4&#8243; title_font=&#8220;|700|||||||&#8220; title_text_align=&#8220;center&#8220; title_text_color=&#8220;#a55ba6&#8243; title_font_size=&#8220;40px&#8220; background_color=&#8220;rgba(255,255,255,0)&#8220; parallax=&#8220;on&#8220; parallax_method=&#8220;off&#8220; text_orientation=&#8220;center&#8220; custom_margin=&#8220;4vh||0px||false|false&#8220; title_text_shadow_style=&#8220;preset5&#8243; text_shadow_style=&#8220;preset5&#8243; use_border_color=&#8220;off&#8220; border_color=&#8220;#ffffff&#8220; border_style=&#8220;solid&#8220; parallax_effect=&#8220;on&#8220; module_bg_color=&#8220;rgba(255,255,255,0)&#8220; global_colors_info=&#8220;{}&#8220;]\u00a0 [\/et_pb_post_title][et_pb_text disabled_on=&#8220;off|off|off&#8220; _builder_version=&#8220;4.17.4&#8243; _module_preset=&#8220;default&#8220; header_font=&#8220;|700|||||||&#8220; header_text_align=&#8220;center&#8220; header_text_color=&#8220;#A55BA6&#8243; header_font_size=&#8220;40px&#8220; custom_margin=&#8220;2vh||||false|false&#8220; header_text_shadow_style=&#8220;preset5&#8243; global_colors_info=&#8220;{}&#8220;]<\/p>\n<h1>Samedi 21 mai 2022 \u00e0 Ciss\u00e9.<\/h1>\n<p>[\/et_pb_text][\/et_pb_column][et_pb_column type=&#8220;1_4&#8243; _builder_version=&#8220;4.16&#8243; custom_padding=&#8220;|3vw|||false|false&#8220; global_colors_info=&#8220;{}&#8220;][et_pb_image src=&#8220;https:\/\/www.coeurssansfrontieres.com\/wp-content\/uploads\/2017\/09\/Recherches-en-cours-OMBRE.png&#8220; show_bottom_space=&#8220;off&#8220; align=&#8220;center&#8220; align_tablet=&#8220;center&#8220; align_phone=&#8220;&#8220; align_last_edited=&#8220;on|desktop&#8220; admin_label=&#8220;Image recherches en cours&#8220; _builder_version=&#8220;4.16&#8243; max_width=&#8220;50px&#8220; custom_css_main_element=&#8220;margin : auto;&#8220; sticky=&#8220;on&#8220; use_border_color=&#8220;off&#8220; border_color=&#8220;#ffffff&#8220; border_style=&#8220;solid&#8220; always_center_on_mobile=&#8220;on&#8220; global_colors_info=&#8220;{}&#8220;]\u00a0 [\/et_pb_image][et_pb_search exclude_pages=&#8220;on&#8220; include_categories=&#8220;183,236,212,227,180,214,162,170,202,231,229,208,1,161,168,210,154,66,163,22,13,255,253,251,159,158&#8243; placeholder=&#8220; ?&#8220; button_color=&#8220;#a61abf&#8220; admin_label=&#8220;Chercher&#8220; _builder_version=&#8220;4.16&#8243; form_field_background_color=&#8220;#E5C3DF&#8220; form_field_focus_background_color=&#8220;#e5c3df&#8220; button_font=&#8220;|on|||&#8220; button_text_color=&#8220;#ffffff&#8220; button_font_size=&#8220;10px&#8220; button_line_height=&#8220;1.5em&#8220; form_field_font=&#8220;|700|||||||&#8220; form_field_text_align=&#8220;center&#8220; form_field_font_size=&#8220;16px&#8220; form_field_line_height=&#8220;0.6em&#8220; background_color=&#8220;#e5c3df&#8220; text_orientation=&#8220;center&#8220; custom_padding=&#8220;0.4em|0.715em|0.4em|0.715em|false|false&#8220; custom_css_main_element=&#8220;box-shadow: 6px 6px 6px #7C7C7C;&#8220; custom_css_input_field=&#8220;font-weight: bold !important;||&#8220; button_text_shadow_style=&#8220;preset5&#8243; border_radii=&#8220;on|25px|25px|25px|25px&#8220; border_color_all=&#8220;#a55ba6&#8243; text_shadow_style=&#8220;preset5&#8243; hide_button=&#8220;off&#8220; input_font_size=&#8220;11&#8243; input_line_height=&#8220;2em&#8220; locked=&#8220;off&#8220; global_colors_info=&#8220;{}&#8220; button_text_size__hover_enabled=&#8220;off&#8220; button_one_text_size__hover_enabled=&#8220;off&#8220; button_two_text_size__hover_enabled=&#8220;off&#8220; button_text_color__hover_enabled=&#8220;off&#8220; button_one_text_color__hover_enabled=&#8220;off&#8220; button_two_text_color__hover_enabled=&#8220;off&#8220; button_border_width__hover_enabled=&#8220;off&#8220; button_one_border_width__hover_enabled=&#8220;off&#8220; button_two_border_width__hover_enabled=&#8220;off&#8220; button_border_color__hover_enabled=&#8220;off&#8220; button_one_border_color__hover_enabled=&#8220;off&#8220; button_two_border_color__hover_enabled=&#8220;off&#8220; button_border_radius__hover_enabled=&#8220;off&#8220; button_one_border_radius__hover_enabled=&#8220;off&#8220; button_two_border_radius__hover_enabled=&#8220;off&#8220; button_letter_spacing__hover_enabled=&#8220;off&#8220; button_one_letter_spacing__hover_enabled=&#8220;off&#8220; button_two_letter_spacing__hover_enabled=&#8220;off&#8220; button_bg_color__hover_enabled=&#8220;off&#8220; button_one_bg_color__hover_enabled=&#8220;off&#8220; button_two_bg_color__hover_enabled=&#8220;off&#8220;]\u00a0 [\/et_pb_search][\/et_pb_column][\/et_pb_row][et_pb_row column_structure=&#8220;2_5,3_5&#8243; use_custom_gutter=&#8220;on&#8220; _builder_version=&#8220;4.17.4&#8243; _module_preset=&#8220;default&#8220; width=&#8220;100%&#8220; max_width=&#8220;90%&#8220; module_alignment=&#8220;center&#8220; custom_margin=&#8220;||||false|false&#8220; global_colors_info=&#8220;{}&#8220;][et_pb_column type=&#8220;2_5&#8243; _builder_version=&#8220;4.17.4&#8243; _module_preset=&#8220;default&#8220; global_colors_info=&#8220;{}&#8220;][et_pb_image src=&#8220;https:\/\/www.coeurssansfrontieres.com\/wp-content\/uploads\/2022\/06\/Cisse-2022.jpg&#8220; title_text=&#8220;Ciss\u00e9 2022  (Cliquer sur l&#8217;image pour la voir en plus grand)&#8220; show_in_lightbox=&#8220;on&#8220; _builder_version=&#8220;4.17.4&#8243; _module_preset=&#8220;default&#8220; global_colors_info=&#8220;{}&#8220;][\/et_pb_image][et_pb_text _builder_version=&#8220;4.17.4&#8243; _module_preset=&#8220;default&#8220; text_font=&#8220;|700|||||||&#8220; text_text_color=&#8220;#A55BA6&#8243; text_font_size=&#8220;12px&#8220; text_orientation=&#8220;center&#8220; global_colors_info=&#8220;{}&#8220;]<\/p>\n<p>Ciss\u00e9 2022 (Klicken Sie auf das Bild, um es zu vergr\u00f6\u00dfern)<\/p>\n<p>[\/et_pb_text][\/et_pb_column][et_pb_column type=&#8220;3_5&#8243; _builder_version=&#8220;4.17.4&#8243; _module_preset=&#8220;default&#8220; global_colors_info=&#8220;{}&#8220;][et_pb_text admin_label=&#8220;Texte&#8220; _builder_version=&#8220;4.17.4&#8243; text_font_size=&#8220;20px&#8220; text_line_height=&#8220;1.5em&#8220; background_size=&#8220;initial&#8220; background_position=&#8220;top_left&#8220; background_repeat=&#8220;repeat&#8220; custom_margin=&#8220;||||false|false&#8220; custom_padding=&#8220;||||false|false&#8220; use_border_color=&#8220;off&#8220; border_color=&#8220;#ffffff&#8220; border_style=&#8220;solid&#8220; locked=&#8220;off&#8220; global_colors_info=&#8220;{}&#8220;]<\/p>\n<p style=\"line-height: 16.8pt; background: white; margin: 0cm 0cm 10.5pt 0cm;\"><span style=\"font-size: 11.0pt; font-family: 'Arial','sans-serif'; color: #444444;\">Ce samedi 21 mai 2022 a eu lieu la 10<sup>\u00e8me<\/sup> Rencontre R\u00e9gionale du Sud-Ouest\u00a0\u00a0des amis de C\u0153urs Sans Fronti\u00e8res \u00e0 Ciss\u00e9.<br \/><\/span><span style=\"font-size: 11.0pt; font-family: 'Arial','sans-serif'; color: #444444;\">Nous \u00e9tions cette ann\u00e9e 8 car certains ont \u00e9t\u00e9 retenus par d\u2019autres manifestations ou rendez-vous divers. Nos adh\u00e9rents sont arriv\u00e9s vers 11 heures. Nous avons commenc\u00e9 \u00e0 \u00e9changer autour d\u2019un ap\u00e9ritif. Il y avait bien \u00e9videmment beaucoup \u00e0 dire apr\u00e8s 2 ans sans s\u2019\u00eatre retrouv\u00e9s \u00e0 cause de la pand\u00e9mie.<\/span><\/p>\n<p style=\"line-height: 16.8pt; background: white; margin: 0cm 0cm 10.5pt 0cm;\"><span style=\"font-size: 11.0pt; font-family: 'Arial','sans-serif'; color: #444444;\">Nous avons appris avec plaisir qu\u2019une recherche commenc\u00e9e en 2005 est sur le point d\u2019aboutir gr\u00e2ce aux recherches A.D.N. et la pers\u00e9v\u00e9rance de plusieurs intervenants. Notre adh\u00e9rent et son \u00e9pouse sont bien \u00e9videmment heureux et surtout impatients de SAVOIR (enfin !) et m\u00eame peut-\u00eatre rencontrer la famille.<\/span><\/p>\n<p style=\"line-height: 16.8pt; background: white; margin: 0cm 0cm 10.5pt 0cm;\"><span style=\"font-size: 11.0pt; font-family: 'Arial','sans-serif'; color: #444444;\">A 13 heures, nous sommes partis au restaurant le Cheval Blanc \u00e0 Vouill\u00e9 o\u00f9 nous avons pu d\u00e9jeuner sur la terrasse \u00e0 l\u2019ombre et pr\u00e8s de la rivi\u00e8re, ce qui nous a rafra\u00eechi par une telle chaleur (35\u00b0 au thermom\u00e8tre\u00a0!).<br \/><\/span><span style=\"font-size: 11.0pt; font-family: 'Arial','sans-serif'; color: #444444;\">Retour \u00e0 Ciss\u00e9 vers 16 heures. Apr\u00e8s quelques rafraichissements et quelques \u00e9changes chacun est reparti en esp\u00e9rant nous retrouver l\u2019an prochain.<\/span><\/p>\n<p style=\"line-height: 16.8pt; background: white; margin: 0cm 0cm 10.5pt 0cm;\"><span style=\"font-size: 11.0pt; font-family: 'Arial','sans-serif'; color: #444444;\">Merci \u00e0 nos adh\u00e9rents du Sud-Ouest d\u2019avoir particip\u00e9 \u00e0 cette rencontre surtout ceux qui ont accept\u00e9 de faire beaucoup de kilom\u00e8tres.<br \/><\/span><span style=\"font-size: 11.0pt; font-family: 'Arial','sans-serif'; color: #444444;\">Au plaisir de se revoir les 2.3 et 4 septembre \u00e0 Colmar.<\/span><\/p>\n<p style=\"line-height: 16.8pt; background: white; margin: 0cm 0cm 10.5pt 0cm;\"><span style=\"font-size: 11.0pt; font-family: 'Arial','sans-serif'; color: #444444;\">Amiti\u00e9s \u00e0 tous.<br \/><\/span><span style=\"font-size: 11.0pt; font-family: 'Arial','sans-serif'; color: #444444;\">Francis<\/span><\/p>\n<p>[\/et_pb_text][\/et_pb_column][\/et_pb_row][\/et_pb_section]<\/p>\n","protected":false},"excerpt":{"rendered":"<p>Am Samstag, den 21. Mai 2022, fand in Ciss\u00e9 das 10. Regionaltreffen des S\u00fcdwestens der Freunde von Herzen ohne Grenzen statt. Vielen Dank an unsere Mitglieder aus dem S\u00fcdwesten, die an diesem Treffen teilgenommen haben, vor allem jenen, die bereit waren, viele Kilometer zu fahren.<\/p>\n","protected":false},"author":249,"featured_media":22101,"comment_status":"closed","ping_status":"closed","sticky":false,"template":"","format":"standard","meta":{"_et_pb_use_builder":"on","_et_pb_old_content":"","_et_gb_content_width":"","footnotes":""},"categories":[155,14],"tags":[],"class_list":["post-22136","post","type-post","status-publish","format-standard","has-post-thumbnail","hentry","category-regionaltreffen","category-vereinsleben"],"yoast_head":"<!-- This site is optimized with the Yoast SEO plugin v27.5 - https:\/\/yoast.com\/product\/yoast-seo-wordpress\/ -->\n<title>Regionaltreffen S\u00fcdwesten (Artikel auf Franz\u00f6sisch) - CSF - HOG<\/title>\n<meta name=\"description\" content=\"%\" \/>\n<meta name=\"robots\" content=\"index, follow, max-snippet:-1, max-image-preview:large, max-video-preview:-1\" \/>\n<link rel=\"canonical\" href=\"https:\/\/www.coeurssansfrontieres.com\/de\/vereinsleben\/rencontre-regionale-du-sud-ouest\/\" \/>\n<meta property=\"og:locale\" content=\"de_DE\" \/>\n<meta property=\"og:type\" content=\"article\" \/>\n<meta property=\"og:title\" content=\"Regionaltreffen S\u00fcdwesten (Artikel auf Franz\u00f6sisch) - CSF - HOG\" \/>\n<meta property=\"og:description\" content=\"%\" \/>\n<meta property=\"og:url\" content=\"https:\/\/www.coeurssansfrontieres.com\/de\/vereinsleben\/rencontre-regionale-du-sud-ouest\/\" \/>\n<meta property=\"og:site_name\" content=\"CSF - HOG\" \/>\n<meta property=\"article:published_time\" content=\"2022-06-01T10:01:44+00:00\" \/>\n<meta property=\"article:modified_time\" content=\"2022-07-05T13:29:54+00:00\" \/>\n<meta property=\"og:image\" content=\"https:\/\/www.coeurssansfrontieres.com\/wp-content\/uploads\/2022\/06\/cisse-vignette.jpg\" \/>\n\t<meta property=\"og:image:width\" content=\"200\" \/>\n\t<meta property=\"og:image:height\" content=\"200\" \/>\n\t<meta property=\"og:image:type\" content=\"image\/jpeg\" \/>\n<meta name=\"author\" content=\"GOFFIN Alexandre\" \/>\n<meta name=\"twitter:card\" content=\"summary_large_image\" \/>\n<meta name=\"twitter:label1\" content=\"Verfasst von\" \/>\n\t<meta name=\"twitter:data1\" content=\"GOFFIN Alexandre\" \/>\n\t<meta name=\"twitter:label2\" content=\"Gesch\u00e4tzte Lesezeit\" \/>\n\t<meta name=\"twitter:data2\" content=\"3\u00a0Minuten\" \/>\n<script type=\"application\/ld+json\" class=\"yoast-schema-graph\">{\"@context\":\"https:\\\/\\\/schema.org\",\"@graph\":[{\"@type\":\"Article\",\"@id\":\"https:\\\/\\\/www.coeurssansfrontieres.com\\\/de\\\/vereinsleben\\\/rencontre-regionale-du-sud-ouest\\\/#article\",\"isPartOf\":{\"@id\":\"https:\\\/\\\/www.coeurssansfrontieres.com\\\/de\\\/vereinsleben\\\/rencontre-regionale-du-sud-ouest\\\/\"},\"author\":{\"name\":\"GOFFIN Alexandre\",\"@id\":\"https:\\\/\\\/www.coeurssansfrontieres.com\\\/fr\\\/#\\\/schema\\\/person\\\/19507754554eb5218427fc31038cac56\"},\"headline\":\"Regionaltreffen S\u00fcdwesten (Artikel auf Franz\u00f6sisch)\",\"datePublished\":\"2022-06-01T10:01:44+00:00\",\"dateModified\":\"2022-07-05T13:29:54+00:00\",\"mainEntityOfPage\":{\"@id\":\"https:\\\/\\\/www.coeurssansfrontieres.com\\\/de\\\/vereinsleben\\\/rencontre-regionale-du-sud-ouest\\\/\"},\"wordCount\":1373,\"image\":{\"@id\":\"https:\\\/\\\/www.coeurssansfrontieres.com\\\/de\\\/vereinsleben\\\/rencontre-regionale-du-sud-ouest\\\/#primaryimage\"},\"thumbnailUrl\":\"https:\\\/\\\/www.coeurssansfrontieres.com\\\/wp-content\\\/uploads\\\/2022\\\/06\\\/cisse-vignette.jpg\",\"articleSection\":[\"Regionaltreffen\",\"Vereinsleben\"],\"inLanguage\":\"de\"},{\"@type\":\"WebPage\",\"@id\":\"https:\\\/\\\/www.coeurssansfrontieres.com\\\/de\\\/vereinsleben\\\/rencontre-regionale-du-sud-ouest\\\/\",\"url\":\"https:\\\/\\\/www.coeurssansfrontieres.com\\\/de\\\/vereinsleben\\\/rencontre-regionale-du-sud-ouest\\\/\",\"name\":\"Regionaltreffen S\u00fcdwesten (Artikel auf Franz\u00f6sisch) - CSF - HOG\",\"isPartOf\":{\"@id\":\"https:\\\/\\\/www.coeurssansfrontieres.com\\\/fr\\\/#website\"},\"primaryImageOfPage\":{\"@id\":\"https:\\\/\\\/www.coeurssansfrontieres.com\\\/de\\\/vereinsleben\\\/rencontre-regionale-du-sud-ouest\\\/#primaryimage\"},\"image\":{\"@id\":\"https:\\\/\\\/www.coeurssansfrontieres.com\\\/de\\\/vereinsleben\\\/rencontre-regionale-du-sud-ouest\\\/#primaryimage\"},\"thumbnailUrl\":\"https:\\\/\\\/www.coeurssansfrontieres.com\\\/wp-content\\\/uploads\\\/2022\\\/06\\\/cisse-vignette.jpg\",\"datePublished\":\"2022-06-01T10:01:44+00:00\",\"dateModified\":\"2022-07-05T13:29:54+00:00\",\"author\":{\"@id\":\"https:\\\/\\\/www.coeurssansfrontieres.com\\\/fr\\\/#\\\/schema\\\/person\\\/19507754554eb5218427fc31038cac56\"},\"description\":\"%\",\"breadcrumb\":{\"@id\":\"https:\\\/\\\/www.coeurssansfrontieres.com\\\/de\\\/vereinsleben\\\/rencontre-regionale-du-sud-ouest\\\/#breadcrumb\"},\"inLanguage\":\"de\",\"potentialAction\":[{\"@type\":\"ReadAction\",\"target\":[\"https:\\\/\\\/www.coeurssansfrontieres.com\\\/de\\\/vereinsleben\\\/rencontre-regionale-du-sud-ouest\\\/\"]}]},{\"@type\":\"ImageObject\",\"inLanguage\":\"de\",\"@id\":\"https:\\\/\\\/www.coeurssansfrontieres.com\\\/de\\\/vereinsleben\\\/rencontre-regionale-du-sud-ouest\\\/#primaryimage\",\"url\":\"https:\\\/\\\/www.coeurssansfrontieres.com\\\/wp-content\\\/uploads\\\/2022\\\/06\\\/cisse-vignette.jpg\",\"contentUrl\":\"https:\\\/\\\/www.coeurssansfrontieres.com\\\/wp-content\\\/uploads\\\/2022\\\/06\\\/cisse-vignette.jpg\",\"width\":200,\"height\":200},{\"@type\":\"BreadcrumbList\",\"@id\":\"https:\\\/\\\/www.coeurssansfrontieres.com\\\/de\\\/vereinsleben\\\/rencontre-regionale-du-sud-ouest\\\/#breadcrumb\",\"itemListElement\":[{\"@type\":\"ListItem\",\"position\":1,\"name\":\"Accueil\",\"item\":\"https:\\\/\\\/www.coeurssansfrontieres.com\\\/de\\\/\"},{\"@type\":\"ListItem\",\"position\":2,\"name\":\"Regionaltreffen S\u00fcdwesten (Artikel auf Franz\u00f6sisch)\"}]},{\"@type\":\"WebSite\",\"@id\":\"https:\\\/\\\/www.coeurssansfrontieres.com\\\/fr\\\/#website\",\"url\":\"https:\\\/\\\/www.coeurssansfrontieres.com\\\/fr\\\/\",\"name\":\"C\u0153urs sans fronti\u00e8res\",\"description\":\"Association franco-allemande des Enfants de la Seconde Guerre Mondiale\",\"potentialAction\":[{\"@type\":\"SearchAction\",\"target\":{\"@type\":\"EntryPoint\",\"urlTemplate\":\"https:\\\/\\\/www.coeurssansfrontieres.com\\\/fr\\\/?s={search_term_string}\"},\"query-input\":{\"@type\":\"PropertyValueSpecification\",\"valueRequired\":true,\"valueName\":\"search_term_string\"}}],\"inLanguage\":\"de\"},{\"@type\":\"Person\",\"@id\":\"https:\\\/\\\/www.coeurssansfrontieres.com\\\/fr\\\/#\\\/schema\\\/person\\\/19507754554eb5218427fc31038cac56\",\"name\":\"GOFFIN Alexandre\"}]}<\/script>\n<!-- \/ Yoast SEO plugin. -->","yoast_head_json":{"title":"Regionaltreffen S\u00fcdwesten (Artikel auf Franz\u00f6sisch) - CSF - HOG","description":"%","robots":{"index":"index","follow":"follow","max-snippet":"max-snippet:-1","max-image-preview":"max-image-preview:large","max-video-preview":"max-video-preview:-1"},"canonical":"https:\/\/www.coeurssansfrontieres.com\/de\/vereinsleben\/rencontre-regionale-du-sud-ouest\/","og_locale":"de_DE","og_type":"article","og_title":"Regionaltreffen S\u00fcdwesten (Artikel auf Franz\u00f6sisch) - CSF - HOG","og_description":"%","og_url":"https:\/\/www.coeurssansfrontieres.com\/de\/vereinsleben\/rencontre-regionale-du-sud-ouest\/","og_site_name":"CSF - HOG","article_published_time":"2022-06-01T10:01:44+00:00","article_modified_time":"2022-07-05T13:29:54+00:00","og_image":[{"width":200,"height":200,"url":"https:\/\/www.coeurssansfrontieres.com\/wp-content\/uploads\/2022\/06\/cisse-vignette.jpg","type":"image\/jpeg"}],"author":"GOFFIN Alexandre","twitter_card":"summary_large_image","twitter_misc":{"Verfasst von":"GOFFIN Alexandre","Gesch\u00e4tzte Lesezeit":"3\u00a0Minuten"},"schema":{"@context":"https:\/\/schema.org","@graph":[{"@type":"Article","@id":"https:\/\/www.coeurssansfrontieres.com\/de\/vereinsleben\/rencontre-regionale-du-sud-ouest\/#article","isPartOf":{"@id":"https:\/\/www.coeurssansfrontieres.com\/de\/vereinsleben\/rencontre-regionale-du-sud-ouest\/"},"author":{"name":"GOFFIN Alexandre","@id":"https:\/\/www.coeurssansfrontieres.com\/fr\/#\/schema\/person\/19507754554eb5218427fc31038cac56"},"headline":"Regionaltreffen S\u00fcdwesten (Artikel auf Franz\u00f6sisch)","datePublished":"2022-06-01T10:01:44+00:00","dateModified":"2022-07-05T13:29:54+00:00","mainEntityOfPage":{"@id":"https:\/\/www.coeurssansfrontieres.com\/de\/vereinsleben\/rencontre-regionale-du-sud-ouest\/"},"wordCount":1373,"image":{"@id":"https:\/\/www.coeurssansfrontieres.com\/de\/vereinsleben\/rencontre-regionale-du-sud-ouest\/#primaryimage"},"thumbnailUrl":"https:\/\/www.coeurssansfrontieres.com\/wp-content\/uploads\/2022\/06\/cisse-vignette.jpg","articleSection":["Regionaltreffen","Vereinsleben"],"inLanguage":"de"},{"@type":"WebPage","@id":"https:\/\/www.coeurssansfrontieres.com\/de\/vereinsleben\/rencontre-regionale-du-sud-ouest\/","url":"https:\/\/www.coeurssansfrontieres.com\/de\/vereinsleben\/rencontre-regionale-du-sud-ouest\/","name":"Regionaltreffen S\u00fcdwesten (Artikel auf Franz\u00f6sisch) - CSF - HOG","isPartOf":{"@id":"https:\/\/www.coeurssansfrontieres.com\/fr\/#website"},"primaryImageOfPage":{"@id":"https:\/\/www.coeurssansfrontieres.com\/de\/vereinsleben\/rencontre-regionale-du-sud-ouest\/#primaryimage"},"image":{"@id":"https:\/\/www.coeurssansfrontieres.com\/de\/vereinsleben\/rencontre-regionale-du-sud-ouest\/#primaryimage"},"thumbnailUrl":"https:\/\/www.coeurssansfrontieres.com\/wp-content\/uploads\/2022\/06\/cisse-vignette.jpg","datePublished":"2022-06-01T10:01:44+00:00","dateModified":"2022-07-05T13:29:54+00:00","author":{"@id":"https:\/\/www.coeurssansfrontieres.com\/fr\/#\/schema\/person\/19507754554eb5218427fc31038cac56"},"description":"%","breadcrumb":{"@id":"https:\/\/www.coeurssansfrontieres.com\/de\/vereinsleben\/rencontre-regionale-du-sud-ouest\/#breadcrumb"},"inLanguage":"de","potentialAction":[{"@type":"ReadAction","target":["https:\/\/www.coeurssansfrontieres.com\/de\/vereinsleben\/rencontre-regionale-du-sud-ouest\/"]}]},{"@type":"ImageObject","inLanguage":"de","@id":"https:\/\/www.coeurssansfrontieres.com\/de\/vereinsleben\/rencontre-regionale-du-sud-ouest\/#primaryimage","url":"https:\/\/www.coeurssansfrontieres.com\/wp-content\/uploads\/2022\/06\/cisse-vignette.jpg","contentUrl":"https:\/\/www.coeurssansfrontieres.com\/wp-content\/uploads\/2022\/06\/cisse-vignette.jpg","width":200,"height":200},{"@type":"BreadcrumbList","@id":"https:\/\/www.coeurssansfrontieres.com\/de\/vereinsleben\/rencontre-regionale-du-sud-ouest\/#breadcrumb","itemListElement":[{"@type":"ListItem","position":1,"name":"Accueil","item":"https:\/\/www.coeurssansfrontieres.com\/de\/"},{"@type":"ListItem","position":2,"name":"Regionaltreffen S\u00fcdwesten (Artikel auf Franz\u00f6sisch)"}]},{"@type":"WebSite","@id":"https:\/\/www.coeurssansfrontieres.com\/fr\/#website","url":"https:\/\/www.coeurssansfrontieres.com\/fr\/","name":"C\u0153urs sans fronti\u00e8res","description":"Association franco-allemande des Enfants de la Seconde Guerre Mondiale","potentialAction":[{"@type":"SearchAction","target":{"@type":"EntryPoint","urlTemplate":"https:\/\/www.coeurssansfrontieres.com\/fr\/?s={search_term_string}"},"query-input":{"@type":"PropertyValueSpecification","valueRequired":true,"valueName":"search_term_string"}}],"inLanguage":"de"},{"@type":"Person","@id":"https:\/\/www.coeurssansfrontieres.com\/fr\/#\/schema\/person\/19507754554eb5218427fc31038cac56","name":"GOFFIN Alexandre"}]}},"_links":{"self":[{"href":"https:\/\/www.coeurssansfrontieres.com\/de\/wp-json\/wp\/v2\/posts\/22136","targetHints":{"allow":["GET"]}}],"collection":[{"href":"https:\/\/www.coeurssansfrontieres.com\/de\/wp-json\/wp\/v2\/posts"}],"about":[{"href":"https:\/\/www.coeurssansfrontieres.com\/de\/wp-json\/wp\/v2\/types\/post"}],"author":[{"embeddable":true,"href":"https:\/\/www.coeurssansfrontieres.com\/de\/wp-json\/wp\/v2\/users\/249"}],"replies":[{"embeddable":true,"href":"https:\/\/www.coeurssansfrontieres.com\/de\/wp-json\/wp\/v2\/comments?post=22136"}],"version-history":[{"count":11,"href":"https:\/\/www.coeurssansfrontieres.com\/de\/wp-json\/wp\/v2\/posts\/22136\/revisions"}],"predecessor-version":[{"id":22667,"href":"https:\/\/www.coeurssansfrontieres.com\/de\/wp-json\/wp\/v2\/posts\/22136\/revisions\/22667"}],"wp:featuredmedia":[{"embeddable":true,"href":"https:\/\/www.coeurssansfrontieres.com\/de\/wp-json\/wp\/v2\/media\/22101"}],"wp:attachment":[{"href":"https:\/\/www.coeurssansfrontieres.com\/de\/wp-json\/wp\/v2\/media?parent=22136"}],"wp:term":[{"taxonomy":"category","embeddable":true,"href":"https:\/\/www.coeurssansfrontieres.com\/de\/wp-json\/wp\/v2\/categories?post=22136"},{"taxonomy":"post_tag","embeddable":true,"href":"https:\/\/www.coeurssansfrontieres.com\/de\/wp-json\/wp\/v2\/tags?post=22136"}],"curies":[{"name":"wp","href":"https:\/\/api.w.org\/{rel}","templated":true}]}}