{"id":22328,"date":"2022-06-09T18:39:05","date_gmt":"2022-06-09T16:39:05","guid":{"rendered":"https:\/\/www.coeurssansfrontieres.com\/kategorientechniken\/unkategorisiert\/oberkirch-mai-2022\/"},"modified":"2022-07-05T15:28:37","modified_gmt":"2022-07-05T13:28:37","slug":"oberkirch-mai-2022","status":"publish","type":"post","link":"https:\/\/www.coeurssansfrontieres.com\/de\/vereinsleben\/oberkirch-mai-2022\/","title":{"rendered":"Oberkirch Mai 2022"},"content":{"rendered":"<p>[et_pb_section fb_built=&#8220;1&#8243; admin_label=&#8220;section&#8220; _builder_version=&#8220;4.17.4&#8243; background_color=&#8220;#ffffff&#8220; background_enable_image=&#8220;off&#8220; width=&#8220;100%&#8220; max_width=&#8220;100%&#8220; custom_margin=&#8220;-150px||||false|false&#8220; custom_css_main_element=&#8220;width : 100%!important;&#8220; transparent_background=&#8220;off&#8220; padding_mobile=&#8220;off&#8220; make_fullwidth=&#8220;off&#8220; use_custom_width=&#8220;off&#8220; width_unit=&#8220;on&#8220; global_colors_info=&#8220;{}&#8220;][et_pb_row column_structure=&#8220;1_4,1_2,1_4&#8243; disabled_on=&#8220;off|off|off&#8220; _builder_version=&#8220;4.17.4&#8243; background_color=&#8220;rgba(255,255,255,0.48)&#8220; background_image=&#8220;https:\/\/www.coeurssansfrontieres.com\/wp-content\/uploads\/2022\/06\/Pano-02-small.jpg&#8220; width=&#8220;100%&#8220; max_width=&#8220;100%&#8220; custom_padding=&#8220;6vh||6vh||false|false&#8220; border_radii=&#8220;on|25px|25px|25px|25px&#8220; border_width_all=&#8220;3px&#8220; border_color_all=&#8220;#A55BA6&#8243; global_colors_info=&#8220;{}&#8220;][et_pb_column type=&#8220;1_4&#8243; _builder_version=&#8220;4.16&#8243; custom_padding=&#8220;|||3vw|false|false&#8220; global_colors_info=&#8220;{}&#8220;][et_pb_button button_url=&#8220;https:\/\/www.coeurssansfrontieres.com\/fr\/accueil201805-2\/accueil-new\/recherches2017-b\/recherches-en-cours\/&#8220; button_text=&#8220;RETOUR AU BLOG DES RECHERCHES EN COURS&#8220; button_alignment=&#8220;center&#8220; disabled_on=&#8220;on|on|on&#8220; admin_label=&#8220;Bouton retour&#8220; _builder_version=&#8220;4.16&#8243; custom_button=&#8220;on&#8220; button_text_size=&#8220;12px&#8220; button_text_color=&#8220;#ffffff&#8220; button_bg_color=&#8220;#a55ba6&#8243; button_border_width=&#8220;1px&#8220; button_border_color=&#8220;#ffffff&#8220; button_border_radius=&#8220;25px&#8220; button_font=&#8220;|||||on|||&#8220; button_icon=&#8220;&#x4a;||divi||400&#8243; button_icon_color=&#8220;#ffffff&#8220; button_on_hover=&#8220;off&#8220; background_layout=&#8220;dark&#8220; custom_margin=&#8220;1vh||0px||false|false&#8220; button_text_shadow_style=&#8220;preset1&#8243; box_shadow_style=&#8220;preset4&#8243; box_shadow_horizontal=&#8220;3px&#8220; box_shadow_vertical=&#8220;3px&#8220; box_shadow_blur=&#8220;3px&#8220; box_shadow_spread=&#8220;3px&#8220; disabled=&#8220;on&#8220; locked=&#8220;off&#8220; global_colors_info=&#8220;{}&#8220;][\/et_pb_button][et_pb_button button_url=&#8220;https:\/\/www.coeurssansfrontieres.com\/de\/startseite201805\/startseite-neue\/recherche2017\/laufende-recherchen\/&#8220; button_text=&#8220;ZUR\u00dcCK ZUM BLOG \u00dcBER DIE LAUFENDE RECHERCHE&#8220; button_alignment=&#8220;center&#8220; disabled_on=&#8220;on|on|on&#8220; admin_label=&#8220;DE ZUR\u00dcCK LAUFENDE RECHERCHE&#8220; _builder_version=&#8220;4.16&#8243; custom_button=&#8220;on&#8220; button_text_size=&#8220;12px&#8220; button_text_color=&#8220;#ffffff&#8220; button_bg_color=&#8220;#a55ba6&#8243; button_border_width=&#8220;1px&#8220; button_border_color=&#8220;#ffffff&#8220; button_border_radius=&#8220;25px&#8220; button_font=&#8220;|||||on|||&#8220; button_icon=&#8220;&#x4a;||divi||400&#8243; button_icon_color=&#8220;#ffffff&#8220; button_on_hover=&#8220;off&#8220; background_layout=&#8220;dark&#8220; custom_margin=&#8220;1vh||0px||false|false&#8220; button_text_shadow_style=&#8220;preset1&#8243; box_shadow_style=&#8220;preset4&#8243; box_shadow_horizontal=&#8220;3px&#8220; box_shadow_vertical=&#8220;3px&#8220; box_shadow_blur=&#8220;3px&#8220; box_shadow_spread=&#8220;3px&#8220; disabled=&#8220;on&#8220; locked=&#8220;off&#8220; global_colors_info=&#8220;{}&#8220;][\/et_pb_button][\/et_pb_column][et_pb_column type=&#8220;1_2&#8243; _builder_version=&#8220;4.17.4&#8243; background_enable_color=&#8220;off&#8220; border_radii=&#8220;on|25px|25px|25px|25px&#8220; border_color_all=&#8220;#A55BA6&#8243; global_colors_info=&#8220;{}&#8220;][et_pb_post_title meta=&#8220;off&#8220; featured_image=&#8220;off&#8220; admin_label=&#8220;Titre du poste&#8220; _builder_version=&#8220;4.17.4&#8243; title_font=&#8220;|700|||||||&#8220; title_text_align=&#8220;center&#8220; title_text_color=&#8220;#a55ba6&#8243; title_font_size=&#8220;50px&#8220; background_color=&#8220;rgba(255,255,255,0.57)&#8220; parallax=&#8220;on&#8220; parallax_method=&#8220;off&#8220; text_orientation=&#8220;center&#8220; custom_margin=&#8220;1vh||0px||false|false&#8220; title_text_shadow_style=&#8220;preset5&#8243; border_radii=&#8220;on|25px|25px|25px|25px&#8220; border_width_all=&#8220;3px&#8220; border_color_all=&#8220;#A55BA6&#8243; text_shadow_style=&#8220;preset5&#8243; parallax_effect=&#8220;on&#8220; module_bg_color=&#8220;rgba(255,255,255,0)&#8220; use_border_color=&#8220;off&#8220; border_color=&#8220;#ffffff&#8220; border_style=&#8220;solid&#8220; global_colors_info=&#8220;{}&#8220;]\u00a0 [\/et_pb_post_title][et_pb_text disabled_on=&#8220;on|on|on&#8220; _builder_version=&#8220;4.17.4&#8243; _module_preset=&#8220;default&#8220; header_font=&#8220;|700|||||||&#8220; header_text_align=&#8220;center&#8220; header_text_color=&#8220;#A55BA6&#8243; header_font_size=&#8220;40px&#8220; background_color=&#8220;rgba(255,255,255,0.57)&#8220; custom_margin=&#8220;8vh||2vh||false|false&#8220; header_text_shadow_style=&#8220;preset5&#8243; border_radii=&#8220;on|25px|25px|25px|25px&#8220; border_width_all=&#8220;3px&#8220; border_color_all=&#8220;#A55BA6&#8243; disabled=&#8220;on&#8220; global_colors_info=&#8220;{}&#8220;]<\/p>\n<h1>Samedi 14 mai \u00e0 Oberkich<\/h1>\n<p>[\/et_pb_text][et_pb_text disabled_on=&#8220;off|off|off&#8220; _builder_version=&#8220;4.17.4&#8243; _module_preset=&#8220;default&#8220; header_font=&#8220;|700|||||||&#8220; header_text_align=&#8220;center&#8220; header_text_color=&#8220;#A55BA6&#8243; header_font_size=&#8220;40px&#8220; background_color=&#8220;rgba(255,255,255,0.57)&#8220; custom_margin=&#8220;8vh||2vh||false|false&#8220; header_text_shadow_style=&#8220;preset5&#8243; border_radii=&#8220;on|25px|25px|25px|25px&#8220; border_width_all=&#8220;3px&#8220; border_color_all=&#8220;#A55BA6&#8243; global_colors_info=&#8220;{}&#8220;]<\/p>\n<h1>Samstag, 14. Mai in Oberkich<\/h1>\n<p>[\/et_pb_text][\/et_pb_column][et_pb_column type=&#8220;1_4&#8243; _builder_version=&#8220;4.16&#8243; custom_padding=&#8220;|3vw|||false|false&#8220; global_colors_info=&#8220;{}&#8220;][\/et_pb_column][\/et_pb_row][et_pb_row column_structure=&#8220;1_4,1_2,1_4&#8243; use_custom_gutter=&#8220;on&#8220; _builder_version=&#8220;4.17.4&#8243; _module_preset=&#8220;default&#8220; width=&#8220;100%&#8220; max_width=&#8220;90%&#8220; module_alignment=&#8220;center&#8220; custom_margin=&#8220;||||false|false&#8220; global_colors_info=&#8220;{}&#8220;][et_pb_column type=&#8220;1_4&#8243; _builder_version=&#8220;4.17.4&#8243; _module_preset=&#8220;default&#8220; global_colors_info=&#8220;{}&#8220;][et_pb_button button_url=&#8220;https:\/\/photos.app.goo.gl\/nUJ8AuFwUcDYx1RD6&#8243; url_new_window=&#8220;on&#8220; button_text=&#8220;L&#8217;album des photos du s\u00e9jour \u00e0 Oberkirch. Cliquer ici.&#8220; button_alignment=&#8220;center&#8220; _builder_version=&#8220;4.17.4&#8243; _module_preset=&#8220;default&#8220; custom_button=&#8220;on&#8220; button_bg_color=&#8220;#e5c3df&#8220; button_border_radius=&#8220;25px&#8220; button_icon=&#8220;&#xe075;||divi||400&#8243; button_icon_color=&#8220;#A55BA6&#8243; button_icon_placement=&#8220;left&#8220; button_on_hover=&#8220;off&#8220; button_text_shadow_style=&#8220;preset5&#8243; button_text_shadow_color=&#8220;#A55BA6&#8243; box_shadow_style=&#8220;preset2&#8243; global_colors_info=&#8220;{}&#8220;][\/et_pb_button][et_pb_image src=&#8220;https:\/\/www.coeurssansfrontieres.com\/wp-content\/uploads\/2022\/06\/V01.jpg&#8220; title_text=&#8220;V01&#8243; show_in_lightbox=&#8220;on&#8220; use_overlay=&#8220;on&#8220; overlay_icon_color=&#8220;#ffffff&#8220; hover_overlay_color=&#8220;rgba(217,140,199,0.44)&#8220; hover_icon=&#8220;&#x55;||divi||400&#8243; align=&#8220;center&#8220; align_tablet=&#8220;center&#8220; align_phone=&#8220;&#8220; align_last_edited=&#8220;on|desktop&#8220; disabled_on=&#8220;off|off|off&#8220; admin_label=&#8220;Image&#8220; _builder_version=&#8220;4.17.4&#8243; width=&#8220;300px&#8220; max_width=&#8220;300px&#8220; module_alignment=&#8220;center&#8220; custom_margin=&#8220;6vh||10vh||false|false&#8220; box_shadow_style=&#8220;preset2&#8243; use_border_color=&#8220;off&#8220; border_color=&#8220;#ffffff&#8220; border_style=&#8220;solid&#8220; sticky=&#8220;on&#8220; always_center_on_mobile=&#8220;on&#8220; saved_tabs=&#8220;all&#8220; locked=&#8220;off&#8220; global_colors_info=&#8220;{}&#8220;]\u00a0 [\/et_pb_image][et_pb_image src=&#8220;https:\/\/www.coeurssansfrontieres.com\/wp-content\/uploads\/2022\/06\/V06.jpg&#8220; title_text=&#8220;V06&#8243; show_in_lightbox=&#8220;on&#8220; use_overlay=&#8220;on&#8220; overlay_icon_color=&#8220;#ffffff&#8220; hover_overlay_color=&#8220;rgba(217,140,199,0.44)&#8220; hover_icon=&#8220;&#x55;||divi||400&#8243; align=&#8220;center&#8220; align_tablet=&#8220;center&#8220; align_phone=&#8220;&#8220; align_last_edited=&#8220;on|desktop&#8220; disabled_on=&#8220;off|off|off&#8220; admin_label=&#8220;Image&#8220; _builder_version=&#8220;4.17.4&#8243; width=&#8220;300px&#8220; max_width=&#8220;300px&#8220; module_alignment=&#8220;center&#8220; custom_margin=&#8220;6vh||10vh||false|false&#8220; box_shadow_style=&#8220;preset2&#8243; use_border_color=&#8220;off&#8220; border_color=&#8220;#ffffff&#8220; border_style=&#8220;solid&#8220; sticky=&#8220;on&#8220; always_center_on_mobile=&#8220;on&#8220; saved_tabs=&#8220;all&#8220; locked=&#8220;off&#8220; global_colors_info=&#8220;{}&#8220;]\u00a0 [\/et_pb_image][et_pb_image src=&#8220;https:\/\/www.coeurssansfrontieres.com\/wp-content\/uploads\/2022\/06\/V09.jpg&#8220; title_text=&#8220;V09&#8243; show_in_lightbox=&#8220;on&#8220; use_overlay=&#8220;on&#8220; overlay_icon_color=&#8220;#ffffff&#8220; hover_overlay_color=&#8220;rgba(217,140,199,0.44)&#8220; hover_icon=&#8220;&#x55;||divi||400&#8243; show_bottom_space=&#8220;off&#8220; align=&#8220;center&#8220; align_tablet=&#8220;center&#8220; align_phone=&#8220;&#8220; align_last_edited=&#8220;on|desktop&#8220; disabled_on=&#8220;off|off|off&#8220; admin_label=&#8220;Image&#8220; _builder_version=&#8220;4.17.4&#8243; width=&#8220;300px&#8220; max_width=&#8220;300px&#8220; module_alignment=&#8220;center&#8220; custom_margin=&#8220;6vh||10vh||false|false&#8220; box_shadow_style=&#8220;preset2&#8243; use_border_color=&#8220;off&#8220; border_color=&#8220;#ffffff&#8220; border_style=&#8220;solid&#8220; sticky=&#8220;on&#8220; always_center_on_mobile=&#8220;on&#8220; saved_tabs=&#8220;all&#8220; locked=&#8220;off&#8220; global_colors_info=&#8220;{}&#8220;]\u00a0 [\/et_pb_image][et_pb_image src=&#8220;https:\/\/www.coeurssansfrontieres.com\/wp-content\/uploads\/2022\/06\/V07.jpg&#8220; title_text=&#8220;V07&#8243; show_in_lightbox=&#8220;on&#8220; use_overlay=&#8220;on&#8220; overlay_icon_color=&#8220;#ffffff&#8220; hover_overlay_color=&#8220;rgba(217,140,199,0.44)&#8220; hover_icon=&#8220;&#x55;||divi||400&#8243; align=&#8220;center&#8220; align_tablet=&#8220;center&#8220; align_phone=&#8220;&#8220; align_last_edited=&#8220;on|desktop&#8220; disabled_on=&#8220;off|off|off&#8220; admin_label=&#8220;Image&#8220; _builder_version=&#8220;4.17.4&#8243; width=&#8220;300px&#8220; max_width=&#8220;300px&#8220; module_alignment=&#8220;center&#8220; custom_margin=&#8220;6vh||10vh||false|false&#8220; box_shadow_style=&#8220;preset2&#8243; use_border_color=&#8220;off&#8220; border_color=&#8220;#ffffff&#8220; border_style=&#8220;solid&#8220; sticky=&#8220;on&#8220; always_center_on_mobile=&#8220;on&#8220; saved_tabs=&#8220;all&#8220; locked=&#8220;off&#8220; global_colors_info=&#8220;{}&#8220;]\u00a0 [\/et_pb_image][et_pb_image src=&#8220;https:\/\/www.coeurssansfrontieres.com\/wp-content\/uploads\/2022\/06\/V04.jpg&#8220; title_text=&#8220;V04&#8243; show_in_lightbox=&#8220;on&#8220; use_overlay=&#8220;on&#8220; overlay_icon_color=&#8220;#ffffff&#8220; hover_overlay_color=&#8220;rgba(217,140,199,0.44)&#8220; hover_icon=&#8220;&#x55;||divi||400&#8243; align=&#8220;center&#8220; align_tablet=&#8220;center&#8220; align_phone=&#8220;&#8220; align_last_edited=&#8220;on|desktop&#8220; disabled_on=&#8220;off|off|off&#8220; admin_label=&#8220;Image&#8220; _builder_version=&#8220;4.17.4&#8243; width=&#8220;300px&#8220; max_width=&#8220;300px&#8220; module_alignment=&#8220;center&#8220; custom_margin=&#8220;6vh||10vh||false|false&#8220; box_shadow_style=&#8220;preset2&#8243; use_border_color=&#8220;off&#8220; border_color=&#8220;#ffffff&#8220; border_style=&#8220;solid&#8220; sticky=&#8220;on&#8220; always_center_on_mobile=&#8220;on&#8220; saved_tabs=&#8220;all&#8220; locked=&#8220;off&#8220; global_colors_info=&#8220;{}&#8220;]\u00a0 [\/et_pb_image][\/et_pb_column][et_pb_column type=&#8220;1_2&#8243; _builder_version=&#8220;4.17.4&#8243; _module_preset=&#8220;default&#8220; global_colors_info=&#8220;{}&#8220;][et_pb_text disabled_on=&#8220;on|on|on&#8220; admin_label=&#8220;Texte&#8220; _builder_version=&#8220;4.17.4&#8243; text_font_size=&#8220;20px&#8220; text_line_height=&#8220;1.5em&#8220; background_size=&#8220;initial&#8220; background_position=&#8220;top_left&#8220; background_repeat=&#8220;repeat&#8220; custom_margin=&#8220;||||false|false&#8220; custom_padding=&#8220;||||false|false&#8220; use_border_color=&#8220;off&#8220; border_color=&#8220;#ffffff&#8220; border_style=&#8220;solid&#8220; disabled=&#8220;on&#8220; global_colors_info=&#8220;{}&#8220;]<\/p>\n<p style=\"text-align: left;\">Enfin le jour est arriv\u00e9, nous voici r\u00e9unis apr\u00e8s 2 ans \u00e0 esp\u00e9rer de nous voir \u00e0 Oberkirch.<\/p>\n<p>La salle est grande, nous formons un cercle, un cercle tendu vers son centre repr\u00e9sent\u00e9 au sol par les symboles de notre association.<\/p>\n<p>[\/et_pb_text][et_pb_text disabled_on=&#8220;off|off|off&#8220; admin_label=&#8220;Texte&#8220; _builder_version=&#8220;4.17.4&#8243; text_font_size=&#8220;20px&#8220; text_line_height=&#8220;1.5em&#8220; background_size=&#8220;initial&#8220; background_position=&#8220;top_left&#8220; background_repeat=&#8220;repeat&#8220; custom_margin=&#8220;||||false|false&#8220; custom_padding=&#8220;||||false|false&#8220; use_border_color=&#8220;off&#8220; border_color=&#8220;#ffffff&#8220; border_style=&#8220;solid&#8220; global_colors_info=&#8220;{}&#8220;]<\/p>\n<p>Endlich ! Nach 2 Jahren Vorfreude sind wir wieder in Oberkirch vereint.<\/p>\n<p>Unser Treffen findet in einem gro\u00dfen Raum statt. Wir bilden einen gro\u00dfen Kreis, und in der Mitte dekorierte Beatrice ein Arrangement aus Blumen, Kerzen und den Symbolen unseres Vereins; und wir sind wieder alle vereint.<\/p>\n<p>[\/et_pb_text][et_pb_image src=&#8220;https:\/\/www.coeurssansfrontieres.com\/wp-content\/uploads\/2022\/06\/milieu-small.png&#8220; _builder_version=&#8220;4.17.4&#8243; _module_preset=&#8220;default&#8220; global_colors_info=&#8220;{}&#8220;][\/et_pb_image][et_pb_text disabled_on=&#8220;on|on|on&#8220; admin_label=&#8220;Texte&#8220; _builder_version=&#8220;4.17.4&#8243; text_font_size=&#8220;20px&#8220; text_line_height=&#8220;1.5em&#8220; background_size=&#8220;initial&#8220; background_position=&#8220;top_left&#8220; background_repeat=&#8220;repeat&#8220; custom_margin=&#8220;||||false|false&#8220; custom_padding=&#8220;||||false|false&#8220; use_border_color=&#8220;off&#8220; border_color=&#8220;#ffffff&#8220; border_style=&#8220;solid&#8220; disabled=&#8220;on&#8220; global_colors_info=&#8220;{}&#8220;]<\/p>\n<p>Nous sommes unis, vraiment unis, les plus anciens, ceux qui ne connaissent pas encore les autres, ceux qui d\u00e9butent une recherche, ceux qui ont le bonheur de l\u2019avoir r\u00e9ussie, ceux qui se r\u00e9signent \u00e0 ne peut-\u00eatre pas aboutir, ceux qui n\u2019ont pas de qu\u00eate identitaire mais qui nous soutiennent.<\/p>\n<p>B\u00e9atrice, nous accueille, fais les pr\u00e9sentations, expliquent le d\u00e9roulement de la journ\u00e9e, voil\u00e0 nous sommes pr\u00eats \u00e0 entendre, participer, nous \u00e9mouvoir.<\/p>\n<p>&nbsp;<\/p>\n<p>[\/et_pb_text][et_pb_text disabled_on=&#8220;off|off|off&#8220; admin_label=&#8220;Texte&#8220; _builder_version=&#8220;4.17.4&#8243; text_font_size=&#8220;20px&#8220; text_line_height=&#8220;1.5em&#8220; background_size=&#8220;initial&#8220; background_position=&#8220;top_left&#8220; background_repeat=&#8220;repeat&#8220; custom_margin=&#8220;||||false|false&#8220; custom_padding=&#8220;||||false|false&#8220; use_border_color=&#8220;off&#8220; border_color=&#8220;#ffffff&#8220; border_style=&#8220;solid&#8220; locked=&#8220;off&#8220; global_colors_info=&#8220;{}&#8220;]<\/p>\n<p>Diejenigen, die schon l\u00e4nger dabei sind, die Neuen, die noch keinen kennen und ihre Recherche erst richtig starten, diejenigen, die es gl\u00fccklich geschafft haben, jene die, sich damit abgefunden haben, vielleicht keinen Erfolg zu haben, aber auch die, die uns auch ohne Identit\u00e4tssuche einfach unterst\u00fctzen.<\/p>\n<p>Beatrice begr\u00fc\u00dft uns, stellt uns vor und erkl\u00e4rt den Tagesablauf. Wir sind bereit zuzuh\u00f6ren, mitzumachen und die Gef\u00fchle zu teilen.<\/p>\n<p>&nbsp;<\/p>\n<p>[\/et_pb_text][et_pb_image src=&#8220;https:\/\/www.coeurssansfrontieres.com\/wp-content\/uploads\/2022\/06\/Pano-03-small.jpg&#8220; title_text=&#8220;Pano 03 small&#8220; _builder_version=&#8220;4.17.4&#8243; _module_preset=&#8220;default&#8220; global_colors_info=&#8220;{}&#8220;][\/et_pb_image][et_pb_text disabled_on=&#8220;on|on|on&#8220; admin_label=&#8220;Texte&#8220; _builder_version=&#8220;4.17.4&#8243; text_font_size=&#8220;20px&#8220; text_line_height=&#8220;1.5em&#8220; background_size=&#8220;initial&#8220; background_position=&#8220;top_left&#8220; background_repeat=&#8220;repeat&#8220; custom_margin=&#8220;||||false|false&#8220; custom_padding=&#8220;||||false|false&#8220; use_border_color=&#8220;off&#8220; border_color=&#8220;#ffffff&#8220; border_style=&#8220;solid&#8220; disabled=&#8220;on&#8220; global_colors_info=&#8220;{}&#8220;]<\/p>\n<p>Nous partageons le bonheur de ceux qui depuis notre derni\u00e8re r\u00e9union ont trouv\u00e9 leur famille. Nous sommes \u00e9mus lorsque des nouveaux venus nous expliquent l\u2019histoire de leur naissance, leur espoir de trouver des personnes pouvant leur expliquer quel homme \u00e9tait leur p\u00e8re, pour certains de savoir o\u00f9 il est inhum\u00e9. Nous comprenons, nous sommes semblables, nous esp\u00e9rons, avons ou avons eu les m\u00eames aspirations. Je suis persuad\u00e9 que notre union d\u00e9gage des ondes positives distributrices d\u2019une d\u00e9termination nouvelle.<\/p>\n<p>Il fait tr\u00e8s beau, lors des pauses nous devisons en toute amiti\u00e9 sur la terrasse, nous nous y retrouverons \u00e0 nouveau pour attendre le coucher du soleil.<\/p>\n<p>Dommage, c\u2019est d\u00e9j\u00e0 dimanche matin, les au revoir s\u2019\u00e9ternisent, il est difficile de se quitter. Commence l\u2019attente de la Rencontre \u00e0 Colmar le 3 septembre prochain.<\/p>\n<p>Danke Beatrice ! Merci Beatrice pour l&#8217;organisation de ce beau moment de convivialit\u00e9 !<\/p>\n<p>[\/et_pb_text][et_pb_text disabled_on=&#8220;off|off|off&#8220; admin_label=&#8220;Texte&#8220; _builder_version=&#8220;4.17.4&#8243; text_font_size=&#8220;20px&#8220; text_line_height=&#8220;1.5em&#8220; background_size=&#8220;initial&#8220; background_position=&#8220;top_left&#8220; background_repeat=&#8220;repeat&#8220; custom_margin=&#8220;||||false|false&#8220; custom_padding=&#8220;||||false|false&#8220; use_border_color=&#8220;off&#8220; border_color=&#8220;#ffffff&#8220; border_style=&#8220;solid&#8220; global_colors_info=&#8220;{}&#8220;]<\/p>\n<p>Wir teilen das Gl\u00fcck mit jenen, die seit unserem letzten Treffen ihre Familie gefunden haben. Wir sind ger\u00fchrt, wenn uns die \u201eNeuen\u201c ihre Geschichten erz\u00e4hlen, \u00fcber ihre Hoffnung sprechen, Menschen zu finden, die ihnen sagen k\u00f6nnen, was f\u00fcr eine Art Mann ihr Vater war und auch zu erfahren, wo ihr Vater begraben wurde. Wir verstehen, wir sind uns \u00e4hnlich, wir hatten oder haben die selben Bed\u00fcrfnisse. Ich bin davon \u00fcberzeugt, dass unser Verein positive Wellen ausstrahlt, die eine neue Motivation bewirken.<\/p>\n<p>Das Wetter ist sehr sch\u00f6n. In den Pausen plaudern wir in aller Freundschaft auf der Terrasse. Dort treffen wir uns wieder, um auf den Sonnenuntergang zu warten.<\/p>\n<p>Schade, schon ist es Sonntagmorgen, die Abschiede dauern, es f\u00e4llt schwer sich zu trennen.<br \/>Aber schon denken wir erwartungsvoll an unser Treffen am 03. September in Colmar.<\/p>\n<p>Merci Beatrice!\u00a0 Danke Beatrice f\u00fcr die Organisation dieses sch\u00f6nen Beisammenseins !<\/p>\n<p>[\/et_pb_text][et_pb_image src=&#8220;https:\/\/www.coeurssansfrontieres.com\/wp-content\/uploads\/2022\/06\/Groupe-complet-small.jpg&#8220; title_text=&#8220;Groupe complet small&#8220; _builder_version=&#8220;4.17.4&#8243; _module_preset=&#8220;default&#8220; global_colors_info=&#8220;{}&#8220;][\/et_pb_image][\/et_pb_column][et_pb_column type=&#8220;1_4&#8243; _builder_version=&#8220;4.17.4&#8243; _module_preset=&#8220;default&#8220; global_colors_info=&#8220;{}&#8220;][et_pb_image src=&#8220;https:\/\/www.coeurssansfrontieres.com\/wp-content\/uploads\/2017\/09\/Recherches-en-cours-OMBRE.png&#8220; show_bottom_space=&#8220;off&#8220; align=&#8220;center&#8220; align_tablet=&#8220;center&#8220; align_phone=&#8220;&#8220; align_last_edited=&#8220;on|desktop&#8220; admin_label=&#8220;Image recherches en cours&#8220; _builder_version=&#8220;4.16&#8243; max_width=&#8220;50px&#8220; custom_css_main_element=&#8220;margin : auto;&#8220; use_border_color=&#8220;off&#8220; border_color=&#8220;#ffffff&#8220; border_style=&#8220;solid&#8220; sticky=&#8220;on&#8220; always_center_on_mobile=&#8220;on&#8220; global_colors_info=&#8220;{}&#8220;]\u00a0 [\/et_pb_image][et_pb_search exclude_pages=&#8220;on&#8220; include_categories=&#8220;183,236,212,227,180,214,162,170,202,231,229,208,1,161,168,210,154,66,163,22,13,255,253,251,159,158&#8243; placeholder=&#8220; ?&#8220; button_color=&#8220;#a61abf&#8220; admin_label=&#8220;Chercher&#8220; _builder_version=&#8220;4.16&#8243; form_field_background_color=&#8220;#E5C3DF&#8220; form_field_focus_background_color=&#8220;#e5c3df&#8220; button_font=&#8220;|on|||&#8220; button_text_color=&#8220;#ffffff&#8220; button_font_size=&#8220;10px&#8220; button_line_height=&#8220;1.5em&#8220; form_field_font=&#8220;|700|||||||&#8220; form_field_text_align=&#8220;center&#8220; form_field_font_size=&#8220;16px&#8220; form_field_line_height=&#8220;0.6em&#8220; background_color=&#8220;#e5c3df&#8220; text_orientation=&#8220;center&#8220; custom_padding=&#8220;0.4em|0.715em|0.4em|0.715em|false|false&#8220; custom_css_main_element=&#8220;box-shadow: 6px 6px 6px #7C7C7C;&#8220; custom_css_input_field=&#8220;font-weight: bold !important;||&#8220; button_text_shadow_style=&#8220;preset5&#8243; border_radii=&#8220;on|25px|25px|25px|25px&#8220; border_color_all=&#8220;#a55ba6&#8243; text_shadow_style=&#8220;preset5&#8243; hide_button=&#8220;off&#8220; input_font_size=&#8220;11&#8243; input_line_height=&#8220;2em&#8220; locked=&#8220;off&#8220; global_colors_info=&#8220;{}&#8220; button_text_size__hover_enabled=&#8220;off&#8220; button_one_text_size__hover_enabled=&#8220;off&#8220; button_two_text_size__hover_enabled=&#8220;off&#8220; button_text_color__hover_enabled=&#8220;off&#8220; button_one_text_color__hover_enabled=&#8220;off&#8220; button_two_text_color__hover_enabled=&#8220;off&#8220; button_border_width__hover_enabled=&#8220;off&#8220; button_one_border_width__hover_enabled=&#8220;off&#8220; button_two_border_width__hover_enabled=&#8220;off&#8220; button_border_color__hover_enabled=&#8220;off&#8220; button_one_border_color__hover_enabled=&#8220;off&#8220; button_two_border_color__hover_enabled=&#8220;off&#8220; button_border_radius__hover_enabled=&#8220;off&#8220; button_one_border_radius__hover_enabled=&#8220;off&#8220; button_two_border_radius__hover_enabled=&#8220;off&#8220; button_letter_spacing__hover_enabled=&#8220;off&#8220; button_one_letter_spacing__hover_enabled=&#8220;off&#8220; button_two_letter_spacing__hover_enabled=&#8220;off&#8220; button_bg_color__hover_enabled=&#8220;off&#8220; button_one_bg_color__hover_enabled=&#8220;off&#8220; button_two_bg_color__hover_enabled=&#8220;off&#8220;]\u00a0 [\/et_pb_search][et_pb_image src=&#8220;https:\/\/www.coeurssansfrontieres.com\/wp-content\/uploads\/2022\/06\/V03.jpg&#8220; title_text=&#8220;V03&#8243; show_in_lightbox=&#8220;on&#8220; use_overlay=&#8220;on&#8220; overlay_icon_color=&#8220;#ffffff&#8220; hover_overlay_color=&#8220;rgba(217,140,199,0.44)&#8220; hover_icon=&#8220;&#x55;||divi||400&#8243; align=&#8220;center&#8220; align_tablet=&#8220;center&#8220; align_phone=&#8220;&#8220; align_last_edited=&#8220;on|desktop&#8220; disabled_on=&#8220;off|off|off&#8220; admin_label=&#8220;Image&#8220; _builder_version=&#8220;4.17.4&#8243; width=&#8220;300px&#8220; max_width=&#8220;300px&#8220; module_alignment=&#8220;center&#8220; custom_margin=&#8220;12vh||10vh||false|false&#8220; box_shadow_style=&#8220;preset2&#8243; use_border_color=&#8220;off&#8220; border_color=&#8220;#ffffff&#8220; border_style=&#8220;solid&#8220; sticky=&#8220;on&#8220; always_center_on_mobile=&#8220;on&#8220; saved_tabs=&#8220;all&#8220; locked=&#8220;off&#8220; global_colors_info=&#8220;{}&#8220;]\u00a0 [\/et_pb_image][et_pb_image src=&#8220;https:\/\/www.coeurssansfrontieres.com\/wp-content\/uploads\/2022\/06\/V02.jpg&#8220; title_text=&#8220;V02&#8243; show_in_lightbox=&#8220;on&#8220; use_overlay=&#8220;on&#8220; overlay_icon_color=&#8220;#ffffff&#8220; hover_overlay_color=&#8220;rgba(217,140,199,0.44)&#8220; hover_icon=&#8220;&#x55;||divi||400&#8243; align=&#8220;center&#8220; align_tablet=&#8220;center&#8220; align_phone=&#8220;&#8220; align_last_edited=&#8220;on|desktop&#8220; disabled_on=&#8220;off|off|off&#8220; admin_label=&#8220;Image&#8220; _builder_version=&#8220;4.17.4&#8243; width=&#8220;300px&#8220; max_width=&#8220;300px&#8220; module_alignment=&#8220;center&#8220; custom_margin=&#8220;6vh||10vh||false|false&#8220; box_shadow_style=&#8220;preset2&#8243; use_border_color=&#8220;off&#8220; border_color=&#8220;#ffffff&#8220; border_style=&#8220;solid&#8220; sticky=&#8220;on&#8220; always_center_on_mobile=&#8220;on&#8220; saved_tabs=&#8220;all&#8220; locked=&#8220;off&#8220; global_colors_info=&#8220;{}&#8220;]\u00a0 [\/et_pb_image][et_pb_image src=&#8220;https:\/\/www.coeurssansfrontieres.com\/wp-content\/uploads\/2022\/06\/V10.jpg&#8220; title_text=&#8220;V10&#8243; show_in_lightbox=&#8220;on&#8220; use_overlay=&#8220;on&#8220; overlay_icon_color=&#8220;#ffffff&#8220; hover_overlay_color=&#8220;rgba(217,140,199,0.44)&#8220; hover_icon=&#8220;&#x55;||divi||400&#8243; align=&#8220;center&#8220; align_tablet=&#8220;center&#8220; align_phone=&#8220;&#8220; align_last_edited=&#8220;on|desktop&#8220; disabled_on=&#8220;off|off|off&#8220; admin_label=&#8220;Image&#8220; _builder_version=&#8220;4.17.4&#8243; width=&#8220;300px&#8220; max_width=&#8220;300px&#8220; module_alignment=&#8220;center&#8220; custom_margin=&#8220;6vh||10vh||false|false&#8220; box_shadow_style=&#8220;preset2&#8243; use_border_color=&#8220;off&#8220; border_color=&#8220;#ffffff&#8220; border_style=&#8220;solid&#8220; sticky=&#8220;on&#8220; always_center_on_mobile=&#8220;on&#8220; saved_tabs=&#8220;all&#8220; locked=&#8220;off&#8220; global_colors_info=&#8220;{}&#8220;]\u00a0 [\/et_pb_image][et_pb_image src=&#8220;https:\/\/www.coeurssansfrontieres.com\/wp-content\/uploads\/2022\/06\/V05.jpg&#8220; title_text=&#8220;V05&#8243; show_in_lightbox=&#8220;on&#8220; use_overlay=&#8220;on&#8220; overlay_icon_color=&#8220;#ffffff&#8220; hover_overlay_color=&#8220;rgba(217,140,199,0.44)&#8220; hover_icon=&#8220;&#x55;||divi||400&#8243; align=&#8220;center&#8220; align_tablet=&#8220;center&#8220; align_phone=&#8220;&#8220; align_last_edited=&#8220;on|desktop&#8220; disabled_on=&#8220;off|off|off&#8220; admin_label=&#8220;Image&#8220; _builder_version=&#8220;4.17.4&#8243; width=&#8220;300px&#8220; max_width=&#8220;300px&#8220; module_alignment=&#8220;center&#8220; custom_margin=&#8220;6vh||10vh||false|false&#8220; box_shadow_style=&#8220;preset2&#8243; use_border_color=&#8220;off&#8220; border_color=&#8220;#ffffff&#8220; border_style=&#8220;solid&#8220; sticky=&#8220;on&#8220; always_center_on_mobile=&#8220;on&#8220; saved_tabs=&#8220;all&#8220; locked=&#8220;off&#8220; global_colors_info=&#8220;{}&#8220;]\u00a0 [\/et_pb_image][et_pb_image src=&#8220;https:\/\/www.coeurssansfrontieres.com\/wp-content\/uploads\/2022\/06\/V08.jpg&#8220; title_text=&#8220;V08&#8243; show_in_lightbox=&#8220;on&#8220; use_overlay=&#8220;on&#8220; overlay_icon_color=&#8220;#ffffff&#8220; hover_overlay_color=&#8220;rgba(217,140,199,0.44)&#8220; hover_icon=&#8220;&#x55;||divi||400&#8243; align=&#8220;center&#8220; align_tablet=&#8220;center&#8220; align_phone=&#8220;&#8220; align_last_edited=&#8220;on|desktop&#8220; disabled_on=&#8220;off|off|off&#8220; admin_label=&#8220;Image&#8220; _builder_version=&#8220;4.17.4&#8243; width=&#8220;300px&#8220; max_width=&#8220;300px&#8220; module_alignment=&#8220;center&#8220; custom_margin=&#8220;6vh||10vh||false|false&#8220; box_shadow_style=&#8220;preset2&#8243; use_border_color=&#8220;off&#8220; border_color=&#8220;#ffffff&#8220; border_style=&#8220;solid&#8220; sticky=&#8220;on&#8220; always_center_on_mobile=&#8220;on&#8220; saved_tabs=&#8220;all&#8220; locked=&#8220;off&#8220; global_colors_info=&#8220;{}&#8220;]\u00a0 [\/et_pb_image][\/et_pb_column][\/et_pb_row][\/et_pb_section][et_pb_section fb_built=&#8220;1&#8243; _builder_version=&#8220;4.17.4&#8243; _module_preset=&#8220;default&#8220; global_colors_info=&#8220;{}&#8220;][et_pb_row _builder_version=&#8220;4.17.4&#8243; _module_preset=&#8220;default&#8220; global_colors_info=&#8220;{}&#8220;][et_pb_column type=&#8220;4_4&#8243; _builder_version=&#8220;4.17.4&#8243; _module_preset=&#8220;default&#8220; global_colors_info=&#8220;{}&#8220;][\/et_pb_column][\/et_pb_row][\/et_pb_section]<\/p>\n","protected":false},"excerpt":{"rendered":"<p>14. Mai 2022, wir sind nach zwei Jahren in Oberkirch wieder zusammengekommen. Beatrice, hei\u00dft uns willkommen. Wir sind vereint, wirklich vereint und das verleiht uns eine neue Entschlossenheit.<\/p>\n","protected":false},"author":249,"featured_media":22155,"comment_status":"closed","ping_status":"closed","sticky":false,"template":"","format":"standard","meta":{"_et_pb_use_builder":"on","_et_pb_old_content":"","_et_gb_content_width":"","footnotes":""},"categories":[155,14],"tags":[],"class_list":["post-22328","post","type-post","status-publish","format-standard","has-post-thumbnail","hentry","category-regionaltreffen","category-vereinsleben"],"yoast_head":"<!-- This site is optimized with the Yoast SEO plugin v27.5 - https:\/\/yoast.com\/product\/yoast-seo-wordpress\/ -->\n<title>Oberkirch Mai 2022 - CSF - HOG<\/title>\n<meta name=\"description\" content=\"%\" \/>\n<meta name=\"robots\" content=\"index, follow, max-snippet:-1, max-image-preview:large, max-video-preview:-1\" \/>\n<link rel=\"canonical\" href=\"https:\/\/www.coeurssansfrontieres.com\/de\/vereinsleben\/oberkirch-mai-2022\/\" \/>\n<meta property=\"og:locale\" content=\"de_DE\" \/>\n<meta property=\"og:type\" content=\"article\" \/>\n<meta property=\"og:title\" content=\"Oberkirch Mai 2022 - CSF - HOG\" \/>\n<meta property=\"og:description\" content=\"%\" \/>\n<meta property=\"og:url\" content=\"https:\/\/www.coeurssansfrontieres.com\/de\/vereinsleben\/oberkirch-mai-2022\/\" \/>\n<meta property=\"og:site_name\" content=\"CSF - HOG\" \/>\n<meta property=\"article:published_time\" content=\"2022-06-09T16:39:05+00:00\" \/>\n<meta property=\"article:modified_time\" content=\"2022-07-05T13:28:37+00:00\" \/>\n<meta property=\"og:image\" content=\"https:\/\/www.coeurssansfrontieres.com\/wp-content\/uploads\/2022\/06\/vignette-oberkich-2022.jpg\" \/>\n\t<meta property=\"og:image:width\" content=\"200\" \/>\n\t<meta property=\"og:image:height\" content=\"200\" \/>\n\t<meta property=\"og:image:type\" content=\"image\/jpeg\" \/>\n<meta name=\"author\" content=\"GOFFIN Alexandre\" \/>\n<meta name=\"twitter:card\" content=\"summary_large_image\" \/>\n<meta name=\"twitter:label1\" content=\"Verfasst von\" \/>\n\t<meta name=\"twitter:data1\" content=\"GOFFIN Alexandre\" \/>\n\t<meta name=\"twitter:label2\" content=\"Gesch\u00e4tzte Lesezeit\" \/>\n\t<meta name=\"twitter:data2\" content=\"6\u00a0Minuten\" \/>\n<script type=\"application\/ld+json\" class=\"yoast-schema-graph\">{\"@context\":\"https:\\\/\\\/schema.org\",\"@graph\":[{\"@type\":\"Article\",\"@id\":\"https:\\\/\\\/www.coeurssansfrontieres.com\\\/de\\\/vereinsleben\\\/oberkirch-mai-2022\\\/#article\",\"isPartOf\":{\"@id\":\"https:\\\/\\\/www.coeurssansfrontieres.com\\\/de\\\/vereinsleben\\\/oberkirch-mai-2022\\\/\"},\"author\":{\"name\":\"GOFFIN Alexandre\",\"@id\":\"https:\\\/\\\/www.coeurssansfrontieres.com\\\/fr\\\/#\\\/schema\\\/person\\\/19507754554eb5218427fc31038cac56\"},\"headline\":\"Oberkirch Mai 2022\",\"datePublished\":\"2022-06-09T16:39:05+00:00\",\"dateModified\":\"2022-07-05T13:28:37+00:00\",\"mainEntityOfPage\":{\"@id\":\"https:\\\/\\\/www.coeurssansfrontieres.com\\\/de\\\/vereinsleben\\\/oberkirch-mai-2022\\\/\"},\"wordCount\":3214,\"image\":{\"@id\":\"https:\\\/\\\/www.coeurssansfrontieres.com\\\/de\\\/vereinsleben\\\/oberkirch-mai-2022\\\/#primaryimage\"},\"thumbnailUrl\":\"https:\\\/\\\/www.coeurssansfrontieres.com\\\/wp-content\\\/uploads\\\/2022\\\/06\\\/vignette-oberkich-2022.jpg\",\"articleSection\":[\"Regionaltreffen\",\"Vereinsleben\"],\"inLanguage\":\"de\"},{\"@type\":\"WebPage\",\"@id\":\"https:\\\/\\\/www.coeurssansfrontieres.com\\\/de\\\/vereinsleben\\\/oberkirch-mai-2022\\\/\",\"url\":\"https:\\\/\\\/www.coeurssansfrontieres.com\\\/de\\\/vereinsleben\\\/oberkirch-mai-2022\\\/\",\"name\":\"Oberkirch Mai 2022 - CSF - HOG\",\"isPartOf\":{\"@id\":\"https:\\\/\\\/www.coeurssansfrontieres.com\\\/fr\\\/#website\"},\"primaryImageOfPage\":{\"@id\":\"https:\\\/\\\/www.coeurssansfrontieres.com\\\/de\\\/vereinsleben\\\/oberkirch-mai-2022\\\/#primaryimage\"},\"image\":{\"@id\":\"https:\\\/\\\/www.coeurssansfrontieres.com\\\/de\\\/vereinsleben\\\/oberkirch-mai-2022\\\/#primaryimage\"},\"thumbnailUrl\":\"https:\\\/\\\/www.coeurssansfrontieres.com\\\/wp-content\\\/uploads\\\/2022\\\/06\\\/vignette-oberkich-2022.jpg\",\"datePublished\":\"2022-06-09T16:39:05+00:00\",\"dateModified\":\"2022-07-05T13:28:37+00:00\",\"author\":{\"@id\":\"https:\\\/\\\/www.coeurssansfrontieres.com\\\/fr\\\/#\\\/schema\\\/person\\\/19507754554eb5218427fc31038cac56\"},\"description\":\"%\",\"breadcrumb\":{\"@id\":\"https:\\\/\\\/www.coeurssansfrontieres.com\\\/de\\\/vereinsleben\\\/oberkirch-mai-2022\\\/#breadcrumb\"},\"inLanguage\":\"de\",\"potentialAction\":[{\"@type\":\"ReadAction\",\"target\":[\"https:\\\/\\\/www.coeurssansfrontieres.com\\\/de\\\/vereinsleben\\\/oberkirch-mai-2022\\\/\"]}]},{\"@type\":\"ImageObject\",\"inLanguage\":\"de\",\"@id\":\"https:\\\/\\\/www.coeurssansfrontieres.com\\\/de\\\/vereinsleben\\\/oberkirch-mai-2022\\\/#primaryimage\",\"url\":\"https:\\\/\\\/www.coeurssansfrontieres.com\\\/wp-content\\\/uploads\\\/2022\\\/06\\\/vignette-oberkich-2022.jpg\",\"contentUrl\":\"https:\\\/\\\/www.coeurssansfrontieres.com\\\/wp-content\\\/uploads\\\/2022\\\/06\\\/vignette-oberkich-2022.jpg\",\"width\":200,\"height\":200},{\"@type\":\"BreadcrumbList\",\"@id\":\"https:\\\/\\\/www.coeurssansfrontieres.com\\\/de\\\/vereinsleben\\\/oberkirch-mai-2022\\\/#breadcrumb\",\"itemListElement\":[{\"@type\":\"ListItem\",\"position\":1,\"name\":\"Accueil\",\"item\":\"https:\\\/\\\/www.coeurssansfrontieres.com\\\/de\\\/\"},{\"@type\":\"ListItem\",\"position\":2,\"name\":\"Oberkirch Mai 2022\"}]},{\"@type\":\"WebSite\",\"@id\":\"https:\\\/\\\/www.coeurssansfrontieres.com\\\/fr\\\/#website\",\"url\":\"https:\\\/\\\/www.coeurssansfrontieres.com\\\/fr\\\/\",\"name\":\"C\u0153urs sans fronti\u00e8res\",\"description\":\"Association franco-allemande des Enfants de la Seconde Guerre Mondiale\",\"potentialAction\":[{\"@type\":\"SearchAction\",\"target\":{\"@type\":\"EntryPoint\",\"urlTemplate\":\"https:\\\/\\\/www.coeurssansfrontieres.com\\\/fr\\\/?s={search_term_string}\"},\"query-input\":{\"@type\":\"PropertyValueSpecification\",\"valueRequired\":true,\"valueName\":\"search_term_string\"}}],\"inLanguage\":\"de\"},{\"@type\":\"Person\",\"@id\":\"https:\\\/\\\/www.coeurssansfrontieres.com\\\/fr\\\/#\\\/schema\\\/person\\\/19507754554eb5218427fc31038cac56\",\"name\":\"GOFFIN Alexandre\"}]}<\/script>\n<!-- \/ Yoast SEO plugin. -->","yoast_head_json":{"title":"Oberkirch Mai 2022 - CSF - HOG","description":"%","robots":{"index":"index","follow":"follow","max-snippet":"max-snippet:-1","max-image-preview":"max-image-preview:large","max-video-preview":"max-video-preview:-1"},"canonical":"https:\/\/www.coeurssansfrontieres.com\/de\/vereinsleben\/oberkirch-mai-2022\/","og_locale":"de_DE","og_type":"article","og_title":"Oberkirch Mai 2022 - CSF - HOG","og_description":"%","og_url":"https:\/\/www.coeurssansfrontieres.com\/de\/vereinsleben\/oberkirch-mai-2022\/","og_site_name":"CSF - HOG","article_published_time":"2022-06-09T16:39:05+00:00","article_modified_time":"2022-07-05T13:28:37+00:00","og_image":[{"width":200,"height":200,"url":"https:\/\/www.coeurssansfrontieres.com\/wp-content\/uploads\/2022\/06\/vignette-oberkich-2022.jpg","type":"image\/jpeg"}],"author":"GOFFIN Alexandre","twitter_card":"summary_large_image","twitter_misc":{"Verfasst von":"GOFFIN Alexandre","Gesch\u00e4tzte Lesezeit":"6\u00a0Minuten"},"schema":{"@context":"https:\/\/schema.org","@graph":[{"@type":"Article","@id":"https:\/\/www.coeurssansfrontieres.com\/de\/vereinsleben\/oberkirch-mai-2022\/#article","isPartOf":{"@id":"https:\/\/www.coeurssansfrontieres.com\/de\/vereinsleben\/oberkirch-mai-2022\/"},"author":{"name":"GOFFIN Alexandre","@id":"https:\/\/www.coeurssansfrontieres.com\/fr\/#\/schema\/person\/19507754554eb5218427fc31038cac56"},"headline":"Oberkirch Mai 2022","datePublished":"2022-06-09T16:39:05+00:00","dateModified":"2022-07-05T13:28:37+00:00","mainEntityOfPage":{"@id":"https:\/\/www.coeurssansfrontieres.com\/de\/vereinsleben\/oberkirch-mai-2022\/"},"wordCount":3214,"image":{"@id":"https:\/\/www.coeurssansfrontieres.com\/de\/vereinsleben\/oberkirch-mai-2022\/#primaryimage"},"thumbnailUrl":"https:\/\/www.coeurssansfrontieres.com\/wp-content\/uploads\/2022\/06\/vignette-oberkich-2022.jpg","articleSection":["Regionaltreffen","Vereinsleben"],"inLanguage":"de"},{"@type":"WebPage","@id":"https:\/\/www.coeurssansfrontieres.com\/de\/vereinsleben\/oberkirch-mai-2022\/","url":"https:\/\/www.coeurssansfrontieres.com\/de\/vereinsleben\/oberkirch-mai-2022\/","name":"Oberkirch Mai 2022 - CSF - HOG","isPartOf":{"@id":"https:\/\/www.coeurssansfrontieres.com\/fr\/#website"},"primaryImageOfPage":{"@id":"https:\/\/www.coeurssansfrontieres.com\/de\/vereinsleben\/oberkirch-mai-2022\/#primaryimage"},"image":{"@id":"https:\/\/www.coeurssansfrontieres.com\/de\/vereinsleben\/oberkirch-mai-2022\/#primaryimage"},"thumbnailUrl":"https:\/\/www.coeurssansfrontieres.com\/wp-content\/uploads\/2022\/06\/vignette-oberkich-2022.jpg","datePublished":"2022-06-09T16:39:05+00:00","dateModified":"2022-07-05T13:28:37+00:00","author":{"@id":"https:\/\/www.coeurssansfrontieres.com\/fr\/#\/schema\/person\/19507754554eb5218427fc31038cac56"},"description":"%","breadcrumb":{"@id":"https:\/\/www.coeurssansfrontieres.com\/de\/vereinsleben\/oberkirch-mai-2022\/#breadcrumb"},"inLanguage":"de","potentialAction":[{"@type":"ReadAction","target":["https:\/\/www.coeurssansfrontieres.com\/de\/vereinsleben\/oberkirch-mai-2022\/"]}]},{"@type":"ImageObject","inLanguage":"de","@id":"https:\/\/www.coeurssansfrontieres.com\/de\/vereinsleben\/oberkirch-mai-2022\/#primaryimage","url":"https:\/\/www.coeurssansfrontieres.com\/wp-content\/uploads\/2022\/06\/vignette-oberkich-2022.jpg","contentUrl":"https:\/\/www.coeurssansfrontieres.com\/wp-content\/uploads\/2022\/06\/vignette-oberkich-2022.jpg","width":200,"height":200},{"@type":"BreadcrumbList","@id":"https:\/\/www.coeurssansfrontieres.com\/de\/vereinsleben\/oberkirch-mai-2022\/#breadcrumb","itemListElement":[{"@type":"ListItem","position":1,"name":"Accueil","item":"https:\/\/www.coeurssansfrontieres.com\/de\/"},{"@type":"ListItem","position":2,"name":"Oberkirch Mai 2022"}]},{"@type":"WebSite","@id":"https:\/\/www.coeurssansfrontieres.com\/fr\/#website","url":"https:\/\/www.coeurssansfrontieres.com\/fr\/","name":"C\u0153urs sans fronti\u00e8res","description":"Association franco-allemande des Enfants de la Seconde Guerre Mondiale","potentialAction":[{"@type":"SearchAction","target":{"@type":"EntryPoint","urlTemplate":"https:\/\/www.coeurssansfrontieres.com\/fr\/?s={search_term_string}"},"query-input":{"@type":"PropertyValueSpecification","valueRequired":true,"valueName":"search_term_string"}}],"inLanguage":"de"},{"@type":"Person","@id":"https:\/\/www.coeurssansfrontieres.com\/fr\/#\/schema\/person\/19507754554eb5218427fc31038cac56","name":"GOFFIN Alexandre"}]}},"_links":{"self":[{"href":"https:\/\/www.coeurssansfrontieres.com\/de\/wp-json\/wp\/v2\/posts\/22328","targetHints":{"allow":["GET"]}}],"collection":[{"href":"https:\/\/www.coeurssansfrontieres.com\/de\/wp-json\/wp\/v2\/posts"}],"about":[{"href":"https:\/\/www.coeurssansfrontieres.com\/de\/wp-json\/wp\/v2\/types\/post"}],"author":[{"embeddable":true,"href":"https:\/\/www.coeurssansfrontieres.com\/de\/wp-json\/wp\/v2\/users\/249"}],"replies":[{"embeddable":true,"href":"https:\/\/www.coeurssansfrontieres.com\/de\/wp-json\/wp\/v2\/comments?post=22328"}],"version-history":[{"count":9,"href":"https:\/\/www.coeurssansfrontieres.com\/de\/wp-json\/wp\/v2\/posts\/22328\/revisions"}],"predecessor-version":[{"id":22666,"href":"https:\/\/www.coeurssansfrontieres.com\/de\/wp-json\/wp\/v2\/posts\/22328\/revisions\/22666"}],"wp:featuredmedia":[{"embeddable":true,"href":"https:\/\/www.coeurssansfrontieres.com\/de\/wp-json\/wp\/v2\/media\/22155"}],"wp:attachment":[{"href":"https:\/\/www.coeurssansfrontieres.com\/de\/wp-json\/wp\/v2\/media?parent=22328"}],"wp:term":[{"taxonomy":"category","embeddable":true,"href":"https:\/\/www.coeurssansfrontieres.com\/de\/wp-json\/wp\/v2\/categories?post=22328"},{"taxonomy":"post_tag","embeddable":true,"href":"https:\/\/www.coeurssansfrontieres.com\/de\/wp-json\/wp\/v2\/tags?post=22328"}],"curies":[{"name":"wp","href":"https:\/\/api.w.org\/{rel}","templated":true}]}}