{"id":22534,"date":"2022-06-25T15:55:56","date_gmt":"2022-06-25T13:55:56","guid":{"rendered":"https:\/\/www.coeurssansfrontieres.com\/kategorientechniken\/unkategorisiert\/etranges-paricularites-des-francais\/"},"modified":"2022-07-05T15:23:56","modified_gmt":"2022-07-05T13:23:56","slug":"seltsame-eigenheiten-der-franzosen","status":"publish","type":"post","link":"https:\/\/www.coeurssansfrontieres.com\/de\/dokumente-de\/seltsame-eigenheiten-der-franzosen\/","title":{"rendered":"Seltsame Eigenheiten der Franzosen"},"content":{"rendered":"<p>[et_pb_section fb_built=&#8220;1&#8243; custom_padding_last_edited=&#8220;on|desktop&#8220; admin_label=&#8220;section&#8220; _builder_version=&#8220;4.17.4&#8243; background_color=&#8220;#ffffff&#8220; width=&#8220;100%&#8220; max_width=&#8220;100%&#8220; module_alignment=&#8220;center&#8220; custom_margin=&#8220;-18vh||||false|false&#8220; custom_padding=&#8220;||||false|false&#8220; custom_padding_tablet=&#8220;50px|0|50px|0&#8243; custom_padding_phone=&#8220;&#8220; custom_css_main_element=&#8220;width : 100%!important;&#8220; transparent_background=&#8220;off&#8220; make_fullwidth=&#8220;off&#8220; use_custom_width=&#8220;off&#8220; width_unit=&#8220;on&#8220; locked=&#8220;off&#8220; global_colors_info=&#8220;{}&#8220;][et_pb_row _builder_version=&#8220;4.17.4&#8243; _module_preset=&#8220;default&#8220; custom_padding=&#8220;1vh|1vw|1vh|1vw|false|false&#8220; border_radii=&#8220;on|25px|25px|25px|25px&#8220; border_color_all=&#8220;#A55BA6&#8243; global_colors_info=&#8220;{}&#8220;][et_pb_column type=&#8220;4_4&#8243; _builder_version=&#8220;4.17.4&#8243; _module_preset=&#8220;default&#8220; global_colors_info=&#8220;{}&#8220;][et_pb_text disabled_on=&#8220;on|on|on&#8220; _builder_version=&#8220;4.17.4&#8243; _module_preset=&#8220;default&#8220; text_font=&#8220;|700|||||||&#8220; text_text_color=&#8220;#A55BA6&#8243; text_font_size=&#8220;28px&#8220; text_line_height=&#8220;1.6em&#8220; header_font=&#8220;|700|||||||&#8220; header_text_align=&#8220;center&#8220; header_font_size=&#8220;1.3rem&#8220; header_4_text_align=&#8220;center&#8220; header_4_font_size=&#8220;14px&#8220; background_color=&#8220;#f2e3ef&#8220; background_size=&#8220;initial&#8220; background_position=&#8220;top_left&#8220; background_repeat=&#8220;repeat&#8220; text_orientation=&#8220;center&#8220; custom_margin=&#8220;||||false|false&#8220; custom_padding=&#8220;20px|20px|20px|20px|false|false&#8220; text_text_shadow_style=&#8220;preset2&#8243; header_text_shadow_style=&#8220;preset2&#8243; border_radii=&#8220;on|25px|25px|25px|25px&#8220; border_width_all=&#8220;1px&#8220; border_color_all=&#8220;#A55BA6&#8243; box_shadow_style=&#8220;preset2&#8243; disabled=&#8220;on&#8220; global_colors_info=&#8220;{}&#8220;]<\/p>\n<p style=\"text-align: center;\">Etranges particularit\u00e9s des Fran\u00e7ais<\/p>\n<p>[\/et_pb_text][et_pb_text disabled_on=&#8220;off|off|off&#8220; _builder_version=&#8220;4.17.4&#8243; _module_preset=&#8220;default&#8220; text_font=&#8220;|700|||||||&#8220; text_text_color=&#8220;#A55BA6&#8243; text_font_size=&#8220;28px&#8220; text_line_height=&#8220;1.6em&#8220; header_font=&#8220;|700|||||||&#8220; header_text_align=&#8220;center&#8220; header_font_size=&#8220;1.3rem&#8220; header_4_text_align=&#8220;center&#8220; header_4_font_size=&#8220;14px&#8220; background_color=&#8220;#f2e3ef&#8220; background_size=&#8220;initial&#8220; background_position=&#8220;top_left&#8220; background_repeat=&#8220;repeat&#8220; text_orientation=&#8220;center&#8220; custom_margin=&#8220;||||false|false&#8220; custom_padding=&#8220;20px|20px|20px|20px|false|false&#8220; text_text_shadow_style=&#8220;preset2&#8243; header_text_shadow_style=&#8220;preset2&#8243; border_radii=&#8220;on|25px|25px|25px|25px&#8220; border_width_all=&#8220;1px&#8220; border_color_all=&#8220;#A55BA6&#8243; box_shadow_style=&#8220;preset2&#8243; global_colors_info=&#8220;{}&#8220;]<\/p>\n<p style=\"text-align: center;\">Seltsame Eigenheiten der Franzosen<\/p>\n<p>[\/et_pb_text][et_pb_text disabled_on=&#8220;on|on|on&#8220; _builder_version=&#8220;4.17.4&#8243; _module_preset=&#8220;default&#8220; text_font=&#8220;||||||||&#8220; text_text_color=&#8220;#000000&#8243; text_font_size=&#8220;17px&#8220; text_line_height=&#8220;1.6em&#8220; header_font=&#8220;|700|||||||&#8220; header_text_align=&#8220;left&#8220; header_font_size=&#8220;1.6rem&#8220; header_line_height=&#8220;1.3em&#8220; header_4_font=&#8220;|700|||||||&#8220; header_4_text_align=&#8220;center&#8220; header_4_font_size=&#8220;16px&#8220; header_4_line_height=&#8220;1.6em&#8220; background_color=&#8220;#f2e3ef&#8220; background_size=&#8220;initial&#8220; background_position=&#8220;top_left&#8220; background_repeat=&#8220;repeat&#8220; text_orientation=&#8220;justified&#8220; custom_margin=&#8220;||||false|false&#8220; custom_padding=&#8220;20px|20px|20px|20px|false|false&#8220; text_text_shadow_style=&#8220;preset2&#8243; header_text_shadow_style=&#8220;preset2&#8243; border_radii=&#8220;on|25px|25px|25px|25px&#8220; border_width_all=&#8220;1px&#8220; border_color_all=&#8220;#A55BA6&#8243; box_shadow_style=&#8220;preset2&#8243; disabled=&#8220;on&#8220; global_colors_info=&#8220;{}&#8220;]<\/p>\n<p style=\"text-align: left;\">Retrouver ses racines manquantes est un bel accomplissement mais commencer \u00e0 assimiler cette culture parfois si diff\u00e9rente que ces racines nous am\u00e8nent est une aventure pleine de surprises. A nouveau Meggie nous confie un texte o\u00f9 elle exprime son v\u00e9cu sans tabous mais avec beaucoup d\u2019humour.<\/p>\n<p>&nbsp;<\/p>\n<h4 style=\"text-align: center;\"><span style=\"font-size: 12pt;\">Merci Meggie<\/span><\/h4>\n<h4 style=\"text-align: center;\"><span style=\"font-size: 12pt;\"><em>Sur le c\u00f4t\u00e9 il y a des liens vers d\u2019autres textes que Meggie nous a d\u00e9j\u00e0 confi\u00e9s.<\/em><\/span><\/h4>\n<p>[\/et_pb_text][et_pb_text disabled_on=&#8220;off|off|off&#8220; _builder_version=&#8220;4.17.4&#8243; _module_preset=&#8220;default&#8220; text_font=&#8220;||||||||&#8220; text_text_color=&#8220;#000000&#8243; text_font_size=&#8220;17px&#8220; text_line_height=&#8220;1.6em&#8220; header_font=&#8220;|700|||||||&#8220; header_text_align=&#8220;left&#8220; header_font_size=&#8220;1.6rem&#8220; header_line_height=&#8220;1.3em&#8220; header_4_font=&#8220;|700|||||||&#8220; header_4_text_align=&#8220;center&#8220; header_4_font_size=&#8220;16px&#8220; header_4_line_height=&#8220;1.6em&#8220; background_color=&#8220;#f2e3ef&#8220; background_size=&#8220;initial&#8220; background_position=&#8220;top_left&#8220; background_repeat=&#8220;repeat&#8220; text_orientation=&#8220;justified&#8220; custom_margin=&#8220;||||false|false&#8220; custom_padding=&#8220;20px|20px|20px|20px|false|false&#8220; text_text_shadow_style=&#8220;preset2&#8243; header_text_shadow_style=&#8220;preset2&#8243; border_radii=&#8220;on|25px|25px|25px|25px&#8220; border_width_all=&#8220;1px&#8220; border_color_all=&#8220;#A55BA6&#8243; box_shadow_style=&#8220;preset2&#8243; global_colors_info=&#8220;{}&#8220;]<\/p>\n<p><em>Seine fehlenden Wurzeln wiederzufinden ist eine sch\u00f6ne Leistung, aber dann die neue, manchmal so andersartige Kultur, die diese wiedergefundenen Wurzeln mit sich bringen, zu assimilieren, ist ein Abenteuer voller \u00dcberraschungen.<\/em><br \/><em>Mit Mut und Hartn\u00e4ckigkeit versucht Meggie, sich die Kultur ihres Vaterlandes anzueignen, die Sprache, die Gewohnheiten, die kulinarischen Vorlieben &#8230; zu lernen.<\/em><br \/><em>Wieder vertraut uns Meggie einen Text an, den sie diesmal mutig direkt auf Franz\u00f6sisch verfasst hat, um dann nur eine deutsche Version anzufertigen. Es sind ihre j\u00fcngsten Erlebnisse, die Meggie hier ohne Tabus, aber mit so viel Humor zum Ausdruck bringt.<\/em><br \/><em>Um den Geschmack von Meggies Schreiben zu bewahren, haben wir ihren Text nicht ver\u00e4ndert.<\/em><\/p>\n<p>&nbsp;<\/p>\n<h4 style=\"text-align: center;\">Bravo ! und Danke, Meggie<\/h4>\n<h4 style=\"text-align: center;\">An der Seite gibt es Links zu anderen Texten, die Meggie uns bereits anvertraut hat.<\/h4>\n<p>[\/et_pb_text][\/et_pb_column][\/et_pb_row][et_pb_row column_structure=&#8220;1_3,1_3,1_3&#8243; _builder_version=&#8220;4.17.4&#8243; _module_preset=&#8220;default&#8220; custom_css_main_element=&#8220;width:100%!important;&#8220; global_colors_info=&#8220;{}&#8220;][et_pb_column type=&#8220;1_3&#8243; _builder_version=&#8220;4.17.4&#8243; _module_preset=&#8220;default&#8220; global_colors_info=&#8220;{}&#8220;][et_pb_image src=&#8220;https:\/\/www.coeurssansfrontieres.com\/wp-content\/uploads\/2022\/06\/meggie-bretagne-02.jpg&#8220; title_text=&#8220;meggie bretagne 02&#8243; _builder_version=&#8220;4.17.4&#8243; _module_preset=&#8220;default&#8220; global_colors_info=&#8220;{}&#8220;][\/et_pb_image][\/et_pb_column][et_pb_column type=&#8220;1_3&#8243; _builder_version=&#8220;4.17.4&#8243; _module_preset=&#8220;default&#8220; global_colors_info=&#8220;{}&#8220;][et_pb_image src=&#8220;https:\/\/www.coeurssansfrontieres.com\/wp-content\/uploads\/2022\/06\/IMG_0403_b.jpg&#8220; title_text=&#8220;IMG_0403_b&#8220; _builder_version=&#8220;4.17.4&#8243; _module_preset=&#8220;default&#8220; global_colors_info=&#8220;{}&#8220;][\/et_pb_image][\/et_pb_column][et_pb_column type=&#8220;1_3&#8243; _builder_version=&#8220;4.17.4&#8243; _module_preset=&#8220;default&#8220; global_colors_info=&#8220;{}&#8220;][et_pb_image src=&#8220;https:\/\/www.coeurssansfrontieres.com\/wp-content\/uploads\/2022\/06\/IMG_0412_b.jpg&#8220; title_text=&#8220;IMG_0412_b&#8220; _builder_version=&#8220;4.17.4&#8243; _module_preset=&#8220;default&#8220; global_colors_info=&#8220;{}&#8220;][\/et_pb_image][\/et_pb_column][\/et_pb_row][et_pb_row column_structure=&#8220;1_3,1_3,1_3&#8243; use_custom_gutter=&#8220;on&#8220; gutter_width=&#8220;2&#8243; make_equal=&#8220;on&#8220; _builder_version=&#8220;4.17.4&#8243; _module_preset=&#8220;default&#8220; width=&#8220;100%&#8220; max_width=&#8220;100%&#8220; module_alignment=&#8220;center&#8220; custom_margin=&#8220;||||false|false&#8220; custom_padding=&#8220;|4vw||4vw|false|false&#8220; custom_css_main_element=&#8220;width: 100%!important;||&#8220; global_colors_info=&#8220;{}&#8220;][et_pb_column type=&#8220;1_3&#8243; _builder_version=&#8220;4.17.4&#8243; _module_preset=&#8220;default&#8220; custom_css_main_element=&#8220;width : 40%!important;&#8220; global_colors_info=&#8220;{}&#8220;][et_pb_text _builder_version=&#8220;4.17.4&#8243; _module_preset=&#8220;default&#8220; text_font_size=&#8220;1rem&#8220; text_line_height=&#8220;1.6em&#8220; header_font=&#8220;|700|||||||&#8220; header_text_align=&#8220;center&#8220; header_text_color=&#8220;#A55BA6&#8243; header_font_size=&#8220;1.3rem&#8220; header_line_height=&#8220;1.4em&#8220; header_3_font=&#8220;|700|||||||&#8220; header_3_text_color=&#8220;#A55BA6&#8243; header_3_font_size=&#8220;20px&#8220; header_4_text_align=&#8220;center&#8220; header_4_font_size=&#8220;14px&#8220; background_color=&#8220;#f2e3ef&#8220; background_size=&#8220;initial&#8220; background_position=&#8220;top_left&#8220; background_repeat=&#8220;repeat&#8220; custom_margin=&#8220;||||false|false&#8220; custom_padding=&#8220;20px|20px|20px|20px|false|false&#8220; header_text_shadow_style=&#8220;preset2&#8243; header_3_text_shadow_style=&#8220;preset2&#8243; border_radii=&#8220;on|25px|25px|25px|25px&#8220; border_width_all=&#8220;1px&#8220; border_color_all=&#8220;#A55BA6&#8243; box_shadow_style=&#8220;preset2&#8243; global_colors_info=&#8220;{}&#8220;]<\/p>\n<h3 style=\"text-align: center;\">Un repas avec du poisson en Douarnenez<br \/>ou<br \/>les \u00e9tranges particularit\u00e9s des Fran\u00e7ais<br \/>lors de l&#8217;\u00e9laboration du menu du restaurant.<\/h3>\n<p>[\/et_pb_text][et_pb_text _builder_version=&#8220;4.17.4&#8243; _module_preset=&#8220;default&#8220; text_font_size=&#8220;17px&#8220; text_orientation=&#8220;justified&#8220; width=&#8220;97.8%&#8220; global_colors_info=&#8220;{}&#8220;]<\/p>\n<p>Hubert et moi partons un vir\u00e9e \u00e1 la Pointe du Raz.<br \/>Le jour est couvert, il pleut l\u00e9g\u00e8rement et d\u00b4\u00e9pais nuages gris annoncent de nouvelles pluies. Mon Dieu, j\u00b4esp\u00e8re, que le ciel ne nous tombe pas sur la t\u00eate. Bien s\u00fbr, nous devons faire une pause pour le d\u00e9jeuner, nous sommes en France, et le d\u00e9jeuner est sacr\u00e9 pour les Fran\u00e7ais!<\/p>\n<p>Nous avons trouv\u00e9 un restaurant \u00e1 Douarnenez, connu pour ses plats de poisson et id\u00e9alement situ\u00e9 \u00e1 le port. Mais c\u00b4est mar\u00e9e basse en ce moment, le bateaux sont couch\u00e9s dans la vase, qui est aussi grise et sale comme le ciel. Aucune trace de romance !!!!!<br \/>Le restaurant est sympa, un peu trop inconfortable pour moi, mais&#8230;on dit, que le poisson est tr\u00e8s bon ici. L\u00e0, on s&#8217;assoit avec un vue sur la vase et des bateaux en position inclin\u00e9e (car la mar\u00e9e est basse) et on attend les choses respectivement les poissons qui viennent l\u00e0. Et ainsi commence une proc\u00e9dure entre Hubert et la serveuse, qui nous\u00a0 est compl\u00e8tement \u00e9tranger \u00e1 nous , les allemands. Une interminable discussion quel vin avec quel poisson, quel vin avec les crustac\u00e9s, quel\u00a0 ap\u00e9ritif pr\u00e9pare le mieux l\u00b4estomac au plaisirs \u00e1 venir, quel vin de telle ou telle r\u00e9gion s\u00b4accorde le mieux.<br \/>Je suis assis compl\u00e8tement envout\u00e9e , le temps s&#8217;\u00e9tire , mon ventre glisse petit \u00e1 petit en direction de l&#8217;arri\u00e8re de mon genou et je suis vraiment fascin\u00e9e. Quel effort pour un poisson mort et quelques moules !!!! Les Fran\u00e7ais et leur culture culinaire !!!<br \/>Et puis vient l&#8217;entr\u00e9e &#8230; un plateau de fruits de mer&#8230;les araign\u00e9es de mer, les huitres, les escargots de mer et autres des cr\u00e9atures similaires. Incroyable qu&#8217;ils mangent . Je ne veux m\u00eame pas avoir l&#8217;animal ni dans ma cave sombre ni sur mon assiette . Et donc je me limite aux crevettes et aux coquille Sainte Jacques et pousse ce que je m\u00e9prise en direction d&#8217;Hubert Il ne comprend plus le monde et se sent confirme dans sa vision, que les Fran\u00e7ais donnent le ton culinaire mondial et que toutes les autres nations sont des philistins culturels. \u00c1 l&#8217;exception peut -\u00eatre encore des autochtones de Papua nouvelle Guin\u00e9e.<br \/>Eh bien, je peux vivre avec ca. nous terminons notre repas et continuons jusqu&#8217;\u00e0 la Pointe du Raz.<\/p>\n<p>Toujours sous la bruine et nous partons du parking en direction de \u201e Lands End\u201c respectivement \u201eFrance End\u201c Et pendant , que je me tiens au-dessus de la mer sur les puissants rochers de granit et que je regarde l&#8217;\u00e9tendue infinie de l\u00b4Atlantique, \u00e9coute le battement des vagues ,qui me racontent leur long voyage dans l&#8217;immensit\u00e9 de l\u00b4oc\u00e9an , les vagues qui sond inoffensives aujourd&#8217;hui est pourtant peuvent \u00eatre si sauvages, une br\u00e8che s&#8217;ouvre dans les nuages et le soleil envoie\u00a0 ses longues \u00e9chasses vers l\u00b4eau et enchante terre et mer. Les cr\u00eates des vagues qui se brisent avec de longs embruns blancs sur le rocher et \u00e9voquent des prismes aux couleur de l&#8217;arc en ciel dans l&#8217;air, l&#8217;Atlantique, qui brille intens\u00e9ment bleu l\u00e0 o\u00f9 le soleil l&#8217;embrasse, les rochers imposants, le phare solitaire,\u00a0 loin dans la mer, qui a brav\u00e9 tant d&#8217;orages, C\u00b4est magique !!!!<br \/>Je peux comprendre qu&#8217;on dit, que la Bretagne s&#8217;appelle le pays des mythes et des contes des f\u00e9es.<\/p>\n<p>Conclusion :\u00a0 je ne comprend pas toujours les m\u0153urs est coutumes des Fran\u00e7ais, mais je comprend la beaut\u00e9 de leur pays et leur fiert\u00e9 de \u00e7a !<\/p>\n<p><strong><em>Meggie Beck<\/em><\/strong><\/p>\n<p>[\/et_pb_text][\/et_pb_column][et_pb_column type=&#8220;1_3&#8243; _builder_version=&#8220;4.17.4&#8243; _module_preset=&#8220;default&#8220; custom_css_main_element=&#8220;width : 40%!important;&#8220; global_colors_info=&#8220;{}&#8220;][et_pb_text _builder_version=&#8220;4.17.4&#8243; _module_preset=&#8220;default&#8220; text_font_size=&#8220;1rem&#8220; text_line_height=&#8220;1.6em&#8220; header_font=&#8220;|700|||||||&#8220; header_text_align=&#8220;center&#8220; header_text_color=&#8220;#A55BA6&#8243; header_font_size=&#8220;1.3rem&#8220; header_line_height=&#8220;1.4em&#8220; header_3_font=&#8220;|700|||||||&#8220; header_3_text_color=&#8220;#A55BA6&#8243; header_3_font_size=&#8220;20px&#8220; header_4_text_align=&#8220;center&#8220; header_4_font_size=&#8220;14px&#8220; background_color=&#8220;#f2e3ef&#8220; background_size=&#8220;initial&#8220; background_position=&#8220;top_left&#8220; background_repeat=&#8220;repeat&#8220; custom_margin=&#8220;||||false|false&#8220; custom_padding=&#8220;20px|20px|20px|20px|false|false&#8220; header_text_shadow_style=&#8220;preset2&#8243; header_3_text_shadow_style=&#8220;preset2&#8243; border_radii=&#8220;on|25px|25px|25px|25px&#8220; border_width_all=&#8220;1px&#8220; border_color_all=&#8220;#A55BA6&#8243; box_shadow_style=&#8220;preset2&#8243; global_colors_info=&#8220;{}&#8220;]<\/p>\n<h3 style=\"text-align: center;\">Ein Fisch &#8211; Essen in Douarnenez<br \/>oder<br \/>Die seltsamen Eigenarten der Franzosen<br \/>bei der Bestellung im Restaurant<\/h3>\n<p>[\/et_pb_text][et_pb_text _builder_version=&#8220;4.17.4&#8243; _module_preset=&#8220;default&#8220; text_font_size=&#8220;17px&#8220; text_orientation=&#8220;justified&#8220; width=&#8220;97.8%&#8220; global_colors_info=&#8220;{}&#8220;]<\/p>\n<p>Hubert und ich machen einen Ausflug zum \u201ePointe du Raz\u201c.<br \/>Der Tag ist bedeckt, es nieselt und dicke, graue Wolken bedecken den Himmel und k\u00fcndigen weiteren Regen an. Mon Dieu, ich hoffe, der Himmel f\u00e4llt uns nicht auf den Kopf. Nat\u00fcrlich m\u00fcssen wir mittags eine Pause zum Essen machen, das \u201eDejeuner\u201c ist den Franzosen heilig.<\/p>\n<p>Wir finden ein Restaurant in Douarnenez, welches bekannt ist f\u00fcr seine Fischgerichte und idyllisch am Hafen liegt. Aber es ist Ebbe, die Boote liegen im Schlick, der genauso schmutzig und grau ist wie der Himmel. Von Romantik keine Spur.<br \/>Das Restaurant ist nett,mir ein wenig zu unpers\u00f6nlich, aber&#8230;der Fisch soll hier exzellent sein. Da sitzen wir nun , mit Blick auf den Schlick, die Boote in Schr\u00e4glage ( weil Ebbe) und harren der Dinge , respektive der Fische, die da kommen. Und so beginnt ein Prozedere, das uns Deutschen v\u00f6llig fremd ist.<br \/>Eine endlose Diskussion zwischen Hubert und der Kellnerin, welcher Wein zu welchem Fisch, welcher Wein zu welchen Schalentieren, welcher Aperitif bereitet den Magen am besten auf das Essen vor ,welcher Wein aus dieser oder jener Region passt am besten zu diesem oder jenem?!<br \/>Ich sitze v\u00f6llig gebannt daneben, die Zeit dehnt sich, mein Magen rutscht allm\u00e4hlich Richtung Kniekehlen und doch bin fasziniert ! Welch ein Aufwand f\u00fcr einen toten Fisch und ein paar Muscheln. Die Franzosen und ihre Esskultur! Und dann kommt die Vorspeise.<\/p>\n<p>Eine Platte mit Meerestieren&#8230; Seespinnen, Seeschnecken, Austern und anderen \u00e4hnlichen Kreaturen. Unm\u00f6glich f\u00fcr mich zu essen ! Es ist schon erstaunlich, was die Leute hier so zu sich nehmen. Das Getier m\u00f6chte ich weder im dunklen Keller , geschweige denn auf dem Teller haben. Und so beschr\u00e4nke ich mich auf die Crevetten und die Jakobsmuscheln und schiebe das von mir Verschm\u00e4hte in Richtung Hubert. Der versteht die Welt nicht mehr, und denkt wahrscheinlich, das die Franzosen doch den kulinarischen Ton angeben und alle Anderen sind eben Kulturbanausen.<br \/>Vielleicht noch die Ureinwohner von Papua-Neuguinea ( die essen auch alles was da kreucht und fleucht) Na egal , ich kann damit leben.<\/p>\n<p>Wir beenden unsere Mahlzeit, fahren weiter zum \u201ePointe du Raz\u201c, immer noch im Nieselregen und machen uns vom Parkplatz aus auf den Weg Richtung \u201eLands End\u201c respektive \u201e France End\u201c Und w\u00e4hrend ich hoch \u00fcber dem Meer auf den Granitfelsen stehe und auf die Weite des Atlantiks schaue, dem Schlagen der Wellen auf die Felsen lausche,die mir von ihrer langen Reise \u00fcber das unendliche Meer erz\u00e4hlen, \u00f6ffnet sich eine L\u00fccke in den Wolken, die Sonne sendet ihre langen Stelzen bis zum Wasser und verzaubert Land und Meer. Die K\u00e4mme der Wellen , die mit langer, wei\u00dfer Gischt am Felsen brechen und Prismen in Regenbogenfarben in die Luft zaubern, der Atlantik, der dort, wo die Sonne ihn k\u00fcsst, intensiv blau leuchtet, die imposanten Felsen, der einsame Leuchtturm, weit drau\u00dfen im Meer, der jedem Sturm trotzt. Es ist magisch !<br \/>Ich kann verstehen, dass die Bretagne das Land der Mythen und M\u00e4rchen genannt wird.<\/p>\n<p>Fazit : Ich verstehe nicht immer Sitten und Gebr\u00e4uche der Franzosen, aber ich verstehe die Sch\u00f6nheit ihres Landes und ihren Stolz darauf !<\/p>\n<p><strong><em>Meggie Beck<\/em><\/strong><\/p>\n<p>[\/et_pb_text][\/et_pb_column][et_pb_column type=&#8220;1_3&#8243; _builder_version=&#8220;4.17.4&#8243; _module_preset=&#8220;default&#8220; background_color=&#8220;rgba(165,91,166,0.38)&#8220; custom_css_main_element=&#8220;width : 20%!important;&#8220; border_radii=&#8220;on|25px|25px|25px|25px&#8220; border_width_all=&#8220;2px&#8220; border_color_all=&#8220;#A55BA6&#8243; global_colors_info=&#8220;{}&#8220;][et_pb_image src=&#8220;https:\/\/www.coeurssansfrontieres.com\/wp-content\/uploads\/2017\/06\/Meggie-Beck.jpg&#8220; title_text=&#8220;Meggie Beck&#8220; align=&#8220;center&#8220; _builder_version=&#8220;4.17.4&#8243; _module_preset=&#8220;default&#8220; width=&#8220;65%&#8220; max_width=&#8220;65%&#8220; custom_margin=&#8220;6vh||||false|false&#8220; border_radii=&#8220;on|50px|50px|50px|50px&#8220; box_shadow_style=&#8220;preset4&#8243; global_colors_info=&#8220;{}&#8220;][\/et_pb_image][et_pb_text disabled_on=&#8220;on|on|on&#8220; _builder_version=&#8220;4.17.4&#8243; _module_preset=&#8220;default&#8220; text_font_size=&#8220;1rem&#8220; text_line_height=&#8220;1.6em&#8220; header_font=&#8220;|700|||||||&#8220; header_text_align=&#8220;center&#8220; header_font_size=&#8220;0.8rem&#8220; header_4_text_align=&#8220;center&#8220; header_4_font_size=&#8220;14px&#8220; background_color=&#8220;#f2e3ef&#8220; background_size=&#8220;initial&#8220; background_position=&#8220;top_left&#8220; background_repeat=&#8220;repeat&#8220; custom_margin=&#8220;||1vh||false|false&#8220; custom_padding=&#8220;1vh||||false|false&#8220; header_text_shadow_style=&#8220;preset2&#8243; border_radii=&#8220;on|25px|25px|25px|25px&#8220; border_width_all=&#8220;1px&#8220; border_color_all=&#8220;#A55BA6&#8243; box_shadow_style=&#8220;preset2&#8243; disabled=&#8220;on&#8220; global_colors_info=&#8220;{}&#8220;]<\/p>\n<h1>Autres textes de Meggie Beck<\/h1>\n<p>[\/et_pb_text][et_pb_text disabled_on=&#8220;off|off|off&#8220; _builder_version=&#8220;4.17.4&#8243; _module_preset=&#8220;default&#8220; text_font_size=&#8220;1rem&#8220; text_line_height=&#8220;1.6em&#8220; header_font=&#8220;|700|||||||&#8220; header_text_align=&#8220;center&#8220; header_font_size=&#8220;0.8rem&#8220; header_4_text_align=&#8220;center&#8220; header_4_font_size=&#8220;14px&#8220; background_color=&#8220;#f2e3ef&#8220; background_size=&#8220;initial&#8220; background_position=&#8220;top_left&#8220; background_repeat=&#8220;repeat&#8220; custom_margin=&#8220;||1vh||false|false&#8220; custom_padding=&#8220;1vh||||false|false&#8220; header_text_shadow_style=&#8220;preset2&#8243; border_radii=&#8220;on|25px|25px|25px|25px&#8220; border_width_all=&#8220;1px&#8220; border_color_all=&#8220;#A55BA6&#8243; box_shadow_style=&#8220;preset2&#8243; global_colors_info=&#8220;{}&#8220;]<\/p>\n<h1>Mehr Texte von Meggie Beck<\/h1>\n<p>[\/et_pb_text][et_pb_blog include_categories=&#8220;275&#8243; show_author=&#8220;off&#8220; show_date=&#8220;off&#8220; show_categories=&#8220;off&#8220; show_pagination=&#8220;off&#8220; module_class=&#8220;csfhog_blog01&#8243; _builder_version=&#8220;4.16&#8243; _module_preset=&#8220;default&#8220; header_font=&#8220;|700|||||||&#8220; header_font_size=&#8220;13px&#8220; body_font_size=&#8220;12px&#8220; body_line_height=&#8220;1em&#8220; meta_text_color=&#8220;#FFFFFF&#8220; read_more_font_size=&#8220;1px&#8220; read_more_line_height=&#8220;1em&#8220; background_color=&#8220;#f2e3ef&#8220; custom_padding=&#8220;2vh||2vh||false|false&#8220; custom_css_main_element=&#8220;border-width:2px;||border-radius:25px;||border-color : #a55ba6;||||||&#8220; custom_css_title=&#8220;margin-bottom:0px;&#8220; custom_css_content=&#8220;padding :5px;||min-height : 3vh!important;||margin-bottom : -12px!important;||&#8220; custom_css_featured_image=&#8220;width : 50px!important;||margin-right : 10px!important;||margin-bottom : 7px!important;||margin-top : 5px;||margin-left : 5px;||&#8220; border_width_all_fullwidth=&#8220;1px&#8220; border_color_all_fullwidth=&#8220;#A55BA6&#8243; box_shadow_style=&#8220;preset4&#8243; global_colors_info=&#8220;{}&#8220;][\/et_pb_blog][\/et_pb_column][\/et_pb_row][\/et_pb_section]<\/p>\n","protected":false},"excerpt":{"rendered":"<p>Der Vergleich der manchmal so andersartigen Kulturen, die unsere Wurzeln mitbringen, ist ein Abenteuer voller \u00dcberraschungen. Ein neuer Text von Meggie ohne Tabus, aber mit viel Humor.<\/p>\n","protected":false},"author":249,"featured_media":22476,"comment_status":"closed","ping_status":"closed","sticky":false,"template":"","format":"standard","meta":{"_et_pb_use_builder":"on","_et_pb_old_content":"","_et_gb_content_width":"","footnotes":""},"categories":[199,276,209,222],"tags":[],"class_list":["post-22534","post","type-post","status-publish","format-standard","has-post-thumbnail","hentry","category-dokumente-de","category-meggie-de","category-mitgliedertexte","category-temoins-de"],"yoast_head":"<!-- This site is optimized with the Yoast SEO plugin v27.5 - https:\/\/yoast.com\/product\/yoast-seo-wordpress\/ -->\n<title>Seltsame Eigenheiten der Franzosen - CSF - HOG<\/title>\n<meta name=\"description\" content=\"%\" \/>\n<meta name=\"robots\" content=\"index, follow, max-snippet:-1, max-image-preview:large, max-video-preview:-1\" \/>\n<link rel=\"canonical\" href=\"https:\/\/www.coeurssansfrontieres.com\/de\/dokumente-de\/seltsame-eigenheiten-der-franzosen\/\" \/>\n<meta property=\"og:locale\" content=\"de_DE\" \/>\n<meta property=\"og:type\" content=\"article\" \/>\n<meta property=\"og:title\" content=\"Seltsame Eigenheiten der Franzosen - CSF - HOG\" \/>\n<meta property=\"og:description\" content=\"%\" \/>\n<meta property=\"og:url\" content=\"https:\/\/www.coeurssansfrontieres.com\/de\/dokumente-de\/seltsame-eigenheiten-der-franzosen\/\" \/>\n<meta property=\"og:site_name\" content=\"CSF - HOG\" \/>\n<meta property=\"article:published_time\" content=\"2022-06-25T13:55:56+00:00\" \/>\n<meta property=\"article:modified_time\" content=\"2022-07-05T13:23:56+00:00\" \/>\n<meta property=\"og:image\" content=\"https:\/\/www.coeurssansfrontieres.com\/wp-content\/uploads\/2022\/06\/Vignettte-Meggie-bretagne.jpg\" \/>\n\t<meta property=\"og:image:width\" content=\"200\" \/>\n\t<meta property=\"og:image:height\" content=\"200\" \/>\n\t<meta property=\"og:image:type\" content=\"image\/jpeg\" \/>\n<meta name=\"author\" content=\"GOFFIN Alexandre\" \/>\n<meta name=\"twitter:card\" content=\"summary_large_image\" \/>\n<meta name=\"twitter:label1\" content=\"Verfasst von\" \/>\n\t<meta name=\"twitter:data1\" content=\"GOFFIN Alexandre\" \/>\n\t<meta name=\"twitter:label2\" content=\"Gesch\u00e4tzte Lesezeit\" \/>\n\t<meta name=\"twitter:data2\" content=\"8\u00a0Minuten\" \/>\n<script type=\"application\/ld+json\" class=\"yoast-schema-graph\">{\"@context\":\"https:\\\/\\\/schema.org\",\"@graph\":[{\"@type\":\"Article\",\"@id\":\"https:\\\/\\\/www.coeurssansfrontieres.com\\\/de\\\/dokumente-de\\\/seltsame-eigenheiten-der-franzosen\\\/#article\",\"isPartOf\":{\"@id\":\"https:\\\/\\\/www.coeurssansfrontieres.com\\\/de\\\/dokumente-de\\\/seltsame-eigenheiten-der-franzosen\\\/\"},\"author\":{\"name\":\"GOFFIN Alexandre\",\"@id\":\"https:\\\/\\\/www.coeurssansfrontieres.com\\\/fr\\\/#\\\/schema\\\/person\\\/19507754554eb5218427fc31038cac56\"},\"headline\":\"Seltsame Eigenheiten der Franzosen\",\"datePublished\":\"2022-06-25T13:55:56+00:00\",\"dateModified\":\"2022-07-05T13:23:56+00:00\",\"mainEntityOfPage\":{\"@id\":\"https:\\\/\\\/www.coeurssansfrontieres.com\\\/de\\\/dokumente-de\\\/seltsame-eigenheiten-der-franzosen\\\/\"},\"wordCount\":2936,\"image\":{\"@id\":\"https:\\\/\\\/www.coeurssansfrontieres.com\\\/de\\\/dokumente-de\\\/seltsame-eigenheiten-der-franzosen\\\/#primaryimage\"},\"thumbnailUrl\":\"https:\\\/\\\/www.coeurssansfrontieres.com\\\/wp-content\\\/uploads\\\/2022\\\/06\\\/Vignettte-Meggie-bretagne.jpg\",\"articleSection\":[\"Dokumente\",\"Meggie\",\"Mitgliedertexte\",\"Zeugen\"],\"inLanguage\":\"de\"},{\"@type\":\"WebPage\",\"@id\":\"https:\\\/\\\/www.coeurssansfrontieres.com\\\/de\\\/dokumente-de\\\/seltsame-eigenheiten-der-franzosen\\\/\",\"url\":\"https:\\\/\\\/www.coeurssansfrontieres.com\\\/de\\\/dokumente-de\\\/seltsame-eigenheiten-der-franzosen\\\/\",\"name\":\"Seltsame Eigenheiten der Franzosen - CSF - HOG\",\"isPartOf\":{\"@id\":\"https:\\\/\\\/www.coeurssansfrontieres.com\\\/fr\\\/#website\"},\"primaryImageOfPage\":{\"@id\":\"https:\\\/\\\/www.coeurssansfrontieres.com\\\/de\\\/dokumente-de\\\/seltsame-eigenheiten-der-franzosen\\\/#primaryimage\"},\"image\":{\"@id\":\"https:\\\/\\\/www.coeurssansfrontieres.com\\\/de\\\/dokumente-de\\\/seltsame-eigenheiten-der-franzosen\\\/#primaryimage\"},\"thumbnailUrl\":\"https:\\\/\\\/www.coeurssansfrontieres.com\\\/wp-content\\\/uploads\\\/2022\\\/06\\\/Vignettte-Meggie-bretagne.jpg\",\"datePublished\":\"2022-06-25T13:55:56+00:00\",\"dateModified\":\"2022-07-05T13:23:56+00:00\",\"author\":{\"@id\":\"https:\\\/\\\/www.coeurssansfrontieres.com\\\/fr\\\/#\\\/schema\\\/person\\\/19507754554eb5218427fc31038cac56\"},\"description\":\"%\",\"breadcrumb\":{\"@id\":\"https:\\\/\\\/www.coeurssansfrontieres.com\\\/de\\\/dokumente-de\\\/seltsame-eigenheiten-der-franzosen\\\/#breadcrumb\"},\"inLanguage\":\"de\",\"potentialAction\":[{\"@type\":\"ReadAction\",\"target\":[\"https:\\\/\\\/www.coeurssansfrontieres.com\\\/de\\\/dokumente-de\\\/seltsame-eigenheiten-der-franzosen\\\/\"]}]},{\"@type\":\"ImageObject\",\"inLanguage\":\"de\",\"@id\":\"https:\\\/\\\/www.coeurssansfrontieres.com\\\/de\\\/dokumente-de\\\/seltsame-eigenheiten-der-franzosen\\\/#primaryimage\",\"url\":\"https:\\\/\\\/www.coeurssansfrontieres.com\\\/wp-content\\\/uploads\\\/2022\\\/06\\\/Vignettte-Meggie-bretagne.jpg\",\"contentUrl\":\"https:\\\/\\\/www.coeurssansfrontieres.com\\\/wp-content\\\/uploads\\\/2022\\\/06\\\/Vignettte-Meggie-bretagne.jpg\",\"width\":200,\"height\":200},{\"@type\":\"BreadcrumbList\",\"@id\":\"https:\\\/\\\/www.coeurssansfrontieres.com\\\/de\\\/dokumente-de\\\/seltsame-eigenheiten-der-franzosen\\\/#breadcrumb\",\"itemListElement\":[{\"@type\":\"ListItem\",\"position\":1,\"name\":\"Accueil\",\"item\":\"https:\\\/\\\/www.coeurssansfrontieres.com\\\/de\\\/\"},{\"@type\":\"ListItem\",\"position\":2,\"name\":\"Seltsame Eigenheiten der Franzosen\"}]},{\"@type\":\"WebSite\",\"@id\":\"https:\\\/\\\/www.coeurssansfrontieres.com\\\/fr\\\/#website\",\"url\":\"https:\\\/\\\/www.coeurssansfrontieres.com\\\/fr\\\/\",\"name\":\"C\u0153urs sans fronti\u00e8res\",\"description\":\"Association franco-allemande des Enfants de la Seconde Guerre Mondiale\",\"potentialAction\":[{\"@type\":\"SearchAction\",\"target\":{\"@type\":\"EntryPoint\",\"urlTemplate\":\"https:\\\/\\\/www.coeurssansfrontieres.com\\\/fr\\\/?s={search_term_string}\"},\"query-input\":{\"@type\":\"PropertyValueSpecification\",\"valueRequired\":true,\"valueName\":\"search_term_string\"}}],\"inLanguage\":\"de\"},{\"@type\":\"Person\",\"@id\":\"https:\\\/\\\/www.coeurssansfrontieres.com\\\/fr\\\/#\\\/schema\\\/person\\\/19507754554eb5218427fc31038cac56\",\"name\":\"GOFFIN Alexandre\"}]}<\/script>\n<!-- \/ Yoast SEO plugin. -->","yoast_head_json":{"title":"Seltsame Eigenheiten der Franzosen - CSF - HOG","description":"%","robots":{"index":"index","follow":"follow","max-snippet":"max-snippet:-1","max-image-preview":"max-image-preview:large","max-video-preview":"max-video-preview:-1"},"canonical":"https:\/\/www.coeurssansfrontieres.com\/de\/dokumente-de\/seltsame-eigenheiten-der-franzosen\/","og_locale":"de_DE","og_type":"article","og_title":"Seltsame Eigenheiten der Franzosen - CSF - HOG","og_description":"%","og_url":"https:\/\/www.coeurssansfrontieres.com\/de\/dokumente-de\/seltsame-eigenheiten-der-franzosen\/","og_site_name":"CSF - HOG","article_published_time":"2022-06-25T13:55:56+00:00","article_modified_time":"2022-07-05T13:23:56+00:00","og_image":[{"width":200,"height":200,"url":"https:\/\/www.coeurssansfrontieres.com\/wp-content\/uploads\/2022\/06\/Vignettte-Meggie-bretagne.jpg","type":"image\/jpeg"}],"author":"GOFFIN Alexandre","twitter_card":"summary_large_image","twitter_misc":{"Verfasst von":"GOFFIN Alexandre","Gesch\u00e4tzte Lesezeit":"8\u00a0Minuten"},"schema":{"@context":"https:\/\/schema.org","@graph":[{"@type":"Article","@id":"https:\/\/www.coeurssansfrontieres.com\/de\/dokumente-de\/seltsame-eigenheiten-der-franzosen\/#article","isPartOf":{"@id":"https:\/\/www.coeurssansfrontieres.com\/de\/dokumente-de\/seltsame-eigenheiten-der-franzosen\/"},"author":{"name":"GOFFIN Alexandre","@id":"https:\/\/www.coeurssansfrontieres.com\/fr\/#\/schema\/person\/19507754554eb5218427fc31038cac56"},"headline":"Seltsame Eigenheiten der Franzosen","datePublished":"2022-06-25T13:55:56+00:00","dateModified":"2022-07-05T13:23:56+00:00","mainEntityOfPage":{"@id":"https:\/\/www.coeurssansfrontieres.com\/de\/dokumente-de\/seltsame-eigenheiten-der-franzosen\/"},"wordCount":2936,"image":{"@id":"https:\/\/www.coeurssansfrontieres.com\/de\/dokumente-de\/seltsame-eigenheiten-der-franzosen\/#primaryimage"},"thumbnailUrl":"https:\/\/www.coeurssansfrontieres.com\/wp-content\/uploads\/2022\/06\/Vignettte-Meggie-bretagne.jpg","articleSection":["Dokumente","Meggie","Mitgliedertexte","Zeugen"],"inLanguage":"de"},{"@type":"WebPage","@id":"https:\/\/www.coeurssansfrontieres.com\/de\/dokumente-de\/seltsame-eigenheiten-der-franzosen\/","url":"https:\/\/www.coeurssansfrontieres.com\/de\/dokumente-de\/seltsame-eigenheiten-der-franzosen\/","name":"Seltsame Eigenheiten der Franzosen - CSF - HOG","isPartOf":{"@id":"https:\/\/www.coeurssansfrontieres.com\/fr\/#website"},"primaryImageOfPage":{"@id":"https:\/\/www.coeurssansfrontieres.com\/de\/dokumente-de\/seltsame-eigenheiten-der-franzosen\/#primaryimage"},"image":{"@id":"https:\/\/www.coeurssansfrontieres.com\/de\/dokumente-de\/seltsame-eigenheiten-der-franzosen\/#primaryimage"},"thumbnailUrl":"https:\/\/www.coeurssansfrontieres.com\/wp-content\/uploads\/2022\/06\/Vignettte-Meggie-bretagne.jpg","datePublished":"2022-06-25T13:55:56+00:00","dateModified":"2022-07-05T13:23:56+00:00","author":{"@id":"https:\/\/www.coeurssansfrontieres.com\/fr\/#\/schema\/person\/19507754554eb5218427fc31038cac56"},"description":"%","breadcrumb":{"@id":"https:\/\/www.coeurssansfrontieres.com\/de\/dokumente-de\/seltsame-eigenheiten-der-franzosen\/#breadcrumb"},"inLanguage":"de","potentialAction":[{"@type":"ReadAction","target":["https:\/\/www.coeurssansfrontieres.com\/de\/dokumente-de\/seltsame-eigenheiten-der-franzosen\/"]}]},{"@type":"ImageObject","inLanguage":"de","@id":"https:\/\/www.coeurssansfrontieres.com\/de\/dokumente-de\/seltsame-eigenheiten-der-franzosen\/#primaryimage","url":"https:\/\/www.coeurssansfrontieres.com\/wp-content\/uploads\/2022\/06\/Vignettte-Meggie-bretagne.jpg","contentUrl":"https:\/\/www.coeurssansfrontieres.com\/wp-content\/uploads\/2022\/06\/Vignettte-Meggie-bretagne.jpg","width":200,"height":200},{"@type":"BreadcrumbList","@id":"https:\/\/www.coeurssansfrontieres.com\/de\/dokumente-de\/seltsame-eigenheiten-der-franzosen\/#breadcrumb","itemListElement":[{"@type":"ListItem","position":1,"name":"Accueil","item":"https:\/\/www.coeurssansfrontieres.com\/de\/"},{"@type":"ListItem","position":2,"name":"Seltsame Eigenheiten der Franzosen"}]},{"@type":"WebSite","@id":"https:\/\/www.coeurssansfrontieres.com\/fr\/#website","url":"https:\/\/www.coeurssansfrontieres.com\/fr\/","name":"C\u0153urs sans fronti\u00e8res","description":"Association franco-allemande des Enfants de la Seconde Guerre Mondiale","potentialAction":[{"@type":"SearchAction","target":{"@type":"EntryPoint","urlTemplate":"https:\/\/www.coeurssansfrontieres.com\/fr\/?s={search_term_string}"},"query-input":{"@type":"PropertyValueSpecification","valueRequired":true,"valueName":"search_term_string"}}],"inLanguage":"de"},{"@type":"Person","@id":"https:\/\/www.coeurssansfrontieres.com\/fr\/#\/schema\/person\/19507754554eb5218427fc31038cac56","name":"GOFFIN Alexandre"}]}},"_links":{"self":[{"href":"https:\/\/www.coeurssansfrontieres.com\/de\/wp-json\/wp\/v2\/posts\/22534","targetHints":{"allow":["GET"]}}],"collection":[{"href":"https:\/\/www.coeurssansfrontieres.com\/de\/wp-json\/wp\/v2\/posts"}],"about":[{"href":"https:\/\/www.coeurssansfrontieres.com\/de\/wp-json\/wp\/v2\/types\/post"}],"author":[{"embeddable":true,"href":"https:\/\/www.coeurssansfrontieres.com\/de\/wp-json\/wp\/v2\/users\/249"}],"replies":[{"embeddable":true,"href":"https:\/\/www.coeurssansfrontieres.com\/de\/wp-json\/wp\/v2\/comments?post=22534"}],"version-history":[{"count":14,"href":"https:\/\/www.coeurssansfrontieres.com\/de\/wp-json\/wp\/v2\/posts\/22534\/revisions"}],"predecessor-version":[{"id":22663,"href":"https:\/\/www.coeurssansfrontieres.com\/de\/wp-json\/wp\/v2\/posts\/22534\/revisions\/22663"}],"wp:featuredmedia":[{"embeddable":true,"href":"https:\/\/www.coeurssansfrontieres.com\/de\/wp-json\/wp\/v2\/media\/22476"}],"wp:attachment":[{"href":"https:\/\/www.coeurssansfrontieres.com\/de\/wp-json\/wp\/v2\/media?parent=22534"}],"wp:term":[{"taxonomy":"category","embeddable":true,"href":"https:\/\/www.coeurssansfrontieres.com\/de\/wp-json\/wp\/v2\/categories?post=22534"},{"taxonomy":"post_tag","embeddable":true,"href":"https:\/\/www.coeurssansfrontieres.com\/de\/wp-json\/wp\/v2\/tags?post=22534"}],"curies":[{"name":"wp","href":"https:\/\/api.w.org\/{rel}","templated":true}]}}