{"id":22582,"date":"2022-06-25T16:36:38","date_gmt":"2022-06-25T14:36:38","guid":{"rendered":"https:\/\/www.coeurssansfrontieres.com\/kategorientechniken\/unkategorisiert\/rencontre-regionale-dile-de-france\/"},"modified":"2022-07-05T15:27:00","modified_gmt":"2022-07-05T13:27:00","slug":"rencontre-regionale-dile-de-france","status":"publish","type":"post","link":"https:\/\/www.coeurssansfrontieres.com\/de\/vereinsleben\/rencontre-regionale-dile-de-france\/","title":{"rendered":"Regionaltreffen Ile-de-France"},"content":{"rendered":"<p>[et_pb_section fb_built=&#8220;1&#8243; admin_label=&#8220;section&#8220; _builder_version=&#8220;4.17.4&#8243; background_color=&#8220;#ffffff&#8220; width=&#8220;100%&#8220; max_width=&#8220;100%&#8220; custom_margin=&#8220;-150px||||false|false&#8220; transparent_background=&#8220;off&#8220; padding_mobile=&#8220;off&#8220; make_fullwidth=&#8220;off&#8220; use_custom_width=&#8220;off&#8220; width_unit=&#8220;on&#8220; global_colors_info=&#8220;{}&#8220;][et_pb_row column_structure=&#8220;1_4,1_2,1_4&#8243; disabled_on=&#8220;off|off|off&#8220; _builder_version=&#8220;4.16&#8243; width=&#8220;100%&#8220; max_width=&#8220;100%&#8220; global_colors_info=&#8220;{}&#8220;][et_pb_column type=&#8220;1_4&#8243; _builder_version=&#8220;4.16&#8243; custom_padding=&#8220;|||3vw|false|false&#8220; global_colors_info=&#8220;{}&#8220;][et_pb_image src=&#8220;https:\/\/www.coeurssansfrontieres.com\/wp-content\/uploads\/2022\/06\/Tir-image.jpg&#8220; title_text=&#8220;Tir image&#8220; show_in_lightbox=&#8220;on&#8220; use_overlay=&#8220;on&#8220; overlay_icon_color=&#8220;#ffffff&#8220; hover_overlay_color=&#8220;rgba(217,140,199,0.44)&#8220; hover_icon=&#8220;&#x55;||divi||400&#8243; show_bottom_space=&#8220;off&#8220; align=&#8220;center&#8220; align_tablet=&#8220;center&#8220; align_phone=&#8220;&#8220; align_last_edited=&#8220;on|desktop&#8220; disabled_on=&#8220;||off&#8220; admin_label=&#8220;Image&#8220; _builder_version=&#8220;4.17.4&#8243; width=&#8220;200px&#8220; max_width=&#8220;200px&#8220; module_alignment=&#8220;center&#8220; custom_margin=&#8220;||||false|false&#8220; box_shadow_style=&#8220;preset2&#8243; sticky=&#8220;on&#8220; use_border_color=&#8220;off&#8220; border_color=&#8220;#ffffff&#8220; border_style=&#8220;solid&#8220; always_center_on_mobile=&#8220;on&#8220; saved_tabs=&#8220;all&#8220; locked=&#8220;off&#8220; global_colors_info=&#8220;{}&#8220;]\u00a0 [\/et_pb_image][et_pb_button button_url=&#8220;https:\/\/www.coeurssansfrontieres.com\/fr\/accueil201805-2\/accueil-new\/recherches2017-b\/recherches-en-cours\/&#8220; button_text=&#8220;RETOUR AU BLOG DES RECHERCHES EN COURS&#8220; button_alignment=&#8220;center&#8220; disabled_on=&#8220;on|on|on&#8220; admin_label=&#8220;Bouton retour&#8220; _builder_version=&#8220;4.16&#8243; custom_button=&#8220;on&#8220; button_text_size=&#8220;12px&#8220; button_text_color=&#8220;#ffffff&#8220; button_bg_color=&#8220;#a55ba6&#8243; button_border_width=&#8220;1px&#8220; button_border_color=&#8220;#ffffff&#8220; button_border_radius=&#8220;25px&#8220; button_font=&#8220;|||||on|||&#8220; button_icon=&#8220;&#x4a;||divi||400&#8243; button_icon_color=&#8220;#ffffff&#8220; button_on_hover=&#8220;off&#8220; background_layout=&#8220;dark&#8220; custom_margin=&#8220;1vh||0px||false|false&#8220; button_text_shadow_style=&#8220;preset1&#8243; box_shadow_style=&#8220;preset4&#8243; box_shadow_horizontal=&#8220;3px&#8220; box_shadow_vertical=&#8220;3px&#8220; box_shadow_blur=&#8220;3px&#8220; box_shadow_spread=&#8220;3px&#8220; disabled=&#8220;on&#8220; locked=&#8220;off&#8220; global_colors_info=&#8220;{}&#8220;][\/et_pb_button][et_pb_button button_url=&#8220;https:\/\/www.coeurssansfrontieres.com\/de\/startseite201805\/startseite-neue\/recherche2017\/laufende-recherchen\/&#8220; button_text=&#8220;ZUR\u00dcCK ZUM BLOG \u00dcBER DIE LAUFENDE RECHERCHE&#8220; button_alignment=&#8220;center&#8220; disabled_on=&#8220;on|on|on&#8220; admin_label=&#8220;DE ZUR\u00dcCK LAUFENDE RECHERCHE&#8220; _builder_version=&#8220;4.16&#8243; custom_button=&#8220;on&#8220; button_text_size=&#8220;12px&#8220; button_text_color=&#8220;#ffffff&#8220; button_bg_color=&#8220;#a55ba6&#8243; button_border_width=&#8220;1px&#8220; button_border_color=&#8220;#ffffff&#8220; button_border_radius=&#8220;25px&#8220; button_font=&#8220;|||||on|||&#8220; button_icon=&#8220;&#x4a;||divi||400&#8243; button_icon_color=&#8220;#ffffff&#8220; button_on_hover=&#8220;off&#8220; background_layout=&#8220;dark&#8220; custom_margin=&#8220;1vh||0px||false|false&#8220; button_text_shadow_style=&#8220;preset1&#8243; box_shadow_style=&#8220;preset4&#8243; box_shadow_horizontal=&#8220;3px&#8220; box_shadow_vertical=&#8220;3px&#8220; box_shadow_blur=&#8220;3px&#8220; box_shadow_spread=&#8220;3px&#8220; disabled=&#8220;on&#8220; locked=&#8220;off&#8220; global_colors_info=&#8220;{}&#8220;][\/et_pb_button][\/et_pb_column][et_pb_column type=&#8220;1_2&#8243; _builder_version=&#8220;4.16&#8243; global_colors_info=&#8220;{}&#8220;][et_pb_post_title meta=&#8220;off&#8220; featured_image=&#8220;off&#8220; admin_label=&#8220;Titre du poste&#8220; _builder_version=&#8220;4.17.4&#8243; title_font=&#8220;|700|||||||&#8220; title_text_align=&#8220;center&#8220; title_text_color=&#8220;#a55ba6&#8243; title_font_size=&#8220;40px&#8220; background_color=&#8220;rgba(255,255,255,0)&#8220; parallax=&#8220;on&#8220; parallax_method=&#8220;off&#8220; text_orientation=&#8220;center&#8220; custom_margin=&#8220;4vh||0px||false|false&#8220; title_text_shadow_style=&#8220;preset5&#8243; text_shadow_style=&#8220;preset5&#8243; use_border_color=&#8220;off&#8220; border_color=&#8220;#ffffff&#8220; border_style=&#8220;solid&#8220; parallax_effect=&#8220;on&#8220; module_bg_color=&#8220;rgba(255,255,255,0)&#8220; global_colors_info=&#8220;{}&#8220;]\u00a0 [\/et_pb_post_title][et_pb_text disabled_on=&#8220;off|off|off&#8220; _builder_version=&#8220;4.17.4&#8243; _module_preset=&#8220;default&#8220; header_font=&#8220;|700|||||||&#8220; header_text_align=&#8220;center&#8220; header_text_color=&#8220;#A55BA6&#8243; header_font_size=&#8220;40px&#8220; custom_margin=&#8220;2vh||||false|false&#8220; header_text_shadow_style=&#8220;preset5&#8243; global_colors_info=&#8220;{}&#8220;]<\/p>\n<h1>Mercredi 15 juin 2022, \u00e0 Hardricourt<\/h1>\n<p>[\/et_pb_text][\/et_pb_column][et_pb_column type=&#8220;1_4&#8243; _builder_version=&#8220;4.16&#8243; custom_padding=&#8220;|3vw|||false|false&#8220; global_colors_info=&#8220;{}&#8220;][et_pb_image src=&#8220;https:\/\/www.coeurssansfrontieres.com\/wp-content\/uploads\/2017\/09\/Recherches-en-cours-OMBRE.png&#8220; show_bottom_space=&#8220;off&#8220; align=&#8220;center&#8220; align_tablet=&#8220;center&#8220; align_phone=&#8220;&#8220; align_last_edited=&#8220;on|desktop&#8220; admin_label=&#8220;Image recherches en cours&#8220; _builder_version=&#8220;4.16&#8243; max_width=&#8220;50px&#8220; custom_css_main_element=&#8220;margin : auto;&#8220; sticky=&#8220;on&#8220; use_border_color=&#8220;off&#8220; border_color=&#8220;#ffffff&#8220; border_style=&#8220;solid&#8220; always_center_on_mobile=&#8220;on&#8220; global_colors_info=&#8220;{}&#8220;]\u00a0 [\/et_pb_image][et_pb_search exclude_pages=&#8220;on&#8220; include_categories=&#8220;183,236,212,227,180,214,162,170,202,231,229,208,1,161,168,210,154,66,163,22,13,255,253,251,159,158&#8243; placeholder=&#8220; ?&#8220; button_color=&#8220;#a61abf&#8220; admin_label=&#8220;Chercher&#8220; _builder_version=&#8220;4.16&#8243; form_field_background_color=&#8220;#E5C3DF&#8220; form_field_focus_background_color=&#8220;#e5c3df&#8220; button_font=&#8220;|on|||&#8220; button_text_color=&#8220;#ffffff&#8220; button_font_size=&#8220;10px&#8220; button_line_height=&#8220;1.5em&#8220; form_field_font=&#8220;|700|||||||&#8220; form_field_text_align=&#8220;center&#8220; form_field_font_size=&#8220;16px&#8220; form_field_line_height=&#8220;0.6em&#8220; background_color=&#8220;#e5c3df&#8220; text_orientation=&#8220;center&#8220; custom_padding=&#8220;0.4em|0.715em|0.4em|0.715em|false|false&#8220; custom_css_main_element=&#8220;box-shadow: 6px 6px 6px #7C7C7C;&#8220; custom_css_input_field=&#8220;font-weight: bold !important;||&#8220; button_text_shadow_style=&#8220;preset5&#8243; border_radii=&#8220;on|25px|25px|25px|25px&#8220; border_color_all=&#8220;#a55ba6&#8243; text_shadow_style=&#8220;preset5&#8243; hide_button=&#8220;off&#8220; input_font_size=&#8220;11&#8243; input_line_height=&#8220;2em&#8220; locked=&#8220;off&#8220; global_colors_info=&#8220;{}&#8220; button_text_size__hover_enabled=&#8220;off&#8220; button_one_text_size__hover_enabled=&#8220;off&#8220; button_two_text_size__hover_enabled=&#8220;off&#8220; button_text_color__hover_enabled=&#8220;off&#8220; button_one_text_color__hover_enabled=&#8220;off&#8220; button_two_text_color__hover_enabled=&#8220;off&#8220; button_border_width__hover_enabled=&#8220;off&#8220; button_one_border_width__hover_enabled=&#8220;off&#8220; button_two_border_width__hover_enabled=&#8220;off&#8220; button_border_color__hover_enabled=&#8220;off&#8220; button_one_border_color__hover_enabled=&#8220;off&#8220; button_two_border_color__hover_enabled=&#8220;off&#8220; button_border_radius__hover_enabled=&#8220;off&#8220; button_one_border_radius__hover_enabled=&#8220;off&#8220; button_two_border_radius__hover_enabled=&#8220;off&#8220; button_letter_spacing__hover_enabled=&#8220;off&#8220; button_one_letter_spacing__hover_enabled=&#8220;off&#8220; button_two_letter_spacing__hover_enabled=&#8220;off&#8220; button_bg_color__hover_enabled=&#8220;off&#8220; button_one_bg_color__hover_enabled=&#8220;off&#8220; button_two_bg_color__hover_enabled=&#8220;off&#8220;]\u00a0 [\/et_pb_search][\/et_pb_column][\/et_pb_row][et_pb_row column_structure=&#8220;2_5,3_5&#8243; use_custom_gutter=&#8220;on&#8220; _builder_version=&#8220;4.17.4&#8243; _module_preset=&#8220;default&#8220; width=&#8220;100%&#8220; max_width=&#8220;90%&#8220; module_alignment=&#8220;center&#8220; custom_margin=&#8220;||||false|false&#8220; global_colors_info=&#8220;{}&#8220;][et_pb_column type=&#8220;2_5&#8243; _builder_version=&#8220;4.17.4&#8243; _module_preset=&#8220;default&#8220; global_colors_info=&#8220;{}&#8220;][et_pb_image src=&#8220;https:\/\/www.coeurssansfrontieres.com\/wp-content\/uploads\/2022\/06\/IMG_9838.jpg&#8220; title_text=&#8220;IMG_9838&#8243; show_in_lightbox=&#8220;on&#8220; align=&#8220;center&#8220; _builder_version=&#8220;4.17.4&#8243; _module_preset=&#8220;default&#8220; global_colors_info=&#8220;{}&#8220;][\/et_pb_image][et_pb_image src=&#8220;https:\/\/www.coeurssansfrontieres.com\/wp-content\/uploads\/2022\/06\/IMG_3779.jpeg&#8220; title_text=&#8220;IMG_3779&#8243; show_in_lightbox=&#8220;on&#8220; align=&#8220;center&#8220; _builder_version=&#8220;4.17.4&#8243; _module_preset=&#8220;default&#8220; global_colors_info=&#8220;{}&#8220;][\/et_pb_image][et_pb_text _builder_version=&#8220;4.17.4&#8243; _module_preset=&#8220;default&#8220; text_font=&#8220;|700|||||||&#8220; text_text_color=&#8220;#A55BA6&#8243; text_font_size=&#8220;12px&#8220; text_orientation=&#8220;center&#8220; global_colors_info=&#8220;{}&#8220;][\/et_pb_text][\/et_pb_column][et_pb_column type=&#8220;3_5&#8243; _builder_version=&#8220;4.17.4&#8243; _module_preset=&#8220;default&#8220; global_colors_info=&#8220;{}&#8220;][et_pb_text admin_label=&#8220;Texte&#8220; _builder_version=&#8220;4.17.4&#8243; text_font_size=&#8220;20px&#8220; text_line_height=&#8220;1.5em&#8220; background_size=&#8220;initial&#8220; background_position=&#8220;top_left&#8220; background_repeat=&#8220;repeat&#8220; custom_margin=&#8220;||||false|false&#8220; custom_padding=&#8220;||||false|false&#8220; use_border_color=&#8220;off&#8220; border_color=&#8220;#ffffff&#8220; border_style=&#8220;solid&#8220; locked=&#8220;off&#8220; global_colors_info=&#8220;{}&#8220;]<\/p>\n<p style=\"line-height: 16.8pt; background: white; margin: 0cm 0cm 10.5pt 0cm;\">La r\u00e9union r\u00e9gionale des adh\u00e9rents d\u2019Ile-de-France, organis\u00e9e par Claudine Spire, d\u00e9l\u00e9gu\u00e9e r\u00e9gionale de la r\u00e9gion, s\u2019est tenue le 15 juin 2022. Denise et L\u00e9o ont accueilli g\u00e9n\u00e9reusement les participants dans leur Club de Tir \u00e0 l\u2019Arc d\u2019Hardricourt.<\/p>\n<p style=\"line-height: 16.8pt; background: white; margin: 0cm 0cm 10.5pt 0cm;\">Douze adh\u00e9rents \u00e9taient pr\u00e9sents et nous avons regrett\u00e9 ceux qui n\u2019ont pu se joindre \u00e0 nous, pour des raisons de sant\u00e9, des obligations professionnelles ou tout simplement \u00e0 cause d&#8217;un trajet trop long \u2026<br \/>N\u00e9anmoins, nous avons d\u00e9marr\u00e9 la rencontre autour d\u2019un petit d\u00e9jeuner pr\u00e9par\u00e9 par Denise.<\/p>\n<p style=\"line-height: 16.8pt; background: white; margin: 0cm 0cm 10.5pt 0cm;\">Petit d\u00e9jeuner qui a \u00e9t\u00e9 suivi de pr\u00e8s par l\u2019ap\u00e9ro, avant d&#8217;aller d\u00e9guster un agr\u00e9able repas dans un restaurant du village.<br \/>Chacun semblait heureux de reprendre les bonnes habitudes et de retrouver les amis apr\u00e8s cette longue pause impos\u00e9e par le Covid \u2026<\/p>\n<p style=\"line-height: 16.8pt; background: white; margin: 0cm 0cm 10.5pt 0cm;\">Les \u00e9changes se sont poursuivis l\u2019apr\u00e8s-midi \u00e0 l\u2019ombre des grands arbres et tout pr\u00e8s de la petite rivi\u00e8re qui longe l&#8217;endroit.<\/p>\n<p style=\"line-height: 16.8pt; background: white; margin: 0cm 0cm 10.5pt 0cm;\">\u00c0 17h, nous avons quitt\u00e9 ce lieu convivial ainsi que nos h\u00f4tes, non moins conviviaux, pour regagner nos p\u00e9nates respectives.<br \/>En se faisant la promesse de se retrouver l\u2019ann\u00e9e prochaine.<br \/>Et m\u00eame \u00e0 Colmar, avant cela !<\/p>\n<p style=\"line-height: 16.8pt; background: white; margin: 0cm 0cm 10.5pt 0cm;\">Bien amicalement,<br \/>Claudine SPIRE<\/p>\n<p>[\/et_pb_text][\/et_pb_column][\/et_pb_row][\/et_pb_section]<\/p>\n","protected":false},"excerpt":{"rendered":"<p>Das Treffen fand am 15. Juni 2022 statt, wurde von Claudine Spire, der Regionaldelegierten der Region, organisiert und war bei Denise und Leo in ihrem Bogenschie\u00dfklub in Hardricourt, wo wir herzlich empfangen wurden.<\/p>\n","protected":false},"author":249,"featured_media":22555,"comment_status":"closed","ping_status":"closed","sticky":false,"template":"","format":"standard","meta":{"_et_pb_use_builder":"on","_et_pb_old_content":"","_et_gb_content_width":"","footnotes":""},"categories":[155,14],"tags":[],"class_list":["post-22582","post","type-post","status-publish","format-standard","has-post-thumbnail","hentry","category-regionaltreffen","category-vereinsleben"],"yoast_head":"<!-- This site is optimized with the Yoast SEO plugin v27.5 - https:\/\/yoast.com\/product\/yoast-seo-wordpress\/ -->\n<title>Regionaltreffen Ile-de-France - CSF - HOG<\/title>\n<meta name=\"description\" content=\"%\" \/>\n<meta name=\"robots\" content=\"index, follow, max-snippet:-1, max-image-preview:large, max-video-preview:-1\" \/>\n<link rel=\"canonical\" href=\"https:\/\/www.coeurssansfrontieres.com\/de\/vereinsleben\/rencontre-regionale-dile-de-france\/\" \/>\n<meta property=\"og:locale\" content=\"de_DE\" \/>\n<meta property=\"og:type\" content=\"article\" \/>\n<meta property=\"og:title\" content=\"Regionaltreffen Ile-de-France - CSF - HOG\" \/>\n<meta property=\"og:description\" content=\"%\" \/>\n<meta property=\"og:url\" content=\"https:\/\/www.coeurssansfrontieres.com\/de\/vereinsleben\/rencontre-regionale-dile-de-france\/\" \/>\n<meta property=\"og:site_name\" content=\"CSF - HOG\" \/>\n<meta property=\"article:published_time\" content=\"2022-06-25T14:36:38+00:00\" \/>\n<meta property=\"article:modified_time\" content=\"2022-07-05T13:27:00+00:00\" \/>\n<meta property=\"og:image\" content=\"https:\/\/www.coeurssansfrontieres.com\/wp-content\/uploads\/2022\/06\/Tir-vignette.jpg\" \/>\n\t<meta property=\"og:image:width\" content=\"200\" \/>\n\t<meta property=\"og:image:height\" content=\"200\" \/>\n\t<meta property=\"og:image:type\" content=\"image\/jpeg\" \/>\n<meta name=\"author\" content=\"GOFFIN Alexandre\" \/>\n<meta name=\"twitter:card\" content=\"summary_large_image\" \/>\n<meta name=\"twitter:label1\" content=\"Verfasst von\" \/>\n\t<meta name=\"twitter:data1\" content=\"GOFFIN Alexandre\" \/>\n\t<meta name=\"twitter:label2\" content=\"Gesch\u00e4tzte Lesezeit\" \/>\n\t<meta name=\"twitter:data2\" content=\"3\u00a0Minuten\" \/>\n<script type=\"application\/ld+json\" class=\"yoast-schema-graph\">{\"@context\":\"https:\\\/\\\/schema.org\",\"@graph\":[{\"@type\":\"Article\",\"@id\":\"https:\\\/\\\/www.coeurssansfrontieres.com\\\/de\\\/vereinsleben\\\/rencontre-regionale-dile-de-france\\\/#article\",\"isPartOf\":{\"@id\":\"https:\\\/\\\/www.coeurssansfrontieres.com\\\/de\\\/vereinsleben\\\/rencontre-regionale-dile-de-france\\\/\"},\"author\":{\"name\":\"GOFFIN Alexandre\",\"@id\":\"https:\\\/\\\/www.coeurssansfrontieres.com\\\/fr\\\/#\\\/schema\\\/person\\\/19507754554eb5218427fc31038cac56\"},\"headline\":\"Regionaltreffen Ile-de-France\",\"datePublished\":\"2022-06-25T14:36:38+00:00\",\"dateModified\":\"2022-07-05T13:27:00+00:00\",\"mainEntityOfPage\":{\"@id\":\"https:\\\/\\\/www.coeurssansfrontieres.com\\\/de\\\/vereinsleben\\\/rencontre-regionale-dile-de-france\\\/\"},\"wordCount\":1374,\"image\":{\"@id\":\"https:\\\/\\\/www.coeurssansfrontieres.com\\\/de\\\/vereinsleben\\\/rencontre-regionale-dile-de-france\\\/#primaryimage\"},\"thumbnailUrl\":\"https:\\\/\\\/www.coeurssansfrontieres.com\\\/wp-content\\\/uploads\\\/2022\\\/06\\\/Tir-vignette.jpg\",\"articleSection\":[\"Regionaltreffen\",\"Vereinsleben\"],\"inLanguage\":\"de\"},{\"@type\":\"WebPage\",\"@id\":\"https:\\\/\\\/www.coeurssansfrontieres.com\\\/de\\\/vereinsleben\\\/rencontre-regionale-dile-de-france\\\/\",\"url\":\"https:\\\/\\\/www.coeurssansfrontieres.com\\\/de\\\/vereinsleben\\\/rencontre-regionale-dile-de-france\\\/\",\"name\":\"Regionaltreffen Ile-de-France - CSF - HOG\",\"isPartOf\":{\"@id\":\"https:\\\/\\\/www.coeurssansfrontieres.com\\\/fr\\\/#website\"},\"primaryImageOfPage\":{\"@id\":\"https:\\\/\\\/www.coeurssansfrontieres.com\\\/de\\\/vereinsleben\\\/rencontre-regionale-dile-de-france\\\/#primaryimage\"},\"image\":{\"@id\":\"https:\\\/\\\/www.coeurssansfrontieres.com\\\/de\\\/vereinsleben\\\/rencontre-regionale-dile-de-france\\\/#primaryimage\"},\"thumbnailUrl\":\"https:\\\/\\\/www.coeurssansfrontieres.com\\\/wp-content\\\/uploads\\\/2022\\\/06\\\/Tir-vignette.jpg\",\"datePublished\":\"2022-06-25T14:36:38+00:00\",\"dateModified\":\"2022-07-05T13:27:00+00:00\",\"author\":{\"@id\":\"https:\\\/\\\/www.coeurssansfrontieres.com\\\/fr\\\/#\\\/schema\\\/person\\\/19507754554eb5218427fc31038cac56\"},\"description\":\"%\",\"breadcrumb\":{\"@id\":\"https:\\\/\\\/www.coeurssansfrontieres.com\\\/de\\\/vereinsleben\\\/rencontre-regionale-dile-de-france\\\/#breadcrumb\"},\"inLanguage\":\"de\",\"potentialAction\":[{\"@type\":\"ReadAction\",\"target\":[\"https:\\\/\\\/www.coeurssansfrontieres.com\\\/de\\\/vereinsleben\\\/rencontre-regionale-dile-de-france\\\/\"]}]},{\"@type\":\"ImageObject\",\"inLanguage\":\"de\",\"@id\":\"https:\\\/\\\/www.coeurssansfrontieres.com\\\/de\\\/vereinsleben\\\/rencontre-regionale-dile-de-france\\\/#primaryimage\",\"url\":\"https:\\\/\\\/www.coeurssansfrontieres.com\\\/wp-content\\\/uploads\\\/2022\\\/06\\\/Tir-vignette.jpg\",\"contentUrl\":\"https:\\\/\\\/www.coeurssansfrontieres.com\\\/wp-content\\\/uploads\\\/2022\\\/06\\\/Tir-vignette.jpg\",\"width\":200,\"height\":200},{\"@type\":\"BreadcrumbList\",\"@id\":\"https:\\\/\\\/www.coeurssansfrontieres.com\\\/de\\\/vereinsleben\\\/rencontre-regionale-dile-de-france\\\/#breadcrumb\",\"itemListElement\":[{\"@type\":\"ListItem\",\"position\":1,\"name\":\"Accueil\",\"item\":\"https:\\\/\\\/www.coeurssansfrontieres.com\\\/de\\\/\"},{\"@type\":\"ListItem\",\"position\":2,\"name\":\"Regionaltreffen Ile-de-France\"}]},{\"@type\":\"WebSite\",\"@id\":\"https:\\\/\\\/www.coeurssansfrontieres.com\\\/fr\\\/#website\",\"url\":\"https:\\\/\\\/www.coeurssansfrontieres.com\\\/fr\\\/\",\"name\":\"C\u0153urs sans fronti\u00e8res\",\"description\":\"Association franco-allemande des Enfants de la Seconde Guerre Mondiale\",\"potentialAction\":[{\"@type\":\"SearchAction\",\"target\":{\"@type\":\"EntryPoint\",\"urlTemplate\":\"https:\\\/\\\/www.coeurssansfrontieres.com\\\/fr\\\/?s={search_term_string}\"},\"query-input\":{\"@type\":\"PropertyValueSpecification\",\"valueRequired\":true,\"valueName\":\"search_term_string\"}}],\"inLanguage\":\"de\"},{\"@type\":\"Person\",\"@id\":\"https:\\\/\\\/www.coeurssansfrontieres.com\\\/fr\\\/#\\\/schema\\\/person\\\/19507754554eb5218427fc31038cac56\",\"name\":\"GOFFIN Alexandre\"}]}<\/script>\n<!-- \/ Yoast SEO plugin. -->","yoast_head_json":{"title":"Regionaltreffen Ile-de-France - CSF - HOG","description":"%","robots":{"index":"index","follow":"follow","max-snippet":"max-snippet:-1","max-image-preview":"max-image-preview:large","max-video-preview":"max-video-preview:-1"},"canonical":"https:\/\/www.coeurssansfrontieres.com\/de\/vereinsleben\/rencontre-regionale-dile-de-france\/","og_locale":"de_DE","og_type":"article","og_title":"Regionaltreffen Ile-de-France - CSF - HOG","og_description":"%","og_url":"https:\/\/www.coeurssansfrontieres.com\/de\/vereinsleben\/rencontre-regionale-dile-de-france\/","og_site_name":"CSF - HOG","article_published_time":"2022-06-25T14:36:38+00:00","article_modified_time":"2022-07-05T13:27:00+00:00","og_image":[{"width":200,"height":200,"url":"https:\/\/www.coeurssansfrontieres.com\/wp-content\/uploads\/2022\/06\/Tir-vignette.jpg","type":"image\/jpeg"}],"author":"GOFFIN Alexandre","twitter_card":"summary_large_image","twitter_misc":{"Verfasst von":"GOFFIN Alexandre","Gesch\u00e4tzte Lesezeit":"3\u00a0Minuten"},"schema":{"@context":"https:\/\/schema.org","@graph":[{"@type":"Article","@id":"https:\/\/www.coeurssansfrontieres.com\/de\/vereinsleben\/rencontre-regionale-dile-de-france\/#article","isPartOf":{"@id":"https:\/\/www.coeurssansfrontieres.com\/de\/vereinsleben\/rencontre-regionale-dile-de-france\/"},"author":{"name":"GOFFIN Alexandre","@id":"https:\/\/www.coeurssansfrontieres.com\/fr\/#\/schema\/person\/19507754554eb5218427fc31038cac56"},"headline":"Regionaltreffen Ile-de-France","datePublished":"2022-06-25T14:36:38+00:00","dateModified":"2022-07-05T13:27:00+00:00","mainEntityOfPage":{"@id":"https:\/\/www.coeurssansfrontieres.com\/de\/vereinsleben\/rencontre-regionale-dile-de-france\/"},"wordCount":1374,"image":{"@id":"https:\/\/www.coeurssansfrontieres.com\/de\/vereinsleben\/rencontre-regionale-dile-de-france\/#primaryimage"},"thumbnailUrl":"https:\/\/www.coeurssansfrontieres.com\/wp-content\/uploads\/2022\/06\/Tir-vignette.jpg","articleSection":["Regionaltreffen","Vereinsleben"],"inLanguage":"de"},{"@type":"WebPage","@id":"https:\/\/www.coeurssansfrontieres.com\/de\/vereinsleben\/rencontre-regionale-dile-de-france\/","url":"https:\/\/www.coeurssansfrontieres.com\/de\/vereinsleben\/rencontre-regionale-dile-de-france\/","name":"Regionaltreffen Ile-de-France - CSF - HOG","isPartOf":{"@id":"https:\/\/www.coeurssansfrontieres.com\/fr\/#website"},"primaryImageOfPage":{"@id":"https:\/\/www.coeurssansfrontieres.com\/de\/vereinsleben\/rencontre-regionale-dile-de-france\/#primaryimage"},"image":{"@id":"https:\/\/www.coeurssansfrontieres.com\/de\/vereinsleben\/rencontre-regionale-dile-de-france\/#primaryimage"},"thumbnailUrl":"https:\/\/www.coeurssansfrontieres.com\/wp-content\/uploads\/2022\/06\/Tir-vignette.jpg","datePublished":"2022-06-25T14:36:38+00:00","dateModified":"2022-07-05T13:27:00+00:00","author":{"@id":"https:\/\/www.coeurssansfrontieres.com\/fr\/#\/schema\/person\/19507754554eb5218427fc31038cac56"},"description":"%","breadcrumb":{"@id":"https:\/\/www.coeurssansfrontieres.com\/de\/vereinsleben\/rencontre-regionale-dile-de-france\/#breadcrumb"},"inLanguage":"de","potentialAction":[{"@type":"ReadAction","target":["https:\/\/www.coeurssansfrontieres.com\/de\/vereinsleben\/rencontre-regionale-dile-de-france\/"]}]},{"@type":"ImageObject","inLanguage":"de","@id":"https:\/\/www.coeurssansfrontieres.com\/de\/vereinsleben\/rencontre-regionale-dile-de-france\/#primaryimage","url":"https:\/\/www.coeurssansfrontieres.com\/wp-content\/uploads\/2022\/06\/Tir-vignette.jpg","contentUrl":"https:\/\/www.coeurssansfrontieres.com\/wp-content\/uploads\/2022\/06\/Tir-vignette.jpg","width":200,"height":200},{"@type":"BreadcrumbList","@id":"https:\/\/www.coeurssansfrontieres.com\/de\/vereinsleben\/rencontre-regionale-dile-de-france\/#breadcrumb","itemListElement":[{"@type":"ListItem","position":1,"name":"Accueil","item":"https:\/\/www.coeurssansfrontieres.com\/de\/"},{"@type":"ListItem","position":2,"name":"Regionaltreffen Ile-de-France"}]},{"@type":"WebSite","@id":"https:\/\/www.coeurssansfrontieres.com\/fr\/#website","url":"https:\/\/www.coeurssansfrontieres.com\/fr\/","name":"C\u0153urs sans fronti\u00e8res","description":"Association franco-allemande des Enfants de la Seconde Guerre Mondiale","potentialAction":[{"@type":"SearchAction","target":{"@type":"EntryPoint","urlTemplate":"https:\/\/www.coeurssansfrontieres.com\/fr\/?s={search_term_string}"},"query-input":{"@type":"PropertyValueSpecification","valueRequired":true,"valueName":"search_term_string"}}],"inLanguage":"de"},{"@type":"Person","@id":"https:\/\/www.coeurssansfrontieres.com\/fr\/#\/schema\/person\/19507754554eb5218427fc31038cac56","name":"GOFFIN Alexandre"}]}},"_links":{"self":[{"href":"https:\/\/www.coeurssansfrontieres.com\/de\/wp-json\/wp\/v2\/posts\/22582","targetHints":{"allow":["GET"]}}],"collection":[{"href":"https:\/\/www.coeurssansfrontieres.com\/de\/wp-json\/wp\/v2\/posts"}],"about":[{"href":"https:\/\/www.coeurssansfrontieres.com\/de\/wp-json\/wp\/v2\/types\/post"}],"author":[{"embeddable":true,"href":"https:\/\/www.coeurssansfrontieres.com\/de\/wp-json\/wp\/v2\/users\/249"}],"replies":[{"embeddable":true,"href":"https:\/\/www.coeurssansfrontieres.com\/de\/wp-json\/wp\/v2\/comments?post=22582"}],"version-history":[{"count":7,"href":"https:\/\/www.coeurssansfrontieres.com\/de\/wp-json\/wp\/v2\/posts\/22582\/revisions"}],"predecessor-version":[{"id":22665,"href":"https:\/\/www.coeurssansfrontieres.com\/de\/wp-json\/wp\/v2\/posts\/22582\/revisions\/22665"}],"wp:featuredmedia":[{"embeddable":true,"href":"https:\/\/www.coeurssansfrontieres.com\/de\/wp-json\/wp\/v2\/media\/22555"}],"wp:attachment":[{"href":"https:\/\/www.coeurssansfrontieres.com\/de\/wp-json\/wp\/v2\/media?parent=22582"}],"wp:term":[{"taxonomy":"category","embeddable":true,"href":"https:\/\/www.coeurssansfrontieres.com\/de\/wp-json\/wp\/v2\/categories?post=22582"},{"taxonomy":"post_tag","embeddable":true,"href":"https:\/\/www.coeurssansfrontieres.com\/de\/wp-json\/wp\/v2\/tags?post=22582"}],"curies":[{"name":"wp","href":"https:\/\/api.w.org\/{rel}","templated":true}]}}