{"id":24762,"date":"2023-06-09T11:24:42","date_gmt":"2023-06-09T09:24:42","guid":{"rendered":"https:\/\/www.coeurssansfrontieres.com\/kategorientechniken\/unkategorisiert\/n-871-jule-frechon\/"},"modified":"2023-10-05T16:46:00","modified_gmt":"2023-10-05T14:46:00","slug":"n-871-jule-frechon","status":"publish","type":"post","link":"https:\/\/www.coeurssansfrontieres.com\/de\/recherche\/n-871-jule-frechon\/","title":{"rendered":"N\u00b0 871 Jules FRECHON"},"content":{"rendered":"<p>[et_pb_section fb_built=&#8220;1&#8243; custom_padding_last_edited=&#8220;on|desktop&#8220; admin_label=&#8220;section&#8220; _builder_version=&#8220;4.16&#8243; background_color=&#8220;#ffffff&#8220; width=&#8220;100%&#8220; max_width=&#8220;100%&#8220; custom_margin=&#8220;-150px||||false|false&#8220; custom_padding_tablet=&#8220;50px|0|50px|0&#8243; custom_padding_phone=&#8220;&#8220; transparent_background=&#8220;off&#8220; padding_mobile=&#8220;off&#8220; make_fullwidth=&#8220;off&#8220; use_custom_width=&#8220;off&#8220; width_unit=&#8220;on&#8220; global_colors_info=&#8220;{}&#8220;][et_pb_row column_structure=&#8220;1_4,1_2,1_4&#8243; _builder_version=&#8220;4.16&#8243; width=&#8220;100%&#8220; max_width=&#8220;100%&#8220; global_colors_info=&#8220;{}&#8220;][et_pb_column type=&#8220;1_4&#8243; _builder_version=&#8220;4.16&#8243; custom_padding=&#8220;|||3vw|false|false&#8220; global_colors_info=&#8220;{}&#8220;][et_pb_button button_url=&#8220;https:\/\/www.coeurssansfrontieres.com\/fr\/accueil201805-2\/accueil-new\/recherches2017-b\/recherches-en-cours\/&#8220; button_text=&#8220;RETOUR AU BLOG DES RECHERCHES EN COURS&#8220; button_alignment=&#8220;center&#8220; disabled_on=&#8220;off|off|off&#8220; admin_label=&#8220;Bouton retour&#8220; _builder_version=&#8220;4.16&#8243; custom_button=&#8220;on&#8220; button_text_size=&#8220;12px&#8220; button_text_color=&#8220;#ffffff&#8220; button_bg_color=&#8220;#a55ba6&#8243; button_border_width=&#8220;1px&#8220; button_border_color=&#8220;#ffffff&#8220; button_border_radius=&#8220;25px&#8220; button_font=&#8220;|||||on|||&#8220; button_icon=&#8220;&#x4a;||divi||400&#8243; button_icon_color=&#8220;#ffffff&#8220; button_on_hover=&#8220;off&#8220; background_layout=&#8220;dark&#8220; custom_margin=&#8220;1vh||0px||false|false&#8220; button_text_shadow_style=&#8220;preset1&#8243; box_shadow_style=&#8220;preset4&#8243; box_shadow_horizontal=&#8220;3px&#8220; box_shadow_vertical=&#8220;3px&#8220; box_shadow_blur=&#8220;3px&#8220; box_shadow_spread=&#8220;3px&#8220; locked=&#8220;off&#8220; global_colors_info=&#8220;{}&#8220;][\/et_pb_button][et_pb_button button_url=&#8220;https:\/\/www.coeurssansfrontieres.com\/de\/startseite201805\/startseite-neue\/recherche2017\/laufende-recherchen\/&#8220; button_text=&#8220;ZUR\u00dcCK ZUM BLOG \u00dcBER DIE LAUFENDE RECHERCHE&#8220; button_alignment=&#8220;center&#8220; disabled_on=&#8220;on|on|on&#8220; admin_label=&#8220;DE ZUR\u00dcCK LAUFENDE RECHERCHE&#8220; _builder_version=&#8220;4.16&#8243; custom_button=&#8220;on&#8220; button_text_size=&#8220;12px&#8220; button_text_color=&#8220;#ffffff&#8220; button_bg_color=&#8220;#a55ba6&#8243; button_border_width=&#8220;1px&#8220; button_border_color=&#8220;#ffffff&#8220; button_border_radius=&#8220;25px&#8220; button_font=&#8220;|||||on|||&#8220; button_icon=&#8220;&#x4a;||divi||400&#8243; button_icon_color=&#8220;#ffffff&#8220; button_on_hover=&#8220;off&#8220; background_layout=&#8220;dark&#8220; custom_margin=&#8220;1vh||0px||false|false&#8220; button_text_shadow_style=&#8220;preset1&#8243; box_shadow_style=&#8220;preset4&#8243; box_shadow_horizontal=&#8220;3px&#8220; box_shadow_vertical=&#8220;3px&#8220; box_shadow_blur=&#8220;3px&#8220; box_shadow_spread=&#8220;3px&#8220; disabled=&#8220;on&#8220; locked=&#8220;off&#8220; global_colors_info=&#8220;{}&#8220;][\/et_pb_button][et_pb_button button_url=&#8220;https:\/\/www.coeurssansfrontieres.com\/de\/le-quentrec-chantal\/&#8220; button_text=&#8220;KONTAKTIEREN SIE HIER DEN VERANTWORTLICHEN DIESER SUCHE&#8220; button_alignment=&#8220;center&#8220; disabled_on=&#8220;on|on|on&#8220; admin_label=&#8220;DE Recherche LeQuentrec 2020&#8243; _builder_version=&#8220;4.21.0&#8243; custom_button=&#8220;on&#8220; button_text_size=&#8220;12px&#8220; button_text_color=&#8220;#ffffff&#8220; button_bg_color=&#8220;#a55ba6&#8243; button_border_width=&#8220;1px&#8220; button_border_color=&#8220;#ffffff&#8220; button_border_radius=&#8220;25px&#8220; button_font=&#8220;|||||on|||&#8220; button_icon=&#8220;&#xe010;||divi||400&#8243; button_icon_color=&#8220;#ffffff&#8220; button_on_hover=&#8220;off&#8220; background_layout=&#8220;dark&#8220; custom_margin=&#8220;2vh||0px||false|false&#8220; button_text_shadow_style=&#8220;preset1&#8243; box_shadow_style=&#8220;preset4&#8243; box_shadow_horizontal=&#8220;3px&#8220; box_shadow_vertical=&#8220;3px&#8220; box_shadow_blur=&#8220;3px&#8220; box_shadow_spread=&#8220;3px&#8220; disabled=&#8220;on&#8220; locked=&#8220;off&#8220; global_colors_info=&#8220;{}&#8220;][\/et_pb_button][et_pb_button button_url=&#8220;https:\/\/www.coeurssansfrontieres.com\/de\/le-quentrec-chantal\/&#8220; button_text=&#8220;CONTACTER LES GESTIONNAIRES DE LA RECHERCHE&#8220; button_alignment=&#8220;center&#8220; disabled_on=&#8220;off|off|off&#8220; admin_label=&#8220;2020FR Contact Roume&#8220; _builder_version=&#8220;4.21.0&#8243; custom_button=&#8220;on&#8220; button_text_size=&#8220;12px&#8220; button_text_color=&#8220;#ffffff&#8220; button_bg_color=&#8220;#a55ba6&#8243; button_border_width=&#8220;1px&#8220; button_border_color=&#8220;#ffffff&#8220; button_border_radius=&#8220;25px&#8220; button_font=&#8220;|||||on|||&#8220; button_icon=&#8220;&#xe010;||divi||400&#8243; button_icon_color=&#8220;#ffffff&#8220; button_on_hover=&#8220;off&#8220; background_layout=&#8220;dark&#8220; custom_margin=&#8220;2vh||0px||false|false&#8220; button_text_shadow_style=&#8220;preset1&#8243; box_shadow_style=&#8220;preset4&#8243; box_shadow_horizontal=&#8220;3px&#8220; box_shadow_vertical=&#8220;3px&#8220; box_shadow_blur=&#8220;3px&#8220; box_shadow_spread=&#8220;3px&#8220; locked=&#8220;off&#8220; global_colors_info=&#8220;{}&#8220;][\/et_pb_button][\/et_pb_column][et_pb_column type=&#8220;1_2&#8243; _builder_version=&#8220;4.16&#8243; global_colors_info=&#8220;{}&#8220;][et_pb_post_title meta=&#8220;off&#8220; featured_image=&#8220;off&#8220; admin_label=&#8220;Titre du poste&#8220; _builder_version=&#8220;4.16&#8243; title_font=&#8220;|700|||||||&#8220; title_text_align=&#8220;center&#8220; title_text_color=&#8220;#a55ba6&#8243; title_font_size=&#8220;40px&#8220; background_color=&#8220;rgba(255,255,255,0)&#8220; parallax=&#8220;on&#8220; parallax_method=&#8220;off&#8220; text_orientation=&#8220;center&#8220; custom_margin=&#8220;4vh||||false|false&#8220; title_text_shadow_style=&#8220;preset5&#8243; text_shadow_style=&#8220;preset5&#8243; parallax_effect=&#8220;on&#8220; module_bg_color=&#8220;rgba(255,255,255,0)&#8220; use_border_color=&#8220;off&#8220; border_color=&#8220;#ffffff&#8220; border_style=&#8220;solid&#8220; global_colors_info=&#8220;{}&#8220;]\u00a0 [\/et_pb_post_title][\/et_pb_column][et_pb_column type=&#8220;1_4&#8243; _builder_version=&#8220;4.16&#8243; custom_padding=&#8220;|3vw|||false|false&#8220; global_colors_info=&#8220;{}&#8220;][et_pb_image src=&#8220;https:\/\/www.coeurssansfrontieres.com\/wp-content\/uploads\/2017\/09\/Recherches-en-cours-OMBRE.png&#8220; show_bottom_space=&#8220;off&#8220; align=&#8220;center&#8220; align_tablet=&#8220;center&#8220; align_phone=&#8220;&#8220; align_last_edited=&#8220;on|desktop&#8220; admin_label=&#8220;Image recherches en cours&#8220; _builder_version=&#8220;4.16&#8243; max_width=&#8220;50px&#8220; custom_css_main_element=&#8220;margin : auto;&#8220; use_border_color=&#8220;off&#8220; border_color=&#8220;#ffffff&#8220; border_style=&#8220;solid&#8220; sticky=&#8220;on&#8220; always_center_on_mobile=&#8220;on&#8220; global_colors_info=&#8220;{}&#8220;]\u00a0 [\/et_pb_image][et_pb_search exclude_pages=&#8220;on&#8220; include_categories=&#8220;183,236,212,227,180,214,162,170,202,231,229,208,1,161,168,210,154,66,163,22,13,255,253,251,159,158&#8243; placeholder=&#8220; ?&#8220; button_color=&#8220;#a61abf&#8220; admin_label=&#8220;Chercher&#8220; _builder_version=&#8220;4.16&#8243; form_field_background_color=&#8220;#E5C3DF&#8220; form_field_focus_background_color=&#8220;#e5c3df&#8220; button_font=&#8220;|on|||&#8220; button_text_color=&#8220;#ffffff&#8220; button_font_size=&#8220;10px&#8220; button_line_height=&#8220;1.5em&#8220; form_field_font=&#8220;|700|||||||&#8220; form_field_text_align=&#8220;center&#8220; form_field_font_size=&#8220;16px&#8220; form_field_line_height=&#8220;0.6em&#8220; background_color=&#8220;#e5c3df&#8220; text_orientation=&#8220;center&#8220; custom_padding=&#8220;0.4em|0.715em|0.4em|0.715em|false|false&#8220; custom_css_main_element=&#8220;box-shadow: 6px 6px 6px #7C7C7C;&#8220; custom_css_input_field=&#8220;font-weight: bold !important;||&#8220; button_text_shadow_style=&#8220;preset5&#8243; border_radii=&#8220;on|25px|25px|25px|25px&#8220; border_color_all=&#8220;#a55ba6&#8243; text_shadow_style=&#8220;preset5&#8243; hide_button=&#8220;off&#8220; input_font_size=&#8220;11&#8243; input_line_height=&#8220;2em&#8220; locked=&#8220;off&#8220; global_colors_info=&#8220;{}&#8220; button_text_size__hover_enabled=&#8220;off&#8220; button_one_text_size__hover_enabled=&#8220;off&#8220; button_two_text_size__hover_enabled=&#8220;off&#8220; button_text_color__hover_enabled=&#8220;off&#8220; button_one_text_color__hover_enabled=&#8220;off&#8220; button_two_text_color__hover_enabled=&#8220;off&#8220; button_border_width__hover_enabled=&#8220;off&#8220; button_one_border_width__hover_enabled=&#8220;off&#8220; button_two_border_width__hover_enabled=&#8220;off&#8220; button_border_color__hover_enabled=&#8220;off&#8220; button_one_border_color__hover_enabled=&#8220;off&#8220; button_two_border_color__hover_enabled=&#8220;off&#8220; button_border_radius__hover_enabled=&#8220;off&#8220; button_one_border_radius__hover_enabled=&#8220;off&#8220; button_two_border_radius__hover_enabled=&#8220;off&#8220; button_letter_spacing__hover_enabled=&#8220;off&#8220; button_one_letter_spacing__hover_enabled=&#8220;off&#8220; button_two_letter_spacing__hover_enabled=&#8220;off&#8220; button_bg_color__hover_enabled=&#8220;off&#8220; button_one_bg_color__hover_enabled=&#8220;off&#8220; button_two_bg_color__hover_enabled=&#8220;off&#8220;]\u00a0 [\/et_pb_search][\/et_pb_column][\/et_pb_row][et_pb_row _builder_version=&#8220;4.16&#8243; _module_preset=&#8220;default&#8220; global_colors_info=&#8220;{}&#8220;][et_pb_column type=&#8220;4_4&#8243; _builder_version=&#8220;4.16&#8243; _module_preset=&#8220;default&#8220; global_colors_info=&#8220;{}&#8220;][et_pb_text disabled_on=&#8220;on|on|on&#8220; admin_label=&#8220;Texte&#8220; _builder_version=&#8220;4.21.0&#8243; text_font_size=&#8220;18px&#8220; text_line_height=&#8220;1.8em&#8220; background_size=&#8220;initial&#8220; background_position=&#8220;top_left&#8220; background_repeat=&#8220;repeat&#8220; custom_margin=&#8220;-3vh|2vh|||false|false&#8220; custom_padding=&#8220;||||false|false&#8220; use_border_color=&#8220;off&#8220; border_color=&#8220;#ffffff&#8220; border_style=&#8220;solid&#8220; disabled=&#8220;on&#8220; global_colors_info=&#8220;{}&#8220;]<\/p>\n<p>\u200b<\/p>\n<p><strong>N\u00b0 871<\/strong><\/p>\n<p>Moi, Alfred Julius Drumm, <strong>n\u00e9 Praschak le 28 janvier 1943 \u00e0 Tr\u00e8ves \/ Moselle, recherche mon p\u00e8re Jules FRECHON\u00a0 <\/strong>(et\/ou ses descendants).<br \/>En 1942, il \u00e9tait un <strong>prisonnier de guerre fran\u00e7ais, utilis\u00e9 par la cave viticole Bollig (Tr\u00e8ves),<\/strong><\/p>\n<p>il a eu une liaison avec <strong>ma m\u00e8re, Katharina Drumm, n\u00e9e Praschak<\/strong> le 19 janvier 1916.<\/p>\n<p>Elle avait un fils, Ludwig, \u00e2g\u00e9 de 4 ans.<\/p>\n<p>Thekla Licht de la cave Bollig rapporte que Jules a visit\u00e9, en 1986, l&#8217;endroit avec sa fille (ma demi-s\u0153ur).<\/p>\n<p>[\/et_pb_text][et_pb_text disabled_on=&#8220;off|off|off&#8220; admin_label=&#8220;Texte&#8220; _builder_version=&#8220;4.21.0&#8243; text_font_size=&#8220;18px&#8220; text_line_height=&#8220;1.8em&#8220; background_size=&#8220;initial&#8220; background_position=&#8220;top_left&#8220; background_repeat=&#8220;repeat&#8220; custom_margin=&#8220;-3vh|2vh|||false|false&#8220; custom_padding=&#8220;||||false|false&#8220; use_border_color=&#8220;off&#8220; border_color=&#8220;#ffffff&#8220; border_style=&#8220;solid&#8220; global_colors_info=&#8220;{}&#8220;]<\/p>\n<p>\u200b<\/p>\n<p><strong>N\u00b0 871<\/strong><\/p>\n<p><strong>Ich,<\/strong> Alfred Julius Drumm, <strong>geborener Praschak.\u00a0 28.01.1943 in Trier \/ Mosel<\/strong> <strong>suche meinen Vater,<\/strong> und\/oder seine Nachkommen, vermutlich\u00a0 <strong>Jules FRECHON<\/strong>.<\/p>\n<p>Als <strong>franzoesischer Kriegsgefangener, 1942 auf dem Weingut Bollig.<\/strong><\/p>\n<p>Hatte er eine Liaison mit meiner Mutter, <strong>Katharina Drumm, geborene Praschak\u00a0 19.01.1916.<\/strong><\/p>\n<p>Sie hatte einen Sohn, Ludwig, 4 Jahre alt.<\/p>\n<p>Thekla Licht vom Weingut Bollig berichtet dass Jules 1986, mit seiner Tochter (meiner Halbschwester) den Ort besucht hat.<\/p>\n<p>[\/et_pb_text][\/et_pb_column][\/et_pb_row][et_pb_row column_structure=&#8220;1_3,2_3&#8243; disabled_on=&#8220;on|on|on&#8220; _builder_version=&#8220;4.16&#8243; width=&#8220;100%&#8220; max_width=&#8220;90%&#8220; module_alignment=&#8220;center&#8220; custom_margin=&#8220;|200px||auto||&#8220; disabled=&#8220;on&#8220; global_colors_info=&#8220;{}&#8220;][et_pb_column type=&#8220;1_3&#8243; _builder_version=&#8220;4.16&#8243; global_colors_info=&#8220;{}&#8220;][et_pb_image src=&#8220;https:\/\/www.coeurssansfrontieres.com\/wp-content\/uploads\/2020\/07\/783-Foto-mein-Vater-Vignette-1.jpg&#8220; alt=&#8220;Louis Bonenfant&#8220; title_text=&#8220;Louis Bonenfant&#8220; show_in_lightbox=&#8220;on&#8220; use_overlay=&#8220;on&#8220; overlay_icon_color=&#8220;#ffffff&#8220; hover_overlay_color=&#8220;rgba(217,140,199,0.44)&#8220; hover_icon=&#8220;&#x55;||divi||400&#8243; show_bottom_space=&#8220;off&#8220; align=&#8220;center&#8220; align_tablet=&#8220;center&#8220; align_phone=&#8220;&#8220; align_last_edited=&#8220;on|desktop&#8220; disabled_on=&#8220;||off&#8220; admin_label=&#8220;Image&#8220; _builder_version=&#8220;4.16&#8243; width=&#8220;300px&#8220; max_width=&#8220;300px&#8220; module_alignment=&#8220;center&#8220; custom_margin=&#8220;||||false|false&#8220; box_shadow_style=&#8220;preset2&#8243; use_border_color=&#8220;off&#8220; border_color=&#8220;#ffffff&#8220; border_style=&#8220;solid&#8220; sticky=&#8220;on&#8220; always_center_on_mobile=&#8220;on&#8220; saved_tabs=&#8220;all&#8220; locked=&#8220;off&#8220; global_colors_info=&#8220;{}&#8220;]\u00a0 [\/et_pb_image][et_pb_text disabled_on=&#8220;off|off|off&#8220; admin_label=&#8220;Texte&#8220; _builder_version=&#8220;4.16&#8243; text_font=&#8220;|on|on||&#8220; text_text_color=&#8220;#d63fea&#8220; text_font_size=&#8220;12px&#8220; text_line_height=&#8220;1.2em&#8220; background_size=&#8220;initial&#8220; background_position=&#8220;top_left&#8220; background_repeat=&#8220;repeat&#8220; text_orientation=&#8220;center&#8220; module_alignment=&#8220;center&#8220; custom_padding=&#8220;1vh|||&#8220; use_border_color=&#8220;off&#8220; border_color=&#8220;#df7fe8&#8243; border_style=&#8220;solid&#8220; global_colors_info=&#8220;{}&#8220;]<\/p>\n<p style=\"text-align: center;\">Mon p\u00e8re Louis Bonenfant<\/p>\n<p>[\/et_pb_text][et_pb_text disabled_on=&#8220;off|off|off&#8220; admin_label=&#8220;Text&#8220; _builder_version=&#8220;4.16&#8243; text_font=&#8220;|on|on||&#8220; text_text_color=&#8220;#d63fea&#8220; text_font_size=&#8220;12px&#8220; text_line_height=&#8220;1.2em&#8220; background_size=&#8220;initial&#8220; background_position=&#8220;top_left&#8220; background_repeat=&#8220;repeat&#8220; text_orientation=&#8220;center&#8220; module_alignment=&#8220;center&#8220; custom_padding=&#8220;1vh|||&#8220; use_border_color=&#8220;off&#8220; border_color=&#8220;#df7fe8&#8243; border_style=&#8220;solid&#8220; disabled=&#8220;on&#8220; global_colors_info=&#8220;{}&#8220;]<\/p>\n<p>Mein Vater Louis Bonenfant<\/p>\n<p>[\/et_pb_text][et_pb_image src=&#8220;https:\/\/www.coeurssansfrontieres.com\/wp-content\/uploads\/2020\/07\/783-Foto-mein-Vater-1-b.jpg&#8220; alt=&#8220;Louis Bonenfant&#8220; title_text=&#8220;783 Foto mein Vater (1) b&#8220; show_in_lightbox=&#8220;on&#8220; use_overlay=&#8220;on&#8220; overlay_icon_color=&#8220;#ffffff&#8220; hover_overlay_color=&#8220;rgba(217,140,199,0.44)&#8220; hover_icon=&#8220;&#x55;||divi||400&#8243; show_bottom_space=&#8220;off&#8220; align=&#8220;center&#8220; align_tablet=&#8220;center&#8220; align_phone=&#8220;&#8220; align_last_edited=&#8220;on|desktop&#8220; disabled_on=&#8220;||off&#8220; admin_label=&#8220;Image&#8220; _builder_version=&#8220;4.16&#8243; width=&#8220;300px&#8220; max_width=&#8220;300px&#8220; module_alignment=&#8220;center&#8220; custom_margin=&#8220;||||false|false&#8220; box_shadow_style=&#8220;preset2&#8243; use_border_color=&#8220;off&#8220; border_color=&#8220;#ffffff&#8220; border_style=&#8220;solid&#8220; sticky=&#8220;on&#8220; always_center_on_mobile=&#8220;on&#8220; saved_tabs=&#8220;all&#8220; locked=&#8220;off&#8220; global_colors_info=&#8220;{}&#8220;]\u00a0 [\/et_pb_image][et_pb_text disabled_on=&#8220;off|off|off&#8220; admin_label=&#8220;Texte&#8220; _builder_version=&#8220;4.16&#8243; text_font=&#8220;|on|on||&#8220; text_text_color=&#8220;#d63fea&#8220; text_font_size=&#8220;12px&#8220; text_line_height=&#8220;1.2em&#8220; background_size=&#8220;initial&#8220; background_position=&#8220;top_left&#8220; background_repeat=&#8220;repeat&#8220; text_orientation=&#8220;center&#8220; module_alignment=&#8220;center&#8220; custom_padding=&#8220;1vh|||&#8220; use_border_color=&#8220;off&#8220; border_color=&#8220;#df7fe8&#8243; border_style=&#8220;solid&#8220; global_colors_info=&#8220;{}&#8220;]<\/p>\n<p style=\"text-align: center;\">Mon p\u00e8re Louis Bonenfant<\/p>\n<p>[\/et_pb_text][et_pb_text disabled_on=&#8220;off|off|off&#8220; admin_label=&#8220;Text&#8220; _builder_version=&#8220;4.16&#8243; text_font=&#8220;|on|on||&#8220; text_text_color=&#8220;#d63fea&#8220; text_font_size=&#8220;12px&#8220; text_line_height=&#8220;1.2em&#8220; background_size=&#8220;initial&#8220; background_position=&#8220;top_left&#8220; background_repeat=&#8220;repeat&#8220; text_orientation=&#8220;center&#8220; module_alignment=&#8220;center&#8220; custom_padding=&#8220;1vh|||&#8220; use_border_color=&#8220;off&#8220; border_color=&#8220;#df7fe8&#8243; border_style=&#8220;solid&#8220; disabled=&#8220;on&#8220; global_colors_info=&#8220;{}&#8220;]<\/p>\n<p>Mein Vater Louis Bonenfant<\/p>\n<p>[\/et_pb_text][\/et_pb_column][et_pb_column type=&#8220;2_3&#8243; _builder_version=&#8220;4.16&#8243; custom_padding=&#8220;|15vh|||false|false&#8220; global_colors_info=&#8220;{}&#8220;][et_pb_text admin_label=&#8220;Texte&#8220; _builder_version=&#8220;4.16&#8243; text_font_size=&#8220;18px&#8220; text_line_height=&#8220;1.8em&#8220; background_size=&#8220;initial&#8220; background_position=&#8220;top_left&#8220; background_repeat=&#8220;repeat&#8220; custom_margin=&#8220;-3vh|2vh|||false|false&#8220; custom_padding=&#8220;||||false|false&#8220; use_border_color=&#8220;off&#8220; border_color=&#8220;#ffffff&#8220; border_style=&#8220;solid&#8220; global_colors_info=&#8220;{}&#8220;]<\/p>\n<p><strong>N\u00b0783<\/strong><\/p>\n<p>Je recherche des proches de mon p\u00e8re biologique <strong>Louis BONENFANT<\/strong>.<\/p>\n<p>Il \u00e9tait un prisonnier de guerre fran\u00e7ais et travaillait \u00e0 la ferme de ma grande tante <strong>Frieda Hentschel<\/strong> dans le quartier <strong>Gro\u00df Gohlau Neumark en Sil\u00e9sie<\/strong> (actuelle Pologne).<\/p>\n<p>De mai 1942 \u00e0 mai 1943, ma m\u00e8re <strong>Ruth HENTSCHEL,<\/strong> a effectu\u00e9 chez sa tante l\u2019ann\u00e9e de travail obligatoire pour les jeunes filles. C\u2019est ainsi qu\u2019elle a connu Louis Bonenfant, je suis <strong>n\u00e9e de cette relation amoureuse le 5 f\u00e9vrier 1944 dans le district de Fellhammer Waldenburg en Sil\u00e9sie<\/strong> (actuelle Pologne).<\/p>\n<p><strong>En septembre 1944, un proc\u00e8s a eu lieu \u00e0 Breslau (aujourd&#8217;hui Wrozlaw) contre mon p\u00e8re<\/strong>. En cons\u00e9quence, il a imm\u00e9diatement d\u00fb partir de la ferme pour une destination inconnue (<strong>\u00e9ventuellement en Thuringe<\/strong>).<\/p>\n<p>Ma m\u00e8re m\u2019a dit, que mon p\u00e8re est <strong>n\u00e9 le 29 avril 1916, pr\u00e8s de Marseille.<\/strong><\/p>\n<p>Je vous remercie \u00e0 l&#8217;avance et serais heureuse de recevoir des messages d&#8217;un membre de la famille (autres enfants, petits-enfants, ni\u00e8ces ou neveux, arri\u00e8re-ni\u00e8ces ou petits-neveux) de mon p\u00e8re, pour savoir s&#8217;il a pu retourner dans son pays d&#8217;origine, la France.<\/p>\n<p>[\/et_pb_text][et_pb_text disabled_on=&#8220;on|on|on&#8220; admin_label=&#8220;Text&#8220; _builder_version=&#8220;4.16&#8243; text_font_size=&#8220;18px&#8220; text_line_height=&#8220;1.8em&#8220; background_size=&#8220;initial&#8220; background_position=&#8220;top_left&#8220; background_repeat=&#8220;repeat&#8220; custom_margin=&#8220;-3vh|2vh|||false|false&#8220; custom_padding=&#8220;||||false|false&#8220; use_border_color=&#8220;off&#8220; border_color=&#8220;#ffffff&#8220; border_style=&#8220;solid&#8220; disabled=&#8220;on&#8220; global_colors_info=&#8220;{}&#8220;]<\/p>\n<p><strong>Nr 783 <\/strong><\/p>\n<p>Ich suche nach Verwandten meines biologischen Vaters <strong>Louis BONENFANT<\/strong>, Franzose.<br \/>Er war franz\u00f6sischer Kriegsgefangener und zur Arbeit auf dem Bauernhof meiner Gro\u00dftante <strong>Frieda Hentschel in Gro\u00df Gohlau<\/strong> <strong>Kreis Neumark in Schlesien\u00a0<\/strong>(jetzt Polen) eingesetzt.<\/p>\n<p>Von Mai 1942 bis Mai 1943 absolvierte meine Mutter, <strong>Ruth Hentschel<\/strong>, bei ihrer Tante das Pflichtjahr. In dieser Zeit lernten sich meine Mutter und Louis Bonenfant kennen und lieben. <strong>Aus dieser Beziehung wurde ich am 05.02.1944 geboren und zwar in Fellhammer Kreis Waldenburg in Schlesien<\/strong> (jetzt Polen).<\/p>\n<p><strong>Im September 1944 kam es in Breslau (jetzt Wrozlaw) \u00a0zu einer Gerichtsverhandlung gegen meinen Vater<\/strong>. Im Ergebnis musste er sofort den Bauernhof unbekannten Ziels verlassen (<strong>evtl. Th\u00fcringen<\/strong>).<\/p>\n<p>Nach Aussagen meiner Mutter wurde mein Vater <strong>am 29.04.1916 in der N\u00e4he von Marseille geboren.<\/strong><\/p>\n<p>Ich danke im voraus und w\u00fcrde mich \u00fcber jede Nachricht eines Angeh\u00f6rigen\u00a0 (weitere Kinder, Enkelkinder, Nichten oder Neffen, Gro\u00dfnichten oder Gro\u00dfneffen) meines Vaters freuen, um auch zu erfahren, ob er wieder in seine Heimat Frankreich zur\u00fcck kehren konnte.<\/p>\n<p>[\/et_pb_text][\/et_pb_column][\/et_pb_row][\/et_pb_section]<\/p>\n","protected":false},"excerpt":{"rendered":"<p>Mein Vater Jules FRECHON war Kriegsgefangener in Trier.<\/p>\n","protected":false},"author":249,"featured_media":11318,"comment_status":"closed","ping_status":"closed","sticky":false,"template":"","format":"standard","meta":{"_et_pb_use_builder":"on","_et_pb_old_content":"","_et_gb_content_width":"","footnotes":""},"categories":[172,174],"tags":[],"class_list":["post-24762","post","type-post","status-publish","format-standard","has-post-thumbnail","hentry","category-recherche","category-recherche-erfolgreiche"],"yoast_head":"<!-- This site is optimized with the Yoast SEO plugin v27.5 - https:\/\/yoast.com\/product\/yoast-seo-wordpress\/ -->\n<title>N\u00b0 871 Jules FRECHON - CSF - HOG<\/title>\n<meta name=\"description\" content=\"%\" \/>\n<meta name=\"robots\" content=\"index, follow, max-snippet:-1, max-image-preview:large, max-video-preview:-1\" \/>\n<link rel=\"canonical\" href=\"https:\/\/www.coeurssansfrontieres.com\/fr\/recherches\/recherches-en-cours\/n-871-jule-frechon\/\" \/>\n<meta property=\"og:locale\" content=\"de_DE\" \/>\n<meta property=\"og:type\" content=\"article\" \/>\n<meta property=\"og:title\" content=\"N\u00b0 871 Jules FRECHON - CSF - HOG\" \/>\n<meta property=\"og:description\" content=\"%\" \/>\n<meta property=\"og:url\" content=\"https:\/\/www.coeurssansfrontieres.com\/fr\/recherches\/recherches-en-cours\/n-871-jule-frechon\/\" \/>\n<meta property=\"og:site_name\" content=\"CSF - HOG\" \/>\n<meta property=\"article:published_time\" content=\"2023-06-09T09:24:42+00:00\" \/>\n<meta property=\"article:modified_time\" content=\"2023-10-05T14:46:00+00:00\" \/>\n<meta property=\"og:image\" content=\"https:\/\/www.coeurssansfrontieres.com\/wp-content\/uploads\/2017\/09\/Recherches-en-cours-OMBRE.png\" \/>\n\t<meta property=\"og:image:width\" content=\"124\" \/>\n\t<meta property=\"og:image:height\" content=\"124\" \/>\n\t<meta property=\"og:image:type\" content=\"image\/png\" \/>\n<meta name=\"author\" content=\"GOFFIN Alexandre\" \/>\n<meta name=\"twitter:card\" content=\"summary_large_image\" \/>\n<meta name=\"twitter:label1\" content=\"Verfasst von\" \/>\n\t<meta name=\"twitter:data1\" content=\"GOFFIN Alexandre\" \/>\n\t<meta name=\"twitter:label2\" content=\"Gesch\u00e4tzte Lesezeit\" \/>\n\t<meta name=\"twitter:data2\" content=\"6\u00a0Minuten\" \/>\n<script type=\"application\/ld+json\" class=\"yoast-schema-graph\">{\"@context\":\"https:\\\/\\\/schema.org\",\"@graph\":[{\"@type\":\"Article\",\"@id\":\"https:\\\/\\\/www.coeurssansfrontieres.com\\\/fr\\\/recherches\\\/recherches-en-cours\\\/n-871-jule-frechon\\\/#article\",\"isPartOf\":{\"@id\":\"https:\\\/\\\/www.coeurssansfrontieres.com\\\/fr\\\/recherches\\\/recherches-en-cours\\\/n-871-jule-frechon\\\/\"},\"author\":{\"name\":\"GOFFIN Alexandre\",\"@id\":\"https:\\\/\\\/www.coeurssansfrontieres.com\\\/fr\\\/#\\\/schema\\\/person\\\/19507754554eb5218427fc31038cac56\"},\"headline\":\"N\u00b0 871 Jules FRECHON\",\"datePublished\":\"2023-06-09T09:24:42+00:00\",\"dateModified\":\"2023-10-05T14:46:00+00:00\",\"mainEntityOfPage\":{\"@id\":\"https:\\\/\\\/www.coeurssansfrontieres.com\\\/fr\\\/recherches\\\/recherches-en-cours\\\/n-871-jule-frechon\\\/\"},\"wordCount\":2372,\"image\":{\"@id\":\"https:\\\/\\\/www.coeurssansfrontieres.com\\\/fr\\\/recherches\\\/recherches-en-cours\\\/n-871-jule-frechon\\\/#primaryimage\"},\"thumbnailUrl\":\"https:\\\/\\\/www.coeurssansfrontieres.com\\\/wp-content\\\/uploads\\\/2017\\\/09\\\/Recherches-en-cours-OMBRE.png\",\"articleSection\":[\"Recherche\",\"RECHERCHE ERFOLGREICHE\"],\"inLanguage\":\"de\"},{\"@type\":\"WebPage\",\"@id\":\"https:\\\/\\\/www.coeurssansfrontieres.com\\\/fr\\\/recherches\\\/recherches-en-cours\\\/n-871-jule-frechon\\\/\",\"url\":\"https:\\\/\\\/www.coeurssansfrontieres.com\\\/fr\\\/recherches\\\/recherches-en-cours\\\/n-871-jule-frechon\\\/\",\"name\":\"N\u00b0 871 Jules FRECHON - CSF - HOG\",\"isPartOf\":{\"@id\":\"https:\\\/\\\/www.coeurssansfrontieres.com\\\/fr\\\/#website\"},\"primaryImageOfPage\":{\"@id\":\"https:\\\/\\\/www.coeurssansfrontieres.com\\\/fr\\\/recherches\\\/recherches-en-cours\\\/n-871-jule-frechon\\\/#primaryimage\"},\"image\":{\"@id\":\"https:\\\/\\\/www.coeurssansfrontieres.com\\\/fr\\\/recherches\\\/recherches-en-cours\\\/n-871-jule-frechon\\\/#primaryimage\"},\"thumbnailUrl\":\"https:\\\/\\\/www.coeurssansfrontieres.com\\\/wp-content\\\/uploads\\\/2017\\\/09\\\/Recherches-en-cours-OMBRE.png\",\"datePublished\":\"2023-06-09T09:24:42+00:00\",\"dateModified\":\"2023-10-05T14:46:00+00:00\",\"author\":{\"@id\":\"https:\\\/\\\/www.coeurssansfrontieres.com\\\/fr\\\/#\\\/schema\\\/person\\\/19507754554eb5218427fc31038cac56\"},\"description\":\"%\",\"breadcrumb\":{\"@id\":\"https:\\\/\\\/www.coeurssansfrontieres.com\\\/fr\\\/recherches\\\/recherches-en-cours\\\/n-871-jule-frechon\\\/#breadcrumb\"},\"inLanguage\":\"de\",\"potentialAction\":[{\"@type\":\"ReadAction\",\"target\":[\"https:\\\/\\\/www.coeurssansfrontieres.com\\\/fr\\\/recherches\\\/recherches-en-cours\\\/n-871-jule-frechon\\\/\"]}]},{\"@type\":\"ImageObject\",\"inLanguage\":\"de\",\"@id\":\"https:\\\/\\\/www.coeurssansfrontieres.com\\\/fr\\\/recherches\\\/recherches-en-cours\\\/n-871-jule-frechon\\\/#primaryimage\",\"url\":\"https:\\\/\\\/www.coeurssansfrontieres.com\\\/wp-content\\\/uploads\\\/2017\\\/09\\\/Recherches-en-cours-OMBRE.png\",\"contentUrl\":\"https:\\\/\\\/www.coeurssansfrontieres.com\\\/wp-content\\\/uploads\\\/2017\\\/09\\\/Recherches-en-cours-OMBRE.png\",\"width\":124,\"height\":124},{\"@type\":\"BreadcrumbList\",\"@id\":\"https:\\\/\\\/www.coeurssansfrontieres.com\\\/fr\\\/recherches\\\/recherches-en-cours\\\/n-871-jule-frechon\\\/#breadcrumb\",\"itemListElement\":[{\"@type\":\"ListItem\",\"position\":1,\"name\":\"Accueil\",\"item\":\"https:\\\/\\\/www.coeurssansfrontieres.com\\\/de\\\/\"},{\"@type\":\"ListItem\",\"position\":2,\"name\":\"N\u00b0 871 Jules FRECHON\"}]},{\"@type\":\"WebSite\",\"@id\":\"https:\\\/\\\/www.coeurssansfrontieres.com\\\/fr\\\/#website\",\"url\":\"https:\\\/\\\/www.coeurssansfrontieres.com\\\/fr\\\/\",\"name\":\"C\u0153urs sans fronti\u00e8res\",\"description\":\"Association franco-allemande des Enfants de la Seconde Guerre Mondiale\",\"potentialAction\":[{\"@type\":\"SearchAction\",\"target\":{\"@type\":\"EntryPoint\",\"urlTemplate\":\"https:\\\/\\\/www.coeurssansfrontieres.com\\\/fr\\\/?s={search_term_string}\"},\"query-input\":{\"@type\":\"PropertyValueSpecification\",\"valueRequired\":true,\"valueName\":\"search_term_string\"}}],\"inLanguage\":\"de\"},{\"@type\":\"Person\",\"@id\":\"https:\\\/\\\/www.coeurssansfrontieres.com\\\/fr\\\/#\\\/schema\\\/person\\\/19507754554eb5218427fc31038cac56\",\"name\":\"GOFFIN Alexandre\"}]}<\/script>\n<!-- \/ Yoast SEO plugin. -->","yoast_head_json":{"title":"N\u00b0 871 Jules FRECHON - CSF - HOG","description":"%","robots":{"index":"index","follow":"follow","max-snippet":"max-snippet:-1","max-image-preview":"max-image-preview:large","max-video-preview":"max-video-preview:-1"},"canonical":"https:\/\/www.coeurssansfrontieres.com\/fr\/recherches\/recherches-en-cours\/n-871-jule-frechon\/","og_locale":"de_DE","og_type":"article","og_title":"N\u00b0 871 Jules FRECHON - CSF - HOG","og_description":"%","og_url":"https:\/\/www.coeurssansfrontieres.com\/fr\/recherches\/recherches-en-cours\/n-871-jule-frechon\/","og_site_name":"CSF - HOG","article_published_time":"2023-06-09T09:24:42+00:00","article_modified_time":"2023-10-05T14:46:00+00:00","og_image":[{"width":124,"height":124,"url":"https:\/\/www.coeurssansfrontieres.com\/wp-content\/uploads\/2017\/09\/Recherches-en-cours-OMBRE.png","type":"image\/png"}],"author":"GOFFIN Alexandre","twitter_card":"summary_large_image","twitter_misc":{"Verfasst von":"GOFFIN Alexandre","Gesch\u00e4tzte Lesezeit":"6\u00a0Minuten"},"schema":{"@context":"https:\/\/schema.org","@graph":[{"@type":"Article","@id":"https:\/\/www.coeurssansfrontieres.com\/fr\/recherches\/recherches-en-cours\/n-871-jule-frechon\/#article","isPartOf":{"@id":"https:\/\/www.coeurssansfrontieres.com\/fr\/recherches\/recherches-en-cours\/n-871-jule-frechon\/"},"author":{"name":"GOFFIN Alexandre","@id":"https:\/\/www.coeurssansfrontieres.com\/fr\/#\/schema\/person\/19507754554eb5218427fc31038cac56"},"headline":"N\u00b0 871 Jules FRECHON","datePublished":"2023-06-09T09:24:42+00:00","dateModified":"2023-10-05T14:46:00+00:00","mainEntityOfPage":{"@id":"https:\/\/www.coeurssansfrontieres.com\/fr\/recherches\/recherches-en-cours\/n-871-jule-frechon\/"},"wordCount":2372,"image":{"@id":"https:\/\/www.coeurssansfrontieres.com\/fr\/recherches\/recherches-en-cours\/n-871-jule-frechon\/#primaryimage"},"thumbnailUrl":"https:\/\/www.coeurssansfrontieres.com\/wp-content\/uploads\/2017\/09\/Recherches-en-cours-OMBRE.png","articleSection":["Recherche","RECHERCHE ERFOLGREICHE"],"inLanguage":"de"},{"@type":"WebPage","@id":"https:\/\/www.coeurssansfrontieres.com\/fr\/recherches\/recherches-en-cours\/n-871-jule-frechon\/","url":"https:\/\/www.coeurssansfrontieres.com\/fr\/recherches\/recherches-en-cours\/n-871-jule-frechon\/","name":"N\u00b0 871 Jules FRECHON - CSF - HOG","isPartOf":{"@id":"https:\/\/www.coeurssansfrontieres.com\/fr\/#website"},"primaryImageOfPage":{"@id":"https:\/\/www.coeurssansfrontieres.com\/fr\/recherches\/recherches-en-cours\/n-871-jule-frechon\/#primaryimage"},"image":{"@id":"https:\/\/www.coeurssansfrontieres.com\/fr\/recherches\/recherches-en-cours\/n-871-jule-frechon\/#primaryimage"},"thumbnailUrl":"https:\/\/www.coeurssansfrontieres.com\/wp-content\/uploads\/2017\/09\/Recherches-en-cours-OMBRE.png","datePublished":"2023-06-09T09:24:42+00:00","dateModified":"2023-10-05T14:46:00+00:00","author":{"@id":"https:\/\/www.coeurssansfrontieres.com\/fr\/#\/schema\/person\/19507754554eb5218427fc31038cac56"},"description":"%","breadcrumb":{"@id":"https:\/\/www.coeurssansfrontieres.com\/fr\/recherches\/recherches-en-cours\/n-871-jule-frechon\/#breadcrumb"},"inLanguage":"de","potentialAction":[{"@type":"ReadAction","target":["https:\/\/www.coeurssansfrontieres.com\/fr\/recherches\/recherches-en-cours\/n-871-jule-frechon\/"]}]},{"@type":"ImageObject","inLanguage":"de","@id":"https:\/\/www.coeurssansfrontieres.com\/fr\/recherches\/recherches-en-cours\/n-871-jule-frechon\/#primaryimage","url":"https:\/\/www.coeurssansfrontieres.com\/wp-content\/uploads\/2017\/09\/Recherches-en-cours-OMBRE.png","contentUrl":"https:\/\/www.coeurssansfrontieres.com\/wp-content\/uploads\/2017\/09\/Recherches-en-cours-OMBRE.png","width":124,"height":124},{"@type":"BreadcrumbList","@id":"https:\/\/www.coeurssansfrontieres.com\/fr\/recherches\/recherches-en-cours\/n-871-jule-frechon\/#breadcrumb","itemListElement":[{"@type":"ListItem","position":1,"name":"Accueil","item":"https:\/\/www.coeurssansfrontieres.com\/de\/"},{"@type":"ListItem","position":2,"name":"N\u00b0 871 Jules FRECHON"}]},{"@type":"WebSite","@id":"https:\/\/www.coeurssansfrontieres.com\/fr\/#website","url":"https:\/\/www.coeurssansfrontieres.com\/fr\/","name":"C\u0153urs sans fronti\u00e8res","description":"Association franco-allemande des Enfants de la Seconde Guerre Mondiale","potentialAction":[{"@type":"SearchAction","target":{"@type":"EntryPoint","urlTemplate":"https:\/\/www.coeurssansfrontieres.com\/fr\/?s={search_term_string}"},"query-input":{"@type":"PropertyValueSpecification","valueRequired":true,"valueName":"search_term_string"}}],"inLanguage":"de"},{"@type":"Person","@id":"https:\/\/www.coeurssansfrontieres.com\/fr\/#\/schema\/person\/19507754554eb5218427fc31038cac56","name":"GOFFIN Alexandre"}]}},"_links":{"self":[{"href":"https:\/\/www.coeurssansfrontieres.com\/de\/wp-json\/wp\/v2\/posts\/24762","targetHints":{"allow":["GET"]}}],"collection":[{"href":"https:\/\/www.coeurssansfrontieres.com\/de\/wp-json\/wp\/v2\/posts"}],"about":[{"href":"https:\/\/www.coeurssansfrontieres.com\/de\/wp-json\/wp\/v2\/types\/post"}],"author":[{"embeddable":true,"href":"https:\/\/www.coeurssansfrontieres.com\/de\/wp-json\/wp\/v2\/users\/249"}],"replies":[{"embeddable":true,"href":"https:\/\/www.coeurssansfrontieres.com\/de\/wp-json\/wp\/v2\/comments?post=24762"}],"version-history":[{"count":6,"href":"https:\/\/www.coeurssansfrontieres.com\/de\/wp-json\/wp\/v2\/posts\/24762\/revisions"}],"predecessor-version":[{"id":25461,"href":"https:\/\/www.coeurssansfrontieres.com\/de\/wp-json\/wp\/v2\/posts\/24762\/revisions\/25461"}],"wp:featuredmedia":[{"embeddable":true,"href":"https:\/\/www.coeurssansfrontieres.com\/de\/wp-json\/wp\/v2\/media\/11318"}],"wp:attachment":[{"href":"https:\/\/www.coeurssansfrontieres.com\/de\/wp-json\/wp\/v2\/media?parent=24762"}],"wp:term":[{"taxonomy":"category","embeddable":true,"href":"https:\/\/www.coeurssansfrontieres.com\/de\/wp-json\/wp\/v2\/categories?post=24762"},{"taxonomy":"post_tag","embeddable":true,"href":"https:\/\/www.coeurssansfrontieres.com\/de\/wp-json\/wp\/v2\/tags?post=24762"}],"curies":[{"name":"wp","href":"https:\/\/api.w.org\/{rel}","templated":true}]}}