{"id":26538,"date":"2024-05-10T18:07:54","date_gmt":"2024-05-10T16:07:54","guid":{"rendered":"https:\/\/www.coeurssansfrontieres.com\/kategorientechniken\/unkategorisiert\/sudest-2024\/"},"modified":"2024-05-10T18:11:04","modified_gmt":"2024-05-10T16:11:04","slug":"sudest-2024","status":"publish","type":"post","link":"https:\/\/www.coeurssansfrontieres.com\/de\/vereinsleben\/sudest-2024\/","title":{"rendered":"SudEst 2024"},"content":{"rendered":"<p>[et_pb_section fb_built=&#8220;1&#8243; admin_label=&#8220;section&#8220; _builder_version=&#8220;4.21.0&#8243; background_color=&#8220;#ffffff&#8220; background_enable_video_mp4=&#8220;off&#8220; width=&#8220;100%&#8220; max_width=&#8220;100%&#8220; custom_margin=&#8220;-200px||||false|false&#8220; transparent_background=&#8220;off&#8220; padding_mobile=&#8220;off&#8220; make_fullwidth=&#8220;off&#8220; use_custom_width=&#8220;off&#8220; width_unit=&#8220;on&#8220; global_colors_info=&#8220;{}&#8220;][et_pb_row _builder_version=&#8220;4.25.0&#8243; _module_preset=&#8220;default&#8220; collapsed=&#8220;on&#8220; global_colors_info=&#8220;{}&#8220;][et_pb_column type=&#8220;4_4&#8243; _builder_version=&#8220;4.21.0&#8243; _module_preset=&#8220;default&#8220; global_colors_info=&#8220;{}&#8220;][et_pb_image src=&#8220;https:\/\/www.coeurssansfrontieres.com\/wp-content\/uploads\/2024\/05\/Jeanne-1.jpg&#8220; title_text=&#8220;Jeanne&#8220; show_in_lightbox=&#8220;on&#8220; align=&#8220;center&#8220; disabled_on=&#8220;off|off|off&#8220; _builder_version=&#8220;4.25.0&#8243; _module_preset=&#8220;default&#8220; module_alignment=&#8220;center&#8220; custom_margin=&#8220;||||false|false&#8220; custom_css_main_element=&#8220;width : 100%!important;||margin-left: auto;||margin-right: auto;&#8220; border_radii=&#8220;on|25px|25px|25px|25px&#8220; box_shadow_style=&#8220;preset4&#8243; global_colors_info=&#8220;{}&#8220;][\/et_pb_image][et_pb_text _builder_version=&#8220;4.25.0&#8243; _module_preset=&#8220;default&#8220; text_font=&#8220;|800|||||||&#8220; text_text_color=&#8220;#f2e3ef&#8220; text_font_size=&#8220;5rem&#8220; text_orientation=&#8220;center&#8220; custom_margin=&#8220;-32vh|19vw|||false|false&#8220; custom_padding=&#8220;||||false|false&#8220; text_text_shadow_style=&#8220;preset5&#8243; global_colors_info=&#8220;{}&#8220;]<\/p>\n<p>SUD EST 2024<\/p>\n<p>[\/et_pb_text][\/et_pb_column][\/et_pb_row][et_pb_row column_structure=&#8220;1_3,1_3,1_3&#8243; _builder_version=&#8220;4.25.1&#8243; _module_preset=&#8220;default&#8220; width=&#8220;95%&#8220; max_width=&#8220;95%&#8220; module_alignment=&#8220;center&#8220; custom_margin=&#8220;25vh||0px||false|false&#8220; custom_padding=&#8220;|0px|0px|0px|false|false&#8220; collapsed=&#8220;on&#8220; global_colors_info=&#8220;{}&#8220;][et_pb_column type=&#8220;1_3&#8243; _builder_version=&#8220;4.21.0&#8243; _module_preset=&#8220;default&#8220; global_colors_info=&#8220;{}&#8220;][et_pb_text _builder_version=&#8220;4.25.1&#8243; _module_preset=&#8220;default&#8220; text_font=&#8220;|600|||||||&#8220; text_font_size=&#8220;0.95rem&#8220; custom_margin=&#8220;3vh||||false|false&#8220; global_colors_info=&#8220;{}&#8220;]<\/p>\n<p>Cette 15<sup>\u00e8me<\/sup> rencontre fut migrante et m\u00e9morielle !<\/p>\n<p><strong>Migrante\u00a0?<\/strong> Car cette ann\u00e9e notre Rencontre, organis\u00e9e par Bernadette, a eu lieu les 24 et 25 avril \u00e0 Saint Chamond ville lig\u00e9rienne num\u00e9ro deux apr\u00e8s Saint Etienne.<br \/>Deux jours de Rencontre chaleureuse, joyeuse et bien vivante au c\u0153ur des monts du Jarez balay\u00e9s par une bise exceptionnellement hivernale plus de trente jours apr\u00e8s le d\u00e9but officiel du printemps\u00a0!<br \/>Quel contraste avec la chaleur habituelle, souvent caniculaire de juin en Dr\u00f4me proven\u00e7ale\u00a0! la programmation des journ\u00e9es \u00e0 Caen est venue bouscul\u00e9e notre agenda annuel\u00a0! Quelle aubaine\u00a0!<\/p>\n<p>[\/et_pb_text][\/et_pb_column][et_pb_column type=&#8220;1_3&#8243; _builder_version=&#8220;4.25.0&#8243; _module_preset=&#8220;default&#8220; custom_padding=&#8220;|0px||0px|false|false&#8220; global_colors_info=&#8220;{}&#8220;][et_pb_image src=&#8220;https:\/\/www.coeurssansfrontieres.com\/wp-content\/uploads\/2024\/05\/20240424_174220-small.jpg&#8220; title_text=&#8220;20240424_174220 small&#8220; show_in_lightbox=&#8220;on&#8220; align=&#8220;center&#8220; disabled_on=&#8220;off|off|off&#8220; _builder_version=&#8220;4.25.0&#8243; _module_preset=&#8220;default&#8220; width=&#8220;95%&#8220; max_width=&#8220;95%&#8220; module_alignment=&#8220;center&#8220; height=&#8220;75%&#8220; custom_margin=&#8220;5vh||||false|false&#8220; custom_css_main_element=&#8220;width : 150%!important;||margin-left: auto;||margin-right: auto;&#8220; border_radii=&#8220;on|25px|25px|25px|25px&#8220; box_shadow_style=&#8220;preset4&#8243; locked=&#8220;off&#8220; global_colors_info=&#8220;{}&#8220;][\/et_pb_image][\/et_pb_column][et_pb_column type=&#8220;1_3&#8243; _builder_version=&#8220;4.21.0&#8243; _module_preset=&#8220;default&#8220; global_colors_info=&#8220;{}&#8220;][et_pb_text disabled_on=&#8220;on|on|on&#8220; _builder_version=&#8220;4.25.0&#8243; _module_preset=&#8220;default&#8220; text_orientation=&#8220;center&#8220; custom_margin=&#8220;0px||0px||false|false&#8220; custom_padding=&#8220;||0px||false|false&#8220; text_text_shadow_style=&#8220;preset5&#8243; disabled=&#8220;on&#8220; locked=&#8220;off&#8220; global_colors_info=&#8220;{}&#8220;]<\/p>\n<p><em><span style=\"color: #fc0505;\">(automatisch mit deepl \u00fcbersetzt ohne Korrekturen)<\/span><\/em><\/p>\n<p>[\/et_pb_text][et_pb_text _builder_version=&#8220;4.25.1&#8243; _module_preset=&#8220;default&#8220; text_font=&#8220;|600|||||||&#8220; text_font_size=&#8220;0.95rem&#8220; global_colors_info=&#8220;{}&#8220;]<\/p>\n<p>Dieses 15. Treffen war anders und denkw\u00fcrdig !<br \/>Anders ? Denn dieses Jahr fand das Treffen, das von Bernadette organisiert wurde, am 24. und 25. April in Saint-Chamond statt, der zweitgr\u00f6\u00dften Stadt der \u201eLoire-Region\u201c nach Saint-Etienne.<br \/>2 Tage eines herzlichen, fr\u00f6hlichen und aktiven Treffens im Herzen der Jarez-Berge, die mehr als 30 Tage nach dem offiziellen Fr\u00fchlingsanfang, von einer au\u00dfergew\u00f6hnlichen winterlichen Brise umweht wurden ! <br \/>Welch einen Kontrast zur oft \u00fcblichen Juni-Hitze in der provenzalischen Dr\u00f4me ! <br \/>Das Programm der Tage in Caen hat unseren Jahreskalender durcheinander gebracht. Was f\u00fcr ein Gl\u00fccksfall !<\/p>\n<p>[\/et_pb_text][\/et_pb_column][\/et_pb_row][et_pb_row column_structure=&#8220;1_2,1_2&#8243; _builder_version=&#8220;4.25.0&#8243; _module_preset=&#8220;default&#8220; width=&#8220;95%&#8220; max_width=&#8220;95%&#8220; custom_margin=&#8220;||||false|false&#8220; custom_padding=&#8220;||||false|false&#8220; collapsed=&#8220;off&#8220; global_colors_info=&#8220;{}&#8220;][et_pb_column type=&#8220;1_2&#8243; _builder_version=&#8220;4.21.0&#8243; _module_preset=&#8220;default&#8220; global_colors_info=&#8220;{}&#8220;][et_pb_text _builder_version=&#8220;4.25.1&#8243; _module_preset=&#8220;default&#8220; text_font=&#8220;|600|||||||&#8220; text_font_size=&#8220;0.95rem&#8220; custom_margin=&#8220;||||false|false&#8220; global_colors_info=&#8220;{}&#8220;]<\/p>\n<p>Nous \u00e9tions 15 dont Denise et Laure nouvelles adh\u00e9rentes que nous avons chaleureusement accueillies parmi nous au \u00ab Comptoir des Mets \u00bb pour partager le repas de circonstances concoct\u00e9 par le chef du lieu.<\/p>\n<p>[\/et_pb_text][et_pb_text _builder_version=&#8220;4.25.1&#8243; _module_preset=&#8220;default&#8220; text_font=&#8220;|600|||||||&#8220; text_font_size=&#8220;0.95rem&#8220; custom_margin=&#8220;||||false|false&#8220; global_colors_info=&#8220;{}&#8220;]<\/p>\n<p><strong>M\u00e9morielle\u00a0?<\/strong> car les deux visites programm\u00e9es, nous ont permis de d\u00e9couvrir toute la richesse patrimoniale des Couramiauds, tant sur le plan spirituel qu\u2019industriel. Trois guides passionn\u00e9s ont su mobiliser notre curiosit\u00e9.<\/p>\n<p>[\/et_pb_text][et_pb_text _builder_version=&#8220;4.25.1&#8243; _module_preset=&#8220;default&#8220; text_font=&#8220;|600|||||||&#8220; text_font_size=&#8220;0.95rem&#8220; custom_margin=&#8220;||||false|false&#8220; global_colors_info=&#8220;{}&#8220;]<\/p>\n<p>Tout d\u2019abord, le Pr\u00e9sident d\u2019honneur des \u00ab\u00a0Amis du vieux Saint Chamond\u00a0\u00bb nous a cont\u00e9 toute la grandeur et la beaut\u00e9 \u00e0 la fois picturale et architecturale de l\u2019Eglise Saint Pierre\u2026et dans un second temps M. JUILLARD, Organiste, en brillant p\u00e9dagogue, nous a initi\u00e9 \u00e0 toute la complexit\u00e9 de l\u2019orgue de l\u2019\u00e9glise, cet instrument musical aux 2754 tuyaux\u00a0! con\u00e7u au d\u00e9part par C.I. Callinet et aujourd\u2019hui class\u00e9 aux Monuments Historiques.<\/p>\n<p>[\/et_pb_text][et_pb_text _builder_version=&#8220;4.25.1&#8243; _module_preset=&#8220;default&#8220; text_font=&#8220;|600|||||||&#8220; text_font_size=&#8220;0.95rem&#8220; custom_margin=&#8220;||||false|false&#8220; global_colors_info=&#8220;{}&#8220;]<\/p>\n<p>Le soir venu, nous avons rejoint \u00ab\u00a0l\u2019Hermitage\u00a0\u00bb situ\u00e9 au pied du parc r\u00e9gional du Pilat, lieu d\u2019accueil apaisant et ressour\u00e7ant o\u00f9 nous avons termin\u00e9 le d\u00eener par le dessert \u00ab\u00a0Surprise\u00a0\u00bb pr\u00e9vu au menu. Nous nous devions bien ce soir-l\u00e0, de f\u00eater le d\u00e9part de la 8<sup>\u00e8me<\/sup> d\u00e9cennie de notre grande Amie mont\u00e9lienne \u00e9mue aux larmes en voyant arriver un superbe g\u00e2teau d\u2019anniversaire\u00a0!<\/p>\n<p>[\/et_pb_text][\/et_pb_column][et_pb_column type=&#8220;1_2&#8243; _builder_version=&#8220;4.21.0&#8243; _module_preset=&#8220;default&#8220; global_colors_info=&#8220;{}&#8220;][et_pb_text _builder_version=&#8220;4.25.1&#8243; _module_preset=&#8220;default&#8220; text_font=&#8220;|600|||||||&#8220; text_font_size=&#8220;0.95rem&#8220; custom_margin=&#8220;||||false|false&#8220; global_colors_info=&#8220;{}&#8220;]<\/p>\n<p>Wir waren 15 Personen, darunter die neuen Mitglieder Denise und Laure, die wir herzlich im \u201eComptoir des Mets\u201c willkommen hie\u00dfen. Dort wo uns der Chefkoch ein \u00dcberraschungsessen zubereitete.<\/p>\n<p>[\/et_pb_text][et_pb_text _builder_version=&#8220;4.25.1&#8243; _module_preset=&#8220;default&#8220; text_font=&#8220;|600|||||||&#8220; text_font_size=&#8220;0.95rem&#8220; custom_margin=&#8220;||||false|false&#8220; global_colors_info=&#8220;{}&#8220;]<\/p>\n<p>Denkw\u00fcrdig ? Denn die beiden geplanten Besichtigungen erm\u00f6glichten es uns, das reiche Erbe der \u201eCouramiauds\u201c zu entdecken, sowohl auf spiritueller als auch auf industrieller Ebene. Drei passionierte F\u00fchrer wussten unsere Neugier zu wecken.<\/p>\n<p>[\/et_pb_text][et_pb_text _builder_version=&#8220;4.25.1&#8243; _module_preset=&#8220;default&#8220; text_font=&#8220;|600|||||||&#8220; text_font_size=&#8220;0.95rem&#8220; custom_margin=&#8220;||||false|false&#8220; global_colors_info=&#8220;{}&#8220;]<\/p>\n<p>Zun\u00e4chst erz\u00e4hlte uns der Ehrenpr\u00e4sident der \u201eAmis du vieux Saint-Chamond\u201c von der Gr\u00f6\u00dfe und der malerischen und architektonischen Sch\u00f6nheit der Kirche Saint-Pierre&#8230;.und anschlie\u00dfend f\u00fchrte uns der Organist Hr. JUILLARD als brillanter P\u00e4dagoge in die Komplexit\u00e4t der Kirchenorgel ein. Dieses Instrument mit\u00a0 2754 Pfeifen, das urspr\u00fcnglich von C.I. Callinet entworfen wurde und heute zu den historischen Kostbarkeiten z\u00e4hlt.<\/p>\n<p>[\/et_pb_text][et_pb_text _builder_version=&#8220;4.25.1&#8243; _module_preset=&#8220;default&#8220; text_font=&#8220;|600|||||||&#8220; text_font_size=&#8220;0.95rem&#8220; custom_margin=&#8220;||||false|false&#8220; global_colors_info=&#8220;{}&#8220;]<\/p>\n<p>Am Abend erreichten wir \u201eL\u2019Hermitage\u201c, am Fu\u00dfe des Regionalparks Pilat, einen ruhigen und erholsamen Ort der Gastfreundschaft. Das Abendessen dort\u00a0 urde mit dem auf der Speisekarte vorgesehenen \u201e\u00dcberraschungsdessert\u201c beendet. An diesem Abend wurde der Beginn des achten Lebensjahrzehnts unser gro\u00dfen Freundin aus Mont\u00e9limar gefeiert. Sie war zu Tr\u00e4nen ger\u00fchrt, als sie eine wundersch\u00f6ne Geburtstagstorte erhielt.<\/p>\n<p>[\/et_pb_text][\/et_pb_column][\/et_pb_row][et_pb_row column_structure=&#8220;1_3,1_3,1_3&#8243; _builder_version=&#8220;4.25.0&#8243; _module_preset=&#8220;default&#8220; width=&#8220;95%&#8220; max_width=&#8220;95%&#8220; module_alignment=&#8220;center&#8220; custom_margin=&#8220;||||false|false&#8220; custom_padding=&#8220;|0px||0px|false|false&#8220; collapsed=&#8220;off&#8220; global_colors_info=&#8220;{}&#8220;][et_pb_column type=&#8220;1_3&#8243; _builder_version=&#8220;4.21.0&#8243; _module_preset=&#8220;default&#8220; global_colors_info=&#8220;{}&#8220;][et_pb_text _builder_version=&#8220;4.25.1&#8243; _module_preset=&#8220;default&#8220; text_font=&#8220;|600|||||||&#8220; text_font_size=&#8220;0.95rem&#8220; custom_margin=&#8220;||||false|false&#8220; global_colors_info=&#8220;{}&#8220;]<\/p>\n<p>\u200bPuis le temps d\u2019une nuit reposante, d\u00e8s le matin, guid\u00e9 par M. VENGEON, Co Pr\u00e9sident du C.E.R.P.I. (Centre d\u2019Etudes et de Recherches du Patrimoine Industriel), nous avons parcouru et compris, en \u00e9coutant attentivement, toute la port\u00e9e de l\u2019Histoire de cet immense espace (55ha) qu\u2019a \u00e9t\u00e9 le site \u00ab\u00a0NOVACIERIES\u00a0\u00bb, ainsi que sa notori\u00e9t\u00e9 nationale voire mondiale, durant les ann\u00e9es 1914 \u2013 1918 de la \u00ab\u00a0Grande Guerre\u00a0\u00bb.\u00a0 Le tout premier char militaire (saint chamond \/ couramiaud) a \u00e9t\u00e9 con\u00e7u en urgence sur ce site industriel o\u00f9 l\u2019on peut aujourd\u2019hui admirer la maquette\u00a0!<\/p>\n<p>C\u2019est au restaurant \u00ab\u00a0La Braci\u00e9rie\u00a0\u00bb de ce site r\u00e9nov\u00e9 et toujours en r\u00e9novation que nous avons d\u00e9jeun\u00e9 et pris rendez-vous, avant de nous s\u00e9parer, pour les Rencontres de 2025 et 2026.<\/p>\n<p>\u00a0\u00a0\u00a0\u00a0\u00a0\u00a0\u00a0\u00a0\u00a0\u00a0\u00a0\u00a0\u00a0\u00a0\u00a0\u00a0\u00a0\u00a0\u00a0\u00a0\u00a0\u00a0\u00a0\u00a0\u00a0\u00a0\u00a0\u00a0\u00a0\u00a0\u00a0\u00a0\u00a0\u00a0\u00a0\u00a0\u00a0\u00a0\u00a0\u00a0\u00a0\u00a0\u00a0\u00a0\u00a0\u00a0\u00a0\u00a0\u00a0\u00a0\u00a0\u00a0\u00a0\u00a0\u00a0\u00a0\u00a0\u00a0\u00a0\u00a0\u00a0\u00a0\u00a0\u00a0\u00a0\u00a0\u00a0\u00a0\u00a0\u00a0\u00a0\u00a0\u00a0\u00a0\u00a0\u00a0 Bernadette l\u2019Autr-Ich \u00a0<\/p>\n<p>[\/et_pb_text][\/et_pb_column][et_pb_column type=&#8220;1_3&#8243; _builder_version=&#8220;4.25.0&#8243; _module_preset=&#8220;default&#8220; custom_padding=&#8220;|0px||0px|false|false&#8220; global_colors_info=&#8220;{}&#8220;][et_pb_image src=&#8220;https:\/\/www.coeurssansfrontieres.com\/wp-content\/uploads\/2024\/05\/Novacieries-vu-du-Pont-small.jpg&#8220; title_text=&#8220;Novaci\u00e9ries vu du Pont small&#8220; show_in_lightbox=&#8220;on&#8220; align=&#8220;center&#8220; disabled_on=&#8220;off|off|off&#8220; _builder_version=&#8220;4.25.0&#8243; _module_preset=&#8220;default&#8220; width=&#8220;95%&#8220; max_width=&#8220;95%&#8220; module_alignment=&#8220;center&#8220; height=&#8220;75%&#8220; custom_margin=&#8220;5vh||||false|false&#8220; custom_css_main_element=&#8220;width : 150%!important;||margin-left: auto;||margin-right: auto;&#8220; border_radii=&#8220;on|25px|25px|25px|25px&#8220; box_shadow_style=&#8220;preset4&#8243; locked=&#8220;off&#8220; global_colors_info=&#8220;{}&#8220;][\/et_pb_image][\/et_pb_column][et_pb_column type=&#8220;1_3&#8243; _builder_version=&#8220;4.21.0&#8243; _module_preset=&#8220;default&#8220; global_colors_info=&#8220;{}&#8220;][et_pb_text _builder_version=&#8220;4.25.1&#8243; _module_preset=&#8220;default&#8220; text_font=&#8220;|600|||||||&#8220; text_font_size=&#8220;0.95rem&#8220; custom_margin=&#8220;||||false|false&#8220; global_colors_info=&#8220;{}&#8220;]<\/p>\n<p>Nach einer erholsamen Nacht wurden wir am Morgen von Hr. Vengeon, den Co-Pr\u00e4sidenten des CERPI (Centre d\u2019\u00c9tudes et de Recherche du Patrimoine Industriel) begr\u00fc\u00dft. Er f\u00fchrte uns in die Geschichte dieses riesigen Areals (55ha) ein, das die \u201eNOVACIERIES\u201c war. Seine nationale und sogar weltweite Bekanntheit erlangte es w\u00e4hrend des 1. Weltkrieges 1914-1918. Auf diesem Industriegel\u00e4nde wurde der allererste Panzer (Saint-Chamond-Couramiaud) im Eilverfahren entwickelt. Noch heute kann dieses Modell dort bewundert werden.<\/p>\n<p>Im Restaurant \u201eLa Braci\u00e9rie\u201cauf diesem renovierten und immer noch in\u00a0 Renovierung befindlichen Gel\u00e4nde a\u00dfen wir zu Mittag. Bevor wir uns trennten, verabredeten wir uns schon f\u00fcr die Treffen der kommenden Jahre 2025 und 2026.<\/p>\n<p style=\"text-align: center;\">Bernadette l\u2019Autr-Ich<\/p>\n<p>[\/et_pb_text][\/et_pb_column][\/et_pb_row][et_pb_row disabled_on=&#8220;on|on|on&#8220; _builder_version=&#8220;4.21.0&#8243; _module_preset=&#8220;default&#8220; disabled=&#8220;on&#8220; collapsed=&#8220;off&#8220; global_colors_info=&#8220;{}&#8220;][et_pb_column type=&#8220;4_4&#8243; _builder_version=&#8220;4.21.0&#8243; _module_preset=&#8220;default&#8220; global_colors_info=&#8220;{}&#8220;][et_pb_image src=&#8220;https:\/\/www.coeurssansfrontieres.com\/wp-content\/uploads\/2023\/06\/IDF-2023-03.jpg&#8220; title_text=&#8220;IDF 2023 03&#8243; show_in_lightbox=&#8220;on&#8220; align=&#8220;center&#8220; disabled_on=&#8220;off|off|off&#8220; _builder_version=&#8220;4.21.0&#8243; _module_preset=&#8220;default&#8220; width=&#8220;75%&#8220; max_width=&#8220;75%&#8220; module_alignment=&#8220;center&#8220; height=&#8220;75%&#8220; custom_margin=&#8220;0px||||false|false&#8220; custom_css_main_element=&#8220;width : 100%!important;||margin-left: auto;||margin-right: auto;&#8220; border_radii=&#8220;on|25px|25px|25px|25px&#8220; box_shadow_style=&#8220;preset4&#8243; global_colors_info=&#8220;{}&#8220;][\/et_pb_image][et_pb_text _builder_version=&#8220;4.21.0&#8243; _module_preset=&#8220;default&#8220; text_font=&#8220;|600|||||||&#8220; text_font_size=&#8220;0.95rem&#8220; locked=&#8220;off&#8220; global_colors_info=&#8220;{}&#8220;]<\/p>\n<p style=\"text-align: center;\">Cliquer sur les photos pour les agrandir.<\/p>\n<p style=\"text-align: center;\">Zum Vergr\u00f6\u00dfern auf die Fotos klicken<\/p>\n<p>[\/et_pb_text][\/et_pb_column][\/et_pb_row][\/et_pb_section]<\/p>\n","protected":false},"excerpt":{"rendered":"<p>Dieses 15. Treffen fand am 24. und 25. April in Saint Chamond statt. Wir waren 15 Personen, darunter Denise und Laure, die wir herzlich in unserer Mitte begr\u00fc\u00dften.<\/p>\n","protected":false},"author":249,"featured_media":25706,"comment_status":"closed","ping_status":"closed","sticky":false,"template":"","format":"standard","meta":{"_et_pb_use_builder":"on","_et_pb_old_content":"","_et_gb_content_width":"","footnotes":""},"categories":[155,14],"tags":[],"class_list":["post-26538","post","type-post","status-publish","format-standard","has-post-thumbnail","hentry","category-regionaltreffen","category-vereinsleben"],"yoast_head":"<!-- This site is optimized with the Yoast SEO plugin v27.5 - https:\/\/yoast.com\/product\/yoast-seo-wordpress\/ -->\n<title>SudEst 2024 - CSF - HOG<\/title>\n<meta name=\"description\" content=\"%\" \/>\n<meta name=\"robots\" content=\"index, follow, max-snippet:-1, max-image-preview:large, max-video-preview:-1\" \/>\n<link rel=\"canonical\" href=\"https:\/\/www.coeurssansfrontieres.com\/de\/vereinsleben\/sudest-2024\/\" \/>\n<meta property=\"og:locale\" content=\"de_DE\" \/>\n<meta property=\"og:type\" content=\"article\" \/>\n<meta property=\"og:title\" content=\"SudEst 2024 - CSF - HOG\" \/>\n<meta property=\"og:description\" content=\"%\" \/>\n<meta property=\"og:url\" content=\"https:\/\/www.coeurssansfrontieres.com\/de\/vereinsleben\/sudest-2024\/\" \/>\n<meta property=\"og:site_name\" content=\"CSF - HOG\" \/>\n<meta property=\"article:published_time\" content=\"2024-05-10T16:07:54+00:00\" \/>\n<meta property=\"article:modified_time\" content=\"2024-05-10T16:11:04+00:00\" \/>\n<meta property=\"og:image\" content=\"https:\/\/www.coeurssansfrontieres.com\/wp-content\/uploads\/2024\/05\/Vignette-sud-est-2024.jpg\" \/>\n\t<meta property=\"og:image:width\" content=\"200\" \/>\n\t<meta property=\"og:image:height\" content=\"200\" \/>\n\t<meta property=\"og:image:type\" content=\"image\/jpeg\" \/>\n<meta name=\"author\" content=\"GOFFIN Alexandre\" \/>\n<meta name=\"twitter:card\" content=\"summary_large_image\" \/>\n<meta name=\"twitter:label1\" content=\"Verfasst von\" \/>\n\t<meta name=\"twitter:data1\" content=\"GOFFIN Alexandre\" \/>\n\t<meta name=\"twitter:label2\" content=\"Gesch\u00e4tzte Lesezeit\" \/>\n\t<meta name=\"twitter:data2\" content=\"5\u00a0Minuten\" \/>\n<script type=\"application\/ld+json\" class=\"yoast-schema-graph\">{\"@context\":\"https:\\\/\\\/schema.org\",\"@graph\":[{\"@type\":\"Article\",\"@id\":\"https:\\\/\\\/www.coeurssansfrontieres.com\\\/de\\\/vereinsleben\\\/sudest-2024\\\/#article\",\"isPartOf\":{\"@id\":\"https:\\\/\\\/www.coeurssansfrontieres.com\\\/de\\\/vereinsleben\\\/sudest-2024\\\/\"},\"author\":{\"name\":\"GOFFIN Alexandre\",\"@id\":\"https:\\\/\\\/www.coeurssansfrontieres.com\\\/fr\\\/#\\\/schema\\\/person\\\/19507754554eb5218427fc31038cac56\"},\"headline\":\"SudEst 2024\",\"datePublished\":\"2024-05-10T16:07:54+00:00\",\"dateModified\":\"2024-05-10T16:11:04+00:00\",\"mainEntityOfPage\":{\"@id\":\"https:\\\/\\\/www.coeurssansfrontieres.com\\\/de\\\/vereinsleben\\\/sudest-2024\\\/\"},\"wordCount\":1916,\"image\":{\"@id\":\"https:\\\/\\\/www.coeurssansfrontieres.com\\\/de\\\/vereinsleben\\\/sudest-2024\\\/#primaryimage\"},\"thumbnailUrl\":\"https:\\\/\\\/www.coeurssansfrontieres.com\\\/wp-content\\\/uploads\\\/2024\\\/05\\\/Vignette-sud-est-2024.jpg\",\"articleSection\":[\"Regionaltreffen\",\"Vereinsleben\"],\"inLanguage\":\"de\"},{\"@type\":\"WebPage\",\"@id\":\"https:\\\/\\\/www.coeurssansfrontieres.com\\\/de\\\/vereinsleben\\\/sudest-2024\\\/\",\"url\":\"https:\\\/\\\/www.coeurssansfrontieres.com\\\/de\\\/vereinsleben\\\/sudest-2024\\\/\",\"name\":\"SudEst 2024 - CSF - HOG\",\"isPartOf\":{\"@id\":\"https:\\\/\\\/www.coeurssansfrontieres.com\\\/fr\\\/#website\"},\"primaryImageOfPage\":{\"@id\":\"https:\\\/\\\/www.coeurssansfrontieres.com\\\/de\\\/vereinsleben\\\/sudest-2024\\\/#primaryimage\"},\"image\":{\"@id\":\"https:\\\/\\\/www.coeurssansfrontieres.com\\\/de\\\/vereinsleben\\\/sudest-2024\\\/#primaryimage\"},\"thumbnailUrl\":\"https:\\\/\\\/www.coeurssansfrontieres.com\\\/wp-content\\\/uploads\\\/2024\\\/05\\\/Vignette-sud-est-2024.jpg\",\"datePublished\":\"2024-05-10T16:07:54+00:00\",\"dateModified\":\"2024-05-10T16:11:04+00:00\",\"author\":{\"@id\":\"https:\\\/\\\/www.coeurssansfrontieres.com\\\/fr\\\/#\\\/schema\\\/person\\\/19507754554eb5218427fc31038cac56\"},\"description\":\"%\",\"breadcrumb\":{\"@id\":\"https:\\\/\\\/www.coeurssansfrontieres.com\\\/de\\\/vereinsleben\\\/sudest-2024\\\/#breadcrumb\"},\"inLanguage\":\"de\",\"potentialAction\":[{\"@type\":\"ReadAction\",\"target\":[\"https:\\\/\\\/www.coeurssansfrontieres.com\\\/de\\\/vereinsleben\\\/sudest-2024\\\/\"]}]},{\"@type\":\"ImageObject\",\"inLanguage\":\"de\",\"@id\":\"https:\\\/\\\/www.coeurssansfrontieres.com\\\/de\\\/vereinsleben\\\/sudest-2024\\\/#primaryimage\",\"url\":\"https:\\\/\\\/www.coeurssansfrontieres.com\\\/wp-content\\\/uploads\\\/2024\\\/05\\\/Vignette-sud-est-2024.jpg\",\"contentUrl\":\"https:\\\/\\\/www.coeurssansfrontieres.com\\\/wp-content\\\/uploads\\\/2024\\\/05\\\/Vignette-sud-est-2024.jpg\",\"width\":200,\"height\":200},{\"@type\":\"BreadcrumbList\",\"@id\":\"https:\\\/\\\/www.coeurssansfrontieres.com\\\/de\\\/vereinsleben\\\/sudest-2024\\\/#breadcrumb\",\"itemListElement\":[{\"@type\":\"ListItem\",\"position\":1,\"name\":\"Accueil\",\"item\":\"https:\\\/\\\/www.coeurssansfrontieres.com\\\/de\\\/\"},{\"@type\":\"ListItem\",\"position\":2,\"name\":\"SudEst 2024\"}]},{\"@type\":\"WebSite\",\"@id\":\"https:\\\/\\\/www.coeurssansfrontieres.com\\\/fr\\\/#website\",\"url\":\"https:\\\/\\\/www.coeurssansfrontieres.com\\\/fr\\\/\",\"name\":\"C\u0153urs sans fronti\u00e8res\",\"description\":\"Association franco-allemande des Enfants de la Seconde Guerre Mondiale\",\"potentialAction\":[{\"@type\":\"SearchAction\",\"target\":{\"@type\":\"EntryPoint\",\"urlTemplate\":\"https:\\\/\\\/www.coeurssansfrontieres.com\\\/fr\\\/?s={search_term_string}\"},\"query-input\":{\"@type\":\"PropertyValueSpecification\",\"valueRequired\":true,\"valueName\":\"search_term_string\"}}],\"inLanguage\":\"de\"},{\"@type\":\"Person\",\"@id\":\"https:\\\/\\\/www.coeurssansfrontieres.com\\\/fr\\\/#\\\/schema\\\/person\\\/19507754554eb5218427fc31038cac56\",\"name\":\"GOFFIN Alexandre\"}]}<\/script>\n<!-- \/ Yoast SEO plugin. -->","yoast_head_json":{"title":"SudEst 2024 - CSF - HOG","description":"%","robots":{"index":"index","follow":"follow","max-snippet":"max-snippet:-1","max-image-preview":"max-image-preview:large","max-video-preview":"max-video-preview:-1"},"canonical":"https:\/\/www.coeurssansfrontieres.com\/de\/vereinsleben\/sudest-2024\/","og_locale":"de_DE","og_type":"article","og_title":"SudEst 2024 - CSF - HOG","og_description":"%","og_url":"https:\/\/www.coeurssansfrontieres.com\/de\/vereinsleben\/sudest-2024\/","og_site_name":"CSF - HOG","article_published_time":"2024-05-10T16:07:54+00:00","article_modified_time":"2024-05-10T16:11:04+00:00","og_image":[{"width":200,"height":200,"url":"https:\/\/www.coeurssansfrontieres.com\/wp-content\/uploads\/2024\/05\/Vignette-sud-est-2024.jpg","type":"image\/jpeg"}],"author":"GOFFIN Alexandre","twitter_card":"summary_large_image","twitter_misc":{"Verfasst von":"GOFFIN Alexandre","Gesch\u00e4tzte Lesezeit":"5\u00a0Minuten"},"schema":{"@context":"https:\/\/schema.org","@graph":[{"@type":"Article","@id":"https:\/\/www.coeurssansfrontieres.com\/de\/vereinsleben\/sudest-2024\/#article","isPartOf":{"@id":"https:\/\/www.coeurssansfrontieres.com\/de\/vereinsleben\/sudest-2024\/"},"author":{"name":"GOFFIN Alexandre","@id":"https:\/\/www.coeurssansfrontieres.com\/fr\/#\/schema\/person\/19507754554eb5218427fc31038cac56"},"headline":"SudEst 2024","datePublished":"2024-05-10T16:07:54+00:00","dateModified":"2024-05-10T16:11:04+00:00","mainEntityOfPage":{"@id":"https:\/\/www.coeurssansfrontieres.com\/de\/vereinsleben\/sudest-2024\/"},"wordCount":1916,"image":{"@id":"https:\/\/www.coeurssansfrontieres.com\/de\/vereinsleben\/sudest-2024\/#primaryimage"},"thumbnailUrl":"https:\/\/www.coeurssansfrontieres.com\/wp-content\/uploads\/2024\/05\/Vignette-sud-est-2024.jpg","articleSection":["Regionaltreffen","Vereinsleben"],"inLanguage":"de"},{"@type":"WebPage","@id":"https:\/\/www.coeurssansfrontieres.com\/de\/vereinsleben\/sudest-2024\/","url":"https:\/\/www.coeurssansfrontieres.com\/de\/vereinsleben\/sudest-2024\/","name":"SudEst 2024 - CSF - HOG","isPartOf":{"@id":"https:\/\/www.coeurssansfrontieres.com\/fr\/#website"},"primaryImageOfPage":{"@id":"https:\/\/www.coeurssansfrontieres.com\/de\/vereinsleben\/sudest-2024\/#primaryimage"},"image":{"@id":"https:\/\/www.coeurssansfrontieres.com\/de\/vereinsleben\/sudest-2024\/#primaryimage"},"thumbnailUrl":"https:\/\/www.coeurssansfrontieres.com\/wp-content\/uploads\/2024\/05\/Vignette-sud-est-2024.jpg","datePublished":"2024-05-10T16:07:54+00:00","dateModified":"2024-05-10T16:11:04+00:00","author":{"@id":"https:\/\/www.coeurssansfrontieres.com\/fr\/#\/schema\/person\/19507754554eb5218427fc31038cac56"},"description":"%","breadcrumb":{"@id":"https:\/\/www.coeurssansfrontieres.com\/de\/vereinsleben\/sudest-2024\/#breadcrumb"},"inLanguage":"de","potentialAction":[{"@type":"ReadAction","target":["https:\/\/www.coeurssansfrontieres.com\/de\/vereinsleben\/sudest-2024\/"]}]},{"@type":"ImageObject","inLanguage":"de","@id":"https:\/\/www.coeurssansfrontieres.com\/de\/vereinsleben\/sudest-2024\/#primaryimage","url":"https:\/\/www.coeurssansfrontieres.com\/wp-content\/uploads\/2024\/05\/Vignette-sud-est-2024.jpg","contentUrl":"https:\/\/www.coeurssansfrontieres.com\/wp-content\/uploads\/2024\/05\/Vignette-sud-est-2024.jpg","width":200,"height":200},{"@type":"BreadcrumbList","@id":"https:\/\/www.coeurssansfrontieres.com\/de\/vereinsleben\/sudest-2024\/#breadcrumb","itemListElement":[{"@type":"ListItem","position":1,"name":"Accueil","item":"https:\/\/www.coeurssansfrontieres.com\/de\/"},{"@type":"ListItem","position":2,"name":"SudEst 2024"}]},{"@type":"WebSite","@id":"https:\/\/www.coeurssansfrontieres.com\/fr\/#website","url":"https:\/\/www.coeurssansfrontieres.com\/fr\/","name":"C\u0153urs sans fronti\u00e8res","description":"Association franco-allemande des Enfants de la Seconde Guerre Mondiale","potentialAction":[{"@type":"SearchAction","target":{"@type":"EntryPoint","urlTemplate":"https:\/\/www.coeurssansfrontieres.com\/fr\/?s={search_term_string}"},"query-input":{"@type":"PropertyValueSpecification","valueRequired":true,"valueName":"search_term_string"}}],"inLanguage":"de"},{"@type":"Person","@id":"https:\/\/www.coeurssansfrontieres.com\/fr\/#\/schema\/person\/19507754554eb5218427fc31038cac56","name":"GOFFIN Alexandre"}]}},"_links":{"self":[{"href":"https:\/\/www.coeurssansfrontieres.com\/de\/wp-json\/wp\/v2\/posts\/26538","targetHints":{"allow":["GET"]}}],"collection":[{"href":"https:\/\/www.coeurssansfrontieres.com\/de\/wp-json\/wp\/v2\/posts"}],"about":[{"href":"https:\/\/www.coeurssansfrontieres.com\/de\/wp-json\/wp\/v2\/types\/post"}],"author":[{"embeddable":true,"href":"https:\/\/www.coeurssansfrontieres.com\/de\/wp-json\/wp\/v2\/users\/249"}],"replies":[{"embeddable":true,"href":"https:\/\/www.coeurssansfrontieres.com\/de\/wp-json\/wp\/v2\/comments?post=26538"}],"version-history":[{"count":2,"href":"https:\/\/www.coeurssansfrontieres.com\/de\/wp-json\/wp\/v2\/posts\/26538\/revisions"}],"predecessor-version":[{"id":26541,"href":"https:\/\/www.coeurssansfrontieres.com\/de\/wp-json\/wp\/v2\/posts\/26538\/revisions\/26541"}],"wp:featuredmedia":[{"embeddable":true,"href":"https:\/\/www.coeurssansfrontieres.com\/de\/wp-json\/wp\/v2\/media\/25706"}],"wp:attachment":[{"href":"https:\/\/www.coeurssansfrontieres.com\/de\/wp-json\/wp\/v2\/media?parent=26538"}],"wp:term":[{"taxonomy":"category","embeddable":true,"href":"https:\/\/www.coeurssansfrontieres.com\/de\/wp-json\/wp\/v2\/categories?post=26538"},{"taxonomy":"post_tag","embeddable":true,"href":"https:\/\/www.coeurssansfrontieres.com\/de\/wp-json\/wp\/v2\/tags?post=26538"}],"curies":[{"name":"wp","href":"https:\/\/api.w.org\/{rel}","templated":true}]}}