{"id":4142,"date":"2018-05-09T09:25:01","date_gmt":"2018-05-09T07:25:01","guid":{"rendered":"http:\/\/www.coeurssansfrontieres.com\/de\/unkategorisiert\/686-maria-elisabeth-bosch-stuttgart\/"},"modified":"2019-03-03T17:35:04","modified_gmt":"2019-03-03T16:35:04","slug":"686-maria-elisabeth-bosch-stuttgart","status":"publish","type":"post","link":"https:\/\/www.coeurssansfrontieres.com\/de\/recherche\/686-maria-elisabeth-bosch-stuttgart\/","title":{"rendered":"686 Maria Elisabeth BOSCH \u2013 Stuttgart"},"content":{"rendered":"<p>[et_pb_section admin_label=&#8220;section&#8220;][et_pb_row admin_label=&#8220;row&#8220; make_fullwidth=&#8220;on&#8220; use_custom_width=&#8220;off&#8220; width_unit=&#8220;on&#8220; use_custom_gutter=&#8220;off&#8220; padding_mobile=&#8220;off&#8220; allow_player_pause=&#8220;off&#8220; parallax=&#8220;off&#8220; parallax_method=&#8220;off&#8220; make_equal=&#8220;off&#8220; parallax_1=&#8220;off&#8220; parallax_method_1=&#8220;off&#8220; parallax_2=&#8220;off&#8220; parallax_method_2=&#8220;off&#8220; parallax_3=&#8220;off&#8220; parallax_method_3=&#8220;off&#8220; column_padding_mobile=&#8220;on&#8220;][et_pb_column type=&#8220;3_4&#8243;][et_pb_text admin_label=&#8220;Texte&#8220; background_layout=&#8220;light&#8220; text_orientation=&#8220;left&#8220; header_text_color=&#8220;#a55ba6&#8243; use_border_color=&#8220;on&#8220; border_color=&#8220;#a55ba6&#8243; border_style=&#8220;solid&#8220; custom_padding=&#8220;5px|5px|5px|5px&#8220; header_font_size=&#8220;25&#8243; border_width=&#8220;2&#8243;]<\/p>\n<h4 style=\"text-align: center;\">Erfreulicherweise wurde diese Recherche im Mai 2018 erfolgreich abgeschlossen.<\/h4>\n<p>[\/et_pb_text][et_pb_post_title admin_label=&#8220;Titre du poste&#8220; title=&#8220;on&#8220; meta=&#8220;off&#8220; author=&#8220;on&#8220; date=&#8220;on&#8220; categories=&#8220;on&#8220; comments=&#8220;on&#8220; featured_image=&#8220;off&#8220; featured_placement=&#8220;below&#8220; parallax_effect=&#8220;on&#8220; parallax_method=&#8220;on&#8220; text_orientation=&#8220;center&#8220; text_color=&#8220;dark&#8220; text_background=&#8220;off&#8220; text_bg_color=&#8220;rgba(255,255,255,0.9)&#8220; module_bg_color=&#8220;rgba(255,255,255,0)&#8220; title_all_caps=&#8220;off&#8220; use_border_color=&#8220;off&#8220; border_color=&#8220;#ffffff&#8220; border_style=&#8220;solid&#8220;]<\/p>\n<p>&nbsp;<\/p>\n<p>[\/et_pb_post_title][et_pb_button admin_label=&#8220;Kontakt Georges Roume&#8220; saved_tabs=&#8220;all&#8220; button_url=&#8220;https:\/\/www.coeurssansfrontieres.com\/de\/kontakt\/roume-georges\/&#8220; url_new_window=&#8220;on&#8220; button_text=&#8220;Um Kontakt mit dem Verantwortlichen dieser Suche&#8220; button_alignment=&#8220;center&#8220; background_layout=&#8220;dark&#8220; custom_button=&#8220;on&#8220; button_bg_color=&#8220;#ad6baf&#8220; button_border_color=&#8220;#ae44af&#8220; button_border_radius=&#8220;50&#8243; button_letter_spacing=&#8220;0&#8243; button_font=&#8220;|on|on||&#8220; button_use_icon=&#8220;on&#8220; button_icon=&#8220;%%109%%&#8220; button_icon_placement=&#8220;left&#8220; button_on_hover=&#8220;off&#8220; button_letter_spacing_hover=&#8220;0&#8243;]<\/p>\n<p>&nbsp;<\/p>\n<p>[\/et_pb_button][et_pb_text admin_label=&#8220;Texte&#8220; background_layout=&#8220;light&#8220; text_orientation=&#8220;left&#8220; use_border_color=&#8220;off&#8220; border_color=&#8220;#ffffff&#8220; border_style=&#8220;solid&#8220;]<\/p>\n<div class=\"et_post_meta_wrapper\">\n<p><strong>Maria Elisabeth Bosch<\/strong>, eine Deutsche, arbeitete in Lyon als Kinderm\u00e4dchen bei M. Brunan in 13, rue Malesherbes, Lyon.<br \/>\nAm 04-09-1911 hat sie ein M\u00e4dchen geboren (mit unbekanntem Vater):\u00a0<strong>Maria Ella Bosch<\/strong>.<br \/>\nAm 15-03-1914 hat sie das Domizil von Hr. Brunand in der Absicht verlassen, sich zu ihrer Familie nach\u00a0<strong>Stuttgart<\/strong>\u00a0zu begeben. Dabei hat sie ihre Tochter der \u00f6ffentliche F\u00fcrsorge \u00fcbergeben. Seit M\u00e4rz 1914 gab es keine Neuigkeiten von ihr. Ihre Enkelin hofft, die deutsche Familie von<br \/>\nMaria-Elisabeth Bosch zu finden, denn ihr Verschwinden ist bis heute ungekl\u00e4rt.\u00a0&#8220; Wir haben<br \/>\nherausgefunden, dass Maria-Elisabeth 1928 Hausfrau in der Schweiz war.&#8220;<br \/>\nEinige Elemente, die bei der Suche helfen k\u00f6nnten:<br \/>\n<strong>Maria Elisabeth Bosch wurde am 09-04-1890 in Stuttgart geboren<\/strong>.<br \/>\nIhre Eltern waren\u00a0<strong>BOSCH, Anton Theoder<\/strong>, geboren 18-02-1842 in\u00a0<strong>GOSBACH<\/strong>\u00a0und<strong>\u00a0Anna Margareta\u00a0<\/strong>geborene<strong>\u00a0WETZEL<\/strong>, geboren am 19-07-1850 in\u00a0<strong>NURTINGEN<\/strong>.<br \/>\n<em>Wir danken allen, die uns helfen k\u00f6nnten, heutige Mitglieder der Familie von Maria Elisabeth Bosch zu finden.<\/em><\/p>\n<\/div>\n<div class=\"entry-content\">\n<p>Setzen Sie online: <span class=\"published\">29 Juil 2017<\/span><\/p>\n<\/div>\n<p>[\/et_pb_text][\/et_pb_column][et_pb_column type=&#8220;1_4&#8243;][et_pb_image admin_label=&#8220;Image recherches en cours&#8220; src=&#8220;https:\/\/www.coeurssansfrontieres.com\/wp-content\/uploads\/2017\/09\/Recherches-en-cours-OMBRE.png&#8220; show_in_lightbox=&#8220;off&#8220; url_new_window=&#8220;off&#8220; use_overlay=&#8220;off&#8220; animation=&#8220;off&#8220; sticky=&#8220;on&#8220; align=&#8220;center&#8220; max_width=&#8220;50px&#8220; force_fullwidth=&#8220;off&#8220; always_center_on_mobile=&#8220;on&#8220; use_border_color=&#8220;off&#8220; border_color=&#8220;#ffffff&#8220; border_style=&#8220;solid&#8220;]<\/p>\n<p>&nbsp;<\/p>\n<p>[\/et_pb_image][et_pb_search admin_label=&#8220; Suche&#8220; background_layout=&#8220;light&#8220; text_orientation=&#8220;left&#8220; exclude_pages=&#8220;on&#8220; exclude_posts=&#8220;off&#8220; hide_button=&#8220;off&#8220; placeholder=&#8220; Suche&#8220; button_color=&#8220;#a61abf&#8220; input_font_size=&#8220;11&#8243; button_font=&#8220;|on|||&#8220; button_line_height=&#8220;2em&#8220; button_font_size=&#8220;11&#8243; input_line_height=&#8220;2em&#8220; custom_css_main_element=&#8220;box-shadow: 6px 6px 6px #7C7C7C;&#8220; include_categories=&#8220;183,236,212,227,180,214,162,170,202,231,229,208,1,161,160,158,168,210,154,28,66,163,22,13&#8243;]<\/p>\n<p>&nbsp;<\/p>\n<p>[\/et_pb_search][et_pb_sidebar admin_label=&#8220;BL Laufende Recherchen&#8220; orientation=&#8220;right&#8220; area=&#8220;et_pb_widget_area_52&#8243; background_layout=&#8220;light&#8220; remove_border=&#8220;off&#8220; header_font=&#8220;|on|||&#8220; body_line_height=&#8220;2em&#8220;]<\/p>\n<p>&nbsp;<\/p>\n<p>[\/et_pb_sidebar][\/et_pb_column][\/et_pb_row][\/et_pb_section]<\/p>\n","protected":false},"excerpt":{"rendered":"<p>Erfreulicherweise wurde diese Recherche im Mai 2018 erfolgreich abgeschlossen.<br \/>\nMaria Elisabeth Bosch, eine Deutsche, arbeitete in Lyon als Kinderm\u00e4dchen bei M. Brunan in 13, rue Malesherbes, Lyon.<br \/>\nAm 04-09-1911 hat sie ein M\u00e4dchen geboren (mit unbekanntem Vater): Maria Ella Bosch.<br \/>\nAm 15-03-1914 hat sie das Domizil von Hr. Brunand in der Absicht verlassen, sich zu ihrer Familie nach Stuttgart zu begeben.<\/p>\n","protected":false},"author":249,"featured_media":9961,"comment_status":"closed","ping_status":"closed","sticky":false,"template":"","format":"standard","meta":{"_et_pb_use_builder":"on","_et_pb_old_content":"","_et_gb_content_width":"","footnotes":""},"categories":[252,172,174],"tags":[],"class_list":["post-4142","post","type-post","status-publish","format-standard","has-post-thumbnail","hentry","category-homepage","category-recherche","category-recherche-erfolgreiche"],"yoast_head":"<!-- This site is optimized with the Yoast SEO plugin v27.5 - https:\/\/yoast.com\/product\/yoast-seo-wordpress\/ -->\n<title>686 Maria Elisabeth BOSCH \u2013 Stuttgart - CSF - HOG<\/title>\n<meta name=\"robots\" content=\"index, follow, max-snippet:-1, max-image-preview:large, max-video-preview:-1\" \/>\n<link rel=\"canonical\" href=\"https:\/\/www.coeurssansfrontieres.com\/de\/recherche\/686-maria-elisabeth-bosch-stuttgart\/\" \/>\n<meta property=\"og:locale\" content=\"de_DE\" \/>\n<meta property=\"og:type\" content=\"article\" \/>\n<meta property=\"og:title\" content=\"686 Maria Elisabeth BOSCH \u2013 Stuttgart - CSF - HOG\" \/>\n<meta property=\"og:description\" content=\"Erfreulicherweise wurde diese Recherche im Mai 2018 erfolgreich abgeschlossen. Maria Elisabeth Bosch, eine Deutsche, arbeitete in Lyon als Kinderm\u00e4dchen bei M. Brunan in 13, rue Malesherbes, Lyon. Am 04-09-1911 hat sie ein M\u00e4dchen geboren (mit unbekanntem Vater): Maria Ella Bosch. Am 15-03-1914 hat sie das Domizil von Hr. Brunand in der Absicht verlassen, sich zu ihrer Familie nach Stuttgart zu begeben.\" \/>\n<meta property=\"og:url\" content=\"https:\/\/www.coeurssansfrontieres.com\/de\/recherche\/686-maria-elisabeth-bosch-stuttgart\/\" \/>\n<meta property=\"og:site_name\" content=\"CSF - HOG\" \/>\n<meta property=\"article:published_time\" content=\"2018-05-09T07:25:01+00:00\" \/>\n<meta property=\"article:modified_time\" content=\"2019-03-03T16:35:04+00:00\" \/>\n<meta property=\"og:image\" content=\"https:\/\/www.coeurssansfrontieres.com\/wp-content\/uploads\/2017\/08\/Retrouvailles-ombre.png\" \/>\n\t<meta property=\"og:image:width\" content=\"123\" \/>\n\t<meta property=\"og:image:height\" content=\"123\" \/>\n\t<meta property=\"og:image:type\" content=\"image\/png\" \/>\n<meta name=\"author\" content=\"GOFFIN Alexandre\" \/>\n<meta name=\"twitter:card\" content=\"summary_large_image\" \/>\n<meta name=\"twitter:label1\" content=\"Verfasst von\" \/>\n\t<meta name=\"twitter:data1\" content=\"GOFFIN Alexandre\" \/>\n\t<meta name=\"twitter:label2\" content=\"Gesch\u00e4tzte Lesezeit\" \/>\n\t<meta name=\"twitter:data2\" content=\"3\u00a0Minuten\" \/>\n<script type=\"application\/ld+json\" class=\"yoast-schema-graph\">{\"@context\":\"https:\\\/\\\/schema.org\",\"@graph\":[{\"@type\":\"Article\",\"@id\":\"https:\\\/\\\/www.coeurssansfrontieres.com\\\/de\\\/recherche\\\/686-maria-elisabeth-bosch-stuttgart\\\/#article\",\"isPartOf\":{\"@id\":\"https:\\\/\\\/www.coeurssansfrontieres.com\\\/de\\\/recherche\\\/686-maria-elisabeth-bosch-stuttgart\\\/\"},\"author\":{\"name\":\"GOFFIN Alexandre\",\"@id\":\"https:\\\/\\\/www.coeurssansfrontieres.com\\\/fr\\\/#\\\/schema\\\/person\\\/19507754554eb5218427fc31038cac56\"},\"headline\":\"686 Maria Elisabeth BOSCH \u2013 Stuttgart\",\"datePublished\":\"2018-05-09T07:25:01+00:00\",\"dateModified\":\"2019-03-03T16:35:04+00:00\",\"mainEntityOfPage\":{\"@id\":\"https:\\\/\\\/www.coeurssansfrontieres.com\\\/de\\\/recherche\\\/686-maria-elisabeth-bosch-stuttgart\\\/\"},\"wordCount\":631,\"image\":{\"@id\":\"https:\\\/\\\/www.coeurssansfrontieres.com\\\/de\\\/recherche\\\/686-maria-elisabeth-bosch-stuttgart\\\/#primaryimage\"},\"thumbnailUrl\":\"https:\\\/\\\/www.coeurssansfrontieres.com\\\/wp-content\\\/uploads\\\/2017\\\/08\\\/Retrouvailles-ombre.png\",\"articleSection\":[\"Homepage\",\"Recherche\",\"RECHERCHE ERFOLGREICHE\"],\"inLanguage\":\"de\"},{\"@type\":\"WebPage\",\"@id\":\"https:\\\/\\\/www.coeurssansfrontieres.com\\\/de\\\/recherche\\\/686-maria-elisabeth-bosch-stuttgart\\\/\",\"url\":\"https:\\\/\\\/www.coeurssansfrontieres.com\\\/de\\\/recherche\\\/686-maria-elisabeth-bosch-stuttgart\\\/\",\"name\":\"686 Maria Elisabeth BOSCH \u2013 Stuttgart - CSF - HOG\",\"isPartOf\":{\"@id\":\"https:\\\/\\\/www.coeurssansfrontieres.com\\\/fr\\\/#website\"},\"primaryImageOfPage\":{\"@id\":\"https:\\\/\\\/www.coeurssansfrontieres.com\\\/de\\\/recherche\\\/686-maria-elisabeth-bosch-stuttgart\\\/#primaryimage\"},\"image\":{\"@id\":\"https:\\\/\\\/www.coeurssansfrontieres.com\\\/de\\\/recherche\\\/686-maria-elisabeth-bosch-stuttgart\\\/#primaryimage\"},\"thumbnailUrl\":\"https:\\\/\\\/www.coeurssansfrontieres.com\\\/wp-content\\\/uploads\\\/2017\\\/08\\\/Retrouvailles-ombre.png\",\"datePublished\":\"2018-05-09T07:25:01+00:00\",\"dateModified\":\"2019-03-03T16:35:04+00:00\",\"author\":{\"@id\":\"https:\\\/\\\/www.coeurssansfrontieres.com\\\/fr\\\/#\\\/schema\\\/person\\\/19507754554eb5218427fc31038cac56\"},\"breadcrumb\":{\"@id\":\"https:\\\/\\\/www.coeurssansfrontieres.com\\\/de\\\/recherche\\\/686-maria-elisabeth-bosch-stuttgart\\\/#breadcrumb\"},\"inLanguage\":\"de\",\"potentialAction\":[{\"@type\":\"ReadAction\",\"target\":[\"https:\\\/\\\/www.coeurssansfrontieres.com\\\/de\\\/recherche\\\/686-maria-elisabeth-bosch-stuttgart\\\/\"]}]},{\"@type\":\"ImageObject\",\"inLanguage\":\"de\",\"@id\":\"https:\\\/\\\/www.coeurssansfrontieres.com\\\/de\\\/recherche\\\/686-maria-elisabeth-bosch-stuttgart\\\/#primaryimage\",\"url\":\"https:\\\/\\\/www.coeurssansfrontieres.com\\\/wp-content\\\/uploads\\\/2017\\\/08\\\/Retrouvailles-ombre.png\",\"contentUrl\":\"https:\\\/\\\/www.coeurssansfrontieres.com\\\/wp-content\\\/uploads\\\/2017\\\/08\\\/Retrouvailles-ombre.png\",\"width\":123,\"height\":123},{\"@type\":\"BreadcrumbList\",\"@id\":\"https:\\\/\\\/www.coeurssansfrontieres.com\\\/de\\\/recherche\\\/686-maria-elisabeth-bosch-stuttgart\\\/#breadcrumb\",\"itemListElement\":[{\"@type\":\"ListItem\",\"position\":1,\"name\":\"Accueil\",\"item\":\"https:\\\/\\\/www.coeurssansfrontieres.com\\\/de\\\/\"},{\"@type\":\"ListItem\",\"position\":2,\"name\":\"686 Maria Elisabeth BOSCH \u2013 Stuttgart\"}]},{\"@type\":\"WebSite\",\"@id\":\"https:\\\/\\\/www.coeurssansfrontieres.com\\\/fr\\\/#website\",\"url\":\"https:\\\/\\\/www.coeurssansfrontieres.com\\\/fr\\\/\",\"name\":\"C\u0153urs sans fronti\u00e8res\",\"description\":\"Association franco-allemande des Enfants de la Seconde Guerre Mondiale\",\"potentialAction\":[{\"@type\":\"SearchAction\",\"target\":{\"@type\":\"EntryPoint\",\"urlTemplate\":\"https:\\\/\\\/www.coeurssansfrontieres.com\\\/fr\\\/?s={search_term_string}\"},\"query-input\":{\"@type\":\"PropertyValueSpecification\",\"valueRequired\":true,\"valueName\":\"search_term_string\"}}],\"inLanguage\":\"de\"},{\"@type\":\"Person\",\"@id\":\"https:\\\/\\\/www.coeurssansfrontieres.com\\\/fr\\\/#\\\/schema\\\/person\\\/19507754554eb5218427fc31038cac56\",\"name\":\"GOFFIN Alexandre\"}]}<\/script>\n<!-- \/ Yoast SEO plugin. -->","yoast_head_json":{"title":"686 Maria Elisabeth BOSCH \u2013 Stuttgart - CSF - HOG","robots":{"index":"index","follow":"follow","max-snippet":"max-snippet:-1","max-image-preview":"max-image-preview:large","max-video-preview":"max-video-preview:-1"},"canonical":"https:\/\/www.coeurssansfrontieres.com\/de\/recherche\/686-maria-elisabeth-bosch-stuttgart\/","og_locale":"de_DE","og_type":"article","og_title":"686 Maria Elisabeth BOSCH \u2013 Stuttgart - CSF - HOG","og_description":"Erfreulicherweise wurde diese Recherche im Mai 2018 erfolgreich abgeschlossen. Maria Elisabeth Bosch, eine Deutsche, arbeitete in Lyon als Kinderm\u00e4dchen bei M. Brunan in 13, rue Malesherbes, Lyon. Am 04-09-1911 hat sie ein M\u00e4dchen geboren (mit unbekanntem Vater): Maria Ella Bosch. Am 15-03-1914 hat sie das Domizil von Hr. Brunand in der Absicht verlassen, sich zu ihrer Familie nach Stuttgart zu begeben.","og_url":"https:\/\/www.coeurssansfrontieres.com\/de\/recherche\/686-maria-elisabeth-bosch-stuttgart\/","og_site_name":"CSF - HOG","article_published_time":"2018-05-09T07:25:01+00:00","article_modified_time":"2019-03-03T16:35:04+00:00","og_image":[{"width":123,"height":123,"url":"https:\/\/www.coeurssansfrontieres.com\/wp-content\/uploads\/2017\/08\/Retrouvailles-ombre.png","type":"image\/png"}],"author":"GOFFIN Alexandre","twitter_card":"summary_large_image","twitter_misc":{"Verfasst von":"GOFFIN Alexandre","Gesch\u00e4tzte Lesezeit":"3\u00a0Minuten"},"schema":{"@context":"https:\/\/schema.org","@graph":[{"@type":"Article","@id":"https:\/\/www.coeurssansfrontieres.com\/de\/recherche\/686-maria-elisabeth-bosch-stuttgart\/#article","isPartOf":{"@id":"https:\/\/www.coeurssansfrontieres.com\/de\/recherche\/686-maria-elisabeth-bosch-stuttgart\/"},"author":{"name":"GOFFIN Alexandre","@id":"https:\/\/www.coeurssansfrontieres.com\/fr\/#\/schema\/person\/19507754554eb5218427fc31038cac56"},"headline":"686 Maria Elisabeth BOSCH \u2013 Stuttgart","datePublished":"2018-05-09T07:25:01+00:00","dateModified":"2019-03-03T16:35:04+00:00","mainEntityOfPage":{"@id":"https:\/\/www.coeurssansfrontieres.com\/de\/recherche\/686-maria-elisabeth-bosch-stuttgart\/"},"wordCount":631,"image":{"@id":"https:\/\/www.coeurssansfrontieres.com\/de\/recherche\/686-maria-elisabeth-bosch-stuttgart\/#primaryimage"},"thumbnailUrl":"https:\/\/www.coeurssansfrontieres.com\/wp-content\/uploads\/2017\/08\/Retrouvailles-ombre.png","articleSection":["Homepage","Recherche","RECHERCHE ERFOLGREICHE"],"inLanguage":"de"},{"@type":"WebPage","@id":"https:\/\/www.coeurssansfrontieres.com\/de\/recherche\/686-maria-elisabeth-bosch-stuttgart\/","url":"https:\/\/www.coeurssansfrontieres.com\/de\/recherche\/686-maria-elisabeth-bosch-stuttgart\/","name":"686 Maria Elisabeth BOSCH \u2013 Stuttgart - CSF - HOG","isPartOf":{"@id":"https:\/\/www.coeurssansfrontieres.com\/fr\/#website"},"primaryImageOfPage":{"@id":"https:\/\/www.coeurssansfrontieres.com\/de\/recherche\/686-maria-elisabeth-bosch-stuttgart\/#primaryimage"},"image":{"@id":"https:\/\/www.coeurssansfrontieres.com\/de\/recherche\/686-maria-elisabeth-bosch-stuttgart\/#primaryimage"},"thumbnailUrl":"https:\/\/www.coeurssansfrontieres.com\/wp-content\/uploads\/2017\/08\/Retrouvailles-ombre.png","datePublished":"2018-05-09T07:25:01+00:00","dateModified":"2019-03-03T16:35:04+00:00","author":{"@id":"https:\/\/www.coeurssansfrontieres.com\/fr\/#\/schema\/person\/19507754554eb5218427fc31038cac56"},"breadcrumb":{"@id":"https:\/\/www.coeurssansfrontieres.com\/de\/recherche\/686-maria-elisabeth-bosch-stuttgart\/#breadcrumb"},"inLanguage":"de","potentialAction":[{"@type":"ReadAction","target":["https:\/\/www.coeurssansfrontieres.com\/de\/recherche\/686-maria-elisabeth-bosch-stuttgart\/"]}]},{"@type":"ImageObject","inLanguage":"de","@id":"https:\/\/www.coeurssansfrontieres.com\/de\/recherche\/686-maria-elisabeth-bosch-stuttgart\/#primaryimage","url":"https:\/\/www.coeurssansfrontieres.com\/wp-content\/uploads\/2017\/08\/Retrouvailles-ombre.png","contentUrl":"https:\/\/www.coeurssansfrontieres.com\/wp-content\/uploads\/2017\/08\/Retrouvailles-ombre.png","width":123,"height":123},{"@type":"BreadcrumbList","@id":"https:\/\/www.coeurssansfrontieres.com\/de\/recherche\/686-maria-elisabeth-bosch-stuttgart\/#breadcrumb","itemListElement":[{"@type":"ListItem","position":1,"name":"Accueil","item":"https:\/\/www.coeurssansfrontieres.com\/de\/"},{"@type":"ListItem","position":2,"name":"686 Maria Elisabeth BOSCH \u2013 Stuttgart"}]},{"@type":"WebSite","@id":"https:\/\/www.coeurssansfrontieres.com\/fr\/#website","url":"https:\/\/www.coeurssansfrontieres.com\/fr\/","name":"C\u0153urs sans fronti\u00e8res","description":"Association franco-allemande des Enfants de la Seconde Guerre Mondiale","potentialAction":[{"@type":"SearchAction","target":{"@type":"EntryPoint","urlTemplate":"https:\/\/www.coeurssansfrontieres.com\/fr\/?s={search_term_string}"},"query-input":{"@type":"PropertyValueSpecification","valueRequired":true,"valueName":"search_term_string"}}],"inLanguage":"de"},{"@type":"Person","@id":"https:\/\/www.coeurssansfrontieres.com\/fr\/#\/schema\/person\/19507754554eb5218427fc31038cac56","name":"GOFFIN Alexandre"}]}},"_links":{"self":[{"href":"https:\/\/www.coeurssansfrontieres.com\/de\/wp-json\/wp\/v2\/posts\/4142","targetHints":{"allow":["GET"]}}],"collection":[{"href":"https:\/\/www.coeurssansfrontieres.com\/de\/wp-json\/wp\/v2\/posts"}],"about":[{"href":"https:\/\/www.coeurssansfrontieres.com\/de\/wp-json\/wp\/v2\/types\/post"}],"author":[{"embeddable":true,"href":"https:\/\/www.coeurssansfrontieres.com\/de\/wp-json\/wp\/v2\/users\/249"}],"replies":[{"embeddable":true,"href":"https:\/\/www.coeurssansfrontieres.com\/de\/wp-json\/wp\/v2\/comments?post=4142"}],"version-history":[{"count":0,"href":"https:\/\/www.coeurssansfrontieres.com\/de\/wp-json\/wp\/v2\/posts\/4142\/revisions"}],"wp:featuredmedia":[{"embeddable":true,"href":"https:\/\/www.coeurssansfrontieres.com\/de\/wp-json\/wp\/v2\/media\/9961"}],"wp:attachment":[{"href":"https:\/\/www.coeurssansfrontieres.com\/de\/wp-json\/wp\/v2\/media?parent=4142"}],"wp:term":[{"taxonomy":"category","embeddable":true,"href":"https:\/\/www.coeurssansfrontieres.com\/de\/wp-json\/wp\/v2\/categories?post=4142"},{"taxonomy":"post_tag","embeddable":true,"href":"https:\/\/www.coeurssansfrontieres.com\/de\/wp-json\/wp\/v2\/tags?post=4142"}],"curies":[{"name":"wp","href":"https:\/\/api.w.org\/{rel}","templated":true}]}}