{"id":4164,"date":"2016-01-03T14:20:30","date_gmt":"2016-01-03T13:20:30","guid":{"rendered":"http:\/\/www.coeurssansfrontieres.com\/de\/unkategorisiert\/645-weingarten\/"},"modified":"2019-03-03T17:43:17","modified_gmt":"2019-03-03T16:43:17","slug":"645-weingarten","status":"publish","type":"post","link":"https:\/\/www.coeurssansfrontieres.com\/de\/recherche\/645-weingarten\/","title":{"rendered":"645 WEINGARTEN"},"content":{"rendered":"<p>[et_pb_section admin_label=&#8220;section&#8220;][et_pb_row admin_label=&#8220;row&#8220; make_fullwidth=&#8220;on&#8220; use_custom_width=&#8220;off&#8220; width_unit=&#8220;on&#8220; use_custom_gutter=&#8220;off&#8220; padding_mobile=&#8220;off&#8220; allow_player_pause=&#8220;off&#8220; parallax=&#8220;off&#8220; parallax_method=&#8220;off&#8220; make_equal=&#8220;off&#8220; parallax_1=&#8220;off&#8220; parallax_method_1=&#8220;off&#8220; column_padding_mobile=&#8220;on&#8220;][et_pb_column type=&#8220;1_4&#8243;][et_pb_image admin_label=&#8220;Image&#8220; src=&#8220;https:\/\/www.coeurssansfrontieres.com\/wp-content\/uploads\/2016\/01\/151229lq042b.jpg&#8220; show_in_lightbox=&#8220;on&#8220; url_new_window=&#8220;off&#8220; use_overlay=&#8220;on&#8220; hover_icon=&#8220;%%52%%&#8220; animation=&#8220;off&#8220; sticky=&#8220;off&#8220; align=&#8220;center&#8220; force_fullwidth=&#8220;off&#8220; always_center_on_mobile=&#8220;on&#8220; use_border_color=&#8220;off&#8220; border_color=&#8220;#ffffff&#8220; border_style=&#8220;solid&#8220; max_width=&#8220;150px&#8220;]<\/p>\n<p>&nbsp;<\/p>\n<p>[\/et_pb_image][et_pb_image admin_label=&#8220;Image&#8220; src=&#8220;https:\/\/www.coeurssansfrontieres.com\/wp-content\/uploads\/2016\/01\/151229lq042c.jpg&#8220; show_in_lightbox=&#8220;on&#8220; url_new_window=&#8220;off&#8220; use_overlay=&#8220;on&#8220; hover_icon=&#8220;%%52%%&#8220; animation=&#8220;off&#8220; sticky=&#8220;off&#8220; align=&#8220;center&#8220; force_fullwidth=&#8220;off&#8220; always_center_on_mobile=&#8220;on&#8220; use_border_color=&#8220;off&#8220; border_color=&#8220;#ffffff&#8220; border_style=&#8220;solid&#8220; max_width=&#8220;150px&#8220;]<\/p>\n<p>&nbsp;<\/p>\n<p>[\/et_pb_image][\/et_pb_column][et_pb_column type=&#8220;1_2&#8243;][et_pb_post_title admin_label=&#8220;Titre du poste&#8220; title=&#8220;on&#8220; meta=&#8220;off&#8220; author=&#8220;on&#8220; date=&#8220;on&#8220; categories=&#8220;on&#8220; comments=&#8220;on&#8220; featured_image=&#8220;off&#8220; featured_placement=&#8220;below&#8220; parallax_effect=&#8220;on&#8220; parallax_method=&#8220;on&#8220; text_orientation=&#8220;center&#8220; text_color=&#8220;dark&#8220; text_background=&#8220;off&#8220; text_bg_color=&#8220;rgba(255,255,255,0.9)&#8220; module_bg_color=&#8220;rgba(255,255,255,0)&#8220; title_all_caps=&#8220;off&#8220; use_border_color=&#8220;off&#8220; border_color=&#8220;#ffffff&#8220; border_style=&#8220;solid&#8220;]<\/p>\n<p>&nbsp;<\/p>\n<p>[\/et_pb_post_title][et_pb_button admin_label=&#8220;Kontakt Georges Roume&#8220; saved_tabs=&#8220;all&#8220; button_url=&#8220;https:\/\/www.coeurssansfrontieres.com\/de\/kontakt\/roume-georges\/&#8220; url_new_window=&#8220;on&#8220; button_text=&#8220;Um Kontakt mit dem Verantwortlichen dieser Suche&#8220; button_alignment=&#8220;center&#8220; background_layout=&#8220;dark&#8220; custom_button=&#8220;on&#8220; button_bg_color=&#8220;#ad6baf&#8220; button_border_color=&#8220;#ae44af&#8220; button_border_radius=&#8220;50&#8243; button_letter_spacing=&#8220;0&#8243; button_font=&#8220;|on|on||&#8220; button_use_icon=&#8220;on&#8220; button_icon=&#8220;%%109%%&#8220; button_icon_placement=&#8220;left&#8220; button_on_hover=&#8220;off&#8220; button_letter_spacing_hover=&#8220;0&#8243;]<\/p>\n<p>&nbsp;<\/p>\n<p>[\/et_pb_button][et_pb_text admin_label=&#8220;Texte&#8220; background_layout=&#8220;light&#8220; text_orientation=&#8220;left&#8220; use_border_color=&#8220;off&#8220; border_color=&#8220;#ffffff&#8220; border_style=&#8220;solid&#8220;]<\/p>\n<p><strong>N\u00b0645<\/strong><\/p>\n<p>Der Gro\u00dfvater von Aurelie war Kriegsgefangener in\u00a0<strong>WEINGARTEN<\/strong>, Baden-W\u00fcrttemberg, Deutschland. Er war von Beruf B\u00e4cker und arbeitete in der\u00a0<strong>B\u00e4ckerei SCH\u00d6PF<\/strong>\u00a0in Weingarten, Wilhelm Munststra\u00dfe 32. Er verkehrte mit Hedwig\/Edwige Tochter der B\u00e4ckerei. Aurelie denkt, da\u00df ein Kind gezeugt wurde.<\/p>\n<p>Sie will dieses Kind finden und von ihrem Vater sprechen.<\/p>\n<p><em>Wenn Sie Aurelie helfen k\u00f6nnen, dann kontaktieren Sie bitte den Verein.<\/em><\/p>\n<p>Danke.<\/p>\n<p>&nbsp;<\/p>\n<hr \/>\n<p>&nbsp;<\/p>\n<p>[\/et_pb_text][\/et_pb_column][et_pb_column type=&#8220;1_4&#8243;][et_pb_image admin_label=&#8220;Image recherches en cours&#8220; src=&#8220;https:\/\/www.coeurssansfrontieres.com\/wp-content\/uploads\/2017\/09\/Recherches-en-cours-OMBRE.png&#8220; show_in_lightbox=&#8220;off&#8220; url_new_window=&#8220;off&#8220; use_overlay=&#8220;off&#8220; animation=&#8220;off&#8220; sticky=&#8220;on&#8220; align=&#8220;center&#8220; max_width=&#8220;50px&#8220; force_fullwidth=&#8220;off&#8220; always_center_on_mobile=&#8220;on&#8220; use_border_color=&#8220;off&#8220; border_color=&#8220;#ffffff&#8220; border_style=&#8220;solid&#8220;]<\/p>\n<p>&nbsp;<\/p>\n<p>[\/et_pb_image][et_pb_search admin_label=&#8220; Suche&#8220; background_layout=&#8220;light&#8220; text_orientation=&#8220;left&#8220; exclude_pages=&#8220;on&#8220; exclude_posts=&#8220;off&#8220; hide_button=&#8220;off&#8220; placeholder=&#8220; Suche&#8220; button_color=&#8220;#a61abf&#8220; input_font_size=&#8220;11&#8243; button_font=&#8220;|on|||&#8220; button_line_height=&#8220;2em&#8220; button_font_size=&#8220;11&#8243; input_line_height=&#8220;2em&#8220; custom_css_main_element=&#8220;box-shadow: 6px 6px 6px #7C7C7C;&#8220; include_categories=&#8220;183,236,212,227,180,214,162,170,202,231,229,208,1,161,160,158,168,210,154,28,66,163,22,13&#8243;]<\/p>\n<p>&nbsp;<\/p>\n<p>[\/et_pb_search][et_pb_sidebar admin_label=&#8220;BL Laufende Recherchen&#8220; orientation=&#8220;right&#8220; area=&#8220;et_pb_widget_area_52&#8243; background_layout=&#8220;light&#8220; remove_border=&#8220;off&#8220; header_font=&#8220;|on|||&#8220; body_line_height=&#8220;2em&#8220;]<\/p>\n<p>&nbsp;<\/p>\n<p>[\/et_pb_sidebar][\/et_pb_column][\/et_pb_row][\/et_pb_section]<\/p>\n","protected":false},"excerpt":{"rendered":"<p>&nbsp; &nbsp; &nbsp; &nbsp; N\u00b0645 Der Gro\u00dfvater von Aurelie war Kriegsgefangener in\u00a0WEINGARTEN, Baden-W\u00fcrttemberg, Deutschland. Er war von Beruf B\u00e4cker und arbeitete in der\u00a0B\u00e4ckerei SCH\u00d6PF\u00a0in Weingarten, Wilhelm Munststra\u00dfe 32. Er verkehrte mit Hedwig\/Edwige Tochter der B\u00e4ckerei. Aurelie denkt, da\u00df ein Kind gezeugt wurde. Sie will dieses Kind finden und von ihrem Vater sprechen. Wenn Sie Aurelie [&hellip;]<\/p>\n","protected":false},"author":249,"featured_media":9961,"comment_status":"closed","ping_status":"closed","sticky":false,"template":"","format":"standard","meta":{"_et_pb_use_builder":"on","_et_pb_old_content":"<p><strong>N\u00b0645<\/strong><\/p><p>Le grand-p\u00e8re d\u2019Aur\u00e9lie a \u00e9t\u00e9 prisonnier de guerre \u00e0 <strong>WEINGARTEN<\/strong> Bade-Wurtemberg en Allemagne. Etant boulanger il a travaill\u00e9 \u00e0 <strong>la boulangerie SCH\u00d6PF<\/strong> \u2013 Adresse : Wihlelm Munststra\u00dfe 32, Weingarten.<\/p><p>Il a fr\u00e9quent\u00e9 la fille de la boulangerie, son pr\u00e9nom serait Edwige\/Hedwige. Aur\u00e9lie croit qu\u2019un enfant est n\u00e9 de cette liaison.<\/p><p>Elle esp\u00e8re le trouver et lui parler de son p\u00e8re.<\/p><p><em>Si vous pouvez aider Aur\u00e9lie, contactez l\u2019association, merci.<\/em><\/p><p><a href=\"https:\/\/www.coeurssansfrontieres.com\/wp-content\/uploads\/2008\/08\/151229lq042b.jpg\" target=\"_blank\" rel=\"noopener noreferrer\">Image 1 - Cliquez ici<\/a><\/p><p><a href=\"https:\/\/www.coeurssansfrontieres.com\/wp-content\/uploads\/2008\/08\/151229lq042c.jpg\" target=\"_blank\" rel=\"noopener noreferrer\">Image 2 - Cliquez ici<\/a><\/p><hr \/><p>\u00a0<\/p>","_et_gb_content_width":"","footnotes":""},"categories":[172,174],"tags":[],"class_list":["post-4164","post","type-post","status-publish","format-standard","has-post-thumbnail","hentry","category-recherche","category-recherche-erfolgreiche"],"yoast_head":"<!-- This site is optimized with the Yoast SEO plugin v27.5 - https:\/\/yoast.com\/product\/yoast-seo-wordpress\/ -->\n<title>645 WEINGARTEN - CSF - HOG<\/title>\n<meta name=\"robots\" content=\"index, follow, max-snippet:-1, max-image-preview:large, max-video-preview:-1\" \/>\n<link rel=\"canonical\" href=\"https:\/\/www.coeurssansfrontieres.com\/de\/recherche\/645-weingarten\/\" \/>\n<meta property=\"og:locale\" content=\"de_DE\" \/>\n<meta property=\"og:type\" content=\"article\" \/>\n<meta property=\"og:title\" content=\"645 WEINGARTEN - CSF - HOG\" \/>\n<meta property=\"og:description\" content=\"&nbsp; &nbsp; &nbsp; &nbsp; N\u00b0645 Der Gro\u00dfvater von Aurelie war Kriegsgefangener in\u00a0WEINGARTEN, Baden-W\u00fcrttemberg, Deutschland. Er war von Beruf B\u00e4cker und arbeitete in der\u00a0B\u00e4ckerei SCH\u00d6PF\u00a0in Weingarten, Wilhelm Munststra\u00dfe 32. Er verkehrte mit Hedwig\/Edwige Tochter der B\u00e4ckerei. Aurelie denkt, da\u00df ein Kind gezeugt wurde. Sie will dieses Kind finden und von ihrem Vater sprechen. Wenn Sie Aurelie [&hellip;]\" \/>\n<meta property=\"og:url\" content=\"https:\/\/www.coeurssansfrontieres.com\/de\/recherche\/645-weingarten\/\" \/>\n<meta property=\"og:site_name\" content=\"CSF - HOG\" \/>\n<meta property=\"article:published_time\" content=\"2016-01-03T13:20:30+00:00\" \/>\n<meta property=\"article:modified_time\" content=\"2019-03-03T16:43:17+00:00\" \/>\n<meta property=\"og:image\" content=\"https:\/\/www.coeurssansfrontieres.com\/wp-content\/uploads\/2017\/08\/Retrouvailles-ombre.png\" \/>\n\t<meta property=\"og:image:width\" content=\"123\" \/>\n\t<meta property=\"og:image:height\" content=\"123\" \/>\n\t<meta property=\"og:image:type\" content=\"image\/png\" \/>\n<meta name=\"author\" content=\"GOFFIN Alexandre\" \/>\n<meta name=\"twitter:card\" content=\"summary_large_image\" \/>\n<meta name=\"twitter:label1\" content=\"Verfasst von\" \/>\n\t<meta name=\"twitter:data1\" content=\"GOFFIN Alexandre\" \/>\n\t<meta name=\"twitter:label2\" content=\"Gesch\u00e4tzte Lesezeit\" \/>\n\t<meta name=\"twitter:data2\" content=\"3\u00a0Minuten\" \/>\n<script type=\"application\/ld+json\" class=\"yoast-schema-graph\">{\"@context\":\"https:\\\/\\\/schema.org\",\"@graph\":[{\"@type\":\"Article\",\"@id\":\"https:\\\/\\\/www.coeurssansfrontieres.com\\\/de\\\/recherche\\\/645-weingarten\\\/#article\",\"isPartOf\":{\"@id\":\"https:\\\/\\\/www.coeurssansfrontieres.com\\\/de\\\/recherche\\\/645-weingarten\\\/\"},\"author\":{\"name\":\"GOFFIN Alexandre\",\"@id\":\"https:\\\/\\\/www.coeurssansfrontieres.com\\\/fr\\\/#\\\/schema\\\/person\\\/19507754554eb5218427fc31038cac56\"},\"headline\":\"645 WEINGARTEN\",\"datePublished\":\"2016-01-03T13:20:30+00:00\",\"dateModified\":\"2019-03-03T16:43:17+00:00\",\"mainEntityOfPage\":{\"@id\":\"https:\\\/\\\/www.coeurssansfrontieres.com\\\/de\\\/recherche\\\/645-weingarten\\\/\"},\"wordCount\":602,\"image\":{\"@id\":\"https:\\\/\\\/www.coeurssansfrontieres.com\\\/de\\\/recherche\\\/645-weingarten\\\/#primaryimage\"},\"thumbnailUrl\":\"https:\\\/\\\/www.coeurssansfrontieres.com\\\/wp-content\\\/uploads\\\/2017\\\/08\\\/Retrouvailles-ombre.png\",\"articleSection\":[\"Recherche\",\"RECHERCHE ERFOLGREICHE\"],\"inLanguage\":\"de\"},{\"@type\":\"WebPage\",\"@id\":\"https:\\\/\\\/www.coeurssansfrontieres.com\\\/de\\\/recherche\\\/645-weingarten\\\/\",\"url\":\"https:\\\/\\\/www.coeurssansfrontieres.com\\\/de\\\/recherche\\\/645-weingarten\\\/\",\"name\":\"645 WEINGARTEN - CSF - HOG\",\"isPartOf\":{\"@id\":\"https:\\\/\\\/www.coeurssansfrontieres.com\\\/fr\\\/#website\"},\"primaryImageOfPage\":{\"@id\":\"https:\\\/\\\/www.coeurssansfrontieres.com\\\/de\\\/recherche\\\/645-weingarten\\\/#primaryimage\"},\"image\":{\"@id\":\"https:\\\/\\\/www.coeurssansfrontieres.com\\\/de\\\/recherche\\\/645-weingarten\\\/#primaryimage\"},\"thumbnailUrl\":\"https:\\\/\\\/www.coeurssansfrontieres.com\\\/wp-content\\\/uploads\\\/2017\\\/08\\\/Retrouvailles-ombre.png\",\"datePublished\":\"2016-01-03T13:20:30+00:00\",\"dateModified\":\"2019-03-03T16:43:17+00:00\",\"author\":{\"@id\":\"https:\\\/\\\/www.coeurssansfrontieres.com\\\/fr\\\/#\\\/schema\\\/person\\\/19507754554eb5218427fc31038cac56\"},\"breadcrumb\":{\"@id\":\"https:\\\/\\\/www.coeurssansfrontieres.com\\\/de\\\/recherche\\\/645-weingarten\\\/#breadcrumb\"},\"inLanguage\":\"de\",\"potentialAction\":[{\"@type\":\"ReadAction\",\"target\":[\"https:\\\/\\\/www.coeurssansfrontieres.com\\\/de\\\/recherche\\\/645-weingarten\\\/\"]}]},{\"@type\":\"ImageObject\",\"inLanguage\":\"de\",\"@id\":\"https:\\\/\\\/www.coeurssansfrontieres.com\\\/de\\\/recherche\\\/645-weingarten\\\/#primaryimage\",\"url\":\"https:\\\/\\\/www.coeurssansfrontieres.com\\\/wp-content\\\/uploads\\\/2017\\\/08\\\/Retrouvailles-ombre.png\",\"contentUrl\":\"https:\\\/\\\/www.coeurssansfrontieres.com\\\/wp-content\\\/uploads\\\/2017\\\/08\\\/Retrouvailles-ombre.png\",\"width\":123,\"height\":123},{\"@type\":\"BreadcrumbList\",\"@id\":\"https:\\\/\\\/www.coeurssansfrontieres.com\\\/de\\\/recherche\\\/645-weingarten\\\/#breadcrumb\",\"itemListElement\":[{\"@type\":\"ListItem\",\"position\":1,\"name\":\"Accueil\",\"item\":\"https:\\\/\\\/www.coeurssansfrontieres.com\\\/de\\\/\"},{\"@type\":\"ListItem\",\"position\":2,\"name\":\"645 WEINGARTEN\"}]},{\"@type\":\"WebSite\",\"@id\":\"https:\\\/\\\/www.coeurssansfrontieres.com\\\/fr\\\/#website\",\"url\":\"https:\\\/\\\/www.coeurssansfrontieres.com\\\/fr\\\/\",\"name\":\"C\u0153urs sans fronti\u00e8res\",\"description\":\"Association franco-allemande des Enfants de la Seconde Guerre Mondiale\",\"potentialAction\":[{\"@type\":\"SearchAction\",\"target\":{\"@type\":\"EntryPoint\",\"urlTemplate\":\"https:\\\/\\\/www.coeurssansfrontieres.com\\\/fr\\\/?s={search_term_string}\"},\"query-input\":{\"@type\":\"PropertyValueSpecification\",\"valueRequired\":true,\"valueName\":\"search_term_string\"}}],\"inLanguage\":\"de\"},{\"@type\":\"Person\",\"@id\":\"https:\\\/\\\/www.coeurssansfrontieres.com\\\/fr\\\/#\\\/schema\\\/person\\\/19507754554eb5218427fc31038cac56\",\"name\":\"GOFFIN Alexandre\"}]}<\/script>\n<!-- \/ Yoast SEO plugin. -->","yoast_head_json":{"title":"645 WEINGARTEN - CSF - HOG","robots":{"index":"index","follow":"follow","max-snippet":"max-snippet:-1","max-image-preview":"max-image-preview:large","max-video-preview":"max-video-preview:-1"},"canonical":"https:\/\/www.coeurssansfrontieres.com\/de\/recherche\/645-weingarten\/","og_locale":"de_DE","og_type":"article","og_title":"645 WEINGARTEN - CSF - HOG","og_description":"&nbsp; &nbsp; &nbsp; &nbsp; N\u00b0645 Der Gro\u00dfvater von Aurelie war Kriegsgefangener in\u00a0WEINGARTEN, Baden-W\u00fcrttemberg, Deutschland. Er war von Beruf B\u00e4cker und arbeitete in der\u00a0B\u00e4ckerei SCH\u00d6PF\u00a0in Weingarten, Wilhelm Munststra\u00dfe 32. Er verkehrte mit Hedwig\/Edwige Tochter der B\u00e4ckerei. Aurelie denkt, da\u00df ein Kind gezeugt wurde. Sie will dieses Kind finden und von ihrem Vater sprechen. Wenn Sie Aurelie [&hellip;]","og_url":"https:\/\/www.coeurssansfrontieres.com\/de\/recherche\/645-weingarten\/","og_site_name":"CSF - HOG","article_published_time":"2016-01-03T13:20:30+00:00","article_modified_time":"2019-03-03T16:43:17+00:00","og_image":[{"width":123,"height":123,"url":"https:\/\/www.coeurssansfrontieres.com\/wp-content\/uploads\/2017\/08\/Retrouvailles-ombre.png","type":"image\/png"}],"author":"GOFFIN Alexandre","twitter_card":"summary_large_image","twitter_misc":{"Verfasst von":"GOFFIN Alexandre","Gesch\u00e4tzte Lesezeit":"3\u00a0Minuten"},"schema":{"@context":"https:\/\/schema.org","@graph":[{"@type":"Article","@id":"https:\/\/www.coeurssansfrontieres.com\/de\/recherche\/645-weingarten\/#article","isPartOf":{"@id":"https:\/\/www.coeurssansfrontieres.com\/de\/recherche\/645-weingarten\/"},"author":{"name":"GOFFIN Alexandre","@id":"https:\/\/www.coeurssansfrontieres.com\/fr\/#\/schema\/person\/19507754554eb5218427fc31038cac56"},"headline":"645 WEINGARTEN","datePublished":"2016-01-03T13:20:30+00:00","dateModified":"2019-03-03T16:43:17+00:00","mainEntityOfPage":{"@id":"https:\/\/www.coeurssansfrontieres.com\/de\/recherche\/645-weingarten\/"},"wordCount":602,"image":{"@id":"https:\/\/www.coeurssansfrontieres.com\/de\/recherche\/645-weingarten\/#primaryimage"},"thumbnailUrl":"https:\/\/www.coeurssansfrontieres.com\/wp-content\/uploads\/2017\/08\/Retrouvailles-ombre.png","articleSection":["Recherche","RECHERCHE ERFOLGREICHE"],"inLanguage":"de"},{"@type":"WebPage","@id":"https:\/\/www.coeurssansfrontieres.com\/de\/recherche\/645-weingarten\/","url":"https:\/\/www.coeurssansfrontieres.com\/de\/recherche\/645-weingarten\/","name":"645 WEINGARTEN - CSF - HOG","isPartOf":{"@id":"https:\/\/www.coeurssansfrontieres.com\/fr\/#website"},"primaryImageOfPage":{"@id":"https:\/\/www.coeurssansfrontieres.com\/de\/recherche\/645-weingarten\/#primaryimage"},"image":{"@id":"https:\/\/www.coeurssansfrontieres.com\/de\/recherche\/645-weingarten\/#primaryimage"},"thumbnailUrl":"https:\/\/www.coeurssansfrontieres.com\/wp-content\/uploads\/2017\/08\/Retrouvailles-ombre.png","datePublished":"2016-01-03T13:20:30+00:00","dateModified":"2019-03-03T16:43:17+00:00","author":{"@id":"https:\/\/www.coeurssansfrontieres.com\/fr\/#\/schema\/person\/19507754554eb5218427fc31038cac56"},"breadcrumb":{"@id":"https:\/\/www.coeurssansfrontieres.com\/de\/recherche\/645-weingarten\/#breadcrumb"},"inLanguage":"de","potentialAction":[{"@type":"ReadAction","target":["https:\/\/www.coeurssansfrontieres.com\/de\/recherche\/645-weingarten\/"]}]},{"@type":"ImageObject","inLanguage":"de","@id":"https:\/\/www.coeurssansfrontieres.com\/de\/recherche\/645-weingarten\/#primaryimage","url":"https:\/\/www.coeurssansfrontieres.com\/wp-content\/uploads\/2017\/08\/Retrouvailles-ombre.png","contentUrl":"https:\/\/www.coeurssansfrontieres.com\/wp-content\/uploads\/2017\/08\/Retrouvailles-ombre.png","width":123,"height":123},{"@type":"BreadcrumbList","@id":"https:\/\/www.coeurssansfrontieres.com\/de\/recherche\/645-weingarten\/#breadcrumb","itemListElement":[{"@type":"ListItem","position":1,"name":"Accueil","item":"https:\/\/www.coeurssansfrontieres.com\/de\/"},{"@type":"ListItem","position":2,"name":"645 WEINGARTEN"}]},{"@type":"WebSite","@id":"https:\/\/www.coeurssansfrontieres.com\/fr\/#website","url":"https:\/\/www.coeurssansfrontieres.com\/fr\/","name":"C\u0153urs sans fronti\u00e8res","description":"Association franco-allemande des Enfants de la Seconde Guerre Mondiale","potentialAction":[{"@type":"SearchAction","target":{"@type":"EntryPoint","urlTemplate":"https:\/\/www.coeurssansfrontieres.com\/fr\/?s={search_term_string}"},"query-input":{"@type":"PropertyValueSpecification","valueRequired":true,"valueName":"search_term_string"}}],"inLanguage":"de"},{"@type":"Person","@id":"https:\/\/www.coeurssansfrontieres.com\/fr\/#\/schema\/person\/19507754554eb5218427fc31038cac56","name":"GOFFIN Alexandre"}]}},"_links":{"self":[{"href":"https:\/\/www.coeurssansfrontieres.com\/de\/wp-json\/wp\/v2\/posts\/4164","targetHints":{"allow":["GET"]}}],"collection":[{"href":"https:\/\/www.coeurssansfrontieres.com\/de\/wp-json\/wp\/v2\/posts"}],"about":[{"href":"https:\/\/www.coeurssansfrontieres.com\/de\/wp-json\/wp\/v2\/types\/post"}],"author":[{"embeddable":true,"href":"https:\/\/www.coeurssansfrontieres.com\/de\/wp-json\/wp\/v2\/users\/249"}],"replies":[{"embeddable":true,"href":"https:\/\/www.coeurssansfrontieres.com\/de\/wp-json\/wp\/v2\/comments?post=4164"}],"version-history":[{"count":0,"href":"https:\/\/www.coeurssansfrontieres.com\/de\/wp-json\/wp\/v2\/posts\/4164\/revisions"}],"wp:featuredmedia":[{"embeddable":true,"href":"https:\/\/www.coeurssansfrontieres.com\/de\/wp-json\/wp\/v2\/media\/9961"}],"wp:attachment":[{"href":"https:\/\/www.coeurssansfrontieres.com\/de\/wp-json\/wp\/v2\/media?parent=4164"}],"wp:term":[{"taxonomy":"category","embeddable":true,"href":"https:\/\/www.coeurssansfrontieres.com\/de\/wp-json\/wp\/v2\/categories?post=4164"},{"taxonomy":"post_tag","embeddable":true,"href":"https:\/\/www.coeurssansfrontieres.com\/de\/wp-json\/wp\/v2\/tags?post=4164"}],"curies":[{"name":"wp","href":"https:\/\/api.w.org\/{rel}","templated":true}]}}