{"id":4253,"date":"2015-12-25T18:03:45","date_gmt":"2015-12-25T17:03:45","guid":{"rendered":"http:\/\/www.coeurssansfrontieres.com\/de\/unkategorisiert\/420-henri\/"},"modified":"2017-08-09T17:11:33","modified_gmt":"2017-08-09T15:11:33","slug":"420-henri","status":"publish","type":"post","link":"https:\/\/www.coeurssansfrontieres.com\/de\/recherche\/recherche-erfolgreiche\/420-henri\/","title":{"rendered":"420 Henri"},"content":{"rendered":"<p>[et_pb_section admin_label=&#8220;section&#8220;][et_pb_row admin_label=&#8220;row&#8220; make_fullwidth=&#8220;on&#8220; use_custom_width=&#8220;off&#8220; width_unit=&#8220;on&#8220; use_custom_gutter=&#8220;off&#8220; padding_mobile=&#8220;off&#8220; allow_player_pause=&#8220;off&#8220; parallax=&#8220;off&#8220; parallax_method=&#8220;off&#8220; make_equal=&#8220;off&#8220; parallax_1=&#8220;off&#8220; parallax_method_1=&#8220;off&#8220; parallax_2=&#8220;off&#8220; parallax_method_2=&#8220;off&#8220; parallax_3=&#8220;off&#8220; parallax_method_3=&#8220;off&#8220; column_padding_mobile=&#8220;on&#8220;][et_pb_column type=&#8220;1_4&#8243;][et_pb_image admin_label=&#8220;Image&#8220; src=&#8220;https:\/\/www.coeurssansfrontieres.com\/wp-content\/uploads\/2017\/07\/141020lq044a.jpg&#8220; show_in_lightbox=&#8220;on&#8220; url_new_window=&#8220;on&#8220; use_overlay=&#8220;on&#8220; animation=&#8220;off&#8220; sticky=&#8220;off&#8220; align=&#8220;center&#8220; force_fullwidth=&#8220;on&#8220; always_center_on_mobile=&#8220;on&#8220; use_border_color=&#8220;off&#8220; border_color=&#8220;#ffffff&#8220; border_style=&#8220;solid&#8220; hover_icon=&#8220;%%52%%&#8220; max_width=&#8220;200px&#8220; alt=&#8220;Guy, 19 Jahren, w\u00e4hrend seines Milit\u00e4rdienstes in Deutschland&#8220;] [\/et_pb_image][\/et_pb_column][et_pb_column type=&#8220;1_2&#8243;][et_pb_post_title admin_label=&#8220;Titre du poste&#8220; title=&#8220;on&#8220; meta=&#8220;off&#8220; author=&#8220;on&#8220; date=&#8220;on&#8220; categories=&#8220;on&#8220; comments=&#8220;on&#8220; featured_image=&#8220;off&#8220; featured_placement=&#8220;below&#8220; parallax_effect=&#8220;on&#8220; parallax_method=&#8220;on&#8220; text_orientation=&#8220;center&#8220; text_color=&#8220;dark&#8220; text_background=&#8220;off&#8220; text_bg_color=&#8220;rgba(255,255,255,0.9)&#8220; module_bg_color=&#8220;rgba(255,255,255,0)&#8220; title_all_caps=&#8220;off&#8220; use_border_color=&#8220;off&#8220; border_color=&#8220;#ffffff&#8220; border_style=&#8220;solid&#8220;] [\/et_pb_post_title][et_pb_button admin_label=&#8220;Contact Gestion Recherches&#8220; button_url=&#8220;https:\/\/www.coeurssansfrontieres.com\/fr\/contacts\/roume-georges\/&#8220; url_new_window=&#8220;on&#8220; button_alignment=&#8220;center&#8220; background_layout=&#8220;dark&#8220; custom_button=&#8220;on&#8220; button_letter_spacing=&#8220;0&#8243; button_use_icon=&#8220;on&#8220; button_icon_placement=&#8220;left&#8220; button_on_hover=&#8220;off&#8220; button_letter_spacing_hover=&#8220;0&#8243; button_text=&#8220;Pour contacter les gestionnaires de cette recherche&#8220; button_icon=&#8220;%%109%%&#8220; button_border_radius=&#8220;50&#8243; button_font=&#8220;|on|on||&#8220; button_bg_color=&#8220;#ad6baf&#8220; button_border_color=&#8220;#ae44af&#8220; saved_tabs=&#8220;all&#8220;] [\/et_pb_button][et_pb_text admin_label=&#8220;Texte&#8220; background_layout=&#8220;light&#8220; text_orientation=&#8220;left&#8220; use_border_color=&#8220;off&#8220; border_color=&#8220;#ffffff&#8220; border_style=&#8220;solid&#8220;]<\/p>\n<p><strong>Nr 420\u00a0GEL\u00d6ST<br \/>\n<\/strong><\/p>\n<p>Guy wurde am 7.Februar 1945 in Dijon (C\u00f4te d\u2019Or, Frankreich) von unbekanntem Vater geboren. Er hatte als 3.Vornamen \u201cHenri\u201d, den seine Mutter ihm in Erinnerung an seinen Vater gegeben hat.<\/p>\n<p>Seine Mutter, Simone, geboren am 30.Oktober 1918 in Dijon, gestorben am 2.Dezember 2010, hat im Mai 1946 Lucien geheiratet, der Guy an Kindes statt angenommen und so legetimiert hat. Guy hat mit 50 Jahren erfahren, dass Lucien nicht sein leiblicher Vater war.<\/p>\n<p>Dieser hiess Henri\/Heinrich mit Vornamen, war Soldat tschechischer Herkunft und war j\u00fcnger als Simone. Er war in der deutschen Armee bei den Landstreitkr\u00e4ften engagiert.<\/p>\n<p>Simone und Henri\/Heinrich haben sich im Milit\u00e4rkrankenhaus\u00a0<strong>Montmuzard in Dijon<\/strong>\u00a0(von den Deutschen besetzt) kennengelernt, wo Simone als Putzhilfe arbeitete.<\/p>\n<p>Man weiss nicht, ob er im Krankenhaus arbeitete oder ob er sich dort auf Grund einer Verletzung oder Krankheit aufhielt.<\/p>\n<p>Er soll in einer Kaserne gelebt haben, ohne Zweifel\u00a0<strong>die Kaserne Vaillant oder die Kaserne Junot in Dijon<\/strong>\u00a0(beide von den Deutschen besetzt).<\/p>\n<p>Diese Kasernen befanden sich in der N\u00e4he des \u201cplace de la R\u00e9publique\u201d in Dijon.<\/p>\n<p>Simone wohnte mit einer Freundin im\u00a0<strong>Hotel \u00ab de l\u2019Etoile \u00bb, place de la R\u00e9publique in Dijon.<\/strong><\/p>\n<p>Nach Simone Aussagen zog Henri\/Heinrich manchmal tags\u00fcber ins Man\u00f6ver, und abends kam er zur\u00fcck in die Kaserne.<\/p>\n<p><strong>Henri\/Heinrich habe ihr gesagt, dass er Deserteur sei<\/strong>, dass er sich verstecke, aber man weiss nicht, wann genau, er habe eine Pistole bei sich gehabt, mit der er sich umbringen wollte, falls er auffliegen sollte.<\/p>\n<p>Beide h\u00e4tten mit anderen Soldaten und Angestellten das Krankenhaus verlassen, um in ihr Land zur\u00fcckzukehren, aber sie seien von der FFI verhaftet worden und dies in Folge einer Denunzierung durch einen Krankenhausangestellten, der zur FFI geh\u00f6rte. Es ist nicht bekannt, wo und wann sie verhaftet wurden.<\/p>\n<p>Die Frauen seien ins Krankenhaus gebracht worden, aber man weiss nicht, was die FFI mit den deutschen Soldaten gemacht hat (hingerichtet? Gefangen genommen?)<\/p>\n<p><em>Wir richten uns an deutsche Familien, die einen Verwandten oder nahen Bekannten hatten, der in Dijon stationiert war, vor allem 1944, in einer der Kasernen oder im Milit\u00e4rkrankenhaus Montmuzard von Dijon oder die das Hotel \u201cde l\u2019Etoile\u201d in Dijon kannten oder auch einen gewissen Henri oder Heinrich tschechischer Herkunft kannten.<\/em><\/p>\n<p>Vielleicht stammte er aus dem Sudetenland, deren M\u00e4nner in die deutsche Wehrmacht aufgenommen wurden.<\/p>\n<p>Vielen Dank an alle, die uns helfen k\u00f6nnten.<\/p>\n<p>[\/et_pb_text][\/et_pb_column][et_pb_column type=&#8220;1_4&#8243;][et_pb_sidebar admin_label=&#8220;Barre lat\u00e9rale&#8220; orientation=&#8220;right&#8220; area=&#8220;et_pb_widget_area_17&#8243; background_layout=&#8220;light&#8220; remove_border=&#8220;off&#8220; header_font=&#8220;|on|||&#8220; body_line_height=&#8220;2em&#8220;] [\/et_pb_sidebar][\/et_pb_column][\/et_pb_row][\/et_pb_section]<\/p>\n","protected":false},"excerpt":{"rendered":"<p>Nr 420\u00a0GEL\u00d6ST Guy wurde am 7.Februar 1945 in Dijon (C\u00f4te d\u2019Or, Frankreich) von unbekanntem Vater geboren. Er hatte als 3.Vornamen \u201cHenri\u201d, den seine Mutter ihm in Erinnerung an seinen Vater gegeben hat. Seine Mutter, Simone, geboren am 30.Oktober 1918 in Dijon, gestorben am 2.Dezember 2010, hat im Mai 1946 Lucien geheiratet, der Guy an Kindes [&hellip;]<\/p>\n","protected":false},"author":249,"featured_media":2810,"comment_status":"closed","ping_status":"closed","sticky":false,"template":"","format":"standard","meta":{"_et_pb_use_builder":"on","_et_pb_old_content":"","_et_gb_content_width":"","footnotes":""},"categories":[172,174],"tags":[],"class_list":["post-4253","post","type-post","status-publish","format-standard","has-post-thumbnail","hentry","category-recherche","category-recherche-erfolgreiche"],"yoast_head":"<!-- This site is optimized with the Yoast SEO plugin v27.5 - https:\/\/yoast.com\/product\/yoast-seo-wordpress\/ -->\n<title>420 Henri - CSF - HOG<\/title>\n<meta name=\"robots\" content=\"index, follow, max-snippet:-1, max-image-preview:large, max-video-preview:-1\" \/>\n<link rel=\"canonical\" href=\"https:\/\/www.coeurssansfrontieres.com\/de\/recherche\/recherche-erfolgreiche\/420-henri\/\" \/>\n<meta property=\"og:locale\" content=\"de_DE\" \/>\n<meta property=\"og:type\" content=\"article\" \/>\n<meta property=\"og:title\" content=\"420 Henri - CSF - HOG\" \/>\n<meta property=\"og:description\" content=\"Nr 420\u00a0GEL\u00d6ST Guy wurde am 7.Februar 1945 in Dijon (C\u00f4te d\u2019Or, Frankreich) von unbekanntem Vater geboren. Er hatte als 3.Vornamen \u201cHenri\u201d, den seine Mutter ihm in Erinnerung an seinen Vater gegeben hat. Seine Mutter, Simone, geboren am 30.Oktober 1918 in Dijon, gestorben am 2.Dezember 2010, hat im Mai 1946 Lucien geheiratet, der Guy an Kindes [&hellip;]\" \/>\n<meta property=\"og:url\" content=\"https:\/\/www.coeurssansfrontieres.com\/de\/recherche\/recherche-erfolgreiche\/420-henri\/\" \/>\n<meta property=\"og:site_name\" content=\"CSF - HOG\" \/>\n<meta property=\"article:published_time\" content=\"2015-12-25T17:03:45+00:00\" \/>\n<meta property=\"article:modified_time\" content=\"2017-08-09T15:11:33+00:00\" \/>\n<meta property=\"og:image\" content=\"https:\/\/www.coeurssansfrontieres.com\/wp-content\/uploads\/2017\/07\/141020lq044a-small.jpg\" \/>\n\t<meta property=\"og:image:width\" content=\"200\" \/>\n\t<meta property=\"og:image:height\" content=\"200\" \/>\n\t<meta property=\"og:image:type\" content=\"image\/jpeg\" \/>\n<meta name=\"author\" content=\"GOFFIN Alexandre\" \/>\n<meta name=\"twitter:card\" content=\"summary_large_image\" \/>\n<meta name=\"twitter:label1\" content=\"Verfasst von\" \/>\n\t<meta name=\"twitter:data1\" content=\"GOFFIN Alexandre\" \/>\n\t<meta name=\"twitter:label2\" content=\"Gesch\u00e4tzte Lesezeit\" \/>\n\t<meta name=\"twitter:data2\" content=\"4\u00a0Minuten\" \/>\n<script type=\"application\/ld+json\" class=\"yoast-schema-graph\">{\"@context\":\"https:\\\/\\\/schema.org\",\"@graph\":[{\"@type\":\"Article\",\"@id\":\"https:\\\/\\\/www.coeurssansfrontieres.com\\\/de\\\/recherche\\\/recherche-erfolgreiche\\\/420-henri\\\/#article\",\"isPartOf\":{\"@id\":\"https:\\\/\\\/www.coeurssansfrontieres.com\\\/de\\\/recherche\\\/recherche-erfolgreiche\\\/420-henri\\\/\"},\"author\":{\"name\":\"GOFFIN Alexandre\",\"@id\":\"https:\\\/\\\/www.coeurssansfrontieres.com\\\/fr\\\/#\\\/schema\\\/person\\\/19507754554eb5218427fc31038cac56\"},\"headline\":\"420 Henri\",\"datePublished\":\"2015-12-25T17:03:45+00:00\",\"dateModified\":\"2017-08-09T15:11:33+00:00\",\"mainEntityOfPage\":{\"@id\":\"https:\\\/\\\/www.coeurssansfrontieres.com\\\/de\\\/recherche\\\/recherche-erfolgreiche\\\/420-henri\\\/\"},\"wordCount\":765,\"image\":{\"@id\":\"https:\\\/\\\/www.coeurssansfrontieres.com\\\/de\\\/recherche\\\/recherche-erfolgreiche\\\/420-henri\\\/#primaryimage\"},\"thumbnailUrl\":\"https:\\\/\\\/www.coeurssansfrontieres.com\\\/wp-content\\\/uploads\\\/2017\\\/07\\\/141020lq044a-small.jpg\",\"articleSection\":[\"Recherche\",\"RECHERCHE ERFOLGREICHE\"],\"inLanguage\":\"de\"},{\"@type\":\"WebPage\",\"@id\":\"https:\\\/\\\/www.coeurssansfrontieres.com\\\/de\\\/recherche\\\/recherche-erfolgreiche\\\/420-henri\\\/\",\"url\":\"https:\\\/\\\/www.coeurssansfrontieres.com\\\/de\\\/recherche\\\/recherche-erfolgreiche\\\/420-henri\\\/\",\"name\":\"420 Henri - CSF - HOG\",\"isPartOf\":{\"@id\":\"https:\\\/\\\/www.coeurssansfrontieres.com\\\/fr\\\/#website\"},\"primaryImageOfPage\":{\"@id\":\"https:\\\/\\\/www.coeurssansfrontieres.com\\\/de\\\/recherche\\\/recherche-erfolgreiche\\\/420-henri\\\/#primaryimage\"},\"image\":{\"@id\":\"https:\\\/\\\/www.coeurssansfrontieres.com\\\/de\\\/recherche\\\/recherche-erfolgreiche\\\/420-henri\\\/#primaryimage\"},\"thumbnailUrl\":\"https:\\\/\\\/www.coeurssansfrontieres.com\\\/wp-content\\\/uploads\\\/2017\\\/07\\\/141020lq044a-small.jpg\",\"datePublished\":\"2015-12-25T17:03:45+00:00\",\"dateModified\":\"2017-08-09T15:11:33+00:00\",\"author\":{\"@id\":\"https:\\\/\\\/www.coeurssansfrontieres.com\\\/fr\\\/#\\\/schema\\\/person\\\/19507754554eb5218427fc31038cac56\"},\"breadcrumb\":{\"@id\":\"https:\\\/\\\/www.coeurssansfrontieres.com\\\/de\\\/recherche\\\/recherche-erfolgreiche\\\/420-henri\\\/#breadcrumb\"},\"inLanguage\":\"de\",\"potentialAction\":[{\"@type\":\"ReadAction\",\"target\":[\"https:\\\/\\\/www.coeurssansfrontieres.com\\\/de\\\/recherche\\\/recherche-erfolgreiche\\\/420-henri\\\/\"]}]},{\"@type\":\"ImageObject\",\"inLanguage\":\"de\",\"@id\":\"https:\\\/\\\/www.coeurssansfrontieres.com\\\/de\\\/recherche\\\/recherche-erfolgreiche\\\/420-henri\\\/#primaryimage\",\"url\":\"https:\\\/\\\/www.coeurssansfrontieres.com\\\/wp-content\\\/uploads\\\/2017\\\/07\\\/141020lq044a-small.jpg\",\"contentUrl\":\"https:\\\/\\\/www.coeurssansfrontieres.com\\\/wp-content\\\/uploads\\\/2017\\\/07\\\/141020lq044a-small.jpg\",\"width\":200,\"height\":200},{\"@type\":\"BreadcrumbList\",\"@id\":\"https:\\\/\\\/www.coeurssansfrontieres.com\\\/de\\\/recherche\\\/recherche-erfolgreiche\\\/420-henri\\\/#breadcrumb\",\"itemListElement\":[{\"@type\":\"ListItem\",\"position\":1,\"name\":\"Accueil\",\"item\":\"https:\\\/\\\/www.coeurssansfrontieres.com\\\/de\\\/\"},{\"@type\":\"ListItem\",\"position\":2,\"name\":\"420 Henri\"}]},{\"@type\":\"WebSite\",\"@id\":\"https:\\\/\\\/www.coeurssansfrontieres.com\\\/fr\\\/#website\",\"url\":\"https:\\\/\\\/www.coeurssansfrontieres.com\\\/fr\\\/\",\"name\":\"C\u0153urs sans fronti\u00e8res\",\"description\":\"Association franco-allemande des Enfants de la Seconde Guerre Mondiale\",\"potentialAction\":[{\"@type\":\"SearchAction\",\"target\":{\"@type\":\"EntryPoint\",\"urlTemplate\":\"https:\\\/\\\/www.coeurssansfrontieres.com\\\/fr\\\/?s={search_term_string}\"},\"query-input\":{\"@type\":\"PropertyValueSpecification\",\"valueRequired\":true,\"valueName\":\"search_term_string\"}}],\"inLanguage\":\"de\"},{\"@type\":\"Person\",\"@id\":\"https:\\\/\\\/www.coeurssansfrontieres.com\\\/fr\\\/#\\\/schema\\\/person\\\/19507754554eb5218427fc31038cac56\",\"name\":\"GOFFIN Alexandre\"}]}<\/script>\n<!-- \/ Yoast SEO plugin. -->","yoast_head_json":{"title":"420 Henri - CSF - HOG","robots":{"index":"index","follow":"follow","max-snippet":"max-snippet:-1","max-image-preview":"max-image-preview:large","max-video-preview":"max-video-preview:-1"},"canonical":"https:\/\/www.coeurssansfrontieres.com\/de\/recherche\/recherche-erfolgreiche\/420-henri\/","og_locale":"de_DE","og_type":"article","og_title":"420 Henri - CSF - HOG","og_description":"Nr 420\u00a0GEL\u00d6ST Guy wurde am 7.Februar 1945 in Dijon (C\u00f4te d\u2019Or, Frankreich) von unbekanntem Vater geboren. Er hatte als 3.Vornamen \u201cHenri\u201d, den seine Mutter ihm in Erinnerung an seinen Vater gegeben hat. Seine Mutter, Simone, geboren am 30.Oktober 1918 in Dijon, gestorben am 2.Dezember 2010, hat im Mai 1946 Lucien geheiratet, der Guy an Kindes [&hellip;]","og_url":"https:\/\/www.coeurssansfrontieres.com\/de\/recherche\/recherche-erfolgreiche\/420-henri\/","og_site_name":"CSF - HOG","article_published_time":"2015-12-25T17:03:45+00:00","article_modified_time":"2017-08-09T15:11:33+00:00","og_image":[{"width":200,"height":200,"url":"https:\/\/www.coeurssansfrontieres.com\/wp-content\/uploads\/2017\/07\/141020lq044a-small.jpg","type":"image\/jpeg"}],"author":"GOFFIN Alexandre","twitter_card":"summary_large_image","twitter_misc":{"Verfasst von":"GOFFIN Alexandre","Gesch\u00e4tzte Lesezeit":"4\u00a0Minuten"},"schema":{"@context":"https:\/\/schema.org","@graph":[{"@type":"Article","@id":"https:\/\/www.coeurssansfrontieres.com\/de\/recherche\/recherche-erfolgreiche\/420-henri\/#article","isPartOf":{"@id":"https:\/\/www.coeurssansfrontieres.com\/de\/recherche\/recherche-erfolgreiche\/420-henri\/"},"author":{"name":"GOFFIN Alexandre","@id":"https:\/\/www.coeurssansfrontieres.com\/fr\/#\/schema\/person\/19507754554eb5218427fc31038cac56"},"headline":"420 Henri","datePublished":"2015-12-25T17:03:45+00:00","dateModified":"2017-08-09T15:11:33+00:00","mainEntityOfPage":{"@id":"https:\/\/www.coeurssansfrontieres.com\/de\/recherche\/recherche-erfolgreiche\/420-henri\/"},"wordCount":765,"image":{"@id":"https:\/\/www.coeurssansfrontieres.com\/de\/recherche\/recherche-erfolgreiche\/420-henri\/#primaryimage"},"thumbnailUrl":"https:\/\/www.coeurssansfrontieres.com\/wp-content\/uploads\/2017\/07\/141020lq044a-small.jpg","articleSection":["Recherche","RECHERCHE ERFOLGREICHE"],"inLanguage":"de"},{"@type":"WebPage","@id":"https:\/\/www.coeurssansfrontieres.com\/de\/recherche\/recherche-erfolgreiche\/420-henri\/","url":"https:\/\/www.coeurssansfrontieres.com\/de\/recherche\/recherche-erfolgreiche\/420-henri\/","name":"420 Henri - CSF - HOG","isPartOf":{"@id":"https:\/\/www.coeurssansfrontieres.com\/fr\/#website"},"primaryImageOfPage":{"@id":"https:\/\/www.coeurssansfrontieres.com\/de\/recherche\/recherche-erfolgreiche\/420-henri\/#primaryimage"},"image":{"@id":"https:\/\/www.coeurssansfrontieres.com\/de\/recherche\/recherche-erfolgreiche\/420-henri\/#primaryimage"},"thumbnailUrl":"https:\/\/www.coeurssansfrontieres.com\/wp-content\/uploads\/2017\/07\/141020lq044a-small.jpg","datePublished":"2015-12-25T17:03:45+00:00","dateModified":"2017-08-09T15:11:33+00:00","author":{"@id":"https:\/\/www.coeurssansfrontieres.com\/fr\/#\/schema\/person\/19507754554eb5218427fc31038cac56"},"breadcrumb":{"@id":"https:\/\/www.coeurssansfrontieres.com\/de\/recherche\/recherche-erfolgreiche\/420-henri\/#breadcrumb"},"inLanguage":"de","potentialAction":[{"@type":"ReadAction","target":["https:\/\/www.coeurssansfrontieres.com\/de\/recherche\/recherche-erfolgreiche\/420-henri\/"]}]},{"@type":"ImageObject","inLanguage":"de","@id":"https:\/\/www.coeurssansfrontieres.com\/de\/recherche\/recherche-erfolgreiche\/420-henri\/#primaryimage","url":"https:\/\/www.coeurssansfrontieres.com\/wp-content\/uploads\/2017\/07\/141020lq044a-small.jpg","contentUrl":"https:\/\/www.coeurssansfrontieres.com\/wp-content\/uploads\/2017\/07\/141020lq044a-small.jpg","width":200,"height":200},{"@type":"BreadcrumbList","@id":"https:\/\/www.coeurssansfrontieres.com\/de\/recherche\/recherche-erfolgreiche\/420-henri\/#breadcrumb","itemListElement":[{"@type":"ListItem","position":1,"name":"Accueil","item":"https:\/\/www.coeurssansfrontieres.com\/de\/"},{"@type":"ListItem","position":2,"name":"420 Henri"}]},{"@type":"WebSite","@id":"https:\/\/www.coeurssansfrontieres.com\/fr\/#website","url":"https:\/\/www.coeurssansfrontieres.com\/fr\/","name":"C\u0153urs sans fronti\u00e8res","description":"Association franco-allemande des Enfants de la Seconde Guerre Mondiale","potentialAction":[{"@type":"SearchAction","target":{"@type":"EntryPoint","urlTemplate":"https:\/\/www.coeurssansfrontieres.com\/fr\/?s={search_term_string}"},"query-input":{"@type":"PropertyValueSpecification","valueRequired":true,"valueName":"search_term_string"}}],"inLanguage":"de"},{"@type":"Person","@id":"https:\/\/www.coeurssansfrontieres.com\/fr\/#\/schema\/person\/19507754554eb5218427fc31038cac56","name":"GOFFIN Alexandre"}]}},"_links":{"self":[{"href":"https:\/\/www.coeurssansfrontieres.com\/de\/wp-json\/wp\/v2\/posts\/4253","targetHints":{"allow":["GET"]}}],"collection":[{"href":"https:\/\/www.coeurssansfrontieres.com\/de\/wp-json\/wp\/v2\/posts"}],"about":[{"href":"https:\/\/www.coeurssansfrontieres.com\/de\/wp-json\/wp\/v2\/types\/post"}],"author":[{"embeddable":true,"href":"https:\/\/www.coeurssansfrontieres.com\/de\/wp-json\/wp\/v2\/users\/249"}],"replies":[{"embeddable":true,"href":"https:\/\/www.coeurssansfrontieres.com\/de\/wp-json\/wp\/v2\/comments?post=4253"}],"version-history":[{"count":0,"href":"https:\/\/www.coeurssansfrontieres.com\/de\/wp-json\/wp\/v2\/posts\/4253\/revisions"}],"wp:featuredmedia":[{"embeddable":true,"href":"https:\/\/www.coeurssansfrontieres.com\/de\/wp-json\/wp\/v2\/media\/2810"}],"wp:attachment":[{"href":"https:\/\/www.coeurssansfrontieres.com\/de\/wp-json\/wp\/v2\/media?parent=4253"}],"wp:term":[{"taxonomy":"category","embeddable":true,"href":"https:\/\/www.coeurssansfrontieres.com\/de\/wp-json\/wp\/v2\/categories?post=4253"},{"taxonomy":"post_tag","embeddable":true,"href":"https:\/\/www.coeurssansfrontieres.com\/de\/wp-json\/wp\/v2\/tags?post=4253"}],"curies":[{"name":"wp","href":"https:\/\/api.w.org\/{rel}","templated":true}]}}