{"id":4268,"date":"2015-12-20T18:47:37","date_gmt":"2015-12-20T17:47:37","guid":{"rendered":"http:\/\/www.coeurssansfrontieres.com\/de\/unkategorisiert\/43-hans\/"},"modified":"2019-03-03T17:50:40","modified_gmt":"2019-03-03T16:50:40","slug":"43-hans","status":"publish","type":"post","link":"https:\/\/www.coeurssansfrontieres.com\/de\/recherche\/recherche-erfolgreiche\/43-hans\/","title":{"rendered":"43 Hans"},"content":{"rendered":"<p>[et_pb_section admin_label=&#8220;section&#8220;][et_pb_row admin_label=&#8220;row&#8220; make_fullwidth=&#8220;on&#8220; use_custom_width=&#8220;off&#8220; width_unit=&#8220;on&#8220; use_custom_gutter=&#8220;off&#8220; padding_mobile=&#8220;off&#8220; allow_player_pause=&#8220;off&#8220; parallax=&#8220;off&#8220; parallax_method=&#8220;off&#8220; make_equal=&#8220;off&#8220; parallax_1=&#8220;off&#8220; parallax_method_1=&#8220;off&#8220; parallax_2=&#8220;off&#8220; parallax_method_2=&#8220;off&#8220; parallax_3=&#8220;off&#8220; parallax_method_3=&#8220;off&#8220; column_padding_mobile=&#8220;on&#8220;][et_pb_column type=&#8220;3_4&#8243;][et_pb_text admin_label=&#8220;Texte&#8220; background_layout=&#8220;light&#8220; text_orientation=&#8220;left&#8220; use_border_color=&#8220;off&#8220; border_color=&#8220;#ffffff&#8220; border_style=&#8220;solid&#8220;]<\/p>\n<h1 style=\"text-align: center;\">43 Hans<\/h1>\n<p>[\/et_pb_text][et_pb_button admin_label=&#8220;Kontakt Georges Roume&#8220; saved_tabs=&#8220;all&#8220; button_url=&#8220;https:\/\/www.coeurssansfrontieres.com\/de\/kontakt\/roume-georges\/&#8220; url_new_window=&#8220;on&#8220; button_text=&#8220;Um Kontakt mit dem Verantwortlichen dieser Suche&#8220; button_alignment=&#8220;center&#8220; background_layout=&#8220;dark&#8220; custom_button=&#8220;on&#8220; button_bg_color=&#8220;#ad6baf&#8220; button_border_color=&#8220;#ae44af&#8220; button_border_radius=&#8220;50&#8243; button_letter_spacing=&#8220;0&#8243; button_font=&#8220;|on|on||&#8220; button_use_icon=&#8220;on&#8220; button_icon=&#8220;%%109%%&#8220; button_icon_placement=&#8220;left&#8220; button_on_hover=&#8220;off&#8220; button_letter_spacing_hover=&#8220;0&#8243;]<\/p>\n<p>&nbsp;<\/p>\n<p>[\/et_pb_button][et_pb_text admin_label=&#8220;Texte&#8220; background_layout=&#8220;light&#8220; text_orientation=&#8220;left&#8220; use_border_color=&#8220;off&#8220; border_color=&#8220;#ffffff&#8220; border_style=&#8220;solid&#8220;]<\/p>\n<p><strong>N\u00b0 43\u00a0GEL\u00d6ST<\/strong><\/p>\n<p>Jeanne wurde im M\u00e4rz 1944 geboren. Ihr deutscher Vater mit Vornamen Hans war aus K\u00f6ln. Wahrscheinlich Sohn eines Hamburger Architekten, war er im \u201cSanctuaire de Rochefort du Gard\u201d in der N\u00e4he von Avignon stationiert. Er soll w\u00e4hrend der Allierten-Landung in der Provence an die K\u00fcste verlegt worden sein oder im August 1944 zu einem Fallschirmeinsatz nach Italien.<\/p>\n<p>[\/et_pb_text][\/et_pb_column][et_pb_column type=&#8220;1_4&#8243;][et_pb_sidebar admin_label=&#8220;Barre lat\u00e9rale&#8220; orientation=&#8220;right&#8220; area=&#8220;et_pb_widget_area_18&#8243; background_layout=&#8220;light&#8220; remove_border=&#8220;off&#8220; header_font=&#8220;|on|||&#8220; body_line_height=&#8220;2em&#8220;]<\/p>\n<p>&nbsp;<\/p>\n<p>[\/et_pb_sidebar][\/et_pb_column][\/et_pb_row][\/et_pb_section]<\/p>\n","protected":false},"excerpt":{"rendered":"<p>43 Hans &nbsp; N\u00b0 43\u00a0GEL\u00d6ST Jeanne wurde im M\u00e4rz 1944 geboren. Ihr deutscher Vater mit Vornamen Hans war aus K\u00f6ln. Wahrscheinlich Sohn eines Hamburger Architekten, war er im \u201cSanctuaire de Rochefort du Gard\u201d in der N\u00e4he von Avignon stationiert. Er soll w\u00e4hrend der Allierten-Landung in der Provence an die K\u00fcste verlegt worden sein oder im [&hellip;]<\/p>\n","protected":false},"author":249,"featured_media":9961,"comment_status":"closed","ping_status":"closed","sticky":false,"template":"","format":"standard","meta":{"_et_pb_use_builder":"on","_et_pb_old_content":"","_et_gb_content_width":"","footnotes":""},"categories":[172,174],"tags":[],"class_list":["post-4268","post","type-post","status-publish","format-standard","has-post-thumbnail","hentry","category-recherche","category-recherche-erfolgreiche"],"yoast_head":"<!-- This site is optimized with the Yoast SEO plugin v27.5 - https:\/\/yoast.com\/product\/yoast-seo-wordpress\/ -->\n<title>43 Hans - CSF - HOG<\/title>\n<meta name=\"robots\" content=\"index, follow, max-snippet:-1, max-image-preview:large, max-video-preview:-1\" \/>\n<link rel=\"canonical\" href=\"https:\/\/www.coeurssansfrontieres.com\/de\/recherche\/recherche-erfolgreiche\/43-hans\/\" \/>\n<meta property=\"og:locale\" content=\"de_DE\" \/>\n<meta property=\"og:type\" content=\"article\" \/>\n<meta property=\"og:title\" content=\"43 Hans - CSF - HOG\" \/>\n<meta property=\"og:description\" content=\"43 Hans &nbsp; N\u00b0 43\u00a0GEL\u00d6ST Jeanne wurde im M\u00e4rz 1944 geboren. Ihr deutscher Vater mit Vornamen Hans war aus K\u00f6ln. Wahrscheinlich Sohn eines Hamburger Architekten, war er im \u201cSanctuaire de Rochefort du Gard\u201d in der N\u00e4he von Avignon stationiert. Er soll w\u00e4hrend der Allierten-Landung in der Provence an die K\u00fcste verlegt worden sein oder im [&hellip;]\" \/>\n<meta property=\"og:url\" content=\"https:\/\/www.coeurssansfrontieres.com\/de\/recherche\/recherche-erfolgreiche\/43-hans\/\" \/>\n<meta property=\"og:site_name\" content=\"CSF - HOG\" \/>\n<meta property=\"article:published_time\" content=\"2015-12-20T17:47:37+00:00\" \/>\n<meta property=\"article:modified_time\" content=\"2019-03-03T16:50:40+00:00\" \/>\n<meta property=\"og:image\" content=\"https:\/\/www.coeurssansfrontieres.com\/wp-content\/uploads\/2017\/08\/Retrouvailles-ombre.png\" \/>\n\t<meta property=\"og:image:width\" content=\"123\" \/>\n\t<meta property=\"og:image:height\" content=\"123\" \/>\n\t<meta property=\"og:image:type\" content=\"image\/png\" \/>\n<meta name=\"author\" content=\"GOFFIN Alexandre\" \/>\n<meta name=\"twitter:card\" content=\"summary_large_image\" \/>\n<meta name=\"twitter:label1\" content=\"Verfasst von\" \/>\n\t<meta name=\"twitter:data1\" content=\"GOFFIN Alexandre\" \/>\n\t<meta name=\"twitter:label2\" content=\"Gesch\u00e4tzte Lesezeit\" \/>\n\t<meta name=\"twitter:data2\" content=\"2\u00a0Minuten\" \/>\n<script type=\"application\/ld+json\" class=\"yoast-schema-graph\">{\"@context\":\"https:\\\/\\\/schema.org\",\"@graph\":[{\"@type\":\"Article\",\"@id\":\"https:\\\/\\\/www.coeurssansfrontieres.com\\\/de\\\/recherche\\\/recherche-erfolgreiche\\\/43-hans\\\/#article\",\"isPartOf\":{\"@id\":\"https:\\\/\\\/www.coeurssansfrontieres.com\\\/de\\\/recherche\\\/recherche-erfolgreiche\\\/43-hans\\\/\"},\"author\":{\"name\":\"GOFFIN Alexandre\",\"@id\":\"https:\\\/\\\/www.coeurssansfrontieres.com\\\/fr\\\/#\\\/schema\\\/person\\\/19507754554eb5218427fc31038cac56\"},\"headline\":\"43 Hans\",\"datePublished\":\"2015-12-20T17:47:37+00:00\",\"dateModified\":\"2019-03-03T16:50:40+00:00\",\"mainEntityOfPage\":{\"@id\":\"https:\\\/\\\/www.coeurssansfrontieres.com\\\/de\\\/recherche\\\/recherche-erfolgreiche\\\/43-hans\\\/\"},\"wordCount\":311,\"image\":{\"@id\":\"https:\\\/\\\/www.coeurssansfrontieres.com\\\/de\\\/recherche\\\/recherche-erfolgreiche\\\/43-hans\\\/#primaryimage\"},\"thumbnailUrl\":\"https:\\\/\\\/www.coeurssansfrontieres.com\\\/wp-content\\\/uploads\\\/2017\\\/08\\\/Retrouvailles-ombre.png\",\"articleSection\":[\"Recherche\",\"RECHERCHE ERFOLGREICHE\"],\"inLanguage\":\"de\"},{\"@type\":\"WebPage\",\"@id\":\"https:\\\/\\\/www.coeurssansfrontieres.com\\\/de\\\/recherche\\\/recherche-erfolgreiche\\\/43-hans\\\/\",\"url\":\"https:\\\/\\\/www.coeurssansfrontieres.com\\\/de\\\/recherche\\\/recherche-erfolgreiche\\\/43-hans\\\/\",\"name\":\"43 Hans - CSF - HOG\",\"isPartOf\":{\"@id\":\"https:\\\/\\\/www.coeurssansfrontieres.com\\\/fr\\\/#website\"},\"primaryImageOfPage\":{\"@id\":\"https:\\\/\\\/www.coeurssansfrontieres.com\\\/de\\\/recherche\\\/recherche-erfolgreiche\\\/43-hans\\\/#primaryimage\"},\"image\":{\"@id\":\"https:\\\/\\\/www.coeurssansfrontieres.com\\\/de\\\/recherche\\\/recherche-erfolgreiche\\\/43-hans\\\/#primaryimage\"},\"thumbnailUrl\":\"https:\\\/\\\/www.coeurssansfrontieres.com\\\/wp-content\\\/uploads\\\/2017\\\/08\\\/Retrouvailles-ombre.png\",\"datePublished\":\"2015-12-20T17:47:37+00:00\",\"dateModified\":\"2019-03-03T16:50:40+00:00\",\"author\":{\"@id\":\"https:\\\/\\\/www.coeurssansfrontieres.com\\\/fr\\\/#\\\/schema\\\/person\\\/19507754554eb5218427fc31038cac56\"},\"breadcrumb\":{\"@id\":\"https:\\\/\\\/www.coeurssansfrontieres.com\\\/de\\\/recherche\\\/recherche-erfolgreiche\\\/43-hans\\\/#breadcrumb\"},\"inLanguage\":\"de\",\"potentialAction\":[{\"@type\":\"ReadAction\",\"target\":[\"https:\\\/\\\/www.coeurssansfrontieres.com\\\/de\\\/recherche\\\/recherche-erfolgreiche\\\/43-hans\\\/\"]}]},{\"@type\":\"ImageObject\",\"inLanguage\":\"de\",\"@id\":\"https:\\\/\\\/www.coeurssansfrontieres.com\\\/de\\\/recherche\\\/recherche-erfolgreiche\\\/43-hans\\\/#primaryimage\",\"url\":\"https:\\\/\\\/www.coeurssansfrontieres.com\\\/wp-content\\\/uploads\\\/2017\\\/08\\\/Retrouvailles-ombre.png\",\"contentUrl\":\"https:\\\/\\\/www.coeurssansfrontieres.com\\\/wp-content\\\/uploads\\\/2017\\\/08\\\/Retrouvailles-ombre.png\",\"width\":123,\"height\":123},{\"@type\":\"BreadcrumbList\",\"@id\":\"https:\\\/\\\/www.coeurssansfrontieres.com\\\/de\\\/recherche\\\/recherche-erfolgreiche\\\/43-hans\\\/#breadcrumb\",\"itemListElement\":[{\"@type\":\"ListItem\",\"position\":1,\"name\":\"Accueil\",\"item\":\"https:\\\/\\\/www.coeurssansfrontieres.com\\\/de\\\/\"},{\"@type\":\"ListItem\",\"position\":2,\"name\":\"43 Hans\"}]},{\"@type\":\"WebSite\",\"@id\":\"https:\\\/\\\/www.coeurssansfrontieres.com\\\/fr\\\/#website\",\"url\":\"https:\\\/\\\/www.coeurssansfrontieres.com\\\/fr\\\/\",\"name\":\"C\u0153urs sans fronti\u00e8res\",\"description\":\"Association franco-allemande des Enfants de la Seconde Guerre Mondiale\",\"potentialAction\":[{\"@type\":\"SearchAction\",\"target\":{\"@type\":\"EntryPoint\",\"urlTemplate\":\"https:\\\/\\\/www.coeurssansfrontieres.com\\\/fr\\\/?s={search_term_string}\"},\"query-input\":{\"@type\":\"PropertyValueSpecification\",\"valueRequired\":true,\"valueName\":\"search_term_string\"}}],\"inLanguage\":\"de\"},{\"@type\":\"Person\",\"@id\":\"https:\\\/\\\/www.coeurssansfrontieres.com\\\/fr\\\/#\\\/schema\\\/person\\\/19507754554eb5218427fc31038cac56\",\"name\":\"GOFFIN Alexandre\"}]}<\/script>\n<!-- \/ Yoast SEO plugin. -->","yoast_head_json":{"title":"43 Hans - CSF - HOG","robots":{"index":"index","follow":"follow","max-snippet":"max-snippet:-1","max-image-preview":"max-image-preview:large","max-video-preview":"max-video-preview:-1"},"canonical":"https:\/\/www.coeurssansfrontieres.com\/de\/recherche\/recherche-erfolgreiche\/43-hans\/","og_locale":"de_DE","og_type":"article","og_title":"43 Hans - CSF - HOG","og_description":"43 Hans &nbsp; N\u00b0 43\u00a0GEL\u00d6ST Jeanne wurde im M\u00e4rz 1944 geboren. Ihr deutscher Vater mit Vornamen Hans war aus K\u00f6ln. Wahrscheinlich Sohn eines Hamburger Architekten, war er im \u201cSanctuaire de Rochefort du Gard\u201d in der N\u00e4he von Avignon stationiert. Er soll w\u00e4hrend der Allierten-Landung in der Provence an die K\u00fcste verlegt worden sein oder im [&hellip;]","og_url":"https:\/\/www.coeurssansfrontieres.com\/de\/recherche\/recherche-erfolgreiche\/43-hans\/","og_site_name":"CSF - HOG","article_published_time":"2015-12-20T17:47:37+00:00","article_modified_time":"2019-03-03T16:50:40+00:00","og_image":[{"width":123,"height":123,"url":"https:\/\/www.coeurssansfrontieres.com\/wp-content\/uploads\/2017\/08\/Retrouvailles-ombre.png","type":"image\/png"}],"author":"GOFFIN Alexandre","twitter_card":"summary_large_image","twitter_misc":{"Verfasst von":"GOFFIN Alexandre","Gesch\u00e4tzte Lesezeit":"2\u00a0Minuten"},"schema":{"@context":"https:\/\/schema.org","@graph":[{"@type":"Article","@id":"https:\/\/www.coeurssansfrontieres.com\/de\/recherche\/recherche-erfolgreiche\/43-hans\/#article","isPartOf":{"@id":"https:\/\/www.coeurssansfrontieres.com\/de\/recherche\/recherche-erfolgreiche\/43-hans\/"},"author":{"name":"GOFFIN Alexandre","@id":"https:\/\/www.coeurssansfrontieres.com\/fr\/#\/schema\/person\/19507754554eb5218427fc31038cac56"},"headline":"43 Hans","datePublished":"2015-12-20T17:47:37+00:00","dateModified":"2019-03-03T16:50:40+00:00","mainEntityOfPage":{"@id":"https:\/\/www.coeurssansfrontieres.com\/de\/recherche\/recherche-erfolgreiche\/43-hans\/"},"wordCount":311,"image":{"@id":"https:\/\/www.coeurssansfrontieres.com\/de\/recherche\/recherche-erfolgreiche\/43-hans\/#primaryimage"},"thumbnailUrl":"https:\/\/www.coeurssansfrontieres.com\/wp-content\/uploads\/2017\/08\/Retrouvailles-ombre.png","articleSection":["Recherche","RECHERCHE ERFOLGREICHE"],"inLanguage":"de"},{"@type":"WebPage","@id":"https:\/\/www.coeurssansfrontieres.com\/de\/recherche\/recherche-erfolgreiche\/43-hans\/","url":"https:\/\/www.coeurssansfrontieres.com\/de\/recherche\/recherche-erfolgreiche\/43-hans\/","name":"43 Hans - CSF - HOG","isPartOf":{"@id":"https:\/\/www.coeurssansfrontieres.com\/fr\/#website"},"primaryImageOfPage":{"@id":"https:\/\/www.coeurssansfrontieres.com\/de\/recherche\/recherche-erfolgreiche\/43-hans\/#primaryimage"},"image":{"@id":"https:\/\/www.coeurssansfrontieres.com\/de\/recherche\/recherche-erfolgreiche\/43-hans\/#primaryimage"},"thumbnailUrl":"https:\/\/www.coeurssansfrontieres.com\/wp-content\/uploads\/2017\/08\/Retrouvailles-ombre.png","datePublished":"2015-12-20T17:47:37+00:00","dateModified":"2019-03-03T16:50:40+00:00","author":{"@id":"https:\/\/www.coeurssansfrontieres.com\/fr\/#\/schema\/person\/19507754554eb5218427fc31038cac56"},"breadcrumb":{"@id":"https:\/\/www.coeurssansfrontieres.com\/de\/recherche\/recherche-erfolgreiche\/43-hans\/#breadcrumb"},"inLanguage":"de","potentialAction":[{"@type":"ReadAction","target":["https:\/\/www.coeurssansfrontieres.com\/de\/recherche\/recherche-erfolgreiche\/43-hans\/"]}]},{"@type":"ImageObject","inLanguage":"de","@id":"https:\/\/www.coeurssansfrontieres.com\/de\/recherche\/recherche-erfolgreiche\/43-hans\/#primaryimage","url":"https:\/\/www.coeurssansfrontieres.com\/wp-content\/uploads\/2017\/08\/Retrouvailles-ombre.png","contentUrl":"https:\/\/www.coeurssansfrontieres.com\/wp-content\/uploads\/2017\/08\/Retrouvailles-ombre.png","width":123,"height":123},{"@type":"BreadcrumbList","@id":"https:\/\/www.coeurssansfrontieres.com\/de\/recherche\/recherche-erfolgreiche\/43-hans\/#breadcrumb","itemListElement":[{"@type":"ListItem","position":1,"name":"Accueil","item":"https:\/\/www.coeurssansfrontieres.com\/de\/"},{"@type":"ListItem","position":2,"name":"43 Hans"}]},{"@type":"WebSite","@id":"https:\/\/www.coeurssansfrontieres.com\/fr\/#website","url":"https:\/\/www.coeurssansfrontieres.com\/fr\/","name":"C\u0153urs sans fronti\u00e8res","description":"Association franco-allemande des Enfants de la Seconde Guerre Mondiale","potentialAction":[{"@type":"SearchAction","target":{"@type":"EntryPoint","urlTemplate":"https:\/\/www.coeurssansfrontieres.com\/fr\/?s={search_term_string}"},"query-input":{"@type":"PropertyValueSpecification","valueRequired":true,"valueName":"search_term_string"}}],"inLanguage":"de"},{"@type":"Person","@id":"https:\/\/www.coeurssansfrontieres.com\/fr\/#\/schema\/person\/19507754554eb5218427fc31038cac56","name":"GOFFIN Alexandre"}]}},"_links":{"self":[{"href":"https:\/\/www.coeurssansfrontieres.com\/de\/wp-json\/wp\/v2\/posts\/4268","targetHints":{"allow":["GET"]}}],"collection":[{"href":"https:\/\/www.coeurssansfrontieres.com\/de\/wp-json\/wp\/v2\/posts"}],"about":[{"href":"https:\/\/www.coeurssansfrontieres.com\/de\/wp-json\/wp\/v2\/types\/post"}],"author":[{"embeddable":true,"href":"https:\/\/www.coeurssansfrontieres.com\/de\/wp-json\/wp\/v2\/users\/249"}],"replies":[{"embeddable":true,"href":"https:\/\/www.coeurssansfrontieres.com\/de\/wp-json\/wp\/v2\/comments?post=4268"}],"version-history":[{"count":0,"href":"https:\/\/www.coeurssansfrontieres.com\/de\/wp-json\/wp\/v2\/posts\/4268\/revisions"}],"wp:featuredmedia":[{"embeddable":true,"href":"https:\/\/www.coeurssansfrontieres.com\/de\/wp-json\/wp\/v2\/media\/9961"}],"wp:attachment":[{"href":"https:\/\/www.coeurssansfrontieres.com\/de\/wp-json\/wp\/v2\/media?parent=4268"}],"wp:term":[{"taxonomy":"category","embeddable":true,"href":"https:\/\/www.coeurssansfrontieres.com\/de\/wp-json\/wp\/v2\/categories?post=4268"},{"taxonomy":"post_tag","embeddable":true,"href":"https:\/\/www.coeurssansfrontieres.com\/de\/wp-json\/wp\/v2\/tags?post=4268"}],"curies":[{"name":"wp","href":"https:\/\/api.w.org\/{rel}","templated":true}]}}