{"id":4321,"date":"2015-11-27T16:26:22","date_gmt":"2015-11-27T15:26:22","guid":{"rendered":"http:\/\/www.coeurssansfrontieres.com\/de\/unkategorisiert\/189-edmond-baltazard-fricke-gross-hundorf\/"},"modified":"2017-11-27T17:47:21","modified_gmt":"2017-11-27T16:47:21","slug":"189-edmond-baltazard-fricke-gross-hundorf","status":"publish","type":"post","link":"https:\/\/www.coeurssansfrontieres.com\/de\/recherche\/recherche-erfolgreiche\/189-edmond-baltazard-fricke-gross-hundorf\/","title":{"rendered":"189 Edmond BALTAZARD &#8211; Fricke &#8211; Gross Hundorf"},"content":{"rendered":"<p>[et_pb_section admin_label=&#8220;section&#8220;][et_pb_row admin_label=&#8220;row&#8220; make_fullwidth=&#8220;on&#8220; use_custom_width=&#8220;off&#8220; width_unit=&#8220;on&#8220; use_custom_gutter=&#8220;off&#8220; padding_mobile=&#8220;off&#8220; allow_player_pause=&#8220;off&#8220; parallax=&#8220;off&#8220; parallax_method=&#8220;off&#8220; make_equal=&#8220;off&#8220; parallax_1=&#8220;off&#8220; parallax_method_1=&#8220;off&#8220; parallax_2=&#8220;off&#8220; parallax_method_2=&#8220;off&#8220; parallax_3=&#8220;off&#8220; parallax_method_3=&#8220;off&#8220; column_padding_mobile=&#8220;on&#8220;][et_pb_column type=&#8220;1_4&#8243;][et_pb_image admin_label=&#8220;Image&#8220; src=&#8220;https:\/\/www.coeurssansfrontieres.com\/wp-content\/uploads\/2017\/07\/Baltazard189.jpg&#8220; show_in_lightbox=&#8220;on&#8220; url_new_window=&#8220;on&#8220; use_overlay=&#8220;on&#8220; animation=&#8220;off&#8220; sticky=&#8220;off&#8220; align=&#8220;center&#8220; force_fullwidth=&#8220;on&#8220; always_center_on_mobile=&#8220;on&#8220; use_border_color=&#8220;off&#8220; border_color=&#8220;#ffffff&#8220; border_style=&#8220;solid&#8220; hover_icon=&#8220;%%52%%&#8220; max_width=&#8220;350px&#8220;]<br \/>\n[\/et_pb_image][\/et_pb_column][et_pb_column type=&#8220;1_2&#8243;][et_pb_post_title admin_label=&#8220;Titre du poste&#8220; title=&#8220;on&#8220; meta=&#8220;off&#8220; author=&#8220;on&#8220; date=&#8220;on&#8220; categories=&#8220;on&#8220; comments=&#8220;on&#8220; featured_image=&#8220;off&#8220; featured_placement=&#8220;below&#8220; parallax_effect=&#8220;on&#8220; parallax_method=&#8220;on&#8220; text_orientation=&#8220;center&#8220; text_color=&#8220;dark&#8220; text_background=&#8220;off&#8220; text_bg_color=&#8220;rgba(255,255,255,0.9)&#8220; module_bg_color=&#8220;rgba(255,255,255,0)&#8220; title_all_caps=&#8220;off&#8220; use_border_color=&#8220;off&#8220; border_color=&#8220;#ffffff&#8220; border_style=&#8220;solid&#8220;]<br \/>\n[\/et_pb_post_title][et_pb_button admin_label=&#8220;Kontakt Francis CRITON&#8220; saved_tabs=&#8220;all&#8220; button_url=&#8220;https:\/\/www.coeurssansfrontieres.com\/de\/kontakt\/criton-francis\/&#8220; url_new_window=&#8220;on&#8220; button_text=&#8220;Um Kontakt mit dem Verantwortlichen dieser Suche&#8220; button_alignment=&#8220;center&#8220; background_layout=&#8220;dark&#8220; custom_button=&#8220;on&#8220; button_bg_color=&#8220;#ad6baf&#8220; button_border_color=&#8220;#ae44af&#8220; button_border_radius=&#8220;50&#8243; button_letter_spacing=&#8220;0&#8243; button_font=&#8220;|on|on||&#8220; button_use_icon=&#8220;on&#8220; button_icon=&#8220;%%109%%&#8220; button_icon_placement=&#8220;left&#8220; button_on_hover=&#8220;off&#8220; button_letter_spacing_hover=&#8220;0&#8243;]<br \/>\n[\/et_pb_button][et_pb_text admin_label=&#8220;Texte&#8220; background_layout=&#8220;light&#8220; text_orientation=&#8220;left&#8220; use_border_color=&#8220;off&#8220; border_color=&#8220;#ffffff&#8220; border_style=&#8220;solid&#8220;]<\/p>\n<p><strong>N\u00b0 189\u00a0<\/strong><strong>GEL\u00d6ST<\/strong><\/p>\n<p>Mein Vater, Edmond BALTAZARD ist 1939 in den Krieg gezogen, nachdem er gleich zu Beginn der Feindseligkeiten einberufen worden war.<br \/>\nEr wurde gefangen genommen (Stalag II D 15) in Gro\u00df Hundorf Mecklenburg- Ostpreu\u00dfen) auf dem Bauernhof der Familie Fricke. Er hat mir viel erz\u00e4hlt von diesen Jahren auf dem Bauernhof.<br \/>\nEs gab da einen Sohn, der Helmut hie\u00df, der den Gefangenen in den ersten Tagen gar nicht mochte. Aber sp\u00e4ter sind sie sich sehr nahe gekommen.<\/p>\n<p>1951 kam ein Brief von diesem jungen Helmut in meiner Familie an, der meinem Vater das Leben auf in Gro\u00df Hundorf, in der Familie und bei den Nachbarn beschrieb. In dem Brief ist die Rede von Helvi und Ingrid, die gro\u00df geworden sind, von Richard, einem kleinen Bruder, der 1948 geboren wurde und von der Mutter, die gestorben ist. Dieser Brief dr\u00fcckt viel Dankbarkeit aus gegen\u00fcber meinem Vater aus, und man sp\u00fcrt Freundschaft zwischen den beiden M\u00e4nnern.<\/p>\n<p>Mein Vater hat nie geantwortet. Ich besitze diesen Brief und auch ein Foto mit einer Gruppe von M\u00e4nnern. Auf diesem Foto h\u00e4lt mein Vater ein kleines M\u00e4dchen auf dem Schoss. Dieses Foto war einmal auf einer Unterlage aufgen\u00e4ht (Kleidungsst\u00fcck?) wie man es an den L\u00f6chern sieht.<\/p>\n<p>Und eine Aussage meiner Mutter, die verletzend sein sollte, l\u00e4sst mich vermuten, dass dieses Kind meine Halbschwester sein kann.<\/p>\n<p>Seit dieser Zeit m\u00f6chte ich mehr wissen. Ich m\u00f6chte diesen Menschen sagen wie viel mein Vater von diesen Jahren bei ihnen gesprochen hat. Mein Vater hat mir sogar gesagt, dass er \u00fcberlegt hat, zu ihm zur\u00fcck zu gehen, aber wusste, dass der Vater gestorben war und die Mutter allein war. Er hat mehrere Tage gewartet, bevor er weggegangen ist.<\/p>\n<p>In den letzten Jahren seines Lebens hat er immer wieder von Deutschland gesprochen. Ich habe mir gesagt, dass sehr vielleicht ein Geheimnis hat und sich nicht getraut, mit mir dar\u00fcber zu sprechen oder es einfach nicht konnte.<\/p>\n<p>Ich hoffe auf Aussagen von ehemaligen Stalag II D 15 -Gefangenen. Erkennt jemand einen der M\u00e4nner auf diesem Gruppenfoto? Ich w\u00fcrde so gerne die Familie Fricke wiederfinden? Kennt jemand die Gegend von Gro\u00df Hundorf?<\/p>\n<p>[\/et_pb_text][\/et_pb_column][et_pb_column type=&#8220;1_4&#8243;][et_pb_sidebar admin_label=&#8220;Barre lat\u00e9rale&#8220; orientation=&#8220;right&#8220; area=&#8220;et_pb_widget_area_18&#8243; background_layout=&#8220;light&#8220; remove_border=&#8220;off&#8220; header_font=&#8220;|on|||&#8220; body_line_height=&#8220;2em&#8220;]<br \/>\n[\/et_pb_sidebar][\/et_pb_column][\/et_pb_row][\/et_pb_section]<\/p>\n","protected":false},"excerpt":{"rendered":"<p>N\u00b0 189\u00a0GEL\u00d6ST Mein Vater, Edmond BALTAZARD ist 1939 in den Krieg gezogen, nachdem er gleich zu Beginn der Feindseligkeiten einberufen worden war. Er wurde gefangen genommen (Stalag II D 15) in Gro\u00df Hundorf Mecklenburg- Ostpreu\u00dfen) auf dem Bauernhof der Familie Fricke. Er hat mir viel erz\u00e4hlt von diesen Jahren auf dem Bauernhof. Es gab da [&hellip;]<\/p>\n","protected":false},"author":249,"featured_media":2938,"comment_status":"closed","ping_status":"closed","sticky":false,"template":"","format":"standard","meta":{"_et_pb_use_builder":"on","_et_pb_old_content":"","_et_gb_content_width":"","footnotes":""},"categories":[172,174],"tags":[],"class_list":["post-4321","post","type-post","status-publish","format-standard","has-post-thumbnail","hentry","category-recherche","category-recherche-erfolgreiche"],"yoast_head":"<!-- This site is optimized with the Yoast SEO plugin v27.5 - https:\/\/yoast.com\/product\/yoast-seo-wordpress\/ -->\n<title>189 Edmond BALTAZARD - Fricke - Gross Hundorf - CSF - HOG<\/title>\n<meta name=\"robots\" content=\"index, follow, max-snippet:-1, max-image-preview:large, max-video-preview:-1\" \/>\n<link rel=\"canonical\" href=\"https:\/\/www.coeurssansfrontieres.com\/de\/recherche\/recherche-erfolgreiche\/189-edmond-baltazard-fricke-gross-hundorf\/\" \/>\n<meta property=\"og:locale\" content=\"de_DE\" \/>\n<meta property=\"og:type\" content=\"article\" \/>\n<meta property=\"og:title\" content=\"189 Edmond BALTAZARD - Fricke - Gross Hundorf - CSF - HOG\" \/>\n<meta property=\"og:description\" content=\"N\u00b0 189\u00a0GEL\u00d6ST Mein Vater, Edmond BALTAZARD ist 1939 in den Krieg gezogen, nachdem er gleich zu Beginn der Feindseligkeiten einberufen worden war. Er wurde gefangen genommen (Stalag II D 15) in Gro\u00df Hundorf Mecklenburg- Ostpreu\u00dfen) auf dem Bauernhof der Familie Fricke. Er hat mir viel erz\u00e4hlt von diesen Jahren auf dem Bauernhof. Es gab da [&hellip;]\" \/>\n<meta property=\"og:url\" content=\"https:\/\/www.coeurssansfrontieres.com\/de\/recherche\/recherche-erfolgreiche\/189-edmond-baltazard-fricke-gross-hundorf\/\" \/>\n<meta property=\"og:site_name\" content=\"CSF - HOG\" \/>\n<meta property=\"article:published_time\" content=\"2015-11-27T15:26:22+00:00\" \/>\n<meta property=\"article:modified_time\" content=\"2017-11-27T16:47:21+00:00\" \/>\n<meta property=\"og:image\" content=\"https:\/\/www.coeurssansfrontieres.com\/wp-content\/uploads\/2017\/07\/Baltazard189-small.jpg\" \/>\n\t<meta property=\"og:image:width\" content=\"200\" \/>\n\t<meta property=\"og:image:height\" content=\"200\" \/>\n\t<meta property=\"og:image:type\" content=\"image\/jpeg\" \/>\n<meta name=\"author\" content=\"GOFFIN Alexandre\" \/>\n<meta name=\"twitter:card\" content=\"summary_large_image\" \/>\n<meta name=\"twitter:label1\" content=\"Verfasst von\" \/>\n\t<meta name=\"twitter:data1\" content=\"GOFFIN Alexandre\" \/>\n\t<meta name=\"twitter:label2\" content=\"Gesch\u00e4tzte Lesezeit\" \/>\n\t<meta name=\"twitter:data2\" content=\"4\u00a0Minuten\" \/>\n<script type=\"application\/ld+json\" class=\"yoast-schema-graph\">{\"@context\":\"https:\\\/\\\/schema.org\",\"@graph\":[{\"@type\":\"Article\",\"@id\":\"https:\\\/\\\/www.coeurssansfrontieres.com\\\/de\\\/recherche\\\/recherche-erfolgreiche\\\/189-edmond-baltazard-fricke-gross-hundorf\\\/#article\",\"isPartOf\":{\"@id\":\"https:\\\/\\\/www.coeurssansfrontieres.com\\\/de\\\/recherche\\\/recherche-erfolgreiche\\\/189-edmond-baltazard-fricke-gross-hundorf\\\/\"},\"author\":{\"name\":\"GOFFIN Alexandre\",\"@id\":\"https:\\\/\\\/www.coeurssansfrontieres.com\\\/fr\\\/#\\\/schema\\\/person\\\/19507754554eb5218427fc31038cac56\"},\"headline\":\"189 Edmond BALTAZARD &#8211; Fricke &#8211; Gross Hundorf\",\"datePublished\":\"2015-11-27T15:26:22+00:00\",\"dateModified\":\"2017-11-27T16:47:21+00:00\",\"mainEntityOfPage\":{\"@id\":\"https:\\\/\\\/www.coeurssansfrontieres.com\\\/de\\\/recherche\\\/recherche-erfolgreiche\\\/189-edmond-baltazard-fricke-gross-hundorf\\\/\"},\"wordCount\":725,\"image\":{\"@id\":\"https:\\\/\\\/www.coeurssansfrontieres.com\\\/de\\\/recherche\\\/recherche-erfolgreiche\\\/189-edmond-baltazard-fricke-gross-hundorf\\\/#primaryimage\"},\"thumbnailUrl\":\"https:\\\/\\\/www.coeurssansfrontieres.com\\\/wp-content\\\/uploads\\\/2017\\\/07\\\/Baltazard189-small.jpg\",\"articleSection\":[\"Recherche\",\"RECHERCHE ERFOLGREICHE\"],\"inLanguage\":\"de\"},{\"@type\":\"WebPage\",\"@id\":\"https:\\\/\\\/www.coeurssansfrontieres.com\\\/de\\\/recherche\\\/recherche-erfolgreiche\\\/189-edmond-baltazard-fricke-gross-hundorf\\\/\",\"url\":\"https:\\\/\\\/www.coeurssansfrontieres.com\\\/de\\\/recherche\\\/recherche-erfolgreiche\\\/189-edmond-baltazard-fricke-gross-hundorf\\\/\",\"name\":\"189 Edmond BALTAZARD - Fricke - Gross Hundorf - CSF - HOG\",\"isPartOf\":{\"@id\":\"https:\\\/\\\/www.coeurssansfrontieres.com\\\/fr\\\/#website\"},\"primaryImageOfPage\":{\"@id\":\"https:\\\/\\\/www.coeurssansfrontieres.com\\\/de\\\/recherche\\\/recherche-erfolgreiche\\\/189-edmond-baltazard-fricke-gross-hundorf\\\/#primaryimage\"},\"image\":{\"@id\":\"https:\\\/\\\/www.coeurssansfrontieres.com\\\/de\\\/recherche\\\/recherche-erfolgreiche\\\/189-edmond-baltazard-fricke-gross-hundorf\\\/#primaryimage\"},\"thumbnailUrl\":\"https:\\\/\\\/www.coeurssansfrontieres.com\\\/wp-content\\\/uploads\\\/2017\\\/07\\\/Baltazard189-small.jpg\",\"datePublished\":\"2015-11-27T15:26:22+00:00\",\"dateModified\":\"2017-11-27T16:47:21+00:00\",\"author\":{\"@id\":\"https:\\\/\\\/www.coeurssansfrontieres.com\\\/fr\\\/#\\\/schema\\\/person\\\/19507754554eb5218427fc31038cac56\"},\"breadcrumb\":{\"@id\":\"https:\\\/\\\/www.coeurssansfrontieres.com\\\/de\\\/recherche\\\/recherche-erfolgreiche\\\/189-edmond-baltazard-fricke-gross-hundorf\\\/#breadcrumb\"},\"inLanguage\":\"de\",\"potentialAction\":[{\"@type\":\"ReadAction\",\"target\":[\"https:\\\/\\\/www.coeurssansfrontieres.com\\\/de\\\/recherche\\\/recherche-erfolgreiche\\\/189-edmond-baltazard-fricke-gross-hundorf\\\/\"]}]},{\"@type\":\"ImageObject\",\"inLanguage\":\"de\",\"@id\":\"https:\\\/\\\/www.coeurssansfrontieres.com\\\/de\\\/recherche\\\/recherche-erfolgreiche\\\/189-edmond-baltazard-fricke-gross-hundorf\\\/#primaryimage\",\"url\":\"https:\\\/\\\/www.coeurssansfrontieres.com\\\/wp-content\\\/uploads\\\/2017\\\/07\\\/Baltazard189-small.jpg\",\"contentUrl\":\"https:\\\/\\\/www.coeurssansfrontieres.com\\\/wp-content\\\/uploads\\\/2017\\\/07\\\/Baltazard189-small.jpg\",\"width\":200,\"height\":200},{\"@type\":\"BreadcrumbList\",\"@id\":\"https:\\\/\\\/www.coeurssansfrontieres.com\\\/de\\\/recherche\\\/recherche-erfolgreiche\\\/189-edmond-baltazard-fricke-gross-hundorf\\\/#breadcrumb\",\"itemListElement\":[{\"@type\":\"ListItem\",\"position\":1,\"name\":\"Accueil\",\"item\":\"https:\\\/\\\/www.coeurssansfrontieres.com\\\/de\\\/\"},{\"@type\":\"ListItem\",\"position\":2,\"name\":\"189 Edmond BALTAZARD &#8211; Fricke &#8211; Gross Hundorf\"}]},{\"@type\":\"WebSite\",\"@id\":\"https:\\\/\\\/www.coeurssansfrontieres.com\\\/fr\\\/#website\",\"url\":\"https:\\\/\\\/www.coeurssansfrontieres.com\\\/fr\\\/\",\"name\":\"C\u0153urs sans fronti\u00e8res\",\"description\":\"Association franco-allemande des Enfants de la Seconde Guerre Mondiale\",\"potentialAction\":[{\"@type\":\"SearchAction\",\"target\":{\"@type\":\"EntryPoint\",\"urlTemplate\":\"https:\\\/\\\/www.coeurssansfrontieres.com\\\/fr\\\/?s={search_term_string}\"},\"query-input\":{\"@type\":\"PropertyValueSpecification\",\"valueRequired\":true,\"valueName\":\"search_term_string\"}}],\"inLanguage\":\"de\"},{\"@type\":\"Person\",\"@id\":\"https:\\\/\\\/www.coeurssansfrontieres.com\\\/fr\\\/#\\\/schema\\\/person\\\/19507754554eb5218427fc31038cac56\",\"name\":\"GOFFIN Alexandre\"}]}<\/script>\n<!-- \/ Yoast SEO plugin. -->","yoast_head_json":{"title":"189 Edmond BALTAZARD - Fricke - Gross Hundorf - CSF - HOG","robots":{"index":"index","follow":"follow","max-snippet":"max-snippet:-1","max-image-preview":"max-image-preview:large","max-video-preview":"max-video-preview:-1"},"canonical":"https:\/\/www.coeurssansfrontieres.com\/de\/recherche\/recherche-erfolgreiche\/189-edmond-baltazard-fricke-gross-hundorf\/","og_locale":"de_DE","og_type":"article","og_title":"189 Edmond BALTAZARD - Fricke - Gross Hundorf - CSF - HOG","og_description":"N\u00b0 189\u00a0GEL\u00d6ST Mein Vater, Edmond BALTAZARD ist 1939 in den Krieg gezogen, nachdem er gleich zu Beginn der Feindseligkeiten einberufen worden war. Er wurde gefangen genommen (Stalag II D 15) in Gro\u00df Hundorf Mecklenburg- Ostpreu\u00dfen) auf dem Bauernhof der Familie Fricke. Er hat mir viel erz\u00e4hlt von diesen Jahren auf dem Bauernhof. Es gab da [&hellip;]","og_url":"https:\/\/www.coeurssansfrontieres.com\/de\/recherche\/recherche-erfolgreiche\/189-edmond-baltazard-fricke-gross-hundorf\/","og_site_name":"CSF - HOG","article_published_time":"2015-11-27T15:26:22+00:00","article_modified_time":"2017-11-27T16:47:21+00:00","og_image":[{"width":200,"height":200,"url":"https:\/\/www.coeurssansfrontieres.com\/wp-content\/uploads\/2017\/07\/Baltazard189-small.jpg","type":"image\/jpeg"}],"author":"GOFFIN Alexandre","twitter_card":"summary_large_image","twitter_misc":{"Verfasst von":"GOFFIN Alexandre","Gesch\u00e4tzte Lesezeit":"4\u00a0Minuten"},"schema":{"@context":"https:\/\/schema.org","@graph":[{"@type":"Article","@id":"https:\/\/www.coeurssansfrontieres.com\/de\/recherche\/recherche-erfolgreiche\/189-edmond-baltazard-fricke-gross-hundorf\/#article","isPartOf":{"@id":"https:\/\/www.coeurssansfrontieres.com\/de\/recherche\/recherche-erfolgreiche\/189-edmond-baltazard-fricke-gross-hundorf\/"},"author":{"name":"GOFFIN Alexandre","@id":"https:\/\/www.coeurssansfrontieres.com\/fr\/#\/schema\/person\/19507754554eb5218427fc31038cac56"},"headline":"189 Edmond BALTAZARD &#8211; Fricke &#8211; Gross Hundorf","datePublished":"2015-11-27T15:26:22+00:00","dateModified":"2017-11-27T16:47:21+00:00","mainEntityOfPage":{"@id":"https:\/\/www.coeurssansfrontieres.com\/de\/recherche\/recherche-erfolgreiche\/189-edmond-baltazard-fricke-gross-hundorf\/"},"wordCount":725,"image":{"@id":"https:\/\/www.coeurssansfrontieres.com\/de\/recherche\/recherche-erfolgreiche\/189-edmond-baltazard-fricke-gross-hundorf\/#primaryimage"},"thumbnailUrl":"https:\/\/www.coeurssansfrontieres.com\/wp-content\/uploads\/2017\/07\/Baltazard189-small.jpg","articleSection":["Recherche","RECHERCHE ERFOLGREICHE"],"inLanguage":"de"},{"@type":"WebPage","@id":"https:\/\/www.coeurssansfrontieres.com\/de\/recherche\/recherche-erfolgreiche\/189-edmond-baltazard-fricke-gross-hundorf\/","url":"https:\/\/www.coeurssansfrontieres.com\/de\/recherche\/recherche-erfolgreiche\/189-edmond-baltazard-fricke-gross-hundorf\/","name":"189 Edmond BALTAZARD - Fricke - Gross Hundorf - CSF - HOG","isPartOf":{"@id":"https:\/\/www.coeurssansfrontieres.com\/fr\/#website"},"primaryImageOfPage":{"@id":"https:\/\/www.coeurssansfrontieres.com\/de\/recherche\/recherche-erfolgreiche\/189-edmond-baltazard-fricke-gross-hundorf\/#primaryimage"},"image":{"@id":"https:\/\/www.coeurssansfrontieres.com\/de\/recherche\/recherche-erfolgreiche\/189-edmond-baltazard-fricke-gross-hundorf\/#primaryimage"},"thumbnailUrl":"https:\/\/www.coeurssansfrontieres.com\/wp-content\/uploads\/2017\/07\/Baltazard189-small.jpg","datePublished":"2015-11-27T15:26:22+00:00","dateModified":"2017-11-27T16:47:21+00:00","author":{"@id":"https:\/\/www.coeurssansfrontieres.com\/fr\/#\/schema\/person\/19507754554eb5218427fc31038cac56"},"breadcrumb":{"@id":"https:\/\/www.coeurssansfrontieres.com\/de\/recherche\/recherche-erfolgreiche\/189-edmond-baltazard-fricke-gross-hundorf\/#breadcrumb"},"inLanguage":"de","potentialAction":[{"@type":"ReadAction","target":["https:\/\/www.coeurssansfrontieres.com\/de\/recherche\/recherche-erfolgreiche\/189-edmond-baltazard-fricke-gross-hundorf\/"]}]},{"@type":"ImageObject","inLanguage":"de","@id":"https:\/\/www.coeurssansfrontieres.com\/de\/recherche\/recherche-erfolgreiche\/189-edmond-baltazard-fricke-gross-hundorf\/#primaryimage","url":"https:\/\/www.coeurssansfrontieres.com\/wp-content\/uploads\/2017\/07\/Baltazard189-small.jpg","contentUrl":"https:\/\/www.coeurssansfrontieres.com\/wp-content\/uploads\/2017\/07\/Baltazard189-small.jpg","width":200,"height":200},{"@type":"BreadcrumbList","@id":"https:\/\/www.coeurssansfrontieres.com\/de\/recherche\/recherche-erfolgreiche\/189-edmond-baltazard-fricke-gross-hundorf\/#breadcrumb","itemListElement":[{"@type":"ListItem","position":1,"name":"Accueil","item":"https:\/\/www.coeurssansfrontieres.com\/de\/"},{"@type":"ListItem","position":2,"name":"189 Edmond BALTAZARD &#8211; Fricke &#8211; Gross Hundorf"}]},{"@type":"WebSite","@id":"https:\/\/www.coeurssansfrontieres.com\/fr\/#website","url":"https:\/\/www.coeurssansfrontieres.com\/fr\/","name":"C\u0153urs sans fronti\u00e8res","description":"Association franco-allemande des Enfants de la Seconde Guerre Mondiale","potentialAction":[{"@type":"SearchAction","target":{"@type":"EntryPoint","urlTemplate":"https:\/\/www.coeurssansfrontieres.com\/fr\/?s={search_term_string}"},"query-input":{"@type":"PropertyValueSpecification","valueRequired":true,"valueName":"search_term_string"}}],"inLanguage":"de"},{"@type":"Person","@id":"https:\/\/www.coeurssansfrontieres.com\/fr\/#\/schema\/person\/19507754554eb5218427fc31038cac56","name":"GOFFIN Alexandre"}]}},"_links":{"self":[{"href":"https:\/\/www.coeurssansfrontieres.com\/de\/wp-json\/wp\/v2\/posts\/4321","targetHints":{"allow":["GET"]}}],"collection":[{"href":"https:\/\/www.coeurssansfrontieres.com\/de\/wp-json\/wp\/v2\/posts"}],"about":[{"href":"https:\/\/www.coeurssansfrontieres.com\/de\/wp-json\/wp\/v2\/types\/post"}],"author":[{"embeddable":true,"href":"https:\/\/www.coeurssansfrontieres.com\/de\/wp-json\/wp\/v2\/users\/249"}],"replies":[{"embeddable":true,"href":"https:\/\/www.coeurssansfrontieres.com\/de\/wp-json\/wp\/v2\/comments?post=4321"}],"version-history":[{"count":0,"href":"https:\/\/www.coeurssansfrontieres.com\/de\/wp-json\/wp\/v2\/posts\/4321\/revisions"}],"wp:featuredmedia":[{"embeddable":true,"href":"https:\/\/www.coeurssansfrontieres.com\/de\/wp-json\/wp\/v2\/media\/2938"}],"wp:attachment":[{"href":"https:\/\/www.coeurssansfrontieres.com\/de\/wp-json\/wp\/v2\/media?parent=4321"}],"wp:term":[{"taxonomy":"category","embeddable":true,"href":"https:\/\/www.coeurssansfrontieres.com\/de\/wp-json\/wp\/v2\/categories?post=4321"},{"taxonomy":"post_tag","embeddable":true,"href":"https:\/\/www.coeurssansfrontieres.com\/de\/wp-json\/wp\/v2\/tags?post=4321"}],"curies":[{"name":"wp","href":"https:\/\/api.w.org\/{rel}","templated":true}]}}