{"id":4441,"date":"2015-12-01T18:50:34","date_gmt":"2015-12-01T17:50:34","guid":{"rendered":"http:\/\/www.coeurssansfrontieres.com\/de\/unkategorisiert\/169-erika-treves-cologne\/"},"modified":"2017-11-27T17:45:49","modified_gmt":"2017-11-27T16:45:49","slug":"169-erika-treves-cologne","status":"publish","type":"post","link":"https:\/\/www.coeurssansfrontieres.com\/de\/recherche\/recherche-archivierten\/169-erika-treves-cologne\/","title":{"rendered":"169 Erika &#8211; Treves \/ Cologne"},"content":{"rendered":"<p>[et_pb_section admin_label=&#8220;section&#8220;][et_pb_row admin_label=&#8220;row&#8220; make_fullwidth=&#8220;on&#8220; use_custom_width=&#8220;off&#8220; width_unit=&#8220;on&#8220; use_custom_gutter=&#8220;off&#8220; padding_mobile=&#8220;off&#8220; allow_player_pause=&#8220;off&#8220; parallax=&#8220;off&#8220; parallax_method=&#8220;off&#8220; make_equal=&#8220;off&#8220; parallax_1=&#8220;off&#8220; parallax_method_1=&#8220;off&#8220; parallax_2=&#8220;off&#8220; parallax_method_2=&#8220;off&#8220; parallax_3=&#8220;off&#8220; parallax_method_3=&#8220;off&#8220; column_padding_mobile=&#8220;on&#8220;][et_pb_column type=&#8220;3_4&#8243;][et_pb_post_title admin_label=&#8220;Titre du poste&#8220; title=&#8220;on&#8220; meta=&#8220;off&#8220; author=&#8220;on&#8220; date=&#8220;on&#8220; categories=&#8220;on&#8220; comments=&#8220;on&#8220; featured_image=&#8220;off&#8220; featured_placement=&#8220;below&#8220; parallax_effect=&#8220;on&#8220; parallax_method=&#8220;on&#8220; text_orientation=&#8220;center&#8220; text_color=&#8220;dark&#8220; text_background=&#8220;off&#8220; text_bg_color=&#8220;rgba(255,255,255,0.9)&#8220; module_bg_color=&#8220;rgba(255,255,255,0)&#8220; title_all_caps=&#8220;off&#8220; use_border_color=&#8220;off&#8220; border_color=&#8220;#ffffff&#8220; border_style=&#8220;solid&#8220;]<br \/>\n[\/et_pb_post_title][et_pb_button admin_label=&#8220;Kontakt Michel Blanc&#8220; saved_tabs=&#8220;all&#8220; button_url=&#8220;https:\/\/www.coeurssansfrontieres.com\/de\/kontakt\/blanc-michel\/&#8220; url_new_window=&#8220;on&#8220; button_text=&#8220;Um Kontakt mit dem Verantwortlichen dieser Suche&#8220; button_alignment=&#8220;center&#8220; background_layout=&#8220;dark&#8220; custom_button=&#8220;on&#8220; button_bg_color=&#8220;#ad6baf&#8220; button_border_color=&#8220;#ae44af&#8220; button_border_radius=&#8220;50&#8243; button_letter_spacing=&#8220;0&#8243; button_font=&#8220;|on|on||&#8220; button_use_icon=&#8220;on&#8220; button_icon=&#8220;%%109%%&#8220; button_icon_placement=&#8220;left&#8220; button_on_hover=&#8220;off&#8220; button_letter_spacing_hover=&#8220;0&#8243;]<br \/>\n[\/et_pb_button][et_pb_text admin_label=&#8220;Texte&#8220; background_layout=&#8220;light&#8220; text_orientation=&#8220;left&#8220; use_border_color=&#8220;off&#8220; border_color=&#8220;#ffffff&#8220; border_style=&#8220;solid&#8220;]<\/p>\n<p><strong>N\u00b0169<\/strong><\/p>\n<p>Il recherche sa demi-s\u0153ur qui serait n\u00e9e \u00e0 Tr\u00e9ves (Allemagne). Son p\u00e8re \u00e9tait prisonnier au Stalag XII \u00e0 Tr\u00e9ves et travaillait dans les fermes alentour, sur les voies ferr\u00e9es \u2026<br \/>\nSon p\u00e8re est n\u00e9 le 22\/01\/1912 \u00e0 Boulogne sur Mer et y est d\u00e9c\u00e9d\u00e9 le 28\/09\/1970. Il fut fait prisonnier \u00e0 Grippot dans les Vosges le 19\/06\/1940 et intern\u00e9 au Stalag XII D \u00e0 Tr\u00e9ves jusqu&#8217;au 27\/04\/1945. Son N\u00b0 de matricule prisonnier \u00e9tait 110 et son N\u00b0 de mobilisation \u00e9tait le 1107.<br \/>\nSa demi-s\u0153ur s&#8217;appellerait Erika et serait n\u00e9e en 1942 \u00e0 Tr\u00e9ves ou environs. Sa m\u00e8re se pr\u00e9nommait Ursula. Erika aurait eu 2 gar\u00e7ons dont l&#8217;a\u00een\u00e9 s&#8217;appellerait Georges. Elle vivrait actuellement sur Cologne.<\/p>\n<p>&nbsp;<\/p>\n<p>[\/et_pb_text][\/et_pb_column][et_pb_column type=&#8220;1_4&#8243;][et_pb_sidebar admin_label=&#8220;Barre lat\u00e9rale&#8220; orientation=&#8220;right&#8220; area=&#8220;et_pb_widget_area_19&#8243; background_layout=&#8220;light&#8220; remove_border=&#8220;off&#8220; header_font=&#8220;|on|||&#8220; body_line_height=&#8220;2em&#8220;]<br \/>\n[\/et_pb_sidebar][\/et_pb_column][\/et_pb_row][\/et_pb_section]<\/p>\n","protected":false},"excerpt":{"rendered":"<p>N\u00b0169 Il recherche sa demi-s\u0153ur qui serait n\u00e9e \u00e0 Tr\u00e9ves (Allemagne). Son p\u00e8re \u00e9tait prisonnier au Stalag XII \u00e0 Tr\u00e9ves et travaillait dans les fermes alentour, sur les voies ferr\u00e9es \u2026 Son p\u00e8re est n\u00e9 le 22\/01\/1912 \u00e0 Boulogne sur Mer et y est d\u00e9c\u00e9d\u00e9 le 28\/09\/1970. Il fut fait prisonnier \u00e0 Grippot dans les [&hellip;]<\/p>\n","protected":false},"author":249,"featured_media":0,"comment_status":"closed","ping_status":"closed","sticky":false,"template":"","format":"standard","meta":{"_et_pb_use_builder":"on","_et_pb_old_content":"","_et_gb_content_width":"","footnotes":""},"categories":[176],"tags":[],"class_list":["post-4441","post","type-post","status-publish","format-standard","hentry","category-recherche-archivierten"],"yoast_head":"<!-- This site is optimized with the Yoast SEO plugin v27.5 - https:\/\/yoast.com\/product\/yoast-seo-wordpress\/ -->\n<title>169 Erika - Treves \/ Cologne - CSF - HOG<\/title>\n<meta name=\"robots\" content=\"index, follow, max-snippet:-1, max-image-preview:large, max-video-preview:-1\" \/>\n<link rel=\"canonical\" href=\"https:\/\/www.coeurssansfrontieres.com\/de\/recherche\/recherche-archivierten\/169-erika-treves-cologne\/\" \/>\n<meta property=\"og:locale\" content=\"de_DE\" \/>\n<meta property=\"og:type\" content=\"article\" \/>\n<meta property=\"og:title\" content=\"169 Erika - Treves \/ Cologne - CSF - HOG\" \/>\n<meta property=\"og:description\" content=\"N\u00b0169 Il recherche sa demi-s\u0153ur qui serait n\u00e9e \u00e0 Tr\u00e9ves (Allemagne). Son p\u00e8re \u00e9tait prisonnier au Stalag XII \u00e0 Tr\u00e9ves et travaillait dans les fermes alentour, sur les voies ferr\u00e9es \u2026 Son p\u00e8re est n\u00e9 le 22\/01\/1912 \u00e0 Boulogne sur Mer et y est d\u00e9c\u00e9d\u00e9 le 28\/09\/1970. Il fut fait prisonnier \u00e0 Grippot dans les [&hellip;]\" \/>\n<meta property=\"og:url\" content=\"https:\/\/www.coeurssansfrontieres.com\/de\/recherche\/recherche-archivierten\/169-erika-treves-cologne\/\" \/>\n<meta property=\"og:site_name\" content=\"CSF - HOG\" \/>\n<meta property=\"article:published_time\" content=\"2015-12-01T17:50:34+00:00\" \/>\n<meta property=\"article:modified_time\" content=\"2017-11-27T16:45:49+00:00\" \/>\n<meta name=\"author\" content=\"GOFFIN Alexandre\" \/>\n<meta name=\"twitter:card\" content=\"summary_large_image\" \/>\n<meta name=\"twitter:label1\" content=\"Verfasst von\" \/>\n\t<meta name=\"twitter:data1\" content=\"GOFFIN Alexandre\" \/>\n\t<meta name=\"twitter:label2\" content=\"Gesch\u00e4tzte Lesezeit\" \/>\n\t<meta name=\"twitter:data2\" content=\"2\u00a0Minuten\" \/>\n<script type=\"application\/ld+json\" class=\"yoast-schema-graph\">{\"@context\":\"https:\\\/\\\/schema.org\",\"@graph\":[{\"@type\":\"Article\",\"@id\":\"https:\\\/\\\/www.coeurssansfrontieres.com\\\/de\\\/recherche\\\/recherche-archivierten\\\/169-erika-treves-cologne\\\/#article\",\"isPartOf\":{\"@id\":\"https:\\\/\\\/www.coeurssansfrontieres.com\\\/de\\\/recherche\\\/recherche-archivierten\\\/169-erika-treves-cologne\\\/\"},\"author\":{\"name\":\"GOFFIN Alexandre\",\"@id\":\"https:\\\/\\\/www.coeurssansfrontieres.com\\\/fr\\\/#\\\/schema\\\/person\\\/19507754554eb5218427fc31038cac56\"},\"headline\":\"169 Erika &#8211; Treves \\\/ Cologne\",\"datePublished\":\"2015-12-01T17:50:34+00:00\",\"dateModified\":\"2017-11-27T16:45:49+00:00\",\"mainEntityOfPage\":{\"@id\":\"https:\\\/\\\/www.coeurssansfrontieres.com\\\/de\\\/recherche\\\/recherche-archivierten\\\/169-erika-treves-cologne\\\/\"},\"wordCount\":413,\"articleSection\":[\"Recherche archivierten\"],\"inLanguage\":\"de\"},{\"@type\":\"WebPage\",\"@id\":\"https:\\\/\\\/www.coeurssansfrontieres.com\\\/de\\\/recherche\\\/recherche-archivierten\\\/169-erika-treves-cologne\\\/\",\"url\":\"https:\\\/\\\/www.coeurssansfrontieres.com\\\/de\\\/recherche\\\/recherche-archivierten\\\/169-erika-treves-cologne\\\/\",\"name\":\"169 Erika - Treves \\\/ Cologne - CSF - HOG\",\"isPartOf\":{\"@id\":\"https:\\\/\\\/www.coeurssansfrontieres.com\\\/fr\\\/#website\"},\"datePublished\":\"2015-12-01T17:50:34+00:00\",\"dateModified\":\"2017-11-27T16:45:49+00:00\",\"author\":{\"@id\":\"https:\\\/\\\/www.coeurssansfrontieres.com\\\/fr\\\/#\\\/schema\\\/person\\\/19507754554eb5218427fc31038cac56\"},\"breadcrumb\":{\"@id\":\"https:\\\/\\\/www.coeurssansfrontieres.com\\\/de\\\/recherche\\\/recherche-archivierten\\\/169-erika-treves-cologne\\\/#breadcrumb\"},\"inLanguage\":\"de\",\"potentialAction\":[{\"@type\":\"ReadAction\",\"target\":[\"https:\\\/\\\/www.coeurssansfrontieres.com\\\/de\\\/recherche\\\/recherche-archivierten\\\/169-erika-treves-cologne\\\/\"]}]},{\"@type\":\"BreadcrumbList\",\"@id\":\"https:\\\/\\\/www.coeurssansfrontieres.com\\\/de\\\/recherche\\\/recherche-archivierten\\\/169-erika-treves-cologne\\\/#breadcrumb\",\"itemListElement\":[{\"@type\":\"ListItem\",\"position\":1,\"name\":\"Accueil\",\"item\":\"https:\\\/\\\/www.coeurssansfrontieres.com\\\/de\\\/\"},{\"@type\":\"ListItem\",\"position\":2,\"name\":\"169 Erika &#8211; Treves \\\/ Cologne\"}]},{\"@type\":\"WebSite\",\"@id\":\"https:\\\/\\\/www.coeurssansfrontieres.com\\\/fr\\\/#website\",\"url\":\"https:\\\/\\\/www.coeurssansfrontieres.com\\\/fr\\\/\",\"name\":\"C\u0153urs sans fronti\u00e8res\",\"description\":\"Association franco-allemande des Enfants de la Seconde Guerre Mondiale\",\"potentialAction\":[{\"@type\":\"SearchAction\",\"target\":{\"@type\":\"EntryPoint\",\"urlTemplate\":\"https:\\\/\\\/www.coeurssansfrontieres.com\\\/fr\\\/?s={search_term_string}\"},\"query-input\":{\"@type\":\"PropertyValueSpecification\",\"valueRequired\":true,\"valueName\":\"search_term_string\"}}],\"inLanguage\":\"de\"},{\"@type\":\"Person\",\"@id\":\"https:\\\/\\\/www.coeurssansfrontieres.com\\\/fr\\\/#\\\/schema\\\/person\\\/19507754554eb5218427fc31038cac56\",\"name\":\"GOFFIN Alexandre\"}]}<\/script>\n<!-- \/ Yoast SEO plugin. -->","yoast_head_json":{"title":"169 Erika - Treves \/ Cologne - CSF - HOG","robots":{"index":"index","follow":"follow","max-snippet":"max-snippet:-1","max-image-preview":"max-image-preview:large","max-video-preview":"max-video-preview:-1"},"canonical":"https:\/\/www.coeurssansfrontieres.com\/de\/recherche\/recherche-archivierten\/169-erika-treves-cologne\/","og_locale":"de_DE","og_type":"article","og_title":"169 Erika - Treves \/ Cologne - CSF - HOG","og_description":"N\u00b0169 Il recherche sa demi-s\u0153ur qui serait n\u00e9e \u00e0 Tr\u00e9ves (Allemagne). Son p\u00e8re \u00e9tait prisonnier au Stalag XII \u00e0 Tr\u00e9ves et travaillait dans les fermes alentour, sur les voies ferr\u00e9es \u2026 Son p\u00e8re est n\u00e9 le 22\/01\/1912 \u00e0 Boulogne sur Mer et y est d\u00e9c\u00e9d\u00e9 le 28\/09\/1970. Il fut fait prisonnier \u00e0 Grippot dans les [&hellip;]","og_url":"https:\/\/www.coeurssansfrontieres.com\/de\/recherche\/recherche-archivierten\/169-erika-treves-cologne\/","og_site_name":"CSF - HOG","article_published_time":"2015-12-01T17:50:34+00:00","article_modified_time":"2017-11-27T16:45:49+00:00","author":"GOFFIN Alexandre","twitter_card":"summary_large_image","twitter_misc":{"Verfasst von":"GOFFIN Alexandre","Gesch\u00e4tzte Lesezeit":"2\u00a0Minuten"},"schema":{"@context":"https:\/\/schema.org","@graph":[{"@type":"Article","@id":"https:\/\/www.coeurssansfrontieres.com\/de\/recherche\/recherche-archivierten\/169-erika-treves-cologne\/#article","isPartOf":{"@id":"https:\/\/www.coeurssansfrontieres.com\/de\/recherche\/recherche-archivierten\/169-erika-treves-cologne\/"},"author":{"name":"GOFFIN Alexandre","@id":"https:\/\/www.coeurssansfrontieres.com\/fr\/#\/schema\/person\/19507754554eb5218427fc31038cac56"},"headline":"169 Erika &#8211; Treves \/ Cologne","datePublished":"2015-12-01T17:50:34+00:00","dateModified":"2017-11-27T16:45:49+00:00","mainEntityOfPage":{"@id":"https:\/\/www.coeurssansfrontieres.com\/de\/recherche\/recherche-archivierten\/169-erika-treves-cologne\/"},"wordCount":413,"articleSection":["Recherche archivierten"],"inLanguage":"de"},{"@type":"WebPage","@id":"https:\/\/www.coeurssansfrontieres.com\/de\/recherche\/recherche-archivierten\/169-erika-treves-cologne\/","url":"https:\/\/www.coeurssansfrontieres.com\/de\/recherche\/recherche-archivierten\/169-erika-treves-cologne\/","name":"169 Erika - Treves \/ Cologne - CSF - HOG","isPartOf":{"@id":"https:\/\/www.coeurssansfrontieres.com\/fr\/#website"},"datePublished":"2015-12-01T17:50:34+00:00","dateModified":"2017-11-27T16:45:49+00:00","author":{"@id":"https:\/\/www.coeurssansfrontieres.com\/fr\/#\/schema\/person\/19507754554eb5218427fc31038cac56"},"breadcrumb":{"@id":"https:\/\/www.coeurssansfrontieres.com\/de\/recherche\/recherche-archivierten\/169-erika-treves-cologne\/#breadcrumb"},"inLanguage":"de","potentialAction":[{"@type":"ReadAction","target":["https:\/\/www.coeurssansfrontieres.com\/de\/recherche\/recherche-archivierten\/169-erika-treves-cologne\/"]}]},{"@type":"BreadcrumbList","@id":"https:\/\/www.coeurssansfrontieres.com\/de\/recherche\/recherche-archivierten\/169-erika-treves-cologne\/#breadcrumb","itemListElement":[{"@type":"ListItem","position":1,"name":"Accueil","item":"https:\/\/www.coeurssansfrontieres.com\/de\/"},{"@type":"ListItem","position":2,"name":"169 Erika &#8211; Treves \/ Cologne"}]},{"@type":"WebSite","@id":"https:\/\/www.coeurssansfrontieres.com\/fr\/#website","url":"https:\/\/www.coeurssansfrontieres.com\/fr\/","name":"C\u0153urs sans fronti\u00e8res","description":"Association franco-allemande des Enfants de la Seconde Guerre Mondiale","potentialAction":[{"@type":"SearchAction","target":{"@type":"EntryPoint","urlTemplate":"https:\/\/www.coeurssansfrontieres.com\/fr\/?s={search_term_string}"},"query-input":{"@type":"PropertyValueSpecification","valueRequired":true,"valueName":"search_term_string"}}],"inLanguage":"de"},{"@type":"Person","@id":"https:\/\/www.coeurssansfrontieres.com\/fr\/#\/schema\/person\/19507754554eb5218427fc31038cac56","name":"GOFFIN Alexandre"}]}},"_links":{"self":[{"href":"https:\/\/www.coeurssansfrontieres.com\/de\/wp-json\/wp\/v2\/posts\/4441","targetHints":{"allow":["GET"]}}],"collection":[{"href":"https:\/\/www.coeurssansfrontieres.com\/de\/wp-json\/wp\/v2\/posts"}],"about":[{"href":"https:\/\/www.coeurssansfrontieres.com\/de\/wp-json\/wp\/v2\/types\/post"}],"author":[{"embeddable":true,"href":"https:\/\/www.coeurssansfrontieres.com\/de\/wp-json\/wp\/v2\/users\/249"}],"replies":[{"embeddable":true,"href":"https:\/\/www.coeurssansfrontieres.com\/de\/wp-json\/wp\/v2\/comments?post=4441"}],"version-history":[{"count":0,"href":"https:\/\/www.coeurssansfrontieres.com\/de\/wp-json\/wp\/v2\/posts\/4441\/revisions"}],"wp:attachment":[{"href":"https:\/\/www.coeurssansfrontieres.com\/de\/wp-json\/wp\/v2\/media?parent=4441"}],"wp:term":[{"taxonomy":"category","embeddable":true,"href":"https:\/\/www.coeurssansfrontieres.com\/de\/wp-json\/wp\/v2\/categories?post=4441"},{"taxonomy":"post_tag","embeddable":true,"href":"https:\/\/www.coeurssansfrontieres.com\/de\/wp-json\/wp\/v2\/tags?post=4441"}],"curies":[{"name":"wp","href":"https:\/\/api.w.org\/{rel}","templated":true}]}}