{"id":524,"date":"2011-11-15T15:05:10","date_gmt":"2011-11-15T14:05:10","guid":{"rendered":"http:\/\/www.coeurssansfrontieres.com\/vie-de-lassociation\/rencontres\/kriegskinder-in-villers-sur-mer\/"},"modified":"2017-10-07T12:03:41","modified_gmt":"2017-10-07T10:03:41","slug":"kriegskinder-in-villers-sur-mer","status":"publish","type":"post","link":"https:\/\/www.coeurssansfrontieres.com\/de\/vereinsleben\/regionaltreffen\/kriegskinder-in-villers-sur-mer\/","title":{"rendered":"Kriegskinder in Villers-sur-Mer"},"content":{"rendered":"<p>[et_pb_section admin_label=&#8220;section&#8220;][et_pb_row admin_label=&#8220;row&#8220;][et_pb_column type=&#8220;4_4&#8243;][et_pb_text admin_label=&#8220;Texte&#8220;]<\/p>\n<p>In Villers-sur-Mer an der \u00ab C\u00f4te fleurie \u00bb &#8211; die bl\u00fchende K\u00fcste \u2013 zwischen Cabourg und Deauville wurde die erste Versammlung der Grossregion West abgehalten.<\/p>\n<p>An diesem Dienstag den 20 . September 2011 trafen sich die meisten Mitglieder rum einem morgendlichen Cafe wieder. Und schon um zehn Uhr ist es eine Gruppe von dreizehn Mitgliedern, die \u201eLe Pigeonnier\u201c besitzt, das f\u00fcr uns dank der Residenz \u201eCastellamare\u201c zur Verf\u00fcgung gestellt wurde. F\u00fcr einige, die sich schon in Berlin begegnet sind oder die sich bei einer Hauptversammlung freundlich kennengelernt haben, ist es ein Moment f\u00fcr ein Wiedersehen. F\u00fcr andere ist es eine Freude, die Leute mit Namen zu kennen.<\/p>\n<p>Um ganz schnell zu einer perfekten Geselligkeit zu kommen, bietet Michel an, dass jeder das Wort ergreifen soll: die spontanen Erz\u00e4hlungen kreuzen sich, von den schmerzhaften Erlebnissen zur sanften Geschichte, von den Zeugnissen von F\u00e4llen \u00fcber gestellte Suchvorg\u00e4nge bis zu erfolgreichen Wiedersehen\/Treffen mir der deutschen Familie.<\/p>\n<p>Trotz aller Verschiedenheit der Lage erkennen wir uns dar\u00fcber hinaus als br\u00fcderliche\/schwesterliche Kinder des Krieges und des Friedens. Alle von uns haben es erlebt, das Geheimnis, das Nichtgesagte, das Stillschweigen der M\u00fctter und die abschl\u00e4gige Antwort der Nachbarschaft. Ein Buch geht von Hand zu Hand: \u201cLes Taiseux\u201c \u2013 Die, die sich ausschweigen\u201c \u2013 die Erz\u00e4hlung von einem ganzen Leben, das sich der Suche nach dem Vater gewidmet hat. Dieser pers\u00f6nliche Text von Jean- Louis Ezine, der sich genau in der Region befindet, gibt den Ton gleich ab der erste Seite an:\u201cAm Anfang hatte Er einen Vater w\u00e4hrend ich nur den Mangel hatte. Alles hat seit jeher dieses schwarze Loch umkreist\u201c.<\/p>\n<p>Das Mittagessen im Restaurant Castellemare erlaubte uns die Gespr\u00e4che weiter fortzusetzen, indem wir eine Speise geniessen konnten, wo der Apfel als K\u00f6nigin stand. Verwandte und Freunde eines deutschen Mitglieds teilten sich das Cafe mit uns und vereinigten sich einen Moment in unserem Austausch.<\/p>\n<p>Hat der Nachmittag gen\u00fcgt, um die Gier nach dem Bedarf sich gegenseitig zu berichten, das Wort zu befreien, sich tiefer kennen zu lernen?<\/p>\n<p>Bevor es galt Abschied zu nehmen, ist schon eine Verabredung f\u00fcr 2012 getroffen worden, diesmal bei unseren bretonischen Freunden.<\/p>\n<p>H\u00e9l\u00e8ne Le Tat<\/p>\n<p><em><strong>aufmerksam<\/strong><\/em><\/p>\n<p><img loading=\"lazy\" decoding=\"async\" class=\" size-full wp-image-519\" src=\"https:\/\/www.coeurssansfrontieres.com\/wp-content\/uploads\/2011\/11\/111026LQ076A.jpg\" alt=\"111026LQ076A\" width=\"550\" height=\"366\" border=\"0\" srcset=\"https:\/\/www.coeurssansfrontieres.com\/wp-content\/uploads\/2011\/11\/111026LQ076A.jpg 550w, https:\/\/www.coeurssansfrontieres.com\/wp-content\/uploads\/2011\/11\/111026LQ076A-480x319.jpg 480w\" sizes=\"(min-width: 0px) and (max-width: 480px) 480px, (min-width: 481px) 550px, 100vw\" \/><\/p>\n<p style=\"text-align: center;\"><em><strong>und lernbegierig<\/strong><\/em><\/p>\n<p style=\"text-align: right;\"><img loading=\"lazy\" decoding=\"async\" class=\" size-full wp-image-523\" src=\"https:\/\/www.coeurssansfrontieres.com\/wp-content\/uploads\/2011\/11\/111026lQ076B.jpg\" alt=\"111026lLQ076B\" width=\"550\" height=\"366\" border=\"0\" srcset=\"https:\/\/www.coeurssansfrontieres.com\/wp-content\/uploads\/2011\/11\/111026lQ076B.jpg 550w, https:\/\/www.coeurssansfrontieres.com\/wp-content\/uploads\/2011\/11\/111026lQ076B-480x319.jpg 480w\" sizes=\"(min-width: 0px) and (max-width: 480px) 480px, (min-width: 481px) 550px, 100vw\" \/><\/p>\n<p><em><strong>Ohne die Belustigungen zu vergessen<\/strong><\/em><\/p>\n<p><img loading=\"lazy\" decoding=\"async\" class=\" size-full wp-image-521\" src=\"https:\/\/www.coeurssansfrontieres.com\/wp-content\/uploads\/2011\/11\/111026LQ076C.jpg\" alt=\"111026LQ076C\" width=\"550\" height=\"366\" border=\"0\" srcset=\"https:\/\/www.coeurssansfrontieres.com\/wp-content\/uploads\/2011\/11\/111026LQ076C.jpg 550w, https:\/\/www.coeurssansfrontieres.com\/wp-content\/uploads\/2011\/11\/111026LQ076C-480x319.jpg 480w\" sizes=\"(min-width: 0px) and (max-width: 480px) 480px, (min-width: 481px) 550px, 100vw\" \/><\/p>\n<p>[\/et_pb_text][\/et_pb_column][\/et_pb_row][\/et_pb_section]<\/p>\n","protected":false},"excerpt":{"rendered":"<p>In Villers-sur-Mer an der \u00ab C\u00f4te fleurie \u00bb &#8211; die bl\u00fchende K\u00fcste \u2013 zwischen Cabourg und Deauville wurde die erste Versammlung der Grossregion West abgehalten. An diesem Dienstag den 20 . September 2011 trafen sich die meisten Mitglieder rum einem morgendlichen Cafe wieder. Und schon um zehn Uhr ist es eine Gruppe von dreizehn Mitgliedern, [&hellip;]<\/p>\n","protected":false},"author":249,"featured_media":519,"comment_status":"open","ping_status":"open","sticky":false,"template":"","format":"standard","meta":{"_et_pb_use_builder":"on","_et_pb_old_content":"<p>\u00a0<\/p><p>C\u2019est \u00e0 Villers-sur-Mer, sur la C\u00f4te Fleurie, entre Cabourg et Deauville, que s\u2019est tenue la premi\u00e8re r\u00e9union de la r\u00e9gion Grand Ouest.<\/p><p>Ce mardi 20 septembre 2011, les plus matinaux se retrouvent autour d\u2019un caf\u00e9 et, d\u00e8s dix heures, c\u2019est un groupe de treize adh\u00e9rents qui occupe le \u00ab Pigeonnier \u00bb, mis \u00e0 notre disposition par la r\u00e9sidence Castellamare. Moment de retrouvailles pour certains, qui avaient d\u00e9j\u00e0 li\u00e9 amiti\u00e9 \u00e0 Berlin ou lors d\u2019une Assembl\u00e9e G\u00e9n\u00e9rale. Pour d\u2019autres, c\u2019est le plaisir de mettre un visage sur un nom.<\/p><p>Tr\u00e8s vite, dans la plus parfaite convivialit\u00e9, Michel propose \u00e0 chacun de prendre la parole : les r\u00e9cits spontan\u00e9s s\u2019entrecroisent, des exp\u00e9riences douloureuses aux histoires plus douces, des t\u00e9moignages de recherches sem\u00e9es d\u2019emb\u00fbches \u00e0 des rencontres r\u00e9ussies avec la famille allemande.<\/p><p>Au-del\u00e0 de la diversit\u00e9 des situations, nous nous reconnaissons fraternellement, enfants de la guerre et de la paix. Tous, nous avons v\u00e9cu le secret, le non-dit, le silence des m\u00e8res et le refus de r\u00e9ponse de l\u2019entourage. Un livre passe de main en main \u00ab Les taiseux \u00bb ou le r\u00e9cit d\u2019une vie consacr\u00e9e \u00e0 chercher un p\u00e8re. Ce texte tr\u00e8s personnel de Jean-Louis Ezine, qui se situe pr\u00e9cis\u00e9ment dans la r\u00e9gion, donne le ton d\u00e8s la premi\u00e8re page : \u00ab Pour commencer, lui avait un p\u00e8re, tandis que moi, je n\u2019ai eu que le manque. Tout, depuis toujours, a gravit\u00e9 autour de ce trou noir \u00bb.<\/p><p>\u00a0<\/p><p>Le d\u00e9jeuner, au restaurant Castellamare, nous permet de poursuivre la conversation, tout en appr\u00e9ciant un repas o\u00f9 la pomme est reine. Des parents et amis allemands d\u2019un adh\u00e9rent viennent partager le caf\u00e9 et se joignent un moment \u00e0 nos \u00e9changes.<\/p><p>L\u2019apr\u00e8s-midi suffira-t-elle \u00e0 \u00e9puiser la soif de se raconter, de lib\u00e9rer la parole, de mieux se conna\u00eetre ?<\/p><p>Avant de nous s\u00e9parer, rendez-vous est d\u00e9j\u00e0 pris pour 2012, cette fois chez nos amis bretons.<\/p><p>H\u00e9l\u00e8ne Le Tat<\/p><p>\u00a0<\/p><p><strong><em>Attentifs<\/em><\/strong><\/p><p>\u00a0<\/p><p><img class=\" size-full wp-image-519\" src=\"https:\/\/www.coeurssansfrontieres.com\/wp-content\/uploads\/2011\/11\/111026LQ076A.jpg\" alt=\"111026LQ076A\" width=\"550\" height=\"366\" border=\"1\" \/><\/p><p>\u00a0<\/p><p style=\"text-align: center;\"><strong><em>et studieux<\/em><\/strong><\/p><p>\u00a0<\/p><p style=\"text-align: right;\"><img class=\" size-full wp-image-520\" src=\"https:\/\/www.coeurssansfrontieres.com\/wp-content\/uploads\/2011\/11\/111026lQ076B.jpg\" alt=\"111026LQ076B\" width=\"550\" height=\"366\" border=\"1\" \/><\/p><p>\u00a0<\/p><p><em><strong>Sans oublier les r\u00e9jouissances !<\/strong><\/em><\/p><p>\u00a0<\/p><p><img class=\" size-full wp-image-521\" src=\"https:\/\/www.coeurssansfrontieres.com\/wp-content\/uploads\/2011\/11\/111026LQ076C.jpg\" alt=\"111026LQ076C\" width=\"550\" height=\"366\" border=\"1\" \/><\/p>","_et_gb_content_width":"","footnotes":""},"categories":[155,14],"tags":[],"class_list":["post-524","post","type-post","status-publish","format-standard","has-post-thumbnail","hentry","category-regionaltreffen","category-vereinsleben"],"yoast_head":"<!-- This site is optimized with the Yoast SEO plugin v27.5 - https:\/\/yoast.com\/product\/yoast-seo-wordpress\/ -->\n<title>Kriegskinder in Villers-sur-Mer - CSF - HOG<\/title>\n<meta name=\"robots\" content=\"index, follow, max-snippet:-1, max-image-preview:large, max-video-preview:-1\" \/>\n<link rel=\"canonical\" href=\"https:\/\/www.coeurssansfrontieres.com\/de\/vereinsleben\/regionaltreffen\/kriegskinder-in-villers-sur-mer\/\" \/>\n<meta property=\"og:locale\" content=\"de_DE\" \/>\n<meta property=\"og:type\" content=\"article\" \/>\n<meta property=\"og:title\" content=\"Kriegskinder in Villers-sur-Mer - CSF - HOG\" \/>\n<meta property=\"og:description\" content=\"In Villers-sur-Mer an der \u00ab C\u00f4te fleurie \u00bb - die bl\u00fchende K\u00fcste \u2013 zwischen Cabourg und Deauville wurde die erste Versammlung der Grossregion West abgehalten. An diesem Dienstag den 20 . September 2011 trafen sich die meisten Mitglieder rum einem morgendlichen Cafe wieder. Und schon um zehn Uhr ist es eine Gruppe von dreizehn Mitgliedern, [&hellip;]\" \/>\n<meta property=\"og:url\" content=\"https:\/\/www.coeurssansfrontieres.com\/de\/vereinsleben\/regionaltreffen\/kriegskinder-in-villers-sur-mer\/\" \/>\n<meta property=\"og:site_name\" content=\"CSF - HOG\" \/>\n<meta property=\"article:published_time\" content=\"2011-11-15T14:05:10+00:00\" \/>\n<meta property=\"article:modified_time\" content=\"2017-10-07T10:03:41+00:00\" \/>\n<meta property=\"og:image\" content=\"https:\/\/www.coeurssansfrontieres.com\/wp-content\/uploads\/2011\/11\/111026LQ076A.jpg\" \/>\n\t<meta property=\"og:image:width\" content=\"550\" \/>\n\t<meta property=\"og:image:height\" content=\"366\" \/>\n\t<meta property=\"og:image:type\" content=\"image\/jpeg\" \/>\n<meta name=\"author\" content=\"GOFFIN Alexandre\" \/>\n<meta name=\"twitter:card\" content=\"summary_large_image\" \/>\n<meta name=\"twitter:label1\" content=\"Verfasst von\" \/>\n\t<meta name=\"twitter:data1\" content=\"GOFFIN Alexandre\" \/>\n\t<meta name=\"twitter:label2\" content=\"Gesch\u00e4tzte Lesezeit\" \/>\n\t<meta name=\"twitter:data2\" content=\"2\u00a0Minuten\" \/>\n<script type=\"application\/ld+json\" class=\"yoast-schema-graph\">{\"@context\":\"https:\\\/\\\/schema.org\",\"@graph\":[{\"@type\":\"Article\",\"@id\":\"https:\\\/\\\/www.coeurssansfrontieres.com\\\/de\\\/vereinsleben\\\/regionaltreffen\\\/kriegskinder-in-villers-sur-mer\\\/#article\",\"isPartOf\":{\"@id\":\"https:\\\/\\\/www.coeurssansfrontieres.com\\\/de\\\/vereinsleben\\\/regionaltreffen\\\/kriegskinder-in-villers-sur-mer\\\/\"},\"author\":{\"name\":\"GOFFIN Alexandre\",\"@id\":\"https:\\\/\\\/www.coeurssansfrontieres.com\\\/fr\\\/#\\\/schema\\\/person\\\/19507754554eb5218427fc31038cac56\"},\"headline\":\"Kriegskinder in Villers-sur-Mer\",\"datePublished\":\"2011-11-15T14:05:10+00:00\",\"dateModified\":\"2017-10-07T10:03:41+00:00\",\"mainEntityOfPage\":{\"@id\":\"https:\\\/\\\/www.coeurssansfrontieres.com\\\/de\\\/vereinsleben\\\/regionaltreffen\\\/kriegskinder-in-villers-sur-mer\\\/\"},\"wordCount\":414,\"commentCount\":0,\"image\":{\"@id\":\"https:\\\/\\\/www.coeurssansfrontieres.com\\\/de\\\/vereinsleben\\\/regionaltreffen\\\/kriegskinder-in-villers-sur-mer\\\/#primaryimage\"},\"thumbnailUrl\":\"https:\\\/\\\/www.coeurssansfrontieres.com\\\/wp-content\\\/uploads\\\/2011\\\/11\\\/111026LQ076A.jpg\",\"articleSection\":[\"Regionaltreffen\",\"Vereinsleben\"],\"inLanguage\":\"de\",\"potentialAction\":[{\"@type\":\"CommentAction\",\"name\":\"Comment\",\"target\":[\"https:\\\/\\\/www.coeurssansfrontieres.com\\\/de\\\/vereinsleben\\\/regionaltreffen\\\/kriegskinder-in-villers-sur-mer\\\/#respond\"]}]},{\"@type\":\"WebPage\",\"@id\":\"https:\\\/\\\/www.coeurssansfrontieres.com\\\/de\\\/vereinsleben\\\/regionaltreffen\\\/kriegskinder-in-villers-sur-mer\\\/\",\"url\":\"https:\\\/\\\/www.coeurssansfrontieres.com\\\/de\\\/vereinsleben\\\/regionaltreffen\\\/kriegskinder-in-villers-sur-mer\\\/\",\"name\":\"Kriegskinder in Villers-sur-Mer - CSF - HOG\",\"isPartOf\":{\"@id\":\"https:\\\/\\\/www.coeurssansfrontieres.com\\\/fr\\\/#website\"},\"primaryImageOfPage\":{\"@id\":\"https:\\\/\\\/www.coeurssansfrontieres.com\\\/de\\\/vereinsleben\\\/regionaltreffen\\\/kriegskinder-in-villers-sur-mer\\\/#primaryimage\"},\"image\":{\"@id\":\"https:\\\/\\\/www.coeurssansfrontieres.com\\\/de\\\/vereinsleben\\\/regionaltreffen\\\/kriegskinder-in-villers-sur-mer\\\/#primaryimage\"},\"thumbnailUrl\":\"https:\\\/\\\/www.coeurssansfrontieres.com\\\/wp-content\\\/uploads\\\/2011\\\/11\\\/111026LQ076A.jpg\",\"datePublished\":\"2011-11-15T14:05:10+00:00\",\"dateModified\":\"2017-10-07T10:03:41+00:00\",\"author\":{\"@id\":\"https:\\\/\\\/www.coeurssansfrontieres.com\\\/fr\\\/#\\\/schema\\\/person\\\/19507754554eb5218427fc31038cac56\"},\"breadcrumb\":{\"@id\":\"https:\\\/\\\/www.coeurssansfrontieres.com\\\/de\\\/vereinsleben\\\/regionaltreffen\\\/kriegskinder-in-villers-sur-mer\\\/#breadcrumb\"},\"inLanguage\":\"de\",\"potentialAction\":[{\"@type\":\"ReadAction\",\"target\":[\"https:\\\/\\\/www.coeurssansfrontieres.com\\\/de\\\/vereinsleben\\\/regionaltreffen\\\/kriegskinder-in-villers-sur-mer\\\/\"]}]},{\"@type\":\"ImageObject\",\"inLanguage\":\"de\",\"@id\":\"https:\\\/\\\/www.coeurssansfrontieres.com\\\/de\\\/vereinsleben\\\/regionaltreffen\\\/kriegskinder-in-villers-sur-mer\\\/#primaryimage\",\"url\":\"https:\\\/\\\/www.coeurssansfrontieres.com\\\/wp-content\\\/uploads\\\/2011\\\/11\\\/111026LQ076A.jpg\",\"contentUrl\":\"https:\\\/\\\/www.coeurssansfrontieres.com\\\/wp-content\\\/uploads\\\/2011\\\/11\\\/111026LQ076A.jpg\",\"width\":550,\"height\":366,\"caption\":\"111026LQ076A\"},{\"@type\":\"BreadcrumbList\",\"@id\":\"https:\\\/\\\/www.coeurssansfrontieres.com\\\/de\\\/vereinsleben\\\/regionaltreffen\\\/kriegskinder-in-villers-sur-mer\\\/#breadcrumb\",\"itemListElement\":[{\"@type\":\"ListItem\",\"position\":1,\"name\":\"Accueil\",\"item\":\"https:\\\/\\\/www.coeurssansfrontieres.com\\\/de\\\/\"},{\"@type\":\"ListItem\",\"position\":2,\"name\":\"Kriegskinder in Villers-sur-Mer\"}]},{\"@type\":\"WebSite\",\"@id\":\"https:\\\/\\\/www.coeurssansfrontieres.com\\\/fr\\\/#website\",\"url\":\"https:\\\/\\\/www.coeurssansfrontieres.com\\\/fr\\\/\",\"name\":\"C\u0153urs sans fronti\u00e8res\",\"description\":\"Association franco-allemande des Enfants de la Seconde Guerre Mondiale\",\"potentialAction\":[{\"@type\":\"SearchAction\",\"target\":{\"@type\":\"EntryPoint\",\"urlTemplate\":\"https:\\\/\\\/www.coeurssansfrontieres.com\\\/fr\\\/?s={search_term_string}\"},\"query-input\":{\"@type\":\"PropertyValueSpecification\",\"valueRequired\":true,\"valueName\":\"search_term_string\"}}],\"inLanguage\":\"de\"},{\"@type\":\"Person\",\"@id\":\"https:\\\/\\\/www.coeurssansfrontieres.com\\\/fr\\\/#\\\/schema\\\/person\\\/19507754554eb5218427fc31038cac56\",\"name\":\"GOFFIN Alexandre\"}]}<\/script>\n<!-- \/ Yoast SEO plugin. -->","yoast_head_json":{"title":"Kriegskinder in Villers-sur-Mer - CSF - HOG","robots":{"index":"index","follow":"follow","max-snippet":"max-snippet:-1","max-image-preview":"max-image-preview:large","max-video-preview":"max-video-preview:-1"},"canonical":"https:\/\/www.coeurssansfrontieres.com\/de\/vereinsleben\/regionaltreffen\/kriegskinder-in-villers-sur-mer\/","og_locale":"de_DE","og_type":"article","og_title":"Kriegskinder in Villers-sur-Mer - CSF - HOG","og_description":"In Villers-sur-Mer an der \u00ab C\u00f4te fleurie \u00bb - die bl\u00fchende K\u00fcste \u2013 zwischen Cabourg und Deauville wurde die erste Versammlung der Grossregion West abgehalten. An diesem Dienstag den 20 . September 2011 trafen sich die meisten Mitglieder rum einem morgendlichen Cafe wieder. Und schon um zehn Uhr ist es eine Gruppe von dreizehn Mitgliedern, [&hellip;]","og_url":"https:\/\/www.coeurssansfrontieres.com\/de\/vereinsleben\/regionaltreffen\/kriegskinder-in-villers-sur-mer\/","og_site_name":"CSF - HOG","article_published_time":"2011-11-15T14:05:10+00:00","article_modified_time":"2017-10-07T10:03:41+00:00","og_image":[{"width":550,"height":366,"url":"https:\/\/www.coeurssansfrontieres.com\/wp-content\/uploads\/2011\/11\/111026LQ076A.jpg","type":"image\/jpeg"}],"author":"GOFFIN Alexandre","twitter_card":"summary_large_image","twitter_misc":{"Verfasst von":"GOFFIN Alexandre","Gesch\u00e4tzte Lesezeit":"2\u00a0Minuten"},"schema":{"@context":"https:\/\/schema.org","@graph":[{"@type":"Article","@id":"https:\/\/www.coeurssansfrontieres.com\/de\/vereinsleben\/regionaltreffen\/kriegskinder-in-villers-sur-mer\/#article","isPartOf":{"@id":"https:\/\/www.coeurssansfrontieres.com\/de\/vereinsleben\/regionaltreffen\/kriegskinder-in-villers-sur-mer\/"},"author":{"name":"GOFFIN Alexandre","@id":"https:\/\/www.coeurssansfrontieres.com\/fr\/#\/schema\/person\/19507754554eb5218427fc31038cac56"},"headline":"Kriegskinder in Villers-sur-Mer","datePublished":"2011-11-15T14:05:10+00:00","dateModified":"2017-10-07T10:03:41+00:00","mainEntityOfPage":{"@id":"https:\/\/www.coeurssansfrontieres.com\/de\/vereinsleben\/regionaltreffen\/kriegskinder-in-villers-sur-mer\/"},"wordCount":414,"commentCount":0,"image":{"@id":"https:\/\/www.coeurssansfrontieres.com\/de\/vereinsleben\/regionaltreffen\/kriegskinder-in-villers-sur-mer\/#primaryimage"},"thumbnailUrl":"https:\/\/www.coeurssansfrontieres.com\/wp-content\/uploads\/2011\/11\/111026LQ076A.jpg","articleSection":["Regionaltreffen","Vereinsleben"],"inLanguage":"de","potentialAction":[{"@type":"CommentAction","name":"Comment","target":["https:\/\/www.coeurssansfrontieres.com\/de\/vereinsleben\/regionaltreffen\/kriegskinder-in-villers-sur-mer\/#respond"]}]},{"@type":"WebPage","@id":"https:\/\/www.coeurssansfrontieres.com\/de\/vereinsleben\/regionaltreffen\/kriegskinder-in-villers-sur-mer\/","url":"https:\/\/www.coeurssansfrontieres.com\/de\/vereinsleben\/regionaltreffen\/kriegskinder-in-villers-sur-mer\/","name":"Kriegskinder in Villers-sur-Mer - CSF - HOG","isPartOf":{"@id":"https:\/\/www.coeurssansfrontieres.com\/fr\/#website"},"primaryImageOfPage":{"@id":"https:\/\/www.coeurssansfrontieres.com\/de\/vereinsleben\/regionaltreffen\/kriegskinder-in-villers-sur-mer\/#primaryimage"},"image":{"@id":"https:\/\/www.coeurssansfrontieres.com\/de\/vereinsleben\/regionaltreffen\/kriegskinder-in-villers-sur-mer\/#primaryimage"},"thumbnailUrl":"https:\/\/www.coeurssansfrontieres.com\/wp-content\/uploads\/2011\/11\/111026LQ076A.jpg","datePublished":"2011-11-15T14:05:10+00:00","dateModified":"2017-10-07T10:03:41+00:00","author":{"@id":"https:\/\/www.coeurssansfrontieres.com\/fr\/#\/schema\/person\/19507754554eb5218427fc31038cac56"},"breadcrumb":{"@id":"https:\/\/www.coeurssansfrontieres.com\/de\/vereinsleben\/regionaltreffen\/kriegskinder-in-villers-sur-mer\/#breadcrumb"},"inLanguage":"de","potentialAction":[{"@type":"ReadAction","target":["https:\/\/www.coeurssansfrontieres.com\/de\/vereinsleben\/regionaltreffen\/kriegskinder-in-villers-sur-mer\/"]}]},{"@type":"ImageObject","inLanguage":"de","@id":"https:\/\/www.coeurssansfrontieres.com\/de\/vereinsleben\/regionaltreffen\/kriegskinder-in-villers-sur-mer\/#primaryimage","url":"https:\/\/www.coeurssansfrontieres.com\/wp-content\/uploads\/2011\/11\/111026LQ076A.jpg","contentUrl":"https:\/\/www.coeurssansfrontieres.com\/wp-content\/uploads\/2011\/11\/111026LQ076A.jpg","width":550,"height":366,"caption":"111026LQ076A"},{"@type":"BreadcrumbList","@id":"https:\/\/www.coeurssansfrontieres.com\/de\/vereinsleben\/regionaltreffen\/kriegskinder-in-villers-sur-mer\/#breadcrumb","itemListElement":[{"@type":"ListItem","position":1,"name":"Accueil","item":"https:\/\/www.coeurssansfrontieres.com\/de\/"},{"@type":"ListItem","position":2,"name":"Kriegskinder in Villers-sur-Mer"}]},{"@type":"WebSite","@id":"https:\/\/www.coeurssansfrontieres.com\/fr\/#website","url":"https:\/\/www.coeurssansfrontieres.com\/fr\/","name":"C\u0153urs sans fronti\u00e8res","description":"Association franco-allemande des Enfants de la Seconde Guerre Mondiale","potentialAction":[{"@type":"SearchAction","target":{"@type":"EntryPoint","urlTemplate":"https:\/\/www.coeurssansfrontieres.com\/fr\/?s={search_term_string}"},"query-input":{"@type":"PropertyValueSpecification","valueRequired":true,"valueName":"search_term_string"}}],"inLanguage":"de"},{"@type":"Person","@id":"https:\/\/www.coeurssansfrontieres.com\/fr\/#\/schema\/person\/19507754554eb5218427fc31038cac56","name":"GOFFIN Alexandre"}]}},"_links":{"self":[{"href":"https:\/\/www.coeurssansfrontieres.com\/de\/wp-json\/wp\/v2\/posts\/524","targetHints":{"allow":["GET"]}}],"collection":[{"href":"https:\/\/www.coeurssansfrontieres.com\/de\/wp-json\/wp\/v2\/posts"}],"about":[{"href":"https:\/\/www.coeurssansfrontieres.com\/de\/wp-json\/wp\/v2\/types\/post"}],"author":[{"embeddable":true,"href":"https:\/\/www.coeurssansfrontieres.com\/de\/wp-json\/wp\/v2\/users\/249"}],"replies":[{"embeddable":true,"href":"https:\/\/www.coeurssansfrontieres.com\/de\/wp-json\/wp\/v2\/comments?post=524"}],"version-history":[{"count":0,"href":"https:\/\/www.coeurssansfrontieres.com\/de\/wp-json\/wp\/v2\/posts\/524\/revisions"}],"wp:featuredmedia":[{"embeddable":true,"href":"https:\/\/www.coeurssansfrontieres.com\/de\/wp-json\/wp\/v2\/media\/519"}],"wp:attachment":[{"href":"https:\/\/www.coeurssansfrontieres.com\/de\/wp-json\/wp\/v2\/media?parent=524"}],"wp:term":[{"taxonomy":"category","embeddable":true,"href":"https:\/\/www.coeurssansfrontieres.com\/de\/wp-json\/wp\/v2\/categories?post=524"},{"taxonomy":"post_tag","embeddable":true,"href":"https:\/\/www.coeurssansfrontieres.com\/de\/wp-json\/wp\/v2\/tags?post=524"}],"curies":[{"name":"wp","href":"https:\/\/api.w.org\/{rel}","templated":true}]}}