{"id":6002,"date":"2011-03-09T18:27:06","date_gmt":"2011-03-09T17:27:06","guid":{"rendered":"http:\/\/www.coeurssansfrontieres.com\/unkategorisiert\/fevrier-2011\/"},"modified":"2017-10-07T15:30:49","modified_gmt":"2017-10-07T13:30:49","slug":"fevrier-2011","status":"publish","type":"post","link":"https:\/\/www.coeurssansfrontieres.com\/de\/vereinsleben\/ankuendigungennachrichten\/fevrier-2011\/","title":{"rendered":"F\u00e9vrier 2011"},"content":{"rendered":"<p>[et_pb_section admin_label=&#8220;section&#8220;][et_pb_row admin_label=&#8220;row&#8220;][et_pb_column type=&#8220;4_4&#8243;][et_pb_text admin_label=&#8220;Texte&#8220; background_layout=&#8220;light&#8220; text_orientation=&#8220;left&#8220; header_text_color=&#8220;#e02b20&#8243; text_text_color=&#8220;#e02b20&#8243; use_border_color=&#8220;on&#8220; border_color=&#8220;#e02b20&#8243; border_style=&#8220;solid&#8220; saved_tabs=&#8220;all&#8220;]<\/p>\n<p style=\"text-align: center;\"><span style=\"color: #ff0000;\"><strong>Dieser Artikel wurde noch nicht ins Deutsche \u00fcbersetzt<\/strong><\/span><\/p>\n<p>[\/et_pb_text][et_pb_text admin_label=&#8220;Texte&#8220;]<\/p>\n<p>Depuis le d\u00e9but de l\u2019ann\u00e9e des nouveaux membres fran\u00e7ais et allemands nous ont rejoints.<\/p>\n<p>Nous leur souhaitons la bienvenue.<\/p>\n<p>Le <strong>20\/01\/2011 <\/strong>Jean-Jacques Delorme, invit\u00e9 par Gilbert Nicolas, professeur d\u2019histoire \u00e0 l\u2019universit\u00e9 Rennes 2, a donn\u00e9 une conf\u00e9rence au sein de l\u2019universit\u00e9, sur le th\u00e8me \u00ab Fils de Boche \u00bb Itin\u00e9raire d&#8217;un enfant de la Seconde Guerre mondiale.<\/p>\n<p>Gilbert Nicolas est \u00e9galement Pr\u00e9sident du comit\u00e9 de jumelage franco-allemand de la ville de RENNES.<\/p>\n<p>Une nouvelle fois, Jean-Jacques a permis que notre origine soit connue et comprise par un auditoire vari\u00e9, c\u2019est important pour le d\u00e9veloppement de notre mouvement associatif et l\u2019ouverture d\u2019esprit de ceux que nous contactons au cours des recherches.<\/p>\n<p><strong>La r\u00e9gion Nord et Est, les adh\u00e9rents allemands <\/strong>se r\u00e9unissent le 2 avril 2011 \u00e0 Strasbourg lors d\u2019une r\u00e9union r\u00e9gionale. Nombreux sont ceux qui ont d\u00e9j\u00e0 confirm\u00e9 leur pr\u00e9sence, il est encore temps pour les ind\u00e9cis de s\u2019inscrire afin de rencontrer des enfants de la guerre n\u00e9s de p\u00e8res fran\u00e7ais ou allemands, les d\u2019\u00e9changes sur des jeunesses semblables et les recherches de part et d\u2019autres de la fronti\u00e8res seront tr\u00e8s int\u00e9ressants et enrichissants.<\/p>\n<p><strong>Le projet de communication <\/strong>aupr\u00e8s des archives d\u00e9partementales est en cours d\u2019\u00e9laboration, nous vous tiendrons ici au courant de son avancement.<\/p>\n<p><strong>Quelques retardataires <\/strong>n\u2019ont pas envoy\u00e9 leur adh\u00e9sion 2011.<\/p>\n<p>Dans quelques jours, nous faisons le point, les non inscrits ne serons alors plus consid\u00e9r\u00e9s comme membres de l\u2019association, nous serons au regret de leur retirer leur avis de recherche du site et de bloquer leur l\u2019acc\u00e8s \u00e0 la partie priv\u00e9e du site.<\/p>\n<p>Ils peuvent, s\u2019ils ont \u00e9gar\u00e9 le bulletin d\u2019adh\u00e9sion envoy\u00e9, utiliser celui qui est en ligne sur le site ou envoyer une demande d\u2019inscription sur papier libre \u00e0 Jean-Jacques Delorme. Qu\u2019ils n\u2019h\u00e9sitent pas \u00e0 contacter leur D\u00e9l\u00e9gu\u00e9 r\u00e9gional pour signaler leur omission.<\/p>\n<p>[\/et_pb_text][\/et_pb_column][\/et_pb_row][\/et_pb_section]<\/p>\n","protected":false},"excerpt":{"rendered":"<p>Dieser Artikel wurde noch nicht ins Deutsche \u00fcbersetzt Depuis le d\u00e9but de l\u2019ann\u00e9e des nouveaux membres fran\u00e7ais et allemands nous ont rejoints. Nous leur souhaitons la bienvenue. Le 20\/01\/2011 Jean-Jacques Delorme, invit\u00e9 par Gilbert Nicolas, professeur d\u2019histoire \u00e0 l\u2019universit\u00e9 Rennes 2, a donn\u00e9 une conf\u00e9rence au sein de l\u2019universit\u00e9, sur le th\u00e8me \u00ab Fils de [&hellip;]<\/p>\n","protected":false},"author":249,"featured_media":9968,"comment_status":"open","ping_status":"open","sticky":false,"template":"","format":"standard","meta":{"_et_pb_use_builder":"on","_et_pb_old_content":"<p><br \/><br \/>Depuis le d\u00e9but de l\u2019ann\u00e9e des nouveaux membres fran\u00e7ais et allemands nous ont rejoints.<br \/><br \/>Nous leur souhaitons la bienvenue.<br \/><br \/>Le <strong>20\/01\/2011 <\/strong>Jean-Jacques Delorme, invit\u00e9 par Gilbert Nicolas, professeur d\u2019histoire \u00e0 l\u2019universit\u00e9 Rennes 2, a donn\u00e9 une conf\u00e9rence au sein de l\u2019universit\u00e9, sur le th\u00e8me \u00ab Fils de Boche \u00bb Itin\u00e9raire d'un enfant de la Seconde Guerre mondiale.<br \/><br \/>Gilbert Nicolas est \u00e9galement Pr\u00e9sident du comit\u00e9 de jumelage franco-allemand de la ville de RENNES.<br \/><br \/>Une nouvelle fois, Jean-Jacques a permis que notre origine soit connue et comprise par un auditoire vari\u00e9, c\u2019est important pour le d\u00e9veloppement de notre mouvement associatif et l\u2019ouverture d\u2019esprit de ceux que nous contactons au cours des recherches.<br \/><br \/><strong>La r\u00e9gion Nord et Est, les adh\u00e9rents allemands <\/strong>se r\u00e9unissent le 2 avril 2011 \u00e0 Strasbourg lors d\u2019une r\u00e9union r\u00e9gionale. Nombreux sont ceux qui ont d\u00e9j\u00e0 confirm\u00e9 leur pr\u00e9sence, il est encore temps pour les ind\u00e9cis de s\u2019inscrire afin de rencontrer des enfants de la guerre n\u00e9s de p\u00e8res fran\u00e7ais ou allemands, les d\u2019\u00e9changes sur des jeunesses semblables et les recherches de part et d\u2019autres de la fronti\u00e8res seront tr\u00e8s int\u00e9ressants et enrichissants.<br \/><br \/><strong>Le projet de communication <\/strong>aupr\u00e8s des archives d\u00e9partementales est en cours d\u2019\u00e9laboration, nous vous tiendrons ici au courant de son avancement.<br \/><br \/><strong>Quelques retardataires <\/strong>n\u2019ont pas envoy\u00e9 leur adh\u00e9sion 2011.<br \/><br \/>Dans quelques jours, nous faisons le point, les non inscrits ne serons alors plus consid\u00e9r\u00e9s comme membres de l\u2019association, nous serons au regret de leur retirer leur avis de recherche du site et de bloquer leur l\u2019acc\u00e8s \u00e0 la partie priv\u00e9e du site.<br \/><br \/>Ils peuvent, s\u2019ils ont \u00e9gar\u00e9 le bulletin d\u2019adh\u00e9sion envoy\u00e9, utiliser celui qui est en ligne sur le site ou envoyer une demande d\u2019inscription sur papier libre \u00e0 Jean-Jacques Delorme. Qu\u2019ils n\u2019h\u00e9sitent pas \u00e0 contacter leur D\u00e9l\u00e9gu\u00e9 r\u00e9gional pour signaler leur omission.<\/p>","_et_gb_content_width":"","footnotes":""},"categories":[186,14],"tags":[],"class_list":["post-6002","post","type-post","status-publish","format-standard","has-post-thumbnail","hentry","category-ankuendigungennachrichten","category-vereinsleben"],"yoast_head":"<!-- This site is optimized with the Yoast SEO plugin v27.5 - https:\/\/yoast.com\/product\/yoast-seo-wordpress\/ -->\n<title>F\u00e9vrier 2011 - CSF - HOG<\/title>\n<meta name=\"robots\" content=\"index, follow, max-snippet:-1, max-image-preview:large, max-video-preview:-1\" \/>\n<link rel=\"canonical\" href=\"https:\/\/www.coeurssansfrontieres.com\/de\/vereinsleben\/ankuendigungennachrichten\/fevrier-2011\/\" \/>\n<meta property=\"og:locale\" content=\"de_DE\" \/>\n<meta property=\"og:type\" content=\"article\" \/>\n<meta property=\"og:title\" content=\"F\u00e9vrier 2011 - CSF - HOG\" \/>\n<meta property=\"og:description\" content=\"Dieser Artikel wurde noch nicht ins Deutsche \u00fcbersetzt Depuis le d\u00e9but de l\u2019ann\u00e9e des nouveaux membres fran\u00e7ais et allemands nous ont rejoints. Nous leur souhaitons la bienvenue. Le 20\/01\/2011 Jean-Jacques Delorme, invit\u00e9 par Gilbert Nicolas, professeur d\u2019histoire \u00e0 l\u2019universit\u00e9 Rennes 2, a donn\u00e9 une conf\u00e9rence au sein de l\u2019universit\u00e9, sur le th\u00e8me \u00ab Fils de [&hellip;]\" \/>\n<meta property=\"og:url\" content=\"https:\/\/www.coeurssansfrontieres.com\/de\/vereinsleben\/ankuendigungennachrichten\/fevrier-2011\/\" \/>\n<meta property=\"og:site_name\" content=\"CSF - HOG\" \/>\n<meta property=\"article:published_time\" content=\"2011-03-09T17:27:06+00:00\" \/>\n<meta property=\"article:modified_time\" content=\"2017-10-07T13:30:49+00:00\" \/>\n<meta property=\"og:image\" content=\"https:\/\/www.coeurssansfrontieres.com\/wp-content\/uploads\/2017\/08\/annonces-ombres.png\" \/>\n\t<meta property=\"og:image:width\" content=\"122\" \/>\n\t<meta property=\"og:image:height\" content=\"122\" \/>\n\t<meta property=\"og:image:type\" content=\"image\/png\" \/>\n<meta name=\"author\" content=\"GOFFIN Alexandre\" \/>\n<meta name=\"twitter:card\" content=\"summary_large_image\" \/>\n<meta name=\"twitter:label1\" content=\"Verfasst von\" \/>\n\t<meta name=\"twitter:data1\" content=\"GOFFIN Alexandre\" \/>\n\t<meta name=\"twitter:label2\" content=\"Gesch\u00e4tzte Lesezeit\" \/>\n\t<meta name=\"twitter:data2\" content=\"2\u00a0Minuten\" \/>\n<script type=\"application\/ld+json\" class=\"yoast-schema-graph\">{\"@context\":\"https:\\\/\\\/schema.org\",\"@graph\":[{\"@type\":\"Article\",\"@id\":\"https:\\\/\\\/www.coeurssansfrontieres.com\\\/de\\\/vereinsleben\\\/ankuendigungennachrichten\\\/fevrier-2011\\\/#article\",\"isPartOf\":{\"@id\":\"https:\\\/\\\/www.coeurssansfrontieres.com\\\/de\\\/vereinsleben\\\/ankuendigungennachrichten\\\/fevrier-2011\\\/\"},\"author\":{\"name\":\"GOFFIN Alexandre\",\"@id\":\"https:\\\/\\\/www.coeurssansfrontieres.com\\\/fr\\\/#\\\/schema\\\/person\\\/19507754554eb5218427fc31038cac56\"},\"headline\":\"F\u00e9vrier 2011\",\"datePublished\":\"2011-03-09T17:27:06+00:00\",\"dateModified\":\"2017-10-07T13:30:49+00:00\",\"mainEntityOfPage\":{\"@id\":\"https:\\\/\\\/www.coeurssansfrontieres.com\\\/de\\\/vereinsleben\\\/ankuendigungennachrichten\\\/fevrier-2011\\\/\"},\"wordCount\":422,\"commentCount\":0,\"image\":{\"@id\":\"https:\\\/\\\/www.coeurssansfrontieres.com\\\/de\\\/vereinsleben\\\/ankuendigungennachrichten\\\/fevrier-2011\\\/#primaryimage\"},\"thumbnailUrl\":\"https:\\\/\\\/www.coeurssansfrontieres.com\\\/wp-content\\\/uploads\\\/2017\\\/08\\\/annonces-ombres.png\",\"articleSection\":[\"Ank\u00fcndigungenNachrichten\",\"Vereinsleben\"],\"inLanguage\":\"de\",\"potentialAction\":[{\"@type\":\"CommentAction\",\"name\":\"Comment\",\"target\":[\"https:\\\/\\\/www.coeurssansfrontieres.com\\\/de\\\/vereinsleben\\\/ankuendigungennachrichten\\\/fevrier-2011\\\/#respond\"]}]},{\"@type\":\"WebPage\",\"@id\":\"https:\\\/\\\/www.coeurssansfrontieres.com\\\/de\\\/vereinsleben\\\/ankuendigungennachrichten\\\/fevrier-2011\\\/\",\"url\":\"https:\\\/\\\/www.coeurssansfrontieres.com\\\/de\\\/vereinsleben\\\/ankuendigungennachrichten\\\/fevrier-2011\\\/\",\"name\":\"F\u00e9vrier 2011 - CSF - HOG\",\"isPartOf\":{\"@id\":\"https:\\\/\\\/www.coeurssansfrontieres.com\\\/fr\\\/#website\"},\"primaryImageOfPage\":{\"@id\":\"https:\\\/\\\/www.coeurssansfrontieres.com\\\/de\\\/vereinsleben\\\/ankuendigungennachrichten\\\/fevrier-2011\\\/#primaryimage\"},\"image\":{\"@id\":\"https:\\\/\\\/www.coeurssansfrontieres.com\\\/de\\\/vereinsleben\\\/ankuendigungennachrichten\\\/fevrier-2011\\\/#primaryimage\"},\"thumbnailUrl\":\"https:\\\/\\\/www.coeurssansfrontieres.com\\\/wp-content\\\/uploads\\\/2017\\\/08\\\/annonces-ombres.png\",\"datePublished\":\"2011-03-09T17:27:06+00:00\",\"dateModified\":\"2017-10-07T13:30:49+00:00\",\"author\":{\"@id\":\"https:\\\/\\\/www.coeurssansfrontieres.com\\\/fr\\\/#\\\/schema\\\/person\\\/19507754554eb5218427fc31038cac56\"},\"breadcrumb\":{\"@id\":\"https:\\\/\\\/www.coeurssansfrontieres.com\\\/de\\\/vereinsleben\\\/ankuendigungennachrichten\\\/fevrier-2011\\\/#breadcrumb\"},\"inLanguage\":\"de\",\"potentialAction\":[{\"@type\":\"ReadAction\",\"target\":[\"https:\\\/\\\/www.coeurssansfrontieres.com\\\/de\\\/vereinsleben\\\/ankuendigungennachrichten\\\/fevrier-2011\\\/\"]}]},{\"@type\":\"ImageObject\",\"inLanguage\":\"de\",\"@id\":\"https:\\\/\\\/www.coeurssansfrontieres.com\\\/de\\\/vereinsleben\\\/ankuendigungennachrichten\\\/fevrier-2011\\\/#primaryimage\",\"url\":\"https:\\\/\\\/www.coeurssansfrontieres.com\\\/wp-content\\\/uploads\\\/2017\\\/08\\\/annonces-ombres.png\",\"contentUrl\":\"https:\\\/\\\/www.coeurssansfrontieres.com\\\/wp-content\\\/uploads\\\/2017\\\/08\\\/annonces-ombres.png\",\"width\":122,\"height\":122},{\"@type\":\"BreadcrumbList\",\"@id\":\"https:\\\/\\\/www.coeurssansfrontieres.com\\\/de\\\/vereinsleben\\\/ankuendigungennachrichten\\\/fevrier-2011\\\/#breadcrumb\",\"itemListElement\":[{\"@type\":\"ListItem\",\"position\":1,\"name\":\"Accueil\",\"item\":\"https:\\\/\\\/www.coeurssansfrontieres.com\\\/de\\\/\"},{\"@type\":\"ListItem\",\"position\":2,\"name\":\"F\u00e9vrier 2011\"}]},{\"@type\":\"WebSite\",\"@id\":\"https:\\\/\\\/www.coeurssansfrontieres.com\\\/fr\\\/#website\",\"url\":\"https:\\\/\\\/www.coeurssansfrontieres.com\\\/fr\\\/\",\"name\":\"C\u0153urs sans fronti\u00e8res\",\"description\":\"Association franco-allemande des Enfants de la Seconde Guerre Mondiale\",\"potentialAction\":[{\"@type\":\"SearchAction\",\"target\":{\"@type\":\"EntryPoint\",\"urlTemplate\":\"https:\\\/\\\/www.coeurssansfrontieres.com\\\/fr\\\/?s={search_term_string}\"},\"query-input\":{\"@type\":\"PropertyValueSpecification\",\"valueRequired\":true,\"valueName\":\"search_term_string\"}}],\"inLanguage\":\"de\"},{\"@type\":\"Person\",\"@id\":\"https:\\\/\\\/www.coeurssansfrontieres.com\\\/fr\\\/#\\\/schema\\\/person\\\/19507754554eb5218427fc31038cac56\",\"name\":\"GOFFIN Alexandre\"}]}<\/script>\n<!-- \/ Yoast SEO plugin. -->","yoast_head_json":{"title":"F\u00e9vrier 2011 - CSF - HOG","robots":{"index":"index","follow":"follow","max-snippet":"max-snippet:-1","max-image-preview":"max-image-preview:large","max-video-preview":"max-video-preview:-1"},"canonical":"https:\/\/www.coeurssansfrontieres.com\/de\/vereinsleben\/ankuendigungennachrichten\/fevrier-2011\/","og_locale":"de_DE","og_type":"article","og_title":"F\u00e9vrier 2011 - CSF - HOG","og_description":"Dieser Artikel wurde noch nicht ins Deutsche \u00fcbersetzt Depuis le d\u00e9but de l\u2019ann\u00e9e des nouveaux membres fran\u00e7ais et allemands nous ont rejoints. Nous leur souhaitons la bienvenue. Le 20\/01\/2011 Jean-Jacques Delorme, invit\u00e9 par Gilbert Nicolas, professeur d\u2019histoire \u00e0 l\u2019universit\u00e9 Rennes 2, a donn\u00e9 une conf\u00e9rence au sein de l\u2019universit\u00e9, sur le th\u00e8me \u00ab Fils de [&hellip;]","og_url":"https:\/\/www.coeurssansfrontieres.com\/de\/vereinsleben\/ankuendigungennachrichten\/fevrier-2011\/","og_site_name":"CSF - HOG","article_published_time":"2011-03-09T17:27:06+00:00","article_modified_time":"2017-10-07T13:30:49+00:00","og_image":[{"width":122,"height":122,"url":"https:\/\/www.coeurssansfrontieres.com\/wp-content\/uploads\/2017\/08\/annonces-ombres.png","type":"image\/png"}],"author":"GOFFIN Alexandre","twitter_card":"summary_large_image","twitter_misc":{"Verfasst von":"GOFFIN Alexandre","Gesch\u00e4tzte Lesezeit":"2\u00a0Minuten"},"schema":{"@context":"https:\/\/schema.org","@graph":[{"@type":"Article","@id":"https:\/\/www.coeurssansfrontieres.com\/de\/vereinsleben\/ankuendigungennachrichten\/fevrier-2011\/#article","isPartOf":{"@id":"https:\/\/www.coeurssansfrontieres.com\/de\/vereinsleben\/ankuendigungennachrichten\/fevrier-2011\/"},"author":{"name":"GOFFIN Alexandre","@id":"https:\/\/www.coeurssansfrontieres.com\/fr\/#\/schema\/person\/19507754554eb5218427fc31038cac56"},"headline":"F\u00e9vrier 2011","datePublished":"2011-03-09T17:27:06+00:00","dateModified":"2017-10-07T13:30:49+00:00","mainEntityOfPage":{"@id":"https:\/\/www.coeurssansfrontieres.com\/de\/vereinsleben\/ankuendigungennachrichten\/fevrier-2011\/"},"wordCount":422,"commentCount":0,"image":{"@id":"https:\/\/www.coeurssansfrontieres.com\/de\/vereinsleben\/ankuendigungennachrichten\/fevrier-2011\/#primaryimage"},"thumbnailUrl":"https:\/\/www.coeurssansfrontieres.com\/wp-content\/uploads\/2017\/08\/annonces-ombres.png","articleSection":["Ank\u00fcndigungenNachrichten","Vereinsleben"],"inLanguage":"de","potentialAction":[{"@type":"CommentAction","name":"Comment","target":["https:\/\/www.coeurssansfrontieres.com\/de\/vereinsleben\/ankuendigungennachrichten\/fevrier-2011\/#respond"]}]},{"@type":"WebPage","@id":"https:\/\/www.coeurssansfrontieres.com\/de\/vereinsleben\/ankuendigungennachrichten\/fevrier-2011\/","url":"https:\/\/www.coeurssansfrontieres.com\/de\/vereinsleben\/ankuendigungennachrichten\/fevrier-2011\/","name":"F\u00e9vrier 2011 - CSF - HOG","isPartOf":{"@id":"https:\/\/www.coeurssansfrontieres.com\/fr\/#website"},"primaryImageOfPage":{"@id":"https:\/\/www.coeurssansfrontieres.com\/de\/vereinsleben\/ankuendigungennachrichten\/fevrier-2011\/#primaryimage"},"image":{"@id":"https:\/\/www.coeurssansfrontieres.com\/de\/vereinsleben\/ankuendigungennachrichten\/fevrier-2011\/#primaryimage"},"thumbnailUrl":"https:\/\/www.coeurssansfrontieres.com\/wp-content\/uploads\/2017\/08\/annonces-ombres.png","datePublished":"2011-03-09T17:27:06+00:00","dateModified":"2017-10-07T13:30:49+00:00","author":{"@id":"https:\/\/www.coeurssansfrontieres.com\/fr\/#\/schema\/person\/19507754554eb5218427fc31038cac56"},"breadcrumb":{"@id":"https:\/\/www.coeurssansfrontieres.com\/de\/vereinsleben\/ankuendigungennachrichten\/fevrier-2011\/#breadcrumb"},"inLanguage":"de","potentialAction":[{"@type":"ReadAction","target":["https:\/\/www.coeurssansfrontieres.com\/de\/vereinsleben\/ankuendigungennachrichten\/fevrier-2011\/"]}]},{"@type":"ImageObject","inLanguage":"de","@id":"https:\/\/www.coeurssansfrontieres.com\/de\/vereinsleben\/ankuendigungennachrichten\/fevrier-2011\/#primaryimage","url":"https:\/\/www.coeurssansfrontieres.com\/wp-content\/uploads\/2017\/08\/annonces-ombres.png","contentUrl":"https:\/\/www.coeurssansfrontieres.com\/wp-content\/uploads\/2017\/08\/annonces-ombres.png","width":122,"height":122},{"@type":"BreadcrumbList","@id":"https:\/\/www.coeurssansfrontieres.com\/de\/vereinsleben\/ankuendigungennachrichten\/fevrier-2011\/#breadcrumb","itemListElement":[{"@type":"ListItem","position":1,"name":"Accueil","item":"https:\/\/www.coeurssansfrontieres.com\/de\/"},{"@type":"ListItem","position":2,"name":"F\u00e9vrier 2011"}]},{"@type":"WebSite","@id":"https:\/\/www.coeurssansfrontieres.com\/fr\/#website","url":"https:\/\/www.coeurssansfrontieres.com\/fr\/","name":"C\u0153urs sans fronti\u00e8res","description":"Association franco-allemande des Enfants de la Seconde Guerre Mondiale","potentialAction":[{"@type":"SearchAction","target":{"@type":"EntryPoint","urlTemplate":"https:\/\/www.coeurssansfrontieres.com\/fr\/?s={search_term_string}"},"query-input":{"@type":"PropertyValueSpecification","valueRequired":true,"valueName":"search_term_string"}}],"inLanguage":"de"},{"@type":"Person","@id":"https:\/\/www.coeurssansfrontieres.com\/fr\/#\/schema\/person\/19507754554eb5218427fc31038cac56","name":"GOFFIN Alexandre"}]}},"_links":{"self":[{"href":"https:\/\/www.coeurssansfrontieres.com\/de\/wp-json\/wp\/v2\/posts\/6002","targetHints":{"allow":["GET"]}}],"collection":[{"href":"https:\/\/www.coeurssansfrontieres.com\/de\/wp-json\/wp\/v2\/posts"}],"about":[{"href":"https:\/\/www.coeurssansfrontieres.com\/de\/wp-json\/wp\/v2\/types\/post"}],"author":[{"embeddable":true,"href":"https:\/\/www.coeurssansfrontieres.com\/de\/wp-json\/wp\/v2\/users\/249"}],"replies":[{"embeddable":true,"href":"https:\/\/www.coeurssansfrontieres.com\/de\/wp-json\/wp\/v2\/comments?post=6002"}],"version-history":[{"count":0,"href":"https:\/\/www.coeurssansfrontieres.com\/de\/wp-json\/wp\/v2\/posts\/6002\/revisions"}],"wp:featuredmedia":[{"embeddable":true,"href":"https:\/\/www.coeurssansfrontieres.com\/de\/wp-json\/wp\/v2\/media\/9968"}],"wp:attachment":[{"href":"https:\/\/www.coeurssansfrontieres.com\/de\/wp-json\/wp\/v2\/media?parent=6002"}],"wp:term":[{"taxonomy":"category","embeddable":true,"href":"https:\/\/www.coeurssansfrontieres.com\/de\/wp-json\/wp\/v2\/categories?post=6002"},{"taxonomy":"post_tag","embeddable":true,"href":"https:\/\/www.coeurssansfrontieres.com\/de\/wp-json\/wp\/v2\/tags?post=6002"}],"curies":[{"name":"wp","href":"https:\/\/api.w.org\/{rel}","templated":true}]}}