{"id":6205,"date":"2017-02-23T18:32:37","date_gmt":"2017-02-23T17:32:37","guid":{"rendered":"http:\/\/www.coeurssansfrontieres.com\/unkategorisiert\/souffrance-identitaire\/"},"modified":"2019-03-03T18:28:53","modified_gmt":"2019-03-03T17:28:53","slug":"souffrance-identitaire","status":"publish","type":"post","link":"https:\/\/www.coeurssansfrontieres.com\/de\/recherche\/wiedervereinigung\/souffrance-identitaire\/","title":{"rendered":"Souffrance identitaire &#8211; Karin Pein"},"content":{"rendered":"<p>[et_pb_section admin_label=&#8220;section&#8220;][et_pb_row admin_label=&#8220;row&#8220; make_fullwidth=&#8220;on&#8220; use_custom_width=&#8220;off&#8220; width_unit=&#8220;on&#8220; use_custom_gutter=&#8220;off&#8220; padding_mobile=&#8220;off&#8220; allow_player_pause=&#8220;off&#8220; parallax=&#8220;off&#8220; parallax_method=&#8220;off&#8220; make_equal=&#8220;off&#8220; parallax_1=&#8220;off&#8220; parallax_method_1=&#8220;off&#8220; parallax_2=&#8220;off&#8220; parallax_method_2=&#8220;off&#8220; column_padding_mobile=&#8220;on&#8220;][et_pb_column type=&#8220;3_4&#8243;][et_pb_text admin_label=&#8220;Texte&#8220; background_layout=&#8220;light&#8220; text_orientation=&#8220;left&#8220; use_border_color=&#8220;off&#8220; border_color=&#8220;#ffffff&#8220; border_style=&#8220;solid&#8220;]<\/p>\n<h1 style=\"text-align: center;\">Souffrance identitaire &#8211; Karin Pein<\/h1>\n<p>[\/et_pb_text][et_pb_text admin_label=&#8220;Texte&#8220;]<\/p>\n<p><i>Refuser \u00e0 un enfant de conna\u00eetre ses origines v\u00e9ritables engendre des souffrances qui l\u2019accompagneront tout au long de sa vie. Seul un travail pour mettre au jour le secret de la famille apportera enfin la paix \u00e0 son esprit tourment\u00e9.<\/i><\/p>\n<p><i>Le r\u00e9cit de Karin, est tout \u00e0 fait significatif, C\u0153urs sans Fronti\u00e8res la remercie de l\u2019avoir le lui avoir confi\u00e9 :<\/i><\/p>\n<p>Je suis Karin Pein, je vais raconter mon histoire pour C\u0153urs Sans Fronti\u00e8res.<\/p>\n<p>Mon histoire n&#8217;est pas la m\u00eame que celles que j&#8217;ai lu de vous qui recherchez un p\u00e8re, une famille en Allemagne o\u00f9 ailleurs, moi je savais qui \u00e9tait mon p\u00e8re j&#8217;avais des photos de lui.<\/p>\n<p>Je suis n\u00e9e le 6\/01\/1944 \u00e0 Oberilm en Allemagne, de p\u00e8re et m\u00e8re Allemands, mon p\u00e8re fut tu\u00e9 \u00e0 Varsovie le 4 Mars 1944.<\/p>\n<p>Je suis arriv\u00e9e en France avec ma m\u00e8re et un soldat fran\u00e7ais en Juin 1945.<\/p>\n<p>Voil\u00e0 le d\u00e9but de ma vie, ma m\u00e8re ne parlait pas le fran\u00e7ais et moi lorsque je suis rentr\u00e9e \u00e0 l\u2019\u00e9cole primaire je parlais l&#8217;allemand, j&#8217;ai tout enfoui au fond de moi, je ne le parle plus maintenant.<\/p>\n<p>Toute ma vie fut faite de non-dit et aussi d&#8217;injures, beaucoup ont d\u00fb comme moi entendre le mot \u00ab sale boche \u00bb, le mot qui nous faisait tant de mal, moi je l&#8217;ai entendu tr\u00e8s longtemps, j&#8217;en arrivais \u00e0 avoir honte d\u2019\u00eatre n\u00e9e allemande, j&#8217;ai refus\u00e9 de garder ma nationalit\u00e9 Allemande et maintenant je l&#8217;ai redemand\u00e9e, j\u2019esp\u00e8re bien l&#8217;avoir \u00e0 nouveau, en fait c\u2019est mon pays.<\/p>\n<p>Ma m\u00e8re ne m&#8217;avait rien dit sur mon p\u00e8re, ni o\u00f9 il avait \u00e9t\u00e9 tu\u00e9, ni o\u00f9 il reposait.<\/p>\n<p>Il y a deux ans avec l&#8217;aide de l&#8217;ambassade de France \u00e0 Varsovie et une g\u00e9n\u00e9alogiste j&#8217;ai retrouv\u00e9 o\u00f9 il reposait. Que d&#8217;\u00e9motions et de chagrins quand je suis arriv\u00e9e en Pologne avec mon compagnon, j&#8217;ai lu son nom sur cette plaque aux c\u00f4t\u00e9s de ses compagnons d&#8217;infortune, que de temps perdu. J&#8217;avais fait un grand pas en avant, malgr\u00e9 cela j&#8217;\u00e9tais soulag\u00e9e.<\/p>\n<p>Ensuite j\u2019ai entendu parler de C\u0153urs Sans Fronti\u00e8res \u00e0 la t\u00e9l\u00e9.<\/p>\n<p>J&#8217;ai rencontr\u00e9 des gens merveilleux, Francis Criton fut le premier, le contact passa tr\u00e8s bien, j&#8217;ai appris comment fonctionnait votre association, elle est merveilleuse, j&#8217;ai lu des histoires terribles.<\/p>\n<p>Depuis le d\u00e9but de l&#8217;ann\u00e9e 2016 j&#8217;ai retrouv\u00e9 deux cousins, nos deux p\u00e8res \u00e9taient fr\u00e8res, car l\u00e0 aussi je croyais, d&#8217;apr\u00e8s les dires de ma m\u00e8re qui m&#8217;a toujours menti, mon p\u00e8re fils unique<\/p>\n<p>Mes cousins, je les ai retrouv\u00e9s avec les r\u00e9seaux sociaux, il reste deux autres cousins mais l\u00e0 je ne trouve rien,<\/p>\n<p>Pour beaucoup de mes documents, la demande de double nationalit\u00e9 et autres je veux remercier Henry Millner. Je veux remercier ici Hubert Le Neillon qui traduit les lettres que j&#8217;\u00e9change avec mes cousins.<\/p>\n<p>Vous \u00eates des gens qui ont du c\u0153ur, cela fait du bien de parler avec vous.<\/p>\n<p>Nous sommes all\u00e9s en Allemagne en Juin rencontrer Jurgen et Klaus Pein ils sont fr\u00e8res et nous avons pass\u00e9s des moments merveilleux, que de temps perdu\u2026. Eux ne connaissaient pas mon existence.<\/p>\n<p>Pourquoi tant de non-dit, pourquoi tant de haines.<\/p>\n<p>Que de souffrance pour vous enfants de la guerre et aussi pour moi \u00e0 qui on a tout cach\u00e9 et qui surtout n&#8217;avais personne \u00e0 aimer.<\/p>\n<p>J&#8217;esp\u00e8re que votre association tiendra longtemps et je souhaite \u00e0 ceux et celles qui recherchent leur famille quelles les trouvent et qu&#8217;ils soient heureux comme je le suis.<\/p>\n<p>Voil\u00e0 mon histoire, elle n&#8217;est pas semblable \u00e0 la v\u00f4tre mais c&#8217;est la mienne.<\/p>\n<p><strong>Karin Pein<\/strong><\/p>\n<p>[\/et_pb_text][\/et_pb_column][et_pb_column type=&#8220;1_4&#8243;][et_pb_sidebar admin_label=&#8220;Barre lat\u00e9rale&#8220; orientation=&#8220;left&#8220; area=&#8220;et_pb_widget_area_12&#8243; background_layout=&#8220;light&#8220; remove_border=&#8220;off&#8220;]<br \/>\n[\/et_pb_sidebar][\/et_pb_column][\/et_pb_row][\/et_pb_section]<\/p>\n","protected":false},"excerpt":{"rendered":"<p>Souffrance identitaire &#8211; Karin Pein Refuser \u00e0 un enfant de conna\u00eetre ses origines v\u00e9ritables engendre des souffrances qui l\u2019accompagneront tout au long de sa vie. Seul un travail pour mettre au jour le secret de la famille apportera enfin la paix \u00e0 son esprit tourment\u00e9. Le r\u00e9cit de Karin, est tout \u00e0 fait significatif, C\u0153urs [&hellip;]<\/p>\n","protected":false},"author":249,"featured_media":9961,"comment_status":"closed","ping_status":"closed","sticky":false,"template":"","format":"standard","meta":{"_et_pb_use_builder":"on","_et_pb_old_content":"<p><i>Refuser \u00e0 un enfant de conna\u00eetre ses origines v\u00e9ritables engendre des souffrances qui l\u2019accompagneront tout au long de sa vie. Seul un travail pour mettre au jour le secret de la famille apportera enfin la paix \u00e0 son esprit tourment\u00e9.<\/i><\/p><p><i>Le r\u00e9cit de Karin, est tout \u00e0 fait significatif, C\u0153urs sans Fronti\u00e8res la remercie de l\u2019avoir le lui avoir confi\u00e9 :<\/i><\/p><p>Je suis Karin Pein, je vais raconter mon histoire pour C\u0153urs Sans Fronti\u00e8res.<\/p><p>Mon histoire n'est pas la m\u00eame que celles que j'ai lu de vous qui recherchez un p\u00e8re, une famille en Allemagne o\u00f9 ailleurs, moi je savais qui \u00e9tait mon p\u00e8re j'avais des photos de lui.<\/p><p>Je suis n\u00e9e le 6\/01\/1944 \u00e0 Oberilm en Allemagne, de p\u00e8re et m\u00e8re Allemands, mon p\u00e8re fut tu\u00e9 \u00e0 Varsovie le 4 Mars 1944.<\/p><p>Je suis arriv\u00e9e en France avec ma m\u00e8re et un soldat fran\u00e7ais en Juin 1945.<\/p><p>Voil\u00e0 le d\u00e9but de ma vie, ma m\u00e8re ne parlait pas le fran\u00e7ais et moi lorsque je suis rentr\u00e9e \u00e0 l\u2019\u00e9cole primaire je parlais l'allemand, j'ai tout enfoui au fond de moi, je ne le parle plus maintenant.<\/p><p>Toute ma vie fut faite de non-dit et aussi d'injures, beaucoup ont d\u00fb comme moi entendre le mot \u00ab sale boche \u00bb, le mot qui nous faisait tant de mal, moi je l'ai entendu tr\u00e8s longtemps, j'en arrivais \u00e0 avoir honte d\u2019\u00eatre n\u00e9e allemande, j'ai refus\u00e9 de garder ma nationalit\u00e9 Allemande et maintenant je l'ai redemand\u00e9e, j\u2019esp\u00e8re bien l'avoir \u00e0 nouveau, en fait c\u2019est mon pays.<\/p><p>Ma m\u00e8re ne m'avait rien dit sur mon p\u00e8re, ni o\u00f9 il avait \u00e9t\u00e9 tu\u00e9, ni o\u00f9 il reposait.<\/p><p>Il y a deux ans avec l'aide de l'ambassade de France \u00e0 Varsovie et une g\u00e9n\u00e9alogiste j'ai retrouv\u00e9 o\u00f9 il reposait. Que d'\u00e9motions et de chagrins quand je suis arriv\u00e9e en Pologne avec mon compagnon, j'ai lu son nom sur cette plaque aux c\u00f4t\u00e9s de ses compagnons d'infortune, que de temps perdu. J'avais fait un grand pas en avant, malgr\u00e9 cela j'\u00e9tais soulag\u00e9e.<\/p><p>Ensuite j\u2019ai entendu parler de C\u0153urs Sans Fronti\u00e8res \u00e0 la t\u00e9l\u00e9.<\/p><p>J'ai rencontr\u00e9 des gens merveilleux, Francis Criton fut le premier, le contact passa tr\u00e8s bien, j'ai appris comment fonctionnait votre association, elle est merveilleuse, j'ai lu des histoires terribles.<\/p><p>Depuis le d\u00e9but de l'ann\u00e9e 2016 j'ai retrouv\u00e9 deux cousins, nos deux p\u00e8res \u00e9taient fr\u00e8res, car l\u00e0 aussi je croyais, d'apr\u00e8s les dires de ma m\u00e8re qui m'a toujours menti, mon p\u00e8re fils unique<\/p><p>Mes cousins, je les ai retrouv\u00e9s avec les r\u00e9seaux sociaux, il reste deux autres cousins mais l\u00e0 je ne trouve rien,<\/p><p>Pour beaucoup de mes documents, la demande de double nationalit\u00e9 et autres je veux remercier Henry Millner. Je veux remercier ici Hubert Le Neillon qui traduit les lettres que j'\u00e9change avec mes cousins.<\/p><p>Vous \u00eates des gens qui ont du c\u0153ur, cela fait du bien de parler avec vous.<\/p><p>Nous sommes all\u00e9s en Allemagne en Juin rencontrer Jurgen et Klaus Pein ils sont fr\u00e8res et nous avons pass\u00e9s des moments merveilleux, que de temps perdu\u2026. Eux ne connaissaient pas mon existence.<\/p><p>Pourquoi tant de non-dit, pourquoi tant de haines.<\/p><p>Que de souffrance pour vous enfants de la guerre et aussi pour moi \u00e0 qui on a tout cach\u00e9 et qui surtout n'avais personne \u00e0 aimer.<\/p><p>J'esp\u00e8re que votre association tiendra longtemps et je souhaite \u00e0 ceux et celles qui recherchent leur famille quelles les trouvent et qu'ils soient heureux comme je le suis.<\/p><p>Voil\u00e0 mon histoire, elle n'est pas semblable \u00e0 la v\u00f4tre mais c'est la mienne.<\/p><p><strong>Karin Pein<\/strong><\/p>","_et_gb_content_width":"","footnotes":""},"categories":[172,175],"tags":[],"class_list":["post-6205","post","type-post","status-publish","format-standard","has-post-thumbnail","hentry","category-recherche","category-wiedervereinigung"],"yoast_head":"<!-- This site is optimized with the Yoast SEO plugin v27.4 - https:\/\/yoast.com\/product\/yoast-seo-wordpress\/ -->\n<title>Souffrance identitaire - Karin Pein - CSF - HOG<\/title>\n<meta name=\"robots\" content=\"index, follow, max-snippet:-1, max-image-preview:large, max-video-preview:-1\" \/>\n<link rel=\"canonical\" href=\"https:\/\/www.coeurssansfrontieres.com\/de\/recherche\/wiedervereinigung\/souffrance-identitaire\/\" \/>\n<meta property=\"og:locale\" content=\"de_DE\" \/>\n<meta property=\"og:type\" content=\"article\" \/>\n<meta property=\"og:title\" content=\"Souffrance identitaire - Karin Pein - CSF - HOG\" \/>\n<meta property=\"og:description\" content=\"Souffrance identitaire - Karin Pein Refuser \u00e0 un enfant de conna\u00eetre ses origines v\u00e9ritables engendre des souffrances qui l\u2019accompagneront tout au long de sa vie. Seul un travail pour mettre au jour le secret de la famille apportera enfin la paix \u00e0 son esprit tourment\u00e9. Le r\u00e9cit de Karin, est tout \u00e0 fait significatif, C\u0153urs [&hellip;]\" \/>\n<meta property=\"og:url\" content=\"https:\/\/www.coeurssansfrontieres.com\/de\/recherche\/wiedervereinigung\/souffrance-identitaire\/\" \/>\n<meta property=\"og:site_name\" content=\"CSF - HOG\" \/>\n<meta property=\"article:published_time\" content=\"2017-02-23T17:32:37+00:00\" \/>\n<meta property=\"article:modified_time\" content=\"2019-03-03T17:28:53+00:00\" \/>\n<meta property=\"og:image\" content=\"https:\/\/www.coeurssansfrontieres.com\/wp-content\/uploads\/2017\/08\/Retrouvailles-ombre.png\" \/>\n\t<meta property=\"og:image:width\" content=\"123\" \/>\n\t<meta property=\"og:image:height\" content=\"123\" \/>\n\t<meta property=\"og:image:type\" content=\"image\/png\" \/>\n<meta name=\"author\" content=\"GOFFIN Alexandre\" \/>\n<meta name=\"twitter:card\" content=\"summary_large_image\" \/>\n<meta name=\"twitter:label1\" content=\"Verfasst von\" \/>\n\t<meta name=\"twitter:data1\" content=\"GOFFIN Alexandre\" \/>\n\t<meta name=\"twitter:label2\" content=\"Gesch\u00e4tzte Lesezeit\" \/>\n\t<meta name=\"twitter:data2\" content=\"4\u00a0Minuten\" \/>\n<script type=\"application\/ld+json\" class=\"yoast-schema-graph\">{\"@context\":\"https:\\\/\\\/schema.org\",\"@graph\":[{\"@type\":\"Article\",\"@id\":\"https:\\\/\\\/www.coeurssansfrontieres.com\\\/de\\\/recherche\\\/wiedervereinigung\\\/souffrance-identitaire\\\/#article\",\"isPartOf\":{\"@id\":\"https:\\\/\\\/www.coeurssansfrontieres.com\\\/de\\\/recherche\\\/wiedervereinigung\\\/souffrance-identitaire\\\/\"},\"author\":{\"name\":\"GOFFIN Alexandre\",\"@id\":\"https:\\\/\\\/www.coeurssansfrontieres.com\\\/fr\\\/#\\\/schema\\\/person\\\/19507754554eb5218427fc31038cac56\"},\"headline\":\"Souffrance identitaire &#8211; Karin Pein\",\"datePublished\":\"2017-02-23T17:32:37+00:00\",\"dateModified\":\"2019-03-03T17:28:53+00:00\",\"mainEntityOfPage\":{\"@id\":\"https:\\\/\\\/www.coeurssansfrontieres.com\\\/de\\\/recherche\\\/wiedervereinigung\\\/souffrance-identitaire\\\/\"},\"wordCount\":801,\"image\":{\"@id\":\"https:\\\/\\\/www.coeurssansfrontieres.com\\\/de\\\/recherche\\\/wiedervereinigung\\\/souffrance-identitaire\\\/#primaryimage\"},\"thumbnailUrl\":\"https:\\\/\\\/www.coeurssansfrontieres.com\\\/wp-content\\\/uploads\\\/2017\\\/08\\\/Retrouvailles-ombre.png\",\"articleSection\":[\"Recherche\",\"Wiedervereinigung\"],\"inLanguage\":\"de\"},{\"@type\":\"WebPage\",\"@id\":\"https:\\\/\\\/www.coeurssansfrontieres.com\\\/de\\\/recherche\\\/wiedervereinigung\\\/souffrance-identitaire\\\/\",\"url\":\"https:\\\/\\\/www.coeurssansfrontieres.com\\\/de\\\/recherche\\\/wiedervereinigung\\\/souffrance-identitaire\\\/\",\"name\":\"Souffrance identitaire - Karin Pein - CSF - HOG\",\"isPartOf\":{\"@id\":\"https:\\\/\\\/www.coeurssansfrontieres.com\\\/fr\\\/#website\"},\"primaryImageOfPage\":{\"@id\":\"https:\\\/\\\/www.coeurssansfrontieres.com\\\/de\\\/recherche\\\/wiedervereinigung\\\/souffrance-identitaire\\\/#primaryimage\"},\"image\":{\"@id\":\"https:\\\/\\\/www.coeurssansfrontieres.com\\\/de\\\/recherche\\\/wiedervereinigung\\\/souffrance-identitaire\\\/#primaryimage\"},\"thumbnailUrl\":\"https:\\\/\\\/www.coeurssansfrontieres.com\\\/wp-content\\\/uploads\\\/2017\\\/08\\\/Retrouvailles-ombre.png\",\"datePublished\":\"2017-02-23T17:32:37+00:00\",\"dateModified\":\"2019-03-03T17:28:53+00:00\",\"author\":{\"@id\":\"https:\\\/\\\/www.coeurssansfrontieres.com\\\/fr\\\/#\\\/schema\\\/person\\\/19507754554eb5218427fc31038cac56\"},\"breadcrumb\":{\"@id\":\"https:\\\/\\\/www.coeurssansfrontieres.com\\\/de\\\/recherche\\\/wiedervereinigung\\\/souffrance-identitaire\\\/#breadcrumb\"},\"inLanguage\":\"de\",\"potentialAction\":[{\"@type\":\"ReadAction\",\"target\":[\"https:\\\/\\\/www.coeurssansfrontieres.com\\\/de\\\/recherche\\\/wiedervereinigung\\\/souffrance-identitaire\\\/\"]}]},{\"@type\":\"ImageObject\",\"inLanguage\":\"de\",\"@id\":\"https:\\\/\\\/www.coeurssansfrontieres.com\\\/de\\\/recherche\\\/wiedervereinigung\\\/souffrance-identitaire\\\/#primaryimage\",\"url\":\"https:\\\/\\\/www.coeurssansfrontieres.com\\\/wp-content\\\/uploads\\\/2017\\\/08\\\/Retrouvailles-ombre.png\",\"contentUrl\":\"https:\\\/\\\/www.coeurssansfrontieres.com\\\/wp-content\\\/uploads\\\/2017\\\/08\\\/Retrouvailles-ombre.png\",\"width\":123,\"height\":123},{\"@type\":\"BreadcrumbList\",\"@id\":\"https:\\\/\\\/www.coeurssansfrontieres.com\\\/de\\\/recherche\\\/wiedervereinigung\\\/souffrance-identitaire\\\/#breadcrumb\",\"itemListElement\":[{\"@type\":\"ListItem\",\"position\":1,\"name\":\"Accueil\",\"item\":\"https:\\\/\\\/www.coeurssansfrontieres.com\\\/de\\\/\"},{\"@type\":\"ListItem\",\"position\":2,\"name\":\"Souffrance identitaire &#8211; Karin Pein\"}]},{\"@type\":\"WebSite\",\"@id\":\"https:\\\/\\\/www.coeurssansfrontieres.com\\\/fr\\\/#website\",\"url\":\"https:\\\/\\\/www.coeurssansfrontieres.com\\\/fr\\\/\",\"name\":\"C\u0153urs sans fronti\u00e8res\",\"description\":\"Association franco-allemande des Enfants de la Seconde Guerre Mondiale\",\"potentialAction\":[{\"@type\":\"SearchAction\",\"target\":{\"@type\":\"EntryPoint\",\"urlTemplate\":\"https:\\\/\\\/www.coeurssansfrontieres.com\\\/fr\\\/?s={search_term_string}\"},\"query-input\":{\"@type\":\"PropertyValueSpecification\",\"valueRequired\":true,\"valueName\":\"search_term_string\"}}],\"inLanguage\":\"de\"},{\"@type\":\"Person\",\"@id\":\"https:\\\/\\\/www.coeurssansfrontieres.com\\\/fr\\\/#\\\/schema\\\/person\\\/19507754554eb5218427fc31038cac56\",\"name\":\"GOFFIN Alexandre\"}]}<\/script>\n<!-- \/ Yoast SEO plugin. -->","yoast_head_json":{"title":"Souffrance identitaire - Karin Pein - CSF - HOG","robots":{"index":"index","follow":"follow","max-snippet":"max-snippet:-1","max-image-preview":"max-image-preview:large","max-video-preview":"max-video-preview:-1"},"canonical":"https:\/\/www.coeurssansfrontieres.com\/de\/recherche\/wiedervereinigung\/souffrance-identitaire\/","og_locale":"de_DE","og_type":"article","og_title":"Souffrance identitaire - Karin Pein - CSF - HOG","og_description":"Souffrance identitaire - Karin Pein Refuser \u00e0 un enfant de conna\u00eetre ses origines v\u00e9ritables engendre des souffrances qui l\u2019accompagneront tout au long de sa vie. Seul un travail pour mettre au jour le secret de la famille apportera enfin la paix \u00e0 son esprit tourment\u00e9. Le r\u00e9cit de Karin, est tout \u00e0 fait significatif, C\u0153urs [&hellip;]","og_url":"https:\/\/www.coeurssansfrontieres.com\/de\/recherche\/wiedervereinigung\/souffrance-identitaire\/","og_site_name":"CSF - HOG","article_published_time":"2017-02-23T17:32:37+00:00","article_modified_time":"2019-03-03T17:28:53+00:00","og_image":[{"width":123,"height":123,"url":"https:\/\/www.coeurssansfrontieres.com\/wp-content\/uploads\/2017\/08\/Retrouvailles-ombre.png","type":"image\/png"}],"author":"GOFFIN Alexandre","twitter_card":"summary_large_image","twitter_misc":{"Verfasst von":"GOFFIN Alexandre","Gesch\u00e4tzte Lesezeit":"4\u00a0Minuten"},"schema":{"@context":"https:\/\/schema.org","@graph":[{"@type":"Article","@id":"https:\/\/www.coeurssansfrontieres.com\/de\/recherche\/wiedervereinigung\/souffrance-identitaire\/#article","isPartOf":{"@id":"https:\/\/www.coeurssansfrontieres.com\/de\/recherche\/wiedervereinigung\/souffrance-identitaire\/"},"author":{"name":"GOFFIN Alexandre","@id":"https:\/\/www.coeurssansfrontieres.com\/fr\/#\/schema\/person\/19507754554eb5218427fc31038cac56"},"headline":"Souffrance identitaire &#8211; Karin Pein","datePublished":"2017-02-23T17:32:37+00:00","dateModified":"2019-03-03T17:28:53+00:00","mainEntityOfPage":{"@id":"https:\/\/www.coeurssansfrontieres.com\/de\/recherche\/wiedervereinigung\/souffrance-identitaire\/"},"wordCount":801,"image":{"@id":"https:\/\/www.coeurssansfrontieres.com\/de\/recherche\/wiedervereinigung\/souffrance-identitaire\/#primaryimage"},"thumbnailUrl":"https:\/\/www.coeurssansfrontieres.com\/wp-content\/uploads\/2017\/08\/Retrouvailles-ombre.png","articleSection":["Recherche","Wiedervereinigung"],"inLanguage":"de"},{"@type":"WebPage","@id":"https:\/\/www.coeurssansfrontieres.com\/de\/recherche\/wiedervereinigung\/souffrance-identitaire\/","url":"https:\/\/www.coeurssansfrontieres.com\/de\/recherche\/wiedervereinigung\/souffrance-identitaire\/","name":"Souffrance identitaire - Karin Pein - CSF - HOG","isPartOf":{"@id":"https:\/\/www.coeurssansfrontieres.com\/fr\/#website"},"primaryImageOfPage":{"@id":"https:\/\/www.coeurssansfrontieres.com\/de\/recherche\/wiedervereinigung\/souffrance-identitaire\/#primaryimage"},"image":{"@id":"https:\/\/www.coeurssansfrontieres.com\/de\/recherche\/wiedervereinigung\/souffrance-identitaire\/#primaryimage"},"thumbnailUrl":"https:\/\/www.coeurssansfrontieres.com\/wp-content\/uploads\/2017\/08\/Retrouvailles-ombre.png","datePublished":"2017-02-23T17:32:37+00:00","dateModified":"2019-03-03T17:28:53+00:00","author":{"@id":"https:\/\/www.coeurssansfrontieres.com\/fr\/#\/schema\/person\/19507754554eb5218427fc31038cac56"},"breadcrumb":{"@id":"https:\/\/www.coeurssansfrontieres.com\/de\/recherche\/wiedervereinigung\/souffrance-identitaire\/#breadcrumb"},"inLanguage":"de","potentialAction":[{"@type":"ReadAction","target":["https:\/\/www.coeurssansfrontieres.com\/de\/recherche\/wiedervereinigung\/souffrance-identitaire\/"]}]},{"@type":"ImageObject","inLanguage":"de","@id":"https:\/\/www.coeurssansfrontieres.com\/de\/recherche\/wiedervereinigung\/souffrance-identitaire\/#primaryimage","url":"https:\/\/www.coeurssansfrontieres.com\/wp-content\/uploads\/2017\/08\/Retrouvailles-ombre.png","contentUrl":"https:\/\/www.coeurssansfrontieres.com\/wp-content\/uploads\/2017\/08\/Retrouvailles-ombre.png","width":123,"height":123},{"@type":"BreadcrumbList","@id":"https:\/\/www.coeurssansfrontieres.com\/de\/recherche\/wiedervereinigung\/souffrance-identitaire\/#breadcrumb","itemListElement":[{"@type":"ListItem","position":1,"name":"Accueil","item":"https:\/\/www.coeurssansfrontieres.com\/de\/"},{"@type":"ListItem","position":2,"name":"Souffrance identitaire &#8211; Karin Pein"}]},{"@type":"WebSite","@id":"https:\/\/www.coeurssansfrontieres.com\/fr\/#website","url":"https:\/\/www.coeurssansfrontieres.com\/fr\/","name":"C\u0153urs sans fronti\u00e8res","description":"Association franco-allemande des Enfants de la Seconde Guerre Mondiale","potentialAction":[{"@type":"SearchAction","target":{"@type":"EntryPoint","urlTemplate":"https:\/\/www.coeurssansfrontieres.com\/fr\/?s={search_term_string}"},"query-input":{"@type":"PropertyValueSpecification","valueRequired":true,"valueName":"search_term_string"}}],"inLanguage":"de"},{"@type":"Person","@id":"https:\/\/www.coeurssansfrontieres.com\/fr\/#\/schema\/person\/19507754554eb5218427fc31038cac56","name":"GOFFIN Alexandre"}]}},"_links":{"self":[{"href":"https:\/\/www.coeurssansfrontieres.com\/de\/wp-json\/wp\/v2\/posts\/6205","targetHints":{"allow":["GET"]}}],"collection":[{"href":"https:\/\/www.coeurssansfrontieres.com\/de\/wp-json\/wp\/v2\/posts"}],"about":[{"href":"https:\/\/www.coeurssansfrontieres.com\/de\/wp-json\/wp\/v2\/types\/post"}],"author":[{"embeddable":true,"href":"https:\/\/www.coeurssansfrontieres.com\/de\/wp-json\/wp\/v2\/users\/249"}],"replies":[{"embeddable":true,"href":"https:\/\/www.coeurssansfrontieres.com\/de\/wp-json\/wp\/v2\/comments?post=6205"}],"version-history":[{"count":0,"href":"https:\/\/www.coeurssansfrontieres.com\/de\/wp-json\/wp\/v2\/posts\/6205\/revisions"}],"wp:featuredmedia":[{"embeddable":true,"href":"https:\/\/www.coeurssansfrontieres.com\/de\/wp-json\/wp\/v2\/media\/9961"}],"wp:attachment":[{"href":"https:\/\/www.coeurssansfrontieres.com\/de\/wp-json\/wp\/v2\/media?parent=6205"}],"wp:term":[{"taxonomy":"category","embeddable":true,"href":"https:\/\/www.coeurssansfrontieres.com\/de\/wp-json\/wp\/v2\/categories?post=6205"},{"taxonomy":"post_tag","embeddable":true,"href":"https:\/\/www.coeurssansfrontieres.com\/de\/wp-json\/wp\/v2\/tags?post=6205"}],"curies":[{"name":"wp","href":"https:\/\/api.w.org\/{rel}","templated":true}]}}