{"id":6333,"date":"2009-08-22T10:33:59","date_gmt":"2009-08-22T08:33:59","guid":{"rendered":"http:\/\/www.coeurssansfrontieres.com\/unkategorisiert\/csf-est-en-fete\/"},"modified":"2017-10-11T15:06:44","modified_gmt":"2017-10-11T13:06:44","slug":"csf-est-en-fete","status":"publish","type":"post","link":"https:\/\/www.coeurssansfrontieres.com\/de\/vereinsleben\/csf-est-en-fete\/","title":{"rendered":"Daniel Rouxel le 1er enfant de la guerre \u00e0 obtenir la nationalit\u00e9 allemande."},"content":{"rendered":"<p>[et_pb_section admin_label=&#8220;section&#8220;][et_pb_row admin_label=&#8220;row&#8220;][et_pb_column type=&#8220;4_4&#8243;][et_pb_text admin_label=&#8220;Texte&#8220; background_layout=&#8220;light&#8220; text_orientation=&#8220;left&#8220; header_text_color=&#8220;#e02b20&#8243; text_text_color=&#8220;#e02b20&#8243; use_border_color=&#8220;on&#8220; border_color=&#8220;#e02b20&#8243; border_style=&#8220;solid&#8220; saved_tabs=&#8220;all&#8220;]<\/p>\n<p style=\"text-align: center;\"><span style=\"color: #ff0000;\"><strong>Dieser Artikel wurde noch nicht ins Deutsche \u00fcbersetzt<\/strong><\/span><\/p>\n<p>[\/et_pb_text][et_pb_text admin_label=&#8220;Texte&#8220;]<\/p>\n<p><img loading=\"lazy\" decoding=\"async\" class=\" size-full wp-image-256\" title=\"Daniel Rouxel re\u00e7oit le certificat de nationalit\u00e9 Allemande des mains de Monsieur le consul d'Allemagne \u00e0 Paris\" src=\"https:\/\/www.coeurssansfrontieres.com\/wp-content\/uploads\/2009\/08\/image002.jpg\" alt=\"Daniel Rouxel re\u00e7oit le certificat de nationalit\u00e9 Allemande des mains de Monsieur le consul d'Allemagne \u00e0 Paris\" width=\"280\" height=\"383\" border=\"0\" hspace=\"0\" vspace=\"5\" srcset=\"https:\/\/www.coeurssansfrontieres.com\/wp-content\/uploads\/2009\/08\/image002.jpg 280w, https:\/\/www.coeurssansfrontieres.com\/wp-content\/uploads\/2009\/08\/image002-219x300.jpg 219w\" sizes=\"(max-width: 280px) 100vw, 280px\" \/><\/p>\n<p class=\"caption\"><span style=\"font-size: 10pt;\">Daniel Rouxel re\u00e7oit le certificat de\u00a0nationalit\u00e9 Allemande des mains de <\/span><span style=\"font-size: 10pt;\">Monsieur le consul d&#8217;Allemagne \u00e0 Paris<\/span><\/p>\n<p>&nbsp;<\/p>\n<p>Les enfants de la guerre qui en ont fait la d\u00e9marche deviennent franco-allemands.<\/p>\n<p style=\"text-align: justify;\">Notre pr\u00e9sident Jean-Jacques Delorme a imm\u00e9diatement adress\u00e9 au nom de l&#8217;association les plus vifs remerciements aux dirigeants allemands et fran\u00e7ais.<\/p>\n<p style=\"text-align: justify;\">Le premier certificat de nationalit\u00e9 allemande a \u00e9t\u00e9 remis \u00e0 Daniel Rouxel.<\/p>\n<p style=\"text-align: justify;\">Daniel Rouxel, Vice pr\u00e9sident de CSF, est un des fondateurs de notre association.<\/p>\n<p style=\"text-align: justify;\">Il r\u00e9alise le r\u00eave qui l&#8217;habite depuis des dizaines d&#8217;ann\u00e9es.<\/p>\n<p style=\"text-align: justify;\">L&#8217;occasion nous est donn\u00e9e de remercier Daniel. En 1994, son t\u00e9moignage t\u00e9l\u00e9vis\u00e9 a permis que la sp\u00e9cificit\u00e9 de nos naissances soit connu<span style=\"color: purple;\">e<\/span> du grand public. Depuis lentement la muraille du tabou s&#8217;effrite. Se d\u00e9voiler, comme il l&#8217;a fait \u00e0 l&#8217;\u00e9poque \u00e9tait courageux.<\/p>\n<p style=\"text-align: justify;\">Son enfance bouleversante a inspir\u00e9 un \u00e9crivain, Arthur TENOR, pour son livre <em>\u00ab\u00a0N\u00e9 Maudit\u00a0\u00bb <\/em>paru aux \u00e9ditions Nathan en 2007.<\/p>\n<p style=\"text-align: justify;\">Son histoire a encourag\u00e9 bien des enfants de la guerre \u00e0 sortir de l&#8217;ombre, \u00e0 entreprendre des recherches et \u00e0 nous rejoindre.<\/p>\n<p style=\"text-align: justify;\">Il ne s&#8217;est \u00e9coul\u00e9 que tr\u00e8s peu de temps depuis la d\u00e9cision de l&#8217;Allemagne de reconna\u00eetre les enfants n\u00e9s de la seconde guerre mondiale et con\u00e7us de p\u00e8res allemands et m\u00e8res fran\u00e7aises.<\/p>\n<p style=\"text-align: justify;\">C\u0153urs Sans Fronti\u00e8res remercie pour leur c\u00e9l\u00e9rit\u00e9 les agents allemands et fran\u00e7ais en charge d&#8217;\u0153uvrer \u00e0 la constitution des dossiers et \u00e0 leur traitement.<\/p>\n<table border=\"0\" width=\"100%\" cellspacing=\"0\" cellpadding=\"0\">\n<tbody>\n<tr>\n<td><span style=\"color: blue;\"><img loading=\"lazy\" decoding=\"async\" class=\" size-full wp-image-257\" title=\"Otto AMMON - Le papa de Daniel\" src=\"https:\/\/www.coeurssansfrontieres.com\/wp-content\/uploads\/2009\/08\/image003.jpg\" alt=\"Otto AMMON - Le papa de Daniel\" width=\"258\" height=\"288\" border=\"0\" hspace=\"5\" vspace=\"5\" \/><\/span><\/td>\n<td>Otto Hammon (P\u00e8re de Daniel), n\u00e9 le 23 avril 1918 dans la r\u00e9gion du Bade- Wurtemberg \u00e9tait sous-officier dans la Flak (Wachtmeister).<\/p>\n<p>La famille allemande de Daniel lui a remis la casquette de son papa.<\/p>\n<p>Daniel d\u00e9sire assurer la s\u00e9curit\u00e9 de cet objet si pr\u00e9cieux pour lui. Il l&#8217;a confi\u00e9 au Mus\u00e9e de la<\/p>\n<p>2<sup>\u00e8me<\/sup> Guerre Mondiale Roger Bellon, <span style=\"color: blue;\">http:\/\/museerogerbellon.free.f<\/span><\/td>\n<\/tr>\n<\/tbody>\n<\/table>\n<p>&nbsp;<\/p>\n<p><img loading=\"lazy\" decoding=\"async\" class=\" size-full wp-image-258\" src=\"https:\/\/www.coeurssansfrontieres.com\/wp-content\/uploads\/2009\/08\/image004.jpg\" width=\"384\" height=\"288\" border=\"0\" srcset=\"https:\/\/www.coeurssansfrontieres.com\/wp-content\/uploads\/2009\/08\/image004.jpg 384w, https:\/\/www.coeurssansfrontieres.com\/wp-content\/uploads\/2009\/08\/image004-300x225.jpg 300w\" sizes=\"(max-width: 384px) 100vw, 384px\" \/><\/p>\n<p>Mus\u00e9e Roger Bellon &#8211; http:\/\/museerogerbellon.free.fr<\/p>\n<p>Point de presse quotidien du Porte-parole du minist\u00e8re des Affaires \u00e9trang\u00e8res et europ\u00e9enne; le 5 ao\u00fbt 2009 <strong><u>France\/Allemagne<\/u><\/strong><\/p>\n<p style=\"text-align: justify;\">(Un premier Fran\u00e7ais n\u00e9 de p\u00e8re allemand et de m\u00e8re fran\u00e7aise pendant la guerre, <span class=\"spipsurligne\">Daniel<\/span> Rouxel, se voit octroyer aujourd\u2019hui la nationalit\u00e9 <span class=\"spipsurligne\">allemande<\/span>. Quelle est votre r\u00e9action\u00a0?)<\/p>\n<p style=\"text-align: justify;\">Nous saluons cette d\u00e9cision des autorit\u00e9s <span class=\"spipsurligne\">allemandes<\/span>.<\/p>\n<p style=\"text-align: justify;\">Je vous rappelle que, dans un discours prononc\u00e9 le 24 avril 2008 \u00e0 l\u2019universit\u00e9 Humboldt de Berlin, Bernard Kouchner avait soulign\u00e9 la sensibilit\u00e9 pour nos deux pays de la situation des &#8222;enfants de la guerre&#8220;. Il avait \u00e9voqu\u00e9 \u2019\u2019le sort de ces enfants qui, aujourd\u2019hui adultes, demandent la reconnaissance de leur malheur, de leur vie, de leur identit\u00e9\u2019\u2019 et avait exprim\u00e9 son souhait qu\u2019une solution soit trouv\u00e9e conform\u00e9ment \u00e0 l\u2019esprit de la r\u00e9conciliation franco-<span class=\"spipsurligne\">allemande<\/span>.<\/p>\n<p style=\"text-align: justify;\">Ce sujet a fait l\u2019objet d\u2019une concertation avec les minist\u00e8res concern\u00e9s, en France et en Allemagne. Un travail a \u00e9t\u00e9 engag\u00e9 pour \u00e9laborer des instruments juridiques susceptibles d\u2019apporter une r\u00e9ponse appropri\u00e9e \u00e0 cette question, notamment pour ce qui concerne l\u2019acc\u00e8s aux origines ou l\u2019obtention de la double nationalit\u00e9.<\/p>\n<p style=\"text-align: justify;\">Nous saluons la r\u00e9glementation sp\u00e9ciale mise en place en Allemagne d\u00e9but 2009, permettant l\u2019octroi de la nationalit\u00e9 <span class=\"spipsurligne\">allemande<\/span> aux &#8222;enfants de la guerre&#8220;. C\u2019est de cette proc\u00e9dure qu\u2019a b\u00e9n\u00e9fici\u00e9 M.\u00a0Rouxel.<\/p>\n<p style=\"text-align: justify;\">France: Daniel Rouxel, &#8222;fils de boche&#8220; pendant la guerre et enfin allemand<\/p>\n<p style=\"text-align: justify;\"><img loading=\"lazy\" decoding=\"async\" class=\" size-full wp-image-259\" src=\"https:\/\/www.coeurssansfrontieres.com\/wp-content\/uploads\/2009\/08\/image005.jpg\" alt=\"France: Daniel Rouxel\" width=\"227\" height=\"306\" border=\"0\" hspace=\"5\" vspace=\"5\" srcset=\"https:\/\/www.coeurssansfrontieres.com\/wp-content\/uploads\/2009\/08\/image005.jpg 227w, https:\/\/www.coeurssansfrontieres.com\/wp-content\/uploads\/2009\/08\/image005-223x300.jpg 223w\" sizes=\"(max-width: 227px) 100vw, 227px\" \/><\/p>\n<p class=\"caption\">N\u00e9 pendant la Deuxi\u00e8me Guerre Mondiale d&#8217;une m\u00e8re fran\u00e7aise et d&#8217;un p\u00e8re occupant et lieutenant dans la Wehrmacht, Daniel Rouxel est devenu mercredi \u00e0 Paris le premier enfant fran\u00e7ais de &#8222;Boche&#8220; \u00e0 acc\u00e9der \u00e0 la nationalit\u00e9 allemande.<\/p>\n<p style=\"background: white none repeat scroll 0% 0%; text-align: center; line-height: 150%; -moz-background-clip: border; -moz-background-origin: padding; -moz-background-inline-policy: continuous;\" align=\"center\">\n<p><span style=\"font-family: georgia, palatino;\">Plus Jamais cela\u00a0!\u00a0 Par Daniel ROUXEL<\/span><\/p>\n<p style=\"background: white none repeat scroll 0% 0%; text-align: center; line-height: 150%; -moz-background-clip: border; -moz-background-origin: padding; -moz-background-inline-policy: continuous;\" align=\"center\"><strong><span style=\"font-family: georgia, palatino;\">Un t\u00e9moignage pour faire avancer les Droits de l\u2019enfant dans l\u2019Europe de 2009.<\/span><\/strong><\/p>\n<p style=\"background: white none repeat scroll 0% 0%; line-height: 150%; -moz-background-clip: border; -moz-background-origin: padding; -moz-background-inline-policy: continuous;\">N\u00e9\u00a0 sous secret le 2 avril 1943, \u00e0 la maternit\u00e9 de Port- Royal \u00e0 Paris 14 \u00b0 d\u2019une M\u00e8re fran\u00e7aise et d\u2019un p\u00e8re allemand, lieutenant de la WEHRMACHT<span style=\"font-size: 9pt; line-height: 150%; font-family: Verdana; color: #404040;\">\u00a0; en poste au terrain d\u2019aviation de Pleurtuit (35). <\/span><\/p>\n<p style=\"background: white none repeat scroll 0% 0%; line-height: 150%; -moz-background-clip: border; -moz-background-origin: padding; -moz-background-inline-policy: continuous;\">Je fus confi\u00e9 \u00e0 une maison maternelle pendant huit mois avant d\u2019\u00eatre plac\u00e9 dans une famille d\u2019accueil jusqu\u2019\u00e0 l\u2019\u00e2ge de quatre ans.\u00a0 Elev\u00e9 \u00e0 Pleine Foug\u00e8re (35), en parfaite harmonie avec Jacky, mon fr\u00e8re de lait, j\u2019ai le souvenir d\u2019avoir \u00e9t\u00e9 heureux.<\/p>\n<p style=\"background: white none repeat scroll 0% 0%; line-height: 150%; -moz-background-clip: border; -moz-background-origin: padding; -moz-background-inline-policy: continuous;\">Devenus trop vieux, mes grands-parents adoptifs ont demand\u00e9 \u00e0 ma m\u00e8re de me retirer. Celle-ci me pla\u00e7a chez sa M\u00e8re. Ma M\u00e8re, travaillait comme cantini\u00e8re au camp militaire allemand (Le terrain d\u2019aviation) de Pleurtuit (35)\u00a0; \u00e0 la d\u00e9b\u00e2cle elle partit se faire oublier \u00e0 Paris. Elle ne pouvait s\u2019occuper de moi et je ne la voyais qu\u2019\u00e9pisodiquement une fois par an.<\/p>\n<p style=\"background: white none repeat scroll 0% 0%; line-height: 150%; -moz-background-clip: border; -moz-background-origin: padding; -moz-background-inline-policy: continuous;\">A quatre ans, je fus donc d\u00e9racin\u00e9, emmen\u00e9 chez cette dame que je ne connaissais pas et qui \u00e9tait ma Grand-m\u00e8re maternelle. Elle m\u2019inscrit \u00e0 l\u2019\u00e9cole communale de M\u00e9grit (22) petit village de Bretagne de six cent habitants o\u00f9 tout le monde connaissait tout sur tout le monde.<\/p>\n<p style=\"background: white none repeat scroll 0% 0%; line-height: 150%; -moz-background-clip: border; -moz-background-origin: padding; -moz-background-inline-policy: continuous;\">Tr\u00e8s vite, regard\u00e9 comme un \u00e9tranger et une b\u00eate curieuse, j\u2019appris mes origines.<\/p>\n<p style=\"background: white none repeat scroll 0% 0%; line-height: 150%; -moz-background-clip: border; -moz-background-origin: padding; -moz-background-inline-policy: continuous;\">Dans les villages o\u00f9\u00a0 l\u2019\u00e9lectricit\u00e9 n\u2019\u00e9tait pas encore dans toutes les maisons, les soir\u00e9es \u00e9taient occup\u00e9es par des veill\u00e9es devant des bol\u00e9es de cidre \u00e0 manger des ch\u00e2taignes grill\u00e9es au feu de bois. Les langues allaient bon train sur chaque personne du village. Tr\u00e8s vite ma grand-m\u00e8re, ma m\u00e8re absente et moi dev\u00eenmes le centre d\u2019attraction de ce village.<\/p>\n<p style=\"background: white none repeat scroll 0% 0%; line-height: 150%; -moz-background-clip: border; -moz-background-origin: padding; -moz-background-inline-policy: continuous;\">Il \u00e9tait de mauvaises m\u0153urs d\u2019\u00eatre l\u2019enfant d\u2019une fille-m\u00e8re et de surcro\u00eet le fils d\u2019un boche, donc de l\u2019ennemi. On me le fit payer tr\u00e8s cher. Enfants et adolescents ne sont pas tendres entre eux et encore moins avec ceux qui n\u2019ont pour se d\u00e9fendre que la honte et les larmes.<\/p>\n<p style=\"background: white none repeat scroll 0% 0%; line-height: 150%; -moz-background-clip: border; -moz-background-origin: padding; -moz-background-inline-policy: continuous;\">Les lendemains \u00e0 l\u2019\u00e9cole, les autres gamins connaissaient mes origines et les insultes allaient bon train. La douleur provoqu\u00e9e par les mots \u00ab fils de boche et de putain \u00bb \u00e9taient du velours par rapport \u00e0 celle que me caus\u00e8rent les adultes. L\u2019instituteur, le cur\u00e9, certaines personnes du village, tous se moqu\u00e8rent cruellement sans oublier cet ignoble adjoint au maire qui un dimanche \u00e0 la sortie de l\u2019\u00e9glise demanda que je m\u2019approche de lui. Par m\u00e9chancet\u00e9, vanit\u00e9 et b\u00eatise conjugu\u00e9es, il posa cette question aux villageois \u00ab Savez-vous qu\u2019elle diff\u00e9rence il y a entre un fils de boche et une hirondelle ? \u00bb\u00a0 Personne n\u2019avait l\u2019air de savoir ! \u2026\u2026\u2026. \u00ab Une hirondelle quand elle fait ses petits en France et qu\u2019elle repart, elle les emm\u00e8ne, alors qu\u2019un boche les laisse sur place \u00bb. Les pleurs et la honte m\u2019envahirent au point de vouloir me suicider, je devais avoir cinq \u00e0 six ans.<\/p>\n<p style=\"background: white none repeat scroll 0% 0%; line-height: 150%; -moz-background-clip: border; -moz-background-origin: padding; -moz-background-inline-policy: continuous;\">Je ne rentrerai pas dans les d\u00e9tails les plus vils que ses braves campagnards employaient pour m\u2019humilier ou me punir ! Mais de quoi ? J\u2019\u00e9tais un fils de boche et cela suffisait \u00e0 jeter sur moi l\u2019opprobre et la haine. M\u00eame ma grand-m\u00e8re prenait fait et cause pour eux car elle aussi rougissait de cette situation. Elle m\u2019enfermait plus facilement dans le poulailler pour dormir la nuit, qu\u2019elle ne m\u2019embrassait. Elle avait horreur que je la l\u00e8che, comme elle disait. Les \u00ab\u00a0racl\u00e9es\u00a0\u00bb, pas toujours justifi\u00e9es me tombaient souvent dessus. Le tutoiement \u00e9tait interdit, j\u2019ai toujours vouvoy\u00e9 ma grand-m\u00e8re.<\/p>\n<p style=\"background: white none repeat scroll 0% 0%; line-height: 150%; -moz-background-clip: border; -moz-background-origin: padding; -moz-background-inline-policy: continuous;\">Elle aussi avait ses excuses, fille de l\u2019assistance publique, ne sachant ni lire ni \u00e9crire, elle avait perdu son mari des suites des gaz lors de la guerre 14-18.<\/p>\n<p style=\"background: white none repeat scroll 0% 0%; line-height: 150%; -moz-background-clip: border; -moz-background-origin: padding; -moz-background-inline-policy: continuous;\">J\u2019ai toujours pens\u00e9 \u00eatre un \u00ab accident de la guerre \u00bb, plus tard, dans les derni\u00e8res ann\u00e9es de vie de ma m\u00e8re, nous avons beaucoup parl\u00e9. Je sais depuis que\u00a0 je suis un enfant n\u00e9 de l\u2019amour rendu impossible par la guerre. La r\u00e9alit\u00e9 de ma double origine, fran\u00e7aise et allemande est tout autre que l\u2019indignit\u00e9 tant d\u00e9nonc\u00e9e, elle est au contraire la substance m\u00eame de ce qu\u2019il y a de plus noble et beau, le fruit de l\u2019amour au sein de la guerre signifiant ainsi \u00e0 celle-ci qu\u2019elle n\u2019a pas le dernier mot. Quoi de plus encourageant pour les g\u00e9n\u00e9rations futures ?<\/p>\n<p style=\"background: white none repeat scroll 0% 0%; line-height: 150%; -moz-background-clip: border; -moz-background-origin: padding; -moz-background-inline-policy: continuous;\">Mon p\u00e8re est d\u00e9c\u00e9d\u00e9 \u00e0 la d\u00e9b\u00e2cle, j\u2019avais deux ans, il m\u2019a pris dans ses bras, m\u2019a donn\u00e9 le biberon et a \u00e9crit \u00e0 sa famille, avant qu\u2019il ne soit tu\u00e9, qu\u2019il avait un enfant en France. Sa famille\u00a0 voulait faire le n\u00e9cessaire pour que je sois \u00e9lev\u00e9 en Allemagne, ma m\u00e8re s\u2019y est refus\u00e9e. A douze ans je fis la connaissance de ma famille allemande, je re\u00e7us un accueil chaleureux, nos relations sont excellentes.<\/p>\n<p style=\"background: white none repeat scroll 0% 0%; line-height: 150%; -moz-background-clip: border; -moz-background-origin: padding; -moz-background-inline-policy: continuous;\"><u>Pour Conclure <\/u><\/p>\n<p style=\"background: white none repeat scroll 0% 0%; line-height: 150%; -moz-background-clip: border; -moz-background-origin: padding; -moz-background-inline-policy: continuous;\">Ce qui est le plus terrible chez un enfant, ce n&#8217;est pas de savoir qu&#8217;il n&#8217;est pas aim\u00e9, et pourtant c&#8217;est important,\u2026\u2026\u2026 mais c\u2019est de ne pouvoir aimer parce\u00a0 ce noble sentiment est rejet\u00e9 des autres.<\/p>\n<p style=\"background: white none repeat scroll 0% 0%; line-height: 150%; -moz-background-clip: border; -moz-background-origin: padding; -moz-background-inline-policy: continuous;\">Puisse mon histoire \u00e0 travers celle de mes parents inscrite dans l\u2019Histoire balayer les pr\u00e9jug\u00e9s, indignes des droits de l\u2019Homme et les malveillances immondes quant \u00e0 ceux de l\u2019Enfant !<\/p>\n<p style=\"font-size: 9pt; font-family: Verdana; color: #404040;\">Daniel ROUXEL<\/p>\n<p>[\/et_pb_text][\/et_pb_column][\/et_pb_row][\/et_pb_section]<\/p>\n","protected":false},"excerpt":{"rendered":"<p>Dieser Artikel wurde noch nicht ins Deutsche \u00fcbersetzt Daniel Rouxel re\u00e7oit le certificat de\u00a0nationalit\u00e9 Allemande des mains de Monsieur le consul d&#8217;Allemagne \u00e0 Paris &nbsp; Les enfants de la guerre qui en ont fait la d\u00e9marche deviennent franco-allemands. Notre pr\u00e9sident Jean-Jacques Delorme a imm\u00e9diatement adress\u00e9 au nom de l&#8217;association les plus vifs remerciements aux dirigeants [&hellip;]<\/p>\n","protected":false},"author":5,"featured_media":9970,"comment_status":"open","ping_status":"open","sticky":false,"template":"","format":"standard","meta":{"_et_pb_use_builder":"on","_et_pb_old_content":"<p><img class=\" size-full wp-image-256\" title=\"Daniel Rouxel re\u00e7oit le certificat de nationalit\u00e9 Allemande des mains de Monsieur le consul d'Allemagne \u00e0 Paris\" src=\"https:\/\/www.coeurssansfrontieres.com\/wp-content\/uploads\/2009\/08\/image002.jpg\" alt=\"Daniel Rouxel re\u00e7oit le certificat de nationalit\u00e9 Allemande des mains de Monsieur le consul d'Allemagne \u00e0 Paris\" width=\"280\" height=\"383\" border=\"0\" hspace=\"0\" vspace=\"5\" \/><\/p><p class=\"caption\"><span style=\"font-size: 10pt;\">Daniel Rouxel re\u00e7oit le certificat de\u00a0nationalit\u00e9 Allemande des mains de <\/span><span style=\"font-size: 10pt;\">Monsieur le consul d'Allemagne \u00e0 Paris<\/span><\/p><p>\u00a0<\/p><p>Les enfants de la guerre qui en ont fait la d\u00e9marche deviennent franco-allemands.<\/p><p style=\"text-align: justify;\">Notre pr\u00e9sident Jean-Jacques Delorme a imm\u00e9diatement adress\u00e9 au nom de l'association les plus vifs remerciements aux dirigeants allemands et fran\u00e7ais.<\/p><p style=\"text-align: justify;\">Le premier certificat de nationalit\u00e9 allemande a \u00e9t\u00e9 remis \u00e0 Daniel Rouxel.<\/p><p style=\"text-align: justify;\">Daniel Rouxel, Vice pr\u00e9sident de CSF, est un des fondateurs de notre association.<\/p><p style=\"text-align: justify;\">Il r\u00e9alise le r\u00eave qui l'habite depuis des dizaines d'ann\u00e9es.<\/p><p style=\"text-align: justify;\">L'occasion nous est donn\u00e9e de remercier Daniel. En 1994, son t\u00e9moignage t\u00e9l\u00e9vis\u00e9 a permis que la sp\u00e9cificit\u00e9 de nos naissances soit connu<span style=\"color: purple;\">e<\/span> du grand public. Depuis lentement la muraille du tabou s'effrite. Se d\u00e9voiler, comme il l'a fait \u00e0 l'\u00e9poque \u00e9tait courageux.<\/p><p style=\"text-align: justify;\">Son enfance bouleversante a inspir\u00e9 un \u00e9crivain, Arthur TENOR, pour son livre <em>\u00ab\u00a0N\u00e9 Maudit\u00a0\u00bb <\/em>paru aux \u00e9ditions Nathan en 2007.<\/p><p style=\"text-align: justify;\">Son histoire a encourag\u00e9 bien des enfants de la guerre \u00e0 sortir de l'ombre, \u00e0 entreprendre des recherches et \u00e0 nous rejoindre.<\/p><p style=\"text-align: justify;\">Il ne s'est \u00e9coul\u00e9 que tr\u00e8s peu de temps depuis la d\u00e9cision de l'Allemagne de reconna\u00eetre les enfants n\u00e9s de la seconde guerre mondiale et con\u00e7us de p\u00e8res allemands et m\u00e8res fran\u00e7aises.<\/p><p style=\"text-align: justify;\">C\u0153urs Sans Fronti\u00e8res remercie pour leur c\u00e9l\u00e9rit\u00e9 les agents allemands et fran\u00e7ais en charge d'\u0153uvrer \u00e0 la constitution des dossiers et \u00e0 leur traitement.<\/p><table border=\"0\" width=\"100%\" cellspacing=\"0\" cellpadding=\"0\"><tbody><tr><td><span style=\"color: blue;\"><img class=\" size-full wp-image-257\" title=\"Otto AMMON - Le papa de Daniel\" src=\"https:\/\/www.coeurssansfrontieres.com\/wp-content\/uploads\/2009\/08\/image003.jpg\" alt=\"Otto AMMON - Le papa de Daniel\" width=\"258\" height=\"288\" border=\"0\" hspace=\"5\" vspace=\"5\" \/><\/span><\/td><td><p>Otto Hammon (P\u00e8re de Daniel), n\u00e9 le 23 avril 1918 dans la r\u00e9gion du Bade- Wurtemberg \u00e9tait sous-officier dans la Flak (Wachtmeister).<\/p><p>La famille allemande de Daniel lui a remis la casquette de son papa.<\/p><p>Daniel d\u00e9sire assurer la s\u00e9curit\u00e9 de cet objet si pr\u00e9cieux pour lui. Il l'a confi\u00e9 au Mus\u00e9e de la<\/p><p>2<sup>\u00e8me<\/sup> Guerre Mondiale Roger Bellon, <span style=\"color: blue;\">http:\/\/museerogerbellon.free.f<\/span><\/p><\/td><\/tr><\/tbody><\/table><p>\u00a0<\/p><p><img class=\" size-full wp-image-258\" src=\"https:\/\/www.coeurssansfrontieres.com\/wp-content\/uploads\/2009\/08\/image004.jpg\" width=\"384\" height=\"288\" border=\"0\" \/><\/p><p>Mus\u00e9e Roger Bellon - http:\/\/museerogerbellon.free.fr<\/p><p><br \/><br \/>Point de presse quotidien du Porte-parole du minist\u00e8re des Affaires \u00e9trang\u00e8res et europ\u00e9enne; le 5 ao\u00fbt 2009 <strong><u>France\/Allemagne<\/u><\/strong><\/p><p style=\"text-align: justify;\">(Un premier Fran\u00e7ais n\u00e9 de p\u00e8re allemand et de m\u00e8re fran\u00e7aise pendant la guerre, <span class=\"spipsurligne\">Daniel<\/span> Rouxel, se voit octroyer aujourd\u2019hui la nationalit\u00e9 <span class=\"spipsurligne\">allemande<\/span>. Quelle est votre r\u00e9action\u00a0?)<\/p><p style=\"text-align: justify;\">Nous saluons cette d\u00e9cision des autorit\u00e9s <span class=\"spipsurligne\">allemandes<\/span>.<\/p><p style=\"text-align: justify;\">Je vous rappelle que, dans un discours prononc\u00e9 le 24 avril 2008 \u00e0 l\u2019universit\u00e9 Humboldt de Berlin, Bernard Kouchner avait soulign\u00e9 la sensibilit\u00e9 pour nos deux pays de la situation des \"enfants de la guerre\". Il avait \u00e9voqu\u00e9 \u2019\u2019le sort de ces enfants qui, aujourd\u2019hui adultes, demandent la reconnaissance de leur malheur, de leur vie, de leur identit\u00e9\u2019\u2019 et avait exprim\u00e9 son souhait qu\u2019une solution soit trouv\u00e9e conform\u00e9ment \u00e0 l\u2019esprit de la r\u00e9conciliation franco-<span class=\"spipsurligne\">allemande<\/span>.<\/p><p style=\"text-align: justify;\">Ce sujet a fait l\u2019objet d\u2019une concertation avec les minist\u00e8res concern\u00e9s, en France et en Allemagne. Un travail a \u00e9t\u00e9 engag\u00e9 pour \u00e9laborer des instruments juridiques susceptibles d\u2019apporter une r\u00e9ponse appropri\u00e9e \u00e0 cette question, notamment pour ce qui concerne l\u2019acc\u00e8s aux origines ou l\u2019obtention de la double nationalit\u00e9.<\/p><p style=\"text-align: justify;\">Nous saluons la r\u00e9glementation sp\u00e9ciale mise en place en Allemagne d\u00e9but 2009, permettant l\u2019octroi de la nationalit\u00e9 <span class=\"spipsurligne\">allemande<\/span> aux \"enfants de la guerre\". C\u2019est de cette proc\u00e9dure qu\u2019a b\u00e9n\u00e9fici\u00e9 M.\u00a0Rouxel.<\/p><p style=\"text-align: justify;\">France: Daniel Rouxel, \"fils de boche\" pendant la guerre et enfin allemand<\/p><p style=\"text-align: justify;\"><img class=\" size-full wp-image-259\" src=\"https:\/\/www.coeurssansfrontieres.com\/wp-content\/uploads\/2009\/08\/image005.jpg\" alt=\"France: Daniel Rouxel\" width=\"227\" height=\"306\" border=\"0\" hspace=\"5\" vspace=\"5\" \/><\/p><p class=\"caption\">N\u00e9 pendant la Deuxi\u00e8me Guerre Mondiale d'une m\u00e8re fran\u00e7aise et d'un p\u00e8re occupant et lieutenant dans la Wehrmacht, Daniel Rouxel est devenu mercredi \u00e0 Paris le premier enfant fran\u00e7ais de \"Boche\" \u00e0 acc\u00e9der \u00e0 la nationalit\u00e9 allemande.<\/p><p style=\"background: white none repeat scroll 0% 0%; text-align: center; line-height: 150%; -moz-background-clip: border; -moz-background-origin: padding; -moz-background-inline-policy: continuous;\" align=\"center\"><strong><br \/><br \/><span style=\"font-family: georgia, palatino;\">Plus Jamais cela\u00a0!\u00a0 Par Daniel ROUXEL<\/span><\/strong><\/p><p style=\"background: white none repeat scroll 0% 0%; text-align: center; line-height: 150%; -moz-background-clip: border; -moz-background-origin: padding; -moz-background-inline-policy: continuous;\" align=\"center\"><strong><span style=\"font-family: georgia, palatino;\">Un t\u00e9moignage pour faire avancer les Droits de l\u2019enfant dans l\u2019Europe de 2009.<\/span><\/strong><\/p><p style=\"background: white none repeat scroll 0% 0%; line-height: 150%; -moz-background-clip: border; -moz-background-origin: padding; -moz-background-inline-policy: continuous;\">N\u00e9\u00a0 sous secret le 2 avril 1943, \u00e0 la maternit\u00e9 de Port- Royal \u00e0 Paris 14 \u00b0 d\u2019une M\u00e8re fran\u00e7aise et d\u2019un p\u00e8re allemand, lieutenant de la WEHRMACHT<span style=\"font-size: 9pt; line-height: 150%; font-family: Verdana; color: #404040;\">\u00a0; en poste au terrain d\u2019aviation de Pleurtuit (35). <\/span><\/p><p style=\"background: white none repeat scroll 0% 0%; line-height: 150%; -moz-background-clip: border; -moz-background-origin: padding; -moz-background-inline-policy: continuous;\">Je fus confi\u00e9 \u00e0 une maison maternelle pendant huit mois avant d\u2019\u00eatre plac\u00e9 dans une famille d\u2019accueil jusqu\u2019\u00e0 l\u2019\u00e2ge de quatre ans.\u00a0 Elev\u00e9 \u00e0 Pleine Foug\u00e8re (35), en parfaite harmonie avec Jacky, mon fr\u00e8re de lait, j\u2019ai le souvenir d\u2019avoir \u00e9t\u00e9 heureux.<\/p><p style=\"background: white none repeat scroll 0% 0%; line-height: 150%; -moz-background-clip: border; -moz-background-origin: padding; -moz-background-inline-policy: continuous;\">Devenus trop vieux, mes grands-parents adoptifs ont demand\u00e9 \u00e0 ma m\u00e8re de me retirer. Celle-ci me pla\u00e7a chez sa M\u00e8re. Ma M\u00e8re, travaillait comme cantini\u00e8re au camp militaire allemand (Le terrain d\u2019aviation) de Pleurtuit (35)\u00a0; \u00e0 la d\u00e9b\u00e2cle elle partit se faire oublier \u00e0 Paris. Elle ne pouvait s\u2019occuper de moi et je ne la voyais qu\u2019\u00e9pisodiquement une fois par an.<\/p><p style=\"background: white none repeat scroll 0% 0%; line-height: 150%; -moz-background-clip: border; -moz-background-origin: padding; -moz-background-inline-policy: continuous;\">A quatre ans, je fus donc d\u00e9racin\u00e9, emmen\u00e9 chez cette dame que je ne connaissais pas et qui \u00e9tait ma Grand-m\u00e8re maternelle. Elle m\u2019inscrit \u00e0 l\u2019\u00e9cole communale de M\u00e9grit (22) petit village de Bretagne de six cent habitants o\u00f9 tout le monde connaissait tout sur tout le monde.<\/p><p style=\"background: white none repeat scroll 0% 0%; line-height: 150%; -moz-background-clip: border; -moz-background-origin: padding; -moz-background-inline-policy: continuous;\">Tr\u00e8s vite, regard\u00e9 comme un \u00e9tranger et une b\u00eate curieuse, j\u2019appris mes origines.<\/p><p style=\"background: white none repeat scroll 0% 0%; line-height: 150%; -moz-background-clip: border; -moz-background-origin: padding; -moz-background-inline-policy: continuous;\">Dans les villages o\u00f9\u00a0 l\u2019\u00e9lectricit\u00e9 n\u2019\u00e9tait pas encore dans toutes les maisons, les soir\u00e9es \u00e9taient occup\u00e9es par des veill\u00e9es devant des bol\u00e9es de cidre \u00e0 manger des ch\u00e2taignes grill\u00e9es au feu de bois. Les langues allaient bon train sur chaque personne du village. Tr\u00e8s vite ma grand-m\u00e8re, ma m\u00e8re absente et moi dev\u00eenmes le centre d\u2019attraction de ce village.<\/p><p style=\"background: white none repeat scroll 0% 0%; line-height: 150%; -moz-background-clip: border; -moz-background-origin: padding; -moz-background-inline-policy: continuous;\">Il \u00e9tait de mauvaises m\u0153urs d\u2019\u00eatre l\u2019enfant d\u2019une fille-m\u00e8re et de surcro\u00eet le fils d\u2019un boche, donc de l\u2019ennemi. On me le fit payer tr\u00e8s cher. Enfants et adolescents ne sont pas tendres entre eux et encore moins avec ceux qui n\u2019ont pour se d\u00e9fendre que la honte et les larmes.<\/p><p style=\"background: white none repeat scroll 0% 0%; line-height: 150%; -moz-background-clip: border; -moz-background-origin: padding; -moz-background-inline-policy: continuous;\">Les lendemains \u00e0 l\u2019\u00e9cole, les autres gamins connaissaient mes origines et les insultes allaient bon train. La douleur provoqu\u00e9e par les mots \u00ab fils de boche et de putain \u00bb \u00e9taient du velours par rapport \u00e0 celle que me caus\u00e8rent les adultes. L\u2019instituteur, le cur\u00e9, certaines personnes du village, tous se moqu\u00e8rent cruellement sans oublier cet ignoble adjoint au maire qui un dimanche \u00e0 la sortie de l\u2019\u00e9glise demanda que je m\u2019approche de lui. Par m\u00e9chancet\u00e9, vanit\u00e9 et b\u00eatise conjugu\u00e9es, il posa cette question aux villageois \u00ab Savez-vous qu\u2019elle diff\u00e9rence il y a entre un fils de boche et une hirondelle ? \u00bb\u00a0 Personne n\u2019avait l\u2019air de savoir ! \u2026\u2026\u2026. \u00ab Une hirondelle quand elle fait ses petits en France et qu\u2019elle repart, elle les emm\u00e8ne, alors qu\u2019un boche les laisse sur place \u00bb. Les pleurs et la honte m\u2019envahirent au point de vouloir me suicider, je devais avoir cinq \u00e0 six ans.<\/p><p style=\"background: white none repeat scroll 0% 0%; line-height: 150%; -moz-background-clip: border; -moz-background-origin: padding; -moz-background-inline-policy: continuous;\">Je ne rentrerai pas dans les d\u00e9tails les plus vils que ses braves campagnards employaient pour m\u2019humilier ou me punir ! Mais de quoi ? J\u2019\u00e9tais un fils de boche et cela suffisait \u00e0 jeter sur moi l\u2019opprobre et la haine. M\u00eame ma grand-m\u00e8re prenait fait et cause pour eux car elle aussi rougissait de cette situation. Elle m\u2019enfermait plus facilement dans le poulailler pour dormir la nuit, qu\u2019elle ne m\u2019embrassait. Elle avait horreur que je la l\u00e8che, comme elle disait. Les \u00ab\u00a0racl\u00e9es\u00a0\u00bb, pas toujours justifi\u00e9es me tombaient souvent dessus. Le tutoiement \u00e9tait interdit, j\u2019ai toujours vouvoy\u00e9 ma grand-m\u00e8re.<\/p><p style=\"background: white none repeat scroll 0% 0%; line-height: 150%; -moz-background-clip: border; -moz-background-origin: padding; -moz-background-inline-policy: continuous;\">Elle aussi avait ses excuses, fille de l\u2019assistance publique, ne sachant ni lire ni \u00e9crire, elle avait perdu son mari des suites des gaz lors de la guerre 14-18.<\/p><p style=\"background: white none repeat scroll 0% 0%; line-height: 150%; -moz-background-clip: border; -moz-background-origin: padding; -moz-background-inline-policy: continuous;\">J\u2019ai toujours pens\u00e9 \u00eatre un \u00ab accident de la guerre \u00bb, plus tard, dans les derni\u00e8res ann\u00e9es de vie de ma m\u00e8re, nous avons beaucoup parl\u00e9. Je sais depuis que\u00a0 je suis un enfant n\u00e9 de l\u2019amour rendu impossible par la guerre. La r\u00e9alit\u00e9 de ma double origine, fran\u00e7aise et allemande est tout autre que l\u2019indignit\u00e9 tant d\u00e9nonc\u00e9e, elle est au contraire la substance m\u00eame de ce qu\u2019il y a de plus noble et beau, le fruit de l\u2019amour au sein de la guerre signifiant ainsi \u00e0 celle-ci qu\u2019elle n\u2019a pas le dernier mot. Quoi de plus encourageant pour les g\u00e9n\u00e9rations futures ?<\/p><p style=\"background: white none repeat scroll 0% 0%; line-height: 150%; -moz-background-clip: border; -moz-background-origin: padding; -moz-background-inline-policy: continuous;\">Mon p\u00e8re est d\u00e9c\u00e9d\u00e9 \u00e0 la d\u00e9b\u00e2cle, j\u2019avais deux ans, il m\u2019a pris dans ses bras, m\u2019a donn\u00e9 le biberon et a \u00e9crit \u00e0 sa famille, avant qu\u2019il ne soit tu\u00e9, qu\u2019il avait un enfant en France. Sa famille\u00a0 voulait faire le n\u00e9cessaire pour que je sois \u00e9lev\u00e9 en Allemagne, ma m\u00e8re s\u2019y est refus\u00e9e. A douze ans je fis la connaissance de ma famille allemande, je re\u00e7us un accueil chaleureux, nos relations sont excellentes.<\/p><p style=\"background: white none repeat scroll 0% 0%; line-height: 150%; -moz-background-clip: border; -moz-background-origin: padding; -moz-background-inline-policy: continuous;\"><u>Pour Conclure <\/u><\/p><p style=\"background: white none repeat scroll 0% 0%; line-height: 150%; -moz-background-clip: border; -moz-background-origin: padding; -moz-background-inline-policy: continuous;\">Ce qui est le plus terrible chez un enfant, ce n'est pas de savoir qu'il n'est pas aim\u00e9, et pourtant c'est important,\u2026\u2026\u2026 mais c\u2019est de ne pouvoir aimer parce\u00a0 ce noble sentiment est rejet\u00e9 des autres.<\/p><p style=\"background: white none repeat scroll 0% 0%; line-height: 150%; -moz-background-clip: border; -moz-background-origin: padding; -moz-background-inline-policy: continuous;\">Puisse mon histoire \u00e0 travers celle de mes parents inscrite dans l\u2019Histoire balayer les pr\u00e9jug\u00e9s, indignes des droits de l\u2019Homme et les malveillances immondes quant \u00e0 ceux de l\u2019Enfant !<\/p><p style=\"font-size: 9pt; font-family: Verdana; color: #404040;\">Daniel ROUXEL<\/p>","_et_gb_content_width":"","footnotes":""},"categories":[213,199,209,14],"tags":[],"class_list":["post-6333","post","type-post","status-publish","format-standard","has-post-thumbnail","hentry","category-andereereignisse","category-dokumente-de","category-mitgliedertexte","category-vereinsleben"],"yoast_head":"<!-- This site is optimized with the Yoast SEO plugin v27.4 - https:\/\/yoast.com\/product\/yoast-seo-wordpress\/ -->\n<title>Daniel Rouxel le 1er enfant de la guerre \u00e0 obtenir la nationalit\u00e9 allemande. - CSF - HOG<\/title>\n<meta name=\"robots\" content=\"index, follow, max-snippet:-1, max-image-preview:large, max-video-preview:-1\" \/>\n<link rel=\"canonical\" href=\"https:\/\/www.coeurssansfrontieres.com\/de\/vereinsleben\/csf-est-en-fete\/\" \/>\n<meta property=\"og:locale\" content=\"de_DE\" \/>\n<meta property=\"og:type\" content=\"article\" \/>\n<meta property=\"og:title\" content=\"Daniel Rouxel le 1er enfant de la guerre \u00e0 obtenir la nationalit\u00e9 allemande. - CSF - HOG\" \/>\n<meta property=\"og:description\" content=\"Dieser Artikel wurde noch nicht ins Deutsche \u00fcbersetzt Daniel Rouxel re\u00e7oit le certificat de\u00a0nationalit\u00e9 Allemande des mains de Monsieur le consul d&#039;Allemagne \u00e0 Paris &nbsp; Les enfants de la guerre qui en ont fait la d\u00e9marche deviennent franco-allemands. Notre pr\u00e9sident Jean-Jacques Delorme a imm\u00e9diatement adress\u00e9 au nom de l&#039;association les plus vifs remerciements aux dirigeants [&hellip;]\" \/>\n<meta property=\"og:url\" content=\"https:\/\/www.coeurssansfrontieres.com\/de\/vereinsleben\/csf-est-en-fete\/\" \/>\n<meta property=\"og:site_name\" content=\"CSF - HOG\" \/>\n<meta property=\"article:published_time\" content=\"2009-08-22T08:33:59+00:00\" \/>\n<meta property=\"article:modified_time\" content=\"2017-10-11T13:06:44+00:00\" \/>\n<meta property=\"og:image\" content=\"https:\/\/www.coeurssansfrontieres.com\/wp-content\/uploads\/2017\/08\/Evenements-ombre.png\" \/>\n\t<meta property=\"og:image:width\" content=\"119\" \/>\n\t<meta property=\"og:image:height\" content=\"119\" \/>\n\t<meta property=\"og:image:type\" content=\"image\/png\" \/>\n<meta name=\"author\" content=\"LE QUENTREC Chantal\" \/>\n<meta name=\"twitter:card\" content=\"summary_large_image\" \/>\n<meta name=\"twitter:label1\" content=\"Verfasst von\" \/>\n\t<meta name=\"twitter:data1\" content=\"LE QUENTREC Chantal\" \/>\n\t<meta name=\"twitter:label2\" content=\"Gesch\u00e4tzte Lesezeit\" \/>\n\t<meta name=\"twitter:data2\" content=\"8\u00a0Minuten\" \/>\n<script type=\"application\/ld+json\" class=\"yoast-schema-graph\">{\"@context\":\"https:\\\/\\\/schema.org\",\"@graph\":[{\"@type\":\"Article\",\"@id\":\"https:\\\/\\\/www.coeurssansfrontieres.com\\\/de\\\/vereinsleben\\\/csf-est-en-fete\\\/#article\",\"isPartOf\":{\"@id\":\"https:\\\/\\\/www.coeurssansfrontieres.com\\\/de\\\/vereinsleben\\\/csf-est-en-fete\\\/\"},\"author\":{\"name\":\"LE QUENTREC Chantal\",\"@id\":\"https:\\\/\\\/www.coeurssansfrontieres.com\\\/fr\\\/#\\\/schema\\\/person\\\/ae811928053aca16ba5f8ad091b75a2e\"},\"headline\":\"Daniel Rouxel le 1er enfant de la guerre \u00e0 obtenir la nationalit\u00e9 allemande.\",\"datePublished\":\"2009-08-22T08:33:59+00:00\",\"dateModified\":\"2017-10-11T13:06:44+00:00\",\"mainEntityOfPage\":{\"@id\":\"https:\\\/\\\/www.coeurssansfrontieres.com\\\/de\\\/vereinsleben\\\/csf-est-en-fete\\\/\"},\"wordCount\":1665,\"commentCount\":0,\"image\":{\"@id\":\"https:\\\/\\\/www.coeurssansfrontieres.com\\\/de\\\/vereinsleben\\\/csf-est-en-fete\\\/#primaryimage\"},\"thumbnailUrl\":\"https:\\\/\\\/www.coeurssansfrontieres.com\\\/wp-content\\\/uploads\\\/2017\\\/08\\\/Evenements-ombre.png\",\"articleSection\":[\"Andere Ereignisse\",\"Dokumente\",\"Mitgliedertexte\",\"Vereinsleben\"],\"inLanguage\":\"de\",\"potentialAction\":[{\"@type\":\"CommentAction\",\"name\":\"Comment\",\"target\":[\"https:\\\/\\\/www.coeurssansfrontieres.com\\\/de\\\/vereinsleben\\\/csf-est-en-fete\\\/#respond\"]}]},{\"@type\":\"WebPage\",\"@id\":\"https:\\\/\\\/www.coeurssansfrontieres.com\\\/de\\\/vereinsleben\\\/csf-est-en-fete\\\/\",\"url\":\"https:\\\/\\\/www.coeurssansfrontieres.com\\\/de\\\/vereinsleben\\\/csf-est-en-fete\\\/\",\"name\":\"Daniel Rouxel le 1er enfant de la guerre \u00e0 obtenir la nationalit\u00e9 allemande. - CSF - HOG\",\"isPartOf\":{\"@id\":\"https:\\\/\\\/www.coeurssansfrontieres.com\\\/fr\\\/#website\"},\"primaryImageOfPage\":{\"@id\":\"https:\\\/\\\/www.coeurssansfrontieres.com\\\/de\\\/vereinsleben\\\/csf-est-en-fete\\\/#primaryimage\"},\"image\":{\"@id\":\"https:\\\/\\\/www.coeurssansfrontieres.com\\\/de\\\/vereinsleben\\\/csf-est-en-fete\\\/#primaryimage\"},\"thumbnailUrl\":\"https:\\\/\\\/www.coeurssansfrontieres.com\\\/wp-content\\\/uploads\\\/2017\\\/08\\\/Evenements-ombre.png\",\"datePublished\":\"2009-08-22T08:33:59+00:00\",\"dateModified\":\"2017-10-11T13:06:44+00:00\",\"author\":{\"@id\":\"https:\\\/\\\/www.coeurssansfrontieres.com\\\/fr\\\/#\\\/schema\\\/person\\\/ae811928053aca16ba5f8ad091b75a2e\"},\"breadcrumb\":{\"@id\":\"https:\\\/\\\/www.coeurssansfrontieres.com\\\/de\\\/vereinsleben\\\/csf-est-en-fete\\\/#breadcrumb\"},\"inLanguage\":\"de\",\"potentialAction\":[{\"@type\":\"ReadAction\",\"target\":[\"https:\\\/\\\/www.coeurssansfrontieres.com\\\/de\\\/vereinsleben\\\/csf-est-en-fete\\\/\"]}]},{\"@type\":\"ImageObject\",\"inLanguage\":\"de\",\"@id\":\"https:\\\/\\\/www.coeurssansfrontieres.com\\\/de\\\/vereinsleben\\\/csf-est-en-fete\\\/#primaryimage\",\"url\":\"https:\\\/\\\/www.coeurssansfrontieres.com\\\/wp-content\\\/uploads\\\/2017\\\/08\\\/Evenements-ombre.png\",\"contentUrl\":\"https:\\\/\\\/www.coeurssansfrontieres.com\\\/wp-content\\\/uploads\\\/2017\\\/08\\\/Evenements-ombre.png\",\"width\":119,\"height\":119},{\"@type\":\"BreadcrumbList\",\"@id\":\"https:\\\/\\\/www.coeurssansfrontieres.com\\\/de\\\/vereinsleben\\\/csf-est-en-fete\\\/#breadcrumb\",\"itemListElement\":[{\"@type\":\"ListItem\",\"position\":1,\"name\":\"Accueil\",\"item\":\"https:\\\/\\\/www.coeurssansfrontieres.com\\\/de\\\/\"},{\"@type\":\"ListItem\",\"position\":2,\"name\":\"Daniel Rouxel le 1er enfant de la guerre \u00e0 obtenir la nationalit\u00e9 allemande.\"}]},{\"@type\":\"WebSite\",\"@id\":\"https:\\\/\\\/www.coeurssansfrontieres.com\\\/fr\\\/#website\",\"url\":\"https:\\\/\\\/www.coeurssansfrontieres.com\\\/fr\\\/\",\"name\":\"C\u0153urs sans fronti\u00e8res\",\"description\":\"Association franco-allemande des Enfants de la Seconde Guerre Mondiale\",\"potentialAction\":[{\"@type\":\"SearchAction\",\"target\":{\"@type\":\"EntryPoint\",\"urlTemplate\":\"https:\\\/\\\/www.coeurssansfrontieres.com\\\/fr\\\/?s={search_term_string}\"},\"query-input\":{\"@type\":\"PropertyValueSpecification\",\"valueRequired\":true,\"valueName\":\"search_term_string\"}}],\"inLanguage\":\"de\"},{\"@type\":\"Person\",\"@id\":\"https:\\\/\\\/www.coeurssansfrontieres.com\\\/fr\\\/#\\\/schema\\\/person\\\/ae811928053aca16ba5f8ad091b75a2e\",\"name\":\"LE QUENTREC Chantal\"}]}<\/script>\n<!-- \/ Yoast SEO plugin. -->","yoast_head_json":{"title":"Daniel Rouxel le 1er enfant de la guerre \u00e0 obtenir la nationalit\u00e9 allemande. - CSF - HOG","robots":{"index":"index","follow":"follow","max-snippet":"max-snippet:-1","max-image-preview":"max-image-preview:large","max-video-preview":"max-video-preview:-1"},"canonical":"https:\/\/www.coeurssansfrontieres.com\/de\/vereinsleben\/csf-est-en-fete\/","og_locale":"de_DE","og_type":"article","og_title":"Daniel Rouxel le 1er enfant de la guerre \u00e0 obtenir la nationalit\u00e9 allemande. - CSF - HOG","og_description":"Dieser Artikel wurde noch nicht ins Deutsche \u00fcbersetzt Daniel Rouxel re\u00e7oit le certificat de\u00a0nationalit\u00e9 Allemande des mains de Monsieur le consul d'Allemagne \u00e0 Paris &nbsp; Les enfants de la guerre qui en ont fait la d\u00e9marche deviennent franco-allemands. Notre pr\u00e9sident Jean-Jacques Delorme a imm\u00e9diatement adress\u00e9 au nom de l'association les plus vifs remerciements aux dirigeants [&hellip;]","og_url":"https:\/\/www.coeurssansfrontieres.com\/de\/vereinsleben\/csf-est-en-fete\/","og_site_name":"CSF - HOG","article_published_time":"2009-08-22T08:33:59+00:00","article_modified_time":"2017-10-11T13:06:44+00:00","og_image":[{"width":119,"height":119,"url":"https:\/\/www.coeurssansfrontieres.com\/wp-content\/uploads\/2017\/08\/Evenements-ombre.png","type":"image\/png"}],"author":"LE QUENTREC Chantal","twitter_card":"summary_large_image","twitter_misc":{"Verfasst von":"LE QUENTREC Chantal","Gesch\u00e4tzte Lesezeit":"8\u00a0Minuten"},"schema":{"@context":"https:\/\/schema.org","@graph":[{"@type":"Article","@id":"https:\/\/www.coeurssansfrontieres.com\/de\/vereinsleben\/csf-est-en-fete\/#article","isPartOf":{"@id":"https:\/\/www.coeurssansfrontieres.com\/de\/vereinsleben\/csf-est-en-fete\/"},"author":{"name":"LE QUENTREC Chantal","@id":"https:\/\/www.coeurssansfrontieres.com\/fr\/#\/schema\/person\/ae811928053aca16ba5f8ad091b75a2e"},"headline":"Daniel Rouxel le 1er enfant de la guerre \u00e0 obtenir la nationalit\u00e9 allemande.","datePublished":"2009-08-22T08:33:59+00:00","dateModified":"2017-10-11T13:06:44+00:00","mainEntityOfPage":{"@id":"https:\/\/www.coeurssansfrontieres.com\/de\/vereinsleben\/csf-est-en-fete\/"},"wordCount":1665,"commentCount":0,"image":{"@id":"https:\/\/www.coeurssansfrontieres.com\/de\/vereinsleben\/csf-est-en-fete\/#primaryimage"},"thumbnailUrl":"https:\/\/www.coeurssansfrontieres.com\/wp-content\/uploads\/2017\/08\/Evenements-ombre.png","articleSection":["Andere Ereignisse","Dokumente","Mitgliedertexte","Vereinsleben"],"inLanguage":"de","potentialAction":[{"@type":"CommentAction","name":"Comment","target":["https:\/\/www.coeurssansfrontieres.com\/de\/vereinsleben\/csf-est-en-fete\/#respond"]}]},{"@type":"WebPage","@id":"https:\/\/www.coeurssansfrontieres.com\/de\/vereinsleben\/csf-est-en-fete\/","url":"https:\/\/www.coeurssansfrontieres.com\/de\/vereinsleben\/csf-est-en-fete\/","name":"Daniel Rouxel le 1er enfant de la guerre \u00e0 obtenir la nationalit\u00e9 allemande. - CSF - HOG","isPartOf":{"@id":"https:\/\/www.coeurssansfrontieres.com\/fr\/#website"},"primaryImageOfPage":{"@id":"https:\/\/www.coeurssansfrontieres.com\/de\/vereinsleben\/csf-est-en-fete\/#primaryimage"},"image":{"@id":"https:\/\/www.coeurssansfrontieres.com\/de\/vereinsleben\/csf-est-en-fete\/#primaryimage"},"thumbnailUrl":"https:\/\/www.coeurssansfrontieres.com\/wp-content\/uploads\/2017\/08\/Evenements-ombre.png","datePublished":"2009-08-22T08:33:59+00:00","dateModified":"2017-10-11T13:06:44+00:00","author":{"@id":"https:\/\/www.coeurssansfrontieres.com\/fr\/#\/schema\/person\/ae811928053aca16ba5f8ad091b75a2e"},"breadcrumb":{"@id":"https:\/\/www.coeurssansfrontieres.com\/de\/vereinsleben\/csf-est-en-fete\/#breadcrumb"},"inLanguage":"de","potentialAction":[{"@type":"ReadAction","target":["https:\/\/www.coeurssansfrontieres.com\/de\/vereinsleben\/csf-est-en-fete\/"]}]},{"@type":"ImageObject","inLanguage":"de","@id":"https:\/\/www.coeurssansfrontieres.com\/de\/vereinsleben\/csf-est-en-fete\/#primaryimage","url":"https:\/\/www.coeurssansfrontieres.com\/wp-content\/uploads\/2017\/08\/Evenements-ombre.png","contentUrl":"https:\/\/www.coeurssansfrontieres.com\/wp-content\/uploads\/2017\/08\/Evenements-ombre.png","width":119,"height":119},{"@type":"BreadcrumbList","@id":"https:\/\/www.coeurssansfrontieres.com\/de\/vereinsleben\/csf-est-en-fete\/#breadcrumb","itemListElement":[{"@type":"ListItem","position":1,"name":"Accueil","item":"https:\/\/www.coeurssansfrontieres.com\/de\/"},{"@type":"ListItem","position":2,"name":"Daniel Rouxel le 1er enfant de la guerre \u00e0 obtenir la nationalit\u00e9 allemande."}]},{"@type":"WebSite","@id":"https:\/\/www.coeurssansfrontieres.com\/fr\/#website","url":"https:\/\/www.coeurssansfrontieres.com\/fr\/","name":"C\u0153urs sans fronti\u00e8res","description":"Association franco-allemande des Enfants de la Seconde Guerre Mondiale","potentialAction":[{"@type":"SearchAction","target":{"@type":"EntryPoint","urlTemplate":"https:\/\/www.coeurssansfrontieres.com\/fr\/?s={search_term_string}"},"query-input":{"@type":"PropertyValueSpecification","valueRequired":true,"valueName":"search_term_string"}}],"inLanguage":"de"},{"@type":"Person","@id":"https:\/\/www.coeurssansfrontieres.com\/fr\/#\/schema\/person\/ae811928053aca16ba5f8ad091b75a2e","name":"LE QUENTREC Chantal"}]}},"_links":{"self":[{"href":"https:\/\/www.coeurssansfrontieres.com\/de\/wp-json\/wp\/v2\/posts\/6333","targetHints":{"allow":["GET"]}}],"collection":[{"href":"https:\/\/www.coeurssansfrontieres.com\/de\/wp-json\/wp\/v2\/posts"}],"about":[{"href":"https:\/\/www.coeurssansfrontieres.com\/de\/wp-json\/wp\/v2\/types\/post"}],"author":[{"embeddable":true,"href":"https:\/\/www.coeurssansfrontieres.com\/de\/wp-json\/wp\/v2\/users\/5"}],"replies":[{"embeddable":true,"href":"https:\/\/www.coeurssansfrontieres.com\/de\/wp-json\/wp\/v2\/comments?post=6333"}],"version-history":[{"count":0,"href":"https:\/\/www.coeurssansfrontieres.com\/de\/wp-json\/wp\/v2\/posts\/6333\/revisions"}],"wp:featuredmedia":[{"embeddable":true,"href":"https:\/\/www.coeurssansfrontieres.com\/de\/wp-json\/wp\/v2\/media\/9970"}],"wp:attachment":[{"href":"https:\/\/www.coeurssansfrontieres.com\/de\/wp-json\/wp\/v2\/media?parent=6333"}],"wp:term":[{"taxonomy":"category","embeddable":true,"href":"https:\/\/www.coeurssansfrontieres.com\/de\/wp-json\/wp\/v2\/categories?post=6333"},{"taxonomy":"post_tag","embeddable":true,"href":"https:\/\/www.coeurssansfrontieres.com\/de\/wp-json\/wp\/v2\/tags?post=6333"}],"curies":[{"name":"wp","href":"https:\/\/api.w.org\/{rel}","templated":true}]}}