{"id":7015,"date":"2005-10-20T18:57:06","date_gmt":"2005-10-20T16:57:06","guid":{"rendered":"http:\/\/www.coeurssansfrontieres.com\/kategorientechniken\/unkategorisiert\/suite-francaise\/"},"modified":"2017-10-21T17:17:15","modified_gmt":"2017-10-21T15:17:15","slug":"suite-francaise","status":"publish","type":"post","link":"https:\/\/www.coeurssansfrontieres.com\/de\/dokumente-de\/suite-francaise\/","title":{"rendered":"Suite Fran\u00e7aise"},"content":{"rendered":"<p>[et_pb_section admin_label=&#8220;section&#8220; transparent_background=&#8220;off&#8220; background_color=&#8220;#ffffff&#8220; allow_player_pause=&#8220;off&#8220; inner_shadow=&#8220;off&#8220; parallax=&#8220;off&#8220; parallax_method=&#8220;off&#8220; custom_padding=&#8220;5px|||&#8220; padding_mobile=&#8220;off&#8220; make_fullwidth=&#8220;off&#8220; use_custom_width=&#8220;off&#8220; width_unit=&#8220;on&#8220; make_equal=&#8220;off&#8220; use_custom_gutter=&#8220;off&#8220;][et_pb_row admin_label=&#8220;row&#8220; make_fullwidth=&#8220;on&#8220; use_custom_width=&#8220;off&#8220; width_unit=&#8220;on&#8220; use_custom_gutter=&#8220;off&#8220; padding_mobile=&#8220;off&#8220; allow_player_pause=&#8220;off&#8220; parallax=&#8220;off&#8220; parallax_method=&#8220;off&#8220; make_equal=&#8220;off&#8220; parallax_1=&#8220;off&#8220; parallax_method_1=&#8220;off&#8220; parallax_2=&#8220;off&#8220; parallax_method_2=&#8220;off&#8220; parallax_3=&#8220;off&#8220; parallax_method_3=&#8220;off&#8220; column_padding_mobile=&#8220;on&#8220; padding_top_1=&#8220;50px&#8220; padding_top_3=&#8220;50px&#8220; custom_padding=&#8220;0px|||&#8220;][et_pb_column type=&#8220;1_4&#8243;][et_pb_image admin_label=&#8220;Image couverture&#8220; src=&#8220;https:\/\/www.coeurssansfrontieres.com\/wp-content\/uploads\/2017\/10\/9783813502602-us-300.jpg&#8220; show_in_lightbox=&#8220;on&#8220; url_new_window=&#8220;off&#8220; use_overlay=&#8220;on&#8220; overlay_icon_color=&#8220;#a55ba6&#8243; hover_icon=&#8220;%%51%%&#8220; animation=&#8220;off&#8220; sticky=&#8220;off&#8220; align=&#8220;left&#8220; force_fullwidth=&#8220;off&#8220; always_center_on_mobile=&#8220;on&#8220; use_border_color=&#8220;off&#8220; border_color=&#8220;#ffffff&#8220; border_style=&#8220;solid&#8220; custom_css_main_element=&#8220;box-shadow: 6px 6px 6px #a55ba6;&#8220;] [\/et_pb_image][\/et_pb_column][et_pb_column type=&#8220;1_2&#8243;][et_pb_text admin_label=&#8220;Texte Titre&#8220; background_layout=&#8220;light&#8220; text_orientation=&#8220;left&#8220; use_border_color=&#8220;off&#8220; border_color=&#8220;#ffffff&#8220; border_style=&#8220;solid&#8220;]<\/p>\n<h2 style=\"text-align: center;\"><strong><em>Suite Fran\u00e7aise <\/em><\/strong><\/h2>\n<p>[\/et_pb_text][et_pb_text admin_label=&#8220;Texte pr\u00e9sentation&#8220; background_layout=&#8220;light&#8220; text_orientation=&#8220;left&#8220; use_border_color=&#8220;off&#8220; border_color=&#8220;#ffffff&#8220; border_style=&#8220;solid&#8220;]<\/p>\n<p><strong>N\u00e9mirovski Ir\u00e8ne<\/strong><\/p>\n<p>Dieses Buch ist eine der aufregendsten Neuerscheinungen der Saison. \u00dcber 60 Jahre lag der Roman \u00bbSuite fran\u00e7aise\u00ab, das Verm\u00e4chtnis der einstigen franz\u00f6sischen Starautorin Ir\u00e8ne N\u00e9mirovsky, in einem Koffer, bis der Zufall dieses Sittengem\u00e4lde aus den Zeiten des Zweiten Weltkriegs ans Licht brachte.<\/p>\n<p>Ihr Leben liest sich wie ein Roman: Die J\u00fcdin Ir\u00e8ne N\u00e9mirovsky wurde als Tochter eines der reichsten Bankiers Russlands 1903 in Kiew geboren. Leichtigkeit, Lebenslust, Esprit und k\u00fcnstlerische Ambitionen bestimmten schon fr\u00fch ihr Leben. W\u00e4hrend der Oktoberrevolution flieht die Familie nach Frankreich und geh\u00f6rt schnell zu einer der attraktiven Adressen der besseren Kreise. Ir\u00e8ne ver\u00f6ffentlicht ihren ersten Roman und ist bald der Star der Pariser Literaturszene. Als der Zweite Weltkrieg ausbricht und die Deutschen vor Paris stehen, geht sie 1940 mit ihrem Mann und den zwei kleinen T\u00f6chtern in die Provinz. Hier beginnt sie mit der Niederschrift von \u00bbSuite fran\u00e7aise\u00ab. Der Roman ist geplant als Abfolge in f\u00fcnf Teilen \u2013 nur zwei wurden vollendet. Im Fr\u00fchsommer 1942 wird die Autorin nach Auschwitz deportiert. Kurze Zeit sp\u00e4ter kommt sie dort zu Tode. Ihr literarisches Verm\u00e4chtnis wird von ihren T\u00f6chtern wie ein Schatz geh\u00fctet und erst \u00fcber 60 Jahre nach ihrem Tod wiederentdeckt. \u00bbSuite fran\u00e7aise\u00ab erz\u00e4hlt mitten aus dem Krieg \u2013 als sei die Zeit angehalten. Der erste Teil \u00bbSturm im Juni\u00ab schildert die Zeit im Sommer 1940, als die deutsche Armee vor Paris steht und die Bewohner fluchtartig die Stadt verlassen. Der zweite Teil \u00bbDolce\u00ab spielt 1942 in einem von den Deutschen besetzten Dorf in der Provinz.<\/p>\n<p>Ir\u00e8ne N\u00e9mirovsky h\u00e4lt in ihrem Roman Frankreich einen Spiegel vor. Mit luzidem psychologischen Blick beobachtet sie ihre Mitmenschen, beschreibt Niedertracht und Selbstgef\u00e4lligkeit, Hoffnung und Illusion, Lebensgier und die gro\u00dfe Sehnsucht nach Frieden. \u00bbSuite fran\u00e7aise \u00ab ist eine perfekt durchkomponierte literarische Bilderfolge und ein eindringliches historisches Zeitzeugnis und wird zurecht weltweit als gro\u00dfes Werk gefeiert.<\/p>\n<p>Ausgezeichnet mit dem Prix Renaudot 2004<\/p>\n<p>[\/et_pb_text][et_pb_text admin_label=&#8220;Texte auteurs et references&#8220; background_layout=&#8220;light&#8220; text_orientation=&#8220;left&#8220; use_border_color=&#8220;on&#8220; border_color=&#8220;#a55ba6&#8243; border_style=&#8220;solid&#8220; custom_padding=&#8220;30px|30px|30px|30px&#8220; border_width=&#8220;2px&#8220;]<\/p>\n<p><strong>N\u00e9mirovski Ir\u00e8ne<br \/>\n<a href=\"https:\/\/www.amazon.de\/Suite-fran%C3%A7aise-Roman-Ir%C3%A8ne-N%C3%A9mirovsky\/dp\/3813502600\">Knaus Verlag<\/a><\/strong><\/p>\n<p>[\/et_pb_text][\/et_pb_column][et_pb_column type=&#8220;1_4&#8243;][et_pb_image admin_label=&#8220;Image&#8220; src=&#8220;https:\/\/www.coeurssansfrontieres.com\/wp-content\/uploads\/2017\/08\/Biblio.png&#8220; show_in_lightbox=&#8220;off&#8220; url_new_window=&#8220;off&#8220; use_overlay=&#8220;off&#8220; animation=&#8220;off&#8220; sticky=&#8220;on&#8220; align=&#8220;center&#8220; force_fullwidth=&#8220;off&#8220; always_center_on_mobile=&#8220;on&#8220; use_border_color=&#8220;off&#8220; border_color=&#8220;#ffffff&#8220; border_style=&#8220;solid&#8220;] [\/et_pb_image][et_pb_sidebar admin_label=&#8220;Barre lat\u00e9rale livres &#8220; orientation=&#8220;left&#8220; area=&#8220;et_pb_widget_area_33&#8243; background_layout=&#8220;light&#8220; remove_border=&#8220;off&#8220;] [\/et_pb_sidebar][\/et_pb_column][\/et_pb_row][\/et_pb_section][et_pb_section admin_label=&#8220;section&#8220;][et_pb_row admin_label=&#8220;row&#8220;][\/et_pb_row][\/et_pb_section]<\/p>\n","protected":false},"excerpt":{"rendered":"<p>Suite Fran\u00e7aise N\u00e9mirovski Ir\u00e8ne Dieses Buch ist eine der aufregendsten Neuerscheinungen der Saison. \u00dcber 60 Jahre lag der Roman \u00bbSuite fran\u00e7aise\u00ab, das Verm\u00e4chtnis der einstigen franz\u00f6sischen Starautorin Ir\u00e8ne N\u00e9mirovsky, in einem Koffer, bis der Zufall dieses Sittengem\u00e4lde aus den Zeiten des Zweiten Weltkriegs ans Licht brachte. Ihr Leben liest sich wie ein Roman: Die J\u00fcdin [&hellip;]<\/p>\n","protected":false},"author":249,"featured_media":7013,"comment_status":"closed","ping_status":"closed","sticky":false,"template":"","format":"standard","meta":{"_et_pb_use_builder":"on","_et_pb_old_content":"","_et_gb_content_width":"","footnotes":""},"categories":[232,199],"tags":[],"class_list":["post-7015","post","type-post","status-publish","format-standard","has-post-thumbnail","hentry","category-bucherde","category-dokumente-de"],"yoast_head":"<!-- This site is optimized with the Yoast SEO plugin v27.5 - https:\/\/yoast.com\/product\/yoast-seo-wordpress\/ -->\n<title>Suite Fran\u00e7aise - CSF - HOG<\/title>\n<meta name=\"robots\" content=\"index, follow, max-snippet:-1, max-image-preview:large, max-video-preview:-1\" \/>\n<link rel=\"canonical\" href=\"https:\/\/www.coeurssansfrontieres.com\/de\/dokumente-de\/bucherde\/suite-francaise\/\" \/>\n<meta property=\"og:locale\" content=\"de_DE\" \/>\n<meta property=\"og:type\" content=\"article\" \/>\n<meta property=\"og:title\" content=\"Suite Fran\u00e7aise - CSF - HOG\" \/>\n<meta property=\"og:description\" content=\"Suite Fran\u00e7aise N\u00e9mirovski Ir\u00e8ne Dieses Buch ist eine der aufregendsten Neuerscheinungen der Saison. \u00dcber 60 Jahre lag der Roman \u00bbSuite fran\u00e7aise\u00ab, das Verm\u00e4chtnis der einstigen franz\u00f6sischen Starautorin Ir\u00e8ne N\u00e9mirovsky, in einem Koffer, bis der Zufall dieses Sittengem\u00e4lde aus den Zeiten des Zweiten Weltkriegs ans Licht brachte. Ihr Leben liest sich wie ein Roman: Die J\u00fcdin [&hellip;]\" \/>\n<meta property=\"og:url\" content=\"https:\/\/www.coeurssansfrontieres.com\/de\/dokumente-de\/bucherde\/suite-francaise\/\" \/>\n<meta property=\"og:site_name\" content=\"CSF - HOG\" \/>\n<meta property=\"article:published_time\" content=\"2005-10-20T16:57:06+00:00\" \/>\n<meta property=\"article:modified_time\" content=\"2017-10-21T15:17:15+00:00\" \/>\n<meta property=\"og:image\" content=\"https:\/\/www.coeurssansfrontieres.com\/wp-content\/uploads\/2017\/10\/9783813502602-us-300-small.jpg\" \/>\n\t<meta property=\"og:image:width\" content=\"200\" \/>\n\t<meta property=\"og:image:height\" content=\"200\" \/>\n\t<meta property=\"og:image:type\" content=\"image\/jpeg\" \/>\n<meta name=\"author\" content=\"GOFFIN Alexandre\" \/>\n<meta name=\"twitter:card\" content=\"summary_large_image\" \/>\n<meta name=\"twitter:label1\" content=\"Verfasst von\" \/>\n\t<meta name=\"twitter:data1\" content=\"GOFFIN Alexandre\" \/>\n\t<meta name=\"twitter:label2\" content=\"Gesch\u00e4tzte Lesezeit\" \/>\n\t<meta name=\"twitter:data2\" content=\"4\u00a0Minuten\" \/>\n<script type=\"application\/ld+json\" class=\"yoast-schema-graph\">{\"@context\":\"https:\\\/\\\/schema.org\",\"@graph\":[{\"@type\":\"Article\",\"@id\":\"https:\\\/\\\/www.coeurssansfrontieres.com\\\/de\\\/dokumente-de\\\/bucherde\\\/suite-francaise\\\/#article\",\"isPartOf\":{\"@id\":\"https:\\\/\\\/www.coeurssansfrontieres.com\\\/de\\\/dokumente-de\\\/bucherde\\\/suite-francaise\\\/\"},\"author\":{\"name\":\"GOFFIN Alexandre\",\"@id\":\"https:\\\/\\\/www.coeurssansfrontieres.com\\\/fr\\\/#\\\/schema\\\/person\\\/19507754554eb5218427fc31038cac56\"},\"headline\":\"Suite Fran\u00e7aise\",\"datePublished\":\"2005-10-20T16:57:06+00:00\",\"dateModified\":\"2017-10-21T15:17:15+00:00\",\"mainEntityOfPage\":{\"@id\":\"https:\\\/\\\/www.coeurssansfrontieres.com\\\/de\\\/dokumente-de\\\/bucherde\\\/suite-francaise\\\/\"},\"wordCount\":740,\"image\":{\"@id\":\"https:\\\/\\\/www.coeurssansfrontieres.com\\\/de\\\/dokumente-de\\\/bucherde\\\/suite-francaise\\\/#primaryimage\"},\"thumbnailUrl\":\"https:\\\/\\\/www.coeurssansfrontieres.com\\\/wp-content\\\/uploads\\\/2017\\\/10\\\/9783813502602-us-300-small.jpg\",\"articleSection\":[\"B\u00fccherDE\",\"Dokumente\"],\"inLanguage\":\"de\"},{\"@type\":\"WebPage\",\"@id\":\"https:\\\/\\\/www.coeurssansfrontieres.com\\\/de\\\/dokumente-de\\\/bucherde\\\/suite-francaise\\\/\",\"url\":\"https:\\\/\\\/www.coeurssansfrontieres.com\\\/de\\\/dokumente-de\\\/bucherde\\\/suite-francaise\\\/\",\"name\":\"Suite Fran\u00e7aise - CSF - HOG\",\"isPartOf\":{\"@id\":\"https:\\\/\\\/www.coeurssansfrontieres.com\\\/fr\\\/#website\"},\"primaryImageOfPage\":{\"@id\":\"https:\\\/\\\/www.coeurssansfrontieres.com\\\/de\\\/dokumente-de\\\/bucherde\\\/suite-francaise\\\/#primaryimage\"},\"image\":{\"@id\":\"https:\\\/\\\/www.coeurssansfrontieres.com\\\/de\\\/dokumente-de\\\/bucherde\\\/suite-francaise\\\/#primaryimage\"},\"thumbnailUrl\":\"https:\\\/\\\/www.coeurssansfrontieres.com\\\/wp-content\\\/uploads\\\/2017\\\/10\\\/9783813502602-us-300-small.jpg\",\"datePublished\":\"2005-10-20T16:57:06+00:00\",\"dateModified\":\"2017-10-21T15:17:15+00:00\",\"author\":{\"@id\":\"https:\\\/\\\/www.coeurssansfrontieres.com\\\/fr\\\/#\\\/schema\\\/person\\\/19507754554eb5218427fc31038cac56\"},\"breadcrumb\":{\"@id\":\"https:\\\/\\\/www.coeurssansfrontieres.com\\\/de\\\/dokumente-de\\\/bucherde\\\/suite-francaise\\\/#breadcrumb\"},\"inLanguage\":\"de\",\"potentialAction\":[{\"@type\":\"ReadAction\",\"target\":[\"https:\\\/\\\/www.coeurssansfrontieres.com\\\/de\\\/dokumente-de\\\/bucherde\\\/suite-francaise\\\/\"]}]},{\"@type\":\"ImageObject\",\"inLanguage\":\"de\",\"@id\":\"https:\\\/\\\/www.coeurssansfrontieres.com\\\/de\\\/dokumente-de\\\/bucherde\\\/suite-francaise\\\/#primaryimage\",\"url\":\"https:\\\/\\\/www.coeurssansfrontieres.com\\\/wp-content\\\/uploads\\\/2017\\\/10\\\/9783813502602-us-300-small.jpg\",\"contentUrl\":\"https:\\\/\\\/www.coeurssansfrontieres.com\\\/wp-content\\\/uploads\\\/2017\\\/10\\\/9783813502602-us-300-small.jpg\",\"width\":200,\"height\":200},{\"@type\":\"BreadcrumbList\",\"@id\":\"https:\\\/\\\/www.coeurssansfrontieres.com\\\/de\\\/dokumente-de\\\/bucherde\\\/suite-francaise\\\/#breadcrumb\",\"itemListElement\":[{\"@type\":\"ListItem\",\"position\":1,\"name\":\"Accueil\",\"item\":\"https:\\\/\\\/www.coeurssansfrontieres.com\\\/de\\\/\"},{\"@type\":\"ListItem\",\"position\":2,\"name\":\"Suite Fran\u00e7aise\"}]},{\"@type\":\"WebSite\",\"@id\":\"https:\\\/\\\/www.coeurssansfrontieres.com\\\/fr\\\/#website\",\"url\":\"https:\\\/\\\/www.coeurssansfrontieres.com\\\/fr\\\/\",\"name\":\"C\u0153urs sans fronti\u00e8res\",\"description\":\"Association franco-allemande des Enfants de la Seconde Guerre Mondiale\",\"potentialAction\":[{\"@type\":\"SearchAction\",\"target\":{\"@type\":\"EntryPoint\",\"urlTemplate\":\"https:\\\/\\\/www.coeurssansfrontieres.com\\\/fr\\\/?s={search_term_string}\"},\"query-input\":{\"@type\":\"PropertyValueSpecification\",\"valueRequired\":true,\"valueName\":\"search_term_string\"}}],\"inLanguage\":\"de\"},{\"@type\":\"Person\",\"@id\":\"https:\\\/\\\/www.coeurssansfrontieres.com\\\/fr\\\/#\\\/schema\\\/person\\\/19507754554eb5218427fc31038cac56\",\"name\":\"GOFFIN Alexandre\"}]}<\/script>\n<!-- \/ Yoast SEO plugin. -->","yoast_head_json":{"title":"Suite Fran\u00e7aise - CSF - HOG","robots":{"index":"index","follow":"follow","max-snippet":"max-snippet:-1","max-image-preview":"max-image-preview:large","max-video-preview":"max-video-preview:-1"},"canonical":"https:\/\/www.coeurssansfrontieres.com\/de\/dokumente-de\/bucherde\/suite-francaise\/","og_locale":"de_DE","og_type":"article","og_title":"Suite Fran\u00e7aise - CSF - HOG","og_description":"Suite Fran\u00e7aise N\u00e9mirovski Ir\u00e8ne Dieses Buch ist eine der aufregendsten Neuerscheinungen der Saison. \u00dcber 60 Jahre lag der Roman \u00bbSuite fran\u00e7aise\u00ab, das Verm\u00e4chtnis der einstigen franz\u00f6sischen Starautorin Ir\u00e8ne N\u00e9mirovsky, in einem Koffer, bis der Zufall dieses Sittengem\u00e4lde aus den Zeiten des Zweiten Weltkriegs ans Licht brachte. Ihr Leben liest sich wie ein Roman: Die J\u00fcdin [&hellip;]","og_url":"https:\/\/www.coeurssansfrontieres.com\/de\/dokumente-de\/bucherde\/suite-francaise\/","og_site_name":"CSF - HOG","article_published_time":"2005-10-20T16:57:06+00:00","article_modified_time":"2017-10-21T15:17:15+00:00","og_image":[{"width":200,"height":200,"url":"https:\/\/www.coeurssansfrontieres.com\/wp-content\/uploads\/2017\/10\/9783813502602-us-300-small.jpg","type":"image\/jpeg"}],"author":"GOFFIN Alexandre","twitter_card":"summary_large_image","twitter_misc":{"Verfasst von":"GOFFIN Alexandre","Gesch\u00e4tzte Lesezeit":"4\u00a0Minuten"},"schema":{"@context":"https:\/\/schema.org","@graph":[{"@type":"Article","@id":"https:\/\/www.coeurssansfrontieres.com\/de\/dokumente-de\/bucherde\/suite-francaise\/#article","isPartOf":{"@id":"https:\/\/www.coeurssansfrontieres.com\/de\/dokumente-de\/bucherde\/suite-francaise\/"},"author":{"name":"GOFFIN Alexandre","@id":"https:\/\/www.coeurssansfrontieres.com\/fr\/#\/schema\/person\/19507754554eb5218427fc31038cac56"},"headline":"Suite Fran\u00e7aise","datePublished":"2005-10-20T16:57:06+00:00","dateModified":"2017-10-21T15:17:15+00:00","mainEntityOfPage":{"@id":"https:\/\/www.coeurssansfrontieres.com\/de\/dokumente-de\/bucherde\/suite-francaise\/"},"wordCount":740,"image":{"@id":"https:\/\/www.coeurssansfrontieres.com\/de\/dokumente-de\/bucherde\/suite-francaise\/#primaryimage"},"thumbnailUrl":"https:\/\/www.coeurssansfrontieres.com\/wp-content\/uploads\/2017\/10\/9783813502602-us-300-small.jpg","articleSection":["B\u00fccherDE","Dokumente"],"inLanguage":"de"},{"@type":"WebPage","@id":"https:\/\/www.coeurssansfrontieres.com\/de\/dokumente-de\/bucherde\/suite-francaise\/","url":"https:\/\/www.coeurssansfrontieres.com\/de\/dokumente-de\/bucherde\/suite-francaise\/","name":"Suite Fran\u00e7aise - CSF - HOG","isPartOf":{"@id":"https:\/\/www.coeurssansfrontieres.com\/fr\/#website"},"primaryImageOfPage":{"@id":"https:\/\/www.coeurssansfrontieres.com\/de\/dokumente-de\/bucherde\/suite-francaise\/#primaryimage"},"image":{"@id":"https:\/\/www.coeurssansfrontieres.com\/de\/dokumente-de\/bucherde\/suite-francaise\/#primaryimage"},"thumbnailUrl":"https:\/\/www.coeurssansfrontieres.com\/wp-content\/uploads\/2017\/10\/9783813502602-us-300-small.jpg","datePublished":"2005-10-20T16:57:06+00:00","dateModified":"2017-10-21T15:17:15+00:00","author":{"@id":"https:\/\/www.coeurssansfrontieres.com\/fr\/#\/schema\/person\/19507754554eb5218427fc31038cac56"},"breadcrumb":{"@id":"https:\/\/www.coeurssansfrontieres.com\/de\/dokumente-de\/bucherde\/suite-francaise\/#breadcrumb"},"inLanguage":"de","potentialAction":[{"@type":"ReadAction","target":["https:\/\/www.coeurssansfrontieres.com\/de\/dokumente-de\/bucherde\/suite-francaise\/"]}]},{"@type":"ImageObject","inLanguage":"de","@id":"https:\/\/www.coeurssansfrontieres.com\/de\/dokumente-de\/bucherde\/suite-francaise\/#primaryimage","url":"https:\/\/www.coeurssansfrontieres.com\/wp-content\/uploads\/2017\/10\/9783813502602-us-300-small.jpg","contentUrl":"https:\/\/www.coeurssansfrontieres.com\/wp-content\/uploads\/2017\/10\/9783813502602-us-300-small.jpg","width":200,"height":200},{"@type":"BreadcrumbList","@id":"https:\/\/www.coeurssansfrontieres.com\/de\/dokumente-de\/bucherde\/suite-francaise\/#breadcrumb","itemListElement":[{"@type":"ListItem","position":1,"name":"Accueil","item":"https:\/\/www.coeurssansfrontieres.com\/de\/"},{"@type":"ListItem","position":2,"name":"Suite Fran\u00e7aise"}]},{"@type":"WebSite","@id":"https:\/\/www.coeurssansfrontieres.com\/fr\/#website","url":"https:\/\/www.coeurssansfrontieres.com\/fr\/","name":"C\u0153urs sans fronti\u00e8res","description":"Association franco-allemande des Enfants de la Seconde Guerre Mondiale","potentialAction":[{"@type":"SearchAction","target":{"@type":"EntryPoint","urlTemplate":"https:\/\/www.coeurssansfrontieres.com\/fr\/?s={search_term_string}"},"query-input":{"@type":"PropertyValueSpecification","valueRequired":true,"valueName":"search_term_string"}}],"inLanguage":"de"},{"@type":"Person","@id":"https:\/\/www.coeurssansfrontieres.com\/fr\/#\/schema\/person\/19507754554eb5218427fc31038cac56","name":"GOFFIN Alexandre"}]}},"_links":{"self":[{"href":"https:\/\/www.coeurssansfrontieres.com\/de\/wp-json\/wp\/v2\/posts\/7015","targetHints":{"allow":["GET"]}}],"collection":[{"href":"https:\/\/www.coeurssansfrontieres.com\/de\/wp-json\/wp\/v2\/posts"}],"about":[{"href":"https:\/\/www.coeurssansfrontieres.com\/de\/wp-json\/wp\/v2\/types\/post"}],"author":[{"embeddable":true,"href":"https:\/\/www.coeurssansfrontieres.com\/de\/wp-json\/wp\/v2\/users\/249"}],"replies":[{"embeddable":true,"href":"https:\/\/www.coeurssansfrontieres.com\/de\/wp-json\/wp\/v2\/comments?post=7015"}],"version-history":[{"count":0,"href":"https:\/\/www.coeurssansfrontieres.com\/de\/wp-json\/wp\/v2\/posts\/7015\/revisions"}],"wp:featuredmedia":[{"embeddable":true,"href":"https:\/\/www.coeurssansfrontieres.com\/de\/wp-json\/wp\/v2\/media\/7013"}],"wp:attachment":[{"href":"https:\/\/www.coeurssansfrontieres.com\/de\/wp-json\/wp\/v2\/media?parent=7015"}],"wp:term":[{"taxonomy":"category","embeddable":true,"href":"https:\/\/www.coeurssansfrontieres.com\/de\/wp-json\/wp\/v2\/categories?post=7015"},{"taxonomy":"post_tag","embeddable":true,"href":"https:\/\/www.coeurssansfrontieres.com\/de\/wp-json\/wp\/v2\/tags?post=7015"}],"curies":[{"name":"wp","href":"https:\/\/api.w.org\/{rel}","templated":true}]}}