{"id":7126,"date":"2008-10-21T18:04:55","date_gmt":"2008-10-21T16:04:55","guid":{"rendered":"http:\/\/www.coeurssansfrontieres.com\/kategorientechniken\/unkategorisiert\/kind-unbekannter-herkunft\/"},"modified":"2017-10-21T18:09:48","modified_gmt":"2017-10-21T16:09:48","slug":"kind-unbekannter-herkunft","status":"publish","type":"post","link":"https:\/\/www.coeurssansfrontieres.com\/de\/dokumente-de\/bucherde\/kind-unbekannter-herkunft\/","title":{"rendered":"Kind unbekannter Herkunft"},"content":{"rendered":"<p>[et_pb_section admin_label=&#8220;section&#8220; transparent_background=&#8220;off&#8220; background_color=&#8220;#ffffff&#8220; allow_player_pause=&#8220;off&#8220; inner_shadow=&#8220;off&#8220; parallax=&#8220;off&#8220; parallax_method=&#8220;off&#8220; custom_padding=&#8220;5px|||&#8220; padding_mobile=&#8220;off&#8220; make_fullwidth=&#8220;off&#8220; use_custom_width=&#8220;off&#8220; width_unit=&#8220;on&#8220; make_equal=&#8220;off&#8220; use_custom_gutter=&#8220;off&#8220;][et_pb_row admin_label=&#8220;row&#8220; make_fullwidth=&#8220;on&#8220; use_custom_width=&#8220;off&#8220; width_unit=&#8220;on&#8220; use_custom_gutter=&#8220;off&#8220; padding_mobile=&#8220;off&#8220; allow_player_pause=&#8220;off&#8220; parallax=&#8220;off&#8220; parallax_method=&#8220;off&#8220; make_equal=&#8220;off&#8220; parallax_1=&#8220;off&#8220; parallax_method_1=&#8220;off&#8220; parallax_2=&#8220;off&#8220; parallax_method_2=&#8220;off&#8220; parallax_3=&#8220;off&#8220; parallax_method_3=&#8220;off&#8220; column_padding_mobile=&#8220;on&#8220; padding_top_1=&#8220;50px&#8220; padding_top_3=&#8220;50px&#8220; custom_padding=&#8220;0px|||&#8220;][et_pb_column type=&#8220;1_4&#8243;][et_pb_image admin_label=&#8220;Image couverture&#8220; src=&#8220;https:\/\/www.coeurssansfrontieres.com\/wp-content\/uploads\/2017\/10\/130606JT61A.jpg&#8220; show_in_lightbox=&#8220;on&#8220; url_new_window=&#8220;off&#8220; use_overlay=&#8220;on&#8220; overlay_icon_color=&#8220;#a55ba6&#8243; hover_icon=&#8220;%%51%%&#8220; animation=&#8220;off&#8220; sticky=&#8220;off&#8220; align=&#8220;left&#8220; force_fullwidth=&#8220;off&#8220; always_center_on_mobile=&#8220;on&#8220; use_border_color=&#8220;off&#8220; border_color=&#8220;#ffffff&#8220; border_style=&#8220;solid&#8220; custom_css_main_element=&#8220;box-shadow: 6px 6px 6px #a55ba6;&#8220;] [\/et_pb_image][\/et_pb_column][et_pb_column type=&#8220;1_2&#8243;][et_pb_text admin_label=&#8220;Texte Titre&#8220; background_layout=&#8220;light&#8220; text_orientation=&#8220;left&#8220; use_border_color=&#8220;off&#8220; border_color=&#8220;#ffffff&#8220; border_style=&#8220;solid&#8220;]<\/p>\n<h2 style=\"text-align: center;\"><strong><em>Kind unbekannter Herkunft <\/em><\/strong><\/h2>\n<p>[\/et_pb_text][et_pb_text admin_label=&#8220;Texte pr\u00e9sentation&#8220; background_layout=&#8220;light&#8220; text_orientation=&#8220;left&#8220; use_border_color=&#8220;off&#8220; border_color=&#8220;#ffffff&#8220; border_style=&#8220;solid&#8220;]<\/p>\n<p><strong>LAMEY Annegret<\/strong><\/p>\n<p>Aufgewachsen als Hannes Dollinger im bayerischen Hohenpei\u00dfenberg, erf\u00e4hrt das ehemalige \u201eLebensbornkind\u201c im Alter von fast f\u00fcnfzig Jahren, dass er in Norwegen als Otto Wighus geboren wurde. Dass ihm auch noch die deutsche Staatsb\u00fcrgerschaft aberkannt wurde, h\u00e4tte er sich nicht tr\u00e4umen lassen, als er 1992 mit den Nachforschungen in eigener Sache begann. Dieses Buch erz\u00e4hlt seine Geschichte. Mit einem Vorwort von Andreas Wirsching<\/p>\n<p>[\/et_pb_text][et_pb_text admin_label=&#8220;Texte auteurs et references&#8220; background_layout=&#8220;light&#8220; text_orientation=&#8220;left&#8220; use_border_color=&#8220;on&#8220; border_color=&#8220;#a55ba6&#8243; border_style=&#8220;solid&#8220; custom_padding=&#8220;30px|30px|30px|30px&#8220; border_width=&#8220;2px&#8220;]<\/p>\n<p><strong>LAMEY Annegret<br \/>\n<a href=\"https:\/\/www.amazon.de\/Kind-unbekannter-Herkunft-Geschichte-Lebensbornkindes\/dp\/3896396447\">Droemer Knaur Verlag<\/a><br \/>\n2008<\/strong><\/p>\n<p>[\/et_pb_text][\/et_pb_column][et_pb_column type=&#8220;1_4&#8243;][et_pb_image admin_label=&#8220;Image&#8220; src=&#8220;https:\/\/www.coeurssansfrontieres.com\/wp-content\/uploads\/2017\/08\/Biblio.png&#8220; show_in_lightbox=&#8220;off&#8220; url_new_window=&#8220;off&#8220; use_overlay=&#8220;off&#8220; animation=&#8220;off&#8220; sticky=&#8220;on&#8220; align=&#8220;center&#8220; force_fullwidth=&#8220;off&#8220; always_center_on_mobile=&#8220;on&#8220; use_border_color=&#8220;off&#8220; border_color=&#8220;#ffffff&#8220; border_style=&#8220;solid&#8220;] [\/et_pb_image][et_pb_sidebar admin_label=&#8220;Barre lat\u00e9rale livres &#8220; orientation=&#8220;left&#8220; area=&#8220;et_pb_widget_area_33&#8243; background_layout=&#8220;light&#8220; remove_border=&#8220;off&#8220;] [\/et_pb_sidebar][\/et_pb_column][\/et_pb_row][\/et_pb_section][et_pb_section admin_label=&#8220;section&#8220;][et_pb_row admin_label=&#8220;row&#8220;][\/et_pb_row][\/et_pb_section]<\/p>\n","protected":false},"excerpt":{"rendered":"<p>Kind unbekannter Herkunft LAMEY Annegret Aufgewachsen als Hannes Dollinger im bayerischen Hohenpei\u00dfenberg, erf\u00e4hrt das ehemalige \u201eLebensbornkind\u201c im Alter von fast f\u00fcnfzig Jahren, dass er in Norwegen als Otto Wighus geboren wurde. Dass ihm auch noch die deutsche Staatsb\u00fcrgerschaft aberkannt wurde, h\u00e4tte er sich nicht tr\u00e4umen lassen, als er 1992 mit den Nachforschungen in eigener Sache [&hellip;]<\/p>\n","protected":false},"author":249,"featured_media":7124,"comment_status":"closed","ping_status":"closed","sticky":false,"template":"","format":"standard","meta":{"_et_pb_use_builder":"on","_et_pb_old_content":"","_et_gb_content_width":"","footnotes":""},"categories":[232,199],"tags":[],"class_list":["post-7126","post","type-post","status-publish","format-standard","has-post-thumbnail","hentry","category-bucherde","category-dokumente-de"],"yoast_head":"<!-- This site is optimized with the Yoast SEO plugin v27.4 - https:\/\/yoast.com\/product\/yoast-seo-wordpress\/ -->\n<title>Kind unbekannter Herkunft - CSF - HOG<\/title>\n<meta name=\"robots\" content=\"index, follow, max-snippet:-1, max-image-preview:large, max-video-preview:-1\" \/>\n<link rel=\"canonical\" href=\"https:\/\/www.coeurssansfrontieres.com\/de\/dokumente-de\/bucherde\/kind-unbekannter-herkunft\/\" \/>\n<meta property=\"og:locale\" content=\"de_DE\" \/>\n<meta property=\"og:type\" content=\"article\" \/>\n<meta property=\"og:title\" content=\"Kind unbekannter Herkunft - CSF - HOG\" \/>\n<meta property=\"og:description\" content=\"Kind unbekannter Herkunft LAMEY Annegret Aufgewachsen als Hannes Dollinger im bayerischen Hohenpei\u00dfenberg, erf\u00e4hrt das ehemalige \u201eLebensbornkind\u201c im Alter von fast f\u00fcnfzig Jahren, dass er in Norwegen als Otto Wighus geboren wurde. Dass ihm auch noch die deutsche Staatsb\u00fcrgerschaft aberkannt wurde, h\u00e4tte er sich nicht tr\u00e4umen lassen, als er 1992 mit den Nachforschungen in eigener Sache [&hellip;]\" \/>\n<meta property=\"og:url\" content=\"https:\/\/www.coeurssansfrontieres.com\/de\/dokumente-de\/bucherde\/kind-unbekannter-herkunft\/\" \/>\n<meta property=\"og:site_name\" content=\"CSF - HOG\" \/>\n<meta property=\"article:published_time\" content=\"2008-10-21T16:04:55+00:00\" \/>\n<meta property=\"article:modified_time\" content=\"2017-10-21T16:09:48+00:00\" \/>\n<meta property=\"og:image\" content=\"https:\/\/www.coeurssansfrontieres.com\/wp-content\/uploads\/2017\/10\/130606JT61A-smal.jpg\" \/>\n\t<meta property=\"og:image:width\" content=\"200\" \/>\n\t<meta property=\"og:image:height\" content=\"200\" \/>\n\t<meta property=\"og:image:type\" content=\"image\/jpeg\" \/>\n<meta name=\"author\" content=\"GOFFIN Alexandre\" \/>\n<meta name=\"twitter:card\" content=\"summary_large_image\" \/>\n<meta name=\"twitter:label1\" content=\"Verfasst von\" \/>\n\t<meta name=\"twitter:data1\" content=\"GOFFIN Alexandre\" \/>\n\t<meta name=\"twitter:label2\" content=\"Gesch\u00e4tzte Lesezeit\" \/>\n\t<meta name=\"twitter:data2\" content=\"2\u00a0Minuten\" \/>\n<script type=\"application\/ld+json\" class=\"yoast-schema-graph\">{\"@context\":\"https:\\\/\\\/schema.org\",\"@graph\":[{\"@type\":\"Article\",\"@id\":\"https:\\\/\\\/www.coeurssansfrontieres.com\\\/de\\\/dokumente-de\\\/bucherde\\\/kind-unbekannter-herkunft\\\/#article\",\"isPartOf\":{\"@id\":\"https:\\\/\\\/www.coeurssansfrontieres.com\\\/de\\\/dokumente-de\\\/bucherde\\\/kind-unbekannter-herkunft\\\/\"},\"author\":{\"name\":\"GOFFIN Alexandre\",\"@id\":\"https:\\\/\\\/www.coeurssansfrontieres.com\\\/fr\\\/#\\\/schema\\\/person\\\/19507754554eb5218427fc31038cac56\"},\"headline\":\"Kind unbekannter Herkunft\",\"datePublished\":\"2008-10-21T16:04:55+00:00\",\"dateModified\":\"2017-10-21T16:09:48+00:00\",\"mainEntityOfPage\":{\"@id\":\"https:\\\/\\\/www.coeurssansfrontieres.com\\\/de\\\/dokumente-de\\\/bucherde\\\/kind-unbekannter-herkunft\\\/\"},\"wordCount\":477,\"image\":{\"@id\":\"https:\\\/\\\/www.coeurssansfrontieres.com\\\/de\\\/dokumente-de\\\/bucherde\\\/kind-unbekannter-herkunft\\\/#primaryimage\"},\"thumbnailUrl\":\"https:\\\/\\\/www.coeurssansfrontieres.com\\\/wp-content\\\/uploads\\\/2017\\\/10\\\/130606JT61A-smal.jpg\",\"articleSection\":[\"B\u00fccherDE\",\"Dokumente\"],\"inLanguage\":\"de\"},{\"@type\":\"WebPage\",\"@id\":\"https:\\\/\\\/www.coeurssansfrontieres.com\\\/de\\\/dokumente-de\\\/bucherde\\\/kind-unbekannter-herkunft\\\/\",\"url\":\"https:\\\/\\\/www.coeurssansfrontieres.com\\\/de\\\/dokumente-de\\\/bucherde\\\/kind-unbekannter-herkunft\\\/\",\"name\":\"Kind unbekannter Herkunft - CSF - HOG\",\"isPartOf\":{\"@id\":\"https:\\\/\\\/www.coeurssansfrontieres.com\\\/fr\\\/#website\"},\"primaryImageOfPage\":{\"@id\":\"https:\\\/\\\/www.coeurssansfrontieres.com\\\/de\\\/dokumente-de\\\/bucherde\\\/kind-unbekannter-herkunft\\\/#primaryimage\"},\"image\":{\"@id\":\"https:\\\/\\\/www.coeurssansfrontieres.com\\\/de\\\/dokumente-de\\\/bucherde\\\/kind-unbekannter-herkunft\\\/#primaryimage\"},\"thumbnailUrl\":\"https:\\\/\\\/www.coeurssansfrontieres.com\\\/wp-content\\\/uploads\\\/2017\\\/10\\\/130606JT61A-smal.jpg\",\"datePublished\":\"2008-10-21T16:04:55+00:00\",\"dateModified\":\"2017-10-21T16:09:48+00:00\",\"author\":{\"@id\":\"https:\\\/\\\/www.coeurssansfrontieres.com\\\/fr\\\/#\\\/schema\\\/person\\\/19507754554eb5218427fc31038cac56\"},\"breadcrumb\":{\"@id\":\"https:\\\/\\\/www.coeurssansfrontieres.com\\\/de\\\/dokumente-de\\\/bucherde\\\/kind-unbekannter-herkunft\\\/#breadcrumb\"},\"inLanguage\":\"de\",\"potentialAction\":[{\"@type\":\"ReadAction\",\"target\":[\"https:\\\/\\\/www.coeurssansfrontieres.com\\\/de\\\/dokumente-de\\\/bucherde\\\/kind-unbekannter-herkunft\\\/\"]}]},{\"@type\":\"ImageObject\",\"inLanguage\":\"de\",\"@id\":\"https:\\\/\\\/www.coeurssansfrontieres.com\\\/de\\\/dokumente-de\\\/bucherde\\\/kind-unbekannter-herkunft\\\/#primaryimage\",\"url\":\"https:\\\/\\\/www.coeurssansfrontieres.com\\\/wp-content\\\/uploads\\\/2017\\\/10\\\/130606JT61A-smal.jpg\",\"contentUrl\":\"https:\\\/\\\/www.coeurssansfrontieres.com\\\/wp-content\\\/uploads\\\/2017\\\/10\\\/130606JT61A-smal.jpg\",\"width\":200,\"height\":200},{\"@type\":\"BreadcrumbList\",\"@id\":\"https:\\\/\\\/www.coeurssansfrontieres.com\\\/de\\\/dokumente-de\\\/bucherde\\\/kind-unbekannter-herkunft\\\/#breadcrumb\",\"itemListElement\":[{\"@type\":\"ListItem\",\"position\":1,\"name\":\"Accueil\",\"item\":\"https:\\\/\\\/www.coeurssansfrontieres.com\\\/de\\\/\"},{\"@type\":\"ListItem\",\"position\":2,\"name\":\"Kind unbekannter Herkunft\"}]},{\"@type\":\"WebSite\",\"@id\":\"https:\\\/\\\/www.coeurssansfrontieres.com\\\/fr\\\/#website\",\"url\":\"https:\\\/\\\/www.coeurssansfrontieres.com\\\/fr\\\/\",\"name\":\"C\u0153urs sans fronti\u00e8res\",\"description\":\"Association franco-allemande des Enfants de la Seconde Guerre Mondiale\",\"potentialAction\":[{\"@type\":\"SearchAction\",\"target\":{\"@type\":\"EntryPoint\",\"urlTemplate\":\"https:\\\/\\\/www.coeurssansfrontieres.com\\\/fr\\\/?s={search_term_string}\"},\"query-input\":{\"@type\":\"PropertyValueSpecification\",\"valueRequired\":true,\"valueName\":\"search_term_string\"}}],\"inLanguage\":\"de\"},{\"@type\":\"Person\",\"@id\":\"https:\\\/\\\/www.coeurssansfrontieres.com\\\/fr\\\/#\\\/schema\\\/person\\\/19507754554eb5218427fc31038cac56\",\"name\":\"GOFFIN Alexandre\"}]}<\/script>\n<!-- \/ Yoast SEO plugin. -->","yoast_head_json":{"title":"Kind unbekannter Herkunft - CSF - HOG","robots":{"index":"index","follow":"follow","max-snippet":"max-snippet:-1","max-image-preview":"max-image-preview:large","max-video-preview":"max-video-preview:-1"},"canonical":"https:\/\/www.coeurssansfrontieres.com\/de\/dokumente-de\/bucherde\/kind-unbekannter-herkunft\/","og_locale":"de_DE","og_type":"article","og_title":"Kind unbekannter Herkunft - CSF - HOG","og_description":"Kind unbekannter Herkunft LAMEY Annegret Aufgewachsen als Hannes Dollinger im bayerischen Hohenpei\u00dfenberg, erf\u00e4hrt das ehemalige \u201eLebensbornkind\u201c im Alter von fast f\u00fcnfzig Jahren, dass er in Norwegen als Otto Wighus geboren wurde. Dass ihm auch noch die deutsche Staatsb\u00fcrgerschaft aberkannt wurde, h\u00e4tte er sich nicht tr\u00e4umen lassen, als er 1992 mit den Nachforschungen in eigener Sache [&hellip;]","og_url":"https:\/\/www.coeurssansfrontieres.com\/de\/dokumente-de\/bucherde\/kind-unbekannter-herkunft\/","og_site_name":"CSF - HOG","article_published_time":"2008-10-21T16:04:55+00:00","article_modified_time":"2017-10-21T16:09:48+00:00","og_image":[{"width":200,"height":200,"url":"https:\/\/www.coeurssansfrontieres.com\/wp-content\/uploads\/2017\/10\/130606JT61A-smal.jpg","type":"image\/jpeg"}],"author":"GOFFIN Alexandre","twitter_card":"summary_large_image","twitter_misc":{"Verfasst von":"GOFFIN Alexandre","Gesch\u00e4tzte Lesezeit":"2\u00a0Minuten"},"schema":{"@context":"https:\/\/schema.org","@graph":[{"@type":"Article","@id":"https:\/\/www.coeurssansfrontieres.com\/de\/dokumente-de\/bucherde\/kind-unbekannter-herkunft\/#article","isPartOf":{"@id":"https:\/\/www.coeurssansfrontieres.com\/de\/dokumente-de\/bucherde\/kind-unbekannter-herkunft\/"},"author":{"name":"GOFFIN Alexandre","@id":"https:\/\/www.coeurssansfrontieres.com\/fr\/#\/schema\/person\/19507754554eb5218427fc31038cac56"},"headline":"Kind unbekannter Herkunft","datePublished":"2008-10-21T16:04:55+00:00","dateModified":"2017-10-21T16:09:48+00:00","mainEntityOfPage":{"@id":"https:\/\/www.coeurssansfrontieres.com\/de\/dokumente-de\/bucherde\/kind-unbekannter-herkunft\/"},"wordCount":477,"image":{"@id":"https:\/\/www.coeurssansfrontieres.com\/de\/dokumente-de\/bucherde\/kind-unbekannter-herkunft\/#primaryimage"},"thumbnailUrl":"https:\/\/www.coeurssansfrontieres.com\/wp-content\/uploads\/2017\/10\/130606JT61A-smal.jpg","articleSection":["B\u00fccherDE","Dokumente"],"inLanguage":"de"},{"@type":"WebPage","@id":"https:\/\/www.coeurssansfrontieres.com\/de\/dokumente-de\/bucherde\/kind-unbekannter-herkunft\/","url":"https:\/\/www.coeurssansfrontieres.com\/de\/dokumente-de\/bucherde\/kind-unbekannter-herkunft\/","name":"Kind unbekannter Herkunft - CSF - HOG","isPartOf":{"@id":"https:\/\/www.coeurssansfrontieres.com\/fr\/#website"},"primaryImageOfPage":{"@id":"https:\/\/www.coeurssansfrontieres.com\/de\/dokumente-de\/bucherde\/kind-unbekannter-herkunft\/#primaryimage"},"image":{"@id":"https:\/\/www.coeurssansfrontieres.com\/de\/dokumente-de\/bucherde\/kind-unbekannter-herkunft\/#primaryimage"},"thumbnailUrl":"https:\/\/www.coeurssansfrontieres.com\/wp-content\/uploads\/2017\/10\/130606JT61A-smal.jpg","datePublished":"2008-10-21T16:04:55+00:00","dateModified":"2017-10-21T16:09:48+00:00","author":{"@id":"https:\/\/www.coeurssansfrontieres.com\/fr\/#\/schema\/person\/19507754554eb5218427fc31038cac56"},"breadcrumb":{"@id":"https:\/\/www.coeurssansfrontieres.com\/de\/dokumente-de\/bucherde\/kind-unbekannter-herkunft\/#breadcrumb"},"inLanguage":"de","potentialAction":[{"@type":"ReadAction","target":["https:\/\/www.coeurssansfrontieres.com\/de\/dokumente-de\/bucherde\/kind-unbekannter-herkunft\/"]}]},{"@type":"ImageObject","inLanguage":"de","@id":"https:\/\/www.coeurssansfrontieres.com\/de\/dokumente-de\/bucherde\/kind-unbekannter-herkunft\/#primaryimage","url":"https:\/\/www.coeurssansfrontieres.com\/wp-content\/uploads\/2017\/10\/130606JT61A-smal.jpg","contentUrl":"https:\/\/www.coeurssansfrontieres.com\/wp-content\/uploads\/2017\/10\/130606JT61A-smal.jpg","width":200,"height":200},{"@type":"BreadcrumbList","@id":"https:\/\/www.coeurssansfrontieres.com\/de\/dokumente-de\/bucherde\/kind-unbekannter-herkunft\/#breadcrumb","itemListElement":[{"@type":"ListItem","position":1,"name":"Accueil","item":"https:\/\/www.coeurssansfrontieres.com\/de\/"},{"@type":"ListItem","position":2,"name":"Kind unbekannter Herkunft"}]},{"@type":"WebSite","@id":"https:\/\/www.coeurssansfrontieres.com\/fr\/#website","url":"https:\/\/www.coeurssansfrontieres.com\/fr\/","name":"C\u0153urs sans fronti\u00e8res","description":"Association franco-allemande des Enfants de la Seconde Guerre Mondiale","potentialAction":[{"@type":"SearchAction","target":{"@type":"EntryPoint","urlTemplate":"https:\/\/www.coeurssansfrontieres.com\/fr\/?s={search_term_string}"},"query-input":{"@type":"PropertyValueSpecification","valueRequired":true,"valueName":"search_term_string"}}],"inLanguage":"de"},{"@type":"Person","@id":"https:\/\/www.coeurssansfrontieres.com\/fr\/#\/schema\/person\/19507754554eb5218427fc31038cac56","name":"GOFFIN Alexandre"}]}},"_links":{"self":[{"href":"https:\/\/www.coeurssansfrontieres.com\/de\/wp-json\/wp\/v2\/posts\/7126","targetHints":{"allow":["GET"]}}],"collection":[{"href":"https:\/\/www.coeurssansfrontieres.com\/de\/wp-json\/wp\/v2\/posts"}],"about":[{"href":"https:\/\/www.coeurssansfrontieres.com\/de\/wp-json\/wp\/v2\/types\/post"}],"author":[{"embeddable":true,"href":"https:\/\/www.coeurssansfrontieres.com\/de\/wp-json\/wp\/v2\/users\/249"}],"replies":[{"embeddable":true,"href":"https:\/\/www.coeurssansfrontieres.com\/de\/wp-json\/wp\/v2\/comments?post=7126"}],"version-history":[{"count":0,"href":"https:\/\/www.coeurssansfrontieres.com\/de\/wp-json\/wp\/v2\/posts\/7126\/revisions"}],"wp:featuredmedia":[{"embeddable":true,"href":"https:\/\/www.coeurssansfrontieres.com\/de\/wp-json\/wp\/v2\/media\/7124"}],"wp:attachment":[{"href":"https:\/\/www.coeurssansfrontieres.com\/de\/wp-json\/wp\/v2\/media?parent=7126"}],"wp:term":[{"taxonomy":"category","embeddable":true,"href":"https:\/\/www.coeurssansfrontieres.com\/de\/wp-json\/wp\/v2\/categories?post=7126"},{"taxonomy":"post_tag","embeddable":true,"href":"https:\/\/www.coeurssansfrontieres.com\/de\/wp-json\/wp\/v2\/tags?post=7126"}],"curies":[{"name":"wp","href":"https:\/\/api.w.org\/{rel}","templated":true}]}}