{"id":7138,"date":"2003-10-21T18:18:23","date_gmt":"2003-10-21T16:18:23","guid":{"rendered":"http:\/\/www.coeurssansfrontieres.com\/kategorientechniken\/unkategorisiert\/westfront-1914\/"},"modified":"2017-10-21T18:25:46","modified_gmt":"2017-10-21T16:25:46","slug":"westfront-1914","status":"publish","type":"post","link":"https:\/\/www.coeurssansfrontieres.com\/de\/dokumente-de\/bucherde\/westfront-1914\/","title":{"rendered":"Westfront 1914"},"content":{"rendered":"<p>[et_pb_section admin_label=&#8220;section&#8220; transparent_background=&#8220;off&#8220; background_color=&#8220;#ffffff&#8220; allow_player_pause=&#8220;off&#8220; inner_shadow=&#8220;off&#8220; parallax=&#8220;off&#8220; parallax_method=&#8220;off&#8220; custom_padding=&#8220;5px|||&#8220; padding_mobile=&#8220;off&#8220; make_fullwidth=&#8220;off&#8220; use_custom_width=&#8220;off&#8220; width_unit=&#8220;on&#8220; make_equal=&#8220;off&#8220; use_custom_gutter=&#8220;off&#8220;][et_pb_row admin_label=&#8220;row&#8220; make_fullwidth=&#8220;on&#8220; use_custom_width=&#8220;off&#8220; width_unit=&#8220;on&#8220; use_custom_gutter=&#8220;off&#8220; padding_mobile=&#8220;off&#8220; allow_player_pause=&#8220;off&#8220; parallax=&#8220;off&#8220; parallax_method=&#8220;off&#8220; make_equal=&#8220;off&#8220; parallax_1=&#8220;off&#8220; parallax_method_1=&#8220;off&#8220; parallax_2=&#8220;off&#8220; parallax_method_2=&#8220;off&#8220; parallax_3=&#8220;off&#8220; parallax_method_3=&#8220;off&#8220; column_padding_mobile=&#8220;on&#8220; padding_top_1=&#8220;50px&#8220; padding_top_3=&#8220;50px&#8220; custom_padding=&#8220;0px|||&#8220;][et_pb_column type=&#8220;1_4&#8243;][et_pb_image admin_label=&#8220;Image couverture&#8220; src=&#8220;https:\/\/www.coeurssansfrontieres.com\/wp-content\/uploads\/2017\/10\/Frieden.jpg&#8220; show_in_lightbox=&#8220;on&#8220; url_new_window=&#8220;off&#8220; use_overlay=&#8220;on&#8220; overlay_icon_color=&#8220;#a55ba6&#8243; hover_icon=&#8220;%%51%%&#8220; animation=&#8220;off&#8220; sticky=&#8220;off&#8220; align=&#8220;left&#8220; force_fullwidth=&#8220;off&#8220; always_center_on_mobile=&#8220;on&#8220; use_border_color=&#8220;off&#8220; border_color=&#8220;#ffffff&#8220; border_style=&#8220;solid&#8220; custom_css_main_element=&#8220;box-shadow: 6px 6px 6px #a55ba6;&#8220;] [\/et_pb_image][\/et_pb_column][et_pb_column type=&#8220;1_2&#8243;][et_pb_text admin_label=&#8220;Texte Titre&#8220; background_layout=&#8220;light&#8220; text_orientation=&#8220;left&#8220; use_border_color=&#8220;off&#8220; border_color=&#8220;#ffffff&#8220; border_style=&#8220;solid&#8220;]<\/p>\n<h2 style=\"text-align: center;\"><strong><em>der kleine Frieden im gro\u00dfen Krieg,<br \/>\nWestfront 1914 :<br \/>\nals deutesche, Franzosen und Briten<br \/>\ngemeinsen Wehrnachten feierten<\/em><\/strong><\/h2>\n<p>[\/et_pb_text][et_pb_text admin_label=&#8220;Texte pr\u00e9sentation&#8220; background_layout=&#8220;light&#8220; text_orientation=&#8220;left&#8220; use_border_color=&#8220;off&#8220; border_color=&#8220;#ffffff&#8220; border_style=&#8220;solid&#8220;]<\/p>\n<p><strong>J\u00dcRGS Michael<\/strong><\/p>\n<p>Es hat niemals einen guten Krieg und niemals einen schlechten frieden gegeben.<\/p>\n<p>Friede auf Erden ist die Hoffnung der Menschheit. \u00dcber Grenzen, Glauben, Kriege hinaus. Eine unendliche Geschichte des Scheiterns.<\/p>\n<p>Aber es gibt eine geradezu unglaubliche Geschichte von einem gegl\u00fcckten kleinen Frieden mitten im Gro\u00dfen Krieg. Soldaten der verfeindeten Nationen legten an Weihnachten 1914 die Waffen nieder und feierten gemeinsam im Niemandsland.<\/p>\n<p>Erz\u00e4hlt wird hier von jenen helden, die spontan den frieden wagten. Die nur \u00fcberleben wollten und nach Hause zur\u00fcckkehren. Weil sie bald auf Befehl von oben wieder schie\u00dfen und sich gegenseitig t\u00f6ten mussten, weil der krieg noch Jahre dauerte und Millionen ihr Leben verloren, wurde die Geschichte derer, die Frieden schlossen, wieder vergessen.<\/p>\n<p>Deshalb wird sie in diesem Buch aus der Vergangenheit zur\u00fcckgeholt. Die Ereignisse vom Weihnachtsfrieden an der Westfront 1914, die Biografien von menschen, die das unm\u00f6gliche m\u00f6glich machten, sind eine unglaubliche und eine wahre Geschichte.<\/p>\n<p>[\/et_pb_text][et_pb_text admin_label=&#8220;Texte auteurs et references&#8220; background_layout=&#8220;light&#8220; text_orientation=&#8220;left&#8220; use_border_color=&#8220;on&#8220; border_color=&#8220;#a55ba6&#8243; border_style=&#8220;solid&#8220; custom_padding=&#8220;30px|30px|30px|30px&#8220; border_width=&#8220;2px&#8220;]<\/p>\n<p><strong>J\u00dcRGS Michael<br \/>\n<a href=\"https:\/\/www.amazon.de\/kleine-Frieden-Gro\u00dfen-Krieg-Weihnachten\/dp\/3570007456\">C. Bertelsmann Verlag.<\/a><br \/>\n2003<\/strong><\/p>\n<p>[\/et_pb_text][\/et_pb_column][et_pb_column type=&#8220;1_4&#8243;][et_pb_image admin_label=&#8220;Image&#8220; src=&#8220;https:\/\/www.coeurssansfrontieres.com\/wp-content\/uploads\/2017\/08\/Biblio.png&#8220; show_in_lightbox=&#8220;off&#8220; url_new_window=&#8220;off&#8220; use_overlay=&#8220;off&#8220; animation=&#8220;off&#8220; sticky=&#8220;on&#8220; align=&#8220;center&#8220; force_fullwidth=&#8220;off&#8220; always_center_on_mobile=&#8220;on&#8220; use_border_color=&#8220;off&#8220; border_color=&#8220;#ffffff&#8220; border_style=&#8220;solid&#8220;] [\/et_pb_image][et_pb_sidebar admin_label=&#8220;Barre lat\u00e9rale livres &#8220; orientation=&#8220;left&#8220; area=&#8220;et_pb_widget_area_33&#8243; background_layout=&#8220;light&#8220; remove_border=&#8220;off&#8220;] [\/et_pb_sidebar][\/et_pb_column][\/et_pb_row][\/et_pb_section]<\/p>\n","protected":false},"excerpt":{"rendered":"<p>der kleine Frieden im gro\u00dfen Krieg, Westfront 1914 : als deutesche, Franzosen und Briten gemeinsen Wehrnachten feierten J\u00dcRGS Michael Es hat niemals einen guten Krieg und niemals einen schlechten frieden gegeben. Friede auf Erden ist die Hoffnung der Menschheit. \u00dcber Grenzen, Glauben, Kriege hinaus. Eine unendliche Geschichte des Scheiterns. Aber es gibt eine geradezu unglaubliche [&hellip;]<\/p>\n","protected":false},"author":249,"featured_media":7136,"comment_status":"closed","ping_status":"closed","sticky":false,"template":"","format":"standard","meta":{"_et_pb_use_builder":"on","_et_pb_old_content":"","_et_gb_content_width":"","footnotes":""},"categories":[232,199],"tags":[],"class_list":["post-7138","post","type-post","status-publish","format-standard","has-post-thumbnail","hentry","category-bucherde","category-dokumente-de"],"yoast_head":"<!-- This site is optimized with the Yoast SEO plugin v27.5 - https:\/\/yoast.com\/product\/yoast-seo-wordpress\/ -->\n<title>Westfront 1914 - CSF - HOG<\/title>\n<meta name=\"robots\" content=\"index, follow, max-snippet:-1, max-image-preview:large, max-video-preview:-1\" \/>\n<link rel=\"canonical\" href=\"https:\/\/www.coeurssansfrontieres.com\/de\/dokumente-de\/bucherde\/westfront-1914\/\" \/>\n<meta property=\"og:locale\" content=\"de_DE\" \/>\n<meta property=\"og:type\" content=\"article\" \/>\n<meta property=\"og:title\" content=\"Westfront 1914 - CSF - HOG\" \/>\n<meta property=\"og:description\" content=\"der kleine Frieden im gro\u00dfen Krieg, Westfront 1914 : als deutesche, Franzosen und Briten gemeinsen Wehrnachten feierten J\u00dcRGS Michael Es hat niemals einen guten Krieg und niemals einen schlechten frieden gegeben. Friede auf Erden ist die Hoffnung der Menschheit. \u00dcber Grenzen, Glauben, Kriege hinaus. Eine unendliche Geschichte des Scheiterns. Aber es gibt eine geradezu unglaubliche [&hellip;]\" \/>\n<meta property=\"og:url\" content=\"https:\/\/www.coeurssansfrontieres.com\/de\/dokumente-de\/bucherde\/westfront-1914\/\" \/>\n<meta property=\"og:site_name\" content=\"CSF - HOG\" \/>\n<meta property=\"article:published_time\" content=\"2003-10-21T16:18:23+00:00\" \/>\n<meta property=\"article:modified_time\" content=\"2017-10-21T16:25:46+00:00\" \/>\n<meta property=\"og:image\" content=\"https:\/\/www.coeurssansfrontieres.com\/wp-content\/uploads\/2017\/10\/Frieden-small.jpg\" \/>\n\t<meta property=\"og:image:width\" content=\"200\" \/>\n\t<meta property=\"og:image:height\" content=\"200\" \/>\n\t<meta property=\"og:image:type\" content=\"image\/jpeg\" \/>\n<meta name=\"author\" content=\"GOFFIN Alexandre\" \/>\n<meta name=\"twitter:card\" content=\"summary_large_image\" \/>\n<meta name=\"twitter:label1\" content=\"Verfasst von\" \/>\n\t<meta name=\"twitter:data1\" content=\"GOFFIN Alexandre\" \/>\n\t<meta name=\"twitter:label2\" content=\"Gesch\u00e4tzte Lesezeit\" \/>\n\t<meta name=\"twitter:data2\" content=\"3\u00a0Minuten\" \/>\n<script type=\"application\/ld+json\" class=\"yoast-schema-graph\">{\"@context\":\"https:\\\/\\\/schema.org\",\"@graph\":[{\"@type\":\"Article\",\"@id\":\"https:\\\/\\\/www.coeurssansfrontieres.com\\\/de\\\/dokumente-de\\\/bucherde\\\/westfront-1914\\\/#article\",\"isPartOf\":{\"@id\":\"https:\\\/\\\/www.coeurssansfrontieres.com\\\/de\\\/dokumente-de\\\/bucherde\\\/westfront-1914\\\/\"},\"author\":{\"name\":\"GOFFIN Alexandre\",\"@id\":\"https:\\\/\\\/www.coeurssansfrontieres.com\\\/fr\\\/#\\\/schema\\\/person\\\/19507754554eb5218427fc31038cac56\"},\"headline\":\"Westfront 1914\",\"datePublished\":\"2003-10-21T16:18:23+00:00\",\"dateModified\":\"2017-10-21T16:25:46+00:00\",\"mainEntityOfPage\":{\"@id\":\"https:\\\/\\\/www.coeurssansfrontieres.com\\\/de\\\/dokumente-de\\\/bucherde\\\/westfront-1914\\\/\"},\"wordCount\":559,\"image\":{\"@id\":\"https:\\\/\\\/www.coeurssansfrontieres.com\\\/de\\\/dokumente-de\\\/bucherde\\\/westfront-1914\\\/#primaryimage\"},\"thumbnailUrl\":\"https:\\\/\\\/www.coeurssansfrontieres.com\\\/wp-content\\\/uploads\\\/2017\\\/10\\\/Frieden-small.jpg\",\"articleSection\":[\"B\u00fccherDE\",\"Dokumente\"],\"inLanguage\":\"de\"},{\"@type\":\"WebPage\",\"@id\":\"https:\\\/\\\/www.coeurssansfrontieres.com\\\/de\\\/dokumente-de\\\/bucherde\\\/westfront-1914\\\/\",\"url\":\"https:\\\/\\\/www.coeurssansfrontieres.com\\\/de\\\/dokumente-de\\\/bucherde\\\/westfront-1914\\\/\",\"name\":\"Westfront 1914 - CSF - HOG\",\"isPartOf\":{\"@id\":\"https:\\\/\\\/www.coeurssansfrontieres.com\\\/fr\\\/#website\"},\"primaryImageOfPage\":{\"@id\":\"https:\\\/\\\/www.coeurssansfrontieres.com\\\/de\\\/dokumente-de\\\/bucherde\\\/westfront-1914\\\/#primaryimage\"},\"image\":{\"@id\":\"https:\\\/\\\/www.coeurssansfrontieres.com\\\/de\\\/dokumente-de\\\/bucherde\\\/westfront-1914\\\/#primaryimage\"},\"thumbnailUrl\":\"https:\\\/\\\/www.coeurssansfrontieres.com\\\/wp-content\\\/uploads\\\/2017\\\/10\\\/Frieden-small.jpg\",\"datePublished\":\"2003-10-21T16:18:23+00:00\",\"dateModified\":\"2017-10-21T16:25:46+00:00\",\"author\":{\"@id\":\"https:\\\/\\\/www.coeurssansfrontieres.com\\\/fr\\\/#\\\/schema\\\/person\\\/19507754554eb5218427fc31038cac56\"},\"breadcrumb\":{\"@id\":\"https:\\\/\\\/www.coeurssansfrontieres.com\\\/de\\\/dokumente-de\\\/bucherde\\\/westfront-1914\\\/#breadcrumb\"},\"inLanguage\":\"de\",\"potentialAction\":[{\"@type\":\"ReadAction\",\"target\":[\"https:\\\/\\\/www.coeurssansfrontieres.com\\\/de\\\/dokumente-de\\\/bucherde\\\/westfront-1914\\\/\"]}]},{\"@type\":\"ImageObject\",\"inLanguage\":\"de\",\"@id\":\"https:\\\/\\\/www.coeurssansfrontieres.com\\\/de\\\/dokumente-de\\\/bucherde\\\/westfront-1914\\\/#primaryimage\",\"url\":\"https:\\\/\\\/www.coeurssansfrontieres.com\\\/wp-content\\\/uploads\\\/2017\\\/10\\\/Frieden-small.jpg\",\"contentUrl\":\"https:\\\/\\\/www.coeurssansfrontieres.com\\\/wp-content\\\/uploads\\\/2017\\\/10\\\/Frieden-small.jpg\",\"width\":200,\"height\":200},{\"@type\":\"BreadcrumbList\",\"@id\":\"https:\\\/\\\/www.coeurssansfrontieres.com\\\/de\\\/dokumente-de\\\/bucherde\\\/westfront-1914\\\/#breadcrumb\",\"itemListElement\":[{\"@type\":\"ListItem\",\"position\":1,\"name\":\"Accueil\",\"item\":\"https:\\\/\\\/www.coeurssansfrontieres.com\\\/de\\\/\"},{\"@type\":\"ListItem\",\"position\":2,\"name\":\"Westfront 1914\"}]},{\"@type\":\"WebSite\",\"@id\":\"https:\\\/\\\/www.coeurssansfrontieres.com\\\/fr\\\/#website\",\"url\":\"https:\\\/\\\/www.coeurssansfrontieres.com\\\/fr\\\/\",\"name\":\"C\u0153urs sans fronti\u00e8res\",\"description\":\"Association franco-allemande des Enfants de la Seconde Guerre Mondiale\",\"potentialAction\":[{\"@type\":\"SearchAction\",\"target\":{\"@type\":\"EntryPoint\",\"urlTemplate\":\"https:\\\/\\\/www.coeurssansfrontieres.com\\\/fr\\\/?s={search_term_string}\"},\"query-input\":{\"@type\":\"PropertyValueSpecification\",\"valueRequired\":true,\"valueName\":\"search_term_string\"}}],\"inLanguage\":\"de\"},{\"@type\":\"Person\",\"@id\":\"https:\\\/\\\/www.coeurssansfrontieres.com\\\/fr\\\/#\\\/schema\\\/person\\\/19507754554eb5218427fc31038cac56\",\"name\":\"GOFFIN Alexandre\"}]}<\/script>\n<!-- \/ Yoast SEO plugin. -->","yoast_head_json":{"title":"Westfront 1914 - CSF - HOG","robots":{"index":"index","follow":"follow","max-snippet":"max-snippet:-1","max-image-preview":"max-image-preview:large","max-video-preview":"max-video-preview:-1"},"canonical":"https:\/\/www.coeurssansfrontieres.com\/de\/dokumente-de\/bucherde\/westfront-1914\/","og_locale":"de_DE","og_type":"article","og_title":"Westfront 1914 - CSF - HOG","og_description":"der kleine Frieden im gro\u00dfen Krieg, Westfront 1914 : als deutesche, Franzosen und Briten gemeinsen Wehrnachten feierten J\u00dcRGS Michael Es hat niemals einen guten Krieg und niemals einen schlechten frieden gegeben. Friede auf Erden ist die Hoffnung der Menschheit. \u00dcber Grenzen, Glauben, Kriege hinaus. Eine unendliche Geschichte des Scheiterns. Aber es gibt eine geradezu unglaubliche [&hellip;]","og_url":"https:\/\/www.coeurssansfrontieres.com\/de\/dokumente-de\/bucherde\/westfront-1914\/","og_site_name":"CSF - HOG","article_published_time":"2003-10-21T16:18:23+00:00","article_modified_time":"2017-10-21T16:25:46+00:00","og_image":[{"width":200,"height":200,"url":"https:\/\/www.coeurssansfrontieres.com\/wp-content\/uploads\/2017\/10\/Frieden-small.jpg","type":"image\/jpeg"}],"author":"GOFFIN Alexandre","twitter_card":"summary_large_image","twitter_misc":{"Verfasst von":"GOFFIN Alexandre","Gesch\u00e4tzte Lesezeit":"3\u00a0Minuten"},"schema":{"@context":"https:\/\/schema.org","@graph":[{"@type":"Article","@id":"https:\/\/www.coeurssansfrontieres.com\/de\/dokumente-de\/bucherde\/westfront-1914\/#article","isPartOf":{"@id":"https:\/\/www.coeurssansfrontieres.com\/de\/dokumente-de\/bucherde\/westfront-1914\/"},"author":{"name":"GOFFIN Alexandre","@id":"https:\/\/www.coeurssansfrontieres.com\/fr\/#\/schema\/person\/19507754554eb5218427fc31038cac56"},"headline":"Westfront 1914","datePublished":"2003-10-21T16:18:23+00:00","dateModified":"2017-10-21T16:25:46+00:00","mainEntityOfPage":{"@id":"https:\/\/www.coeurssansfrontieres.com\/de\/dokumente-de\/bucherde\/westfront-1914\/"},"wordCount":559,"image":{"@id":"https:\/\/www.coeurssansfrontieres.com\/de\/dokumente-de\/bucherde\/westfront-1914\/#primaryimage"},"thumbnailUrl":"https:\/\/www.coeurssansfrontieres.com\/wp-content\/uploads\/2017\/10\/Frieden-small.jpg","articleSection":["B\u00fccherDE","Dokumente"],"inLanguage":"de"},{"@type":"WebPage","@id":"https:\/\/www.coeurssansfrontieres.com\/de\/dokumente-de\/bucherde\/westfront-1914\/","url":"https:\/\/www.coeurssansfrontieres.com\/de\/dokumente-de\/bucherde\/westfront-1914\/","name":"Westfront 1914 - CSF - HOG","isPartOf":{"@id":"https:\/\/www.coeurssansfrontieres.com\/fr\/#website"},"primaryImageOfPage":{"@id":"https:\/\/www.coeurssansfrontieres.com\/de\/dokumente-de\/bucherde\/westfront-1914\/#primaryimage"},"image":{"@id":"https:\/\/www.coeurssansfrontieres.com\/de\/dokumente-de\/bucherde\/westfront-1914\/#primaryimage"},"thumbnailUrl":"https:\/\/www.coeurssansfrontieres.com\/wp-content\/uploads\/2017\/10\/Frieden-small.jpg","datePublished":"2003-10-21T16:18:23+00:00","dateModified":"2017-10-21T16:25:46+00:00","author":{"@id":"https:\/\/www.coeurssansfrontieres.com\/fr\/#\/schema\/person\/19507754554eb5218427fc31038cac56"},"breadcrumb":{"@id":"https:\/\/www.coeurssansfrontieres.com\/de\/dokumente-de\/bucherde\/westfront-1914\/#breadcrumb"},"inLanguage":"de","potentialAction":[{"@type":"ReadAction","target":["https:\/\/www.coeurssansfrontieres.com\/de\/dokumente-de\/bucherde\/westfront-1914\/"]}]},{"@type":"ImageObject","inLanguage":"de","@id":"https:\/\/www.coeurssansfrontieres.com\/de\/dokumente-de\/bucherde\/westfront-1914\/#primaryimage","url":"https:\/\/www.coeurssansfrontieres.com\/wp-content\/uploads\/2017\/10\/Frieden-small.jpg","contentUrl":"https:\/\/www.coeurssansfrontieres.com\/wp-content\/uploads\/2017\/10\/Frieden-small.jpg","width":200,"height":200},{"@type":"BreadcrumbList","@id":"https:\/\/www.coeurssansfrontieres.com\/de\/dokumente-de\/bucherde\/westfront-1914\/#breadcrumb","itemListElement":[{"@type":"ListItem","position":1,"name":"Accueil","item":"https:\/\/www.coeurssansfrontieres.com\/de\/"},{"@type":"ListItem","position":2,"name":"Westfront 1914"}]},{"@type":"WebSite","@id":"https:\/\/www.coeurssansfrontieres.com\/fr\/#website","url":"https:\/\/www.coeurssansfrontieres.com\/fr\/","name":"C\u0153urs sans fronti\u00e8res","description":"Association franco-allemande des Enfants de la Seconde Guerre Mondiale","potentialAction":[{"@type":"SearchAction","target":{"@type":"EntryPoint","urlTemplate":"https:\/\/www.coeurssansfrontieres.com\/fr\/?s={search_term_string}"},"query-input":{"@type":"PropertyValueSpecification","valueRequired":true,"valueName":"search_term_string"}}],"inLanguage":"de"},{"@type":"Person","@id":"https:\/\/www.coeurssansfrontieres.com\/fr\/#\/schema\/person\/19507754554eb5218427fc31038cac56","name":"GOFFIN Alexandre"}]}},"_links":{"self":[{"href":"https:\/\/www.coeurssansfrontieres.com\/de\/wp-json\/wp\/v2\/posts\/7138","targetHints":{"allow":["GET"]}}],"collection":[{"href":"https:\/\/www.coeurssansfrontieres.com\/de\/wp-json\/wp\/v2\/posts"}],"about":[{"href":"https:\/\/www.coeurssansfrontieres.com\/de\/wp-json\/wp\/v2\/types\/post"}],"author":[{"embeddable":true,"href":"https:\/\/www.coeurssansfrontieres.com\/de\/wp-json\/wp\/v2\/users\/249"}],"replies":[{"embeddable":true,"href":"https:\/\/www.coeurssansfrontieres.com\/de\/wp-json\/wp\/v2\/comments?post=7138"}],"version-history":[{"count":0,"href":"https:\/\/www.coeurssansfrontieres.com\/de\/wp-json\/wp\/v2\/posts\/7138\/revisions"}],"wp:featuredmedia":[{"embeddable":true,"href":"https:\/\/www.coeurssansfrontieres.com\/de\/wp-json\/wp\/v2\/media\/7136"}],"wp:attachment":[{"href":"https:\/\/www.coeurssansfrontieres.com\/de\/wp-json\/wp\/v2\/media?parent=7138"}],"wp:term":[{"taxonomy":"category","embeddable":true,"href":"https:\/\/www.coeurssansfrontieres.com\/de\/wp-json\/wp\/v2\/categories?post=7138"},{"taxonomy":"post_tag","embeddable":true,"href":"https:\/\/www.coeurssansfrontieres.com\/de\/wp-json\/wp\/v2\/tags?post=7138"}],"curies":[{"name":"wp","href":"https:\/\/api.w.org\/{rel}","templated":true}]}}