{"id":7217,"date":"2007-10-24T16:37:18","date_gmt":"2007-10-24T14:37:18","guid":{"rendered":"http:\/\/www.coeurssansfrontieres.com\/kategorientechniken\/unkategorisiert\/kinder-feindes-und-der-liebe\/"},"modified":"2017-10-24T16:55:58","modified_gmt":"2017-10-24T14:55:58","slug":"kinder-feindes-und-der-liebe","status":"publish","type":"post","link":"https:\/\/www.coeurssansfrontieres.com\/de\/dokumente-de\/bucherde\/kinder-feindes-und-der-liebe\/","title":{"rendered":"Kinder des Feindes und der liebe"},"content":{"rendered":"<p>[et_pb_section admin_label=&#8220;section&#8220; transparent_background=&#8220;off&#8220; background_color=&#8220;#ffffff&#8220; allow_player_pause=&#8220;off&#8220; inner_shadow=&#8220;off&#8220; parallax=&#8220;off&#8220; parallax_method=&#8220;off&#8220; custom_padding=&#8220;5px|||&#8220; padding_mobile=&#8220;off&#8220; make_fullwidth=&#8220;off&#8220; use_custom_width=&#8220;off&#8220; width_unit=&#8220;on&#8220; make_equal=&#8220;off&#8220; use_custom_gutter=&#8220;off&#8220;][et_pb_row admin_label=&#8220;row&#8220; make_fullwidth=&#8220;on&#8220; use_custom_width=&#8220;off&#8220; width_unit=&#8220;on&#8220; use_custom_gutter=&#8220;off&#8220; padding_mobile=&#8220;off&#8220; allow_player_pause=&#8220;off&#8220; parallax=&#8220;off&#8220; parallax_method=&#8220;off&#8220; make_equal=&#8220;off&#8220; parallax_1=&#8220;off&#8220; parallax_method_1=&#8220;off&#8220; parallax_2=&#8220;off&#8220; parallax_method_2=&#8220;off&#8220; parallax_3=&#8220;off&#8220; parallax_method_3=&#8220;off&#8220; column_padding_mobile=&#8220;on&#8220; padding_top_1=&#8220;50px&#8220; padding_top_3=&#8220;50px&#8220; custom_padding=&#8220;0px|||&#8220;][et_pb_column type=&#8220;1_4&#8243;][et_pb_image admin_label=&#8220;Image couverture&#8220; show_in_lightbox=&#8220;on&#8220; url_new_window=&#8220;off&#8220; use_overlay=&#8220;on&#8220; overlay_icon_color=&#8220;#a55ba6&#8243; hover_icon=&#8220;%%51%%&#8220; animation=&#8220;off&#8220; sticky=&#8220;off&#8220; align=&#8220;left&#8220; force_fullwidth=&#8220;off&#8220; always_center_on_mobile=&#8220;on&#8220; use_border_color=&#8220;off&#8220; border_color=&#8220;#ffffff&#8220; border_style=&#8220;solid&#8220; custom_css_main_element=&#8220;box-shadow: 6px 6px 6px #a55ba6;&#8220; src=&#8220;https:\/\/www.coeurssansfrontieres.com\/wp-content\/uploads\/2017\/10\/4124JPx81AL._UY250_.jpg&#8220;] [\/et_pb_image][\/et_pb_column][et_pb_column type=&#8220;1_2&#8243;][et_pb_text admin_label=&#8220;Texte Titre&#8220; background_layout=&#8220;light&#8220; text_orientation=&#8220;left&#8220; use_border_color=&#8220;off&#8220; border_color=&#8220;#ffffff&#8220; border_style=&#8220;solid&#8220;]<\/p>\n<h2 style=\"text-align: center;\"><strong><em>Kinder des Feindes und der liebe<\/em><\/strong><\/h2>\n<p>[\/et_pb_text][et_pb_text admin_label=&#8220;Texte pr\u00e9sentation&#8220; background_layout=&#8220;light&#8220; text_orientation=&#8220;left&#8220; use_border_color=&#8220;off&#8220; border_color=&#8220;#ffffff&#8220; border_style=&#8220;solid&#8220;]<\/p>\n<p>Ebba D. Drolshagen<\/p>\n<p>Deutsche Soldaten als Herzensbrecher ? Die Besatzer als z\u00e4rtlich Verliebte ? \u2013 Nie h\u00e4tte Elna Johnsen das f\u00fcr m\u00f6glich gehalten. Nie h\u00e4tte sir gedacht, dass ihr eigenes Leben irgend etwas damit zu tun haben k\u00f6nnte. Bis zu dem Tag, als der Anruf kam. \u201cIch bin deine Mutter\u201d, sagte die Stimme am Telefon. Elna Johnsens leben fiel in sich zusammen, die ganzen dreiundvierzig Jahre. Elna kannte diese Frau nicht.<\/p>\n<p>Elna ist ein Wehrmachtskind. Ihr Vater war ein deutscher Soldat, ihre Mutter Norwegerin. Geboren wurde Elna in einem Lebensbornheim, sp\u00e4ter kam sie zu Adoptiveltern. Sie wuchs auf, ohne zu ahnen, wer ihre wahren Eltern sind.<\/p>\n<p>Bis zu zwei Millionen Wehrmachtskinder gibt es in Europa \u2013 es sind die verdr\u00e4ngten und vertuschten Geschwister der deutschen Nachkriegsgeneration.<\/p>\n<p><em>Ebba D. Drolshagen, geboren 1948 in B\u00fcdingen, wuchs in deutschland und Norwegen auf. Sie hat Linguistik studiert und lebt als Autorin und \u00fcbersetzerin in Frankfurt a.M. Seit vielen Jahren besch\u00e4ftigt sie sich mit Aspekten des \u201cprivaten Lebens der Wehmachtssoldaten w\u00e4hrend des Kriegs. 1998 ver\u00f6ffentlichte sie Nicht ungeschoren davonkommen, das erste und bis heute einzige Buch, das sich mit den Freundinnen der deutschen Soldaten in Nord \u2013 und Westeuropa befasst.<\/em><\/p>\n<p>[\/et_pb_text][et_pb_text admin_label=&#8220;Texte auteurs et references&#8220; background_layout=&#8220;light&#8220; text_orientation=&#8220;left&#8220; use_border_color=&#8220;on&#8220; border_color=&#8220;#a55ba6&#8243; border_style=&#8220;solid&#8220; custom_padding=&#8220;30px|30px|30px|30px&#8220; border_width=&#8220;2px&#8220;]<\/p>\n<p>Ebba D. Drolshagen<br \/>\n<a href=\"https:\/\/www.amazon.de\/Wehrmachtskinder-Suche-nach-gekannten-Vater\/dp\/3426273578\">Knaur Taschenbuch Verlag<\/a><br \/>\n12. Januar 2005<\/p>\n<p>&nbsp;<\/p>\n<p>[\/et_pb_text][\/et_pb_column][et_pb_column type=&#8220;1_4&#8243;][et_pb_image admin_label=&#8220;Image&#8220; src=&#8220;https:\/\/www.coeurssansfrontieres.com\/wp-content\/uploads\/2017\/08\/Biblio.png&#8220; show_in_lightbox=&#8220;off&#8220; url_new_window=&#8220;off&#8220; use_overlay=&#8220;off&#8220; animation=&#8220;off&#8220; sticky=&#8220;on&#8220; align=&#8220;center&#8220; force_fullwidth=&#8220;off&#8220; always_center_on_mobile=&#8220;on&#8220; use_border_color=&#8220;off&#8220; border_color=&#8220;#ffffff&#8220; border_style=&#8220;solid&#8220;] [\/et_pb_image][et_pb_sidebar admin_label=&#8220;Barre lat\u00e9rale livres &#8220; orientation=&#8220;left&#8220; area=&#8220;et_pb_widget_area_33&#8243; background_layout=&#8220;light&#8220; remove_border=&#8220;off&#8220;] [\/et_pb_sidebar][\/et_pb_column][\/et_pb_row][\/et_pb_section]<\/p>\n","protected":false},"excerpt":{"rendered":"<p>Kinder des Feindes und der liebe Ebba D. Drolshagen Deutsche Soldaten als Herzensbrecher ? Die Besatzer als z\u00e4rtlich Verliebte ? \u2013 Nie h\u00e4tte Elna Johnsen das f\u00fcr m\u00f6glich gehalten. Nie h\u00e4tte sir gedacht, dass ihr eigenes Leben irgend etwas damit zu tun haben k\u00f6nnte. Bis zu dem Tag, als der Anruf kam. \u201cIch bin deine [&hellip;]<\/p>\n","protected":false},"author":249,"featured_media":7215,"comment_status":"closed","ping_status":"closed","sticky":false,"template":"","format":"standard","meta":{"_et_pb_use_builder":"on","_et_pb_old_content":"","_et_gb_content_width":"","footnotes":""},"categories":[232,199],"tags":[],"class_list":["post-7217","post","type-post","status-publish","format-standard","has-post-thumbnail","hentry","category-bucherde","category-dokumente-de"],"yoast_head":"<!-- This site is optimized with the Yoast SEO plugin v27.5 - https:\/\/yoast.com\/product\/yoast-seo-wordpress\/ -->\n<title>Kinder des Feindes und der liebe - CSF - HOG<\/title>\n<meta name=\"robots\" content=\"index, follow, max-snippet:-1, max-image-preview:large, max-video-preview:-1\" \/>\n<link rel=\"canonical\" href=\"https:\/\/www.coeurssansfrontieres.com\/de\/dokumente-de\/bucherde\/kinder-feindes-und-der-liebe\/\" \/>\n<meta property=\"og:locale\" content=\"de_DE\" \/>\n<meta property=\"og:type\" content=\"article\" \/>\n<meta property=\"og:title\" content=\"Kinder des Feindes und der liebe - CSF - HOG\" \/>\n<meta property=\"og:description\" content=\"Kinder des Feindes und der liebe Ebba D. Drolshagen Deutsche Soldaten als Herzensbrecher ? Die Besatzer als z\u00e4rtlich Verliebte ? \u2013 Nie h\u00e4tte Elna Johnsen das f\u00fcr m\u00f6glich gehalten. Nie h\u00e4tte sir gedacht, dass ihr eigenes Leben irgend etwas damit zu tun haben k\u00f6nnte. Bis zu dem Tag, als der Anruf kam. \u201cIch bin deine [&hellip;]\" \/>\n<meta property=\"og:url\" content=\"https:\/\/www.coeurssansfrontieres.com\/de\/dokumente-de\/bucherde\/kinder-feindes-und-der-liebe\/\" \/>\n<meta property=\"og:site_name\" content=\"CSF - HOG\" \/>\n<meta property=\"article:published_time\" content=\"2007-10-24T14:37:18+00:00\" \/>\n<meta property=\"article:modified_time\" content=\"2017-10-24T14:55:58+00:00\" \/>\n<meta property=\"og:image\" content=\"https:\/\/www.coeurssansfrontieres.com\/wp-content\/uploads\/2017\/10\/4124JPx81AL._UY250_small.jpg\" \/>\n\t<meta property=\"og:image:width\" content=\"200\" \/>\n\t<meta property=\"og:image:height\" content=\"200\" \/>\n\t<meta property=\"og:image:type\" content=\"image\/jpeg\" \/>\n<meta name=\"author\" content=\"GOFFIN Alexandre\" \/>\n<meta name=\"twitter:card\" content=\"summary_large_image\" \/>\n<meta name=\"twitter:label1\" content=\"Verfasst von\" \/>\n\t<meta name=\"twitter:data1\" content=\"GOFFIN Alexandre\" \/>\n\t<meta name=\"twitter:label2\" content=\"Gesch\u00e4tzte Lesezeit\" \/>\n\t<meta name=\"twitter:data2\" content=\"3\u00a0Minuten\" \/>\n<script type=\"application\/ld+json\" class=\"yoast-schema-graph\">{\"@context\":\"https:\\\/\\\/schema.org\",\"@graph\":[{\"@type\":\"Article\",\"@id\":\"https:\\\/\\\/www.coeurssansfrontieres.com\\\/de\\\/dokumente-de\\\/bucherde\\\/kinder-feindes-und-der-liebe\\\/#article\",\"isPartOf\":{\"@id\":\"https:\\\/\\\/www.coeurssansfrontieres.com\\\/de\\\/dokumente-de\\\/bucherde\\\/kinder-feindes-und-der-liebe\\\/\"},\"author\":{\"name\":\"GOFFIN Alexandre\",\"@id\":\"https:\\\/\\\/www.coeurssansfrontieres.com\\\/fr\\\/#\\\/schema\\\/person\\\/19507754554eb5218427fc31038cac56\"},\"headline\":\"Kinder des Feindes und der liebe\",\"datePublished\":\"2007-10-24T14:37:18+00:00\",\"dateModified\":\"2017-10-24T14:55:58+00:00\",\"mainEntityOfPage\":{\"@id\":\"https:\\\/\\\/www.coeurssansfrontieres.com\\\/de\\\/dokumente-de\\\/bucherde\\\/kinder-feindes-und-der-liebe\\\/\"},\"wordCount\":600,\"image\":{\"@id\":\"https:\\\/\\\/www.coeurssansfrontieres.com\\\/de\\\/dokumente-de\\\/bucherde\\\/kinder-feindes-und-der-liebe\\\/#primaryimage\"},\"thumbnailUrl\":\"https:\\\/\\\/www.coeurssansfrontieres.com\\\/wp-content\\\/uploads\\\/2017\\\/10\\\/4124JPx81AL._UY250_small.jpg\",\"articleSection\":[\"B\u00fccherDE\",\"Dokumente\"],\"inLanguage\":\"de\"},{\"@type\":\"WebPage\",\"@id\":\"https:\\\/\\\/www.coeurssansfrontieres.com\\\/de\\\/dokumente-de\\\/bucherde\\\/kinder-feindes-und-der-liebe\\\/\",\"url\":\"https:\\\/\\\/www.coeurssansfrontieres.com\\\/de\\\/dokumente-de\\\/bucherde\\\/kinder-feindes-und-der-liebe\\\/\",\"name\":\"Kinder des Feindes und der liebe - CSF - HOG\",\"isPartOf\":{\"@id\":\"https:\\\/\\\/www.coeurssansfrontieres.com\\\/fr\\\/#website\"},\"primaryImageOfPage\":{\"@id\":\"https:\\\/\\\/www.coeurssansfrontieres.com\\\/de\\\/dokumente-de\\\/bucherde\\\/kinder-feindes-und-der-liebe\\\/#primaryimage\"},\"image\":{\"@id\":\"https:\\\/\\\/www.coeurssansfrontieres.com\\\/de\\\/dokumente-de\\\/bucherde\\\/kinder-feindes-und-der-liebe\\\/#primaryimage\"},\"thumbnailUrl\":\"https:\\\/\\\/www.coeurssansfrontieres.com\\\/wp-content\\\/uploads\\\/2017\\\/10\\\/4124JPx81AL._UY250_small.jpg\",\"datePublished\":\"2007-10-24T14:37:18+00:00\",\"dateModified\":\"2017-10-24T14:55:58+00:00\",\"author\":{\"@id\":\"https:\\\/\\\/www.coeurssansfrontieres.com\\\/fr\\\/#\\\/schema\\\/person\\\/19507754554eb5218427fc31038cac56\"},\"breadcrumb\":{\"@id\":\"https:\\\/\\\/www.coeurssansfrontieres.com\\\/de\\\/dokumente-de\\\/bucherde\\\/kinder-feindes-und-der-liebe\\\/#breadcrumb\"},\"inLanguage\":\"de\",\"potentialAction\":[{\"@type\":\"ReadAction\",\"target\":[\"https:\\\/\\\/www.coeurssansfrontieres.com\\\/de\\\/dokumente-de\\\/bucherde\\\/kinder-feindes-und-der-liebe\\\/\"]}]},{\"@type\":\"ImageObject\",\"inLanguage\":\"de\",\"@id\":\"https:\\\/\\\/www.coeurssansfrontieres.com\\\/de\\\/dokumente-de\\\/bucherde\\\/kinder-feindes-und-der-liebe\\\/#primaryimage\",\"url\":\"https:\\\/\\\/www.coeurssansfrontieres.com\\\/wp-content\\\/uploads\\\/2017\\\/10\\\/4124JPx81AL._UY250_small.jpg\",\"contentUrl\":\"https:\\\/\\\/www.coeurssansfrontieres.com\\\/wp-content\\\/uploads\\\/2017\\\/10\\\/4124JPx81AL._UY250_small.jpg\",\"width\":200,\"height\":200},{\"@type\":\"BreadcrumbList\",\"@id\":\"https:\\\/\\\/www.coeurssansfrontieres.com\\\/de\\\/dokumente-de\\\/bucherde\\\/kinder-feindes-und-der-liebe\\\/#breadcrumb\",\"itemListElement\":[{\"@type\":\"ListItem\",\"position\":1,\"name\":\"Accueil\",\"item\":\"https:\\\/\\\/www.coeurssansfrontieres.com\\\/de\\\/\"},{\"@type\":\"ListItem\",\"position\":2,\"name\":\"Kinder des Feindes und der liebe\"}]},{\"@type\":\"WebSite\",\"@id\":\"https:\\\/\\\/www.coeurssansfrontieres.com\\\/fr\\\/#website\",\"url\":\"https:\\\/\\\/www.coeurssansfrontieres.com\\\/fr\\\/\",\"name\":\"C\u0153urs sans fronti\u00e8res\",\"description\":\"Association franco-allemande des Enfants de la Seconde Guerre Mondiale\",\"potentialAction\":[{\"@type\":\"SearchAction\",\"target\":{\"@type\":\"EntryPoint\",\"urlTemplate\":\"https:\\\/\\\/www.coeurssansfrontieres.com\\\/fr\\\/?s={search_term_string}\"},\"query-input\":{\"@type\":\"PropertyValueSpecification\",\"valueRequired\":true,\"valueName\":\"search_term_string\"}}],\"inLanguage\":\"de\"},{\"@type\":\"Person\",\"@id\":\"https:\\\/\\\/www.coeurssansfrontieres.com\\\/fr\\\/#\\\/schema\\\/person\\\/19507754554eb5218427fc31038cac56\",\"name\":\"GOFFIN Alexandre\"}]}<\/script>\n<!-- \/ Yoast SEO plugin. -->","yoast_head_json":{"title":"Kinder des Feindes und der liebe - CSF - HOG","robots":{"index":"index","follow":"follow","max-snippet":"max-snippet:-1","max-image-preview":"max-image-preview:large","max-video-preview":"max-video-preview:-1"},"canonical":"https:\/\/www.coeurssansfrontieres.com\/de\/dokumente-de\/bucherde\/kinder-feindes-und-der-liebe\/","og_locale":"de_DE","og_type":"article","og_title":"Kinder des Feindes und der liebe - CSF - HOG","og_description":"Kinder des Feindes und der liebe Ebba D. Drolshagen Deutsche Soldaten als Herzensbrecher ? Die Besatzer als z\u00e4rtlich Verliebte ? \u2013 Nie h\u00e4tte Elna Johnsen das f\u00fcr m\u00f6glich gehalten. Nie h\u00e4tte sir gedacht, dass ihr eigenes Leben irgend etwas damit zu tun haben k\u00f6nnte. Bis zu dem Tag, als der Anruf kam. \u201cIch bin deine [&hellip;]","og_url":"https:\/\/www.coeurssansfrontieres.com\/de\/dokumente-de\/bucherde\/kinder-feindes-und-der-liebe\/","og_site_name":"CSF - HOG","article_published_time":"2007-10-24T14:37:18+00:00","article_modified_time":"2017-10-24T14:55:58+00:00","og_image":[{"width":200,"height":200,"url":"https:\/\/www.coeurssansfrontieres.com\/wp-content\/uploads\/2017\/10\/4124JPx81AL._UY250_small.jpg","type":"image\/jpeg"}],"author":"GOFFIN Alexandre","twitter_card":"summary_large_image","twitter_misc":{"Verfasst von":"GOFFIN Alexandre","Gesch\u00e4tzte Lesezeit":"3\u00a0Minuten"},"schema":{"@context":"https:\/\/schema.org","@graph":[{"@type":"Article","@id":"https:\/\/www.coeurssansfrontieres.com\/de\/dokumente-de\/bucherde\/kinder-feindes-und-der-liebe\/#article","isPartOf":{"@id":"https:\/\/www.coeurssansfrontieres.com\/de\/dokumente-de\/bucherde\/kinder-feindes-und-der-liebe\/"},"author":{"name":"GOFFIN Alexandre","@id":"https:\/\/www.coeurssansfrontieres.com\/fr\/#\/schema\/person\/19507754554eb5218427fc31038cac56"},"headline":"Kinder des Feindes und der liebe","datePublished":"2007-10-24T14:37:18+00:00","dateModified":"2017-10-24T14:55:58+00:00","mainEntityOfPage":{"@id":"https:\/\/www.coeurssansfrontieres.com\/de\/dokumente-de\/bucherde\/kinder-feindes-und-der-liebe\/"},"wordCount":600,"image":{"@id":"https:\/\/www.coeurssansfrontieres.com\/de\/dokumente-de\/bucherde\/kinder-feindes-und-der-liebe\/#primaryimage"},"thumbnailUrl":"https:\/\/www.coeurssansfrontieres.com\/wp-content\/uploads\/2017\/10\/4124JPx81AL._UY250_small.jpg","articleSection":["B\u00fccherDE","Dokumente"],"inLanguage":"de"},{"@type":"WebPage","@id":"https:\/\/www.coeurssansfrontieres.com\/de\/dokumente-de\/bucherde\/kinder-feindes-und-der-liebe\/","url":"https:\/\/www.coeurssansfrontieres.com\/de\/dokumente-de\/bucherde\/kinder-feindes-und-der-liebe\/","name":"Kinder des Feindes und der liebe - CSF - HOG","isPartOf":{"@id":"https:\/\/www.coeurssansfrontieres.com\/fr\/#website"},"primaryImageOfPage":{"@id":"https:\/\/www.coeurssansfrontieres.com\/de\/dokumente-de\/bucherde\/kinder-feindes-und-der-liebe\/#primaryimage"},"image":{"@id":"https:\/\/www.coeurssansfrontieres.com\/de\/dokumente-de\/bucherde\/kinder-feindes-und-der-liebe\/#primaryimage"},"thumbnailUrl":"https:\/\/www.coeurssansfrontieres.com\/wp-content\/uploads\/2017\/10\/4124JPx81AL._UY250_small.jpg","datePublished":"2007-10-24T14:37:18+00:00","dateModified":"2017-10-24T14:55:58+00:00","author":{"@id":"https:\/\/www.coeurssansfrontieres.com\/fr\/#\/schema\/person\/19507754554eb5218427fc31038cac56"},"breadcrumb":{"@id":"https:\/\/www.coeurssansfrontieres.com\/de\/dokumente-de\/bucherde\/kinder-feindes-und-der-liebe\/#breadcrumb"},"inLanguage":"de","potentialAction":[{"@type":"ReadAction","target":["https:\/\/www.coeurssansfrontieres.com\/de\/dokumente-de\/bucherde\/kinder-feindes-und-der-liebe\/"]}]},{"@type":"ImageObject","inLanguage":"de","@id":"https:\/\/www.coeurssansfrontieres.com\/de\/dokumente-de\/bucherde\/kinder-feindes-und-der-liebe\/#primaryimage","url":"https:\/\/www.coeurssansfrontieres.com\/wp-content\/uploads\/2017\/10\/4124JPx81AL._UY250_small.jpg","contentUrl":"https:\/\/www.coeurssansfrontieres.com\/wp-content\/uploads\/2017\/10\/4124JPx81AL._UY250_small.jpg","width":200,"height":200},{"@type":"BreadcrumbList","@id":"https:\/\/www.coeurssansfrontieres.com\/de\/dokumente-de\/bucherde\/kinder-feindes-und-der-liebe\/#breadcrumb","itemListElement":[{"@type":"ListItem","position":1,"name":"Accueil","item":"https:\/\/www.coeurssansfrontieres.com\/de\/"},{"@type":"ListItem","position":2,"name":"Kinder des Feindes und der liebe"}]},{"@type":"WebSite","@id":"https:\/\/www.coeurssansfrontieres.com\/fr\/#website","url":"https:\/\/www.coeurssansfrontieres.com\/fr\/","name":"C\u0153urs sans fronti\u00e8res","description":"Association franco-allemande des Enfants de la Seconde Guerre Mondiale","potentialAction":[{"@type":"SearchAction","target":{"@type":"EntryPoint","urlTemplate":"https:\/\/www.coeurssansfrontieres.com\/fr\/?s={search_term_string}"},"query-input":{"@type":"PropertyValueSpecification","valueRequired":true,"valueName":"search_term_string"}}],"inLanguage":"de"},{"@type":"Person","@id":"https:\/\/www.coeurssansfrontieres.com\/fr\/#\/schema\/person\/19507754554eb5218427fc31038cac56","name":"GOFFIN Alexandre"}]}},"_links":{"self":[{"href":"https:\/\/www.coeurssansfrontieres.com\/de\/wp-json\/wp\/v2\/posts\/7217","targetHints":{"allow":["GET"]}}],"collection":[{"href":"https:\/\/www.coeurssansfrontieres.com\/de\/wp-json\/wp\/v2\/posts"}],"about":[{"href":"https:\/\/www.coeurssansfrontieres.com\/de\/wp-json\/wp\/v2\/types\/post"}],"author":[{"embeddable":true,"href":"https:\/\/www.coeurssansfrontieres.com\/de\/wp-json\/wp\/v2\/users\/249"}],"replies":[{"embeddable":true,"href":"https:\/\/www.coeurssansfrontieres.com\/de\/wp-json\/wp\/v2\/comments?post=7217"}],"version-history":[{"count":0,"href":"https:\/\/www.coeurssansfrontieres.com\/de\/wp-json\/wp\/v2\/posts\/7217\/revisions"}],"wp:featuredmedia":[{"embeddable":true,"href":"https:\/\/www.coeurssansfrontieres.com\/de\/wp-json\/wp\/v2\/media\/7215"}],"wp:attachment":[{"href":"https:\/\/www.coeurssansfrontieres.com\/de\/wp-json\/wp\/v2\/media?parent=7217"}],"wp:term":[{"taxonomy":"category","embeddable":true,"href":"https:\/\/www.coeurssansfrontieres.com\/de\/wp-json\/wp\/v2\/categories?post=7217"},{"taxonomy":"post_tag","embeddable":true,"href":"https:\/\/www.coeurssansfrontieres.com\/de\/wp-json\/wp\/v2\/tags?post=7217"}],"curies":[{"name":"wp","href":"https:\/\/api.w.org\/{rel}","templated":true}]}}