{"id":7956,"date":"2017-12-02T17:14:23","date_gmt":"2017-12-02T16:14:23","guid":{"rendered":"http:\/\/www.coeurssansfrontieres.com\/kategorientechniken\/unkategorisiert\/peterhoffmann20171118\/"},"modified":"2019-03-03T18:26:06","modified_gmt":"2019-03-03T17:26:06","slug":"peterhoffmann20171118","status":"publish","type":"post","link":"https:\/\/www.coeurssansfrontieres.com\/de\/vereinsleben\/jahrliche-treffen\/peterhoffmann20171118\/","title":{"rendered":"Peter HOFFMANN 18-11-2017"},"content":{"rendered":"<p>[et_pb_section admin_label=&#8220;section&#8220;][et_pb_row admin_label=&#8220;row&#8220; make_fullwidth=&#8220;on&#8220; use_custom_width=&#8220;off&#8220; width_unit=&#8220;on&#8220; use_custom_gutter=&#8220;off&#8220; padding_mobile=&#8220;off&#8220; allow_player_pause=&#8220;off&#8220; parallax=&#8220;off&#8220; parallax_method=&#8220;off&#8220; make_equal=&#8220;off&#8220; parallax_1=&#8220;off&#8220; parallax_method_1=&#8220;off&#8220; parallax_2=&#8220;off&#8220; parallax_method_2=&#8220;off&#8220; parallax_3=&#8220;off&#8220; parallax_method_3=&#8220;off&#8220; column_padding_mobile=&#8220;on&#8220; padding_top_2=&#8220;0px&#8220; padding_right_2=&#8220;0px&#8220; padding_bottom_2=&#8220;0px&#8220; padding_left_2=&#8220;0px&#8220;][et_pb_column type=&#8220;1_4&#8243;][et_pb_divider admin_label=&#8220;S\u00e9parateur&#8220; color=&#8220;#a55ba6&#8243; show_divider=&#8220;on&#8220; height=&#8220;3&#8243; divider_style=&#8220;solid&#8220; divider_position=&#8220;top&#8220; hide_on_mobile=&#8220;on&#8220;]<\/p>\n<p>[\/et_pb_divider][et_pb_text admin_label=&#8220;Texte&#8220; background_layout=&#8220;light&#8220; text_orientation=&#8220;left&#8220; use_border_color=&#8220;off&#8220; border_color=&#8220;#ffffff&#8220; border_style=&#8220;solid&#8220; text_font=&#8220;||on||&#8220; text_font_size=&#8220;11&#8243; text_text_color=&#8220;#e835c7&#8243; custom_margin=&#8220;0px|||&#8220; custom_padding=&#8220;0px||0px|&#8220;]<\/p>\n<p>Video von Peters Pr\u00e4sentation auf der Jahresversammlung des CSF\/HOG am 18. November 2017:<\/p>\n<p>[\/et_pb_text][et_pb_video admin_label=&#8220;Vid\u00e9o&#8220; src=&#8220;https:\/\/www.youtube.com\/watch?v=6ZidCxqMj0Q&#8220; image_src=&#8220;\/\/i.ytimg.com\/vi\/6ZidCxqMj0Q\/hqdefault.jpg&#8220; custom_css_main_element=&#8220;margin-top : 0px;||padding-top : 0px;||&#8220;]<\/p>\n<p>&nbsp;<\/p>\n<p>[\/et_pb_video][et_pb_divider admin_label=&#8220;S\u00e9parateur&#8220; color=&#8220;#a55ba6&#8243; show_divider=&#8220;on&#8220; height=&#8220;3&#8243; divider_style=&#8220;solid&#8220; divider_position=&#8220;top&#8220; hide_on_mobile=&#8220;on&#8220;]<\/p>\n<p>[\/et_pb_divider][et_pb_image admin_label=&#8220;Image&#8220; src=&#8220;https:\/\/www.coeurssansfrontieres.com\/wp-content\/uploads\/2017\/12\/Image3.jpg&#8220; show_in_lightbox=&#8220;on&#8220; url_new_window=&#8220;off&#8220; use_overlay=&#8220;on&#8220; hover_icon=&#8220;%%52%%&#8220; animation=&#8220;off&#8220; sticky=&#8220;off&#8220; align=&#8220;center&#8220; max_width=&#8220;250px&#8220; force_fullwidth=&#8220;on&#8220; always_center_on_mobile=&#8220;on&#8220; use_border_color=&#8220;off&#8220; border_color=&#8220;#ffffff&#8220; border_style=&#8220;solid&#8220; alt=&#8220;AC Lafarge, Chantal et Peter&#8220; custom_css_main_element=&#8220;img.hovertext {|| position: relative;||width: 250px;|| }|| ||img.hovertext:after {|| content: attr(title);|| position: absolute;|| left: 25px;|| bottom: 25px;|| padding: 20px;|| background: rgba(0,0,0,0.5);|| color: #fff;|| opacity: 0;|| -webkit-transition: 0.5s;|| -moz-transition: 0.5s;|| -o-transition: 0.5s;|| -ms-transition: 0.5s;|| }|| ||img.hovertext:hover:after {|| opacity: 1.0;|| }||box-shadow: 3px 3px 3px #7C7C7C;&#8220; saved_tabs=&#8220;all&#8220; title_text=&#8220;Introduire ici la l\u00e9gende de l&#8217;image&#8220;]<\/p>\n<p>&nbsp;<\/p>\n<p>[\/et_pb_image][et_pb_image admin_label=&#8220;Image&#8220; src=&#8220;https:\/\/www.coeurssansfrontieres.com\/wp-content\/uploads\/2017\/12\/lettre-1.png&#8220; show_in_lightbox=&#8220;on&#8220; url_new_window=&#8220;off&#8220; use_overlay=&#8220;on&#8220; hover_icon=&#8220;%%52%%&#8220; animation=&#8220;off&#8220; sticky=&#8220;off&#8220; align=&#8220;center&#8220; max_width=&#8220;250px&#8220; force_fullwidth=&#8220;on&#8220; always_center_on_mobile=&#8220;on&#8220; use_border_color=&#8220;off&#8220; border_color=&#8220;#ffffff&#8220; border_style=&#8220;solid&#8220; alt=&#8220;Lettre adress\u00e9e au p\u00e8re de Peter HOFFMANN&#8220; custom_css_main_element=&#8220;img.hovertext {|| position: relative;||width: 250px;|| }|| ||img.hovertext:after {|| content: attr(title);|| position: absolute;|| left: 25px;|| bottom: 25px;|| padding: 20px;|| background: rgba(0,0,0,0.5);|| color: #fff;|| opacity: 0;|| -webkit-transition: 0.5s;|| -moz-transition: 0.5s;|| -o-transition: 0.5s;|| -ms-transition: 0.5s;|| }|| ||img.hovertext:hover:after {|| opacity: 1.0;|| }&#8220; saved_tabs=&#8220;all&#8220; title_text=&#8220;Introduire ici la l\u00e9gende de l&#8217;image&#8220;]<\/p>\n<p>&nbsp;<\/p>\n<p>[\/et_pb_image][et_pb_image admin_label=&#8220;Image&#8220; src=&#8220;https:\/\/www.coeurssansfrontieres.com\/wp-content\/uploads\/2017\/12\/lettre-2.png&#8220; show_in_lightbox=&#8220;on&#8220; url_new_window=&#8220;off&#8220; use_overlay=&#8220;on&#8220; hover_icon=&#8220;%%52%%&#8220; animation=&#8220;off&#8220; sticky=&#8220;off&#8220; align=&#8220;center&#8220; max_width=&#8220;250px&#8220; force_fullwidth=&#8220;on&#8220; always_center_on_mobile=&#8220;on&#8220; use_border_color=&#8220;off&#8220; border_color=&#8220;#ffffff&#8220; border_style=&#8220;solid&#8220; alt=&#8220;dos de la Lettre adress\u00e9e au p\u00e8re de Peter HOFFMANN&#8220; custom_css_main_element=&#8220;img.hovertext {|| position: relative;||width: 250px;|| }|| ||img.hovertext:after {|| content: attr(title);|| position: absolute;|| left: 25px;|| bottom: 25px;|| padding: 20px;|| background: rgba(0,0,0,0.5);|| color: #fff;|| opacity: 0;|| -webkit-transition: 0.5s;|| -moz-transition: 0.5s;|| -o-transition: 0.5s;|| -ms-transition: 0.5s;|| }|| ||img.hovertext:hover:after {|| opacity: 1.0;|| }&#8220; saved_tabs=&#8220;all&#8220; title_text=&#8220;Introduire ici la l\u00e9gende de l&#8217;image&#8220;]<\/p>\n<p>&nbsp;<\/p>\n<p>[\/et_pb_image][et_pb_image admin_label=&#8220;Image&#8220; src=&#8220;https:\/\/www.coeurssansfrontieres.com\/wp-content\/uploads\/2017\/12\/YouTube.jpg&#8220; show_in_lightbox=&#8220;on&#8220; url_new_window=&#8220;off&#8220; use_overlay=&#8220;on&#8220; hover_icon=&#8220;%%52%%&#8220; animation=&#8220;off&#8220; sticky=&#8220;off&#8220; align=&#8220;center&#8220; max_width=&#8220;250px&#8220; force_fullwidth=&#8220;on&#8220; always_center_on_mobile=&#8220;on&#8220; use_border_color=&#8220;off&#8220; border_color=&#8220;#ffffff&#8220; border_style=&#8220;solid&#8220; alt=&#8220;Peter Hoffmann et ses s\u0153urs&#8220; custom_css_main_element=&#8220;img.hovertext {|| position: relative;||width: 250px;|| }|| ||img.hovertext:after {|| content: attr(title);|| position: absolute;|| left: 25px;|| bottom: 25px;|| padding: 20px;|| background: rgba(0,0,0,0.5);|| color: #fff;|| opacity: 0;|| -webkit-transition: 0.5s;|| -moz-transition: 0.5s;|| -o-transition: 0.5s;|| -ms-transition: 0.5s;|| }|| ||img.hovertext:hover:after {|| opacity: 1.0;|| }&#8220; saved_tabs=&#8220;all&#8220; title_text=&#8220;Introduire ici la l\u00e9gende de l&#8217;image&#8220;]<\/p>\n<p>&nbsp;<\/p>\n<p>[\/et_pb_image][\/et_pb_column][et_pb_column type=&#8220;1_2&#8243;][et_pb_text admin_label=&#8220;Texte&#8220; background_layout=&#8220;light&#8220; text_orientation=&#8220;left&#8220; header_text_color=&#8220;#d529d8&#8243; use_border_color=&#8220;off&#8220; border_color=&#8220;#ffffff&#8220; border_style=&#8220;solid&#8220;]<\/p>\n<h2 style=\"text-align: center;\"><strong>Peter HOFFMANN<\/strong><\/h2>\n<p>[\/et_pb_text][et_pb_text admin_label=&#8220;Texte&#8220; background_layout=&#8220;light&#8220; text_orientation=&#8220;left&#8220; use_border_color=&#8220;off&#8220; border_color=&#8220;#ffffff&#8220; border_style=&#8220;solid&#8220; text_font_size=&#8220;11&#8243; text_line_height=&#8220;1.4em&#8220;]<\/p>\n<h3 style=\"text-align: center;\">Aktivit\u00e4ten bei der Vatersuche<\/h3>\n<p>&nbsp;<\/p>\n<p>Ich bin Peter Hoffmann und war seit dem Jahr 2009 auf der Suche nach meinem Vater.<\/p>\n<p>Es begann als Mitglied bei der DFG und dem Kontakt mit Herrn Dr. Michael Martin vom Stadtarchiv in Landau.<\/p>\n<p>Trotz intensiver Suche und Unterst\u00fctzung war in meiner Recherche nichts zu finden.<\/p>\n<p>Selbst der Internationale Suchdienst in Bad Arolsen betrachtete die Suche im Februar 2016 als abgeschlossen und verwies mich an Coeurs sans Fronti\u00e8res.<\/p>\n<p>Im Mai 2016 wurde ich Mitglied bei CSF.<\/p>\n<p>&nbsp;<\/p>\n<p>Bei der Versammlung in Dijon \/ November 2016 lernte ich\u00a0Herrn Philippe Lafargue \u2013 Oberfeldwebel vom Milit\u00e4rarchiv in Vincennes\u00a0kennen. Er war spezialisiert f\u00fcr das Archiv \u201eIndochina\u201c.<\/p>\n<p>Ich gab Ihm meinen Briefumschlag mit der Adresse meines Vaters von Indochina.<\/p>\n<p>&nbsp;<\/p>\n<p>Chantal teilte mir kurz darauf mit, da\u00df die Recherche erfolgreich war und gab mir noch weitere Daten von meinem Vater.<\/p>\n<p>&nbsp;<\/p>\n<p>Nun stand fest: Albert Piron ist mein Vater, war in Indochina und verstarb im Oktober 2013 in Frankreich, im Alter von 91 Jahren.<\/p>\n<p>Gleichzeitig suchte meine Tochter Simone auf Facebook und fand das Profil von Evelyne Piron-Menu.<\/p>\n<p>Ich schickte diese Neuigkeit an Chantal und Beatrice. Chantal machte die Adresse ausfindig und stellte den Kontakt her.<\/p>\n<p>Evelyne informierte gleichzeitig Ihre Schwester Nadine. Beide waren sofort einverstanden, dass wir uns kennenlernen.<\/p>\n<p>Wir hatten Kontakt per Mail und \u00fcber Skype.<\/p>\n<p>Der H\u00f6hepunkt war das Treffen mit beiden Schwestern im September in S\u00fcdfrankreich. Meine Frau und ich wurden sehr herzlich empfangen. Wir freuen uns, da\u00df Evelyne und Nadine heute hier sind.<\/p>\n<p>Peter Hoffman<\/p>\n<p>[\/et_pb_text][\/et_pb_column][et_pb_column type=&#8220;1_4&#8243;][et_pb_image admin_label=&#8220;Image&#8220; src=&#8220;https:\/\/www.coeurssansfrontieres.com\/wp-content\/uploads\/2017\/09\/ag-ombre.png&#8220; show_in_lightbox=&#8220;off&#8220; url_new_window=&#8220;off&#8220; use_overlay=&#8220;off&#8220; animation=&#8220;off&#8220; sticky=&#8220;on&#8220; align=&#8220;center&#8220; force_fullwidth=&#8220;off&#8220; always_center_on_mobile=&#8220;on&#8220; use_border_color=&#8220;off&#8220; border_color=&#8220;#ffffff&#8220; border_style=&#8220;solid&#8220;]<\/p>\n<p>[\/et_pb_image][et_pb_search admin_label=&#8220; Suche&#8220; background_layout=&#8220;light&#8220; text_orientation=&#8220;left&#8220; exclude_pages=&#8220;on&#8220; exclude_posts=&#8220;off&#8220; hide_button=&#8220;off&#8220; placeholder=&#8220; Suche&#8220; button_color=&#8220;#a61abf&#8220; input_font_size=&#8220;11&#8243; button_font=&#8220;|on|||&#8220; button_line_height=&#8220;2em&#8220; button_font_size=&#8220;11&#8243; input_line_height=&#8220;2em&#8220; custom_css_main_element=&#8220;box-shadow: 6px 6px 6px #7C7C7C;&#8220; include_categories=&#8220;183,236,212,227,180,214,162,170,202,231,229,208,1,161,159,160,158,149,168,154,28,66,163,22&#8243;]<\/p>\n<p>[\/et_pb_search][et_pb_sidebar admin_label=&#8220;BL Jahresvesammlung&#8220; orientation=&#8220;left&#8220; area=&#8220;et_pb_widget_area_54&#8243; background_layout=&#8220;light&#8220; remove_border=&#8220;off&#8220;]<\/p>\n<p>&nbsp;<\/p>\n<p>[\/et_pb_sidebar][\/et_pb_column][\/et_pb_row][\/et_pb_section]<\/p>\n","protected":false},"excerpt":{"rendered":"<p>Video von Peters Pr\u00e4sentation auf der Jahresversammlung des CSF\/HOG am 18. November 2017: &nbsp; &nbsp; &nbsp; &nbsp; &nbsp; Peter HOFFMANN Aktivit\u00e4ten bei der Vatersuche &nbsp; Ich bin Peter Hoffmann und war seit dem Jahr 2009 auf der Suche nach meinem Vater. Es begann als Mitglied bei der DFG und dem Kontakt mit Herrn Dr. Michael [&hellip;]<\/p>\n","protected":false},"author":249,"featured_media":12516,"comment_status":"closed","ping_status":"closed","sticky":false,"template":"","format":"standard","meta":{"_et_pb_use_builder":"on","_et_pb_old_content":"","_et_gb_content_width":"","footnotes":""},"categories":[252,211,172,14,175],"tags":[],"class_list":["post-7956","post","type-post","status-publish","format-standard","has-post-thumbnail","hentry","category-homepage","category-jahrliche-treffen","category-recherche","category-vereinsleben","category-wiedervereinigung"],"yoast_head":"<!-- This site is optimized with the Yoast SEO plugin v27.5 - https:\/\/yoast.com\/product\/yoast-seo-wordpress\/ -->\n<title>Peter HOFFMANN 18-11-2017 - CSF - HOG<\/title>\n<meta name=\"robots\" content=\"index, follow, max-snippet:-1, max-image-preview:large, max-video-preview:-1\" \/>\n<link rel=\"canonical\" href=\"https:\/\/www.coeurssansfrontieres.com\/de\/vereinsleben\/jahrliche-treffen\/peterhoffmann20171118\/\" \/>\n<meta property=\"og:locale\" content=\"de_DE\" \/>\n<meta property=\"og:type\" content=\"article\" \/>\n<meta property=\"og:title\" content=\"Peter HOFFMANN 18-11-2017 - CSF - HOG\" \/>\n<meta property=\"og:description\" content=\"Video von Peters Pr\u00e4sentation auf der Jahresversammlung des CSF\/HOG am 18. November 2017: &nbsp; &nbsp; &nbsp; &nbsp; &nbsp; Peter HOFFMANN Aktivit\u00e4ten bei der Vatersuche &nbsp; Ich bin Peter Hoffmann und war seit dem Jahr 2009 auf der Suche nach meinem Vater. Es begann als Mitglied bei der DFG und dem Kontakt mit Herrn Dr. Michael [&hellip;]\" \/>\n<meta property=\"og:url\" content=\"https:\/\/www.coeurssansfrontieres.com\/de\/vereinsleben\/jahrliche-treffen\/peterhoffmann20171118\/\" \/>\n<meta property=\"og:site_name\" content=\"CSF - HOG\" \/>\n<meta property=\"article:published_time\" content=\"2017-12-02T16:14:23+00:00\" \/>\n<meta property=\"article:modified_time\" content=\"2019-03-03T17:26:06+00:00\" \/>\n<meta property=\"og:image\" content=\"https:\/\/www.coeurssansfrontieres.com\/wp-content\/uploads\/2017\/12\/YouTube-small.jpg\" \/>\n\t<meta property=\"og:image:width\" content=\"200\" \/>\n\t<meta property=\"og:image:height\" content=\"200\" \/>\n\t<meta property=\"og:image:type\" content=\"image\/jpeg\" \/>\n<meta name=\"author\" content=\"GOFFIN Alexandre\" \/>\n<meta name=\"twitter:card\" content=\"summary_large_image\" \/>\n<meta name=\"twitter:label1\" content=\"Verfasst von\" \/>\n\t<meta name=\"twitter:data1\" content=\"GOFFIN Alexandre\" \/>\n\t<meta name=\"twitter:label2\" content=\"Gesch\u00e4tzte Lesezeit\" \/>\n\t<meta name=\"twitter:data2\" content=\"6\u00a0Minuten\" \/>\n<script type=\"application\/ld+json\" class=\"yoast-schema-graph\">{\"@context\":\"https:\\\/\\\/schema.org\",\"@graph\":[{\"@type\":\"Article\",\"@id\":\"https:\\\/\\\/www.coeurssansfrontieres.com\\\/de\\\/vereinsleben\\\/jahrliche-treffen\\\/peterhoffmann20171118\\\/#article\",\"isPartOf\":{\"@id\":\"https:\\\/\\\/www.coeurssansfrontieres.com\\\/de\\\/vereinsleben\\\/jahrliche-treffen\\\/peterhoffmann20171118\\\/\"},\"author\":{\"name\":\"GOFFIN Alexandre\",\"@id\":\"https:\\\/\\\/www.coeurssansfrontieres.com\\\/fr\\\/#\\\/schema\\\/person\\\/19507754554eb5218427fc31038cac56\"},\"headline\":\"Peter HOFFMANN 18-11-2017\",\"datePublished\":\"2017-12-02T16:14:23+00:00\",\"dateModified\":\"2019-03-03T17:26:06+00:00\",\"mainEntityOfPage\":{\"@id\":\"https:\\\/\\\/www.coeurssansfrontieres.com\\\/de\\\/vereinsleben\\\/jahrliche-treffen\\\/peterhoffmann20171118\\\/\"},\"wordCount\":1203,\"image\":{\"@id\":\"https:\\\/\\\/www.coeurssansfrontieres.com\\\/de\\\/vereinsleben\\\/jahrliche-treffen\\\/peterhoffmann20171118\\\/#primaryimage\"},\"thumbnailUrl\":\"https:\\\/\\\/www.coeurssansfrontieres.com\\\/wp-content\\\/uploads\\\/2017\\\/12\\\/YouTube-small.jpg\",\"articleSection\":[\"Homepage\",\"j\u00e4hrliche Treffen\",\"Recherche\",\"Vereinsleben\",\"Wiedervereinigung\"],\"inLanguage\":\"de\"},{\"@type\":\"WebPage\",\"@id\":\"https:\\\/\\\/www.coeurssansfrontieres.com\\\/de\\\/vereinsleben\\\/jahrliche-treffen\\\/peterhoffmann20171118\\\/\",\"url\":\"https:\\\/\\\/www.coeurssansfrontieres.com\\\/de\\\/vereinsleben\\\/jahrliche-treffen\\\/peterhoffmann20171118\\\/\",\"name\":\"Peter HOFFMANN 18-11-2017 - CSF - HOG\",\"isPartOf\":{\"@id\":\"https:\\\/\\\/www.coeurssansfrontieres.com\\\/fr\\\/#website\"},\"primaryImageOfPage\":{\"@id\":\"https:\\\/\\\/www.coeurssansfrontieres.com\\\/de\\\/vereinsleben\\\/jahrliche-treffen\\\/peterhoffmann20171118\\\/#primaryimage\"},\"image\":{\"@id\":\"https:\\\/\\\/www.coeurssansfrontieres.com\\\/de\\\/vereinsleben\\\/jahrliche-treffen\\\/peterhoffmann20171118\\\/#primaryimage\"},\"thumbnailUrl\":\"https:\\\/\\\/www.coeurssansfrontieres.com\\\/wp-content\\\/uploads\\\/2017\\\/12\\\/YouTube-small.jpg\",\"datePublished\":\"2017-12-02T16:14:23+00:00\",\"dateModified\":\"2019-03-03T17:26:06+00:00\",\"author\":{\"@id\":\"https:\\\/\\\/www.coeurssansfrontieres.com\\\/fr\\\/#\\\/schema\\\/person\\\/19507754554eb5218427fc31038cac56\"},\"breadcrumb\":{\"@id\":\"https:\\\/\\\/www.coeurssansfrontieres.com\\\/de\\\/vereinsleben\\\/jahrliche-treffen\\\/peterhoffmann20171118\\\/#breadcrumb\"},\"inLanguage\":\"de\",\"potentialAction\":[{\"@type\":\"ReadAction\",\"target\":[\"https:\\\/\\\/www.coeurssansfrontieres.com\\\/de\\\/vereinsleben\\\/jahrliche-treffen\\\/peterhoffmann20171118\\\/\"]}]},{\"@type\":\"ImageObject\",\"inLanguage\":\"de\",\"@id\":\"https:\\\/\\\/www.coeurssansfrontieres.com\\\/de\\\/vereinsleben\\\/jahrliche-treffen\\\/peterhoffmann20171118\\\/#primaryimage\",\"url\":\"https:\\\/\\\/www.coeurssansfrontieres.com\\\/wp-content\\\/uploads\\\/2017\\\/12\\\/YouTube-small.jpg\",\"contentUrl\":\"https:\\\/\\\/www.coeurssansfrontieres.com\\\/wp-content\\\/uploads\\\/2017\\\/12\\\/YouTube-small.jpg\",\"width\":200,\"height\":200},{\"@type\":\"BreadcrumbList\",\"@id\":\"https:\\\/\\\/www.coeurssansfrontieres.com\\\/de\\\/vereinsleben\\\/jahrliche-treffen\\\/peterhoffmann20171118\\\/#breadcrumb\",\"itemListElement\":[{\"@type\":\"ListItem\",\"position\":1,\"name\":\"Accueil\",\"item\":\"https:\\\/\\\/www.coeurssansfrontieres.com\\\/de\\\/\"},{\"@type\":\"ListItem\",\"position\":2,\"name\":\"Peter HOFFMANN 18-11-2017\"}]},{\"@type\":\"WebSite\",\"@id\":\"https:\\\/\\\/www.coeurssansfrontieres.com\\\/fr\\\/#website\",\"url\":\"https:\\\/\\\/www.coeurssansfrontieres.com\\\/fr\\\/\",\"name\":\"C\u0153urs sans fronti\u00e8res\",\"description\":\"Association franco-allemande des Enfants de la Seconde Guerre Mondiale\",\"potentialAction\":[{\"@type\":\"SearchAction\",\"target\":{\"@type\":\"EntryPoint\",\"urlTemplate\":\"https:\\\/\\\/www.coeurssansfrontieres.com\\\/fr\\\/?s={search_term_string}\"},\"query-input\":{\"@type\":\"PropertyValueSpecification\",\"valueRequired\":true,\"valueName\":\"search_term_string\"}}],\"inLanguage\":\"de\"},{\"@type\":\"Person\",\"@id\":\"https:\\\/\\\/www.coeurssansfrontieres.com\\\/fr\\\/#\\\/schema\\\/person\\\/19507754554eb5218427fc31038cac56\",\"name\":\"GOFFIN Alexandre\"}]}<\/script>\n<!-- \/ Yoast SEO plugin. -->","yoast_head_json":{"title":"Peter HOFFMANN 18-11-2017 - CSF - HOG","robots":{"index":"index","follow":"follow","max-snippet":"max-snippet:-1","max-image-preview":"max-image-preview:large","max-video-preview":"max-video-preview:-1"},"canonical":"https:\/\/www.coeurssansfrontieres.com\/de\/vereinsleben\/jahrliche-treffen\/peterhoffmann20171118\/","og_locale":"de_DE","og_type":"article","og_title":"Peter HOFFMANN 18-11-2017 - CSF - HOG","og_description":"Video von Peters Pr\u00e4sentation auf der Jahresversammlung des CSF\/HOG am 18. November 2017: &nbsp; &nbsp; &nbsp; &nbsp; &nbsp; Peter HOFFMANN Aktivit\u00e4ten bei der Vatersuche &nbsp; Ich bin Peter Hoffmann und war seit dem Jahr 2009 auf der Suche nach meinem Vater. Es begann als Mitglied bei der DFG und dem Kontakt mit Herrn Dr. Michael [&hellip;]","og_url":"https:\/\/www.coeurssansfrontieres.com\/de\/vereinsleben\/jahrliche-treffen\/peterhoffmann20171118\/","og_site_name":"CSF - HOG","article_published_time":"2017-12-02T16:14:23+00:00","article_modified_time":"2019-03-03T17:26:06+00:00","og_image":[{"width":200,"height":200,"url":"https:\/\/www.coeurssansfrontieres.com\/wp-content\/uploads\/2017\/12\/YouTube-small.jpg","type":"image\/jpeg"}],"author":"GOFFIN Alexandre","twitter_card":"summary_large_image","twitter_misc":{"Verfasst von":"GOFFIN Alexandre","Gesch\u00e4tzte Lesezeit":"6\u00a0Minuten"},"schema":{"@context":"https:\/\/schema.org","@graph":[{"@type":"Article","@id":"https:\/\/www.coeurssansfrontieres.com\/de\/vereinsleben\/jahrliche-treffen\/peterhoffmann20171118\/#article","isPartOf":{"@id":"https:\/\/www.coeurssansfrontieres.com\/de\/vereinsleben\/jahrliche-treffen\/peterhoffmann20171118\/"},"author":{"name":"GOFFIN Alexandre","@id":"https:\/\/www.coeurssansfrontieres.com\/fr\/#\/schema\/person\/19507754554eb5218427fc31038cac56"},"headline":"Peter HOFFMANN 18-11-2017","datePublished":"2017-12-02T16:14:23+00:00","dateModified":"2019-03-03T17:26:06+00:00","mainEntityOfPage":{"@id":"https:\/\/www.coeurssansfrontieres.com\/de\/vereinsleben\/jahrliche-treffen\/peterhoffmann20171118\/"},"wordCount":1203,"image":{"@id":"https:\/\/www.coeurssansfrontieres.com\/de\/vereinsleben\/jahrliche-treffen\/peterhoffmann20171118\/#primaryimage"},"thumbnailUrl":"https:\/\/www.coeurssansfrontieres.com\/wp-content\/uploads\/2017\/12\/YouTube-small.jpg","articleSection":["Homepage","j\u00e4hrliche Treffen","Recherche","Vereinsleben","Wiedervereinigung"],"inLanguage":"de"},{"@type":"WebPage","@id":"https:\/\/www.coeurssansfrontieres.com\/de\/vereinsleben\/jahrliche-treffen\/peterhoffmann20171118\/","url":"https:\/\/www.coeurssansfrontieres.com\/de\/vereinsleben\/jahrliche-treffen\/peterhoffmann20171118\/","name":"Peter HOFFMANN 18-11-2017 - CSF - HOG","isPartOf":{"@id":"https:\/\/www.coeurssansfrontieres.com\/fr\/#website"},"primaryImageOfPage":{"@id":"https:\/\/www.coeurssansfrontieres.com\/de\/vereinsleben\/jahrliche-treffen\/peterhoffmann20171118\/#primaryimage"},"image":{"@id":"https:\/\/www.coeurssansfrontieres.com\/de\/vereinsleben\/jahrliche-treffen\/peterhoffmann20171118\/#primaryimage"},"thumbnailUrl":"https:\/\/www.coeurssansfrontieres.com\/wp-content\/uploads\/2017\/12\/YouTube-small.jpg","datePublished":"2017-12-02T16:14:23+00:00","dateModified":"2019-03-03T17:26:06+00:00","author":{"@id":"https:\/\/www.coeurssansfrontieres.com\/fr\/#\/schema\/person\/19507754554eb5218427fc31038cac56"},"breadcrumb":{"@id":"https:\/\/www.coeurssansfrontieres.com\/de\/vereinsleben\/jahrliche-treffen\/peterhoffmann20171118\/#breadcrumb"},"inLanguage":"de","potentialAction":[{"@type":"ReadAction","target":["https:\/\/www.coeurssansfrontieres.com\/de\/vereinsleben\/jahrliche-treffen\/peterhoffmann20171118\/"]}]},{"@type":"ImageObject","inLanguage":"de","@id":"https:\/\/www.coeurssansfrontieres.com\/de\/vereinsleben\/jahrliche-treffen\/peterhoffmann20171118\/#primaryimage","url":"https:\/\/www.coeurssansfrontieres.com\/wp-content\/uploads\/2017\/12\/YouTube-small.jpg","contentUrl":"https:\/\/www.coeurssansfrontieres.com\/wp-content\/uploads\/2017\/12\/YouTube-small.jpg","width":200,"height":200},{"@type":"BreadcrumbList","@id":"https:\/\/www.coeurssansfrontieres.com\/de\/vereinsleben\/jahrliche-treffen\/peterhoffmann20171118\/#breadcrumb","itemListElement":[{"@type":"ListItem","position":1,"name":"Accueil","item":"https:\/\/www.coeurssansfrontieres.com\/de\/"},{"@type":"ListItem","position":2,"name":"Peter HOFFMANN 18-11-2017"}]},{"@type":"WebSite","@id":"https:\/\/www.coeurssansfrontieres.com\/fr\/#website","url":"https:\/\/www.coeurssansfrontieres.com\/fr\/","name":"C\u0153urs sans fronti\u00e8res","description":"Association franco-allemande des Enfants de la Seconde Guerre Mondiale","potentialAction":[{"@type":"SearchAction","target":{"@type":"EntryPoint","urlTemplate":"https:\/\/www.coeurssansfrontieres.com\/fr\/?s={search_term_string}"},"query-input":{"@type":"PropertyValueSpecification","valueRequired":true,"valueName":"search_term_string"}}],"inLanguage":"de"},{"@type":"Person","@id":"https:\/\/www.coeurssansfrontieres.com\/fr\/#\/schema\/person\/19507754554eb5218427fc31038cac56","name":"GOFFIN Alexandre"}]}},"_links":{"self":[{"href":"https:\/\/www.coeurssansfrontieres.com\/de\/wp-json\/wp\/v2\/posts\/7956","targetHints":{"allow":["GET"]}}],"collection":[{"href":"https:\/\/www.coeurssansfrontieres.com\/de\/wp-json\/wp\/v2\/posts"}],"about":[{"href":"https:\/\/www.coeurssansfrontieres.com\/de\/wp-json\/wp\/v2\/types\/post"}],"author":[{"embeddable":true,"href":"https:\/\/www.coeurssansfrontieres.com\/de\/wp-json\/wp\/v2\/users\/249"}],"replies":[{"embeddable":true,"href":"https:\/\/www.coeurssansfrontieres.com\/de\/wp-json\/wp\/v2\/comments?post=7956"}],"version-history":[{"count":0,"href":"https:\/\/www.coeurssansfrontieres.com\/de\/wp-json\/wp\/v2\/posts\/7956\/revisions"}],"wp:featuredmedia":[{"embeddable":true,"href":"https:\/\/www.coeurssansfrontieres.com\/de\/wp-json\/wp\/v2\/media\/12516"}],"wp:attachment":[{"href":"https:\/\/www.coeurssansfrontieres.com\/de\/wp-json\/wp\/v2\/media?parent=7956"}],"wp:term":[{"taxonomy":"category","embeddable":true,"href":"https:\/\/www.coeurssansfrontieres.com\/de\/wp-json\/wp\/v2\/categories?post=7956"},{"taxonomy":"post_tag","embeddable":true,"href":"https:\/\/www.coeurssansfrontieres.com\/de\/wp-json\/wp\/v2\/tags?post=7956"}],"curies":[{"name":"wp","href":"https:\/\/api.w.org\/{rel}","templated":true}]}}