{"id":918,"date":"2014-02-24T11:28:28","date_gmt":"2014-02-24T10:28:28","guid":{"rendered":"http:\/\/www.coeurssansfrontieres.com\/vie-de-lassociation\/retrouvailles\/soehne-und-toechter-von-deutschen-soldaten-im-2weltkrieg\/"},"modified":"2017-10-14T22:57:44","modified_gmt":"2017-10-14T20:57:44","slug":"soehne-und-toechter-von-deutschen-soldaten-im-2weltkrieg","status":"publish","type":"post","link":"https:\/\/www.coeurssansfrontieres.com\/de\/recherche\/wiedervereinigung\/soehne-und-toechter-von-deutschen-soldaten-im-2weltkrieg\/","title":{"rendered":"S\u00f6hne und T\u00f6chter von deutschen Soldaten im 2.Weltkrieg"},"content":{"rendered":"<p>[et_pb_section admin_label=&#8220;section&#8220;][et_pb_row admin_label=&#8220;row&#8220;][et_pb_column type=&#8220;4_4&#8243;][et_pb_text admin_label=&#8220;Texte&#8220;]<\/p>\n<p>&nbsp;<\/p>\n<p>\u00dcbersetzung eines Artikels in der Zeitung &#8222;Les Derni\u00e8res Nouvelles d&#8217;Alsace&#8220;<\/p>\n<p><strong>STRASSBURG : S\u00f6hne und T\u00f6chter von deutschen Soldaten im 2.Weltkrieg.<\/strong><\/p>\n<h1>Kriegsschicksale<\/h1>\n<p><em>Kinder eines deutschen oder \u00f6sterreichischen Soldaten und einer franz\u00f6sischen Mutter,sind sie auf der Suche nach ihren Wurzeln und ihrer Identit\u00e4t.<\/em> <em>Sie trafen sich beim europ\u00e4ischen Parlament in Strassburg.<\/em><\/p>\n<p>Das Wiedersehen zwischen Heinrich und Nicole fand in einem Hotel in Strassburg statt. Heinrich spricht kein Wort franz\u00f6sisch und Nicole hat nie deutsch gelernt. Er kommt aus Dortmund, sie aus Nevers. Bis zu diesem Abend im November gab es ein Geheimnis, das des Vaters. Ihres Vaters- Walter Meyer.<\/p>\n<p><strong>Auf der Suche nach dem Vater<\/strong>.<\/p>\n<p>Als ich 13 Jahre alt war, gestand mir meine Mutter endlich, dass ihr Ehemann nicht mein biologischer Vater sei . Es passierte, so erinnere ich mich, bei einem Streit. Ich kam nach Hause zur\u00fcck nach langen Jahren in diversen Heimen, denn ich hatte grosse Gesundheitsprobleme. Meine Eltern kamen nur selten zu Besuch und ich zweifelte an ihrer Liebe zu mir. Ich war von schwacher Konstitution und oft krank und einsam, erz\u00e4hlt Nicole. Tochter eines deutschen Marinesoldaten, der 1942 einer jungen Franz\u00f6sin aus der Gegend von Paris begegnet. Nicole teilt das Schicksal von Tausenden von Europ\u00e4ern, deren V\u00e4ter Wehrmachtssoldaten waren oder Soldaten der Allierten, die nach der Kapitulation Deutschland besetzten oder Kriegsgefangene&#8230; Vielen hat man lange Jahre die Wahrheit- die Schande \u2013 verheimlicht, viele wurden als \u201c kleine Boche \u201c verschm\u00e4ht, andere wieder konnten sich nie diesen Verstoss erkl\u00e4ren.<\/p>\n<p><img loading=\"lazy\" decoding=\"async\" class=\" size-full wp-image-916\" style=\"border: 0;\" src=\"https:\/\/www.coeurssansfrontieres.com\/wp-content\/uploads\/2014\/02\/1402jtarticledna1.jpg\" alt=\"Nicole und Heinrich\" width=\"200\" height=\"278\" border=\"0\" \/><\/p>\n<p><strong><span style=\"font-size: 10pt;\">Nicole und Heinrich <\/span><\/strong><\/p>\n<p style=\"line-height: 1.5em;\"><span style=\"font-family: Arial,Helvetica,sans-serif;\"><em>Photo DNA Laurent REA<\/em><\/span><\/p>\n<p>\u201cSie suchen eine Nadel in einem Heuhaufen\u201d antwortete man mir an der Deutschen Botschaft in Paris,als ich dort versuchte, die Spur meines Vaters zu finden.Ich war damals knappe 20 Jahre alt. Ich erfuhr dann aber doch, dass er 1955 verstorben war. 1948 kam er nach Frankreich zur\u00fcck, um meine Mutter zu holen, diese war aber umgezogen und er fand sie nicht. Papa wusste um meine Existenz. Er sandte meiner Mutter einen Brief, in dem er ihr mitteilte, dass ich auf Dauer zu ihm nach Deutschland kommen k\u00f6nnte. Meine Grossmutter hat aber fast alle Brief und Fotos aus dieser vergangenen Zeit vernichtet. Damals h\u00f6rte Nicole mit der Suche nach einem verstorbenen Vater auf, von dem sie so wenig wusste.<\/p>\n<p>Aber eines Tages, sie war nun schon \u00fcber 6o Jahre alt, sieht einer ihrer S\u00f6hne eine Sendung im Fernsehen, die \u00fcber CSF\/HOG sprach. So erf\u00e4hrt Nicole, dass Tausende Andere, das gleiche schwere Schicksal teilen, aber die Suche nicht aufgeben.<\/p>\n<p><strong>Die Hoffnung eines Wiederfindens.<\/strong><\/p>\n<p>Gegr\u00fcndet 2005, nach dem Erscheinen des Buches \u201c Kinder der Schande\u201d von J.P. Picaper, Korrespondent der Zeitung \u201c Figaro\u201d in Deutschland (1977-2003) vereint CSF\/HOG Menschen, die ihren Vater oder ihre Stiefgeschwister suchen, in der Erinnerung ihres unbekannten leiblichen Vaters. Zu den administrativen Schranken kommen auch die psychologischen, erkl\u00e4rt uns Michel Blanc, Pr\u00e4sident des Vereins. Wir haben uns zusammengeschlossen, um uns gegenseitig zu helfen und zu unterst\u00fctzen in diesem heiklen Unternehmen bei den Beh\u00f6rden, wie auch bei den Familien. Manchen von uns ist es gelungen ihre Familie zu finden, andere suchen noch, aber vereint, sind wir stark. Wir haben Nicole geholfen, ihren Bruder zu finden. Wir sind ausgegangen von 2 Fotos, die der Vater der Mutter von Nicole gesandt hat, ein Foto von ihm selbst und ein Foto seiner deutschen Frau, Heinrichs Mutter. Heinrich und Nicole trafen sich zum ersten Mal hier in Strassburg.<\/p>\n<p>Vereint vom 14-17. 11. 2013 besuchten die Mitglieder des Vereins das europ\u00e4ische Parlament, einen symbolischen Ort. \u201c Die Soldaten der Wehrmacht waren nicht nur Deutsche, erkl\u00e4rt uns Michel Blanc, da waren auch \u00d6sterreicher, Rum\u00e4nen, Tschechen, Polen &#8230;..\u201d Auch w\u00e4hrend der franz\u00f6sischen Besatzung in Deutschland wurden Kinder gezeugt. Wir alle sind Kinder Europas ! Europa muss und kann uns helfen in unserer Suche, die aber durch viele nationale, administrative Hindernisse erschwert wird.<\/p>\n<p><img loading=\"lazy\" decoding=\"async\" class=\" size-full wp-image-917\" style=\"border: 0;\" src=\"https:\/\/www.coeurssansfrontieres.com\/wp-content\/uploads\/2014\/02\/1402jtarticledna2.jpg\" alt=\"CSF au parlement Europ\u00e9en\" width=\"550\" height=\"98\" border=\"0\" srcset=\"https:\/\/www.coeurssansfrontieres.com\/wp-content\/uploads\/2014\/02\/1402jtarticledna2.jpg 550w, https:\/\/www.coeurssansfrontieres.com\/wp-content\/uploads\/2014\/02\/1402jtarticledna2-480x86.jpg 480w\" sizes=\"(min-width: 0px) and (max-width: 480px) 480px, (min-width: 481px) 550px, 100vw\" \/><\/p>\n<p>Zum ersten Mal in ihrem Leben befinden sich die Besucher in einem Pressesaal des europ\u00e4ischen Parlaments, im Tempel der europ\u00e4ischen Vereinigung, ein Saal, der etwas kalt und beeindruckend wirkt. Aber f\u00fcr sie ist dieser transparente Glasbau nicht nur ein politisches Symbol, es ist die Wiedergutmachung eines schweren Lebensweg, die Verwandlung des Schmerzes in ein Friedenprojekt. Nicole und Heinrich sind nun unzertrennlich und gehen Hand in Hand durch die S\u00e4le des Parlaments . Strassburg wird f\u00fcr Beide in ewiger Erinnerung bleiben, die Stadt ihrer Geburt als Geschwister, als Bruder und Schwester.<\/p>\n<p><span style=\"font-family: Arial,Helvetica,sans-serif;\">DOSTENA LAVERGNE<\/span><\/p>\n<p><span style=\"font-family: Arial,Helvetica,sans-serif;\">\u00a0<\/span><\/p>\n<p>[\/et_pb_text][\/et_pb_column][\/et_pb_row][\/et_pb_section]<\/p>\n","protected":false},"excerpt":{"rendered":"<p>&nbsp; \u00dcbersetzung eines Artikels in der Zeitung &#8222;Les Derni\u00e8res Nouvelles d&#8217;Alsace&#8220; STRASSBURG : S\u00f6hne und T\u00f6chter von deutschen Soldaten im 2.Weltkrieg. Kriegsschicksale Kinder eines deutschen oder \u00f6sterreichischen Soldaten und einer franz\u00f6sischen Mutter,sind sie auf der Suche nach ihren Wurzeln und ihrer Identit\u00e4t. Sie trafen sich beim europ\u00e4ischen Parlament in Strassburg. Das Wiedersehen zwischen Heinrich und [&hellip;]<\/p>\n","protected":false},"author":249,"featured_media":6638,"comment_status":"open","ping_status":"open","sticky":false,"template":"","format":"standard","meta":{"_et_pb_use_builder":"on","_et_pb_old_content":"<p>C'est sous ce titre que le journal \u00ab Les Derni\u00e8res Nouvelles d'Alsace \u00bb a fait para\u00eetre un article sur notre rencontre 2013 \u00e0 Strasbourg.<\/p><p><a href=\"https:\/\/www.coeurssansfrontieres.com\/wp-content\/uploads\/2014\/02\/1402jtarticledna.pdf\" target=\"_blank\" rel=\"noopener\">Lire l'article<\/a> ><\/p><p>\u00a0<\/p><p>\u00a0<\/p>","_et_gb_content_width":"","footnotes":""},"categories":[199,209,172,175,222],"tags":[],"class_list":["post-918","post","type-post","status-publish","format-standard","has-post-thumbnail","hentry","category-dokumente-de","category-mitgliedertexte","category-recherche","category-wiedervereinigung","category-temoins-de"],"yoast_head":"<!-- This site is optimized with the Yoast SEO plugin v27.5 - https:\/\/yoast.com\/product\/yoast-seo-wordpress\/ -->\n<title>S\u00f6hne und T\u00f6chter von deutschen Soldaten im 2.Weltkrieg - CSF - HOG<\/title>\n<meta name=\"robots\" content=\"index, follow, max-snippet:-1, max-image-preview:large, max-video-preview:-1\" \/>\n<link rel=\"canonical\" href=\"https:\/\/www.coeurssansfrontieres.com\/de\/recherche\/wiedervereinigung\/soehne-und-toechter-von-deutschen-soldaten-im-2weltkrieg\/\" \/>\n<meta property=\"og:locale\" content=\"de_DE\" \/>\n<meta property=\"og:type\" content=\"article\" \/>\n<meta property=\"og:title\" content=\"S\u00f6hne und T\u00f6chter von deutschen Soldaten im 2.Weltkrieg - CSF - HOG\" \/>\n<meta property=\"og:description\" content=\"&nbsp; \u00dcbersetzung eines Artikels in der Zeitung &quot;Les Derni\u00e8res Nouvelles d&#039;Alsace&quot; STRASSBURG : S\u00f6hne und T\u00f6chter von deutschen Soldaten im 2.Weltkrieg. Kriegsschicksale Kinder eines deutschen oder \u00f6sterreichischen Soldaten und einer franz\u00f6sischen Mutter,sind sie auf der Suche nach ihren Wurzeln und ihrer Identit\u00e4t. Sie trafen sich beim europ\u00e4ischen Parlament in Strassburg. Das Wiedersehen zwischen Heinrich und [&hellip;]\" \/>\n<meta property=\"og:url\" content=\"https:\/\/www.coeurssansfrontieres.com\/de\/recherche\/wiedervereinigung\/soehne-und-toechter-von-deutschen-soldaten-im-2weltkrieg\/\" \/>\n<meta property=\"og:site_name\" content=\"CSF - HOG\" \/>\n<meta property=\"article:published_time\" content=\"2014-02-24T10:28:28+00:00\" \/>\n<meta property=\"article:modified_time\" content=\"2017-10-14T20:57:44+00:00\" \/>\n<meta property=\"og:image\" content=\"https:\/\/www.coeurssansfrontieres.com\/wp-content\/uploads\/2014\/02\/1402jtarticledna1-small.jpg\" \/>\n\t<meta property=\"og:image:width\" content=\"200\" \/>\n\t<meta property=\"og:image:height\" content=\"200\" \/>\n\t<meta property=\"og:image:type\" content=\"image\/jpeg\" \/>\n<meta name=\"author\" content=\"GOFFIN Alexandre\" \/>\n<meta name=\"twitter:card\" content=\"summary_large_image\" \/>\n<meta name=\"twitter:label1\" content=\"Verfasst von\" \/>\n\t<meta name=\"twitter:data1\" content=\"GOFFIN Alexandre\" \/>\n\t<meta name=\"twitter:label2\" content=\"Gesch\u00e4tzte Lesezeit\" \/>\n\t<meta name=\"twitter:data2\" content=\"4\u00a0Minuten\" \/>\n<script type=\"application\/ld+json\" class=\"yoast-schema-graph\">{\"@context\":\"https:\\\/\\\/schema.org\",\"@graph\":[{\"@type\":\"Article\",\"@id\":\"https:\\\/\\\/www.coeurssansfrontieres.com\\\/de\\\/recherche\\\/wiedervereinigung\\\/soehne-und-toechter-von-deutschen-soldaten-im-2weltkrieg\\\/#article\",\"isPartOf\":{\"@id\":\"https:\\\/\\\/www.coeurssansfrontieres.com\\\/de\\\/recherche\\\/wiedervereinigung\\\/soehne-und-toechter-von-deutschen-soldaten-im-2weltkrieg\\\/\"},\"author\":{\"name\":\"GOFFIN Alexandre\",\"@id\":\"https:\\\/\\\/www.coeurssansfrontieres.com\\\/fr\\\/#\\\/schema\\\/person\\\/19507754554eb5218427fc31038cac56\"},\"headline\":\"S\u00f6hne und T\u00f6chter von deutschen Soldaten im 2.Weltkrieg\",\"datePublished\":\"2014-02-24T10:28:28+00:00\",\"dateModified\":\"2017-10-14T20:57:44+00:00\",\"mainEntityOfPage\":{\"@id\":\"https:\\\/\\\/www.coeurssansfrontieres.com\\\/de\\\/recherche\\\/wiedervereinigung\\\/soehne-und-toechter-von-deutschen-soldaten-im-2weltkrieg\\\/\"},\"wordCount\":781,\"commentCount\":0,\"image\":{\"@id\":\"https:\\\/\\\/www.coeurssansfrontieres.com\\\/de\\\/recherche\\\/wiedervereinigung\\\/soehne-und-toechter-von-deutschen-soldaten-im-2weltkrieg\\\/#primaryimage\"},\"thumbnailUrl\":\"https:\\\/\\\/www.coeurssansfrontieres.com\\\/wp-content\\\/uploads\\\/2014\\\/02\\\/1402jtarticledna1-small.jpg\",\"articleSection\":[\"Dokumente\",\"Mitgliedertexte\",\"Recherche\",\"Wiedervereinigung\",\"Zeugen\"],\"inLanguage\":\"de\",\"potentialAction\":[{\"@type\":\"CommentAction\",\"name\":\"Comment\",\"target\":[\"https:\\\/\\\/www.coeurssansfrontieres.com\\\/de\\\/recherche\\\/wiedervereinigung\\\/soehne-und-toechter-von-deutschen-soldaten-im-2weltkrieg\\\/#respond\"]}]},{\"@type\":\"WebPage\",\"@id\":\"https:\\\/\\\/www.coeurssansfrontieres.com\\\/de\\\/recherche\\\/wiedervereinigung\\\/soehne-und-toechter-von-deutschen-soldaten-im-2weltkrieg\\\/\",\"url\":\"https:\\\/\\\/www.coeurssansfrontieres.com\\\/de\\\/recherche\\\/wiedervereinigung\\\/soehne-und-toechter-von-deutschen-soldaten-im-2weltkrieg\\\/\",\"name\":\"S\u00f6hne und T\u00f6chter von deutschen Soldaten im 2.Weltkrieg - CSF - HOG\",\"isPartOf\":{\"@id\":\"https:\\\/\\\/www.coeurssansfrontieres.com\\\/fr\\\/#website\"},\"primaryImageOfPage\":{\"@id\":\"https:\\\/\\\/www.coeurssansfrontieres.com\\\/de\\\/recherche\\\/wiedervereinigung\\\/soehne-und-toechter-von-deutschen-soldaten-im-2weltkrieg\\\/#primaryimage\"},\"image\":{\"@id\":\"https:\\\/\\\/www.coeurssansfrontieres.com\\\/de\\\/recherche\\\/wiedervereinigung\\\/soehne-und-toechter-von-deutschen-soldaten-im-2weltkrieg\\\/#primaryimage\"},\"thumbnailUrl\":\"https:\\\/\\\/www.coeurssansfrontieres.com\\\/wp-content\\\/uploads\\\/2014\\\/02\\\/1402jtarticledna1-small.jpg\",\"datePublished\":\"2014-02-24T10:28:28+00:00\",\"dateModified\":\"2017-10-14T20:57:44+00:00\",\"author\":{\"@id\":\"https:\\\/\\\/www.coeurssansfrontieres.com\\\/fr\\\/#\\\/schema\\\/person\\\/19507754554eb5218427fc31038cac56\"},\"breadcrumb\":{\"@id\":\"https:\\\/\\\/www.coeurssansfrontieres.com\\\/de\\\/recherche\\\/wiedervereinigung\\\/soehne-und-toechter-von-deutschen-soldaten-im-2weltkrieg\\\/#breadcrumb\"},\"inLanguage\":\"de\",\"potentialAction\":[{\"@type\":\"ReadAction\",\"target\":[\"https:\\\/\\\/www.coeurssansfrontieres.com\\\/de\\\/recherche\\\/wiedervereinigung\\\/soehne-und-toechter-von-deutschen-soldaten-im-2weltkrieg\\\/\"]}]},{\"@type\":\"ImageObject\",\"inLanguage\":\"de\",\"@id\":\"https:\\\/\\\/www.coeurssansfrontieres.com\\\/de\\\/recherche\\\/wiedervereinigung\\\/soehne-und-toechter-von-deutschen-soldaten-im-2weltkrieg\\\/#primaryimage\",\"url\":\"https:\\\/\\\/www.coeurssansfrontieres.com\\\/wp-content\\\/uploads\\\/2014\\\/02\\\/1402jtarticledna1-small.jpg\",\"contentUrl\":\"https:\\\/\\\/www.coeurssansfrontieres.com\\\/wp-content\\\/uploads\\\/2014\\\/02\\\/1402jtarticledna1-small.jpg\",\"width\":200,\"height\":200},{\"@type\":\"BreadcrumbList\",\"@id\":\"https:\\\/\\\/www.coeurssansfrontieres.com\\\/de\\\/recherche\\\/wiedervereinigung\\\/soehne-und-toechter-von-deutschen-soldaten-im-2weltkrieg\\\/#breadcrumb\",\"itemListElement\":[{\"@type\":\"ListItem\",\"position\":1,\"name\":\"Accueil\",\"item\":\"https:\\\/\\\/www.coeurssansfrontieres.com\\\/de\\\/\"},{\"@type\":\"ListItem\",\"position\":2,\"name\":\"S\u00f6hne und T\u00f6chter von deutschen Soldaten im 2.Weltkrieg\"}]},{\"@type\":\"WebSite\",\"@id\":\"https:\\\/\\\/www.coeurssansfrontieres.com\\\/fr\\\/#website\",\"url\":\"https:\\\/\\\/www.coeurssansfrontieres.com\\\/fr\\\/\",\"name\":\"C\u0153urs sans fronti\u00e8res\",\"description\":\"Association franco-allemande des Enfants de la Seconde Guerre Mondiale\",\"potentialAction\":[{\"@type\":\"SearchAction\",\"target\":{\"@type\":\"EntryPoint\",\"urlTemplate\":\"https:\\\/\\\/www.coeurssansfrontieres.com\\\/fr\\\/?s={search_term_string}\"},\"query-input\":{\"@type\":\"PropertyValueSpecification\",\"valueRequired\":true,\"valueName\":\"search_term_string\"}}],\"inLanguage\":\"de\"},{\"@type\":\"Person\",\"@id\":\"https:\\\/\\\/www.coeurssansfrontieres.com\\\/fr\\\/#\\\/schema\\\/person\\\/19507754554eb5218427fc31038cac56\",\"name\":\"GOFFIN Alexandre\"}]}<\/script>\n<!-- \/ Yoast SEO plugin. -->","yoast_head_json":{"title":"S\u00f6hne und T\u00f6chter von deutschen Soldaten im 2.Weltkrieg - CSF - HOG","robots":{"index":"index","follow":"follow","max-snippet":"max-snippet:-1","max-image-preview":"max-image-preview:large","max-video-preview":"max-video-preview:-1"},"canonical":"https:\/\/www.coeurssansfrontieres.com\/de\/recherche\/wiedervereinigung\/soehne-und-toechter-von-deutschen-soldaten-im-2weltkrieg\/","og_locale":"de_DE","og_type":"article","og_title":"S\u00f6hne und T\u00f6chter von deutschen Soldaten im 2.Weltkrieg - CSF - HOG","og_description":"&nbsp; \u00dcbersetzung eines Artikels in der Zeitung \"Les Derni\u00e8res Nouvelles d'Alsace\" STRASSBURG : S\u00f6hne und T\u00f6chter von deutschen Soldaten im 2.Weltkrieg. Kriegsschicksale Kinder eines deutschen oder \u00f6sterreichischen Soldaten und einer franz\u00f6sischen Mutter,sind sie auf der Suche nach ihren Wurzeln und ihrer Identit\u00e4t. Sie trafen sich beim europ\u00e4ischen Parlament in Strassburg. Das Wiedersehen zwischen Heinrich und [&hellip;]","og_url":"https:\/\/www.coeurssansfrontieres.com\/de\/recherche\/wiedervereinigung\/soehne-und-toechter-von-deutschen-soldaten-im-2weltkrieg\/","og_site_name":"CSF - HOG","article_published_time":"2014-02-24T10:28:28+00:00","article_modified_time":"2017-10-14T20:57:44+00:00","og_image":[{"width":200,"height":200,"url":"https:\/\/www.coeurssansfrontieres.com\/wp-content\/uploads\/2014\/02\/1402jtarticledna1-small.jpg","type":"image\/jpeg"}],"author":"GOFFIN Alexandre","twitter_card":"summary_large_image","twitter_misc":{"Verfasst von":"GOFFIN Alexandre","Gesch\u00e4tzte Lesezeit":"4\u00a0Minuten"},"schema":{"@context":"https:\/\/schema.org","@graph":[{"@type":"Article","@id":"https:\/\/www.coeurssansfrontieres.com\/de\/recherche\/wiedervereinigung\/soehne-und-toechter-von-deutschen-soldaten-im-2weltkrieg\/#article","isPartOf":{"@id":"https:\/\/www.coeurssansfrontieres.com\/de\/recherche\/wiedervereinigung\/soehne-und-toechter-von-deutschen-soldaten-im-2weltkrieg\/"},"author":{"name":"GOFFIN Alexandre","@id":"https:\/\/www.coeurssansfrontieres.com\/fr\/#\/schema\/person\/19507754554eb5218427fc31038cac56"},"headline":"S\u00f6hne und T\u00f6chter von deutschen Soldaten im 2.Weltkrieg","datePublished":"2014-02-24T10:28:28+00:00","dateModified":"2017-10-14T20:57:44+00:00","mainEntityOfPage":{"@id":"https:\/\/www.coeurssansfrontieres.com\/de\/recherche\/wiedervereinigung\/soehne-und-toechter-von-deutschen-soldaten-im-2weltkrieg\/"},"wordCount":781,"commentCount":0,"image":{"@id":"https:\/\/www.coeurssansfrontieres.com\/de\/recherche\/wiedervereinigung\/soehne-und-toechter-von-deutschen-soldaten-im-2weltkrieg\/#primaryimage"},"thumbnailUrl":"https:\/\/www.coeurssansfrontieres.com\/wp-content\/uploads\/2014\/02\/1402jtarticledna1-small.jpg","articleSection":["Dokumente","Mitgliedertexte","Recherche","Wiedervereinigung","Zeugen"],"inLanguage":"de","potentialAction":[{"@type":"CommentAction","name":"Comment","target":["https:\/\/www.coeurssansfrontieres.com\/de\/recherche\/wiedervereinigung\/soehne-und-toechter-von-deutschen-soldaten-im-2weltkrieg\/#respond"]}]},{"@type":"WebPage","@id":"https:\/\/www.coeurssansfrontieres.com\/de\/recherche\/wiedervereinigung\/soehne-und-toechter-von-deutschen-soldaten-im-2weltkrieg\/","url":"https:\/\/www.coeurssansfrontieres.com\/de\/recherche\/wiedervereinigung\/soehne-und-toechter-von-deutschen-soldaten-im-2weltkrieg\/","name":"S\u00f6hne und T\u00f6chter von deutschen Soldaten im 2.Weltkrieg - CSF - HOG","isPartOf":{"@id":"https:\/\/www.coeurssansfrontieres.com\/fr\/#website"},"primaryImageOfPage":{"@id":"https:\/\/www.coeurssansfrontieres.com\/de\/recherche\/wiedervereinigung\/soehne-und-toechter-von-deutschen-soldaten-im-2weltkrieg\/#primaryimage"},"image":{"@id":"https:\/\/www.coeurssansfrontieres.com\/de\/recherche\/wiedervereinigung\/soehne-und-toechter-von-deutschen-soldaten-im-2weltkrieg\/#primaryimage"},"thumbnailUrl":"https:\/\/www.coeurssansfrontieres.com\/wp-content\/uploads\/2014\/02\/1402jtarticledna1-small.jpg","datePublished":"2014-02-24T10:28:28+00:00","dateModified":"2017-10-14T20:57:44+00:00","author":{"@id":"https:\/\/www.coeurssansfrontieres.com\/fr\/#\/schema\/person\/19507754554eb5218427fc31038cac56"},"breadcrumb":{"@id":"https:\/\/www.coeurssansfrontieres.com\/de\/recherche\/wiedervereinigung\/soehne-und-toechter-von-deutschen-soldaten-im-2weltkrieg\/#breadcrumb"},"inLanguage":"de","potentialAction":[{"@type":"ReadAction","target":["https:\/\/www.coeurssansfrontieres.com\/de\/recherche\/wiedervereinigung\/soehne-und-toechter-von-deutschen-soldaten-im-2weltkrieg\/"]}]},{"@type":"ImageObject","inLanguage":"de","@id":"https:\/\/www.coeurssansfrontieres.com\/de\/recherche\/wiedervereinigung\/soehne-und-toechter-von-deutschen-soldaten-im-2weltkrieg\/#primaryimage","url":"https:\/\/www.coeurssansfrontieres.com\/wp-content\/uploads\/2014\/02\/1402jtarticledna1-small.jpg","contentUrl":"https:\/\/www.coeurssansfrontieres.com\/wp-content\/uploads\/2014\/02\/1402jtarticledna1-small.jpg","width":200,"height":200},{"@type":"BreadcrumbList","@id":"https:\/\/www.coeurssansfrontieres.com\/de\/recherche\/wiedervereinigung\/soehne-und-toechter-von-deutschen-soldaten-im-2weltkrieg\/#breadcrumb","itemListElement":[{"@type":"ListItem","position":1,"name":"Accueil","item":"https:\/\/www.coeurssansfrontieres.com\/de\/"},{"@type":"ListItem","position":2,"name":"S\u00f6hne und T\u00f6chter von deutschen Soldaten im 2.Weltkrieg"}]},{"@type":"WebSite","@id":"https:\/\/www.coeurssansfrontieres.com\/fr\/#website","url":"https:\/\/www.coeurssansfrontieres.com\/fr\/","name":"C\u0153urs sans fronti\u00e8res","description":"Association franco-allemande des Enfants de la Seconde Guerre Mondiale","potentialAction":[{"@type":"SearchAction","target":{"@type":"EntryPoint","urlTemplate":"https:\/\/www.coeurssansfrontieres.com\/fr\/?s={search_term_string}"},"query-input":{"@type":"PropertyValueSpecification","valueRequired":true,"valueName":"search_term_string"}}],"inLanguage":"de"},{"@type":"Person","@id":"https:\/\/www.coeurssansfrontieres.com\/fr\/#\/schema\/person\/19507754554eb5218427fc31038cac56","name":"GOFFIN Alexandre"}]}},"_links":{"self":[{"href":"https:\/\/www.coeurssansfrontieres.com\/de\/wp-json\/wp\/v2\/posts\/918","targetHints":{"allow":["GET"]}}],"collection":[{"href":"https:\/\/www.coeurssansfrontieres.com\/de\/wp-json\/wp\/v2\/posts"}],"about":[{"href":"https:\/\/www.coeurssansfrontieres.com\/de\/wp-json\/wp\/v2\/types\/post"}],"author":[{"embeddable":true,"href":"https:\/\/www.coeurssansfrontieres.com\/de\/wp-json\/wp\/v2\/users\/249"}],"replies":[{"embeddable":true,"href":"https:\/\/www.coeurssansfrontieres.com\/de\/wp-json\/wp\/v2\/comments?post=918"}],"version-history":[{"count":0,"href":"https:\/\/www.coeurssansfrontieres.com\/de\/wp-json\/wp\/v2\/posts\/918\/revisions"}],"wp:featuredmedia":[{"embeddable":true,"href":"https:\/\/www.coeurssansfrontieres.com\/de\/wp-json\/wp\/v2\/media\/6638"}],"wp:attachment":[{"href":"https:\/\/www.coeurssansfrontieres.com\/de\/wp-json\/wp\/v2\/media?parent=918"}],"wp:term":[{"taxonomy":"category","embeddable":true,"href":"https:\/\/www.coeurssansfrontieres.com\/de\/wp-json\/wp\/v2\/categories?post=918"},{"taxonomy":"post_tag","embeddable":true,"href":"https:\/\/www.coeurssansfrontieres.com\/de\/wp-json\/wp\/v2\/tags?post=918"}],"curies":[{"name":"wp","href":"https:\/\/api.w.org\/{rel}","templated":true}]}}