{"id":1018,"date":"2015-02-06T17:25:24","date_gmt":"2015-02-06T16:25:24","guid":{"rendered":"http:\/\/www.coeurssansfrontieres.com\/zone-privee\/informations-ponctuelles\/janvier-2015\/"},"modified":"2017-10-12T11:54:48","modified_gmt":"2017-10-12T09:54:48","slug":"janvier-2015","status":"publish","type":"post","link":"https:\/\/www.coeurssansfrontieres.com\/fr\/vie-de-lassociation\/autresevenements\/janvier-2015\/","title":{"rendered":"Janvier 2015"},"content":{"rendered":"<p>[et_pb_section admin_label=\u00a0\u00bbsection\u00a0\u00bb][et_pb_row admin_label=\u00a0\u00bbrow\u00a0\u00bb][et_pb_column type=\u00a0\u00bb4_4&Prime;][et_pb_text admin_label=\u00a0\u00bbTexte\u00a0\u00bb]<\/p>\n<p>&nbsp;<\/p>\n<p>&nbsp;<\/p>\n<p>Chers amis,<\/p>\n<p>Chaque nouvelle ann\u00e9e est porteuse d&rsquo;espoirs pour l&rsquo;avenir, notamment pour les 12 prochains mois D\u00e9j\u00e0, au cours de ces toutes premi\u00e8res semaines une adh\u00e9rente allemande a trouv\u00e9 sa famille fran\u00e7aise. Nous sommes persuad\u00e9s que cette bonne nouvelle ouvre la voie \u00e0 d\u2019autres retrouvailles.<\/p>\n<p>Nous sommes heureux de constater un plus grand d\u00e9sir d\u2019investissement personnel de la part de plusieurs membres, c\u2019est encourageant. Les d\u00e9l\u00e9gu\u00e9s r\u00e9gionaux \u00e9coutent, conseillent mais il est indubitable que l\u2019adh\u00e9rent en recherche ne doit pas se reposer int\u00e9gralement sur son d\u00e9l\u00e9gu\u00e9 r\u00e9gional, il doit faire part de son int\u00e9r\u00eat pour les recherches en cours et y participer. De m\u00eame, nous regrettons que trop de membres n\u2019aient pas encore propos\u00e9 \u00e0 leur DR une annonce \u00e0 mettre en ligne sur le site. Songez-y, cela demande peu d\u2019efforts et est gratuit. Alors, pourquoi se priver de cette opportunit\u00e9 ?<\/p>\n<p><span style=\"color: #008000;\"><strong>R\u00e9unions r\u00e9gionales : <\/strong><\/span><\/p>\n<p>&#8211; La r\u00e9union r\u00e9gionale en Allemagne est fix\u00e9e au samedi 2 mai 2015. Elle se tiendra \u00e0 SASBACH petite commune proche d\u2019ACHERN (Bade-Wurtemberg). Les invitations seront achemin\u00e9es tr\u00e8s prochainement.<\/p>\n<p>&#8211; La r\u00e9union r\u00e9gion Sud est fix\u00e9e au 20 juin 2015 \u00e0 Mont\u00e9limar.<\/p>\n<p>&#8211; les r\u00e9unions Ile-de-France \u2013 Ouest et Sud-ouest vous seront signal\u00e9es d\u00e8s que dates et lieux seront convenus.<\/p>\n<p><strong><span style=\"color: #008000;\">Voyages 2015 :<\/span><\/strong><\/p>\n<p>Lors de l\u2019AG 2014, il a \u00e9t\u00e9 d\u00e9cid\u00e9 d\u2019envoyer un mailing concernant le voyage. Il vous parviendra rapidement, mais nous sommes perplexes. Nous avions fait un appel pour que les personnes int\u00e9ress\u00e9es envoient \u00e0 la secr\u00e9taire quelques propositions de destinations. Aucune r\u00e9ponse n\u2019est parvenue ! Comment interpr\u00e9ter ce silence ? Est-ce un d\u00e9sint\u00e9r\u00eat pour le voyage ? Ou un espoir que d\u2019autres proposent ?<\/p>\n<p><strong style=\"color: #008000;\">Livre BOW in<\/strong> :<\/p>\n<p>Un livre est en cours de r\u00e9alisation, il s\u2019agit de t\u00e9moignages d\u2019enfants de guerre europ\u00e9ens.<\/p>\n<p>CSF envoie celui d\u2019un adh\u00e9rent de la r\u00e9gion Sud-est. Ce dernier avait d\u00e9j\u00e0 r\u00e9dig\u00e9, \u00e0 titre personnel, son histoire et celle de ses parents. Nous souhaitons adjoindre d\u2019autres t\u00e9moignages. N\u2019h\u00e9sitez pas \u00e0 contacter Chantal Le Quentrec si vous \u00eates int\u00e9ress\u00e9s.<\/p>\n<p>Participation :<\/p>\n<p>L\u2019exp\u00e9rience de chacun est utile aux autres. Nous vous rappelons que vous pouvez participer \u00e0 l\u2019\u00e9laboration du site en d\u00e9crivant vos joies, vos d\u00e9ceptions, vos bonnes ou mauvaises exp\u00e9riences lors des recherches. Adressez vos textes soit \u00e0 votre DR, soit \u00e0 Chantal Le Quentrec. Emergerons ainsi des sujets qui int\u00e9resseront les membres de CSF HOG et les visiteurs du site. L\u2019anonymat peut, si vous le souhaitez, \u00eatre garanti, rien ne sera publi\u00e9 sans votre accord.<\/p>\n<p>&nbsp;<\/p>\n<p>[\/et_pb_text][\/et_pb_column][\/et_pb_row][\/et_pb_section]<\/p>\n","protected":false},"excerpt":{"rendered":"<p>&nbsp; &nbsp; Chers amis, Chaque nouvelle ann\u00e9e est porteuse d&rsquo;espoirs pour l&rsquo;avenir, notamment pour les 12 prochains mois D\u00e9j\u00e0, au cours de ces toutes premi\u00e8res semaines une adh\u00e9rente allemande a trouv\u00e9 sa famille fran\u00e7aise. Nous sommes persuad\u00e9s que cette bonne nouvelle ouvre la voie \u00e0 d\u2019autres retrouvailles. Nous sommes heureux de constater un plus grand [&hellip;]<\/p>\n","protected":false},"author":5,"featured_media":5221,"comment_status":"open","ping_status":"open","sticky":false,"template":"","format":"standard","meta":{"_et_pb_use_builder":"on","_et_pb_old_content":"<p>\u00a0<\/p><p>\u00a0<\/p><p>Chers amis,<\/p><p>Chaque nouvelle ann\u00e9e est porteuse d'espoirs pour l'avenir, notamment pour les 12 prochains mois D\u00e9j\u00e0, au cours de ces toutes premi\u00e8res semaines une adh\u00e9rente allemande a trouv\u00e9 sa famille fran\u00e7aise. Nous sommes persuad\u00e9s que cette bonne nouvelle ouvre la voie \u00e0 d\u2019autres retrouvailles.<\/p><p>Nous sommes heureux de constater un plus grand d\u00e9sir d\u2019investissement personnel de la part de plusieurs membres, c\u2019est encourageant. Les d\u00e9l\u00e9gu\u00e9s r\u00e9gionaux \u00e9coutent, conseillent mais il est indubitable que l\u2019adh\u00e9rent en recherche ne doit pas se reposer int\u00e9gralement sur son d\u00e9l\u00e9gu\u00e9 r\u00e9gional, il doit faire part de son int\u00e9r\u00eat pour les recherches en cours et y participer. De m\u00eame, nous regrettons que trop de membres n\u2019aient pas encore propos\u00e9 \u00e0 leur DR une annonce \u00e0 mettre en ligne sur le site. Songez-y, cela demande peu d\u2019efforts et est gratuit. Alors, pourquoi se priver de cette opportunit\u00e9 ?<\/p><p><span style=\"color: #008000;\"><strong>R\u00e9unions r\u00e9gionales : <\/strong><\/span><\/p><p>- La r\u00e9union r\u00e9gionale en Allemagne est fix\u00e9e au samedi 2 mai 2015. Elle se tiendra \u00e0 SASBACH petite commune proche d\u2019ACHERN (Bade-Wurtemberg). Les invitations seront achemin\u00e9es tr\u00e8s prochainement.<\/p><p>- La r\u00e9union r\u00e9gion Sud est fix\u00e9e au 20 juin 2015 \u00e0 Mont\u00e9limar.<\/p><p>- les r\u00e9unions Ile-de-France \u2013 Ouest et Sud-ouest vous seront signal\u00e9es d\u00e8s que dates et lieux seront convenus.<\/p><p><strong><span style=\"color: #008000;\">Voyages 2015 :<\/span><\/strong><\/p><p>Lors de l\u2019AG 2014, il a \u00e9t\u00e9 d\u00e9cid\u00e9 d\u2019envoyer un mailing concernant le voyage. Il vous parviendra rapidement, mais nous sommes perplexes. Nous avions fait un appel pour que les personnes int\u00e9ress\u00e9es envoient \u00e0 la secr\u00e9taire quelques propositions de destinations. Aucune r\u00e9ponse n\u2019est parvenue ! Comment interpr\u00e9ter ce silence ? Est-ce un d\u00e9sint\u00e9r\u00eat pour le voyage ? Ou un espoir que d\u2019autres proposent ?<\/p><p><strong style=\"color: #008000;\">Livre BOW in<\/strong> :<\/p><p>Un livre est en cours de r\u00e9alisation, il s\u2019agit de t\u00e9moignages d\u2019enfants de guerre europ\u00e9ens.<\/p><p>CSF envoie celui d\u2019un adh\u00e9rent de la r\u00e9gion Sud-est. Ce dernier avait d\u00e9j\u00e0 r\u00e9dig\u00e9, \u00e0 titre personnel, son histoire et celle de ses parents. Nous souhaitons adjoindre d\u2019autres t\u00e9moignages. N\u2019h\u00e9sitez pas \u00e0 contacter Chantal Le Quentrec si vous \u00eates int\u00e9ress\u00e9s.<\/p><p>Participation :<\/p><p>L\u2019exp\u00e9rience de chacun est utile aux autres. Nous vous rappelons que vous pouvez participer \u00e0 l\u2019\u00e9laboration du site en d\u00e9crivant vos joies, vos d\u00e9ceptions, vos bonnes ou mauvaises exp\u00e9riences lors des recherches. Adressez vos textes soit \u00e0 votre DR, soit \u00e0 Chantal Le Quentrec. Emergerons ainsi des sujets qui int\u00e9resseront les membres de CSF HOG et les visiteurs du site. L\u2019anonymat peut, si vous le souhaitez, \u00eatre garanti, rien ne sera publi\u00e9 sans votre accord.<\/p><p>\u00a0<\/p>","_et_gb_content_width":"","footnotes":""},"categories":[183,212,13],"tags":[],"class_list":["post-1018","post","type-post","status-publish","format-standard","has-post-thumbnail","hentry","category-annoncesnouvelles","category-autresevenements","category-vie-de-lassociation"],"yoast_head":"<!-- This site is optimized with the Yoast SEO plugin v27.5 - https:\/\/yoast.com\/product\/yoast-seo-wordpress\/ -->\n<title>Janvier 2015 - CSF - HOG<\/title>\n<meta name=\"robots\" content=\"index, follow, max-snippet:-1, max-image-preview:large, max-video-preview:-1\" \/>\n<link rel=\"canonical\" href=\"https:\/\/www.coeurssansfrontieres.com\/fr\/vie-de-lassociation\/autresevenements\/janvier-2015\/\" \/>\n<meta property=\"og:locale\" content=\"fr_FR\" \/>\n<meta property=\"og:type\" content=\"article\" \/>\n<meta property=\"og:title\" content=\"Janvier 2015 - CSF - HOG\" \/>\n<meta property=\"og:description\" content=\"&nbsp; &nbsp; Chers amis, Chaque nouvelle ann\u00e9e est porteuse d&#039;espoirs pour l&#039;avenir, notamment pour les 12 prochains mois D\u00e9j\u00e0, au cours de ces toutes premi\u00e8res semaines une adh\u00e9rente allemande a trouv\u00e9 sa famille fran\u00e7aise. Nous sommes persuad\u00e9s que cette bonne nouvelle ouvre la voie \u00e0 d\u2019autres retrouvailles. Nous sommes heureux de constater un plus grand [&hellip;]\" \/>\n<meta property=\"og:url\" content=\"https:\/\/www.coeurssansfrontieres.com\/fr\/vie-de-lassociation\/autresevenements\/janvier-2015\/\" \/>\n<meta property=\"og:site_name\" content=\"CSF - HOG\" \/>\n<meta property=\"article:published_time\" content=\"2015-02-06T16:25:24+00:00\" \/>\n<meta property=\"article:modified_time\" content=\"2017-10-12T09:54:48+00:00\" \/>\n<meta property=\"og:image\" content=\"https:\/\/www.coeurssansfrontieres.com\/wp-content\/uploads\/2017\/08\/annonces-ombres.png\" \/>\n\t<meta property=\"og:image:width\" content=\"122\" \/>\n\t<meta property=\"og:image:height\" content=\"122\" \/>\n\t<meta property=\"og:image:type\" content=\"image\/png\" \/>\n<meta name=\"author\" content=\"LE QUENTREC Chantal\" \/>\n<meta name=\"twitter:card\" content=\"summary_large_image\" \/>\n<meta name=\"twitter:label1\" content=\"\u00c9crit par\" \/>\n\t<meta name=\"twitter:data1\" content=\"LE QUENTREC Chantal\" \/>\n\t<meta name=\"twitter:label2\" content=\"Dur\u00e9e de lecture estim\u00e9e\" \/>\n\t<meta name=\"twitter:data2\" content=\"2 minutes\" \/>\n<script type=\"application\/ld+json\" class=\"yoast-schema-graph\">{\"@context\":\"https:\\\/\\\/schema.org\",\"@graph\":[{\"@type\":\"Article\",\"@id\":\"https:\\\/\\\/www.coeurssansfrontieres.com\\\/fr\\\/vie-de-lassociation\\\/autresevenements\\\/janvier-2015\\\/#article\",\"isPartOf\":{\"@id\":\"https:\\\/\\\/www.coeurssansfrontieres.com\\\/fr\\\/vie-de-lassociation\\\/autresevenements\\\/janvier-2015\\\/\"},\"author\":{\"name\":\"LE QUENTREC Chantal\",\"@id\":\"https:\\\/\\\/www.coeurssansfrontieres.com\\\/fr\\\/#\\\/schema\\\/person\\\/ae811928053aca16ba5f8ad091b75a2e\"},\"headline\":\"Janvier 2015\",\"datePublished\":\"2015-02-06T16:25:24+00:00\",\"dateModified\":\"2017-10-12T09:54:48+00:00\",\"mainEntityOfPage\":{\"@id\":\"https:\\\/\\\/www.coeurssansfrontieres.com\\\/fr\\\/vie-de-lassociation\\\/autresevenements\\\/janvier-2015\\\/\"},\"wordCount\":497,\"commentCount\":0,\"image\":{\"@id\":\"https:\\\/\\\/www.coeurssansfrontieres.com\\\/fr\\\/vie-de-lassociation\\\/autresevenements\\\/janvier-2015\\\/#primaryimage\"},\"thumbnailUrl\":\"https:\\\/\\\/www.coeurssansfrontieres.com\\\/wp-content\\\/uploads\\\/2017\\\/08\\\/annonces-ombres.png\",\"articleSection\":[\"AnnoncesNouvelles\",\"Autres Ev\u00e8nements\",\"Vie de l'Association\"],\"inLanguage\":\"fr-FR\",\"potentialAction\":[{\"@type\":\"CommentAction\",\"name\":\"Comment\",\"target\":[\"https:\\\/\\\/www.coeurssansfrontieres.com\\\/fr\\\/vie-de-lassociation\\\/autresevenements\\\/janvier-2015\\\/#respond\"]}]},{\"@type\":\"WebPage\",\"@id\":\"https:\\\/\\\/www.coeurssansfrontieres.com\\\/fr\\\/vie-de-lassociation\\\/autresevenements\\\/janvier-2015\\\/\",\"url\":\"https:\\\/\\\/www.coeurssansfrontieres.com\\\/fr\\\/vie-de-lassociation\\\/autresevenements\\\/janvier-2015\\\/\",\"name\":\"Janvier 2015 - CSF - HOG\",\"isPartOf\":{\"@id\":\"https:\\\/\\\/www.coeurssansfrontieres.com\\\/fr\\\/#website\"},\"primaryImageOfPage\":{\"@id\":\"https:\\\/\\\/www.coeurssansfrontieres.com\\\/fr\\\/vie-de-lassociation\\\/autresevenements\\\/janvier-2015\\\/#primaryimage\"},\"image\":{\"@id\":\"https:\\\/\\\/www.coeurssansfrontieres.com\\\/fr\\\/vie-de-lassociation\\\/autresevenements\\\/janvier-2015\\\/#primaryimage\"},\"thumbnailUrl\":\"https:\\\/\\\/www.coeurssansfrontieres.com\\\/wp-content\\\/uploads\\\/2017\\\/08\\\/annonces-ombres.png\",\"datePublished\":\"2015-02-06T16:25:24+00:00\",\"dateModified\":\"2017-10-12T09:54:48+00:00\",\"author\":{\"@id\":\"https:\\\/\\\/www.coeurssansfrontieres.com\\\/fr\\\/#\\\/schema\\\/person\\\/ae811928053aca16ba5f8ad091b75a2e\"},\"breadcrumb\":{\"@id\":\"https:\\\/\\\/www.coeurssansfrontieres.com\\\/fr\\\/vie-de-lassociation\\\/autresevenements\\\/janvier-2015\\\/#breadcrumb\"},\"inLanguage\":\"fr-FR\",\"potentialAction\":[{\"@type\":\"ReadAction\",\"target\":[\"https:\\\/\\\/www.coeurssansfrontieres.com\\\/fr\\\/vie-de-lassociation\\\/autresevenements\\\/janvier-2015\\\/\"]}]},{\"@type\":\"ImageObject\",\"inLanguage\":\"fr-FR\",\"@id\":\"https:\\\/\\\/www.coeurssansfrontieres.com\\\/fr\\\/vie-de-lassociation\\\/autresevenements\\\/janvier-2015\\\/#primaryimage\",\"url\":\"https:\\\/\\\/www.coeurssansfrontieres.com\\\/wp-content\\\/uploads\\\/2017\\\/08\\\/annonces-ombres.png\",\"contentUrl\":\"https:\\\/\\\/www.coeurssansfrontieres.com\\\/wp-content\\\/uploads\\\/2017\\\/08\\\/annonces-ombres.png\",\"width\":122,\"height\":122},{\"@type\":\"BreadcrumbList\",\"@id\":\"https:\\\/\\\/www.coeurssansfrontieres.com\\\/fr\\\/vie-de-lassociation\\\/autresevenements\\\/janvier-2015\\\/#breadcrumb\",\"itemListElement\":[{\"@type\":\"ListItem\",\"position\":1,\"name\":\"Accueil\",\"item\":\"https:\\\/\\\/www.coeurssansfrontieres.com\\\/fr\\\/\"},{\"@type\":\"ListItem\",\"position\":2,\"name\":\"Janvier 2015\"}]},{\"@type\":\"WebSite\",\"@id\":\"https:\\\/\\\/www.coeurssansfrontieres.com\\\/fr\\\/#website\",\"url\":\"https:\\\/\\\/www.coeurssansfrontieres.com\\\/fr\\\/\",\"name\":\"C\u0153urs sans fronti\u00e8res\",\"description\":\"Association franco-allemande des Enfants de la Seconde Guerre Mondiale\",\"potentialAction\":[{\"@type\":\"SearchAction\",\"target\":{\"@type\":\"EntryPoint\",\"urlTemplate\":\"https:\\\/\\\/www.coeurssansfrontieres.com\\\/fr\\\/?s={search_term_string}\"},\"query-input\":{\"@type\":\"PropertyValueSpecification\",\"valueRequired\":true,\"valueName\":\"search_term_string\"}}],\"inLanguage\":\"fr-FR\"},{\"@type\":\"Person\",\"@id\":\"https:\\\/\\\/www.coeurssansfrontieres.com\\\/fr\\\/#\\\/schema\\\/person\\\/ae811928053aca16ba5f8ad091b75a2e\",\"name\":\"LE QUENTREC Chantal\"}]}<\/script>\n<!-- \/ Yoast SEO plugin. -->","yoast_head_json":{"title":"Janvier 2015 - CSF - HOG","robots":{"index":"index","follow":"follow","max-snippet":"max-snippet:-1","max-image-preview":"max-image-preview:large","max-video-preview":"max-video-preview:-1"},"canonical":"https:\/\/www.coeurssansfrontieres.com\/fr\/vie-de-lassociation\/autresevenements\/janvier-2015\/","og_locale":"fr_FR","og_type":"article","og_title":"Janvier 2015 - CSF - HOG","og_description":"&nbsp; &nbsp; Chers amis, Chaque nouvelle ann\u00e9e est porteuse d'espoirs pour l'avenir, notamment pour les 12 prochains mois D\u00e9j\u00e0, au cours de ces toutes premi\u00e8res semaines une adh\u00e9rente allemande a trouv\u00e9 sa famille fran\u00e7aise. Nous sommes persuad\u00e9s que cette bonne nouvelle ouvre la voie \u00e0 d\u2019autres retrouvailles. Nous sommes heureux de constater un plus grand [&hellip;]","og_url":"https:\/\/www.coeurssansfrontieres.com\/fr\/vie-de-lassociation\/autresevenements\/janvier-2015\/","og_site_name":"CSF - HOG","article_published_time":"2015-02-06T16:25:24+00:00","article_modified_time":"2017-10-12T09:54:48+00:00","og_image":[{"width":122,"height":122,"url":"https:\/\/www.coeurssansfrontieres.com\/wp-content\/uploads\/2017\/08\/annonces-ombres.png","type":"image\/png"}],"author":"LE QUENTREC Chantal","twitter_card":"summary_large_image","twitter_misc":{"\u00c9crit par":"LE QUENTREC Chantal","Dur\u00e9e de lecture estim\u00e9e":"2 minutes"},"schema":{"@context":"https:\/\/schema.org","@graph":[{"@type":"Article","@id":"https:\/\/www.coeurssansfrontieres.com\/fr\/vie-de-lassociation\/autresevenements\/janvier-2015\/#article","isPartOf":{"@id":"https:\/\/www.coeurssansfrontieres.com\/fr\/vie-de-lassociation\/autresevenements\/janvier-2015\/"},"author":{"name":"LE QUENTREC Chantal","@id":"https:\/\/www.coeurssansfrontieres.com\/fr\/#\/schema\/person\/ae811928053aca16ba5f8ad091b75a2e"},"headline":"Janvier 2015","datePublished":"2015-02-06T16:25:24+00:00","dateModified":"2017-10-12T09:54:48+00:00","mainEntityOfPage":{"@id":"https:\/\/www.coeurssansfrontieres.com\/fr\/vie-de-lassociation\/autresevenements\/janvier-2015\/"},"wordCount":497,"commentCount":0,"image":{"@id":"https:\/\/www.coeurssansfrontieres.com\/fr\/vie-de-lassociation\/autresevenements\/janvier-2015\/#primaryimage"},"thumbnailUrl":"https:\/\/www.coeurssansfrontieres.com\/wp-content\/uploads\/2017\/08\/annonces-ombres.png","articleSection":["AnnoncesNouvelles","Autres Ev\u00e8nements","Vie de l'Association"],"inLanguage":"fr-FR","potentialAction":[{"@type":"CommentAction","name":"Comment","target":["https:\/\/www.coeurssansfrontieres.com\/fr\/vie-de-lassociation\/autresevenements\/janvier-2015\/#respond"]}]},{"@type":"WebPage","@id":"https:\/\/www.coeurssansfrontieres.com\/fr\/vie-de-lassociation\/autresevenements\/janvier-2015\/","url":"https:\/\/www.coeurssansfrontieres.com\/fr\/vie-de-lassociation\/autresevenements\/janvier-2015\/","name":"Janvier 2015 - CSF - HOG","isPartOf":{"@id":"https:\/\/www.coeurssansfrontieres.com\/fr\/#website"},"primaryImageOfPage":{"@id":"https:\/\/www.coeurssansfrontieres.com\/fr\/vie-de-lassociation\/autresevenements\/janvier-2015\/#primaryimage"},"image":{"@id":"https:\/\/www.coeurssansfrontieres.com\/fr\/vie-de-lassociation\/autresevenements\/janvier-2015\/#primaryimage"},"thumbnailUrl":"https:\/\/www.coeurssansfrontieres.com\/wp-content\/uploads\/2017\/08\/annonces-ombres.png","datePublished":"2015-02-06T16:25:24+00:00","dateModified":"2017-10-12T09:54:48+00:00","author":{"@id":"https:\/\/www.coeurssansfrontieres.com\/fr\/#\/schema\/person\/ae811928053aca16ba5f8ad091b75a2e"},"breadcrumb":{"@id":"https:\/\/www.coeurssansfrontieres.com\/fr\/vie-de-lassociation\/autresevenements\/janvier-2015\/#breadcrumb"},"inLanguage":"fr-FR","potentialAction":[{"@type":"ReadAction","target":["https:\/\/www.coeurssansfrontieres.com\/fr\/vie-de-lassociation\/autresevenements\/janvier-2015\/"]}]},{"@type":"ImageObject","inLanguage":"fr-FR","@id":"https:\/\/www.coeurssansfrontieres.com\/fr\/vie-de-lassociation\/autresevenements\/janvier-2015\/#primaryimage","url":"https:\/\/www.coeurssansfrontieres.com\/wp-content\/uploads\/2017\/08\/annonces-ombres.png","contentUrl":"https:\/\/www.coeurssansfrontieres.com\/wp-content\/uploads\/2017\/08\/annonces-ombres.png","width":122,"height":122},{"@type":"BreadcrumbList","@id":"https:\/\/www.coeurssansfrontieres.com\/fr\/vie-de-lassociation\/autresevenements\/janvier-2015\/#breadcrumb","itemListElement":[{"@type":"ListItem","position":1,"name":"Accueil","item":"https:\/\/www.coeurssansfrontieres.com\/fr\/"},{"@type":"ListItem","position":2,"name":"Janvier 2015"}]},{"@type":"WebSite","@id":"https:\/\/www.coeurssansfrontieres.com\/fr\/#website","url":"https:\/\/www.coeurssansfrontieres.com\/fr\/","name":"C\u0153urs sans fronti\u00e8res","description":"Association franco-allemande des Enfants de la Seconde Guerre Mondiale","potentialAction":[{"@type":"SearchAction","target":{"@type":"EntryPoint","urlTemplate":"https:\/\/www.coeurssansfrontieres.com\/fr\/?s={search_term_string}"},"query-input":{"@type":"PropertyValueSpecification","valueRequired":true,"valueName":"search_term_string"}}],"inLanguage":"fr-FR"},{"@type":"Person","@id":"https:\/\/www.coeurssansfrontieres.com\/fr\/#\/schema\/person\/ae811928053aca16ba5f8ad091b75a2e","name":"LE QUENTREC Chantal"}]}},"_links":{"self":[{"href":"https:\/\/www.coeurssansfrontieres.com\/fr\/wp-json\/wp\/v2\/posts\/1018","targetHints":{"allow":["GET"]}}],"collection":[{"href":"https:\/\/www.coeurssansfrontieres.com\/fr\/wp-json\/wp\/v2\/posts"}],"about":[{"href":"https:\/\/www.coeurssansfrontieres.com\/fr\/wp-json\/wp\/v2\/types\/post"}],"author":[{"embeddable":true,"href":"https:\/\/www.coeurssansfrontieres.com\/fr\/wp-json\/wp\/v2\/users\/5"}],"replies":[{"embeddable":true,"href":"https:\/\/www.coeurssansfrontieres.com\/fr\/wp-json\/wp\/v2\/comments?post=1018"}],"version-history":[{"count":0,"href":"https:\/\/www.coeurssansfrontieres.com\/fr\/wp-json\/wp\/v2\/posts\/1018\/revisions"}],"wp:featuredmedia":[{"embeddable":true,"href":"https:\/\/www.coeurssansfrontieres.com\/fr\/wp-json\/wp\/v2\/media\/5221"}],"wp:attachment":[{"href":"https:\/\/www.coeurssansfrontieres.com\/fr\/wp-json\/wp\/v2\/media?parent=1018"}],"wp:term":[{"taxonomy":"category","embeddable":true,"href":"https:\/\/www.coeurssansfrontieres.com\/fr\/wp-json\/wp\/v2\/categories?post=1018"},{"taxonomy":"post_tag","embeddable":true,"href":"https:\/\/www.coeurssansfrontieres.com\/fr\/wp-json\/wp\/v2\/tags?post=1018"}],"curies":[{"name":"wp","href":"https:\/\/api.w.org\/{rel}","templated":true}]}}