{"id":1020,"date":"2015-10-13T14:37:38","date_gmt":"2015-10-13T12:37:38","guid":{"rendered":"http:\/\/www.coeurssansfrontieres.com\/zone-privee\/informations-ponctuelles\/septembre-2015\/"},"modified":"2017-10-12T11:52:40","modified_gmt":"2017-10-12T09:52:40","slug":"septembre-2015","status":"publish","type":"post","link":"https:\/\/www.coeurssansfrontieres.com\/fr\/vie-de-lassociation\/annoncesnouvelles\/septembre-2015\/","title":{"rendered":"Septembre 2015"},"content":{"rendered":"<p>[et_pb_section admin_label=\u00a0\u00bbsection\u00a0\u00bb][et_pb_row admin_label=\u00a0\u00bbrow\u00a0\u00bb][et_pb_column type=\u00a0\u00bb4_4&Prime;][et_pb_text admin_label=\u00a0\u00bbTexte\u00a0\u00bb]<\/p>\n<p>&nbsp;<\/p>\n<p>Vous avez constat\u00e9 que le site CSF-HOG n\u2019a pas \u00e9t\u00e9 incr\u00e9ment\u00e9 depuis plusieurs mois. La personne qui le met \u00e0 jour \u00e9tait indisponible suite \u00e0 des probl\u00e8mes d\u2019ordre priv\u00e9. Navr\u00e9e, elle esp\u00e8re votre compr\u00e9hension.<\/p>\n<p>Heureusement notre site appr\u00e9ci\u00e9, est fr\u00e9quemment visit\u00e9. Plusieurs d\u2019entre vous, apr\u00e8s l\u2019avoir lu, nous ont rejoints au cours de ces derniers mois.<\/p>\n<p><span style=\"text-decoration: underline;\">Notre actualit\u00e9<\/span> :<\/p>\n<p><em>CSF est dans sa 10\u00e8me ann\u00e9e<\/em>. Nous f\u00eatons cet \u00e9v\u00e8nement \u00e0 Strasbourg (Schiltigheim) lors de la Rencontre 2015.<\/p>\n<p>Nous serons plus de 100 personnes. Preuve du r\u00e9sultat positif de l\u2019entraide qui s\u2019est d\u00e9velopp\u00e9e et affirm\u00e9e au cours de ces 10 ann\u00e9es, participent plusieurs familles franco-allemandes et franco-autrichiennes, nous les remercions, il ne peut y avoir de plus belles r\u00e9compenses que leurs venues malgr\u00e9 pour certains de longs trajets.<\/p>\n<p><em>Comme vous l\u2019avez souhait\u00e9 lors de la rencontre 2014<\/em>, le Conseil d\u2019administration s\u2019est efforc\u00e9 \u00e0 \u00e9tablir des contacts avec les dirigeants et la presse de nos pays.<\/p>\n<p>Ce sont des d\u00e9marches chronophages et laborieuses, mais fort utiles Nous pensons que l\u2019espoir d\u2019\u00eatre mieux entendus et compris, donc aid\u00e9s, ne sera pas d\u00e9\u00e7u. Nous aurons le plaisir de d\u00e9velopper ce sujet \u00e0 Strasbourg.<\/p>\n<p><em>Les r\u00e9unions r\u00e9gionales<\/em> : voir rubrique Zone priv\u00e9e commentaires et photos des r\u00e9unions 2015.<\/p>\n<p>N\u2019oubliez-pas de visiter la nouvelle page d\u2019accueil.<\/p>\n<p>&nbsp;<\/p>\n<p>[\/et_pb_text][\/et_pb_column][\/et_pb_row][\/et_pb_section]<\/p>\n","protected":false},"excerpt":{"rendered":"<p>&nbsp; Vous avez constat\u00e9 que le site CSF-HOG n\u2019a pas \u00e9t\u00e9 incr\u00e9ment\u00e9 depuis plusieurs mois. La personne qui le met \u00e0 jour \u00e9tait indisponible suite \u00e0 des probl\u00e8mes d\u2019ordre priv\u00e9. Navr\u00e9e, elle esp\u00e8re votre compr\u00e9hension. Heureusement notre site appr\u00e9ci\u00e9, est fr\u00e9quemment visit\u00e9. Plusieurs d\u2019entre vous, apr\u00e8s l\u2019avoir lu, nous ont rejoints au cours de ces [&hellip;]<\/p>\n","protected":false},"author":249,"featured_media":5221,"comment_status":"open","ping_status":"open","sticky":false,"template":"","format":"standard","meta":{"_et_pb_use_builder":"on","_et_pb_old_content":"<p>\u00a0<\/p><p>Vous avez constat\u00e9 que le site CSF-HOG n\u2019a pas \u00e9t\u00e9 incr\u00e9ment\u00e9 depuis plusieurs mois. La personne qui le met \u00e0 jour \u00e9tait indisponible suite \u00e0 des probl\u00e8mes d\u2019ordre priv\u00e9. Navr\u00e9e, elle esp\u00e8re votre compr\u00e9hension.<\/p><p>Heureusement notre site appr\u00e9ci\u00e9, est fr\u00e9quemment visit\u00e9. Plusieurs d\u2019entre vous, apr\u00e8s l\u2019avoir lu, nous ont rejoints au cours de ces derniers mois.<\/p><p><span style=\"text-decoration: underline;\">Notre actualit\u00e9<\/span> :<\/p><p><em>CSF est dans sa 10\u00e8me ann\u00e9e<\/em>. Nous f\u00eatons cet \u00e9v\u00e8nement \u00e0 Strasbourg (Schiltigheim) lors de la Rencontre 2015.<\/p><p>Nous serons plus de 100 personnes. Preuve du r\u00e9sultat positif de l\u2019entraide qui s\u2019est d\u00e9velopp\u00e9e et affirm\u00e9e au cours de ces 10 ann\u00e9es, participent plusieurs familles franco-allemandes et franco-autrichiennes, nous les remercions, il ne peut y avoir de plus belles r\u00e9compenses que leurs venues malgr\u00e9 pour certains de longs trajets.<\/p><p><em>Comme vous l\u2019avez souhait\u00e9 lors de la rencontre 2014<\/em>, le Conseil d\u2019administration s\u2019est efforc\u00e9 \u00e0 \u00e9tablir des contacts avec les dirigeants et la presse de nos pays.<\/p><p>Ce sont des d\u00e9marches chronophages et laborieuses, mais fort utiles Nous pensons que l\u2019espoir d\u2019\u00eatre mieux entendus et compris, donc aid\u00e9s, ne sera pas d\u00e9\u00e7u. Nous aurons le plaisir de d\u00e9velopper ce sujet \u00e0 Strasbourg.<\/p><p><em>Les r\u00e9unions r\u00e9gionales<\/em> : voir rubrique Zone priv\u00e9e commentaires et photos des r\u00e9unions 2015.<\/p><p>N\u2019oubliez-pas de visiter la nouvelle page d\u2019accueil.<\/p><p>\u00a0<\/p>","_et_gb_content_width":"","footnotes":""},"categories":[183,13],"tags":[],"class_list":["post-1020","post","type-post","status-publish","format-standard","has-post-thumbnail","hentry","category-annoncesnouvelles","category-vie-de-lassociation"],"yoast_head":"<!-- This site is optimized with the Yoast SEO plugin v27.5 - https:\/\/yoast.com\/product\/yoast-seo-wordpress\/ -->\n<title>Septembre 2015 - CSF - HOG<\/title>\n<meta name=\"robots\" content=\"index, follow, max-snippet:-1, max-image-preview:large, max-video-preview:-1\" \/>\n<link rel=\"canonical\" href=\"https:\/\/www.coeurssansfrontieres.com\/fr\/vie-de-lassociation\/annoncesnouvelles\/septembre-2015\/\" \/>\n<meta property=\"og:locale\" content=\"fr_FR\" \/>\n<meta property=\"og:type\" content=\"article\" \/>\n<meta property=\"og:title\" content=\"Septembre 2015 - CSF - HOG\" \/>\n<meta property=\"og:description\" content=\"&nbsp; Vous avez constat\u00e9 que le site CSF-HOG n\u2019a pas \u00e9t\u00e9 incr\u00e9ment\u00e9 depuis plusieurs mois. La personne qui le met \u00e0 jour \u00e9tait indisponible suite \u00e0 des probl\u00e8mes d\u2019ordre priv\u00e9. Navr\u00e9e, elle esp\u00e8re votre compr\u00e9hension. Heureusement notre site appr\u00e9ci\u00e9, est fr\u00e9quemment visit\u00e9. Plusieurs d\u2019entre vous, apr\u00e8s l\u2019avoir lu, nous ont rejoints au cours de ces [&hellip;]\" \/>\n<meta property=\"og:url\" content=\"https:\/\/www.coeurssansfrontieres.com\/fr\/vie-de-lassociation\/annoncesnouvelles\/septembre-2015\/\" \/>\n<meta property=\"og:site_name\" content=\"CSF - HOG\" \/>\n<meta property=\"article:published_time\" content=\"2015-10-13T12:37:38+00:00\" \/>\n<meta property=\"article:modified_time\" content=\"2017-10-12T09:52:40+00:00\" \/>\n<meta property=\"og:image\" content=\"https:\/\/www.coeurssansfrontieres.com\/wp-content\/uploads\/2017\/08\/annonces-ombres.png\" \/>\n\t<meta property=\"og:image:width\" content=\"122\" \/>\n\t<meta property=\"og:image:height\" content=\"122\" \/>\n\t<meta property=\"og:image:type\" content=\"image\/png\" \/>\n<meta name=\"author\" content=\"GOFFIN Alexandre\" \/>\n<meta name=\"twitter:card\" content=\"summary_large_image\" \/>\n<meta name=\"twitter:label1\" content=\"\u00c9crit par\" \/>\n\t<meta name=\"twitter:data1\" content=\"GOFFIN Alexandre\" \/>\n\t<meta name=\"twitter:label2\" content=\"Dur\u00e9e de lecture estim\u00e9e\" \/>\n\t<meta name=\"twitter:data2\" content=\"1 minute\" \/>\n<script type=\"application\/ld+json\" class=\"yoast-schema-graph\">{\"@context\":\"https:\\\/\\\/schema.org\",\"@graph\":[{\"@type\":\"Article\",\"@id\":\"https:\\\/\\\/www.coeurssansfrontieres.com\\\/fr\\\/vie-de-lassociation\\\/annoncesnouvelles\\\/septembre-2015\\\/#article\",\"isPartOf\":{\"@id\":\"https:\\\/\\\/www.coeurssansfrontieres.com\\\/fr\\\/vie-de-lassociation\\\/annoncesnouvelles\\\/septembre-2015\\\/\"},\"author\":{\"name\":\"GOFFIN Alexandre\",\"@id\":\"https:\\\/\\\/www.coeurssansfrontieres.com\\\/fr\\\/#\\\/schema\\\/person\\\/19507754554eb5218427fc31038cac56\"},\"headline\":\"Septembre 2015\",\"datePublished\":\"2015-10-13T12:37:38+00:00\",\"dateModified\":\"2017-10-12T09:52:40+00:00\",\"mainEntityOfPage\":{\"@id\":\"https:\\\/\\\/www.coeurssansfrontieres.com\\\/fr\\\/vie-de-lassociation\\\/annoncesnouvelles\\\/septembre-2015\\\/\"},\"wordCount\":273,\"commentCount\":0,\"image\":{\"@id\":\"https:\\\/\\\/www.coeurssansfrontieres.com\\\/fr\\\/vie-de-lassociation\\\/annoncesnouvelles\\\/septembre-2015\\\/#primaryimage\"},\"thumbnailUrl\":\"https:\\\/\\\/www.coeurssansfrontieres.com\\\/wp-content\\\/uploads\\\/2017\\\/08\\\/annonces-ombres.png\",\"articleSection\":[\"AnnoncesNouvelles\",\"Vie de l'Association\"],\"inLanguage\":\"fr-FR\",\"potentialAction\":[{\"@type\":\"CommentAction\",\"name\":\"Comment\",\"target\":[\"https:\\\/\\\/www.coeurssansfrontieres.com\\\/fr\\\/vie-de-lassociation\\\/annoncesnouvelles\\\/septembre-2015\\\/#respond\"]}]},{\"@type\":\"WebPage\",\"@id\":\"https:\\\/\\\/www.coeurssansfrontieres.com\\\/fr\\\/vie-de-lassociation\\\/annoncesnouvelles\\\/septembre-2015\\\/\",\"url\":\"https:\\\/\\\/www.coeurssansfrontieres.com\\\/fr\\\/vie-de-lassociation\\\/annoncesnouvelles\\\/septembre-2015\\\/\",\"name\":\"Septembre 2015 - CSF - HOG\",\"isPartOf\":{\"@id\":\"https:\\\/\\\/www.coeurssansfrontieres.com\\\/fr\\\/#website\"},\"primaryImageOfPage\":{\"@id\":\"https:\\\/\\\/www.coeurssansfrontieres.com\\\/fr\\\/vie-de-lassociation\\\/annoncesnouvelles\\\/septembre-2015\\\/#primaryimage\"},\"image\":{\"@id\":\"https:\\\/\\\/www.coeurssansfrontieres.com\\\/fr\\\/vie-de-lassociation\\\/annoncesnouvelles\\\/septembre-2015\\\/#primaryimage\"},\"thumbnailUrl\":\"https:\\\/\\\/www.coeurssansfrontieres.com\\\/wp-content\\\/uploads\\\/2017\\\/08\\\/annonces-ombres.png\",\"datePublished\":\"2015-10-13T12:37:38+00:00\",\"dateModified\":\"2017-10-12T09:52:40+00:00\",\"author\":{\"@id\":\"https:\\\/\\\/www.coeurssansfrontieres.com\\\/fr\\\/#\\\/schema\\\/person\\\/19507754554eb5218427fc31038cac56\"},\"breadcrumb\":{\"@id\":\"https:\\\/\\\/www.coeurssansfrontieres.com\\\/fr\\\/vie-de-lassociation\\\/annoncesnouvelles\\\/septembre-2015\\\/#breadcrumb\"},\"inLanguage\":\"fr-FR\",\"potentialAction\":[{\"@type\":\"ReadAction\",\"target\":[\"https:\\\/\\\/www.coeurssansfrontieres.com\\\/fr\\\/vie-de-lassociation\\\/annoncesnouvelles\\\/septembre-2015\\\/\"]}]},{\"@type\":\"ImageObject\",\"inLanguage\":\"fr-FR\",\"@id\":\"https:\\\/\\\/www.coeurssansfrontieres.com\\\/fr\\\/vie-de-lassociation\\\/annoncesnouvelles\\\/septembre-2015\\\/#primaryimage\",\"url\":\"https:\\\/\\\/www.coeurssansfrontieres.com\\\/wp-content\\\/uploads\\\/2017\\\/08\\\/annonces-ombres.png\",\"contentUrl\":\"https:\\\/\\\/www.coeurssansfrontieres.com\\\/wp-content\\\/uploads\\\/2017\\\/08\\\/annonces-ombres.png\",\"width\":122,\"height\":122},{\"@type\":\"BreadcrumbList\",\"@id\":\"https:\\\/\\\/www.coeurssansfrontieres.com\\\/fr\\\/vie-de-lassociation\\\/annoncesnouvelles\\\/septembre-2015\\\/#breadcrumb\",\"itemListElement\":[{\"@type\":\"ListItem\",\"position\":1,\"name\":\"Accueil\",\"item\":\"https:\\\/\\\/www.coeurssansfrontieres.com\\\/fr\\\/\"},{\"@type\":\"ListItem\",\"position\":2,\"name\":\"Septembre 2015\"}]},{\"@type\":\"WebSite\",\"@id\":\"https:\\\/\\\/www.coeurssansfrontieres.com\\\/fr\\\/#website\",\"url\":\"https:\\\/\\\/www.coeurssansfrontieres.com\\\/fr\\\/\",\"name\":\"C\u0153urs sans fronti\u00e8res\",\"description\":\"Association franco-allemande des Enfants de la Seconde Guerre Mondiale\",\"potentialAction\":[{\"@type\":\"SearchAction\",\"target\":{\"@type\":\"EntryPoint\",\"urlTemplate\":\"https:\\\/\\\/www.coeurssansfrontieres.com\\\/fr\\\/?s={search_term_string}\"},\"query-input\":{\"@type\":\"PropertyValueSpecification\",\"valueRequired\":true,\"valueName\":\"search_term_string\"}}],\"inLanguage\":\"fr-FR\"},{\"@type\":\"Person\",\"@id\":\"https:\\\/\\\/www.coeurssansfrontieres.com\\\/fr\\\/#\\\/schema\\\/person\\\/19507754554eb5218427fc31038cac56\",\"name\":\"GOFFIN Alexandre\"}]}<\/script>\n<!-- \/ Yoast SEO plugin. -->","yoast_head_json":{"title":"Septembre 2015 - CSF - HOG","robots":{"index":"index","follow":"follow","max-snippet":"max-snippet:-1","max-image-preview":"max-image-preview:large","max-video-preview":"max-video-preview:-1"},"canonical":"https:\/\/www.coeurssansfrontieres.com\/fr\/vie-de-lassociation\/annoncesnouvelles\/septembre-2015\/","og_locale":"fr_FR","og_type":"article","og_title":"Septembre 2015 - CSF - HOG","og_description":"&nbsp; Vous avez constat\u00e9 que le site CSF-HOG n\u2019a pas \u00e9t\u00e9 incr\u00e9ment\u00e9 depuis plusieurs mois. La personne qui le met \u00e0 jour \u00e9tait indisponible suite \u00e0 des probl\u00e8mes d\u2019ordre priv\u00e9. Navr\u00e9e, elle esp\u00e8re votre compr\u00e9hension. Heureusement notre site appr\u00e9ci\u00e9, est fr\u00e9quemment visit\u00e9. Plusieurs d\u2019entre vous, apr\u00e8s l\u2019avoir lu, nous ont rejoints au cours de ces [&hellip;]","og_url":"https:\/\/www.coeurssansfrontieres.com\/fr\/vie-de-lassociation\/annoncesnouvelles\/septembre-2015\/","og_site_name":"CSF - HOG","article_published_time":"2015-10-13T12:37:38+00:00","article_modified_time":"2017-10-12T09:52:40+00:00","og_image":[{"width":122,"height":122,"url":"https:\/\/www.coeurssansfrontieres.com\/wp-content\/uploads\/2017\/08\/annonces-ombres.png","type":"image\/png"}],"author":"GOFFIN Alexandre","twitter_card":"summary_large_image","twitter_misc":{"\u00c9crit par":"GOFFIN Alexandre","Dur\u00e9e de lecture estim\u00e9e":"1 minute"},"schema":{"@context":"https:\/\/schema.org","@graph":[{"@type":"Article","@id":"https:\/\/www.coeurssansfrontieres.com\/fr\/vie-de-lassociation\/annoncesnouvelles\/septembre-2015\/#article","isPartOf":{"@id":"https:\/\/www.coeurssansfrontieres.com\/fr\/vie-de-lassociation\/annoncesnouvelles\/septembre-2015\/"},"author":{"name":"GOFFIN Alexandre","@id":"https:\/\/www.coeurssansfrontieres.com\/fr\/#\/schema\/person\/19507754554eb5218427fc31038cac56"},"headline":"Septembre 2015","datePublished":"2015-10-13T12:37:38+00:00","dateModified":"2017-10-12T09:52:40+00:00","mainEntityOfPage":{"@id":"https:\/\/www.coeurssansfrontieres.com\/fr\/vie-de-lassociation\/annoncesnouvelles\/septembre-2015\/"},"wordCount":273,"commentCount":0,"image":{"@id":"https:\/\/www.coeurssansfrontieres.com\/fr\/vie-de-lassociation\/annoncesnouvelles\/septembre-2015\/#primaryimage"},"thumbnailUrl":"https:\/\/www.coeurssansfrontieres.com\/wp-content\/uploads\/2017\/08\/annonces-ombres.png","articleSection":["AnnoncesNouvelles","Vie de l'Association"],"inLanguage":"fr-FR","potentialAction":[{"@type":"CommentAction","name":"Comment","target":["https:\/\/www.coeurssansfrontieres.com\/fr\/vie-de-lassociation\/annoncesnouvelles\/septembre-2015\/#respond"]}]},{"@type":"WebPage","@id":"https:\/\/www.coeurssansfrontieres.com\/fr\/vie-de-lassociation\/annoncesnouvelles\/septembre-2015\/","url":"https:\/\/www.coeurssansfrontieres.com\/fr\/vie-de-lassociation\/annoncesnouvelles\/septembre-2015\/","name":"Septembre 2015 - CSF - HOG","isPartOf":{"@id":"https:\/\/www.coeurssansfrontieres.com\/fr\/#website"},"primaryImageOfPage":{"@id":"https:\/\/www.coeurssansfrontieres.com\/fr\/vie-de-lassociation\/annoncesnouvelles\/septembre-2015\/#primaryimage"},"image":{"@id":"https:\/\/www.coeurssansfrontieres.com\/fr\/vie-de-lassociation\/annoncesnouvelles\/septembre-2015\/#primaryimage"},"thumbnailUrl":"https:\/\/www.coeurssansfrontieres.com\/wp-content\/uploads\/2017\/08\/annonces-ombres.png","datePublished":"2015-10-13T12:37:38+00:00","dateModified":"2017-10-12T09:52:40+00:00","author":{"@id":"https:\/\/www.coeurssansfrontieres.com\/fr\/#\/schema\/person\/19507754554eb5218427fc31038cac56"},"breadcrumb":{"@id":"https:\/\/www.coeurssansfrontieres.com\/fr\/vie-de-lassociation\/annoncesnouvelles\/septembre-2015\/#breadcrumb"},"inLanguage":"fr-FR","potentialAction":[{"@type":"ReadAction","target":["https:\/\/www.coeurssansfrontieres.com\/fr\/vie-de-lassociation\/annoncesnouvelles\/septembre-2015\/"]}]},{"@type":"ImageObject","inLanguage":"fr-FR","@id":"https:\/\/www.coeurssansfrontieres.com\/fr\/vie-de-lassociation\/annoncesnouvelles\/septembre-2015\/#primaryimage","url":"https:\/\/www.coeurssansfrontieres.com\/wp-content\/uploads\/2017\/08\/annonces-ombres.png","contentUrl":"https:\/\/www.coeurssansfrontieres.com\/wp-content\/uploads\/2017\/08\/annonces-ombres.png","width":122,"height":122},{"@type":"BreadcrumbList","@id":"https:\/\/www.coeurssansfrontieres.com\/fr\/vie-de-lassociation\/annoncesnouvelles\/septembre-2015\/#breadcrumb","itemListElement":[{"@type":"ListItem","position":1,"name":"Accueil","item":"https:\/\/www.coeurssansfrontieres.com\/fr\/"},{"@type":"ListItem","position":2,"name":"Septembre 2015"}]},{"@type":"WebSite","@id":"https:\/\/www.coeurssansfrontieres.com\/fr\/#website","url":"https:\/\/www.coeurssansfrontieres.com\/fr\/","name":"C\u0153urs sans fronti\u00e8res","description":"Association franco-allemande des Enfants de la Seconde Guerre Mondiale","potentialAction":[{"@type":"SearchAction","target":{"@type":"EntryPoint","urlTemplate":"https:\/\/www.coeurssansfrontieres.com\/fr\/?s={search_term_string}"},"query-input":{"@type":"PropertyValueSpecification","valueRequired":true,"valueName":"search_term_string"}}],"inLanguage":"fr-FR"},{"@type":"Person","@id":"https:\/\/www.coeurssansfrontieres.com\/fr\/#\/schema\/person\/19507754554eb5218427fc31038cac56","name":"GOFFIN Alexandre"}]}},"_links":{"self":[{"href":"https:\/\/www.coeurssansfrontieres.com\/fr\/wp-json\/wp\/v2\/posts\/1020","targetHints":{"allow":["GET"]}}],"collection":[{"href":"https:\/\/www.coeurssansfrontieres.com\/fr\/wp-json\/wp\/v2\/posts"}],"about":[{"href":"https:\/\/www.coeurssansfrontieres.com\/fr\/wp-json\/wp\/v2\/types\/post"}],"author":[{"embeddable":true,"href":"https:\/\/www.coeurssansfrontieres.com\/fr\/wp-json\/wp\/v2\/users\/249"}],"replies":[{"embeddable":true,"href":"https:\/\/www.coeurssansfrontieres.com\/fr\/wp-json\/wp\/v2\/comments?post=1020"}],"version-history":[{"count":0,"href":"https:\/\/www.coeurssansfrontieres.com\/fr\/wp-json\/wp\/v2\/posts\/1020\/revisions"}],"wp:featuredmedia":[{"embeddable":true,"href":"https:\/\/www.coeurssansfrontieres.com\/fr\/wp-json\/wp\/v2\/media\/5221"}],"wp:attachment":[{"href":"https:\/\/www.coeurssansfrontieres.com\/fr\/wp-json\/wp\/v2\/media?parent=1020"}],"wp:term":[{"taxonomy":"category","embeddable":true,"href":"https:\/\/www.coeurssansfrontieres.com\/fr\/wp-json\/wp\/v2\/categories?post=1020"},{"taxonomy":"post_tag","embeddable":true,"href":"https:\/\/www.coeurssansfrontieres.com\/fr\/wp-json\/wp\/v2\/tags?post=1020"}],"curies":[{"name":"wp","href":"https:\/\/api.w.org\/{rel}","templated":true}]}}