{"id":1035,"date":"2015-10-13T18:13:13","date_gmt":"2015-10-13T16:13:13","guid":{"rendered":"http:\/\/www.coeurssansfrontieres.com\/zone-privee\/regions\/reunion-ile-de-france\/"},"modified":"2017-10-12T16:52:57","modified_gmt":"2017-10-12T14:52:57","slug":"reunion-ile-de-france","status":"publish","type":"post","link":"https:\/\/www.coeurssansfrontieres.com\/fr\/vie-de-lassociation\/rencontres-regionales\/reunion-ile-de-france\/","title":{"rendered":"R\u00e9union Ile-de-France"},"content":{"rendered":"<p>[et_pb_section admin_label=\u00a0\u00bbsection\u00a0\u00bb][et_pb_row admin_label=\u00a0\u00bbrow\u00a0\u00bb][et_pb_column type=\u00a0\u00bb4_4&Prime;][et_pb_text admin_label=\u00a0\u00bbTexte\u00a0\u00bb]<\/p>\n<p>Pour la 1\u00e8re fois, gr\u00e2ce \u00e0 la grande gentillesse, de Denise et L\u00e9o Bernard notre r\u00e9union n\u2019a pas \u00e9t\u00e9 limit\u00e9e \u00e0 midi. Nous avons, comme nous amis des r\u00e9gions en Province, b\u00e9n\u00e9fici\u00e9 de toute une journ\u00e9e dans un cadre agr\u00e9able, pour des \u00e9changes \u00e9mouvants autour de nos histoires r\u00e9ciproques.<\/p>\n<p>Un d\u00e9jeuner bienvenu pour la d\u00e9tente et les \u00e9changes amicaux nous a r\u00e9unis dans un joli restaurant, puis L\u00e9o nous a pr\u00e9sent\u00e9 son club de tir \u00e0 l\u2019arc, nous pensions savoir ce qu\u2019est le tir \u00e0 l\u2019arc, quel erreur, ce sport a une histoire tr\u00e8s ancienne dont les r\u00e8gles morales et sportives sont encore empreintes. Les n\u00e9ophytes que nous sommes ont \u00e9t\u00e9 captiv\u00e9s par la pr\u00e9sentation de L\u00e9o, qui a su se mettre \u00e0 notre port\u00e9e pour que nous en comprenions la grandeur. Denise et Leo sont les dirigeants de leur club, leur passion pour le tir \u00e0 l\u2019arc les am\u00e8ne \u00e0 se d\u00e9vouer pour son d\u00e9veloppement club et l\u2019accompagnement de ses membres, Denise est d\u2019ailleurs arbitre.<\/p>\n<p>Merci beaucoup \u00e0 Denise et L\u00e9o pour cette journ\u00e9e inoubliable, merci \u00e0 tous les pr\u00e9sents \u00e0 Hardricourt, je sais qu\u2019ils ont comme moi trouv\u00e9 la journ\u00e9e trop courte et r\u00eavent de bient\u00f4t en vivre une semblable.<\/p>\n<p><em>Chantal<\/em><\/p>\n<p><em>Photos : Suzy et Huguette<\/em><\/p>\n<p><em><img loading=\"lazy\" decoding=\"async\" class=\" size-full wp-image-1031\" src=\"https:\/\/www.coeurssansfrontieres.com\/wp-content\/uploads\/2015\/10\/150910lq030aok.jpg\" width=\"560\" height=\"437\" border=\"0\" srcset=\"https:\/\/www.coeurssansfrontieres.com\/wp-content\/uploads\/2015\/10\/150910lq030aok.jpg 560w, https:\/\/www.coeurssansfrontieres.com\/wp-content\/uploads\/2015\/10\/150910lq030aok-480x375.jpg 480w\" sizes=\"(min-width: 0px) and (max-width: 480px) 480px, (min-width: 481px) 560px, 100vw\" \/><br \/>\n<\/em>Denise &amp; L\u00e9o<\/p>\n<p><em><img loading=\"lazy\" decoding=\"async\" class=\" size-full wp-image-1032\" src=\"https:\/\/www.coeurssansfrontieres.com\/wp-content\/uploads\/2015\/10\/150910lq030bok.jpg\" width=\"560\" height=\"420\" border=\"0\" srcset=\"https:\/\/www.coeurssansfrontieres.com\/wp-content\/uploads\/2015\/10\/150910lq030bok.jpg 560w, https:\/\/www.coeurssansfrontieres.com\/wp-content\/uploads\/2015\/10\/150910lq030bok-480x360.jpg 480w\" sizes=\"(min-width: 0px) and (max-width: 480px) 480px, (min-width: 481px) 560px, 100vw\" \/><\/em><\/p>\n<p><em><img loading=\"lazy\" decoding=\"async\" class=\" size-full wp-image-1033\" src=\"https:\/\/www.coeurssansfrontieres.com\/wp-content\/uploads\/2015\/10\/150910lq030cok.jpg\" width=\"560\" height=\"408\" border=\"0\" srcset=\"https:\/\/www.coeurssansfrontieres.com\/wp-content\/uploads\/2015\/10\/150910lq030cok.jpg 560w, https:\/\/www.coeurssansfrontieres.com\/wp-content\/uploads\/2015\/10\/150910lq030cok-480x350.jpg 480w\" sizes=\"(min-width: 0px) and (max-width: 480px) 480px, (min-width: 481px) 560px, 100vw\" \/><\/em><\/p>\n<p><em><img loading=\"lazy\" decoding=\"async\" class=\" size-full wp-image-1034\" src=\"https:\/\/www.coeurssansfrontieres.com\/wp-content\/uploads\/2015\/10\/150910lq030dok.jpg\" width=\"420\" height=\"560\" border=\"0\" srcset=\"https:\/\/www.coeurssansfrontieres.com\/wp-content\/uploads\/2015\/10\/150910lq030dok.jpg 420w, https:\/\/www.coeurssansfrontieres.com\/wp-content\/uploads\/2015\/10\/150910lq030dok-225x300.jpg 225w\" sizes=\"(max-width: 420px) 100vw, 420px\" \/><br \/>\n<\/em>Le club de tir \u00e0 l&rsquo;arc<\/p>\n<p>&nbsp;<\/p>\n<p>[\/et_pb_text][\/et_pb_column][\/et_pb_row][\/et_pb_section]<\/p>\n","protected":false},"excerpt":{"rendered":"<p>Pour la 1\u00e8re fois, gr\u00e2ce \u00e0 la grande gentillesse, de Denise et L\u00e9o Bernard notre r\u00e9union n\u2019a pas \u00e9t\u00e9 limit\u00e9e \u00e0 midi. Nous avons, comme nous amis des r\u00e9gions en Province, b\u00e9n\u00e9fici\u00e9 de toute une journ\u00e9e dans un cadre agr\u00e9able, pour des \u00e9changes \u00e9mouvants autour de nos histoires r\u00e9ciproques. Un d\u00e9jeuner bienvenu pour la d\u00e9tente [&hellip;]<\/p>\n","protected":false},"author":249,"featured_media":1031,"comment_status":"open","ping_status":"open","sticky":false,"template":"","format":"standard","meta":{"_et_pb_use_builder":"on","_et_pb_old_content":"<p>Pour la 1\u00e8re fois, gr\u00e2ce \u00e0 la grande gentillesse, de Denise et L\u00e9o Bernard notre r\u00e9union n\u2019a pas \u00e9t\u00e9 limit\u00e9e \u00e0 midi. Nous avons, comme nous amis des r\u00e9gions en Province, b\u00e9n\u00e9fici\u00e9 de toute une journ\u00e9e dans un cadre agr\u00e9able, pour des \u00e9changes \u00e9mouvants autour de nos histoires r\u00e9ciproques.<\/p><p>Un d\u00e9jeuner bienvenu pour la d\u00e9tente et les \u00e9changes amicaux nous a r\u00e9unis dans un joli restaurant, puis L\u00e9o nous a pr\u00e9sent\u00e9 son club de tir \u00e0 l\u2019arc, nous pensions savoir ce qu\u2019est le tir \u00e0 l\u2019arc, quel erreur, ce sport a une histoire tr\u00e8s ancienne dont les r\u00e8gles morales et sportives sont encore empreintes. Les n\u00e9ophytes que nous sommes ont \u00e9t\u00e9 captiv\u00e9s par la pr\u00e9sentation de L\u00e9o, qui a su se mettre \u00e0 notre port\u00e9e pour que nous en comprenions la grandeur. Denise et Leo sont les dirigeants de leur club, leur passion pour le tir \u00e0 l\u2019arc les am\u00e8ne \u00e0 se d\u00e9vouer pour son d\u00e9veloppement club et l\u2019accompagnement de ses membres, Denise est d\u2019ailleurs arbitre.<\/p><p>Merci beaucoup \u00e0 Denise et L\u00e9o pour cette journ\u00e9e inoubliable, merci \u00e0 tous les pr\u00e9sents \u00e0 Hardricourt, je sais qu\u2019ils ont comme moi trouv\u00e9 la journ\u00e9e trop courte et r\u00eavent de bient\u00f4t en vivre une semblable.<\/p><p><em>Chantal<\/em><\/p><p><em>Photos : Suzy et Huguette<\/em><\/p><p><em><img class=\" size-full wp-image-1031\" src=\"https:\/\/www.coeurssansfrontieres.com\/wp-content\/uploads\/2015\/10\/150910lq030aok.jpg\" width=\"560\" height=\"437\" border=\"0\" \/><br \/> <\/em>Denise &amp; L\u00e9o<\/p><p><em><img class=\" size-full wp-image-1032\" src=\"https:\/\/www.coeurssansfrontieres.com\/wp-content\/uploads\/2015\/10\/150910lq030bok.jpg\" width=\"560\" height=\"420\" border=\"0\" \/><\/em><\/p><p><em><img class=\" size-full wp-image-1033\" src=\"https:\/\/www.coeurssansfrontieres.com\/wp-content\/uploads\/2015\/10\/150910lq030cok.jpg\" width=\"560\" height=\"408\" border=\"0\" \/><\/em><\/p><p><em><img class=\" size-full wp-image-1034\" src=\"https:\/\/www.coeurssansfrontieres.com\/wp-content\/uploads\/2015\/10\/150910lq030dok.jpg\" width=\"420\" height=\"560\" border=\"0\" \/><br \/> <\/em>Le club de tir \u00e0 l'arc<\/p><p>\u00a0<\/p>","_et_gb_content_width":"","footnotes":""},"categories":[154,13],"tags":[],"class_list":["post-1035","post","type-post","status-publish","format-standard","has-post-thumbnail","hentry","category-rencontres-regionales","category-vie-de-lassociation"],"yoast_head":"<!-- This site is optimized with the Yoast SEO plugin v27.5 - https:\/\/yoast.com\/product\/yoast-seo-wordpress\/ -->\n<title>R\u00e9union Ile-de-France - CSF - HOG<\/title>\n<meta name=\"robots\" content=\"index, follow, max-snippet:-1, max-image-preview:large, max-video-preview:-1\" \/>\n<link rel=\"canonical\" href=\"https:\/\/www.coeurssansfrontieres.com\/fr\/vie-de-lassociation\/rencontres-regionales\/reunion-ile-de-france\/\" \/>\n<meta property=\"og:locale\" content=\"fr_FR\" \/>\n<meta property=\"og:type\" content=\"article\" \/>\n<meta property=\"og:title\" content=\"R\u00e9union Ile-de-France - CSF - HOG\" \/>\n<meta property=\"og:description\" content=\"Pour la 1\u00e8re fois, gr\u00e2ce \u00e0 la grande gentillesse, de Denise et L\u00e9o Bernard notre r\u00e9union n\u2019a pas \u00e9t\u00e9 limit\u00e9e \u00e0 midi. Nous avons, comme nous amis des r\u00e9gions en Province, b\u00e9n\u00e9fici\u00e9 de toute une journ\u00e9e dans un cadre agr\u00e9able, pour des \u00e9changes \u00e9mouvants autour de nos histoires r\u00e9ciproques. Un d\u00e9jeuner bienvenu pour la d\u00e9tente [&hellip;]\" \/>\n<meta property=\"og:url\" content=\"https:\/\/www.coeurssansfrontieres.com\/fr\/vie-de-lassociation\/rencontres-regionales\/reunion-ile-de-france\/\" \/>\n<meta property=\"og:site_name\" content=\"CSF - HOG\" \/>\n<meta property=\"article:published_time\" content=\"2015-10-13T16:13:13+00:00\" \/>\n<meta property=\"article:modified_time\" content=\"2017-10-12T14:52:57+00:00\" \/>\n<meta property=\"og:image\" content=\"https:\/\/www.coeurssansfrontieres.com\/wp-content\/uploads\/2015\/10\/150910lq030aok.jpg\" \/>\n\t<meta property=\"og:image:width\" content=\"560\" \/>\n\t<meta property=\"og:image:height\" content=\"437\" \/>\n\t<meta property=\"og:image:type\" content=\"image\/jpeg\" \/>\n<meta name=\"author\" content=\"GOFFIN Alexandre\" \/>\n<meta name=\"twitter:card\" content=\"summary_large_image\" \/>\n<meta name=\"twitter:label1\" content=\"\u00c9crit par\" \/>\n\t<meta name=\"twitter:data1\" content=\"GOFFIN Alexandre\" \/>\n\t<meta name=\"twitter:label2\" content=\"Dur\u00e9e de lecture estim\u00e9e\" \/>\n\t<meta name=\"twitter:data2\" content=\"1 minute\" \/>\n<script type=\"application\/ld+json\" class=\"yoast-schema-graph\">{\"@context\":\"https:\\\/\\\/schema.org\",\"@graph\":[{\"@type\":\"Article\",\"@id\":\"https:\\\/\\\/www.coeurssansfrontieres.com\\\/fr\\\/vie-de-lassociation\\\/rencontres-regionales\\\/reunion-ile-de-france\\\/#article\",\"isPartOf\":{\"@id\":\"https:\\\/\\\/www.coeurssansfrontieres.com\\\/fr\\\/vie-de-lassociation\\\/rencontres-regionales\\\/reunion-ile-de-france\\\/\"},\"author\":{\"name\":\"GOFFIN Alexandre\",\"@id\":\"https:\\\/\\\/www.coeurssansfrontieres.com\\\/fr\\\/#\\\/schema\\\/person\\\/19507754554eb5218427fc31038cac56\"},\"headline\":\"R\u00e9union Ile-de-France\",\"datePublished\":\"2015-10-13T16:13:13+00:00\",\"dateModified\":\"2017-10-12T14:52:57+00:00\",\"mainEntityOfPage\":{\"@id\":\"https:\\\/\\\/www.coeurssansfrontieres.com\\\/fr\\\/vie-de-lassociation\\\/rencontres-regionales\\\/reunion-ile-de-france\\\/\"},\"wordCount\":284,\"commentCount\":0,\"image\":{\"@id\":\"https:\\\/\\\/www.coeurssansfrontieres.com\\\/fr\\\/vie-de-lassociation\\\/rencontres-regionales\\\/reunion-ile-de-france\\\/#primaryimage\"},\"thumbnailUrl\":\"https:\\\/\\\/www.coeurssansfrontieres.com\\\/wp-content\\\/uploads\\\/2015\\\/10\\\/150910lq030aok.jpg\",\"articleSection\":[\"Rencontres r\u00e9gionales\",\"Vie de l'Association\"],\"inLanguage\":\"fr-FR\",\"potentialAction\":[{\"@type\":\"CommentAction\",\"name\":\"Comment\",\"target\":[\"https:\\\/\\\/www.coeurssansfrontieres.com\\\/fr\\\/vie-de-lassociation\\\/rencontres-regionales\\\/reunion-ile-de-france\\\/#respond\"]}]},{\"@type\":\"WebPage\",\"@id\":\"https:\\\/\\\/www.coeurssansfrontieres.com\\\/fr\\\/vie-de-lassociation\\\/rencontres-regionales\\\/reunion-ile-de-france\\\/\",\"url\":\"https:\\\/\\\/www.coeurssansfrontieres.com\\\/fr\\\/vie-de-lassociation\\\/rencontres-regionales\\\/reunion-ile-de-france\\\/\",\"name\":\"R\u00e9union Ile-de-France - CSF - HOG\",\"isPartOf\":{\"@id\":\"https:\\\/\\\/www.coeurssansfrontieres.com\\\/fr\\\/#website\"},\"primaryImageOfPage\":{\"@id\":\"https:\\\/\\\/www.coeurssansfrontieres.com\\\/fr\\\/vie-de-lassociation\\\/rencontres-regionales\\\/reunion-ile-de-france\\\/#primaryimage\"},\"image\":{\"@id\":\"https:\\\/\\\/www.coeurssansfrontieres.com\\\/fr\\\/vie-de-lassociation\\\/rencontres-regionales\\\/reunion-ile-de-france\\\/#primaryimage\"},\"thumbnailUrl\":\"https:\\\/\\\/www.coeurssansfrontieres.com\\\/wp-content\\\/uploads\\\/2015\\\/10\\\/150910lq030aok.jpg\",\"datePublished\":\"2015-10-13T16:13:13+00:00\",\"dateModified\":\"2017-10-12T14:52:57+00:00\",\"author\":{\"@id\":\"https:\\\/\\\/www.coeurssansfrontieres.com\\\/fr\\\/#\\\/schema\\\/person\\\/19507754554eb5218427fc31038cac56\"},\"breadcrumb\":{\"@id\":\"https:\\\/\\\/www.coeurssansfrontieres.com\\\/fr\\\/vie-de-lassociation\\\/rencontres-regionales\\\/reunion-ile-de-france\\\/#breadcrumb\"},\"inLanguage\":\"fr-FR\",\"potentialAction\":[{\"@type\":\"ReadAction\",\"target\":[\"https:\\\/\\\/www.coeurssansfrontieres.com\\\/fr\\\/vie-de-lassociation\\\/rencontres-regionales\\\/reunion-ile-de-france\\\/\"]}]},{\"@type\":\"ImageObject\",\"inLanguage\":\"fr-FR\",\"@id\":\"https:\\\/\\\/www.coeurssansfrontieres.com\\\/fr\\\/vie-de-lassociation\\\/rencontres-regionales\\\/reunion-ile-de-france\\\/#primaryimage\",\"url\":\"https:\\\/\\\/www.coeurssansfrontieres.com\\\/wp-content\\\/uploads\\\/2015\\\/10\\\/150910lq030aok.jpg\",\"contentUrl\":\"https:\\\/\\\/www.coeurssansfrontieres.com\\\/wp-content\\\/uploads\\\/2015\\\/10\\\/150910lq030aok.jpg\",\"width\":560,\"height\":437},{\"@type\":\"BreadcrumbList\",\"@id\":\"https:\\\/\\\/www.coeurssansfrontieres.com\\\/fr\\\/vie-de-lassociation\\\/rencontres-regionales\\\/reunion-ile-de-france\\\/#breadcrumb\",\"itemListElement\":[{\"@type\":\"ListItem\",\"position\":1,\"name\":\"Accueil\",\"item\":\"https:\\\/\\\/www.coeurssansfrontieres.com\\\/fr\\\/\"},{\"@type\":\"ListItem\",\"position\":2,\"name\":\"R\u00e9union Ile-de-France\"}]},{\"@type\":\"WebSite\",\"@id\":\"https:\\\/\\\/www.coeurssansfrontieres.com\\\/fr\\\/#website\",\"url\":\"https:\\\/\\\/www.coeurssansfrontieres.com\\\/fr\\\/\",\"name\":\"C\u0153urs sans fronti\u00e8res\",\"description\":\"Association franco-allemande des Enfants de la Seconde Guerre Mondiale\",\"potentialAction\":[{\"@type\":\"SearchAction\",\"target\":{\"@type\":\"EntryPoint\",\"urlTemplate\":\"https:\\\/\\\/www.coeurssansfrontieres.com\\\/fr\\\/?s={search_term_string}\"},\"query-input\":{\"@type\":\"PropertyValueSpecification\",\"valueRequired\":true,\"valueName\":\"search_term_string\"}}],\"inLanguage\":\"fr-FR\"},{\"@type\":\"Person\",\"@id\":\"https:\\\/\\\/www.coeurssansfrontieres.com\\\/fr\\\/#\\\/schema\\\/person\\\/19507754554eb5218427fc31038cac56\",\"name\":\"GOFFIN Alexandre\"}]}<\/script>\n<!-- \/ Yoast SEO plugin. -->","yoast_head_json":{"title":"R\u00e9union Ile-de-France - CSF - HOG","robots":{"index":"index","follow":"follow","max-snippet":"max-snippet:-1","max-image-preview":"max-image-preview:large","max-video-preview":"max-video-preview:-1"},"canonical":"https:\/\/www.coeurssansfrontieres.com\/fr\/vie-de-lassociation\/rencontres-regionales\/reunion-ile-de-france\/","og_locale":"fr_FR","og_type":"article","og_title":"R\u00e9union Ile-de-France - CSF - HOG","og_description":"Pour la 1\u00e8re fois, gr\u00e2ce \u00e0 la grande gentillesse, de Denise et L\u00e9o Bernard notre r\u00e9union n\u2019a pas \u00e9t\u00e9 limit\u00e9e \u00e0 midi. Nous avons, comme nous amis des r\u00e9gions en Province, b\u00e9n\u00e9fici\u00e9 de toute une journ\u00e9e dans un cadre agr\u00e9able, pour des \u00e9changes \u00e9mouvants autour de nos histoires r\u00e9ciproques. Un d\u00e9jeuner bienvenu pour la d\u00e9tente [&hellip;]","og_url":"https:\/\/www.coeurssansfrontieres.com\/fr\/vie-de-lassociation\/rencontres-regionales\/reunion-ile-de-france\/","og_site_name":"CSF - HOG","article_published_time":"2015-10-13T16:13:13+00:00","article_modified_time":"2017-10-12T14:52:57+00:00","og_image":[{"width":560,"height":437,"url":"https:\/\/www.coeurssansfrontieres.com\/wp-content\/uploads\/2015\/10\/150910lq030aok.jpg","type":"image\/jpeg"}],"author":"GOFFIN Alexandre","twitter_card":"summary_large_image","twitter_misc":{"\u00c9crit par":"GOFFIN Alexandre","Dur\u00e9e de lecture estim\u00e9e":"1 minute"},"schema":{"@context":"https:\/\/schema.org","@graph":[{"@type":"Article","@id":"https:\/\/www.coeurssansfrontieres.com\/fr\/vie-de-lassociation\/rencontres-regionales\/reunion-ile-de-france\/#article","isPartOf":{"@id":"https:\/\/www.coeurssansfrontieres.com\/fr\/vie-de-lassociation\/rencontres-regionales\/reunion-ile-de-france\/"},"author":{"name":"GOFFIN Alexandre","@id":"https:\/\/www.coeurssansfrontieres.com\/fr\/#\/schema\/person\/19507754554eb5218427fc31038cac56"},"headline":"R\u00e9union Ile-de-France","datePublished":"2015-10-13T16:13:13+00:00","dateModified":"2017-10-12T14:52:57+00:00","mainEntityOfPage":{"@id":"https:\/\/www.coeurssansfrontieres.com\/fr\/vie-de-lassociation\/rencontres-regionales\/reunion-ile-de-france\/"},"wordCount":284,"commentCount":0,"image":{"@id":"https:\/\/www.coeurssansfrontieres.com\/fr\/vie-de-lassociation\/rencontres-regionales\/reunion-ile-de-france\/#primaryimage"},"thumbnailUrl":"https:\/\/www.coeurssansfrontieres.com\/wp-content\/uploads\/2015\/10\/150910lq030aok.jpg","articleSection":["Rencontres r\u00e9gionales","Vie de l'Association"],"inLanguage":"fr-FR","potentialAction":[{"@type":"CommentAction","name":"Comment","target":["https:\/\/www.coeurssansfrontieres.com\/fr\/vie-de-lassociation\/rencontres-regionales\/reunion-ile-de-france\/#respond"]}]},{"@type":"WebPage","@id":"https:\/\/www.coeurssansfrontieres.com\/fr\/vie-de-lassociation\/rencontres-regionales\/reunion-ile-de-france\/","url":"https:\/\/www.coeurssansfrontieres.com\/fr\/vie-de-lassociation\/rencontres-regionales\/reunion-ile-de-france\/","name":"R\u00e9union Ile-de-France - CSF - HOG","isPartOf":{"@id":"https:\/\/www.coeurssansfrontieres.com\/fr\/#website"},"primaryImageOfPage":{"@id":"https:\/\/www.coeurssansfrontieres.com\/fr\/vie-de-lassociation\/rencontres-regionales\/reunion-ile-de-france\/#primaryimage"},"image":{"@id":"https:\/\/www.coeurssansfrontieres.com\/fr\/vie-de-lassociation\/rencontres-regionales\/reunion-ile-de-france\/#primaryimage"},"thumbnailUrl":"https:\/\/www.coeurssansfrontieres.com\/wp-content\/uploads\/2015\/10\/150910lq030aok.jpg","datePublished":"2015-10-13T16:13:13+00:00","dateModified":"2017-10-12T14:52:57+00:00","author":{"@id":"https:\/\/www.coeurssansfrontieres.com\/fr\/#\/schema\/person\/19507754554eb5218427fc31038cac56"},"breadcrumb":{"@id":"https:\/\/www.coeurssansfrontieres.com\/fr\/vie-de-lassociation\/rencontres-regionales\/reunion-ile-de-france\/#breadcrumb"},"inLanguage":"fr-FR","potentialAction":[{"@type":"ReadAction","target":["https:\/\/www.coeurssansfrontieres.com\/fr\/vie-de-lassociation\/rencontres-regionales\/reunion-ile-de-france\/"]}]},{"@type":"ImageObject","inLanguage":"fr-FR","@id":"https:\/\/www.coeurssansfrontieres.com\/fr\/vie-de-lassociation\/rencontres-regionales\/reunion-ile-de-france\/#primaryimage","url":"https:\/\/www.coeurssansfrontieres.com\/wp-content\/uploads\/2015\/10\/150910lq030aok.jpg","contentUrl":"https:\/\/www.coeurssansfrontieres.com\/wp-content\/uploads\/2015\/10\/150910lq030aok.jpg","width":560,"height":437},{"@type":"BreadcrumbList","@id":"https:\/\/www.coeurssansfrontieres.com\/fr\/vie-de-lassociation\/rencontres-regionales\/reunion-ile-de-france\/#breadcrumb","itemListElement":[{"@type":"ListItem","position":1,"name":"Accueil","item":"https:\/\/www.coeurssansfrontieres.com\/fr\/"},{"@type":"ListItem","position":2,"name":"R\u00e9union Ile-de-France"}]},{"@type":"WebSite","@id":"https:\/\/www.coeurssansfrontieres.com\/fr\/#website","url":"https:\/\/www.coeurssansfrontieres.com\/fr\/","name":"C\u0153urs sans fronti\u00e8res","description":"Association franco-allemande des Enfants de la Seconde Guerre Mondiale","potentialAction":[{"@type":"SearchAction","target":{"@type":"EntryPoint","urlTemplate":"https:\/\/www.coeurssansfrontieres.com\/fr\/?s={search_term_string}"},"query-input":{"@type":"PropertyValueSpecification","valueRequired":true,"valueName":"search_term_string"}}],"inLanguage":"fr-FR"},{"@type":"Person","@id":"https:\/\/www.coeurssansfrontieres.com\/fr\/#\/schema\/person\/19507754554eb5218427fc31038cac56","name":"GOFFIN Alexandre"}]}},"_links":{"self":[{"href":"https:\/\/www.coeurssansfrontieres.com\/fr\/wp-json\/wp\/v2\/posts\/1035","targetHints":{"allow":["GET"]}}],"collection":[{"href":"https:\/\/www.coeurssansfrontieres.com\/fr\/wp-json\/wp\/v2\/posts"}],"about":[{"href":"https:\/\/www.coeurssansfrontieres.com\/fr\/wp-json\/wp\/v2\/types\/post"}],"author":[{"embeddable":true,"href":"https:\/\/www.coeurssansfrontieres.com\/fr\/wp-json\/wp\/v2\/users\/249"}],"replies":[{"embeddable":true,"href":"https:\/\/www.coeurssansfrontieres.com\/fr\/wp-json\/wp\/v2\/comments?post=1035"}],"version-history":[{"count":0,"href":"https:\/\/www.coeurssansfrontieres.com\/fr\/wp-json\/wp\/v2\/posts\/1035\/revisions"}],"wp:featuredmedia":[{"embeddable":true,"href":"https:\/\/www.coeurssansfrontieres.com\/fr\/wp-json\/wp\/v2\/media\/1031"}],"wp:attachment":[{"href":"https:\/\/www.coeurssansfrontieres.com\/fr\/wp-json\/wp\/v2\/media?parent=1035"}],"wp:term":[{"taxonomy":"category","embeddable":true,"href":"https:\/\/www.coeurssansfrontieres.com\/fr\/wp-json\/wp\/v2\/categories?post=1035"},{"taxonomy":"post_tag","embeddable":true,"href":"https:\/\/www.coeurssansfrontieres.com\/fr\/wp-json\/wp\/v2\/tags?post=1035"}],"curies":[{"name":"wp","href":"https:\/\/api.w.org\/{rel}","templated":true}]}}