{"id":10360,"date":"2018-08-25T12:33:31","date_gmt":"2018-08-25T10:33:31","guid":{"rendered":"http:\/\/www.coeurssansfrontieres.com\/?p=10360"},"modified":"2019-07-05T17:42:13","modified_gmt":"2019-07-05T15:42:13","slug":"enfants-de-la-guerre-en-europe","status":"publish","type":"post","link":"https:\/\/www.coeurssansfrontieres.com\/fr\/categoriestechniques\/non-classifiee\/enfants-de-la-guerre-en-europe\/","title":{"rendered":"Enfants de la guerre en Europe"},"content":{"rendered":"<p>[et_pb_section admin_label=\u00a0\u00bbsection\u00a0\u00bb transparent_background=\u00a0\u00bboff\u00a0\u00bb background_color=\u00a0\u00bb#ffffff\u00a0\u00bb allow_player_pause=\u00a0\u00bboff\u00a0\u00bb inner_shadow=\u00a0\u00bboff\u00a0\u00bb parallax=\u00a0\u00bboff\u00a0\u00bb parallax_method=\u00a0\u00bboff\u00a0\u00bb padding_mobile=\u00a0\u00bboff\u00a0\u00bb make_fullwidth=\u00a0\u00bboff\u00a0\u00bb use_custom_width=\u00a0\u00bboff\u00a0\u00bb width_unit=\u00a0\u00bbon\u00a0\u00bb make_equal=\u00a0\u00bboff\u00a0\u00bb use_custom_gutter=\u00a0\u00bboff\u00a0\u00bb custom_css_main_element=\u00a0\u00bbbackground-image: url(https:\/\/www.coeurssansfrontieres.com\/wp-content\/uploads\/2018\/03\/collage-estomp\u00e9-1024&#215;562.jpg);||background-image-opacity : .5;||\/*background-size: 75vw 75vw;*\/|| height: 100%;|| width: auto;||background-position: center; ||background-repeat: no-repeat\u00a0\u00bb][et_pb_row admin_label=\u00a0\u00bbrow\u00a0\u00bb make_fullwidth=\u00a0\u00bbon\u00a0\u00bb use_custom_width=\u00a0\u00bbon\u00a0\u00bb width_unit=\u00a0\u00bboff\u00a0\u00bb use_custom_gutter=\u00a0\u00bboff\u00a0\u00bb padding_mobile=\u00a0\u00bboff\u00a0\u00bb allow_player_pause=\u00a0\u00bboff\u00a0\u00bb parallax=\u00a0\u00bboff\u00a0\u00bb parallax_method=\u00a0\u00bboff\u00a0\u00bb make_equal=\u00a0\u00bboff\u00a0\u00bb parallax_1=\u00a0\u00bboff\u00a0\u00bb parallax_method_1=\u00a0\u00bboff\u00a0\u00bb column_padding_mobile=\u00a0\u00bbon\u00a0\u00bb custom_width_percent=\u00a0\u00bb100%\u00a0\u00bb padding_top_1=\u00a0\u00bb18vh\u00a0\u00bb padding_bottom_1=\u00a0\u00bb8vh\u00a0\u00bb custom_css_main_element=\u00a0\u00bbbackground-image: url(%22https:\/\/www.coeurssansfrontieres.com\/wp-content\/uploads\/2018\/08\/logo-Europe.png%22);||background-size: 30vh 30vh;||background-position: center; ||background-repeat: no-repeat;||\u00a0\u00bb parallax_2=\u00a0\u00bboff\u00a0\u00bb parallax_method_2=\u00a0\u00bboff\u00a0\u00bb parallax_3=\u00a0\u00bboff\u00a0\u00bb parallax_method_3=\u00a0\u00bboff\u00a0\u00bb][et_pb_column type=\u00a0\u00bb1_4&Prime;][\/et_pb_column][et_pb_column type=\u00a0\u00bb1_2&Prime;][et_pb_post_title admin_label=\u00a0\u00bbTitre du poste\u00a0\u00bb title=\u00a0\u00bbon\u00a0\u00bb meta=\u00a0\u00bboff\u00a0\u00bb author=\u00a0\u00bbon\u00a0\u00bb date=\u00a0\u00bbon\u00a0\u00bb categories=\u00a0\u00bbon\u00a0\u00bb comments=\u00a0\u00bbon\u00a0\u00bb featured_image=\u00a0\u00bboff\u00a0\u00bb featured_placement=\u00a0\u00bbbelow\u00a0\u00bb parallax_effect=\u00a0\u00bbon\u00a0\u00bb parallax_method=\u00a0\u00bbon\u00a0\u00bb text_orientation=\u00a0\u00bbcenter\u00a0\u00bb text_color=\u00a0\u00bbdark\u00a0\u00bb text_background=\u00a0\u00bboff\u00a0\u00bb text_bg_color=\u00a0\u00bbrgba(255,255,255,0.9)\u00a0\u00bb module_bg_color=\u00a0\u00bbrgba(255,255,255,0)\u00a0\u00bb title_all_caps=\u00a0\u00bboff\u00a0\u00bb use_border_color=\u00a0\u00bboff\u00a0\u00bb border_color=\u00a0\u00bb#ffffff\u00a0\u00bb border_style=\u00a0\u00bbsolid\u00a0\u00bb custom_css_main_element=\u00a0\u00bbtext-color : #AC6BAE;||text-shadow: black 0.1em 0.1em 0.2em;||background-color : rgba( 244, 172, 244, 0.45);||background-opacity : 0.2;||border : 3px solid #AC6BAE;||border-radius: 25px;||box-shadow : 3px 3px 3px #7c7c7c;||margin-top : 18vh;\u00a0\u00bb border_width=\u00a0\u00bb2px\u00a0\u00bb]<\/p>\n<p>&nbsp;<\/p>\n<p>[\/et_pb_post_title][\/et_pb_column][et_pb_column type=\u00a0\u00bb1_4&Prime;][\/et_pb_column][\/et_pb_row][et_pb_row admin_label=\u00a0\u00bbLigne\u00a0\u00bb make_fullwidth=\u00a0\u00bbon\u00a0\u00bb use_custom_width=\u00a0\u00bboff\u00a0\u00bb width_unit=\u00a0\u00bbon\u00a0\u00bb use_custom_gutter=\u00a0\u00bboff\u00a0\u00bb custom_padding=\u00a0\u00bb0vh|||\u00a0\u00bb padding_mobile=\u00a0\u00bboff\u00a0\u00bb allow_player_pause=\u00a0\u00bboff\u00a0\u00bb parallax=\u00a0\u00bboff\u00a0\u00bb parallax_method=\u00a0\u00bboff\u00a0\u00bb make_equal=\u00a0\u00bboff\u00a0\u00bb parallax_1=\u00a0\u00bboff\u00a0\u00bb parallax_method_1=\u00a0\u00bboff\u00a0\u00bb parallax_2=\u00a0\u00bboff\u00a0\u00bb parallax_method_2=\u00a0\u00bboff\u00a0\u00bb column_padding_mobile=\u00a0\u00bbon\u00a0\u00bb custom_css_main_element=\u00a0\u00bbmargin-top :-1vh;\u00a0\u00bb][et_pb_column type=\u00a0\u00bb1_2&Prime;][et_pb_text admin_label=\u00a0\u00bbTexte\u00a0\u00bb background_layout=\u00a0\u00bblight\u00a0\u00bb text_orientation=\u00a0\u00bbleft\u00a0\u00bb use_border_color=\u00a0\u00bbon\u00a0\u00bb border_color=\u00a0\u00bb#e026ca\u00a0\u00bb border_style=\u00a0\u00bbsolid\u00a0\u00bb background_color=\u00a0\u00bbrgba(237,147,249,0.34)\u00a0\u00bb text_font_size=\u00a0\u00bb10&Prime; custom_padding=\u00a0\u00bb2vh|2vw|4vh|2vw\u00a0\u00bb custom_css_main_element=\u00a0\u00bbbackground-color : #eccbed;||border-radius :25px;||box-shadow : 3px 3px 3px #7c7c7c;\u00a0\u00bb border_width=\u00a0\u00bb2px\u00a0\u00bb]<\/p>\n<p><img loading=\"lazy\" decoding=\"async\" class=\"wp-image-10393 alignleft\" src=\"https:\/\/www.coeurssansfrontieres.com\/wp-content\/uploads\/2018\/08\/Wikipedia_Logo_1.0-150x150.png\" alt=\"\" width=\"109\" height=\"109\" srcset=\"https:\/\/www.coeurssansfrontieres.com\/wp-content\/uploads\/2018\/08\/Wikipedia_Logo_1.0-150x150.png 150w, https:\/\/www.coeurssansfrontieres.com\/wp-content\/uploads\/2018\/08\/Wikipedia_Logo_1.0-300x300.png 300w, https:\/\/www.coeurssansfrontieres.com\/wp-content\/uploads\/2018\/08\/Wikipedia_Logo_1.0-768x768.png 768w, https:\/\/www.coeurssansfrontieres.com\/wp-content\/uploads\/2018\/08\/Wikipedia_Logo_1.0-1024x1024.png 1024w, https:\/\/www.coeurssansfrontieres.com\/wp-content\/uploads\/2018\/08\/Wikipedia_Logo_1.0-45x45.png 45w, https:\/\/www.coeurssansfrontieres.com\/wp-content\/uploads\/2018\/08\/Wikipedia_Logo_1.0.png 1058w\" sizes=\"(max-width: 109px) 100vw, 109px\" \/><strong style=\"color: #0000ff;\"><span style=\"font-size: 14pt;\"><span style=\"color: #b630ba;\">Les enfants de la guerre dans Wikip\u00e9dia :<\/span><\/span><\/strong><span style=\"font-size: 12pt; color: #b630ba;\"><br \/>\n&#8211; en <a style=\"color: #b630ba;\" href=\"https:\/\/en.wikipedia.org\/wiki\/War_children\">anglais<\/a><\/span><br \/>\n<span style=\"font-size: 12pt; color: #b630ba;\">&#8211; en <a style=\"color: #b630ba;\" href=\"https:\/\/fr.wikipedia.org\/wiki\/Enfant_de_guerre\">fran\u00e7ais<\/a>\u00a0<\/span><br \/>\n<span style=\"font-size: 12pt; color: #b630ba;\">&#8211; en <a style=\"color: #b630ba;\" href=\"https:\/\/de.wikipedia.org\/wiki\/Besatzungskind\">allemand<\/a><\/span><\/p>\n<p>[\/et_pb_text][et_pb_text admin_label=\u00a0\u00bbTexte\u00a0\u00bb background_layout=\u00a0\u00bblight\u00a0\u00bb text_orientation=\u00a0\u00bbleft\u00a0\u00bb use_border_color=\u00a0\u00bboff\u00a0\u00bb border_color=\u00a0\u00bb#ffffff\u00a0\u00bb border_style=\u00a0\u00bbsolid\u00a0\u00bb text_font_size=\u00a0\u00bb10&Prime; custom_css_main_element=\u00a0\u00bbbackground-color : #eccbed;||border : 2px solid #AC6BAE;||border-radius : 25px;||box-shadow : 3px 3px 3px #7c7c7c;\u00a0\u00bb custom_padding=\u00a0\u00bb3vh|3vw|3vh|3vw\u00a0\u00bb]<\/p>\n<p style=\"text-align: center;\"><span style=\"font-size: 14pt; color: #b630ba;\"><strong>Quelques liens utiles<br \/>\nvers des sites traitant<br \/>\ndes enfants de la guerre en Europe.<\/strong><\/span><\/p>\n<p><span style=\"text-decoration: underline;\"><span style=\"color: #b630ba; font-size: 14pt;\"><strong>En Europe :<\/strong><\/span><\/span><\/p>\n<ul style=\"list-style-type: disc;\">\n<li><span style=\"font-size: 10pt;\"><em><span style=\"color: #b630ba;\"><strong><a style=\"color: #b630ba;\" href=\"http:\/\/www.chibow.org\/\">Children Born of War<\/a><\/strong><\/span><\/em><\/span><\/li>\n<li><span style=\"font-size: 10pt;\"><em><span style=\"color: #b630ba;\"><strong><a style=\"color: #b630ba;\" href=\"http:\/\/medpsy.uniklinikum-leipzig.de\/\">Abteilung f\u00fcr Medizinische Psychologie und Medizinische Soziologie,Universit\u00e4t Leipzig<\/a><\/strong><\/span><\/em><\/span><\/li>\n<li><span style=\"font-size: 10pt;\"><em><span style=\"color: #b630ba;\"><strong><a style=\"color: #b630ba;\" href=\"http:\/\/bik.ac.at\/\">Ludwig Boltzmann Institut f\u00fcr Kriegsfolgenforschung<\/a><\/strong><\/span><\/em><\/span><\/li>\n<li><span style=\"font-size: 10pt;\"><em><span style=\"color: #b630ba;\"><strong><a style=\"color: #b630ba;\" href=\"http:\/\/russenkinder-distelblueten.de\/\">Netzwerk Distelbl\u00fcten \u2013 Russenkinder in Deutschland<\/a><\/strong><\/span><\/em><\/span><\/li>\n<li><span style=\"font-size: 10pt;\"><em><span style=\"color: #b630ba;\"><strong><a style=\"color: #b630ba;\" href=\"https:\/\/www.russenkinder.de\/\">Netzwerk Russenkinder e.V.<\/a><\/strong><\/span><\/em><\/span><\/li>\n<li><span style=\"font-size: 10pt;\"><em><span style=\"color: #b630ba;\"><strong><a style=\"color: #b630ba;\" href=\"http:\/\/www.abgaengig-vermisst.at\/\">Kommunikationsplattform f\u00fcr \u201eBesatzungskinder\u201c und Angeh\u00f6rigensuche<\/a><\/strong><\/span><\/em><\/span><\/li>\n<li><span style=\"color: #b630ba; font-size: 10pt;\"><strong><em><a style=\"color: #b630ba;\" href=\"https:\/\/www.coeurssansfrontieres.com\/fr\/\">C\u0153urs\u00a0sans fronti\u00e8res <\/a><a style=\"color: #b630ba;\" href=\"https:\/\/www.coeurssansfrontieres.com\/de\/\">&#8211; Herzen ohne Grenzen<\/a><\/em><\/strong><\/span><\/li>\n<li><span style=\"color: #b630ba; font-size: 10pt;\"><strong><em><a style=\"color: #b630ba;\" href=\"https:\/\/www.childrenbornofwar.com\/\">International Network for Interdisciplinary Researchon Children Born of War (INIRC-CBOW)<\/a><\/em><\/strong><\/span><\/li>\n<li><span style=\"color: #b630ba; font-size: 10pt;\"><strong><a style=\"color: #b630ba;\" href=\"http:\/\/bowin.eu\/\"><em>BOW i.n.<\/em><\/a><em>\u00a0<\/em><\/strong><\/span><\/li>\n<\/ul>\n<table style=\"border-style: hidden; height: 46px;\">\n<tbody>\n<tr style=\"height: 24px;\">\n<td style=\"width: 278px; border-style: hidden; border-color: #1014e6; height: 24px;\" scope=\"col\"><span style=\"text-decoration: underline;\"><strong><span style=\"color: #b630ba; font-size: 14pt; text-decoration: underline;\">Hors d&rsquo;Europe<\/span><\/strong><\/span><\/td>\n<\/tr>\n<tr style=\"height: 22px;\">\n<td style=\"width: 278px; border-style: hidden; border-color: #1014e6; height: 22px;\"><span style=\"color: #b630ba; font-size: 10pt;\"><strong><a style=\"color: #b630ba;\" href=\"http:\/\/www.gitrace.org\/\"><em>GI Trace<\/em><\/a><\/strong><\/span><\/td>\n<\/tr>\n<\/tbody>\n<\/table>\n<p>&nbsp;<\/p>\n<p>&nbsp;<\/p>\n<p>&nbsp;<\/p>\n<p>&nbsp;<\/p>\n<p>[\/et_pb_text][\/et_pb_column][et_pb_column type=\u00a0\u00bb1_2&Prime;][et_pb_text admin_label=\u00a0\u00bbTexte\u00a0\u00bb background_layout=\u00a0\u00bblight\u00a0\u00bb text_orientation=\u00a0\u00bbcenter\u00a0\u00bb max_width=\u00a0\u00bb75%\u00a0\u00bb use_border_color=\u00a0\u00bbon\u00a0\u00bb border_color=\u00a0\u00bb#d81cc9&Prime; border_width=\u00a0\u00bb2px\u00a0\u00bb border_style=\u00a0\u00bbsolid\u00a0\u00bb custom_margin=\u00a0\u00bb||2vh|\u00a0\u00bb custom_css_main_element=\u00a0\u00bbbackground-color : rgba( 244, 172, 244, 0.45);||border-radius: 25px;||box-shadow: 3px 3px 3px #7C7C7C;\u00a0\u00bb]<\/p>\n<p style=\"text-align: center;\"><span style=\"color: #b630ba;\">Derniers articles parus<\/span><\/p>\n<p>[\/et_pb_text][et_pb_blog admin_label=\u00a0\u00bbBlog\u00a0\u00bb fullwidth=\u00a0\u00bbon\u00a0\u00bb include_categories=\u00a0\u00bb255&Prime; show_thumbnail=\u00a0\u00bbon\u00a0\u00bb show_content=\u00a0\u00bboff\u00a0\u00bb show_more=\u00a0\u00bboff\u00a0\u00bb show_author=\u00a0\u00bboff\u00a0\u00bb show_date=\u00a0\u00bboff\u00a0\u00bb show_categories=\u00a0\u00bboff\u00a0\u00bb show_comments=\u00a0\u00bboff\u00a0\u00bb show_pagination=\u00a0\u00bbon\u00a0\u00bb offset_number=\u00a0\u00bb0&Prime; use_overlay=\u00a0\u00bboff\u00a0\u00bb background_layout=\u00a0\u00bblight\u00a0\u00bb use_dropshadow=\u00a0\u00bboff\u00a0\u00bb use_border_color=\u00a0\u00bboff\u00a0\u00bb border_color=\u00a0\u00bb#ffffff\u00a0\u00bb border_style=\u00a0\u00bbsolid\u00a0\u00bb module_class=\u00a0\u00bbBlog_Accueil\u00a0\u00bb]<\/p>\n<p>&nbsp;<\/p>\n<p>[\/et_pb_blog][\/et_pb_column][\/et_pb_row][\/et_pb_section]<\/p>\n","protected":false},"excerpt":{"rendered":"<p>&nbsp; Les enfants de la guerre dans Wikip\u00e9dia : &#8211; en anglais &#8211; en fran\u00e7ais\u00a0 &#8211; en allemand Quelques liens utiles vers des sites traitant des enfants de la guerre en Europe. En Europe : Children Born of War Abteilung f\u00fcr Medizinische Psychologie und Medizinische Soziologie,Universit\u00e4t Leipzig Ludwig Boltzmann Institut f\u00fcr Kriegsfolgenforschung Netzwerk Distelbl\u00fcten \u2013 [&hellip;]<\/p>\n","protected":false},"author":249,"featured_media":0,"comment_status":"closed","ping_status":"closed","sticky":false,"template":"","format":"standard","meta":{"_et_pb_use_builder":"on","_et_pb_old_content":"","_et_gb_content_width":"","footnotes":""},"categories":[1],"tags":[],"class_list":["post-10360","post","type-post","status-publish","format-standard","hentry","category-non-classifiee"],"yoast_head":"<!-- This site is optimized with the Yoast SEO plugin v27.5 - https:\/\/yoast.com\/product\/yoast-seo-wordpress\/ -->\n<title>Enfants de la guerre en Europe - CSF - HOG<\/title>\n<meta name=\"robots\" content=\"index, follow, max-snippet:-1, max-image-preview:large, max-video-preview:-1\" \/>\n<link rel=\"canonical\" href=\"https:\/\/www.coeurssansfrontieres.com\/fr\/categoriestechniques\/non-classifiee\/enfants-de-la-guerre-en-europe\/\" \/>\n<meta property=\"og:locale\" content=\"fr_FR\" \/>\n<meta property=\"og:type\" content=\"article\" \/>\n<meta property=\"og:title\" content=\"Enfants de la guerre en Europe - CSF - HOG\" \/>\n<meta property=\"og:description\" content=\"&nbsp; Les enfants de la guerre dans Wikip\u00e9dia : - en anglais - en fran\u00e7ais\u00a0 - en allemand Quelques liens utiles vers des sites traitant des enfants de la guerre en Europe. En Europe : Children Born of War Abteilung f\u00fcr Medizinische Psychologie und Medizinische Soziologie,Universit\u00e4t Leipzig Ludwig Boltzmann Institut f\u00fcr Kriegsfolgenforschung Netzwerk Distelbl\u00fcten \u2013 [&hellip;]\" \/>\n<meta property=\"og:url\" content=\"https:\/\/www.coeurssansfrontieres.com\/fr\/categoriestechniques\/non-classifiee\/enfants-de-la-guerre-en-europe\/\" \/>\n<meta property=\"og:site_name\" content=\"CSF - HOG\" \/>\n<meta property=\"article:published_time\" content=\"2018-08-25T10:33:31+00:00\" \/>\n<meta property=\"article:modified_time\" content=\"2019-07-05T15:42:13+00:00\" \/>\n<meta property=\"og:image\" content=\"https:\/\/www.coeurssansfrontieres.com\/wp-content\/uploads\/2018\/08\/Wikipedia_Logo_1.0-150x150.png\" \/>\n<meta name=\"author\" content=\"GOFFIN Alexandre\" \/>\n<meta name=\"twitter:card\" content=\"summary_large_image\" \/>\n<meta name=\"twitter:label1\" content=\"\u00c9crit par\" \/>\n\t<meta name=\"twitter:data1\" content=\"GOFFIN Alexandre\" \/>\n\t<meta name=\"twitter:label2\" content=\"Dur\u00e9e de lecture estim\u00e9e\" \/>\n\t<meta name=\"twitter:data2\" content=\"3 minutes\" \/>\n<script type=\"application\/ld+json\" class=\"yoast-schema-graph\">{\"@context\":\"https:\\\/\\\/schema.org\",\"@graph\":[{\"@type\":\"Article\",\"@id\":\"https:\\\/\\\/www.coeurssansfrontieres.com\\\/fr\\\/categoriestechniques\\\/non-classifiee\\\/enfants-de-la-guerre-en-europe\\\/#article\",\"isPartOf\":{\"@id\":\"https:\\\/\\\/www.coeurssansfrontieres.com\\\/fr\\\/categoriestechniques\\\/non-classifiee\\\/enfants-de-la-guerre-en-europe\\\/\"},\"author\":{\"name\":\"GOFFIN Alexandre\",\"@id\":\"https:\\\/\\\/www.coeurssansfrontieres.com\\\/fr\\\/#\\\/schema\\\/person\\\/19507754554eb5218427fc31038cac56\"},\"headline\":\"Enfants de la guerre en Europe\",\"datePublished\":\"2018-08-25T10:33:31+00:00\",\"dateModified\":\"2019-07-05T15:42:13+00:00\",\"mainEntityOfPage\":{\"@id\":\"https:\\\/\\\/www.coeurssansfrontieres.com\\\/fr\\\/categoriestechniques\\\/non-classifiee\\\/enfants-de-la-guerre-en-europe\\\/\"},\"wordCount\":695,\"image\":{\"@id\":\"https:\\\/\\\/www.coeurssansfrontieres.com\\\/fr\\\/categoriestechniques\\\/non-classifiee\\\/enfants-de-la-guerre-en-europe\\\/#primaryimage\"},\"thumbnailUrl\":\"https:\\\/\\\/www.coeurssansfrontieres.com\\\/wp-content\\\/uploads\\\/2018\\\/08\\\/Wikipedia_Logo_1.0-150x150.png\",\"articleSection\":[\"Non classifi\u00e9(e)\"],\"inLanguage\":\"fr-FR\"},{\"@type\":\"WebPage\",\"@id\":\"https:\\\/\\\/www.coeurssansfrontieres.com\\\/fr\\\/categoriestechniques\\\/non-classifiee\\\/enfants-de-la-guerre-en-europe\\\/\",\"url\":\"https:\\\/\\\/www.coeurssansfrontieres.com\\\/fr\\\/categoriestechniques\\\/non-classifiee\\\/enfants-de-la-guerre-en-europe\\\/\",\"name\":\"Enfants de la guerre en Europe - CSF - HOG\",\"isPartOf\":{\"@id\":\"https:\\\/\\\/www.coeurssansfrontieres.com\\\/fr\\\/#website\"},\"primaryImageOfPage\":{\"@id\":\"https:\\\/\\\/www.coeurssansfrontieres.com\\\/fr\\\/categoriestechniques\\\/non-classifiee\\\/enfants-de-la-guerre-en-europe\\\/#primaryimage\"},\"image\":{\"@id\":\"https:\\\/\\\/www.coeurssansfrontieres.com\\\/fr\\\/categoriestechniques\\\/non-classifiee\\\/enfants-de-la-guerre-en-europe\\\/#primaryimage\"},\"thumbnailUrl\":\"https:\\\/\\\/www.coeurssansfrontieres.com\\\/wp-content\\\/uploads\\\/2018\\\/08\\\/Wikipedia_Logo_1.0-150x150.png\",\"datePublished\":\"2018-08-25T10:33:31+00:00\",\"dateModified\":\"2019-07-05T15:42:13+00:00\",\"author\":{\"@id\":\"https:\\\/\\\/www.coeurssansfrontieres.com\\\/fr\\\/#\\\/schema\\\/person\\\/19507754554eb5218427fc31038cac56\"},\"breadcrumb\":{\"@id\":\"https:\\\/\\\/www.coeurssansfrontieres.com\\\/fr\\\/categoriestechniques\\\/non-classifiee\\\/enfants-de-la-guerre-en-europe\\\/#breadcrumb\"},\"inLanguage\":\"fr-FR\",\"potentialAction\":[{\"@type\":\"ReadAction\",\"target\":[\"https:\\\/\\\/www.coeurssansfrontieres.com\\\/fr\\\/categoriestechniques\\\/non-classifiee\\\/enfants-de-la-guerre-en-europe\\\/\"]}]},{\"@type\":\"ImageObject\",\"inLanguage\":\"fr-FR\",\"@id\":\"https:\\\/\\\/www.coeurssansfrontieres.com\\\/fr\\\/categoriestechniques\\\/non-classifiee\\\/enfants-de-la-guerre-en-europe\\\/#primaryimage\",\"url\":\"https:\\\/\\\/www.coeurssansfrontieres.com\\\/wp-content\\\/uploads\\\/2018\\\/08\\\/Wikipedia_Logo_1.0-150x150.png\",\"contentUrl\":\"https:\\\/\\\/www.coeurssansfrontieres.com\\\/wp-content\\\/uploads\\\/2018\\\/08\\\/Wikipedia_Logo_1.0-150x150.png\"},{\"@type\":\"BreadcrumbList\",\"@id\":\"https:\\\/\\\/www.coeurssansfrontieres.com\\\/fr\\\/categoriestechniques\\\/non-classifiee\\\/enfants-de-la-guerre-en-europe\\\/#breadcrumb\",\"itemListElement\":[{\"@type\":\"ListItem\",\"position\":1,\"name\":\"Accueil\",\"item\":\"https:\\\/\\\/www.coeurssansfrontieres.com\\\/fr\\\/\"},{\"@type\":\"ListItem\",\"position\":2,\"name\":\"Enfants de la guerre en Europe\"}]},{\"@type\":\"WebSite\",\"@id\":\"https:\\\/\\\/www.coeurssansfrontieres.com\\\/fr\\\/#website\",\"url\":\"https:\\\/\\\/www.coeurssansfrontieres.com\\\/fr\\\/\",\"name\":\"C\u0153urs sans fronti\u00e8res\",\"description\":\"Association franco-allemande des Enfants de la Seconde Guerre Mondiale\",\"potentialAction\":[{\"@type\":\"SearchAction\",\"target\":{\"@type\":\"EntryPoint\",\"urlTemplate\":\"https:\\\/\\\/www.coeurssansfrontieres.com\\\/fr\\\/?s={search_term_string}\"},\"query-input\":{\"@type\":\"PropertyValueSpecification\",\"valueRequired\":true,\"valueName\":\"search_term_string\"}}],\"inLanguage\":\"fr-FR\"},{\"@type\":\"Person\",\"@id\":\"https:\\\/\\\/www.coeurssansfrontieres.com\\\/fr\\\/#\\\/schema\\\/person\\\/19507754554eb5218427fc31038cac56\",\"name\":\"GOFFIN Alexandre\"}]}<\/script>\n<!-- \/ Yoast SEO plugin. -->","yoast_head_json":{"title":"Enfants de la guerre en Europe - CSF - HOG","robots":{"index":"index","follow":"follow","max-snippet":"max-snippet:-1","max-image-preview":"max-image-preview:large","max-video-preview":"max-video-preview:-1"},"canonical":"https:\/\/www.coeurssansfrontieres.com\/fr\/categoriestechniques\/non-classifiee\/enfants-de-la-guerre-en-europe\/","og_locale":"fr_FR","og_type":"article","og_title":"Enfants de la guerre en Europe - CSF - HOG","og_description":"&nbsp; Les enfants de la guerre dans Wikip\u00e9dia : - en anglais - en fran\u00e7ais\u00a0 - en allemand Quelques liens utiles vers des sites traitant des enfants de la guerre en Europe. En Europe : Children Born of War Abteilung f\u00fcr Medizinische Psychologie und Medizinische Soziologie,Universit\u00e4t Leipzig Ludwig Boltzmann Institut f\u00fcr Kriegsfolgenforschung Netzwerk Distelbl\u00fcten \u2013 [&hellip;]","og_url":"https:\/\/www.coeurssansfrontieres.com\/fr\/categoriestechniques\/non-classifiee\/enfants-de-la-guerre-en-europe\/","og_site_name":"CSF - HOG","article_published_time":"2018-08-25T10:33:31+00:00","article_modified_time":"2019-07-05T15:42:13+00:00","og_image":[{"url":"https:\/\/www.coeurssansfrontieres.com\/wp-content\/uploads\/2018\/08\/Wikipedia_Logo_1.0-150x150.png","type":"","width":"","height":""}],"author":"GOFFIN Alexandre","twitter_card":"summary_large_image","twitter_misc":{"\u00c9crit par":"GOFFIN Alexandre","Dur\u00e9e de lecture estim\u00e9e":"3 minutes"},"schema":{"@context":"https:\/\/schema.org","@graph":[{"@type":"Article","@id":"https:\/\/www.coeurssansfrontieres.com\/fr\/categoriestechniques\/non-classifiee\/enfants-de-la-guerre-en-europe\/#article","isPartOf":{"@id":"https:\/\/www.coeurssansfrontieres.com\/fr\/categoriestechniques\/non-classifiee\/enfants-de-la-guerre-en-europe\/"},"author":{"name":"GOFFIN Alexandre","@id":"https:\/\/www.coeurssansfrontieres.com\/fr\/#\/schema\/person\/19507754554eb5218427fc31038cac56"},"headline":"Enfants de la guerre en Europe","datePublished":"2018-08-25T10:33:31+00:00","dateModified":"2019-07-05T15:42:13+00:00","mainEntityOfPage":{"@id":"https:\/\/www.coeurssansfrontieres.com\/fr\/categoriestechniques\/non-classifiee\/enfants-de-la-guerre-en-europe\/"},"wordCount":695,"image":{"@id":"https:\/\/www.coeurssansfrontieres.com\/fr\/categoriestechniques\/non-classifiee\/enfants-de-la-guerre-en-europe\/#primaryimage"},"thumbnailUrl":"https:\/\/www.coeurssansfrontieres.com\/wp-content\/uploads\/2018\/08\/Wikipedia_Logo_1.0-150x150.png","articleSection":["Non classifi\u00e9(e)"],"inLanguage":"fr-FR"},{"@type":"WebPage","@id":"https:\/\/www.coeurssansfrontieres.com\/fr\/categoriestechniques\/non-classifiee\/enfants-de-la-guerre-en-europe\/","url":"https:\/\/www.coeurssansfrontieres.com\/fr\/categoriestechniques\/non-classifiee\/enfants-de-la-guerre-en-europe\/","name":"Enfants de la guerre en Europe - CSF - HOG","isPartOf":{"@id":"https:\/\/www.coeurssansfrontieres.com\/fr\/#website"},"primaryImageOfPage":{"@id":"https:\/\/www.coeurssansfrontieres.com\/fr\/categoriestechniques\/non-classifiee\/enfants-de-la-guerre-en-europe\/#primaryimage"},"image":{"@id":"https:\/\/www.coeurssansfrontieres.com\/fr\/categoriestechniques\/non-classifiee\/enfants-de-la-guerre-en-europe\/#primaryimage"},"thumbnailUrl":"https:\/\/www.coeurssansfrontieres.com\/wp-content\/uploads\/2018\/08\/Wikipedia_Logo_1.0-150x150.png","datePublished":"2018-08-25T10:33:31+00:00","dateModified":"2019-07-05T15:42:13+00:00","author":{"@id":"https:\/\/www.coeurssansfrontieres.com\/fr\/#\/schema\/person\/19507754554eb5218427fc31038cac56"},"breadcrumb":{"@id":"https:\/\/www.coeurssansfrontieres.com\/fr\/categoriestechniques\/non-classifiee\/enfants-de-la-guerre-en-europe\/#breadcrumb"},"inLanguage":"fr-FR","potentialAction":[{"@type":"ReadAction","target":["https:\/\/www.coeurssansfrontieres.com\/fr\/categoriestechniques\/non-classifiee\/enfants-de-la-guerre-en-europe\/"]}]},{"@type":"ImageObject","inLanguage":"fr-FR","@id":"https:\/\/www.coeurssansfrontieres.com\/fr\/categoriestechniques\/non-classifiee\/enfants-de-la-guerre-en-europe\/#primaryimage","url":"https:\/\/www.coeurssansfrontieres.com\/wp-content\/uploads\/2018\/08\/Wikipedia_Logo_1.0-150x150.png","contentUrl":"https:\/\/www.coeurssansfrontieres.com\/wp-content\/uploads\/2018\/08\/Wikipedia_Logo_1.0-150x150.png"},{"@type":"BreadcrumbList","@id":"https:\/\/www.coeurssansfrontieres.com\/fr\/categoriestechniques\/non-classifiee\/enfants-de-la-guerre-en-europe\/#breadcrumb","itemListElement":[{"@type":"ListItem","position":1,"name":"Accueil","item":"https:\/\/www.coeurssansfrontieres.com\/fr\/"},{"@type":"ListItem","position":2,"name":"Enfants de la guerre en Europe"}]},{"@type":"WebSite","@id":"https:\/\/www.coeurssansfrontieres.com\/fr\/#website","url":"https:\/\/www.coeurssansfrontieres.com\/fr\/","name":"C\u0153urs sans fronti\u00e8res","description":"Association franco-allemande des Enfants de la Seconde Guerre Mondiale","potentialAction":[{"@type":"SearchAction","target":{"@type":"EntryPoint","urlTemplate":"https:\/\/www.coeurssansfrontieres.com\/fr\/?s={search_term_string}"},"query-input":{"@type":"PropertyValueSpecification","valueRequired":true,"valueName":"search_term_string"}}],"inLanguage":"fr-FR"},{"@type":"Person","@id":"https:\/\/www.coeurssansfrontieres.com\/fr\/#\/schema\/person\/19507754554eb5218427fc31038cac56","name":"GOFFIN Alexandre"}]}},"_links":{"self":[{"href":"https:\/\/www.coeurssansfrontieres.com\/fr\/wp-json\/wp\/v2\/posts\/10360","targetHints":{"allow":["GET"]}}],"collection":[{"href":"https:\/\/www.coeurssansfrontieres.com\/fr\/wp-json\/wp\/v2\/posts"}],"about":[{"href":"https:\/\/www.coeurssansfrontieres.com\/fr\/wp-json\/wp\/v2\/types\/post"}],"author":[{"embeddable":true,"href":"https:\/\/www.coeurssansfrontieres.com\/fr\/wp-json\/wp\/v2\/users\/249"}],"replies":[{"embeddable":true,"href":"https:\/\/www.coeurssansfrontieres.com\/fr\/wp-json\/wp\/v2\/comments?post=10360"}],"version-history":[{"count":0,"href":"https:\/\/www.coeurssansfrontieres.com\/fr\/wp-json\/wp\/v2\/posts\/10360\/revisions"}],"wp:attachment":[{"href":"https:\/\/www.coeurssansfrontieres.com\/fr\/wp-json\/wp\/v2\/media?parent=10360"}],"wp:term":[{"taxonomy":"category","embeddable":true,"href":"https:\/\/www.coeurssansfrontieres.com\/fr\/wp-json\/wp\/v2\/categories?post=10360"},{"taxonomy":"post_tag","embeddable":true,"href":"https:\/\/www.coeurssansfrontieres.com\/fr\/wp-json\/wp\/v2\/tags?post=10360"}],"curies":[{"name":"wp","href":"https:\/\/api.w.org\/{rel}","templated":true}]}}