{"id":1047,"date":"2016-01-07T16:06:17","date_gmt":"2016-01-07T15:06:17","guid":{"rendered":"http:\/\/www.coeurssansfrontieres.com\/vie-de-lassociation\/colloques\/10eme-anniversaire-de-csf-hog\/"},"modified":"2017-10-12T10:23:34","modified_gmt":"2017-10-12T08:23:34","slug":"10eme-anniversaire-de-csf-hog","status":"publish","type":"post","link":"https:\/\/www.coeurssansfrontieres.com\/fr\/vie-de-lassociation\/rencontres-annuelles\/10eme-anniversaire-de-csf-hog\/","title":{"rendered":"10\u00e8me anniversaire de CSF-HOG"},"content":{"rendered":"<p>[et_pb_section admin_label=\u00a0\u00bbsection\u00a0\u00bb][et_pb_row admin_label=\u00a0\u00bbrow\u00a0\u00bb][et_pb_column type=\u00a0\u00bb4_4&Prime;][et_pb_text admin_label=\u00a0\u00bbTexte\u00a0\u00bb]<\/p>\n<p><strong style=\"color: #800080;\"><span style=\"font-size: 14pt;\">Rencontre franco-allemande 2015<\/span><\/strong><\/p>\n<p><img loading=\"lazy\" decoding=\"async\" class=\" size-full wp-image-1045\" src=\"https:\/\/www.coeurssansfrontieres.com\/wp-content\/uploads\/2016\/01\/151229lq044a.jpg\" width=\"557\" height=\"253\" border=\"0\" srcset=\"https:\/\/www.coeurssansfrontieres.com\/wp-content\/uploads\/2016\/01\/151229lq044a.jpg 557w, https:\/\/www.coeurssansfrontieres.com\/wp-content\/uploads\/2016\/01\/151229lq044a-480x218.jpg 480w\" sizes=\"(min-width: 0px) and (max-width: 480px) 480px, (min-width: 481px) 557px, 100vw\" \/><\/p>\n<p style=\"text-align: left; margin-left: 0; margin-right: auto;\"><span style=\"font-size: 13pt;\"><strong><span style=\"color: #800080;\">Progamme:<\/span><\/strong><\/span><\/p>\n<p>10h Ouverture de la Rencontre des dix ans par le Pr\u00e9sident<\/p>\n<p>10h15 \u2013 11h informations associatives<\/p>\n<p><strong>11h \u2013 12h30 Allocutions:<\/strong><\/p>\n<p><strong>Monsieur Jean-Marie KUTNER &#8211; <\/strong>Maire de Schiltigheim<\/p>\n<p><a href=\"https:\/\/youtu.be\/xpb6Vv9e2C8\" target=\"_blank\" rel=\"noopener\">allocution<\/a><\/p>\n<p><strong>Madame Erika BERNHARD &#8211; <\/strong>Consule g\u00e9n\u00e9rale d\u2019Autriche<\/p>\n<p><a href=\"https:\/\/youtu.be\/RAymPfNFRAY\" target=\"_blank\" rel=\"noopener\">Allocution<\/a><\/p>\n<p><strong>Monsieur Dietmar WENGER &#8211; <\/strong>Consul g\u00e9n\u00e9ral d\u2019Allemagne<\/p>\n<p><a href=\"https:\/\/youtu.be\/1KlqXsxGgr8\" target=\"_blank\" rel=\"noopener\">allocution<\/a><\/p>\n<p>12h30 \u201313 h Verre de l\u2019amiti\u00e9<\/p>\n<p>13h \u2013 14h D\u00e9jeuner<\/p>\n<p><strong>14 h \u2013 16 h R\u00e9union \u2013 d\u00e9bats \u2013 pr\u00e9sentation des familles r\u00e9unies.<\/strong><\/p>\n<p>Avec l\u2019aimable collaboration de :<\/p>\n<p><strong>Monsieur Michel Huss<\/strong> \u2013 Directeur d\u00e9partemental de l\u2019ONAC<\/p>\n<p><strong>Monsieur Christophe WOEHRLE<\/strong> \u2013 Historien<\/p>\n<p><a href=\"https:\/\/youtu.be\/jrS_voFDR08\" target=\"_blank\" rel=\"noopener\">vid\u00e9o<\/a><\/p>\n<p>16h \u2013 16h30 Pause<\/p>\n<p>16h 30 \u2013 17h30 suite r\u00e9union et d\u00e9bats<\/p>\n<p><strong>19h30 D\u00eener <\/strong><\/p>\n<p><a href=\"https:\/\/youtu.be\/cjiJRJoKj9s\" target=\"_blank\" rel=\"noopener\">vid\u00e9o<\/a><\/p>\n<p><img loading=\"lazy\" decoding=\"async\" class=\" size-full wp-image-1046\" src=\"https:\/\/www.coeurssansfrontieres.com\/wp-content\/uploads\/2016\/01\/151229lq044b.jpg\" width=\"434\" height=\"275\" border=\"0\" srcset=\"https:\/\/www.coeurssansfrontieres.com\/wp-content\/uploads\/2016\/01\/151229lq044b.jpg 434w, https:\/\/www.coeurssansfrontieres.com\/wp-content\/uploads\/2016\/01\/151229lq044b-300x190.jpg 300w\" sizes=\"(max-width: 434px) 100vw, 434px\" \/><\/p>\n<p><strong>21h soir\u00e9e dansante<\/strong><\/p>\n<p><a href=\"https:\/\/youtu.be\/ARHuxN7QaCE\" target=\"_blank\" rel=\"noopener\">Video<\/a><\/p>\n<p>[\/et_pb_text][\/et_pb_column][\/et_pb_row][\/et_pb_section]<\/p>\n","protected":false},"excerpt":{"rendered":"<p>Rencontre franco-allemande 2015 Progamme: 10h Ouverture de la Rencontre des dix ans par le Pr\u00e9sident 10h15 \u2013 11h informations associatives 11h \u2013 12h30 Allocutions: Monsieur Jean-Marie KUTNER &#8211; Maire de Schiltigheim allocution Madame Erika BERNHARD &#8211; Consule g\u00e9n\u00e9rale d\u2019Autriche Allocution Monsieur Dietmar WENGER &#8211; Consul g\u00e9n\u00e9ral d\u2019Allemagne allocution 12h30 \u201313 h Verre de l\u2019amiti\u00e9 13h [&hellip;]<\/p>\n","protected":false},"author":249,"featured_media":1045,"comment_status":"open","ping_status":"open","sticky":false,"template":"","format":"standard","meta":{"_et_pb_use_builder":"on","_et_pb_old_content":"<p><strong style=\"color: #800080;\"><span style=\"font-size: 14pt;\">Rencontre franco-allemande 2015<\/span><\/strong><\/p><p><img class=\" size-full wp-image-1045\" src=\"https:\/\/www.coeurssansfrontieres.com\/wp-content\/uploads\/2016\/01\/151229lq044a.jpg\" width=\"557\" height=\"253\" border=\"0\" \/><\/p><p style=\"text-align: left; margin-left: 0; margin-right: auto;\"><span style=\"font-size: 13pt;\"><strong><span style=\"color: #800080;\">Progamme:<\/span><\/strong><\/span><\/p><p>10h Ouverture de la Rencontre des dix ans par le Pr\u00e9sident<\/p><p>10h15 \u2013 11h informations associatives<\/p><p><strong>11h \u2013 12h30 Allocutions:<\/strong><\/p><p><strong>Monsieur Jean-Marie KUTNER - <\/strong>Maire de Schiltigheim<\/p><p><a href=\"https:\/\/youtu.be\/xpb6Vv9e2C8\" target=\"_blank\" rel=\"noopener\">allocution<\/a><\/p><p><strong>Madame Erika BERNHARD - <\/strong>Consule g\u00e9n\u00e9rale d\u2019Autriche<\/p><p><a href=\"https:\/\/youtu.be\/RAymPfNFRAY\" target=\"_blank\" rel=\"noopener\">Allocution<\/a><\/p><p><strong>Monsieur Dietmar WENGER - <\/strong>Consul g\u00e9n\u00e9ral d\u2019Allemagne<\/p><p><a href=\"https:\/\/youtu.be\/1KlqXsxGgr8\" target=\"_blank\" rel=\"noopener\">allocution<\/a><\/p><p>12h30 \u201313 h Verre de l\u2019amiti\u00e9<\/p><p>13h \u2013 14h D\u00e9jeuner<\/p><p><strong>14 h \u2013 16 h R\u00e9union \u2013 d\u00e9bats \u2013 pr\u00e9sentation des familles r\u00e9unies.<\/strong><\/p><p>Avec l\u2019aimable collaboration de :<\/p><p><strong>Monsieur Michel Huss<\/strong> \u2013 Directeur d\u00e9partemental de l\u2019ONAC<\/p><p><strong>Monsieur Christophe WOEHRLE<\/strong> \u2013 Historien<\/p><p><a href=\"https:\/\/youtu.be\/jrS_voFDR08\" target=\"_blank\" rel=\"noopener\">vid\u00e9o<\/a><\/p><p>16h \u2013 16h30 Pause<\/p><p>16h 30 \u2013 17h30 suite r\u00e9union et d\u00e9bats<\/p><p><strong>19h30 D\u00eener <\/strong><\/p><p><a href=\"https:\/\/youtu.be\/cjiJRJoKj9s\" target=\"_blank\" rel=\"noopener\">vid\u00e9o<\/a><\/p><p><img class=\" size-full wp-image-1046\" src=\"https:\/\/www.coeurssansfrontieres.com\/wp-content\/uploads\/2016\/01\/151229lq044b.jpg\" width=\"434\" height=\"275\" border=\"0\" \/><\/p><p><strong>21h soir\u00e9e dansante<\/strong><\/p><p><a href=\"https:\/\/youtu.be\/ARHuxN7QaCE\" target=\"_blank\" rel=\"noopener\">Video<\/a><\/p>","_et_gb_content_width":"","footnotes":""},"categories":[210,13],"tags":[],"class_list":["post-1047","post","type-post","status-publish","format-standard","has-post-thumbnail","hentry","category-rencontres-annuelles","category-vie-de-lassociation"],"yoast_head":"<!-- This site is optimized with the Yoast SEO plugin v27.5 - https:\/\/yoast.com\/product\/yoast-seo-wordpress\/ -->\n<title>10\u00e8me anniversaire de CSF-HOG - CSF - HOG<\/title>\n<meta name=\"robots\" content=\"index, follow, max-snippet:-1, max-image-preview:large, max-video-preview:-1\" \/>\n<link rel=\"canonical\" href=\"https:\/\/www.coeurssansfrontieres.com\/fr\/vie-de-lassociation\/rencontres-annuelles\/10eme-anniversaire-de-csf-hog\/\" \/>\n<meta property=\"og:locale\" content=\"fr_FR\" \/>\n<meta property=\"og:type\" content=\"article\" \/>\n<meta property=\"og:title\" content=\"10\u00e8me anniversaire de CSF-HOG - CSF - HOG\" \/>\n<meta property=\"og:description\" content=\"Rencontre franco-allemande 2015 Progamme: 10h Ouverture de la Rencontre des dix ans par le Pr\u00e9sident 10h15 \u2013 11h informations associatives 11h \u2013 12h30 Allocutions: Monsieur Jean-Marie KUTNER - Maire de Schiltigheim allocution Madame Erika BERNHARD - Consule g\u00e9n\u00e9rale d\u2019Autriche Allocution Monsieur Dietmar WENGER - Consul g\u00e9n\u00e9ral d\u2019Allemagne allocution 12h30 \u201313 h Verre de l\u2019amiti\u00e9 13h [&hellip;]\" \/>\n<meta property=\"og:url\" content=\"https:\/\/www.coeurssansfrontieres.com\/fr\/vie-de-lassociation\/rencontres-annuelles\/10eme-anniversaire-de-csf-hog\/\" \/>\n<meta property=\"og:site_name\" content=\"CSF - HOG\" \/>\n<meta property=\"article:published_time\" content=\"2016-01-07T15:06:17+00:00\" \/>\n<meta property=\"article:modified_time\" content=\"2017-10-12T08:23:34+00:00\" \/>\n<meta property=\"og:image\" content=\"https:\/\/www.coeurssansfrontieres.com\/wp-content\/uploads\/2016\/01\/151229lq044a.jpg\" \/>\n\t<meta property=\"og:image:width\" content=\"557\" \/>\n\t<meta property=\"og:image:height\" content=\"253\" \/>\n\t<meta property=\"og:image:type\" content=\"image\/jpeg\" \/>\n<meta name=\"author\" content=\"GOFFIN Alexandre\" \/>\n<meta name=\"twitter:card\" content=\"summary_large_image\" \/>\n<meta name=\"twitter:label1\" content=\"\u00c9crit par\" \/>\n\t<meta name=\"twitter:data1\" content=\"GOFFIN Alexandre\" \/>\n\t<meta name=\"twitter:label2\" content=\"Dur\u00e9e de lecture estim\u00e9e\" \/>\n\t<meta name=\"twitter:data2\" content=\"1 minute\" \/>\n<script type=\"application\/ld+json\" class=\"yoast-schema-graph\">{\"@context\":\"https:\\\/\\\/schema.org\",\"@graph\":[{\"@type\":\"Article\",\"@id\":\"https:\\\/\\\/www.coeurssansfrontieres.com\\\/fr\\\/vie-de-lassociation\\\/rencontres-annuelles\\\/10eme-anniversaire-de-csf-hog\\\/#article\",\"isPartOf\":{\"@id\":\"https:\\\/\\\/www.coeurssansfrontieres.com\\\/fr\\\/vie-de-lassociation\\\/rencontres-annuelles\\\/10eme-anniversaire-de-csf-hog\\\/\"},\"author\":{\"name\":\"GOFFIN Alexandre\",\"@id\":\"https:\\\/\\\/www.coeurssansfrontieres.com\\\/fr\\\/#\\\/schema\\\/person\\\/19507754554eb5218427fc31038cac56\"},\"headline\":\"10\u00e8me anniversaire de CSF-HOG\",\"datePublished\":\"2016-01-07T15:06:17+00:00\",\"dateModified\":\"2017-10-12T08:23:34+00:00\",\"mainEntityOfPage\":{\"@id\":\"https:\\\/\\\/www.coeurssansfrontieres.com\\\/fr\\\/vie-de-lassociation\\\/rencontres-annuelles\\\/10eme-anniversaire-de-csf-hog\\\/\"},\"wordCount\":153,\"commentCount\":0,\"image\":{\"@id\":\"https:\\\/\\\/www.coeurssansfrontieres.com\\\/fr\\\/vie-de-lassociation\\\/rencontres-annuelles\\\/10eme-anniversaire-de-csf-hog\\\/#primaryimage\"},\"thumbnailUrl\":\"https:\\\/\\\/www.coeurssansfrontieres.com\\\/wp-content\\\/uploads\\\/2016\\\/01\\\/151229lq044a.jpg\",\"articleSection\":[\"Rencontres annuelles\",\"Vie de l'Association\"],\"inLanguage\":\"fr-FR\",\"potentialAction\":[{\"@type\":\"CommentAction\",\"name\":\"Comment\",\"target\":[\"https:\\\/\\\/www.coeurssansfrontieres.com\\\/fr\\\/vie-de-lassociation\\\/rencontres-annuelles\\\/10eme-anniversaire-de-csf-hog\\\/#respond\"]}]},{\"@type\":\"WebPage\",\"@id\":\"https:\\\/\\\/www.coeurssansfrontieres.com\\\/fr\\\/vie-de-lassociation\\\/rencontres-annuelles\\\/10eme-anniversaire-de-csf-hog\\\/\",\"url\":\"https:\\\/\\\/www.coeurssansfrontieres.com\\\/fr\\\/vie-de-lassociation\\\/rencontres-annuelles\\\/10eme-anniversaire-de-csf-hog\\\/\",\"name\":\"10\u00e8me anniversaire de CSF-HOG - CSF - HOG\",\"isPartOf\":{\"@id\":\"https:\\\/\\\/www.coeurssansfrontieres.com\\\/fr\\\/#website\"},\"primaryImageOfPage\":{\"@id\":\"https:\\\/\\\/www.coeurssansfrontieres.com\\\/fr\\\/vie-de-lassociation\\\/rencontres-annuelles\\\/10eme-anniversaire-de-csf-hog\\\/#primaryimage\"},\"image\":{\"@id\":\"https:\\\/\\\/www.coeurssansfrontieres.com\\\/fr\\\/vie-de-lassociation\\\/rencontres-annuelles\\\/10eme-anniversaire-de-csf-hog\\\/#primaryimage\"},\"thumbnailUrl\":\"https:\\\/\\\/www.coeurssansfrontieres.com\\\/wp-content\\\/uploads\\\/2016\\\/01\\\/151229lq044a.jpg\",\"datePublished\":\"2016-01-07T15:06:17+00:00\",\"dateModified\":\"2017-10-12T08:23:34+00:00\",\"author\":{\"@id\":\"https:\\\/\\\/www.coeurssansfrontieres.com\\\/fr\\\/#\\\/schema\\\/person\\\/19507754554eb5218427fc31038cac56\"},\"breadcrumb\":{\"@id\":\"https:\\\/\\\/www.coeurssansfrontieres.com\\\/fr\\\/vie-de-lassociation\\\/rencontres-annuelles\\\/10eme-anniversaire-de-csf-hog\\\/#breadcrumb\"},\"inLanguage\":\"fr-FR\",\"potentialAction\":[{\"@type\":\"ReadAction\",\"target\":[\"https:\\\/\\\/www.coeurssansfrontieres.com\\\/fr\\\/vie-de-lassociation\\\/rencontres-annuelles\\\/10eme-anniversaire-de-csf-hog\\\/\"]}]},{\"@type\":\"ImageObject\",\"inLanguage\":\"fr-FR\",\"@id\":\"https:\\\/\\\/www.coeurssansfrontieres.com\\\/fr\\\/vie-de-lassociation\\\/rencontres-annuelles\\\/10eme-anniversaire-de-csf-hog\\\/#primaryimage\",\"url\":\"https:\\\/\\\/www.coeurssansfrontieres.com\\\/wp-content\\\/uploads\\\/2016\\\/01\\\/151229lq044a.jpg\",\"contentUrl\":\"https:\\\/\\\/www.coeurssansfrontieres.com\\\/wp-content\\\/uploads\\\/2016\\\/01\\\/151229lq044a.jpg\",\"width\":557,\"height\":253},{\"@type\":\"BreadcrumbList\",\"@id\":\"https:\\\/\\\/www.coeurssansfrontieres.com\\\/fr\\\/vie-de-lassociation\\\/rencontres-annuelles\\\/10eme-anniversaire-de-csf-hog\\\/#breadcrumb\",\"itemListElement\":[{\"@type\":\"ListItem\",\"position\":1,\"name\":\"Accueil\",\"item\":\"https:\\\/\\\/www.coeurssansfrontieres.com\\\/fr\\\/\"},{\"@type\":\"ListItem\",\"position\":2,\"name\":\"10\u00e8me anniversaire de CSF-HOG\"}]},{\"@type\":\"WebSite\",\"@id\":\"https:\\\/\\\/www.coeurssansfrontieres.com\\\/fr\\\/#website\",\"url\":\"https:\\\/\\\/www.coeurssansfrontieres.com\\\/fr\\\/\",\"name\":\"C\u0153urs sans fronti\u00e8res\",\"description\":\"Association franco-allemande des Enfants de la Seconde Guerre Mondiale\",\"potentialAction\":[{\"@type\":\"SearchAction\",\"target\":{\"@type\":\"EntryPoint\",\"urlTemplate\":\"https:\\\/\\\/www.coeurssansfrontieres.com\\\/fr\\\/?s={search_term_string}\"},\"query-input\":{\"@type\":\"PropertyValueSpecification\",\"valueRequired\":true,\"valueName\":\"search_term_string\"}}],\"inLanguage\":\"fr-FR\"},{\"@type\":\"Person\",\"@id\":\"https:\\\/\\\/www.coeurssansfrontieres.com\\\/fr\\\/#\\\/schema\\\/person\\\/19507754554eb5218427fc31038cac56\",\"name\":\"GOFFIN Alexandre\"}]}<\/script>\n<!-- \/ Yoast SEO plugin. -->","yoast_head_json":{"title":"10\u00e8me anniversaire de CSF-HOG - CSF - HOG","robots":{"index":"index","follow":"follow","max-snippet":"max-snippet:-1","max-image-preview":"max-image-preview:large","max-video-preview":"max-video-preview:-1"},"canonical":"https:\/\/www.coeurssansfrontieres.com\/fr\/vie-de-lassociation\/rencontres-annuelles\/10eme-anniversaire-de-csf-hog\/","og_locale":"fr_FR","og_type":"article","og_title":"10\u00e8me anniversaire de CSF-HOG - CSF - HOG","og_description":"Rencontre franco-allemande 2015 Progamme: 10h Ouverture de la Rencontre des dix ans par le Pr\u00e9sident 10h15 \u2013 11h informations associatives 11h \u2013 12h30 Allocutions: Monsieur Jean-Marie KUTNER - Maire de Schiltigheim allocution Madame Erika BERNHARD - Consule g\u00e9n\u00e9rale d\u2019Autriche Allocution Monsieur Dietmar WENGER - Consul g\u00e9n\u00e9ral d\u2019Allemagne allocution 12h30 \u201313 h Verre de l\u2019amiti\u00e9 13h [&hellip;]","og_url":"https:\/\/www.coeurssansfrontieres.com\/fr\/vie-de-lassociation\/rencontres-annuelles\/10eme-anniversaire-de-csf-hog\/","og_site_name":"CSF - HOG","article_published_time":"2016-01-07T15:06:17+00:00","article_modified_time":"2017-10-12T08:23:34+00:00","og_image":[{"width":557,"height":253,"url":"https:\/\/www.coeurssansfrontieres.com\/wp-content\/uploads\/2016\/01\/151229lq044a.jpg","type":"image\/jpeg"}],"author":"GOFFIN Alexandre","twitter_card":"summary_large_image","twitter_misc":{"\u00c9crit par":"GOFFIN Alexandre","Dur\u00e9e de lecture estim\u00e9e":"1 minute"},"schema":{"@context":"https:\/\/schema.org","@graph":[{"@type":"Article","@id":"https:\/\/www.coeurssansfrontieres.com\/fr\/vie-de-lassociation\/rencontres-annuelles\/10eme-anniversaire-de-csf-hog\/#article","isPartOf":{"@id":"https:\/\/www.coeurssansfrontieres.com\/fr\/vie-de-lassociation\/rencontres-annuelles\/10eme-anniversaire-de-csf-hog\/"},"author":{"name":"GOFFIN Alexandre","@id":"https:\/\/www.coeurssansfrontieres.com\/fr\/#\/schema\/person\/19507754554eb5218427fc31038cac56"},"headline":"10\u00e8me anniversaire de CSF-HOG","datePublished":"2016-01-07T15:06:17+00:00","dateModified":"2017-10-12T08:23:34+00:00","mainEntityOfPage":{"@id":"https:\/\/www.coeurssansfrontieres.com\/fr\/vie-de-lassociation\/rencontres-annuelles\/10eme-anniversaire-de-csf-hog\/"},"wordCount":153,"commentCount":0,"image":{"@id":"https:\/\/www.coeurssansfrontieres.com\/fr\/vie-de-lassociation\/rencontres-annuelles\/10eme-anniversaire-de-csf-hog\/#primaryimage"},"thumbnailUrl":"https:\/\/www.coeurssansfrontieres.com\/wp-content\/uploads\/2016\/01\/151229lq044a.jpg","articleSection":["Rencontres annuelles","Vie de l'Association"],"inLanguage":"fr-FR","potentialAction":[{"@type":"CommentAction","name":"Comment","target":["https:\/\/www.coeurssansfrontieres.com\/fr\/vie-de-lassociation\/rencontres-annuelles\/10eme-anniversaire-de-csf-hog\/#respond"]}]},{"@type":"WebPage","@id":"https:\/\/www.coeurssansfrontieres.com\/fr\/vie-de-lassociation\/rencontres-annuelles\/10eme-anniversaire-de-csf-hog\/","url":"https:\/\/www.coeurssansfrontieres.com\/fr\/vie-de-lassociation\/rencontres-annuelles\/10eme-anniversaire-de-csf-hog\/","name":"10\u00e8me anniversaire de CSF-HOG - CSF - HOG","isPartOf":{"@id":"https:\/\/www.coeurssansfrontieres.com\/fr\/#website"},"primaryImageOfPage":{"@id":"https:\/\/www.coeurssansfrontieres.com\/fr\/vie-de-lassociation\/rencontres-annuelles\/10eme-anniversaire-de-csf-hog\/#primaryimage"},"image":{"@id":"https:\/\/www.coeurssansfrontieres.com\/fr\/vie-de-lassociation\/rencontres-annuelles\/10eme-anniversaire-de-csf-hog\/#primaryimage"},"thumbnailUrl":"https:\/\/www.coeurssansfrontieres.com\/wp-content\/uploads\/2016\/01\/151229lq044a.jpg","datePublished":"2016-01-07T15:06:17+00:00","dateModified":"2017-10-12T08:23:34+00:00","author":{"@id":"https:\/\/www.coeurssansfrontieres.com\/fr\/#\/schema\/person\/19507754554eb5218427fc31038cac56"},"breadcrumb":{"@id":"https:\/\/www.coeurssansfrontieres.com\/fr\/vie-de-lassociation\/rencontres-annuelles\/10eme-anniversaire-de-csf-hog\/#breadcrumb"},"inLanguage":"fr-FR","potentialAction":[{"@type":"ReadAction","target":["https:\/\/www.coeurssansfrontieres.com\/fr\/vie-de-lassociation\/rencontres-annuelles\/10eme-anniversaire-de-csf-hog\/"]}]},{"@type":"ImageObject","inLanguage":"fr-FR","@id":"https:\/\/www.coeurssansfrontieres.com\/fr\/vie-de-lassociation\/rencontres-annuelles\/10eme-anniversaire-de-csf-hog\/#primaryimage","url":"https:\/\/www.coeurssansfrontieres.com\/wp-content\/uploads\/2016\/01\/151229lq044a.jpg","contentUrl":"https:\/\/www.coeurssansfrontieres.com\/wp-content\/uploads\/2016\/01\/151229lq044a.jpg","width":557,"height":253},{"@type":"BreadcrumbList","@id":"https:\/\/www.coeurssansfrontieres.com\/fr\/vie-de-lassociation\/rencontres-annuelles\/10eme-anniversaire-de-csf-hog\/#breadcrumb","itemListElement":[{"@type":"ListItem","position":1,"name":"Accueil","item":"https:\/\/www.coeurssansfrontieres.com\/fr\/"},{"@type":"ListItem","position":2,"name":"10\u00e8me anniversaire de CSF-HOG"}]},{"@type":"WebSite","@id":"https:\/\/www.coeurssansfrontieres.com\/fr\/#website","url":"https:\/\/www.coeurssansfrontieres.com\/fr\/","name":"C\u0153urs sans fronti\u00e8res","description":"Association franco-allemande des Enfants de la Seconde Guerre Mondiale","potentialAction":[{"@type":"SearchAction","target":{"@type":"EntryPoint","urlTemplate":"https:\/\/www.coeurssansfrontieres.com\/fr\/?s={search_term_string}"},"query-input":{"@type":"PropertyValueSpecification","valueRequired":true,"valueName":"search_term_string"}}],"inLanguage":"fr-FR"},{"@type":"Person","@id":"https:\/\/www.coeurssansfrontieres.com\/fr\/#\/schema\/person\/19507754554eb5218427fc31038cac56","name":"GOFFIN Alexandre"}]}},"_links":{"self":[{"href":"https:\/\/www.coeurssansfrontieres.com\/fr\/wp-json\/wp\/v2\/posts\/1047","targetHints":{"allow":["GET"]}}],"collection":[{"href":"https:\/\/www.coeurssansfrontieres.com\/fr\/wp-json\/wp\/v2\/posts"}],"about":[{"href":"https:\/\/www.coeurssansfrontieres.com\/fr\/wp-json\/wp\/v2\/types\/post"}],"author":[{"embeddable":true,"href":"https:\/\/www.coeurssansfrontieres.com\/fr\/wp-json\/wp\/v2\/users\/249"}],"replies":[{"embeddable":true,"href":"https:\/\/www.coeurssansfrontieres.com\/fr\/wp-json\/wp\/v2\/comments?post=1047"}],"version-history":[{"count":0,"href":"https:\/\/www.coeurssansfrontieres.com\/fr\/wp-json\/wp\/v2\/posts\/1047\/revisions"}],"wp:featuredmedia":[{"embeddable":true,"href":"https:\/\/www.coeurssansfrontieres.com\/fr\/wp-json\/wp\/v2\/media\/1045"}],"wp:attachment":[{"href":"https:\/\/www.coeurssansfrontieres.com\/fr\/wp-json\/wp\/v2\/media?parent=1047"}],"wp:term":[{"taxonomy":"category","embeddable":true,"href":"https:\/\/www.coeurssansfrontieres.com\/fr\/wp-json\/wp\/v2\/categories?post=1047"},{"taxonomy":"post_tag","embeddable":true,"href":"https:\/\/www.coeurssansfrontieres.com\/fr\/wp-json\/wp\/v2\/tags?post=1047"}],"curies":[{"name":"wp","href":"https:\/\/api.w.org\/{rel}","templated":true}]}}