{"id":1057,"date":"2016-06-17T06:37:35","date_gmt":"2016-06-17T04:37:35","guid":{"rendered":"http:\/\/www.coeurssansfrontieres.com\/vie-de-lassociation\/entretiens\/a-la-recherche-de-nos-racines\/"},"modified":"2021-11-08T11:19:50","modified_gmt":"2021-11-08T10:19:50","slug":"a-la-recherche-de-nos-racines","status":"publish","type":"post","link":"https:\/\/www.coeurssansfrontieres.com\/fr\/documents\/temoins\/membrestextes\/a-la-recherche-de-nos-racines\/","title":{"rendered":"A la recherche de nos racines"},"content":{"rendered":"<p>[et_pb_section admin_label=\u00a0\u00bbsection\u00a0\u00bb][et_pb_row admin_label=\u00a0\u00bbrow\u00a0\u00bb][et_pb_column type=\u00a0\u00bb4_4&Prime;][et_pb_text admin_label=\u00a0\u00bbText\u00a0\u00bb]<\/p>\n<p>Il a des personnes pour qui, m\u00eame 71 ans apr\u00e8s, les cons\u00e9quences de la guerre sont d\u2019une grande importance. Ceci a \u00e9t\u00e9 d\u00e9montr\u00e9 tr\u00e8s clairement lors de la r\u00e9union r\u00e9gionale de CSF.<\/p>\n<p>Cette association fond\u00e9e il y a 10 ans en France a pour l\u2019objectif de tendre la main \u00e0 ceux qui ont \u00e9t\u00e9 con\u00e7us, puis s\u00e9par\u00e9s, d\u2019un de leurs parents en raison de la Seconde guerre mondiale. Leurs p\u00e8res biologiques \u00e9taient, soit des prisonniers de guerre, soit des soldats de l\u2019occupation allemande en France ou de l\u2019occupation fran\u00e7aise en Allemagne.<\/p>\n<p>Se pose \u00e9videmment la question suivante: pourquoi si tard? Les parents sont pour la plupart d\u00e9c\u00e9d\u00e9s et ceux encore en vie ne souhaitent pas, ou ne peuvent plus, se souvenir. Le silence des m\u00e8res, le traumatisme de la \u201c honte\u201d, les peines, le travail pour \u00e9duquer un enfant seule, en tant que m\u00e8re c\u00e9libataire, tout cela est toujours bien ancr\u00e9 dans les t\u00eates de ceux qui savent et qui sont toujours parmi nous.<\/p>\n<p>C\u2019est donc une grande aide et consolation pour les adh\u00e9rents de savoir que d\u2019autres ont v\u00e9cu le m\u00eame sort et qu\u2019il est possible de s\u2019entraider pour des recherches dans les archives militaires et aupr\u00e8s des institutions ou historiens, ou seulement aupr\u00e8s de personnes qui les \u00e9coutent.<\/p>\n<p>Il faut souligner cet engagement bas\u00e9 sur le volontariat. Les adh\u00e9rents cherchent avec peu d\u2019\u00e9l\u00e9ments en leur possession: Nom, pr\u00e9nom souvent mal retransmis, des r\u00e9ponses vagues \u00e0 leurs questions : du style \u00ab Peut-\u00eatre, \u00e9ventuellement, je ne sais pas exactement\u2026 \u00bb. Le chemin de la recherche est tr\u00e8s souvent long et difficile, mais au cours des 10 derni\u00e8res ann\u00e9es plusieurs familles se sont retrouv\u00e9es.<\/p>\n<p>La question pos\u00e9e: pourquoi si tard peut s\u2019expliquer par notre vie occup\u00e9e pleinement par la famille, l\u2019\u00e9ducation, le travail, mais maintenant, \u00e0 l\u2019\u00e2ge de la retraite, le moment est venu de se pencher sur sa propre vie et de se poser des questions.<\/p>\n<p>D\u2019o\u00f9 je viens? Ce que je suis est-il d\u00fb \u00e0 mon h\u00e9r\u00e9dit\u00e9 h\u00e9rite ou \u00e0 mon \u00e9ducation? Nous connaissons seulement une partie de nous-m\u00eames, mais nous sommes cr\u00e9\u00e9s de deux \u00eatres, p\u00e8re et m\u00e8re.<\/p>\n<p>Il est douloureux de chercher une personne, que nous ne connaissons m\u00eame pas, une personne (notre p\u00e8re) qui est retourn\u00e9e dans sa patrie, souvent en sachant avoir laiss\u00e9 un b\u00e9b\u00e9 ou petit enfant et une femme expos\u00e9e \u00e0 maintes r\u00e9primandes et peines.<\/p>\n<p>On pourrait parler davantage du courage de nos m\u00e8res, de notre enfance sans p\u00e8re, des commentaires d\u00e9sagr\u00e9ables de \u201c nos compatriotes ou \u00e9l\u00e8ves\u201d du mot \u201c b\u00e2tard\u201d entendu maintes fois.<\/p>\n<p>Ainsi notre caract\u00e8re s\u2019est form\u00e9 et maintenant nous sommes \u00e0 la recherche de notre identit\u00e9 enti\u00e8re. Et justement, maintenant, il est tr\u00e8s important de s\u2019aider d\u2019un pays \u00e0 l\u2019autre et faire comprendre aux gens non concern\u00e9s par ce probl\u00e8me que la guerre et la destruction ne sont pas r\u00e9solues uniquement avec la signature d\u2019un traite de paix, mais montrent des cons\u00e9quences encore des d\u00e9cennies apr\u00e8s.<\/p>\n<p><em>Meggie Beck<\/em><\/p>\n<p>R\u00e9union r\u00e9gionale \u201ecoeur sans frontieres\u201c- \u201eHerzen ohne Grenzen\u201c<\/p>\n<p>21-22 mai 2016 \u00e0 Obersasbach-Hochfelden<\/p>\n<p>&nbsp;<\/p>\n<p><img decoding=\"async\" class=\" size-full wp-image-1056\" style=\"border: 0;\" src=\"https:\/\/www.coeurssansfrontieres.com\/wp-content\/uploads\/2016\/06\/160614lq011a.jpg\" alt=\"A la recherche de nos racines\" width=\"280\" border=\"0\" srcset=\"https:\/\/www.coeurssansfrontieres.com\/wp-content\/uploads\/2016\/06\/160614lq011a.jpg 600w, https:\/\/www.coeurssansfrontieres.com\/wp-content\/uploads\/2016\/06\/160614lq011a-480x401.jpg 480w\" sizes=\"(min-width: 0px) and (max-width: 480px) 480px, (min-width: 481px) 600px, 100vw\" \/><\/p>\n<p>[\/et_pb_text][\/et_pb_column][\/et_pb_row][\/et_pb_section]<\/p>\n","protected":false},"excerpt":{"rendered":"<p>Il a des personnes pour qui, m\u00eame 71 ans apr\u00e8s, les cons\u00e9quences de la guerre sont d\u2019une grande importance. Ceci a \u00e9t\u00e9 d\u00e9montr\u00e9 tr\u00e8s clairement lors de la r\u00e9union r\u00e9gionale de CSF. Cette association fond\u00e9e il y a 10 ans en France a pour l\u2019objectif de tendre la main \u00e0 ceux qui ont \u00e9t\u00e9 con\u00e7us, [&hellip;]<\/p>\n","protected":false},"author":249,"featured_media":1056,"comment_status":"open","ping_status":"open","sticky":false,"template":"","format":"standard","meta":{"_et_pb_use_builder":"on","_et_pb_old_content":"<p>Il a des personnes pour qui, m\u00eame 71 ans apr\u00e8s, les cons\u00e9quences de la guerre sont d\u2019une grande importance. Ceci a \u00e9t\u00e9 d\u00e9montr\u00e9 tr\u00e8s clairement lors de la r\u00e9union r\u00e9gionale de CSF.<\/p><p>Cette association fond\u00e9e il y a 10 ans en France a pour l\u2019objectif de tendre la main \u00e0 ceux qui ont \u00e9t\u00e9 con\u00e7us, puis s\u00e9par\u00e9s, d\u2019un de leurs parents en raison de la Seconde guerre mondiale. Leurs p\u00e8res biologiques \u00e9taient, soit des prisonniers de guerre, soit des soldats de l\u2019occupation allemande en France ou de l\u2019occupation fran\u00e7aise en Allemagne.<\/p><p>Se pose \u00e9videmment la question suivante: pourquoi si tard? Les parents sont pour la plupart d\u00e9c\u00e9d\u00e9s et ceux encore en vie ne souhaitent pas, ou ne peuvent plus, se souvenir. Le silence des m\u00e8res, le traumatisme de la \u201c honte\u201d, les peines, le travail pour \u00e9duquer un enfant seule, en tant que m\u00e8re c\u00e9libataire, tout cela est toujours bien ancr\u00e9 dans les t\u00eates de ceux qui savent et qui sont toujours parmi nous.<\/p><p>C\u2019est donc une grande aide et consolation pour les adh\u00e9rents de savoir que d\u2019autres ont v\u00e9cu le m\u00eame sort et qu\u2019il est possible de s\u2019entraider pour des recherches dans les archives militaires et aupr\u00e8s des institutions ou historiens, ou seulement aupr\u00e8s de personnes qui les \u00e9coutent.<\/p><p>Il faut souligner cet engagement bas\u00e9 sur le volontariat. Les adh\u00e9rents cherchent avec peu d\u2019\u00e9l\u00e9ments en leur possession: Nom, pr\u00e9nom souvent mal retransmis, des r\u00e9ponses vagues \u00e0 leurs questions : du style \u00ab Peut-\u00eatre, \u00e9ventuellement, je ne sais pas exactement\u2026 \u00bb. Le chemin de la recherche est tr\u00e8s souvent long et difficile, mais au cours des 10 derni\u00e8res ann\u00e9es plusieurs familles se sont retrouv\u00e9es.<\/p><p>La question pos\u00e9e: pourquoi si tard peut s\u2019expliquer par notre vie occup\u00e9e pleinement par la famille, l\u2019\u00e9ducation, le travail, mais maintenant, \u00e0 l\u2019\u00e2ge de la retraite, le moment est venu de se pencher sur sa propre vie et de se poser des questions.<\/p><p>D\u2019o\u00f9 je viens? Ce que je suis est-il d\u00fb \u00e0 mon h\u00e9r\u00e9dit\u00e9 h\u00e9rite ou \u00e0 mon \u00e9ducation? Nous connaissons seulement une partie de nous-m\u00eames, mais nous sommes cr\u00e9\u00e9s de deux \u00eatres, p\u00e8re et m\u00e8re.<\/p><p>Il est douloureux de chercher une personne, que nous ne connaissons m\u00eame pas, une personne (notre p\u00e8re) qui est retourn\u00e9e dans sa patrie, souvent en sachant avoir laiss\u00e9 un b\u00e9b\u00e9 ou petit enfant et une femme expos\u00e9e \u00e0 maintes r\u00e9primandes et peines.<\/p><p>On pourrait parler davantage du courage de nos m\u00e8res, de notre enfance sans p\u00e8re, des commentaires d\u00e9sagr\u00e9ables de \u201c nos compatriotes ou \u00e9l\u00e8ves\u201d du mot \u201c b\u00e2tard\u201d entendu maintes fois.<\/p><p>Ainsi notre caract\u00e8re s\u2019est form\u00e9 et maintenant nous sommes \u00e0 la recherche de notre identit\u00e9 enti\u00e8re. Et justement, maintenant, il est tr\u00e8s important de s\u2019aider d\u2019un pays \u00e0 l\u2019autre et faire comprendre aux gens non concern\u00e9s par ce probl\u00e8me que la guerre et la destruction ne sont pas r\u00e9solues uniquement avec la signature d\u2019un traite de paix, mais montrent des cons\u00e9quences encore des d\u00e9cennies apr\u00e8s.<\/p><p><em>Meggie Beck<\/em><\/p><p>R\u00e9union r\u00e9gionale \u201ecoeur sans frontieres\u201c- \u201eHerzen ohne Grenzen\u201c<\/p><p>21-22 mai 2016 \u00e0 Obersasbach-Hochfelden<\/p><p>\u00a0<\/p><p><img class=\" size-full wp-image-1056\" style=\"border: 0;\" src=\"https:\/\/www.coeurssansfrontieres.com\/wp-content\/uploads\/2016\/06\/160614lq011a.jpg\" alt=\"A la recherche de nos racines\" width=\"280\" border=\"0\" \/><\/p>","_et_gb_content_width":"","footnotes":""},"categories":[162,275,208,163],"tags":[],"class_list":["post-1057","post","type-post","status-publish","format-standard","has-post-thumbnail","hentry","category-documents","category-meggie","category-membrestextes","category-temoins"],"yoast_head":"<!-- This site is optimized with the Yoast SEO plugin v27.5 - https:\/\/yoast.com\/product\/yoast-seo-wordpress\/ -->\n<title>A la recherche de nos racines - CSF - HOG<\/title>\n<meta name=\"robots\" content=\"index, follow, max-snippet:-1, max-image-preview:large, max-video-preview:-1\" \/>\n<link rel=\"canonical\" href=\"https:\/\/www.coeurssansfrontieres.com\/fr\/documents\/temoins\/membrestextes\/a-la-recherche-de-nos-racines\/\" \/>\n<meta property=\"og:locale\" content=\"fr_FR\" \/>\n<meta property=\"og:type\" content=\"article\" \/>\n<meta property=\"og:title\" content=\"A la recherche de nos racines - CSF - HOG\" \/>\n<meta property=\"og:description\" content=\"Il a des personnes pour qui, m\u00eame 71 ans apr\u00e8s, les cons\u00e9quences de la guerre sont d\u2019une grande importance. Ceci a \u00e9t\u00e9 d\u00e9montr\u00e9 tr\u00e8s clairement lors de la r\u00e9union r\u00e9gionale de CSF. Cette association fond\u00e9e il y a 10 ans en France a pour l\u2019objectif de tendre la main \u00e0 ceux qui ont \u00e9t\u00e9 con\u00e7us, [&hellip;]\" \/>\n<meta property=\"og:url\" content=\"https:\/\/www.coeurssansfrontieres.com\/fr\/documents\/temoins\/membrestextes\/a-la-recherche-de-nos-racines\/\" \/>\n<meta property=\"og:site_name\" content=\"CSF - HOG\" \/>\n<meta property=\"article:published_time\" content=\"2016-06-17T04:37:35+00:00\" \/>\n<meta property=\"article:modified_time\" content=\"2021-11-08T10:19:50+00:00\" \/>\n<meta property=\"og:image\" content=\"https:\/\/www.coeurssansfrontieres.com\/wp-content\/uploads\/2016\/06\/160614lq011a.jpg\" \/>\n\t<meta property=\"og:image:width\" content=\"600\" \/>\n\t<meta property=\"og:image:height\" content=\"501\" \/>\n\t<meta property=\"og:image:type\" content=\"image\/jpeg\" \/>\n<meta name=\"author\" content=\"GOFFIN Alexandre\" \/>\n<meta name=\"twitter:card\" content=\"summary_large_image\" \/>\n<meta name=\"twitter:label1\" content=\"\u00c9crit par\" \/>\n\t<meta name=\"twitter:data1\" content=\"GOFFIN Alexandre\" \/>\n\t<meta name=\"twitter:label2\" content=\"Dur\u00e9e de lecture estim\u00e9e\" \/>\n\t<meta name=\"twitter:data2\" content=\"3 minutes\" \/>\n<script type=\"application\/ld+json\" class=\"yoast-schema-graph\">{\"@context\":\"https:\\\/\\\/schema.org\",\"@graph\":[{\"@type\":\"Article\",\"@id\":\"https:\\\/\\\/www.coeurssansfrontieres.com\\\/fr\\\/documents\\\/temoins\\\/membrestextes\\\/a-la-recherche-de-nos-racines\\\/#article\",\"isPartOf\":{\"@id\":\"https:\\\/\\\/www.coeurssansfrontieres.com\\\/fr\\\/documents\\\/temoins\\\/membrestextes\\\/a-la-recherche-de-nos-racines\\\/\"},\"author\":{\"name\":\"GOFFIN Alexandre\",\"@id\":\"https:\\\/\\\/www.coeurssansfrontieres.com\\\/fr\\\/#\\\/schema\\\/person\\\/19507754554eb5218427fc31038cac56\"},\"headline\":\"A la recherche de nos racines\",\"datePublished\":\"2016-06-17T04:37:35+00:00\",\"dateModified\":\"2021-11-08T10:19:50+00:00\",\"mainEntityOfPage\":{\"@id\":\"https:\\\/\\\/www.coeurssansfrontieres.com\\\/fr\\\/documents\\\/temoins\\\/membrestextes\\\/a-la-recherche-de-nos-racines\\\/\"},\"wordCount\":611,\"commentCount\":0,\"image\":{\"@id\":\"https:\\\/\\\/www.coeurssansfrontieres.com\\\/fr\\\/documents\\\/temoins\\\/membrestextes\\\/a-la-recherche-de-nos-racines\\\/#primaryimage\"},\"thumbnailUrl\":\"https:\\\/\\\/www.coeurssansfrontieres.com\\\/wp-content\\\/uploads\\\/2016\\\/06\\\/160614lq011a.jpg\",\"articleSection\":[\"Documents\",\"meggie\",\"Membres Textes\",\"T\u00e9moins\"],\"inLanguage\":\"fr-FR\",\"potentialAction\":[{\"@type\":\"CommentAction\",\"name\":\"Comment\",\"target\":[\"https:\\\/\\\/www.coeurssansfrontieres.com\\\/fr\\\/documents\\\/temoins\\\/membrestextes\\\/a-la-recherche-de-nos-racines\\\/#respond\"]}]},{\"@type\":\"WebPage\",\"@id\":\"https:\\\/\\\/www.coeurssansfrontieres.com\\\/fr\\\/documents\\\/temoins\\\/membrestextes\\\/a-la-recherche-de-nos-racines\\\/\",\"url\":\"https:\\\/\\\/www.coeurssansfrontieres.com\\\/fr\\\/documents\\\/temoins\\\/membrestextes\\\/a-la-recherche-de-nos-racines\\\/\",\"name\":\"A la recherche de nos racines - CSF - HOG\",\"isPartOf\":{\"@id\":\"https:\\\/\\\/www.coeurssansfrontieres.com\\\/fr\\\/#website\"},\"primaryImageOfPage\":{\"@id\":\"https:\\\/\\\/www.coeurssansfrontieres.com\\\/fr\\\/documents\\\/temoins\\\/membrestextes\\\/a-la-recherche-de-nos-racines\\\/#primaryimage\"},\"image\":{\"@id\":\"https:\\\/\\\/www.coeurssansfrontieres.com\\\/fr\\\/documents\\\/temoins\\\/membrestextes\\\/a-la-recherche-de-nos-racines\\\/#primaryimage\"},\"thumbnailUrl\":\"https:\\\/\\\/www.coeurssansfrontieres.com\\\/wp-content\\\/uploads\\\/2016\\\/06\\\/160614lq011a.jpg\",\"datePublished\":\"2016-06-17T04:37:35+00:00\",\"dateModified\":\"2021-11-08T10:19:50+00:00\",\"author\":{\"@id\":\"https:\\\/\\\/www.coeurssansfrontieres.com\\\/fr\\\/#\\\/schema\\\/person\\\/19507754554eb5218427fc31038cac56\"},\"breadcrumb\":{\"@id\":\"https:\\\/\\\/www.coeurssansfrontieres.com\\\/fr\\\/documents\\\/temoins\\\/membrestextes\\\/a-la-recherche-de-nos-racines\\\/#breadcrumb\"},\"inLanguage\":\"fr-FR\",\"potentialAction\":[{\"@type\":\"ReadAction\",\"target\":[\"https:\\\/\\\/www.coeurssansfrontieres.com\\\/fr\\\/documents\\\/temoins\\\/membrestextes\\\/a-la-recherche-de-nos-racines\\\/\"]}]},{\"@type\":\"ImageObject\",\"inLanguage\":\"fr-FR\",\"@id\":\"https:\\\/\\\/www.coeurssansfrontieres.com\\\/fr\\\/documents\\\/temoins\\\/membrestextes\\\/a-la-recherche-de-nos-racines\\\/#primaryimage\",\"url\":\"https:\\\/\\\/www.coeurssansfrontieres.com\\\/wp-content\\\/uploads\\\/2016\\\/06\\\/160614lq011a.jpg\",\"contentUrl\":\"https:\\\/\\\/www.coeurssansfrontieres.com\\\/wp-content\\\/uploads\\\/2016\\\/06\\\/160614lq011a.jpg\",\"width\":600,\"height\":501,\"caption\":\"A la recherche de nos racines\"},{\"@type\":\"BreadcrumbList\",\"@id\":\"https:\\\/\\\/www.coeurssansfrontieres.com\\\/fr\\\/documents\\\/temoins\\\/membrestextes\\\/a-la-recherche-de-nos-racines\\\/#breadcrumb\",\"itemListElement\":[{\"@type\":\"ListItem\",\"position\":1,\"name\":\"Accueil\",\"item\":\"https:\\\/\\\/www.coeurssansfrontieres.com\\\/fr\\\/\"},{\"@type\":\"ListItem\",\"position\":2,\"name\":\"A la recherche de nos racines\"}]},{\"@type\":\"WebSite\",\"@id\":\"https:\\\/\\\/www.coeurssansfrontieres.com\\\/fr\\\/#website\",\"url\":\"https:\\\/\\\/www.coeurssansfrontieres.com\\\/fr\\\/\",\"name\":\"C\u0153urs sans fronti\u00e8res\",\"description\":\"Association franco-allemande des Enfants de la Seconde Guerre Mondiale\",\"potentialAction\":[{\"@type\":\"SearchAction\",\"target\":{\"@type\":\"EntryPoint\",\"urlTemplate\":\"https:\\\/\\\/www.coeurssansfrontieres.com\\\/fr\\\/?s={search_term_string}\"},\"query-input\":{\"@type\":\"PropertyValueSpecification\",\"valueRequired\":true,\"valueName\":\"search_term_string\"}}],\"inLanguage\":\"fr-FR\"},{\"@type\":\"Person\",\"@id\":\"https:\\\/\\\/www.coeurssansfrontieres.com\\\/fr\\\/#\\\/schema\\\/person\\\/19507754554eb5218427fc31038cac56\",\"name\":\"GOFFIN Alexandre\"}]}<\/script>\n<!-- \/ Yoast SEO plugin. -->","yoast_head_json":{"title":"A la recherche de nos racines - CSF - HOG","robots":{"index":"index","follow":"follow","max-snippet":"max-snippet:-1","max-image-preview":"max-image-preview:large","max-video-preview":"max-video-preview:-1"},"canonical":"https:\/\/www.coeurssansfrontieres.com\/fr\/documents\/temoins\/membrestextes\/a-la-recherche-de-nos-racines\/","og_locale":"fr_FR","og_type":"article","og_title":"A la recherche de nos racines - CSF - HOG","og_description":"Il a des personnes pour qui, m\u00eame 71 ans apr\u00e8s, les cons\u00e9quences de la guerre sont d\u2019une grande importance. Ceci a \u00e9t\u00e9 d\u00e9montr\u00e9 tr\u00e8s clairement lors de la r\u00e9union r\u00e9gionale de CSF. Cette association fond\u00e9e il y a 10 ans en France a pour l\u2019objectif de tendre la main \u00e0 ceux qui ont \u00e9t\u00e9 con\u00e7us, [&hellip;]","og_url":"https:\/\/www.coeurssansfrontieres.com\/fr\/documents\/temoins\/membrestextes\/a-la-recherche-de-nos-racines\/","og_site_name":"CSF - HOG","article_published_time":"2016-06-17T04:37:35+00:00","article_modified_time":"2021-11-08T10:19:50+00:00","og_image":[{"width":600,"height":501,"url":"https:\/\/www.coeurssansfrontieres.com\/wp-content\/uploads\/2016\/06\/160614lq011a.jpg","type":"image\/jpeg"}],"author":"GOFFIN Alexandre","twitter_card":"summary_large_image","twitter_misc":{"\u00c9crit par":"GOFFIN Alexandre","Dur\u00e9e de lecture estim\u00e9e":"3 minutes"},"schema":{"@context":"https:\/\/schema.org","@graph":[{"@type":"Article","@id":"https:\/\/www.coeurssansfrontieres.com\/fr\/documents\/temoins\/membrestextes\/a-la-recherche-de-nos-racines\/#article","isPartOf":{"@id":"https:\/\/www.coeurssansfrontieres.com\/fr\/documents\/temoins\/membrestextes\/a-la-recherche-de-nos-racines\/"},"author":{"name":"GOFFIN Alexandre","@id":"https:\/\/www.coeurssansfrontieres.com\/fr\/#\/schema\/person\/19507754554eb5218427fc31038cac56"},"headline":"A la recherche de nos racines","datePublished":"2016-06-17T04:37:35+00:00","dateModified":"2021-11-08T10:19:50+00:00","mainEntityOfPage":{"@id":"https:\/\/www.coeurssansfrontieres.com\/fr\/documents\/temoins\/membrestextes\/a-la-recherche-de-nos-racines\/"},"wordCount":611,"commentCount":0,"image":{"@id":"https:\/\/www.coeurssansfrontieres.com\/fr\/documents\/temoins\/membrestextes\/a-la-recherche-de-nos-racines\/#primaryimage"},"thumbnailUrl":"https:\/\/www.coeurssansfrontieres.com\/wp-content\/uploads\/2016\/06\/160614lq011a.jpg","articleSection":["Documents","meggie","Membres Textes","T\u00e9moins"],"inLanguage":"fr-FR","potentialAction":[{"@type":"CommentAction","name":"Comment","target":["https:\/\/www.coeurssansfrontieres.com\/fr\/documents\/temoins\/membrestextes\/a-la-recherche-de-nos-racines\/#respond"]}]},{"@type":"WebPage","@id":"https:\/\/www.coeurssansfrontieres.com\/fr\/documents\/temoins\/membrestextes\/a-la-recherche-de-nos-racines\/","url":"https:\/\/www.coeurssansfrontieres.com\/fr\/documents\/temoins\/membrestextes\/a-la-recherche-de-nos-racines\/","name":"A la recherche de nos racines - CSF - HOG","isPartOf":{"@id":"https:\/\/www.coeurssansfrontieres.com\/fr\/#website"},"primaryImageOfPage":{"@id":"https:\/\/www.coeurssansfrontieres.com\/fr\/documents\/temoins\/membrestextes\/a-la-recherche-de-nos-racines\/#primaryimage"},"image":{"@id":"https:\/\/www.coeurssansfrontieres.com\/fr\/documents\/temoins\/membrestextes\/a-la-recherche-de-nos-racines\/#primaryimage"},"thumbnailUrl":"https:\/\/www.coeurssansfrontieres.com\/wp-content\/uploads\/2016\/06\/160614lq011a.jpg","datePublished":"2016-06-17T04:37:35+00:00","dateModified":"2021-11-08T10:19:50+00:00","author":{"@id":"https:\/\/www.coeurssansfrontieres.com\/fr\/#\/schema\/person\/19507754554eb5218427fc31038cac56"},"breadcrumb":{"@id":"https:\/\/www.coeurssansfrontieres.com\/fr\/documents\/temoins\/membrestextes\/a-la-recherche-de-nos-racines\/#breadcrumb"},"inLanguage":"fr-FR","potentialAction":[{"@type":"ReadAction","target":["https:\/\/www.coeurssansfrontieres.com\/fr\/documents\/temoins\/membrestextes\/a-la-recherche-de-nos-racines\/"]}]},{"@type":"ImageObject","inLanguage":"fr-FR","@id":"https:\/\/www.coeurssansfrontieres.com\/fr\/documents\/temoins\/membrestextes\/a-la-recherche-de-nos-racines\/#primaryimage","url":"https:\/\/www.coeurssansfrontieres.com\/wp-content\/uploads\/2016\/06\/160614lq011a.jpg","contentUrl":"https:\/\/www.coeurssansfrontieres.com\/wp-content\/uploads\/2016\/06\/160614lq011a.jpg","width":600,"height":501,"caption":"A la recherche de nos racines"},{"@type":"BreadcrumbList","@id":"https:\/\/www.coeurssansfrontieres.com\/fr\/documents\/temoins\/membrestextes\/a-la-recherche-de-nos-racines\/#breadcrumb","itemListElement":[{"@type":"ListItem","position":1,"name":"Accueil","item":"https:\/\/www.coeurssansfrontieres.com\/fr\/"},{"@type":"ListItem","position":2,"name":"A la recherche de nos racines"}]},{"@type":"WebSite","@id":"https:\/\/www.coeurssansfrontieres.com\/fr\/#website","url":"https:\/\/www.coeurssansfrontieres.com\/fr\/","name":"C\u0153urs sans fronti\u00e8res","description":"Association franco-allemande des Enfants de la Seconde Guerre Mondiale","potentialAction":[{"@type":"SearchAction","target":{"@type":"EntryPoint","urlTemplate":"https:\/\/www.coeurssansfrontieres.com\/fr\/?s={search_term_string}"},"query-input":{"@type":"PropertyValueSpecification","valueRequired":true,"valueName":"search_term_string"}}],"inLanguage":"fr-FR"},{"@type":"Person","@id":"https:\/\/www.coeurssansfrontieres.com\/fr\/#\/schema\/person\/19507754554eb5218427fc31038cac56","name":"GOFFIN Alexandre"}]}},"_links":{"self":[{"href":"https:\/\/www.coeurssansfrontieres.com\/fr\/wp-json\/wp\/v2\/posts\/1057","targetHints":{"allow":["GET"]}}],"collection":[{"href":"https:\/\/www.coeurssansfrontieres.com\/fr\/wp-json\/wp\/v2\/posts"}],"about":[{"href":"https:\/\/www.coeurssansfrontieres.com\/fr\/wp-json\/wp\/v2\/types\/post"}],"author":[{"embeddable":true,"href":"https:\/\/www.coeurssansfrontieres.com\/fr\/wp-json\/wp\/v2\/users\/249"}],"replies":[{"embeddable":true,"href":"https:\/\/www.coeurssansfrontieres.com\/fr\/wp-json\/wp\/v2\/comments?post=1057"}],"version-history":[{"count":1,"href":"https:\/\/www.coeurssansfrontieres.com\/fr\/wp-json\/wp\/v2\/posts\/1057\/revisions"}],"predecessor-version":[{"id":21427,"href":"https:\/\/www.coeurssansfrontieres.com\/fr\/wp-json\/wp\/v2\/posts\/1057\/revisions\/21427"}],"wp:featuredmedia":[{"embeddable":true,"href":"https:\/\/www.coeurssansfrontieres.com\/fr\/wp-json\/wp\/v2\/media\/1056"}],"wp:attachment":[{"href":"https:\/\/www.coeurssansfrontieres.com\/fr\/wp-json\/wp\/v2\/media?parent=1057"}],"wp:term":[{"taxonomy":"category","embeddable":true,"href":"https:\/\/www.coeurssansfrontieres.com\/fr\/wp-json\/wp\/v2\/categories?post=1057"},{"taxonomy":"post_tag","embeddable":true,"href":"https:\/\/www.coeurssansfrontieres.com\/fr\/wp-json\/wp\/v2\/tags?post=1057"}],"curies":[{"name":"wp","href":"https:\/\/api.w.org\/{rel}","templated":true}]}}