{"id":10855,"date":"2018-10-27T17:27:49","date_gmt":"2018-10-27T15:27:49","guid":{"rendered":"http:\/\/www.coeurssansfrontieres.com\/?p=10855"},"modified":"2018-10-29T11:46:55","modified_gmt":"2018-10-29T10:46:55","slug":"les-meres-norvegiennes","status":"publish","type":"post","link":"https:\/\/www.coeurssansfrontieres.com\/fr\/documents\/europe\/les-meres-norvegiennes\/","title":{"rendered":"Les m\u00e8res Norv\u00e9giennes"},"content":{"rendered":"<p>[et_pb_section admin_label=\u00a0\u00bbSection\u00a0\u00bb fullwidth=\u00a0\u00bboff\u00a0\u00bb specialty=\u00a0\u00bboff\u00a0\u00bb][et_pb_row admin_label=\u00a0\u00bbLigne\u00a0\u00bb][et_pb_column type=\u00a0\u00bb1_4&Prime;][et_pb_image admin_label=\u00a0\u00bbLogo CSF\/HOG\u00a0\u00bb src=\u00a0\u00bbhttps:\/\/www.coeurssansfrontieres.com\/wp-content\/uploads\/2016\/07\/favicon.png\u00a0\u00bb show_in_lightbox=\u00a0\u00bboff\u00a0\u00bb url_new_window=\u00a0\u00bboff\u00a0\u00bb use_overlay=\u00a0\u00bboff\u00a0\u00bb animation=\u00a0\u00bboff\u00a0\u00bb sticky=\u00a0\u00bbon\u00a0\u00bb align=\u00a0\u00bbcenter\u00a0\u00bb max_width=\u00a0\u00bb75%\u00a0\u00bb force_fullwidth=\u00a0\u00bbon\u00a0\u00bb always_center_on_mobile=\u00a0\u00bbon\u00a0\u00bb use_border_color=\u00a0\u00bboff\u00a0\u00bb border_color=\u00a0\u00bb#ffffff\u00a0\u00bb border_style=\u00a0\u00bbsolid\u00a0\u00bb custom_margin=\u00a0\u00bb0px||0px|\u00a0\u00bb]<\/p>\n<p>&nbsp;<\/p>\n<p>[\/et_pb_image][\/et_pb_column][et_pb_column type=\u00a0\u00bb1_2&Prime;][et_pb_image admin_label=\u00a0\u00bbImage\u00a0\u00bb src=\u00a0\u00bbhttps:\/\/www.coeurssansfrontieres.com\/wp-content\/uploads\/2018\/10\/Merkel-Solberg-meeting-in-Berlin.jpg\u00a0\u00bb show_in_lightbox=\u00a0\u00bboff\u00a0\u00bb url_new_window=\u00a0\u00bboff\u00a0\u00bb use_overlay=\u00a0\u00bboff\u00a0\u00bb animation=\u00a0\u00bboff\u00a0\u00bb sticky=\u00a0\u00bbon\u00a0\u00bb align=\u00a0\u00bbcenter\u00a0\u00bb force_fullwidth=\u00a0\u00bboff\u00a0\u00bb always_center_on_mobile=\u00a0\u00bbon\u00a0\u00bb use_border_color=\u00a0\u00bboff\u00a0\u00bb border_color=\u00a0\u00bb#ffffff\u00a0\u00bb border_style=\u00a0\u00bbsolid\u00a0\u00bb] [\/et_pb_image][\/et_pb_column][et_pb_column type=\u00a0\u00bb1_4&Prime;][et_pb_image admin_label=\u00a0\u00bbLogo CSF\/HOG\u00a0\u00bb src=\u00a0\u00bbhttps:\/\/www.coeurssansfrontieres.com\/wp-content\/uploads\/2016\/07\/favicon.png\u00a0\u00bb show_in_lightbox=\u00a0\u00bboff\u00a0\u00bb url_new_window=\u00a0\u00bboff\u00a0\u00bb use_overlay=\u00a0\u00bboff\u00a0\u00bb animation=\u00a0\u00bboff\u00a0\u00bb sticky=\u00a0\u00bbon\u00a0\u00bb align=\u00a0\u00bbcenter\u00a0\u00bb max_width=\u00a0\u00bb75%\u00a0\u00bb force_fullwidth=\u00a0\u00bbon\u00a0\u00bb always_center_on_mobile=\u00a0\u00bbon\u00a0\u00bb use_border_color=\u00a0\u00bboff\u00a0\u00bb border_color=\u00a0\u00bb#ffffff\u00a0\u00bb border_style=\u00a0\u00bbsolid\u00a0\u00bb custom_margin=\u00a0\u00bb0px||0px|\u00a0\u00bb]<\/p>\n<p>&nbsp;<\/p>\n<p>[\/et_pb_image][\/et_pb_column][\/et_pb_row][et_pb_row admin_label=\u00a0\u00bbLigne\u00a0\u00bb make_fullwidth=\u00a0\u00bbon\u00a0\u00bb use_custom_width=\u00a0\u00bboff\u00a0\u00bb width_unit=\u00a0\u00bbon\u00a0\u00bb use_custom_gutter=\u00a0\u00bboff\u00a0\u00bb custom_padding=\u00a0\u00bb||0px|\u00a0\u00bb padding_mobile=\u00a0\u00bboff\u00a0\u00bb allow_player_pause=\u00a0\u00bboff\u00a0\u00bb parallax=\u00a0\u00bboff\u00a0\u00bb parallax_method=\u00a0\u00bboff\u00a0\u00bb make_equal=\u00a0\u00bboff\u00a0\u00bb parallax_1=\u00a0\u00bboff\u00a0\u00bb parallax_method_1=\u00a0\u00bboff\u00a0\u00bb column_padding_mobile=\u00a0\u00bbon\u00a0\u00bb custom_css_main_element=\u00a0\u00bbmargin-bottom : 0px;\u00a0\u00bb][et_pb_column type=\u00a0\u00bb4_4&Prime;][et_pb_text admin_label=\u00a0\u00bbLa Norv\u00e8ge reconna\u00eet les m\u00e8res des enfants de la guerre.\u00a0\u00bb background_layout=\u00a0\u00bblight\u00a0\u00bb text_orientation=\u00a0\u00bbcenter\u00a0\u00bb use_border_color=\u00a0\u00bbon\u00a0\u00bb border_color=\u00a0\u00bb#e54bd3&Prime; border_style=\u00a0\u00bbsolid\u00a0\u00bb header_font_size=\u00a0\u00bb24px\u00a0\u00bb custom_css_main_element=\u00a0\u00bbbackground-image: url(%22https:\/\/www.coeurssansfrontieres.com\/wp-content\/uploads\/2018\/10\/no.png%22),url(%22https:\/\/www.coeurssansfrontieres.com\/wp-content\/uploads\/2018\/10\/no.png%22);||background-size: 10vw 14vh, 10vw 14vh;||background-position: 2% 50%, 98% 50%; ||background-repeat: no-repeat,no-repeat;||||border-radius: 25px;||box-shadow: 3px 3px 3px #7C7C7C;\u00a0\u00bb custom_padding=\u00a0\u00bb3px|2vw|3vh|2vw\u00a0\u00bb max_width=\u00a0\u00bb80%\u00a0\u00bb text_font=\u00a0\u00bb|on|||\u00a0\u00bb text_font_size=\u00a0\u00bb24&Prime;]<\/p>\n<h2 style=\"text-align: center;\">La Norv\u00e8ge reconna\u00eet<br \/>\nles m\u00e8res des enfants de la guerre.<\/h2>\n<p>[\/et_pb_text][et_pb_button admin_label=\u00a0\u00bbVid\u00e9o Euronews\u00a0\u00bb saved_tabs=\u00a0\u00bball\u00a0\u00bb button_url=\u00a0\u00bbhttps:\/\/youtu.be\/BpcZBNCqcGc\u00a0\u00bb url_new_window=\u00a0\u00bboff\u00a0\u00bb button_text=\u00a0\u00bbVid\u00e9o RTBF\u00a0\u00bb button_alignment=\u00a0\u00bbcenter\u00a0\u00bb background_layout=\u00a0\u00bbdark\u00a0\u00bb custom_button=\u00a0\u00bbon\u00a0\u00bb button_bg_color=\u00a0\u00bb#ad6baf\u00a0\u00bb button_border_color=\u00a0\u00bb#ae44af\u00a0\u00bb button_border_radius=\u00a0\u00bb50&Prime; button_letter_spacing=\u00a0\u00bb0&Prime; button_font=\u00a0\u00bb|on|on||\u00a0\u00bb button_use_icon=\u00a0\u00bbon\u00a0\u00bb button_icon=\u00a0\u00bb%%107%%\u00a0\u00bb button_icon_placement=\u00a0\u00bbright\u00a0\u00bb button_on_hover=\u00a0\u00bboff\u00a0\u00bb button_letter_spacing_hover=\u00a0\u00bb0&Prime; button_text_size=\u00a0\u00bb12&Prime; custom_css_main_element=\u00a0\u00bbmargin-top : 2vh;||box-shadow: 3px 3px 3px #7C7C7C;\u00a0\u00bb]<\/p>\n<p>&nbsp;<\/p>\n<p>[\/et_pb_button][\/et_pb_column][\/et_pb_row][et_pb_row admin_label=\u00a0\u00bbLigne\u00a0\u00bb make_fullwidth=\u00a0\u00bboff\u00a0\u00bb use_custom_width=\u00a0\u00bboff\u00a0\u00bb width_unit=\u00a0\u00bbon\u00a0\u00bb use_custom_gutter=\u00a0\u00bboff\u00a0\u00bb padding_mobile=\u00a0\u00bboff\u00a0\u00bb allow_player_pause=\u00a0\u00bboff\u00a0\u00bb parallax=\u00a0\u00bboff\u00a0\u00bb parallax_method=\u00a0\u00bboff\u00a0\u00bb make_equal=\u00a0\u00bboff\u00a0\u00bb parallax_1=\u00a0\u00bboff\u00a0\u00bb parallax_method_1=\u00a0\u00bboff\u00a0\u00bb parallax_2=\u00a0\u00bboff\u00a0\u00bb parallax_method_2=\u00a0\u00bboff\u00a0\u00bb column_padding_mobile=\u00a0\u00bbon\u00a0\u00bb custom_css_main_element=\u00a0\u00bbmargin-top : 0px;\u00a0\u00bb][et_pb_column type=\u00a0\u00bb1_2&Prime;][et_pb_text admin_label=\u00a0\u00bbTexte\u00a0\u00bb background_layout=\u00a0\u00bblight\u00a0\u00bb text_orientation=\u00a0\u00bbleft\u00a0\u00bb use_border_color=\u00a0\u00bbon\u00a0\u00bb border_color=\u00a0\u00bb#e54bd3&Prime; border_style=\u00a0\u00bbsolid\u00a0\u00bb header_font_size=\u00a0\u00bb24px\u00a0\u00bb header_line_height=\u00a0\u00bb1.2em\u00a0\u00bb custom_css_main_element=\u00a0\u00bbborder-radius: 25px;||box-shadow: 3px 3px 3px #7C7C7C;\u00a0\u00bb custom_padding=\u00a0\u00bb3vh|2vw|3vh|2vw\u00a0\u00bb]<\/p>\n<h3><strong><a href=\"https:\/\/www.20minutes.fr\/monde\/2356299-20181017-seconde-guerre-mondiale-norvege-excuse-aupres-filles-boches-traitement-elles-subi\"><img loading=\"lazy\" decoding=\"async\" class=\"alignleft wp-image-10871 size-full\" style=\"box-shadow: 3px 3px 3px #7C7C7C;\" src=\"https:\/\/www.coeurssansfrontieres.com\/wp-content\/uploads\/2018\/10\/20minutes.png\" alt=\"\" width=\"125\" height=\"114\" \/><\/a>Seconde guerre mondiale: La Norv\u00e8ge s&rsquo;excuse aupr\u00e8s des \u00abfilles de boches\u00bb pour le traitement qu&rsquo;elles ont subi<\/strong><\/h3>\n<h4><em><strong>Plus de 70 ans apr\u00e8s la Lib\u00e9ration, la Premi\u00e8re ministre s\u2019est excus\u00e9e aupr\u00e8s de ces milliers de femmes qui ont fr\u00e9quent\u00e9 des soldats allemands\u2026<\/strong><\/em><\/h4>\n<p>La Norv\u00e8ge a pr\u00e9sent\u00e9 ce mercredi ses excuses officielles aux \u00ab filles de boches \u00bb, ces femmes ayant fr\u00e9quent\u00e9 des soldats allemands pendant la Seconde Guerre mondiale. Le pays a reconnu qu\u2019elles avaient subi un \u00ab traitement indigne \u00bb au sortir de la guerre.<\/p>\n<p>Arrestations sans fondement l\u00e9gal, internements sans jugement, licenciements, expulsions et d\u00e9ch\u00e9ances de nationalit\u00e9\u2026 A la Lib\u00e9ration, entre 30.000 et 50.000 Norv\u00e9giennes ont subi les repr\u00e9sailles des autorit\u00e9s, selon une estimation \u00ab conservatrice \u00bb du Centre norv\u00e9gien d\u2019\u00e9tudes sur l&rsquo;Holocauste et les minorit\u00e9s religieuses. Pr\u00e8s de 75 ans apr\u00e8s, tr\u00e8s peu de ces \u00ab filles de boches \u00bb sont encore en vie. Ces excuses n\u2019ouvrent pas la voie \u00e0 des r\u00e9parations financi\u00e8res mais sont suppos\u00e9es leur mettre un peu de baume au c\u0153ur.<\/p>\n<h4><strong>300.000 soldats allemands<\/strong><\/h4>\n<p>\u00ab De nombreuses jeunes filles et femmes norv\u00e9giennes qui avaient eu une relation avec des soldats allemands ou en \u00e9taient soup\u00e7onn\u00e9es, ont \u00e9t\u00e9 victimes d\u2019un traitement indigne \u00bb, a not\u00e9 la Premi\u00e8re ministre norv\u00e9gienne, Erna Solberg, lors d\u2019un \u00e9v\u00e9nement visant \u00e0 marquer le 70e anniversaire de la D\u00e9claration universelle des droits de l\u2019Homme. \u00ab Aujourd\u2019hui, je veux au nom du gouvernement pr\u00e9senter des excuses \u00bb, a-t-elle dit.<\/p>\n<p>Pendant la guerre, plus de 300.000 soldats allemands occupaient le royaume scandinave alors peupl\u00e9 de trois millions d\u2019habitants. Des Norv\u00e9giennes ont alors d\u00e9velopp\u00e9 une certaine promiscuit\u00e9 avec ces militaires, parfois plus nombreux que les villageois et vivant souvent chez l\u2019habitant. \u00ab Pour beaucoup, c\u2019\u00e9tait une amourette d\u2019adolescente, pour d\u2019autres, l\u2019amour d\u2019une vie avec un soldat ennemi, ou un flirt innocent qui a laiss\u00e9 des traces pour le reste de la vie \u00bb, a soulign\u00e9 Erna Solberg.<\/p>\n<p>En 2000, Oslo avait d\u00e9j\u00e0 pr\u00e9sent\u00e9 des excuses aux 10.000 \u00e0 12.000 enfants n\u00e9s de m\u00e8res norv\u00e9giennes et de soldats allemands, qui ont \u00e9galement d\u00fb endurer de nombreuses souffrances.<\/p>\n<p>[\/et_pb_text][\/et_pb_column][et_pb_column type=\u00a0\u00bb1_2&Prime;][et_pb_text admin_label=\u00a0\u00bbTexte\u00a0\u00bb background_layout=\u00a0\u00bblight\u00a0\u00bb text_orientation=\u00a0\u00bbleft\u00a0\u00bb use_border_color=\u00a0\u00bbon\u00a0\u00bb border_color=\u00a0\u00bb#e54bd3&Prime; border_style=\u00a0\u00bbsolid\u00a0\u00bb header_font_size=\u00a0\u00bb24px\u00a0\u00bb header_line_height=\u00a0\u00bb1.2em\u00a0\u00bb custom_css_main_element=\u00a0\u00bbborder-radius: 25px;||box-shadow: 3px 3px 3px #7C7C7C;\u00a0\u00bb custom_padding=\u00a0\u00bb3vh|2vw|3vh|2vw\u00a0\u00bb]<\/p>\n<h3><strong><a href=\"https:\/\/www.welt.de\/geschichte\/zweiter-weltkrieg\/article182311688\/Sex-im-Krieg-Norwegen-entschuldigt-sich-bei-Deutschenflittchen.html\"><img loading=\"lazy\" decoding=\"async\" class=\"alignleft wp-image-10867\" style=\"box-shadow: 3px 3px 3px #7C7C7C;\" src=\"https:\/\/www.coeurssansfrontieres.com\/wp-content\/uploads\/2018\/10\/welt.png\" alt=\"\" width=\"203\" height=\"76\" \/><\/a>ZWEITER WELTKRIEG LIEBE UND SEX IM KRIEG<\/strong><\/h3>\n<h3><em>Von Florian Stark<\/em><\/h3>\n<h3><strong>Norwegen entschuldigt sich bei \u201eDeutschenflittchen\u201c<\/strong><\/h3>\n<p>Mehr als 50.000 Frauen unterhielten w\u00e4hrend der deutschen Besetzung Norwegens Beziehungen zu Wehrmachtssoldaten. Die Abrechnung nach Kriegsende war brutal. Lange wurde ihr Schicksal verschwiegen.<\/p>\n<p>Sie wurden als \u201eDeutschenflittchen\u201c, \u201eDeutschenm\u00e4dchen\u201c oder \u201eLandesverr\u00e4ter\u201c beschimpft, wurden ausgegrenzt, kahl geschoren, geschlagen, interniert, verloren ihre Anstellung und ihre Staatsb\u00fcrgerschaft und neben ihrer Ehre oft genug auch die Heimat. Mindestens 50.000 Norwegerinnen unterhielten w\u00e4hrend der Besetzung durch die Wehrmacht im Zweiten Weltkrieg ein Liebesverh\u00e4ltnis zu einem deutschen Soldaten. Rund 12.000 Kinder aus diesen Beziehungen wurden aktenkundig.<\/p>\n<p>Jetzt hat sich Norwegen offiziell f\u00fcr die Behandlung der Frauen entschuldigt. \u201eDie norwegischen Beh\u00f6rden haben den Grundprinzipien des Rechtsstaats zuwidergehandelt\u201c, sagte Ministerpr\u00e4sidentin Erna Solberg in Oslo (https:\/\/www.regjeringen.no\/no\/aktuelt\/tale-kjonn-og-menneskerettigheter-gjennom-70ar\/id2616005\/). \u201eKein B\u00fcrger darf ohne Urteil oder Gesetz verurteilt werden.\u201c<\/p>\n<p>Solberg, seit 2004 Vorsitzende der konservativen H\u00f8yre-Partei, r\u00e4umte ein, dass die Entschuldigung sehr sp\u00e4t komme. Die meisten dieser Frauen leben inzwischen nicht mehr. Grund sei, dass es lange gedauert habe, bis jemand seine Geschichte erz\u00e4hlen wollte. Erst in den letzten Jahren sei das Ausma\u00df bekannt geworden. Im Jahr 2012 hatte sich Norwegens Polizeichef f\u00fcr die Verstrickung seiner Beh\u00f6rde in die NS-Vernichtungspolitik entschuldigt, indem sie bei der Deportation von Juden mitwirkte.<\/p>\n<p>&nbsp;<\/p>\n<p><strong>DAS UNTERNEHMEN \u201eWESER\u00dcBUNG\u201c 1940<\/strong><\/p>\n<p>Beim \u201eUnternehmen Weser\u00fcbung\u201c war die Wehrmacht am 9. April 1940 in D\u00e4nemark und Norwegen einmarschiert und hatte beide L\u00e4nder bis Kriegsende besetzt. Die Macht lag in H\u00e4nden des Reichskommissars Josef Terboven, der im F\u00fchrer der faschistischen Partei Nasjonal Samling, Vidkun Quisling, einen willf\u00e4hrigen Kollaborateur fand. Ab 1942 diente Quisling als Chef eine Regierung, die die Anordnungen der Besatzungsmacht durchsetzte.<\/p>\n<p>Unter diesen Bedingungen gab es f\u00fcr Norwegerinnen eine Reihe von nicht emotionalen Gr\u00fcnden, sich mit Wehrmachtssoldaten einzulassen. Historiker haben herausgearbeitet, dass dies vor allem auf junge Frauen bis 25 Jahre aus l\u00e4ndlichen Gebieten zutraf, die es in die St\u00e4dte verschlagen hatte. Sie hatten keine gute Schulbildung genossen, stammten in der Regel aus \u00e4rmlichen Verh\u00e4ltnissen und litten unter der Rationierung von Lebensmitteln und anderen G\u00fctern des t\u00e4glichen Bedarfs. Ein weiteres wichtiges Motiv war die Aussicht, durch die Beziehung zu einem Deutschen Nachstellungen aus dem Kreis der Quisling-Partei zu entgehen.<\/p>\n<p>Da es sich bei Norwegerinnen nach der NS-Rassenideologie um \u201erassenverwandte Arierinnen\u201c handelte, wurde das Fraternisierungsverbot f\u00fcr Wehrmachtsangeh\u00f6rige zun\u00e4chst gelockert. Ehen wurden dagegen ab 1942 verboten, weil im Reich \u201ezahlreiche junge Soldatenwitwen warteten\u201c.<\/p>\n<p>&nbsp;<\/p>\n<p>Eine andere Sicht auf die Dinge hatte die SS. Sie sah in Norwegerinnen \u201eM\u00fctter von gutem Blut\u201c, mit denen die \u201erassem\u00e4\u00dfig zur\u00fcckliegenden\u201c Regionen S\u00fcddeutschlands aufgefrischt werden k\u00f6nnten. Ab 1941 wurde daher der Lebensborn-Verein, der der Geburtensteigerung \u201earischen\u201c Nachwuchses diente, auch in Norwegen aktiv. Rund ein Zehntel der sogenannten Kriegskinder soll in seinen Entbindungsstationen zur Welt gekommen sein.<\/p>\n<p>Nach dem Krieg wurden mehrere Tausend Frauen ohne Gerichtsbeschluss in Lagern interniert. Karteien, die w\u00e4hrend der deutschen Besetzung zur Abwehr von Geschlechtskrankheiten angelegt worden waren, dienten dabei als Grundlage. Frauen, die im \u00f6ffentlichen Dienst angestellt waren, wurde gek\u00fcndigt. Hatten sie einen Deutschen geheiratet, was auf einige Tausend zutraf, verloren sie ihre norwegische Staatsangeh\u00f6rigkeit. Erst ab 1950 erhielten sie ihre B\u00fcrgerrechte f\u00fcr den Fall zur\u00fcck, dass sie sich wieder in Norwegen niederlie\u00dfen.<\/p>\n<p>Tausende Kinder, als \u201edefekten Individuen\u201c gebrandmarkt, wurden nach dem Krieg in Pflegefamilien gesteckt oder verschwanden in Heimen. Historiker konnten sogar nachweisen, dass einige zu Drogenexperimenten missbraucht wurden. \u201eKeiner darf daran denken, dass diese erbschaftsm\u00e4\u00dfig minderwertigen Kinder durch gute Verpflegung wertvolle Mitb\u00fcrger werden k\u00f6nnen\u201c, gab ein Amtsarzt 1945 als Losung (http:\/\/www.spiegel.de\/spiegel\/print\/d-18535458.html) aus.<\/p>\n<p>Ein fr\u00fches Schlaglicht auf das Schicksal der \u201eDeutschenm\u00e4dchen\u201c warf die Biografie von Anni-Frid Lyngstad (\/print-welt\/article396135\/Deutsche-Blagen-nehmen-wir-nicht.html), einer der beiden S\u00e4ngerinnen der Pop-Gruppe Abba. Sie war 1945 als sogenanntes \u201eTyskerjente\u201c einer 19-J\u00e4hrigen und eines deutschen Soldaten, der in Narvik stationiert war, zur Welt gekommen. Aus einem Beitrag in der Zeitschrift \u201eBravo\u201c erfuhr Lyngstad 1977, dass ihr Vater keineswegs in den letzten Kriegstagen gefallen war, sondern in Gunzenhausen in Franken lebte.<\/p>\n<p>[\/et_pb_text][\/et_pb_column][\/et_pb_row][\/et_pb_section]<\/p>\n","protected":false},"excerpt":{"rendered":"<p>Plus de 70 ans apr\u00e8s la Lib\u00e9ration, la Premi\u00e8re ministre s\u2019est excus\u00e9e aupr\u00e8s de ces milliers de femmes qui ont fr\u00e9quent\u00e9 des soldats allemands\u2026<\/p>\n","protected":false},"author":249,"featured_media":10861,"comment_status":"closed","ping_status":"closed","sticky":false,"template":"","format":"standard","meta":{"_et_pb_use_builder":"on","_et_pb_old_content":"","_et_gb_content_width":"","footnotes":""},"categories":[162,255],"tags":[],"class_list":["post-10855","post","type-post","status-publish","format-standard","has-post-thumbnail","hentry","category-documents","category-europe"],"yoast_head":"<!-- This site is optimized with the Yoast SEO plugin v27.5 - https:\/\/yoast.com\/product\/yoast-seo-wordpress\/ -->\n<title>Les m\u00e8res Norv\u00e9giennes - CSF - HOG<\/title>\n<meta name=\"robots\" content=\"index, follow, max-snippet:-1, max-image-preview:large, max-video-preview:-1\" \/>\n<link rel=\"canonical\" href=\"https:\/\/www.coeurssansfrontieres.com\/fr\/documents\/europe\/les-meres-norvegiennes\/\" \/>\n<meta property=\"og:locale\" content=\"fr_FR\" \/>\n<meta property=\"og:type\" content=\"article\" \/>\n<meta property=\"og:title\" content=\"Les m\u00e8res Norv\u00e9giennes - CSF - HOG\" \/>\n<meta property=\"og:description\" content=\"Plus de 70 ans apr\u00e8s la Lib\u00e9ration, la Premi\u00e8re ministre s\u2019est excus\u00e9e aupr\u00e8s de ces milliers de femmes qui ont fr\u00e9quent\u00e9 des soldats allemands\u2026\" \/>\n<meta property=\"og:url\" content=\"https:\/\/www.coeurssansfrontieres.com\/fr\/documents\/europe\/les-meres-norvegiennes\/\" \/>\n<meta property=\"og:site_name\" content=\"CSF - HOG\" \/>\n<meta property=\"article:published_time\" content=\"2018-10-27T15:27:49+00:00\" \/>\n<meta property=\"article:modified_time\" content=\"2018-10-29T10:46:55+00:00\" \/>\n<meta property=\"og:image\" content=\"https:\/\/www.coeurssansfrontieres.com\/wp-content\/uploads\/2018\/10\/no-small.png\" \/>\n\t<meta property=\"og:image:width\" content=\"200\" \/>\n\t<meta property=\"og:image:height\" content=\"146\" \/>\n\t<meta property=\"og:image:type\" content=\"image\/png\" \/>\n<meta name=\"author\" content=\"GOFFIN Alexandre\" \/>\n<meta name=\"twitter:card\" content=\"summary_large_image\" \/>\n<meta name=\"twitter:label1\" content=\"\u00c9crit par\" \/>\n\t<meta name=\"twitter:data1\" content=\"GOFFIN Alexandre\" \/>\n\t<meta name=\"twitter:label2\" content=\"Dur\u00e9e de lecture estim\u00e9e\" \/>\n\t<meta name=\"twitter:data2\" content=\"9 minutes\" \/>\n<script type=\"application\/ld+json\" class=\"yoast-schema-graph\">{\"@context\":\"https:\\\/\\\/schema.org\",\"@graph\":[{\"@type\":\"Article\",\"@id\":\"https:\\\/\\\/www.coeurssansfrontieres.com\\\/fr\\\/documents\\\/europe\\\/les-meres-norvegiennes\\\/#article\",\"isPartOf\":{\"@id\":\"https:\\\/\\\/www.coeurssansfrontieres.com\\\/fr\\\/documents\\\/europe\\\/les-meres-norvegiennes\\\/\"},\"author\":{\"name\":\"GOFFIN Alexandre\",\"@id\":\"https:\\\/\\\/www.coeurssansfrontieres.com\\\/fr\\\/#\\\/schema\\\/person\\\/19507754554eb5218427fc31038cac56\"},\"headline\":\"Les m\u00e8res Norv\u00e9giennes\",\"datePublished\":\"2018-10-27T15:27:49+00:00\",\"dateModified\":\"2018-10-29T10:46:55+00:00\",\"mainEntityOfPage\":{\"@id\":\"https:\\\/\\\/www.coeurssansfrontieres.com\\\/fr\\\/documents\\\/europe\\\/les-meres-norvegiennes\\\/\"},\"wordCount\":1732,\"image\":{\"@id\":\"https:\\\/\\\/www.coeurssansfrontieres.com\\\/fr\\\/documents\\\/europe\\\/les-meres-norvegiennes\\\/#primaryimage\"},\"thumbnailUrl\":\"https:\\\/\\\/www.coeurssansfrontieres.com\\\/wp-content\\\/uploads\\\/2018\\\/10\\\/no-small.png\",\"articleSection\":[\"Documents\",\"Europe\"],\"inLanguage\":\"fr-FR\"},{\"@type\":\"WebPage\",\"@id\":\"https:\\\/\\\/www.coeurssansfrontieres.com\\\/fr\\\/documents\\\/europe\\\/les-meres-norvegiennes\\\/\",\"url\":\"https:\\\/\\\/www.coeurssansfrontieres.com\\\/fr\\\/documents\\\/europe\\\/les-meres-norvegiennes\\\/\",\"name\":\"Les m\u00e8res Norv\u00e9giennes - CSF - HOG\",\"isPartOf\":{\"@id\":\"https:\\\/\\\/www.coeurssansfrontieres.com\\\/fr\\\/#website\"},\"primaryImageOfPage\":{\"@id\":\"https:\\\/\\\/www.coeurssansfrontieres.com\\\/fr\\\/documents\\\/europe\\\/les-meres-norvegiennes\\\/#primaryimage\"},\"image\":{\"@id\":\"https:\\\/\\\/www.coeurssansfrontieres.com\\\/fr\\\/documents\\\/europe\\\/les-meres-norvegiennes\\\/#primaryimage\"},\"thumbnailUrl\":\"https:\\\/\\\/www.coeurssansfrontieres.com\\\/wp-content\\\/uploads\\\/2018\\\/10\\\/no-small.png\",\"datePublished\":\"2018-10-27T15:27:49+00:00\",\"dateModified\":\"2018-10-29T10:46:55+00:00\",\"author\":{\"@id\":\"https:\\\/\\\/www.coeurssansfrontieres.com\\\/fr\\\/#\\\/schema\\\/person\\\/19507754554eb5218427fc31038cac56\"},\"breadcrumb\":{\"@id\":\"https:\\\/\\\/www.coeurssansfrontieres.com\\\/fr\\\/documents\\\/europe\\\/les-meres-norvegiennes\\\/#breadcrumb\"},\"inLanguage\":\"fr-FR\",\"potentialAction\":[{\"@type\":\"ReadAction\",\"target\":[\"https:\\\/\\\/www.coeurssansfrontieres.com\\\/fr\\\/documents\\\/europe\\\/les-meres-norvegiennes\\\/\"]}]},{\"@type\":\"ImageObject\",\"inLanguage\":\"fr-FR\",\"@id\":\"https:\\\/\\\/www.coeurssansfrontieres.com\\\/fr\\\/documents\\\/europe\\\/les-meres-norvegiennes\\\/#primaryimage\",\"url\":\"https:\\\/\\\/www.coeurssansfrontieres.com\\\/wp-content\\\/uploads\\\/2018\\\/10\\\/no-small.png\",\"contentUrl\":\"https:\\\/\\\/www.coeurssansfrontieres.com\\\/wp-content\\\/uploads\\\/2018\\\/10\\\/no-small.png\",\"width\":200,\"height\":146},{\"@type\":\"BreadcrumbList\",\"@id\":\"https:\\\/\\\/www.coeurssansfrontieres.com\\\/fr\\\/documents\\\/europe\\\/les-meres-norvegiennes\\\/#breadcrumb\",\"itemListElement\":[{\"@type\":\"ListItem\",\"position\":1,\"name\":\"Accueil\",\"item\":\"https:\\\/\\\/www.coeurssansfrontieres.com\\\/fr\\\/\"},{\"@type\":\"ListItem\",\"position\":2,\"name\":\"Les m\u00e8res Norv\u00e9giennes\"}]},{\"@type\":\"WebSite\",\"@id\":\"https:\\\/\\\/www.coeurssansfrontieres.com\\\/fr\\\/#website\",\"url\":\"https:\\\/\\\/www.coeurssansfrontieres.com\\\/fr\\\/\",\"name\":\"C\u0153urs sans fronti\u00e8res\",\"description\":\"Association franco-allemande des Enfants de la Seconde Guerre Mondiale\",\"potentialAction\":[{\"@type\":\"SearchAction\",\"target\":{\"@type\":\"EntryPoint\",\"urlTemplate\":\"https:\\\/\\\/www.coeurssansfrontieres.com\\\/fr\\\/?s={search_term_string}\"},\"query-input\":{\"@type\":\"PropertyValueSpecification\",\"valueRequired\":true,\"valueName\":\"search_term_string\"}}],\"inLanguage\":\"fr-FR\"},{\"@type\":\"Person\",\"@id\":\"https:\\\/\\\/www.coeurssansfrontieres.com\\\/fr\\\/#\\\/schema\\\/person\\\/19507754554eb5218427fc31038cac56\",\"name\":\"GOFFIN Alexandre\"}]}<\/script>\n<!-- \/ Yoast SEO plugin. -->","yoast_head_json":{"title":"Les m\u00e8res Norv\u00e9giennes - CSF - HOG","robots":{"index":"index","follow":"follow","max-snippet":"max-snippet:-1","max-image-preview":"max-image-preview:large","max-video-preview":"max-video-preview:-1"},"canonical":"https:\/\/www.coeurssansfrontieres.com\/fr\/documents\/europe\/les-meres-norvegiennes\/","og_locale":"fr_FR","og_type":"article","og_title":"Les m\u00e8res Norv\u00e9giennes - CSF - HOG","og_description":"Plus de 70 ans apr\u00e8s la Lib\u00e9ration, la Premi\u00e8re ministre s\u2019est excus\u00e9e aupr\u00e8s de ces milliers de femmes qui ont fr\u00e9quent\u00e9 des soldats allemands\u2026","og_url":"https:\/\/www.coeurssansfrontieres.com\/fr\/documents\/europe\/les-meres-norvegiennes\/","og_site_name":"CSF - HOG","article_published_time":"2018-10-27T15:27:49+00:00","article_modified_time":"2018-10-29T10:46:55+00:00","og_image":[{"width":200,"height":146,"url":"https:\/\/www.coeurssansfrontieres.com\/wp-content\/uploads\/2018\/10\/no-small.png","type":"image\/png"}],"author":"GOFFIN Alexandre","twitter_card":"summary_large_image","twitter_misc":{"\u00c9crit par":"GOFFIN Alexandre","Dur\u00e9e de lecture estim\u00e9e":"9 minutes"},"schema":{"@context":"https:\/\/schema.org","@graph":[{"@type":"Article","@id":"https:\/\/www.coeurssansfrontieres.com\/fr\/documents\/europe\/les-meres-norvegiennes\/#article","isPartOf":{"@id":"https:\/\/www.coeurssansfrontieres.com\/fr\/documents\/europe\/les-meres-norvegiennes\/"},"author":{"name":"GOFFIN Alexandre","@id":"https:\/\/www.coeurssansfrontieres.com\/fr\/#\/schema\/person\/19507754554eb5218427fc31038cac56"},"headline":"Les m\u00e8res Norv\u00e9giennes","datePublished":"2018-10-27T15:27:49+00:00","dateModified":"2018-10-29T10:46:55+00:00","mainEntityOfPage":{"@id":"https:\/\/www.coeurssansfrontieres.com\/fr\/documents\/europe\/les-meres-norvegiennes\/"},"wordCount":1732,"image":{"@id":"https:\/\/www.coeurssansfrontieres.com\/fr\/documents\/europe\/les-meres-norvegiennes\/#primaryimage"},"thumbnailUrl":"https:\/\/www.coeurssansfrontieres.com\/wp-content\/uploads\/2018\/10\/no-small.png","articleSection":["Documents","Europe"],"inLanguage":"fr-FR"},{"@type":"WebPage","@id":"https:\/\/www.coeurssansfrontieres.com\/fr\/documents\/europe\/les-meres-norvegiennes\/","url":"https:\/\/www.coeurssansfrontieres.com\/fr\/documents\/europe\/les-meres-norvegiennes\/","name":"Les m\u00e8res Norv\u00e9giennes - CSF - HOG","isPartOf":{"@id":"https:\/\/www.coeurssansfrontieres.com\/fr\/#website"},"primaryImageOfPage":{"@id":"https:\/\/www.coeurssansfrontieres.com\/fr\/documents\/europe\/les-meres-norvegiennes\/#primaryimage"},"image":{"@id":"https:\/\/www.coeurssansfrontieres.com\/fr\/documents\/europe\/les-meres-norvegiennes\/#primaryimage"},"thumbnailUrl":"https:\/\/www.coeurssansfrontieres.com\/wp-content\/uploads\/2018\/10\/no-small.png","datePublished":"2018-10-27T15:27:49+00:00","dateModified":"2018-10-29T10:46:55+00:00","author":{"@id":"https:\/\/www.coeurssansfrontieres.com\/fr\/#\/schema\/person\/19507754554eb5218427fc31038cac56"},"breadcrumb":{"@id":"https:\/\/www.coeurssansfrontieres.com\/fr\/documents\/europe\/les-meres-norvegiennes\/#breadcrumb"},"inLanguage":"fr-FR","potentialAction":[{"@type":"ReadAction","target":["https:\/\/www.coeurssansfrontieres.com\/fr\/documents\/europe\/les-meres-norvegiennes\/"]}]},{"@type":"ImageObject","inLanguage":"fr-FR","@id":"https:\/\/www.coeurssansfrontieres.com\/fr\/documents\/europe\/les-meres-norvegiennes\/#primaryimage","url":"https:\/\/www.coeurssansfrontieres.com\/wp-content\/uploads\/2018\/10\/no-small.png","contentUrl":"https:\/\/www.coeurssansfrontieres.com\/wp-content\/uploads\/2018\/10\/no-small.png","width":200,"height":146},{"@type":"BreadcrumbList","@id":"https:\/\/www.coeurssansfrontieres.com\/fr\/documents\/europe\/les-meres-norvegiennes\/#breadcrumb","itemListElement":[{"@type":"ListItem","position":1,"name":"Accueil","item":"https:\/\/www.coeurssansfrontieres.com\/fr\/"},{"@type":"ListItem","position":2,"name":"Les m\u00e8res Norv\u00e9giennes"}]},{"@type":"WebSite","@id":"https:\/\/www.coeurssansfrontieres.com\/fr\/#website","url":"https:\/\/www.coeurssansfrontieres.com\/fr\/","name":"C\u0153urs sans fronti\u00e8res","description":"Association franco-allemande des Enfants de la Seconde Guerre Mondiale","potentialAction":[{"@type":"SearchAction","target":{"@type":"EntryPoint","urlTemplate":"https:\/\/www.coeurssansfrontieres.com\/fr\/?s={search_term_string}"},"query-input":{"@type":"PropertyValueSpecification","valueRequired":true,"valueName":"search_term_string"}}],"inLanguage":"fr-FR"},{"@type":"Person","@id":"https:\/\/www.coeurssansfrontieres.com\/fr\/#\/schema\/person\/19507754554eb5218427fc31038cac56","name":"GOFFIN Alexandre"}]}},"_links":{"self":[{"href":"https:\/\/www.coeurssansfrontieres.com\/fr\/wp-json\/wp\/v2\/posts\/10855","targetHints":{"allow":["GET"]}}],"collection":[{"href":"https:\/\/www.coeurssansfrontieres.com\/fr\/wp-json\/wp\/v2\/posts"}],"about":[{"href":"https:\/\/www.coeurssansfrontieres.com\/fr\/wp-json\/wp\/v2\/types\/post"}],"author":[{"embeddable":true,"href":"https:\/\/www.coeurssansfrontieres.com\/fr\/wp-json\/wp\/v2\/users\/249"}],"replies":[{"embeddable":true,"href":"https:\/\/www.coeurssansfrontieres.com\/fr\/wp-json\/wp\/v2\/comments?post=10855"}],"version-history":[{"count":0,"href":"https:\/\/www.coeurssansfrontieres.com\/fr\/wp-json\/wp\/v2\/posts\/10855\/revisions"}],"wp:featuredmedia":[{"embeddable":true,"href":"https:\/\/www.coeurssansfrontieres.com\/fr\/wp-json\/wp\/v2\/media\/10861"}],"wp:attachment":[{"href":"https:\/\/www.coeurssansfrontieres.com\/fr\/wp-json\/wp\/v2\/media?parent=10855"}],"wp:term":[{"taxonomy":"category","embeddable":true,"href":"https:\/\/www.coeurssansfrontieres.com\/fr\/wp-json\/wp\/v2\/categories?post=10855"},{"taxonomy":"post_tag","embeddable":true,"href":"https:\/\/www.coeurssansfrontieres.com\/fr\/wp-json\/wp\/v2\/tags?post=10855"}],"curies":[{"name":"wp","href":"https:\/\/api.w.org\/{rel}","templated":true}]}}