{"id":11170,"date":"2018-12-18T17:55:33","date_gmt":"2018-12-18T16:55:33","guid":{"rendered":"http:\/\/www.coeurssansfrontieres.com\/?p=11170"},"modified":"2019-02-21T11:35:01","modified_gmt":"2019-02-21T10:35:01","slug":"la-valise-oubliee","status":"publish","type":"post","link":"https:\/\/www.coeurssansfrontieres.com\/fr\/documents\/divers\/gerlinda-swillen\/la-valise-oubliee\/","title":{"rendered":"Gerlinda Swillen : La Valise oubli\u00e9e"},"content":{"rendered":"<p>[et_pb_section admin_label=\u00a0\u00bbsection\u00a0\u00bb transparent_background=\u00a0\u00bboff\u00a0\u00bb background_color=\u00a0\u00bb#ffffff\u00a0\u00bb allow_player_pause=\u00a0\u00bboff\u00a0\u00bb inner_shadow=\u00a0\u00bboff\u00a0\u00bb parallax=\u00a0\u00bboff\u00a0\u00bb parallax_method=\u00a0\u00bboff\u00a0\u00bb custom_padding=\u00a0\u00bb5px|||\u00a0\u00bb padding_mobile=\u00a0\u00bboff\u00a0\u00bb make_fullwidth=\u00a0\u00bboff\u00a0\u00bb use_custom_width=\u00a0\u00bboff\u00a0\u00bb width_unit=\u00a0\u00bbon\u00a0\u00bb make_equal=\u00a0\u00bboff\u00a0\u00bb use_custom_gutter=\u00a0\u00bboff\u00a0\u00bb][et_pb_row admin_label=\u00a0\u00bbrow\u00a0\u00bb make_fullwidth=\u00a0\u00bbon\u00a0\u00bb use_custom_width=\u00a0\u00bboff\u00a0\u00bb width_unit=\u00a0\u00bbon\u00a0\u00bb use_custom_gutter=\u00a0\u00bboff\u00a0\u00bb padding_mobile=\u00a0\u00bboff\u00a0\u00bb allow_player_pause=\u00a0\u00bboff\u00a0\u00bb parallax=\u00a0\u00bboff\u00a0\u00bb parallax_method=\u00a0\u00bboff\u00a0\u00bb make_equal=\u00a0\u00bboff\u00a0\u00bb parallax_1=\u00a0\u00bboff\u00a0\u00bb parallax_method_1=\u00a0\u00bboff\u00a0\u00bb parallax_2=\u00a0\u00bboff\u00a0\u00bb parallax_method_2=\u00a0\u00bboff\u00a0\u00bb parallax_3=\u00a0\u00bboff\u00a0\u00bb parallax_method_3=\u00a0\u00bboff\u00a0\u00bb column_padding_mobile=\u00a0\u00bbon\u00a0\u00bb padding_top_1=\u00a0\u00bb50px\u00a0\u00bb padding_top_3=\u00a0\u00bb50px\u00a0\u00bb custom_padding=\u00a0\u00bb0px|||\u00a0\u00bb padding_left_1=\u00a0\u00bb0vh\u00a0\u00bb][et_pb_column type=\u00a0\u00bb1_4&Prime;][et_pb_image admin_label=\u00a0\u00bbImage couverture\u00a0\u00bb show_in_lightbox=\u00a0\u00bbon\u00a0\u00bb url_new_window=\u00a0\u00bboff\u00a0\u00bb use_overlay=\u00a0\u00bbon\u00a0\u00bb overlay_icon_color=\u00a0\u00bb#a55ba6&Prime; hover_icon=\u00a0\u00bb%%51%%\u00a0\u00bb animation=\u00a0\u00bboff\u00a0\u00bb sticky=\u00a0\u00bboff\u00a0\u00bb align=\u00a0\u00bbleft\u00a0\u00bb force_fullwidth=\u00a0\u00bboff\u00a0\u00bb always_center_on_mobile=\u00a0\u00bbon\u00a0\u00bb use_border_color=\u00a0\u00bboff\u00a0\u00bb border_color=\u00a0\u00bb#ffffff\u00a0\u00bb border_style=\u00a0\u00bbsolid\u00a0\u00bb custom_css_main_element=\u00a0\u00bbbox-shadow: 6px 6px 6px #a55ba6;\u00a0\u00bb src=\u00a0\u00bbhttps:\/\/www.coeurssansfrontieres.com\/wp-content\/uploads\/2018\/12\/La_Valise_Oublie__e_Cover.jpg\u00a0\u00bb]<\/p>\n<p>&nbsp;<\/p>\n<p>[\/et_pb_image][et_pb_video admin_label=\u00a0\u00bbVid\u00e9o\u00a0\u00bb src=\u00a0\u00bbhttps:\/\/youtu.be\/SHS3UJhInE4&Prime; image_src=\u00a0\u00bb\/\/i.ytimg.com\/vi\/SHS3UJhInE4\/hqdefault.jpg\u00a0\u00bb custom_css_main_element=\u00a0\u00bbmargin : 0vh 5vw 0vh 5vw;||width : 50%;||height : 50%;||box-shadow: 3px 3px 3px #7C7C7C;\u00a0\u00bb \/][et_pb_text admin_label=\u00a0\u00bbTexte pr\u00e9sentation\u00a0\u00bb background_layout=\u00a0\u00bblight\u00a0\u00bb text_orientation=\u00a0\u00bbleft\u00a0\u00bb use_border_color=\u00a0\u00bbon\u00a0\u00bb border_color=\u00a0\u00bb#a55ba6&Prime; border_style=\u00a0\u00bbsolid\u00a0\u00bb border_width=\u00a0\u00bb2px\u00a0\u00bb custom_padding=\u00a0\u00bb1vh|1vw|1vh|1vw\u00a0\u00bb custom_css_main_element=\u00a0\u00bbborder-radius: 25px;||text-shadow: white 0.1em 0.1em 0.2em; ||background-image: url(%22https:\/\/www.coeurssansfrontieres.com\/wp-content\/uploads\/2016\/01\/CSFHOG-Pale.png%22);||background-size: 50%;||background-position: center; ||background-repeat: no-repeat;||\u00a0\u00bb]<\/p>\n<p style=\"text-align: center;\"><span style=\"font-size: 12pt;\"><span style=\"color: #b51db5;\"><b style=\"color: #b51db5; font-size: 12pt;\">Gerlinda Swillen <\/b><span style=\"color: #b51db5;\"><span style=\"font-size: 16px;\"><b>accompagne<\/b><\/span><\/span><b style=\"color: #b51db5; font-size: 12pt;\">\u00a0depuis longtemps notre <\/b><span style=\"color: #b51db5;\"><span style=\"font-size: 16px;\"><b>association<\/b><\/span><\/span><b style=\"color: #b51db5; font-size: 12pt;\">.<br \/>\nVoici quelques<\/b><\/span><strong style=\"color: #b51db5;\">\u00a0articles pour mieux la conna\u00eetre.<\/strong><\/span><\/p>\n<p>[\/et_pb_text][et_pb_blog admin_label=\u00a0\u00bbBlog\u00a0\u00bb fullwidth=\u00a0\u00bbon\u00a0\u00bb include_categories=\u00a0\u00bb253&Prime; show_thumbnail=\u00a0\u00bbon\u00a0\u00bb show_content=\u00a0\u00bboff\u00a0\u00bb show_more=\u00a0\u00bboff\u00a0\u00bb show_author=\u00a0\u00bboff\u00a0\u00bb show_date=\u00a0\u00bboff\u00a0\u00bb show_categories=\u00a0\u00bboff\u00a0\u00bb show_comments=\u00a0\u00bboff\u00a0\u00bb show_pagination=\u00a0\u00bbon\u00a0\u00bb offset_number=\u00a0\u00bb0&Prime; use_overlay=\u00a0\u00bboff\u00a0\u00bb background_layout=\u00a0\u00bblight\u00a0\u00bb use_dropshadow=\u00a0\u00bboff\u00a0\u00bb use_border_color=\u00a0\u00bbon\u00a0\u00bb border_color=\u00a0\u00bb#ffffff\u00a0\u00bb border_style=\u00a0\u00bbsolid\u00a0\u00bb module_class=\u00a0\u00bbBlog_colonne \u00a0\u00bb posts_number=\u00a0\u00bb3&Prime; custom_css_main_element=\u00a0\u00bbmargin : 0vh 0vw 0vh 0vw;||padding : 0vh 0vw 0vh 0vw;\u00a0\u00bb]<\/p>\n<p>&nbsp;<\/p>\n<p>[\/et_pb_blog][\/et_pb_column][et_pb_column type=\u00a0\u00bb1_2&Prime;][et_pb_text admin_label=\u00a0\u00bbTexte Titre\u00a0\u00bb background_layout=\u00a0\u00bblight\u00a0\u00bb text_orientation=\u00a0\u00bbleft\u00a0\u00bb use_border_color=\u00a0\u00bboff\u00a0\u00bb border_color=\u00a0\u00bb#ffffff\u00a0\u00bb border_style=\u00a0\u00bbsolid\u00a0\u00bb text_line_height=\u00a0\u00bb1.2em\u00a0\u00bb custom_padding=\u00a0\u00bb4vh|||\u00a0\u00bb]<\/p>\n<h2 style=\"text-align: center;\"><span style=\"font-size: 32px;\"><b><i>La valise oubli\u00e9e<\/i><\/b><\/span><\/h2>\n<p>[\/et_pb_text][et_pb_text admin_label=\u00a0\u00bbTexte pr\u00e9sentation\u00a0\u00bb background_layout=\u00a0\u00bblight\u00a0\u00bb text_orientation=\u00a0\u00bbleft\u00a0\u00bb use_border_color=\u00a0\u00bboff\u00a0\u00bb border_color=\u00a0\u00bb#ffffff\u00a0\u00bb border_style=\u00a0\u00bbsolid\u00a0\u00bb]<\/p>\n<h2 class=\"sys-artititre\" style=\"text-align: center;\">Enfants de guerre (1940-1945)<\/h2>\n<p>D\u00e9licate, parfois tr\u00e8s dure et souvent m\u00e9connue, l&rsquo;histoire des enfants n\u00e9s des amours entre des femmes belges et des soldats de la\u00a0<em>Wehrmacht<\/em>.<\/p>\n<p>Le<a href=\"http:\/\/www.cegesoma.be\/cms\/index_fr.php\"> CegeSoma (Archives de l&rsquo;Etat)<\/a> et <a href=\"https:\/\/auschwitz.be\/fr\/\">l&rsquo;asbl M\u00e9moire d&rsquo;Auschwitz<\/a> (\u00e9diteur) ont le plaisir de vous inviter au CegeSoma le 21 janvier 2019 \u00e0 14 heures 30 pour \u00e9couter la Dre Gerlinda Swillen qui sera interview\u00e9e par Alain Colignon \u00e0 l&rsquo;occasion de la publication de son dernier ouvrage &lsquo;<em>La valise oubli\u00e9e. <\/em><em>Enfants de Guerre (1940-1945)<\/em>&lsquo; .<\/p>\n<p>La Fondation Auschwitz &#8211; ASBL M\u00e9moire d&rsquo;Auschwitz en contribuant \u00e0 la publication d&rsquo;ouvrages \u00e0 caract\u00e8re scientifique, m\u00e9moriel et p\u00e9dagogique, a voulu permettre, par le biais de cette \u00e9tude et dans le cadre de sa mission de pr\u00e9servation de la m\u00e9moire, aux voix des &lsquo;Enfants de guerre&rsquo; de s&rsquo;exprimer.<\/p>\n<p>Il en ressort des r\u00e9cits de vie et des qu\u00eates d&rsquo;identit\u00e9 parsem\u00e9es de silences, d&rsquo;animosit\u00e9 et de grandes souffrances parfois. Des histoires qui se construisent pas \u00e0 pas, au d\u00e9tour d&rsquo;une conversation, via la d\u00e9couverte d&rsquo;une lettre dissimul\u00e9e, d&rsquo;une photo oubli\u00e9e \u2026 Des histoires dans lesquelles la figure du p\u00e8re est presque toujours une grande inconnue et fait partie des secrets de famille les mieux gard\u00e9s.<\/p>\n<p>Gerlinda Swillen est n\u00e9e en 1942 \u00e0 Ostende. Son p\u00e8re \u00e9tait soldat de la\u00a0<em>Wehrmacht<\/em>\u00a0et sa m\u00e8re \u00e9tait gouvernante belge. Elle a enseign\u00e9 pendant pr\u00e8s de 40 ans (1963-2002). Aujourd&rsquo;hui, elle est chercheuse associ\u00e9e du CegeSoma\/Archives de l&rsquo;Etat et collaboratrice scientifique \u00e0 la\u00a0<em>Vrije Universiteit Brussel<\/em>.<\/p>\n<p>Elle est fondatrice et a \u00e9t\u00e9 pr\u00e9sidente de l&rsquo;Association des enfants de guerre de Belgique (2008-2013). Elle a aussi \u00e9t\u00e9 la premi\u00e8re porte-parole du r\u00e9seau international\u00a0<em>BOW i.n.<\/em>\u00a0(<em>Born Of War international network<\/em>) de 2009 \u00e0 2013.<\/p>\n<p>En 2010, elle acquiert la nationalit\u00e9 allemande, devenant ainsi la premi\u00e8re enfant de guerre belge \u00e0 l&rsquo;obtenir.<br \/>\nEn 2016, elle\u00a0d\u00e9fend avec succ\u00e8s une th\u00e8se de doctorat en histoire \u00e0 la\u00a0<em>VUB, intitul\u00e9e<\/em>\u00a0&lsquo;<em>Verwekt door de Tweede Wereldoorlog. Oorlogskinderen op de as Brussel-Berlijn<\/em>&lsquo;.<\/p>\n<p>A l&rsquo;issue de la pr\u00e9sentation de son ouvrage, l&rsquo;auteure participera \u00e0 une s\u00e9ance de d\u00e9dicace. Le titre sera en vente sur place au prix de\u00a015,00 \u20ac.<\/p>\n<p>Cette &lsquo;conf\u00e9rence&rsquo; (en fran\u00e7ais) aura lieu dans la salle de conf\u00e9rence du CegeSoma,\u00a0<strong>le lundi 21 janvier 2019\u00a0 \u00e0 14 h 30<\/strong>\u00a0(Square de l&rsquo;Aviation 29 \u2013 1070 Bruxelles).<\/p>\n<p>Merci de vous inscrire au pr\u00e9alable :\u00a0<a href=\"mailto:asbl-vzw.cegesoma@arch.be\">asbl-vzw.cegesoma@arch.be<\/a>\u00a0ou\u00a0 32.2.556.92.11<br \/>\nN&rsquo;h\u00e9sitez pas \u00e0 vous faire accompagner !<\/p>\n<p><em>*Cet ouvrage est la traduction de &lsquo;Koekoekskind. Verwekt door de oorlog (1940-1945)&rsquo;, \u00e9dit\u00e9 par Meulenhof-Manteau en 2009\u00a0<\/em><\/p>\n<p>[\/et_pb_text][\/et_pb_column][et_pb_column type=\u00a0\u00bb1_4&Prime;][et_pb_image admin_label=\u00a0\u00bbImage\u00a0\u00bb src=\u00a0\u00bbhttps:\/\/www.coeurssansfrontieres.com\/wp-content\/uploads\/2017\/08\/Biblio.png\u00a0\u00bb show_in_lightbox=\u00a0\u00bboff\u00a0\u00bb url_new_window=\u00a0\u00bboff\u00a0\u00bb use_overlay=\u00a0\u00bboff\u00a0\u00bb animation=\u00a0\u00bboff\u00a0\u00bb sticky=\u00a0\u00bbon\u00a0\u00bb align=\u00a0\u00bbcenter\u00a0\u00bb force_fullwidth=\u00a0\u00bboff\u00a0\u00bb always_center_on_mobile=\u00a0\u00bbon\u00a0\u00bb use_border_color=\u00a0\u00bboff\u00a0\u00bb border_color=\u00a0\u00bb#ffffff\u00a0\u00bb border_style=\u00a0\u00bbsolid\u00a0\u00bb]<\/p>\n<p>&nbsp;<\/p>\n<p>[\/et_pb_image][et_pb_sidebar admin_label=\u00a0\u00bbBarre lat\u00e9rale livres \u00a0\u00bb orientation=\u00a0\u00bbleft\u00a0\u00bb area=\u00a0\u00bbet_pb_widget_area_49&Prime; background_layout=\u00a0\u00bblight\u00a0\u00bb remove_border=\u00a0\u00bboff\u00a0\u00bb]<\/p>\n<p>&nbsp;<\/p>\n<p>[\/et_pb_sidebar][\/et_pb_column][\/et_pb_row][\/et_pb_section]<\/p>\n","protected":false},"excerpt":{"rendered":"<p>Invitation \u00e0 la pr\u00e9sentation de \u00ab\u00a0La Valise oubii\u00e9e\u00a0\u00bb. Gerlinda Swillen a \u00e9crit ce livre sur l&rsquo;histoire des enfants n\u00e9s des amours entre des femmes belges et des soldats de la\u00a0Wehrmacht. Soutenu par le CEGESOMA et la Fondation Auschwitz. Cet ouvrage est la traduction de &lsquo;Koekoekskind. Verwekt door de oorlog (1940-1945)&rsquo;,<\/p>\n","protected":false},"author":249,"featured_media":11188,"comment_status":"closed","ping_status":"closed","sticky":false,"template":"","format":"standard","meta":{"_et_pb_use_builder":"on","_et_pb_old_content":"","_et_gb_content_width":"","footnotes":""},"categories":[162,255,253,229],"tags":[],"class_list":["post-11170","post","type-post","status-publish","format-standard","has-post-thumbnail","hentry","category-documents","category-europe","category-gerlinda-swillen","category-livresfr"],"yoast_head":"<!-- This site is optimized with the Yoast SEO plugin v27.5 - https:\/\/yoast.com\/product\/yoast-seo-wordpress\/ -->\n<title>Gerlinda Swillen : La Valise oubli\u00e9e - CSF - HOG<\/title>\n<meta name=\"robots\" content=\"index, follow, max-snippet:-1, max-image-preview:large, max-video-preview:-1\" \/>\n<link rel=\"canonical\" href=\"https:\/\/www.coeurssansfrontieres.com\/fr\/documents\/divers\/gerlinda-swillen\/la-valise-oubliee\/\" \/>\n<meta property=\"og:locale\" content=\"fr_FR\" \/>\n<meta property=\"og:type\" content=\"article\" \/>\n<meta property=\"og:title\" content=\"Gerlinda Swillen : La Valise oubli\u00e9e - CSF - HOG\" \/>\n<meta property=\"og:description\" content=\"Invitation \u00e0 la pr\u00e9sentation de &quot;La Valise oubii\u00e9e&quot;. Gerlinda Swillen a \u00e9crit ce livre sur l&#039;histoire des enfants n\u00e9s des amours entre des femmes belges et des soldats de la\u00a0Wehrmacht. Soutenu par le CEGESOMA et la Fondation Auschwitz. Cet ouvrage est la traduction de &#039;Koekoekskind. Verwekt door de oorlog (1940-1945)&#039;,\" \/>\n<meta property=\"og:url\" content=\"https:\/\/www.coeurssansfrontieres.com\/fr\/documents\/divers\/gerlinda-swillen\/la-valise-oubliee\/\" \/>\n<meta property=\"og:site_name\" content=\"CSF - HOG\" \/>\n<meta property=\"article:published_time\" content=\"2018-12-18T16:55:33+00:00\" \/>\n<meta property=\"article:modified_time\" content=\"2019-02-21T10:35:01+00:00\" \/>\n<meta property=\"og:image\" content=\"https:\/\/www.coeurssansfrontieres.com\/wp-content\/uploads\/2018\/12\/vignette-1.jpg\" \/>\n\t<meta property=\"og:image:width\" content=\"200\" \/>\n\t<meta property=\"og:image:height\" content=\"200\" \/>\n\t<meta property=\"og:image:type\" content=\"image\/jpeg\" \/>\n<meta name=\"author\" content=\"GOFFIN Alexandre\" \/>\n<meta name=\"twitter:card\" content=\"summary_large_image\" \/>\n<meta name=\"twitter:label1\" content=\"\u00c9crit par\" \/>\n\t<meta name=\"twitter:data1\" content=\"GOFFIN Alexandre\" \/>\n\t<meta name=\"twitter:label2\" content=\"Dur\u00e9e de lecture estim\u00e9e\" \/>\n\t<meta name=\"twitter:data2\" content=\"5 minutes\" \/>\n<script type=\"application\/ld+json\" class=\"yoast-schema-graph\">{\"@context\":\"https:\\\/\\\/schema.org\",\"@graph\":[{\"@type\":\"Article\",\"@id\":\"https:\\\/\\\/www.coeurssansfrontieres.com\\\/fr\\\/documents\\\/divers\\\/gerlinda-swillen\\\/la-valise-oubliee\\\/#article\",\"isPartOf\":{\"@id\":\"https:\\\/\\\/www.coeurssansfrontieres.com\\\/fr\\\/documents\\\/divers\\\/gerlinda-swillen\\\/la-valise-oubliee\\\/\"},\"author\":{\"name\":\"GOFFIN Alexandre\",\"@id\":\"https:\\\/\\\/www.coeurssansfrontieres.com\\\/fr\\\/#\\\/schema\\\/person\\\/19507754554eb5218427fc31038cac56\"},\"headline\":\"Gerlinda Swillen : La Valise oubli\u00e9e\",\"datePublished\":\"2018-12-18T16:55:33+00:00\",\"dateModified\":\"2019-02-21T10:35:01+00:00\",\"mainEntityOfPage\":{\"@id\":\"https:\\\/\\\/www.coeurssansfrontieres.com\\\/fr\\\/documents\\\/divers\\\/gerlinda-swillen\\\/la-valise-oubliee\\\/\"},\"wordCount\":1008,\"image\":{\"@id\":\"https:\\\/\\\/www.coeurssansfrontieres.com\\\/fr\\\/documents\\\/divers\\\/gerlinda-swillen\\\/la-valise-oubliee\\\/#primaryimage\"},\"thumbnailUrl\":\"https:\\\/\\\/www.coeurssansfrontieres.com\\\/wp-content\\\/uploads\\\/2018\\\/12\\\/vignette-1.jpg\",\"articleSection\":[\"Documents\",\"Europe\",\"Gerlinda Swillen\",\"LivresFR\"],\"inLanguage\":\"fr-FR\"},{\"@type\":\"WebPage\",\"@id\":\"https:\\\/\\\/www.coeurssansfrontieres.com\\\/fr\\\/documents\\\/divers\\\/gerlinda-swillen\\\/la-valise-oubliee\\\/\",\"url\":\"https:\\\/\\\/www.coeurssansfrontieres.com\\\/fr\\\/documents\\\/divers\\\/gerlinda-swillen\\\/la-valise-oubliee\\\/\",\"name\":\"Gerlinda Swillen : La Valise oubli\u00e9e - CSF - HOG\",\"isPartOf\":{\"@id\":\"https:\\\/\\\/www.coeurssansfrontieres.com\\\/fr\\\/#website\"},\"primaryImageOfPage\":{\"@id\":\"https:\\\/\\\/www.coeurssansfrontieres.com\\\/fr\\\/documents\\\/divers\\\/gerlinda-swillen\\\/la-valise-oubliee\\\/#primaryimage\"},\"image\":{\"@id\":\"https:\\\/\\\/www.coeurssansfrontieres.com\\\/fr\\\/documents\\\/divers\\\/gerlinda-swillen\\\/la-valise-oubliee\\\/#primaryimage\"},\"thumbnailUrl\":\"https:\\\/\\\/www.coeurssansfrontieres.com\\\/wp-content\\\/uploads\\\/2018\\\/12\\\/vignette-1.jpg\",\"datePublished\":\"2018-12-18T16:55:33+00:00\",\"dateModified\":\"2019-02-21T10:35:01+00:00\",\"author\":{\"@id\":\"https:\\\/\\\/www.coeurssansfrontieres.com\\\/fr\\\/#\\\/schema\\\/person\\\/19507754554eb5218427fc31038cac56\"},\"breadcrumb\":{\"@id\":\"https:\\\/\\\/www.coeurssansfrontieres.com\\\/fr\\\/documents\\\/divers\\\/gerlinda-swillen\\\/la-valise-oubliee\\\/#breadcrumb\"},\"inLanguage\":\"fr-FR\",\"potentialAction\":[{\"@type\":\"ReadAction\",\"target\":[\"https:\\\/\\\/www.coeurssansfrontieres.com\\\/fr\\\/documents\\\/divers\\\/gerlinda-swillen\\\/la-valise-oubliee\\\/\"]}]},{\"@type\":\"ImageObject\",\"inLanguage\":\"fr-FR\",\"@id\":\"https:\\\/\\\/www.coeurssansfrontieres.com\\\/fr\\\/documents\\\/divers\\\/gerlinda-swillen\\\/la-valise-oubliee\\\/#primaryimage\",\"url\":\"https:\\\/\\\/www.coeurssansfrontieres.com\\\/wp-content\\\/uploads\\\/2018\\\/12\\\/vignette-1.jpg\",\"contentUrl\":\"https:\\\/\\\/www.coeurssansfrontieres.com\\\/wp-content\\\/uploads\\\/2018\\\/12\\\/vignette-1.jpg\",\"width\":200,\"height\":200},{\"@type\":\"BreadcrumbList\",\"@id\":\"https:\\\/\\\/www.coeurssansfrontieres.com\\\/fr\\\/documents\\\/divers\\\/gerlinda-swillen\\\/la-valise-oubliee\\\/#breadcrumb\",\"itemListElement\":[{\"@type\":\"ListItem\",\"position\":1,\"name\":\"Accueil\",\"item\":\"https:\\\/\\\/www.coeurssansfrontieres.com\\\/fr\\\/\"},{\"@type\":\"ListItem\",\"position\":2,\"name\":\"Gerlinda Swillen : La Valise oubli\u00e9e\"}]},{\"@type\":\"WebSite\",\"@id\":\"https:\\\/\\\/www.coeurssansfrontieres.com\\\/fr\\\/#website\",\"url\":\"https:\\\/\\\/www.coeurssansfrontieres.com\\\/fr\\\/\",\"name\":\"C\u0153urs sans fronti\u00e8res\",\"description\":\"Association franco-allemande des Enfants de la Seconde Guerre Mondiale\",\"potentialAction\":[{\"@type\":\"SearchAction\",\"target\":{\"@type\":\"EntryPoint\",\"urlTemplate\":\"https:\\\/\\\/www.coeurssansfrontieres.com\\\/fr\\\/?s={search_term_string}\"},\"query-input\":{\"@type\":\"PropertyValueSpecification\",\"valueRequired\":true,\"valueName\":\"search_term_string\"}}],\"inLanguage\":\"fr-FR\"},{\"@type\":\"Person\",\"@id\":\"https:\\\/\\\/www.coeurssansfrontieres.com\\\/fr\\\/#\\\/schema\\\/person\\\/19507754554eb5218427fc31038cac56\",\"name\":\"GOFFIN Alexandre\"}]}<\/script>\n<!-- \/ Yoast SEO plugin. -->","yoast_head_json":{"title":"Gerlinda Swillen : La Valise oubli\u00e9e - CSF - HOG","robots":{"index":"index","follow":"follow","max-snippet":"max-snippet:-1","max-image-preview":"max-image-preview:large","max-video-preview":"max-video-preview:-1"},"canonical":"https:\/\/www.coeurssansfrontieres.com\/fr\/documents\/divers\/gerlinda-swillen\/la-valise-oubliee\/","og_locale":"fr_FR","og_type":"article","og_title":"Gerlinda Swillen : La Valise oubli\u00e9e - CSF - HOG","og_description":"Invitation \u00e0 la pr\u00e9sentation de \"La Valise oubii\u00e9e\". Gerlinda Swillen a \u00e9crit ce livre sur l'histoire des enfants n\u00e9s des amours entre des femmes belges et des soldats de la\u00a0Wehrmacht. Soutenu par le CEGESOMA et la Fondation Auschwitz. Cet ouvrage est la traduction de 'Koekoekskind. Verwekt door de oorlog (1940-1945)',","og_url":"https:\/\/www.coeurssansfrontieres.com\/fr\/documents\/divers\/gerlinda-swillen\/la-valise-oubliee\/","og_site_name":"CSF - HOG","article_published_time":"2018-12-18T16:55:33+00:00","article_modified_time":"2019-02-21T10:35:01+00:00","og_image":[{"width":200,"height":200,"url":"https:\/\/www.coeurssansfrontieres.com\/wp-content\/uploads\/2018\/12\/vignette-1.jpg","type":"image\/jpeg"}],"author":"GOFFIN Alexandre","twitter_card":"summary_large_image","twitter_misc":{"\u00c9crit par":"GOFFIN Alexandre","Dur\u00e9e de lecture estim\u00e9e":"5 minutes"},"schema":{"@context":"https:\/\/schema.org","@graph":[{"@type":"Article","@id":"https:\/\/www.coeurssansfrontieres.com\/fr\/documents\/divers\/gerlinda-swillen\/la-valise-oubliee\/#article","isPartOf":{"@id":"https:\/\/www.coeurssansfrontieres.com\/fr\/documents\/divers\/gerlinda-swillen\/la-valise-oubliee\/"},"author":{"name":"GOFFIN Alexandre","@id":"https:\/\/www.coeurssansfrontieres.com\/fr\/#\/schema\/person\/19507754554eb5218427fc31038cac56"},"headline":"Gerlinda Swillen : La Valise oubli\u00e9e","datePublished":"2018-12-18T16:55:33+00:00","dateModified":"2019-02-21T10:35:01+00:00","mainEntityOfPage":{"@id":"https:\/\/www.coeurssansfrontieres.com\/fr\/documents\/divers\/gerlinda-swillen\/la-valise-oubliee\/"},"wordCount":1008,"image":{"@id":"https:\/\/www.coeurssansfrontieres.com\/fr\/documents\/divers\/gerlinda-swillen\/la-valise-oubliee\/#primaryimage"},"thumbnailUrl":"https:\/\/www.coeurssansfrontieres.com\/wp-content\/uploads\/2018\/12\/vignette-1.jpg","articleSection":["Documents","Europe","Gerlinda Swillen","LivresFR"],"inLanguage":"fr-FR"},{"@type":"WebPage","@id":"https:\/\/www.coeurssansfrontieres.com\/fr\/documents\/divers\/gerlinda-swillen\/la-valise-oubliee\/","url":"https:\/\/www.coeurssansfrontieres.com\/fr\/documents\/divers\/gerlinda-swillen\/la-valise-oubliee\/","name":"Gerlinda Swillen : La Valise oubli\u00e9e - CSF - HOG","isPartOf":{"@id":"https:\/\/www.coeurssansfrontieres.com\/fr\/#website"},"primaryImageOfPage":{"@id":"https:\/\/www.coeurssansfrontieres.com\/fr\/documents\/divers\/gerlinda-swillen\/la-valise-oubliee\/#primaryimage"},"image":{"@id":"https:\/\/www.coeurssansfrontieres.com\/fr\/documents\/divers\/gerlinda-swillen\/la-valise-oubliee\/#primaryimage"},"thumbnailUrl":"https:\/\/www.coeurssansfrontieres.com\/wp-content\/uploads\/2018\/12\/vignette-1.jpg","datePublished":"2018-12-18T16:55:33+00:00","dateModified":"2019-02-21T10:35:01+00:00","author":{"@id":"https:\/\/www.coeurssansfrontieres.com\/fr\/#\/schema\/person\/19507754554eb5218427fc31038cac56"},"breadcrumb":{"@id":"https:\/\/www.coeurssansfrontieres.com\/fr\/documents\/divers\/gerlinda-swillen\/la-valise-oubliee\/#breadcrumb"},"inLanguage":"fr-FR","potentialAction":[{"@type":"ReadAction","target":["https:\/\/www.coeurssansfrontieres.com\/fr\/documents\/divers\/gerlinda-swillen\/la-valise-oubliee\/"]}]},{"@type":"ImageObject","inLanguage":"fr-FR","@id":"https:\/\/www.coeurssansfrontieres.com\/fr\/documents\/divers\/gerlinda-swillen\/la-valise-oubliee\/#primaryimage","url":"https:\/\/www.coeurssansfrontieres.com\/wp-content\/uploads\/2018\/12\/vignette-1.jpg","contentUrl":"https:\/\/www.coeurssansfrontieres.com\/wp-content\/uploads\/2018\/12\/vignette-1.jpg","width":200,"height":200},{"@type":"BreadcrumbList","@id":"https:\/\/www.coeurssansfrontieres.com\/fr\/documents\/divers\/gerlinda-swillen\/la-valise-oubliee\/#breadcrumb","itemListElement":[{"@type":"ListItem","position":1,"name":"Accueil","item":"https:\/\/www.coeurssansfrontieres.com\/fr\/"},{"@type":"ListItem","position":2,"name":"Gerlinda Swillen : La Valise oubli\u00e9e"}]},{"@type":"WebSite","@id":"https:\/\/www.coeurssansfrontieres.com\/fr\/#website","url":"https:\/\/www.coeurssansfrontieres.com\/fr\/","name":"C\u0153urs sans fronti\u00e8res","description":"Association franco-allemande des Enfants de la Seconde Guerre Mondiale","potentialAction":[{"@type":"SearchAction","target":{"@type":"EntryPoint","urlTemplate":"https:\/\/www.coeurssansfrontieres.com\/fr\/?s={search_term_string}"},"query-input":{"@type":"PropertyValueSpecification","valueRequired":true,"valueName":"search_term_string"}}],"inLanguage":"fr-FR"},{"@type":"Person","@id":"https:\/\/www.coeurssansfrontieres.com\/fr\/#\/schema\/person\/19507754554eb5218427fc31038cac56","name":"GOFFIN Alexandre"}]}},"_links":{"self":[{"href":"https:\/\/www.coeurssansfrontieres.com\/fr\/wp-json\/wp\/v2\/posts\/11170","targetHints":{"allow":["GET"]}}],"collection":[{"href":"https:\/\/www.coeurssansfrontieres.com\/fr\/wp-json\/wp\/v2\/posts"}],"about":[{"href":"https:\/\/www.coeurssansfrontieres.com\/fr\/wp-json\/wp\/v2\/types\/post"}],"author":[{"embeddable":true,"href":"https:\/\/www.coeurssansfrontieres.com\/fr\/wp-json\/wp\/v2\/users\/249"}],"replies":[{"embeddable":true,"href":"https:\/\/www.coeurssansfrontieres.com\/fr\/wp-json\/wp\/v2\/comments?post=11170"}],"version-history":[{"count":0,"href":"https:\/\/www.coeurssansfrontieres.com\/fr\/wp-json\/wp\/v2\/posts\/11170\/revisions"}],"wp:featuredmedia":[{"embeddable":true,"href":"https:\/\/www.coeurssansfrontieres.com\/fr\/wp-json\/wp\/v2\/media\/11188"}],"wp:attachment":[{"href":"https:\/\/www.coeurssansfrontieres.com\/fr\/wp-json\/wp\/v2\/media?parent=11170"}],"wp:term":[{"taxonomy":"category","embeddable":true,"href":"https:\/\/www.coeurssansfrontieres.com\/fr\/wp-json\/wp\/v2\/categories?post=11170"},{"taxonomy":"post_tag","embeddable":true,"href":"https:\/\/www.coeurssansfrontieres.com\/fr\/wp-json\/wp\/v2\/tags?post=11170"}],"curies":[{"name":"wp","href":"https:\/\/api.w.org\/{rel}","templated":true}]}}