{"id":12729,"date":"2019-03-09T18:21:36","date_gmt":"2019-03-09T17:21:36","guid":{"rendered":"http:\/\/www.coeurssansfrontieres.com\/?p=12729"},"modified":"2019-03-10T18:31:03","modified_gmt":"2019-03-10T17:31:03","slug":"n-532-bernard-schmidt-madeleine-bernard","status":"publish","type":"post","link":"https:\/\/www.coeurssansfrontieres.com\/fr\/recherches\/recherches-en-cours\/n-532-bernard-schmidt-madeleine-bernard\/","title":{"rendered":"N\u00b0 532 Bernard SCHMIDT &#8211; Madeleine BERNARD"},"content":{"rendered":"<p>[et_pb_section admin_label=\u00a0\u00bbsection\u00a0\u00bb transparent_background=\u00a0\u00bboff\u00a0\u00bb background_color=\u00a0\u00bb#ffffff\u00a0\u00bb allow_player_pause=\u00a0\u00bboff\u00a0\u00bb inner_shadow=\u00a0\u00bboff\u00a0\u00bb parallax=\u00a0\u00bboff\u00a0\u00bb parallax_method=\u00a0\u00bboff\u00a0\u00bb padding_mobile=\u00a0\u00bboff\u00a0\u00bb make_fullwidth=\u00a0\u00bboff\u00a0\u00bb use_custom_width=\u00a0\u00bboff\u00a0\u00bb width_unit=\u00a0\u00bbon\u00a0\u00bb make_equal=\u00a0\u00bboff\u00a0\u00bb use_custom_gutter=\u00a0\u00bboff\u00a0\u00bb][et_pb_row admin_label=\u00a0\u00bbrow\u00a0\u00bb make_fullwidth=\u00a0\u00bbon\u00a0\u00bb use_custom_width=\u00a0\u00bboff\u00a0\u00bb width_unit=\u00a0\u00bbon\u00a0\u00bb use_custom_gutter=\u00a0\u00bboff\u00a0\u00bb padding_mobile=\u00a0\u00bboff\u00a0\u00bb allow_player_pause=\u00a0\u00bboff\u00a0\u00bb parallax=\u00a0\u00bboff\u00a0\u00bb parallax_method=\u00a0\u00bboff\u00a0\u00bb make_equal=\u00a0\u00bboff\u00a0\u00bb parallax_1=\u00a0\u00bboff\u00a0\u00bb parallax_method_1=\u00a0\u00bboff\u00a0\u00bb parallax_2=\u00a0\u00bboff\u00a0\u00bb parallax_method_2=\u00a0\u00bboff\u00a0\u00bb parallax_3=\u00a0\u00bboff\u00a0\u00bb parallax_method_3=\u00a0\u00bboff\u00a0\u00bb column_padding_mobile=\u00a0\u00bbon\u00a0\u00bb][et_pb_column type=\u00a0\u00bb1_4&Prime;][et_pb_image admin_label=\u00a0\u00bbImage\u00a0\u00bb src=\u00a0\u00bbhttps:\/\/www.coeurssansfrontieres.com\/wp-content\/uploads\/2019\/03\/532-immage-base.jpg\u00a0\u00bb show_in_lightbox=\u00a0\u00bbon\u00a0\u00bb url_new_window=\u00a0\u00bboff\u00a0\u00bb use_overlay=\u00a0\u00bbon\u00a0\u00bb hover_icon=\u00a0\u00bb%%52%%\u00a0\u00bb animation=\u00a0\u00bboff\u00a0\u00bb sticky=\u00a0\u00bbon\u00a0\u00bb align=\u00a0\u00bbcenter\u00a0\u00bb max_width=\u00a0\u00bb250px\u00a0\u00bb force_fullwidth=\u00a0\u00bbon\u00a0\u00bb always_center_on_mobile=\u00a0\u00bbon\u00a0\u00bb use_border_color=\u00a0\u00bboff\u00a0\u00bb border_color=\u00a0\u00bb#ffffff\u00a0\u00bb border_style=\u00a0\u00bbsolid\u00a0\u00bb custom_css_main_element=\u00a0\u00bbbox-shadow: 3px 3px 3px #7C7C7C;||img.hovertext {|| position: relative;||width: 250px;|| }|| ||img.hovertext:after {|| content: attr(title);|| position: absolute;|| left: 25px;|| bottom: 25px;|| padding: 20px;|| background: rgba(0,0,0,0.5);|| color: #fff;|| opacity: 0;|| -webkit-transition: 0.5s;|| -moz-transition: 0.5s;|| -o-transition: 0.5s;|| -ms-transition: 0.5s;|| }|| ||img.hovertext:hover:after {|| opacity: 1.0;|| }\u00a0\u00bb saved_tabs=\u00a0\u00bball\u00a0\u00bb alt=\u00a0\u00bbMadeleine BERNARD\u00a0\u00bb title_text=\u00a0\u00bbMadeleine BERNARD\u00a0\u00bb custom_margin=\u00a0\u00bb10vh|||\u00a0\u00bb]<\/p>\n<p>&nbsp;<\/p>\n<p>[\/et_pb_image][et_pb_text admin_label=\u00a0\u00bbTexte\u00a0\u00bb background_layout=\u00a0\u00bblight\u00a0\u00bb text_orientation=\u00a0\u00bbcenter\u00a0\u00bb text_font=\u00a0\u00bb|on|on||\u00a0\u00bb text_font_size=\u00a0\u00bb9&Prime; text_text_color=\u00a0\u00bb#d63fea\u00a0\u00bb use_border_color=\u00a0\u00bboff\u00a0\u00bb border_color=\u00a0\u00bb#df7fe8&Prime; border_style=\u00a0\u00bbsolid\u00a0\u00bb custom_padding=\u00a0\u00bb1vh|||\u00a0\u00bb text_line_height=\u00a0\u00bb1.2em\u00a0\u00bb]<\/p>\n<p><strong>Madeleine BERNARD<\/strong><\/p>\n<p>[\/et_pb_text][et_pb_image admin_label=\u00a0\u00bbImage\u00a0\u00bb src=\u00a0\u00bbhttps:\/\/www.coeurssansfrontieres.com\/wp-content\/uploads\/2019\/03\/Lettre-de-Bernhard-Schmidt.jpg\u00a0\u00bb show_in_lightbox=\u00a0\u00bbon\u00a0\u00bb url_new_window=\u00a0\u00bboff\u00a0\u00bb use_overlay=\u00a0\u00bbon\u00a0\u00bb hover_icon=\u00a0\u00bb%%52%%\u00a0\u00bb animation=\u00a0\u00bboff\u00a0\u00bb sticky=\u00a0\u00bbon\u00a0\u00bb align=\u00a0\u00bbcenter\u00a0\u00bb max_width=\u00a0\u00bb250px\u00a0\u00bb force_fullwidth=\u00a0\u00bbon\u00a0\u00bb always_center_on_mobile=\u00a0\u00bbon\u00a0\u00bb use_border_color=\u00a0\u00bboff\u00a0\u00bb border_color=\u00a0\u00bb#ffffff\u00a0\u00bb border_style=\u00a0\u00bbsolid\u00a0\u00bb custom_css_main_element=\u00a0\u00bbbox-shadow: 3px 3px 3px #7C7C7C;||img.hovertext {|| position: relative;||width: 250px;|| }|| ||img.hovertext:after {|| content: attr(title);|| position: absolute;|| left: 25px;|| bottom: 25px;|| padding: 20px;|| background: rgba(0,0,0,0.5);|| color: #fff;|| opacity: 0;|| -webkit-transition: 0.5s;|| -moz-transition: 0.5s;|| -o-transition: 0.5s;|| -ms-transition: 0.5s;|| }|| ||img.hovertext:hover:after {|| opacity: 1.0;|| }\u00a0\u00bb saved_tabs=\u00a0\u00bball\u00a0\u00bb alt=\u00a0\u00bbLettre de Bernhard SCHMIDT \u00e0 la nourrice.\u00a0\u00bb title_text=\u00a0\u00bbMarcel LEULIER 1939&Prime; custom_margin=\u00a0\u00bb10vh|||\u00a0\u00bb]<\/p>\n<p>&nbsp;<\/p>\n<p>[\/et_pb_image][et_pb_text admin_label=\u00a0\u00bbTexte\u00a0\u00bb background_layout=\u00a0\u00bblight\u00a0\u00bb text_orientation=\u00a0\u00bbcenter\u00a0\u00bb text_font=\u00a0\u00bb|on|on||\u00a0\u00bb text_font_size=\u00a0\u00bb9&Prime; text_text_color=\u00a0\u00bb#d63fea\u00a0\u00bb use_border_color=\u00a0\u00bboff\u00a0\u00bb border_color=\u00a0\u00bb#df7fe8&Prime; border_style=\u00a0\u00bbsolid\u00a0\u00bb custom_padding=\u00a0\u00bb1vh|||\u00a0\u00bb text_line_height=\u00a0\u00bb1.2em\u00a0\u00bb]<\/p>\n<p>Lettre de Bernhard SCHMIDT \u00e0 la nourrice.<\/p>\n<p>[\/et_pb_text][\/et_pb_column][et_pb_column type=\u00a0\u00bb1_2&Prime;][et_pb_post_title admin_label=\u00a0\u00bbTitre du poste\u00a0\u00bb title=\u00a0\u00bbon\u00a0\u00bb meta=\u00a0\u00bboff\u00a0\u00bb author=\u00a0\u00bbon\u00a0\u00bb date=\u00a0\u00bbon\u00a0\u00bb categories=\u00a0\u00bbon\u00a0\u00bb comments=\u00a0\u00bbon\u00a0\u00bb featured_image=\u00a0\u00bboff\u00a0\u00bb featured_placement=\u00a0\u00bbbelow\u00a0\u00bb parallax_effect=\u00a0\u00bbon\u00a0\u00bb parallax_method=\u00a0\u00bbon\u00a0\u00bb text_orientation=\u00a0\u00bbcenter\u00a0\u00bb text_color=\u00a0\u00bbdark\u00a0\u00bb text_background=\u00a0\u00bboff\u00a0\u00bb text_bg_color=\u00a0\u00bbrgba(255,255,255,0.9)\u00a0\u00bb module_bg_color=\u00a0\u00bbrgba(255,255,255,0)\u00a0\u00bb title_all_caps=\u00a0\u00bboff\u00a0\u00bb use_border_color=\u00a0\u00bboff\u00a0\u00bb border_color=\u00a0\u00bb#ffffff\u00a0\u00bb border_style=\u00a0\u00bbsolid\u00a0\u00bb]<\/p>\n<p>&nbsp;<\/p>\n<p>[\/et_pb_post_title][et_pb_button admin_label=\u00a0\u00bb2018 Gestion Recherches Lequentrec\u00a0\u00bb saved_tabs=\u00a0\u00bball\u00a0\u00bb button_url=\u00a0\u00bbhttps:\/\/www.coeurssansfrontieres.com\/fr\/contacts\/le-quentrec-chantal\/\u00a0\u00bb url_new_window=\u00a0\u00bbon\u00a0\u00bb button_text=\u00a0\u00bbPour contacter les gestionnaires de cette recherche\u00a0\u00bb button_alignment=\u00a0\u00bbcenter\u00a0\u00bb background_layout=\u00a0\u00bbdark\u00a0\u00bb custom_button=\u00a0\u00bbon\u00a0\u00bb button_text_size=\u00a0\u00bb12&Prime; button_bg_color=\u00a0\u00bb#ad6baf\u00a0\u00bb button_border_color=\u00a0\u00bb#ae44af\u00a0\u00bb button_border_radius=\u00a0\u00bb50&Prime; button_letter_spacing=\u00a0\u00bb0&Prime; button_font=\u00a0\u00bb|on|on||\u00a0\u00bb button_use_icon=\u00a0\u00bbon\u00a0\u00bb button_icon=\u00a0\u00bb%%109%%\u00a0\u00bb button_icon_placement=\u00a0\u00bbright\u00a0\u00bb button_on_hover=\u00a0\u00bboff\u00a0\u00bb button_letter_spacing_hover=\u00a0\u00bb0&Prime; custom_css_main_element=\u00a0\u00bbmargin-left : 12vw;||margin-right : 12vw;||box-shadow: 3px 3px 3px #7C7C7C;\u00a0\u00bb]<br \/>\n[\/et_pb_button][et_pb_text admin_label=\u00a0\u00bbTexte\u00a0\u00bb background_layout=\u00a0\u00bblight\u00a0\u00bb text_orientation=\u00a0\u00bbleft\u00a0\u00bb use_border_color=\u00a0\u00bboff\u00a0\u00bb border_color=\u00a0\u00bb#ffffff\u00a0\u00bb border_style=\u00a0\u00bbsolid\u00a0\u00bb]<\/p>\n<p>N\u00b0532<\/p>\n<p>Je m\u2019appelle L\u00e9o Pierre BERNARD\u00a0;<\/p>\n<p><strong>Ma m\u00e8re, Madeleine, Henriette, Ren\u00e9e BERNARD, \u00e9pouse GUYARD habitait Dijon.<br \/>\n<\/strong>Son mari \u00e9tait prisonnier en Allemagne.<\/p>\n<p>Elle a connu un soldat allemand et je suis n\u00e9 <strong>15\u00a0 ao\u00fbt 1943, dans une clinique priv\u00e9e de Dijon, rue F\u00e9vret,.<\/strong><\/p>\n<p>J\u2019ai \u00e9t\u00e9 mis chez <strong>Madame GROS<\/strong>, une nourrice \u00e0 <strong>Beire le Chatel<\/strong>, pr\u00e8s de Dijon.<\/p>\n<p>A la lib\u00e9ration de Dijon, le 11 septembre 1944, ma m\u00e8re a suivi mon p\u00e8re et l\u2019arm\u00e9e allemande.<br \/>\nElle est arriv\u00e9e <strong>\u00e0 Cologne<\/strong> le 18 septembre 1944 et a \u00e9t\u00e9 rapatri\u00e9e en France par le Minist\u00e8re des prisonniers, d\u00e9port\u00e9s et r\u00e9fugi\u00e9s en f\u00e9vrier 1946.<\/p>\n<p>Mon p\u00e8re <strong>Bernard<\/strong> (<strong>ou Bernhardt) SCHMIDT<\/strong> est aussi mon parrain\u00a0;<\/p>\n<p>J\u2019ai une lettre \u00e9crite par lui le 10 mars 1946 \u00e0 Mme Gros, pour lui demander de mes nouvelles\u00a0;<br \/>\nIl lui dit que Madeleine est retourn\u00e9e en France pour ses papiers et\u00a0 qu\u2019il se fait du souci car il n\u2019a pas de nouvelle d\u2019elle.<br \/>\nIl demande \u00e0 Mme Gros de lui r\u00e9pondre \u00e0 l\u2019adresse suivante<\/p>\n<p><strong>Frau SCHMIDT\u00a0\u00a0 COLOGNE\u00a0 Gladbacher Strasse 8\u00a0 DEUTSCHLAND<\/strong><\/p>\n<p>Mme Gros m\u2019ayant remis aux services de l\u2019enfance \u00e0 Dijon le 1 octobre 1944, leur a transmis ce courrier et les services lui ont demand\u00e9 de ne pas donner suite.<br \/>\nJ\u2019ai eu tous ces renseignements au Conseil G\u00e9n\u00e9ral de Dijon en octobre 2012 quand j\u2019ai pu enfin avoir acc\u00e8s \u00e0 mon dossier.<\/p>\n<p>J\u2019aimerai retrouver mon p\u00e8re ou ses descendants pour ainsi conna\u00eetre enfin ma famille.<\/p>\n<p>Je remercie par avance, toute personne qui pourra m\u2019aider.<\/p>\n<p>En pi\u00e8ce jointe, une photo de ma m\u00e8re en 1952.<\/p>\n<p>Bien \u00e0 vous, L\u00e9o<\/p>\n<p>&nbsp;<\/p>\n<p>&nbsp;<\/p>\n<p>[\/et_pb_text][\/et_pb_column][et_pb_column type=\u00a0\u00bb1_4&Prime;][et_pb_image admin_label=\u00a0\u00bbImage recherches en cours\u00a0\u00bb src=\u00a0\u00bbhttps:\/\/www.coeurssansfrontieres.com\/wp-content\/uploads\/2017\/09\/Recherches-en-cours-OMBRE.png\u00a0\u00bb show_in_lightbox=\u00a0\u00bboff\u00a0\u00bb url_new_window=\u00a0\u00bboff\u00a0\u00bb use_overlay=\u00a0\u00bboff\u00a0\u00bb animation=\u00a0\u00bboff\u00a0\u00bb sticky=\u00a0\u00bbon\u00a0\u00bb align=\u00a0\u00bbcenter\u00a0\u00bb max_width=\u00a0\u00bb50px\u00a0\u00bb force_fullwidth=\u00a0\u00bboff\u00a0\u00bb always_center_on_mobile=\u00a0\u00bbon\u00a0\u00bb use_border_color=\u00a0\u00bboff\u00a0\u00bb border_color=\u00a0\u00bb#ffffff\u00a0\u00bb border_style=\u00a0\u00bbsolid\u00a0\u00bb]<\/p>\n<p>&nbsp;<\/p>\n<p>[\/et_pb_image][et_pb_search admin_label=\u00a0\u00bbChercher dans recherches en cours\u00a0\u00bb background_layout=\u00a0\u00bblight\u00a0\u00bb text_orientation=\u00a0\u00bbleft\u00a0\u00bb exclude_pages=\u00a0\u00bbon\u00a0\u00bb exclude_posts=\u00a0\u00bboff\u00a0\u00bb include_categories=\u00a0\u00bb183,236,212,227,180,214,162,170,202,231,229,208,1,161,160,158,168,210,154,28,66,163,22,13&Prime; hide_button=\u00a0\u00bboff\u00a0\u00bb placeholder=\u00a0\u00bbRechercher\u00a0\u00bb button_color=\u00a0\u00bb#a61abf\u00a0\u00bb input_font_size=\u00a0\u00bb11&Prime; button_font=\u00a0\u00bb|on|||\u00a0\u00bb button_line_height=\u00a0\u00bb2em\u00a0\u00bb button_font_size=\u00a0\u00bb11&Prime; input_line_height=\u00a0\u00bb2em\u00a0\u00bb custom_css_main_element=\u00a0\u00bbbox-shadow: 6px 6px 6px #7C7C7C;\u00a0\u00bb]<\/p>\n<p>&nbsp;<\/p>\n<p>[\/et_pb_search][et_pb_sidebar admin_label=\u00a0\u00bbBL Recherches en cours\u00a0\u00bb orientation=\u00a0\u00bbright\u00a0\u00bb area=\u00a0\u00bbet_pb_widget_area_51&Prime; background_layout=\u00a0\u00bblight\u00a0\u00bb remove_border=\u00a0\u00bboff\u00a0\u00bb header_font=\u00a0\u00bb|on|||\u00a0\u00bb body_line_height=\u00a0\u00bb2em\u00a0\u00bb]<\/p>\n<p>&nbsp;<\/p>\n<p>[\/et_pb_sidebar][\/et_pb_column][\/et_pb_row][\/et_pb_section]<\/p>\n","protected":false},"excerpt":{"rendered":"<p>Mon p\u00e8re Bernhardt SCHMIDT a connu \u00e0 Dijon ma m\u00e8re Madeleine BERNARD. Je suis n\u00e9 le 15  ao\u00fbt 1943 dans cette ville. J\u2019ai \u00e9t\u00e9 mis en nourrice chez Madame GROS \u00e0 Beire le Chatel. En 1946 mon p\u00e8re a \u00e9crit une lettre pour me retrouver en donnant l\u2019adresse de Frau SCHMIDT   COLOGNE  Gladbacher Strasse 8  DEUTSCHLAND. J\u2019aimerais retrouver mon p\u00e8re ou ses descendants pour ainsi conna\u00eetre enfin ma famille.<\/p>\n","protected":false},"author":249,"featured_media":12736,"comment_status":"closed","ping_status":"closed","sticky":false,"template":"","format":"standard","meta":{"_et_pb_use_builder":"on","_et_pb_old_content":"","_et_gb_content_width":"","footnotes":""},"categories":[159,149],"tags":[],"class_list":["post-12729","post","type-post","status-publish","format-standard","has-post-thumbnail","hentry","category-recherches","category-recherches-en-cours"],"yoast_head":"<!-- This site is optimized with the Yoast SEO plugin v27.5 - https:\/\/yoast.com\/product\/yoast-seo-wordpress\/ -->\n<title>N\u00b0 532 Bernard SCHMIDT - Madeleine BERNARD - CSF - HOG<\/title>\n<meta name=\"robots\" content=\"index, follow, max-snippet:-1, max-image-preview:large, max-video-preview:-1\" \/>\n<link rel=\"canonical\" href=\"https:\/\/www.coeurssansfrontieres.com\/fr\/recherches\/recherches-en-cours\/n-532-bernard-schmidt-madeleine-bernard\/\" \/>\n<meta property=\"og:locale\" content=\"fr_FR\" \/>\n<meta property=\"og:type\" content=\"article\" \/>\n<meta property=\"og:title\" content=\"N\u00b0 532 Bernard SCHMIDT - Madeleine BERNARD - CSF - HOG\" \/>\n<meta property=\"og:description\" content=\"Mon p\u00e8re Bernhardt SCHMIDT a connu \u00e0 Dijon ma m\u00e8re Madeleine BERNARD. Je suis n\u00e9 le 15 ao\u00fbt 1943 dans cette ville. J\u2019ai \u00e9t\u00e9 mis en nourrice chez Madame GROS \u00e0 Beire le Chatel. En 1946 mon p\u00e8re a \u00e9crit une lettre pour me retrouver en donnant l\u2019adresse de Frau SCHMIDT  COLOGNE Gladbacher Strasse 8 DEUTSCHLAND. J\u2019aimerais retrouver mon p\u00e8re ou ses descendants pour ainsi conna\u00eetre enfin ma famille.\" \/>\n<meta property=\"og:url\" content=\"https:\/\/www.coeurssansfrontieres.com\/fr\/recherches\/recherches-en-cours\/n-532-bernard-schmidt-madeleine-bernard\/\" \/>\n<meta property=\"og:site_name\" content=\"CSF - HOG\" \/>\n<meta property=\"article:published_time\" content=\"2019-03-09T17:21:36+00:00\" \/>\n<meta property=\"article:modified_time\" content=\"2019-03-10T17:31:03+00:00\" \/>\n<meta property=\"og:image\" content=\"https:\/\/www.coeurssansfrontieres.com\/wp-content\/uploads\/2019\/03\/532-vignette.jpg\" \/>\n\t<meta property=\"og:image:width\" content=\"200\" \/>\n\t<meta property=\"og:image:height\" content=\"200\" \/>\n\t<meta property=\"og:image:type\" content=\"image\/jpeg\" \/>\n<meta name=\"author\" content=\"GOFFIN Alexandre\" \/>\n<meta name=\"twitter:card\" content=\"summary_large_image\" \/>\n<meta name=\"twitter:label1\" content=\"\u00c9crit par\" \/>\n\t<meta name=\"twitter:data1\" content=\"GOFFIN Alexandre\" \/>\n\t<meta name=\"twitter:label2\" content=\"Dur\u00e9e de lecture estim\u00e9e\" \/>\n\t<meta name=\"twitter:data2\" content=\"6 minutes\" \/>\n<script type=\"application\/ld+json\" class=\"yoast-schema-graph\">{\"@context\":\"https:\\\/\\\/schema.org\",\"@graph\":[{\"@type\":\"Article\",\"@id\":\"https:\\\/\\\/www.coeurssansfrontieres.com\\\/fr\\\/recherches\\\/recherches-en-cours\\\/n-532-bernard-schmidt-madeleine-bernard\\\/#article\",\"isPartOf\":{\"@id\":\"https:\\\/\\\/www.coeurssansfrontieres.com\\\/fr\\\/recherches\\\/recherches-en-cours\\\/n-532-bernard-schmidt-madeleine-bernard\\\/\"},\"author\":{\"name\":\"GOFFIN Alexandre\",\"@id\":\"https:\\\/\\\/www.coeurssansfrontieres.com\\\/fr\\\/#\\\/schema\\\/person\\\/19507754554eb5218427fc31038cac56\"},\"headline\":\"N\u00b0 532 Bernard SCHMIDT &#8211; Madeleine BERNARD\",\"datePublished\":\"2019-03-09T17:21:36+00:00\",\"dateModified\":\"2019-03-10T17:31:03+00:00\",\"mainEntityOfPage\":{\"@id\":\"https:\\\/\\\/www.coeurssansfrontieres.com\\\/fr\\\/recherches\\\/recherches-en-cours\\\/n-532-bernard-schmidt-madeleine-bernard\\\/\"},\"wordCount\":1114,\"image\":{\"@id\":\"https:\\\/\\\/www.coeurssansfrontieres.com\\\/fr\\\/recherches\\\/recherches-en-cours\\\/n-532-bernard-schmidt-madeleine-bernard\\\/#primaryimage\"},\"thumbnailUrl\":\"https:\\\/\\\/www.coeurssansfrontieres.com\\\/wp-content\\\/uploads\\\/2019\\\/03\\\/532-vignette.jpg\",\"articleSection\":[\"Recherches\",\"Recherches en cours\"],\"inLanguage\":\"fr-FR\"},{\"@type\":\"WebPage\",\"@id\":\"https:\\\/\\\/www.coeurssansfrontieres.com\\\/fr\\\/recherches\\\/recherches-en-cours\\\/n-532-bernard-schmidt-madeleine-bernard\\\/\",\"url\":\"https:\\\/\\\/www.coeurssansfrontieres.com\\\/fr\\\/recherches\\\/recherches-en-cours\\\/n-532-bernard-schmidt-madeleine-bernard\\\/\",\"name\":\"N\u00b0 532 Bernard SCHMIDT - Madeleine BERNARD - CSF - HOG\",\"isPartOf\":{\"@id\":\"https:\\\/\\\/www.coeurssansfrontieres.com\\\/fr\\\/#website\"},\"primaryImageOfPage\":{\"@id\":\"https:\\\/\\\/www.coeurssansfrontieres.com\\\/fr\\\/recherches\\\/recherches-en-cours\\\/n-532-bernard-schmidt-madeleine-bernard\\\/#primaryimage\"},\"image\":{\"@id\":\"https:\\\/\\\/www.coeurssansfrontieres.com\\\/fr\\\/recherches\\\/recherches-en-cours\\\/n-532-bernard-schmidt-madeleine-bernard\\\/#primaryimage\"},\"thumbnailUrl\":\"https:\\\/\\\/www.coeurssansfrontieres.com\\\/wp-content\\\/uploads\\\/2019\\\/03\\\/532-vignette.jpg\",\"datePublished\":\"2019-03-09T17:21:36+00:00\",\"dateModified\":\"2019-03-10T17:31:03+00:00\",\"author\":{\"@id\":\"https:\\\/\\\/www.coeurssansfrontieres.com\\\/fr\\\/#\\\/schema\\\/person\\\/19507754554eb5218427fc31038cac56\"},\"breadcrumb\":{\"@id\":\"https:\\\/\\\/www.coeurssansfrontieres.com\\\/fr\\\/recherches\\\/recherches-en-cours\\\/n-532-bernard-schmidt-madeleine-bernard\\\/#breadcrumb\"},\"inLanguage\":\"fr-FR\",\"potentialAction\":[{\"@type\":\"ReadAction\",\"target\":[\"https:\\\/\\\/www.coeurssansfrontieres.com\\\/fr\\\/recherches\\\/recherches-en-cours\\\/n-532-bernard-schmidt-madeleine-bernard\\\/\"]}]},{\"@type\":\"ImageObject\",\"inLanguage\":\"fr-FR\",\"@id\":\"https:\\\/\\\/www.coeurssansfrontieres.com\\\/fr\\\/recherches\\\/recherches-en-cours\\\/n-532-bernard-schmidt-madeleine-bernard\\\/#primaryimage\",\"url\":\"https:\\\/\\\/www.coeurssansfrontieres.com\\\/wp-content\\\/uploads\\\/2019\\\/03\\\/532-vignette.jpg\",\"contentUrl\":\"https:\\\/\\\/www.coeurssansfrontieres.com\\\/wp-content\\\/uploads\\\/2019\\\/03\\\/532-vignette.jpg\",\"width\":200,\"height\":200},{\"@type\":\"BreadcrumbList\",\"@id\":\"https:\\\/\\\/www.coeurssansfrontieres.com\\\/fr\\\/recherches\\\/recherches-en-cours\\\/n-532-bernard-schmidt-madeleine-bernard\\\/#breadcrumb\",\"itemListElement\":[{\"@type\":\"ListItem\",\"position\":1,\"name\":\"Accueil\",\"item\":\"https:\\\/\\\/www.coeurssansfrontieres.com\\\/fr\\\/\"},{\"@type\":\"ListItem\",\"position\":2,\"name\":\"N\u00b0 532 Bernard SCHMIDT &#8211; Madeleine BERNARD\"}]},{\"@type\":\"WebSite\",\"@id\":\"https:\\\/\\\/www.coeurssansfrontieres.com\\\/fr\\\/#website\",\"url\":\"https:\\\/\\\/www.coeurssansfrontieres.com\\\/fr\\\/\",\"name\":\"C\u0153urs sans fronti\u00e8res\",\"description\":\"Association franco-allemande des Enfants de la Seconde Guerre Mondiale\",\"potentialAction\":[{\"@type\":\"SearchAction\",\"target\":{\"@type\":\"EntryPoint\",\"urlTemplate\":\"https:\\\/\\\/www.coeurssansfrontieres.com\\\/fr\\\/?s={search_term_string}\"},\"query-input\":{\"@type\":\"PropertyValueSpecification\",\"valueRequired\":true,\"valueName\":\"search_term_string\"}}],\"inLanguage\":\"fr-FR\"},{\"@type\":\"Person\",\"@id\":\"https:\\\/\\\/www.coeurssansfrontieres.com\\\/fr\\\/#\\\/schema\\\/person\\\/19507754554eb5218427fc31038cac56\",\"name\":\"GOFFIN Alexandre\"}]}<\/script>\n<!-- \/ Yoast SEO plugin. -->","yoast_head_json":{"title":"N\u00b0 532 Bernard SCHMIDT - Madeleine BERNARD - CSF - HOG","robots":{"index":"index","follow":"follow","max-snippet":"max-snippet:-1","max-image-preview":"max-image-preview:large","max-video-preview":"max-video-preview:-1"},"canonical":"https:\/\/www.coeurssansfrontieres.com\/fr\/recherches\/recherches-en-cours\/n-532-bernard-schmidt-madeleine-bernard\/","og_locale":"fr_FR","og_type":"article","og_title":"N\u00b0 532 Bernard SCHMIDT - Madeleine BERNARD - CSF - HOG","og_description":"Mon p\u00e8re Bernhardt SCHMIDT a connu \u00e0 Dijon ma m\u00e8re Madeleine BERNARD. Je suis n\u00e9 le 15 ao\u00fbt 1943 dans cette ville. J\u2019ai \u00e9t\u00e9 mis en nourrice chez Madame GROS \u00e0 Beire le Chatel. En 1946 mon p\u00e8re a \u00e9crit une lettre pour me retrouver en donnant l\u2019adresse de Frau SCHMIDT  COLOGNE Gladbacher Strasse 8 DEUTSCHLAND. J\u2019aimerais retrouver mon p\u00e8re ou ses descendants pour ainsi conna\u00eetre enfin ma famille.","og_url":"https:\/\/www.coeurssansfrontieres.com\/fr\/recherches\/recherches-en-cours\/n-532-bernard-schmidt-madeleine-bernard\/","og_site_name":"CSF - HOG","article_published_time":"2019-03-09T17:21:36+00:00","article_modified_time":"2019-03-10T17:31:03+00:00","og_image":[{"width":200,"height":200,"url":"https:\/\/www.coeurssansfrontieres.com\/wp-content\/uploads\/2019\/03\/532-vignette.jpg","type":"image\/jpeg"}],"author":"GOFFIN Alexandre","twitter_card":"summary_large_image","twitter_misc":{"\u00c9crit par":"GOFFIN Alexandre","Dur\u00e9e de lecture estim\u00e9e":"6 minutes"},"schema":{"@context":"https:\/\/schema.org","@graph":[{"@type":"Article","@id":"https:\/\/www.coeurssansfrontieres.com\/fr\/recherches\/recherches-en-cours\/n-532-bernard-schmidt-madeleine-bernard\/#article","isPartOf":{"@id":"https:\/\/www.coeurssansfrontieres.com\/fr\/recherches\/recherches-en-cours\/n-532-bernard-schmidt-madeleine-bernard\/"},"author":{"name":"GOFFIN Alexandre","@id":"https:\/\/www.coeurssansfrontieres.com\/fr\/#\/schema\/person\/19507754554eb5218427fc31038cac56"},"headline":"N\u00b0 532 Bernard SCHMIDT &#8211; Madeleine BERNARD","datePublished":"2019-03-09T17:21:36+00:00","dateModified":"2019-03-10T17:31:03+00:00","mainEntityOfPage":{"@id":"https:\/\/www.coeurssansfrontieres.com\/fr\/recherches\/recherches-en-cours\/n-532-bernard-schmidt-madeleine-bernard\/"},"wordCount":1114,"image":{"@id":"https:\/\/www.coeurssansfrontieres.com\/fr\/recherches\/recherches-en-cours\/n-532-bernard-schmidt-madeleine-bernard\/#primaryimage"},"thumbnailUrl":"https:\/\/www.coeurssansfrontieres.com\/wp-content\/uploads\/2019\/03\/532-vignette.jpg","articleSection":["Recherches","Recherches en cours"],"inLanguage":"fr-FR"},{"@type":"WebPage","@id":"https:\/\/www.coeurssansfrontieres.com\/fr\/recherches\/recherches-en-cours\/n-532-bernard-schmidt-madeleine-bernard\/","url":"https:\/\/www.coeurssansfrontieres.com\/fr\/recherches\/recherches-en-cours\/n-532-bernard-schmidt-madeleine-bernard\/","name":"N\u00b0 532 Bernard SCHMIDT - Madeleine BERNARD - CSF - HOG","isPartOf":{"@id":"https:\/\/www.coeurssansfrontieres.com\/fr\/#website"},"primaryImageOfPage":{"@id":"https:\/\/www.coeurssansfrontieres.com\/fr\/recherches\/recherches-en-cours\/n-532-bernard-schmidt-madeleine-bernard\/#primaryimage"},"image":{"@id":"https:\/\/www.coeurssansfrontieres.com\/fr\/recherches\/recherches-en-cours\/n-532-bernard-schmidt-madeleine-bernard\/#primaryimage"},"thumbnailUrl":"https:\/\/www.coeurssansfrontieres.com\/wp-content\/uploads\/2019\/03\/532-vignette.jpg","datePublished":"2019-03-09T17:21:36+00:00","dateModified":"2019-03-10T17:31:03+00:00","author":{"@id":"https:\/\/www.coeurssansfrontieres.com\/fr\/#\/schema\/person\/19507754554eb5218427fc31038cac56"},"breadcrumb":{"@id":"https:\/\/www.coeurssansfrontieres.com\/fr\/recherches\/recherches-en-cours\/n-532-bernard-schmidt-madeleine-bernard\/#breadcrumb"},"inLanguage":"fr-FR","potentialAction":[{"@type":"ReadAction","target":["https:\/\/www.coeurssansfrontieres.com\/fr\/recherches\/recherches-en-cours\/n-532-bernard-schmidt-madeleine-bernard\/"]}]},{"@type":"ImageObject","inLanguage":"fr-FR","@id":"https:\/\/www.coeurssansfrontieres.com\/fr\/recherches\/recherches-en-cours\/n-532-bernard-schmidt-madeleine-bernard\/#primaryimage","url":"https:\/\/www.coeurssansfrontieres.com\/wp-content\/uploads\/2019\/03\/532-vignette.jpg","contentUrl":"https:\/\/www.coeurssansfrontieres.com\/wp-content\/uploads\/2019\/03\/532-vignette.jpg","width":200,"height":200},{"@type":"BreadcrumbList","@id":"https:\/\/www.coeurssansfrontieres.com\/fr\/recherches\/recherches-en-cours\/n-532-bernard-schmidt-madeleine-bernard\/#breadcrumb","itemListElement":[{"@type":"ListItem","position":1,"name":"Accueil","item":"https:\/\/www.coeurssansfrontieres.com\/fr\/"},{"@type":"ListItem","position":2,"name":"N\u00b0 532 Bernard SCHMIDT &#8211; Madeleine BERNARD"}]},{"@type":"WebSite","@id":"https:\/\/www.coeurssansfrontieres.com\/fr\/#website","url":"https:\/\/www.coeurssansfrontieres.com\/fr\/","name":"C\u0153urs sans fronti\u00e8res","description":"Association franco-allemande des Enfants de la Seconde Guerre Mondiale","potentialAction":[{"@type":"SearchAction","target":{"@type":"EntryPoint","urlTemplate":"https:\/\/www.coeurssansfrontieres.com\/fr\/?s={search_term_string}"},"query-input":{"@type":"PropertyValueSpecification","valueRequired":true,"valueName":"search_term_string"}}],"inLanguage":"fr-FR"},{"@type":"Person","@id":"https:\/\/www.coeurssansfrontieres.com\/fr\/#\/schema\/person\/19507754554eb5218427fc31038cac56","name":"GOFFIN Alexandre"}]}},"_links":{"self":[{"href":"https:\/\/www.coeurssansfrontieres.com\/fr\/wp-json\/wp\/v2\/posts\/12729","targetHints":{"allow":["GET"]}}],"collection":[{"href":"https:\/\/www.coeurssansfrontieres.com\/fr\/wp-json\/wp\/v2\/posts"}],"about":[{"href":"https:\/\/www.coeurssansfrontieres.com\/fr\/wp-json\/wp\/v2\/types\/post"}],"author":[{"embeddable":true,"href":"https:\/\/www.coeurssansfrontieres.com\/fr\/wp-json\/wp\/v2\/users\/249"}],"replies":[{"embeddable":true,"href":"https:\/\/www.coeurssansfrontieres.com\/fr\/wp-json\/wp\/v2\/comments?post=12729"}],"version-history":[{"count":0,"href":"https:\/\/www.coeurssansfrontieres.com\/fr\/wp-json\/wp\/v2\/posts\/12729\/revisions"}],"wp:featuredmedia":[{"embeddable":true,"href":"https:\/\/www.coeurssansfrontieres.com\/fr\/wp-json\/wp\/v2\/media\/12736"}],"wp:attachment":[{"href":"https:\/\/www.coeurssansfrontieres.com\/fr\/wp-json\/wp\/v2\/media?parent=12729"}],"wp:term":[{"taxonomy":"category","embeddable":true,"href":"https:\/\/www.coeurssansfrontieres.com\/fr\/wp-json\/wp\/v2\/categories?post=12729"},{"taxonomy":"post_tag","embeddable":true,"href":"https:\/\/www.coeurssansfrontieres.com\/fr\/wp-json\/wp\/v2\/tags?post=12729"}],"curies":[{"name":"wp","href":"https:\/\/api.w.org\/{rel}","templated":true}]}}