{"id":15158,"date":"2020-02-08T16:48:25","date_gmt":"2020-02-08T15:48:25","guid":{"rendered":"https:\/\/www.coeurssansfrontieres.com\/?p=15158"},"modified":"2020-02-08T23:09:38","modified_gmt":"2020-02-08T22:09:38","slug":"enfants-de-guerre-dans-louest-de-la-france","status":"publish","type":"post","link":"https:\/\/www.coeurssansfrontieres.com\/fr\/documents\/enfants-de-guerre-dans-louest-de-la-france\/","title":{"rendered":"Enfants de guerre dans l\u2019Ouest de la France"},"content":{"rendered":"<p>[et_pb_section fb_built=\u00a0\u00bb1&Prime; custom_padding_last_edited=\u00a0\u00bbon|desktop\u00a0\u00bb admin_label=\u00a0\u00bbsection\u00a0\u00bb _builder_version=\u00a0\u00bb4.0.7&Prime; background_color=\u00a0\u00bb#ffffff\u00a0\u00bb custom_margin=\u00a0\u00bb-6vh||||false|false\u00a0\u00bb custom_padding=\u00a0\u00bb5px|||\u00a0\u00bb custom_padding_tablet=\u00a0\u00bb50px|0|50px|0&Prime; custom_padding_phone=\u00a0\u00bb\u00a0\u00bb transparent_background=\u00a0\u00bboff\u00a0\u00bb padding_mobile=\u00a0\u00bboff\u00a0\u00bb make_fullwidth=\u00a0\u00bboff\u00a0\u00bb use_custom_width=\u00a0\u00bboff\u00a0\u00bb width_unit=\u00a0\u00bbon\u00a0\u00bb][et_pb_row column_structure=\u00a0\u00bb1_4,1_2,1_4&Prime; padding_mobile=\u00a0\u00bboff\u00a0\u00bb column_padding_mobile=\u00a0\u00bbon\u00a0\u00bb admin_label=\u00a0\u00bbrow\u00a0\u00bb module_class=\u00a0\u00bb et_pb_row_fullwidth\u00a0\u00bb _builder_version=\u00a0\u00bb3.25&Prime; background_size=\u00a0\u00bbinitial\u00a0\u00bb background_position=\u00a0\u00bbtop_left\u00a0\u00bb background_repeat=\u00a0\u00bbrepeat\u00a0\u00bb width=\u00a0\u00bb89%\u00a0\u00bb width_tablet=\u00a0\u00bb80%\u00a0\u00bb width_phone=\u00a0\u00bb\u00a0\u00bb width_last_edited=\u00a0\u00bbon|desktop\u00a0\u00bb max_width=\u00a0\u00bb89%\u00a0\u00bb max_width_tablet=\u00a0\u00bb80%\u00a0\u00bb max_width_phone=\u00a0\u00bb\u00a0\u00bb max_width_last_edited=\u00a0\u00bbon|desktop\u00a0\u00bb custom_padding=\u00a0\u00bb0px|||\u00a0\u00bb make_fullwidth=\u00a0\u00bbon\u00a0\u00bb use_custom_width=\u00a0\u00bboff\u00a0\u00bb width_unit=\u00a0\u00bbon\u00a0\u00bb][et_pb_column type=\u00a0\u00bb1_4&Prime; _builder_version=\u00a0\u00bb3.25&Prime; custom_padding=\u00a0\u00bb50px|||\u00a0\u00bb custom_padding__hover=\u00a0\u00bb|||\u00a0\u00bb][et_pb_image src=\u00a0\u00bbhttps:\/\/www.coeurssansfrontieres.com\/wp-content\/uploads\/2020\/02\/Enfants-de-guerre1\u00e8re-de-couverture-b.jpg\u00a0\u00bb show_in_lightbox=\u00a0\u00bbon\u00a0\u00bb use_overlay=\u00a0\u00bbon\u00a0\u00bb overlay_icon_color=\u00a0\u00bb#a55ba6&Prime; hover_icon=\u00a0\u00bb%%51%%\u00a0\u00bb align_tablet=\u00a0\u00bbcenter\u00a0\u00bb align_phone=\u00a0\u00bb\u00a0\u00bb align_last_edited=\u00a0\u00bbon|desktop\u00a0\u00bb admin_label=\u00a0\u00bbImage couverture\u00a0\u00bb _builder_version=\u00a0\u00bb4.0.7&Prime; custom_css_main_element=\u00a0\u00bbbox-shadow: 6px 6px 6px #a55ba6;\u00a0\u00bb use_border_color=\u00a0\u00bboff\u00a0\u00bb border_color=\u00a0\u00bb#ffffff\u00a0\u00bb border_style=\u00a0\u00bbsolid\u00a0\u00bb sticky=\u00a0\u00bboff\u00a0\u00bb always_center_on_mobile=\u00a0\u00bbon\u00a0\u00bb] [\/et_pb_image][et_pb_text admin_label=\u00a0\u00bbTexte auteurs et references\u00a0\u00bb _builder_version=\u00a0\u00bb4.0.7&Prime; text_text_color=\u00a0\u00bb#000000&Prime; header_text_color=\u00a0\u00bb#000000&Prime; background_size=\u00a0\u00bbinitial\u00a0\u00bb background_position=\u00a0\u00bbtop_left\u00a0\u00bb background_repeat=\u00a0\u00bbrepeat\u00a0\u00bb custom_padding=\u00a0\u00bb30px|30px|30px|30px\u00a0\u00bb border_width_all=\u00a0\u00bb2px\u00a0\u00bb border_color_all=\u00a0\u00bb#a55ba6&Prime; border_style_all=\u00a0\u00bbsolid\u00a0\u00bb use_border_color=\u00a0\u00bbon\u00a0\u00bb border_color=\u00a0\u00bb#a55ba6&Prime; border_width=\u00a0\u00bb2px\u00a0\u00bb border_style=\u00a0\u00bbsolid\u00a0\u00bb]<\/p>\n<p><span style=\"color: #000000;\">Titre: Enfants de guerre dans l\u2019Ouest de la France<br \/><\/span><span style=\"color: #ad6baf;\">Auteur:<\/span> Isabelle Le Boulanger\u00a0<br \/><strong><br \/><\/strong><span style=\"color: #ad6baf;\">Publi\u00e9 par<\/span> Coop Breizh, 18\/09\/2019<br \/><strong><br \/><\/strong><\/p>\n<p>[\/et_pb_text][\/et_pb_column][et_pb_column type=\u00a0\u00bb1_2&Prime; _builder_version=\u00a0\u00bb3.25&Prime; custom_padding=\u00a0\u00bb|||\u00a0\u00bb custom_padding__hover=\u00a0\u00bb|||\u00a0\u00bb][et_pb_text admin_label=\u00a0\u00bbTexte Titre\u00a0\u00bb _builder_version=\u00a0\u00bb4.0.7&Prime; text_font=\u00a0\u00bb|on||on|\u00a0\u00bb text_font_size=\u00a0\u00bb32px\u00a0\u00bb header_font=\u00a0\u00bb|on||on|\u00a0\u00bb header_text_align=\u00a0\u00bbcenter\u00a0\u00bb header_text_color=\u00a0\u00bb#ad6baf\u00a0\u00bb header_font_size=\u00a0\u00bb40px\u00a0\u00bb background_size=\u00a0\u00bbinitial\u00a0\u00bb background_position=\u00a0\u00bbtop_left\u00a0\u00bb background_repeat=\u00a0\u00bbrepeat\u00a0\u00bb text_orientation=\u00a0\u00bbcenter\u00a0\u00bb module_alignment=\u00a0\u00bbcenter\u00a0\u00bb text_text_shadow_style=\u00a0\u00bbpreset5&Prime; use_border_color=\u00a0\u00bboff\u00a0\u00bb border_color=\u00a0\u00bb#e564df\u00a0\u00bb border_style=\u00a0\u00bbsolid\u00a0\u00bb]<\/p>\n<h1 style=\"text-align: center;\">Enfants de guerre dans l\u2019Ouest de la France<\/h1>\n<p>[\/et_pb_text][et_pb_text _builder_version=\u00a0\u00bb4.0.7&Prime; text_text_color=\u00a0\u00bb#000000&Prime; text_font_size=\u00a0\u00bb16px\u00a0\u00bb custom_padding=\u00a0\u00bb1vh|1vw|1vh|1vw|false|false\u00a0\u00bb border_width_all=\u00a0\u00bb1px\u00a0\u00bb border_color_all=\u00a0\u00bb#a55ba6&Prime; box_shadow_style=\u00a0\u00bbpreset4&Prime;]<\/p>\n<p>Con\u00e7us pendant la Seconde Guerre mondiale, les \u201cenfants de guerre\u201d doivent leur appellation aux circonstances. <br \/>La rencontre de leurs g\u00e9niteurs n\u2019aurait jamais eu lieu si ce conflit n\u2019\u00e9tait pas survenu. Ils sont le fruit d\u2019une relation intime entre une Fran\u00e7aise et un soldat allemand ou un prisonnier fran\u00e7ais et une Allemande.<\/p>\n<p>La guerre n\u2019emp\u00eache pas les histoires d\u2019amour.<\/p>\n<p>En revanche, leur naissance non d\u00e9sir\u00e9e est v\u00e9cue comme un traumatisme, elle s\u2019entoure de honte, d\u2019opprobre et d\u2019ostracisme social. Rien d\u2019\u00e9tonnant \u00e0 ce que ces enfants portent longtemps le sentiment d\u2019\u00eatre coupable d\u2019\u00eatre n\u00e9s.<\/p>\n<p>Mes \u201cenfants de guerre\u201d souffrent de se sentir diff\u00e9rents, de n\u2019\u00eatre pas aim\u00e9s pour ce qu\u2019ils sont et de subir le poids de leur origine. <br \/>Etre l\u2019enfant du malheur est une infirmit\u00e9 lourde \u00e0 porter qui leur procure une indicible douleur. <br \/>S\u2019ils n\u2019ont pas connu les mauvais traitements physiques, la plupart ont souffert \u00e0 minima de carences affectives ou\/et de mauvais traitements psychologiques. Au-del\u00e0 de la diversit\u00e9 des itin\u00e9raires, ils ont d\u00fb se construire \u00e0 travers les figures de la m\u00e8re fautive, du p\u00e8re absent dont ils ignorent tout, leurs questions demeurant toujours sans r\u00e9ponse, et du sentiment de leur propre rejet. Tous ont d\u00fb s\u2019adapter \u00e0 un tuteur plus ou moins bienveillant \u00e0 leur \u00e9gard, le pire \u00e9tant d\u2019\u00eatre consid\u00e9r\u00e9 \u201cenfant de boche\u201d au sein de sa propre famille. Quoi qu\u2019ils fassent, ils restent durablement la preuve de la \u201cfaute\u201d maternelle.<\/p>\n<p>Pourtant, ils sont les symboles de l\u2019innocence, au m\u00eame titre que tous les enfants.<\/p>\n<p>[\/et_pb_text][et_pb_text _builder_version=\u00a0\u00bb4.0.7&Prime; text_text_color=\u00a0\u00bb#000000&Prime; custom_padding=\u00a0\u00bb1px|1vh|1vw|1vh|false|false\u00a0\u00bb border_width_all=\u00a0\u00bb1px\u00a0\u00bb border_color_all=\u00a0\u00bb#a55ba6&Prime; box_shadow_style=\u00a0\u00bbpreset4&Prime;]<div id=\"attachment_15162\" style=\"width: 289px\" class=\"wp-caption alignleft\"><img loading=\"lazy\" decoding=\"async\" aria-describedby=\"caption-attachment-15162\" class=\"alignleft wp-image-15162 size-medium\" src=\"https:\/\/www.coeurssansfrontieres.com\/wp-content\/uploads\/2020\/02\/isabelle-le-boulanger-historienne_3157433-1-279x300.jpg\" alt=\"\" width=\"279\" height=\"300\" \/><p id=\"caption-attachment-15162\" class=\"wp-caption-text\">(Photo : tangi leprohon) pour DEP 22 Isabelle Le Boulanger<\/p><\/div><\/p>\n<p>&nbsp;<\/p>\n<p>&nbsp;<\/p>\n<p><strong>Isabelle Le Boulanger<\/strong> est docteur en histoire contemporaine et chercheur associ\u00e9 au Centre de recherche bretonne et celtique de Brest. Elle est l\u2019auteure de nombreux ouvrages. Parmi ceux-ci \u00e9pinglons deux ouvrages r\u00e9cents publi\u00e9s chez Coop Breizh et qui rejoignent nos centres d\u2019int\u00e9r\u00eat :<\/p>\n<ul>\n<li style=\"list-style-type: none;\">\n<ul>\n<li style=\"list-style-type: none;\">\n<ul>\n<li style=\"list-style-type: none;\">\n<ul style=\"list-style-type: circle;\">\n<li><strong>Bretonnes et R\u00e9sistantes (1940-1944)<\/strong> Approche sociohistorique d&rsquo;un engagement hors-norme, pr\u00e9face de Christian Bougeard, Sp\u00e9zet, Coop Breizh, 2018, 438 p.<\/li>\n<li><strong>Enfants de guerre dans l&rsquo;Ouest de la France,<\/strong> Paroles d&rsquo;enfants franco-allemands issus de la Seconde Guerre mondiale, Sp\u00e9zet, Coop Breizh, 2019, 128 p.<\/li>\n<\/ul>\n<\/li>\n<\/ul>\n<\/li>\n<\/ul>\n<\/li>\n<\/ul>\n<p style=\"padding-left: 120px;\">[\/et_pb_text][\/et_pb_column][et_pb_column type=\u00a0\u00bb1_4&Prime; _builder_version=\u00a0\u00bb3.25&Prime; custom_padding=\u00a0\u00bb50px|||\u00a0\u00bb custom_padding__hover=\u00a0\u00bb|||\u00a0\u00bb][et_pb_image src=\u00a0\u00bbhttps:\/\/www.coeurssansfrontieres.com\/wp-content\/uploads\/2017\/08\/Biblio.png\u00a0\u00bb show_bottom_space=\u00a0\u00bboff\u00a0\u00bb align=\u00a0\u00bbcenter\u00a0\u00bb align_tablet=\u00a0\u00bbcenter\u00a0\u00bb align_phone=\u00a0\u00bb\u00a0\u00bb align_last_edited=\u00a0\u00bbon|desktop\u00a0\u00bb admin_label=\u00a0\u00bbImage\u00a0\u00bb _builder_version=\u00a0\u00bb3.23&Prime; use_border_color=\u00a0\u00bboff\u00a0\u00bb border_color=\u00a0\u00bb#ffffff\u00a0\u00bb border_style=\u00a0\u00bbsolid\u00a0\u00bb sticky=\u00a0\u00bbon\u00a0\u00bb always_center_on_mobile=\u00a0\u00bbon\u00a0\u00bb] [\/et_pb_image][et_pb_sidebar area=\u00a0\u00bbet_pb_widget_area_12&Prime; admin_label=\u00a0\u00bbBarre lat\u00e9rale livres \u00a0\u00bb _builder_version=\u00a0\u00bb4.0.7&Prime; remove_border=\u00a0\u00bboff\u00a0\u00bb] [\/et_pb_sidebar][\/et_pb_column][\/et_pb_row][\/et_pb_section]<\/p>\n","protected":false},"excerpt":{"rendered":"<p>Con\u00e7us pendant la Seconde Guerre mondiale, les \u201cenfants de guerre\u201d doivent leur appellation aux circonstances. Ils sont le fruit d\u2019une relation intime entre une Fran\u00e7aise et un soldat allemand ou un prisonnier fran\u00e7ais et une Allemande. La guerre n\u2019emp\u00eache pas les histoires d\u2019amour.<\/p>\n","protected":false},"author":249,"featured_media":15182,"comment_status":"closed","ping_status":"closed","sticky":false,"template":"","format":"standard","meta":{"_et_pb_use_builder":"on","_et_pb_old_content":"","_et_gb_content_width":"","footnotes":""},"categories":[162,229],"tags":[],"class_list":["post-15158","post","type-post","status-publish","format-standard","has-post-thumbnail","hentry","category-documents","category-livresfr"],"yoast_head":"<!-- This site is optimized with the Yoast SEO plugin v27.5 - https:\/\/yoast.com\/product\/yoast-seo-wordpress\/ -->\n<title>Enfants de guerre dans l\u2019Ouest de la France - CSF - HOG<\/title>\n<meta name=\"robots\" content=\"index, follow, max-snippet:-1, max-image-preview:large, max-video-preview:-1\" \/>\n<link rel=\"canonical\" href=\"https:\/\/www.coeurssansfrontieres.com\/fr\/documents\/enfants-de-guerre-dans-louest-de-la-france\/\" \/>\n<meta property=\"og:locale\" content=\"fr_FR\" \/>\n<meta property=\"og:type\" content=\"article\" \/>\n<meta property=\"og:title\" content=\"Enfants de guerre dans l\u2019Ouest de la France - CSF - HOG\" \/>\n<meta property=\"og:description\" content=\"Con\u00e7us pendant la Seconde Guerre mondiale, les \u201cenfants de guerre\u201d doivent leur appellation aux circonstances. Ils sont le fruit d\u2019une relation intime entre une Fran\u00e7aise et un soldat allemand ou un prisonnier fran\u00e7ais et une Allemande. La guerre n\u2019emp\u00eache pas les histoires d\u2019amour.\" \/>\n<meta property=\"og:url\" content=\"https:\/\/www.coeurssansfrontieres.com\/fr\/documents\/enfants-de-guerre-dans-louest-de-la-france\/\" \/>\n<meta property=\"og:site_name\" content=\"CSF - HOG\" \/>\n<meta property=\"article:published_time\" content=\"2020-02-08T15:48:25+00:00\" \/>\n<meta property=\"article:modified_time\" content=\"2020-02-08T22:09:38+00:00\" \/>\n<meta property=\"og:image\" content=\"https:\/\/www.coeurssansfrontieres.com\/wp-content\/uploads\/2020\/02\/Enfants-de-guerre1\u00e8re-de-couverture-b-vignette.jpg\" \/>\n\t<meta property=\"og:image:width\" content=\"200\" \/>\n\t<meta property=\"og:image:height\" content=\"250\" \/>\n\t<meta property=\"og:image:type\" content=\"image\/jpeg\" \/>\n<meta name=\"author\" content=\"GOFFIN Alexandre\" \/>\n<meta name=\"twitter:card\" content=\"summary_large_image\" \/>\n<meta name=\"twitter:label1\" content=\"\u00c9crit par\" \/>\n\t<meta name=\"twitter:data1\" content=\"GOFFIN Alexandre\" \/>\n\t<meta name=\"twitter:label2\" content=\"Dur\u00e9e de lecture estim\u00e9e\" \/>\n\t<meta name=\"twitter:data2\" content=\"5 minutes\" \/>\n<script type=\"application\/ld+json\" class=\"yoast-schema-graph\">{\"@context\":\"https:\\\/\\\/schema.org\",\"@graph\":[{\"@type\":\"Article\",\"@id\":\"https:\\\/\\\/www.coeurssansfrontieres.com\\\/fr\\\/documents\\\/enfants-de-guerre-dans-louest-de-la-france\\\/#article\",\"isPartOf\":{\"@id\":\"https:\\\/\\\/www.coeurssansfrontieres.com\\\/fr\\\/documents\\\/enfants-de-guerre-dans-louest-de-la-france\\\/\"},\"author\":{\"name\":\"GOFFIN Alexandre\",\"@id\":\"https:\\\/\\\/www.coeurssansfrontieres.com\\\/fr\\\/#\\\/schema\\\/person\\\/19507754554eb5218427fc31038cac56\"},\"headline\":\"Enfants de guerre dans l\u2019Ouest de la France\",\"datePublished\":\"2020-02-08T15:48:25+00:00\",\"dateModified\":\"2020-02-08T22:09:38+00:00\",\"mainEntityOfPage\":{\"@id\":\"https:\\\/\\\/www.coeurssansfrontieres.com\\\/fr\\\/documents\\\/enfants-de-guerre-dans-louest-de-la-france\\\/\"},\"wordCount\":946,\"image\":{\"@id\":\"https:\\\/\\\/www.coeurssansfrontieres.com\\\/fr\\\/documents\\\/enfants-de-guerre-dans-louest-de-la-france\\\/#primaryimage\"},\"thumbnailUrl\":\"https:\\\/\\\/www.coeurssansfrontieres.com\\\/wp-content\\\/uploads\\\/2020\\\/02\\\/Enfants-de-guerre1\u00e8re-de-couverture-b-vignette.jpg\",\"articleSection\":[\"Documents\",\"LivresFR\"],\"inLanguage\":\"fr-FR\"},{\"@type\":\"WebPage\",\"@id\":\"https:\\\/\\\/www.coeurssansfrontieres.com\\\/fr\\\/documents\\\/enfants-de-guerre-dans-louest-de-la-france\\\/\",\"url\":\"https:\\\/\\\/www.coeurssansfrontieres.com\\\/fr\\\/documents\\\/enfants-de-guerre-dans-louest-de-la-france\\\/\",\"name\":\"Enfants de guerre dans l\u2019Ouest de la France - CSF - HOG\",\"isPartOf\":{\"@id\":\"https:\\\/\\\/www.coeurssansfrontieres.com\\\/fr\\\/#website\"},\"primaryImageOfPage\":{\"@id\":\"https:\\\/\\\/www.coeurssansfrontieres.com\\\/fr\\\/documents\\\/enfants-de-guerre-dans-louest-de-la-france\\\/#primaryimage\"},\"image\":{\"@id\":\"https:\\\/\\\/www.coeurssansfrontieres.com\\\/fr\\\/documents\\\/enfants-de-guerre-dans-louest-de-la-france\\\/#primaryimage\"},\"thumbnailUrl\":\"https:\\\/\\\/www.coeurssansfrontieres.com\\\/wp-content\\\/uploads\\\/2020\\\/02\\\/Enfants-de-guerre1\u00e8re-de-couverture-b-vignette.jpg\",\"datePublished\":\"2020-02-08T15:48:25+00:00\",\"dateModified\":\"2020-02-08T22:09:38+00:00\",\"author\":{\"@id\":\"https:\\\/\\\/www.coeurssansfrontieres.com\\\/fr\\\/#\\\/schema\\\/person\\\/19507754554eb5218427fc31038cac56\"},\"breadcrumb\":{\"@id\":\"https:\\\/\\\/www.coeurssansfrontieres.com\\\/fr\\\/documents\\\/enfants-de-guerre-dans-louest-de-la-france\\\/#breadcrumb\"},\"inLanguage\":\"fr-FR\",\"potentialAction\":[{\"@type\":\"ReadAction\",\"target\":[\"https:\\\/\\\/www.coeurssansfrontieres.com\\\/fr\\\/documents\\\/enfants-de-guerre-dans-louest-de-la-france\\\/\"]}]},{\"@type\":\"ImageObject\",\"inLanguage\":\"fr-FR\",\"@id\":\"https:\\\/\\\/www.coeurssansfrontieres.com\\\/fr\\\/documents\\\/enfants-de-guerre-dans-louest-de-la-france\\\/#primaryimage\",\"url\":\"https:\\\/\\\/www.coeurssansfrontieres.com\\\/wp-content\\\/uploads\\\/2020\\\/02\\\/Enfants-de-guerre1\u00e8re-de-couverture-b-vignette.jpg\",\"contentUrl\":\"https:\\\/\\\/www.coeurssansfrontieres.com\\\/wp-content\\\/uploads\\\/2020\\\/02\\\/Enfants-de-guerre1\u00e8re-de-couverture-b-vignette.jpg\",\"width\":200,\"height\":250},{\"@type\":\"BreadcrumbList\",\"@id\":\"https:\\\/\\\/www.coeurssansfrontieres.com\\\/fr\\\/documents\\\/enfants-de-guerre-dans-louest-de-la-france\\\/#breadcrumb\",\"itemListElement\":[{\"@type\":\"ListItem\",\"position\":1,\"name\":\"Accueil\",\"item\":\"https:\\\/\\\/www.coeurssansfrontieres.com\\\/fr\\\/\"},{\"@type\":\"ListItem\",\"position\":2,\"name\":\"Enfants de guerre dans l\u2019Ouest de la France\"}]},{\"@type\":\"WebSite\",\"@id\":\"https:\\\/\\\/www.coeurssansfrontieres.com\\\/fr\\\/#website\",\"url\":\"https:\\\/\\\/www.coeurssansfrontieres.com\\\/fr\\\/\",\"name\":\"C\u0153urs sans fronti\u00e8res\",\"description\":\"Association franco-allemande des Enfants de la Seconde Guerre Mondiale\",\"potentialAction\":[{\"@type\":\"SearchAction\",\"target\":{\"@type\":\"EntryPoint\",\"urlTemplate\":\"https:\\\/\\\/www.coeurssansfrontieres.com\\\/fr\\\/?s={search_term_string}\"},\"query-input\":{\"@type\":\"PropertyValueSpecification\",\"valueRequired\":true,\"valueName\":\"search_term_string\"}}],\"inLanguage\":\"fr-FR\"},{\"@type\":\"Person\",\"@id\":\"https:\\\/\\\/www.coeurssansfrontieres.com\\\/fr\\\/#\\\/schema\\\/person\\\/19507754554eb5218427fc31038cac56\",\"name\":\"GOFFIN Alexandre\"}]}<\/script>\n<!-- \/ Yoast SEO plugin. -->","yoast_head_json":{"title":"Enfants de guerre dans l\u2019Ouest de la France - CSF - HOG","robots":{"index":"index","follow":"follow","max-snippet":"max-snippet:-1","max-image-preview":"max-image-preview:large","max-video-preview":"max-video-preview:-1"},"canonical":"https:\/\/www.coeurssansfrontieres.com\/fr\/documents\/enfants-de-guerre-dans-louest-de-la-france\/","og_locale":"fr_FR","og_type":"article","og_title":"Enfants de guerre dans l\u2019Ouest de la France - CSF - HOG","og_description":"Con\u00e7us pendant la Seconde Guerre mondiale, les \u201cenfants de guerre\u201d doivent leur appellation aux circonstances. Ils sont le fruit d\u2019une relation intime entre une Fran\u00e7aise et un soldat allemand ou un prisonnier fran\u00e7ais et une Allemande. La guerre n\u2019emp\u00eache pas les histoires d\u2019amour.","og_url":"https:\/\/www.coeurssansfrontieres.com\/fr\/documents\/enfants-de-guerre-dans-louest-de-la-france\/","og_site_name":"CSF - HOG","article_published_time":"2020-02-08T15:48:25+00:00","article_modified_time":"2020-02-08T22:09:38+00:00","og_image":[{"width":200,"height":250,"url":"https:\/\/www.coeurssansfrontieres.com\/wp-content\/uploads\/2020\/02\/Enfants-de-guerre1\u00e8re-de-couverture-b-vignette.jpg","type":"image\/jpeg"}],"author":"GOFFIN Alexandre","twitter_card":"summary_large_image","twitter_misc":{"\u00c9crit par":"GOFFIN Alexandre","Dur\u00e9e de lecture estim\u00e9e":"5 minutes"},"schema":{"@context":"https:\/\/schema.org","@graph":[{"@type":"Article","@id":"https:\/\/www.coeurssansfrontieres.com\/fr\/documents\/enfants-de-guerre-dans-louest-de-la-france\/#article","isPartOf":{"@id":"https:\/\/www.coeurssansfrontieres.com\/fr\/documents\/enfants-de-guerre-dans-louest-de-la-france\/"},"author":{"name":"GOFFIN Alexandre","@id":"https:\/\/www.coeurssansfrontieres.com\/fr\/#\/schema\/person\/19507754554eb5218427fc31038cac56"},"headline":"Enfants de guerre dans l\u2019Ouest de la France","datePublished":"2020-02-08T15:48:25+00:00","dateModified":"2020-02-08T22:09:38+00:00","mainEntityOfPage":{"@id":"https:\/\/www.coeurssansfrontieres.com\/fr\/documents\/enfants-de-guerre-dans-louest-de-la-france\/"},"wordCount":946,"image":{"@id":"https:\/\/www.coeurssansfrontieres.com\/fr\/documents\/enfants-de-guerre-dans-louest-de-la-france\/#primaryimage"},"thumbnailUrl":"https:\/\/www.coeurssansfrontieres.com\/wp-content\/uploads\/2020\/02\/Enfants-de-guerre1\u00e8re-de-couverture-b-vignette.jpg","articleSection":["Documents","LivresFR"],"inLanguage":"fr-FR"},{"@type":"WebPage","@id":"https:\/\/www.coeurssansfrontieres.com\/fr\/documents\/enfants-de-guerre-dans-louest-de-la-france\/","url":"https:\/\/www.coeurssansfrontieres.com\/fr\/documents\/enfants-de-guerre-dans-louest-de-la-france\/","name":"Enfants de guerre dans l\u2019Ouest de la France - CSF - HOG","isPartOf":{"@id":"https:\/\/www.coeurssansfrontieres.com\/fr\/#website"},"primaryImageOfPage":{"@id":"https:\/\/www.coeurssansfrontieres.com\/fr\/documents\/enfants-de-guerre-dans-louest-de-la-france\/#primaryimage"},"image":{"@id":"https:\/\/www.coeurssansfrontieres.com\/fr\/documents\/enfants-de-guerre-dans-louest-de-la-france\/#primaryimage"},"thumbnailUrl":"https:\/\/www.coeurssansfrontieres.com\/wp-content\/uploads\/2020\/02\/Enfants-de-guerre1\u00e8re-de-couverture-b-vignette.jpg","datePublished":"2020-02-08T15:48:25+00:00","dateModified":"2020-02-08T22:09:38+00:00","author":{"@id":"https:\/\/www.coeurssansfrontieres.com\/fr\/#\/schema\/person\/19507754554eb5218427fc31038cac56"},"breadcrumb":{"@id":"https:\/\/www.coeurssansfrontieres.com\/fr\/documents\/enfants-de-guerre-dans-louest-de-la-france\/#breadcrumb"},"inLanguage":"fr-FR","potentialAction":[{"@type":"ReadAction","target":["https:\/\/www.coeurssansfrontieres.com\/fr\/documents\/enfants-de-guerre-dans-louest-de-la-france\/"]}]},{"@type":"ImageObject","inLanguage":"fr-FR","@id":"https:\/\/www.coeurssansfrontieres.com\/fr\/documents\/enfants-de-guerre-dans-louest-de-la-france\/#primaryimage","url":"https:\/\/www.coeurssansfrontieres.com\/wp-content\/uploads\/2020\/02\/Enfants-de-guerre1\u00e8re-de-couverture-b-vignette.jpg","contentUrl":"https:\/\/www.coeurssansfrontieres.com\/wp-content\/uploads\/2020\/02\/Enfants-de-guerre1\u00e8re-de-couverture-b-vignette.jpg","width":200,"height":250},{"@type":"BreadcrumbList","@id":"https:\/\/www.coeurssansfrontieres.com\/fr\/documents\/enfants-de-guerre-dans-louest-de-la-france\/#breadcrumb","itemListElement":[{"@type":"ListItem","position":1,"name":"Accueil","item":"https:\/\/www.coeurssansfrontieres.com\/fr\/"},{"@type":"ListItem","position":2,"name":"Enfants de guerre dans l\u2019Ouest de la France"}]},{"@type":"WebSite","@id":"https:\/\/www.coeurssansfrontieres.com\/fr\/#website","url":"https:\/\/www.coeurssansfrontieres.com\/fr\/","name":"C\u0153urs sans fronti\u00e8res","description":"Association franco-allemande des Enfants de la Seconde Guerre Mondiale","potentialAction":[{"@type":"SearchAction","target":{"@type":"EntryPoint","urlTemplate":"https:\/\/www.coeurssansfrontieres.com\/fr\/?s={search_term_string}"},"query-input":{"@type":"PropertyValueSpecification","valueRequired":true,"valueName":"search_term_string"}}],"inLanguage":"fr-FR"},{"@type":"Person","@id":"https:\/\/www.coeurssansfrontieres.com\/fr\/#\/schema\/person\/19507754554eb5218427fc31038cac56","name":"GOFFIN Alexandre"}]}},"_links":{"self":[{"href":"https:\/\/www.coeurssansfrontieres.com\/fr\/wp-json\/wp\/v2\/posts\/15158","targetHints":{"allow":["GET"]}}],"collection":[{"href":"https:\/\/www.coeurssansfrontieres.com\/fr\/wp-json\/wp\/v2\/posts"}],"about":[{"href":"https:\/\/www.coeurssansfrontieres.com\/fr\/wp-json\/wp\/v2\/types\/post"}],"author":[{"embeddable":true,"href":"https:\/\/www.coeurssansfrontieres.com\/fr\/wp-json\/wp\/v2\/users\/249"}],"replies":[{"embeddable":true,"href":"https:\/\/www.coeurssansfrontieres.com\/fr\/wp-json\/wp\/v2\/comments?post=15158"}],"version-history":[{"count":0,"href":"https:\/\/www.coeurssansfrontieres.com\/fr\/wp-json\/wp\/v2\/posts\/15158\/revisions"}],"wp:featuredmedia":[{"embeddable":true,"href":"https:\/\/www.coeurssansfrontieres.com\/fr\/wp-json\/wp\/v2\/media\/15182"}],"wp:attachment":[{"href":"https:\/\/www.coeurssansfrontieres.com\/fr\/wp-json\/wp\/v2\/media?parent=15158"}],"wp:term":[{"taxonomy":"category","embeddable":true,"href":"https:\/\/www.coeurssansfrontieres.com\/fr\/wp-json\/wp\/v2\/categories?post=15158"},{"taxonomy":"post_tag","embeddable":true,"href":"https:\/\/www.coeurssansfrontieres.com\/fr\/wp-json\/wp\/v2\/tags?post=15158"}],"curies":[{"name":"wp","href":"https:\/\/api.w.org\/{rel}","templated":true}]}}