{"id":16067,"date":"2020-06-16T15:57:08","date_gmt":"2020-06-16T13:57:08","guid":{"rendered":"https:\/\/www.coeurssansfrontieres.com\/?p=16067"},"modified":"2020-06-17T12:19:55","modified_gmt":"2020-06-17T10:19:55","slug":"hommage-a-michel-blanc","status":"publish","type":"post","link":"https:\/\/www.coeurssansfrontieres.com\/fr\/vie-de-lassociation\/hommage-a-michel-blanc\/","title":{"rendered":"Hommage \u00e0 Michel Blanc"},"content":{"rendered":"<p>[et_pb_section fb_built=\u00a0\u00bb1&Prime; _builder_version=\u00a0\u00bb4.4.6&Prime; custom_margin=\u00a0\u00bb-10vh||||false|false\u00a0\u00bb custom_padding=\u00a0\u00bb||||false|false\u00a0\u00bb][et_pb_row _builder_version=\u00a0\u00bb4.4.6&Prime; custom_margin=\u00a0\u00bb-3vh||||false|false\u00a0\u00bb][et_pb_column type=\u00a0\u00bb4_4&Prime; _builder_version=\u00a0\u00bb4.4.6&Prime;][et_pb_post_title meta=\u00a0\u00bboff\u00a0\u00bb featured_image=\u00a0\u00bboff\u00a0\u00bb _builder_version=\u00a0\u00bb4.4.6&Prime; title_font=\u00a0\u00bb|700|||||||\u00a0\u00bb title_text_align=\u00a0\u00bbcenter\u00a0\u00bb title_text_color=\u00a0\u00bb#a55ba6&Prime; title_font_size=\u00a0\u00bb40px\u00a0\u00bb background_color=\u00a0\u00bbrgba(239,174,215,0.29)\u00a0\u00bb custom_margin=\u00a0\u00bb|12vw||12vw|false|false\u00a0\u00bb custom_padding=\u00a0\u00bb1vh||1vh||false|false\u00a0\u00bb title_text_shadow_style=\u00a0\u00bbpreset5&Prime; border_radii=\u00a0\u00bbon|25px|25px|25px|25px\u00a0\u00bb border_width_all=\u00a0\u00bb4px\u00a0\u00bb border_color_all=\u00a0\u00bb#a55ba6&Prime; box_shadow_style=\u00a0\u00bbpreset4&Prime;][\/et_pb_post_title][et_pb_text admin_label=\u00a0\u00bbTexte\u00a0\u00bb _builder_version=\u00a0\u00bb4.4.6&Prime; header_2_font=\u00a0\u00bb|700|||||||\u00a0\u00bb header_2_text_align=\u00a0\u00bbcenter\u00a0\u00bb header_2_text_color=\u00a0\u00bb#000000&Prime; header_2_line_height=\u00a0\u00bb1.4em\u00a0\u00bb custom_margin=\u00a0\u00bb||0px||false|false\u00a0\u00bb custom_padding=\u00a0\u00bb0px||0px||false|false\u00a0\u00bb]<\/p>\n<h2>Hommage de l\u2019association \u00e0 Michel Blanc<br \/> Pr\u00e9sident CSF-HOG de 2011 \u00e0 2017.<\/h2>\n<h2><em>Michel Blanc nous a quitt\u00e9s le 20 novembre 2019.<\/em><\/h2>\n<p>[\/et_pb_text][\/et_pb_column][\/et_pb_row][et_pb_row column_structure=\u00a0\u00bb3_4,1_4&Prime; _builder_version=\u00a0\u00bb4.4.6&Prime; custom_margin=\u00a0\u00bb-2vh|auto||auto|false|false\u00a0\u00bb][et_pb_column type=\u00a0\u00bb3_4&Prime; _builder_version=\u00a0\u00bb4.4.6&Prime;][et_pb_text _builder_version=\u00a0\u00bb4.4.6&Prime; text_font=\u00a0\u00bb|600|||||||\u00a0\u00bb text_text_color=\u00a0\u00bb#000000&Prime; text_font_size=\u00a0\u00bb16px\u00a0\u00bb header_3_font=\u00a0\u00bb|700|||||||\u00a0\u00bb header_3_text_align=\u00a0\u00bbcenter\u00a0\u00bb header_3_text_color=\u00a0\u00bb#a55ba6&Prime;]<\/p>\n<p><img loading=\"lazy\" decoding=\"async\" class=\"wp-image-13688 size-full alignleft\" src=\"https:\/\/www.coeurssansfrontieres.com\/wp-content\/uploads\/2019\/11\/Blanc-cadre-noir.jpg\" alt=\"\" width=\"150\" height=\"183\" \/>\u00c0 Berlin, en 2005, pour la premi\u00e8re fois un groupe d\u2019enfants de la guerre a pu se r\u00e9unir. Michel Blanc \u00e9tait l\u2019un d\u2019eux. C\u2019est lors de cette r\u00e9union qu\u2019est n\u00e9e l\u2019id\u00e9e de cr\u00e9er une association d\u2019Enfants de la guerre.<\/p>\n<p>Lorsque CSF vit le jour, Michel parmi ses fondateurs, en fut le premier tr\u00e9sorier.<\/p>\n<p>Depuis Michel, homme \u00e9gratign\u00e9 d\u00e8s sa naissance comme la plupart des Enfants de la guerre, pr\u00e9occup\u00e9 par la v\u00e9rit\u00e9 sur ses origines, en a toujours \u00e9t\u00e9 un membre tr\u00e8s actif.<\/p>\n<p>En 2011 Michel Blanc devient pr\u00e9sident de l\u2019association, il le restera jusqu\u2019\u00e0 ce que des ennuis de sant\u00e9 le rattrapent en novembre 2017. D\u00e8s lors il en sera un Vice-Pr\u00e9sident tr\u00e8s attentif \u00e0 l\u2019avenir de \u00ab\u00a0son association\u00a0\u00bb.<\/p>\n<p>Pendant toutes ces ann\u00e9es il affectionnera aussi son r\u00f4le de D\u00e9l\u00e9gu\u00e9 r\u00e9gional au travers duquel il \u00e9coutait et comprenait la souffrance de tous ceux qui recherchent cette part d\u2019identit\u00e9 manquante. Il partageait d\u2019autant plus leur qu\u00eate que la sienne avait \u00e9t\u00e9 jonch\u00e9e de difficult\u00e9s.<\/p>\n<p>Mais par-dessus tout, Michel s\u2019est consacr\u00e9 \u00e0 la consolidation de CSF et \u00e0 son ouverture vers l\u2019avenir dans un monde o\u00f9 les rangs des enfants n\u00e9s de guerres grossissent encore tous les jours. Il n\u2019avait de cesse de faire progresser la reconnaissance de ces enfants et de leur droit \u00e0 la recherche de leurs origines.<\/p>\n<p>Tous ceux qui l\u2019ont connu, qui ont travaill\u00e9 avec lui, qui l\u2019ont fr\u00e9quent\u00e9, en retiennent l\u2019image d\u2019un homme affable, serviable, int\u00e8gre, d\u2019une \u00e9thique irr\u00e9prochable, toujours \u00e0 l\u2019\u00e9coute de ses interlocuteurs.<\/p>\n<p>On retiendra de Michel cette imposante prestance dissimulant mal un homme simple, sensible et de grand c\u0153ur.<\/p>\n<p>Pour tout cela, un seul mot<\/p>\n<h3>Michel, Merci.<\/h3>\n<p>&nbsp;<\/p>\n<p>[\/et_pb_text][\/et_pb_column][et_pb_column type=\u00a0\u00bb1_4&Prime; _builder_version=\u00a0\u00bb4.4.6&Prime; background_color=\u00a0\u00bbrgba(239,174,215,0.29)\u00a0\u00bb custom_padding=\u00a0\u00bb||2vh||false|false\u00a0\u00bb border_radii=\u00a0\u00bbon|25px|25px|25px|25px\u00a0\u00bb border_width_all=\u00a0\u00bb2px\u00a0\u00bb border_color_all=\u00a0\u00bb#a55ba6&Prime; box_shadow_style=\u00a0\u00bbpreset2&Prime;][et_pb_text disabled_on=\u00a0\u00bboff|off|off\u00a0\u00bb admin_label=\u00a0\u00bbTexte\u00a0\u00bb _builder_version=\u00a0\u00bb4.4.6&Prime; text_font=\u00a0\u00bb|on|on||\u00a0\u00bb text_text_color=\u00a0\u00bb#d63fea\u00a0\u00bb text_font_size=\u00a0\u00bb13px\u00a0\u00bb text_line_height=\u00a0\u00bb1.1em\u00a0\u00bb header_2_font=\u00a0\u00bb|700|||||||\u00a0\u00bb header_2_text_color=\u00a0\u00bb#a55ba6&Prime; header_2_font_size=\u00a0\u00bb14px\u00a0\u00bb header_2_line_height=\u00a0\u00bb0.6em\u00a0\u00bb background_size=\u00a0\u00bbinitial\u00a0\u00bb background_position=\u00a0\u00bbtop_left\u00a0\u00bb background_repeat=\u00a0\u00bbrepeat\u00a0\u00bb text_orientation=\u00a0\u00bbcenter\u00a0\u00bb module_alignment=\u00a0\u00bbcenter\u00a0\u00bb custom_margin=\u00a0\u00bb||1vh||false|false\u00a0\u00bb custom_padding=\u00a0\u00bb1vh|||\u00a0\u00bb use_border_color=\u00a0\u00bboff\u00a0\u00bb border_color=\u00a0\u00bb#df7fe8&Prime; border_style=\u00a0\u00bbsolid\u00a0\u00bb locked=\u00a0\u00bboff\u00a0\u00bb]<\/p>\n<h2 style=\"text-align: center;\">ALBUM<\/h2>\n<p style=\"text-align: center;\">Quelques images<br \/> extraites de nos archives.<br \/> Michel participant \u00e0 nos r\u00e9unions.<br \/> <strong><em>(cliquez pour agrandir)<\/em><\/strong><\/p>\n<p>[\/et_pb_text][et_pb_image src=\u00a0\u00bbhttps:\/\/www.coeurssansfrontieres.com\/wp-content\/uploads\/2014\/08\/140730lq033a.jpg\u00a0\u00bb alt=\u00a0\u00bbR\u00e9union r\u00e9gionale Ouest 2014&Prime; title_text=\u00a0\u00bbR\u00e9union r\u00e9gionale Ouest 2014&Prime; show_in_lightbox=\u00a0\u00bbon\u00a0\u00bb align=\u00a0\u00bbcenter\u00a0\u00bb admin_label=\u00a0\u00bbR\u00e9union r\u00e9gionale Ouest 2014&Prime; _builder_version=\u00a0\u00bb4.4.6&Prime; max_width=\u00a0\u00bb80%\u00a0\u00bb module_alignment=\u00a0\u00bbcenter\u00a0\u00bb min_height=\u00a0\u00bb80%\u00a0\u00bb box_shadow_style=\u00a0\u00bbpreset2&Prime;][\/et_pb_image][et_pb_image src=\u00a0\u00bbhttps:\/\/www.coeurssansfrontieres.com\/wp-content\/uploads\/2013\/08\/130613JT75D.jpg\u00a0\u00bb alt=\u00a0\u00bbOffenburg 2013&Prime; title_text=\u00a0\u00bbOffenburg 2013&Prime; show_in_lightbox=\u00a0\u00bbon\u00a0\u00bb align=\u00a0\u00bbcenter\u00a0\u00bb admin_label=\u00a0\u00bbOffenburg 2013&Prime; _builder_version=\u00a0\u00bb4.4.6&Prime; max_width=\u00a0\u00bb80%\u00a0\u00bb module_alignment=\u00a0\u00bbcenter\u00a0\u00bb min_height=\u00a0\u00bb80%\u00a0\u00bb custom_margin=\u00a0\u00bb-2vh||||false|false\u00a0\u00bb box_shadow_style=\u00a0\u00bbpreset2&Prime;][\/et_pb_image][et_pb_image src=\u00a0\u00bbhttps:\/\/www.coeurssansfrontieres.com\/wp-content\/uploads\/2013\/08\/130513JT69F.jpg\u00a0\u00bb alt=\u00a0\u00bbRencontre \u00e0 Pluvigner 2013&Prime; title_text=\u00a0\u00bbRencontre \u00e0 Pluvigner 2013&Prime; show_in_lightbox=\u00a0\u00bbon\u00a0\u00bb align=\u00a0\u00bbcenter\u00a0\u00bb admin_label=\u00a0\u00bbR\u00e9gion Ouest 2013&Prime; _builder_version=\u00a0\u00bb4.4.6&Prime; max_width=\u00a0\u00bb80%\u00a0\u00bb module_alignment=\u00a0\u00bbcenter\u00a0\u00bb min_height=\u00a0\u00bb80%\u00a0\u00bb custom_margin=\u00a0\u00bb-2vh||||false|false\u00a0\u00bb box_shadow_style=\u00a0\u00bbpreset2&Prime;][\/et_pb_image][et_pb_image src=\u00a0\u00bbhttps:\/\/www.coeurssansfrontieres.com\/wp-content\/uploads\/2011\/11\/111026LQ076A.jpg\u00a0\u00bb alt=\u00a0\u00bbVillers-sur-mer 2011&Prime; title_text=\u00a0\u00bbVillers-sur-mer 2011&Prime; show_in_lightbox=\u00a0\u00bbon\u00a0\u00bb align=\u00a0\u00bbcenter\u00a0\u00bb admin_label=\u00a0\u00bbVillers-sur-mer 2011&Prime; _builder_version=\u00a0\u00bb4.4.6&Prime; max_width=\u00a0\u00bb80%\u00a0\u00bb module_alignment=\u00a0\u00bbcenter\u00a0\u00bb min_height=\u00a0\u00bb80%\u00a0\u00bb custom_margin=\u00a0\u00bb-2vh||||false|false\u00a0\u00bb box_shadow_style=\u00a0\u00bbpreset2&Prime;][\/et_pb_image][et_pb_image src=\u00a0\u00bbhttps:\/\/www.coeurssansfrontieres.com\/wp-content\/uploads\/2011\/11\/111026LQ076C.jpg\u00a0\u00bb alt=\u00a0\u00bbVillers-sur-mer 2011&Prime; title_text=\u00a0\u00bbVillers-sur-mer 2011&Prime; show_in_lightbox=\u00a0\u00bbon\u00a0\u00bb align=\u00a0\u00bbcenter\u00a0\u00bb admin_label=\u00a0\u00bbVillers-sur-mer 2011&Prime; _builder_version=\u00a0\u00bb4.4.6&Prime; max_width=\u00a0\u00bb80%\u00a0\u00bb module_alignment=\u00a0\u00bbcenter\u00a0\u00bb min_height=\u00a0\u00bb80%\u00a0\u00bb custom_margin=\u00a0\u00bb-2vh||||false|false\u00a0\u00bb box_shadow_style=\u00a0\u00bbpreset2&Prime;][\/et_pb_image][\/et_pb_column][\/et_pb_row][\/et_pb_section]<\/p>\n","protected":false},"excerpt":{"rendered":"<p>Tous ceux qui l\u2019ont connu, qui ont travaill\u00e9 avec lui, qui l\u2019ont fr\u00e9quent\u00e9, en retiennent l\u2019image d\u2019un homme affable, serviable, int\u00e8gre, d\u2019une \u00e9thique irr\u00e9prochable, toujours \u00e0 l\u2019\u00e9coute de ses interlocuteurs. On retiendra de Michel cette imposante prestance dissimulant mal un homme simple, sensible et de grand c\u0153ur. Pour tout cela, un seul mot Michel, Merci. <\/p>\n","protected":false},"author":249,"featured_media":16188,"comment_status":"closed","ping_status":"closed","sticky":false,"template":"","format":"standard","meta":{"_et_pb_use_builder":"on","_et_pb_old_content":"","_et_gb_content_width":"","footnotes":""},"categories":[183,13],"tags":[],"class_list":["post-16067","post","type-post","status-publish","format-standard","has-post-thumbnail","hentry","category-annoncesnouvelles","category-vie-de-lassociation"],"yoast_head":"<!-- This site is optimized with the Yoast SEO plugin v27.5 - https:\/\/yoast.com\/product\/yoast-seo-wordpress\/ -->\n<title>Hommage \u00e0 Michel Blanc - CSF - HOG<\/title>\n<meta name=\"robots\" content=\"index, follow, max-snippet:-1, max-image-preview:large, max-video-preview:-1\" \/>\n<link rel=\"canonical\" href=\"https:\/\/www.coeurssansfrontieres.com\/fr\/vie-de-lassociation\/hommage-a-michel-blanc\/\" \/>\n<meta property=\"og:locale\" content=\"fr_FR\" \/>\n<meta property=\"og:type\" content=\"article\" \/>\n<meta property=\"og:title\" content=\"Hommage \u00e0 Michel Blanc - CSF - HOG\" \/>\n<meta property=\"og:description\" content=\"Tous ceux qui l\u2019ont connu, qui ont travaill\u00e9 avec lui, qui l\u2019ont fr\u00e9quent\u00e9, en retiennent l\u2019image d\u2019un homme affable, serviable, int\u00e8gre, d\u2019une \u00e9thique irr\u00e9prochable, toujours \u00e0 l\u2019\u00e9coute de ses interlocuteurs. On retiendra de Michel cette imposante prestance dissimulant mal un homme simple, sensible et de grand c\u0153ur. Pour tout cela, un seul mot Michel, Merci.\" \/>\n<meta property=\"og:url\" content=\"https:\/\/www.coeurssansfrontieres.com\/fr\/vie-de-lassociation\/hommage-a-michel-blanc\/\" \/>\n<meta property=\"og:site_name\" content=\"CSF - HOG\" \/>\n<meta property=\"article:published_time\" content=\"2020-06-16T13:57:08+00:00\" \/>\n<meta property=\"article:modified_time\" content=\"2020-06-17T10:19:55+00:00\" \/>\n<meta property=\"og:image\" content=\"https:\/\/www.coeurssansfrontieres.com\/wp-content\/uploads\/2020\/06\/Michel-vignette-hommage.jpg\" \/>\n\t<meta property=\"og:image:width\" content=\"200\" \/>\n\t<meta property=\"og:image:height\" content=\"200\" \/>\n\t<meta property=\"og:image:type\" content=\"image\/jpeg\" \/>\n<meta name=\"author\" content=\"GOFFIN Alexandre\" \/>\n<meta name=\"twitter:card\" content=\"summary_large_image\" \/>\n<meta name=\"twitter:label1\" content=\"\u00c9crit par\" \/>\n\t<meta name=\"twitter:data1\" content=\"GOFFIN Alexandre\" \/>\n\t<meta name=\"twitter:label2\" content=\"Dur\u00e9e de lecture estim\u00e9e\" \/>\n\t<meta name=\"twitter:data2\" content=\"5 minutes\" \/>\n<script type=\"application\/ld+json\" class=\"yoast-schema-graph\">{\"@context\":\"https:\\\/\\\/schema.org\",\"@graph\":[{\"@type\":\"Article\",\"@id\":\"https:\\\/\\\/www.coeurssansfrontieres.com\\\/fr\\\/vie-de-lassociation\\\/hommage-a-michel-blanc\\\/#article\",\"isPartOf\":{\"@id\":\"https:\\\/\\\/www.coeurssansfrontieres.com\\\/fr\\\/vie-de-lassociation\\\/hommage-a-michel-blanc\\\/\"},\"author\":{\"name\":\"GOFFIN Alexandre\",\"@id\":\"https:\\\/\\\/www.coeurssansfrontieres.com\\\/fr\\\/#\\\/schema\\\/person\\\/19507754554eb5218427fc31038cac56\"},\"headline\":\"Hommage \u00e0 Michel Blanc\",\"datePublished\":\"2020-06-16T13:57:08+00:00\",\"dateModified\":\"2020-06-17T10:19:55+00:00\",\"mainEntityOfPage\":{\"@id\":\"https:\\\/\\\/www.coeurssansfrontieres.com\\\/fr\\\/vie-de-lassociation\\\/hommage-a-michel-blanc\\\/\"},\"wordCount\":930,\"image\":{\"@id\":\"https:\\\/\\\/www.coeurssansfrontieres.com\\\/fr\\\/vie-de-lassociation\\\/hommage-a-michel-blanc\\\/#primaryimage\"},\"thumbnailUrl\":\"https:\\\/\\\/www.coeurssansfrontieres.com\\\/wp-content\\\/uploads\\\/2020\\\/06\\\/Michel-vignette-hommage.jpg\",\"articleSection\":[\"AnnoncesNouvelles\",\"Vie de l'Association\"],\"inLanguage\":\"fr-FR\"},{\"@type\":\"WebPage\",\"@id\":\"https:\\\/\\\/www.coeurssansfrontieres.com\\\/fr\\\/vie-de-lassociation\\\/hommage-a-michel-blanc\\\/\",\"url\":\"https:\\\/\\\/www.coeurssansfrontieres.com\\\/fr\\\/vie-de-lassociation\\\/hommage-a-michel-blanc\\\/\",\"name\":\"Hommage \u00e0 Michel Blanc - CSF - HOG\",\"isPartOf\":{\"@id\":\"https:\\\/\\\/www.coeurssansfrontieres.com\\\/fr\\\/#website\"},\"primaryImageOfPage\":{\"@id\":\"https:\\\/\\\/www.coeurssansfrontieres.com\\\/fr\\\/vie-de-lassociation\\\/hommage-a-michel-blanc\\\/#primaryimage\"},\"image\":{\"@id\":\"https:\\\/\\\/www.coeurssansfrontieres.com\\\/fr\\\/vie-de-lassociation\\\/hommage-a-michel-blanc\\\/#primaryimage\"},\"thumbnailUrl\":\"https:\\\/\\\/www.coeurssansfrontieres.com\\\/wp-content\\\/uploads\\\/2020\\\/06\\\/Michel-vignette-hommage.jpg\",\"datePublished\":\"2020-06-16T13:57:08+00:00\",\"dateModified\":\"2020-06-17T10:19:55+00:00\",\"author\":{\"@id\":\"https:\\\/\\\/www.coeurssansfrontieres.com\\\/fr\\\/#\\\/schema\\\/person\\\/19507754554eb5218427fc31038cac56\"},\"breadcrumb\":{\"@id\":\"https:\\\/\\\/www.coeurssansfrontieres.com\\\/fr\\\/vie-de-lassociation\\\/hommage-a-michel-blanc\\\/#breadcrumb\"},\"inLanguage\":\"fr-FR\",\"potentialAction\":[{\"@type\":\"ReadAction\",\"target\":[\"https:\\\/\\\/www.coeurssansfrontieres.com\\\/fr\\\/vie-de-lassociation\\\/hommage-a-michel-blanc\\\/\"]}]},{\"@type\":\"ImageObject\",\"inLanguage\":\"fr-FR\",\"@id\":\"https:\\\/\\\/www.coeurssansfrontieres.com\\\/fr\\\/vie-de-lassociation\\\/hommage-a-michel-blanc\\\/#primaryimage\",\"url\":\"https:\\\/\\\/www.coeurssansfrontieres.com\\\/wp-content\\\/uploads\\\/2020\\\/06\\\/Michel-vignette-hommage.jpg\",\"contentUrl\":\"https:\\\/\\\/www.coeurssansfrontieres.com\\\/wp-content\\\/uploads\\\/2020\\\/06\\\/Michel-vignette-hommage.jpg\",\"width\":200,\"height\":200},{\"@type\":\"BreadcrumbList\",\"@id\":\"https:\\\/\\\/www.coeurssansfrontieres.com\\\/fr\\\/vie-de-lassociation\\\/hommage-a-michel-blanc\\\/#breadcrumb\",\"itemListElement\":[{\"@type\":\"ListItem\",\"position\":1,\"name\":\"Accueil\",\"item\":\"https:\\\/\\\/www.coeurssansfrontieres.com\\\/fr\\\/\"},{\"@type\":\"ListItem\",\"position\":2,\"name\":\"Hommage \u00e0 Michel Blanc\"}]},{\"@type\":\"WebSite\",\"@id\":\"https:\\\/\\\/www.coeurssansfrontieres.com\\\/fr\\\/#website\",\"url\":\"https:\\\/\\\/www.coeurssansfrontieres.com\\\/fr\\\/\",\"name\":\"C\u0153urs sans fronti\u00e8res\",\"description\":\"Association franco-allemande des Enfants de la Seconde Guerre Mondiale\",\"potentialAction\":[{\"@type\":\"SearchAction\",\"target\":{\"@type\":\"EntryPoint\",\"urlTemplate\":\"https:\\\/\\\/www.coeurssansfrontieres.com\\\/fr\\\/?s={search_term_string}\"},\"query-input\":{\"@type\":\"PropertyValueSpecification\",\"valueRequired\":true,\"valueName\":\"search_term_string\"}}],\"inLanguage\":\"fr-FR\"},{\"@type\":\"Person\",\"@id\":\"https:\\\/\\\/www.coeurssansfrontieres.com\\\/fr\\\/#\\\/schema\\\/person\\\/19507754554eb5218427fc31038cac56\",\"name\":\"GOFFIN Alexandre\"}]}<\/script>\n<!-- \/ Yoast SEO plugin. -->","yoast_head_json":{"title":"Hommage \u00e0 Michel Blanc - CSF - HOG","robots":{"index":"index","follow":"follow","max-snippet":"max-snippet:-1","max-image-preview":"max-image-preview:large","max-video-preview":"max-video-preview:-1"},"canonical":"https:\/\/www.coeurssansfrontieres.com\/fr\/vie-de-lassociation\/hommage-a-michel-blanc\/","og_locale":"fr_FR","og_type":"article","og_title":"Hommage \u00e0 Michel Blanc - CSF - HOG","og_description":"Tous ceux qui l\u2019ont connu, qui ont travaill\u00e9 avec lui, qui l\u2019ont fr\u00e9quent\u00e9, en retiennent l\u2019image d\u2019un homme affable, serviable, int\u00e8gre, d\u2019une \u00e9thique irr\u00e9prochable, toujours \u00e0 l\u2019\u00e9coute de ses interlocuteurs. On retiendra de Michel cette imposante prestance dissimulant mal un homme simple, sensible et de grand c\u0153ur. Pour tout cela, un seul mot Michel, Merci.","og_url":"https:\/\/www.coeurssansfrontieres.com\/fr\/vie-de-lassociation\/hommage-a-michel-blanc\/","og_site_name":"CSF - HOG","article_published_time":"2020-06-16T13:57:08+00:00","article_modified_time":"2020-06-17T10:19:55+00:00","og_image":[{"width":200,"height":200,"url":"https:\/\/www.coeurssansfrontieres.com\/wp-content\/uploads\/2020\/06\/Michel-vignette-hommage.jpg","type":"image\/jpeg"}],"author":"GOFFIN Alexandre","twitter_card":"summary_large_image","twitter_misc":{"\u00c9crit par":"GOFFIN Alexandre","Dur\u00e9e de lecture estim\u00e9e":"5 minutes"},"schema":{"@context":"https:\/\/schema.org","@graph":[{"@type":"Article","@id":"https:\/\/www.coeurssansfrontieres.com\/fr\/vie-de-lassociation\/hommage-a-michel-blanc\/#article","isPartOf":{"@id":"https:\/\/www.coeurssansfrontieres.com\/fr\/vie-de-lassociation\/hommage-a-michel-blanc\/"},"author":{"name":"GOFFIN Alexandre","@id":"https:\/\/www.coeurssansfrontieres.com\/fr\/#\/schema\/person\/19507754554eb5218427fc31038cac56"},"headline":"Hommage \u00e0 Michel Blanc","datePublished":"2020-06-16T13:57:08+00:00","dateModified":"2020-06-17T10:19:55+00:00","mainEntityOfPage":{"@id":"https:\/\/www.coeurssansfrontieres.com\/fr\/vie-de-lassociation\/hommage-a-michel-blanc\/"},"wordCount":930,"image":{"@id":"https:\/\/www.coeurssansfrontieres.com\/fr\/vie-de-lassociation\/hommage-a-michel-blanc\/#primaryimage"},"thumbnailUrl":"https:\/\/www.coeurssansfrontieres.com\/wp-content\/uploads\/2020\/06\/Michel-vignette-hommage.jpg","articleSection":["AnnoncesNouvelles","Vie de l'Association"],"inLanguage":"fr-FR"},{"@type":"WebPage","@id":"https:\/\/www.coeurssansfrontieres.com\/fr\/vie-de-lassociation\/hommage-a-michel-blanc\/","url":"https:\/\/www.coeurssansfrontieres.com\/fr\/vie-de-lassociation\/hommage-a-michel-blanc\/","name":"Hommage \u00e0 Michel Blanc - CSF - HOG","isPartOf":{"@id":"https:\/\/www.coeurssansfrontieres.com\/fr\/#website"},"primaryImageOfPage":{"@id":"https:\/\/www.coeurssansfrontieres.com\/fr\/vie-de-lassociation\/hommage-a-michel-blanc\/#primaryimage"},"image":{"@id":"https:\/\/www.coeurssansfrontieres.com\/fr\/vie-de-lassociation\/hommage-a-michel-blanc\/#primaryimage"},"thumbnailUrl":"https:\/\/www.coeurssansfrontieres.com\/wp-content\/uploads\/2020\/06\/Michel-vignette-hommage.jpg","datePublished":"2020-06-16T13:57:08+00:00","dateModified":"2020-06-17T10:19:55+00:00","author":{"@id":"https:\/\/www.coeurssansfrontieres.com\/fr\/#\/schema\/person\/19507754554eb5218427fc31038cac56"},"breadcrumb":{"@id":"https:\/\/www.coeurssansfrontieres.com\/fr\/vie-de-lassociation\/hommage-a-michel-blanc\/#breadcrumb"},"inLanguage":"fr-FR","potentialAction":[{"@type":"ReadAction","target":["https:\/\/www.coeurssansfrontieres.com\/fr\/vie-de-lassociation\/hommage-a-michel-blanc\/"]}]},{"@type":"ImageObject","inLanguage":"fr-FR","@id":"https:\/\/www.coeurssansfrontieres.com\/fr\/vie-de-lassociation\/hommage-a-michel-blanc\/#primaryimage","url":"https:\/\/www.coeurssansfrontieres.com\/wp-content\/uploads\/2020\/06\/Michel-vignette-hommage.jpg","contentUrl":"https:\/\/www.coeurssansfrontieres.com\/wp-content\/uploads\/2020\/06\/Michel-vignette-hommage.jpg","width":200,"height":200},{"@type":"BreadcrumbList","@id":"https:\/\/www.coeurssansfrontieres.com\/fr\/vie-de-lassociation\/hommage-a-michel-blanc\/#breadcrumb","itemListElement":[{"@type":"ListItem","position":1,"name":"Accueil","item":"https:\/\/www.coeurssansfrontieres.com\/fr\/"},{"@type":"ListItem","position":2,"name":"Hommage \u00e0 Michel Blanc"}]},{"@type":"WebSite","@id":"https:\/\/www.coeurssansfrontieres.com\/fr\/#website","url":"https:\/\/www.coeurssansfrontieres.com\/fr\/","name":"C\u0153urs sans fronti\u00e8res","description":"Association franco-allemande des Enfants de la Seconde Guerre Mondiale","potentialAction":[{"@type":"SearchAction","target":{"@type":"EntryPoint","urlTemplate":"https:\/\/www.coeurssansfrontieres.com\/fr\/?s={search_term_string}"},"query-input":{"@type":"PropertyValueSpecification","valueRequired":true,"valueName":"search_term_string"}}],"inLanguage":"fr-FR"},{"@type":"Person","@id":"https:\/\/www.coeurssansfrontieres.com\/fr\/#\/schema\/person\/19507754554eb5218427fc31038cac56","name":"GOFFIN Alexandre"}]}},"_links":{"self":[{"href":"https:\/\/www.coeurssansfrontieres.com\/fr\/wp-json\/wp\/v2\/posts\/16067","targetHints":{"allow":["GET"]}}],"collection":[{"href":"https:\/\/www.coeurssansfrontieres.com\/fr\/wp-json\/wp\/v2\/posts"}],"about":[{"href":"https:\/\/www.coeurssansfrontieres.com\/fr\/wp-json\/wp\/v2\/types\/post"}],"author":[{"embeddable":true,"href":"https:\/\/www.coeurssansfrontieres.com\/fr\/wp-json\/wp\/v2\/users\/249"}],"replies":[{"embeddable":true,"href":"https:\/\/www.coeurssansfrontieres.com\/fr\/wp-json\/wp\/v2\/comments?post=16067"}],"version-history":[{"count":0,"href":"https:\/\/www.coeurssansfrontieres.com\/fr\/wp-json\/wp\/v2\/posts\/16067\/revisions"}],"wp:featuredmedia":[{"embeddable":true,"href":"https:\/\/www.coeurssansfrontieres.com\/fr\/wp-json\/wp\/v2\/media\/16188"}],"wp:attachment":[{"href":"https:\/\/www.coeurssansfrontieres.com\/fr\/wp-json\/wp\/v2\/media?parent=16067"}],"wp:term":[{"taxonomy":"category","embeddable":true,"href":"https:\/\/www.coeurssansfrontieres.com\/fr\/wp-json\/wp\/v2\/categories?post=16067"},{"taxonomy":"post_tag","embeddable":true,"href":"https:\/\/www.coeurssansfrontieres.com\/fr\/wp-json\/wp\/v2\/tags?post=16067"}],"curies":[{"name":"wp","href":"https:\/\/api.w.org\/{rel}","templated":true}]}}