{"id":16865,"date":"2020-07-09T11:14:00","date_gmt":"2020-07-09T09:14:00","guid":{"rendered":"https:\/\/www.coeurssansfrontieres.com\/?p=16865"},"modified":"2021-01-09T17:25:36","modified_gmt":"2021-01-09T16:25:36","slug":"n-779-albertine-larb-chaht","status":"publish","type":"post","link":"https:\/\/www.coeurssansfrontieres.com\/fr\/recherches\/n-779-albertine-larb-chaht\/","title":{"rendered":"N\u00b0 779 Albertine LARBI CHAHT"},"content":{"rendered":"<p>[et_pb_section fb_built=\u00a0\u00bb1&Prime; custom_padding_last_edited=\u00a0\u00bbon|desktop\u00a0\u00bb admin_label=\u00a0\u00bbsection\u00a0\u00bb _builder_version=\u00a0\u00bb4.4.6&Prime; background_color=\u00a0\u00bb#ffffff\u00a0\u00bb width=\u00a0\u00bb100%\u00a0\u00bb max_width=\u00a0\u00bb100%\u00a0\u00bb custom_margin=\u00a0\u00bb-10vh||||false|false\u00a0\u00bb custom_padding=\u00a0\u00bb125px|||||\u00a0\u00bb custom_padding_tablet=\u00a0\u00bb50px|0|50px|0&Prime; custom_padding_phone=\u00a0\u00bb\u00a0\u00bb transparent_background=\u00a0\u00bboff\u00a0\u00bb padding_mobile=\u00a0\u00bboff\u00a0\u00bb make_fullwidth=\u00a0\u00bboff\u00a0\u00bb use_custom_width=\u00a0\u00bboff\u00a0\u00bb width_unit=\u00a0\u00bbon\u00a0\u00bb][et_pb_row column_structure=\u00a0\u00bb1_4,1_2,1_4&Prime; _builder_version=\u00a0\u00bb4.4.6&Prime; width=\u00a0\u00bb100%\u00a0\u00bb max_width=\u00a0\u00bb100%\u00a0\u00bb custom_margin=\u00a0\u00bb-12vh|auto||auto|false|false\u00a0\u00bb][et_pb_column type=\u00a0\u00bb1_4&Prime; _builder_version=\u00a0\u00bb4.0.7&Prime; custom_padding=\u00a0\u00bb|||3vw|false|false\u00a0\u00bb][et_pb_button button_url=\u00a0\u00bbhttps:\/\/www.coeurssansfrontieres.com\/fr\/accueil201805-2\/accueil-new\/recherches2017-b\/recherches-en-cours\/\u00a0\u00bb button_text=\u00a0\u00bbRETOUR AU BLOG DES RECHERCHES EN COURS\u00a0\u00bb button_alignment=\u00a0\u00bbcenter\u00a0\u00bb disabled_on=\u00a0\u00bboff|off|off\u00a0\u00bb admin_label=\u00a0\u00bbBouton retour\u00a0\u00bb _builder_version=\u00a0\u00bb4.0.7&Prime; custom_button=\u00a0\u00bbon\u00a0\u00bb button_text_size=\u00a0\u00bb12px\u00a0\u00bb button_text_color=\u00a0\u00bb#ffffff\u00a0\u00bb button_bg_color=\u00a0\u00bb#a55ba6&Prime; button_border_width=\u00a0\u00bb1px\u00a0\u00bb button_border_color=\u00a0\u00bb#ffffff\u00a0\u00bb button_border_radius=\u00a0\u00bb25px\u00a0\u00bb button_font=\u00a0\u00bb|||||on|||\u00a0\u00bb button_icon=\u00a0\u00bb%%41%%\u00a0\u00bb button_icon_color=\u00a0\u00bb#ffffff\u00a0\u00bb button_on_hover=\u00a0\u00bboff\u00a0\u00bb background_layout=\u00a0\u00bbdark\u00a0\u00bb custom_margin=\u00a0\u00bb1vh||0px||false|false\u00a0\u00bb button_text_shadow_style=\u00a0\u00bbpreset1&Prime; box_shadow_style=\u00a0\u00bbpreset4&Prime; box_shadow_horizontal=\u00a0\u00bb3px\u00a0\u00bb box_shadow_vertical=\u00a0\u00bb3px\u00a0\u00bb box_shadow_blur=\u00a0\u00bb3px\u00a0\u00bb box_shadow_spread=\u00a0\u00bb3px\u00a0\u00bb locked=\u00a0\u00bboff\u00a0\u00bb][\/et_pb_button][et_pb_button button_url=\u00a0\u00bbhttps:\/\/www.coeurssansfrontieres.com\/de\/startseite201805\/startseite-neue\/recherche2017\/laufende-recherchen\/\u00a0\u00bb button_text=\u00a0\u00bbZUR\u00dcCK ZUM BLOG \u00dcBER DIE LAUFENDE RECHERCHE\u00a0\u00bb button_alignment=\u00a0\u00bbcenter\u00a0\u00bb disabled_on=\u00a0\u00bbon|on|on\u00a0\u00bb admin_label=\u00a0\u00bbDE ZUR\u00dcCK LAUFENDE RECHERCHE\u00a0\u00bb _builder_version=\u00a0\u00bb4.4.3&Prime; custom_button=\u00a0\u00bbon\u00a0\u00bb button_text_size=\u00a0\u00bb12px\u00a0\u00bb button_text_color=\u00a0\u00bb#ffffff\u00a0\u00bb button_bg_color=\u00a0\u00bb#a55ba6&Prime; button_border_width=\u00a0\u00bb1px\u00a0\u00bb button_border_color=\u00a0\u00bb#ffffff\u00a0\u00bb button_border_radius=\u00a0\u00bb25px\u00a0\u00bb button_font=\u00a0\u00bb|||||on|||\u00a0\u00bb button_icon=\u00a0\u00bb%%41%%\u00a0\u00bb button_icon_color=\u00a0\u00bb#ffffff\u00a0\u00bb button_on_hover=\u00a0\u00bboff\u00a0\u00bb background_layout=\u00a0\u00bbdark\u00a0\u00bb custom_margin=\u00a0\u00bb1vh||0px||false|false\u00a0\u00bb button_text_shadow_style=\u00a0\u00bbpreset1&Prime; box_shadow_style=\u00a0\u00bbpreset4&Prime; box_shadow_horizontal=\u00a0\u00bb3px\u00a0\u00bb box_shadow_vertical=\u00a0\u00bb3px\u00a0\u00bb box_shadow_blur=\u00a0\u00bb3px\u00a0\u00bb box_shadow_spread=\u00a0\u00bb3px\u00a0\u00bb disabled=\u00a0\u00bbon\u00a0\u00bb locked=\u00a0\u00bboff\u00a0\u00bb][\/et_pb_button][et_pb_button button_url=\u00a0\u00bbhttps:\/\/www.coeurssansfrontieres.com\/fr\/contacts\/le-quentrec-chantal\/\u00a0\u00bb button_text=\u00a0\u00bbCONTACTER LES GESTIONNAIRES DE LA RECHERCHE\u00a0\u00bb button_alignment=\u00a0\u00bbcenter\u00a0\u00bb disabled_on=\u00a0\u00bboff|off|off\u00a0\u00bb admin_label=\u00a0\u00bb202 Gestion Recherches LeQuentrec\u00a0\u00bb _builder_version=\u00a0\u00bb4.4.6&Prime; custom_button=\u00a0\u00bbon\u00a0\u00bb button_text_size=\u00a0\u00bb12px\u00a0\u00bb button_text_color=\u00a0\u00bb#ffffff\u00a0\u00bb button_bg_color=\u00a0\u00bb#a55ba6&Prime; button_border_width=\u00a0\u00bb1px\u00a0\u00bb button_border_color=\u00a0\u00bb#ffffff\u00a0\u00bb button_border_radius=\u00a0\u00bb25px\u00a0\u00bb button_font=\u00a0\u00bb|||||on|||\u00a0\u00bb button_icon=\u00a0\u00bb%%153%%\u00a0\u00bb button_icon_color=\u00a0\u00bb#ffffff\u00a0\u00bb button_on_hover=\u00a0\u00bboff\u00a0\u00bb background_layout=\u00a0\u00bbdark\u00a0\u00bb custom_margin=\u00a0\u00bb2vh||0px||false|false\u00a0\u00bb button_text_shadow_style=\u00a0\u00bbpreset1&Prime; box_shadow_style=\u00a0\u00bbpreset4&Prime; box_shadow_horizontal=\u00a0\u00bb3px\u00a0\u00bb box_shadow_vertical=\u00a0\u00bb3px\u00a0\u00bb box_shadow_blur=\u00a0\u00bb3px\u00a0\u00bb box_shadow_spread=\u00a0\u00bb3px\u00a0\u00bb locked=\u00a0\u00bboff\u00a0\u00bb][\/et_pb_button][et_pb_button button_url=\u00a0\u00bbhttps:\/\/www.coeurssansfrontieres.com\/de\/startseite201805\/startseite-neue\/kontakt\/le-quentrec-chantal\/\u00a0\u00bb button_text=\u00a0\u00bbKONTAKTIEREN SIE HIER DEN VERANTWORTLICHEN DIESER SUCHE\u00a0\u00bb button_alignment=\u00a0\u00bbcenter\u00a0\u00bb disabled_on=\u00a0\u00bbon|on|on\u00a0\u00bb admin_label=\u00a0\u00bbDE Recherche LeQuentrec 2020&Prime; _builder_version=\u00a0\u00bb4.0.7&Prime; custom_button=\u00a0\u00bbon\u00a0\u00bb button_text_size=\u00a0\u00bb12px\u00a0\u00bb button_text_color=\u00a0\u00bb#ffffff\u00a0\u00bb button_bg_color=\u00a0\u00bb#a55ba6&Prime; button_border_width=\u00a0\u00bb1px\u00a0\u00bb button_border_color=\u00a0\u00bb#ffffff\u00a0\u00bb button_border_radius=\u00a0\u00bb25px\u00a0\u00bb button_font=\u00a0\u00bb|||||on|||\u00a0\u00bb button_icon=\u00a0\u00bb%%153%%\u00a0\u00bb button_icon_color=\u00a0\u00bb#ffffff\u00a0\u00bb button_on_hover=\u00a0\u00bboff\u00a0\u00bb background_layout=\u00a0\u00bbdark\u00a0\u00bb custom_margin=\u00a0\u00bb2vh||0px||false|false\u00a0\u00bb button_text_shadow_style=\u00a0\u00bbpreset1&Prime; box_shadow_style=\u00a0\u00bbpreset4&Prime; box_shadow_horizontal=\u00a0\u00bb3px\u00a0\u00bb box_shadow_vertical=\u00a0\u00bb3px\u00a0\u00bb box_shadow_blur=\u00a0\u00bb3px\u00a0\u00bb box_shadow_spread=\u00a0\u00bb3px\u00a0\u00bb disabled=\u00a0\u00bbon\u00a0\u00bb locked=\u00a0\u00bboff\u00a0\u00bb][\/et_pb_button][\/et_pb_column][et_pb_column type=\u00a0\u00bb1_2&Prime; _builder_version=\u00a0\u00bb4.0.7&Prime;][et_pb_post_title meta=\u00a0\u00bboff\u00a0\u00bb featured_image=\u00a0\u00bboff\u00a0\u00bb admin_label=\u00a0\u00bbTitre du poste\u00a0\u00bb _builder_version=\u00a0\u00bb4.0.7&Prime; title_font=\u00a0\u00bb|700|||||||\u00a0\u00bb title_text_align=\u00a0\u00bbcenter\u00a0\u00bb title_text_color=\u00a0\u00bb#a55ba6&Prime; title_font_size=\u00a0\u00bb40px\u00a0\u00bb background_color=\u00a0\u00bbrgba(255,255,255,0)\u00a0\u00bb parallax=\u00a0\u00bbon\u00a0\u00bb parallax_method=\u00a0\u00bboff\u00a0\u00bb text_orientation=\u00a0\u00bbcenter\u00a0\u00bb custom_margin=\u00a0\u00bb4vh||||false|false\u00a0\u00bb title_text_shadow_style=\u00a0\u00bbpreset5&Prime; text_shadow_style=\u00a0\u00bbpreset5&Prime; parallax_effect=\u00a0\u00bbon\u00a0\u00bb module_bg_color=\u00a0\u00bbrgba(255,255,255,0)\u00a0\u00bb use_border_color=\u00a0\u00bboff\u00a0\u00bb border_color=\u00a0\u00bb#ffffff\u00a0\u00bb border_style=\u00a0\u00bbsolid\u00a0\u00bb]\u00a0 [\/et_pb_post_title][\/et_pb_column][et_pb_column type=\u00a0\u00bb1_4&Prime; _builder_version=\u00a0\u00bb4.0.7&Prime; custom_padding=\u00a0\u00bb|3vw|||false|false\u00a0\u00bb][et_pb_image src=\u00a0\u00bbhttps:\/\/www.coeurssansfrontieres.com\/wp-content\/uploads\/2017\/09\/Recherches-en-cours-OMBRE.png\u00a0\u00bb show_bottom_space=\u00a0\u00bboff\u00a0\u00bb align=\u00a0\u00bbcenter\u00a0\u00bb align_tablet=\u00a0\u00bbcenter\u00a0\u00bb align_phone=\u00a0\u00bb\u00a0\u00bb align_last_edited=\u00a0\u00bbon|desktop\u00a0\u00bb admin_label=\u00a0\u00bbImage recherches en cours\u00a0\u00bb _builder_version=\u00a0\u00bb4.0.7&Prime; max_width=\u00a0\u00bb50px\u00a0\u00bb custom_css_main_element=\u00a0\u00bbmargin : auto;\u00a0\u00bb use_border_color=\u00a0\u00bboff\u00a0\u00bb border_color=\u00a0\u00bb#ffffff\u00a0\u00bb border_style=\u00a0\u00bbsolid\u00a0\u00bb sticky=\u00a0\u00bbon\u00a0\u00bb always_center_on_mobile=\u00a0\u00bbon\u00a0\u00bb]\u00a0 [\/et_pb_image][et_pb_search exclude_pages=\u00a0\u00bbon\u00a0\u00bb include_categories=\u00a0\u00bb183,236,212,227,180,214,162,170,202,231,229,208,1,161,168,210,154,66,163,22,13,255,253,251,159,158&Prime; placeholder=\u00a0\u00bb ?\u00a0\u00bb button_color=\u00a0\u00bb#a61abf\u00a0\u00bb admin_label=\u00a0\u00bbChercher\u00a0\u00bb _builder_version=\u00a0\u00bb4.0.7&Prime; form_field_background_color=\u00a0\u00bb#E5C3DF\u00a0\u00bb form_field_focus_background_color=\u00a0\u00bb#e5c3df\u00a0\u00bb button_font=\u00a0\u00bb|on|||\u00a0\u00bb button_text_color=\u00a0\u00bb#ffffff\u00a0\u00bb button_font_size=\u00a0\u00bb10px\u00a0\u00bb button_line_height=\u00a0\u00bb1.5em\u00a0\u00bb form_field_font=\u00a0\u00bb|700|||||||\u00a0\u00bb form_field_text_align=\u00a0\u00bbcenter\u00a0\u00bb form_field_font_size=\u00a0\u00bb16px\u00a0\u00bb form_field_line_height=\u00a0\u00bb0.6em\u00a0\u00bb background_color=\u00a0\u00bb#e5c3df\u00a0\u00bb text_orientation=\u00a0\u00bbcenter\u00a0\u00bb custom_padding=\u00a0\u00bb0.4em|0.715em|0.4em|0.715em|false|false\u00a0\u00bb custom_css_main_element=\u00a0\u00bbbox-shadow: 6px 6px 6px #7C7C7C;\u00a0\u00bb custom_css_input_field=\u00a0\u00bbfont-weight: bold !important;||\u00a0\u00bb button_text_shadow_style=\u00a0\u00bbpreset5&Prime; border_radii=\u00a0\u00bbon|25px|25px|25px|25px\u00a0\u00bb border_color_all=\u00a0\u00bb#a55ba6&Prime; text_shadow_style=\u00a0\u00bbpreset5&Prime; hide_button=\u00a0\u00bboff\u00a0\u00bb input_font_size=\u00a0\u00bb11&Prime; input_line_height=\u00a0\u00bb2em\u00a0\u00bb locked=\u00a0\u00bboff\u00a0\u00bb button_text_size__hover_enabled=\u00a0\u00bboff\u00a0\u00bb button_one_text_size__hover_enabled=\u00a0\u00bboff\u00a0\u00bb button_two_text_size__hover_enabled=\u00a0\u00bboff\u00a0\u00bb button_text_color__hover_enabled=\u00a0\u00bboff\u00a0\u00bb button_one_text_color__hover_enabled=\u00a0\u00bboff\u00a0\u00bb button_two_text_color__hover_enabled=\u00a0\u00bboff\u00a0\u00bb button_border_width__hover_enabled=\u00a0\u00bboff\u00a0\u00bb button_one_border_width__hover_enabled=\u00a0\u00bboff\u00a0\u00bb button_two_border_width__hover_enabled=\u00a0\u00bboff\u00a0\u00bb button_border_color__hover_enabled=\u00a0\u00bboff\u00a0\u00bb button_one_border_color__hover_enabled=\u00a0\u00bboff\u00a0\u00bb button_two_border_color__hover_enabled=\u00a0\u00bboff\u00a0\u00bb button_border_radius__hover_enabled=\u00a0\u00bboff\u00a0\u00bb button_one_border_radius__hover_enabled=\u00a0\u00bboff\u00a0\u00bb button_two_border_radius__hover_enabled=\u00a0\u00bboff\u00a0\u00bb button_letter_spacing__hover_enabled=\u00a0\u00bboff\u00a0\u00bb button_one_letter_spacing__hover_enabled=\u00a0\u00bboff\u00a0\u00bb button_two_letter_spacing__hover_enabled=\u00a0\u00bboff\u00a0\u00bb button_bg_color__hover_enabled=\u00a0\u00bboff\u00a0\u00bb button_one_bg_color__hover_enabled=\u00a0\u00bboff\u00a0\u00bb button_two_bg_color__hover_enabled=\u00a0\u00bboff\u00a0\u00bb]\u00a0 [\/et_pb_search][\/et_pb_column][\/et_pb_row][et_pb_row column_structure=\u00a0\u00bb1_4,1_2,1_4&Prime; _builder_version=\u00a0\u00bb4.4.6&Prime; width=\u00a0\u00bb100%\u00a0\u00bb max_width=\u00a0\u00bb90%\u00a0\u00bb module_alignment=\u00a0\u00bbcenter\u00a0\u00bb custom_margin=\u00a0\u00bb|200px||auto||\u00a0\u00bb][et_pb_column type=\u00a0\u00bb1_4&Prime; _builder_version=\u00a0\u00bb4.4.6&Prime;][et_pb_image src=\u00a0\u00bbhttps:\/\/www.coeurssansfrontieres.com\/wp-content\/uploads\/2020\/07\/Ma-Maman-02.jpg\u00a0\u00bb alt=\u00a0\u00bbAlbertine LARBI CHAHT\u00a0\u00bb title_text=\u00a0\u00bbAlbertine LARBI CHAHT\u00a0\u00bb show_in_lightbox=\u00a0\u00bbon\u00a0\u00bb use_overlay=\u00a0\u00bbon\u00a0\u00bb overlay_icon_color=\u00a0\u00bb#ffffff\u00a0\u00bb hover_overlay_color=\u00a0\u00bbrgba(217,140,199,0.44)\u00a0\u00bb hover_icon=\u00a0\u00bb%%52%%\u00a0\u00bb show_bottom_space=\u00a0\u00bboff\u00a0\u00bb align=\u00a0\u00bbcenter\u00a0\u00bb align_tablet=\u00a0\u00bbcenter\u00a0\u00bb align_phone=\u00a0\u00bb\u00a0\u00bb align_last_edited=\u00a0\u00bbon|desktop\u00a0\u00bb disabled_on=\u00a0\u00bb||off\u00a0\u00bb admin_label=\u00a0\u00bbImage\u00a0\u00bb _builder_version=\u00a0\u00bb4.4.6&Prime; width=\u00a0\u00bb300px\u00a0\u00bb max_width=\u00a0\u00bb300px\u00a0\u00bb module_alignment=\u00a0\u00bbcenter\u00a0\u00bb custom_margin=\u00a0\u00bb-31px|-57px||||\u00a0\u00bb custom_css_main_element=\u00a0\u00bbbox-shadow: 3px 3px 3px #7C7C7C;||img.hovertext {|| position: relative;||width: 250px;|| }|| ||img.hovertext:after {|| content: attr(title);|| position: absolute;|| left: 25px;|| bottom: 25px;|| padding: 20px;|| background: rgba(0,0,0,0.5);|| color: #fff;|| opacity: 0;|| -webkit-transition: 0.5s;|| -moz-transition: 0.5s;|| -o-transition: 0.5s;|| -ms-transition: 0.5s;|| }|| ||img.hovertext:hover:after {|| opacity: 1.0;|| }\u00a0\u00bb box_shadow_style=\u00a0\u00bbpreset2&Prime; use_border_color=\u00a0\u00bboff\u00a0\u00bb border_color=\u00a0\u00bb#ffffff\u00a0\u00bb border_style=\u00a0\u00bbsolid\u00a0\u00bb sticky=\u00a0\u00bbon\u00a0\u00bb always_center_on_mobile=\u00a0\u00bbon\u00a0\u00bb saved_tabs=\u00a0\u00bball\u00a0\u00bb locked=\u00a0\u00bboff\u00a0\u00bb]\u00a0 [\/et_pb_image][et_pb_text disabled_on=\u00a0\u00bboff|off|off\u00a0\u00bb admin_label=\u00a0\u00bbTexte\u00a0\u00bb _builder_version=\u00a0\u00bb4.4.6&Prime; text_font=\u00a0\u00bb|on|on||\u00a0\u00bb text_text_color=\u00a0\u00bb#d63fea\u00a0\u00bb text_font_size=\u00a0\u00bb12px\u00a0\u00bb text_line_height=\u00a0\u00bb1.2em\u00a0\u00bb background_size=\u00a0\u00bbinitial\u00a0\u00bb background_position=\u00a0\u00bbtop_left\u00a0\u00bb background_repeat=\u00a0\u00bbrepeat\u00a0\u00bb text_orientation=\u00a0\u00bbcenter\u00a0\u00bb module_alignment=\u00a0\u00bbcenter\u00a0\u00bb custom_padding=\u00a0\u00bb1vh|||\u00a0\u00bb use_border_color=\u00a0\u00bboff\u00a0\u00bb border_color=\u00a0\u00bb#df7fe8&Prime; border_style=\u00a0\u00bbsolid\u00a0\u00bb]<\/p>\n<p style=\"text-align: center;\">Ma maman Albertine LARBI CHAHT<\/p>\n<p>[\/et_pb_text][et_pb_text disabled_on=\u00a0\u00bboff|off|off\u00a0\u00bb admin_label=\u00a0\u00bbText\u00a0\u00bb _builder_version=\u00a0\u00bb4.4.6&Prime; text_font=\u00a0\u00bb|on|on||\u00a0\u00bb text_text_color=\u00a0\u00bb#d63fea\u00a0\u00bb text_font_size=\u00a0\u00bb12px\u00a0\u00bb text_line_height=\u00a0\u00bb1.2em\u00a0\u00bb background_size=\u00a0\u00bbinitial\u00a0\u00bb background_position=\u00a0\u00bbtop_left\u00a0\u00bb background_repeat=\u00a0\u00bbrepeat\u00a0\u00bb text_orientation=\u00a0\u00bbcenter\u00a0\u00bb module_alignment=\u00a0\u00bbcenter\u00a0\u00bb custom_padding=\u00a0\u00bb1vh|||\u00a0\u00bb use_border_color=\u00a0\u00bboff\u00a0\u00bb border_color=\u00a0\u00bb#df7fe8&Prime; border_style=\u00a0\u00bbsolid\u00a0\u00bb disabled=\u00a0\u00bbon\u00a0\u00bb]<\/p>\n<p style=\"text-align: center;\">Meine Mutter Albertine LARB CHAHT<\/p>\n<p>[\/et_pb_text][et_pb_image src=\u00a0\u00bbhttps:\/\/www.coeurssansfrontieres.com\/wp-content\/uploads\/2021\/01\/RAYMONDE-16ans.jpg\u00a0\u00bb alt=\u00a0\u00bbRaymonde \u00e0 16 ans\u00a0\u00bb title_text=\u00a0\u00bbRAYMONDE \u00e0 16 ans\u00a0\u00bb show_in_lightbox=\u00a0\u00bbon\u00a0\u00bb use_overlay=\u00a0\u00bbon\u00a0\u00bb overlay_icon_color=\u00a0\u00bb#ffffff\u00a0\u00bb hover_overlay_color=\u00a0\u00bbrgba(217,140,199,0.44)\u00a0\u00bb hover_icon=\u00a0\u00bb%%52%%\u00a0\u00bb show_bottom_space=\u00a0\u00bboff\u00a0\u00bb align=\u00a0\u00bbcenter\u00a0\u00bb align_tablet=\u00a0\u00bbcenter\u00a0\u00bb align_phone=\u00a0\u00bb\u00a0\u00bb align_last_edited=\u00a0\u00bbon|desktop\u00a0\u00bb disabled_on=\u00a0\u00bb||off\u00a0\u00bb admin_label=\u00a0\u00bbImage\u00a0\u00bb _builder_version=\u00a0\u00bb4.6.5&Prime; width=\u00a0\u00bb300px\u00a0\u00bb max_width=\u00a0\u00bb300px\u00a0\u00bb module_alignment=\u00a0\u00bbcenter\u00a0\u00bb custom_margin=\u00a0\u00bb-31px|-57px||||\u00a0\u00bb box_shadow_style=\u00a0\u00bbpreset2&Prime; use_border_color=\u00a0\u00bboff\u00a0\u00bb border_color=\u00a0\u00bb#ffffff\u00a0\u00bb border_style=\u00a0\u00bbsolid\u00a0\u00bb sticky=\u00a0\u00bbon\u00a0\u00bb always_center_on_mobile=\u00a0\u00bbon\u00a0\u00bb saved_tabs=\u00a0\u00bball\u00a0\u00bb locked=\u00a0\u00bboff\u00a0\u00bb]\u00a0 [\/et_pb_image][et_pb_text disabled_on=\u00a0\u00bboff|off|off\u00a0\u00bb admin_label=\u00a0\u00bbTexte\u00a0\u00bb _builder_version=\u00a0\u00bb4.6.5&Prime; text_font=\u00a0\u00bb|on|on||\u00a0\u00bb text_text_color=\u00a0\u00bb#d63fea\u00a0\u00bb text_font_size=\u00a0\u00bb12px\u00a0\u00bb text_line_height=\u00a0\u00bb1.2em\u00a0\u00bb background_size=\u00a0\u00bbinitial\u00a0\u00bb background_position=\u00a0\u00bbtop_left\u00a0\u00bb background_repeat=\u00a0\u00bbrepeat\u00a0\u00bb text_orientation=\u00a0\u00bbcenter\u00a0\u00bb module_alignment=\u00a0\u00bbcenter\u00a0\u00bb custom_padding=\u00a0\u00bb1vh|||\u00a0\u00bb use_border_color=\u00a0\u00bboff\u00a0\u00bb border_color=\u00a0\u00bb#df7fe8&Prime; border_style=\u00a0\u00bbsolid\u00a0\u00bb]<\/p>\n<p style=\"text-align: center;\">Raymonde \u00e0 16 ans<\/p>\n<p>[\/et_pb_text][et_pb_text disabled_on=\u00a0\u00bboff|off|off\u00a0\u00bb admin_label=\u00a0\u00bbText\u00a0\u00bb _builder_version=\u00a0\u00bb4.4.6&Prime; text_font=\u00a0\u00bb|on|on||\u00a0\u00bb text_text_color=\u00a0\u00bb#d63fea\u00a0\u00bb text_font_size=\u00a0\u00bb12px\u00a0\u00bb text_line_height=\u00a0\u00bb1.2em\u00a0\u00bb background_size=\u00a0\u00bbinitial\u00a0\u00bb background_position=\u00a0\u00bbtop_left\u00a0\u00bb background_repeat=\u00a0\u00bbrepeat\u00a0\u00bb text_orientation=\u00a0\u00bbcenter\u00a0\u00bb module_alignment=\u00a0\u00bbcenter\u00a0\u00bb custom_padding=\u00a0\u00bb1vh|||\u00a0\u00bb use_border_color=\u00a0\u00bboff\u00a0\u00bb border_color=\u00a0\u00bb#df7fe8&Prime; border_style=\u00a0\u00bbsolid\u00a0\u00bb disabled=\u00a0\u00bbon\u00a0\u00bb]<\/p>\n<p style=\"text-align: center;\">Raymonde<\/p>\n<p style=\"text-align: center;\">Baby<\/p>\n<p>[\/et_pb_text][\/et_pb_column][et_pb_column type=\u00a0\u00bb1_2&Prime; _builder_version=\u00a0\u00bb4.4.6&Prime; custom_padding=\u00a0\u00bb|15vh|||false|false\u00a0\u00bb][et_pb_text admin_label=\u00a0\u00bbTexte\u00a0\u00bb _builder_version=\u00a0\u00bb4.4.6&Prime; text_font_size=\u00a0\u00bb20px\u00a0\u00bb text_line_height=\u00a0\u00bb1.8em\u00a0\u00bb background_size=\u00a0\u00bbinitial\u00a0\u00bb background_position=\u00a0\u00bbtop_left\u00a0\u00bb background_repeat=\u00a0\u00bbrepeat\u00a0\u00bb custom_margin=\u00a0\u00bb-3vh|2vh|||false|false\u00a0\u00bb custom_padding=\u00a0\u00bb||||false|false\u00a0\u00bb use_border_color=\u00a0\u00bboff\u00a0\u00bb border_color=\u00a0\u00bb#ffffff\u00a0\u00bb border_style=\u00a0\u00bbsolid\u00a0\u00bb]<\/p>\n<p><strong>N\u00b0 779<\/strong><\/p>\n<p>Ma m\u00e8re <strong>Albertine LARBI CHAHT<\/strong>, vivait \u00e0 <strong>Chambly<\/strong> (Oise), 3, rue Victor Presson. Femme au foyer elle \u00e9levait mes 2 fr\u00e8res, aujourd\u2019hui disparus.<\/p>\n<p>Elle a eu une relation avec un soldat allemand dont je suis n\u00e9e le 8 d\u00e9cembre 1944 \u00e0 l\u2019h\u00f4pital de Beaumont sur Oise.<\/p>\n<p>Ma m\u00e8re est d\u00e9c\u00e9d\u00e9e pr\u00e9matur\u00e9ment en 1964 (55 ans) sans m\u2019avoir r\u00e9v\u00e9l\u00e9 ma v\u00e9ritable origine.<br \/>Ce n\u2019est qu\u2019apr\u00e8s son d\u00e9c\u00e8s qu\u2019une personne m\u2019a inform\u00e9e, tr\u00e8s succinctement, que mon p\u00e8re \u00e9tait un cuisinier allemand et que j\u2019aurais probablement \u00e9t\u00e9 con\u00e7ue \u00e0 l\u2019Isle-Adam.<\/p>\n<p>Je remercie d\u2019avance toute personne qui me donnera des renseignements me permettant de comprendre les circonstances de ma conception.<\/p>\n<p>Raymonde<\/p>\n<p>[\/et_pb_text][et_pb_text disabled_on=\u00a0\u00bbon|on|on\u00a0\u00bb admin_label=\u00a0\u00bbText\u00a0\u00bb _builder_version=\u00a0\u00bb4.4.6&Prime; text_font_size=\u00a0\u00bb20px\u00a0\u00bb text_line_height=\u00a0\u00bb1.8em\u00a0\u00bb background_size=\u00a0\u00bbinitial\u00a0\u00bb background_position=\u00a0\u00bbtop_left\u00a0\u00bb background_repeat=\u00a0\u00bbrepeat\u00a0\u00bb custom_margin=\u00a0\u00bb-3vh|2vh|||false|false\u00a0\u00bb custom_padding=\u00a0\u00bb||||false|false\u00a0\u00bb use_border_color=\u00a0\u00bboff\u00a0\u00bb border_color=\u00a0\u00bb#ffffff\u00a0\u00bb border_style=\u00a0\u00bbsolid\u00a0\u00bb disabled=\u00a0\u00bbon\u00a0\u00bb]<\/p>\n<p><strong>Nr. 779<\/strong><\/p>\n<p>Meine Mutter <strong>Albertine LARB CHAHT<\/strong> lebte in <strong>Chambly (Oise), 3, Rue Victor Presson<\/strong>.\u00a0Sie war Hausfrau, und hatte meine 2 Br\u00fcder gro\u00dfgezogen, die jetzt vermisst werden.<\/p>\n<p>Sie hatte eine Beziehung zu einem deutschen Soldaten. Er ist mein biologischer Vater, ich bin am 8. Dezember 1944 im Krankenhaus in Beaumont sur Oise geboren.<\/p>\n<p>Meine Mutter starb 1964 leider sehr fr\u00fch (55 Jahre alt), ohne mir meine wahre Herkunft zu verraten.<br \/>Erst nach ihrem Tod informierte mich jemand sehr pr\u00e4gnant, dass mein Vater ein deutscher Koch war und dass ich wahrscheinlich auf <strong>Isle-Adam<\/strong> gezeugt worden w\u00e4re.<\/p>\n<p>Ich danke im Voraus allen, die mir Informationen geben, die es mir erm\u00f6glichen, die Umst\u00e4nde meiner Herkunft zu verstehen.<\/p>\n<p>Raymonde<\/p>\n<p>[\/et_pb_text][et_pb_image src=\u00a0\u00bbhttps:\/\/www.coeurssansfrontieres.com\/wp-content\/uploads\/2021\/01\/Raymonde-en-2006.jpg\u00a0\u00bb alt=\u00a0\u00bbRaymonde en 2006&Prime; title_text=\u00a0\u00bbRaymonde en 2006&Prime; show_in_lightbox=\u00a0\u00bbon\u00a0\u00bb use_overlay=\u00a0\u00bbon\u00a0\u00bb overlay_icon_color=\u00a0\u00bb#ffffff\u00a0\u00bb hover_overlay_color=\u00a0\u00bbrgba(217,140,199,0.44)\u00a0\u00bb hover_icon=\u00a0\u00bb%%52%%\u00a0\u00bb show_bottom_space=\u00a0\u00bboff\u00a0\u00bb align=\u00a0\u00bbcenter\u00a0\u00bb align_tablet=\u00a0\u00bbcenter\u00a0\u00bb align_phone=\u00a0\u00bb\u00a0\u00bb align_last_edited=\u00a0\u00bbon|desktop\u00a0\u00bb disabled_on=\u00a0\u00bb||off\u00a0\u00bb admin_label=\u00a0\u00bbImage\u00a0\u00bb _builder_version=\u00a0\u00bb4.6.5&Prime; width=\u00a0\u00bb600px\u00a0\u00bb max_width=\u00a0\u00bb600px\u00a0\u00bb module_alignment=\u00a0\u00bbcenter\u00a0\u00bb custom_margin=\u00a0\u00bb-31px|-57px||||\u00a0\u00bb box_shadow_style=\u00a0\u00bbpreset2&Prime; use_border_color=\u00a0\u00bboff\u00a0\u00bb border_color=\u00a0\u00bb#ffffff\u00a0\u00bb border_style=\u00a0\u00bbsolid\u00a0\u00bb sticky=\u00a0\u00bbon\u00a0\u00bb always_center_on_mobile=\u00a0\u00bbon\u00a0\u00bb saved_tabs=\u00a0\u00bball\u00a0\u00bb locked=\u00a0\u00bboff\u00a0\u00bb]\u00a0 [\/et_pb_image][et_pb_text disabled_on=\u00a0\u00bboff|off|off\u00a0\u00bb admin_label=\u00a0\u00bbTexte\u00a0\u00bb _builder_version=\u00a0\u00bb4.6.5&Prime; text_font=\u00a0\u00bb|on|on||\u00a0\u00bb text_text_color=\u00a0\u00bb#d63fea\u00a0\u00bb text_font_size=\u00a0\u00bb12px\u00a0\u00bb text_line_height=\u00a0\u00bb1.2em\u00a0\u00bb background_size=\u00a0\u00bbinitial\u00a0\u00bb background_position=\u00a0\u00bbtop_left\u00a0\u00bb background_repeat=\u00a0\u00bbrepeat\u00a0\u00bb text_orientation=\u00a0\u00bbcenter\u00a0\u00bb module_alignment=\u00a0\u00bbcenter\u00a0\u00bb custom_padding=\u00a0\u00bb1vh|||\u00a0\u00bb use_border_color=\u00a0\u00bboff\u00a0\u00bb border_color=\u00a0\u00bb#df7fe8&Prime; border_style=\u00a0\u00bbsolid\u00a0\u00bb]<\/p>\n<p style=\"text-align: center;\">Raymonde en 2006<\/p>\n<p>[\/et_pb_text][\/et_pb_column][et_pb_column type=\u00a0\u00bb1_4&Prime; _builder_version=\u00a0\u00bb4.4.6&Prime; custom_padding=\u00a0\u00bb|15vh|||false|false\u00a0\u00bb][et_pb_image src=\u00a0\u00bbhttps:\/\/www.coeurssansfrontieres.com\/wp-content\/uploads\/2020\/07\/Raymonde-b\u00e9b\u00e9-02.jpg\u00a0\u00bb alt=\u00a0\u00bbRaymonde b\u00e9b\u00e9 \/ Baby\u00a0\u00bb title_text=\u00a0\u00bbRaymonde b\u00e9b\u00e9 \/ Baby\u00a0\u00bb show_in_lightbox=\u00a0\u00bbon\u00a0\u00bb use_overlay=\u00a0\u00bbon\u00a0\u00bb overlay_icon_color=\u00a0\u00bb#ffffff\u00a0\u00bb hover_overlay_color=\u00a0\u00bbrgba(217,140,199,0.44)\u00a0\u00bb hover_icon=\u00a0\u00bb%%52%%\u00a0\u00bb show_bottom_space=\u00a0\u00bboff\u00a0\u00bb align=\u00a0\u00bbcenter\u00a0\u00bb align_tablet=\u00a0\u00bbcenter\u00a0\u00bb align_phone=\u00a0\u00bb\u00a0\u00bb align_last_edited=\u00a0\u00bbon|desktop\u00a0\u00bb disabled_on=\u00a0\u00bb||off\u00a0\u00bb admin_label=\u00a0\u00bbImage\u00a0\u00bb _builder_version=\u00a0\u00bb4.6.5&Prime; width=\u00a0\u00bb300px\u00a0\u00bb max_width=\u00a0\u00bb300px\u00a0\u00bb module_alignment=\u00a0\u00bbcenter\u00a0\u00bb custom_margin=\u00a0\u00bb-31px|-57px|||false|false\u00a0\u00bb box_shadow_style=\u00a0\u00bbpreset2&Prime; use_border_color=\u00a0\u00bboff\u00a0\u00bb border_color=\u00a0\u00bb#ffffff\u00a0\u00bb border_style=\u00a0\u00bbsolid\u00a0\u00bb sticky=\u00a0\u00bbon\u00a0\u00bb always_center_on_mobile=\u00a0\u00bbon\u00a0\u00bb saved_tabs=\u00a0\u00bball\u00a0\u00bb locked=\u00a0\u00bboff\u00a0\u00bb]\u00a0 [\/et_pb_image][et_pb_text disabled_on=\u00a0\u00bboff|off|off\u00a0\u00bb admin_label=\u00a0\u00bbTexte\u00a0\u00bb _builder_version=\u00a0\u00bb4.4.6&Prime; text_font=\u00a0\u00bb|on|on||\u00a0\u00bb text_text_color=\u00a0\u00bb#d63fea\u00a0\u00bb text_font_size=\u00a0\u00bb12px\u00a0\u00bb text_line_height=\u00a0\u00bb1.2em\u00a0\u00bb background_size=\u00a0\u00bbinitial\u00a0\u00bb background_position=\u00a0\u00bbtop_left\u00a0\u00bb background_repeat=\u00a0\u00bbrepeat\u00a0\u00bb text_orientation=\u00a0\u00bbcenter\u00a0\u00bb module_alignment=\u00a0\u00bbcenter\u00a0\u00bb custom_padding=\u00a0\u00bb1vh|||\u00a0\u00bb use_border_color=\u00a0\u00bboff\u00a0\u00bb border_color=\u00a0\u00bb#df7fe8&Prime; border_style=\u00a0\u00bbsolid\u00a0\u00bb]<\/p>\n<p style=\"text-align: center;\">Raymonde b\u00e9b\u00e9\u00a0<\/p>\n<p>[\/et_pb_text][et_pb_image src=\u00a0\u00bbhttps:\/\/www.coeurssansfrontieres.com\/wp-content\/uploads\/2020\/07\/Raymonde-6-ans-002.jpg\u00a0\u00bb alt=\u00a0\u00bbRaymonde \u00e2g\u00e9e de 6 ans \/ 6 Jahre alt\u00a0\u00bb title_text=\u00a0\u00bbRaymonde \u00e2g\u00e9e de 6 ans \/ 6 Jahre alt\u00a0\u00bb show_in_lightbox=\u00a0\u00bbon\u00a0\u00bb use_overlay=\u00a0\u00bbon\u00a0\u00bb overlay_icon_color=\u00a0\u00bb#ffffff\u00a0\u00bb hover_overlay_color=\u00a0\u00bbrgba(217,140,199,0.44)\u00a0\u00bb hover_icon=\u00a0\u00bb%%52%%\u00a0\u00bb show_bottom_space=\u00a0\u00bboff\u00a0\u00bb align=\u00a0\u00bbcenter\u00a0\u00bb align_tablet=\u00a0\u00bbcenter\u00a0\u00bb align_phone=\u00a0\u00bb\u00a0\u00bb align_last_edited=\u00a0\u00bbon|desktop\u00a0\u00bb disabled_on=\u00a0\u00bb||off\u00a0\u00bb admin_label=\u00a0\u00bbImage\u00a0\u00bb _builder_version=\u00a0\u00bb4.6.5&Prime; width=\u00a0\u00bb300px\u00a0\u00bb max_width=\u00a0\u00bb300px\u00a0\u00bb module_alignment=\u00a0\u00bbcenter\u00a0\u00bb custom_margin=\u00a0\u00bb|-57px|||false|false\u00a0\u00bb custom_css_main_element=\u00a0\u00bbbox-shadow: 3px 3px 3px #7C7C7C;||img.hovertext {|| position: relative;||width: 250px;|| }|| ||img.hovertext:after {|| content: attr(title);|| position: absolute;|| left: 25px;|| bottom: 25px;|| padding: 20px;|| background: rgba(0,0,0,0.5);|| color: #fff;|| opacity: 0;|| -webkit-transition: 0.5s;|| -moz-transition: 0.5s;|| -o-transition: 0.5s;|| -ms-transition: 0.5s;|| }|| ||img.hovertext:hover:after {|| opacity: 1.0;|| }\u00a0\u00bb box_shadow_style=\u00a0\u00bbpreset2&Prime; use_border_color=\u00a0\u00bboff\u00a0\u00bb border_color=\u00a0\u00bb#ffffff\u00a0\u00bb border_style=\u00a0\u00bbsolid\u00a0\u00bb sticky=\u00a0\u00bbon\u00a0\u00bb always_center_on_mobile=\u00a0\u00bbon\u00a0\u00bb saved_tabs=\u00a0\u00bball\u00a0\u00bb locked=\u00a0\u00bboff\u00a0\u00bb]\u00a0 [\/et_pb_image][et_pb_text disabled_on=\u00a0\u00bboff|off|off\u00a0\u00bb admin_label=\u00a0\u00bbTexte\u00a0\u00bb _builder_version=\u00a0\u00bb4.4.6&Prime; text_font=\u00a0\u00bb|on|on||\u00a0\u00bb text_text_color=\u00a0\u00bb#d63fea\u00a0\u00bb text_font_size=\u00a0\u00bb12px\u00a0\u00bb text_line_height=\u00a0\u00bb1.2em\u00a0\u00bb background_size=\u00a0\u00bbinitial\u00a0\u00bb background_position=\u00a0\u00bbtop_left\u00a0\u00bb background_repeat=\u00a0\u00bbrepeat\u00a0\u00bb text_orientation=\u00a0\u00bbcenter\u00a0\u00bb module_alignment=\u00a0\u00bbcenter\u00a0\u00bb custom_padding=\u00a0\u00bb1vh|||\u00a0\u00bb use_border_color=\u00a0\u00bboff\u00a0\u00bb border_color=\u00a0\u00bb#df7fe8&Prime; border_style=\u00a0\u00bbsolid\u00a0\u00bb]<\/p>\n<p style=\"text-align: center;\">Raymonde \u00e2g\u00e9e de 6 ans\u00a0<\/p>\n<p>[\/et_pb_text][et_pb_text disabled_on=\u00a0\u00bboff|off|off\u00a0\u00bb admin_label=\u00a0\u00bbText\u00a0\u00bb _builder_version=\u00a0\u00bb4.4.6&Prime; text_font=\u00a0\u00bb|on|on||\u00a0\u00bb text_text_color=\u00a0\u00bb#d63fea\u00a0\u00bb text_font_size=\u00a0\u00bb12px\u00a0\u00bb text_line_height=\u00a0\u00bb1.2em\u00a0\u00bb background_size=\u00a0\u00bbinitial\u00a0\u00bb background_position=\u00a0\u00bbtop_left\u00a0\u00bb background_repeat=\u00a0\u00bbrepeat\u00a0\u00bb text_orientation=\u00a0\u00bbcenter\u00a0\u00bb module_alignment=\u00a0\u00bbcenter\u00a0\u00bb custom_padding=\u00a0\u00bb1vh|||\u00a0\u00bb use_border_color=\u00a0\u00bboff\u00a0\u00bb border_color=\u00a0\u00bb#df7fe8&Prime; border_style=\u00a0\u00bbsolid\u00a0\u00bb disabled=\u00a0\u00bbon\u00a0\u00bb]<\/p>\n<p style=\"text-align: center;\">Raymonde 6 Jahre alt<\/p>\n<p>[\/et_pb_text][\/et_pb_column][\/et_pb_row][\/et_pb_section]<\/p>\n","protected":false},"excerpt":{"rendered":"<p>Ma m\u00e8re Albertine LARBI CHAHT, vivait \u00e0 Chambly. Elle a eu une relation avec un soldat allemand. C\u2019est mon p\u00e8re.  <\/p>\n","protected":false},"author":249,"featured_media":16870,"comment_status":"closed","ping_status":"closed","sticky":false,"template":"","format":"standard","meta":{"_et_pb_use_builder":"on","_et_pb_old_content":"","_et_gb_content_width":"","footnotes":""},"categories":[159,149],"tags":[],"class_list":["post-16865","post","type-post","status-publish","format-standard","has-post-thumbnail","hentry","category-recherches","category-recherches-en-cours"],"yoast_head":"<!-- This site is optimized with the Yoast SEO plugin v27.5 - https:\/\/yoast.com\/product\/yoast-seo-wordpress\/ -->\n<title>N\u00b0 779 Albertine LARBI CHAHT - CSF - HOG<\/title>\n<meta name=\"description\" content=\"%\" \/>\n<meta name=\"robots\" content=\"index, follow, max-snippet:-1, max-image-preview:large, max-video-preview:-1\" \/>\n<link rel=\"canonical\" href=\"https:\/\/www.coeurssansfrontieres.com\/fr\/recherches\/n-779-albertine-larb-chaht\/\" \/>\n<meta property=\"og:locale\" content=\"fr_FR\" \/>\n<meta property=\"og:type\" content=\"article\" \/>\n<meta property=\"og:title\" content=\"N\u00b0 779 Albertine LARBI CHAHT - CSF - HOG\" \/>\n<meta property=\"og:description\" content=\"%\" \/>\n<meta property=\"og:url\" content=\"https:\/\/www.coeurssansfrontieres.com\/fr\/recherches\/n-779-albertine-larb-chaht\/\" \/>\n<meta property=\"og:site_name\" content=\"CSF - HOG\" \/>\n<meta property=\"article:published_time\" content=\"2020-07-09T09:14:00+00:00\" \/>\n<meta property=\"article:modified_time\" content=\"2021-01-09T16:25:36+00:00\" \/>\n<meta property=\"og:image\" content=\"https:\/\/www.coeurssansfrontieres.com\/wp-content\/uploads\/2020\/07\/779-vignette.jpg\" \/>\n\t<meta property=\"og:image:width\" content=\"200\" \/>\n\t<meta property=\"og:image:height\" content=\"200\" \/>\n\t<meta property=\"og:image:type\" content=\"image\/jpeg\" \/>\n<meta name=\"author\" content=\"GOFFIN Alexandre\" \/>\n<meta name=\"twitter:card\" content=\"summary_large_image\" \/>\n<meta name=\"twitter:label1\" content=\"\u00c9crit par\" \/>\n\t<meta name=\"twitter:data1\" content=\"GOFFIN Alexandre\" \/>\n\t<meta name=\"twitter:label2\" content=\"Dur\u00e9e de lecture estim\u00e9e\" \/>\n\t<meta name=\"twitter:data2\" content=\"13 minutes\" \/>\n<script type=\"application\/ld+json\" class=\"yoast-schema-graph\">{\"@context\":\"https:\\\/\\\/schema.org\",\"@graph\":[{\"@type\":\"Article\",\"@id\":\"https:\\\/\\\/www.coeurssansfrontieres.com\\\/fr\\\/recherches\\\/n-779-albertine-larb-chaht\\\/#article\",\"isPartOf\":{\"@id\":\"https:\\\/\\\/www.coeurssansfrontieres.com\\\/fr\\\/recherches\\\/n-779-albertine-larb-chaht\\\/\"},\"author\":{\"name\":\"GOFFIN Alexandre\",\"@id\":\"https:\\\/\\\/www.coeurssansfrontieres.com\\\/fr\\\/#\\\/schema\\\/person\\\/19507754554eb5218427fc31038cac56\"},\"headline\":\"N\u00b0 779 Albertine LARBI CHAHT\",\"datePublished\":\"2020-07-09T09:14:00+00:00\",\"dateModified\":\"2021-01-09T16:25:36+00:00\",\"mainEntityOfPage\":{\"@id\":\"https:\\\/\\\/www.coeurssansfrontieres.com\\\/fr\\\/recherches\\\/n-779-albertine-larb-chaht\\\/\"},\"wordCount\":2597,\"image\":{\"@id\":\"https:\\\/\\\/www.coeurssansfrontieres.com\\\/fr\\\/recherches\\\/n-779-albertine-larb-chaht\\\/#primaryimage\"},\"thumbnailUrl\":\"https:\\\/\\\/www.coeurssansfrontieres.com\\\/wp-content\\\/uploads\\\/2020\\\/07\\\/779-vignette.jpg\",\"articleSection\":[\"Recherches\",\"Recherches en cours\"],\"inLanguage\":\"fr-FR\"},{\"@type\":\"WebPage\",\"@id\":\"https:\\\/\\\/www.coeurssansfrontieres.com\\\/fr\\\/recherches\\\/n-779-albertine-larb-chaht\\\/\",\"url\":\"https:\\\/\\\/www.coeurssansfrontieres.com\\\/fr\\\/recherches\\\/n-779-albertine-larb-chaht\\\/\",\"name\":\"N\u00b0 779 Albertine LARBI CHAHT - CSF - HOG\",\"isPartOf\":{\"@id\":\"https:\\\/\\\/www.coeurssansfrontieres.com\\\/fr\\\/#website\"},\"primaryImageOfPage\":{\"@id\":\"https:\\\/\\\/www.coeurssansfrontieres.com\\\/fr\\\/recherches\\\/n-779-albertine-larb-chaht\\\/#primaryimage\"},\"image\":{\"@id\":\"https:\\\/\\\/www.coeurssansfrontieres.com\\\/fr\\\/recherches\\\/n-779-albertine-larb-chaht\\\/#primaryimage\"},\"thumbnailUrl\":\"https:\\\/\\\/www.coeurssansfrontieres.com\\\/wp-content\\\/uploads\\\/2020\\\/07\\\/779-vignette.jpg\",\"datePublished\":\"2020-07-09T09:14:00+00:00\",\"dateModified\":\"2021-01-09T16:25:36+00:00\",\"author\":{\"@id\":\"https:\\\/\\\/www.coeurssansfrontieres.com\\\/fr\\\/#\\\/schema\\\/person\\\/19507754554eb5218427fc31038cac56\"},\"description\":\"%\",\"breadcrumb\":{\"@id\":\"https:\\\/\\\/www.coeurssansfrontieres.com\\\/fr\\\/recherches\\\/n-779-albertine-larb-chaht\\\/#breadcrumb\"},\"inLanguage\":\"fr-FR\",\"potentialAction\":[{\"@type\":\"ReadAction\",\"target\":[\"https:\\\/\\\/www.coeurssansfrontieres.com\\\/fr\\\/recherches\\\/n-779-albertine-larb-chaht\\\/\"]}]},{\"@type\":\"ImageObject\",\"inLanguage\":\"fr-FR\",\"@id\":\"https:\\\/\\\/www.coeurssansfrontieres.com\\\/fr\\\/recherches\\\/n-779-albertine-larb-chaht\\\/#primaryimage\",\"url\":\"https:\\\/\\\/www.coeurssansfrontieres.com\\\/wp-content\\\/uploads\\\/2020\\\/07\\\/779-vignette.jpg\",\"contentUrl\":\"https:\\\/\\\/www.coeurssansfrontieres.com\\\/wp-content\\\/uploads\\\/2020\\\/07\\\/779-vignette.jpg\",\"width\":200,\"height\":200},{\"@type\":\"BreadcrumbList\",\"@id\":\"https:\\\/\\\/www.coeurssansfrontieres.com\\\/fr\\\/recherches\\\/n-779-albertine-larb-chaht\\\/#breadcrumb\",\"itemListElement\":[{\"@type\":\"ListItem\",\"position\":1,\"name\":\"Accueil\",\"item\":\"https:\\\/\\\/www.coeurssansfrontieres.com\\\/fr\\\/\"},{\"@type\":\"ListItem\",\"position\":2,\"name\":\"N\u00b0 779 Albertine LARBI CHAHT\"}]},{\"@type\":\"WebSite\",\"@id\":\"https:\\\/\\\/www.coeurssansfrontieres.com\\\/fr\\\/#website\",\"url\":\"https:\\\/\\\/www.coeurssansfrontieres.com\\\/fr\\\/\",\"name\":\"C\u0153urs sans fronti\u00e8res\",\"description\":\"Association franco-allemande des Enfants de la Seconde Guerre Mondiale\",\"potentialAction\":[{\"@type\":\"SearchAction\",\"target\":{\"@type\":\"EntryPoint\",\"urlTemplate\":\"https:\\\/\\\/www.coeurssansfrontieres.com\\\/fr\\\/?s={search_term_string}\"},\"query-input\":{\"@type\":\"PropertyValueSpecification\",\"valueRequired\":true,\"valueName\":\"search_term_string\"}}],\"inLanguage\":\"fr-FR\"},{\"@type\":\"Person\",\"@id\":\"https:\\\/\\\/www.coeurssansfrontieres.com\\\/fr\\\/#\\\/schema\\\/person\\\/19507754554eb5218427fc31038cac56\",\"name\":\"GOFFIN Alexandre\"}]}<\/script>\n<!-- \/ Yoast SEO plugin. -->","yoast_head_json":{"title":"N\u00b0 779 Albertine LARBI CHAHT - CSF - HOG","description":"%","robots":{"index":"index","follow":"follow","max-snippet":"max-snippet:-1","max-image-preview":"max-image-preview:large","max-video-preview":"max-video-preview:-1"},"canonical":"https:\/\/www.coeurssansfrontieres.com\/fr\/recherches\/n-779-albertine-larb-chaht\/","og_locale":"fr_FR","og_type":"article","og_title":"N\u00b0 779 Albertine LARBI CHAHT - CSF - HOG","og_description":"%","og_url":"https:\/\/www.coeurssansfrontieres.com\/fr\/recherches\/n-779-albertine-larb-chaht\/","og_site_name":"CSF - HOG","article_published_time":"2020-07-09T09:14:00+00:00","article_modified_time":"2021-01-09T16:25:36+00:00","og_image":[{"width":200,"height":200,"url":"https:\/\/www.coeurssansfrontieres.com\/wp-content\/uploads\/2020\/07\/779-vignette.jpg","type":"image\/jpeg"}],"author":"GOFFIN Alexandre","twitter_card":"summary_large_image","twitter_misc":{"\u00c9crit par":"GOFFIN Alexandre","Dur\u00e9e de lecture estim\u00e9e":"13 minutes"},"schema":{"@context":"https:\/\/schema.org","@graph":[{"@type":"Article","@id":"https:\/\/www.coeurssansfrontieres.com\/fr\/recherches\/n-779-albertine-larb-chaht\/#article","isPartOf":{"@id":"https:\/\/www.coeurssansfrontieres.com\/fr\/recherches\/n-779-albertine-larb-chaht\/"},"author":{"name":"GOFFIN Alexandre","@id":"https:\/\/www.coeurssansfrontieres.com\/fr\/#\/schema\/person\/19507754554eb5218427fc31038cac56"},"headline":"N\u00b0 779 Albertine LARBI CHAHT","datePublished":"2020-07-09T09:14:00+00:00","dateModified":"2021-01-09T16:25:36+00:00","mainEntityOfPage":{"@id":"https:\/\/www.coeurssansfrontieres.com\/fr\/recherches\/n-779-albertine-larb-chaht\/"},"wordCount":2597,"image":{"@id":"https:\/\/www.coeurssansfrontieres.com\/fr\/recherches\/n-779-albertine-larb-chaht\/#primaryimage"},"thumbnailUrl":"https:\/\/www.coeurssansfrontieres.com\/wp-content\/uploads\/2020\/07\/779-vignette.jpg","articleSection":["Recherches","Recherches en cours"],"inLanguage":"fr-FR"},{"@type":"WebPage","@id":"https:\/\/www.coeurssansfrontieres.com\/fr\/recherches\/n-779-albertine-larb-chaht\/","url":"https:\/\/www.coeurssansfrontieres.com\/fr\/recherches\/n-779-albertine-larb-chaht\/","name":"N\u00b0 779 Albertine LARBI CHAHT - CSF - HOG","isPartOf":{"@id":"https:\/\/www.coeurssansfrontieres.com\/fr\/#website"},"primaryImageOfPage":{"@id":"https:\/\/www.coeurssansfrontieres.com\/fr\/recherches\/n-779-albertine-larb-chaht\/#primaryimage"},"image":{"@id":"https:\/\/www.coeurssansfrontieres.com\/fr\/recherches\/n-779-albertine-larb-chaht\/#primaryimage"},"thumbnailUrl":"https:\/\/www.coeurssansfrontieres.com\/wp-content\/uploads\/2020\/07\/779-vignette.jpg","datePublished":"2020-07-09T09:14:00+00:00","dateModified":"2021-01-09T16:25:36+00:00","author":{"@id":"https:\/\/www.coeurssansfrontieres.com\/fr\/#\/schema\/person\/19507754554eb5218427fc31038cac56"},"description":"%","breadcrumb":{"@id":"https:\/\/www.coeurssansfrontieres.com\/fr\/recherches\/n-779-albertine-larb-chaht\/#breadcrumb"},"inLanguage":"fr-FR","potentialAction":[{"@type":"ReadAction","target":["https:\/\/www.coeurssansfrontieres.com\/fr\/recherches\/n-779-albertine-larb-chaht\/"]}]},{"@type":"ImageObject","inLanguage":"fr-FR","@id":"https:\/\/www.coeurssansfrontieres.com\/fr\/recherches\/n-779-albertine-larb-chaht\/#primaryimage","url":"https:\/\/www.coeurssansfrontieres.com\/wp-content\/uploads\/2020\/07\/779-vignette.jpg","contentUrl":"https:\/\/www.coeurssansfrontieres.com\/wp-content\/uploads\/2020\/07\/779-vignette.jpg","width":200,"height":200},{"@type":"BreadcrumbList","@id":"https:\/\/www.coeurssansfrontieres.com\/fr\/recherches\/n-779-albertine-larb-chaht\/#breadcrumb","itemListElement":[{"@type":"ListItem","position":1,"name":"Accueil","item":"https:\/\/www.coeurssansfrontieres.com\/fr\/"},{"@type":"ListItem","position":2,"name":"N\u00b0 779 Albertine LARBI CHAHT"}]},{"@type":"WebSite","@id":"https:\/\/www.coeurssansfrontieres.com\/fr\/#website","url":"https:\/\/www.coeurssansfrontieres.com\/fr\/","name":"C\u0153urs sans fronti\u00e8res","description":"Association franco-allemande des Enfants de la Seconde Guerre Mondiale","potentialAction":[{"@type":"SearchAction","target":{"@type":"EntryPoint","urlTemplate":"https:\/\/www.coeurssansfrontieres.com\/fr\/?s={search_term_string}"},"query-input":{"@type":"PropertyValueSpecification","valueRequired":true,"valueName":"search_term_string"}}],"inLanguage":"fr-FR"},{"@type":"Person","@id":"https:\/\/www.coeurssansfrontieres.com\/fr\/#\/schema\/person\/19507754554eb5218427fc31038cac56","name":"GOFFIN Alexandre"}]}},"_links":{"self":[{"href":"https:\/\/www.coeurssansfrontieres.com\/fr\/wp-json\/wp\/v2\/posts\/16865","targetHints":{"allow":["GET"]}}],"collection":[{"href":"https:\/\/www.coeurssansfrontieres.com\/fr\/wp-json\/wp\/v2\/posts"}],"about":[{"href":"https:\/\/www.coeurssansfrontieres.com\/fr\/wp-json\/wp\/v2\/types\/post"}],"author":[{"embeddable":true,"href":"https:\/\/www.coeurssansfrontieres.com\/fr\/wp-json\/wp\/v2\/users\/249"}],"replies":[{"embeddable":true,"href":"https:\/\/www.coeurssansfrontieres.com\/fr\/wp-json\/wp\/v2\/comments?post=16865"}],"version-history":[{"count":0,"href":"https:\/\/www.coeurssansfrontieres.com\/fr\/wp-json\/wp\/v2\/posts\/16865\/revisions"}],"wp:featuredmedia":[{"embeddable":true,"href":"https:\/\/www.coeurssansfrontieres.com\/fr\/wp-json\/wp\/v2\/media\/16870"}],"wp:attachment":[{"href":"https:\/\/www.coeurssansfrontieres.com\/fr\/wp-json\/wp\/v2\/media?parent=16865"}],"wp:term":[{"taxonomy":"category","embeddable":true,"href":"https:\/\/www.coeurssansfrontieres.com\/fr\/wp-json\/wp\/v2\/categories?post=16865"},{"taxonomy":"post_tag","embeddable":true,"href":"https:\/\/www.coeurssansfrontieres.com\/fr\/wp-json\/wp\/v2\/tags?post=16865"}],"curies":[{"name":"wp","href":"https:\/\/api.w.org\/{rel}","templated":true}]}}