{"id":18700,"date":"2021-04-30T15:56:14","date_gmt":"2021-04-30T13:56:14","guid":{"rendered":"https:\/\/www.coeurssansfrontieres.com\/?p=18700"},"modified":"2021-08-23T11:01:14","modified_gmt":"2021-08-23T09:01:14","slug":"n-806-katharina-priewasser","status":"publish","type":"post","link":"https:\/\/www.coeurssansfrontieres.com\/fr\/recherches\/n-806-katharina-priewasser\/","title":{"rendered":"N\u00b0 806 Katharina  PRIEWASSER"},"content":{"rendered":"<p>[et_pb_section fb_built=\u00a0\u00bb1&Prime; admin_label=\u00a0\u00bbsection\u00a0\u00bb _builder_version=\u00a0\u00bb4.4.6&Prime; width=\u00a0\u00bb100%\u00a0\u00bb max_width=\u00a0\u00bb100%\u00a0\u00bb custom_margin=\u00a0\u00bb-150px||||false|false\u00a0\u00bb transparent_background=\u00a0\u00bboff\u00a0\u00bb padding_mobile=\u00a0\u00bboff\u00a0\u00bb make_fullwidth=\u00a0\u00bboff\u00a0\u00bb use_custom_width=\u00a0\u00bboff\u00a0\u00bb width_unit=\u00a0\u00bbon\u00a0\u00bb global_colors_info=\u00a0\u00bb{}\u00a0\u00bb background_color=\u00a0\u00bb#ffffff\u00a0\u00bb][et_pb_row column_structure=\u00a0\u00bb1_4,1_2,1_4&Prime; _builder_version=\u00a0\u00bb4.4.6&Prime; width=\u00a0\u00bb100%\u00a0\u00bb max_width=\u00a0\u00bb100%\u00a0\u00bb global_colors_info=\u00a0\u00bb{}\u00a0\u00bb][et_pb_column type=\u00a0\u00bb1_4&Prime; _builder_version=\u00a0\u00bb4.0.7&Prime; custom_padding=\u00a0\u00bb|||3vw|false|false\u00a0\u00bb global_colors_info=\u00a0\u00bb{}\u00a0\u00bb][et_pb_button button_url=\u00a0\u00bbhttps:\/\/www.coeurssansfrontieres.com\/fr\/accueil201805-2\/accueil-new\/recherches2017-b\/recherches-en-cours\/\u00a0\u00bb button_text=\u00a0\u00bbRETOUR AU BLOG DES RECHERCHES EN COURS\u00a0\u00bb button_alignment=\u00a0\u00bbcenter\u00a0\u00bb disabled_on=\u00a0\u00bboff|off|off\u00a0\u00bb admin_label=\u00a0\u00bbBouton retour\u00a0\u00bb _builder_version=\u00a0\u00bb4.4.6&Prime; custom_button=\u00a0\u00bbon\u00a0\u00bb button_text_size=\u00a0\u00bb12px\u00a0\u00bb button_text_color=\u00a0\u00bb#ffffff\u00a0\u00bb button_bg_color=\u00a0\u00bb#a55ba6&Prime; button_border_width=\u00a0\u00bb1px\u00a0\u00bb button_border_color=\u00a0\u00bb#ffffff\u00a0\u00bb button_border_radius=\u00a0\u00bb25px\u00a0\u00bb button_font=\u00a0\u00bb|||||on|||\u00a0\u00bb button_icon=\u00a0\u00bb%%41%%\u00a0\u00bb button_icon_color=\u00a0\u00bb#ffffff\u00a0\u00bb button_on_hover=\u00a0\u00bboff\u00a0\u00bb background_layout=\u00a0\u00bbdark\u00a0\u00bb custom_margin=\u00a0\u00bb1vh||0px||false|false\u00a0\u00bb button_text_shadow_style=\u00a0\u00bbpreset1&Prime; box_shadow_style=\u00a0\u00bbpreset4&Prime; box_shadow_horizontal=\u00a0\u00bb3px\u00a0\u00bb box_shadow_vertical=\u00a0\u00bb3px\u00a0\u00bb box_shadow_blur=\u00a0\u00bb3px\u00a0\u00bb box_shadow_spread=\u00a0\u00bb3px\u00a0\u00bb locked=\u00a0\u00bboff\u00a0\u00bb global_colors_info=\u00a0\u00bb{}\u00a0\u00bb][\/et_pb_button][et_pb_button button_url=\u00a0\u00bbhttps:\/\/www.coeurssansfrontieres.com\/de\/startseite201805\/startseite-neue\/recherche2017\/laufende-recherchen\/\u00a0\u00bb button_text=\u00a0\u00bbZUR\u00dcCK ZUM BLOG \u00dcBER DIE LAUFENDE RECHERCHE\u00a0\u00bb button_alignment=\u00a0\u00bbcenter\u00a0\u00bb disabled_on=\u00a0\u00bbon|on|on\u00a0\u00bb admin_label=\u00a0\u00bbDE ZUR\u00dcCK LAUFENDE RECHERCHE\u00a0\u00bb _builder_version=\u00a0\u00bb4.4.3&Prime; custom_button=\u00a0\u00bbon\u00a0\u00bb button_text_size=\u00a0\u00bb12px\u00a0\u00bb button_text_color=\u00a0\u00bb#ffffff\u00a0\u00bb button_bg_color=\u00a0\u00bb#a55ba6&Prime; button_border_width=\u00a0\u00bb1px\u00a0\u00bb button_border_color=\u00a0\u00bb#ffffff\u00a0\u00bb button_border_radius=\u00a0\u00bb25px\u00a0\u00bb button_font=\u00a0\u00bb|||||on|||\u00a0\u00bb button_icon=\u00a0\u00bb%%41%%\u00a0\u00bb button_icon_color=\u00a0\u00bb#ffffff\u00a0\u00bb button_on_hover=\u00a0\u00bboff\u00a0\u00bb background_layout=\u00a0\u00bbdark\u00a0\u00bb custom_margin=\u00a0\u00bb1vh||0px||false|false\u00a0\u00bb button_text_shadow_style=\u00a0\u00bbpreset1&Prime; box_shadow_style=\u00a0\u00bbpreset4&Prime; box_shadow_horizontal=\u00a0\u00bb3px\u00a0\u00bb box_shadow_vertical=\u00a0\u00bb3px\u00a0\u00bb box_shadow_blur=\u00a0\u00bb3px\u00a0\u00bb box_shadow_spread=\u00a0\u00bb3px\u00a0\u00bb disabled=\u00a0\u00bbon\u00a0\u00bb locked=\u00a0\u00bboff\u00a0\u00bb global_colors_info=\u00a0\u00bb{}\u00a0\u00bb][\/et_pb_button][et_pb_button button_url=\u00a0\u00bbhttps:\/\/www.coeurssansfrontieres.com\/fr\/le-neillon-hubert\/\u00a0\u00bb button_text=\u00a0\u00bbCONTACTER LES GESTIONNAIRES DE LA RECHERCHE\u00a0\u00bb button_alignment=\u00a0\u00bbcenter\u00a0\u00bb disabled_on=\u00a0\u00bboff|off|off\u00a0\u00bb admin_label=\u00a0\u00bb202 Gestion Recherches Le Neillon\u00a0\u00bb _builder_version=\u00a0\u00bb4.9.3&Prime; custom_button=\u00a0\u00bbon\u00a0\u00bb button_text_size=\u00a0\u00bb12px\u00a0\u00bb button_text_color=\u00a0\u00bb#ffffff\u00a0\u00bb button_bg_color=\u00a0\u00bb#a55ba6&Prime; button_border_width=\u00a0\u00bb1px\u00a0\u00bb button_border_color=\u00a0\u00bb#ffffff\u00a0\u00bb button_border_radius=\u00a0\u00bb25px\u00a0\u00bb button_font=\u00a0\u00bb|||||on|||\u00a0\u00bb button_icon=\u00a0\u00bb%%153%%\u00a0\u00bb button_icon_color=\u00a0\u00bb#ffffff\u00a0\u00bb button_on_hover=\u00a0\u00bboff\u00a0\u00bb background_layout=\u00a0\u00bbdark\u00a0\u00bb custom_margin=\u00a0\u00bb2vh||0px||false|false\u00a0\u00bb button_text_shadow_style=\u00a0\u00bbpreset1&Prime; box_shadow_style=\u00a0\u00bbpreset4&Prime; box_shadow_horizontal=\u00a0\u00bb3px\u00a0\u00bb box_shadow_vertical=\u00a0\u00bb3px\u00a0\u00bb box_shadow_blur=\u00a0\u00bb3px\u00a0\u00bb box_shadow_spread=\u00a0\u00bb3px\u00a0\u00bb locked=\u00a0\u00bboff\u00a0\u00bb global_colors_info=\u00a0\u00bb{}\u00a0\u00bb][\/et_pb_button][et_pb_button button_url=\u00a0\u00bbhttps:\/\/www.coeurssansfrontieres.com\/de\/startseite201805\/startseite-neue\/kontakt\/le-quentrec-chantal\/\u00a0\u00bb button_text=\u00a0\u00bbKONTAKTIEREN SIE HIER DEN VERANTWORTLICHEN DIESER SUCHE\u00a0\u00bb button_alignment=\u00a0\u00bbcenter\u00a0\u00bb disabled_on=\u00a0\u00bbon|on|on\u00a0\u00bb admin_label=\u00a0\u00bbDE Recherche LeQuentrec 2020&Prime; _builder_version=\u00a0\u00bb4.0.7&Prime; custom_button=\u00a0\u00bbon\u00a0\u00bb button_text_size=\u00a0\u00bb12px\u00a0\u00bb button_text_color=\u00a0\u00bb#ffffff\u00a0\u00bb button_bg_color=\u00a0\u00bb#a55ba6&Prime; button_border_width=\u00a0\u00bb1px\u00a0\u00bb button_border_color=\u00a0\u00bb#ffffff\u00a0\u00bb button_border_radius=\u00a0\u00bb25px\u00a0\u00bb button_font=\u00a0\u00bb|||||on|||\u00a0\u00bb button_icon=\u00a0\u00bb%%153%%\u00a0\u00bb button_icon_color=\u00a0\u00bb#ffffff\u00a0\u00bb button_on_hover=\u00a0\u00bboff\u00a0\u00bb background_layout=\u00a0\u00bbdark\u00a0\u00bb custom_margin=\u00a0\u00bb2vh||0px||false|false\u00a0\u00bb button_text_shadow_style=\u00a0\u00bbpreset1&Prime; box_shadow_style=\u00a0\u00bbpreset4&Prime; box_shadow_horizontal=\u00a0\u00bb3px\u00a0\u00bb box_shadow_vertical=\u00a0\u00bb3px\u00a0\u00bb box_shadow_blur=\u00a0\u00bb3px\u00a0\u00bb box_shadow_spread=\u00a0\u00bb3px\u00a0\u00bb disabled=\u00a0\u00bbon\u00a0\u00bb locked=\u00a0\u00bboff\u00a0\u00bb global_colors_info=\u00a0\u00bb{}\u00a0\u00bb][\/et_pb_button][\/et_pb_column][et_pb_column type=\u00a0\u00bb1_2&Prime; _builder_version=\u00a0\u00bb4.0.7&Prime; global_colors_info=\u00a0\u00bb{}\u00a0\u00bb][et_pb_post_title meta=\u00a0\u00bboff\u00a0\u00bb featured_image=\u00a0\u00bboff\u00a0\u00bb admin_label=\u00a0\u00bbTitre du poste\u00a0\u00bb _builder_version=\u00a0\u00bb4.0.7&Prime; title_font=\u00a0\u00bb|700|||||||\u00a0\u00bb title_text_align=\u00a0\u00bbcenter\u00a0\u00bb title_text_color=\u00a0\u00bb#a55ba6&Prime; title_font_size=\u00a0\u00bb40px\u00a0\u00bb background_color=\u00a0\u00bbrgba(255,255,255,0)\u00a0\u00bb parallax=\u00a0\u00bbon\u00a0\u00bb parallax_method=\u00a0\u00bboff\u00a0\u00bb text_orientation=\u00a0\u00bbcenter\u00a0\u00bb custom_margin=\u00a0\u00bb4vh||||false|false\u00a0\u00bb title_text_shadow_style=\u00a0\u00bbpreset5&Prime; text_shadow_style=\u00a0\u00bbpreset5&Prime; parallax_effect=\u00a0\u00bbon\u00a0\u00bb module_bg_color=\u00a0\u00bbrgba(255,255,255,0)\u00a0\u00bb use_border_color=\u00a0\u00bboff\u00a0\u00bb border_color=\u00a0\u00bb#ffffff\u00a0\u00bb border_style=\u00a0\u00bbsolid\u00a0\u00bb global_colors_info=\u00a0\u00bb{}\u00a0\u00bb]\u00a0 [\/et_pb_post_title][\/et_pb_column][et_pb_column type=\u00a0\u00bb1_4&Prime; _builder_version=\u00a0\u00bb4.0.7&Prime; custom_padding=\u00a0\u00bb|3vw|||false|false\u00a0\u00bb global_colors_info=\u00a0\u00bb{}\u00a0\u00bb][et_pb_image src=\u00a0\u00bbhttps:\/\/www.coeurssansfrontieres.com\/wp-content\/uploads\/2017\/09\/Recherches-en-cours-OMBRE.png\u00a0\u00bb show_bottom_space=\u00a0\u00bboff\u00a0\u00bb align=\u00a0\u00bbcenter\u00a0\u00bb align_tablet=\u00a0\u00bbcenter\u00a0\u00bb align_phone=\u00a0\u00bb\u00a0\u00bb align_last_edited=\u00a0\u00bbon|desktop\u00a0\u00bb admin_label=\u00a0\u00bbImage recherches en cours\u00a0\u00bb _builder_version=\u00a0\u00bb4.0.7&Prime; max_width=\u00a0\u00bb50px\u00a0\u00bb custom_css_main_element=\u00a0\u00bbmargin : auto;\u00a0\u00bb use_border_color=\u00a0\u00bboff\u00a0\u00bb border_color=\u00a0\u00bb#ffffff\u00a0\u00bb border_style=\u00a0\u00bbsolid\u00a0\u00bb sticky=\u00a0\u00bbon\u00a0\u00bb always_center_on_mobile=\u00a0\u00bbon\u00a0\u00bb global_colors_info=\u00a0\u00bb{}\u00a0\u00bb]\u00a0 [\/et_pb_image][et_pb_search exclude_pages=\u00a0\u00bbon\u00a0\u00bb include_categories=\u00a0\u00bb183,236,212,227,180,214,162,170,202,231,229,208,1,161,168,210,154,66,163,22,13,255,253,251,159,158&Prime; placeholder=\u00a0\u00bb ?\u00a0\u00bb button_color=\u00a0\u00bb#a61abf\u00a0\u00bb admin_label=\u00a0\u00bbChercher\u00a0\u00bb _builder_version=\u00a0\u00bb4.0.7&Prime; form_field_background_color=\u00a0\u00bb#E5C3DF\u00a0\u00bb form_field_focus_background_color=\u00a0\u00bb#e5c3df\u00a0\u00bb button_font=\u00a0\u00bb|on|||\u00a0\u00bb button_text_color=\u00a0\u00bb#ffffff\u00a0\u00bb button_font_size=\u00a0\u00bb10px\u00a0\u00bb button_line_height=\u00a0\u00bb1.5em\u00a0\u00bb form_field_font=\u00a0\u00bb|700|||||||\u00a0\u00bb form_field_text_align=\u00a0\u00bbcenter\u00a0\u00bb form_field_font_size=\u00a0\u00bb16px\u00a0\u00bb form_field_line_height=\u00a0\u00bb0.6em\u00a0\u00bb background_color=\u00a0\u00bb#e5c3df\u00a0\u00bb text_orientation=\u00a0\u00bbcenter\u00a0\u00bb custom_padding=\u00a0\u00bb0.4em|0.715em|0.4em|0.715em|false|false\u00a0\u00bb custom_css_main_element=\u00a0\u00bbbox-shadow: 6px 6px 6px #7C7C7C;\u00a0\u00bb custom_css_input_field=\u00a0\u00bbfont-weight: bold !important;||\u00a0\u00bb button_text_shadow_style=\u00a0\u00bbpreset5&Prime; border_radii=\u00a0\u00bbon|25px|25px|25px|25px\u00a0\u00bb border_color_all=\u00a0\u00bb#a55ba6&Prime; text_shadow_style=\u00a0\u00bbpreset5&Prime; hide_button=\u00a0\u00bboff\u00a0\u00bb input_font_size=\u00a0\u00bb11&Prime; input_line_height=\u00a0\u00bb2em\u00a0\u00bb locked=\u00a0\u00bboff\u00a0\u00bb global_colors_info=\u00a0\u00bb{}\u00a0\u00bb button_text_size__hover_enabled=\u00a0\u00bboff\u00a0\u00bb button_one_text_size__hover_enabled=\u00a0\u00bboff\u00a0\u00bb button_two_text_size__hover_enabled=\u00a0\u00bboff\u00a0\u00bb button_text_color__hover_enabled=\u00a0\u00bboff\u00a0\u00bb button_one_text_color__hover_enabled=\u00a0\u00bboff\u00a0\u00bb button_two_text_color__hover_enabled=\u00a0\u00bboff\u00a0\u00bb button_border_width__hover_enabled=\u00a0\u00bboff\u00a0\u00bb button_one_border_width__hover_enabled=\u00a0\u00bboff\u00a0\u00bb button_two_border_width__hover_enabled=\u00a0\u00bboff\u00a0\u00bb button_border_color__hover_enabled=\u00a0\u00bboff\u00a0\u00bb button_one_border_color__hover_enabled=\u00a0\u00bboff\u00a0\u00bb button_two_border_color__hover_enabled=\u00a0\u00bboff\u00a0\u00bb button_border_radius__hover_enabled=\u00a0\u00bboff\u00a0\u00bb button_one_border_radius__hover_enabled=\u00a0\u00bboff\u00a0\u00bb button_two_border_radius__hover_enabled=\u00a0\u00bboff\u00a0\u00bb button_letter_spacing__hover_enabled=\u00a0\u00bboff\u00a0\u00bb button_one_letter_spacing__hover_enabled=\u00a0\u00bboff\u00a0\u00bb button_two_letter_spacing__hover_enabled=\u00a0\u00bboff\u00a0\u00bb button_bg_color__hover_enabled=\u00a0\u00bboff\u00a0\u00bb button_one_bg_color__hover_enabled=\u00a0\u00bboff\u00a0\u00bb button_two_bg_color__hover_enabled=\u00a0\u00bboff\u00a0\u00bb]\u00a0 [\/et_pb_search][\/et_pb_column][\/et_pb_row][et_pb_row column_structure=\u00a0\u00bb1_3,2_3&Prime; _builder_version=\u00a0\u00bb4.4.6&Prime; width=\u00a0\u00bb100%\u00a0\u00bb max_width=\u00a0\u00bb90%\u00a0\u00bb module_alignment=\u00a0\u00bbcenter\u00a0\u00bb custom_margin=\u00a0\u00bb|200px||auto||\u00a0\u00bb global_colors_info=\u00a0\u00bb{}\u00a0\u00bb][et_pb_column type=\u00a0\u00bb1_3&Prime; _builder_version=\u00a0\u00bb4.4.6&Prime; global_colors_info=\u00a0\u00bb{}\u00a0\u00bb][et_pb_image src=\u00a0\u00bbhttps:\/\/www.coeurssansfrontieres.com\/wp-content\/uploads\/2021\/04\/Andre-LEBLOND-1943-b.jpg\u00a0\u00bb alt=\u00a0\u00bbAndr\u00e9 LEBLOND 1943&Prime; title_text=\u00a0\u00bbAndr\u00e9 LEBLOND 1943&Prime; show_in_lightbox=\u00a0\u00bbon\u00a0\u00bb use_overlay=\u00a0\u00bbon\u00a0\u00bb overlay_icon_color=\u00a0\u00bb#ffffff\u00a0\u00bb hover_overlay_color=\u00a0\u00bbrgba(217,140,199,0.44)\u00a0\u00bb hover_icon=\u00a0\u00bb%%52%%\u00a0\u00bb show_bottom_space=\u00a0\u00bboff\u00a0\u00bb align=\u00a0\u00bbcenter\u00a0\u00bb align_tablet=\u00a0\u00bbcenter\u00a0\u00bb align_phone=\u00a0\u00bb\u00a0\u00bb align_last_edited=\u00a0\u00bbon|desktop\u00a0\u00bb disabled_on=\u00a0\u00bb||off\u00a0\u00bb admin_label=\u00a0\u00bbImage\u00a0\u00bb _builder_version=\u00a0\u00bb4.9.3&Prime; width=\u00a0\u00bb300px\u00a0\u00bb max_width=\u00a0\u00bb300px\u00a0\u00bb module_alignment=\u00a0\u00bbcenter\u00a0\u00bb custom_margin=\u00a0\u00bb||||false|false\u00a0\u00bb box_shadow_style=\u00a0\u00bbpreset2&Prime; use_border_color=\u00a0\u00bboff\u00a0\u00bb border_color=\u00a0\u00bb#ffffff\u00a0\u00bb border_style=\u00a0\u00bbsolid\u00a0\u00bb sticky=\u00a0\u00bbon\u00a0\u00bb always_center_on_mobile=\u00a0\u00bbon\u00a0\u00bb saved_tabs=\u00a0\u00bball\u00a0\u00bb locked=\u00a0\u00bboff\u00a0\u00bb global_colors_info=\u00a0\u00bb{}\u00a0\u00bb]\u00a0 [\/et_pb_image][et_pb_text disabled_on=\u00a0\u00bboff|off|off\u00a0\u00bb admin_label=\u00a0\u00bbTexte\u00a0\u00bb _builder_version=\u00a0\u00bb4.9.3&Prime; text_font=\u00a0\u00bb|on|on||\u00a0\u00bb text_text_color=\u00a0\u00bb#d63fea\u00a0\u00bb text_font_size=\u00a0\u00bb12px\u00a0\u00bb text_line_height=\u00a0\u00bb1.2em\u00a0\u00bb background_size=\u00a0\u00bbinitial\u00a0\u00bb background_position=\u00a0\u00bbtop_left\u00a0\u00bb background_repeat=\u00a0\u00bbrepeat\u00a0\u00bb text_orientation=\u00a0\u00bbcenter\u00a0\u00bb module_alignment=\u00a0\u00bbcenter\u00a0\u00bb custom_padding=\u00a0\u00bb1vh|||\u00a0\u00bb use_border_color=\u00a0\u00bboff\u00a0\u00bb border_color=\u00a0\u00bb#df7fe8&Prime; border_style=\u00a0\u00bbsolid\u00a0\u00bb global_colors_info=\u00a0\u00bb{}\u00a0\u00bb]<\/p>\n<p style=\"text-align: center;\">Andr\u00e9 LEBLOND 1943<\/p>\n<p>[\/et_pb_text][et_pb_text disabled_on=\u00a0\u00bboff|off|off\u00a0\u00bb admin_label=\u00a0\u00bbText\u00a0\u00bb _builder_version=\u00a0\u00bb4.4.6&Prime; text_font=\u00a0\u00bb|on|on||\u00a0\u00bb text_text_color=\u00a0\u00bb#d63fea\u00a0\u00bb text_font_size=\u00a0\u00bb12px\u00a0\u00bb text_line_height=\u00a0\u00bb1.2em\u00a0\u00bb background_size=\u00a0\u00bbinitial\u00a0\u00bb background_position=\u00a0\u00bbtop_left\u00a0\u00bb background_repeat=\u00a0\u00bbrepeat\u00a0\u00bb text_orientation=\u00a0\u00bbcenter\u00a0\u00bb module_alignment=\u00a0\u00bbcenter\u00a0\u00bb custom_padding=\u00a0\u00bb1vh|||\u00a0\u00bb use_border_color=\u00a0\u00bboff\u00a0\u00bb border_color=\u00a0\u00bb#df7fe8&Prime; border_style=\u00a0\u00bbsolid\u00a0\u00bb disabled=\u00a0\u00bbon\u00a0\u00bb global_colors_info=\u00a0\u00bb{}\u00a0\u00bb]<\/p>\n<p>Mein Vater Louis Bonenfant<\/p>\n<p>[\/et_pb_text][et_pb_image src=\u00a0\u00bbhttps:\/\/www.coeurssansfrontieres.com\/wp-content\/uploads\/2021\/02\/Konrad-Junski-02.jpg\u00a0\u00bb alt=\u00a0\u00bbKonrad JUNSKI\u00a0\u00bb title_text=\u00a0\u00bbKonrad JUNSKI\u00a0\u00bb show_in_lightbox=\u00a0\u00bbon\u00a0\u00bb use_overlay=\u00a0\u00bbon\u00a0\u00bb overlay_icon_color=\u00a0\u00bb#ffffff\u00a0\u00bb hover_overlay_color=\u00a0\u00bbrgba(217,140,199,0.44)\u00a0\u00bb hover_icon=\u00a0\u00bb%%52%%\u00a0\u00bb show_bottom_space=\u00a0\u00bboff\u00a0\u00bb align=\u00a0\u00bbcenter\u00a0\u00bb align_tablet=\u00a0\u00bbcenter\u00a0\u00bb align_phone=\u00a0\u00bb\u00a0\u00bb align_last_edited=\u00a0\u00bbon|desktop\u00a0\u00bb disabled_on=\u00a0\u00bbon|on|on\u00a0\u00bb admin_label=\u00a0\u00bbImage\u00a0\u00bb _builder_version=\u00a0\u00bb4.8.2&Prime; width=\u00a0\u00bb300px\u00a0\u00bb max_width=\u00a0\u00bb300px\u00a0\u00bb module_alignment=\u00a0\u00bbcenter\u00a0\u00bb custom_margin=\u00a0\u00bb||||false|false\u00a0\u00bb box_shadow_style=\u00a0\u00bbpreset2&Prime; use_border_color=\u00a0\u00bboff\u00a0\u00bb border_color=\u00a0\u00bb#ffffff\u00a0\u00bb border_style=\u00a0\u00bbsolid\u00a0\u00bb sticky=\u00a0\u00bbon\u00a0\u00bb always_center_on_mobile=\u00a0\u00bbon\u00a0\u00bb disabled=\u00a0\u00bbon\u00a0\u00bb saved_tabs=\u00a0\u00bball\u00a0\u00bb locked=\u00a0\u00bboff\u00a0\u00bb global_colors_info=\u00a0\u00bb{}\u00a0\u00bb]\u00a0 [\/et_pb_image][et_pb_text disabled_on=\u00a0\u00bbon|on|on\u00a0\u00bb admin_label=\u00a0\u00bbTexte\u00a0\u00bb _builder_version=\u00a0\u00bb4.8.2&Prime; text_font=\u00a0\u00bb|on|on||\u00a0\u00bb text_text_color=\u00a0\u00bb#d63fea\u00a0\u00bb text_font_size=\u00a0\u00bb12px\u00a0\u00bb text_line_height=\u00a0\u00bb1.2em\u00a0\u00bb background_size=\u00a0\u00bbinitial\u00a0\u00bb background_position=\u00a0\u00bbtop_left\u00a0\u00bb background_repeat=\u00a0\u00bbrepeat\u00a0\u00bb text_orientation=\u00a0\u00bbcenter\u00a0\u00bb module_alignment=\u00a0\u00bbcenter\u00a0\u00bb custom_padding=\u00a0\u00bb1vh|||\u00a0\u00bb use_border_color=\u00a0\u00bboff\u00a0\u00bb border_color=\u00a0\u00bb#df7fe8&Prime; border_style=\u00a0\u00bbsolid\u00a0\u00bb disabled=\u00a0\u00bbon\u00a0\u00bb global_colors_info=\u00a0\u00bb{}\u00a0\u00bb]<\/p>\n<p style=\"text-align: center;\">Konrad JUNSKI<\/p>\n<p>[\/et_pb_text][et_pb_text disabled_on=\u00a0\u00bboff|off|off\u00a0\u00bb admin_label=\u00a0\u00bbText\u00a0\u00bb _builder_version=\u00a0\u00bb4.4.6&Prime; text_font=\u00a0\u00bb|on|on||\u00a0\u00bb text_text_color=\u00a0\u00bb#d63fea\u00a0\u00bb text_font_size=\u00a0\u00bb12px\u00a0\u00bb text_line_height=\u00a0\u00bb1.2em\u00a0\u00bb background_size=\u00a0\u00bbinitial\u00a0\u00bb background_position=\u00a0\u00bbtop_left\u00a0\u00bb background_repeat=\u00a0\u00bbrepeat\u00a0\u00bb text_orientation=\u00a0\u00bbcenter\u00a0\u00bb module_alignment=\u00a0\u00bbcenter\u00a0\u00bb custom_padding=\u00a0\u00bb1vh|||\u00a0\u00bb use_border_color=\u00a0\u00bboff\u00a0\u00bb border_color=\u00a0\u00bb#df7fe8&Prime; border_style=\u00a0\u00bbsolid\u00a0\u00bb disabled=\u00a0\u00bbon\u00a0\u00bb global_colors_info=\u00a0\u00bb{}\u00a0\u00bb]<\/p>\n<p>Mein Vater Louis Bonenfant<\/p>\n<p>[\/et_pb_text][\/et_pb_column][et_pb_column type=\u00a0\u00bb2_3&Prime; _builder_version=\u00a0\u00bb4.4.6&Prime; custom_padding=\u00a0\u00bb|15vh|||false|false\u00a0\u00bb global_colors_info=\u00a0\u00bb{}\u00a0\u00bb][et_pb_text admin_label=\u00a0\u00bbTexte\u00a0\u00bb _builder_version=\u00a0\u00bb4.9.3&Prime; text_font_size=\u00a0\u00bb18px\u00a0\u00bb text_line_height=\u00a0\u00bb1.8em\u00a0\u00bb background_size=\u00a0\u00bbinitial\u00a0\u00bb background_position=\u00a0\u00bbtop_left\u00a0\u00bb background_repeat=\u00a0\u00bbrepeat\u00a0\u00bb custom_margin=\u00a0\u00bb-3vh|2vh|||false|false\u00a0\u00bb custom_padding=\u00a0\u00bb||||false|false\u00a0\u00bb use_border_color=\u00a0\u00bboff\u00a0\u00bb border_color=\u00a0\u00bb#ffffff\u00a0\u00bb border_style=\u00a0\u00bbsolid\u00a0\u00bb global_colors_info=\u00a0\u00bb{}\u00a0\u00bb]<\/p>\n<p><b>N\u00b0 806<\/b><\/p>\n<p><b>En mai 1944<\/b><span style=\"font-weight: 400;\">, mon p\u00e8re, Andr\u00e9 LEBLOND n\u00e9 en 1910, \u00e9tait retenu prisonnier \u00e0 <\/span><b>OSTERMIETHING\u00a0en Autriche<\/b><span style=\"font-weight: 400;\"> pr\u00e8s de la fronti\u00e8re avec la Haute Bavi\u00e8re.\u00a0<br \/><\/span><span style=\"font-weight: 400;\">Il \u00e9tait affect\u00e9 \u00e0 l&rsquo;Arbeitskommando\u00a0\u00a0N\u00b0 C 1097\/L.\u00a0<\/span><\/p>\n<p><span style=\"font-weight: 400;\">Il \u00e9tait employ\u00e9 comme travailleur \u00e0 la ferme de <\/span><b>Johann H\u00d6CK<\/b><span style=\"font-weight: 400;\"> dans le quartier de\u00a0<\/span><b>SIMLING.<\/b><span style=\"font-weight: 400;\"> C&rsquo;est l\u00e0 qu&rsquo;il fit la connaissance d&rsquo;une jeune fille d&rsquo;origine Allemande\u00a0: <\/span><b>Katharina PRIEWASSER<\/b><span style=\"font-weight: 400;\"> (ou Pr\u00fcwasser) n\u00e9e \u00e0\u00a0Moosdorf non loin d&rsquo;Ostermiething en 1926.\u00a0<br \/><\/span><span style=\"font-weight: 400;\">Cette jeune femme \u00e9tait employ\u00e9e comme servante\u00a0dans une autre ferme du quartier de <\/span><b>Simling,<\/b><span style=\"font-weight: 400;\"> chez l&rsquo;agriculteur\u00a0<\/span><b>Karl RIEDER<\/b><span style=\"font-weight: 400;\">.<br \/><\/span><span style=\"font-weight: 400;\">Les deux jeunes gens tomb\u00e8rent amoureux et eurent une histoire d&rsquo;amour, ce qui \u00e9tait strictement interdit par les autorit\u00e9s du Reich.\u00a0<\/span><\/p>\n<p><span style=\"font-weight: 400;\">En mai 1944 ils furent d\u00e9nonc\u00e9s. Andr\u00e9 fut appr\u00e9hend\u00e9, il tenta de s&rsquo;enfuir mais\u00a0<\/span><span style=\"font-weight: 400;\">repris il s&rsquo;\u00e9chappa finalement pour rejoindre son amoureuse Katharina\u00a0 PRIEWASSER.\u00a0 <\/span><span style=\"font-weight: 400;\">Apr\u00e8s avoir pass\u00e9 une derni\u00e8re nuit ensemble ils se rendirent dans une grange o\u00f9 ils tent\u00e8rent de se pendre. Andr\u00e9 y r\u00e9ussit, mais pas Katharina qui a \u00e9t\u00e9 arr\u00eat\u00e9e le 23 mai 1944 et interrog\u00e9e.<br \/><\/span><span style=\"font-weight: 400;\">\u00a0<\/span><span style=\"font-weight: 400;\">Le 25 mai 1944 elle fut remise \u00e0 la Gestapo de Linz et elle a disparu sans laisser de traces jusqu&rsquo;\u00e0 aujourd&rsquo;hui. Il est fort possible que Katharina \u00e9tait enceinte d\u2019Andr\u00e9 lors de son arrestation.\u00a0<\/p>\n<p><\/span><span style=\"font-weight: 400;\">C&rsquo;est pour lever ce doute et faire connaissance avec son \u00e9ventuel (le) demi -fr\u00e8re ou demi-s\u0153ur qu\u2019Andr\u00e9 fils recherche aujourd&rsquo;hui la famille de Katharina en Autriche ou en Allemagne.<\/span><\/p>\n<p><i><span style=\"font-weight: 400;\">Si vous avez une ou des informations, m\u00eame anodines, sur Katharina Priewasser (Pr\u00fcwasser) ou sa famille,\u00a0merci de bien vouloir contacter l&rsquo;association Coeurs sans Fronti\u00e8res\/Herzen ohne Grenzen.\u00a0<\/span><\/i><\/p>\n<p><span style=\"font-weight: 400;\">Votre anonymat est enti\u00e8rement garanti.<\/span><\/p>\n<p style=\"text-align: right;\"><i><span style=\"font-weight: 400;\">Andr\u00e9 LEBLOND fils<\/span><\/i><\/p>\n<p>&nbsp;<\/p>\n<p>[\/et_pb_text][et_pb_text disabled_on=\u00a0\u00bbon|on|on\u00a0\u00bb admin_label=\u00a0\u00bbText\u00a0\u00bb _builder_version=\u00a0\u00bb4.9.3&Prime; text_font_size=\u00a0\u00bb18px\u00a0\u00bb text_line_height=\u00a0\u00bb1.8em\u00a0\u00bb background_size=\u00a0\u00bbinitial\u00a0\u00bb background_position=\u00a0\u00bbtop_left\u00a0\u00bb background_repeat=\u00a0\u00bbrepeat\u00a0\u00bb custom_margin=\u00a0\u00bb-3vh|2vh|||false|false\u00a0\u00bb custom_padding=\u00a0\u00bb||||false|false\u00a0\u00bb use_border_color=\u00a0\u00bboff\u00a0\u00bb border_color=\u00a0\u00bb#ffffff\u00a0\u00bb border_style=\u00a0\u00bbsolid\u00a0\u00bb disabled=\u00a0\u00bbon\u00a0\u00bb global_colors_info=\u00a0\u00bb{}\u00a0\u00bb]<\/p>\n<p><b>N\u00b0 806<\/b><\/p>\n<p><span style=\"font-weight: 400;\">Im Mai 1944 wurde mein Vater, Andr\u00e9 LEBLOND, geboren 1910, Kriegsgefangener. Er wurde in <\/span><b>OSTERMIETHING in \u00d6sterreich<\/b><span style=\"font-weight: 400;\">, nahe der Grenze zu Oberbayern gefangen genommen und dem Arbeitskommando N\u00b0 C 1097 \/ L unterstellt.<\/span><\/p>\n<p><span style=\"font-weight: 400;\">Er kam als Landarbeiter auf den <\/span><b>Bauernhof von Johann H\u00d6CK in SIMLING.<\/b><span style=\"font-weight: 400;\"> Dort lernte er <\/span><b>Katharina PRIEWASSER<\/b><span style=\"font-weight: 400;\"> (oder Pr\u00fcwasser) kennen, ein junges M\u00e4dchen deutscher Abstammung, die 1926 in Moosdorf, unweit von Ostermiething, geboren wurde. Diese junge Frau arbeitete auf dem <\/span><b>Bauernhof von Karl RIEDER<\/b><span style=\"font-weight: 400;\"> in Simling.\u00a0<\/span><\/p>\n<p><span style=\"font-weight: 400;\">Die beiden jungen Leute verliebten sich, hatten eine Liebesbeziehung, die, nach damaligen Gesetzen, strengstens verboten war.<\/span><\/p>\n<p><span style=\"font-weight: 400;\">Im Mai 1944 wurden sie denunziert. Andr\u00e9 wurde festgenommen und versuchte zu fliehen.\u00a0 Eine erneute Flucht gelang und er konnte zu seiner geliebten Katharina gelangen. In einer Scheune verbrachten sie eine letzte Nacht zusammen und versuchten sich danach zu erh\u00e4ngen.<br \/><\/span><span style=\"font-weight: 400;\">Andr\u00e9 strangulierte sich, bei Katharina ging es jedoch schief. Sie wurde am 23. Mai 1944 verhaftet und verh\u00f6rt. Am 25. Mai 1944 wurde sie der Gestapo Linz \u00fcbergeben und verschwand spurlos, bis heute. Es ist durchaus m\u00f6glich, dass Katharina bei ihrer Verhaftung, von Andr\u00e9 schwanger war.<\/span><\/p>\n<p><span style=\"font-weight: 400;\">Der Sohn Andr\u00e9 ist heute auf der Suche nach Katharinas Familie in \u00d6sterreich oder in Deutschland um die Zweifel und Vermutungen zu beseitigen und einen eventuellen Halbbruder oder eine eventuelle Halbschwester zu finden.<\/span><\/p>\n<p><i><span style=\"font-weight: 400;\">Sollten Sie Informationen \u00fcber Katharina PRIEWASSER (Pr\u00fcwasser) oder ihre Familie haben, so w\u00e4ren wir Ihnen sehr dankbar, wenn Sie diese dem Verein Coeurs sans fronti\u00e8res \/Herzen ohne Grenzen mitteilen w\u00fcrden.<\/span><\/i><\/p>\n<p><span style=\"font-weight: 400;\">Ihre Anonymit\u00e4t wird vollst\u00e4ndig garantiert.<\/span><\/p>\n<p style=\"text-align: right;\"><i><span style=\"font-weight: 400;\">Andr\u00e9 LEBLOND, Sohn<\/span><\/i><\/p>\n<p>&nbsp;<\/p>\n<p>[\/et_pb_text][\/et_pb_column][\/et_pb_row][\/et_pb_section]<\/p>\n","protected":false},"excerpt":{"rendered":"<p>En mai 1944 mon p\u00e8re Andr\u00e9 LEBLOND \u00e9tait prisonnier de guerre \u00e0 OSTERMIETHING en Autriche. Il a eu une relation amoureuse avec une jeune fille allemande : Katharina PRIEWASSER. C\u2019\u00e9tait interdit, ils ont \u00e9t\u00e9 d\u00e9nonc\u00e9s.<\/p>\n","protected":false},"author":249,"featured_media":18708,"comment_status":"closed","ping_status":"closed","sticky":false,"template":"","format":"standard","meta":{"_et_pb_use_builder":"on","_et_pb_old_content":"","_et_gb_content_width":"","footnotes":""},"categories":[159,149],"tags":[],"class_list":["post-18700","post","type-post","status-publish","format-standard","has-post-thumbnail","hentry","category-recherches","category-recherches-en-cours"],"yoast_head":"<!-- This site is optimized with the Yoast SEO plugin v27.5 - https:\/\/yoast.com\/product\/yoast-seo-wordpress\/ -->\n<title>N\u00b0 806 Katharina PRIEWASSER - CSF - HOG<\/title>\n<meta name=\"description\" content=\"%\" \/>\n<meta name=\"robots\" content=\"index, follow, max-snippet:-1, max-image-preview:large, max-video-preview:-1\" \/>\n<link rel=\"canonical\" href=\"https:\/\/www.coeurssansfrontieres.com\/fr\/recherches\/n-806-katharina-priewasser\/\" \/>\n<meta property=\"og:locale\" content=\"fr_FR\" \/>\n<meta property=\"og:type\" content=\"article\" \/>\n<meta property=\"og:title\" content=\"N\u00b0 806 Katharina PRIEWASSER - CSF - HOG\" \/>\n<meta property=\"og:description\" content=\"%\" \/>\n<meta property=\"og:url\" content=\"https:\/\/www.coeurssansfrontieres.com\/fr\/recherches\/n-806-katharina-priewasser\/\" \/>\n<meta property=\"og:site_name\" content=\"CSF - HOG\" \/>\n<meta property=\"article:published_time\" content=\"2021-04-30T13:56:14+00:00\" \/>\n<meta property=\"article:modified_time\" content=\"2021-08-23T09:01:14+00:00\" \/>\n<meta property=\"og:image\" content=\"https:\/\/www.coeurssansfrontieres.com\/wp-content\/uploads\/2021\/04\/Vignette-Andre-LEBLOND-1943.jpg\" \/>\n\t<meta property=\"og:image:width\" content=\"200\" \/>\n\t<meta property=\"og:image:height\" content=\"200\" \/>\n\t<meta property=\"og:image:type\" content=\"image\/jpeg\" \/>\n<meta name=\"author\" content=\"GOFFIN Alexandre\" \/>\n<meta name=\"twitter:card\" content=\"summary_large_image\" \/>\n<meta name=\"twitter:label1\" content=\"\u00c9crit par\" \/>\n\t<meta name=\"twitter:data1\" content=\"GOFFIN Alexandre\" \/>\n\t<meta name=\"twitter:label2\" content=\"Dur\u00e9e de lecture estim\u00e9e\" \/>\n\t<meta name=\"twitter:data2\" content=\"5 minutes\" \/>\n<script type=\"application\/ld+json\" class=\"yoast-schema-graph\">{\"@context\":\"https:\\\/\\\/schema.org\",\"@graph\":[{\"@type\":\"Article\",\"@id\":\"https:\\\/\\\/www.coeurssansfrontieres.com\\\/fr\\\/recherches\\\/n-806-katharina-priewasser\\\/#article\",\"isPartOf\":{\"@id\":\"https:\\\/\\\/www.coeurssansfrontieres.com\\\/fr\\\/recherches\\\/n-806-katharina-priewasser\\\/\"},\"author\":{\"name\":\"GOFFIN Alexandre\",\"@id\":\"https:\\\/\\\/www.coeurssansfrontieres.com\\\/fr\\\/#\\\/schema\\\/person\\\/19507754554eb5218427fc31038cac56\"},\"headline\":\"N\u00b0 806 Katharina PRIEWASSER\",\"datePublished\":\"2021-04-30T13:56:14+00:00\",\"dateModified\":\"2021-08-23T09:01:14+00:00\",\"mainEntityOfPage\":{\"@id\":\"https:\\\/\\\/www.coeurssansfrontieres.com\\\/fr\\\/recherches\\\/n-806-katharina-priewasser\\\/\"},\"wordCount\":2243,\"image\":{\"@id\":\"https:\\\/\\\/www.coeurssansfrontieres.com\\\/fr\\\/recherches\\\/n-806-katharina-priewasser\\\/#primaryimage\"},\"thumbnailUrl\":\"https:\\\/\\\/www.coeurssansfrontieres.com\\\/wp-content\\\/uploads\\\/2021\\\/04\\\/Vignette-Andre-LEBLOND-1943.jpg\",\"articleSection\":[\"Recherches\",\"Recherches en cours\"],\"inLanguage\":\"fr-FR\"},{\"@type\":\"WebPage\",\"@id\":\"https:\\\/\\\/www.coeurssansfrontieres.com\\\/fr\\\/recherches\\\/n-806-katharina-priewasser\\\/\",\"url\":\"https:\\\/\\\/www.coeurssansfrontieres.com\\\/fr\\\/recherches\\\/n-806-katharina-priewasser\\\/\",\"name\":\"N\u00b0 806 Katharina PRIEWASSER - CSF - HOG\",\"isPartOf\":{\"@id\":\"https:\\\/\\\/www.coeurssansfrontieres.com\\\/fr\\\/#website\"},\"primaryImageOfPage\":{\"@id\":\"https:\\\/\\\/www.coeurssansfrontieres.com\\\/fr\\\/recherches\\\/n-806-katharina-priewasser\\\/#primaryimage\"},\"image\":{\"@id\":\"https:\\\/\\\/www.coeurssansfrontieres.com\\\/fr\\\/recherches\\\/n-806-katharina-priewasser\\\/#primaryimage\"},\"thumbnailUrl\":\"https:\\\/\\\/www.coeurssansfrontieres.com\\\/wp-content\\\/uploads\\\/2021\\\/04\\\/Vignette-Andre-LEBLOND-1943.jpg\",\"datePublished\":\"2021-04-30T13:56:14+00:00\",\"dateModified\":\"2021-08-23T09:01:14+00:00\",\"author\":{\"@id\":\"https:\\\/\\\/www.coeurssansfrontieres.com\\\/fr\\\/#\\\/schema\\\/person\\\/19507754554eb5218427fc31038cac56\"},\"description\":\"%\",\"breadcrumb\":{\"@id\":\"https:\\\/\\\/www.coeurssansfrontieres.com\\\/fr\\\/recherches\\\/n-806-katharina-priewasser\\\/#breadcrumb\"},\"inLanguage\":\"fr-FR\",\"potentialAction\":[{\"@type\":\"ReadAction\",\"target\":[\"https:\\\/\\\/www.coeurssansfrontieres.com\\\/fr\\\/recherches\\\/n-806-katharina-priewasser\\\/\"]}]},{\"@type\":\"ImageObject\",\"inLanguage\":\"fr-FR\",\"@id\":\"https:\\\/\\\/www.coeurssansfrontieres.com\\\/fr\\\/recherches\\\/n-806-katharina-priewasser\\\/#primaryimage\",\"url\":\"https:\\\/\\\/www.coeurssansfrontieres.com\\\/wp-content\\\/uploads\\\/2021\\\/04\\\/Vignette-Andre-LEBLOND-1943.jpg\",\"contentUrl\":\"https:\\\/\\\/www.coeurssansfrontieres.com\\\/wp-content\\\/uploads\\\/2021\\\/04\\\/Vignette-Andre-LEBLOND-1943.jpg\",\"width\":200,\"height\":200},{\"@type\":\"BreadcrumbList\",\"@id\":\"https:\\\/\\\/www.coeurssansfrontieres.com\\\/fr\\\/recherches\\\/n-806-katharina-priewasser\\\/#breadcrumb\",\"itemListElement\":[{\"@type\":\"ListItem\",\"position\":1,\"name\":\"Accueil\",\"item\":\"https:\\\/\\\/www.coeurssansfrontieres.com\\\/fr\\\/\"},{\"@type\":\"ListItem\",\"position\":2,\"name\":\"N\u00b0 806 Katharina PRIEWASSER\"}]},{\"@type\":\"WebSite\",\"@id\":\"https:\\\/\\\/www.coeurssansfrontieres.com\\\/fr\\\/#website\",\"url\":\"https:\\\/\\\/www.coeurssansfrontieres.com\\\/fr\\\/\",\"name\":\"C\u0153urs sans fronti\u00e8res\",\"description\":\"Association franco-allemande des Enfants de la Seconde Guerre Mondiale\",\"potentialAction\":[{\"@type\":\"SearchAction\",\"target\":{\"@type\":\"EntryPoint\",\"urlTemplate\":\"https:\\\/\\\/www.coeurssansfrontieres.com\\\/fr\\\/?s={search_term_string}\"},\"query-input\":{\"@type\":\"PropertyValueSpecification\",\"valueRequired\":true,\"valueName\":\"search_term_string\"}}],\"inLanguage\":\"fr-FR\"},{\"@type\":\"Person\",\"@id\":\"https:\\\/\\\/www.coeurssansfrontieres.com\\\/fr\\\/#\\\/schema\\\/person\\\/19507754554eb5218427fc31038cac56\",\"name\":\"GOFFIN Alexandre\"}]}<\/script>\n<!-- \/ Yoast SEO plugin. -->","yoast_head_json":{"title":"N\u00b0 806 Katharina PRIEWASSER - CSF - HOG","description":"%","robots":{"index":"index","follow":"follow","max-snippet":"max-snippet:-1","max-image-preview":"max-image-preview:large","max-video-preview":"max-video-preview:-1"},"canonical":"https:\/\/www.coeurssansfrontieres.com\/fr\/recherches\/n-806-katharina-priewasser\/","og_locale":"fr_FR","og_type":"article","og_title":"N\u00b0 806 Katharina PRIEWASSER - CSF - HOG","og_description":"%","og_url":"https:\/\/www.coeurssansfrontieres.com\/fr\/recherches\/n-806-katharina-priewasser\/","og_site_name":"CSF - HOG","article_published_time":"2021-04-30T13:56:14+00:00","article_modified_time":"2021-08-23T09:01:14+00:00","og_image":[{"width":200,"height":200,"url":"https:\/\/www.coeurssansfrontieres.com\/wp-content\/uploads\/2021\/04\/Vignette-Andre-LEBLOND-1943.jpg","type":"image\/jpeg"}],"author":"GOFFIN Alexandre","twitter_card":"summary_large_image","twitter_misc":{"\u00c9crit par":"GOFFIN Alexandre","Dur\u00e9e de lecture estim\u00e9e":"5 minutes"},"schema":{"@context":"https:\/\/schema.org","@graph":[{"@type":"Article","@id":"https:\/\/www.coeurssansfrontieres.com\/fr\/recherches\/n-806-katharina-priewasser\/#article","isPartOf":{"@id":"https:\/\/www.coeurssansfrontieres.com\/fr\/recherches\/n-806-katharina-priewasser\/"},"author":{"name":"GOFFIN Alexandre","@id":"https:\/\/www.coeurssansfrontieres.com\/fr\/#\/schema\/person\/19507754554eb5218427fc31038cac56"},"headline":"N\u00b0 806 Katharina PRIEWASSER","datePublished":"2021-04-30T13:56:14+00:00","dateModified":"2021-08-23T09:01:14+00:00","mainEntityOfPage":{"@id":"https:\/\/www.coeurssansfrontieres.com\/fr\/recherches\/n-806-katharina-priewasser\/"},"wordCount":2243,"image":{"@id":"https:\/\/www.coeurssansfrontieres.com\/fr\/recherches\/n-806-katharina-priewasser\/#primaryimage"},"thumbnailUrl":"https:\/\/www.coeurssansfrontieres.com\/wp-content\/uploads\/2021\/04\/Vignette-Andre-LEBLOND-1943.jpg","articleSection":["Recherches","Recherches en cours"],"inLanguage":"fr-FR"},{"@type":"WebPage","@id":"https:\/\/www.coeurssansfrontieres.com\/fr\/recherches\/n-806-katharina-priewasser\/","url":"https:\/\/www.coeurssansfrontieres.com\/fr\/recherches\/n-806-katharina-priewasser\/","name":"N\u00b0 806 Katharina PRIEWASSER - CSF - HOG","isPartOf":{"@id":"https:\/\/www.coeurssansfrontieres.com\/fr\/#website"},"primaryImageOfPage":{"@id":"https:\/\/www.coeurssansfrontieres.com\/fr\/recherches\/n-806-katharina-priewasser\/#primaryimage"},"image":{"@id":"https:\/\/www.coeurssansfrontieres.com\/fr\/recherches\/n-806-katharina-priewasser\/#primaryimage"},"thumbnailUrl":"https:\/\/www.coeurssansfrontieres.com\/wp-content\/uploads\/2021\/04\/Vignette-Andre-LEBLOND-1943.jpg","datePublished":"2021-04-30T13:56:14+00:00","dateModified":"2021-08-23T09:01:14+00:00","author":{"@id":"https:\/\/www.coeurssansfrontieres.com\/fr\/#\/schema\/person\/19507754554eb5218427fc31038cac56"},"description":"%","breadcrumb":{"@id":"https:\/\/www.coeurssansfrontieres.com\/fr\/recherches\/n-806-katharina-priewasser\/#breadcrumb"},"inLanguage":"fr-FR","potentialAction":[{"@type":"ReadAction","target":["https:\/\/www.coeurssansfrontieres.com\/fr\/recherches\/n-806-katharina-priewasser\/"]}]},{"@type":"ImageObject","inLanguage":"fr-FR","@id":"https:\/\/www.coeurssansfrontieres.com\/fr\/recherches\/n-806-katharina-priewasser\/#primaryimage","url":"https:\/\/www.coeurssansfrontieres.com\/wp-content\/uploads\/2021\/04\/Vignette-Andre-LEBLOND-1943.jpg","contentUrl":"https:\/\/www.coeurssansfrontieres.com\/wp-content\/uploads\/2021\/04\/Vignette-Andre-LEBLOND-1943.jpg","width":200,"height":200},{"@type":"BreadcrumbList","@id":"https:\/\/www.coeurssansfrontieres.com\/fr\/recherches\/n-806-katharina-priewasser\/#breadcrumb","itemListElement":[{"@type":"ListItem","position":1,"name":"Accueil","item":"https:\/\/www.coeurssansfrontieres.com\/fr\/"},{"@type":"ListItem","position":2,"name":"N\u00b0 806 Katharina PRIEWASSER"}]},{"@type":"WebSite","@id":"https:\/\/www.coeurssansfrontieres.com\/fr\/#website","url":"https:\/\/www.coeurssansfrontieres.com\/fr\/","name":"C\u0153urs sans fronti\u00e8res","description":"Association franco-allemande des Enfants de la Seconde Guerre Mondiale","potentialAction":[{"@type":"SearchAction","target":{"@type":"EntryPoint","urlTemplate":"https:\/\/www.coeurssansfrontieres.com\/fr\/?s={search_term_string}"},"query-input":{"@type":"PropertyValueSpecification","valueRequired":true,"valueName":"search_term_string"}}],"inLanguage":"fr-FR"},{"@type":"Person","@id":"https:\/\/www.coeurssansfrontieres.com\/fr\/#\/schema\/person\/19507754554eb5218427fc31038cac56","name":"GOFFIN Alexandre"}]}},"_links":{"self":[{"href":"https:\/\/www.coeurssansfrontieres.com\/fr\/wp-json\/wp\/v2\/posts\/18700","targetHints":{"allow":["GET"]}}],"collection":[{"href":"https:\/\/www.coeurssansfrontieres.com\/fr\/wp-json\/wp\/v2\/posts"}],"about":[{"href":"https:\/\/www.coeurssansfrontieres.com\/fr\/wp-json\/wp\/v2\/types\/post"}],"author":[{"embeddable":true,"href":"https:\/\/www.coeurssansfrontieres.com\/fr\/wp-json\/wp\/v2\/users\/249"}],"replies":[{"embeddable":true,"href":"https:\/\/www.coeurssansfrontieres.com\/fr\/wp-json\/wp\/v2\/comments?post=18700"}],"version-history":[{"count":0,"href":"https:\/\/www.coeurssansfrontieres.com\/fr\/wp-json\/wp\/v2\/posts\/18700\/revisions"}],"wp:featuredmedia":[{"embeddable":true,"href":"https:\/\/www.coeurssansfrontieres.com\/fr\/wp-json\/wp\/v2\/media\/18708"}],"wp:attachment":[{"href":"https:\/\/www.coeurssansfrontieres.com\/fr\/wp-json\/wp\/v2\/media?parent=18700"}],"wp:term":[{"taxonomy":"category","embeddable":true,"href":"https:\/\/www.coeurssansfrontieres.com\/fr\/wp-json\/wp\/v2\/categories?post=18700"},{"taxonomy":"post_tag","embeddable":true,"href":"https:\/\/www.coeurssansfrontieres.com\/fr\/wp-json\/wp\/v2\/tags?post=18700"}],"curies":[{"name":"wp","href":"https:\/\/api.w.org\/{rel}","templated":true}]}}