{"id":22261,"date":"2022-06-25T15:55:56","date_gmt":"2022-06-25T13:55:56","guid":{"rendered":"https:\/\/www.coeurssansfrontieres.com\/?p=22261"},"modified":"2022-07-04T16:19:34","modified_gmt":"2022-07-04T14:19:34","slug":"etranges-particularites-des-francais","status":"publish","type":"post","link":"https:\/\/www.coeurssansfrontieres.com\/fr\/documents\/etranges-particularites-des-francais\/","title":{"rendered":"Etranges particularit\u00e9s des fran\u00e7ais"},"content":{"rendered":"<p>[et_pb_section fb_built=\u00a0\u00bb1&Prime; custom_padding_last_edited=\u00a0\u00bbon|desktop\u00a0\u00bb admin_label=\u00a0\u00bbsection\u00a0\u00bb _builder_version=\u00a0\u00bb4.17.4&Prime; background_color=\u00a0\u00bb#ffffff\u00a0\u00bb width=\u00a0\u00bb100%\u00a0\u00bb max_width=\u00a0\u00bb100%\u00a0\u00bb module_alignment=\u00a0\u00bbcenter\u00a0\u00bb custom_margin=\u00a0\u00bb-20vh||||false|false\u00a0\u00bb custom_padding=\u00a0\u00bb||||false|false\u00a0\u00bb custom_padding_tablet=\u00a0\u00bb50px|0|50px|0&Prime; custom_padding_phone=\u00a0\u00bb\u00a0\u00bb custom_css_main_element=\u00a0\u00bbwidth : 100%!important;\u00a0\u00bb transparent_background=\u00a0\u00bboff\u00a0\u00bb make_fullwidth=\u00a0\u00bboff\u00a0\u00bb use_custom_width=\u00a0\u00bboff\u00a0\u00bb width_unit=\u00a0\u00bbon\u00a0\u00bb locked=\u00a0\u00bboff\u00a0\u00bb global_colors_info=\u00a0\u00bb{}\u00a0\u00bb][et_pb_row _builder_version=\u00a0\u00bb4.17.4&Prime; _module_preset=\u00a0\u00bbdefault\u00a0\u00bb custom_padding=\u00a0\u00bb1vh|1vw|1vh|1vw|false|false\u00a0\u00bb border_radii=\u00a0\u00bbon|25px|25px|25px|25px\u00a0\u00bb border_color_all=\u00a0\u00bb#A55BA6&Prime; global_colors_info=\u00a0\u00bb{}\u00a0\u00bb][et_pb_column type=\u00a0\u00bb4_4&Prime; _builder_version=\u00a0\u00bb4.17.4&Prime; _module_preset=\u00a0\u00bbdefault\u00a0\u00bb global_colors_info=\u00a0\u00bb{}\u00a0\u00bb][et_pb_text _builder_version=\u00a0\u00bb4.17.4&Prime; _module_preset=\u00a0\u00bbdefault\u00a0\u00bb text_font=\u00a0\u00bb|700|||||||\u00a0\u00bb text_text_color=\u00a0\u00bb#A55BA6&Prime; text_font_size=\u00a0\u00bb28px\u00a0\u00bb text_line_height=\u00a0\u00bb1.6em\u00a0\u00bb header_font=\u00a0\u00bb|700|||||||\u00a0\u00bb header_text_align=\u00a0\u00bbcenter\u00a0\u00bb header_font_size=\u00a0\u00bb1.3rem\u00a0\u00bb header_4_text_align=\u00a0\u00bbcenter\u00a0\u00bb header_4_font_size=\u00a0\u00bb14px\u00a0\u00bb background_color=\u00a0\u00bb#f2e3ef\u00a0\u00bb background_size=\u00a0\u00bbinitial\u00a0\u00bb background_position=\u00a0\u00bbtop_left\u00a0\u00bb background_repeat=\u00a0\u00bbrepeat\u00a0\u00bb text_orientation=\u00a0\u00bbcenter\u00a0\u00bb custom_margin=\u00a0\u00bb||||false|false\u00a0\u00bb custom_padding=\u00a0\u00bb20px|20px|20px|20px|false|false\u00a0\u00bb text_text_shadow_style=\u00a0\u00bbpreset2&Prime; header_text_shadow_style=\u00a0\u00bbpreset2&Prime; border_radii=\u00a0\u00bbon|25px|25px|25px|25px\u00a0\u00bb border_width_all=\u00a0\u00bb1px\u00a0\u00bb border_color_all=\u00a0\u00bb#A55BA6&Prime; box_shadow_style=\u00a0\u00bbpreset2&Prime; global_colors_info=\u00a0\u00bb{}\u00a0\u00bb]<\/p>\n<p style=\"text-align: center;\">Etranges particularit\u00e9s des Fran\u00e7ais<\/p>\n<p>[\/et_pb_text][et_pb_text disabled_on=\u00a0\u00bbon|on|on\u00a0\u00bb _builder_version=\u00a0\u00bb4.17.4&Prime; _module_preset=\u00a0\u00bbdefault\u00a0\u00bb text_font=\u00a0\u00bb|700|||||||\u00a0\u00bb text_text_color=\u00a0\u00bb#A55BA6&Prime; text_font_size=\u00a0\u00bb28px\u00a0\u00bb text_line_height=\u00a0\u00bb1.6em\u00a0\u00bb header_font=\u00a0\u00bb|700|||||||\u00a0\u00bb header_text_align=\u00a0\u00bbcenter\u00a0\u00bb header_font_size=\u00a0\u00bb1.3rem\u00a0\u00bb header_4_text_align=\u00a0\u00bbcenter\u00a0\u00bb header_4_font_size=\u00a0\u00bb14px\u00a0\u00bb background_color=\u00a0\u00bb#f2e3ef\u00a0\u00bb background_size=\u00a0\u00bbinitial\u00a0\u00bb background_position=\u00a0\u00bbtop_left\u00a0\u00bb background_repeat=\u00a0\u00bbrepeat\u00a0\u00bb text_orientation=\u00a0\u00bbcenter\u00a0\u00bb custom_margin=\u00a0\u00bb||||false|false\u00a0\u00bb custom_padding=\u00a0\u00bb20px|20px|20px|20px|false|false\u00a0\u00bb text_text_shadow_style=\u00a0\u00bbpreset2&Prime; header_text_shadow_style=\u00a0\u00bbpreset2&Prime; border_radii=\u00a0\u00bbon|25px|25px|25px|25px\u00a0\u00bb border_width_all=\u00a0\u00bb1px\u00a0\u00bb border_color_all=\u00a0\u00bb#A55BA6&Prime; box_shadow_style=\u00a0\u00bbpreset2&Prime; disabled=\u00a0\u00bbon\u00a0\u00bb global_colors_info=\u00a0\u00bb{}\u00a0\u00bb]<\/p>\n<p style=\"text-align: center;\">Seltsame Eigenheiten der Franzosen<\/p>\n<p>[\/et_pb_text][et_pb_text _builder_version=\u00a0\u00bb4.17.4&Prime; _module_preset=\u00a0\u00bbdefault\u00a0\u00bb text_font=\u00a0\u00bb||||||||\u00a0\u00bb text_text_color=\u00a0\u00bb#000000&Prime; text_font_size=\u00a0\u00bb17px\u00a0\u00bb text_line_height=\u00a0\u00bb1.6em\u00a0\u00bb header_font=\u00a0\u00bb|700|||||||\u00a0\u00bb header_text_align=\u00a0\u00bbleft\u00a0\u00bb header_font_size=\u00a0\u00bb1.6rem\u00a0\u00bb header_line_height=\u00a0\u00bb1.3em\u00a0\u00bb header_4_font=\u00a0\u00bb|700|||||||\u00a0\u00bb header_4_text_align=\u00a0\u00bbcenter\u00a0\u00bb header_4_font_size=\u00a0\u00bb16px\u00a0\u00bb header_4_line_height=\u00a0\u00bb1.6em\u00a0\u00bb background_color=\u00a0\u00bb#f2e3ef\u00a0\u00bb background_size=\u00a0\u00bbinitial\u00a0\u00bb background_position=\u00a0\u00bbtop_left\u00a0\u00bb background_repeat=\u00a0\u00bbrepeat\u00a0\u00bb text_orientation=\u00a0\u00bbjustified\u00a0\u00bb custom_margin=\u00a0\u00bb||||false|false\u00a0\u00bb custom_padding=\u00a0\u00bb20px|20px|20px|20px|false|false\u00a0\u00bb text_text_shadow_style=\u00a0\u00bbpreset2&Prime; header_text_shadow_style=\u00a0\u00bbpreset2&Prime; border_radii=\u00a0\u00bbon|25px|25px|25px|25px\u00a0\u00bb border_width_all=\u00a0\u00bb1px\u00a0\u00bb border_color_all=\u00a0\u00bb#A55BA6&Prime; box_shadow_style=\u00a0\u00bbpreset2&Prime; global_colors_info=\u00a0\u00bb{}\u00a0\u00bb]<\/p>\n<p style=\"text-align: left;\"><em>Retrouver ses racines manquantes est un bel accomplissement mais ensuite assimiler cette nouvelle culture, parfois si diff\u00e9rente, que ces racines retrouv\u00e9es nous am\u00e8nent, est une aventure pleine de surprises.<br \/>Avec courage et t\u00e9nacit\u00e9, Meggie s\u2019efforce de s\u2019approprier la culture de son pays paternel, d\u2019apprendre la langue, les habitudes, les go\u00fbts culinaires \u2026<\/em><br \/><em>A nouveau Meggie nous confie un texte qu\u2019elle a cette fois eu le courage de r\u00e9diger directement en fran\u00e7ais pour ensuite seulement en faire une version en allemand. C\u2019est son v\u00e9cu r\u00e9cent que Meggie exprime ici sans tabous mais avec tant d\u2019humour.<br \/>Pour pr\u00e9server toute la saveur de l\u2019\u00e9criture de Meggie, nous n\u2019avons pas voulu modifier son texte.<\/em><\/p>\n<p>&nbsp;<\/p>\n<h4 style=\"text-align: center;\"><span style=\"font-size: 12pt;\">Bravo\u00a0 et Merci Meggie<\/span><\/h4>\n<h4 style=\"text-align: center;\"><span style=\"font-size: 12pt;\"><em>Sur le c\u00f4t\u00e9 il y a des liens vers d\u2019autres textes que Meggie nous a d\u00e9j\u00e0 confi\u00e9s.<\/em><\/span><\/h4>\n<p>[\/et_pb_text][et_pb_text disabled_on=\u00a0\u00bbon|on|on\u00a0\u00bb _builder_version=\u00a0\u00bb4.17.4&Prime; _module_preset=\u00a0\u00bbdefault\u00a0\u00bb text_font=\u00a0\u00bb||||||||\u00a0\u00bb text_text_color=\u00a0\u00bb#000000&Prime; text_font_size=\u00a0\u00bb17px\u00a0\u00bb text_line_height=\u00a0\u00bb1.6em\u00a0\u00bb header_font=\u00a0\u00bb|700|||||||\u00a0\u00bb header_text_align=\u00a0\u00bbleft\u00a0\u00bb header_font_size=\u00a0\u00bb1.6rem\u00a0\u00bb header_line_height=\u00a0\u00bb1.3em\u00a0\u00bb header_4_font=\u00a0\u00bb|700|||||||\u00a0\u00bb header_4_text_align=\u00a0\u00bbcenter\u00a0\u00bb header_4_font_size=\u00a0\u00bb16px\u00a0\u00bb header_4_line_height=\u00a0\u00bb1.6em\u00a0\u00bb background_color=\u00a0\u00bb#f2e3ef\u00a0\u00bb background_size=\u00a0\u00bbinitial\u00a0\u00bb background_position=\u00a0\u00bbtop_left\u00a0\u00bb background_repeat=\u00a0\u00bbrepeat\u00a0\u00bb text_orientation=\u00a0\u00bbjustified\u00a0\u00bb custom_margin=\u00a0\u00bb||||false|false\u00a0\u00bb custom_padding=\u00a0\u00bb20px|20px|20px|20px|false|false\u00a0\u00bb text_text_shadow_style=\u00a0\u00bbpreset2&Prime; header_text_shadow_style=\u00a0\u00bbpreset2&Prime; border_radii=\u00a0\u00bbon|25px|25px|25px|25px\u00a0\u00bb border_width_all=\u00a0\u00bb1px\u00a0\u00bb border_color_all=\u00a0\u00bb#A55BA6&Prime; box_shadow_style=\u00a0\u00bbpreset2&Prime; disabled=\u00a0\u00bbon\u00a0\u00bb global_colors_info=\u00a0\u00bb{}\u00a0\u00bb]<\/p>\n<p style=\"text-align: left;\">Seine fehlenden Wurzeln wiederzufinden ist eine sch\u00f6ne Leistung, aber zu beginnen, diese manchmal so andersartige Kultur, die diese Wurzeln mit sich bringen, zu assimilieren, ist ein Abenteuer voller \u00dcberraschungen. Wieder vertraut uns Meggie einen Text an, in dem sie ihre Erlebnisse ohne Tabus, aber mit viel Humor zum Ausdruck bringt.<\/p>\n<p>&nbsp;<\/p>\n<h4 style=\"text-align: center;\">Danke, Meggie<\/h4>\n<h4 style=\"text-align: center;\">An der Seite gibt es Links zu anderen Texten, die Meggie uns bereits anvertraut hat.<\/h4>\n<p>[\/et_pb_text][\/et_pb_column][\/et_pb_row][et_pb_row column_structure=\u00a0\u00bb1_3,1_3,1_3&Prime; _builder_version=\u00a0\u00bb4.17.4&Prime; _module_preset=\u00a0\u00bbdefault\u00a0\u00bb custom_css_main_element=\u00a0\u00bbwidth:100%!important;\u00a0\u00bb global_colors_info=\u00a0\u00bb{}\u00a0\u00bb][et_pb_column type=\u00a0\u00bb1_3&Prime; _builder_version=\u00a0\u00bb4.17.4&Prime; _module_preset=\u00a0\u00bbdefault\u00a0\u00bb global_colors_info=\u00a0\u00bb{}\u00a0\u00bb][et_pb_image src=\u00a0\u00bbhttps:\/\/www.coeurssansfrontieres.com\/wp-content\/uploads\/2022\/06\/meggie-bretagne-02.jpg\u00a0\u00bb title_text=\u00a0\u00bbmeggie bretagne 02&Prime; _builder_version=\u00a0\u00bb4.17.4&Prime; _module_preset=\u00a0\u00bbdefault\u00a0\u00bb global_colors_info=\u00a0\u00bb{}\u00a0\u00bb][\/et_pb_image][\/et_pb_column][et_pb_column type=\u00a0\u00bb1_3&Prime; _builder_version=\u00a0\u00bb4.17.4&Prime; _module_preset=\u00a0\u00bbdefault\u00a0\u00bb global_colors_info=\u00a0\u00bb{}\u00a0\u00bb][et_pb_image src=\u00a0\u00bbhttps:\/\/www.coeurssansfrontieres.com\/wp-content\/uploads\/2022\/06\/IMG_0403_b.jpg\u00a0\u00bb title_text=\u00a0\u00bbIMG_0403_b\u00a0\u00bb _builder_version=\u00a0\u00bb4.17.4&Prime; _module_preset=\u00a0\u00bbdefault\u00a0\u00bb global_colors_info=\u00a0\u00bb{}\u00a0\u00bb][\/et_pb_image][\/et_pb_column][et_pb_column type=\u00a0\u00bb1_3&Prime; _builder_version=\u00a0\u00bb4.17.4&Prime; _module_preset=\u00a0\u00bbdefault\u00a0\u00bb global_colors_info=\u00a0\u00bb{}\u00a0\u00bb][et_pb_image src=\u00a0\u00bbhttps:\/\/www.coeurssansfrontieres.com\/wp-content\/uploads\/2022\/06\/IMG_0412_b.jpg\u00a0\u00bb title_text=\u00a0\u00bbIMG_0412_b\u00a0\u00bb _builder_version=\u00a0\u00bb4.17.4&Prime; _module_preset=\u00a0\u00bbdefault\u00a0\u00bb global_colors_info=\u00a0\u00bb{}\u00a0\u00bb][\/et_pb_image][\/et_pb_column][\/et_pb_row][et_pb_row column_structure=\u00a0\u00bb1_3,1_3,1_3&Prime; use_custom_gutter=\u00a0\u00bbon\u00a0\u00bb gutter_width=\u00a0\u00bb2&Prime; make_equal=\u00a0\u00bbon\u00a0\u00bb _builder_version=\u00a0\u00bb4.17.4&Prime; _module_preset=\u00a0\u00bbdefault\u00a0\u00bb width=\u00a0\u00bb100%\u00a0\u00bb max_width=\u00a0\u00bb100%\u00a0\u00bb module_alignment=\u00a0\u00bbcenter\u00a0\u00bb custom_margin=\u00a0\u00bb||||false|false\u00a0\u00bb custom_padding=\u00a0\u00bb|4vw||4vw|false|false\u00a0\u00bb custom_css_main_element=\u00a0\u00bbwidth: 100%!important;||\u00a0\u00bb global_colors_info=\u00a0\u00bb{}\u00a0\u00bb][et_pb_column type=\u00a0\u00bb1_3&Prime; _builder_version=\u00a0\u00bb4.17.4&Prime; _module_preset=\u00a0\u00bbdefault\u00a0\u00bb custom_css_main_element=\u00a0\u00bbwidth : 40%!important;\u00a0\u00bb global_colors_info=\u00a0\u00bb{}\u00a0\u00bb][et_pb_text _builder_version=\u00a0\u00bb4.17.4&Prime; _module_preset=\u00a0\u00bbdefault\u00a0\u00bb text_font_size=\u00a0\u00bb1rem\u00a0\u00bb text_line_height=\u00a0\u00bb1.6em\u00a0\u00bb header_font=\u00a0\u00bb|700|||||||\u00a0\u00bb header_text_align=\u00a0\u00bbcenter\u00a0\u00bb header_text_color=\u00a0\u00bb#A55BA6&Prime; header_font_size=\u00a0\u00bb1.3rem\u00a0\u00bb header_line_height=\u00a0\u00bb1.4em\u00a0\u00bb header_3_font=\u00a0\u00bb|700|||||||\u00a0\u00bb header_3_text_color=\u00a0\u00bb#A55BA6&Prime; header_3_font_size=\u00a0\u00bb20px\u00a0\u00bb header_4_text_align=\u00a0\u00bbcenter\u00a0\u00bb header_4_font_size=\u00a0\u00bb14px\u00a0\u00bb background_color=\u00a0\u00bb#f2e3ef\u00a0\u00bb background_size=\u00a0\u00bbinitial\u00a0\u00bb background_position=\u00a0\u00bbtop_left\u00a0\u00bb background_repeat=\u00a0\u00bbrepeat\u00a0\u00bb custom_margin=\u00a0\u00bb||||false|false\u00a0\u00bb custom_padding=\u00a0\u00bb20px|20px|20px|20px|false|false\u00a0\u00bb header_text_shadow_style=\u00a0\u00bbpreset2&Prime; header_3_text_shadow_style=\u00a0\u00bbpreset2&Prime; border_radii=\u00a0\u00bbon|25px|25px|25px|25px\u00a0\u00bb border_width_all=\u00a0\u00bb1px\u00a0\u00bb border_color_all=\u00a0\u00bb#A55BA6&Prime; box_shadow_style=\u00a0\u00bbpreset2&Prime; global_colors_info=\u00a0\u00bb{}\u00a0\u00bb]<\/p>\n<h3 style=\"text-align: center;\">Un repas avec du poisson en Douarnenez<br \/>ou<br \/>les etranges particularit\u00e9s des francais<br \/>lors de l&rsquo;elaboration du menu du restaurant.<\/h3>\n<p>[\/et_pb_text][et_pb_text _builder_version=\u00a0\u00bb4.17.4&Prime; _module_preset=\u00a0\u00bbdefault\u00a0\u00bb text_font_size=\u00a0\u00bb17px\u00a0\u00bb text_orientation=\u00a0\u00bbjustified\u00a0\u00bb width=\u00a0\u00bb97.8%\u00a0\u00bb global_colors_info=\u00a0\u00bb{}\u00a0\u00bb]<\/p>\n<p>Hubert et moi partons un vir\u00e9e \u00e1 la Pointe du Raz.<br \/>Le jour est couvert, il pleut l\u00e9g\u00e8rement et d\u00b4\u00e9pais nuages gris annoncent de nouvelles pluies. Mon Dieu, j\u00b4esp\u00e8re, que le ciel ne nous tombe pas sur la t\u00eate. Bien s\u00fbr, nous devons faire une pause pour le d\u00e9jeuner, nous sommes en France, et le d\u00e9jeuner est sacr\u00e9 pour les Fran\u00e7ais!<\/p>\n<p>Nous avons trouv\u00e9 un restaurant \u00e1 Douarnenez, connu pour ses plats de poisson et id\u00e9alement situ\u00e9 \u00e1 le port. Mais c\u00b4est mar\u00e9e basse en ce moment, le bateaux sont couch\u00e9s dans la vase, qui est aussi grise et sale comme le ciel. Aucune trace de romance !!!!!<br \/>Le restaurant est sympa, un peu trop inconfortable pour moi, mais&#8230;on dit, que le poisson est tr\u00e8s bon ici. L\u00e0, on s&rsquo;assoit avec un vue sur la vase et des bateaux en position inclin\u00e9e (car la mar\u00e9e est basse) et on attend les choses respectivement les poissons qui viennent l\u00e0. Et ainsi commence une proc\u00e9dure entre Hubert et la serveuse, qui nous\u00a0 est compl\u00e8tement \u00e9tranger \u00e1 nous , les allemands. Une interminable discussion quel vin avec quel poisson, quel vin avec les crustac\u00e9s, quel\u00a0 ap\u00e9ritif pr\u00e9pare le mieux l\u00b4estomac au plaisirs \u00e1 venir, quel vin de telle ou telle r\u00e9gion s\u00b4accorde le mieux.<br \/>Je suis assis compl\u00e8tement envout\u00e9e , le temps s&rsquo;\u00e9tire , mon ventre glisse petit \u00e1 petit en direction de l&rsquo;arri\u00e8re de mon genou et je suis vraiment fascin\u00e9e. Quel effort pour un poisson mort et quelques moules !!!! Les Fran\u00e7ais et leur culture culinaire !!!<br \/>Et puis vient l&rsquo;entr\u00e9e &#8230; un plateau de fruits de mer&#8230;les araign\u00e9es de mer, les huitres, les escargots de mer et autres des cr\u00e9atures similaires. Incroyable qu&rsquo;ils mangent . Je ne veux m\u00eame pas avoir l&rsquo;animal ni dans ma cave sombre ni sur mon assiette . Et donc je me limite aux crevettes et aux coquille Sainte Jacques et pousse ce que je m\u00e9prise en direction d&rsquo;Hubert Il ne comprend plus le monde et se sent confirme dans sa vision, que les Fran\u00e7ais donnent le ton culinaire mondial et que toutes les autres nations sont des philistins culturels. \u00c1 l&rsquo;exception peut -\u00eatre encore des autochtones de Papua nouvelle Guin\u00e9e.<br \/>Eh bien, je peux vivre avec ca. nous terminons notre repas et continuons jusqu&rsquo;\u00e0 la Pointe du Raz.<\/p>\n<p>Toujours sous la bruine et nous partons du parking en direction de \u201e Lands End\u201c respectivement \u201eFrance End\u201c Et pendant , que je me tiens au-dessus de la mer sur les puissants rochers de granit et que je regarde l&rsquo;\u00e9tendue infinie de l\u00b4Atlantique, \u00e9coute le battement des vagues ,qui me racontent leur long voyage dans l&rsquo;immensit\u00e9 de l\u00b4oc\u00e9an , les vagues qui sond inoffensives aujourd&rsquo;hui est pourtant peuvent \u00eatre si sauvages, une br\u00e8che s&rsquo;ouvre dans les nuages et le soleil envoie\u00a0 ses longues \u00e9chasses vers l\u00b4eau et enchante terre et mer. Les cr\u00eates des vagues qui se brisent avec de longs embruns blancs sur le rocher et \u00e9voquent des prismes aux couleur de l&rsquo;arc en ciel dans l&rsquo;air, l&rsquo;Atlantique, qui brille intens\u00e9ment bleu l\u00e0 o\u00f9 le soleil l&#8217;embrasse, les rochers imposants, le phare solitaire,\u00a0 loin dans la mer, qui a brav\u00e9 tant d&rsquo;orages, C\u00b4est magique !!!!<br \/>Je peux comprendre qu&rsquo;on dit, que la Bretagne s&rsquo;appelle le pays des mythes et des contes des f\u00e9es.<\/p>\n<p>Conclusion :\u00a0 je ne comprend pas toujours les m\u0153urs est coutumes des Fran\u00e7ais, mais je comprend la beaut\u00e9 de leur pays et leur fiert\u00e9 de \u00e7a !<\/p>\n<p><strong><em>Meggie Beck<\/em><\/strong><\/p>\n<p>[\/et_pb_text][\/et_pb_column][et_pb_column type=\u00a0\u00bb1_3&Prime; _builder_version=\u00a0\u00bb4.17.4&Prime; _module_preset=\u00a0\u00bbdefault\u00a0\u00bb custom_css_main_element=\u00a0\u00bbwidth : 40%!important;\u00a0\u00bb global_colors_info=\u00a0\u00bb{}\u00a0\u00bb][et_pb_text _builder_version=\u00a0\u00bb4.17.4&Prime; _module_preset=\u00a0\u00bbdefault\u00a0\u00bb text_font_size=\u00a0\u00bb1rem\u00a0\u00bb text_line_height=\u00a0\u00bb1.6em\u00a0\u00bb header_font=\u00a0\u00bb|700|||||||\u00a0\u00bb header_text_align=\u00a0\u00bbcenter\u00a0\u00bb header_text_color=\u00a0\u00bb#A55BA6&Prime; header_font_size=\u00a0\u00bb1.3rem\u00a0\u00bb header_line_height=\u00a0\u00bb1.4em\u00a0\u00bb header_3_font=\u00a0\u00bb|700|||||||\u00a0\u00bb header_3_text_color=\u00a0\u00bb#A55BA6&Prime; header_3_font_size=\u00a0\u00bb20px\u00a0\u00bb header_4_text_align=\u00a0\u00bbcenter\u00a0\u00bb header_4_font_size=\u00a0\u00bb14px\u00a0\u00bb background_color=\u00a0\u00bb#f2e3ef\u00a0\u00bb background_size=\u00a0\u00bbinitial\u00a0\u00bb background_position=\u00a0\u00bbtop_left\u00a0\u00bb background_repeat=\u00a0\u00bbrepeat\u00a0\u00bb custom_margin=\u00a0\u00bb||||false|false\u00a0\u00bb custom_padding=\u00a0\u00bb20px|20px|20px|20px|false|false\u00a0\u00bb header_text_shadow_style=\u00a0\u00bbpreset2&Prime; header_3_text_shadow_style=\u00a0\u00bbpreset2&Prime; border_radii=\u00a0\u00bbon|25px|25px|25px|25px\u00a0\u00bb border_width_all=\u00a0\u00bb1px\u00a0\u00bb border_color_all=\u00a0\u00bb#A55BA6&Prime; box_shadow_style=\u00a0\u00bbpreset2&Prime; global_colors_info=\u00a0\u00bb{}\u00a0\u00bb]<\/p>\n<h3 style=\"text-align: center;\">Ein Fisch &#8211; Essen in Douarnenez<br \/>oder<br \/>Die seltsamen Eigenarten der Franzosen<br \/>bei der Bestellung im Restaurant<\/h3>\n<p>[\/et_pb_text][et_pb_text _builder_version=\u00a0\u00bb4.17.4&Prime; _module_preset=\u00a0\u00bbdefault\u00a0\u00bb text_font_size=\u00a0\u00bb17px\u00a0\u00bb text_orientation=\u00a0\u00bbjustified\u00a0\u00bb width=\u00a0\u00bb97.8%\u00a0\u00bb global_colors_info=\u00a0\u00bb{}\u00a0\u00bb]<\/p>\n<p>Hubert und ich machen einen Ausflug zum \u201ePointe du Raz\u201c.<br \/>Der Tag ist bedeckt, es nieselt und dicke, graue Wolken bedecken den Himmel und k\u00fcndigen weiteren Regen an. Mon Dieu, ich hoffe, der Himmel f\u00e4llt uns nicht auf den Kopf. Nat\u00fcrlich m\u00fcssen wir mittags eine Pause zum Essen machen, das \u201eDejeuner\u201c ist den Franzosen heilig.<\/p>\n<p>Wir finden ein Restaurant in Douarnenez, welches bekannt ist f\u00fcr seine Fischgerichte und idyllisch am Hafen liegt. Aber es ist Ebbe, die Boote liegen im Schlick, der genauso schmutzig und grau ist wie der Himmel. Von Romantik keine Spur.<br \/>Das Restaurant ist nett,mir ein wenig zu unpers\u00f6nlich, aber&#8230;der Fisch soll hier exzellent sein. Da sitzen wir nun , mit Blick auf den Schlick, die Boote in Schr\u00e4glage ( weil Ebbe) und harren der Dinge , respektive der Fische, die da kommen. Und so beginnt ein Prozedere, das uns Deutschen v\u00f6llig fremd ist.<br \/>Eine endlose Diskussion zwischen Hubert und der Kellnerin, welcher Wein zu welchem Fisch, welcher Wein zu welchen Schalentieren, welcher Aperitif bereitet den Magen am besten auf das Essen vor ,welcher Wein aus dieser oder jener Region passt am besten zu diesem oder jenem?!<br \/>Ich sitze v\u00f6llig gebannt daneben, die Zeit dehnt sich, mein Magen rutscht allm\u00e4hlich Richtung Kniekehlen und doch bin fasziniert ! Welch ein Aufwand f\u00fcr einen toten Fisch und ein paar Muscheln. Die Franzosen und ihre Esskultur! Und dann kommt die Vorspeise.<\/p>\n<p>Eine Platte mit Meerestieren&#8230; Seespinnen, Seeschnecken, Austern und anderen \u00e4hnlichen Kreaturen. Unm\u00f6glich f\u00fcr mich zu essen ! Es ist schon erstaunlich, was die Leute hier so zu sich nehmen. Das Getier m\u00f6chte ich weder im dunklen Keller , geschweige denn auf dem Teller haben. Und so beschr\u00e4nke ich mich auf die Crevetten und die Jakobsmuscheln und schiebe das von mir Verschm\u00e4hte in Richtung Hubert. Der versteht die Welt nicht mehr, und denkt wahrscheinlich, das die Franzosen doch den kulinarischen Ton angeben und alle Anderen sind eben Kulturbanausen.<br \/>Vielleicht noch die Ureinwohner von Papua-Neuguinea ( die essen auch alles was da kreucht und fleucht) Na egal , ich kann damit leben.<\/p>\n<p>Wir beenden unsere Mahlzeit, fahren weiter zum \u201ePointe du Raz\u201c, immer noch im Nieselregen und machen uns vom Parkplatz aus auf den Weg Richtung \u201eLands End\u201c respektive \u201e France End\u201c Und w\u00e4hrend ich hoch \u00fcber dem Meer auf den Granitfelsen stehe und auf die Weite des Atlantiks schaue, dem Schlagen der Wellen auf die Felsen lausche,die mir von ihrer langen Reise \u00fcber das unendliche Meer erz\u00e4hlen, \u00f6ffnet sich eine L\u00fccke in den Wolken, die Sonne sendet ihre langen Stelzen bis zum Wasser und verzaubert Land und Meer. Die K\u00e4mme der Wellen , die mit langer, wei\u00dfer Gischt am Felsen brechen und Prismen in Regenbogenfarben in die Luft zaubern, der Atlantik, der dort, wo die Sonne ihn k\u00fcsst, intensiv blau leuchtet, die imposanten Felsen, der einsame Leuchtturm, weit drau\u00dfen im Meer, der jedem Sturm trotzt. Es ist magisch !<br \/>Ich kann verstehen, dass die Bretagne das Land der Mythen und M\u00e4rchen genannt wird.<\/p>\n<p>Fazit : Ich verstehe nicht immer Sitten und Gebr\u00e4uche der Franzosen, aber ich verstehe die Sch\u00f6nheit ihres Landes und ihren Stolz darauf !<\/p>\n<p><strong><em>Meggie Beck<\/em><\/strong><\/p>\n<p>[\/et_pb_text][\/et_pb_column][et_pb_column type=\u00a0\u00bb1_3&Prime; _builder_version=\u00a0\u00bb4.17.4&Prime; _module_preset=\u00a0\u00bbdefault\u00a0\u00bb background_color=\u00a0\u00bbrgba(165,91,166,0.38)\u00a0\u00bb custom_css_main_element=\u00a0\u00bbwidth : 20%!important;\u00a0\u00bb border_radii=\u00a0\u00bbon|25px|25px|25px|25px\u00a0\u00bb border_width_all=\u00a0\u00bb2px\u00a0\u00bb border_color_all=\u00a0\u00bb#A55BA6&Prime; global_colors_info=\u00a0\u00bb{}\u00a0\u00bb][et_pb_image src=\u00a0\u00bbhttps:\/\/www.coeurssansfrontieres.com\/wp-content\/uploads\/2017\/06\/Meggie-Beck.jpg\u00a0\u00bb title_text=\u00a0\u00bbMeggie Beck\u00a0\u00bb align=\u00a0\u00bbcenter\u00a0\u00bb _builder_version=\u00a0\u00bb4.17.4&Prime; _module_preset=\u00a0\u00bbdefault\u00a0\u00bb width=\u00a0\u00bb65%\u00a0\u00bb max_width=\u00a0\u00bb65%\u00a0\u00bb custom_margin=\u00a0\u00bb6vh||||false|false\u00a0\u00bb border_radii=\u00a0\u00bbon|50px|50px|50px|50px\u00a0\u00bb box_shadow_style=\u00a0\u00bbpreset4&Prime; global_colors_info=\u00a0\u00bb{}\u00a0\u00bb][\/et_pb_image][et_pb_text _builder_version=\u00a0\u00bb4.17.4&Prime; _module_preset=\u00a0\u00bbdefault\u00a0\u00bb text_font_size=\u00a0\u00bb1rem\u00a0\u00bb text_line_height=\u00a0\u00bb1.6em\u00a0\u00bb header_font=\u00a0\u00bb|700|||||||\u00a0\u00bb header_text_align=\u00a0\u00bbcenter\u00a0\u00bb header_font_size=\u00a0\u00bb0.8rem\u00a0\u00bb header_4_text_align=\u00a0\u00bbcenter\u00a0\u00bb header_4_font_size=\u00a0\u00bb14px\u00a0\u00bb background_color=\u00a0\u00bb#f2e3ef\u00a0\u00bb background_size=\u00a0\u00bbinitial\u00a0\u00bb background_position=\u00a0\u00bbtop_left\u00a0\u00bb background_repeat=\u00a0\u00bbrepeat\u00a0\u00bb custom_margin=\u00a0\u00bb||1vh||false|false\u00a0\u00bb custom_padding=\u00a0\u00bb1vh||||false|false\u00a0\u00bb header_text_shadow_style=\u00a0\u00bbpreset2&Prime; border_radii=\u00a0\u00bbon|25px|25px|25px|25px\u00a0\u00bb border_width_all=\u00a0\u00bb1px\u00a0\u00bb border_color_all=\u00a0\u00bb#A55BA6&Prime; box_shadow_style=\u00a0\u00bbpreset2&Prime; global_colors_info=\u00a0\u00bb{}\u00a0\u00bb]<\/p>\n<h1>Autres textes de Meggie Beck<\/h1>\n<p>[\/et_pb_text][et_pb_text disabled_on=\u00a0\u00bbon|on|on\u00a0\u00bb _builder_version=\u00a0\u00bb4.17.4&Prime; _module_preset=\u00a0\u00bbdefault\u00a0\u00bb text_font_size=\u00a0\u00bb1rem\u00a0\u00bb text_line_height=\u00a0\u00bb1.6em\u00a0\u00bb header_font=\u00a0\u00bb|700|||||||\u00a0\u00bb header_text_align=\u00a0\u00bbcenter\u00a0\u00bb header_font_size=\u00a0\u00bb0.8rem\u00a0\u00bb header_4_text_align=\u00a0\u00bbcenter\u00a0\u00bb header_4_font_size=\u00a0\u00bb14px\u00a0\u00bb background_color=\u00a0\u00bb#f2e3ef\u00a0\u00bb background_size=\u00a0\u00bbinitial\u00a0\u00bb background_position=\u00a0\u00bbtop_left\u00a0\u00bb background_repeat=\u00a0\u00bbrepeat\u00a0\u00bb custom_margin=\u00a0\u00bb||1vh||false|false\u00a0\u00bb custom_padding=\u00a0\u00bb1vh||||false|false\u00a0\u00bb header_text_shadow_style=\u00a0\u00bbpreset2&Prime; border_radii=\u00a0\u00bbon|25px|25px|25px|25px\u00a0\u00bb border_width_all=\u00a0\u00bb1px\u00a0\u00bb border_color_all=\u00a0\u00bb#A55BA6&Prime; box_shadow_style=\u00a0\u00bbpreset2&Prime; disabled=\u00a0\u00bbon\u00a0\u00bb global_colors_info=\u00a0\u00bb{}\u00a0\u00bb]<\/p>\n<h1>Mehr Texte von Meggie Beck<\/h1>\n<p>[\/et_pb_text][et_pb_blog include_categories=\u00a0\u00bb275&Prime; show_author=\u00a0\u00bboff\u00a0\u00bb show_date=\u00a0\u00bboff\u00a0\u00bb show_categories=\u00a0\u00bboff\u00a0\u00bb show_pagination=\u00a0\u00bboff\u00a0\u00bb module_class=\u00a0\u00bbcsfhog_blog01&Prime; _builder_version=\u00a0\u00bb4.16&Prime; _module_preset=\u00a0\u00bbdefault\u00a0\u00bb header_font=\u00a0\u00bb|700|||||||\u00a0\u00bb header_font_size=\u00a0\u00bb13px\u00a0\u00bb body_font_size=\u00a0\u00bb12px\u00a0\u00bb body_line_height=\u00a0\u00bb1em\u00a0\u00bb meta_text_color=\u00a0\u00bb#FFFFFF\u00a0\u00bb read_more_font_size=\u00a0\u00bb1px\u00a0\u00bb read_more_line_height=\u00a0\u00bb1em\u00a0\u00bb background_color=\u00a0\u00bb#f2e3ef\u00a0\u00bb custom_padding=\u00a0\u00bb2vh||2vh||false|false\u00a0\u00bb custom_css_main_element=\u00a0\u00bbborder-width:2px;||border-radius:25px;||border-color : #a55ba6;||||||\u00a0\u00bb custom_css_title=\u00a0\u00bbmargin-bottom:0px;\u00a0\u00bb custom_css_content=\u00a0\u00bbpadding :5px;||min-height : 3vh!important;||margin-bottom : -12px!important;||\u00a0\u00bb custom_css_featured_image=\u00a0\u00bbwidth : 50px!important;||margin-right : 10px!important;||margin-bottom : 7px!important;||margin-top : 5px;||margin-left : 5px;||\u00a0\u00bb border_width_all_fullwidth=\u00a0\u00bb1px\u00a0\u00bb border_color_all_fullwidth=\u00a0\u00bb#A55BA6&Prime; box_shadow_style=\u00a0\u00bbpreset4&Prime; global_colors_info=\u00a0\u00bb{}\u00a0\u00bb][\/et_pb_blog][\/et_pb_column][\/et_pb_row][\/et_pb_section]<\/p>\n","protected":false},"excerpt":{"rendered":"<p>Assimiler cette culture parfois si diff\u00e9rente que nos racines nous am\u00e8nent est une aventure pleine de surprises. Un nouveau texte de Meggie sans tabous mais avec beaucoup d\u2019humour.<\/p>\n","protected":false},"author":249,"featured_media":22475,"comment_status":"closed","ping_status":"closed","sticky":false,"template":"","format":"standard","meta":{"_et_pb_use_builder":"on","_et_pb_old_content":"","_et_gb_content_width":"","footnotes":""},"categories":[162,275,208,163],"tags":[],"class_list":["post-22261","post","type-post","status-publish","format-standard","has-post-thumbnail","hentry","category-documents","category-meggie","category-membrestextes","category-temoins"],"yoast_head":"<!-- This site is optimized with the Yoast SEO plugin v27.5 - https:\/\/yoast.com\/product\/yoast-seo-wordpress\/ -->\n<title>Etranges particularit\u00e9s des fran\u00e7ais - CSF - HOG<\/title>\n<meta name=\"description\" content=\"%\" \/>\n<meta name=\"robots\" content=\"index, follow, max-snippet:-1, max-image-preview:large, max-video-preview:-1\" \/>\n<link rel=\"canonical\" href=\"https:\/\/www.coeurssansfrontieres.com\/fr\/documents\/etranges-particularites-des-francais\/\" \/>\n<meta property=\"og:locale\" content=\"fr_FR\" \/>\n<meta property=\"og:type\" content=\"article\" \/>\n<meta property=\"og:title\" content=\"Etranges particularit\u00e9s des fran\u00e7ais - CSF - HOG\" \/>\n<meta property=\"og:description\" content=\"%\" \/>\n<meta property=\"og:url\" content=\"https:\/\/www.coeurssansfrontieres.com\/fr\/documents\/etranges-particularites-des-francais\/\" \/>\n<meta property=\"og:site_name\" content=\"CSF - HOG\" \/>\n<meta property=\"article:published_time\" content=\"2022-06-25T13:55:56+00:00\" \/>\n<meta property=\"article:modified_time\" content=\"2022-07-04T14:19:34+00:00\" \/>\n<meta property=\"og:image\" content=\"https:\/\/www.coeurssansfrontieres.com\/wp-content\/uploads\/2022\/06\/Vignettte-Meggie-bretagne.jpg\" \/>\n\t<meta property=\"og:image:width\" content=\"200\" \/>\n\t<meta property=\"og:image:height\" content=\"200\" \/>\n\t<meta property=\"og:image:type\" content=\"image\/jpeg\" \/>\n<meta name=\"author\" content=\"GOFFIN Alexandre\" \/>\n<meta name=\"twitter:card\" content=\"summary_large_image\" \/>\n<meta name=\"twitter:label1\" content=\"\u00c9crit par\" \/>\n\t<meta name=\"twitter:data1\" content=\"GOFFIN Alexandre\" \/>\n\t<meta name=\"twitter:label2\" content=\"Dur\u00e9e de lecture estim\u00e9e\" \/>\n\t<meta name=\"twitter:data2\" content=\"8 minutes\" \/>\n<script type=\"application\/ld+json\" class=\"yoast-schema-graph\">{\"@context\":\"https:\\\/\\\/schema.org\",\"@graph\":[{\"@type\":\"Article\",\"@id\":\"https:\\\/\\\/www.coeurssansfrontieres.com\\\/fr\\\/documents\\\/etranges-particularites-des-francais\\\/#article\",\"isPartOf\":{\"@id\":\"https:\\\/\\\/www.coeurssansfrontieres.com\\\/fr\\\/documents\\\/etranges-particularites-des-francais\\\/\"},\"author\":{\"name\":\"GOFFIN Alexandre\",\"@id\":\"https:\\\/\\\/www.coeurssansfrontieres.com\\\/fr\\\/#\\\/schema\\\/person\\\/19507754554eb5218427fc31038cac56\"},\"headline\":\"Etranges particularit\u00e9s des fran\u00e7ais\",\"datePublished\":\"2022-06-25T13:55:56+00:00\",\"dateModified\":\"2022-07-04T14:19:34+00:00\",\"mainEntityOfPage\":{\"@id\":\"https:\\\/\\\/www.coeurssansfrontieres.com\\\/fr\\\/documents\\\/etranges-particularites-des-francais\\\/\"},\"wordCount\":2940,\"image\":{\"@id\":\"https:\\\/\\\/www.coeurssansfrontieres.com\\\/fr\\\/documents\\\/etranges-particularites-des-francais\\\/#primaryimage\"},\"thumbnailUrl\":\"https:\\\/\\\/www.coeurssansfrontieres.com\\\/wp-content\\\/uploads\\\/2022\\\/06\\\/Vignettte-Meggie-bretagne.jpg\",\"articleSection\":[\"Documents\",\"meggie\",\"Membres Textes\",\"T\u00e9moins\"],\"inLanguage\":\"fr-FR\"},{\"@type\":\"WebPage\",\"@id\":\"https:\\\/\\\/www.coeurssansfrontieres.com\\\/fr\\\/documents\\\/etranges-particularites-des-francais\\\/\",\"url\":\"https:\\\/\\\/www.coeurssansfrontieres.com\\\/fr\\\/documents\\\/etranges-particularites-des-francais\\\/\",\"name\":\"Etranges particularit\u00e9s des fran\u00e7ais - CSF - HOG\",\"isPartOf\":{\"@id\":\"https:\\\/\\\/www.coeurssansfrontieres.com\\\/fr\\\/#website\"},\"primaryImageOfPage\":{\"@id\":\"https:\\\/\\\/www.coeurssansfrontieres.com\\\/fr\\\/documents\\\/etranges-particularites-des-francais\\\/#primaryimage\"},\"image\":{\"@id\":\"https:\\\/\\\/www.coeurssansfrontieres.com\\\/fr\\\/documents\\\/etranges-particularites-des-francais\\\/#primaryimage\"},\"thumbnailUrl\":\"https:\\\/\\\/www.coeurssansfrontieres.com\\\/wp-content\\\/uploads\\\/2022\\\/06\\\/Vignettte-Meggie-bretagne.jpg\",\"datePublished\":\"2022-06-25T13:55:56+00:00\",\"dateModified\":\"2022-07-04T14:19:34+00:00\",\"author\":{\"@id\":\"https:\\\/\\\/www.coeurssansfrontieres.com\\\/fr\\\/#\\\/schema\\\/person\\\/19507754554eb5218427fc31038cac56\"},\"description\":\"%\",\"breadcrumb\":{\"@id\":\"https:\\\/\\\/www.coeurssansfrontieres.com\\\/fr\\\/documents\\\/etranges-particularites-des-francais\\\/#breadcrumb\"},\"inLanguage\":\"fr-FR\",\"potentialAction\":[{\"@type\":\"ReadAction\",\"target\":[\"https:\\\/\\\/www.coeurssansfrontieres.com\\\/fr\\\/documents\\\/etranges-particularites-des-francais\\\/\"]}]},{\"@type\":\"ImageObject\",\"inLanguage\":\"fr-FR\",\"@id\":\"https:\\\/\\\/www.coeurssansfrontieres.com\\\/fr\\\/documents\\\/etranges-particularites-des-francais\\\/#primaryimage\",\"url\":\"https:\\\/\\\/www.coeurssansfrontieres.com\\\/wp-content\\\/uploads\\\/2022\\\/06\\\/Vignettte-Meggie-bretagne.jpg\",\"contentUrl\":\"https:\\\/\\\/www.coeurssansfrontieres.com\\\/wp-content\\\/uploads\\\/2022\\\/06\\\/Vignettte-Meggie-bretagne.jpg\",\"width\":200,\"height\":200},{\"@type\":\"BreadcrumbList\",\"@id\":\"https:\\\/\\\/www.coeurssansfrontieres.com\\\/fr\\\/documents\\\/etranges-particularites-des-francais\\\/#breadcrumb\",\"itemListElement\":[{\"@type\":\"ListItem\",\"position\":1,\"name\":\"Accueil\",\"item\":\"https:\\\/\\\/www.coeurssansfrontieres.com\\\/fr\\\/\"},{\"@type\":\"ListItem\",\"position\":2,\"name\":\"Etranges particularit\u00e9s des fran\u00e7ais\"}]},{\"@type\":\"WebSite\",\"@id\":\"https:\\\/\\\/www.coeurssansfrontieres.com\\\/fr\\\/#website\",\"url\":\"https:\\\/\\\/www.coeurssansfrontieres.com\\\/fr\\\/\",\"name\":\"C\u0153urs sans fronti\u00e8res\",\"description\":\"Association franco-allemande des Enfants de la Seconde Guerre Mondiale\",\"potentialAction\":[{\"@type\":\"SearchAction\",\"target\":{\"@type\":\"EntryPoint\",\"urlTemplate\":\"https:\\\/\\\/www.coeurssansfrontieres.com\\\/fr\\\/?s={search_term_string}\"},\"query-input\":{\"@type\":\"PropertyValueSpecification\",\"valueRequired\":true,\"valueName\":\"search_term_string\"}}],\"inLanguage\":\"fr-FR\"},{\"@type\":\"Person\",\"@id\":\"https:\\\/\\\/www.coeurssansfrontieres.com\\\/fr\\\/#\\\/schema\\\/person\\\/19507754554eb5218427fc31038cac56\",\"name\":\"GOFFIN Alexandre\"}]}<\/script>\n<!-- \/ Yoast SEO plugin. -->","yoast_head_json":{"title":"Etranges particularit\u00e9s des fran\u00e7ais - CSF - HOG","description":"%","robots":{"index":"index","follow":"follow","max-snippet":"max-snippet:-1","max-image-preview":"max-image-preview:large","max-video-preview":"max-video-preview:-1"},"canonical":"https:\/\/www.coeurssansfrontieres.com\/fr\/documents\/etranges-particularites-des-francais\/","og_locale":"fr_FR","og_type":"article","og_title":"Etranges particularit\u00e9s des fran\u00e7ais - CSF - HOG","og_description":"%","og_url":"https:\/\/www.coeurssansfrontieres.com\/fr\/documents\/etranges-particularites-des-francais\/","og_site_name":"CSF - HOG","article_published_time":"2022-06-25T13:55:56+00:00","article_modified_time":"2022-07-04T14:19:34+00:00","og_image":[{"width":200,"height":200,"url":"https:\/\/www.coeurssansfrontieres.com\/wp-content\/uploads\/2022\/06\/Vignettte-Meggie-bretagne.jpg","type":"image\/jpeg"}],"author":"GOFFIN Alexandre","twitter_card":"summary_large_image","twitter_misc":{"\u00c9crit par":"GOFFIN Alexandre","Dur\u00e9e de lecture estim\u00e9e":"8 minutes"},"schema":{"@context":"https:\/\/schema.org","@graph":[{"@type":"Article","@id":"https:\/\/www.coeurssansfrontieres.com\/fr\/documents\/etranges-particularites-des-francais\/#article","isPartOf":{"@id":"https:\/\/www.coeurssansfrontieres.com\/fr\/documents\/etranges-particularites-des-francais\/"},"author":{"name":"GOFFIN Alexandre","@id":"https:\/\/www.coeurssansfrontieres.com\/fr\/#\/schema\/person\/19507754554eb5218427fc31038cac56"},"headline":"Etranges particularit\u00e9s des fran\u00e7ais","datePublished":"2022-06-25T13:55:56+00:00","dateModified":"2022-07-04T14:19:34+00:00","mainEntityOfPage":{"@id":"https:\/\/www.coeurssansfrontieres.com\/fr\/documents\/etranges-particularites-des-francais\/"},"wordCount":2940,"image":{"@id":"https:\/\/www.coeurssansfrontieres.com\/fr\/documents\/etranges-particularites-des-francais\/#primaryimage"},"thumbnailUrl":"https:\/\/www.coeurssansfrontieres.com\/wp-content\/uploads\/2022\/06\/Vignettte-Meggie-bretagne.jpg","articleSection":["Documents","meggie","Membres Textes","T\u00e9moins"],"inLanguage":"fr-FR"},{"@type":"WebPage","@id":"https:\/\/www.coeurssansfrontieres.com\/fr\/documents\/etranges-particularites-des-francais\/","url":"https:\/\/www.coeurssansfrontieres.com\/fr\/documents\/etranges-particularites-des-francais\/","name":"Etranges particularit\u00e9s des fran\u00e7ais - CSF - HOG","isPartOf":{"@id":"https:\/\/www.coeurssansfrontieres.com\/fr\/#website"},"primaryImageOfPage":{"@id":"https:\/\/www.coeurssansfrontieres.com\/fr\/documents\/etranges-particularites-des-francais\/#primaryimage"},"image":{"@id":"https:\/\/www.coeurssansfrontieres.com\/fr\/documents\/etranges-particularites-des-francais\/#primaryimage"},"thumbnailUrl":"https:\/\/www.coeurssansfrontieres.com\/wp-content\/uploads\/2022\/06\/Vignettte-Meggie-bretagne.jpg","datePublished":"2022-06-25T13:55:56+00:00","dateModified":"2022-07-04T14:19:34+00:00","author":{"@id":"https:\/\/www.coeurssansfrontieres.com\/fr\/#\/schema\/person\/19507754554eb5218427fc31038cac56"},"description":"%","breadcrumb":{"@id":"https:\/\/www.coeurssansfrontieres.com\/fr\/documents\/etranges-particularites-des-francais\/#breadcrumb"},"inLanguage":"fr-FR","potentialAction":[{"@type":"ReadAction","target":["https:\/\/www.coeurssansfrontieres.com\/fr\/documents\/etranges-particularites-des-francais\/"]}]},{"@type":"ImageObject","inLanguage":"fr-FR","@id":"https:\/\/www.coeurssansfrontieres.com\/fr\/documents\/etranges-particularites-des-francais\/#primaryimage","url":"https:\/\/www.coeurssansfrontieres.com\/wp-content\/uploads\/2022\/06\/Vignettte-Meggie-bretagne.jpg","contentUrl":"https:\/\/www.coeurssansfrontieres.com\/wp-content\/uploads\/2022\/06\/Vignettte-Meggie-bretagne.jpg","width":200,"height":200},{"@type":"BreadcrumbList","@id":"https:\/\/www.coeurssansfrontieres.com\/fr\/documents\/etranges-particularites-des-francais\/#breadcrumb","itemListElement":[{"@type":"ListItem","position":1,"name":"Accueil","item":"https:\/\/www.coeurssansfrontieres.com\/fr\/"},{"@type":"ListItem","position":2,"name":"Etranges particularit\u00e9s des fran\u00e7ais"}]},{"@type":"WebSite","@id":"https:\/\/www.coeurssansfrontieres.com\/fr\/#website","url":"https:\/\/www.coeurssansfrontieres.com\/fr\/","name":"C\u0153urs sans fronti\u00e8res","description":"Association franco-allemande des Enfants de la Seconde Guerre Mondiale","potentialAction":[{"@type":"SearchAction","target":{"@type":"EntryPoint","urlTemplate":"https:\/\/www.coeurssansfrontieres.com\/fr\/?s={search_term_string}"},"query-input":{"@type":"PropertyValueSpecification","valueRequired":true,"valueName":"search_term_string"}}],"inLanguage":"fr-FR"},{"@type":"Person","@id":"https:\/\/www.coeurssansfrontieres.com\/fr\/#\/schema\/person\/19507754554eb5218427fc31038cac56","name":"GOFFIN Alexandre"}]}},"_links":{"self":[{"href":"https:\/\/www.coeurssansfrontieres.com\/fr\/wp-json\/wp\/v2\/posts\/22261","targetHints":{"allow":["GET"]}}],"collection":[{"href":"https:\/\/www.coeurssansfrontieres.com\/fr\/wp-json\/wp\/v2\/posts"}],"about":[{"href":"https:\/\/www.coeurssansfrontieres.com\/fr\/wp-json\/wp\/v2\/types\/post"}],"author":[{"embeddable":true,"href":"https:\/\/www.coeurssansfrontieres.com\/fr\/wp-json\/wp\/v2\/users\/249"}],"replies":[{"embeddable":true,"href":"https:\/\/www.coeurssansfrontieres.com\/fr\/wp-json\/wp\/v2\/comments?post=22261"}],"version-history":[{"count":134,"href":"https:\/\/www.coeurssansfrontieres.com\/fr\/wp-json\/wp\/v2\/posts\/22261\/revisions"}],"predecessor-version":[{"id":22659,"href":"https:\/\/www.coeurssansfrontieres.com\/fr\/wp-json\/wp\/v2\/posts\/22261\/revisions\/22659"}],"wp:featuredmedia":[{"embeddable":true,"href":"https:\/\/www.coeurssansfrontieres.com\/fr\/wp-json\/wp\/v2\/media\/22475"}],"wp:attachment":[{"href":"https:\/\/www.coeurssansfrontieres.com\/fr\/wp-json\/wp\/v2\/media?parent=22261"}],"wp:term":[{"taxonomy":"category","embeddable":true,"href":"https:\/\/www.coeurssansfrontieres.com\/fr\/wp-json\/wp\/v2\/categories?post=22261"},{"taxonomy":"post_tag","embeddable":true,"href":"https:\/\/www.coeurssansfrontieres.com\/fr\/wp-json\/wp\/v2\/tags?post=22261"}],"curies":[{"name":"wp","href":"https:\/\/api.w.org\/{rel}","templated":true}]}}