{"id":226,"date":"2008-10-30T18:00:00","date_gmt":"2008-10-30T17:00:00","guid":{"rendered":"http:\/\/www.coeurssansfrontieres.com\/vie-de-lassociation\/entretiens\/temoignage-dune-fille-de-boche\/"},"modified":"2018-09-16T17:01:21","modified_gmt":"2018-09-16T15:01:21","slug":"temoignage-dune-fille-de-boche","status":"publish","type":"post","link":"https:\/\/www.coeurssansfrontieres.com\/fr\/documents\/temoins\/membrestextes\/temoignage-dune-fille-de-boche\/","title":{"rendered":"T\u00e9moignage d&rsquo;une fille de Boche"},"content":{"rendered":"<p><strong>PASSE SOUS SILENCE<\/strong><\/p>\n<p style=\"text-align: justify;\">La v\u00e9rit\u00e9 est dans la tombe\u00a0! Mon histoire pourrait commencer par \u00ab\u00a0il \u00e9tait une fois\u00a0\u00bb\u00a0! Je ne suis pas \u00e9crivain, mais je vais tout de m\u00eame vous \u00e9crire noir sur blanc ce qui depuis toutes ces ann\u00e9es ont fait ma vie. Je n\u2019irai pas jusqu\u2019\u00e0 dire \u00ab\u00a0un enfer\u00a0\u00bb mais\u00a0! Tr\u00e8s traumatis\u00e9e par les mensonges. Voici donc ma vie r\u00e9sum\u00e9e en quelques lignes\u00a0:<\/p>\n<p style=\"text-align: justify;\">Ce 31 octobre 1945 je naquis dans une tr\u00e8s jolie ville de Bourgogne, Saint Florentin pr\u00e8s d\u2019Auxerre. Dans le ventre de ma m\u00e8re je n\u2019\u00e9tais pas d\u00e9sir\u00e9e, \u00e0 la naissance il fallut bien m\u2019accepter. Ma m\u00e8re \u00e9tait fille unique, pour mes grands parents ce fut la honte\u00a0!<\/p>\n<p style=\"text-align: justify;\">Remontons en janvier 1945. Ma grand-m\u00e8re \u00e9tait employ\u00e9e \u00e0 la commune. Elle fut r\u00e9quisitionn\u00e9e pour laver le linge des \u00ab\u00a0allemands\u00a0\u00bb. Je m\u2019exprime ainsi car \u00e0 l\u2019\u00e2ge adulte lorsque l\u2019on me racontait tout et rien c\u2019est le langage que l\u2019on employait. Je dirai donc que les soldats venaient \u00e0 tour de r\u00f4le chercher le linge et maman se trouvait souvent l\u00e0. Un jour un soldat est venu \u00e7a \u00e9t\u00e9 le coup de foudre. Arriva ce qui devait arriver maman s\u2019est retrouv\u00e9e enceinte et la suite je vous l\u2019\u00e9voquais au d\u00e9but de mon r\u00e9cit.<\/p>\n<p style=\"text-align: justify;\">A la maternelle \u00e7a allait, mais en primaire durant des ann\u00e9es j\u2019ai subi les humiliations de mes camarades, vous devez savoir lesquelles\u00a0? M\u00eame ma meilleure amie m\u2019a trait\u00e9e de \u00ab\u00a0Boche\u00a0\u00bb. Je ne comprenais pas toute cette m\u00e9chancet\u00e9, lorsque je posais une question, on n\u2019avait pas le temps de me r\u00e9pondre. Je voulais savoir. J\u2019ai fait des recherches aupr\u00e8s de personnes ayant c\u00f4toy\u00e9 ma m\u00e8re. A l\u2019\u00e2ge de 32 ans j\u2019ai enfin recueilli quelques mots d\u2019une vieille dame\u00a0:\u00a0<em>\u00ab T<\/em><em>on p\u00e8re \u00e9tait un allemand et puis elle m\u2019a dit que lorsqu\u2019il a su que ma m\u00e8re attendait un enfant, il lui aurait promis qu\u2019il reviendrait apr\u00e8s la guerre et qu\u2019il l\u2019\u00e9pouserait\u00a0\u00bb\u00a0!<\/em> Je lui ai demand\u00e9\u00a0:\u00a0<em>\u00abMais je ne l\u2019ai jamais vu ?\u00bb<\/em> Ce \u00e0 quoi elle m\u2019a r\u00e9pondu\u00a0: <em>\u00ab\u00a0&#8211; Non car il a \u00e9t\u00e9 envoy\u00e9 sur le front russe. Peut-\u00eatre est-il mort l\u00e0-bas\u00a0?\u00a0\u00bb<\/em><\/p>\n<p style=\"text-align: justify;\">Une autre m\u2019a racont\u00e9 qui lui manquait deux doigts<em>\u00a0\u00a0<\/em>\u00e0 une main mais elle ne savait plus laquelle et qu\u2019il \u00e9tait surnomm\u00e9 <em>\u00ab\u00a0bo\u00eete \u00e0 petits pois\u00a0\u00bb\u00a0!<\/em><\/p>\n<p style=\"text-align: justify;\">Je sais que jamais je ne le verrai. Peut-\u00eatre que j\u2019ai des fr\u00e8res et des s\u0153urs de sang\u00a0? Certains ont connu leur p\u00e8re, moi si je connaissais son nom et o\u00f9 il est n\u00e9 je serai tr\u00e8s heureuse. Peut-\u00eatre que parmi vous c\u2019est la m\u00eame chose votre maman ne vous aura jamais\u00a0 rien dit\u00a0? Tout ce que je sais je l\u2019ai appris par des familles ayant connu sa liaison avec lui et \u00e0 qui ma m\u00e8re a fait \u00e0 l\u2019\u00e9poque des confidences.<\/p>\n<p style=\"text-align: justify;\">Un jour j\u2019ai appris qu\u2019elle avait \u00e9t\u00e9 tondue. Le d\u00e9nonciateur je l\u2019ai connu, aujourd\u2019hui j\u2019ai envie d\u2019aller cracher sur sa pierre tombale. Mais je pense \u00e0 toutes nos mamans, la honte qu\u2019elles ont d\u00fb \u00e9prouver devant ces tyrans qui \u00e9prouvaient du plaisir \u00e0 voir tomber leurs cheveux. Je me dis qu\u2019elles n\u2019avaient pas \u00e0 avoir honte, elles \u00e9taient jeunes, nos p\u00e8res \u00e9galement, ils se sont aim\u00e9s, c\u2019\u00e9tait la guerre, ils n\u2019\u00e9taient pas les bienvenus. Vous ne pensez pas qu\u2019aujourd\u2019hui les soldats que l\u2019on envoie en Afghanistan ou au Kosovo sont bien accueillis\u00a0? N\u2019y a t\u2019il pas des amours sans lendemain comme pour nos parents\u00a0?<\/p>\n<p style=\"text-align: justify;\">Je ne connais pas mon p\u00e8re, je ne le conna\u00eetrai sans doute jamais, mais son sang coule dans mes veines, tout comme pour vous\u00a0! Nous sommes fr\u00e8res et s\u0153urs nous devons en \u00eatre fiers. Il n\u2019y a pas longtemps que je suis dans l\u2019association mais je vous aime tous, nous sommes une grande famille.<\/p>\n<p style=\"text-align: justify;\">Je suis fi\u00e8re d\u2019\u00eatre la fille d\u2019un soldat allemand.<\/p>\n<p style=\"text-align: justify;\">Cette lettre est un hommage \u00e0 mon p\u00e8re, mais je la d\u00e9die aussi \u00e0 tous mes fr\u00e8res et s\u0153urs de sang.<\/p>\n<p><strong>Josy LEGER MUTRICY<\/strong><\/p>\n","protected":false},"excerpt":{"rendered":"<p>PASSE SOUS SILENCE La v\u00e9rit\u00e9 est dans la tombe\u00a0! Mon histoire pourrait commencer par \u00ab\u00a0il \u00e9tait une fois\u00a0\u00bb\u00a0! Je ne suis pas \u00e9crivain, mais je vais tout de m\u00eame vous \u00e9crire noir sur blanc ce qui depuis toutes ces ann\u00e9es ont fait ma vie. Je n\u2019irai pas jusqu\u2019\u00e0 dire \u00ab\u00a0un enfer\u00a0\u00bb mais\u00a0! Tr\u00e8s traumatis\u00e9e par [&hellip;]<\/p>\n","protected":false},"author":5,"featured_media":5273,"comment_status":"open","ping_status":"open","sticky":false,"template":"","format":"standard","meta":{"_et_pb_use_builder":"","_et_pb_old_content":"","_et_gb_content_width":"","footnotes":""},"categories":[162,208,163],"tags":[],"class_list":["post-226","post","type-post","status-publish","format-standard","has-post-thumbnail","hentry","category-documents","category-membrestextes","category-temoins"],"yoast_head":"<!-- This site is optimized with the Yoast SEO plugin v27.5 - https:\/\/yoast.com\/product\/yoast-seo-wordpress\/ -->\n<title>T\u00e9moignage d&#039;une fille de Boche - CSF - HOG<\/title>\n<meta name=\"robots\" content=\"index, follow, max-snippet:-1, max-image-preview:large, max-video-preview:-1\" \/>\n<link rel=\"canonical\" href=\"https:\/\/www.coeurssansfrontieres.com\/fr\/documents\/temoins\/membrestextes\/temoignage-dune-fille-de-boche\/\" \/>\n<meta property=\"og:locale\" content=\"fr_FR\" \/>\n<meta property=\"og:type\" content=\"article\" \/>\n<meta property=\"og:title\" content=\"T\u00e9moignage d&#039;une fille de Boche - CSF - HOG\" \/>\n<meta property=\"og:description\" content=\"PASSE SOUS SILENCE La v\u00e9rit\u00e9 est dans la tombe\u00a0! Mon histoire pourrait commencer par \u00ab\u00a0il \u00e9tait une fois\u00a0\u00bb\u00a0! Je ne suis pas \u00e9crivain, mais je vais tout de m\u00eame vous \u00e9crire noir sur blanc ce qui depuis toutes ces ann\u00e9es ont fait ma vie. Je n\u2019irai pas jusqu\u2019\u00e0 dire \u00ab\u00a0un enfer\u00a0\u00bb mais\u00a0! Tr\u00e8s traumatis\u00e9e par [&hellip;]\" \/>\n<meta property=\"og:url\" content=\"https:\/\/www.coeurssansfrontieres.com\/fr\/documents\/temoins\/membrestextes\/temoignage-dune-fille-de-boche\/\" \/>\n<meta property=\"og:site_name\" content=\"CSF - HOG\" \/>\n<meta property=\"article:published_time\" content=\"2008-10-30T17:00:00+00:00\" \/>\n<meta property=\"article:modified_time\" content=\"2018-09-16T15:01:21+00:00\" \/>\n<meta property=\"og:image\" content=\"https:\/\/www.coeurssansfrontieres.com\/wp-content\/uploads\/2017\/08\/Membretemoin-ombre.png\" \/>\n\t<meta property=\"og:image:width\" content=\"117\" \/>\n\t<meta property=\"og:image:height\" content=\"117\" \/>\n\t<meta property=\"og:image:type\" content=\"image\/png\" \/>\n<meta name=\"author\" content=\"LE QUENTREC Chantal\" \/>\n<meta name=\"twitter:card\" content=\"summary_large_image\" \/>\n<meta name=\"twitter:label1\" content=\"\u00c9crit par\" \/>\n\t<meta name=\"twitter:data1\" content=\"LE QUENTREC Chantal\" \/>\n\t<meta name=\"twitter:label2\" content=\"Dur\u00e9e de lecture estim\u00e9e\" \/>\n\t<meta name=\"twitter:data2\" content=\"4 minutes\" \/>\n<script type=\"application\/ld+json\" class=\"yoast-schema-graph\">{\"@context\":\"https:\\\/\\\/schema.org\",\"@graph\":[{\"@type\":\"Article\",\"@id\":\"https:\\\/\\\/www.coeurssansfrontieres.com\\\/fr\\\/documents\\\/temoins\\\/membrestextes\\\/temoignage-dune-fille-de-boche\\\/#article\",\"isPartOf\":{\"@id\":\"https:\\\/\\\/www.coeurssansfrontieres.com\\\/fr\\\/documents\\\/temoins\\\/membrestextes\\\/temoignage-dune-fille-de-boche\\\/\"},\"author\":{\"name\":\"LE QUENTREC Chantal\",\"@id\":\"https:\\\/\\\/www.coeurssansfrontieres.com\\\/fr\\\/#\\\/schema\\\/person\\\/ae811928053aca16ba5f8ad091b75a2e\"},\"headline\":\"T\u00e9moignage d&rsquo;une fille de Boche\",\"datePublished\":\"2008-10-30T17:00:00+00:00\",\"dateModified\":\"2018-09-16T15:01:21+00:00\",\"mainEntityOfPage\":{\"@id\":\"https:\\\/\\\/www.coeurssansfrontieres.com\\\/fr\\\/documents\\\/temoins\\\/membrestextes\\\/temoignage-dune-fille-de-boche\\\/\"},\"wordCount\":740,\"commentCount\":0,\"image\":{\"@id\":\"https:\\\/\\\/www.coeurssansfrontieres.com\\\/fr\\\/documents\\\/temoins\\\/membrestextes\\\/temoignage-dune-fille-de-boche\\\/#primaryimage\"},\"thumbnailUrl\":\"https:\\\/\\\/www.coeurssansfrontieres.com\\\/wp-content\\\/uploads\\\/2017\\\/08\\\/Membretemoin-ombre.png\",\"articleSection\":[\"Documents\",\"Membres Textes\",\"T\u00e9moins\"],\"inLanguage\":\"fr-FR\",\"potentialAction\":[{\"@type\":\"CommentAction\",\"name\":\"Comment\",\"target\":[\"https:\\\/\\\/www.coeurssansfrontieres.com\\\/fr\\\/documents\\\/temoins\\\/membrestextes\\\/temoignage-dune-fille-de-boche\\\/#respond\"]}]},{\"@type\":\"WebPage\",\"@id\":\"https:\\\/\\\/www.coeurssansfrontieres.com\\\/fr\\\/documents\\\/temoins\\\/membrestextes\\\/temoignage-dune-fille-de-boche\\\/\",\"url\":\"https:\\\/\\\/www.coeurssansfrontieres.com\\\/fr\\\/documents\\\/temoins\\\/membrestextes\\\/temoignage-dune-fille-de-boche\\\/\",\"name\":\"T\u00e9moignage d'une fille de Boche - CSF - HOG\",\"isPartOf\":{\"@id\":\"https:\\\/\\\/www.coeurssansfrontieres.com\\\/fr\\\/#website\"},\"primaryImageOfPage\":{\"@id\":\"https:\\\/\\\/www.coeurssansfrontieres.com\\\/fr\\\/documents\\\/temoins\\\/membrestextes\\\/temoignage-dune-fille-de-boche\\\/#primaryimage\"},\"image\":{\"@id\":\"https:\\\/\\\/www.coeurssansfrontieres.com\\\/fr\\\/documents\\\/temoins\\\/membrestextes\\\/temoignage-dune-fille-de-boche\\\/#primaryimage\"},\"thumbnailUrl\":\"https:\\\/\\\/www.coeurssansfrontieres.com\\\/wp-content\\\/uploads\\\/2017\\\/08\\\/Membretemoin-ombre.png\",\"datePublished\":\"2008-10-30T17:00:00+00:00\",\"dateModified\":\"2018-09-16T15:01:21+00:00\",\"author\":{\"@id\":\"https:\\\/\\\/www.coeurssansfrontieres.com\\\/fr\\\/#\\\/schema\\\/person\\\/ae811928053aca16ba5f8ad091b75a2e\"},\"breadcrumb\":{\"@id\":\"https:\\\/\\\/www.coeurssansfrontieres.com\\\/fr\\\/documents\\\/temoins\\\/membrestextes\\\/temoignage-dune-fille-de-boche\\\/#breadcrumb\"},\"inLanguage\":\"fr-FR\",\"potentialAction\":[{\"@type\":\"ReadAction\",\"target\":[\"https:\\\/\\\/www.coeurssansfrontieres.com\\\/fr\\\/documents\\\/temoins\\\/membrestextes\\\/temoignage-dune-fille-de-boche\\\/\"]}]},{\"@type\":\"ImageObject\",\"inLanguage\":\"fr-FR\",\"@id\":\"https:\\\/\\\/www.coeurssansfrontieres.com\\\/fr\\\/documents\\\/temoins\\\/membrestextes\\\/temoignage-dune-fille-de-boche\\\/#primaryimage\",\"url\":\"https:\\\/\\\/www.coeurssansfrontieres.com\\\/wp-content\\\/uploads\\\/2017\\\/08\\\/Membretemoin-ombre.png\",\"contentUrl\":\"https:\\\/\\\/www.coeurssansfrontieres.com\\\/wp-content\\\/uploads\\\/2017\\\/08\\\/Membretemoin-ombre.png\",\"width\":117,\"height\":117},{\"@type\":\"BreadcrumbList\",\"@id\":\"https:\\\/\\\/www.coeurssansfrontieres.com\\\/fr\\\/documents\\\/temoins\\\/membrestextes\\\/temoignage-dune-fille-de-boche\\\/#breadcrumb\",\"itemListElement\":[{\"@type\":\"ListItem\",\"position\":1,\"name\":\"Accueil\",\"item\":\"https:\\\/\\\/www.coeurssansfrontieres.com\\\/fr\\\/\"},{\"@type\":\"ListItem\",\"position\":2,\"name\":\"T\u00e9moignage d&rsquo;une fille de Boche\"}]},{\"@type\":\"WebSite\",\"@id\":\"https:\\\/\\\/www.coeurssansfrontieres.com\\\/fr\\\/#website\",\"url\":\"https:\\\/\\\/www.coeurssansfrontieres.com\\\/fr\\\/\",\"name\":\"C\u0153urs sans fronti\u00e8res\",\"description\":\"Association franco-allemande des Enfants de la Seconde Guerre Mondiale\",\"potentialAction\":[{\"@type\":\"SearchAction\",\"target\":{\"@type\":\"EntryPoint\",\"urlTemplate\":\"https:\\\/\\\/www.coeurssansfrontieres.com\\\/fr\\\/?s={search_term_string}\"},\"query-input\":{\"@type\":\"PropertyValueSpecification\",\"valueRequired\":true,\"valueName\":\"search_term_string\"}}],\"inLanguage\":\"fr-FR\"},{\"@type\":\"Person\",\"@id\":\"https:\\\/\\\/www.coeurssansfrontieres.com\\\/fr\\\/#\\\/schema\\\/person\\\/ae811928053aca16ba5f8ad091b75a2e\",\"name\":\"LE QUENTREC Chantal\"}]}<\/script>\n<!-- \/ Yoast SEO plugin. -->","yoast_head_json":{"title":"T\u00e9moignage d'une fille de Boche - CSF - HOG","robots":{"index":"index","follow":"follow","max-snippet":"max-snippet:-1","max-image-preview":"max-image-preview:large","max-video-preview":"max-video-preview:-1"},"canonical":"https:\/\/www.coeurssansfrontieres.com\/fr\/documents\/temoins\/membrestextes\/temoignage-dune-fille-de-boche\/","og_locale":"fr_FR","og_type":"article","og_title":"T\u00e9moignage d'une fille de Boche - CSF - HOG","og_description":"PASSE SOUS SILENCE La v\u00e9rit\u00e9 est dans la tombe\u00a0! Mon histoire pourrait commencer par \u00ab\u00a0il \u00e9tait une fois\u00a0\u00bb\u00a0! Je ne suis pas \u00e9crivain, mais je vais tout de m\u00eame vous \u00e9crire noir sur blanc ce qui depuis toutes ces ann\u00e9es ont fait ma vie. Je n\u2019irai pas jusqu\u2019\u00e0 dire \u00ab\u00a0un enfer\u00a0\u00bb mais\u00a0! Tr\u00e8s traumatis\u00e9e par [&hellip;]","og_url":"https:\/\/www.coeurssansfrontieres.com\/fr\/documents\/temoins\/membrestextes\/temoignage-dune-fille-de-boche\/","og_site_name":"CSF - HOG","article_published_time":"2008-10-30T17:00:00+00:00","article_modified_time":"2018-09-16T15:01:21+00:00","og_image":[{"width":117,"height":117,"url":"https:\/\/www.coeurssansfrontieres.com\/wp-content\/uploads\/2017\/08\/Membretemoin-ombre.png","type":"image\/png"}],"author":"LE QUENTREC Chantal","twitter_card":"summary_large_image","twitter_misc":{"\u00c9crit par":"LE QUENTREC Chantal","Dur\u00e9e de lecture estim\u00e9e":"4 minutes"},"schema":{"@context":"https:\/\/schema.org","@graph":[{"@type":"Article","@id":"https:\/\/www.coeurssansfrontieres.com\/fr\/documents\/temoins\/membrestextes\/temoignage-dune-fille-de-boche\/#article","isPartOf":{"@id":"https:\/\/www.coeurssansfrontieres.com\/fr\/documents\/temoins\/membrestextes\/temoignage-dune-fille-de-boche\/"},"author":{"name":"LE QUENTREC Chantal","@id":"https:\/\/www.coeurssansfrontieres.com\/fr\/#\/schema\/person\/ae811928053aca16ba5f8ad091b75a2e"},"headline":"T\u00e9moignage d&rsquo;une fille de Boche","datePublished":"2008-10-30T17:00:00+00:00","dateModified":"2018-09-16T15:01:21+00:00","mainEntityOfPage":{"@id":"https:\/\/www.coeurssansfrontieres.com\/fr\/documents\/temoins\/membrestextes\/temoignage-dune-fille-de-boche\/"},"wordCount":740,"commentCount":0,"image":{"@id":"https:\/\/www.coeurssansfrontieres.com\/fr\/documents\/temoins\/membrestextes\/temoignage-dune-fille-de-boche\/#primaryimage"},"thumbnailUrl":"https:\/\/www.coeurssansfrontieres.com\/wp-content\/uploads\/2017\/08\/Membretemoin-ombre.png","articleSection":["Documents","Membres Textes","T\u00e9moins"],"inLanguage":"fr-FR","potentialAction":[{"@type":"CommentAction","name":"Comment","target":["https:\/\/www.coeurssansfrontieres.com\/fr\/documents\/temoins\/membrestextes\/temoignage-dune-fille-de-boche\/#respond"]}]},{"@type":"WebPage","@id":"https:\/\/www.coeurssansfrontieres.com\/fr\/documents\/temoins\/membrestextes\/temoignage-dune-fille-de-boche\/","url":"https:\/\/www.coeurssansfrontieres.com\/fr\/documents\/temoins\/membrestextes\/temoignage-dune-fille-de-boche\/","name":"T\u00e9moignage d'une fille de Boche - CSF - HOG","isPartOf":{"@id":"https:\/\/www.coeurssansfrontieres.com\/fr\/#website"},"primaryImageOfPage":{"@id":"https:\/\/www.coeurssansfrontieres.com\/fr\/documents\/temoins\/membrestextes\/temoignage-dune-fille-de-boche\/#primaryimage"},"image":{"@id":"https:\/\/www.coeurssansfrontieres.com\/fr\/documents\/temoins\/membrestextes\/temoignage-dune-fille-de-boche\/#primaryimage"},"thumbnailUrl":"https:\/\/www.coeurssansfrontieres.com\/wp-content\/uploads\/2017\/08\/Membretemoin-ombre.png","datePublished":"2008-10-30T17:00:00+00:00","dateModified":"2018-09-16T15:01:21+00:00","author":{"@id":"https:\/\/www.coeurssansfrontieres.com\/fr\/#\/schema\/person\/ae811928053aca16ba5f8ad091b75a2e"},"breadcrumb":{"@id":"https:\/\/www.coeurssansfrontieres.com\/fr\/documents\/temoins\/membrestextes\/temoignage-dune-fille-de-boche\/#breadcrumb"},"inLanguage":"fr-FR","potentialAction":[{"@type":"ReadAction","target":["https:\/\/www.coeurssansfrontieres.com\/fr\/documents\/temoins\/membrestextes\/temoignage-dune-fille-de-boche\/"]}]},{"@type":"ImageObject","inLanguage":"fr-FR","@id":"https:\/\/www.coeurssansfrontieres.com\/fr\/documents\/temoins\/membrestextes\/temoignage-dune-fille-de-boche\/#primaryimage","url":"https:\/\/www.coeurssansfrontieres.com\/wp-content\/uploads\/2017\/08\/Membretemoin-ombre.png","contentUrl":"https:\/\/www.coeurssansfrontieres.com\/wp-content\/uploads\/2017\/08\/Membretemoin-ombre.png","width":117,"height":117},{"@type":"BreadcrumbList","@id":"https:\/\/www.coeurssansfrontieres.com\/fr\/documents\/temoins\/membrestextes\/temoignage-dune-fille-de-boche\/#breadcrumb","itemListElement":[{"@type":"ListItem","position":1,"name":"Accueil","item":"https:\/\/www.coeurssansfrontieres.com\/fr\/"},{"@type":"ListItem","position":2,"name":"T\u00e9moignage d&rsquo;une fille de Boche"}]},{"@type":"WebSite","@id":"https:\/\/www.coeurssansfrontieres.com\/fr\/#website","url":"https:\/\/www.coeurssansfrontieres.com\/fr\/","name":"C\u0153urs sans fronti\u00e8res","description":"Association franco-allemande des Enfants de la Seconde Guerre Mondiale","potentialAction":[{"@type":"SearchAction","target":{"@type":"EntryPoint","urlTemplate":"https:\/\/www.coeurssansfrontieres.com\/fr\/?s={search_term_string}"},"query-input":{"@type":"PropertyValueSpecification","valueRequired":true,"valueName":"search_term_string"}}],"inLanguage":"fr-FR"},{"@type":"Person","@id":"https:\/\/www.coeurssansfrontieres.com\/fr\/#\/schema\/person\/ae811928053aca16ba5f8ad091b75a2e","name":"LE QUENTREC Chantal"}]}},"_links":{"self":[{"href":"https:\/\/www.coeurssansfrontieres.com\/fr\/wp-json\/wp\/v2\/posts\/226","targetHints":{"allow":["GET"]}}],"collection":[{"href":"https:\/\/www.coeurssansfrontieres.com\/fr\/wp-json\/wp\/v2\/posts"}],"about":[{"href":"https:\/\/www.coeurssansfrontieres.com\/fr\/wp-json\/wp\/v2\/types\/post"}],"author":[{"embeddable":true,"href":"https:\/\/www.coeurssansfrontieres.com\/fr\/wp-json\/wp\/v2\/users\/5"}],"replies":[{"embeddable":true,"href":"https:\/\/www.coeurssansfrontieres.com\/fr\/wp-json\/wp\/v2\/comments?post=226"}],"version-history":[{"count":0,"href":"https:\/\/www.coeurssansfrontieres.com\/fr\/wp-json\/wp\/v2\/posts\/226\/revisions"}],"wp:featuredmedia":[{"embeddable":true,"href":"https:\/\/www.coeurssansfrontieres.com\/fr\/wp-json\/wp\/v2\/media\/5273"}],"wp:attachment":[{"href":"https:\/\/www.coeurssansfrontieres.com\/fr\/wp-json\/wp\/v2\/media?parent=226"}],"wp:term":[{"taxonomy":"category","embeddable":true,"href":"https:\/\/www.coeurssansfrontieres.com\/fr\/wp-json\/wp\/v2\/categories?post=226"},{"taxonomy":"post_tag","embeddable":true,"href":"https:\/\/www.coeurssansfrontieres.com\/fr\/wp-json\/wp\/v2\/tags?post=226"}],"curies":[{"name":"wp","href":"https:\/\/api.w.org\/{rel}","templated":true}]}}