{"id":2666,"date":"2015-12-31T11:42:08","date_gmt":"2015-12-31T10:42:08","guid":{"rendered":"http:\/\/www.coeurssansfrontieres.com\/fr\/?p=2666"},"modified":"2019-03-03T17:29:23","modified_gmt":"2019-03-03T16:29:23","slug":"615-oberseebach-wissembourg","status":"publish","type":"post","link":"https:\/\/www.coeurssansfrontieres.com\/fr\/recherches\/recherches-abouties\/615-oberseebach-wissembourg\/","title":{"rendered":"615\u00a0 Oberseebach \/\u00a0WISSEMBOURG"},"content":{"rendered":"<p>[et_pb_section admin_label=\u00a0\u00bbsection\u00a0\u00bb][et_pb_row admin_label=\u00a0\u00bbrow\u00a0\u00bb make_fullwidth=\u00a0\u00bbon\u00a0\u00bb use_custom_width=\u00a0\u00bboff\u00a0\u00bb width_unit=\u00a0\u00bbon\u00a0\u00bb use_custom_gutter=\u00a0\u00bboff\u00a0\u00bb padding_mobile=\u00a0\u00bboff\u00a0\u00bb allow_player_pause=\u00a0\u00bboff\u00a0\u00bb parallax=\u00a0\u00bboff\u00a0\u00bb parallax_method=\u00a0\u00bboff\u00a0\u00bb make_equal=\u00a0\u00bboff\u00a0\u00bb parallax_1=\u00a0\u00bboff\u00a0\u00bb parallax_method_1=\u00a0\u00bboff\u00a0\u00bb parallax_2=\u00a0\u00bboff\u00a0\u00bb parallax_method_2=\u00a0\u00bboff\u00a0\u00bb column_padding_mobile=\u00a0\u00bbon\u00a0\u00bb][et_pb_column type=\u00a0\u00bb3_4&Prime;][et_pb_post_title admin_label=\u00a0\u00bbTitre du poste\u00a0\u00bb title=\u00a0\u00bbon\u00a0\u00bb meta=\u00a0\u00bboff\u00a0\u00bb author=\u00a0\u00bbon\u00a0\u00bb date=\u00a0\u00bbon\u00a0\u00bb categories=\u00a0\u00bbon\u00a0\u00bb comments=\u00a0\u00bbon\u00a0\u00bb featured_image=\u00a0\u00bbon\u00a0\u00bb featured_placement=\u00a0\u00bbbelow\u00a0\u00bb parallax_effect=\u00a0\u00bbon\u00a0\u00bb parallax_method=\u00a0\u00bbon\u00a0\u00bb text_orientation=\u00a0\u00bbleft\u00a0\u00bb text_color=\u00a0\u00bbdark\u00a0\u00bb text_background=\u00a0\u00bboff\u00a0\u00bb text_bg_color=\u00a0\u00bbrgba(255,255,255,0.9)\u00a0\u00bb module_bg_color=\u00a0\u00bbrgba(255,255,255,0)\u00a0\u00bb title_all_caps=\u00a0\u00bboff\u00a0\u00bb use_border_color=\u00a0\u00bboff\u00a0\u00bb border_color=\u00a0\u00bb#ffffff\u00a0\u00bb border_style=\u00a0\u00bbsolid\u00a0\u00bb]<\/p>\n<p>[\/et_pb_post_title][et_pb_button admin_label=\u00a0\u00bbContact Gestion Recherches\u00a0\u00bb button_url=\u00a0\u00bbhttps:\/\/www.coeurssansfrontieres.com\/fr\/contacts\/roume-georges\/\u00a0\u00bb url_new_window=\u00a0\u00bbon\u00a0\u00bb button_alignment=\u00a0\u00bbcenter\u00a0\u00bb background_layout=\u00a0\u00bbdark\u00a0\u00bb custom_button=\u00a0\u00bbon\u00a0\u00bb button_letter_spacing=\u00a0\u00bb0&Prime; button_use_icon=\u00a0\u00bbon\u00a0\u00bb button_icon_placement=\u00a0\u00bbleft\u00a0\u00bb button_on_hover=\u00a0\u00bboff\u00a0\u00bb button_letter_spacing_hover=\u00a0\u00bb0&Prime; button_text=\u00a0\u00bbPour contacter les gestionnaires de cette recherche\u00a0\u00bb button_icon=\u00a0\u00bb%%109%%\u00a0\u00bb button_border_radius=\u00a0\u00bb50&Prime; button_font=\u00a0\u00bb|on|on||\u00a0\u00bb button_bg_color=\u00a0\u00bb#ad6baf\u00a0\u00bb button_border_color=\u00a0\u00bb#ae44af\u00a0\u00bb saved_tabs=\u00a0\u00bball\u00a0\u00bb]<\/p>\n<p>[\/et_pb_button][et_pb_text admin_label=\u00a0\u00bbTexte\u00a0\u00bb background_layout=\u00a0\u00bblight\u00a0\u00bb text_orientation=\u00a0\u00bbleft\u00a0\u00bb use_border_color=\u00a0\u00bboff\u00a0\u00bb border_color=\u00a0\u00bb#ffffff\u00a0\u00bb border_style=\u00a0\u00bbsolid\u00a0\u00bb]<\/p>\n<p><strong>N\u00b0 615\u00a0<\/strong><\/p>\n<p>Catherine recherche son grand-p\u00e8re Roumain.<\/p>\n<p>Sa grand-m\u00e8re, habitait <strong>Oberseebach<\/strong> (Bas-Rhin) quand elle a connu son grand p\u00e8re. Il \u00e9tait soldat allemand d\u2019origine roumaine, selon les informations obtenues en Alsace, il travaillait dans une ferme \u00e0 Oberseebach. Il \u00e9tait mari\u00e9 et avait des enfants, ce qui laisse supposer qu\u2019il avait entre 25 et 35 ans.<\/p>\n<p>La maman de Catherine, n\u00e9e de cette union s\u2019appelle <strong>H\u00e9l\u00e8ne Roh\u00e9<\/strong>, \u00e9pouse Delompr\u00e9, elle est n\u00e9e le 22\/7\/1947 \u00e0 Hochfelden (Bas-Rhin).<\/p>\n<p>Le grand-p\u00e8re p\u00e8re roumain de Catherine \u00e9tait rattach\u00e9 au <strong>camp de WISSEMBOURG (67)<\/strong>. Il faisait partie d&rsquo;une liste de 16 prisonniers : 13 Allemands, 2 Hongrois et un Roumain. (liste disponible pour d&rsquo;autres recherches)<\/p>\n<p>Une visite aurait eu lieu, une famille Roumaine serait venue en Alsace mais personne n&rsquo;\u00e9tait l\u00e0 pour les accueillir.<\/p>\n<p><em>Catherine esp\u00e8re un t\u00e9moignage concernant l\u2019histoire de ses grands-parents et les prisonniers employ\u00e9s par la population d\u2019Oberseebach en 1946-1947<\/em>.<\/p>\n<p>[\/et_pb_text][\/et_pb_column][et_pb_column type=\u00a0\u00bb1_4&Prime;][et_pb_image admin_label=\u00a0\u00bbImage recherches en cours\u00a0\u00bb src=\u00a0\u00bbhttps:\/\/www.coeurssansfrontieres.com\/wp-content\/uploads\/2017\/09\/Recherches-en-cours-OMBRE.png\u00a0\u00bb show_in_lightbox=\u00a0\u00bboff\u00a0\u00bb url_new_window=\u00a0\u00bboff\u00a0\u00bb use_overlay=\u00a0\u00bboff\u00a0\u00bb animation=\u00a0\u00bboff\u00a0\u00bb sticky=\u00a0\u00bbon\u00a0\u00bb align=\u00a0\u00bbcenter\u00a0\u00bb max_width=\u00a0\u00bb50px\u00a0\u00bb force_fullwidth=\u00a0\u00bboff\u00a0\u00bb always_center_on_mobile=\u00a0\u00bbon\u00a0\u00bb use_border_color=\u00a0\u00bboff\u00a0\u00bb border_color=\u00a0\u00bb#ffffff\u00a0\u00bb border_style=\u00a0\u00bbsolid\u00a0\u00bb]<\/p>\n<p>&nbsp;<\/p>\n<p>[\/et_pb_image][et_pb_search admin_label=\u00a0\u00bbChercher dans recherches en cours\u00a0\u00bb background_layout=\u00a0\u00bblight\u00a0\u00bb text_orientation=\u00a0\u00bbleft\u00a0\u00bb exclude_pages=\u00a0\u00bbon\u00a0\u00bb exclude_posts=\u00a0\u00bboff\u00a0\u00bb include_categories=\u00a0\u00bb183,236,212,227,180,214,162,170,202,231,229,208,1,161,160,158,168,210,154,28,66,163,22,13&Prime; hide_button=\u00a0\u00bboff\u00a0\u00bb placeholder=\u00a0\u00bbRechercher\u00a0\u00bb button_color=\u00a0\u00bb#a61abf\u00a0\u00bb input_font_size=\u00a0\u00bb11&Prime; button_font=\u00a0\u00bb|on|||\u00a0\u00bb button_line_height=\u00a0\u00bb2em\u00a0\u00bb button_font_size=\u00a0\u00bb11&Prime; input_line_height=\u00a0\u00bb2em\u00a0\u00bb custom_css_main_element=\u00a0\u00bbbox-shadow: 6px 6px 6px #7C7C7C;\u00a0\u00bb saved_tabs=\u00a0\u00bball\u00a0\u00bb]<\/p>\n<p>&nbsp;<\/p>\n<p>[\/et_pb_search][et_pb_sidebar admin_label=\u00a0\u00bbBL Recherches en cours\u00a0\u00bb orientation=\u00a0\u00bbright\u00a0\u00bb area=\u00a0\u00bbet_pb_widget_area_51&Prime; background_layout=\u00a0\u00bblight\u00a0\u00bb remove_border=\u00a0\u00bboff\u00a0\u00bb header_font=\u00a0\u00bb|on|||\u00a0\u00bb body_line_height=\u00a0\u00bb2em\u00a0\u00bb]<\/p>\n<p>&nbsp;<\/p>\n<p>[\/et_pb_sidebar][\/et_pb_column][\/et_pb_row][\/et_pb_section]<\/p>\n","protected":false},"excerpt":{"rendered":"<p>N\u00b0 615\u00a0 Catherine recherche son grand-p\u00e8re Roumain. Sa grand-m\u00e8re, habitait Oberseebach (Bas-Rhin) quand elle a connu son grand p\u00e8re. Il \u00e9tait soldat allemand d\u2019origine roumaine, selon les informations obtenues en Alsace, il travaillait dans une ferme \u00e0 Oberseebach. Il \u00e9tait mari\u00e9 et avait des enfants, ce qui laisse supposer qu\u2019il avait entre 25 et 35 [&hellip;]<\/p>\n","protected":false},"author":249,"featured_media":5184,"comment_status":"closed","ping_status":"closed","sticky":false,"template":"","format":"standard","meta":{"_et_pb_use_builder":"on","_et_pb_old_content":"","_et_gb_content_width":"","footnotes":""},"categories":[159,160],"tags":[],"class_list":["post-2666","post","type-post","status-publish","format-standard","has-post-thumbnail","hentry","category-recherches","category-recherches-abouties"],"yoast_head":"<!-- This site is optimized with the Yoast SEO plugin v27.5 - https:\/\/yoast.com\/product\/yoast-seo-wordpress\/ -->\n<title>615\u00a0 Oberseebach \/\u00a0WISSEMBOURG - CSF - HOG<\/title>\n<meta name=\"robots\" content=\"index, follow, max-snippet:-1, max-image-preview:large, max-video-preview:-1\" \/>\n<link rel=\"canonical\" href=\"https:\/\/www.coeurssansfrontieres.com\/fr\/recherches\/recherches-abouties\/615-oberseebach-wissembourg\/\" \/>\n<meta property=\"og:locale\" content=\"fr_FR\" \/>\n<meta property=\"og:type\" content=\"article\" \/>\n<meta property=\"og:title\" content=\"615\u00a0 Oberseebach \/\u00a0WISSEMBOURG - CSF - HOG\" \/>\n<meta property=\"og:description\" content=\"N\u00b0 615\u00a0 Catherine recherche son grand-p\u00e8re Roumain. Sa grand-m\u00e8re, habitait Oberseebach (Bas-Rhin) quand elle a connu son grand p\u00e8re. Il \u00e9tait soldat allemand d\u2019origine roumaine, selon les informations obtenues en Alsace, il travaillait dans une ferme \u00e0 Oberseebach. Il \u00e9tait mari\u00e9 et avait des enfants, ce qui laisse supposer qu\u2019il avait entre 25 et 35 [&hellip;]\" \/>\n<meta property=\"og:url\" content=\"https:\/\/www.coeurssansfrontieres.com\/fr\/recherches\/recherches-abouties\/615-oberseebach-wissembourg\/\" \/>\n<meta property=\"og:site_name\" content=\"CSF - HOG\" \/>\n<meta property=\"article:published_time\" content=\"2015-12-31T10:42:08+00:00\" \/>\n<meta property=\"article:modified_time\" content=\"2019-03-03T16:29:23+00:00\" \/>\n<meta property=\"og:image\" content=\"https:\/\/www.coeurssansfrontieres.com\/wp-content\/uploads\/2017\/08\/Retrouvailles-ombre.png\" \/>\n\t<meta property=\"og:image:width\" content=\"123\" \/>\n\t<meta property=\"og:image:height\" content=\"123\" \/>\n\t<meta property=\"og:image:type\" content=\"image\/png\" \/>\n<meta name=\"author\" content=\"GOFFIN Alexandre\" \/>\n<meta name=\"twitter:card\" content=\"summary_large_image\" \/>\n<meta name=\"twitter:label1\" content=\"\u00c9crit par\" \/>\n\t<meta name=\"twitter:data1\" content=\"GOFFIN Alexandre\" \/>\n\t<meta name=\"twitter:label2\" content=\"Dur\u00e9e de lecture estim\u00e9e\" \/>\n\t<meta name=\"twitter:data2\" content=\"3 minutes\" \/>\n<script type=\"application\/ld+json\" class=\"yoast-schema-graph\">{\"@context\":\"https:\\\/\\\/schema.org\",\"@graph\":[{\"@type\":\"Article\",\"@id\":\"https:\\\/\\\/www.coeurssansfrontieres.com\\\/fr\\\/recherches\\\/recherches-abouties\\\/615-oberseebach-wissembourg\\\/#article\",\"isPartOf\":{\"@id\":\"https:\\\/\\\/www.coeurssansfrontieres.com\\\/fr\\\/recherches\\\/recherches-abouties\\\/615-oberseebach-wissembourg\\\/\"},\"author\":{\"name\":\"GOFFIN Alexandre\",\"@id\":\"https:\\\/\\\/www.coeurssansfrontieres.com\\\/fr\\\/#\\\/schema\\\/person\\\/19507754554eb5218427fc31038cac56\"},\"headline\":\"615\u00a0 Oberseebach \\\/\u00a0WISSEMBOURG\",\"datePublished\":\"2015-12-31T10:42:08+00:00\",\"dateModified\":\"2019-03-03T16:29:23+00:00\",\"mainEntityOfPage\":{\"@id\":\"https:\\\/\\\/www.coeurssansfrontieres.com\\\/fr\\\/recherches\\\/recherches-abouties\\\/615-oberseebach-wissembourg\\\/\"},\"wordCount\":572,\"image\":{\"@id\":\"https:\\\/\\\/www.coeurssansfrontieres.com\\\/fr\\\/recherches\\\/recherches-abouties\\\/615-oberseebach-wissembourg\\\/#primaryimage\"},\"thumbnailUrl\":\"https:\\\/\\\/www.coeurssansfrontieres.com\\\/wp-content\\\/uploads\\\/2017\\\/08\\\/Retrouvailles-ombre.png\",\"articleSection\":[\"Recherches\",\"Recherches abouties\"],\"inLanguage\":\"fr-FR\"},{\"@type\":\"WebPage\",\"@id\":\"https:\\\/\\\/www.coeurssansfrontieres.com\\\/fr\\\/recherches\\\/recherches-abouties\\\/615-oberseebach-wissembourg\\\/\",\"url\":\"https:\\\/\\\/www.coeurssansfrontieres.com\\\/fr\\\/recherches\\\/recherches-abouties\\\/615-oberseebach-wissembourg\\\/\",\"name\":\"615\u00a0 Oberseebach \\\/\u00a0WISSEMBOURG - CSF - HOG\",\"isPartOf\":{\"@id\":\"https:\\\/\\\/www.coeurssansfrontieres.com\\\/fr\\\/#website\"},\"primaryImageOfPage\":{\"@id\":\"https:\\\/\\\/www.coeurssansfrontieres.com\\\/fr\\\/recherches\\\/recherches-abouties\\\/615-oberseebach-wissembourg\\\/#primaryimage\"},\"image\":{\"@id\":\"https:\\\/\\\/www.coeurssansfrontieres.com\\\/fr\\\/recherches\\\/recherches-abouties\\\/615-oberseebach-wissembourg\\\/#primaryimage\"},\"thumbnailUrl\":\"https:\\\/\\\/www.coeurssansfrontieres.com\\\/wp-content\\\/uploads\\\/2017\\\/08\\\/Retrouvailles-ombre.png\",\"datePublished\":\"2015-12-31T10:42:08+00:00\",\"dateModified\":\"2019-03-03T16:29:23+00:00\",\"author\":{\"@id\":\"https:\\\/\\\/www.coeurssansfrontieres.com\\\/fr\\\/#\\\/schema\\\/person\\\/19507754554eb5218427fc31038cac56\"},\"breadcrumb\":{\"@id\":\"https:\\\/\\\/www.coeurssansfrontieres.com\\\/fr\\\/recherches\\\/recherches-abouties\\\/615-oberseebach-wissembourg\\\/#breadcrumb\"},\"inLanguage\":\"fr-FR\",\"potentialAction\":[{\"@type\":\"ReadAction\",\"target\":[\"https:\\\/\\\/www.coeurssansfrontieres.com\\\/fr\\\/recherches\\\/recherches-abouties\\\/615-oberseebach-wissembourg\\\/\"]}]},{\"@type\":\"ImageObject\",\"inLanguage\":\"fr-FR\",\"@id\":\"https:\\\/\\\/www.coeurssansfrontieres.com\\\/fr\\\/recherches\\\/recherches-abouties\\\/615-oberseebach-wissembourg\\\/#primaryimage\",\"url\":\"https:\\\/\\\/www.coeurssansfrontieres.com\\\/wp-content\\\/uploads\\\/2017\\\/08\\\/Retrouvailles-ombre.png\",\"contentUrl\":\"https:\\\/\\\/www.coeurssansfrontieres.com\\\/wp-content\\\/uploads\\\/2017\\\/08\\\/Retrouvailles-ombre.png\",\"width\":123,\"height\":123},{\"@type\":\"BreadcrumbList\",\"@id\":\"https:\\\/\\\/www.coeurssansfrontieres.com\\\/fr\\\/recherches\\\/recherches-abouties\\\/615-oberseebach-wissembourg\\\/#breadcrumb\",\"itemListElement\":[{\"@type\":\"ListItem\",\"position\":1,\"name\":\"Accueil\",\"item\":\"https:\\\/\\\/www.coeurssansfrontieres.com\\\/fr\\\/\"},{\"@type\":\"ListItem\",\"position\":2,\"name\":\"615\u00a0 Oberseebach \\\/\u00a0WISSEMBOURG\"}]},{\"@type\":\"WebSite\",\"@id\":\"https:\\\/\\\/www.coeurssansfrontieres.com\\\/fr\\\/#website\",\"url\":\"https:\\\/\\\/www.coeurssansfrontieres.com\\\/fr\\\/\",\"name\":\"C\u0153urs sans fronti\u00e8res\",\"description\":\"Association franco-allemande des Enfants de la Seconde Guerre Mondiale\",\"potentialAction\":[{\"@type\":\"SearchAction\",\"target\":{\"@type\":\"EntryPoint\",\"urlTemplate\":\"https:\\\/\\\/www.coeurssansfrontieres.com\\\/fr\\\/?s={search_term_string}\"},\"query-input\":{\"@type\":\"PropertyValueSpecification\",\"valueRequired\":true,\"valueName\":\"search_term_string\"}}],\"inLanguage\":\"fr-FR\"},{\"@type\":\"Person\",\"@id\":\"https:\\\/\\\/www.coeurssansfrontieres.com\\\/fr\\\/#\\\/schema\\\/person\\\/19507754554eb5218427fc31038cac56\",\"name\":\"GOFFIN Alexandre\"}]}<\/script>\n<!-- \/ Yoast SEO plugin. -->","yoast_head_json":{"title":"615\u00a0 Oberseebach \/\u00a0WISSEMBOURG - CSF - HOG","robots":{"index":"index","follow":"follow","max-snippet":"max-snippet:-1","max-image-preview":"max-image-preview:large","max-video-preview":"max-video-preview:-1"},"canonical":"https:\/\/www.coeurssansfrontieres.com\/fr\/recherches\/recherches-abouties\/615-oberseebach-wissembourg\/","og_locale":"fr_FR","og_type":"article","og_title":"615\u00a0 Oberseebach \/\u00a0WISSEMBOURG - CSF - HOG","og_description":"N\u00b0 615\u00a0 Catherine recherche son grand-p\u00e8re Roumain. Sa grand-m\u00e8re, habitait Oberseebach (Bas-Rhin) quand elle a connu son grand p\u00e8re. Il \u00e9tait soldat allemand d\u2019origine roumaine, selon les informations obtenues en Alsace, il travaillait dans une ferme \u00e0 Oberseebach. Il \u00e9tait mari\u00e9 et avait des enfants, ce qui laisse supposer qu\u2019il avait entre 25 et 35 [&hellip;]","og_url":"https:\/\/www.coeurssansfrontieres.com\/fr\/recherches\/recherches-abouties\/615-oberseebach-wissembourg\/","og_site_name":"CSF - HOG","article_published_time":"2015-12-31T10:42:08+00:00","article_modified_time":"2019-03-03T16:29:23+00:00","og_image":[{"width":123,"height":123,"url":"https:\/\/www.coeurssansfrontieres.com\/wp-content\/uploads\/2017\/08\/Retrouvailles-ombre.png","type":"image\/png"}],"author":"GOFFIN Alexandre","twitter_card":"summary_large_image","twitter_misc":{"\u00c9crit par":"GOFFIN Alexandre","Dur\u00e9e de lecture estim\u00e9e":"3 minutes"},"schema":{"@context":"https:\/\/schema.org","@graph":[{"@type":"Article","@id":"https:\/\/www.coeurssansfrontieres.com\/fr\/recherches\/recherches-abouties\/615-oberseebach-wissembourg\/#article","isPartOf":{"@id":"https:\/\/www.coeurssansfrontieres.com\/fr\/recherches\/recherches-abouties\/615-oberseebach-wissembourg\/"},"author":{"name":"GOFFIN Alexandre","@id":"https:\/\/www.coeurssansfrontieres.com\/fr\/#\/schema\/person\/19507754554eb5218427fc31038cac56"},"headline":"615\u00a0 Oberseebach \/\u00a0WISSEMBOURG","datePublished":"2015-12-31T10:42:08+00:00","dateModified":"2019-03-03T16:29:23+00:00","mainEntityOfPage":{"@id":"https:\/\/www.coeurssansfrontieres.com\/fr\/recherches\/recherches-abouties\/615-oberseebach-wissembourg\/"},"wordCount":572,"image":{"@id":"https:\/\/www.coeurssansfrontieres.com\/fr\/recherches\/recherches-abouties\/615-oberseebach-wissembourg\/#primaryimage"},"thumbnailUrl":"https:\/\/www.coeurssansfrontieres.com\/wp-content\/uploads\/2017\/08\/Retrouvailles-ombre.png","articleSection":["Recherches","Recherches abouties"],"inLanguage":"fr-FR"},{"@type":"WebPage","@id":"https:\/\/www.coeurssansfrontieres.com\/fr\/recherches\/recherches-abouties\/615-oberseebach-wissembourg\/","url":"https:\/\/www.coeurssansfrontieres.com\/fr\/recherches\/recherches-abouties\/615-oberseebach-wissembourg\/","name":"615\u00a0 Oberseebach \/\u00a0WISSEMBOURG - CSF - HOG","isPartOf":{"@id":"https:\/\/www.coeurssansfrontieres.com\/fr\/#website"},"primaryImageOfPage":{"@id":"https:\/\/www.coeurssansfrontieres.com\/fr\/recherches\/recherches-abouties\/615-oberseebach-wissembourg\/#primaryimage"},"image":{"@id":"https:\/\/www.coeurssansfrontieres.com\/fr\/recherches\/recherches-abouties\/615-oberseebach-wissembourg\/#primaryimage"},"thumbnailUrl":"https:\/\/www.coeurssansfrontieres.com\/wp-content\/uploads\/2017\/08\/Retrouvailles-ombre.png","datePublished":"2015-12-31T10:42:08+00:00","dateModified":"2019-03-03T16:29:23+00:00","author":{"@id":"https:\/\/www.coeurssansfrontieres.com\/fr\/#\/schema\/person\/19507754554eb5218427fc31038cac56"},"breadcrumb":{"@id":"https:\/\/www.coeurssansfrontieres.com\/fr\/recherches\/recherches-abouties\/615-oberseebach-wissembourg\/#breadcrumb"},"inLanguage":"fr-FR","potentialAction":[{"@type":"ReadAction","target":["https:\/\/www.coeurssansfrontieres.com\/fr\/recherches\/recherches-abouties\/615-oberseebach-wissembourg\/"]}]},{"@type":"ImageObject","inLanguage":"fr-FR","@id":"https:\/\/www.coeurssansfrontieres.com\/fr\/recherches\/recherches-abouties\/615-oberseebach-wissembourg\/#primaryimage","url":"https:\/\/www.coeurssansfrontieres.com\/wp-content\/uploads\/2017\/08\/Retrouvailles-ombre.png","contentUrl":"https:\/\/www.coeurssansfrontieres.com\/wp-content\/uploads\/2017\/08\/Retrouvailles-ombre.png","width":123,"height":123},{"@type":"BreadcrumbList","@id":"https:\/\/www.coeurssansfrontieres.com\/fr\/recherches\/recherches-abouties\/615-oberseebach-wissembourg\/#breadcrumb","itemListElement":[{"@type":"ListItem","position":1,"name":"Accueil","item":"https:\/\/www.coeurssansfrontieres.com\/fr\/"},{"@type":"ListItem","position":2,"name":"615\u00a0 Oberseebach \/\u00a0WISSEMBOURG"}]},{"@type":"WebSite","@id":"https:\/\/www.coeurssansfrontieres.com\/fr\/#website","url":"https:\/\/www.coeurssansfrontieres.com\/fr\/","name":"C\u0153urs sans fronti\u00e8res","description":"Association franco-allemande des Enfants de la Seconde Guerre Mondiale","potentialAction":[{"@type":"SearchAction","target":{"@type":"EntryPoint","urlTemplate":"https:\/\/www.coeurssansfrontieres.com\/fr\/?s={search_term_string}"},"query-input":{"@type":"PropertyValueSpecification","valueRequired":true,"valueName":"search_term_string"}}],"inLanguage":"fr-FR"},{"@type":"Person","@id":"https:\/\/www.coeurssansfrontieres.com\/fr\/#\/schema\/person\/19507754554eb5218427fc31038cac56","name":"GOFFIN Alexandre"}]}},"_links":{"self":[{"href":"https:\/\/www.coeurssansfrontieres.com\/fr\/wp-json\/wp\/v2\/posts\/2666","targetHints":{"allow":["GET"]}}],"collection":[{"href":"https:\/\/www.coeurssansfrontieres.com\/fr\/wp-json\/wp\/v2\/posts"}],"about":[{"href":"https:\/\/www.coeurssansfrontieres.com\/fr\/wp-json\/wp\/v2\/types\/post"}],"author":[{"embeddable":true,"href":"https:\/\/www.coeurssansfrontieres.com\/fr\/wp-json\/wp\/v2\/users\/249"}],"replies":[{"embeddable":true,"href":"https:\/\/www.coeurssansfrontieres.com\/fr\/wp-json\/wp\/v2\/comments?post=2666"}],"version-history":[{"count":0,"href":"https:\/\/www.coeurssansfrontieres.com\/fr\/wp-json\/wp\/v2\/posts\/2666\/revisions"}],"wp:featuredmedia":[{"embeddable":true,"href":"https:\/\/www.coeurssansfrontieres.com\/fr\/wp-json\/wp\/v2\/media\/5184"}],"wp:attachment":[{"href":"https:\/\/www.coeurssansfrontieres.com\/fr\/wp-json\/wp\/v2\/media?parent=2666"}],"wp:term":[{"taxonomy":"category","embeddable":true,"href":"https:\/\/www.coeurssansfrontieres.com\/fr\/wp-json\/wp\/v2\/categories?post=2666"},{"taxonomy":"post_tag","embeddable":true,"href":"https:\/\/www.coeurssansfrontieres.com\/fr\/wp-json\/wp\/v2\/tags?post=2666"}],"curies":[{"name":"wp","href":"https:\/\/api.w.org\/{rel}","templated":true}]}}