{"id":2807,"date":"2015-12-25T18:03:45","date_gmt":"2015-12-25T17:03:45","guid":{"rendered":"http:\/\/www.coeurssansfrontieres.com\/fr\/?p=2807"},"modified":"2017-11-04T12:01:57","modified_gmt":"2017-11-04T11:01:57","slug":"420-henri","status":"publish","type":"post","link":"https:\/\/www.coeurssansfrontieres.com\/fr\/recherches\/420-henri\/","title":{"rendered":"420 Henri"},"content":{"rendered":"<p>[et_pb_section admin_label=\u00a0\u00bbsection\u00a0\u00bb][et_pb_row admin_label=\u00a0\u00bbrow\u00a0\u00bb make_fullwidth=\u00a0\u00bbon\u00a0\u00bb use_custom_width=\u00a0\u00bboff\u00a0\u00bb width_unit=\u00a0\u00bbon\u00a0\u00bb use_custom_gutter=\u00a0\u00bboff\u00a0\u00bb padding_mobile=\u00a0\u00bboff\u00a0\u00bb allow_player_pause=\u00a0\u00bboff\u00a0\u00bb parallax=\u00a0\u00bboff\u00a0\u00bb parallax_method=\u00a0\u00bboff\u00a0\u00bb make_equal=\u00a0\u00bboff\u00a0\u00bb parallax_1=\u00a0\u00bboff\u00a0\u00bb parallax_method_1=\u00a0\u00bboff\u00a0\u00bb parallax_2=\u00a0\u00bboff\u00a0\u00bb parallax_method_2=\u00a0\u00bboff\u00a0\u00bb parallax_3=\u00a0\u00bboff\u00a0\u00bb parallax_method_3=\u00a0\u00bboff\u00a0\u00bb column_padding_mobile=\u00a0\u00bbon\u00a0\u00bb][et_pb_column type=\u00a0\u00bb1_4&Prime;][et_pb_image admin_label=\u00a0\u00bbImage\u00a0\u00bb src=\u00a0\u00bbhttps:\/\/www.coeurssansfrontieres.com\/wp-content\/uploads\/2017\/07\/141020lq044a.jpg\u00a0\u00bb show_in_lightbox=\u00a0\u00bbon\u00a0\u00bb url_new_window=\u00a0\u00bbon\u00a0\u00bb use_overlay=\u00a0\u00bbon\u00a0\u00bb animation=\u00a0\u00bboff\u00a0\u00bb sticky=\u00a0\u00bboff\u00a0\u00bb align=\u00a0\u00bbcenter\u00a0\u00bb force_fullwidth=\u00a0\u00bbon\u00a0\u00bb always_center_on_mobile=\u00a0\u00bbon\u00a0\u00bb use_border_color=\u00a0\u00bboff\u00a0\u00bb border_color=\u00a0\u00bb#ffffff\u00a0\u00bb border_style=\u00a0\u00bbsolid\u00a0\u00bb hover_icon=\u00a0\u00bb%%52%%\u00a0\u00bb max_width=\u00a0\u00bb200px\u00a0\u00bb] [\/et_pb_image][et_pb_text admin_label=\u00a0\u00bbTexte\u00a0\u00bb background_layout=\u00a0\u00bblight\u00a0\u00bb text_orientation=\u00a0\u00bbleft\u00a0\u00bb use_border_color=\u00a0\u00bboff\u00a0\u00bb border_color=\u00a0\u00bb#ffffff\u00a0\u00bb border_style=\u00a0\u00bbsolid\u00a0\u00bb]<\/p>\n<p style=\"text-align: center;\">Henri<\/p>\n<p>[\/et_pb_text][\/et_pb_column][et_pb_column type=\u00a0\u00bb1_2&Prime;][et_pb_post_title admin_label=\u00a0\u00bbTitre du poste\u00a0\u00bb title=\u00a0\u00bbon\u00a0\u00bb meta=\u00a0\u00bboff\u00a0\u00bb author=\u00a0\u00bbon\u00a0\u00bb date=\u00a0\u00bbon\u00a0\u00bb categories=\u00a0\u00bbon\u00a0\u00bb comments=\u00a0\u00bbon\u00a0\u00bb featured_image=\u00a0\u00bboff\u00a0\u00bb featured_placement=\u00a0\u00bbbelow\u00a0\u00bb parallax_effect=\u00a0\u00bbon\u00a0\u00bb parallax_method=\u00a0\u00bbon\u00a0\u00bb text_orientation=\u00a0\u00bbcenter\u00a0\u00bb text_color=\u00a0\u00bbdark\u00a0\u00bb text_background=\u00a0\u00bboff\u00a0\u00bb text_bg_color=\u00a0\u00bbrgba(255,255,255,0.9)\u00a0\u00bb module_bg_color=\u00a0\u00bbrgba(255,255,255,0)\u00a0\u00bb title_all_caps=\u00a0\u00bboff\u00a0\u00bb use_border_color=\u00a0\u00bboff\u00a0\u00bb border_color=\u00a0\u00bb#ffffff\u00a0\u00bb border_style=\u00a0\u00bbsolid\u00a0\u00bb] [\/et_pb_post_title][et_pb_button admin_label=\u00a0\u00bbContact Gestion Recherches\u00a0\u00bb button_url=\u00a0\u00bbhttps:\/\/www.coeurssansfrontieres.com\/fr\/contacts\/roume-georges\/\u00a0\u00bb url_new_window=\u00a0\u00bbon\u00a0\u00bb button_alignment=\u00a0\u00bbcenter\u00a0\u00bb background_layout=\u00a0\u00bbdark\u00a0\u00bb custom_button=\u00a0\u00bbon\u00a0\u00bb button_letter_spacing=\u00a0\u00bb0&Prime; button_use_icon=\u00a0\u00bbon\u00a0\u00bb button_icon_placement=\u00a0\u00bbleft\u00a0\u00bb button_on_hover=\u00a0\u00bboff\u00a0\u00bb button_letter_spacing_hover=\u00a0\u00bb0&Prime; button_text=\u00a0\u00bbPour contacter les gestionnaires de cette recherche\u00a0\u00bb button_icon=\u00a0\u00bb%%109%%\u00a0\u00bb button_border_radius=\u00a0\u00bb50&Prime; button_font=\u00a0\u00bb|on|on||\u00a0\u00bb button_bg_color=\u00a0\u00bb#ad6baf\u00a0\u00bb button_border_color=\u00a0\u00bb#ae44af\u00a0\u00bb saved_tabs=\u00a0\u00bball\u00a0\u00bb] [\/et_pb_button][et_pb_text admin_label=\u00a0\u00bbTexte\u00a0\u00bb background_layout=\u00a0\u00bblight\u00a0\u00bb text_orientation=\u00a0\u00bbleft\u00a0\u00bb use_border_color=\u00a0\u00bboff\u00a0\u00bb border_color=\u00a0\u00bb#ffffff\u00a0\u00bb border_style=\u00a0\u00bbsolid\u00a0\u00bb]<\/p>\n<p><strong>N\u00b0420 RESOLU<br \/>\n<\/strong><\/p>\n<p>Guy est n\u00e9 le 7 f\u00e9vrier 1945 \u00e0 Dijon en C\u00f4te d\u2019Or (France), de p\u00e8re inconnu. Il a en 3\u00e8me pr\u00e9nom \u00ab Henri \u00bb, que sa maman lui a donn\u00e9 en souvenir de son p\u00e8re.<\/p>\n<p>Sa maman, Simone, n\u00e9e le 30 octobre 1918 \u00e0 Dijon, d\u00e9c\u00e9d\u00e9e le 2 d\u00e9cembre 2010, s\u2019est mari\u00e9e en mai 1946 avec Lucien qui a reconnu et l\u00e9gitim\u00e9 Guy ce jour-l\u00e0.<\/p>\n<p>Guy a appris \u00e0 50 ans que Lucien n\u2019\u00e9tait pas son vrai p\u00e8re. Celui-ci se pr\u00e9nommait <big>Henri (Heinrich)<\/big>, militaire d\u2019origine tch\u00e8que, il \u00e9tait plus jeune que Simone.<\/p>\n<p>Il avait \u00e9t\u00e9 enr\u00f4l\u00e9 dans l\u2019arm\u00e9e allemande, l\u2019arm\u00e9e de terre.<\/p>\n<p>Simone et Henri se sont connus \u00e0 l<strong>\u2019h\u00f4pital militaire Montmuzard \u00e0 Dijon<\/strong> (occup\u00e9 par les Allemands), o\u00f9 Simone travaillait comme femme de service.<\/p>\n<p>On ne sait pas s\u2019il travaillait \u00e0 l\u2019h\u00f4pital ou s\u2019il y s\u00e9journait pour une blessure ou une maladie.<\/p>\n<p>Il semblerait qu\u2019il logeait dans une caserne, sans doute <strong>la caserne Vaillant ou la caserne Junot \u00e0 Dijon<\/strong> (occup\u00e9es par les Allemands).<\/p>\n<p>Ces casernes se trouvaient \u00e0 proximit\u00e9 de la place de la R\u00e9publique \u00e0 Dijon.<\/p>\n<p>Simone logeait avec une amie (peut-\u00eatre une coll\u00e8gue !) \u00e0 <strong>l\u2019h\u00f4tel de l\u2019Etoile place de la R\u00e9publique \u00e0 Dijon<\/strong>.<\/p>\n<p>D\u2019apr\u00e8s Simone, Henri partait quelquefois en man\u0153uvre la journ\u00e9e et le soir il rentrait \u00e0 la caserne !<\/p>\n<p><strong>Henri lui aurait dit qu\u2019il \u00e9tait d\u00e9serteur, qu\u2019il se cachait,<\/strong> mais on ne sait pas \u00e0 quel moment, qu\u2019il avait un pistolet sur lui, que s\u2019il se faisait prendre, il se suiciderait !<\/p>\n<p>Tous les deux auraient quitt\u00e9 l\u2019h\u00f4pital avec d\u2019autres soldats et d\u2019autres employ\u00e9es de l\u2019h\u00f4pital, dans le but de rejoindre leur pays, mais ils auraient \u00e9t\u00e9 arr\u00eat\u00e9s par les FFI, suite \u00e0 une d\u00e9nonciation d\u2019un employ\u00e9 de l\u2019h\u00f4pital qui faisait partie des FFI !<\/p>\n<p>On ne sait pas o\u00f9 et quand ils ont \u00e9t\u00e9 arr\u00eat\u00e9s !<\/p>\n<p>Les femmes auraient \u00e9t\u00e9 ramen\u00e9es \u00e0 l\u2019h\u00f4pital mais on ne sait pas ce que les FFI auraient fait des soldats allemands ! (ex\u00e9cut\u00e9s, prisonniers ???).<\/p>\n<p><em>Nous nous adressons aux familles allemandes qui pourraient avoir un parent ou un proche ayant stationn\u00e9 \u00e0 Dijon, principalement en 1944, dans une caserne ou \u00e0 l\u2019h\u00f4pital militaire Montmuzard de Dijon, ou qui connaissait l\u2019h\u00f4tel de l\u2019Etoile \u00e0 Dijon, ou bien qui aurait connu un certain \u00ab Henri ou Heinrich \u00bb d\u2019origine tch\u00e8que.<\/em><\/p>\n<p>Peut-\u00eatre \u00e9tait-il originaire des Sud\u00e8tes, ceux-ci ayant \u00e9t\u00e9 incorpor\u00e9s dans l\u2019arm\u00e9e allemande !<\/p>\n<p>Merci \u00e0 toutes les personnes qui pourront nous aider.<\/p>\n<p>[\/et_pb_text][\/et_pb_column][et_pb_column type=\u00a0\u00bb1_4&Prime;][et_pb_sidebar admin_label=\u00a0\u00bbBarre lat\u00e9rale\u00a0\u00bb orientation=\u00a0\u00bbright\u00a0\u00bb area=\u00a0\u00bbet_pb_widget_area_10&Prime; background_layout=\u00a0\u00bblight\u00a0\u00bb remove_border=\u00a0\u00bboff\u00a0\u00bb header_font=\u00a0\u00bb|on|||\u00a0\u00bb body_line_height=\u00a0\u00bb2em\u00a0\u00bb] [\/et_pb_sidebar][\/et_pb_column][\/et_pb_row][\/et_pb_section]<\/p>\n","protected":false},"excerpt":{"rendered":"<p>Henri N\u00b0420 RESOLU Guy est n\u00e9 le 7 f\u00e9vrier 1945 \u00e0 Dijon en C\u00f4te d\u2019Or (France), de p\u00e8re inconnu. Il a en 3\u00e8me pr\u00e9nom \u00ab Henri \u00bb, que sa maman lui a donn\u00e9 en souvenir de son p\u00e8re. Sa maman, Simone, n\u00e9e le 30 octobre 1918 \u00e0 Dijon, d\u00e9c\u00e9d\u00e9e le 2 d\u00e9cembre 2010, s\u2019est mari\u00e9e [&hellip;]<\/p>\n","protected":false},"author":249,"featured_media":2810,"comment_status":"closed","ping_status":"closed","sticky":false,"template":"","format":"standard","meta":{"_et_pb_use_builder":"on","_et_pb_old_content":"","_et_gb_content_width":"","footnotes":""},"categories":[159,160],"tags":[],"class_list":["post-2807","post","type-post","status-publish","format-standard","has-post-thumbnail","hentry","category-recherches","category-recherches-abouties"],"yoast_head":"<!-- This site is optimized with the Yoast SEO plugin v27.5 - https:\/\/yoast.com\/product\/yoast-seo-wordpress\/ -->\n<title>420 Henri - CSF - HOG<\/title>\n<meta name=\"robots\" content=\"index, follow, max-snippet:-1, max-image-preview:large, max-video-preview:-1\" \/>\n<link rel=\"canonical\" href=\"https:\/\/www.coeurssansfrontieres.com\/fr\/recherches\/420-henri\/\" \/>\n<meta property=\"og:locale\" content=\"fr_FR\" \/>\n<meta property=\"og:type\" content=\"article\" \/>\n<meta property=\"og:title\" content=\"420 Henri - CSF - HOG\" \/>\n<meta property=\"og:description\" content=\"Henri N\u00b0420 RESOLU Guy est n\u00e9 le 7 f\u00e9vrier 1945 \u00e0 Dijon en C\u00f4te d\u2019Or (France), de p\u00e8re inconnu. Il a en 3\u00e8me pr\u00e9nom \u00ab Henri \u00bb, que sa maman lui a donn\u00e9 en souvenir de son p\u00e8re. Sa maman, Simone, n\u00e9e le 30 octobre 1918 \u00e0 Dijon, d\u00e9c\u00e9d\u00e9e le 2 d\u00e9cembre 2010, s\u2019est mari\u00e9e [&hellip;]\" \/>\n<meta property=\"og:url\" content=\"https:\/\/www.coeurssansfrontieres.com\/fr\/recherches\/420-henri\/\" \/>\n<meta property=\"og:site_name\" content=\"CSF - HOG\" \/>\n<meta property=\"article:published_time\" content=\"2015-12-25T17:03:45+00:00\" \/>\n<meta property=\"article:modified_time\" content=\"2017-11-04T11:01:57+00:00\" \/>\n<meta property=\"og:image\" content=\"https:\/\/www.coeurssansfrontieres.com\/wp-content\/uploads\/2017\/07\/141020lq044a-small.jpg\" \/>\n\t<meta property=\"og:image:width\" content=\"200\" \/>\n\t<meta property=\"og:image:height\" content=\"200\" \/>\n\t<meta property=\"og:image:type\" content=\"image\/jpeg\" \/>\n<meta name=\"author\" content=\"GOFFIN Alexandre\" \/>\n<meta name=\"twitter:card\" content=\"summary_large_image\" \/>\n<meta name=\"twitter:label1\" content=\"\u00c9crit par\" \/>\n\t<meta name=\"twitter:data1\" content=\"GOFFIN Alexandre\" \/>\n\t<meta name=\"twitter:label2\" content=\"Dur\u00e9e de lecture estim\u00e9e\" \/>\n\t<meta name=\"twitter:data2\" content=\"4 minutes\" \/>\n<script type=\"application\/ld+json\" class=\"yoast-schema-graph\">{\"@context\":\"https:\\\/\\\/schema.org\",\"@graph\":[{\"@type\":\"Article\",\"@id\":\"https:\\\/\\\/www.coeurssansfrontieres.com\\\/fr\\\/recherches\\\/420-henri\\\/#article\",\"isPartOf\":{\"@id\":\"https:\\\/\\\/www.coeurssansfrontieres.com\\\/fr\\\/recherches\\\/420-henri\\\/\"},\"author\":{\"name\":\"GOFFIN Alexandre\",\"@id\":\"https:\\\/\\\/www.coeurssansfrontieres.com\\\/fr\\\/#\\\/schema\\\/person\\\/19507754554eb5218427fc31038cac56\"},\"headline\":\"420 Henri\",\"datePublished\":\"2015-12-25T17:03:45+00:00\",\"dateModified\":\"2017-11-04T11:01:57+00:00\",\"mainEntityOfPage\":{\"@id\":\"https:\\\/\\\/www.coeurssansfrontieres.com\\\/fr\\\/recherches\\\/420-henri\\\/\"},\"wordCount\":827,\"image\":{\"@id\":\"https:\\\/\\\/www.coeurssansfrontieres.com\\\/fr\\\/recherches\\\/420-henri\\\/#primaryimage\"},\"thumbnailUrl\":\"https:\\\/\\\/www.coeurssansfrontieres.com\\\/wp-content\\\/uploads\\\/2017\\\/07\\\/141020lq044a-small.jpg\",\"articleSection\":[\"Recherches\",\"Recherches abouties\"],\"inLanguage\":\"fr-FR\"},{\"@type\":\"WebPage\",\"@id\":\"https:\\\/\\\/www.coeurssansfrontieres.com\\\/fr\\\/recherches\\\/420-henri\\\/\",\"url\":\"https:\\\/\\\/www.coeurssansfrontieres.com\\\/fr\\\/recherches\\\/420-henri\\\/\",\"name\":\"420 Henri - CSF - HOG\",\"isPartOf\":{\"@id\":\"https:\\\/\\\/www.coeurssansfrontieres.com\\\/fr\\\/#website\"},\"primaryImageOfPage\":{\"@id\":\"https:\\\/\\\/www.coeurssansfrontieres.com\\\/fr\\\/recherches\\\/420-henri\\\/#primaryimage\"},\"image\":{\"@id\":\"https:\\\/\\\/www.coeurssansfrontieres.com\\\/fr\\\/recherches\\\/420-henri\\\/#primaryimage\"},\"thumbnailUrl\":\"https:\\\/\\\/www.coeurssansfrontieres.com\\\/wp-content\\\/uploads\\\/2017\\\/07\\\/141020lq044a-small.jpg\",\"datePublished\":\"2015-12-25T17:03:45+00:00\",\"dateModified\":\"2017-11-04T11:01:57+00:00\",\"author\":{\"@id\":\"https:\\\/\\\/www.coeurssansfrontieres.com\\\/fr\\\/#\\\/schema\\\/person\\\/19507754554eb5218427fc31038cac56\"},\"breadcrumb\":{\"@id\":\"https:\\\/\\\/www.coeurssansfrontieres.com\\\/fr\\\/recherches\\\/420-henri\\\/#breadcrumb\"},\"inLanguage\":\"fr-FR\",\"potentialAction\":[{\"@type\":\"ReadAction\",\"target\":[\"https:\\\/\\\/www.coeurssansfrontieres.com\\\/fr\\\/recherches\\\/420-henri\\\/\"]}]},{\"@type\":\"ImageObject\",\"inLanguage\":\"fr-FR\",\"@id\":\"https:\\\/\\\/www.coeurssansfrontieres.com\\\/fr\\\/recherches\\\/420-henri\\\/#primaryimage\",\"url\":\"https:\\\/\\\/www.coeurssansfrontieres.com\\\/wp-content\\\/uploads\\\/2017\\\/07\\\/141020lq044a-small.jpg\",\"contentUrl\":\"https:\\\/\\\/www.coeurssansfrontieres.com\\\/wp-content\\\/uploads\\\/2017\\\/07\\\/141020lq044a-small.jpg\",\"width\":200,\"height\":200},{\"@type\":\"BreadcrumbList\",\"@id\":\"https:\\\/\\\/www.coeurssansfrontieres.com\\\/fr\\\/recherches\\\/420-henri\\\/#breadcrumb\",\"itemListElement\":[{\"@type\":\"ListItem\",\"position\":1,\"name\":\"Accueil\",\"item\":\"https:\\\/\\\/www.coeurssansfrontieres.com\\\/fr\\\/\"},{\"@type\":\"ListItem\",\"position\":2,\"name\":\"420 Henri\"}]},{\"@type\":\"WebSite\",\"@id\":\"https:\\\/\\\/www.coeurssansfrontieres.com\\\/fr\\\/#website\",\"url\":\"https:\\\/\\\/www.coeurssansfrontieres.com\\\/fr\\\/\",\"name\":\"C\u0153urs sans fronti\u00e8res\",\"description\":\"Association franco-allemande des Enfants de la Seconde Guerre Mondiale\",\"potentialAction\":[{\"@type\":\"SearchAction\",\"target\":{\"@type\":\"EntryPoint\",\"urlTemplate\":\"https:\\\/\\\/www.coeurssansfrontieres.com\\\/fr\\\/?s={search_term_string}\"},\"query-input\":{\"@type\":\"PropertyValueSpecification\",\"valueRequired\":true,\"valueName\":\"search_term_string\"}}],\"inLanguage\":\"fr-FR\"},{\"@type\":\"Person\",\"@id\":\"https:\\\/\\\/www.coeurssansfrontieres.com\\\/fr\\\/#\\\/schema\\\/person\\\/19507754554eb5218427fc31038cac56\",\"name\":\"GOFFIN Alexandre\"}]}<\/script>\n<!-- \/ Yoast SEO plugin. -->","yoast_head_json":{"title":"420 Henri - CSF - HOG","robots":{"index":"index","follow":"follow","max-snippet":"max-snippet:-1","max-image-preview":"max-image-preview:large","max-video-preview":"max-video-preview:-1"},"canonical":"https:\/\/www.coeurssansfrontieres.com\/fr\/recherches\/420-henri\/","og_locale":"fr_FR","og_type":"article","og_title":"420 Henri - CSF - HOG","og_description":"Henri N\u00b0420 RESOLU Guy est n\u00e9 le 7 f\u00e9vrier 1945 \u00e0 Dijon en C\u00f4te d\u2019Or (France), de p\u00e8re inconnu. Il a en 3\u00e8me pr\u00e9nom \u00ab Henri \u00bb, que sa maman lui a donn\u00e9 en souvenir de son p\u00e8re. Sa maman, Simone, n\u00e9e le 30 octobre 1918 \u00e0 Dijon, d\u00e9c\u00e9d\u00e9e le 2 d\u00e9cembre 2010, s\u2019est mari\u00e9e [&hellip;]","og_url":"https:\/\/www.coeurssansfrontieres.com\/fr\/recherches\/420-henri\/","og_site_name":"CSF - HOG","article_published_time":"2015-12-25T17:03:45+00:00","article_modified_time":"2017-11-04T11:01:57+00:00","og_image":[{"width":200,"height":200,"url":"https:\/\/www.coeurssansfrontieres.com\/wp-content\/uploads\/2017\/07\/141020lq044a-small.jpg","type":"image\/jpeg"}],"author":"GOFFIN Alexandre","twitter_card":"summary_large_image","twitter_misc":{"\u00c9crit par":"GOFFIN Alexandre","Dur\u00e9e de lecture estim\u00e9e":"4 minutes"},"schema":{"@context":"https:\/\/schema.org","@graph":[{"@type":"Article","@id":"https:\/\/www.coeurssansfrontieres.com\/fr\/recherches\/420-henri\/#article","isPartOf":{"@id":"https:\/\/www.coeurssansfrontieres.com\/fr\/recherches\/420-henri\/"},"author":{"name":"GOFFIN Alexandre","@id":"https:\/\/www.coeurssansfrontieres.com\/fr\/#\/schema\/person\/19507754554eb5218427fc31038cac56"},"headline":"420 Henri","datePublished":"2015-12-25T17:03:45+00:00","dateModified":"2017-11-04T11:01:57+00:00","mainEntityOfPage":{"@id":"https:\/\/www.coeurssansfrontieres.com\/fr\/recherches\/420-henri\/"},"wordCount":827,"image":{"@id":"https:\/\/www.coeurssansfrontieres.com\/fr\/recherches\/420-henri\/#primaryimage"},"thumbnailUrl":"https:\/\/www.coeurssansfrontieres.com\/wp-content\/uploads\/2017\/07\/141020lq044a-small.jpg","articleSection":["Recherches","Recherches abouties"],"inLanguage":"fr-FR"},{"@type":"WebPage","@id":"https:\/\/www.coeurssansfrontieres.com\/fr\/recherches\/420-henri\/","url":"https:\/\/www.coeurssansfrontieres.com\/fr\/recherches\/420-henri\/","name":"420 Henri - CSF - HOG","isPartOf":{"@id":"https:\/\/www.coeurssansfrontieres.com\/fr\/#website"},"primaryImageOfPage":{"@id":"https:\/\/www.coeurssansfrontieres.com\/fr\/recherches\/420-henri\/#primaryimage"},"image":{"@id":"https:\/\/www.coeurssansfrontieres.com\/fr\/recherches\/420-henri\/#primaryimage"},"thumbnailUrl":"https:\/\/www.coeurssansfrontieres.com\/wp-content\/uploads\/2017\/07\/141020lq044a-small.jpg","datePublished":"2015-12-25T17:03:45+00:00","dateModified":"2017-11-04T11:01:57+00:00","author":{"@id":"https:\/\/www.coeurssansfrontieres.com\/fr\/#\/schema\/person\/19507754554eb5218427fc31038cac56"},"breadcrumb":{"@id":"https:\/\/www.coeurssansfrontieres.com\/fr\/recherches\/420-henri\/#breadcrumb"},"inLanguage":"fr-FR","potentialAction":[{"@type":"ReadAction","target":["https:\/\/www.coeurssansfrontieres.com\/fr\/recherches\/420-henri\/"]}]},{"@type":"ImageObject","inLanguage":"fr-FR","@id":"https:\/\/www.coeurssansfrontieres.com\/fr\/recherches\/420-henri\/#primaryimage","url":"https:\/\/www.coeurssansfrontieres.com\/wp-content\/uploads\/2017\/07\/141020lq044a-small.jpg","contentUrl":"https:\/\/www.coeurssansfrontieres.com\/wp-content\/uploads\/2017\/07\/141020lq044a-small.jpg","width":200,"height":200},{"@type":"BreadcrumbList","@id":"https:\/\/www.coeurssansfrontieres.com\/fr\/recherches\/420-henri\/#breadcrumb","itemListElement":[{"@type":"ListItem","position":1,"name":"Accueil","item":"https:\/\/www.coeurssansfrontieres.com\/fr\/"},{"@type":"ListItem","position":2,"name":"420 Henri"}]},{"@type":"WebSite","@id":"https:\/\/www.coeurssansfrontieres.com\/fr\/#website","url":"https:\/\/www.coeurssansfrontieres.com\/fr\/","name":"C\u0153urs sans fronti\u00e8res","description":"Association franco-allemande des Enfants de la Seconde Guerre Mondiale","potentialAction":[{"@type":"SearchAction","target":{"@type":"EntryPoint","urlTemplate":"https:\/\/www.coeurssansfrontieres.com\/fr\/?s={search_term_string}"},"query-input":{"@type":"PropertyValueSpecification","valueRequired":true,"valueName":"search_term_string"}}],"inLanguage":"fr-FR"},{"@type":"Person","@id":"https:\/\/www.coeurssansfrontieres.com\/fr\/#\/schema\/person\/19507754554eb5218427fc31038cac56","name":"GOFFIN Alexandre"}]}},"_links":{"self":[{"href":"https:\/\/www.coeurssansfrontieres.com\/fr\/wp-json\/wp\/v2\/posts\/2807","targetHints":{"allow":["GET"]}}],"collection":[{"href":"https:\/\/www.coeurssansfrontieres.com\/fr\/wp-json\/wp\/v2\/posts"}],"about":[{"href":"https:\/\/www.coeurssansfrontieres.com\/fr\/wp-json\/wp\/v2\/types\/post"}],"author":[{"embeddable":true,"href":"https:\/\/www.coeurssansfrontieres.com\/fr\/wp-json\/wp\/v2\/users\/249"}],"replies":[{"embeddable":true,"href":"https:\/\/www.coeurssansfrontieres.com\/fr\/wp-json\/wp\/v2\/comments?post=2807"}],"version-history":[{"count":0,"href":"https:\/\/www.coeurssansfrontieres.com\/fr\/wp-json\/wp\/v2\/posts\/2807\/revisions"}],"wp:featuredmedia":[{"embeddable":true,"href":"https:\/\/www.coeurssansfrontieres.com\/fr\/wp-json\/wp\/v2\/media\/2810"}],"wp:attachment":[{"href":"https:\/\/www.coeurssansfrontieres.com\/fr\/wp-json\/wp\/v2\/media?parent=2807"}],"wp:term":[{"taxonomy":"category","embeddable":true,"href":"https:\/\/www.coeurssansfrontieres.com\/fr\/wp-json\/wp\/v2\/categories?post=2807"},{"taxonomy":"post_tag","embeddable":true,"href":"https:\/\/www.coeurssansfrontieres.com\/fr\/wp-json\/wp\/v2\/tags?post=2807"}],"curies":[{"name":"wp","href":"https:\/\/api.w.org\/{rel}","templated":true}]}}