{"id":28089,"date":"2024-12-07T17:03:35","date_gmt":"2024-12-07T16:03:35","guid":{"rendered":"https:\/\/www.coeurssansfrontieres.com\/?p=28089"},"modified":"2024-12-16T18:14:29","modified_gmt":"2024-12-16T17:14:29","slug":"allemand-a-lage-de-81-ans","status":"publish","type":"post","link":"https:\/\/www.coeurssansfrontieres.com\/fr\/documents\/allemand-a-lage-de-81-ans\/","title":{"rendered":"allemand \u00e0 l&rsquo;\u00e2ge de 81 ans"},"content":{"rendered":"<p>[et_pb_section fb_built=\u00a0\u00bb1&Prime; disabled_on=\u00a0\u00bboff|off|off\u00a0\u00bb admin_label=\u00a0\u00bbsection\u00a0\u00bb _builder_version=\u00a0\u00bb4.21.0&Prime; background_color=\u00a0\u00bb#ffffff\u00a0\u00bb background_enable_video_mp4=\u00a0\u00bboff\u00a0\u00bb width=\u00a0\u00bb100%\u00a0\u00bb max_width=\u00a0\u00bb100%\u00a0\u00bb custom_margin=\u00a0\u00bb-200px||||false|false\u00a0\u00bb transparent_background=\u00a0\u00bboff\u00a0\u00bb padding_mobile=\u00a0\u00bboff\u00a0\u00bb make_fullwidth=\u00a0\u00bboff\u00a0\u00bb use_custom_width=\u00a0\u00bboff\u00a0\u00bb width_unit=\u00a0\u00bbon\u00a0\u00bb collapsed=\u00a0\u00bbon\u00a0\u00bb global_colors_info=\u00a0\u00bb{}\u00a0\u00bb][et_pb_row column_structure=\u00a0\u00bb1_4,1_2,1_4&Prime; admin_label=\u00a0\u00bbEn t\u00eate\u00a0\u00bb _builder_version=\u00a0\u00bb4.27.3&Prime; _module_preset=\u00a0\u00bbdefault\u00a0\u00bb max_width=\u00a0\u00bb80%\u00a0\u00bb module_alignment=\u00a0\u00bbcenter\u00a0\u00bb height=\u00a0\u00bb80%\u00a0\u00bb custom_margin=\u00a0\u00bb||||false|false\u00a0\u00bb collapsed=\u00a0\u00bbon\u00a0\u00bb global_colors_info=\u00a0\u00bb{}\u00a0\u00bb][et_pb_column type=\u00a0\u00bb1_4&Prime; _builder_version=\u00a0\u00bb4.22.1&Prime; _module_preset=\u00a0\u00bbdefault\u00a0\u00bb global_colors_info=\u00a0\u00bb{}\u00a0\u00bb][et_pb_image src=\u00a0\u00bbhttps:\/\/www.coeurssansfrontieres.com\/wp-content\/uploads\/2024\/12\/passeport-3.jpg\u00a0\u00bb title_text=\u00a0\u00bbpasseport 3&Prime; show_in_lightbox=\u00a0\u00bbon\u00a0\u00bb align=\u00a0\u00bbcenter\u00a0\u00bb _builder_version=\u00a0\u00bb4.27.4&Prime; _module_preset=\u00a0\u00bbdefault\u00a0\u00bb width=\u00a0\u00bb90%\u00a0\u00bb custom_margin=\u00a0\u00bb10vh||||false|false\u00a0\u00bb custom_css_before=\u00a0\u00bbwidth : 100%!important;||margin-left: auto;||margin-right: auto;\u00a0\u00bb border_radii=\u00a0\u00bbon|25px|25px|25px|25px\u00a0\u00bb box_shadow_style=\u00a0\u00bbpreset2&Prime; locked=\u00a0\u00bboff\u00a0\u00bb global_colors_info=\u00a0\u00bb{}\u00a0\u00bb][\/et_pb_image][\/et_pb_column][et_pb_column type=\u00a0\u00bb1_2&Prime; _builder_version=\u00a0\u00bb4.22.1&Prime; _module_preset=\u00a0\u00bbdefault\u00a0\u00bb global_colors_info=\u00a0\u00bb{}\u00a0\u00bb][et_pb_text disabled_on=\u00a0\u00bboff|off|off\u00a0\u00bb _builder_version=\u00a0\u00bb4.27.4&Prime; _module_preset=\u00a0\u00bbdefault\u00a0\u00bb text_font=\u00a0\u00bb|800|||||||\u00a0\u00bb text_text_color=\u00a0\u00bb#be86c3&Prime; text_font_size=\u00a0\u00bb1.75rem\u00a0\u00bb text_line_height=\u00a0\u00bb2.5rem\u00a0\u00bb header_text_align=\u00a0\u00bbcenter\u00a0\u00bb background_color=\u00a0\u00bbrgba(255,255,255,0.64)\u00a0\u00bb text_orientation=\u00a0\u00bbcenter\u00a0\u00bb module_alignment=\u00a0\u00bbleft\u00a0\u00bb custom_margin=\u00a0\u00bb||2vh||false|false\u00a0\u00bb custom_padding=\u00a0\u00bb2vh||3vh||false|false\u00a0\u00bb text_text_shadow_style=\u00a0\u00bbpreset5&Prime; border_radii=\u00a0\u00bbon|25px|25px|25px|25px\u00a0\u00bb border_width_all=\u00a0\u00bb1px\u00a0\u00bb border_color_all=\u00a0\u00bb#A55BA6&Prime; box_shadow_style=\u00a0\u00bbpreset2&Prime; locked=\u00a0\u00bboff\u00a0\u00bb global_colors_info=\u00a0\u00bb{}\u00a0\u00bb]<\/p>\n<p>Franzose\u00a0wird mit 81 Jahren Deutscher Un Fran\u00e7ais devient allemand \u00e0 81 ans<\/p>\n<p>[\/et_pb_text][et_pb_text admin_label=\u00a0\u00bbintro\u00a0\u00bb _builder_version=\u00a0\u00bb4.27.4&Prime; _module_preset=\u00a0\u00bbdefault\u00a0\u00bb text_font=\u00a0\u00bb|600|on||||||\u00a0\u00bb text_font_size=\u00a0\u00bb0.8rem\u00a0\u00bb text_line_height=\u00a0\u00bb0.9em\u00a0\u00bb text_orientation=\u00a0\u00bbcenter\u00a0\u00bb module_alignment=\u00a0\u00bbcenter\u00a0\u00bb custom_margin=\u00a0\u00bb||0px||false|false\u00a0\u00bb global_colors_info=\u00a0\u00bb{}\u00a0\u00bb]<\/p>\n<p>Ihre Geschichte macht deutlich, wie wichtig es ist,<br \/>die Vergangenheit zu kennen, um die Zukunft aufzubauen\u201c<\/p>\n<p>[\/et_pb_text][et_pb_image src=\u00a0\u00bbhttps:\/\/www.coeurssansfrontieres.com\/wp-content\/uploads\/2024\/12\/TS-02-b.jpg\u00a0\u00bb title_text=\u00a0\u00bbTS 02 b\u00a0\u00bb show_in_lightbox=\u00a0\u00bbon\u00a0\u00bb align=\u00a0\u00bbcenter\u00a0\u00bb disabled_on=\u00a0\u00bboff|off|off\u00a0\u00bb _builder_version=\u00a0\u00bb4.27.4&Prime; _module_preset=\u00a0\u00bbdefault\u00a0\u00bb width=\u00a0\u00bb66%\u00a0\u00bb custom_margin=\u00a0\u00bb1vh||1vh||false|false\u00a0\u00bb custom_css_before=\u00a0\u00bbwidth :70%!important;||margin-left: auto;||margin-right: auto;\u00a0\u00bb custom_css_main_element=\u00a0\u00bbwidth : 50%!important;||margin-left: auto;||margin-right: auto;\u00a0\u00bb border_radii=\u00a0\u00bbon|25px|25px|25px|25px\u00a0\u00bb box_shadow_style=\u00a0\u00bbpreset2&Prime; locked=\u00a0\u00bboff\u00a0\u00bb global_colors_info=\u00a0\u00bb{}\u00a0\u00bb][\/et_pb_image][et_pb_text admin_label=\u00a0\u00bbintro\u00a0\u00bb _builder_version=\u00a0\u00bb4.27.4&Prime; _module_preset=\u00a0\u00bbdefault\u00a0\u00bb text_font=\u00a0\u00bb|600|on||||||\u00a0\u00bb text_font_size=\u00a0\u00bb0.8rem\u00a0\u00bb text_line_height=\u00a0\u00bb0.9em\u00a0\u00bb text_orientation=\u00a0\u00bbcenter\u00a0\u00bb module_alignment=\u00a0\u00bbcenter\u00a0\u00bb custom_margin=\u00a0\u00bb||0px||false|false\u00a0\u00bb global_colors_info=\u00a0\u00bb{}\u00a0\u00bb]<\/p>\n<p>\u00ab Votre histoire met en \u00e9vidence<br \/>l&rsquo;importance de conna\u00eetre le pass\u00e9 pour construire l&rsquo;avenir \u00bb,<\/p>\n<p>[\/et_pb_text][et_pb_button button_url=\u00a0\u00bbhttps:\/\/photos.app.goo.gl\/Vyt44fMjPYxuYxRr6&Prime; button_text=\u00a0\u00bbDas Fotoalbum &#8211; L&rsquo;album photo\u00a0\u00bb button_alignment=\u00a0\u00bbcenter\u00a0\u00bb disabled_on=\u00a0\u00bbon|on|on\u00a0\u00bb admin_label=\u00a0\u00bbBouton retour\u00a0\u00bb _builder_version=\u00a0\u00bb4.27.3&Prime; custom_button=\u00a0\u00bbon\u00a0\u00bb button_text_size=\u00a0\u00bb1.5rem\u00a0\u00bb button_text_color=\u00a0\u00bb#ffffff\u00a0\u00bb button_bg_color=\u00a0\u00bb#be86c3&Prime; button_border_width=\u00a0\u00bb1px\u00a0\u00bb button_border_color=\u00a0\u00bb#ffffff\u00a0\u00bb button_border_radius=\u00a0\u00bb25px\u00a0\u00bb button_font=\u00a0\u00bb|||||on|||\u00a0\u00bb button_icon=\u00a0\u00bb&#xe00f;||divi||400&Prime; button_icon_color=\u00a0\u00bb#ffffff\u00a0\u00bb button_on_hover=\u00a0\u00bboff\u00a0\u00bb background_layout=\u00a0\u00bbdark\u00a0\u00bb custom_margin=\u00a0\u00bb1vh|2rem|0px|2rem|false|false\u00a0\u00bb custom_padding=\u00a0\u00bb1.5rem||1.5rem||false|false\u00a0\u00bb button_text_shadow_style=\u00a0\u00bbpreset1&Prime; box_shadow_style=\u00a0\u00bbpreset4&Prime; box_shadow_horizontal=\u00a0\u00bb3px\u00a0\u00bb box_shadow_vertical=\u00a0\u00bb3px\u00a0\u00bb box_shadow_blur=\u00a0\u00bb3px\u00a0\u00bb box_shadow_spread=\u00a0\u00bb3px\u00a0\u00bb disabled=\u00a0\u00bbon\u00a0\u00bb locked=\u00a0\u00bboff\u00a0\u00bb global_colors_info=\u00a0\u00bb{}\u00a0\u00bb][\/et_pb_button][et_pb_post_title disabled_on=\u00a0\u00bbon|on|on\u00a0\u00bb _builder_version=\u00a0\u00bb4.27.4&Prime; _module_preset=\u00a0\u00bbdefault\u00a0\u00bb disabled=\u00a0\u00bbon\u00a0\u00bb global_colors_info=\u00a0\u00bb{}\u00a0\u00bb][\/et_pb_post_title][\/et_pb_column][et_pb_column type=\u00a0\u00bb1_4&Prime; _builder_version=\u00a0\u00bb4.22.1&Prime; _module_preset=\u00a0\u00bbdefault\u00a0\u00bb global_colors_info=\u00a0\u00bb{}\u00a0\u00bb][et_pb_image src=\u00a0\u00bbhttps:\/\/www.coeurssansfrontieres.com\/wp-content\/uploads\/2024\/12\/TS-03.jpg\u00a0\u00bb title_text=\u00a0\u00bbTS 03&Prime; show_in_lightbox=\u00a0\u00bbon\u00a0\u00bb align=\u00a0\u00bbcenter\u00a0\u00bb _builder_version=\u00a0\u00bb4.27.4&Prime; _module_preset=\u00a0\u00bbdefault\u00a0\u00bb width=\u00a0\u00bb100%\u00a0\u00bb max_width=\u00a0\u00bb100%\u00a0\u00bb height=\u00a0\u00bb100%\u00a0\u00bb custom_margin=\u00a0\u00bb10vh||||false|false\u00a0\u00bb custom_css_before=\u00a0\u00bbwidth :100%!important;||margin-left: auto;||margin-right: auto;\u00a0\u00bb border_radii=\u00a0\u00bbon|25px|25px|25px|25px\u00a0\u00bb box_shadow_style=\u00a0\u00bbpreset2&Prime; locked=\u00a0\u00bboff\u00a0\u00bb global_colors_info=\u00a0\u00bb{}\u00a0\u00bb][\/et_pb_image][et_pb_text admin_label=\u00a0\u00bbintro\u00a0\u00bb _builder_version=\u00a0\u00bb4.27.4&Prime; _module_preset=\u00a0\u00bbdefault\u00a0\u00bb text_font=\u00a0\u00bb|600|on||||||\u00a0\u00bb text_font_size=\u00a0\u00bb0.8rem\u00a0\u00bb text_line_height=\u00a0\u00bb0.9em\u00a0\u00bb global_colors_info=\u00a0\u00bb{}\u00a0\u00bb]<\/p>\n<p>Thierry SOUDAN et l\u2019ambassadeur Stephan Steinlein.<\/p>\n<p>Thierry SOUDAN und Botschafter Stephan Steinlein<\/p>\n<p>[\/et_pb_text][\/et_pb_column][\/et_pb_row][et_pb_row column_structure=\u00a0\u00bb1_3,1_3,1_3&Prime; admin_label=\u00a0\u00bbPr\u00e9sentation\u00a0\u00bb _builder_version=\u00a0\u00bb4.27.4&Prime; _module_preset=\u00a0\u00bbdefault\u00a0\u00bb width=\u00a0\u00bb95%\u00a0\u00bb max_width=\u00a0\u00bb95%\u00a0\u00bb custom_margin=\u00a0\u00bb||0px||false|false\u00a0\u00bb custom_padding=\u00a0\u00bb2vh||0px||false|false\u00a0\u00bb link_option_url=\u00a0\u00bbChap 01&Prime; collapsed=\u00a0\u00bbon\u00a0\u00bb global_colors_info=\u00a0\u00bb{}\u00a0\u00bb][et_pb_column type=\u00a0\u00bb1_3&Prime; _builder_version=\u00a0\u00bb4.27.2&Prime; _module_preset=\u00a0\u00bbdefault\u00a0\u00bb custom_padding=\u00a0\u00bb2vh||||false|false\u00a0\u00bb global_colors_info=\u00a0\u00bb{}\u00a0\u00bb][et_pb_text admin_label=\u00a0\u00bbintro\u00a0\u00bb _builder_version=\u00a0\u00bb4.27.4&Prime; _module_preset=\u00a0\u00bbdefault\u00a0\u00bb text_font=\u00a0\u00bb|600|on||||||\u00a0\u00bb text_font_size=\u00a0\u00bb0.95rem\u00a0\u00bb global_colors_info=\u00a0\u00bb{}\u00a0\u00bb]<\/p>\n<p>Am 6. Juli 2024 erhielt Thierry Soudan aus den H\u00e4nden des deutschen Botschafters Stephan Steinlein die Anerkennung seiner deutschen Staatsangeh\u00f6rigkeit. F\u00fcr Thierry war es das Ende eines langen Weges, der irgendwann nur noch an der schwachen Hoffnung eines Briefes, der auf ein Grab gelegt wurde, festgehalten hatte.<\/p>\n<p>[\/et_pb_text][\/et_pb_column][et_pb_column type=\u00a0\u00bb1_3&Prime; _builder_version=\u00a0\u00bb4.27.4&Prime; _module_preset=\u00a0\u00bbdefault\u00a0\u00bb background_image=\u00a0\u00bbhttps:\/\/www.coeurssansfrontieres.com\/wp-content\/uploads\/2017\/10\/453471651-raye-raie-drapeau-allemand-flotter-battre-des-ailes.jpg\u00a0\u00bb link_option_url=\u00a0\u00bbhttps:\/\/www.n-tv.de\/panorama\/Franzose-wird-mit-81-Jahren-Deutscher-article25062455.html\u00a0\u00bb link_option_url_new_window=\u00a0\u00bbon\u00a0\u00bb border_radii=\u00a0\u00bbon|25px|25px|25px|25px\u00a0\u00bb box_shadow_style=\u00a0\u00bbpreset2&Prime; global_colors_info=\u00a0\u00bb{}\u00a0\u00bb][et_pb_image src=\u00a0\u00bbhttps:\/\/www.coeurssansfrontieres.com\/wp-content\/uploads\/2024\/12\/telechargement.png\u00a0\u00bb title_text=\u00a0\u00bbt\u00e9l\u00e9chargement\u00a0\u00bb show_in_lightbox=\u00a0\u00bbon\u00a0\u00bb align=\u00a0\u00bbcenter\u00a0\u00bb disabled_on=\u00a0\u00bboff|off|off\u00a0\u00bb _builder_version=\u00a0\u00bb4.27.4&Prime; _module_preset=\u00a0\u00bbdefault\u00a0\u00bb width=\u00a0\u00bb25%\u00a0\u00bb max_width=\u00a0\u00bb25%\u00a0\u00bb module_alignment=\u00a0\u00bbcenter\u00a0\u00bb height=\u00a0\u00bb25%\u00a0\u00bb custom_margin=\u00a0\u00bb2vh||||false|false\u00a0\u00bb custom_css_main_element=\u00a0\u00bbwidth : 100%!important;||margin-left: auto;||margin-right: auto;\u00a0\u00bb border_radii=\u00a0\u00bbon|25px|25px|25px|25px\u00a0\u00bb box_shadow_style=\u00a0\u00bbpreset4&Prime; box_shadow_horizontal=\u00a0\u00bb5px\u00a0\u00bb box_shadow_vertical=\u00a0\u00bb5px\u00a0\u00bb global_colors_info=\u00a0\u00bb{}\u00a0\u00bb][\/et_pb_image][et_pb_image src=\u00a0\u00bbhttps:\/\/www.coeurssansfrontieres.com\/wp-content\/uploads\/2024\/12\/NTV.png\u00a0\u00bb title_text=\u00a0\u00bbNTV\u00a0\u00bb show_in_lightbox=\u00a0\u00bbon\u00a0\u00bb align=\u00a0\u00bbcenter\u00a0\u00bb disabled_on=\u00a0\u00bboff|off|off\u00a0\u00bb _builder_version=\u00a0\u00bb4.27.4&Prime; _module_preset=\u00a0\u00bbdefault\u00a0\u00bb width=\u00a0\u00bb25%\u00a0\u00bb max_width=\u00a0\u00bb25%\u00a0\u00bb module_alignment=\u00a0\u00bbcenter\u00a0\u00bb height=\u00a0\u00bb25%\u00a0\u00bb custom_margin=\u00a0\u00bb||2vh||false|false\u00a0\u00bb custom_css_main_element=\u00a0\u00bbwidth : 100%!important;||margin-left: auto;||margin-right: auto;\u00a0\u00bb border_radii=\u00a0\u00bbon|25px|25px|25px|25px\u00a0\u00bb box_shadow_style=\u00a0\u00bbpreset4&Prime; box_shadow_horizontal=\u00a0\u00bb5px\u00a0\u00bb box_shadow_vertical=\u00a0\u00bb5px\u00a0\u00bb global_colors_info=\u00a0\u00bb{}\u00a0\u00bb][\/et_pb_image][\/et_pb_column][et_pb_column type=\u00a0\u00bb1_3&Prime; _builder_version=\u00a0\u00bb4.27.2&Prime; _module_preset=\u00a0\u00bbdefault\u00a0\u00bb custom_padding=\u00a0\u00bb2vh||||false|false\u00a0\u00bb global_colors_info=\u00a0\u00bb{}\u00a0\u00bb][et_pb_text admin_label=\u00a0\u00bbintro\u00a0\u00bb _builder_version=\u00a0\u00bb4.27.4&Prime; _module_preset=\u00a0\u00bbdefault\u00a0\u00bb text_font=\u00a0\u00bb|600|on||||||\u00a0\u00bb text_font_size=\u00a0\u00bb0.95rem\u00a0\u00bb global_colors_info=\u00a0\u00bb{}\u00a0\u00bb]<\/p>\n<p>Ce 6 juillet 2024 Thierry Soudan recevait, des mains de l\u2019ambassadeur d\u2019Allemagne Stephan Steinlein, la reconnaissance de sa nationalit\u00e9 allemande. C\u2019\u00e9tait pour Thierry la fin d\u2019un long parcours qui, a un moment donn\u00e9, n&rsquo;a tenu au maigre espoir d\u2019une lettre d\u00e9pos\u00e9e sur une tombe.<\/p>\n<p>[\/et_pb_text][\/et_pb_column][\/et_pb_row][et_pb_row column_structure=\u00a0\u00bb1_2,1_2&Prime; admin_label=\u00a0\u00bbArticle\u00a0\u00bb _builder_version=\u00a0\u00bb4.27.4&Prime; _module_preset=\u00a0\u00bbdefault\u00a0\u00bb width=\u00a0\u00bb95%\u00a0\u00bb max_width=\u00a0\u00bb95%\u00a0\u00bb custom_margin=\u00a0\u00bb||0px||false|false\u00a0\u00bb custom_padding=\u00a0\u00bb||0px||false|false\u00a0\u00bb link_option_url=\u00a0\u00bbChap 01&Prime; collapsed=\u00a0\u00bbon\u00a0\u00bb global_colors_info=\u00a0\u00bb{}\u00a0\u00bb][et_pb_column type=\u00a0\u00bb1_2&Prime; _builder_version=\u00a0\u00bb4.21.0&Prime; _module_preset=\u00a0\u00bbdefault\u00a0\u00bb global_colors_info=\u00a0\u00bb{}\u00a0\u00bb][et_pb_text disabled_on=\u00a0\u00bboff|off|off\u00a0\u00bb admin_label=\u00a0\u00bbTitre discours\u00a0\u00bb _builder_version=\u00a0\u00bb4.27.4&Prime; _module_preset=\u00a0\u00bbdefault\u00a0\u00bb text_font=\u00a0\u00bb|800|||||||\u00a0\u00bb text_text_color=\u00a0\u00bb#be86c3&Prime; text_font_size=\u00a0\u00bb1.25rem\u00a0\u00bb text_line_height=\u00a0\u00bb1rem\u00a0\u00bb header_text_align=\u00a0\u00bbcenter\u00a0\u00bb background_color=\u00a0\u00bbrgba(255,255,255,0.64)\u00a0\u00bb text_orientation=\u00a0\u00bbcenter\u00a0\u00bb width=\u00a0\u00bb80%\u00a0\u00bb module_alignment=\u00a0\u00bbcenter\u00a0\u00bb custom_margin=\u00a0\u00bb||||false|false\u00a0\u00bb custom_padding=\u00a0\u00bb1rem||1rem||false|false\u00a0\u00bb text_text_shadow_style=\u00a0\u00bbpreset5&Prime; border_radii=\u00a0\u00bbon|25px|25px|25px|25px\u00a0\u00bb border_width_all=\u00a0\u00bb1px\u00a0\u00bb border_color_all=\u00a0\u00bb#A55BA6&Prime; box_shadow_style=\u00a0\u00bbpreset2&Prime; locked=\u00a0\u00bboff\u00a0\u00bb global_colors_info=\u00a0\u00bb{}\u00a0\u00bb]Text des Artikels[\/et_pb_text][et_pb_text admin_label=\u00a0\u00bbintro\u00a0\u00bb _builder_version=\u00a0\u00bb4.27.4&Prime; _module_preset=\u00a0\u00bbdefault\u00a0\u00bb text_font=\u00a0\u00bb|800|||||||\u00a0\u00bb text_font_size=\u00a0\u00bb1rem\u00a0\u00bb text_line_height=\u00a0\u00bb1.2rem\u00a0\u00bb text_orientation=\u00a0\u00bbcenter\u00a0\u00bb module_alignment=\u00a0\u00bbcenter\u00a0\u00bb custom_margin=\u00a0\u00bb4rem||||false|false\u00a0\u00bb global_colors_info=\u00a0\u00bb{}\u00a0\u00bb]Vater war deutscher Soldat Franzose wird mit 81 Jahren Deutscher Als 81-J\u00e4hriger erhielt Soudan seinen deutschen Pass. Damit ist er nun ein Doppelstaatler.[\/et_pb_text][et_pb_text admin_label=\u00a0\u00bbintro\u00a0\u00bb _builder_version=\u00a0\u00bb4.27.4&Prime; _module_preset=\u00a0\u00bbdefault\u00a0\u00bb text_font=\u00a0\u00bb|600|||||||\u00a0\u00bb text_font_size=\u00a0\u00bb0.95rem\u00a0\u00bb global_colors_info=\u00a0\u00bb{}\u00a0\u00bb]<\/p>\n<p>Als Kind f\u00fchlt sich Thierry Soudan als Au\u00dfenseiter, als Erwachsener will er wissen, warum. Er erf\u00e4hrt, dass er das Kind eines deutschen Besatzungssoldaten ist. Jetzt, mit 81, wird Soudan Deutscher und sieht sich am Ende einer lebenslangen Reise.\u00a0<\/p>\n<p>Auf dem Weg zur Deutschen Botschaft in Paris hat der Franzose Thierry Soudan alle seine Ausweise im Taxi verloren. \u00ab\u00a0Zum Gl\u00fcck bekommt er jetzt deutsche Papiere\u00a0\u00bb, sagt seine Frau Liliane l\u00e4chelnd. F\u00fcr den Franzosen stand in dieser Woche ein Termin an, um deutscher Staatsb\u00fcrger zu werden. Es war eine ganz besondere Einb\u00fcrgerungsfeier, denn der 81-J\u00e4hrige hatte erst im Rentenalter erfahren, dass er der Sohn eines deutschen Besatzungssoldaten ist.<\/p>\n<p>\u00ab\u00a0Hier hat vor ein paar Jahren die Suche nach meinem Vater begonnen\u00a0\u00bb, sagt Soudan, als er das Botschaftsgeb\u00e4ude betritt. Ein Nachbar aus seinem Heimatdorf hatte ihm nach dem Tod seiner Mutter erz\u00e4hlt, was diese ihm ihr Leben lang verschwiegen hatte: Dass ihn der Mann, den er f\u00fcr seinen Vater hielt, adoptiert hatte. Und dass seine Mutter nach dem Krieg vom Dorffriseur kahl geschoren worden war, weil sie ein Verh\u00e4ltnis mit einem deutschen Soldaten gehabt hatte.<\/p>\n<p>Die Deutsche Botschaft konnte ihm damals nur mit der traurigen Nachricht weiterhelfen, dass sein Vater bereits verstorben war. Beinahe w\u00e4re es dabei geblieben, aber dann stie\u00df Soudans Tochter die Suche noch einmal an. Mithilfe des\u00a0Vereins Herzen ohne Grenzen, der sich f\u00fcr Kriegskinder engagiert, fand sich das Grab des Vaters in M\u00fcnchen.<\/p>\n<p>[\/et_pb_text][et_pb_text admin_label=\u00a0\u00bbintro\u00a0\u00bb _builder_version=\u00a0\u00bb4.27.4&Prime; _module_preset=\u00a0\u00bbdefault\u00a0\u00bb text_font=\u00a0\u00bb|800|on||||||\u00a0\u00bb text_font_size=\u00a0\u00bb0.8rem\u00a0\u00bb text_orientation=\u00a0\u00bbcenter\u00a0\u00bb link_option_url=\u00a0\u00bbhttps:\/\/www.coeurssansfrontieres.com\/de\/recherche\/thierry-soudan\/\u00a0\u00bb global_colors_info=\u00a0\u00bb{}\u00a0\u00bb]<\/p>\n<p><em>(Klicken Sie auf die Flagge unten<\/em><br \/><em>um die Originalrecherche von Thierry Soudan auf unserer Seite zu sehen. )<\/em><\/p>\n<p>[\/et_pb_text][\/et_pb_column][et_pb_column type=\u00a0\u00bb1_2&Prime; _builder_version=\u00a0\u00bb4.21.0&Prime; _module_preset=\u00a0\u00bbdefault\u00a0\u00bb global_colors_info=\u00a0\u00bb{}\u00a0\u00bb][et_pb_text disabled_on=\u00a0\u00bboff|off|off\u00a0\u00bb admin_label=\u00a0\u00bbTitre discours\u00a0\u00bb _builder_version=\u00a0\u00bb4.27.4&Prime; _module_preset=\u00a0\u00bbdefault\u00a0\u00bb text_font=\u00a0\u00bb|800|||||||\u00a0\u00bb text_text_color=\u00a0\u00bb#be86c3&Prime; text_font_size=\u00a0\u00bb1.25rem\u00a0\u00bb text_line_height=\u00a0\u00bb1rem\u00a0\u00bb header_text_align=\u00a0\u00bbcenter\u00a0\u00bb background_color=\u00a0\u00bbrgba(255,255,255,0.64)\u00a0\u00bb text_orientation=\u00a0\u00bbcenter\u00a0\u00bb width=\u00a0\u00bb80%\u00a0\u00bb module_alignment=\u00a0\u00bbcenter\u00a0\u00bb custom_margin=\u00a0\u00bb||||false|false\u00a0\u00bb custom_padding=\u00a0\u00bb1rem||1rem||false|false\u00a0\u00bb text_text_shadow_style=\u00a0\u00bbpreset5&Prime; border_radii=\u00a0\u00bbon|25px|25px|25px|25px\u00a0\u00bb border_width_all=\u00a0\u00bb1px\u00a0\u00bb border_color_all=\u00a0\u00bb#A55BA6&Prime; box_shadow_style=\u00a0\u00bbpreset2&Prime; locked=\u00a0\u00bboff\u00a0\u00bb global_colors_info=\u00a0\u00bb{}\u00a0\u00bb]Texte de l&rsquo;article[\/et_pb_text][et_pb_text _builder_version=\u00a0\u00bb4.27.4&Prime; _module_preset=\u00a0\u00bbdefault\u00a0\u00bb text_font=\u00a0\u00bb|800|on||||||\u00a0\u00bb text_text_color=\u00a0\u00bb#E02B20&Prime; text_font_size=\u00a0\u00bb1rem\u00a0\u00bb text_orientation=\u00a0\u00bbcenter\u00a0\u00bb module_alignment=\u00a0\u00bbcenter\u00a0\u00bb custom_margin=\u00a0\u00bb1rem||1rem||false|false\u00a0\u00bb text_text_shadow_style=\u00a0\u00bbpreset5&Prime; global_colors_info=\u00a0\u00bb{}\u00a0\u00bb]Traduction automatique avec Deepl.[\/et_pb_text][et_pb_text admin_label=\u00a0\u00bbintro\u00a0\u00bb _builder_version=\u00a0\u00bb4.27.4&Prime; _module_preset=\u00a0\u00bbdefault\u00a0\u00bb text_font=\u00a0\u00bb|800|||||||\u00a0\u00bb text_font_size=\u00a0\u00bb1rem\u00a0\u00bb text_line_height=\u00a0\u00bb1.2rem\u00a0\u00bb text_orientation=\u00a0\u00bbcenter\u00a0\u00bb module_alignment=\u00a0\u00bbcenter\u00a0\u00bb global_colors_info=\u00a0\u00bb{}\u00a0\u00bb]Le p\u00e8re \u00e9tait un soldat allemand Un Fran\u00e7ais devient allemand \u00e0 81 ans \u00c0 81 ans, M. Soudan a obtenu son passeport allemand. Il a donc d\u00e9sormais la double nationalit\u00e9.[\/et_pb_text][et_pb_text admin_label=\u00a0\u00bbintro\u00a0\u00bb _builder_version=\u00a0\u00bb4.27.4&Prime; _module_preset=\u00a0\u00bbdefault\u00a0\u00bb text_font=\u00a0\u00bb|600|||||||\u00a0\u00bb text_font_size=\u00a0\u00bb0.95rem\u00a0\u00bb global_colors_info=\u00a0\u00bb{}\u00a0\u00bb]<\/p>\n<p>Enfant, Thierry Soudan se sent en marge de la soci\u00e9t\u00e9. Adulte, il veut savoir pourquoi. Il apprend qu&rsquo;il est l&rsquo;enfant d&rsquo;un soldat allemand d&rsquo;occupation. Aujourd&rsquo;hui, \u00e0 81 ans, Soudan devient allemand et se voit au terme d&rsquo;un voyage de toute une vie.<\/p>\n<p>Sur le chemin de l&rsquo;ambassade d&rsquo;Allemagne \u00e0 Paris, le Fran\u00e7ais Thierry Soudan a perdu toutes ses pi\u00e8ces d&rsquo;identit\u00e9 dans le taxi.<\/p>\n<p>\u00ab Heureusement, il obtient maintenant des papiers allemands \u00bb, dit sa femme Liliane en souriant. Pour le Fran\u00e7ais, un rendez-vous \u00e9tait pr\u00e9vu cette semaine pour devenir citoyen allemand. C&rsquo;\u00e9tait une c\u00e9r\u00e9monie de naturalisation tr\u00e8s particuli\u00e8re, car l&rsquo;homme de 81 ans n&rsquo;avait appris qu&rsquo;\u00e0 l&rsquo;\u00e2ge de la retraite qu&rsquo;il \u00e9tait le fils d&rsquo;un soldat allemand de l&rsquo;occupation.<\/p>\n<p>\u00ab C&rsquo;est ici que la recherche de mon p\u00e8re a commenc\u00e9 il y a quelques ann\u00e9es \u00bb, dit Soudan en entrant dans le b\u00e2timent de l&rsquo;ambassade. Apr\u00e8s la mort de sa m\u00e8re, un voisin de son village natal lui avait racont\u00e9 ce que celle-ci lui avait cach\u00e9 toute sa vie : que l&rsquo;homme qu&rsquo;il consid\u00e9rait comme son p\u00e8re l&rsquo;avait adopt\u00e9. Et qu&rsquo;apr\u00e8s la guerre, sa m\u00e8re avait \u00e9t\u00e9 tondue par le coiffeur du village parce qu&rsquo;elle avait eu une relation avec un soldat allemand.<\/p>\n<p>L&rsquo;ambassade d&rsquo;Allemagne n&rsquo;a pu que lui annoncer la triste nouvelle que son p\u00e8re \u00e9tait d\u00e9j\u00e0 d\u00e9c\u00e9d\u00e9. Les choses ont failli en rester l\u00e0, mais la fille de Soudans a relanc\u00e9 les recherches. Avec l&rsquo;aide de l&rsquo;association C\u0153urs sans fronti\u00e8res, qui s&rsquo;engage pour les enfants de la guerre, la tombe de son p\u00e8re a \u00e9t\u00e9 retrouv\u00e9e \u00e0 Munich.<\/p>\n<p>[\/et_pb_text][et_pb_text admin_label=\u00a0\u00bbintro\u00a0\u00bb _builder_version=\u00a0\u00bb4.27.4&Prime; _module_preset=\u00a0\u00bbdefault\u00a0\u00bb text_font=\u00a0\u00bb|800|on||||||\u00a0\u00bb text_font_size=\u00a0\u00bb0.8rem\u00a0\u00bb text_orientation=\u00a0\u00bbcenter\u00a0\u00bb link_option_url=\u00a0\u00bbhttps:\/\/www.coeurssansfrontieres.com\/fr\/recherches\/recherches-abouties\/thierry-soudan\/\u00a0\u00bb global_colors_info=\u00a0\u00bb{}\u00a0\u00bb]<\/p>\n<p><em>(Cliquer sur le drapeau ci-dessous<br \/>pour consulter le recherche originale de Thierry Soudan sur notre site. )<\/em><\/p>\n<p>[\/et_pb_text][\/et_pb_column][\/et_pb_row][et_pb_row column_structure=\u00a0\u00bb1_5,3_5,1_5&Prime; disabled_on=\u00a0\u00bboff|off|off\u00a0\u00bb admin_label=\u00a0\u00bbNationalit\u00e9s\u00a0\u00bb _builder_version=\u00a0\u00bb4.27.4&Prime; _module_preset=\u00a0\u00bbdefault\u00a0\u00bb width=\u00a0\u00bb100%\u00a0\u00bb max_width=\u00a0\u00bb100%\u00a0\u00bb module_alignment=\u00a0\u00bbcenter\u00a0\u00bb height=\u00a0\u00bb100%\u00a0\u00bb collapsed=\u00a0\u00bbon\u00a0\u00bb global_colors_info=\u00a0\u00bb{}\u00a0\u00bb][et_pb_column type=\u00a0\u00bb1_5&Prime; _builder_version=\u00a0\u00bb4.27.4&Prime; _module_preset=\u00a0\u00bbdefault\u00a0\u00bb background_image=\u00a0\u00bbhttps:\/\/www.coeurssansfrontieres.com\/wp-content\/uploads\/2017\/10\/453471651-raye-raie-drapeau-allemand-flotter-battre-des-ailes.jpg\u00a0\u00bb background_size=\u00a0\u00bbcontain\u00a0\u00bb link_option_url=\u00a0\u00bbhttps:\/\/www.coeurssansfrontieres.com\/de\/recherche\/recherche-erfolgreiche\/thierry-soudan\/\u00a0\u00bb border_radii=\u00a0\u00bbon|25px|25px|25px|25px\u00a0\u00bb box_shadow_style=\u00a0\u00bbpreset2&Prime; global_colors_info=\u00a0\u00bb{}\u00a0\u00bb][et_pb_image src=\u00a0\u00bbhttps:\/\/www.coeurssansfrontieres.com\/wp-content\/uploads\/2020\/12\/favicon-200&#215;200-2.png\u00a0\u00bb alt=\u00a0\u00bbCSF-HOG\u00a0\u00bb title_text=\u00a0\u00bbfavicon 200&#215;200&Prime; align=\u00a0\u00bbcenter\u00a0\u00bb _builder_version=\u00a0\u00bb4.27.4&Prime; _module_preset=\u00a0\u00bbdefault\u00a0\u00bb width=\u00a0\u00bb50%\u00a0\u00bb max_width=\u00a0\u00bb50%\u00a0\u00bb module_alignment=\u00a0\u00bbcenter\u00a0\u00bb height=\u00a0\u00bb50%\u00a0\u00bb custom_margin=\u00a0\u00bb2vh||||false|false\u00a0\u00bb global_colors_info=\u00a0\u00bb{}\u00a0\u00bb][\/et_pb_image][\/et_pb_column][et_pb_column type=\u00a0\u00bb3_5&Prime; _builder_version=\u00a0\u00bb4.22.1&Prime; _module_preset=\u00a0\u00bbdefault\u00a0\u00bb global_colors_info=\u00a0\u00bb{}\u00a0\u00bb][et_pb_image src=\u00a0\u00bbhttps:\/\/www.coeurssansfrontieres.com\/wp-content\/uploads\/2020\/07\/Photos-journal.jpg\u00a0\u00bb title_text=\u00a0\u00bbPhotos journal\u00a0\u00bb show_in_lightbox=\u00a0\u00bbon\u00a0\u00bb align=\u00a0\u00bbcenter\u00a0\u00bb disabled_on=\u00a0\u00bboff|off|off\u00a0\u00bb admin_label=\u00a0\u00bbImage\u00a0\u00bb _builder_version=\u00a0\u00bb4.27.4&Prime; _module_preset=\u00a0\u00bbdefault\u00a0\u00bb width=\u00a0\u00bb200%\u00a0\u00bb max_width=\u00a0\u00bb200%\u00a0\u00bb module_alignment=\u00a0\u00bbcenter\u00a0\u00bb height=\u00a0\u00bb200%\u00a0\u00bb custom_margin=\u00a0\u00bb||0px||false|false\u00a0\u00bb custom_css_main_element=\u00a0\u00bbwidth : 80%!important;||margin-left: auto;||margin-right: auto;\u00a0\u00bb border_radii=\u00a0\u00bbon|25px|25px|25px|25px\u00a0\u00bb box_shadow_style=\u00a0\u00bbpreset4&Prime; box_shadow_horizontal=\u00a0\u00bb5px\u00a0\u00bb box_shadow_vertical=\u00a0\u00bb5px\u00a0\u00bb global_colors_info=\u00a0\u00bb{}\u00a0\u00bb][\/et_pb_image][\/et_pb_column][et_pb_column type=\u00a0\u00bb1_5&Prime; _builder_version=\u00a0\u00bb4.27.4&Prime; _module_preset=\u00a0\u00bbdefault\u00a0\u00bb background_image=\u00a0\u00bbhttps:\/\/www.coeurssansfrontieres.com\/wp-content\/uploads\/2017\/10\/flag-2292670_960_720.png\u00a0\u00bb background_size=\u00a0\u00bbcontain\u00a0\u00bb link_option_url=\u00a0\u00bbhttps:\/\/www.coeurssansfrontieres.com\/fr\/recherches\/recherches-abouties\/thierry-soudan\/\u00a0\u00bb border_radii=\u00a0\u00bbon|25px|25px|25px|25px\u00a0\u00bb box_shadow_style=\u00a0\u00bbpreset2&Prime; global_colors_info=\u00a0\u00bb{}\u00a0\u00bb][et_pb_image src=\u00a0\u00bbhttps:\/\/www.coeurssansfrontieres.com\/wp-content\/uploads\/2020\/12\/favicon-200&#215;200-2.png\u00a0\u00bb alt=\u00a0\u00bbCSF-HOG\u00a0\u00bb title_text=\u00a0\u00bbfavicon 200&#215;200&Prime; align=\u00a0\u00bbcenter\u00a0\u00bb _builder_version=\u00a0\u00bb4.27.4&Prime; _module_preset=\u00a0\u00bbdefault\u00a0\u00bb width=\u00a0\u00bb50%\u00a0\u00bb max_width=\u00a0\u00bb50%\u00a0\u00bb module_alignment=\u00a0\u00bbcenter\u00a0\u00bb height=\u00a0\u00bb50%\u00a0\u00bb custom_margin=\u00a0\u00bb2vh||||false|false\u00a0\u00bb global_colors_info=\u00a0\u00bb{}\u00a0\u00bb][\/et_pb_image][\/et_pb_column][\/et_pb_row][et_pb_row column_structure=\u00a0\u00bb1_2,1_2&Prime; admin_label=\u00a0\u00bbArticle\u00a0\u00bb _builder_version=\u00a0\u00bb4.27.4&Prime; _module_preset=\u00a0\u00bbdefault\u00a0\u00bb width=\u00a0\u00bb95%\u00a0\u00bb max_width=\u00a0\u00bb95%\u00a0\u00bb custom_margin=\u00a0\u00bb||0px||false|false\u00a0\u00bb custom_padding=\u00a0\u00bb||0px||false|false\u00a0\u00bb link_option_url=\u00a0\u00bbChap 01&Prime; collapsed=\u00a0\u00bbon\u00a0\u00bb global_colors_info=\u00a0\u00bb{}\u00a0\u00bb][et_pb_column type=\u00a0\u00bb1_2&Prime; _builder_version=\u00a0\u00bb4.21.0&Prime; _module_preset=\u00a0\u00bbdefault\u00a0\u00bb global_colors_info=\u00a0\u00bb{}\u00a0\u00bb][et_pb_text admin_label=\u00a0\u00bbintro\u00a0\u00bb _builder_version=\u00a0\u00bb4.27.4&Prime; _module_preset=\u00a0\u00bbdefault\u00a0\u00bb text_font=\u00a0\u00bb|600|||||||\u00a0\u00bb text_font_size=\u00a0\u00bb0.95rem\u00a0\u00bb global_colors_info=\u00a0\u00bb{}\u00a0\u00bb]<\/p>\n<p><strong>\u00ab\u00a0Papa guckt von da oben aus zu\u00a0\u00bb<\/strong><\/p>\n<p>Ein handgeschriebener Zettel in einer Klarsichth\u00fclle auf dem Grabstein f\u00fchrte zu einer \u00dcberraschung: 2019 bekam Soudan einen Anruf von Waltraut Maurer, die ihm radebrechend auf Franz\u00f6sisch erkl\u00e4rte, dass sie seine Halbschwester sei und er auch noch einen Halbbruder habe.<\/p>\n<p>Zur Einb\u00fcrgerungsfeier sind die beiden M\u00fcnchener nun nach Paris gereist. \u00ab\u00a0Unser Papa guckt von da oben aus zu\u00a0\u00bb, sagt Waltraut Maurer. Kurz nach dem ersten Telefonat hatten sich die drei Geschwister das erste Mal auf der Ile d&rsquo;Ol\u00e9ron getroffen, wo Soudan lebt. Es war ein aufw\u00fchlendes Erlebnis.<\/p>\n<p>\u00ab\u00a0Wir haben in Thierry so vieles von unserem Vater wiedererkannt, seine H\u00e4nde, seine Gesten\u00a0\u00bb, erinnert sich sein Halbbruder Manfred Christ. Was alle am meisten \u00fcberraschte: Der Sohn, der den Vater nicht gekannt hatte, war ein ebenso begeisterter Bienenz\u00fcchter geworden, wie dieser es gewesen war.<\/p>\n<p>Manfred Christ zeigt auf seinem Mobiltelefon ein Foto von Thierry als Kleinkind, das sich in einem Fotoalbum des Vaters fand. \u00ab\u00a0Wir wussten nie, wer es war. Als wir von Thierrys Existenz erfahren haben, haben wir es aus dem Album genommen, und hinten stand sein Name drauf\u00a0\u00bb, sagt er.<\/p>\n<p>\u00ab\u00a0Was f\u00fcr eine Last f\u00fcr unseren Vater, dass er niemandem davon erz\u00e4hlt hat\u00a0\u00bb, f\u00fcgt seine Schwester hinzu. Ihr Vater habe mehrfach versucht, zu seinem Sohn in Frankreich Kontakt aufzunehmen, sei von dessen Mutter aber daran gehindert worden.<\/p>\n<p>[\/et_pb_text][\/et_pb_column][et_pb_column type=\u00a0\u00bb1_2&Prime; _builder_version=\u00a0\u00bb4.21.0&Prime; _module_preset=\u00a0\u00bbdefault\u00a0\u00bb global_colors_info=\u00a0\u00bb{}\u00a0\u00bb][et_pb_text admin_label=\u00a0\u00bbintro\u00a0\u00bb _builder_version=\u00a0\u00bb4.27.4&Prime; _module_preset=\u00a0\u00bbdefault\u00a0\u00bb text_font=\u00a0\u00bb|600|||||||\u00a0\u00bb text_font_size=\u00a0\u00bb0.95rem\u00a0\u00bb global_colors_info=\u00a0\u00bb{}\u00a0\u00bb]<\/p>\n<p><strong>\u00ab Papa regarde de l\u00e0-haut \u00bb<\/strong><\/p>\n<p>Un mot \u00e9crit \u00e0 la main dans une pochette transparente sur la pierre tombale a conduit \u00e0 une surprise : en 2019, Soudan a re\u00e7u un appel de Waltraut Maurer, qui lui a expliqu\u00e9 en fran\u00e7ais, en bredouillant, qu&rsquo;elle \u00e9tait sa demi-s\u0153ur et qu&rsquo;il avait \u00e9galement un demi-fr\u00e8re.<\/p>\n<p>Les deux Munichois se sont rendus \u00e0 Paris pour la c\u00e9r\u00e9monie de naturalisation. \u00ab Notre papa nous regarde de l\u00e0-haut \u00bb, dit Waltraut Maurer. Peu apr\u00e8s le premier appel t\u00e9l\u00e9phonique, les trois enfants se sont rencontr\u00e9s pour la premi\u00e8re fois sur l&rsquo;\u00eele d&rsquo;Ol\u00e9ron, o\u00f9 vit Soudan. Ce fut une exp\u00e9rience bouleversante.<\/p>\n<p>\u00ab Nous avons reconnu en Thierry tant de choses de notre p\u00e8re, ses mains, ses gestes \u00bb, se souvient son demi-fr\u00e8re Manfred Christ. Ce qui a le plus surpris tout le monde, c&rsquo;est que le fils, qui n&rsquo;avait pas connu son p\u00e8re, \u00e9tait devenu un apiculteur aussi passionn\u00e9 que ce dernier l&rsquo;avait \u00e9t\u00e9.<\/p>\n<p>Manfred Christ montre sur son t\u00e9l\u00e9phone portable une photo de Thierry en bas \u00e2ge, retrouv\u00e9e dans un album photo de son p\u00e8re. \u00ab Nous n&rsquo;avons jamais su de qui il s&rsquo;agissait. Quand nous avons appris l&rsquo;existence de Thierry, nous l&rsquo;avons retir\u00e9e de l&rsquo;album, et au dos, il y avait son nom \u00bb, dit-il.<\/p>\n<p>\u00ab Quel fardeau pour notre p\u00e8re de n&rsquo;en avoir parl\u00e9 \u00e0 personne \u00bb, ajoute sa s\u0153ur. Son p\u00e8re aurait tent\u00e9 \u00e0 plusieurs reprises de contacter son fils en France, mais la m\u00e8re de ce dernier l&rsquo;en aurait emp\u00each\u00e9.<\/p>\n<p>[\/et_pb_text][\/et_pb_column][\/et_pb_row][et_pb_row column_structure=\u00a0\u00bb1_2,1_2&Prime; admin_label=\u00a0\u00bbArticle\u00a0\u00bb _builder_version=\u00a0\u00bb4.27.4&Prime; _module_preset=\u00a0\u00bbdefault\u00a0\u00bb width=\u00a0\u00bb95%\u00a0\u00bb max_width=\u00a0\u00bb95%\u00a0\u00bb custom_margin=\u00a0\u00bb||0px||false|false\u00a0\u00bb custom_padding=\u00a0\u00bb||0px||false|false\u00a0\u00bb link_option_url=\u00a0\u00bbChap 01&Prime; collapsed=\u00a0\u00bbon\u00a0\u00bb global_colors_info=\u00a0\u00bb{}\u00a0\u00bb][et_pb_column type=\u00a0\u00bb1_2&Prime; _builder_version=\u00a0\u00bb4.21.0&Prime; _module_preset=\u00a0\u00bbdefault\u00a0\u00bb global_colors_info=\u00a0\u00bb{}\u00a0\u00bb][et_pb_text admin_label=\u00a0\u00bbintro\u00a0\u00bb _builder_version=\u00a0\u00bb4.27.4&Prime; _module_preset=\u00a0\u00bbdefault\u00a0\u00bb text_font=\u00a0\u00bb|600|||||||\u00a0\u00bb text_font_size=\u00a0\u00bb0.95rem\u00a0\u00bb global_colors_info=\u00a0\u00bb{}\u00a0\u00bb]<\/p>\n<p><strong>100.000 \u00ab\u00a0Enfant de boche\u00a0\u00bb<\/strong><\/p>\n<p>Nach Sch\u00e4tzungen von Historikern sind etwa 100.000 Kinder aus Beziehungen zwischen Wehrmachtssoldaten und Franz\u00f6sinnen hervorgegangen. \u00ab\u00a0Enfant de boche\u00a0\u00bb war in der Nachkriegszeit ein Schimpfwort f\u00fcr sie. In vielen F\u00e4llen verschwiegen die M\u00fctter ihren Kindern deren Wurzeln, um sie zu sch\u00fctzen.<\/p>\n<p>Seit 2009 k\u00f6nnen diese Kriegskinder die deutsche Staatsangeh\u00f6rigkeit beantragen, das hatte der damalige Au\u00dfenminister Frank-Walter Steinmeier mit eingef\u00e4delt. Das Portr\u00e4t des Bundespr\u00e4sidenten steht heute im B\u00fcro von Botschafter Stephan Steinlein, der Soudan und seine Geschwister herzlich empf\u00e4ngt. \u00ab\u00a0Ich erkl\u00e4re feierlich, dass ich das Grundgesetz und die Rechte der Bundesrepublik achte &#8230;\u00a0\u00bb, liest Soudan langsam, mit franz\u00f6sischem Akzent von einem Blatt ab. Ihm laufen Tr\u00e4nen \u00fcber die Wangen.<\/p>\n<p>\u00ab\u00a0Es ist auch f\u00fcr mich ein bewegender Moment\u00a0\u00bb, sagt der Botschafter, dessen Vater ebenfalls Soldat in Frankreich gewesen war. \u00ab\u00a0Ihre Geschichte macht deutlich, wie wichtig es ist, die Vergangenheit zu kennen, um die Zukunft aufzubauen\u00a0\u00bb, f\u00fcgt er hinzu.<\/p>\n<p>Die Einb\u00fcrgerung sei ein Akt der Wiedergutmachung und ein Symbol der deutsch-franz\u00f6sischen Freundschaft. \u00ab\u00a0Es ist wichtig, gerade in diesen Zeiten, in denen der Hass wieder hochkommt\u00a0\u00bb, betont er mit Blick auf den Wahlsieg der fremdenfeindlichen Rechtspopulisten bei der Parlamentswahl in Frankreich.<\/p>\n<p>Er \u00fcberreicht Soudan eine blaue Mappe mit der Einb\u00fcrgerungsurkunde. Damit hat Frankreich einen neuen Doppelstaatler. F\u00fcr diese Gruppe planen die Rechtspopulisten Berufsverbote, weil sie Franzosen mit einer zweiten Staatsangeh\u00f6rigkeit Loyalit\u00e4tskonflikte unterstellen. \u00ab\u00a0Das ist doch l\u00e4cherlich\u00a0\u00bb, meint Soudan.<\/p>\n<p>F\u00fcr ihn bedeutet die deutsche Staatsangeh\u00f6rigkeit das Ende einer lebenslangen Suche &#8211; die schon begonnen hatte, als er sich als Kind auf damals unerkl\u00e4rliche Weise als Au\u00dfenseiter gef\u00fchlt hatte. \u00ab\u00a0Jetzt habe ich meinen Vater gefunden\u00a0\u00bb, sagt er und l\u00e4chelt, als ob eine gro\u00dfe Last von ihm abfalle.<\/p>\n<p>[\/et_pb_text][\/et_pb_column][et_pb_column type=\u00a0\u00bb1_2&Prime; _builder_version=\u00a0\u00bb4.21.0&Prime; _module_preset=\u00a0\u00bbdefault\u00a0\u00bb global_colors_info=\u00a0\u00bb{}\u00a0\u00bb][et_pb_text admin_label=\u00a0\u00bbintro\u00a0\u00bb _builder_version=\u00a0\u00bb4.27.4&Prime; _module_preset=\u00a0\u00bbdefault\u00a0\u00bb text_font=\u00a0\u00bb|600|||||||\u00a0\u00bb text_font_size=\u00a0\u00bb0.95rem\u00a0\u00bb global_colors_info=\u00a0\u00bb{}\u00a0\u00bb]<\/p>\n<p><strong>100.000 \u00ab\u00a0Enfant de boche\u00a0\u00bb<\/strong><\/p>\n<p>Selon les estimations des historiens, environ 100.000 enfants sont n\u00e9s de relations entre des soldats de la Wehrmacht et des Fran\u00e7aises. \u00ab Enfant de boche \u00bb \u00e9tait un terme injurieux \u00e0 leur \u00e9gard dans l&rsquo;apr\u00e8s-guerre. Dans de nombreux cas, les m\u00e8res cachaient leurs origines \u00e0 leurs enfants afin de les prot\u00e9ger.<\/p>\n<p>Depuis 2009, ces enfants de la guerre peuvent demander la nationalit\u00e9 allemande, ce que le ministre des Affaires \u00e9trang\u00e8res de l&rsquo;\u00e9poque, Frank-Walter Steinmeier, avait contribu\u00e9 \u00e0 mettre en place. Le portrait du pr\u00e9sident f\u00e9d\u00e9ral se trouve aujourd&rsquo;hui dans le bureau de l&rsquo;ambassadeur Stephan Steinlein, qui accueille chaleureusement Soudan et ses fr\u00e8res et s\u0153urs. \u00ab Je d\u00e9clare solennellement que je respecte la Loi fondamentale et les droits de la R\u00e9publique f\u00e9d\u00e9rale &#8230; \u00bb, lit Soudan lentement sur une feuille, avec l&rsquo;accent fran\u00e7ais. Des larmes coulent sur ses joues.<\/p>\n<p>\u00ab C&rsquo;est un moment \u00e9mouvant pour moi aussi \u00bb, dit l&rsquo;ambassadeur, dont le p\u00e8re a \u00e9galement \u00e9t\u00e9 soldat en France. \u00ab Votre histoire met en \u00e9vidence l&rsquo;importance de conna\u00eetre le pass\u00e9 pour construire l&rsquo;avenir \u00bb, ajoute-t-il.<\/p>\n<p>Selon lui, la naturalisation est un acte de r\u00e9paration et un symbole de l&rsquo;amiti\u00e9 franco-allemande. \u00ab C&rsquo;est important, surtout en ces temps o\u00f9 la haine refait surface \u00bb, souligne-t-il en r\u00e9f\u00e9rence \u00e0 la victoire des populistes de droite x\u00e9nophobes aux \u00e9lections l\u00e9gislatives en France.<\/p>\n<p>Il remet \u00e0 Soudan un dossier bleu contenant le certificat de naturalisation. La France compte ainsi un nouveau double national. Pour ce groupe, les populistes de droite pr\u00e9voient des interdictions professionnelles, car ils supposent que les Fran\u00e7ais ayant une deuxi\u00e8me nationalit\u00e9 ont des conflits de loyaut\u00e9. \u00ab C&rsquo;est ridicule \u00bb, estime Soudan.<\/p>\n<p>Pour lui, la nationalit\u00e9 allemande signifie la fin d&rsquo;une qu\u00eate de toute une vie &#8211; qui avait d\u00e9j\u00e0 commenc\u00e9 lorsque, enfant, il se sentait inexplicablement \u00e0 l&rsquo;\u00e9cart. \u00ab Maintenant, j&rsquo;ai trouv\u00e9 mon p\u00e8re \u00bb, dit-il en souriant, comme s&rsquo;il \u00e9tait lib\u00e9r\u00e9 d&rsquo;un grand poids.<\/p>\n<p>[\/et_pb_text][\/et_pb_column][\/et_pb_row][et_pb_row column_structure=\u00a0\u00bb1_4,1_2,1_4&Prime; disabled_on=\u00a0\u00bboff|off|off\u00a0\u00bb admin_label=\u00a0\u00bbNationalit\u00e9s\u00a0\u00bb _builder_version=\u00a0\u00bb4.27.2&Prime; _module_preset=\u00a0\u00bbdefault\u00a0\u00bb width=\u00a0\u00bb100%\u00a0\u00bb max_width=\u00a0\u00bb100%\u00a0\u00bb module_alignment=\u00a0\u00bbcenter\u00a0\u00bb height=\u00a0\u00bb100%\u00a0\u00bb custom_margin=\u00a0\u00bb||0px||false|false\u00a0\u00bb collapsed=\u00a0\u00bbon\u00a0\u00bb global_colors_info=\u00a0\u00bb{}\u00a0\u00bb][et_pb_column type=\u00a0\u00bb1_4&Prime; _builder_version=\u00a0\u00bb4.22.1&Prime; _module_preset=\u00a0\u00bbdefault\u00a0\u00bb global_colors_info=\u00a0\u00bb{}\u00a0\u00bb][et_pb_text admin_label=\u00a0\u00bbintro\u00a0\u00bb _builder_version=\u00a0\u00bb4.27.4&Prime; _module_preset=\u00a0\u00bbdefault\u00a0\u00bb text_font=\u00a0\u00bb|600|||||||\u00a0\u00bb text_font_size=\u00a0\u00bb0.95rem\u00a0\u00bb module_alignment=\u00a0\u00bbright\u00a0\u00bb custom_margin=\u00a0\u00bb|||5vw|false|false\u00a0\u00bb global_colors_info=\u00a0\u00bb{}\u00a0\u00bb]<\/p>\n<p>Thierry SOUDAN und seine Frau umgeben von<br \/>von seinem Halbbruder und seiner Halbschwester<br \/>und ihren Ehepartnern.<\/p>\n<p>[\/et_pb_text][\/et_pb_column][et_pb_column type=\u00a0\u00bb1_2&Prime; _builder_version=\u00a0\u00bb4.22.1&Prime; _module_preset=\u00a0\u00bbdefault\u00a0\u00bb global_colors_info=\u00a0\u00bb{}\u00a0\u00bb][et_pb_image src=\u00a0\u00bbhttps:\/\/www.coeurssansfrontieres.com\/wp-content\/uploads\/2024\/12\/TS-04.jpg\u00a0\u00bb title_text=\u00a0\u00bbTS 04&Prime; show_in_lightbox=\u00a0\u00bbon\u00a0\u00bb align=\u00a0\u00bbcenter\u00a0\u00bb disabled_on=\u00a0\u00bboff|off|off\u00a0\u00bb admin_label=\u00a0\u00bbImage\u00a0\u00bb _builder_version=\u00a0\u00bb4.27.4&Prime; _module_preset=\u00a0\u00bbdefault\u00a0\u00bb width=\u00a0\u00bb200%\u00a0\u00bb max_width=\u00a0\u00bb200%\u00a0\u00bb module_alignment=\u00a0\u00bbcenter\u00a0\u00bb height=\u00a0\u00bb200%\u00a0\u00bb custom_margin=\u00a0\u00bb|0px|0px|0px|false|false\u00a0\u00bb custom_css_main_element=\u00a0\u00bbwidth : 80%!important;||margin-left: auto;||margin-right: auto;\u00a0\u00bb border_radii=\u00a0\u00bbon|25px|25px|25px|25px\u00a0\u00bb box_shadow_style=\u00a0\u00bbpreset4&Prime; box_shadow_horizontal=\u00a0\u00bb5px\u00a0\u00bb box_shadow_vertical=\u00a0\u00bb5px\u00a0\u00bb global_colors_info=\u00a0\u00bb{}\u00a0\u00bb][\/et_pb_image][\/et_pb_column][et_pb_column type=\u00a0\u00bb1_4&Prime; _builder_version=\u00a0\u00bb4.22.1&Prime; _module_preset=\u00a0\u00bbdefault\u00a0\u00bb global_colors_info=\u00a0\u00bb{}\u00a0\u00bb][et_pb_text admin_label=\u00a0\u00bbintro\u00a0\u00bb _builder_version=\u00a0\u00bb4.27.4&Prime; _module_preset=\u00a0\u00bbdefault\u00a0\u00bb text_font=\u00a0\u00bb|600|||||||\u00a0\u00bb text_font_size=\u00a0\u00bb0.95rem\u00a0\u00bb module_alignment=\u00a0\u00bbleft\u00a0\u00bb custom_margin=\u00a0\u00bb|5vw|||false|false\u00a0\u00bb global_colors_info=\u00a0\u00bb{}\u00a0\u00bb]<\/p>\n<p>Thierry SOUDAN et son \u00e9pouse entour\u00e9s<br \/>de son demi-fr\u00e8re et de sa demi-s\u0153ur<br \/>et de leurs conjoints.<\/p>\n<p>[\/et_pb_text][\/et_pb_column][\/et_pb_row][\/et_pb_section]<\/p>\n","protected":false},"excerpt":{"rendered":"<p>\u00ab Votre histoire met en \u00e9vidence l&rsquo;importance de conna\u00eetre le pass\u00e9 pour construire l&rsquo;avenir \u00bb, <\/p>\n","protected":false},"author":249,"featured_media":28090,"comment_status":"closed","ping_status":"closed","sticky":false,"template":"","format":"standard","meta":{"_et_pb_use_builder":"on","_et_pb_old_content":"","_et_gb_content_width":"","footnotes":""},"categories":[214,162],"tags":[],"class_list":["post-28089","post","type-post","status-publish","format-standard","has-post-thumbnail","hentry","category-divers","category-documents"],"yoast_head":"<!-- This site is optimized with the Yoast SEO plugin v27.5 - https:\/\/yoast.com\/product\/yoast-seo-wordpress\/ -->\n<title>allemand \u00e0 l&#039;\u00e2ge de 81 ans - CSF - HOG<\/title>\n<meta name=\"description\" content=\"%\" \/>\n<meta name=\"robots\" content=\"index, follow, max-snippet:-1, max-image-preview:large, max-video-preview:-1\" \/>\n<link rel=\"canonical\" href=\"https:\/\/www.coeurssansfrontieres.com\/fr\/documents\/allemand-a-lage-de-81-ans\/\" \/>\n<meta property=\"og:locale\" content=\"fr_FR\" \/>\n<meta property=\"og:type\" content=\"article\" \/>\n<meta property=\"og:title\" content=\"allemand \u00e0 l&#039;\u00e2ge de 81 ans - CSF - HOG\" \/>\n<meta property=\"og:description\" content=\"%\" \/>\n<meta property=\"og:url\" content=\"https:\/\/www.coeurssansfrontieres.com\/fr\/documents\/allemand-a-lage-de-81-ans\/\" \/>\n<meta property=\"og:site_name\" content=\"CSF - HOG\" \/>\n<meta property=\"article:published_time\" content=\"2024-12-07T16:03:35+00:00\" \/>\n<meta property=\"article:modified_time\" content=\"2024-12-16T17:14:29+00:00\" \/>\n<meta property=\"og:image\" content=\"https:\/\/www.coeurssansfrontieres.com\/wp-content\/uploads\/2024\/12\/Vignette-Soudan.jpg\" \/>\n\t<meta property=\"og:image:width\" content=\"594\" \/>\n\t<meta property=\"og:image:height\" content=\"594\" \/>\n\t<meta property=\"og:image:type\" content=\"image\/jpeg\" \/>\n<meta name=\"author\" content=\"GOFFIN Alexandre\" \/>\n<meta name=\"twitter:card\" content=\"summary_large_image\" \/>\n<meta name=\"twitter:label1\" content=\"\u00c9crit par\" \/>\n\t<meta name=\"twitter:data1\" content=\"GOFFIN Alexandre\" \/>\n\t<meta name=\"twitter:label2\" content=\"Dur\u00e9e de lecture estim\u00e9e\" \/>\n\t<meta name=\"twitter:data2\" content=\"12 minutes\" \/>\n<script type=\"application\/ld+json\" class=\"yoast-schema-graph\">{\"@context\":\"https:\\\/\\\/schema.org\",\"@graph\":[{\"@type\":\"Article\",\"@id\":\"https:\\\/\\\/www.coeurssansfrontieres.com\\\/fr\\\/documents\\\/allemand-a-lage-de-81-ans\\\/#article\",\"isPartOf\":{\"@id\":\"https:\\\/\\\/www.coeurssansfrontieres.com\\\/fr\\\/documents\\\/allemand-a-lage-de-81-ans\\\/\"},\"author\":{\"name\":\"GOFFIN Alexandre\",\"@id\":\"https:\\\/\\\/www.coeurssansfrontieres.com\\\/fr\\\/#\\\/schema\\\/person\\\/19507754554eb5218427fc31038cac56\"},\"headline\":\"allemand \u00e0 l&rsquo;\u00e2ge de 81 ans\",\"datePublished\":\"2024-12-07T16:03:35+00:00\",\"dateModified\":\"2024-12-16T17:14:29+00:00\",\"mainEntityOfPage\":{\"@id\":\"https:\\\/\\\/www.coeurssansfrontieres.com\\\/fr\\\/documents\\\/allemand-a-lage-de-81-ans\\\/\"},\"wordCount\":4269,\"image\":{\"@id\":\"https:\\\/\\\/www.coeurssansfrontieres.com\\\/fr\\\/documents\\\/allemand-a-lage-de-81-ans\\\/#primaryimage\"},\"thumbnailUrl\":\"https:\\\/\\\/www.coeurssansfrontieres.com\\\/wp-content\\\/uploads\\\/2024\\\/12\\\/Vignette-Soudan.jpg\",\"articleSection\":[\"Divers\",\"Documents\"],\"inLanguage\":\"fr-FR\"},{\"@type\":\"WebPage\",\"@id\":\"https:\\\/\\\/www.coeurssansfrontieres.com\\\/fr\\\/documents\\\/allemand-a-lage-de-81-ans\\\/\",\"url\":\"https:\\\/\\\/www.coeurssansfrontieres.com\\\/fr\\\/documents\\\/allemand-a-lage-de-81-ans\\\/\",\"name\":\"allemand \u00e0 l'\u00e2ge de 81 ans - CSF - HOG\",\"isPartOf\":{\"@id\":\"https:\\\/\\\/www.coeurssansfrontieres.com\\\/fr\\\/#website\"},\"primaryImageOfPage\":{\"@id\":\"https:\\\/\\\/www.coeurssansfrontieres.com\\\/fr\\\/documents\\\/allemand-a-lage-de-81-ans\\\/#primaryimage\"},\"image\":{\"@id\":\"https:\\\/\\\/www.coeurssansfrontieres.com\\\/fr\\\/documents\\\/allemand-a-lage-de-81-ans\\\/#primaryimage\"},\"thumbnailUrl\":\"https:\\\/\\\/www.coeurssansfrontieres.com\\\/wp-content\\\/uploads\\\/2024\\\/12\\\/Vignette-Soudan.jpg\",\"datePublished\":\"2024-12-07T16:03:35+00:00\",\"dateModified\":\"2024-12-16T17:14:29+00:00\",\"author\":{\"@id\":\"https:\\\/\\\/www.coeurssansfrontieres.com\\\/fr\\\/#\\\/schema\\\/person\\\/19507754554eb5218427fc31038cac56\"},\"description\":\"%\",\"breadcrumb\":{\"@id\":\"https:\\\/\\\/www.coeurssansfrontieres.com\\\/fr\\\/documents\\\/allemand-a-lage-de-81-ans\\\/#breadcrumb\"},\"inLanguage\":\"fr-FR\",\"potentialAction\":[{\"@type\":\"ReadAction\",\"target\":[\"https:\\\/\\\/www.coeurssansfrontieres.com\\\/fr\\\/documents\\\/allemand-a-lage-de-81-ans\\\/\"]}]},{\"@type\":\"ImageObject\",\"inLanguage\":\"fr-FR\",\"@id\":\"https:\\\/\\\/www.coeurssansfrontieres.com\\\/fr\\\/documents\\\/allemand-a-lage-de-81-ans\\\/#primaryimage\",\"url\":\"https:\\\/\\\/www.coeurssansfrontieres.com\\\/wp-content\\\/uploads\\\/2024\\\/12\\\/Vignette-Soudan.jpg\",\"contentUrl\":\"https:\\\/\\\/www.coeurssansfrontieres.com\\\/wp-content\\\/uploads\\\/2024\\\/12\\\/Vignette-Soudan.jpg\",\"width\":594,\"height\":594},{\"@type\":\"BreadcrumbList\",\"@id\":\"https:\\\/\\\/www.coeurssansfrontieres.com\\\/fr\\\/documents\\\/allemand-a-lage-de-81-ans\\\/#breadcrumb\",\"itemListElement\":[{\"@type\":\"ListItem\",\"position\":1,\"name\":\"Accueil\",\"item\":\"https:\\\/\\\/www.coeurssansfrontieres.com\\\/fr\\\/\"},{\"@type\":\"ListItem\",\"position\":2,\"name\":\"allemand \u00e0 l&rsquo;\u00e2ge de 81 ans\"}]},{\"@type\":\"WebSite\",\"@id\":\"https:\\\/\\\/www.coeurssansfrontieres.com\\\/fr\\\/#website\",\"url\":\"https:\\\/\\\/www.coeurssansfrontieres.com\\\/fr\\\/\",\"name\":\"C\u0153urs sans fronti\u00e8res\",\"description\":\"Association franco-allemande des Enfants de la Seconde Guerre Mondiale\",\"potentialAction\":[{\"@type\":\"SearchAction\",\"target\":{\"@type\":\"EntryPoint\",\"urlTemplate\":\"https:\\\/\\\/www.coeurssansfrontieres.com\\\/fr\\\/?s={search_term_string}\"},\"query-input\":{\"@type\":\"PropertyValueSpecification\",\"valueRequired\":true,\"valueName\":\"search_term_string\"}}],\"inLanguage\":\"fr-FR\"},{\"@type\":\"Person\",\"@id\":\"https:\\\/\\\/www.coeurssansfrontieres.com\\\/fr\\\/#\\\/schema\\\/person\\\/19507754554eb5218427fc31038cac56\",\"name\":\"GOFFIN Alexandre\"}]}<\/script>\n<!-- \/ Yoast SEO plugin. -->","yoast_head_json":{"title":"allemand \u00e0 l'\u00e2ge de 81 ans - CSF - HOG","description":"%","robots":{"index":"index","follow":"follow","max-snippet":"max-snippet:-1","max-image-preview":"max-image-preview:large","max-video-preview":"max-video-preview:-1"},"canonical":"https:\/\/www.coeurssansfrontieres.com\/fr\/documents\/allemand-a-lage-de-81-ans\/","og_locale":"fr_FR","og_type":"article","og_title":"allemand \u00e0 l'\u00e2ge de 81 ans - CSF - HOG","og_description":"%","og_url":"https:\/\/www.coeurssansfrontieres.com\/fr\/documents\/allemand-a-lage-de-81-ans\/","og_site_name":"CSF - HOG","article_published_time":"2024-12-07T16:03:35+00:00","article_modified_time":"2024-12-16T17:14:29+00:00","og_image":[{"width":594,"height":594,"url":"https:\/\/www.coeurssansfrontieres.com\/wp-content\/uploads\/2024\/12\/Vignette-Soudan.jpg","type":"image\/jpeg"}],"author":"GOFFIN Alexandre","twitter_card":"summary_large_image","twitter_misc":{"\u00c9crit par":"GOFFIN Alexandre","Dur\u00e9e de lecture estim\u00e9e":"12 minutes"},"schema":{"@context":"https:\/\/schema.org","@graph":[{"@type":"Article","@id":"https:\/\/www.coeurssansfrontieres.com\/fr\/documents\/allemand-a-lage-de-81-ans\/#article","isPartOf":{"@id":"https:\/\/www.coeurssansfrontieres.com\/fr\/documents\/allemand-a-lage-de-81-ans\/"},"author":{"name":"GOFFIN Alexandre","@id":"https:\/\/www.coeurssansfrontieres.com\/fr\/#\/schema\/person\/19507754554eb5218427fc31038cac56"},"headline":"allemand \u00e0 l&rsquo;\u00e2ge de 81 ans","datePublished":"2024-12-07T16:03:35+00:00","dateModified":"2024-12-16T17:14:29+00:00","mainEntityOfPage":{"@id":"https:\/\/www.coeurssansfrontieres.com\/fr\/documents\/allemand-a-lage-de-81-ans\/"},"wordCount":4269,"image":{"@id":"https:\/\/www.coeurssansfrontieres.com\/fr\/documents\/allemand-a-lage-de-81-ans\/#primaryimage"},"thumbnailUrl":"https:\/\/www.coeurssansfrontieres.com\/wp-content\/uploads\/2024\/12\/Vignette-Soudan.jpg","articleSection":["Divers","Documents"],"inLanguage":"fr-FR"},{"@type":"WebPage","@id":"https:\/\/www.coeurssansfrontieres.com\/fr\/documents\/allemand-a-lage-de-81-ans\/","url":"https:\/\/www.coeurssansfrontieres.com\/fr\/documents\/allemand-a-lage-de-81-ans\/","name":"allemand \u00e0 l'\u00e2ge de 81 ans - CSF - HOG","isPartOf":{"@id":"https:\/\/www.coeurssansfrontieres.com\/fr\/#website"},"primaryImageOfPage":{"@id":"https:\/\/www.coeurssansfrontieres.com\/fr\/documents\/allemand-a-lage-de-81-ans\/#primaryimage"},"image":{"@id":"https:\/\/www.coeurssansfrontieres.com\/fr\/documents\/allemand-a-lage-de-81-ans\/#primaryimage"},"thumbnailUrl":"https:\/\/www.coeurssansfrontieres.com\/wp-content\/uploads\/2024\/12\/Vignette-Soudan.jpg","datePublished":"2024-12-07T16:03:35+00:00","dateModified":"2024-12-16T17:14:29+00:00","author":{"@id":"https:\/\/www.coeurssansfrontieres.com\/fr\/#\/schema\/person\/19507754554eb5218427fc31038cac56"},"description":"%","breadcrumb":{"@id":"https:\/\/www.coeurssansfrontieres.com\/fr\/documents\/allemand-a-lage-de-81-ans\/#breadcrumb"},"inLanguage":"fr-FR","potentialAction":[{"@type":"ReadAction","target":["https:\/\/www.coeurssansfrontieres.com\/fr\/documents\/allemand-a-lage-de-81-ans\/"]}]},{"@type":"ImageObject","inLanguage":"fr-FR","@id":"https:\/\/www.coeurssansfrontieres.com\/fr\/documents\/allemand-a-lage-de-81-ans\/#primaryimage","url":"https:\/\/www.coeurssansfrontieres.com\/wp-content\/uploads\/2024\/12\/Vignette-Soudan.jpg","contentUrl":"https:\/\/www.coeurssansfrontieres.com\/wp-content\/uploads\/2024\/12\/Vignette-Soudan.jpg","width":594,"height":594},{"@type":"BreadcrumbList","@id":"https:\/\/www.coeurssansfrontieres.com\/fr\/documents\/allemand-a-lage-de-81-ans\/#breadcrumb","itemListElement":[{"@type":"ListItem","position":1,"name":"Accueil","item":"https:\/\/www.coeurssansfrontieres.com\/fr\/"},{"@type":"ListItem","position":2,"name":"allemand \u00e0 l&rsquo;\u00e2ge de 81 ans"}]},{"@type":"WebSite","@id":"https:\/\/www.coeurssansfrontieres.com\/fr\/#website","url":"https:\/\/www.coeurssansfrontieres.com\/fr\/","name":"C\u0153urs sans fronti\u00e8res","description":"Association franco-allemande des Enfants de la Seconde Guerre Mondiale","potentialAction":[{"@type":"SearchAction","target":{"@type":"EntryPoint","urlTemplate":"https:\/\/www.coeurssansfrontieres.com\/fr\/?s={search_term_string}"},"query-input":{"@type":"PropertyValueSpecification","valueRequired":true,"valueName":"search_term_string"}}],"inLanguage":"fr-FR"},{"@type":"Person","@id":"https:\/\/www.coeurssansfrontieres.com\/fr\/#\/schema\/person\/19507754554eb5218427fc31038cac56","name":"GOFFIN Alexandre"}]}},"_links":{"self":[{"href":"https:\/\/www.coeurssansfrontieres.com\/fr\/wp-json\/wp\/v2\/posts\/28089","targetHints":{"allow":["GET"]}}],"collection":[{"href":"https:\/\/www.coeurssansfrontieres.com\/fr\/wp-json\/wp\/v2\/posts"}],"about":[{"href":"https:\/\/www.coeurssansfrontieres.com\/fr\/wp-json\/wp\/v2\/types\/post"}],"author":[{"embeddable":true,"href":"https:\/\/www.coeurssansfrontieres.com\/fr\/wp-json\/wp\/v2\/users\/249"}],"replies":[{"embeddable":true,"href":"https:\/\/www.coeurssansfrontieres.com\/fr\/wp-json\/wp\/v2\/comments?post=28089"}],"version-history":[{"count":167,"href":"https:\/\/www.coeurssansfrontieres.com\/fr\/wp-json\/wp\/v2\/posts\/28089\/revisions"}],"predecessor-version":[{"id":28324,"href":"https:\/\/www.coeurssansfrontieres.com\/fr\/wp-json\/wp\/v2\/posts\/28089\/revisions\/28324"}],"wp:featuredmedia":[{"embeddable":true,"href":"https:\/\/www.coeurssansfrontieres.com\/fr\/wp-json\/wp\/v2\/media\/28090"}],"wp:attachment":[{"href":"https:\/\/www.coeurssansfrontieres.com\/fr\/wp-json\/wp\/v2\/media?parent=28089"}],"wp:term":[{"taxonomy":"category","embeddable":true,"href":"https:\/\/www.coeurssansfrontieres.com\/fr\/wp-json\/wp\/v2\/categories?post=28089"},{"taxonomy":"post_tag","embeddable":true,"href":"https:\/\/www.coeurssansfrontieres.com\/fr\/wp-json\/wp\/v2\/tags?post=28089"}],"curies":[{"name":"wp","href":"https:\/\/api.w.org\/{rel}","templated":true}]}}