{"id":297,"date":"2010-01-29T20:10:30","date_gmt":"2010-01-29T19:10:30","guid":{"rendered":"http:\/\/www.coeurssansfrontieres.com\/vie-de-lassociation\/entretiens\/vieux-demons\/"},"modified":"2010-01-29T20:10:30","modified_gmt":"2010-01-29T19:10:30","slug":"vieux-demons","status":"publish","type":"post","link":"https:\/\/www.coeurssansfrontieres.com\/fr\/categoriestechniques\/non-classifiee\/vieux-demons\/","title":{"rendered":"Vieux d\u00e9mons"},"content":{"rendered":"<p><!--[if gte mso 9]><xml>  <w:WordDocument>   <w:View>Normal<\/w:View>   <w:Zoom>0<\/w:Zoom>   <w:HyphenationZone>21<\/w:HyphenationZone>   <w:Compatibility>    <w:BreakWrappedTables\/>    <w:SnapToGridInCell\/>    <w:WrapTextWithPunct\/>    <w:UseAsianBreakRules\/>   <\/w:Compatibility>   <w:BrowserLevel>MicrosoftInternetExplorer4<\/w:BrowserLevel>  <\/w:WordDocument> <\/xml><![endif]--> <!--  \/* Font Definitions *\/  @font-face \t{font-family:\"Microsoft Sans Serif\"; \tpanose-1:2 11 6 4 2 2 2 2 2 4; \tmso-font-charset:0; \tmso-generic-font-family:swiss; \tmso-font-pitch:variable; \tmso-font-signature:1627421663 -2147483648 8 0 66047 0;}  \/* Style Definitions *\/  p.MsoNormal, li.MsoNormal, div.MsoNormal \t{mso-style-parent:\"\"; \tmargin:0cm; \tmargin-bottom:.0001pt; \tmso-pagination:widow-orphan; \tfont-size:14.0pt; \tmso-bidi-font-size:12.0pt; \tfont-family:\"Microsoft Sans Serif\"; \tmso-fareast-font-family:\"Times New Roman\"; \tmso-bidi-font-family:\"Times New Roman\"; \tmso-font-kerning:8.0pt;} @page Section1 \t{size:595.3pt 841.9pt; \tmargin:70.85pt 70.85pt 70.85pt 70.85pt; \tmso-header-margin:35.4pt; \tmso-footer-margin:35.4pt; \tmso-paper-source:0;} div.Section1 \t{page:Section1;} --> <!--[if gte mso 10]> \n\n<style>  \/* Style Definitions *\/  table.MsoNormalTable \t{mso-style-name:\"Tableau Normal\"; \tmso-tstyle-rowband-size:0; \tmso-tstyle-colband-size:0; \tmso-style-noshow:yes; \tmso-style-parent:\"\"; \tmso-padding-alt:0cm 5.4pt 0cm 5.4pt; \tmso-para-margin:0cm; \tmso-para-margin-bottom:.0001pt; \tmso-pagination:widow-orphan; \tfont-size:10.0pt; \tfont-family:\"Times New Roman\";} <\/style>\n\n <![endif]-->  <\/p>\n<p style=\"text-align: justify\" class=\"MsoNormal\"><span style=\"font-size: 12pt; font-family: 'Times New Roman'\"><span>\u00a0\u00a0\u00a0\u00a0\u00a0\u00a0\u00a0\u00a0\u00a0\u00a0\u00a0\u00a0\u00a0\u00a0\u00a0\u00a0\u00a0\u00a0 <\/span><strong><span>\u00a0\u00a0<\/span>V I E U X<span>\u00a0\u00a0 <\/span>M A I S<span>\u00a0\u00a0 <\/span>A C T U E L S<span>\u00a0\u00a0 <\/span>D E M O N S<\/strong><\/span><\/p>\n<p style=\"text-align: justify\" class=\"MsoNormal\"><span style=\"font-size: 12pt; font-family: 'Times New Roman'\">\u00a0<\/span><\/p>\n<p style=\"text-align: justify\" class=\"MsoNormal\"><span style=\"font-size: 12pt; font-family: 'Times New Roman'\">\u00a0<\/span><\/p>\n<p style=\"text-align: justify\" class=\"MsoNormal\"><span style=\"font-size: 12pt; font-family: 'Times New Roman'\">\u00a0<\/span><\/p>\n<p style=\"text-align: justify\" class=\"MsoNormal\"><span style=\"font-size: 12pt; font-family: 'Times New Roman'\"><span>\u00a0\u00a0\u00a0\u00a0\u00a0\u00a0\u00a0\u00a0\u00a0\u00a0\u00a0\u00a0\u00a0\u00a0\u00a0\u00a0\u00a0\u00a0\u00a0\u00a0\u00a0\u00a0\u00a0\u00a0\u00a0\u00a0\u00a0\u00a0\u00a0\u00a0\u00a0\u00a0\u00a0\u00a0\u00a0\u00a0\u00a0\u00a0\u00a0\u00a0\u00a0\u00a0\u00a0\u00a0\u00a0\u00a0\u00a0\u00a0 <\/span><\/span><span style=\"font-size: 12pt; font-family: 'Times New Roman'\">Quelqu\u2019un a dit; \u201cl\u2019Histoire est le r\u00e9cit des \u00e9v\u00e9nements tels que l\u2019on aurait voulu qu\u2019ils se passent\u201d. Ceci n\u2019a rien de p\u00e9joratif pour la plupart des Historiens qui, en leur \u00e2me et conscience, compte des donn\u00e9es accumul\u00e9es, font un remarquable et indispensable travail de M\u00e9moire.<\/span><\/p>\n<p style=\"text-align: justify\" class=\"MsoNormal\"><span style=\"font-size: 12pt; font-family: 'Times New Roman'\"><span>\u00a0\u00a0\u00a0\u00a0\u00a0\u00a0\u00a0\u00a0\u00a0\u00a0\u00a0\u00a0\u00a0\u00a0\u00a0\u00a0\u00a0\u00a0\u00a0\u00a0\u00a0\u00a0\u00a0\u00a0\u00a0\u00a0\u00a0\u00a0\u00a0\u00a0\u00a0\u00a0\u00a0\u00a0\u00a0\u00a0\u00a0 <\/span>Cependant, au fil des temps, le gigantesque caf\u00e9 du commerce que constitue l\u2019opinion publique poursuit son travail de fourmi et tire des conclusions parfois \u00e0 l\u2019emporte-pi\u00e8ce.<\/span><\/p>\n<p style=\"text-align: justify\" class=\"MsoNormal\"><span style=\"font-size: 12pt; font-family: 'Times New Roman'\"><span>\u00a0\u00a0\u00a0\u00a0\u00a0\u00a0\u00a0\u00a0\u00a0\u00a0\u00a0\u00a0\u00a0\u00a0\u00a0\u00a0\u00a0\u00a0\u00a0\u00a0\u00a0\u00a0\u00a0\u00a0\u00a0\u00a0\u00a0\u00a0\u00a0\u00a0\u00a0\u00a0\u00a0\u00a0\u00a0\u00a0\u00a0\u00a0 <\/span>Heureusement, il y a ceux qui ont compris que les Guerres ne sont jamais faites par ceux qui les d\u00e9cident mais par des malheureux, mobilis\u00e9s ou endoctrin\u00e9s, envoy\u00e9s au casse-pipe. <\/span><\/p>\n<p style=\"text-align: justify\" class=\"MsoNormal\"><span style=\"font-size: 12pt; font-family: 'Times New Roman'\">Parmi ceux-ci, on peut citer d\u2019authentiques r\u00e9sistants fran\u00e7ais de la premi\u00e8re heure qui ont adopt\u00e9, en connaissance de cause, des \u00ab\u00a0enfants de boches\u00a0\u00bb abandonn\u00e9s au nom du meurtrier qu\u2019en dira-t\u2019on.<\/span><\/p>\n<p style=\"text-align: justify\" class=\"MsoNormal\"><span style=\"font-size: 12pt; font-family: 'Times New Roman'\">Il y a ceux qui cherchent \u00e0 comprendre ce qui s\u2019est malheureusement pass\u00e9 en ayant l\u2019utopie de croire que l\u2019on pourra emp\u00eacher que cela ne se reproduise.<span>\u00a0\u00a0\u00a0\u00a0\u00a0\u00a0\u00a0\u00a0\u00a0\u00a0\u00a0\u00a0\u00a0\u00a0\u00a0\u00a0\u00a0\u00a0\u00a0\u00a0\u00a0\u00a0\u00a0 <\/span><\/span><\/p>\n<p style=\"text-align: justify\" class=\"MsoNormal\"><span style=\"font-size: 12pt; font-family: 'Times New Roman'\"><span>\u00a0\u00a0\u00a0\u00a0\u00a0\u00a0\u00a0\u00a0\u00a0\u00a0\u00a0\u00a0\u00a0\u00a0\u00a0\u00a0\u00a0\u00a0\u00a0\u00a0\u00a0\u00a0\u00a0\u00a0\u00a0\u00a0\u00a0\u00a0\u00a0\u00a0\u00a0\u00a0\u00a0\u00a0\u00a0\u00a0\u00a0\u00a0\u00a0\u00a0 <\/span>C\u0153urs sans fronti\u00e8res, d\u00e8s sa cr\u00e9ation, s\u2019est fix\u00e9 un objectif tr\u00e8s simple, regrouper non pas les \u00ab\u00a0enfants de boches\u00a0\u00bb mais les enfants des guerres. <\/span><\/p>\n<p style=\"text-align: justify\" class=\"MsoNormal\"><span style=\"font-size: 12pt; font-family: 'Times New Roman'\">En effet, de tous les conflits qui endeuillent au quotidien notre plan\u00e8te, naissent des enfants de l\u2019amour, fruits de parents n\u2019appartenant pas au m\u00eame camp.<\/span><\/p>\n<p style=\"text-align: justify\" class=\"MsoNormal\"><span style=\"font-size: 12pt; font-family: 'Times New Roman'\">Combien sommes-nous, produits des guerres\u00a0? Il est impossible d\u2019en donner ne f\u00fbt-ce qu\u2019une estimation mondiale. Les lois, non \u00e9crites, des tabous sont un efficace \u00e9teignoir\u00a0!<\/span><\/p>\n<p style=\"text-align: justify\" class=\"MsoNormal\"><span style=\"font-size: 12pt; font-family: 'Times New Roman'\">Comment\u00a0? vous avez dit \u00ab\u00a0Office mondial des enfants des guerres\u00a0\u00bb vous r\u00eavez\u00a0!<\/span><\/p>\n<p>&nbsp;<\/p>\n<p>&nbsp;<\/p>\n<p style=\"text-align: justify\" class=\"MsoNormal\"><span style=\"font-size: 12pt; font-family: 'Times New Roman'\"><span>\u00a0\u00a0\u00a0\u00a0\u00a0\u00a0\u00a0\u00a0\u00a0\u00a0\u00a0\u00a0\u00a0\u00a0\u00a0\u00a0\u00a0\u00a0\u00a0\u00a0\u00a0\u00a0\u00a0\u00a0\u00a0\u00a0\u00a0\u00a0\u00a0\u00a0\u00a0\u00a0 <\/span><span>\u00a0\u00a0\u00a0\u00a0<\/span><span>\u00a0\u00a0\u00a0\u00a0\u00a0\u00a0\u00a0\u00a0\u00a0\u00a0\u00a0 <\/span><span>\u00a0\u00a0\u00a0<\/span>C\u0153urs sans fronti\u00e8res donc, association franco-allemande, a \u00e9t\u00e9 cr\u00e9\u00e9e pour faciliter le contact entre ces victimes et les aider \u00e0 retrouver leur P\u00e8re, que ces enfants soient n\u00e9s d\u2019une Maman fran\u00e7aise et d\u2019un Papa allemand ou d\u2019une Maman allemande et d\u2019un Papa fran\u00e7ais.<\/span><\/p>\n<p style=\"text-align: justify\" class=\"MsoNormal\"><span style=\"font-size: 12pt; font-family: 'Times New Roman'\">Bien entendu, cette association est d\u00e9j\u00e0 tr\u00e8s associ\u00e9e, sur le plan de l\u2019\u00e9thique, \u00e0 certaines de ses homologues qui se cr\u00e9ent dans d\u2019autres pays europ\u00e9ens, comme, par exemple, la Belgique.<\/span><\/p>\n<p style=\"text-align: justify\" class=\"MsoNormal\"><span style=\"font-size: 12pt; font-family: 'Times New Roman'\"><span>\u00a0\u00a0\u00a0\u00a0\u00a0\u00a0\u00a0\u00a0\u00a0\u00a0\u00a0\u00a0\u00a0\u00a0\u00a0\u00a0\u00a0\u00a0\u00a0\u00a0\u00a0\u00a0\u00a0\u00a0\u00a0\u00a0\u00a0\u00a0\u00a0\u00a0\u00a0\u00a0\u00a0\u00a0\u00a0\u00a0\u00a0\u00a0\u00a0\u00a0\u00a0\u00a0\u00a0\u00a0 <\/span>Pour cette mission, notre association s\u2019est statutairement impos\u00e9 une r\u00e8gle incontournable, l\u2019exclusion de toute approche politique ou religieuse.<\/span><\/p>\n<p style=\"text-align: justify\" class=\"MsoNormal\"><span style=\"font-size: 12pt; font-family: 'Times New Roman'\">Ce choix, tr\u00e8s important, n\u2019est pas un article destin\u00e9 \u00e0 enjoliver les statuts mais nous pr\u00e9munir contre une menace permanente.<\/span><\/p>\n<p style=\"text-align: justify\" class=\"MsoNormal\"><span style=\"font-size: 12pt; font-family: 'Times New Roman'\"><span>\u00a0\u00a0\u00a0\u00a0\u00a0\u00a0\u00a0\u00a0\u00a0\u00a0\u00a0\u00a0\u00a0\u00a0\u00a0\u00a0\u00a0\u00a0\u00a0\u00a0\u00a0\u00a0\u00a0\u00a0\u00a0\u00a0\u00a0\u00a0\u00a0\u00a0\u00a0\u00a0\u00a0\u00a0\u00a0\u00a0\u00a0\u00a0\u00a0\u00a0\u00a0\u00a0\u00a0\u00a0\u00a0 <\/span>Dans la pens\u00e9e unique et dans les mentalit\u00e9s de caf\u00e9 du commerce \u00e9voqu\u00e9es plus haut, il y a encore, soixante dix ans apr\u00e8s, des gens qui, lorsque l\u2019on leur dit \u00ab enfant de boche\u00a0\u00bb traduisent \u00ab\u00a0 nazi\u00a0\u00bb\u00a0! <\/span><\/p>\n<p style=\"text-align: justify\" class=\"MsoNormal\"><span style=\"font-size: 12pt; font-family: 'Times New Roman'\">Ce n\u2019est pas \u00e0 nous qu\u2019il faut expliquer que l\u2019on peut fort bien \u00eatre le fruit d\u2019amours intenses entre un soldat de la Wehrmacht et d\u2019une<\/span><\/p>\n<p style=\"text-align: justify\" class=\"MsoNormal\"><span style=\"font-size: 12pt; font-family: 'Times New Roman'\">jeune fille fran\u00e7aise qui n\u2019avait pas tapiss\u00e9 sa chambre de photos d\u2019Hitler.<\/span><\/p>\n<p style=\"text-align: justify\" class=\"MsoNormal\"><span style=\"font-size: 12pt; font-family: 'Times New Roman'\">D\u2019ailleurs, ces hommes, contraints de nous combattre, n\u2019avaient pas obligatoirement le coup de foudre exclusivement pour des personnes blondes fid\u00e8les clones du type aryen.<\/span><\/p>\n<p style=\"text-align: justify\" class=\"MsoNormal\"><span style=\"font-size: 12pt; font-family: 'Times New Roman'\">\u00a0<\/span><\/p>\n<p style=\"text-align: justify\" class=\"MsoNormal\"><span style=\"font-size: 12pt; font-family: 'Times New Roman'\"><span>\u00a0\u00a0\u00a0\u00a0\u00a0\u00a0\u00a0\u00a0\u00a0\u00a0\u00a0\u00a0\u00a0\u00a0\u00a0\u00a0\u00a0\u00a0\u00a0\u00a0\u00a0\u00a0\u00a0\u00a0\u00a0\u00a0\u00a0\u00a0\u00a0\u00a0\u00a0\u00a0\u00a0\u00a0\u00a0\u00a0\u00a0\u00a0\u00a0\u00a0\u00a0\u00a0\u00a0\u00a0\u00a0\u00a0 <\/span>Heureusement, une majorit\u00e9 semble se d\u00e9gager de gens humains et tol\u00e9rants qui comprennent notre d\u00e9tresse et la respectent. <\/span><\/p>\n<p style=\"text-align: justify\" class=\"MsoNormal\"><span style=\"font-size: 12pt; font-family: 'Times New Roman'\">Mais on va voir que les moins nombreux but\u00e9s obscurantistes \u00e9voqu\u00e9s ci-dessus ne sont pas les plus dangereux, ils ne sont que b\u00eates, tant pis pour eux.<\/span><\/p>\n<p style=\"text-align: justify\" class=\"MsoNormal\"><span style=\"font-size: 12pt; font-family: 'Times New Roman'\"><span>\u00a0\u00a0\u00a0\u00a0\u00a0\u00a0\u00a0\u00a0\u00a0\u00a0\u00a0\u00a0\u00a0\u00a0\u00a0\u00a0\u00a0\u00a0\u00a0\u00a0\u00a0\u00a0\u00a0\u00a0\u00a0\u00a0\u00a0\u00a0\u00a0\u00a0\u00a0\u00a0\u00a0\u00a0\u00a0\u00a0\u00a0\u00a0\u00a0\u00a0 <\/span><span>\u00a0\u00a0\u00a0\u00a0\u00a0\u00a0<\/span>Mais il y a plus pervers\u00a0!<span>\u00a0 <\/span>Notre Pr\u00e9sident, Homme de dialogue et de main tendue, participe \u00e0 de nombreux colloques ou conf\u00e9rences de presse. Or, il lui est arriv\u00e9, dans ces occasions, \u00e0 sa grande stupeur, d\u2019\u00eatre abord\u00e9 par des personnes venues lui exprimer leur admiration en pr\u00e9cisant la fiert\u00e9 que nous devions ressentir d\u2019\u00eatre des enfants du Troisi\u00e8me Reich\u00a0!!!!<span>\u00a0\u00a0\u00a0 <\/span>R\u00e9pugnant non\u00a0?<\/span><\/p>\n<p style=\"text-align: justify\" class=\"MsoNormal\"><span style=\"font-size: 12pt; font-family: 'Times New Roman'\">Bien entendu, notre Pr\u00e9sident \u00e0 imm\u00e9diatement \u00ab\u00a0remis les pendules \u00e0 l\u2019heure\u00a0\u00bb et clos l\u2019entretien.<\/span><\/p>\n<p style=\"text-align: justify\" class=\"MsoNormal\"><span style=\"font-size: 12pt; font-family: 'Times New Roman'\"><span>\u00a0\u00a0\u00a0\u00a0\u00a0\u00a0\u00a0\u00a0\u00a0\u00a0\u00a0\u00a0\u00a0\u00a0\u00a0\u00a0\u00a0\u00a0 <\/span><span>\u00a0\u00a0\u00a0\u00a0\u00a0\u00a0\u00a0\u00a0\u00a0\u00a0\u00a0\u00a0\u00a0\u00a0\u00a0\u00a0\u00a0\u00a0\u00a0\u00a0\u00a0\u00a0\u00a0\u00a0\u00a0\u00a0\u00a0\u00a0\u00a0<\/span>Dans la construction europ\u00e9enne d\u2019associations d\u2019enfants de la guerre, deux viennent de voir le jour dans un pays du nord de l\u2019Europe. Malheureusement, elles semblent anim\u00e9es par des nostalgiques du r\u00e9gime nazi et sont aux antipodes des id\u00e9es humanistes que nous essayons modestement de faire passer.<\/span><\/p>\n<p style=\"text-align: justify\" class=\"MsoNormal\"><span style=\"font-size: 12pt; font-family: 'Times New Roman'\"><span>\u00a0\u00a0\u00a0\u00a0\u00a0\u00a0\u00a0\u00a0\u00a0\u00a0\u00a0\u00a0\u00a0\u00a0\u00a0\u00a0\u00a0\u00a0\u00a0\u00a0\u00a0\u00a0\u00a0\u00a0\u00a0\u00a0\u00a0\u00a0\u00a0\u00a0\u00a0\u00a0\u00a0\u00a0\u00a0\u00a0\u00a0\u00a0\u00a0\u00a0\u00a0\u00a0\u00a0\u00a0\u00a0\u00a0\u00a0\u00a0\u00a0 <\/span>Tr\u00e8s r\u00e9cemment, on a pu trouver sur internet, un sordide lien entre la relation de l\u2019attribution de la nationalit\u00e9 allemande \u00e0 un enfant de la guerre (article publi\u00e9 par un grand quotidien national) et le nom d\u2019un chantre du r\u00e9visionnisme, voire du n\u00e9gationnisme fran\u00e7ais&#8230;.<\/span><\/p>\n<p style=\"text-align: justify\" class=\"MsoNormal\"><span style=\"font-size: 12pt; font-family: 'Times New Roman'\"><span>\u00a0\u00a0\u00a0\u00a0\u00a0\u00a0\u00a0\u00a0\u00a0\u00a0\u00a0\u00a0\u00a0\u00a0\u00a0\u00a0\u00a0\u00a0\u00a0\u00a0\u00a0\u00a0\u00a0\u00a0\u00a0\u00a0\u00a0\u00a0\u00a0\u00a0\u00a0\u00a0\u00a0\u00a0\u00a0\u00a0\u00a0\u00a0\u00a0\u00a0\u00a0\u00a0\u00a0\u00a0\u00a0\u00a0\u00a0\u00a0\u00a0\u00a0\u00a0\u00a0 <\/span>Pour les enfants de la guerre, pour les sympathisants de C\u0153urs sans fronti\u00e8res, pour tous ceux qui r\u00eavent d\u2019un monde sans nuage, il est imp\u00e9ratif de rester extr\u00eamement vigilants sur ce point.<\/span><\/p>\n<p style=\"text-align: justify\" class=\"MsoNormal\"><span style=\"font-size: 12pt; font-family: 'Times New Roman'\"><span>\u00a0\u00a0\u00a0\u00a0\u00a0\u00a0\u00a0\u00a0\u00a0\u00a0\u00a0\u00a0\u00a0\u00a0\u00a0\u00a0\u00a0\u00a0\u00a0\u00a0\u00a0\u00a0\u00a0\u00a0\u00a0\u00a0\u00a0\u00a0\u00a0\u00a0\u00a0\u00a0\u00a0\u00a0\u00a0\u00a0\u00a0\u00a0\u00a0\u00a0\u00a0\u00a0\u00a0\u00a0\u00a0\u00a0\u00a0\u00a0\u00a0\u00a0\u00a0\u00a0 <\/span>De m\u00eame que notre association, bien que tourn\u00e9e vers l\u2019avenir, d\u00e9fend \u00e0 juste titre le devoir de m\u00e9moire, elle doit rester strictement en dehors du d\u00e9bat politique, mais, dans ce cadre, et ce n\u2019est pas incompatible, elle doit d\u00e9noncer ces r\u00e9surgences id\u00e9ologiques malsaines.<\/span><\/p>\n<p style=\"text-align: justify\" class=\"MsoNormal\"><span style=\"font-size: 12pt; font-family: 'Times New Roman'\">C\u0153urs sans fronti\u00e8res est totalement oppos\u00e9e aux th\u00e8ses n\u00e9o-nazies et au r\u00e9visionnisme. C\u2019est clair.<\/span><\/p>\n<p style=\"text-align: justify\" class=\"MsoNormal\"><span style=\"font-size: 12pt; font-family: 'Times New Roman'\"><span>\u00a0\u00a0\u00a0\u00a0\u00a0\u00a0\u00a0\u00a0\u00a0\u00a0\u00a0\u00a0\u00a0\u00a0\u00a0\u00a0\u00a0\u00a0\u00a0\u00a0\u00a0\u00a0\u00a0\u00a0\u00a0\u00a0\u00a0\u00a0\u00a0\u00a0\u00a0\u00a0\u00a0\u00a0\u00a0\u00a0\u00a0\u00a0\u00a0\u00a0\u00a0\u00a0\u00a0\u00a0\u00a0\u00a0\u00a0\u00a0\u00a0\u00a0\u00a0\u00a0\u00a0 <\/span>Le devoir de m\u00e9moire, indispensable, \u00e0 l\u2019intention, en particulier, des jeunes g\u00e9n\u00e9rations, devrait \u00eatre accompagn\u00e9 d\u2019une mise en garde contre le risque permanent d\u2019un retour de ce qui a fait notre malheur.<\/span><\/p>\n<p><span style=\"font-size: 12pt; font-family: 'Times New Roman'\"><span>\u00a0\u00a0\u00a0\u00a0\u00a0\u00a0\u00a0\u00a0\u00a0\u00a0\u00a0\u00a0\u00a0\u00a0\u00a0\u00a0\u00a0\u00a0\u00a0\u00a0\u00a0\u00a0\u00a0\u00a0\u00a0\u00a0\u00a0\u00a0 <\/span><\/span>    <\/p>\n<p style=\"text-align: justify\" class=\"MsoNormal\"><span style=\"font-size: 12pt; font-family: 'Times New Roman'\"><span>\u00a0\u00a0\u00a0\u00a0\u00a0\u00a0\u00a0\u00a0\u00a0\u00a0\u00a0\u00a0\u00a0\u00a0 <\/span>Le Comit\u00e9 Directeur de C\u0153urs Sans Fronti\u00e8res. Janvier 2010.<span>\u00a0\u00a0\u00a0\u00a0\u00a0\u00a0\u00a0\u00a0\u00a0\u00a0\u00a0\u00a0\u00a0\u00a0\u00a0\u00a0\u00a0\u00a0\u00a0 <\/span><span>\u00a0\u00a0\u00a0\u00a0\u00a0\u00a0\u00a0\u00a0\u00a0\u00a0\u00a0\u00a0\u00a0\u00a0\u00a0<\/span><\/span><\/p>\n<p style=\"text-align: justify\" class=\"MsoNormal\"><span style=\"font-size: 12pt; font-family: 'Times New Roman'\">\u00a0<\/span><\/p>\n","protected":false},"excerpt":{"rendered":"<p>\u00a0\u00a0\u00a0\u00a0\u00a0\u00a0\u00a0\u00a0\u00a0\u00a0\u00a0\u00a0\u00a0\u00a0\u00a0\u00a0\u00a0\u00a0 \u00a0\u00a0V I E U X\u00a0\u00a0 M A I S\u00a0\u00a0 A C T U E L S\u00a0\u00a0 D E M O N S \u00a0 \u00a0 \u00a0 \u00a0\u00a0\u00a0\u00a0\u00a0\u00a0\u00a0\u00a0\u00a0\u00a0\u00a0\u00a0\u00a0\u00a0\u00a0\u00a0\u00a0\u00a0\u00a0\u00a0\u00a0\u00a0\u00a0\u00a0\u00a0\u00a0\u00a0\u00a0\u00a0\u00a0\u00a0\u00a0\u00a0\u00a0\u00a0\u00a0\u00a0\u00a0\u00a0\u00a0\u00a0\u00a0\u00a0\u00a0\u00a0\u00a0\u00a0\u00a0 Quelqu\u2019un a dit; \u201cl\u2019Histoire est le r\u00e9cit des \u00e9v\u00e9nements tels que l\u2019on aurait voulu qu\u2019ils se passent\u201d. Ceci n\u2019a rien de p\u00e9joratif pour la plupart des Historiens qui, [&hellip;]<\/p>\n","protected":false},"author":5,"featured_media":0,"comment_status":"open","ping_status":"open","sticky":false,"template":"","format":"standard","meta":{"_et_pb_use_builder":"","_et_pb_old_content":"","_et_gb_content_width":"","footnotes":""},"categories":[1],"tags":[],"class_list":["post-297","post","type-post","status-publish","format-standard","hentry","category-non-classifiee"],"yoast_head":"<!-- This site is optimized with the Yoast SEO plugin v27.5 - https:\/\/yoast.com\/product\/yoast-seo-wordpress\/ -->\n<title>Vieux d\u00e9mons - CSF - HOG<\/title>\n<meta name=\"robots\" content=\"index, follow, max-snippet:-1, max-image-preview:large, max-video-preview:-1\" \/>\n<link rel=\"canonical\" href=\"https:\/\/www.coeurssansfrontieres.com\/fr\/categoriestechniques\/non-classifiee\/vieux-demons\/\" \/>\n<meta property=\"og:locale\" content=\"fr_FR\" \/>\n<meta property=\"og:type\" content=\"article\" \/>\n<meta property=\"og:title\" content=\"Vieux d\u00e9mons - CSF - HOG\" \/>\n<meta property=\"og:description\" content=\"\u00a0\u00a0\u00a0\u00a0\u00a0\u00a0\u00a0\u00a0\u00a0\u00a0\u00a0\u00a0\u00a0\u00a0\u00a0\u00a0\u00a0\u00a0 \u00a0\u00a0V I E U X\u00a0\u00a0 M A I S\u00a0\u00a0 A C T U E L S\u00a0\u00a0 D E M O N S \u00a0 \u00a0 \u00a0 \u00a0\u00a0\u00a0\u00a0\u00a0\u00a0\u00a0\u00a0\u00a0\u00a0\u00a0\u00a0\u00a0\u00a0\u00a0\u00a0\u00a0\u00a0\u00a0\u00a0\u00a0\u00a0\u00a0\u00a0\u00a0\u00a0\u00a0\u00a0\u00a0\u00a0\u00a0\u00a0\u00a0\u00a0\u00a0\u00a0\u00a0\u00a0\u00a0\u00a0\u00a0\u00a0\u00a0\u00a0\u00a0\u00a0\u00a0\u00a0 Quelqu\u2019un a dit; \u201cl\u2019Histoire est le r\u00e9cit des \u00e9v\u00e9nements tels que l\u2019on aurait voulu qu\u2019ils se passent\u201d. Ceci n\u2019a rien de p\u00e9joratif pour la plupart des Historiens qui, [&hellip;]\" \/>\n<meta property=\"og:url\" content=\"https:\/\/www.coeurssansfrontieres.com\/fr\/categoriestechniques\/non-classifiee\/vieux-demons\/\" \/>\n<meta property=\"og:site_name\" content=\"CSF - HOG\" \/>\n<meta property=\"article:published_time\" content=\"2010-01-29T19:10:30+00:00\" \/>\n<meta name=\"author\" content=\"LE QUENTREC Chantal\" \/>\n<meta name=\"twitter:card\" content=\"summary_large_image\" \/>\n<meta name=\"twitter:label1\" content=\"\u00c9crit par\" \/>\n\t<meta name=\"twitter:data1\" content=\"LE QUENTREC Chantal\" \/>\n\t<meta name=\"twitter:label2\" content=\"Dur\u00e9e de lecture estim\u00e9e\" \/>\n\t<meta name=\"twitter:data2\" content=\"5 minutes\" \/>\n<script type=\"application\/ld+json\" class=\"yoast-schema-graph\">{\"@context\":\"https:\\\/\\\/schema.org\",\"@graph\":[{\"@type\":\"Article\",\"@id\":\"https:\\\/\\\/www.coeurssansfrontieres.com\\\/fr\\\/categoriestechniques\\\/non-classifiee\\\/vieux-demons\\\/#article\",\"isPartOf\":{\"@id\":\"https:\\\/\\\/www.coeurssansfrontieres.com\\\/fr\\\/categoriestechniques\\\/non-classifiee\\\/vieux-demons\\\/\"},\"author\":{\"name\":\"LE QUENTREC Chantal\",\"@id\":\"https:\\\/\\\/www.coeurssansfrontieres.com\\\/fr\\\/#\\\/schema\\\/person\\\/ae811928053aca16ba5f8ad091b75a2e\"},\"headline\":\"Vieux d\u00e9mons\",\"datePublished\":\"2010-01-29T19:10:30+00:00\",\"mainEntityOfPage\":{\"@id\":\"https:\\\/\\\/www.coeurssansfrontieres.com\\\/fr\\\/categoriestechniques\\\/non-classifiee\\\/vieux-demons\\\/\"},\"wordCount\":951,\"commentCount\":0,\"articleSection\":[\"Non classifi\u00e9(e)\"],\"inLanguage\":\"fr-FR\",\"potentialAction\":[{\"@type\":\"CommentAction\",\"name\":\"Comment\",\"target\":[\"https:\\\/\\\/www.coeurssansfrontieres.com\\\/fr\\\/categoriestechniques\\\/non-classifiee\\\/vieux-demons\\\/#respond\"]}]},{\"@type\":\"WebPage\",\"@id\":\"https:\\\/\\\/www.coeurssansfrontieres.com\\\/fr\\\/categoriestechniques\\\/non-classifiee\\\/vieux-demons\\\/\",\"url\":\"https:\\\/\\\/www.coeurssansfrontieres.com\\\/fr\\\/categoriestechniques\\\/non-classifiee\\\/vieux-demons\\\/\",\"name\":\"Vieux d\u00e9mons - CSF - HOG\",\"isPartOf\":{\"@id\":\"https:\\\/\\\/www.coeurssansfrontieres.com\\\/fr\\\/#website\"},\"datePublished\":\"2010-01-29T19:10:30+00:00\",\"author\":{\"@id\":\"https:\\\/\\\/www.coeurssansfrontieres.com\\\/fr\\\/#\\\/schema\\\/person\\\/ae811928053aca16ba5f8ad091b75a2e\"},\"breadcrumb\":{\"@id\":\"https:\\\/\\\/www.coeurssansfrontieres.com\\\/fr\\\/categoriestechniques\\\/non-classifiee\\\/vieux-demons\\\/#breadcrumb\"},\"inLanguage\":\"fr-FR\",\"potentialAction\":[{\"@type\":\"ReadAction\",\"target\":[\"https:\\\/\\\/www.coeurssansfrontieres.com\\\/fr\\\/categoriestechniques\\\/non-classifiee\\\/vieux-demons\\\/\"]}]},{\"@type\":\"BreadcrumbList\",\"@id\":\"https:\\\/\\\/www.coeurssansfrontieres.com\\\/fr\\\/categoriestechniques\\\/non-classifiee\\\/vieux-demons\\\/#breadcrumb\",\"itemListElement\":[{\"@type\":\"ListItem\",\"position\":1,\"name\":\"Accueil\",\"item\":\"https:\\\/\\\/www.coeurssansfrontieres.com\\\/fr\\\/\"},{\"@type\":\"ListItem\",\"position\":2,\"name\":\"Vieux d\u00e9mons\"}]},{\"@type\":\"WebSite\",\"@id\":\"https:\\\/\\\/www.coeurssansfrontieres.com\\\/fr\\\/#website\",\"url\":\"https:\\\/\\\/www.coeurssansfrontieres.com\\\/fr\\\/\",\"name\":\"C\u0153urs sans fronti\u00e8res\",\"description\":\"Association franco-allemande des Enfants de la Seconde Guerre Mondiale\",\"potentialAction\":[{\"@type\":\"SearchAction\",\"target\":{\"@type\":\"EntryPoint\",\"urlTemplate\":\"https:\\\/\\\/www.coeurssansfrontieres.com\\\/fr\\\/?s={search_term_string}\"},\"query-input\":{\"@type\":\"PropertyValueSpecification\",\"valueRequired\":true,\"valueName\":\"search_term_string\"}}],\"inLanguage\":\"fr-FR\"},{\"@type\":\"Person\",\"@id\":\"https:\\\/\\\/www.coeurssansfrontieres.com\\\/fr\\\/#\\\/schema\\\/person\\\/ae811928053aca16ba5f8ad091b75a2e\",\"name\":\"LE QUENTREC Chantal\"}]}<\/script>\n<!-- \/ Yoast SEO plugin. -->","yoast_head_json":{"title":"Vieux d\u00e9mons - CSF - HOG","robots":{"index":"index","follow":"follow","max-snippet":"max-snippet:-1","max-image-preview":"max-image-preview:large","max-video-preview":"max-video-preview:-1"},"canonical":"https:\/\/www.coeurssansfrontieres.com\/fr\/categoriestechniques\/non-classifiee\/vieux-demons\/","og_locale":"fr_FR","og_type":"article","og_title":"Vieux d\u00e9mons - CSF - HOG","og_description":"\u00a0\u00a0\u00a0\u00a0\u00a0\u00a0\u00a0\u00a0\u00a0\u00a0\u00a0\u00a0\u00a0\u00a0\u00a0\u00a0\u00a0\u00a0 \u00a0\u00a0V I E U X\u00a0\u00a0 M A I S\u00a0\u00a0 A C T U E L S\u00a0\u00a0 D E M O N S \u00a0 \u00a0 \u00a0 \u00a0\u00a0\u00a0\u00a0\u00a0\u00a0\u00a0\u00a0\u00a0\u00a0\u00a0\u00a0\u00a0\u00a0\u00a0\u00a0\u00a0\u00a0\u00a0\u00a0\u00a0\u00a0\u00a0\u00a0\u00a0\u00a0\u00a0\u00a0\u00a0\u00a0\u00a0\u00a0\u00a0\u00a0\u00a0\u00a0\u00a0\u00a0\u00a0\u00a0\u00a0\u00a0\u00a0\u00a0\u00a0\u00a0\u00a0\u00a0 Quelqu\u2019un a dit; \u201cl\u2019Histoire est le r\u00e9cit des \u00e9v\u00e9nements tels que l\u2019on aurait voulu qu\u2019ils se passent\u201d. Ceci n\u2019a rien de p\u00e9joratif pour la plupart des Historiens qui, [&hellip;]","og_url":"https:\/\/www.coeurssansfrontieres.com\/fr\/categoriestechniques\/non-classifiee\/vieux-demons\/","og_site_name":"CSF - HOG","article_published_time":"2010-01-29T19:10:30+00:00","author":"LE QUENTREC Chantal","twitter_card":"summary_large_image","twitter_misc":{"\u00c9crit par":"LE QUENTREC Chantal","Dur\u00e9e de lecture estim\u00e9e":"5 minutes"},"schema":{"@context":"https:\/\/schema.org","@graph":[{"@type":"Article","@id":"https:\/\/www.coeurssansfrontieres.com\/fr\/categoriestechniques\/non-classifiee\/vieux-demons\/#article","isPartOf":{"@id":"https:\/\/www.coeurssansfrontieres.com\/fr\/categoriestechniques\/non-classifiee\/vieux-demons\/"},"author":{"name":"LE QUENTREC Chantal","@id":"https:\/\/www.coeurssansfrontieres.com\/fr\/#\/schema\/person\/ae811928053aca16ba5f8ad091b75a2e"},"headline":"Vieux d\u00e9mons","datePublished":"2010-01-29T19:10:30+00:00","mainEntityOfPage":{"@id":"https:\/\/www.coeurssansfrontieres.com\/fr\/categoriestechniques\/non-classifiee\/vieux-demons\/"},"wordCount":951,"commentCount":0,"articleSection":["Non classifi\u00e9(e)"],"inLanguage":"fr-FR","potentialAction":[{"@type":"CommentAction","name":"Comment","target":["https:\/\/www.coeurssansfrontieres.com\/fr\/categoriestechniques\/non-classifiee\/vieux-demons\/#respond"]}]},{"@type":"WebPage","@id":"https:\/\/www.coeurssansfrontieres.com\/fr\/categoriestechniques\/non-classifiee\/vieux-demons\/","url":"https:\/\/www.coeurssansfrontieres.com\/fr\/categoriestechniques\/non-classifiee\/vieux-demons\/","name":"Vieux d\u00e9mons - CSF - HOG","isPartOf":{"@id":"https:\/\/www.coeurssansfrontieres.com\/fr\/#website"},"datePublished":"2010-01-29T19:10:30+00:00","author":{"@id":"https:\/\/www.coeurssansfrontieres.com\/fr\/#\/schema\/person\/ae811928053aca16ba5f8ad091b75a2e"},"breadcrumb":{"@id":"https:\/\/www.coeurssansfrontieres.com\/fr\/categoriestechniques\/non-classifiee\/vieux-demons\/#breadcrumb"},"inLanguage":"fr-FR","potentialAction":[{"@type":"ReadAction","target":["https:\/\/www.coeurssansfrontieres.com\/fr\/categoriestechniques\/non-classifiee\/vieux-demons\/"]}]},{"@type":"BreadcrumbList","@id":"https:\/\/www.coeurssansfrontieres.com\/fr\/categoriestechniques\/non-classifiee\/vieux-demons\/#breadcrumb","itemListElement":[{"@type":"ListItem","position":1,"name":"Accueil","item":"https:\/\/www.coeurssansfrontieres.com\/fr\/"},{"@type":"ListItem","position":2,"name":"Vieux d\u00e9mons"}]},{"@type":"WebSite","@id":"https:\/\/www.coeurssansfrontieres.com\/fr\/#website","url":"https:\/\/www.coeurssansfrontieres.com\/fr\/","name":"C\u0153urs sans fronti\u00e8res","description":"Association franco-allemande des Enfants de la Seconde Guerre Mondiale","potentialAction":[{"@type":"SearchAction","target":{"@type":"EntryPoint","urlTemplate":"https:\/\/www.coeurssansfrontieres.com\/fr\/?s={search_term_string}"},"query-input":{"@type":"PropertyValueSpecification","valueRequired":true,"valueName":"search_term_string"}}],"inLanguage":"fr-FR"},{"@type":"Person","@id":"https:\/\/www.coeurssansfrontieres.com\/fr\/#\/schema\/person\/ae811928053aca16ba5f8ad091b75a2e","name":"LE QUENTREC Chantal"}]}},"_links":{"self":[{"href":"https:\/\/www.coeurssansfrontieres.com\/fr\/wp-json\/wp\/v2\/posts\/297","targetHints":{"allow":["GET"]}}],"collection":[{"href":"https:\/\/www.coeurssansfrontieres.com\/fr\/wp-json\/wp\/v2\/posts"}],"about":[{"href":"https:\/\/www.coeurssansfrontieres.com\/fr\/wp-json\/wp\/v2\/types\/post"}],"author":[{"embeddable":true,"href":"https:\/\/www.coeurssansfrontieres.com\/fr\/wp-json\/wp\/v2\/users\/5"}],"replies":[{"embeddable":true,"href":"https:\/\/www.coeurssansfrontieres.com\/fr\/wp-json\/wp\/v2\/comments?post=297"}],"version-history":[{"count":0,"href":"https:\/\/www.coeurssansfrontieres.com\/fr\/wp-json\/wp\/v2\/posts\/297\/revisions"}],"wp:attachment":[{"href":"https:\/\/www.coeurssansfrontieres.com\/fr\/wp-json\/wp\/v2\/media?parent=297"}],"wp:term":[{"taxonomy":"category","embeddable":true,"href":"https:\/\/www.coeurssansfrontieres.com\/fr\/wp-json\/wp\/v2\/categories?post=297"},{"taxonomy":"post_tag","embeddable":true,"href":"https:\/\/www.coeurssansfrontieres.com\/fr\/wp-json\/wp\/v2\/tags?post=297"}],"curies":[{"name":"wp","href":"https:\/\/api.w.org\/{rel}","templated":true}]}}