{"id":345,"date":"2010-07-13T15:00:46","date_gmt":"2010-07-13T13:00:46","guid":{"rendered":"http:\/\/www.coeurssansfrontieres.com\/zone-privee\/informations-ponctuelles\/juin-2010\/"},"modified":"2017-10-12T15:04:38","modified_gmt":"2017-10-12T13:04:38","slug":"juin-2010","status":"publish","type":"post","link":"https:\/\/www.coeurssansfrontieres.com\/fr\/categoriestechniques\/pre-corbeille\/juin-2010\/","title":{"rendered":"Juin 2010"},"content":{"rendered":"<p>[et_pb_section admin_label=\u00a0\u00bbsection\u00a0\u00bb][et_pb_row admin_label=\u00a0\u00bbrow\u00a0\u00bb][et_pb_column type=\u00a0\u00bb4_4&Prime;][et_pb_text admin_label=\u00a0\u00bbTexte\u00a0\u00bb]<\/p>\n<p>Chers amis,<\/p>\n<p>1\/ <u>Ce mois-ci dans votre zone priv\u00e9e <\/u>:<\/p>\n<p><strong>\u2022 R\u00e9union r\u00e9gionale du Sud-Est<\/strong> : journ\u00e9e tr\u00e8s agr\u00e9able de l&rsquo;avis des participants qui concluent en disant, nous ne nous connaissions pas, nous nous quittons \u00ab\u00a0fr\u00e8res et s\u0153ur\u00a0\u00bb, voir ce sujet dans \u00ab\u00a0Zone priv\u00e9e\/r\u00e9gions<\/p>\n<p><strong>\u2022 Double nationalit\u00e9 :<\/strong><br \/>\nUne adh\u00e9rente de la zone Ouest vient de recevoir sa convocation pour la remise de son certificat de nationalit\u00e9 naturalisation allemande. Voir \u00ab\u00a0Zone priv\u00e9e\/t\u00e9moignage<\/p>\n<p>2\/ <u>Ce mois-ci sur le site ouvert \u00e0 tous <\/u>:<\/p>\n<p>\u2022 <strong>Suite de la traduction des recherches en allemand<\/strong>.<\/p>\n<p>\u2022 <strong>Deux nouveaux t\u00e9moignages <\/strong>retrouvailles,<br \/>\nLes retrouvailles comme les recherches sont traduites en allemand.<\/p>\n<p>\u2022 <strong>Ajout de traductions anglaises<\/strong>.<br \/>\nNotre site est lu dans les pays anglo-saxons, des enfants de la guerre ont quitt\u00e9 l&rsquo;Europe, des familles allemandes \u00e9migr\u00e9es. Pour nos recherches et pour joindre les enfants de la guerre o\u00f9 ils se trouvent, nous enrichirons progressivement notre site avec des traductions anglaises.<\/p>\n<p>Bonne lecture, prochain rendez-vous en juillet\u2026<\/p>\n<p>[\/et_pb_text][\/et_pb_column][\/et_pb_row][\/et_pb_section]<\/p>\n","protected":false},"excerpt":{"rendered":"<p>Chers amis, 1\/ Ce mois-ci dans votre zone priv\u00e9e : \u2022 R\u00e9union r\u00e9gionale du Sud-Est : journ\u00e9e tr\u00e8s agr\u00e9able de l&rsquo;avis des participants qui concluent en disant, nous ne nous connaissions pas, nous nous quittons \u00ab\u00a0fr\u00e8res et s\u0153ur\u00a0\u00bb, voir ce sujet dans \u00ab\u00a0Zone priv\u00e9e\/r\u00e9gions \u2022 Double nationalit\u00e9 : Une adh\u00e9rente de la zone Ouest vient [&hellip;]<\/p>\n","protected":false},"author":249,"featured_media":0,"comment_status":"open","ping_status":"open","sticky":false,"template":"","format":"standard","meta":{"_et_pb_use_builder":"on","_et_pb_old_content":"<p><br \/><br \/>Chers amis,<br \/><br \/><br \/>1\/ <u>Ce mois-ci dans votre zone priv\u00e9e <\/u>:<br \/><br \/><strong>\u2022 R\u00e9union r\u00e9gionale du Sud-Est<\/strong> : journ\u00e9e tr\u00e8s agr\u00e9able de l'avis des participants qui concluent en disant, nous ne nous connaissions pas, nous nous quittons \"fr\u00e8res et s\u0153ur\", voir ce sujet dans \"Zone priv\u00e9e\/r\u00e9gions<br \/><br \/><strong>\u2022 Double nationalit\u00e9 :<\/strong><br \/>Une adh\u00e9rente de la zone Ouest vient de recevoir sa convocation pour la remise de son certificat de nationalit\u00e9 naturalisation allemande. Voir \"Zone priv\u00e9e\/t\u00e9moignage<br \/><br \/><br \/>2\/ <u>Ce mois-ci sur le site ouvert \u00e0 tous <\/u>:<br \/><br \/>\u2022 <strong>Suite de la traduction des recherches en allemand<\/strong>.<br \/><br \/>\u2022 <strong>Deux nouveaux t\u00e9moignages <\/strong>retrouvailles,<br \/>Les retrouvailles comme les recherches sont traduites en allemand. <br \/><br \/>\u2022 <strong>Ajout de traductions anglaises<\/strong>.<br \/>Notre site est lu dans les pays anglo-saxons, des enfants de la guerre ont quitt\u00e9 l'Europe, des familles allemandes \u00e9migr\u00e9es. Pour nos recherches et pour joindre les enfants de la guerre o\u00f9 ils se trouvent, nous enrichirons progressivement notre site avec des traductions anglaises.<br \/><br \/>Bonne lecture, prochain rendez-vous en juillet\u2026<br \/><br \/><\/p>","_et_gb_content_width":"","footnotes":""},"categories":[161],"tags":[],"class_list":["post-345","post","type-post","status-publish","format-standard","hentry","category-pre-corbeille"],"yoast_head":"<!-- This site is optimized with the Yoast SEO plugin v27.5 - https:\/\/yoast.com\/product\/yoast-seo-wordpress\/ -->\n<title>Juin 2010 - CSF - HOG<\/title>\n<meta name=\"robots\" content=\"index, follow, max-snippet:-1, max-image-preview:large, max-video-preview:-1\" \/>\n<link rel=\"canonical\" href=\"https:\/\/www.coeurssansfrontieres.com\/fr\/categoriestechniques\/pre-corbeille\/juin-2010\/\" \/>\n<meta property=\"og:locale\" content=\"fr_FR\" \/>\n<meta property=\"og:type\" content=\"article\" \/>\n<meta property=\"og:title\" content=\"Juin 2010 - CSF - HOG\" \/>\n<meta property=\"og:description\" content=\"Chers amis, 1\/ Ce mois-ci dans votre zone priv\u00e9e : \u2022 R\u00e9union r\u00e9gionale du Sud-Est : journ\u00e9e tr\u00e8s agr\u00e9able de l&#039;avis des participants qui concluent en disant, nous ne nous connaissions pas, nous nous quittons &quot;fr\u00e8res et s\u0153ur&quot;, voir ce sujet dans &quot;Zone priv\u00e9e\/r\u00e9gions \u2022 Double nationalit\u00e9 : Une adh\u00e9rente de la zone Ouest vient [&hellip;]\" \/>\n<meta property=\"og:url\" content=\"https:\/\/www.coeurssansfrontieres.com\/fr\/categoriestechniques\/pre-corbeille\/juin-2010\/\" \/>\n<meta property=\"og:site_name\" content=\"CSF - HOG\" \/>\n<meta property=\"article:published_time\" content=\"2010-07-13T13:00:46+00:00\" \/>\n<meta property=\"article:modified_time\" content=\"2017-10-12T13:04:38+00:00\" \/>\n<meta name=\"author\" content=\"GOFFIN Alexandre\" \/>\n<meta name=\"twitter:card\" content=\"summary_large_image\" \/>\n<meta name=\"twitter:label1\" content=\"\u00c9crit par\" \/>\n\t<meta name=\"twitter:data1\" content=\"GOFFIN Alexandre\" \/>\n\t<meta name=\"twitter:label2\" content=\"Dur\u00e9e de lecture estim\u00e9e\" \/>\n\t<meta name=\"twitter:data2\" content=\"1 minute\" \/>\n<script type=\"application\/ld+json\" class=\"yoast-schema-graph\">{\"@context\":\"https:\\\/\\\/schema.org\",\"@graph\":[{\"@type\":\"Article\",\"@id\":\"https:\\\/\\\/www.coeurssansfrontieres.com\\\/fr\\\/categoriestechniques\\\/pre-corbeille\\\/juin-2010\\\/#article\",\"isPartOf\":{\"@id\":\"https:\\\/\\\/www.coeurssansfrontieres.com\\\/fr\\\/categoriestechniques\\\/pre-corbeille\\\/juin-2010\\\/\"},\"author\":{\"name\":\"GOFFIN Alexandre\",\"@id\":\"https:\\\/\\\/www.coeurssansfrontieres.com\\\/fr\\\/#\\\/schema\\\/person\\\/19507754554eb5218427fc31038cac56\"},\"headline\":\"Juin 2010\",\"datePublished\":\"2010-07-13T13:00:46+00:00\",\"dateModified\":\"2017-10-12T13:04:38+00:00\",\"mainEntityOfPage\":{\"@id\":\"https:\\\/\\\/www.coeurssansfrontieres.com\\\/fr\\\/categoriestechniques\\\/pre-corbeille\\\/juin-2010\\\/\"},\"wordCount\":202,\"commentCount\":0,\"articleSection\":[\"pr\u00e9-Corbeille\"],\"inLanguage\":\"fr-FR\",\"potentialAction\":[{\"@type\":\"CommentAction\",\"name\":\"Comment\",\"target\":[\"https:\\\/\\\/www.coeurssansfrontieres.com\\\/fr\\\/categoriestechniques\\\/pre-corbeille\\\/juin-2010\\\/#respond\"]}]},{\"@type\":\"WebPage\",\"@id\":\"https:\\\/\\\/www.coeurssansfrontieres.com\\\/fr\\\/categoriestechniques\\\/pre-corbeille\\\/juin-2010\\\/\",\"url\":\"https:\\\/\\\/www.coeurssansfrontieres.com\\\/fr\\\/categoriestechniques\\\/pre-corbeille\\\/juin-2010\\\/\",\"name\":\"Juin 2010 - CSF - HOG\",\"isPartOf\":{\"@id\":\"https:\\\/\\\/www.coeurssansfrontieres.com\\\/fr\\\/#website\"},\"datePublished\":\"2010-07-13T13:00:46+00:00\",\"dateModified\":\"2017-10-12T13:04:38+00:00\",\"author\":{\"@id\":\"https:\\\/\\\/www.coeurssansfrontieres.com\\\/fr\\\/#\\\/schema\\\/person\\\/19507754554eb5218427fc31038cac56\"},\"breadcrumb\":{\"@id\":\"https:\\\/\\\/www.coeurssansfrontieres.com\\\/fr\\\/categoriestechniques\\\/pre-corbeille\\\/juin-2010\\\/#breadcrumb\"},\"inLanguage\":\"fr-FR\",\"potentialAction\":[{\"@type\":\"ReadAction\",\"target\":[\"https:\\\/\\\/www.coeurssansfrontieres.com\\\/fr\\\/categoriestechniques\\\/pre-corbeille\\\/juin-2010\\\/\"]}]},{\"@type\":\"BreadcrumbList\",\"@id\":\"https:\\\/\\\/www.coeurssansfrontieres.com\\\/fr\\\/categoriestechniques\\\/pre-corbeille\\\/juin-2010\\\/#breadcrumb\",\"itemListElement\":[{\"@type\":\"ListItem\",\"position\":1,\"name\":\"Accueil\",\"item\":\"https:\\\/\\\/www.coeurssansfrontieres.com\\\/fr\\\/\"},{\"@type\":\"ListItem\",\"position\":2,\"name\":\"Juin 2010\"}]},{\"@type\":\"WebSite\",\"@id\":\"https:\\\/\\\/www.coeurssansfrontieres.com\\\/fr\\\/#website\",\"url\":\"https:\\\/\\\/www.coeurssansfrontieres.com\\\/fr\\\/\",\"name\":\"C\u0153urs sans fronti\u00e8res\",\"description\":\"Association franco-allemande des Enfants de la Seconde Guerre Mondiale\",\"potentialAction\":[{\"@type\":\"SearchAction\",\"target\":{\"@type\":\"EntryPoint\",\"urlTemplate\":\"https:\\\/\\\/www.coeurssansfrontieres.com\\\/fr\\\/?s={search_term_string}\"},\"query-input\":{\"@type\":\"PropertyValueSpecification\",\"valueRequired\":true,\"valueName\":\"search_term_string\"}}],\"inLanguage\":\"fr-FR\"},{\"@type\":\"Person\",\"@id\":\"https:\\\/\\\/www.coeurssansfrontieres.com\\\/fr\\\/#\\\/schema\\\/person\\\/19507754554eb5218427fc31038cac56\",\"name\":\"GOFFIN Alexandre\"}]}<\/script>\n<!-- \/ Yoast SEO plugin. -->","yoast_head_json":{"title":"Juin 2010 - CSF - HOG","robots":{"index":"index","follow":"follow","max-snippet":"max-snippet:-1","max-image-preview":"max-image-preview:large","max-video-preview":"max-video-preview:-1"},"canonical":"https:\/\/www.coeurssansfrontieres.com\/fr\/categoriestechniques\/pre-corbeille\/juin-2010\/","og_locale":"fr_FR","og_type":"article","og_title":"Juin 2010 - CSF - HOG","og_description":"Chers amis, 1\/ Ce mois-ci dans votre zone priv\u00e9e : \u2022 R\u00e9union r\u00e9gionale du Sud-Est : journ\u00e9e tr\u00e8s agr\u00e9able de l'avis des participants qui concluent en disant, nous ne nous connaissions pas, nous nous quittons \"fr\u00e8res et s\u0153ur\", voir ce sujet dans \"Zone priv\u00e9e\/r\u00e9gions \u2022 Double nationalit\u00e9 : Une adh\u00e9rente de la zone Ouest vient [&hellip;]","og_url":"https:\/\/www.coeurssansfrontieres.com\/fr\/categoriestechniques\/pre-corbeille\/juin-2010\/","og_site_name":"CSF - HOG","article_published_time":"2010-07-13T13:00:46+00:00","article_modified_time":"2017-10-12T13:04:38+00:00","author":"GOFFIN Alexandre","twitter_card":"summary_large_image","twitter_misc":{"\u00c9crit par":"GOFFIN Alexandre","Dur\u00e9e de lecture estim\u00e9e":"1 minute"},"schema":{"@context":"https:\/\/schema.org","@graph":[{"@type":"Article","@id":"https:\/\/www.coeurssansfrontieres.com\/fr\/categoriestechniques\/pre-corbeille\/juin-2010\/#article","isPartOf":{"@id":"https:\/\/www.coeurssansfrontieres.com\/fr\/categoriestechniques\/pre-corbeille\/juin-2010\/"},"author":{"name":"GOFFIN Alexandre","@id":"https:\/\/www.coeurssansfrontieres.com\/fr\/#\/schema\/person\/19507754554eb5218427fc31038cac56"},"headline":"Juin 2010","datePublished":"2010-07-13T13:00:46+00:00","dateModified":"2017-10-12T13:04:38+00:00","mainEntityOfPage":{"@id":"https:\/\/www.coeurssansfrontieres.com\/fr\/categoriestechniques\/pre-corbeille\/juin-2010\/"},"wordCount":202,"commentCount":0,"articleSection":["pr\u00e9-Corbeille"],"inLanguage":"fr-FR","potentialAction":[{"@type":"CommentAction","name":"Comment","target":["https:\/\/www.coeurssansfrontieres.com\/fr\/categoriestechniques\/pre-corbeille\/juin-2010\/#respond"]}]},{"@type":"WebPage","@id":"https:\/\/www.coeurssansfrontieres.com\/fr\/categoriestechniques\/pre-corbeille\/juin-2010\/","url":"https:\/\/www.coeurssansfrontieres.com\/fr\/categoriestechniques\/pre-corbeille\/juin-2010\/","name":"Juin 2010 - CSF - HOG","isPartOf":{"@id":"https:\/\/www.coeurssansfrontieres.com\/fr\/#website"},"datePublished":"2010-07-13T13:00:46+00:00","dateModified":"2017-10-12T13:04:38+00:00","author":{"@id":"https:\/\/www.coeurssansfrontieres.com\/fr\/#\/schema\/person\/19507754554eb5218427fc31038cac56"},"breadcrumb":{"@id":"https:\/\/www.coeurssansfrontieres.com\/fr\/categoriestechniques\/pre-corbeille\/juin-2010\/#breadcrumb"},"inLanguage":"fr-FR","potentialAction":[{"@type":"ReadAction","target":["https:\/\/www.coeurssansfrontieres.com\/fr\/categoriestechniques\/pre-corbeille\/juin-2010\/"]}]},{"@type":"BreadcrumbList","@id":"https:\/\/www.coeurssansfrontieres.com\/fr\/categoriestechniques\/pre-corbeille\/juin-2010\/#breadcrumb","itemListElement":[{"@type":"ListItem","position":1,"name":"Accueil","item":"https:\/\/www.coeurssansfrontieres.com\/fr\/"},{"@type":"ListItem","position":2,"name":"Juin 2010"}]},{"@type":"WebSite","@id":"https:\/\/www.coeurssansfrontieres.com\/fr\/#website","url":"https:\/\/www.coeurssansfrontieres.com\/fr\/","name":"C\u0153urs sans fronti\u00e8res","description":"Association franco-allemande des Enfants de la Seconde Guerre Mondiale","potentialAction":[{"@type":"SearchAction","target":{"@type":"EntryPoint","urlTemplate":"https:\/\/www.coeurssansfrontieres.com\/fr\/?s={search_term_string}"},"query-input":{"@type":"PropertyValueSpecification","valueRequired":true,"valueName":"search_term_string"}}],"inLanguage":"fr-FR"},{"@type":"Person","@id":"https:\/\/www.coeurssansfrontieres.com\/fr\/#\/schema\/person\/19507754554eb5218427fc31038cac56","name":"GOFFIN Alexandre"}]}},"_links":{"self":[{"href":"https:\/\/www.coeurssansfrontieres.com\/fr\/wp-json\/wp\/v2\/posts\/345","targetHints":{"allow":["GET"]}}],"collection":[{"href":"https:\/\/www.coeurssansfrontieres.com\/fr\/wp-json\/wp\/v2\/posts"}],"about":[{"href":"https:\/\/www.coeurssansfrontieres.com\/fr\/wp-json\/wp\/v2\/types\/post"}],"author":[{"embeddable":true,"href":"https:\/\/www.coeurssansfrontieres.com\/fr\/wp-json\/wp\/v2\/users\/249"}],"replies":[{"embeddable":true,"href":"https:\/\/www.coeurssansfrontieres.com\/fr\/wp-json\/wp\/v2\/comments?post=345"}],"version-history":[{"count":0,"href":"https:\/\/www.coeurssansfrontieres.com\/fr\/wp-json\/wp\/v2\/posts\/345\/revisions"}],"wp:attachment":[{"href":"https:\/\/www.coeurssansfrontieres.com\/fr\/wp-json\/wp\/v2\/media?parent=345"}],"wp:term":[{"taxonomy":"category","embeddable":true,"href":"https:\/\/www.coeurssansfrontieres.com\/fr\/wp-json\/wp\/v2\/categories?post=345"},{"taxonomy":"post_tag","embeddable":true,"href":"https:\/\/www.coeurssansfrontieres.com\/fr\/wp-json\/wp\/v2\/tags?post=345"}],"curies":[{"name":"wp","href":"https:\/\/api.w.org\/{rel}","templated":true}]}}