{"id":3612,"date":"2018-05-09T09:25:01","date_gmt":"2018-05-09T07:25:01","guid":{"rendered":"http:\/\/www.coeurssansfrontieres.com\/fr\/?p=3612"},"modified":"2019-03-03T17:34:10","modified_gmt":"2019-03-03T16:34:10","slug":"686-maria-elisabeth-bosch-stuttgart","status":"publish","type":"post","link":"https:\/\/www.coeurssansfrontieres.com\/fr\/recherches\/recherches-abouties\/686-maria-elisabeth-bosch-stuttgart\/","title":{"rendered":"686 Maria Elisabeth BOSCH \u2013 Stuttgart"},"content":{"rendered":"<p>[et_pb_section admin_label=\u00a0\u00bbsection\u00a0\u00bb][et_pb_row admin_label=\u00a0\u00bbrow\u00a0\u00bb make_fullwidth=\u00a0\u00bbon\u00a0\u00bb use_custom_width=\u00a0\u00bboff\u00a0\u00bb width_unit=\u00a0\u00bbon\u00a0\u00bb use_custom_gutter=\u00a0\u00bboff\u00a0\u00bb padding_mobile=\u00a0\u00bboff\u00a0\u00bb allow_player_pause=\u00a0\u00bboff\u00a0\u00bb parallax=\u00a0\u00bboff\u00a0\u00bb parallax_method=\u00a0\u00bboff\u00a0\u00bb make_equal=\u00a0\u00bboff\u00a0\u00bb parallax_1=\u00a0\u00bboff\u00a0\u00bb parallax_method_1=\u00a0\u00bboff\u00a0\u00bb parallax_2=\u00a0\u00bboff\u00a0\u00bb parallax_method_2=\u00a0\u00bboff\u00a0\u00bb parallax_3=\u00a0\u00bboff\u00a0\u00bb parallax_method_3=\u00a0\u00bboff\u00a0\u00bb column_padding_mobile=\u00a0\u00bbon\u00a0\u00bb][et_pb_column type=\u00a0\u00bb3_4&Prime;][et_pb_text admin_label=\u00a0\u00bbTexte\u00a0\u00bb background_layout=\u00a0\u00bblight\u00a0\u00bb text_orientation=\u00a0\u00bbleft\u00a0\u00bb header_text_color=\u00a0\u00bb#a55ba6&Prime; use_border_color=\u00a0\u00bbon\u00a0\u00bb border_color=\u00a0\u00bb#a55ba6&Prime; border_style=\u00a0\u00bbsolid\u00a0\u00bb custom_padding=\u00a0\u00bb5px|5px|5px|5px\u00a0\u00bb header_font_size=\u00a0\u00bb25&Prime; border_width=\u00a0\u00bb2&Prime;]<\/p>\n<h4 style=\"text-align: center;\"><strong>Cette recherche a heureusement abouti\u00a0<\/strong><strong>en mai 2018<\/strong><\/h4>\n<p>[\/et_pb_text][et_pb_post_title admin_label=\u00a0\u00bbTitre du poste\u00a0\u00bb title=\u00a0\u00bbon\u00a0\u00bb meta=\u00a0\u00bboff\u00a0\u00bb author=\u00a0\u00bbon\u00a0\u00bb date=\u00a0\u00bbon\u00a0\u00bb categories=\u00a0\u00bbon\u00a0\u00bb comments=\u00a0\u00bbon\u00a0\u00bb featured_image=\u00a0\u00bboff\u00a0\u00bb featured_placement=\u00a0\u00bbbelow\u00a0\u00bb parallax_effect=\u00a0\u00bbon\u00a0\u00bb parallax_method=\u00a0\u00bbon\u00a0\u00bb text_orientation=\u00a0\u00bbcenter\u00a0\u00bb text_color=\u00a0\u00bbdark\u00a0\u00bb text_background=\u00a0\u00bboff\u00a0\u00bb text_bg_color=\u00a0\u00bbrgba(255,255,255,0.9)\u00a0\u00bb module_bg_color=\u00a0\u00bbrgba(255,255,255,0)\u00a0\u00bb title_all_caps=\u00a0\u00bboff\u00a0\u00bb use_border_color=\u00a0\u00bboff\u00a0\u00bb border_color=\u00a0\u00bb#ffffff\u00a0\u00bb border_style=\u00a0\u00bbsolid\u00a0\u00bb]<\/p>\n<p>&nbsp;<\/p>\n<p>[\/et_pb_post_title][et_pb_button admin_label=\u00a0\u00bbContact Gestion Recherches Roume\u00a0\u00bb saved_tabs=\u00a0\u00bball\u00a0\u00bb button_url=\u00a0\u00bbhttps:\/\/www.coeurssansfrontieres.com\/fr\/contacts\/roume-georges\/\u00a0\u00bb url_new_window=\u00a0\u00bbon\u00a0\u00bb button_text=\u00a0\u00bbPour contacter les gestionnaires de cette recherche\u00a0\u00bb button_alignment=\u00a0\u00bbcenter\u00a0\u00bb background_layout=\u00a0\u00bbdark\u00a0\u00bb custom_button=\u00a0\u00bbon\u00a0\u00bb button_bg_color=\u00a0\u00bb#ad6baf\u00a0\u00bb button_border_color=\u00a0\u00bb#ae44af\u00a0\u00bb button_border_radius=\u00a0\u00bb50&Prime; button_letter_spacing=\u00a0\u00bb0&Prime; button_font=\u00a0\u00bb|on|on||\u00a0\u00bb button_use_icon=\u00a0\u00bbon\u00a0\u00bb button_icon=\u00a0\u00bb%%109%%\u00a0\u00bb button_icon_placement=\u00a0\u00bbleft\u00a0\u00bb button_on_hover=\u00a0\u00bboff\u00a0\u00bb button_letter_spacing_hover=\u00a0\u00bb0&Prime;]<\/p>\n<p>&nbsp;<\/p>\n<p>[\/et_pb_button][et_pb_text admin_label=\u00a0\u00bbTexte\u00a0\u00bb background_layout=\u00a0\u00bblight\u00a0\u00bb text_orientation=\u00a0\u00bbleft\u00a0\u00bb use_border_color=\u00a0\u00bboff\u00a0\u00bb border_color=\u00a0\u00bb#ffffff\u00a0\u00bb border_style=\u00a0\u00bbsolid\u00a0\u00bb]<\/p>\n<div class=\"et_post_meta_wrapper\">\n<p><strong>Maria Elisabeth BOSCH<\/strong>\u00a0(allemande) travaillait \u00e0 Lyon comme bonne d\u2019enfants chez M. BRUNAND, 13, rue Malesherbes.<\/p>\n<\/div>\n<div class=\"entry-content\">\n<p>Le 04.09.1911 elle a mis au monde (de p\u00e8re inconnu) une fille :\u00a0<strong>Maria Ella BOSCH.<\/strong><br \/>\nLe 15 mars 1914 : voulant se rendre \u00e0\u00a0<strong>Stuttgart<\/strong>\u00a0dans sa famille, Maria Elisabeth Bosch a quitt\u00e9 le domicile de M. BRUNAND et elle a plac\u00e9 sa fille \u00e0 l\u2019Assistance publique.<br \/>\nDepuis elle n\u2019a jamais donn\u00e9 de nouvelles, sa petite-fille esp\u00e8re trouver la famille allemande de Maria Elisabeth Bosch dont la disparition reste encore \u00e0 ce jour inexpliqu\u00e9e, mais nous venons de trouver que Maria Elisabeth \u00e9tait femme de m\u00e9nage en Suisse en 1928.<br \/>\nQuelques \u00e9l\u00e9ments pour la recherche,<br \/>\n<strong>Maria Elisabeth BOSCH est n\u00e9e le 9 avril 1890 \u00e0 Stuttgart.<\/strong><br \/>\nSes parents :<br \/>\n\u2022\u00a0<strong>BOSCH Antoine Theodore<\/strong>\u00a0est n\u00e9 le 18\/02\/1842 \u00e0<strong>\u00a0GOSBACH<\/strong><br \/>\n\u2022 Anna\u00a0<strong>Marguerite WETZEL<\/strong>\u00a0est n\u00e9e le19\/07\/1850 \u00e0\u00a0<strong>NURTINGEN<\/strong><br \/>\n<em>Nous remercions toutes personnes qui pourraient nous aider \u00e0 retrouver des membres de la famille de Maria Elisabeth BOSCH<\/em>.<\/p>\n<p>Mis en ligne :\u00a0<span class=\"published\">29 Juil 2017<\/span><\/p>\n<\/div>\n<p>[\/et_pb_text][\/et_pb_column][et_pb_column type=\u00a0\u00bb1_4&Prime;][et_pb_image admin_label=\u00a0\u00bbImage recherches en cours\u00a0\u00bb src=\u00a0\u00bbhttps:\/\/www.coeurssansfrontieres.com\/wp-content\/uploads\/2017\/09\/Recherches-en-cours-OMBRE.png\u00a0\u00bb show_in_lightbox=\u00a0\u00bboff\u00a0\u00bb url_new_window=\u00a0\u00bboff\u00a0\u00bb use_overlay=\u00a0\u00bboff\u00a0\u00bb animation=\u00a0\u00bboff\u00a0\u00bb sticky=\u00a0\u00bbon\u00a0\u00bb align=\u00a0\u00bbcenter\u00a0\u00bb max_width=\u00a0\u00bb50px\u00a0\u00bb force_fullwidth=\u00a0\u00bboff\u00a0\u00bb always_center_on_mobile=\u00a0\u00bbon\u00a0\u00bb use_border_color=\u00a0\u00bboff\u00a0\u00bb border_color=\u00a0\u00bb#ffffff\u00a0\u00bb border_style=\u00a0\u00bbsolid\u00a0\u00bb]<\/p>\n<p>&nbsp;<\/p>\n<p>[\/et_pb_image][et_pb_search admin_label=\u00a0\u00bbChercher dans recherches en cours\u00a0\u00bb background_layout=\u00a0\u00bblight\u00a0\u00bb text_orientation=\u00a0\u00bbleft\u00a0\u00bb exclude_pages=\u00a0\u00bbon\u00a0\u00bb exclude_posts=\u00a0\u00bboff\u00a0\u00bb include_categories=\u00a0\u00bb183,236,212,227,180,214,162,170,202,231,229,208,1,161,160,158,168,210,154,28,66,163,22,13&Prime; hide_button=\u00a0\u00bboff\u00a0\u00bb placeholder=\u00a0\u00bbRechercher\u00a0\u00bb button_color=\u00a0\u00bb#a61abf\u00a0\u00bb input_font_size=\u00a0\u00bb11&Prime; button_font=\u00a0\u00bb|on|||\u00a0\u00bb button_line_height=\u00a0\u00bb2em\u00a0\u00bb button_font_size=\u00a0\u00bb11&Prime; input_line_height=\u00a0\u00bb2em\u00a0\u00bb custom_css_main_element=\u00a0\u00bbbox-shadow: 6px 6px 6px #7C7C7C;\u00a0\u00bb]<\/p>\n<p>&nbsp;<\/p>\n<p>[\/et_pb_search][et_pb_sidebar admin_label=\u00a0\u00bbBL Recherches en cours\u00a0\u00bb orientation=\u00a0\u00bbright\u00a0\u00bb area=\u00a0\u00bbet_pb_widget_area_51&Prime; background_layout=\u00a0\u00bblight\u00a0\u00bb remove_border=\u00a0\u00bboff\u00a0\u00bb header_font=\u00a0\u00bb|on|||\u00a0\u00bb body_line_height=\u00a0\u00bb2em\u00a0\u00bb]<\/p>\n<p>&nbsp;<\/p>\n<p>[\/et_pb_sidebar][\/et_pb_column][\/et_pb_row][\/et_pb_section]<\/p>\n","protected":false},"excerpt":{"rendered":"<p>Cette recherche a heureusement abouti\u00a0en mai 2018 !<br \/>\nMaria Elisabeth BOSCH ( 09\/04\/1890 Stuttgart) travaillait chez M. BRUNAND, 13, rue Malesherbes \u00e0 Lyon . Le 04.09.1911 elle a mis au monde (de p\u00e8re inconnu) une fille : Maria Ella BOSCH. Le 15 mars 1914 : voulant se rendre \u00e0 Stuttgart dans sa famille, Maria Elisabeth Bosch a plac\u00e9 sa fille \u00e0 l\u2019Assistance publique. Depuis elle n\u2019a jamais donn\u00e9 de nouvelles. Sa petite-fille esp\u00e8re trouver la famille allemande de Maria Elisabeth Bosch. Ses parents : BOSCH Antoine Theodore (18\/02\/1842 \u00e0 GOSBACH) et Anna Marguerite WETZEL (19\/07\/1850 \u00e0 NURTINGEN).<\/p>\n","protected":false},"author":249,"featured_media":5184,"comment_status":"closed","ping_status":"closed","sticky":false,"template":"","format":"standard","meta":{"_et_pb_use_builder":"on","_et_pb_old_content":"","_et_gb_content_width":"","footnotes":""},"categories":[251,159,160],"tags":[],"class_list":["post-3612","post","type-post","status-publish","format-standard","has-post-thumbnail","hentry","category-pagedaccueil","category-recherches","category-recherches-abouties"],"yoast_head":"<!-- This site is optimized with the Yoast SEO plugin v27.5 - https:\/\/yoast.com\/product\/yoast-seo-wordpress\/ -->\n<title>686 Maria Elisabeth BOSCH \u2013 Stuttgart - CSF - HOG<\/title>\n<meta name=\"robots\" content=\"index, follow, max-snippet:-1, max-image-preview:large, max-video-preview:-1\" \/>\n<link rel=\"canonical\" href=\"https:\/\/www.coeurssansfrontieres.com\/fr\/recherches\/recherches-abouties\/686-maria-elisabeth-bosch-stuttgart\/\" \/>\n<meta property=\"og:locale\" content=\"fr_FR\" \/>\n<meta property=\"og:type\" content=\"article\" \/>\n<meta property=\"og:title\" content=\"686 Maria Elisabeth BOSCH \u2013 Stuttgart - CSF - HOG\" \/>\n<meta property=\"og:description\" content=\"Cette recherche a heureusement abouti\u00a0en mai 2018 ! Maria Elisabeth BOSCH ( 09\/04\/1890 Stuttgart) travaillait chez M. BRUNAND, 13, rue Malesherbes \u00e0 Lyon . Le 04.09.1911 elle a mis au monde (de p\u00e8re inconnu) une fille : Maria Ella BOSCH. Le 15 mars 1914 : voulant se rendre \u00e0 Stuttgart dans sa famille, Maria Elisabeth Bosch a plac\u00e9 sa fille \u00e0 l\u2019Assistance publique. Depuis elle n\u2019a jamais donn\u00e9 de nouvelles. Sa petite-fille esp\u00e8re trouver la famille allemande de Maria Elisabeth Bosch. Ses parents : BOSCH Antoine Theodore (18\/02\/1842 \u00e0 GOSBACH) et Anna Marguerite WETZEL (19\/07\/1850 \u00e0 NURTINGEN).\" \/>\n<meta property=\"og:url\" content=\"https:\/\/www.coeurssansfrontieres.com\/fr\/recherches\/recherches-abouties\/686-maria-elisabeth-bosch-stuttgart\/\" \/>\n<meta property=\"og:site_name\" content=\"CSF - HOG\" \/>\n<meta property=\"article:published_time\" content=\"2018-05-09T07:25:01+00:00\" \/>\n<meta property=\"article:modified_time\" content=\"2019-03-03T16:34:10+00:00\" \/>\n<meta property=\"og:image\" content=\"https:\/\/www.coeurssansfrontieres.com\/wp-content\/uploads\/2017\/08\/Retrouvailles-ombre.png\" \/>\n\t<meta property=\"og:image:width\" content=\"123\" \/>\n\t<meta property=\"og:image:height\" content=\"123\" \/>\n\t<meta property=\"og:image:type\" content=\"image\/png\" \/>\n<meta name=\"author\" content=\"GOFFIN Alexandre\" \/>\n<meta name=\"twitter:card\" content=\"summary_large_image\" \/>\n<meta name=\"twitter:label1\" content=\"\u00c9crit par\" \/>\n\t<meta name=\"twitter:data1\" content=\"GOFFIN Alexandre\" \/>\n\t<meta name=\"twitter:label2\" content=\"Dur\u00e9e de lecture estim\u00e9e\" \/>\n\t<meta name=\"twitter:data2\" content=\"3 minutes\" \/>\n<script type=\"application\/ld+json\" class=\"yoast-schema-graph\">{\"@context\":\"https:\\\/\\\/schema.org\",\"@graph\":[{\"@type\":\"Article\",\"@id\":\"https:\\\/\\\/www.coeurssansfrontieres.com\\\/fr\\\/recherches\\\/recherches-abouties\\\/686-maria-elisabeth-bosch-stuttgart\\\/#article\",\"isPartOf\":{\"@id\":\"https:\\\/\\\/www.coeurssansfrontieres.com\\\/fr\\\/recherches\\\/recherches-abouties\\\/686-maria-elisabeth-bosch-stuttgart\\\/\"},\"author\":{\"name\":\"GOFFIN Alexandre\",\"@id\":\"https:\\\/\\\/www.coeurssansfrontieres.com\\\/fr\\\/#\\\/schema\\\/person\\\/19507754554eb5218427fc31038cac56\"},\"headline\":\"686 Maria Elisabeth BOSCH \u2013 Stuttgart\",\"datePublished\":\"2018-05-09T07:25:01+00:00\",\"dateModified\":\"2019-03-03T16:34:10+00:00\",\"mainEntityOfPage\":{\"@id\":\"https:\\\/\\\/www.coeurssansfrontieres.com\\\/fr\\\/recherches\\\/recherches-abouties\\\/686-maria-elisabeth-bosch-stuttgart\\\/\"},\"wordCount\":627,\"image\":{\"@id\":\"https:\\\/\\\/www.coeurssansfrontieres.com\\\/fr\\\/recherches\\\/recherches-abouties\\\/686-maria-elisabeth-bosch-stuttgart\\\/#primaryimage\"},\"thumbnailUrl\":\"https:\\\/\\\/www.coeurssansfrontieres.com\\\/wp-content\\\/uploads\\\/2017\\\/08\\\/Retrouvailles-ombre.png\",\"articleSection\":[\"Page d'accueil\",\"Recherches\",\"Recherches abouties\"],\"inLanguage\":\"fr-FR\"},{\"@type\":\"WebPage\",\"@id\":\"https:\\\/\\\/www.coeurssansfrontieres.com\\\/fr\\\/recherches\\\/recherches-abouties\\\/686-maria-elisabeth-bosch-stuttgart\\\/\",\"url\":\"https:\\\/\\\/www.coeurssansfrontieres.com\\\/fr\\\/recherches\\\/recherches-abouties\\\/686-maria-elisabeth-bosch-stuttgart\\\/\",\"name\":\"686 Maria Elisabeth BOSCH \u2013 Stuttgart - CSF - HOG\",\"isPartOf\":{\"@id\":\"https:\\\/\\\/www.coeurssansfrontieres.com\\\/fr\\\/#website\"},\"primaryImageOfPage\":{\"@id\":\"https:\\\/\\\/www.coeurssansfrontieres.com\\\/fr\\\/recherches\\\/recherches-abouties\\\/686-maria-elisabeth-bosch-stuttgart\\\/#primaryimage\"},\"image\":{\"@id\":\"https:\\\/\\\/www.coeurssansfrontieres.com\\\/fr\\\/recherches\\\/recherches-abouties\\\/686-maria-elisabeth-bosch-stuttgart\\\/#primaryimage\"},\"thumbnailUrl\":\"https:\\\/\\\/www.coeurssansfrontieres.com\\\/wp-content\\\/uploads\\\/2017\\\/08\\\/Retrouvailles-ombre.png\",\"datePublished\":\"2018-05-09T07:25:01+00:00\",\"dateModified\":\"2019-03-03T16:34:10+00:00\",\"author\":{\"@id\":\"https:\\\/\\\/www.coeurssansfrontieres.com\\\/fr\\\/#\\\/schema\\\/person\\\/19507754554eb5218427fc31038cac56\"},\"breadcrumb\":{\"@id\":\"https:\\\/\\\/www.coeurssansfrontieres.com\\\/fr\\\/recherches\\\/recherches-abouties\\\/686-maria-elisabeth-bosch-stuttgart\\\/#breadcrumb\"},\"inLanguage\":\"fr-FR\",\"potentialAction\":[{\"@type\":\"ReadAction\",\"target\":[\"https:\\\/\\\/www.coeurssansfrontieres.com\\\/fr\\\/recherches\\\/recherches-abouties\\\/686-maria-elisabeth-bosch-stuttgart\\\/\"]}]},{\"@type\":\"ImageObject\",\"inLanguage\":\"fr-FR\",\"@id\":\"https:\\\/\\\/www.coeurssansfrontieres.com\\\/fr\\\/recherches\\\/recherches-abouties\\\/686-maria-elisabeth-bosch-stuttgart\\\/#primaryimage\",\"url\":\"https:\\\/\\\/www.coeurssansfrontieres.com\\\/wp-content\\\/uploads\\\/2017\\\/08\\\/Retrouvailles-ombre.png\",\"contentUrl\":\"https:\\\/\\\/www.coeurssansfrontieres.com\\\/wp-content\\\/uploads\\\/2017\\\/08\\\/Retrouvailles-ombre.png\",\"width\":123,\"height\":123},{\"@type\":\"BreadcrumbList\",\"@id\":\"https:\\\/\\\/www.coeurssansfrontieres.com\\\/fr\\\/recherches\\\/recherches-abouties\\\/686-maria-elisabeth-bosch-stuttgart\\\/#breadcrumb\",\"itemListElement\":[{\"@type\":\"ListItem\",\"position\":1,\"name\":\"Accueil\",\"item\":\"https:\\\/\\\/www.coeurssansfrontieres.com\\\/fr\\\/\"},{\"@type\":\"ListItem\",\"position\":2,\"name\":\"686 Maria Elisabeth BOSCH \u2013 Stuttgart\"}]},{\"@type\":\"WebSite\",\"@id\":\"https:\\\/\\\/www.coeurssansfrontieres.com\\\/fr\\\/#website\",\"url\":\"https:\\\/\\\/www.coeurssansfrontieres.com\\\/fr\\\/\",\"name\":\"C\u0153urs sans fronti\u00e8res\",\"description\":\"Association franco-allemande des Enfants de la Seconde Guerre Mondiale\",\"potentialAction\":[{\"@type\":\"SearchAction\",\"target\":{\"@type\":\"EntryPoint\",\"urlTemplate\":\"https:\\\/\\\/www.coeurssansfrontieres.com\\\/fr\\\/?s={search_term_string}\"},\"query-input\":{\"@type\":\"PropertyValueSpecification\",\"valueRequired\":true,\"valueName\":\"search_term_string\"}}],\"inLanguage\":\"fr-FR\"},{\"@type\":\"Person\",\"@id\":\"https:\\\/\\\/www.coeurssansfrontieres.com\\\/fr\\\/#\\\/schema\\\/person\\\/19507754554eb5218427fc31038cac56\",\"name\":\"GOFFIN Alexandre\"}]}<\/script>\n<!-- \/ Yoast SEO plugin. -->","yoast_head_json":{"title":"686 Maria Elisabeth BOSCH \u2013 Stuttgart - CSF - HOG","robots":{"index":"index","follow":"follow","max-snippet":"max-snippet:-1","max-image-preview":"max-image-preview:large","max-video-preview":"max-video-preview:-1"},"canonical":"https:\/\/www.coeurssansfrontieres.com\/fr\/recherches\/recherches-abouties\/686-maria-elisabeth-bosch-stuttgart\/","og_locale":"fr_FR","og_type":"article","og_title":"686 Maria Elisabeth BOSCH \u2013 Stuttgart - CSF - HOG","og_description":"Cette recherche a heureusement abouti\u00a0en mai 2018 ! Maria Elisabeth BOSCH ( 09\/04\/1890 Stuttgart) travaillait chez M. BRUNAND, 13, rue Malesherbes \u00e0 Lyon . Le 04.09.1911 elle a mis au monde (de p\u00e8re inconnu) une fille : Maria Ella BOSCH. Le 15 mars 1914 : voulant se rendre \u00e0 Stuttgart dans sa famille, Maria Elisabeth Bosch a plac\u00e9 sa fille \u00e0 l\u2019Assistance publique. Depuis elle n\u2019a jamais donn\u00e9 de nouvelles. Sa petite-fille esp\u00e8re trouver la famille allemande de Maria Elisabeth Bosch. Ses parents : BOSCH Antoine Theodore (18\/02\/1842 \u00e0 GOSBACH) et Anna Marguerite WETZEL (19\/07\/1850 \u00e0 NURTINGEN).","og_url":"https:\/\/www.coeurssansfrontieres.com\/fr\/recherches\/recherches-abouties\/686-maria-elisabeth-bosch-stuttgart\/","og_site_name":"CSF - HOG","article_published_time":"2018-05-09T07:25:01+00:00","article_modified_time":"2019-03-03T16:34:10+00:00","og_image":[{"width":123,"height":123,"url":"https:\/\/www.coeurssansfrontieres.com\/wp-content\/uploads\/2017\/08\/Retrouvailles-ombre.png","type":"image\/png"}],"author":"GOFFIN Alexandre","twitter_card":"summary_large_image","twitter_misc":{"\u00c9crit par":"GOFFIN Alexandre","Dur\u00e9e de lecture estim\u00e9e":"3 minutes"},"schema":{"@context":"https:\/\/schema.org","@graph":[{"@type":"Article","@id":"https:\/\/www.coeurssansfrontieres.com\/fr\/recherches\/recherches-abouties\/686-maria-elisabeth-bosch-stuttgart\/#article","isPartOf":{"@id":"https:\/\/www.coeurssansfrontieres.com\/fr\/recherches\/recherches-abouties\/686-maria-elisabeth-bosch-stuttgart\/"},"author":{"name":"GOFFIN Alexandre","@id":"https:\/\/www.coeurssansfrontieres.com\/fr\/#\/schema\/person\/19507754554eb5218427fc31038cac56"},"headline":"686 Maria Elisabeth BOSCH \u2013 Stuttgart","datePublished":"2018-05-09T07:25:01+00:00","dateModified":"2019-03-03T16:34:10+00:00","mainEntityOfPage":{"@id":"https:\/\/www.coeurssansfrontieres.com\/fr\/recherches\/recherches-abouties\/686-maria-elisabeth-bosch-stuttgart\/"},"wordCount":627,"image":{"@id":"https:\/\/www.coeurssansfrontieres.com\/fr\/recherches\/recherches-abouties\/686-maria-elisabeth-bosch-stuttgart\/#primaryimage"},"thumbnailUrl":"https:\/\/www.coeurssansfrontieres.com\/wp-content\/uploads\/2017\/08\/Retrouvailles-ombre.png","articleSection":["Page d'accueil","Recherches","Recherches abouties"],"inLanguage":"fr-FR"},{"@type":"WebPage","@id":"https:\/\/www.coeurssansfrontieres.com\/fr\/recherches\/recherches-abouties\/686-maria-elisabeth-bosch-stuttgart\/","url":"https:\/\/www.coeurssansfrontieres.com\/fr\/recherches\/recherches-abouties\/686-maria-elisabeth-bosch-stuttgart\/","name":"686 Maria Elisabeth BOSCH \u2013 Stuttgart - CSF - HOG","isPartOf":{"@id":"https:\/\/www.coeurssansfrontieres.com\/fr\/#website"},"primaryImageOfPage":{"@id":"https:\/\/www.coeurssansfrontieres.com\/fr\/recherches\/recherches-abouties\/686-maria-elisabeth-bosch-stuttgart\/#primaryimage"},"image":{"@id":"https:\/\/www.coeurssansfrontieres.com\/fr\/recherches\/recherches-abouties\/686-maria-elisabeth-bosch-stuttgart\/#primaryimage"},"thumbnailUrl":"https:\/\/www.coeurssansfrontieres.com\/wp-content\/uploads\/2017\/08\/Retrouvailles-ombre.png","datePublished":"2018-05-09T07:25:01+00:00","dateModified":"2019-03-03T16:34:10+00:00","author":{"@id":"https:\/\/www.coeurssansfrontieres.com\/fr\/#\/schema\/person\/19507754554eb5218427fc31038cac56"},"breadcrumb":{"@id":"https:\/\/www.coeurssansfrontieres.com\/fr\/recherches\/recherches-abouties\/686-maria-elisabeth-bosch-stuttgart\/#breadcrumb"},"inLanguage":"fr-FR","potentialAction":[{"@type":"ReadAction","target":["https:\/\/www.coeurssansfrontieres.com\/fr\/recherches\/recherches-abouties\/686-maria-elisabeth-bosch-stuttgart\/"]}]},{"@type":"ImageObject","inLanguage":"fr-FR","@id":"https:\/\/www.coeurssansfrontieres.com\/fr\/recherches\/recherches-abouties\/686-maria-elisabeth-bosch-stuttgart\/#primaryimage","url":"https:\/\/www.coeurssansfrontieres.com\/wp-content\/uploads\/2017\/08\/Retrouvailles-ombre.png","contentUrl":"https:\/\/www.coeurssansfrontieres.com\/wp-content\/uploads\/2017\/08\/Retrouvailles-ombre.png","width":123,"height":123},{"@type":"BreadcrumbList","@id":"https:\/\/www.coeurssansfrontieres.com\/fr\/recherches\/recherches-abouties\/686-maria-elisabeth-bosch-stuttgart\/#breadcrumb","itemListElement":[{"@type":"ListItem","position":1,"name":"Accueil","item":"https:\/\/www.coeurssansfrontieres.com\/fr\/"},{"@type":"ListItem","position":2,"name":"686 Maria Elisabeth BOSCH \u2013 Stuttgart"}]},{"@type":"WebSite","@id":"https:\/\/www.coeurssansfrontieres.com\/fr\/#website","url":"https:\/\/www.coeurssansfrontieres.com\/fr\/","name":"C\u0153urs sans fronti\u00e8res","description":"Association franco-allemande des Enfants de la Seconde Guerre Mondiale","potentialAction":[{"@type":"SearchAction","target":{"@type":"EntryPoint","urlTemplate":"https:\/\/www.coeurssansfrontieres.com\/fr\/?s={search_term_string}"},"query-input":{"@type":"PropertyValueSpecification","valueRequired":true,"valueName":"search_term_string"}}],"inLanguage":"fr-FR"},{"@type":"Person","@id":"https:\/\/www.coeurssansfrontieres.com\/fr\/#\/schema\/person\/19507754554eb5218427fc31038cac56","name":"GOFFIN Alexandre"}]}},"_links":{"self":[{"href":"https:\/\/www.coeurssansfrontieres.com\/fr\/wp-json\/wp\/v2\/posts\/3612","targetHints":{"allow":["GET"]}}],"collection":[{"href":"https:\/\/www.coeurssansfrontieres.com\/fr\/wp-json\/wp\/v2\/posts"}],"about":[{"href":"https:\/\/www.coeurssansfrontieres.com\/fr\/wp-json\/wp\/v2\/types\/post"}],"author":[{"embeddable":true,"href":"https:\/\/www.coeurssansfrontieres.com\/fr\/wp-json\/wp\/v2\/users\/249"}],"replies":[{"embeddable":true,"href":"https:\/\/www.coeurssansfrontieres.com\/fr\/wp-json\/wp\/v2\/comments?post=3612"}],"version-history":[{"count":0,"href":"https:\/\/www.coeurssansfrontieres.com\/fr\/wp-json\/wp\/v2\/posts\/3612\/revisions"}],"wp:featuredmedia":[{"embeddable":true,"href":"https:\/\/www.coeurssansfrontieres.com\/fr\/wp-json\/wp\/v2\/media\/5184"}],"wp:attachment":[{"href":"https:\/\/www.coeurssansfrontieres.com\/fr\/wp-json\/wp\/v2\/media?parent=3612"}],"wp:term":[{"taxonomy":"category","embeddable":true,"href":"https:\/\/www.coeurssansfrontieres.com\/fr\/wp-json\/wp\/v2\/categories?post=3612"},{"taxonomy":"post_tag","embeddable":true,"href":"https:\/\/www.coeurssansfrontieres.com\/fr\/wp-json\/wp\/v2\/tags?post=3612"}],"curies":[{"name":"wp","href":"https:\/\/api.w.org\/{rel}","templated":true}]}}