{"id":529,"date":"2011-12-16T09:49:08","date_gmt":"2011-12-16T08:49:08","guid":{"rendered":"http:\/\/www.coeurssansfrontieres.com\/vie-de-lassociation\/retrouvailles\/fin-heureuse-dun-lourd-secret\/"},"modified":"2019-03-03T18:02:12","modified_gmt":"2019-03-03T17:02:12","slug":"fin-heureuse-dun-lourd-secret","status":"publish","type":"post","link":"https:\/\/www.coeurssansfrontieres.com\/fr\/recherches\/retrouvailles\/fin-heureuse-dun-lourd-secret\/","title":{"rendered":"Fin heureuse d\u2019un lourd secret"},"content":{"rendered":"<p>[et_pb_section admin_label=\u00a0\u00bbsection\u00a0\u00bb][et_pb_row admin_label=\u00a0\u00bbrow\u00a0\u00bb][et_pb_column type=\u00a0\u00bb4_4&Prime;][et_pb_text admin_label=\u00a0\u00bbTexte\u00a0\u00bb]<\/p>\n<p>&nbsp;<\/p>\n<p><em>Tr\u00e8s belle lettre adress\u00e9e \u00e0 CSF par un fr\u00e8re fran\u00e7ais d&rsquo;une enfant de la guerre allemande<\/em><\/p>\n<p>Aux Membres du Conseil d\u2019Administration<\/p>\n<p>Et aux b\u00e9n\u00e9voles de l\u2019association \u00ab C\u0153ur sans fronti\u00e8re \u00bb<\/p>\n<p>Dans le TGV de retour Strasbourg Paris le dimanche 21 ao\u00fbt 2011, d\u00e9file dans mon esprit le fil de toutes les images de ce week-end de rencontre entre Jeanette (Marchal) Gaisbauer et Benoit et Jean Marchal. Nous sommes fr\u00e8res et s\u0153ur de par notre p\u00e8re.<\/p>\n<p>Jeanette est le fruit de l\u2019union de notre p\u00e8re Pierre Marchal et Maria Gap, elle est le n\u00e9e le 1er juin 1946 \u00e0 Offenburg.<\/p>\n<p>Notre p\u00e8re et sa m\u00e8re n\u2019ont pas contract\u00e9 de mariage. Jeannette a ensuite \u00e9t\u00e9 adopt\u00e9e par le premier mari de sa m\u00e8re. Elle a su dans son enfance, sans beaucoup d\u2019information, qu\u2019elle est la fille d\u2019un soldat fran\u00e7ais. Ensuite, toute sa vie, elle s\u2019est demand\u00e9e qui est son p\u00e8re.<\/p>\n<p>Pour notre part, nous avions l\u2019intuition d\u2019un secret de famille du c\u00f4t\u00e9 de notre p\u00e8re.<\/p>\n<p>Avec le temps, ce secret s\u2019est transform\u00e9 \u00ab en silence partag\u00e9 par les enfants de notre fratrie\u00bb puis en \u00ab histoire secr\u00e8te \u00bb de notre p\u00e8re qu\u2019il ne nous a pas \u00e9t\u00e9 possible d\u2019\u00e9voquer avec lui.<\/p>\n<p>A sa mort nous sommes convenus tous les quatre de rompre le silence paternel et nous avons encourag\u00e9 notre fr\u00e8re Benoit, vivant en Allemagne depuis l\u2019\u00e2ge de 20 ans, \u00e0 entreprendre une recherche. Elle est rest\u00e9e sans r\u00e9sultat.<\/p>\n<p>En juin 2011 avec l\u2019aide de l\u2019association \u00ab C\u0153ur sans fronti\u00e8re \u00bb Jeanette Monika Gaisbauer nous a retrouv\u00e9s. Et c\u2019est en contactant Benoit qui est install\u00e9 avec sa femme Heike et ses enfants \u00e0 Cologne que notre nouvelle page de vie vient de d\u00e9marrer. Leur rencontre s\u2019est rapidement organis\u00e9e le 9 juillet 2011 \u00e0 Offenburg. Inform\u00e9 par Beno\u00eet et impatient de la conna\u00eetre notre sommes convenus d\u2019une rencontre ces 20 et 21 ao\u00fbt 2011 avec Benoit (pour pouvoir parler allemand). A l\u2019issue de 48 heures pass\u00e9es ensemble, Jeanette, et Joe son mari, Benoit et moi, nous avons partag\u00e9 nos \u00e9motions les plus lointaines et les plus indicibles. Et nous sommes convenus de l\u2019importance de notre rencontre, de faire connaissance et vivre cette nouvelle page de notre vie chacun \u00e0 sa place. Chacun avec sa part d\u2019histoire. Seule les raisons du d\u00e9part de notre p\u00e8re restera le secret non d\u00e9voil\u00e9e et enfuit de notre histoire.<\/p>\n<p>Le but de cette lette est donc l\u2019expression de nos remerciements aux initiateurs et aux b\u00e9n\u00e9voles de cette association. Leur dire notre joie et notre \u00ab apaisement \u00bb depuis cette rencontre.<\/p>\n<p><em>Jean Marchal<\/em><\/p>\n<p>[\/et_pb_text][\/et_pb_column][\/et_pb_row][\/et_pb_section]<\/p>\n","protected":false},"excerpt":{"rendered":"<p>&nbsp; Tr\u00e8s belle lettre adress\u00e9e \u00e0 CSF par un fr\u00e8re fran\u00e7ais d&rsquo;une enfant de la guerre allemande Aux Membres du Conseil d\u2019Administration Et aux b\u00e9n\u00e9voles de l\u2019association \u00ab C\u0153ur sans fronti\u00e8re \u00bb Dans le TGV de retour Strasbourg Paris le dimanche 21 ao\u00fbt 2011, d\u00e9file dans mon esprit le fil de toutes les images de [&hellip;]<\/p>\n","protected":false},"author":249,"featured_media":5184,"comment_status":"open","ping_status":"open","sticky":false,"template":"","format":"standard","meta":{"_et_pb_use_builder":"on","_et_pb_old_content":"<p>\u00a0<\/p><p><em>Tr\u00e8s belle lettre adress\u00e9e \u00e0 CSF par un fr\u00e8re fran\u00e7ais d'une enfant de la guerre allemande<\/em><\/p><p>Aux Membres du Conseil d\u2019Administration<\/p><p>Et aux b\u00e9n\u00e9voles de l\u2019association \u00ab C\u0153ur sans fronti\u00e8re \u00bb<\/p><p>Dans le TGV de retour Strasbourg Paris le dimanche 21 ao\u00fbt 2011, d\u00e9file dans mon esprit le fil de toutes les images de ce week-end de rencontre entre Jeanette (Marchal) Gaisbauer et Benoit et Jean Marchal. Nous sommes fr\u00e8res et s\u0153ur de par notre p\u00e8re.<\/p><p>Jeanette est le fruit de l\u2019union de notre p\u00e8re Pierre Marchal et Maria Gap, elle est le n\u00e9e le 1er juin 1946 \u00e0 Offenburg.<\/p><p>Notre p\u00e8re et sa m\u00e8re n\u2019ont pas contract\u00e9 de mariage. Jeannette a ensuite \u00e9t\u00e9 adopt\u00e9e par le premier mari de sa m\u00e8re. Elle a su dans son enfance, sans beaucoup d\u2019information, qu\u2019elle est la fille d\u2019un soldat fran\u00e7ais. Ensuite, toute sa vie, elle s\u2019est demand\u00e9e qui est son p\u00e8re.<\/p><p>Pour notre part, nous avions l\u2019intuition d\u2019un secret de famille du c\u00f4t\u00e9 de notre p\u00e8re.<\/p><p>Avec le temps, ce secret s\u2019est transform\u00e9 \u00ab en silence partag\u00e9 par les enfants de notre fratrie\u00bb puis en \u00ab histoire secr\u00e8te \u00bb de notre p\u00e8re qu\u2019il ne nous a pas \u00e9t\u00e9 possible d\u2019\u00e9voquer avec lui.<\/p><p>A sa mort nous sommes convenus tous les quatre de rompre le silence paternel et nous avons encourag\u00e9 notre fr\u00e8re Benoit, vivant en Allemagne depuis l\u2019\u00e2ge de 20 ans, \u00e0 entreprendre une recherche. Elle est rest\u00e9e sans r\u00e9sultat.<\/p><p>En juin 2011 avec l\u2019aide de l\u2019association \u00ab C\u0153ur sans fronti\u00e8re \u00bb Jeanette Monika Gaisbauer nous a retrouv\u00e9s. Et c\u2019est en contactant Benoit qui est install\u00e9 avec sa femme Heike et ses enfants \u00e0 Cologne que notre nouvelle page de vie vient de d\u00e9marrer. Leur rencontre s\u2019est rapidement organis\u00e9e le 9 juillet 2011 \u00e0 Offenburg. Inform\u00e9 par Beno\u00eet et impatient de la conna\u00eetre notre sommes convenus d\u2019une rencontre ces 20 et 21 ao\u00fbt 2011 avec Benoit (pour pouvoir parler allemand). A l\u2019issue de 48 heures pass\u00e9es ensemble, Jeanette, et Joe son mari, Benoit et moi, nous avons partag\u00e9 nos \u00e9motions les plus lointaines et les plus indicibles. Et nous sommes convenus de l\u2019importance de notre rencontre, de faire connaissance et vivre cette nouvelle page de notre vie chacun \u00e0 sa place. Chacun avec sa part d\u2019histoire. Seule les raisons du d\u00e9part de notre p\u00e8re restera le secret non d\u00e9voil\u00e9e et enfuit de notre histoire.<\/p><p>Le but de cette lette est donc l\u2019expression de nos remerciements aux initiateurs et aux b\u00e9n\u00e9voles de cette association. Leur dire notre joie et notre \u00ab apaisement \u00bb depuis cette rencontre.<\/p><p><em>Jean Marchal<\/em><\/p>","_et_gb_content_width":"","footnotes":""},"categories":[159,28],"tags":[],"class_list":["post-529","post","type-post","status-publish","format-standard","has-post-thumbnail","hentry","category-recherches","category-retrouvailles"],"yoast_head":"<!-- This site is optimized with the Yoast SEO plugin v27.5 - https:\/\/yoast.com\/product\/yoast-seo-wordpress\/ -->\n<title>Fin heureuse d\u2019un lourd secret - CSF - HOG<\/title>\n<meta name=\"robots\" content=\"index, follow, max-snippet:-1, max-image-preview:large, max-video-preview:-1\" \/>\n<link rel=\"canonical\" href=\"https:\/\/www.coeurssansfrontieres.com\/fr\/recherches\/retrouvailles\/fin-heureuse-dun-lourd-secret\/\" \/>\n<meta property=\"og:locale\" content=\"fr_FR\" \/>\n<meta property=\"og:type\" content=\"article\" \/>\n<meta property=\"og:title\" content=\"Fin heureuse d\u2019un lourd secret - CSF - HOG\" \/>\n<meta property=\"og:description\" content=\"&nbsp; Tr\u00e8s belle lettre adress\u00e9e \u00e0 CSF par un fr\u00e8re fran\u00e7ais d&#039;une enfant de la guerre allemande Aux Membres du Conseil d\u2019Administration Et aux b\u00e9n\u00e9voles de l\u2019association \u00ab C\u0153ur sans fronti\u00e8re \u00bb Dans le TGV de retour Strasbourg Paris le dimanche 21 ao\u00fbt 2011, d\u00e9file dans mon esprit le fil de toutes les images de [&hellip;]\" \/>\n<meta property=\"og:url\" content=\"https:\/\/www.coeurssansfrontieres.com\/fr\/recherches\/retrouvailles\/fin-heureuse-dun-lourd-secret\/\" \/>\n<meta property=\"og:site_name\" content=\"CSF - HOG\" \/>\n<meta property=\"article:published_time\" content=\"2011-12-16T08:49:08+00:00\" \/>\n<meta property=\"article:modified_time\" content=\"2019-03-03T17:02:12+00:00\" \/>\n<meta property=\"og:image\" content=\"https:\/\/www.coeurssansfrontieres.com\/wp-content\/uploads\/2017\/08\/Retrouvailles-ombre.png\" \/>\n\t<meta property=\"og:image:width\" content=\"123\" \/>\n\t<meta property=\"og:image:height\" content=\"123\" \/>\n\t<meta property=\"og:image:type\" content=\"image\/png\" \/>\n<meta name=\"author\" content=\"GOFFIN Alexandre\" \/>\n<meta name=\"twitter:card\" content=\"summary_large_image\" \/>\n<meta name=\"twitter:label1\" content=\"\u00c9crit par\" \/>\n\t<meta name=\"twitter:data1\" content=\"GOFFIN Alexandre\" \/>\n\t<meta name=\"twitter:label2\" content=\"Dur\u00e9e de lecture estim\u00e9e\" \/>\n\t<meta name=\"twitter:data2\" content=\"3 minutes\" \/>\n<script type=\"application\/ld+json\" class=\"yoast-schema-graph\">{\"@context\":\"https:\\\/\\\/schema.org\",\"@graph\":[{\"@type\":\"Article\",\"@id\":\"https:\\\/\\\/www.coeurssansfrontieres.com\\\/fr\\\/recherches\\\/retrouvailles\\\/fin-heureuse-dun-lourd-secret\\\/#article\",\"isPartOf\":{\"@id\":\"https:\\\/\\\/www.coeurssansfrontieres.com\\\/fr\\\/recherches\\\/retrouvailles\\\/fin-heureuse-dun-lourd-secret\\\/\"},\"author\":{\"name\":\"GOFFIN Alexandre\",\"@id\":\"https:\\\/\\\/www.coeurssansfrontieres.com\\\/fr\\\/#\\\/schema\\\/person\\\/19507754554eb5218427fc31038cac56\"},\"headline\":\"Fin heureuse d\u2019un lourd secret\",\"datePublished\":\"2011-12-16T08:49:08+00:00\",\"dateModified\":\"2019-03-03T17:02:12+00:00\",\"mainEntityOfPage\":{\"@id\":\"https:\\\/\\\/www.coeurssansfrontieres.com\\\/fr\\\/recherches\\\/retrouvailles\\\/fin-heureuse-dun-lourd-secret\\\/\"},\"wordCount\":508,\"commentCount\":0,\"image\":{\"@id\":\"https:\\\/\\\/www.coeurssansfrontieres.com\\\/fr\\\/recherches\\\/retrouvailles\\\/fin-heureuse-dun-lourd-secret\\\/#primaryimage\"},\"thumbnailUrl\":\"https:\\\/\\\/www.coeurssansfrontieres.com\\\/wp-content\\\/uploads\\\/2017\\\/08\\\/Retrouvailles-ombre.png\",\"articleSection\":[\"Recherches\",\"Retrouvailles\"],\"inLanguage\":\"fr-FR\",\"potentialAction\":[{\"@type\":\"CommentAction\",\"name\":\"Comment\",\"target\":[\"https:\\\/\\\/www.coeurssansfrontieres.com\\\/fr\\\/recherches\\\/retrouvailles\\\/fin-heureuse-dun-lourd-secret\\\/#respond\"]}]},{\"@type\":\"WebPage\",\"@id\":\"https:\\\/\\\/www.coeurssansfrontieres.com\\\/fr\\\/recherches\\\/retrouvailles\\\/fin-heureuse-dun-lourd-secret\\\/\",\"url\":\"https:\\\/\\\/www.coeurssansfrontieres.com\\\/fr\\\/recherches\\\/retrouvailles\\\/fin-heureuse-dun-lourd-secret\\\/\",\"name\":\"Fin heureuse d\u2019un lourd secret - CSF - HOG\",\"isPartOf\":{\"@id\":\"https:\\\/\\\/www.coeurssansfrontieres.com\\\/fr\\\/#website\"},\"primaryImageOfPage\":{\"@id\":\"https:\\\/\\\/www.coeurssansfrontieres.com\\\/fr\\\/recherches\\\/retrouvailles\\\/fin-heureuse-dun-lourd-secret\\\/#primaryimage\"},\"image\":{\"@id\":\"https:\\\/\\\/www.coeurssansfrontieres.com\\\/fr\\\/recherches\\\/retrouvailles\\\/fin-heureuse-dun-lourd-secret\\\/#primaryimage\"},\"thumbnailUrl\":\"https:\\\/\\\/www.coeurssansfrontieres.com\\\/wp-content\\\/uploads\\\/2017\\\/08\\\/Retrouvailles-ombre.png\",\"datePublished\":\"2011-12-16T08:49:08+00:00\",\"dateModified\":\"2019-03-03T17:02:12+00:00\",\"author\":{\"@id\":\"https:\\\/\\\/www.coeurssansfrontieres.com\\\/fr\\\/#\\\/schema\\\/person\\\/19507754554eb5218427fc31038cac56\"},\"breadcrumb\":{\"@id\":\"https:\\\/\\\/www.coeurssansfrontieres.com\\\/fr\\\/recherches\\\/retrouvailles\\\/fin-heureuse-dun-lourd-secret\\\/#breadcrumb\"},\"inLanguage\":\"fr-FR\",\"potentialAction\":[{\"@type\":\"ReadAction\",\"target\":[\"https:\\\/\\\/www.coeurssansfrontieres.com\\\/fr\\\/recherches\\\/retrouvailles\\\/fin-heureuse-dun-lourd-secret\\\/\"]}]},{\"@type\":\"ImageObject\",\"inLanguage\":\"fr-FR\",\"@id\":\"https:\\\/\\\/www.coeurssansfrontieres.com\\\/fr\\\/recherches\\\/retrouvailles\\\/fin-heureuse-dun-lourd-secret\\\/#primaryimage\",\"url\":\"https:\\\/\\\/www.coeurssansfrontieres.com\\\/wp-content\\\/uploads\\\/2017\\\/08\\\/Retrouvailles-ombre.png\",\"contentUrl\":\"https:\\\/\\\/www.coeurssansfrontieres.com\\\/wp-content\\\/uploads\\\/2017\\\/08\\\/Retrouvailles-ombre.png\",\"width\":123,\"height\":123},{\"@type\":\"BreadcrumbList\",\"@id\":\"https:\\\/\\\/www.coeurssansfrontieres.com\\\/fr\\\/recherches\\\/retrouvailles\\\/fin-heureuse-dun-lourd-secret\\\/#breadcrumb\",\"itemListElement\":[{\"@type\":\"ListItem\",\"position\":1,\"name\":\"Accueil\",\"item\":\"https:\\\/\\\/www.coeurssansfrontieres.com\\\/fr\\\/\"},{\"@type\":\"ListItem\",\"position\":2,\"name\":\"Fin heureuse d\u2019un lourd secret\"}]},{\"@type\":\"WebSite\",\"@id\":\"https:\\\/\\\/www.coeurssansfrontieres.com\\\/fr\\\/#website\",\"url\":\"https:\\\/\\\/www.coeurssansfrontieres.com\\\/fr\\\/\",\"name\":\"C\u0153urs sans fronti\u00e8res\",\"description\":\"Association franco-allemande des Enfants de la Seconde Guerre Mondiale\",\"potentialAction\":[{\"@type\":\"SearchAction\",\"target\":{\"@type\":\"EntryPoint\",\"urlTemplate\":\"https:\\\/\\\/www.coeurssansfrontieres.com\\\/fr\\\/?s={search_term_string}\"},\"query-input\":{\"@type\":\"PropertyValueSpecification\",\"valueRequired\":true,\"valueName\":\"search_term_string\"}}],\"inLanguage\":\"fr-FR\"},{\"@type\":\"Person\",\"@id\":\"https:\\\/\\\/www.coeurssansfrontieres.com\\\/fr\\\/#\\\/schema\\\/person\\\/19507754554eb5218427fc31038cac56\",\"name\":\"GOFFIN Alexandre\"}]}<\/script>\n<!-- \/ Yoast SEO plugin. -->","yoast_head_json":{"title":"Fin heureuse d\u2019un lourd secret - CSF - HOG","robots":{"index":"index","follow":"follow","max-snippet":"max-snippet:-1","max-image-preview":"max-image-preview:large","max-video-preview":"max-video-preview:-1"},"canonical":"https:\/\/www.coeurssansfrontieres.com\/fr\/recherches\/retrouvailles\/fin-heureuse-dun-lourd-secret\/","og_locale":"fr_FR","og_type":"article","og_title":"Fin heureuse d\u2019un lourd secret - CSF - HOG","og_description":"&nbsp; Tr\u00e8s belle lettre adress\u00e9e \u00e0 CSF par un fr\u00e8re fran\u00e7ais d'une enfant de la guerre allemande Aux Membres du Conseil d\u2019Administration Et aux b\u00e9n\u00e9voles de l\u2019association \u00ab C\u0153ur sans fronti\u00e8re \u00bb Dans le TGV de retour Strasbourg Paris le dimanche 21 ao\u00fbt 2011, d\u00e9file dans mon esprit le fil de toutes les images de [&hellip;]","og_url":"https:\/\/www.coeurssansfrontieres.com\/fr\/recherches\/retrouvailles\/fin-heureuse-dun-lourd-secret\/","og_site_name":"CSF - HOG","article_published_time":"2011-12-16T08:49:08+00:00","article_modified_time":"2019-03-03T17:02:12+00:00","og_image":[{"width":123,"height":123,"url":"https:\/\/www.coeurssansfrontieres.com\/wp-content\/uploads\/2017\/08\/Retrouvailles-ombre.png","type":"image\/png"}],"author":"GOFFIN Alexandre","twitter_card":"summary_large_image","twitter_misc":{"\u00c9crit par":"GOFFIN Alexandre","Dur\u00e9e de lecture estim\u00e9e":"3 minutes"},"schema":{"@context":"https:\/\/schema.org","@graph":[{"@type":"Article","@id":"https:\/\/www.coeurssansfrontieres.com\/fr\/recherches\/retrouvailles\/fin-heureuse-dun-lourd-secret\/#article","isPartOf":{"@id":"https:\/\/www.coeurssansfrontieres.com\/fr\/recherches\/retrouvailles\/fin-heureuse-dun-lourd-secret\/"},"author":{"name":"GOFFIN Alexandre","@id":"https:\/\/www.coeurssansfrontieres.com\/fr\/#\/schema\/person\/19507754554eb5218427fc31038cac56"},"headline":"Fin heureuse d\u2019un lourd secret","datePublished":"2011-12-16T08:49:08+00:00","dateModified":"2019-03-03T17:02:12+00:00","mainEntityOfPage":{"@id":"https:\/\/www.coeurssansfrontieres.com\/fr\/recherches\/retrouvailles\/fin-heureuse-dun-lourd-secret\/"},"wordCount":508,"commentCount":0,"image":{"@id":"https:\/\/www.coeurssansfrontieres.com\/fr\/recherches\/retrouvailles\/fin-heureuse-dun-lourd-secret\/#primaryimage"},"thumbnailUrl":"https:\/\/www.coeurssansfrontieres.com\/wp-content\/uploads\/2017\/08\/Retrouvailles-ombre.png","articleSection":["Recherches","Retrouvailles"],"inLanguage":"fr-FR","potentialAction":[{"@type":"CommentAction","name":"Comment","target":["https:\/\/www.coeurssansfrontieres.com\/fr\/recherches\/retrouvailles\/fin-heureuse-dun-lourd-secret\/#respond"]}]},{"@type":"WebPage","@id":"https:\/\/www.coeurssansfrontieres.com\/fr\/recherches\/retrouvailles\/fin-heureuse-dun-lourd-secret\/","url":"https:\/\/www.coeurssansfrontieres.com\/fr\/recherches\/retrouvailles\/fin-heureuse-dun-lourd-secret\/","name":"Fin heureuse d\u2019un lourd secret - CSF - HOG","isPartOf":{"@id":"https:\/\/www.coeurssansfrontieres.com\/fr\/#website"},"primaryImageOfPage":{"@id":"https:\/\/www.coeurssansfrontieres.com\/fr\/recherches\/retrouvailles\/fin-heureuse-dun-lourd-secret\/#primaryimage"},"image":{"@id":"https:\/\/www.coeurssansfrontieres.com\/fr\/recherches\/retrouvailles\/fin-heureuse-dun-lourd-secret\/#primaryimage"},"thumbnailUrl":"https:\/\/www.coeurssansfrontieres.com\/wp-content\/uploads\/2017\/08\/Retrouvailles-ombre.png","datePublished":"2011-12-16T08:49:08+00:00","dateModified":"2019-03-03T17:02:12+00:00","author":{"@id":"https:\/\/www.coeurssansfrontieres.com\/fr\/#\/schema\/person\/19507754554eb5218427fc31038cac56"},"breadcrumb":{"@id":"https:\/\/www.coeurssansfrontieres.com\/fr\/recherches\/retrouvailles\/fin-heureuse-dun-lourd-secret\/#breadcrumb"},"inLanguage":"fr-FR","potentialAction":[{"@type":"ReadAction","target":["https:\/\/www.coeurssansfrontieres.com\/fr\/recherches\/retrouvailles\/fin-heureuse-dun-lourd-secret\/"]}]},{"@type":"ImageObject","inLanguage":"fr-FR","@id":"https:\/\/www.coeurssansfrontieres.com\/fr\/recherches\/retrouvailles\/fin-heureuse-dun-lourd-secret\/#primaryimage","url":"https:\/\/www.coeurssansfrontieres.com\/wp-content\/uploads\/2017\/08\/Retrouvailles-ombre.png","contentUrl":"https:\/\/www.coeurssansfrontieres.com\/wp-content\/uploads\/2017\/08\/Retrouvailles-ombre.png","width":123,"height":123},{"@type":"BreadcrumbList","@id":"https:\/\/www.coeurssansfrontieres.com\/fr\/recherches\/retrouvailles\/fin-heureuse-dun-lourd-secret\/#breadcrumb","itemListElement":[{"@type":"ListItem","position":1,"name":"Accueil","item":"https:\/\/www.coeurssansfrontieres.com\/fr\/"},{"@type":"ListItem","position":2,"name":"Fin heureuse d\u2019un lourd secret"}]},{"@type":"WebSite","@id":"https:\/\/www.coeurssansfrontieres.com\/fr\/#website","url":"https:\/\/www.coeurssansfrontieres.com\/fr\/","name":"C\u0153urs sans fronti\u00e8res","description":"Association franco-allemande des Enfants de la Seconde Guerre Mondiale","potentialAction":[{"@type":"SearchAction","target":{"@type":"EntryPoint","urlTemplate":"https:\/\/www.coeurssansfrontieres.com\/fr\/?s={search_term_string}"},"query-input":{"@type":"PropertyValueSpecification","valueRequired":true,"valueName":"search_term_string"}}],"inLanguage":"fr-FR"},{"@type":"Person","@id":"https:\/\/www.coeurssansfrontieres.com\/fr\/#\/schema\/person\/19507754554eb5218427fc31038cac56","name":"GOFFIN Alexandre"}]}},"_links":{"self":[{"href":"https:\/\/www.coeurssansfrontieres.com\/fr\/wp-json\/wp\/v2\/posts\/529","targetHints":{"allow":["GET"]}}],"collection":[{"href":"https:\/\/www.coeurssansfrontieres.com\/fr\/wp-json\/wp\/v2\/posts"}],"about":[{"href":"https:\/\/www.coeurssansfrontieres.com\/fr\/wp-json\/wp\/v2\/types\/post"}],"author":[{"embeddable":true,"href":"https:\/\/www.coeurssansfrontieres.com\/fr\/wp-json\/wp\/v2\/users\/249"}],"replies":[{"embeddable":true,"href":"https:\/\/www.coeurssansfrontieres.com\/fr\/wp-json\/wp\/v2\/comments?post=529"}],"version-history":[{"count":0,"href":"https:\/\/www.coeurssansfrontieres.com\/fr\/wp-json\/wp\/v2\/posts\/529\/revisions"}],"wp:featuredmedia":[{"embeddable":true,"href":"https:\/\/www.coeurssansfrontieres.com\/fr\/wp-json\/wp\/v2\/media\/5184"}],"wp:attachment":[{"href":"https:\/\/www.coeurssansfrontieres.com\/fr\/wp-json\/wp\/v2\/media?parent=529"}],"wp:term":[{"taxonomy":"category","embeddable":true,"href":"https:\/\/www.coeurssansfrontieres.com\/fr\/wp-json\/wp\/v2\/categories?post=529"},{"taxonomy":"post_tag","embeddable":true,"href":"https:\/\/www.coeurssansfrontieres.com\/fr\/wp-json\/wp\/v2\/tags?post=529"}],"curies":[{"name":"wp","href":"https:\/\/api.w.org\/{rel}","templated":true}]}}