{"id":579,"date":"2012-02-19T16:12:32","date_gmt":"2012-02-19T15:12:32","guid":{"rendered":"http:\/\/www.coeurssansfrontieres.com\/vie-de-lassociation\/rencontres\/curs-sans-frontieres-en-australie\/"},"modified":"2017-10-05T16:55:37","modified_gmt":"2017-10-05T14:55:37","slug":"curs-sans-frontieres-en-australie","status":"publish","type":"post","link":"https:\/\/www.coeurssansfrontieres.com\/fr\/vie-de-lassociation\/annoncesnouvelles\/curs-sans-frontieres-en-australie\/","title":{"rendered":"C\u0153urs sans Fronti\u00e8res en Australie"},"content":{"rendered":"<p>[et_pb_section admin_label=\u00a0\u00bbsection\u00a0\u00bb][et_pb_row admin_label=\u00a0\u00bbrow\u00a0\u00bb][et_pb_column type=\u00a0\u00bb4_4&Prime;][et_pb_text admin_label=\u00a0\u00bbTexte\u00a0\u00bb]<\/p>\n<p>&nbsp;<\/p>\n<p>Passant les f\u00eates de fin d&rsquo;ann\u00e9e chez notre fille, Karine, actuellement \u00e0 Sydney, Francis CRITON, notre administrateur et d\u00e9l\u00e9gu\u00e9 r\u00e9gional pour l&rsquo;Australie, est intervenu pour que je puisse rencontrer Gilbert GOURVIL et son \u00e9pouse Monique qui y r\u00e9sident depuis 1971.<\/p>\n<p>Nous avons pass\u00e9 une journ\u00e9e ensemble en \u00e9voquant nos histoires familiales qui, comme pour beaucoup d&rsquo;entre-nous, se ressemblent. Ce pass\u00e9 nous rapproche instinctivement.<\/p>\n<p>Gilbert et Monique m&rsquo;ont fait d\u00e9couvrir une partie de Sydney me permettant ainsi de mieux conna\u00eetre le mode de vie des Australiens. Journ\u00e9e superbe, enrichissante dont je garde un souvenir \u00e9mouvant.<\/p>\n<p>De notre pass\u00e9 douloureux, il nous reste, une amiti\u00e9 naissante de part et d&rsquo;autre du globe.<\/p>\n<p><em>Jean-Pierre CAPRON<\/em> \u2013 Saint Nazaire.<\/p>\n<p><img loading=\"lazy\" decoding=\"async\" class=\" size-full wp-image-577\" src=\"https:\/\/www.coeurssansfrontieres.com\/wp-content\/uploads\/2012\/02\/120118LQ005B.jpg\" alt=\"120118LQ005\" width=\"550\" height=\"371\" border=\"1\" srcset=\"https:\/\/www.coeurssansfrontieres.com\/wp-content\/uploads\/2012\/02\/120118LQ005B.jpg 550w, https:\/\/www.coeurssansfrontieres.com\/wp-content\/uploads\/2012\/02\/120118LQ005B-480x324.jpg 480w\" sizes=\"(min-width: 0px) and (max-width: 480px) 480px, (min-width: 481px) 550px, 100vw\" \/><\/p>\n<p><span style=\"font-size: 10pt;\">De gauche \u00e0 droite : Jean-Pierre &#8211; Gilbert<\/span><\/p>\n<p>&nbsp;<\/p>\n<p><img loading=\"lazy\" decoding=\"async\" class=\" size-full wp-image-578\" src=\"https:\/\/www.coeurssansfrontieres.com\/wp-content\/uploads\/2012\/02\/120118LQ005A.jpg\" alt=\"120118LQ005A\" width=\"550\" height=\"371\" border=\"1\" srcset=\"https:\/\/www.coeurssansfrontieres.com\/wp-content\/uploads\/2012\/02\/120118LQ005A.jpg 550w, https:\/\/www.coeurssansfrontieres.com\/wp-content\/uploads\/2012\/02\/120118LQ005A-480x324.jpg 480w\" sizes=\"(min-width: 0px) and (max-width: 480px) 480px, (min-width: 481px) 550px, 100vw\" \/><\/p>\n<p>[\/et_pb_text][\/et_pb_column][\/et_pb_row][\/et_pb_section]<\/p>\n","protected":false},"excerpt":{"rendered":"<p>&nbsp; Passant les f\u00eates de fin d&rsquo;ann\u00e9e chez notre fille, Karine, actuellement \u00e0 Sydney, Francis CRITON, notre administrateur et d\u00e9l\u00e9gu\u00e9 r\u00e9gional pour l&rsquo;Australie, est intervenu pour que je puisse rencontrer Gilbert GOURVIL et son \u00e9pouse Monique qui y r\u00e9sident depuis 1971. Nous avons pass\u00e9 une journ\u00e9e ensemble en \u00e9voquant nos histoires familiales qui, comme pour [&hellip;]<\/p>\n","protected":false},"author":249,"featured_media":577,"comment_status":"open","ping_status":"open","sticky":false,"template":"","format":"standard","meta":{"_et_pb_use_builder":"on","_et_pb_old_content":"<p>\u00a0<\/p><p>Passant les f\u00eates de fin d'ann\u00e9e chez notre fille, Karine, actuellement \u00e0 Sydney, Francis CRITON, notre administrateur et d\u00e9l\u00e9gu\u00e9 r\u00e9gional pour l'Australie, est intervenu pour que je puisse rencontrer Gilbert GOURVIL et son \u00e9pouse Monique qui y r\u00e9sident depuis 1971.<\/p><p>Nous avons pass\u00e9 une journ\u00e9e ensemble en \u00e9voquant nos histoires familiales qui, comme pour beaucoup d'entre-nous, se ressemblent. Ce pass\u00e9 nous rapproche instinctivement.<\/p><p>Gilbert et Monique m'ont fait d\u00e9couvrir une partie de Sydney me permettant ainsi de mieux conna\u00eetre le mode de vie des Australiens. Journ\u00e9e superbe, enrichissante dont je garde un souvenir \u00e9mouvant.<\/p><p>De notre pass\u00e9 douloureux, il nous reste, une amiti\u00e9 naissante de part et d'autre du globe.<\/p><p><em>Jean-Pierre CAPRON<\/em> \u2013 Saint Nazaire.<\/p><p><img class=\" size-full wp-image-577\" src=\"https:\/\/www.coeurssansfrontieres.com\/wp-content\/uploads\/2012\/02\/120118LQ005B.jpg\" alt=\"120118LQ005\" width=\"550\" height=\"371\" border=\"1\" \/><\/p><p><span style=\"font-size: 10pt;\">De gauche \u00e0 droite : Jean-Pierre - Gilbert<br \/><br \/><\/span><\/p><p><img class=\" size-full wp-image-578\" src=\"https:\/\/www.coeurssansfrontieres.com\/wp-content\/uploads\/2012\/02\/120118LQ005A.jpg\" alt=\"120118LQ005A\" width=\"550\" height=\"371\" border=\"1\" \/><\/p>","_et_gb_content_width":"","footnotes":""},"categories":[183,13],"tags":[],"class_list":["post-579","post","type-post","status-publish","format-standard","has-post-thumbnail","hentry","category-annoncesnouvelles","category-vie-de-lassociation"],"yoast_head":"<!-- This site is optimized with the Yoast SEO plugin v27.5 - https:\/\/yoast.com\/product\/yoast-seo-wordpress\/ -->\n<title>C\u0153urs sans Fronti\u00e8res en Australie - CSF - HOG<\/title>\n<meta name=\"robots\" content=\"index, follow, max-snippet:-1, max-image-preview:large, max-video-preview:-1\" \/>\n<link rel=\"canonical\" href=\"https:\/\/www.coeurssansfrontieres.com\/fr\/vie-de-lassociation\/annoncesnouvelles\/curs-sans-frontieres-en-australie\/\" \/>\n<meta property=\"og:locale\" content=\"fr_FR\" \/>\n<meta property=\"og:type\" content=\"article\" \/>\n<meta property=\"og:title\" content=\"C\u0153urs sans Fronti\u00e8res en Australie - CSF - HOG\" \/>\n<meta property=\"og:description\" content=\"&nbsp; Passant les f\u00eates de fin d&#039;ann\u00e9e chez notre fille, Karine, actuellement \u00e0 Sydney, Francis CRITON, notre administrateur et d\u00e9l\u00e9gu\u00e9 r\u00e9gional pour l&#039;Australie, est intervenu pour que je puisse rencontrer Gilbert GOURVIL et son \u00e9pouse Monique qui y r\u00e9sident depuis 1971. Nous avons pass\u00e9 une journ\u00e9e ensemble en \u00e9voquant nos histoires familiales qui, comme pour [&hellip;]\" \/>\n<meta property=\"og:url\" content=\"https:\/\/www.coeurssansfrontieres.com\/fr\/vie-de-lassociation\/annoncesnouvelles\/curs-sans-frontieres-en-australie\/\" \/>\n<meta property=\"og:site_name\" content=\"CSF - HOG\" \/>\n<meta property=\"article:published_time\" content=\"2012-02-19T15:12:32+00:00\" \/>\n<meta property=\"article:modified_time\" content=\"2017-10-05T14:55:37+00:00\" \/>\n<meta property=\"og:image\" content=\"https:\/\/www.coeurssansfrontieres.com\/wp-content\/uploads\/2012\/02\/120118LQ005B.jpg\" \/>\n\t<meta property=\"og:image:width\" content=\"550\" \/>\n\t<meta property=\"og:image:height\" content=\"371\" \/>\n\t<meta property=\"og:image:type\" content=\"image\/jpeg\" \/>\n<meta name=\"author\" content=\"GOFFIN Alexandre\" \/>\n<meta name=\"twitter:card\" content=\"summary_large_image\" \/>\n<meta name=\"twitter:label1\" content=\"\u00c9crit par\" \/>\n\t<meta name=\"twitter:data1\" content=\"GOFFIN Alexandre\" \/>\n\t<meta name=\"twitter:label2\" content=\"Dur\u00e9e de lecture estim\u00e9e\" \/>\n\t<meta name=\"twitter:data2\" content=\"1 minute\" \/>\n<script type=\"application\/ld+json\" class=\"yoast-schema-graph\">{\"@context\":\"https:\\\/\\\/schema.org\",\"@graph\":[{\"@type\":\"Article\",\"@id\":\"https:\\\/\\\/www.coeurssansfrontieres.com\\\/fr\\\/vie-de-lassociation\\\/annoncesnouvelles\\\/curs-sans-frontieres-en-australie\\\/#article\",\"isPartOf\":{\"@id\":\"https:\\\/\\\/www.coeurssansfrontieres.com\\\/fr\\\/vie-de-lassociation\\\/annoncesnouvelles\\\/curs-sans-frontieres-en-australie\\\/\"},\"author\":{\"name\":\"GOFFIN Alexandre\",\"@id\":\"https:\\\/\\\/www.coeurssansfrontieres.com\\\/fr\\\/#\\\/schema\\\/person\\\/19507754554eb5218427fc31038cac56\"},\"headline\":\"C\u0153urs sans Fronti\u00e8res en Australie\",\"datePublished\":\"2012-02-19T15:12:32+00:00\",\"dateModified\":\"2017-10-05T14:55:37+00:00\",\"mainEntityOfPage\":{\"@id\":\"https:\\\/\\\/www.coeurssansfrontieres.com\\\/fr\\\/vie-de-lassociation\\\/annoncesnouvelles\\\/curs-sans-frontieres-en-australie\\\/\"},\"wordCount\":176,\"commentCount\":0,\"image\":{\"@id\":\"https:\\\/\\\/www.coeurssansfrontieres.com\\\/fr\\\/vie-de-lassociation\\\/annoncesnouvelles\\\/curs-sans-frontieres-en-australie\\\/#primaryimage\"},\"thumbnailUrl\":\"https:\\\/\\\/www.coeurssansfrontieres.com\\\/wp-content\\\/uploads\\\/2012\\\/02\\\/120118LQ005B.jpg\",\"articleSection\":[\"AnnoncesNouvelles\",\"Vie de l'Association\"],\"inLanguage\":\"fr-FR\",\"potentialAction\":[{\"@type\":\"CommentAction\",\"name\":\"Comment\",\"target\":[\"https:\\\/\\\/www.coeurssansfrontieres.com\\\/fr\\\/vie-de-lassociation\\\/annoncesnouvelles\\\/curs-sans-frontieres-en-australie\\\/#respond\"]}]},{\"@type\":\"WebPage\",\"@id\":\"https:\\\/\\\/www.coeurssansfrontieres.com\\\/fr\\\/vie-de-lassociation\\\/annoncesnouvelles\\\/curs-sans-frontieres-en-australie\\\/\",\"url\":\"https:\\\/\\\/www.coeurssansfrontieres.com\\\/fr\\\/vie-de-lassociation\\\/annoncesnouvelles\\\/curs-sans-frontieres-en-australie\\\/\",\"name\":\"C\u0153urs sans Fronti\u00e8res en Australie - CSF - HOG\",\"isPartOf\":{\"@id\":\"https:\\\/\\\/www.coeurssansfrontieres.com\\\/fr\\\/#website\"},\"primaryImageOfPage\":{\"@id\":\"https:\\\/\\\/www.coeurssansfrontieres.com\\\/fr\\\/vie-de-lassociation\\\/annoncesnouvelles\\\/curs-sans-frontieres-en-australie\\\/#primaryimage\"},\"image\":{\"@id\":\"https:\\\/\\\/www.coeurssansfrontieres.com\\\/fr\\\/vie-de-lassociation\\\/annoncesnouvelles\\\/curs-sans-frontieres-en-australie\\\/#primaryimage\"},\"thumbnailUrl\":\"https:\\\/\\\/www.coeurssansfrontieres.com\\\/wp-content\\\/uploads\\\/2012\\\/02\\\/120118LQ005B.jpg\",\"datePublished\":\"2012-02-19T15:12:32+00:00\",\"dateModified\":\"2017-10-05T14:55:37+00:00\",\"author\":{\"@id\":\"https:\\\/\\\/www.coeurssansfrontieres.com\\\/fr\\\/#\\\/schema\\\/person\\\/19507754554eb5218427fc31038cac56\"},\"breadcrumb\":{\"@id\":\"https:\\\/\\\/www.coeurssansfrontieres.com\\\/fr\\\/vie-de-lassociation\\\/annoncesnouvelles\\\/curs-sans-frontieres-en-australie\\\/#breadcrumb\"},\"inLanguage\":\"fr-FR\",\"potentialAction\":[{\"@type\":\"ReadAction\",\"target\":[\"https:\\\/\\\/www.coeurssansfrontieres.com\\\/fr\\\/vie-de-lassociation\\\/annoncesnouvelles\\\/curs-sans-frontieres-en-australie\\\/\"]}]},{\"@type\":\"ImageObject\",\"inLanguage\":\"fr-FR\",\"@id\":\"https:\\\/\\\/www.coeurssansfrontieres.com\\\/fr\\\/vie-de-lassociation\\\/annoncesnouvelles\\\/curs-sans-frontieres-en-australie\\\/#primaryimage\",\"url\":\"https:\\\/\\\/www.coeurssansfrontieres.com\\\/wp-content\\\/uploads\\\/2012\\\/02\\\/120118LQ005B.jpg\",\"contentUrl\":\"https:\\\/\\\/www.coeurssansfrontieres.com\\\/wp-content\\\/uploads\\\/2012\\\/02\\\/120118LQ005B.jpg\",\"width\":550,\"height\":371,\"caption\":\"120118LQ005\"},{\"@type\":\"BreadcrumbList\",\"@id\":\"https:\\\/\\\/www.coeurssansfrontieres.com\\\/fr\\\/vie-de-lassociation\\\/annoncesnouvelles\\\/curs-sans-frontieres-en-australie\\\/#breadcrumb\",\"itemListElement\":[{\"@type\":\"ListItem\",\"position\":1,\"name\":\"Accueil\",\"item\":\"https:\\\/\\\/www.coeurssansfrontieres.com\\\/fr\\\/\"},{\"@type\":\"ListItem\",\"position\":2,\"name\":\"C\u0153urs sans Fronti\u00e8res en Australie\"}]},{\"@type\":\"WebSite\",\"@id\":\"https:\\\/\\\/www.coeurssansfrontieres.com\\\/fr\\\/#website\",\"url\":\"https:\\\/\\\/www.coeurssansfrontieres.com\\\/fr\\\/\",\"name\":\"C\u0153urs sans fronti\u00e8res\",\"description\":\"Association franco-allemande des Enfants de la Seconde Guerre Mondiale\",\"potentialAction\":[{\"@type\":\"SearchAction\",\"target\":{\"@type\":\"EntryPoint\",\"urlTemplate\":\"https:\\\/\\\/www.coeurssansfrontieres.com\\\/fr\\\/?s={search_term_string}\"},\"query-input\":{\"@type\":\"PropertyValueSpecification\",\"valueRequired\":true,\"valueName\":\"search_term_string\"}}],\"inLanguage\":\"fr-FR\"},{\"@type\":\"Person\",\"@id\":\"https:\\\/\\\/www.coeurssansfrontieres.com\\\/fr\\\/#\\\/schema\\\/person\\\/19507754554eb5218427fc31038cac56\",\"name\":\"GOFFIN Alexandre\"}]}<\/script>\n<!-- \/ Yoast SEO plugin. -->","yoast_head_json":{"title":"C\u0153urs sans Fronti\u00e8res en Australie - CSF - HOG","robots":{"index":"index","follow":"follow","max-snippet":"max-snippet:-1","max-image-preview":"max-image-preview:large","max-video-preview":"max-video-preview:-1"},"canonical":"https:\/\/www.coeurssansfrontieres.com\/fr\/vie-de-lassociation\/annoncesnouvelles\/curs-sans-frontieres-en-australie\/","og_locale":"fr_FR","og_type":"article","og_title":"C\u0153urs sans Fronti\u00e8res en Australie - CSF - HOG","og_description":"&nbsp; Passant les f\u00eates de fin d'ann\u00e9e chez notre fille, Karine, actuellement \u00e0 Sydney, Francis CRITON, notre administrateur et d\u00e9l\u00e9gu\u00e9 r\u00e9gional pour l'Australie, est intervenu pour que je puisse rencontrer Gilbert GOURVIL et son \u00e9pouse Monique qui y r\u00e9sident depuis 1971. Nous avons pass\u00e9 une journ\u00e9e ensemble en \u00e9voquant nos histoires familiales qui, comme pour [&hellip;]","og_url":"https:\/\/www.coeurssansfrontieres.com\/fr\/vie-de-lassociation\/annoncesnouvelles\/curs-sans-frontieres-en-australie\/","og_site_name":"CSF - HOG","article_published_time":"2012-02-19T15:12:32+00:00","article_modified_time":"2017-10-05T14:55:37+00:00","og_image":[{"width":550,"height":371,"url":"https:\/\/www.coeurssansfrontieres.com\/wp-content\/uploads\/2012\/02\/120118LQ005B.jpg","type":"image\/jpeg"}],"author":"GOFFIN Alexandre","twitter_card":"summary_large_image","twitter_misc":{"\u00c9crit par":"GOFFIN Alexandre","Dur\u00e9e de lecture estim\u00e9e":"1 minute"},"schema":{"@context":"https:\/\/schema.org","@graph":[{"@type":"Article","@id":"https:\/\/www.coeurssansfrontieres.com\/fr\/vie-de-lassociation\/annoncesnouvelles\/curs-sans-frontieres-en-australie\/#article","isPartOf":{"@id":"https:\/\/www.coeurssansfrontieres.com\/fr\/vie-de-lassociation\/annoncesnouvelles\/curs-sans-frontieres-en-australie\/"},"author":{"name":"GOFFIN Alexandre","@id":"https:\/\/www.coeurssansfrontieres.com\/fr\/#\/schema\/person\/19507754554eb5218427fc31038cac56"},"headline":"C\u0153urs sans Fronti\u00e8res en Australie","datePublished":"2012-02-19T15:12:32+00:00","dateModified":"2017-10-05T14:55:37+00:00","mainEntityOfPage":{"@id":"https:\/\/www.coeurssansfrontieres.com\/fr\/vie-de-lassociation\/annoncesnouvelles\/curs-sans-frontieres-en-australie\/"},"wordCount":176,"commentCount":0,"image":{"@id":"https:\/\/www.coeurssansfrontieres.com\/fr\/vie-de-lassociation\/annoncesnouvelles\/curs-sans-frontieres-en-australie\/#primaryimage"},"thumbnailUrl":"https:\/\/www.coeurssansfrontieres.com\/wp-content\/uploads\/2012\/02\/120118LQ005B.jpg","articleSection":["AnnoncesNouvelles","Vie de l'Association"],"inLanguage":"fr-FR","potentialAction":[{"@type":"CommentAction","name":"Comment","target":["https:\/\/www.coeurssansfrontieres.com\/fr\/vie-de-lassociation\/annoncesnouvelles\/curs-sans-frontieres-en-australie\/#respond"]}]},{"@type":"WebPage","@id":"https:\/\/www.coeurssansfrontieres.com\/fr\/vie-de-lassociation\/annoncesnouvelles\/curs-sans-frontieres-en-australie\/","url":"https:\/\/www.coeurssansfrontieres.com\/fr\/vie-de-lassociation\/annoncesnouvelles\/curs-sans-frontieres-en-australie\/","name":"C\u0153urs sans Fronti\u00e8res en Australie - CSF - HOG","isPartOf":{"@id":"https:\/\/www.coeurssansfrontieres.com\/fr\/#website"},"primaryImageOfPage":{"@id":"https:\/\/www.coeurssansfrontieres.com\/fr\/vie-de-lassociation\/annoncesnouvelles\/curs-sans-frontieres-en-australie\/#primaryimage"},"image":{"@id":"https:\/\/www.coeurssansfrontieres.com\/fr\/vie-de-lassociation\/annoncesnouvelles\/curs-sans-frontieres-en-australie\/#primaryimage"},"thumbnailUrl":"https:\/\/www.coeurssansfrontieres.com\/wp-content\/uploads\/2012\/02\/120118LQ005B.jpg","datePublished":"2012-02-19T15:12:32+00:00","dateModified":"2017-10-05T14:55:37+00:00","author":{"@id":"https:\/\/www.coeurssansfrontieres.com\/fr\/#\/schema\/person\/19507754554eb5218427fc31038cac56"},"breadcrumb":{"@id":"https:\/\/www.coeurssansfrontieres.com\/fr\/vie-de-lassociation\/annoncesnouvelles\/curs-sans-frontieres-en-australie\/#breadcrumb"},"inLanguage":"fr-FR","potentialAction":[{"@type":"ReadAction","target":["https:\/\/www.coeurssansfrontieres.com\/fr\/vie-de-lassociation\/annoncesnouvelles\/curs-sans-frontieres-en-australie\/"]}]},{"@type":"ImageObject","inLanguage":"fr-FR","@id":"https:\/\/www.coeurssansfrontieres.com\/fr\/vie-de-lassociation\/annoncesnouvelles\/curs-sans-frontieres-en-australie\/#primaryimage","url":"https:\/\/www.coeurssansfrontieres.com\/wp-content\/uploads\/2012\/02\/120118LQ005B.jpg","contentUrl":"https:\/\/www.coeurssansfrontieres.com\/wp-content\/uploads\/2012\/02\/120118LQ005B.jpg","width":550,"height":371,"caption":"120118LQ005"},{"@type":"BreadcrumbList","@id":"https:\/\/www.coeurssansfrontieres.com\/fr\/vie-de-lassociation\/annoncesnouvelles\/curs-sans-frontieres-en-australie\/#breadcrumb","itemListElement":[{"@type":"ListItem","position":1,"name":"Accueil","item":"https:\/\/www.coeurssansfrontieres.com\/fr\/"},{"@type":"ListItem","position":2,"name":"C\u0153urs sans Fronti\u00e8res en Australie"}]},{"@type":"WebSite","@id":"https:\/\/www.coeurssansfrontieres.com\/fr\/#website","url":"https:\/\/www.coeurssansfrontieres.com\/fr\/","name":"C\u0153urs sans fronti\u00e8res","description":"Association franco-allemande des Enfants de la Seconde Guerre Mondiale","potentialAction":[{"@type":"SearchAction","target":{"@type":"EntryPoint","urlTemplate":"https:\/\/www.coeurssansfrontieres.com\/fr\/?s={search_term_string}"},"query-input":{"@type":"PropertyValueSpecification","valueRequired":true,"valueName":"search_term_string"}}],"inLanguage":"fr-FR"},{"@type":"Person","@id":"https:\/\/www.coeurssansfrontieres.com\/fr\/#\/schema\/person\/19507754554eb5218427fc31038cac56","name":"GOFFIN Alexandre"}]}},"_links":{"self":[{"href":"https:\/\/www.coeurssansfrontieres.com\/fr\/wp-json\/wp\/v2\/posts\/579","targetHints":{"allow":["GET"]}}],"collection":[{"href":"https:\/\/www.coeurssansfrontieres.com\/fr\/wp-json\/wp\/v2\/posts"}],"about":[{"href":"https:\/\/www.coeurssansfrontieres.com\/fr\/wp-json\/wp\/v2\/types\/post"}],"author":[{"embeddable":true,"href":"https:\/\/www.coeurssansfrontieres.com\/fr\/wp-json\/wp\/v2\/users\/249"}],"replies":[{"embeddable":true,"href":"https:\/\/www.coeurssansfrontieres.com\/fr\/wp-json\/wp\/v2\/comments?post=579"}],"version-history":[{"count":0,"href":"https:\/\/www.coeurssansfrontieres.com\/fr\/wp-json\/wp\/v2\/posts\/579\/revisions"}],"wp:featuredmedia":[{"embeddable":true,"href":"https:\/\/www.coeurssansfrontieres.com\/fr\/wp-json\/wp\/v2\/media\/577"}],"wp:attachment":[{"href":"https:\/\/www.coeurssansfrontieres.com\/fr\/wp-json\/wp\/v2\/media?parent=579"}],"wp:term":[{"taxonomy":"category","embeddable":true,"href":"https:\/\/www.coeurssansfrontieres.com\/fr\/wp-json\/wp\/v2\/categories?post=579"},{"taxonomy":"post_tag","embeddable":true,"href":"https:\/\/www.coeurssansfrontieres.com\/fr\/wp-json\/wp\/v2\/tags?post=579"}],"curies":[{"name":"wp","href":"https:\/\/api.w.org\/{rel}","templated":true}]}}